{"id":347831,"date":"2023-01-23T11:02:01","date_gmt":"2023-01-23T10:02:01","guid":{"rendered":"https:\/\/dicodusport.fr\/blog\/?p=347831&#038;preview=true&#038;preview_id=347831"},"modified":"2023-02-04T18:51:45","modified_gmt":"2023-02-04T17:51:45","slug":"biathlon-championnats-d-europe-la-selection-francaise","status":"publish","type":"post","link":"https:\/\/dicodusport.fr\/blog\/biathlon-championnats-d-europe-la-selection-francaise\/","title":{"rendered":"Biathlon Championnats d&rsquo;Europe : La s\u00e9lection fran\u00e7aise"},"content":{"rendered":"<p style=\"text-align: justify;\" align=\"justify\"><em><strong><a href=\"https:\/\/dicodusport.fr\/blog\/biathlon-championnats-deurope-2023-programme-et-resultats\/\">BIATHLON CHAMPIONNATS DU MONDE D&rsquo;EUROPE 2023<\/a> &#8211; La F\u00e9d\u00e9ration Fran\u00e7aise de Ski a d\u00e9voil\u00e9 ce lundi la s\u00e9lection fran\u00e7aise pour les championnats d&rsquo;Europe de biathlon 2023.<\/strong><\/em><\/p>\n<p style=\"text-align: justify;\" align=\"justify\">Les <strong>Championnats d&rsquo;Europe de biathlon 2023<\/strong> se d\u00e9roulent du 25 au 29 janvier prochain \u00e0 Lenzerheide (Suisse). <strong>Paula Botet<\/strong> et <strong>Gilonne Guigonnat<\/strong> chez les dames, <strong>\u00c9milien Claude<\/strong> chez les hommes, seront les leaders de l&rsquo;\u00e9quipe de France.<\/p>\n<h3 style=\"text-align: justify;\">Dames<\/h3>\n<p>BENED Camille \u2013 Chablais Nordic (Mont Blanc)<br \/>\nBERTRAND Fany \u2013 CS M\u00e9ribel (Savoie)<br \/>\nBOTET Paula \u2013 Arm\u00e9e La Bressaude (Massif des Vosges)<br \/>\nGUIGONNAT Gilonne \u2013 Villard sur Bo\u00ebge (Mont Blanc)<br \/>\nMICHELON Oc\u00e9ane \u2013 Bauges SN (Savoie)<br \/>\nRICHARD Jeanne \u2013 Les Gets (Mont Blanc)<\/p>\n<h3>Hommes<\/h3>\n<p>BROUTIER R\u00e9mi \u2013 Bauges SN (Savoie)<br \/>\nCLAUDE Emilien \u2013 Arm\u00e9e Basse sur le Rupt (Massif des Vosges)<br \/>\nFONTAINE Paul \u2013 Le Grand Bornand (Mont Blanc)<br \/>\nMEUNIER Ambroise \u2013 La F\u00e9claz (Savoie)<br \/>\nPERRILLAT-BOTTONET Mathieu \u2013 La Clusaz (Mont Blanc)<\/p>\n<blockquote class=\"twitter-tweet\">\n<p dir=\"ltr\" lang=\"fr\">D\u00e9couvrez les s\u00e9lections tricolores pour les Championnats d\u2019Europe de Biathlon qui se d\u00e9rouleront cette semaine \u00e0 Lenzerheide (SUI) : <a href=\"https:\/\/t.co\/y11EnVzAIg\">https:\/\/t.co\/y11EnVzAIg<\/a> <a href=\"https:\/\/t.co\/UK1eWhdImo\">pic.twitter.com\/UK1eWhdImo<\/a><\/p>\n<p>\u2014 FFS &#8211; F\u00e9d\u00e9ration Fran\u00e7aise de Ski (@FedFranceSki) <a href=\"https:\/\/twitter.com\/FedFranceSki\/status\/1617450344312885248?ref_src=twsrc%5Etfw\">January 23, 2023<\/a><\/p><\/blockquote>\n<p><script async src=\"https:\/\/platform.twitter.com\/widgets.js\" charset=\"utf-8\"><\/script><\/p>\n","protected":false},"excerpt":{"rendered":"<p>CHAMPIONNATS DU MONDE DE BIATHLON 2023 &#8211; Pas de surprise dans la s\u00e9lection fran\u00e7aise pour les Mondiaux. Julia Simon et Quentin Fillon Maillet emm\u00e8neront les Bleus qui auront de grands objectifs.\u00a0<\/p>\n","protected":false},"author":4,"featured_media":344124,"comment_status":"open","ping_status":"closed","sticky":false,"template":"","format":"standard","meta":{"_acf_changed":false,"_daextam_enable_autolinks":"","footnotes":""},"categories":[2426],"tags":[2865,6740],"class_list":["post-347831","post","type-post","status-publish","format-standard","has-post-thumbnail","hentry","category-biathlon","tag-equipe-de-france-de-biathlon","tag-lenzerheide"],"acf":[],"yoast_head":"<!-- This site is optimized with the Yoast SEO Premium plugin v26.7 (Yoast SEO v26.7) - https:\/\/yoast.com\/wordpress\/plugins\/seo\/ -->\n<title>Biathlon Championnats d&#039;Europe : La s\u00e9lection fran\u00e7aise<\/title>\n<meta name=\"description\" content=\"BIATHLON CHAMPIONNATS DU MONDE D&#039;EUROPE 2023 - La F\u00e9d\u00e9ration Fran\u00e7aise de Ski a d\u00e9voil\u00e9 ce lundi la s\u00e9lection fran\u00e7aise pour les Europe.\" \/>\n<meta name=\"robots\" content=\"index, follow, max-snippet:-1, max-image-preview:large, max-video-preview:-1\" \/>\n<link rel=\"canonical\" href=\"https:\/\/dicodusport.fr\/blog\/biathlon-championnats-d-europe-la-selection-francaise\/\" \/>\n<meta property=\"og:locale\" content=\"fr_FR\" \/>\n<meta property=\"og:type\" content=\"article\" \/>\n<meta property=\"og:title\" content=\"Biathlon Championnats d&#039;Europe : La s\u00e9lection fran\u00e7aise\" \/>\n<meta property=\"og:description\" content=\"BIATHLON CHAMPIONNATS DU MONDE D&#039;EUROPE 2023 - La F\u00e9d\u00e9ration Fran\u00e7aise de Ski a d\u00e9voil\u00e9 ce lundi la s\u00e9lection fran\u00e7aise pour les Europe.\" \/>\n<meta property=\"og:url\" content=\"https:\/\/dicodusport.fr\/blog\/biathlon-championnats-d-europe-la-selection-francaise\/\" \/>\n<meta property=\"og:site_name\" content=\"Dicodusport\" \/>\n<meta property=\"article:publisher\" content=\"https:\/\/www.facebook.com\/dicodusport\" \/>\n<meta property=\"article:author\" content=\"https:\/\/www.facebook.com\/florent.ostermann\" \/>\n<meta property=\"article:published_time\" content=\"2023-01-23T10:02:01+00:00\" \/>\n<meta property=\"article:modified_time\" content=\"2023-02-04T17:51:45+00:00\" \/>\n<meta property=\"og:image\" content=\"https:\/\/dicodusport.fr\/blog\/wp-content\/uploads\/2023\/01\/IBU-Cup-Pokljuka-Paula-Botet-troisieme-de-lindividuel-court-Hannah-Auchentaller-simpose.png\" \/>\n\t<meta property=\"og:image:width\" content=\"800\" \/>\n\t<meta property=\"og:image:height\" content=\"445\" \/>\n\t<meta property=\"og:image:type\" content=\"image\/png\" \/>\n<meta name=\"author\" content=\"Flo Ostermann\" \/>\n<meta name=\"twitter:card\" content=\"summary_large_image\" \/>\n<meta name=\"twitter:title\" content=\"Biathlon Championnats d&#039;Europe : La s\u00e9lection fran\u00e7aise\" \/>\n<meta name=\"twitter:creator\" content=\"@https:\/\/twitter.com\/FlOstermann\" \/>\n<meta name=\"twitter:site\" content=\"@dicodusport\" \/>\n<script type=\"application\/ld+json\" class=\"yoast-schema-graph\">{\"@context\":\"https:\/\/schema.org\",\"@graph\":[{\"@type\":\"NewsArticle\",\"@id\":\"https:\/\/dicodusport.fr\/blog\/biathlon-championnats-d-europe-la-selection-francaise\/#article\",\"isPartOf\":{\"@id\":\"https:\/\/dicodusport.fr\/blog\/biathlon-championnats-d-europe-la-selection-francaise\/\"},\"author\":{\"name\":\"Flo Ostermann\",\"@id\":\"https:\/\/dicodusport.fr\/blog\/#\/schema\/person\/cb02af4c173ce4a653b55e9baf388d4a\"},\"headline\":\"Biathlon Championnats d&rsquo;Europe : La s\u00e9lection fran\u00e7aise\",\"datePublished\":\"2023-01-23T10:02:01+00:00\",\"dateModified\":\"2023-02-04T17:51:45+00:00\",\"mainEntityOfPage\":{\"@id\":\"https:\/\/dicodusport.fr\/blog\/biathlon-championnats-d-europe-la-selection-francaise\/\"},\"wordCount\":198,\"commentCount\":0,\"publisher\":{\"@id\":\"https:\/\/dicodusport.fr\/blog\/#organization\"},\"image\":{\"@id\":\"https:\/\/dicodusport.fr\/blog\/biathlon-championnats-d-europe-la-selection-francaise\/#primaryimage\"},\"thumbnailUrl\":\"https:\/\/dicodusport.fr\/blog\/wp-content\/uploads\/2023\/01\/IBU-Cup-Pokljuka-Paula-Botet-troisieme-de-lindividuel-court-Hannah-Auchentaller-simpose.png\",\"keywords\":[\"Equipe de France de Biathlon\",\"Lenzerheide\"],\"articleSection\":[\"Biathlon\"],\"inLanguage\":\"fr-FR\",\"potentialAction\":[{\"@type\":\"CommentAction\",\"name\":\"Comment\",\"target\":[\"https:\/\/dicodusport.fr\/blog\/biathlon-championnats-d-europe-la-selection-francaise\/#respond\"]}],\"copyrightYear\":\"2023\",\"copyrightHolder\":{\"@id\":\"https:\/\/dicodusport.fr\/blog\/#organization\"}},{\"@type\":\"WebPage\",\"@id\":\"https:\/\/dicodusport.fr\/blog\/biathlon-championnats-d-europe-la-selection-francaise\/\",\"url\":\"https:\/\/dicodusport.fr\/blog\/biathlon-championnats-d-europe-la-selection-francaise\/\",\"name\":\"Biathlon Championnats d'Europe : La s\u00e9lection fran\u00e7aise\",\"isPartOf\":{\"@id\":\"https:\/\/dicodusport.fr\/blog\/#website\"},\"primaryImageOfPage\":{\"@id\":\"https:\/\/dicodusport.fr\/blog\/biathlon-championnats-d-europe-la-selection-francaise\/#primaryimage\"},\"image\":{\"@id\":\"https:\/\/dicodusport.fr\/blog\/biathlon-championnats-d-europe-la-selection-francaise\/#primaryimage\"},\"thumbnailUrl\":\"https:\/\/dicodusport.fr\/blog\/wp-content\/uploads\/2023\/01\/IBU-Cup-Pokljuka-Paula-Botet-troisieme-de-lindividuel-court-Hannah-Auchentaller-simpose.png\",\"datePublished\":\"2023-01-23T10:02:01+00:00\",\"dateModified\":\"2023-02-04T17:51:45+00:00\",\"description\":\"BIATHLON CHAMPIONNATS DU MONDE D'EUROPE 2023 - La F\u00e9d\u00e9ration Fran\u00e7aise de Ski a d\u00e9voil\u00e9 ce lundi la s\u00e9lection fran\u00e7aise pour les Europe.\",\"breadcrumb\":{\"@id\":\"https:\/\/dicodusport.fr\/blog\/biathlon-championnats-d-europe-la-selection-francaise\/#breadcrumb\"},\"inLanguage\":\"fr-FR\",\"potentialAction\":[{\"@type\":\"ReadAction\",\"target\":[\"https:\/\/dicodusport.fr\/blog\/biathlon-championnats-d-europe-la-selection-francaise\/\"]}]},{\"@type\":\"ImageObject\",\"inLanguage\":\"fr-FR\",\"@id\":\"https:\/\/dicodusport.fr\/blog\/biathlon-championnats-d-europe-la-selection-francaise\/#primaryimage\",\"url\":\"https:\/\/dicodusport.fr\/blog\/wp-content\/uploads\/2023\/01\/IBU-Cup-Pokljuka-Paula-Botet-troisieme-de-lindividuel-court-Hannah-Auchentaller-simpose.png\",\"contentUrl\":\"https:\/\/dicodusport.fr\/blog\/wp-content\/uploads\/2023\/01\/IBU-Cup-Pokljuka-Paula-Botet-troisieme-de-lindividuel-court-Hannah-Auchentaller-simpose.png\",\"width\":800,\"height\":445,\"caption\":\"IBU Cup Pokljuka Paula Botet troisi\u00e8me de l'individuel court, Hannah Auchentaller s'impose\"},{\"@type\":\"BreadcrumbList\",\"@id\":\"https:\/\/dicodusport.fr\/blog\/biathlon-championnats-d-europe-la-selection-francaise\/#breadcrumb\",\"itemListElement\":[{\"@type\":\"ListItem\",\"position\":1,\"name\":\"Accueil\",\"item\":\"https:\/\/dicodusport.fr\/blog\/\"},{\"@type\":\"ListItem\",\"position\":2,\"name\":\"Biathlon Championnats d&rsquo;Europe : La s\u00e9lection fran\u00e7aise\"}]},{\"@type\":\"WebSite\",\"@id\":\"https:\/\/dicodusport.fr\/blog\/#website\",\"url\":\"https:\/\/dicodusport.fr\/blog\/\",\"name\":\"Dicodusport\",\"description\":\"L&#039;encyclop\u00e9die de l&#039;actualit\u00e9 sportive\",\"publisher\":{\"@id\":\"https:\/\/dicodusport.fr\/blog\/#organization\"},\"potentialAction\":[{\"@type\":\"SearchAction\",\"target\":{\"@type\":\"EntryPoint\",\"urlTemplate\":\"https:\/\/dicodusport.fr\/blog\/?s={search_term_string}\"},\"query-input\":{\"@type\":\"PropertyValueSpecification\",\"valueRequired\":true,\"valueName\":\"search_term_string\"}}],\"inLanguage\":\"fr-FR\"},{\"@type\":\"NewsMediaOrganization\",\"@id\":\"https:\/\/dicodusport.fr\/blog\/#organization\",\"name\":\"Dicodusport\",\"url\":\"https:\/\/dicodusport.fr\/blog\/\",\"logo\":{\"@type\":\"ImageObject\",\"inLanguage\":\"fr-FR\",\"@id\":\"https:\/\/dicodusport.fr\/blog\/#\/schema\/logo\/image\/\",\"url\":\"https:\/\/dicodusport.fr\/blog\/wp-content\/uploads\/2020\/06\/cropped-LOGO-DICODUSPORT-2020-SANS-FOND-SANS-TEXTE.png\",\"contentUrl\":\"https:\/\/dicodusport.fr\/blog\/wp-content\/uploads\/2020\/06\/cropped-LOGO-DICODUSPORT-2020-SANS-FOND-SANS-TEXTE.png\",\"width\":512,\"height\":512,\"caption\":\"Dicodusport\"},\"image\":{\"@id\":\"https:\/\/dicodusport.fr\/blog\/#\/schema\/logo\/image\/\"},\"sameAs\":[\"https:\/\/www.facebook.com\/dicodusport\",\"https:\/\/x.com\/dicodusport\",\"https:\/\/www.instagram.com\/dicodusport\/\",\"https:\/\/www.youtube.com\/channel\/UC7V2KZ5sd3htJivAbA4ZG3w\"],\"description\":\"Dicodusport est l'encyclop\u00e9die de l'actualit\u00e9 sportive.\",\"email\":\"bonjour@dicodusport.fr\",\"legalName\":\"DICODUSPORT\",\"foundingDate\":\"2018-01-14\",\"vatID\":\"FR71834470973\",\"taxID\":\"83447097300043\",\"numberOfEmployees\":{\"@type\":\"QuantitativeValue\",\"minValue\":\"1\",\"maxValue\":\"10\"}},{\"@type\":\"Person\",\"@id\":\"https:\/\/dicodusport.fr\/blog\/#\/schema\/person\/cb02af4c173ce4a653b55e9baf388d4a\",\"name\":\"Flo Ostermann\",\"image\":{\"@type\":\"ImageObject\",\"inLanguage\":\"fr-FR\",\"@id\":\"https:\/\/dicodusport.fr\/blog\/#\/schema\/person\/image\/\",\"url\":\"https:\/\/dicodusport.fr\/blog\/wp-content\/uploads\/2021\/05\/Flo-Ostermann-150x150.jpg\",\"contentUrl\":\"https:\/\/dicodusport.fr\/blog\/wp-content\/uploads\/2021\/05\/Flo-Ostermann-150x150.jpg\",\"caption\":\"Flo Ostermann\"},\"description\":\"Journaliste\/R\u00e9dacteur depuis septembre 2015 - Mes premiers souvenirs dans le sport ? Les envol\u00e9es du Stade Toulousain et les duels Villeneuve-Schumacher et H\u00e4kkinen-Schumacher \u00e0 la fin des ann\u00e9es 90, la Coupe du monde de football en 1998, l\u2019exploit du XV de France face aux All Blacks en 1999, mais aussi Richard C\u0153ur de Lion qui vole sur les montagnes du Tour de France. Bien parti pour devenir professeur d\u2019EPS, les \u00e9v\u00e9nements de la vie (et la flemme d\u2019animer des s\u00e9ances de 3x500 m\u00e8tres toute ma vie) m\u2019ont conduit \u00e0 revoir mes plans. Me voil\u00e0 depuis fin 2017 sur Dicodusport, m\u00e9dia gr\u00e2ce (et pour) lequel je partage ma passion : le sport dans tous ses \u00e9tats. Le tout accompagn\u00e9 par les fous furieux et folles furieuses cit\u00e9s sur cette page !\",\"sameAs\":[\"https:\/\/www.facebook.com\/florent.ostermann\",\"https:\/\/x.com\/https:\/\/twitter.com\/FlOstermann\",\"admin\"],\"url\":\"https:\/\/dicodusport.fr\/blog\/author\/flo\/\"}]}<\/script>\n<!-- \/ Yoast SEO Premium plugin. -->","yoast_head_json":{"title":"Biathlon Championnats d'Europe : La s\u00e9lection fran\u00e7aise","description":"BIATHLON CHAMPIONNATS DU MONDE D'EUROPE 2023 - La F\u00e9d\u00e9ration Fran\u00e7aise de Ski a d\u00e9voil\u00e9 ce lundi la s\u00e9lection fran\u00e7aise pour les Europe.","robots":{"index":"index","follow":"follow","max-snippet":"max-snippet:-1","max-image-preview":"max-image-preview:large","max-video-preview":"max-video-preview:-1"},"canonical":"https:\/\/dicodusport.fr\/blog\/biathlon-championnats-d-europe-la-selection-francaise\/","og_locale":"fr_FR","og_type":"article","og_title":"Biathlon Championnats d'Europe : La s\u00e9lection fran\u00e7aise","og_description":"BIATHLON CHAMPIONNATS DU MONDE D'EUROPE 2023 - La F\u00e9d\u00e9ration Fran\u00e7aise de Ski a d\u00e9voil\u00e9 ce lundi la s\u00e9lection fran\u00e7aise pour les Europe.","og_url":"https:\/\/dicodusport.fr\/blog\/biathlon-championnats-d-europe-la-selection-francaise\/","og_site_name":"Dicodusport","article_publisher":"https:\/\/www.facebook.com\/dicodusport","article_author":"https:\/\/www.facebook.com\/florent.ostermann","article_published_time":"2023-01-23T10:02:01+00:00","article_modified_time":"2023-02-04T17:51:45+00:00","og_image":[{"width":800,"height":445,"url":"https:\/\/dicodusport.fr\/blog\/wp-content\/uploads\/2023\/01\/IBU-Cup-Pokljuka-Paula-Botet-troisieme-de-lindividuel-court-Hannah-Auchentaller-simpose.png","type":"image\/png"}],"author":"Flo Ostermann","twitter_card":"summary_large_image","twitter_title":"Biathlon Championnats d'Europe : La s\u00e9lection fran\u00e7aise","twitter_creator":"@https:\/\/twitter.com\/FlOstermann","twitter_site":"@dicodusport","schema":{"@context":"https:\/\/schema.org","@graph":[{"@type":"NewsArticle","@id":"https:\/\/dicodusport.fr\/blog\/biathlon-championnats-d-europe-la-selection-francaise\/#article","isPartOf":{"@id":"https:\/\/dicodusport.fr\/blog\/biathlon-championnats-d-europe-la-selection-francaise\/"},"author":{"name":"Flo Ostermann","@id":"https:\/\/dicodusport.fr\/blog\/#\/schema\/person\/cb02af4c173ce4a653b55e9baf388d4a"},"headline":"Biathlon Championnats d&rsquo;Europe : La s\u00e9lection fran\u00e7aise","datePublished":"2023-01-23T10:02:01+00:00","dateModified":"2023-02-04T17:51:45+00:00","mainEntityOfPage":{"@id":"https:\/\/dicodusport.fr\/blog\/biathlon-championnats-d-europe-la-selection-francaise\/"},"wordCount":198,"commentCount":0,"publisher":{"@id":"https:\/\/dicodusport.fr\/blog\/#organization"},"image":{"@id":"https:\/\/dicodusport.fr\/blog\/biathlon-championnats-d-europe-la-selection-francaise\/#primaryimage"},"thumbnailUrl":"https:\/\/dicodusport.fr\/blog\/wp-content\/uploads\/2023\/01\/IBU-Cup-Pokljuka-Paula-Botet-troisieme-de-lindividuel-court-Hannah-Auchentaller-simpose.png","keywords":["Equipe de France de Biathlon","Lenzerheide"],"articleSection":["Biathlon"],"inLanguage":"fr-FR","potentialAction":[{"@type":"CommentAction","name":"Comment","target":["https:\/\/dicodusport.fr\/blog\/biathlon-championnats-d-europe-la-selection-francaise\/#respond"]}],"copyrightYear":"2023","copyrightHolder":{"@id":"https:\/\/dicodusport.fr\/blog\/#organization"}},{"@type":"WebPage","@id":"https:\/\/dicodusport.fr\/blog\/biathlon-championnats-d-europe-la-selection-francaise\/","url":"https:\/\/dicodusport.fr\/blog\/biathlon-championnats-d-europe-la-selection-francaise\/","name":"Biathlon Championnats d'Europe : La s\u00e9lection fran\u00e7aise","isPartOf":{"@id":"https:\/\/dicodusport.fr\/blog\/#website"},"primaryImageOfPage":{"@id":"https:\/\/dicodusport.fr\/blog\/biathlon-championnats-d-europe-la-selection-francaise\/#primaryimage"},"image":{"@id":"https:\/\/dicodusport.fr\/blog\/biathlon-championnats-d-europe-la-selection-francaise\/#primaryimage"},"thumbnailUrl":"https:\/\/dicodusport.fr\/blog\/wp-content\/uploads\/2023\/01\/IBU-Cup-Pokljuka-Paula-Botet-troisieme-de-lindividuel-court-Hannah-Auchentaller-simpose.png","datePublished":"2023-01-23T10:02:01+00:00","dateModified":"2023-02-04T17:51:45+00:00","description":"BIATHLON CHAMPIONNATS DU MONDE D'EUROPE 2023 - La F\u00e9d\u00e9ration Fran\u00e7aise de Ski a d\u00e9voil\u00e9 ce lundi la s\u00e9lection fran\u00e7aise pour les Europe.","breadcrumb":{"@id":"https:\/\/dicodusport.fr\/blog\/biathlon-championnats-d-europe-la-selection-francaise\/#breadcrumb"},"inLanguage":"fr-FR","potentialAction":[{"@type":"ReadAction","target":["https:\/\/dicodusport.fr\/blog\/biathlon-championnats-d-europe-la-selection-francaise\/"]}]},{"@type":"ImageObject","inLanguage":"fr-FR","@id":"https:\/\/dicodusport.fr\/blog\/biathlon-championnats-d-europe-la-selection-francaise\/#primaryimage","url":"https:\/\/dicodusport.fr\/blog\/wp-content\/uploads\/2023\/01\/IBU-Cup-Pokljuka-Paula-Botet-troisieme-de-lindividuel-court-Hannah-Auchentaller-simpose.png","contentUrl":"https:\/\/dicodusport.fr\/blog\/wp-content\/uploads\/2023\/01\/IBU-Cup-Pokljuka-Paula-Botet-troisieme-de-lindividuel-court-Hannah-Auchentaller-simpose.png","width":800,"height":445,"caption":"IBU Cup Pokljuka Paula Botet troisi\u00e8me de l'individuel court, Hannah Auchentaller s'impose"},{"@type":"BreadcrumbList","@id":"https:\/\/dicodusport.fr\/blog\/biathlon-championnats-d-europe-la-selection-francaise\/#breadcrumb","itemListElement":[{"@type":"ListItem","position":1,"name":"Accueil","item":"https:\/\/dicodusport.fr\/blog\/"},{"@type":"ListItem","position":2,"name":"Biathlon Championnats d&rsquo;Europe : La s\u00e9lection fran\u00e7aise"}]},{"@type":"WebSite","@id":"https:\/\/dicodusport.fr\/blog\/#website","url":"https:\/\/dicodusport.fr\/blog\/","name":"Dicodusport","description":"L&#039;encyclop\u00e9die de l&#039;actualit\u00e9 sportive","publisher":{"@id":"https:\/\/dicodusport.fr\/blog\/#organization"},"potentialAction":[{"@type":"SearchAction","target":{"@type":"EntryPoint","urlTemplate":"https:\/\/dicodusport.fr\/blog\/?s={search_term_string}"},"query-input":{"@type":"PropertyValueSpecification","valueRequired":true,"valueName":"search_term_string"}}],"inLanguage":"fr-FR"},{"@type":"NewsMediaOrganization","@id":"https:\/\/dicodusport.fr\/blog\/#organization","name":"Dicodusport","url":"https:\/\/dicodusport.fr\/blog\/","logo":{"@type":"ImageObject","inLanguage":"fr-FR","@id":"https:\/\/dicodusport.fr\/blog\/#\/schema\/logo\/image\/","url":"https:\/\/dicodusport.fr\/blog\/wp-content\/uploads\/2020\/06\/cropped-LOGO-DICODUSPORT-2020-SANS-FOND-SANS-TEXTE.png","contentUrl":"https:\/\/dicodusport.fr\/blog\/wp-content\/uploads\/2020\/06\/cropped-LOGO-DICODUSPORT-2020-SANS-FOND-SANS-TEXTE.png","width":512,"height":512,"caption":"Dicodusport"},"image":{"@id":"https:\/\/dicodusport.fr\/blog\/#\/schema\/logo\/image\/"},"sameAs":["https:\/\/www.facebook.com\/dicodusport","https:\/\/x.com\/dicodusport","https:\/\/www.instagram.com\/dicodusport\/","https:\/\/www.youtube.com\/channel\/UC7V2KZ5sd3htJivAbA4ZG3w"],"description":"Dicodusport est l'encyclop\u00e9die de l'actualit\u00e9 sportive.","email":"bonjour@dicodusport.fr","legalName":"DICODUSPORT","foundingDate":"2018-01-14","vatID":"FR71834470973","taxID":"83447097300043","numberOfEmployees":{"@type":"QuantitativeValue","minValue":"1","maxValue":"10"}},{"@type":"Person","@id":"https:\/\/dicodusport.fr\/blog\/#\/schema\/person\/cb02af4c173ce4a653b55e9baf388d4a","name":"Flo Ostermann","image":{"@type":"ImageObject","inLanguage":"fr-FR","@id":"https:\/\/dicodusport.fr\/blog\/#\/schema\/person\/image\/","url":"https:\/\/dicodusport.fr\/blog\/wp-content\/uploads\/2021\/05\/Flo-Ostermann-150x150.jpg","contentUrl":"https:\/\/dicodusport.fr\/blog\/wp-content\/uploads\/2021\/05\/Flo-Ostermann-150x150.jpg","caption":"Flo Ostermann"},"description":"Journaliste\/R\u00e9dacteur depuis septembre 2015 - Mes premiers souvenirs dans le sport ? Les envol\u00e9es du Stade Toulousain et les duels Villeneuve-Schumacher et H\u00e4kkinen-Schumacher \u00e0 la fin des ann\u00e9es 90, la Coupe du monde de football en 1998, l\u2019exploit du XV de France face aux All Blacks en 1999, mais aussi Richard C\u0153ur de Lion qui vole sur les montagnes du Tour de France. Bien parti pour devenir professeur d\u2019EPS, les \u00e9v\u00e9nements de la vie (et la flemme d\u2019animer des s\u00e9ances de 3x500 m\u00e8tres toute ma vie) m\u2019ont conduit \u00e0 revoir mes plans. Me voil\u00e0 depuis fin 2017 sur Dicodusport, m\u00e9dia gr\u00e2ce (et pour) lequel je partage ma passion : le sport dans tous ses \u00e9tats. Le tout accompagn\u00e9 par les fous furieux et folles furieuses cit\u00e9s sur cette page !","sameAs":["https:\/\/www.facebook.com\/florent.ostermann","https:\/\/x.com\/https:\/\/twitter.com\/FlOstermann","admin"],"url":"https:\/\/dicodusport.fr\/blog\/author\/flo\/"}]}},"_links":{"self":[{"href":"https:\/\/dicodusport.fr\/blog\/wp-json\/wp\/v2\/posts\/347831","targetHints":{"allow":["GET"]}}],"collection":[{"href":"https:\/\/dicodusport.fr\/blog\/wp-json\/wp\/v2\/posts"}],"about":[{"href":"https:\/\/dicodusport.fr\/blog\/wp-json\/wp\/v2\/types\/post"}],"author":[{"embeddable":true,"href":"https:\/\/dicodusport.fr\/blog\/wp-json\/wp\/v2\/users\/4"}],"replies":[{"embeddable":true,"href":"https:\/\/dicodusport.fr\/blog\/wp-json\/wp\/v2\/comments?post=347831"}],"version-history":[{"count":0,"href":"https:\/\/dicodusport.fr\/blog\/wp-json\/wp\/v2\/posts\/347831\/revisions"}],"wp:featuredmedia":[{"embeddable":true,"href":"https:\/\/dicodusport.fr\/blog\/wp-json\/wp\/v2\/media\/344124"}],"wp:attachment":[{"href":"https:\/\/dicodusport.fr\/blog\/wp-json\/wp\/v2\/media?parent=347831"}],"wp:term":[{"taxonomy":"category","embeddable":true,"href":"https:\/\/dicodusport.fr\/blog\/wp-json\/wp\/v2\/categories?post=347831"},{"taxonomy":"post_tag","embeddable":true,"href":"https:\/\/dicodusport.fr\/blog\/wp-json\/wp\/v2\/tags?post=347831"}],"curies":[{"name":"wp","href":"https:\/\/api.w.org\/{rel}","templated":true}]}}