{"id":347971,"date":"2023-01-23T18:47:19","date_gmt":"2023-01-23T17:47:19","guid":{"rendered":"https:\/\/dicodusport.fr\/blog\/?p=347971&#038;preview=true&#038;preview_id=347971"},"modified":"2023-01-23T18:55:46","modified_gmt":"2023-01-23T17:55:46","slug":"bb-hotels-la-ville-de-paris-ne-voulait-pas-damazon","status":"publish","type":"post","link":"https:\/\/dicodusport.fr\/blog\/bb-hotels-la-ville-de-paris-ne-voulait-pas-damazon\/","title":{"rendered":"B&#038;B Hotels : La Ville de Paris ne voulait pas d&rsquo;Amazon"},"content":{"rendered":"<p style=\"text-align: justify;\" align=\"justify\"><em><strong><a href=\"https:\/\/dicodusport.fr\/blog\/actualites\/cyclisme\/cyclisme-sur-route-2023\/\">CYCLISME SUR ROUTE 2023<\/a> &#8211; Dans une tr\u00e8s bonne enqu\u00eate, nos confr\u00e8res de Ouest-France reviennent sur la question de l&rsquo;accord pass\u00e9 avec la Ville de Paris et de l&rsquo;incompatibilit\u00e9 avec Amazon.\u00a0<\/strong><\/em><\/p>\n<p style=\"text-align: justify;\" align=\"justify\">Petit rappel des faits. \u00c0 la fin du <strong>Tour de France 2022<\/strong>, un accord a \u00e9t\u00e9 annonc\u00e9 par la Ville de Paris et <strong>J\u00e9r\u00f4me<\/strong> <strong>Pineau<\/strong> pour que la capitale fran\u00e7aise donne son nom \u00e0 la future structure du Nantais. Un apport financier de plus d&rsquo;un million et demi d&rsquo;euros de la ville de <strong>Paris<\/strong> a \u00e9t\u00e9 \u00e9voqu\u00e9 lors des premiers \u00e9changes mais tr\u00e8s vite, cette id\u00e9e aurait \u00e9t\u00e9 abandonn\u00e9e par la mairie, qui ne voulait que s&rsquo;en tenir au branding. L&rsquo;homme d&rsquo;affaires <strong>Didier<\/strong> <strong>Quillot<\/strong>, complice des fr\u00e8res Pineau dans leur qu\u00eate d&rsquo;un sponsor majeur, aurait vite \u00e9t\u00e9 mis au courant que l&rsquo;apport financier a \u00e9t\u00e9 \u00e9cart\u00e9, puisque m\u00eame pas d\u00e9battu en conseil municipal.<\/p>\n<h2 style=\"text-align: justify;\" align=\"justify\">Amazon, c&rsquo;\u00e9tait non pour la ville de Paris<\/h2>\n<p style=\"text-align: justify;\" align=\"justify\">Mais la ville de Paris aurait aussi pos\u00e9 probl\u00e8me pour le futur sponsor, qui allait accol\u00e9 son nom en devenant sponsor de l&rsquo;\u00e9quipe. Selon <strong>Guillaume de La<\/strong> <strong>Hosseraye<\/strong>, fondateur de l\u2019enseigne Kilom\u00e8tre 0 et proche de <strong>Didier<\/strong> <strong>Quillot<\/strong>, la mairie aurait expliqu\u00e9 que ce n&rsquo;\u00e9tait pas possible qu&rsquo;Amazon devienne le sponsor principal.<\/p>\n<blockquote>\n<p style=\"text-align: justify;\" align=\"justify\">Je ne veux pas dire qu\u2019on avait un accord avec Amazon \u200bmais Amazon \u00e9tait extr\u00eamement int\u00e9ress\u00e9. \u00c0 la Ville, on nous a dit que \u00e7a ne passerait pas, pour des questions d\u2019\u00e9thique, par rapport \u00e0 leur politique salariale\u2026 Et surtout devant le conseil municipal.<\/p>\n<\/blockquote>\n<p style=\"text-align: justify;\" align=\"justify\">Quelques semaines plus tard, d\u00e9but d\u00e9cembre pr\u00e9cis\u00e9ment, la formation des fr\u00e8res Pineau, <a href=\"https:\/\/dicodusport.fr\/blog\/bb-hotels-des-problemes-financiers-importants-depuis-2020\/\" target=\"_blank\" rel=\"noopener\">cribl\u00e9e de dettes<\/a>, devait mettre la cl\u00e9 sous la porte, laissant coureurs et employ\u00e9s sans rien, \u00e0 quelques semaines du d\u00e9but de la saison 2023. Ouest-France sortira demain mardi et mercredi, les deux derniers \u00e9pisodes de sa s\u00e9rie d&rsquo;articles l&rsquo;ex-B&amp;B Hotels.<\/p>\n<blockquote class=\"twitter-tweet\">\n<p dir=\"ltr\" lang=\"fr\">EXCLUSIF. \u00ab Un train lanc\u00e9 \u00e0 pleine vitesse dans le mur \u00bb : nos r\u00e9v\u00e9lations sur le fiasco B&amp;B Hotels <a href=\"https:\/\/t.co\/gTlKg0zKsw\">https:\/\/t.co\/gTlKg0zKsw<\/a> via <a href=\"https:\/\/twitter.com\/OuestFrance?ref_src=twsrc%5Etfw\">@ouestfrance<\/a><\/p>\n<p>\u2014 Vincent Cot\u00e9 (@Vincent_Cote) <a href=\"https:\/\/twitter.com\/Vincent_Cote\/status\/1617413759672221696?ref_src=twsrc%5Etfw\">January 23, 2023<\/a><\/p><\/blockquote>\n<p style=\"text-align: justify;\"><script async src=\"https:\/\/platform.twitter.com\/widgets.js\" charset=\"utf-8\"><\/script><\/p>\n","protected":false},"excerpt":{"rendered":"<p>CYCLISME SUR ROUTE 2023 &#8211; Dans une tr\u00e8s bonne enqu\u00eate, nos confr\u00e8res de Ouest-France reviennent sur la question de l&rsquo;accord pass\u00e9 avec la Ville de Paris et de l&rsquo;incompatibilit\u00e9 avec Amazon.\u00a0<\/p>\n","protected":false},"author":1,"featured_media":272982,"comment_status":"open","ping_status":"closed","sticky":false,"template":"","format":"standard","meta":{"_acf_changed":false,"_daextam_enable_autolinks":"","footnotes":""},"categories":[46994],"tags":[12691,5851],"class_list":["post-347971","post","type-post","status-publish","format-standard","has-post-thumbnail","hentry","category-cyclisme-sur-route","tag-bb-hotels","tag-jerome-pineau"],"acf":[],"yoast_head":"<!-- This site is optimized with the Yoast SEO Premium plugin v26.7 (Yoast SEO v26.7) - https:\/\/yoast.com\/wordpress\/plugins\/seo\/ -->\n<title>B&amp;B Hotels : La Ville de Paris ne voulait pas d&#039;Amazon<\/title>\n<meta name=\"description\" content=\"B&amp;B Hotels - Dans une tr\u00e8s bonne enqu\u00eate, nos confr\u00e8res de Ouest-France reviennent sur la piste Amazon, abandonn\u00e9e pour raison politique.\" \/>\n<meta name=\"robots\" content=\"index, follow, max-snippet:-1, max-image-preview:large, max-video-preview:-1\" \/>\n<link rel=\"canonical\" href=\"https:\/\/dicodusport.fr\/blog\/bb-hotels-la-ville-de-paris-ne-voulait-pas-damazon\/\" \/>\n<meta property=\"og:locale\" content=\"fr_FR\" \/>\n<meta property=\"og:type\" content=\"article\" \/>\n<meta property=\"og:title\" content=\"B&amp;B Hotels : La Ville de Paris ne voulait pas d&#039;Amazon\" \/>\n<meta property=\"og:description\" content=\"B&amp;B Hotels - Dans une tr\u00e8s bonne enqu\u00eate, nos confr\u00e8res de Ouest-France reviennent sur la piste Amazon, abandonn\u00e9e pour raison politique.\" \/>\n<meta property=\"og:url\" content=\"https:\/\/dicodusport.fr\/blog\/bb-hotels-la-ville-de-paris-ne-voulait-pas-damazon\/\" \/>\n<meta property=\"og:site_name\" content=\"Dicodusport\" \/>\n<meta property=\"article:publisher\" content=\"https:\/\/www.facebook.com\/dicodusport\" \/>\n<meta property=\"article:author\" content=\"https:\/\/www.facebook.com\/dicodusport\" \/>\n<meta property=\"article:published_time\" content=\"2023-01-23T17:47:19+00:00\" \/>\n<meta property=\"article:modified_time\" content=\"2023-01-23T17:55:46+00:00\" \/>\n<meta property=\"og:image\" content=\"https:\/\/dicodusport.fr\/blog\/wp-content\/uploads\/2022\/10\/Ce-que-lon-sait-du-Projet-BB-Hotels-au-lendemain-de-lannulation-de-la-confe\u0301rence-presse.png\" \/>\n\t<meta property=\"og:image:width\" content=\"800\" \/>\n\t<meta property=\"og:image:height\" content=\"445\" \/>\n\t<meta property=\"og:image:type\" content=\"image\/png\" \/>\n<meta name=\"author\" content=\"Nicolas Jacquemard\" \/>\n<meta name=\"twitter:card\" content=\"summary_large_image\" \/>\n<meta name=\"twitter:title\" content=\"B&amp;B Hotels : La Ville de Paris ne voulait pas d&#039;Amazon\" \/>\n<meta name=\"twitter:creator\" content=\"@https:\/\/twitter.com\/Nico_Jacquemard\" \/>\n<meta name=\"twitter:site\" content=\"@dicodusport\" \/>\n<script type=\"application\/ld+json\" class=\"yoast-schema-graph\">{\"@context\":\"https:\/\/schema.org\",\"@graph\":[{\"@type\":\"NewsArticle\",\"@id\":\"https:\/\/dicodusport.fr\/blog\/bb-hotels-la-ville-de-paris-ne-voulait-pas-damazon\/#article\",\"isPartOf\":{\"@id\":\"https:\/\/dicodusport.fr\/blog\/bb-hotels-la-ville-de-paris-ne-voulait-pas-damazon\/\"},\"author\":{\"name\":\"Nicolas Jacquemard\",\"@id\":\"https:\/\/dicodusport.fr\/blog\/#\/schema\/person\/55dcb50ad410894e431ed812bbb70191\"},\"headline\":\"B&#038;B Hotels : La Ville de Paris ne voulait pas d&rsquo;Amazon\",\"datePublished\":\"2023-01-23T17:47:19+00:00\",\"dateModified\":\"2023-01-23T17:55:46+00:00\",\"mainEntityOfPage\":{\"@id\":\"https:\/\/dicodusport.fr\/blog\/bb-hotels-la-ville-de-paris-ne-voulait-pas-damazon\/\"},\"wordCount\":382,\"commentCount\":0,\"publisher\":{\"@id\":\"https:\/\/dicodusport.fr\/blog\/#organization\"},\"image\":{\"@id\":\"https:\/\/dicodusport.fr\/blog\/bb-hotels-la-ville-de-paris-ne-voulait-pas-damazon\/#primaryimage\"},\"thumbnailUrl\":\"https:\/\/dicodusport.fr\/blog\/wp-content\/uploads\/2022\/10\/Ce-que-lon-sait-du-Projet-BB-Hotels-au-lendemain-de-lannulation-de-la-confe\u0301rence-presse.png\",\"keywords\":[\"B&amp;B H\u00f4tels\",\"J\u00e9r\u00f4me Pineau\"],\"articleSection\":[\"Cyclisme sur route\"],\"inLanguage\":\"fr-FR\",\"potentialAction\":[{\"@type\":\"CommentAction\",\"name\":\"Comment\",\"target\":[\"https:\/\/dicodusport.fr\/blog\/bb-hotels-la-ville-de-paris-ne-voulait-pas-damazon\/#respond\"]}],\"copyrightYear\":\"2023\",\"copyrightHolder\":{\"@id\":\"https:\/\/dicodusport.fr\/blog\/#organization\"}},{\"@type\":\"WebPage\",\"@id\":\"https:\/\/dicodusport.fr\/blog\/bb-hotels-la-ville-de-paris-ne-voulait-pas-damazon\/\",\"url\":\"https:\/\/dicodusport.fr\/blog\/bb-hotels-la-ville-de-paris-ne-voulait-pas-damazon\/\",\"name\":\"B&B Hotels : La Ville de Paris ne voulait pas d'Amazon\",\"isPartOf\":{\"@id\":\"https:\/\/dicodusport.fr\/blog\/#website\"},\"primaryImageOfPage\":{\"@id\":\"https:\/\/dicodusport.fr\/blog\/bb-hotels-la-ville-de-paris-ne-voulait-pas-damazon\/#primaryimage\"},\"image\":{\"@id\":\"https:\/\/dicodusport.fr\/blog\/bb-hotels-la-ville-de-paris-ne-voulait-pas-damazon\/#primaryimage\"},\"thumbnailUrl\":\"https:\/\/dicodusport.fr\/blog\/wp-content\/uploads\/2022\/10\/Ce-que-lon-sait-du-Projet-BB-Hotels-au-lendemain-de-lannulation-de-la-confe\u0301rence-presse.png\",\"datePublished\":\"2023-01-23T17:47:19+00:00\",\"dateModified\":\"2023-01-23T17:55:46+00:00\",\"description\":\"B&B Hotels - Dans une tr\u00e8s bonne enqu\u00eate, nos confr\u00e8res de Ouest-France reviennent sur la piste Amazon, abandonn\u00e9e pour raison politique.\",\"breadcrumb\":{\"@id\":\"https:\/\/dicodusport.fr\/blog\/bb-hotels-la-ville-de-paris-ne-voulait-pas-damazon\/#breadcrumb\"},\"inLanguage\":\"fr-FR\",\"potentialAction\":[{\"@type\":\"ReadAction\",\"target\":[\"https:\/\/dicodusport.fr\/blog\/bb-hotels-la-ville-de-paris-ne-voulait-pas-damazon\/\"]}]},{\"@type\":\"ImageObject\",\"inLanguage\":\"fr-FR\",\"@id\":\"https:\/\/dicodusport.fr\/blog\/bb-hotels-la-ville-de-paris-ne-voulait-pas-damazon\/#primaryimage\",\"url\":\"https:\/\/dicodusport.fr\/blog\/wp-content\/uploads\/2022\/10\/Ce-que-lon-sait-du-Projet-BB-Hotels-au-lendemain-de-lannulation-de-la-confe\u0301rence-presse.png\",\"contentUrl\":\"https:\/\/dicodusport.fr\/blog\/wp-content\/uploads\/2022\/10\/Ce-que-lon-sait-du-Projet-BB-Hotels-au-lendemain-de-lannulation-de-la-confe\u0301rence-presse.png\",\"width\":800,\"height\":445},{\"@type\":\"BreadcrumbList\",\"@id\":\"https:\/\/dicodusport.fr\/blog\/bb-hotels-la-ville-de-paris-ne-voulait-pas-damazon\/#breadcrumb\",\"itemListElement\":[{\"@type\":\"ListItem\",\"position\":1,\"name\":\"Accueil\",\"item\":\"https:\/\/dicodusport.fr\/blog\/\"},{\"@type\":\"ListItem\",\"position\":2,\"name\":\"B&#038;B Hotels : La Ville de Paris ne voulait pas d&rsquo;Amazon\"}]},{\"@type\":\"WebSite\",\"@id\":\"https:\/\/dicodusport.fr\/blog\/#website\",\"url\":\"https:\/\/dicodusport.fr\/blog\/\",\"name\":\"Dicodusport\",\"description\":\"L&#039;encyclop\u00e9die de l&#039;actualit\u00e9 sportive\",\"publisher\":{\"@id\":\"https:\/\/dicodusport.fr\/blog\/#organization\"},\"potentialAction\":[{\"@type\":\"SearchAction\",\"target\":{\"@type\":\"EntryPoint\",\"urlTemplate\":\"https:\/\/dicodusport.fr\/blog\/?s={search_term_string}\"},\"query-input\":{\"@type\":\"PropertyValueSpecification\",\"valueRequired\":true,\"valueName\":\"search_term_string\"}}],\"inLanguage\":\"fr-FR\"},{\"@type\":\"NewsMediaOrganization\",\"@id\":\"https:\/\/dicodusport.fr\/blog\/#organization\",\"name\":\"Dicodusport\",\"url\":\"https:\/\/dicodusport.fr\/blog\/\",\"logo\":{\"@type\":\"ImageObject\",\"inLanguage\":\"fr-FR\",\"@id\":\"https:\/\/dicodusport.fr\/blog\/#\/schema\/logo\/image\/\",\"url\":\"https:\/\/dicodusport.fr\/blog\/wp-content\/uploads\/2020\/06\/cropped-LOGO-DICODUSPORT-2020-SANS-FOND-SANS-TEXTE.png\",\"contentUrl\":\"https:\/\/dicodusport.fr\/blog\/wp-content\/uploads\/2020\/06\/cropped-LOGO-DICODUSPORT-2020-SANS-FOND-SANS-TEXTE.png\",\"width\":512,\"height\":512,\"caption\":\"Dicodusport\"},\"image\":{\"@id\":\"https:\/\/dicodusport.fr\/blog\/#\/schema\/logo\/image\/\"},\"sameAs\":[\"https:\/\/www.facebook.com\/dicodusport\",\"https:\/\/x.com\/dicodusport\",\"https:\/\/www.instagram.com\/dicodusport\/\",\"https:\/\/www.youtube.com\/channel\/UC7V2KZ5sd3htJivAbA4ZG3w\"],\"description\":\"Dicodusport est l'encyclop\u00e9die de l'actualit\u00e9 sportive.\",\"email\":\"bonjour@dicodusport.fr\",\"legalName\":\"DICODUSPORT\",\"foundingDate\":\"2018-01-14\",\"vatID\":\"FR71834470973\",\"taxID\":\"83447097300043\",\"numberOfEmployees\":{\"@type\":\"QuantitativeValue\",\"minValue\":\"1\",\"maxValue\":\"10\"}},{\"@type\":\"Person\",\"@id\":\"https:\/\/dicodusport.fr\/blog\/#\/schema\/person\/55dcb50ad410894e431ed812bbb70191\",\"name\":\"Nicolas Jacquemard\",\"image\":{\"@type\":\"ImageObject\",\"inLanguage\":\"fr-FR\",\"@id\":\"https:\/\/dicodusport.fr\/blog\/#\/schema\/person\/image\/\",\"url\":\"https:\/\/dicodusport.fr\/blog\/wp-content\/uploads\/2021\/05\/Nicolas-Jacquemard-150x150.jpeg\",\"contentUrl\":\"https:\/\/dicodusport.fr\/blog\/wp-content\/uploads\/2021\/05\/Nicolas-Jacquemard-150x150.jpeg\",\"caption\":\"Nicolas Jacquemard\"},\"description\":\"Passionn\u00e9 de sport et entrepreneur depuis mes 18 ans, la cr\u00e9ation de Dicodusport m'a sembl\u00e9 \u00e9vidente pour participer \u00e0 la m\u00e9diatisation d'un plus grand nombre de sports. Le chemin est long mais avec une \u00e9quipe des plus motiv\u00e9es et les Jeux Olympiques de Paris 2024 en point de mire, nous y arriverons ! Journaliste dans le monde du sport depuis plus de 5 ans, je traite aussi bien de football, de rugby, de biathlon que de cyclisme.\",\"sameAs\":[\"https:\/\/www.facebook.com\/dicodusport\",\"https:\/\/x.com\/https:\/\/twitter.com\/Nico_Jacquemard\"],\"url\":\"https:\/\/dicodusport.fr\/blog\/author\/dicodusport\/\"}]}<\/script>\n<!-- \/ Yoast SEO Premium plugin. -->","yoast_head_json":{"title":"B&B Hotels : La Ville de Paris ne voulait pas d'Amazon","description":"B&B Hotels - Dans une tr\u00e8s bonne enqu\u00eate, nos confr\u00e8res de Ouest-France reviennent sur la piste Amazon, abandonn\u00e9e pour raison politique.","robots":{"index":"index","follow":"follow","max-snippet":"max-snippet:-1","max-image-preview":"max-image-preview:large","max-video-preview":"max-video-preview:-1"},"canonical":"https:\/\/dicodusport.fr\/blog\/bb-hotels-la-ville-de-paris-ne-voulait-pas-damazon\/","og_locale":"fr_FR","og_type":"article","og_title":"B&B Hotels : La Ville de Paris ne voulait pas d'Amazon","og_description":"B&B Hotels - Dans une tr\u00e8s bonne enqu\u00eate, nos confr\u00e8res de Ouest-France reviennent sur la piste Amazon, abandonn\u00e9e pour raison politique.","og_url":"https:\/\/dicodusport.fr\/blog\/bb-hotels-la-ville-de-paris-ne-voulait-pas-damazon\/","og_site_name":"Dicodusport","article_publisher":"https:\/\/www.facebook.com\/dicodusport","article_author":"https:\/\/www.facebook.com\/dicodusport","article_published_time":"2023-01-23T17:47:19+00:00","article_modified_time":"2023-01-23T17:55:46+00:00","og_image":[{"width":800,"height":445,"url":"https:\/\/dicodusport.fr\/blog\/wp-content\/uploads\/2022\/10\/Ce-que-lon-sait-du-Projet-BB-Hotels-au-lendemain-de-lannulation-de-la-confe\u0301rence-presse.png","type":"image\/png"}],"author":"Nicolas Jacquemard","twitter_card":"summary_large_image","twitter_title":"B&B Hotels : La Ville de Paris ne voulait pas d'Amazon","twitter_creator":"@https:\/\/twitter.com\/Nico_Jacquemard","twitter_site":"@dicodusport","schema":{"@context":"https:\/\/schema.org","@graph":[{"@type":"NewsArticle","@id":"https:\/\/dicodusport.fr\/blog\/bb-hotels-la-ville-de-paris-ne-voulait-pas-damazon\/#article","isPartOf":{"@id":"https:\/\/dicodusport.fr\/blog\/bb-hotels-la-ville-de-paris-ne-voulait-pas-damazon\/"},"author":{"name":"Nicolas Jacquemard","@id":"https:\/\/dicodusport.fr\/blog\/#\/schema\/person\/55dcb50ad410894e431ed812bbb70191"},"headline":"B&#038;B Hotels : La Ville de Paris ne voulait pas d&rsquo;Amazon","datePublished":"2023-01-23T17:47:19+00:00","dateModified":"2023-01-23T17:55:46+00:00","mainEntityOfPage":{"@id":"https:\/\/dicodusport.fr\/blog\/bb-hotels-la-ville-de-paris-ne-voulait-pas-damazon\/"},"wordCount":382,"commentCount":0,"publisher":{"@id":"https:\/\/dicodusport.fr\/blog\/#organization"},"image":{"@id":"https:\/\/dicodusport.fr\/blog\/bb-hotels-la-ville-de-paris-ne-voulait-pas-damazon\/#primaryimage"},"thumbnailUrl":"https:\/\/dicodusport.fr\/blog\/wp-content\/uploads\/2022\/10\/Ce-que-lon-sait-du-Projet-BB-Hotels-au-lendemain-de-lannulation-de-la-confe\u0301rence-presse.png","keywords":["B&amp;B H\u00f4tels","J\u00e9r\u00f4me Pineau"],"articleSection":["Cyclisme sur route"],"inLanguage":"fr-FR","potentialAction":[{"@type":"CommentAction","name":"Comment","target":["https:\/\/dicodusport.fr\/blog\/bb-hotels-la-ville-de-paris-ne-voulait-pas-damazon\/#respond"]}],"copyrightYear":"2023","copyrightHolder":{"@id":"https:\/\/dicodusport.fr\/blog\/#organization"}},{"@type":"WebPage","@id":"https:\/\/dicodusport.fr\/blog\/bb-hotels-la-ville-de-paris-ne-voulait-pas-damazon\/","url":"https:\/\/dicodusport.fr\/blog\/bb-hotels-la-ville-de-paris-ne-voulait-pas-damazon\/","name":"B&B Hotels : La Ville de Paris ne voulait pas d'Amazon","isPartOf":{"@id":"https:\/\/dicodusport.fr\/blog\/#website"},"primaryImageOfPage":{"@id":"https:\/\/dicodusport.fr\/blog\/bb-hotels-la-ville-de-paris-ne-voulait-pas-damazon\/#primaryimage"},"image":{"@id":"https:\/\/dicodusport.fr\/blog\/bb-hotels-la-ville-de-paris-ne-voulait-pas-damazon\/#primaryimage"},"thumbnailUrl":"https:\/\/dicodusport.fr\/blog\/wp-content\/uploads\/2022\/10\/Ce-que-lon-sait-du-Projet-BB-Hotels-au-lendemain-de-lannulation-de-la-confe\u0301rence-presse.png","datePublished":"2023-01-23T17:47:19+00:00","dateModified":"2023-01-23T17:55:46+00:00","description":"B&B Hotels - Dans une tr\u00e8s bonne enqu\u00eate, nos confr\u00e8res de Ouest-France reviennent sur la piste Amazon, abandonn\u00e9e pour raison politique.","breadcrumb":{"@id":"https:\/\/dicodusport.fr\/blog\/bb-hotels-la-ville-de-paris-ne-voulait-pas-damazon\/#breadcrumb"},"inLanguage":"fr-FR","potentialAction":[{"@type":"ReadAction","target":["https:\/\/dicodusport.fr\/blog\/bb-hotels-la-ville-de-paris-ne-voulait-pas-damazon\/"]}]},{"@type":"ImageObject","inLanguage":"fr-FR","@id":"https:\/\/dicodusport.fr\/blog\/bb-hotels-la-ville-de-paris-ne-voulait-pas-damazon\/#primaryimage","url":"https:\/\/dicodusport.fr\/blog\/wp-content\/uploads\/2022\/10\/Ce-que-lon-sait-du-Projet-BB-Hotels-au-lendemain-de-lannulation-de-la-confe\u0301rence-presse.png","contentUrl":"https:\/\/dicodusport.fr\/blog\/wp-content\/uploads\/2022\/10\/Ce-que-lon-sait-du-Projet-BB-Hotels-au-lendemain-de-lannulation-de-la-confe\u0301rence-presse.png","width":800,"height":445},{"@type":"BreadcrumbList","@id":"https:\/\/dicodusport.fr\/blog\/bb-hotels-la-ville-de-paris-ne-voulait-pas-damazon\/#breadcrumb","itemListElement":[{"@type":"ListItem","position":1,"name":"Accueil","item":"https:\/\/dicodusport.fr\/blog\/"},{"@type":"ListItem","position":2,"name":"B&#038;B Hotels : La Ville de Paris ne voulait pas d&rsquo;Amazon"}]},{"@type":"WebSite","@id":"https:\/\/dicodusport.fr\/blog\/#website","url":"https:\/\/dicodusport.fr\/blog\/","name":"Dicodusport","description":"L&#039;encyclop\u00e9die de l&#039;actualit\u00e9 sportive","publisher":{"@id":"https:\/\/dicodusport.fr\/blog\/#organization"},"potentialAction":[{"@type":"SearchAction","target":{"@type":"EntryPoint","urlTemplate":"https:\/\/dicodusport.fr\/blog\/?s={search_term_string}"},"query-input":{"@type":"PropertyValueSpecification","valueRequired":true,"valueName":"search_term_string"}}],"inLanguage":"fr-FR"},{"@type":"NewsMediaOrganization","@id":"https:\/\/dicodusport.fr\/blog\/#organization","name":"Dicodusport","url":"https:\/\/dicodusport.fr\/blog\/","logo":{"@type":"ImageObject","inLanguage":"fr-FR","@id":"https:\/\/dicodusport.fr\/blog\/#\/schema\/logo\/image\/","url":"https:\/\/dicodusport.fr\/blog\/wp-content\/uploads\/2020\/06\/cropped-LOGO-DICODUSPORT-2020-SANS-FOND-SANS-TEXTE.png","contentUrl":"https:\/\/dicodusport.fr\/blog\/wp-content\/uploads\/2020\/06\/cropped-LOGO-DICODUSPORT-2020-SANS-FOND-SANS-TEXTE.png","width":512,"height":512,"caption":"Dicodusport"},"image":{"@id":"https:\/\/dicodusport.fr\/blog\/#\/schema\/logo\/image\/"},"sameAs":["https:\/\/www.facebook.com\/dicodusport","https:\/\/x.com\/dicodusport","https:\/\/www.instagram.com\/dicodusport\/","https:\/\/www.youtube.com\/channel\/UC7V2KZ5sd3htJivAbA4ZG3w"],"description":"Dicodusport est l'encyclop\u00e9die de l'actualit\u00e9 sportive.","email":"bonjour@dicodusport.fr","legalName":"DICODUSPORT","foundingDate":"2018-01-14","vatID":"FR71834470973","taxID":"83447097300043","numberOfEmployees":{"@type":"QuantitativeValue","minValue":"1","maxValue":"10"}},{"@type":"Person","@id":"https:\/\/dicodusport.fr\/blog\/#\/schema\/person\/55dcb50ad410894e431ed812bbb70191","name":"Nicolas Jacquemard","image":{"@type":"ImageObject","inLanguage":"fr-FR","@id":"https:\/\/dicodusport.fr\/blog\/#\/schema\/person\/image\/","url":"https:\/\/dicodusport.fr\/blog\/wp-content\/uploads\/2021\/05\/Nicolas-Jacquemard-150x150.jpeg","contentUrl":"https:\/\/dicodusport.fr\/blog\/wp-content\/uploads\/2021\/05\/Nicolas-Jacquemard-150x150.jpeg","caption":"Nicolas Jacquemard"},"description":"Passionn\u00e9 de sport et entrepreneur depuis mes 18 ans, la cr\u00e9ation de Dicodusport m'a sembl\u00e9 \u00e9vidente pour participer \u00e0 la m\u00e9diatisation d'un plus grand nombre de sports. Le chemin est long mais avec une \u00e9quipe des plus motiv\u00e9es et les Jeux Olympiques de Paris 2024 en point de mire, nous y arriverons ! Journaliste dans le monde du sport depuis plus de 5 ans, je traite aussi bien de football, de rugby, de biathlon que de cyclisme.","sameAs":["https:\/\/www.facebook.com\/dicodusport","https:\/\/x.com\/https:\/\/twitter.com\/Nico_Jacquemard"],"url":"https:\/\/dicodusport.fr\/blog\/author\/dicodusport\/"}]}},"_links":{"self":[{"href":"https:\/\/dicodusport.fr\/blog\/wp-json\/wp\/v2\/posts\/347971","targetHints":{"allow":["GET"]}}],"collection":[{"href":"https:\/\/dicodusport.fr\/blog\/wp-json\/wp\/v2\/posts"}],"about":[{"href":"https:\/\/dicodusport.fr\/blog\/wp-json\/wp\/v2\/types\/post"}],"author":[{"embeddable":true,"href":"https:\/\/dicodusport.fr\/blog\/wp-json\/wp\/v2\/users\/1"}],"replies":[{"embeddable":true,"href":"https:\/\/dicodusport.fr\/blog\/wp-json\/wp\/v2\/comments?post=347971"}],"version-history":[{"count":0,"href":"https:\/\/dicodusport.fr\/blog\/wp-json\/wp\/v2\/posts\/347971\/revisions"}],"wp:featuredmedia":[{"embeddable":true,"href":"https:\/\/dicodusport.fr\/blog\/wp-json\/wp\/v2\/media\/272982"}],"wp:attachment":[{"href":"https:\/\/dicodusport.fr\/blog\/wp-json\/wp\/v2\/media?parent=347971"}],"wp:term":[{"taxonomy":"category","embeddable":true,"href":"https:\/\/dicodusport.fr\/blog\/wp-json\/wp\/v2\/categories?post=347971"},{"taxonomy":"post_tag","embeddable":true,"href":"https:\/\/dicodusport.fr\/blog\/wp-json\/wp\/v2\/tags?post=347971"}],"curies":[{"name":"wp","href":"https:\/\/api.w.org\/{rel}","templated":true}]}}