{"id":348004,"date":"2023-01-23T23:30:15","date_gmt":"2023-01-23T22:30:15","guid":{"rendered":"https:\/\/dicodusport.fr\/blog\/?p=348004&#038;preview=true&#038;preview_id=348004"},"modified":"2023-01-23T23:30:15","modified_gmt":"2023-01-23T22:30:15","slug":"tour-de-san-juan-2023-fabio-jakobsen-gagne-la-deuxieme-etape","status":"publish","type":"post","link":"https:\/\/dicodusport.fr\/blog\/tour-de-san-juan-2023-fabio-jakobsen-gagne-la-deuxieme-etape\/","title":{"rendered":"Tour de San Juan 2023 : Fabio Jakobsen gagne la deuxi\u00e8me \u00e9tape"},"content":{"rendered":"<p style=\"text-align: justify;\"><em><a style=\"font-weight: bold;\" href=\"https:\/\/dicodusport.fr\/blog\/actualites\/cyclisme\/cyclisme-sur-route-2023\/\">CYCLISME SUR ROUTE 2023<\/a><b> \u2013 Fabio Jakobsen (Soudal Quick-Step) s&rsquo;est impos\u00e9 au sprint sur la deuxi\u00e8me \u00e9tape du <\/b><a style=\"font-weight: bold;\" href=\"https:\/\/dicodusport.fr\/blog\/tour-de-san-juan-2023-le-parcours-en-detail\/\">Tour de San Juan<\/a><b> en Argentine, lundi. Il a devanc\u00e9\u00a0 Fernando Gaviria (Movistar) et Jon Aberasturi (Trek Segafredo).<\/b><\/em><\/p>\n<p style=\"text-align: justify;\"><span style=\"font-weight: 400;\">Pour cette deuxi\u00e8me \u00e9tape du Tour de San Juan, plus de 200 kilom\u00e8tres \u00e9taient au programme entre Valle F\u00e9rtil et J\u00e1chal avec dans la premi\u00e8re moiti\u00e9 de l&rsquo;\u00e9tape un long col roulant \u00e0 gravir. Le reste de l&rsquo;itin\u00e9raire \u00e9tait plut\u00f4t facile avec la longue descente de ce col et 70 kilom\u00e8tres en faux plat montant jusqu&rsquo;\u00e0 l&rsquo;arriv\u00e9e.\u00a0<\/span><\/p>\n<h2 style=\"text-align: justify;\">\u00d3scar Sevilla dans l&rsquo;\u00e9chapp\u00e9e du jour<\/h2>\n<p style=\"text-align: justify;\"><span style=\"font-weight: 400;\">D&rsquo;abord, comme hier, une \u00e9chapp\u00e9e matinale importante s&rsquo;est form\u00e9e d\u00e8s les premiers kilom\u00e8tres. Aujourd&rsquo;hui, ils \u00e9taient dix \u00e0 ouvrir la route : <strong>Alessandro Santaromita<\/strong> (Green Project-Bardiani CSF-Faizan\u00e8), <strong>Stefano Gandin<\/strong> (Team Corratec), <strong>Tomas Contte<\/strong> (Aviludo &#8211; Louletano &#8211; Loul\u00e9 Concelho), le v\u00e9t\u00e9ran <strong>\u00d3scar Sevilla<\/strong> (Team Medellin &#8211; EPM), <strong>Jos\u00e9 Luis Rodriguez<\/strong> (Chili), <strong>Marcos Omar Mendez<\/strong> (Argentine), <strong>Jos\u00e9 Martin Reyes<\/strong> (Municipalidad de Pocito), <strong>Leandro Carlos Messineo<\/strong> (Chimbas Te Quiero), <strong>Gerardo Mat\u00edas Tivani<\/strong> et <strong>Wladimir Estefano Mart\u00ednez<\/strong> (Agrupaci\u00f3n Virgen de Fatima). <strong>Gerardo Mat\u00edas Tivani<\/strong> (Agrupaci\u00f3n Virgen de Fatima) a remport\u00e9 le sprint interm\u00e9diaire de Balde del Rosario.\u00a0<\/span><\/p>\n<p style=\"text-align: justify;\"><span style=\"font-weight: 400;\">Apr\u00e8s les 30 kilom\u00e8tres d&rsquo;ascension du col du jour, <strong>Tomas Contte<\/strong> (Aviludo &#8211; Louletano &#8211; Loul\u00e9 Concelho) a franchi en t\u00eate cette mont\u00e9e alors que les \u00e9quipes Bora Hansgrohe et Soudal Quick-Step ont contr\u00f4l\u00e9 l&rsquo;\u00e9cart avec les fuyards. L&rsquo;\u00e9cart a atteint au maximum 5 minutes.\u00a0<\/span><\/p>\n<p style=\"text-align: justify;\"><span style=\"font-weight: 400;\">Ensuite, l&rsquo;\u00e9chapp\u00e9e s&rsquo;est scind\u00e9e en deux d\u00e8s les premiers kilom\u00e8tres du long faux plat montant final tandis que son avance est pass\u00e9e sous les 2 minutes. Cinq hommes se sont retrouv\u00e9s en t\u00eate de la course. <strong>Gerardo Mat\u00edas Tivani<\/strong> (Agrupaci\u00f3n Virgen de Fatima) s&rsquo;est adjug\u00e9 le second sprint interm\u00e9diaire \u00e0 Puente Huaco.\u00a0<\/span><\/p>\n<p style=\"text-align: justify;\"><span style=\"font-weight: 400;\">Puis, <strong>Alessandro Santaromita<\/strong> (Green Project-Bardiani CSF-Faizan\u00e8) s&rsquo;est isol\u00e9 \u00e0 l&rsquo;avant de la course \u00e0 moins de 10 kilom\u00e8tres de l&rsquo;arriv\u00e9e mais le peloton s&rsquo;est rapproch\u00e9 \u00e0 moins de 30 secondes. Le coureur a \u00e9t\u00e9 finalement repris \u00e0 4 kilom\u00e8tres par un peloton emmen\u00e9 par les formations TotalEnergies, Soudal Quick-Step et INEOS Grenadiers. Comme la veille, le champion du monde <strong>Remco Evenepoel<\/strong> (Soudal Quick-Step) a encore produit un gros travail \u00e0 l&rsquo;avant du peloton.\u00a0<\/span><\/p>\n<h2 style=\"text-align: justify;\">Premier bouquet du Wolfpack en 2023<\/h2>\n<p style=\"text-align: justify;\"><span style=\"font-weight: 400;\">Finalement, le champion d&rsquo;Europe <strong>Fabio Jakobsen<\/strong> (Soudal Quick-Step) s&rsquo;est montr\u00e9 le plus rapide dans un sprint serr\u00e9 devant <strong>Fernando Gaviria<\/strong> (Movistar). L&rsquo;Espagnol <strong>Jon Aberasturi<\/strong> (Trek Segafredo) a compl\u00e9t\u00e9 le podium du jour devant <strong>Sam Bennett<\/strong> (Bora Hansgrohe) et <strong>German Nicol\u00e0s Tivani<\/strong> (Team Corratec).\u00a0<\/span><\/p>\n<p style=\"text-align: justify;\">Au classement g\u00e9n\u00e9ral,\u00a0<strong>Sam Bennett\u00a0<\/strong>(Bora Hansgrohe) reste leader devant <strong>Fabio Jakobsen\u00a0<\/strong>(Soudal Quick-Step). Demain, place \u00e0 une arriv\u00e9e un peu plus difficile \u00e0 l&rsquo;Autodrome de Villicum.<\/p>\n<blockquote class=\"twitter-tweet\">\n<p dir=\"ltr\" lang=\"es\">\ud83c\udfc6 Vuelta Internacional San Juan 2023\ud83c\udde6\ud83c\uddf7<\/p>\n<p>Tremendo final de la segunda etapa, la victoria qued\u00f3 para Fabio Jakobsen hombre del <a href=\"https:\/\/twitter.com\/soudalquickstep?ref_src=twsrc%5Etfw\">@soudalquickstep<\/a> con este \ud83d\udd59 4hs 22&prime; 23&Prime;.<\/p>\n<p>\ud83e\udd47 Fabio Jakobsen<br \/>\n\ud83e\udd48 Fernando Gaviria<br \/>\n\ud83e\udd49 Jon Aberasturi <a href=\"https:\/\/twitter.com\/hashtag\/DondeTodoEmpieza?src=hash&amp;ref_src=twsrc%5Etfw\">#DondeTodoEmpieza<\/a> <a href=\"https:\/\/twitter.com\/hashtag\/VueltaSJ2023?src=hash&amp;ref_src=twsrc%5Etfw\">#VueltaSJ2023<\/a> <a href=\"https:\/\/t.co\/s3gTz4sy2M\">pic.twitter.com\/s3gTz4sy2M<\/a><\/p>\n<p>\u2014 Vuelta a San Juan OK (@vueltasanjuanok) <a href=\"https:\/\/twitter.com\/vueltasanjuanok\/status\/1617644202871099395?ref_src=twsrc%5Etfw\">January 23, 2023<\/a><\/p><\/blockquote>\n<p><script async src=\"https:\/\/platform.twitter.com\/widgets.js\" charset=\"utf-8\"><\/script><\/p>\n<h2 style=\"text-align: justify;\">\u00c0 lire aussi<\/h2>\n<ul>\n<li style=\"text-align: justify;\"><a title=\"Tour de San Juan 2023 \u2013 Classement 2\u00e8me \u00e9tape\" href=\"https:\/\/dicodusport.fr\/blog\/tour-de-san-juan-2023-classement-2eme-etape\/\" target=\"_blank\" rel=\"noopener\"><b>Le classement de la deuxi\u00e8me \u00e9tape Tour de San Juan 2023<\/b><\/a><\/li>\n<li style=\"text-align: justify;\"><a href=\"https:\/\/dicodusport.fr\/blog\/tour-de-san-juan-2023-classement-general\/\"><strong>Le classement g\u00e9n\u00e9ral du Tour de San Juan 2023<\/strong><\/a><\/li>\n<\/ul>\n","protected":false},"excerpt":{"rendered":"<p>CYCLISME SUR ROUTE 2023 \u2013 Fabio Jakobsen (Soudal Quick-Step) s&rsquo;est impos\u00e9 au sprint sur la deuxi\u00e8me \u00e9tape du Tour de San Juan en Argentine, lundi. Il a devanc\u00e9\u00a0 Fernando Gaviria (Movistar) et Jon Aberasturi (Trek Segafredo).<\/p>\n","protected":false},"author":48,"featured_media":348034,"comment_status":"open","ping_status":"closed","sticky":false,"template":"","format":"standard","meta":{"_acf_changed":false,"_daextam_enable_autolinks":"","footnotes":""},"categories":[46994],"tags":[574,11270,9664],"class_list":["post-348004","post","type-post","status-publish","format-standard","has-post-thumbnail","hentry","category-cyclisme-sur-route","tag-cyclisme","tag-fabio-jakobsen","tag-tour-de-san-juan"],"acf":[],"yoast_head":"<!-- This site is optimized with the Yoast SEO Premium plugin v26.7 (Yoast SEO v26.7) - https:\/\/yoast.com\/wordpress\/plugins\/seo\/ -->\n<title>Tour de San Juan 2023 : Fabio Jakobsen gagne la deuxi\u00e8me \u00e9tape<\/title>\n<meta name=\"description\" content=\"CYCLISME SUR ROUTE 2023 \u2013 Fabio Jakobsen s&#039;est impos\u00e9 au sprint sur la deuxi\u00e8me \u00e9tape du Tour de San Juan, lundi.\" \/>\n<meta name=\"robots\" content=\"index, follow, max-snippet:-1, max-image-preview:large, max-video-preview:-1\" \/>\n<link rel=\"canonical\" href=\"https:\/\/dicodusport.fr\/blog\/tour-de-san-juan-2023-fabio-jakobsen-gagne-la-deuxieme-etape\/\" \/>\n<meta property=\"og:locale\" content=\"fr_FR\" \/>\n<meta property=\"og:type\" content=\"article\" \/>\n<meta property=\"og:title\" content=\"Tour de San Juan 2023 : Fabio Jakobsen gagne la deuxi\u00e8me \u00e9tape\" \/>\n<meta property=\"og:description\" content=\"CYCLISME SUR ROUTE 2023 \u2013 Fabio Jakobsen s&#039;est impos\u00e9 au sprint sur la deuxi\u00e8me \u00e9tape du Tour de San Juan, lundi.\" \/>\n<meta property=\"og:url\" content=\"https:\/\/dicodusport.fr\/blog\/tour-de-san-juan-2023-fabio-jakobsen-gagne-la-deuxieme-etape\/\" \/>\n<meta property=\"og:site_name\" content=\"Dicodusport\" \/>\n<meta property=\"article:publisher\" content=\"https:\/\/www.facebook.com\/dicodusport\" \/>\n<meta property=\"article:author\" content=\"https:\/\/www.facebook.com\/groups\/LesRoisDuPeloton\" \/>\n<meta property=\"article:published_time\" content=\"2023-01-23T22:30:15+00:00\" \/>\n<meta property=\"og:image\" content=\"https:\/\/dicodusport.fr\/blog\/wp-content\/uploads\/2023\/01\/Tour-de-San-Juan-2023-Fabio-Jakobsen-gagne-la-deuxieme-etape.jpg\" \/>\n\t<meta property=\"og:image:width\" content=\"800\" \/>\n\t<meta property=\"og:image:height\" content=\"445\" \/>\n\t<meta property=\"og:image:type\" content=\"image\/jpeg\" \/>\n<meta name=\"author\" content=\"Emilien Descampiaux\" \/>\n<meta name=\"twitter:card\" content=\"summary_large_image\" \/>\n<meta name=\"twitter:title\" content=\"Tour de San Juan 2023 : Fabio Jakobsen gagne la deuxi\u00e8me \u00e9tape\" \/>\n<meta name=\"twitter:creator\" content=\"@https:\/\/twitter.com\/LRoisDuPeloton\" \/>\n<meta name=\"twitter:site\" content=\"@dicodusport\" \/>\n<script type=\"application\/ld+json\" class=\"yoast-schema-graph\">{\"@context\":\"https:\/\/schema.org\",\"@graph\":[{\"@type\":\"NewsArticle\",\"@id\":\"https:\/\/dicodusport.fr\/blog\/tour-de-san-juan-2023-fabio-jakobsen-gagne-la-deuxieme-etape\/#article\",\"isPartOf\":{\"@id\":\"https:\/\/dicodusport.fr\/blog\/tour-de-san-juan-2023-fabio-jakobsen-gagne-la-deuxieme-etape\/\"},\"author\":{\"name\":\"Emilien Descampiaux\",\"@id\":\"https:\/\/dicodusport.fr\/blog\/#\/schema\/person\/6db4bae06b171592211be385b32876a7\"},\"headline\":\"Tour de San Juan 2023 : Fabio Jakobsen gagne la deuxi\u00e8me \u00e9tape\",\"datePublished\":\"2023-01-23T22:30:15+00:00\",\"mainEntityOfPage\":{\"@id\":\"https:\/\/dicodusport.fr\/blog\/tour-de-san-juan-2023-fabio-jakobsen-gagne-la-deuxieme-etape\/\"},\"wordCount\":564,\"commentCount\":0,\"publisher\":{\"@id\":\"https:\/\/dicodusport.fr\/blog\/#organization\"},\"image\":{\"@id\":\"https:\/\/dicodusport.fr\/blog\/tour-de-san-juan-2023-fabio-jakobsen-gagne-la-deuxieme-etape\/#primaryimage\"},\"thumbnailUrl\":\"https:\/\/dicodusport.fr\/blog\/wp-content\/uploads\/2023\/01\/Tour-de-San-Juan-2023-Fabio-Jakobsen-gagne-la-deuxieme-etape.jpg\",\"keywords\":[\"Cyclisme\",\"Fabio Jakobsen\",\"Tour de San Juan\"],\"articleSection\":[\"Cyclisme sur route\"],\"inLanguage\":\"fr-FR\",\"potentialAction\":[{\"@type\":\"CommentAction\",\"name\":\"Comment\",\"target\":[\"https:\/\/dicodusport.fr\/blog\/tour-de-san-juan-2023-fabio-jakobsen-gagne-la-deuxieme-etape\/#respond\"]}],\"copyrightYear\":\"2023\",\"copyrightHolder\":{\"@id\":\"https:\/\/dicodusport.fr\/blog\/#organization\"}},{\"@type\":\"WebPage\",\"@id\":\"https:\/\/dicodusport.fr\/blog\/tour-de-san-juan-2023-fabio-jakobsen-gagne-la-deuxieme-etape\/\",\"url\":\"https:\/\/dicodusport.fr\/blog\/tour-de-san-juan-2023-fabio-jakobsen-gagne-la-deuxieme-etape\/\",\"name\":\"Tour de San Juan 2023 : Fabio Jakobsen gagne la deuxi\u00e8me \u00e9tape\",\"isPartOf\":{\"@id\":\"https:\/\/dicodusport.fr\/blog\/#website\"},\"primaryImageOfPage\":{\"@id\":\"https:\/\/dicodusport.fr\/blog\/tour-de-san-juan-2023-fabio-jakobsen-gagne-la-deuxieme-etape\/#primaryimage\"},\"image\":{\"@id\":\"https:\/\/dicodusport.fr\/blog\/tour-de-san-juan-2023-fabio-jakobsen-gagne-la-deuxieme-etape\/#primaryimage\"},\"thumbnailUrl\":\"https:\/\/dicodusport.fr\/blog\/wp-content\/uploads\/2023\/01\/Tour-de-San-Juan-2023-Fabio-Jakobsen-gagne-la-deuxieme-etape.jpg\",\"datePublished\":\"2023-01-23T22:30:15+00:00\",\"description\":\"CYCLISME SUR ROUTE 2023 \u2013 Fabio Jakobsen s'est impos\u00e9 au sprint sur la deuxi\u00e8me \u00e9tape du Tour de San Juan, lundi.\",\"breadcrumb\":{\"@id\":\"https:\/\/dicodusport.fr\/blog\/tour-de-san-juan-2023-fabio-jakobsen-gagne-la-deuxieme-etape\/#breadcrumb\"},\"inLanguage\":\"fr-FR\",\"potentialAction\":[{\"@type\":\"ReadAction\",\"target\":[\"https:\/\/dicodusport.fr\/blog\/tour-de-san-juan-2023-fabio-jakobsen-gagne-la-deuxieme-etape\/\"]}]},{\"@type\":\"ImageObject\",\"inLanguage\":\"fr-FR\",\"@id\":\"https:\/\/dicodusport.fr\/blog\/tour-de-san-juan-2023-fabio-jakobsen-gagne-la-deuxieme-etape\/#primaryimage\",\"url\":\"https:\/\/dicodusport.fr\/blog\/wp-content\/uploads\/2023\/01\/Tour-de-San-Juan-2023-Fabio-Jakobsen-gagne-la-deuxieme-etape.jpg\",\"contentUrl\":\"https:\/\/dicodusport.fr\/blog\/wp-content\/uploads\/2023\/01\/Tour-de-San-Juan-2023-Fabio-Jakobsen-gagne-la-deuxieme-etape.jpg\",\"width\":800,\"height\":445,\"caption\":\"Tour de San Juan 2023 Fabio Jakobsen gagne la deuxi\u00e8me \u00e9tape\"},{\"@type\":\"BreadcrumbList\",\"@id\":\"https:\/\/dicodusport.fr\/blog\/tour-de-san-juan-2023-fabio-jakobsen-gagne-la-deuxieme-etape\/#breadcrumb\",\"itemListElement\":[{\"@type\":\"ListItem\",\"position\":1,\"name\":\"Accueil\",\"item\":\"https:\/\/dicodusport.fr\/blog\/\"},{\"@type\":\"ListItem\",\"position\":2,\"name\":\"Tour de San Juan 2023 : Fabio Jakobsen gagne la deuxi\u00e8me \u00e9tape\"}]},{\"@type\":\"WebSite\",\"@id\":\"https:\/\/dicodusport.fr\/blog\/#website\",\"url\":\"https:\/\/dicodusport.fr\/blog\/\",\"name\":\"Dicodusport\",\"description\":\"L&#039;encyclop\u00e9die de l&#039;actualit\u00e9 sportive\",\"publisher\":{\"@id\":\"https:\/\/dicodusport.fr\/blog\/#organization\"},\"potentialAction\":[{\"@type\":\"SearchAction\",\"target\":{\"@type\":\"EntryPoint\",\"urlTemplate\":\"https:\/\/dicodusport.fr\/blog\/?s={search_term_string}\"},\"query-input\":{\"@type\":\"PropertyValueSpecification\",\"valueRequired\":true,\"valueName\":\"search_term_string\"}}],\"inLanguage\":\"fr-FR\"},{\"@type\":\"NewsMediaOrganization\",\"@id\":\"https:\/\/dicodusport.fr\/blog\/#organization\",\"name\":\"Dicodusport\",\"url\":\"https:\/\/dicodusport.fr\/blog\/\",\"logo\":{\"@type\":\"ImageObject\",\"inLanguage\":\"fr-FR\",\"@id\":\"https:\/\/dicodusport.fr\/blog\/#\/schema\/logo\/image\/\",\"url\":\"https:\/\/dicodusport.fr\/blog\/wp-content\/uploads\/2020\/06\/cropped-LOGO-DICODUSPORT-2020-SANS-FOND-SANS-TEXTE.png\",\"contentUrl\":\"https:\/\/dicodusport.fr\/blog\/wp-content\/uploads\/2020\/06\/cropped-LOGO-DICODUSPORT-2020-SANS-FOND-SANS-TEXTE.png\",\"width\":512,\"height\":512,\"caption\":\"Dicodusport\"},\"image\":{\"@id\":\"https:\/\/dicodusport.fr\/blog\/#\/schema\/logo\/image\/\"},\"sameAs\":[\"https:\/\/www.facebook.com\/dicodusport\",\"https:\/\/x.com\/dicodusport\",\"https:\/\/www.instagram.com\/dicodusport\/\",\"https:\/\/www.youtube.com\/channel\/UC7V2KZ5sd3htJivAbA4ZG3w\"],\"description\":\"Dicodusport est l'encyclop\u00e9die de l'actualit\u00e9 sportive.\",\"email\":\"bonjour@dicodusport.fr\",\"legalName\":\"DICODUSPORT\",\"foundingDate\":\"2018-01-14\",\"vatID\":\"FR71834470973\",\"taxID\":\"83447097300043\",\"numberOfEmployees\":{\"@type\":\"QuantitativeValue\",\"minValue\":\"1\",\"maxValue\":\"10\"}},{\"@type\":\"Person\",\"@id\":\"https:\/\/dicodusport.fr\/blog\/#\/schema\/person\/6db4bae06b171592211be385b32876a7\",\"name\":\"Emilien Descampiaux\",\"image\":{\"@type\":\"ImageObject\",\"inLanguage\":\"fr-FR\",\"@id\":\"https:\/\/dicodusport.fr\/blog\/#\/schema\/person\/image\/\",\"url\":\"https:\/\/dicodusport.fr\/blog\/wp-content\/uploads\/2021\/05\/Emilien-Descampiaux-150x150.jpg\",\"contentUrl\":\"https:\/\/dicodusport.fr\/blog\/wp-content\/uploads\/2021\/05\/Emilien-Descampiaux-150x150.jpg\",\"caption\":\"Emilien Descampiaux\"},\"description\":\"Journaliste\/r\u00e9dacteur depuis 2014 - Fan de la classe de Frank Vandenbroucke, je vis cyclisme (et de ses paysages) depuis plus de 20 ans. Je suis tr\u00e8s impliqu\u00e9 sur mes diff\u00e9rents r\u00e9seaux sociaux pour partager ma passion sur le monde et l'Histoire de la bicyclette avec ma voix sur les images en noir et blanc du succ\u00e8s de Rik Van Steenbergen lors du Ronde sur le V\u00e9lodrome de Gand.\",\"sameAs\":[\"https:\/\/www.facebook.com\/groups\/LesRoisDuPeloton\",\"https:\/\/x.com\/https:\/\/twitter.com\/LRoisDuPeloton\"],\"url\":\"https:\/\/dicodusport.fr\/blog\/author\/emiliend\/\"}]}<\/script>\n<!-- \/ Yoast SEO Premium plugin. -->","yoast_head_json":{"title":"Tour de San Juan 2023 : Fabio Jakobsen gagne la deuxi\u00e8me \u00e9tape","description":"CYCLISME SUR ROUTE 2023 \u2013 Fabio Jakobsen s'est impos\u00e9 au sprint sur la deuxi\u00e8me \u00e9tape du Tour de San Juan, lundi.","robots":{"index":"index","follow":"follow","max-snippet":"max-snippet:-1","max-image-preview":"max-image-preview:large","max-video-preview":"max-video-preview:-1"},"canonical":"https:\/\/dicodusport.fr\/blog\/tour-de-san-juan-2023-fabio-jakobsen-gagne-la-deuxieme-etape\/","og_locale":"fr_FR","og_type":"article","og_title":"Tour de San Juan 2023 : Fabio Jakobsen gagne la deuxi\u00e8me \u00e9tape","og_description":"CYCLISME SUR ROUTE 2023 \u2013 Fabio Jakobsen s'est impos\u00e9 au sprint sur la deuxi\u00e8me \u00e9tape du Tour de San Juan, lundi.","og_url":"https:\/\/dicodusport.fr\/blog\/tour-de-san-juan-2023-fabio-jakobsen-gagne-la-deuxieme-etape\/","og_site_name":"Dicodusport","article_publisher":"https:\/\/www.facebook.com\/dicodusport","article_author":"https:\/\/www.facebook.com\/groups\/LesRoisDuPeloton","article_published_time":"2023-01-23T22:30:15+00:00","og_image":[{"width":800,"height":445,"url":"https:\/\/dicodusport.fr\/blog\/wp-content\/uploads\/2023\/01\/Tour-de-San-Juan-2023-Fabio-Jakobsen-gagne-la-deuxieme-etape.jpg","type":"image\/jpeg"}],"author":"Emilien Descampiaux","twitter_card":"summary_large_image","twitter_title":"Tour de San Juan 2023 : Fabio Jakobsen gagne la deuxi\u00e8me \u00e9tape","twitter_creator":"@https:\/\/twitter.com\/LRoisDuPeloton","twitter_site":"@dicodusport","schema":{"@context":"https:\/\/schema.org","@graph":[{"@type":"NewsArticle","@id":"https:\/\/dicodusport.fr\/blog\/tour-de-san-juan-2023-fabio-jakobsen-gagne-la-deuxieme-etape\/#article","isPartOf":{"@id":"https:\/\/dicodusport.fr\/blog\/tour-de-san-juan-2023-fabio-jakobsen-gagne-la-deuxieme-etape\/"},"author":{"name":"Emilien Descampiaux","@id":"https:\/\/dicodusport.fr\/blog\/#\/schema\/person\/6db4bae06b171592211be385b32876a7"},"headline":"Tour de San Juan 2023 : Fabio Jakobsen gagne la deuxi\u00e8me \u00e9tape","datePublished":"2023-01-23T22:30:15+00:00","mainEntityOfPage":{"@id":"https:\/\/dicodusport.fr\/blog\/tour-de-san-juan-2023-fabio-jakobsen-gagne-la-deuxieme-etape\/"},"wordCount":564,"commentCount":0,"publisher":{"@id":"https:\/\/dicodusport.fr\/blog\/#organization"},"image":{"@id":"https:\/\/dicodusport.fr\/blog\/tour-de-san-juan-2023-fabio-jakobsen-gagne-la-deuxieme-etape\/#primaryimage"},"thumbnailUrl":"https:\/\/dicodusport.fr\/blog\/wp-content\/uploads\/2023\/01\/Tour-de-San-Juan-2023-Fabio-Jakobsen-gagne-la-deuxieme-etape.jpg","keywords":["Cyclisme","Fabio Jakobsen","Tour de San Juan"],"articleSection":["Cyclisme sur route"],"inLanguage":"fr-FR","potentialAction":[{"@type":"CommentAction","name":"Comment","target":["https:\/\/dicodusport.fr\/blog\/tour-de-san-juan-2023-fabio-jakobsen-gagne-la-deuxieme-etape\/#respond"]}],"copyrightYear":"2023","copyrightHolder":{"@id":"https:\/\/dicodusport.fr\/blog\/#organization"}},{"@type":"WebPage","@id":"https:\/\/dicodusport.fr\/blog\/tour-de-san-juan-2023-fabio-jakobsen-gagne-la-deuxieme-etape\/","url":"https:\/\/dicodusport.fr\/blog\/tour-de-san-juan-2023-fabio-jakobsen-gagne-la-deuxieme-etape\/","name":"Tour de San Juan 2023 : Fabio Jakobsen gagne la deuxi\u00e8me \u00e9tape","isPartOf":{"@id":"https:\/\/dicodusport.fr\/blog\/#website"},"primaryImageOfPage":{"@id":"https:\/\/dicodusport.fr\/blog\/tour-de-san-juan-2023-fabio-jakobsen-gagne-la-deuxieme-etape\/#primaryimage"},"image":{"@id":"https:\/\/dicodusport.fr\/blog\/tour-de-san-juan-2023-fabio-jakobsen-gagne-la-deuxieme-etape\/#primaryimage"},"thumbnailUrl":"https:\/\/dicodusport.fr\/blog\/wp-content\/uploads\/2023\/01\/Tour-de-San-Juan-2023-Fabio-Jakobsen-gagne-la-deuxieme-etape.jpg","datePublished":"2023-01-23T22:30:15+00:00","description":"CYCLISME SUR ROUTE 2023 \u2013 Fabio Jakobsen s'est impos\u00e9 au sprint sur la deuxi\u00e8me \u00e9tape du Tour de San Juan, lundi.","breadcrumb":{"@id":"https:\/\/dicodusport.fr\/blog\/tour-de-san-juan-2023-fabio-jakobsen-gagne-la-deuxieme-etape\/#breadcrumb"},"inLanguage":"fr-FR","potentialAction":[{"@type":"ReadAction","target":["https:\/\/dicodusport.fr\/blog\/tour-de-san-juan-2023-fabio-jakobsen-gagne-la-deuxieme-etape\/"]}]},{"@type":"ImageObject","inLanguage":"fr-FR","@id":"https:\/\/dicodusport.fr\/blog\/tour-de-san-juan-2023-fabio-jakobsen-gagne-la-deuxieme-etape\/#primaryimage","url":"https:\/\/dicodusport.fr\/blog\/wp-content\/uploads\/2023\/01\/Tour-de-San-Juan-2023-Fabio-Jakobsen-gagne-la-deuxieme-etape.jpg","contentUrl":"https:\/\/dicodusport.fr\/blog\/wp-content\/uploads\/2023\/01\/Tour-de-San-Juan-2023-Fabio-Jakobsen-gagne-la-deuxieme-etape.jpg","width":800,"height":445,"caption":"Tour de San Juan 2023 Fabio Jakobsen gagne la deuxi\u00e8me \u00e9tape"},{"@type":"BreadcrumbList","@id":"https:\/\/dicodusport.fr\/blog\/tour-de-san-juan-2023-fabio-jakobsen-gagne-la-deuxieme-etape\/#breadcrumb","itemListElement":[{"@type":"ListItem","position":1,"name":"Accueil","item":"https:\/\/dicodusport.fr\/blog\/"},{"@type":"ListItem","position":2,"name":"Tour de San Juan 2023 : Fabio Jakobsen gagne la deuxi\u00e8me \u00e9tape"}]},{"@type":"WebSite","@id":"https:\/\/dicodusport.fr\/blog\/#website","url":"https:\/\/dicodusport.fr\/blog\/","name":"Dicodusport","description":"L&#039;encyclop\u00e9die de l&#039;actualit\u00e9 sportive","publisher":{"@id":"https:\/\/dicodusport.fr\/blog\/#organization"},"potentialAction":[{"@type":"SearchAction","target":{"@type":"EntryPoint","urlTemplate":"https:\/\/dicodusport.fr\/blog\/?s={search_term_string}"},"query-input":{"@type":"PropertyValueSpecification","valueRequired":true,"valueName":"search_term_string"}}],"inLanguage":"fr-FR"},{"@type":"NewsMediaOrganization","@id":"https:\/\/dicodusport.fr\/blog\/#organization","name":"Dicodusport","url":"https:\/\/dicodusport.fr\/blog\/","logo":{"@type":"ImageObject","inLanguage":"fr-FR","@id":"https:\/\/dicodusport.fr\/blog\/#\/schema\/logo\/image\/","url":"https:\/\/dicodusport.fr\/blog\/wp-content\/uploads\/2020\/06\/cropped-LOGO-DICODUSPORT-2020-SANS-FOND-SANS-TEXTE.png","contentUrl":"https:\/\/dicodusport.fr\/blog\/wp-content\/uploads\/2020\/06\/cropped-LOGO-DICODUSPORT-2020-SANS-FOND-SANS-TEXTE.png","width":512,"height":512,"caption":"Dicodusport"},"image":{"@id":"https:\/\/dicodusport.fr\/blog\/#\/schema\/logo\/image\/"},"sameAs":["https:\/\/www.facebook.com\/dicodusport","https:\/\/x.com\/dicodusport","https:\/\/www.instagram.com\/dicodusport\/","https:\/\/www.youtube.com\/channel\/UC7V2KZ5sd3htJivAbA4ZG3w"],"description":"Dicodusport est l'encyclop\u00e9die de l'actualit\u00e9 sportive.","email":"bonjour@dicodusport.fr","legalName":"DICODUSPORT","foundingDate":"2018-01-14","vatID":"FR71834470973","taxID":"83447097300043","numberOfEmployees":{"@type":"QuantitativeValue","minValue":"1","maxValue":"10"}},{"@type":"Person","@id":"https:\/\/dicodusport.fr\/blog\/#\/schema\/person\/6db4bae06b171592211be385b32876a7","name":"Emilien Descampiaux","image":{"@type":"ImageObject","inLanguage":"fr-FR","@id":"https:\/\/dicodusport.fr\/blog\/#\/schema\/person\/image\/","url":"https:\/\/dicodusport.fr\/blog\/wp-content\/uploads\/2021\/05\/Emilien-Descampiaux-150x150.jpg","contentUrl":"https:\/\/dicodusport.fr\/blog\/wp-content\/uploads\/2021\/05\/Emilien-Descampiaux-150x150.jpg","caption":"Emilien Descampiaux"},"description":"Journaliste\/r\u00e9dacteur depuis 2014 - Fan de la classe de Frank Vandenbroucke, je vis cyclisme (et de ses paysages) depuis plus de 20 ans. Je suis tr\u00e8s impliqu\u00e9 sur mes diff\u00e9rents r\u00e9seaux sociaux pour partager ma passion sur le monde et l'Histoire de la bicyclette avec ma voix sur les images en noir et blanc du succ\u00e8s de Rik Van Steenbergen lors du Ronde sur le V\u00e9lodrome de Gand.","sameAs":["https:\/\/www.facebook.com\/groups\/LesRoisDuPeloton","https:\/\/x.com\/https:\/\/twitter.com\/LRoisDuPeloton"],"url":"https:\/\/dicodusport.fr\/blog\/author\/emiliend\/"}]}},"_links":{"self":[{"href":"https:\/\/dicodusport.fr\/blog\/wp-json\/wp\/v2\/posts\/348004","targetHints":{"allow":["GET"]}}],"collection":[{"href":"https:\/\/dicodusport.fr\/blog\/wp-json\/wp\/v2\/posts"}],"about":[{"href":"https:\/\/dicodusport.fr\/blog\/wp-json\/wp\/v2\/types\/post"}],"author":[{"embeddable":true,"href":"https:\/\/dicodusport.fr\/blog\/wp-json\/wp\/v2\/users\/48"}],"replies":[{"embeddable":true,"href":"https:\/\/dicodusport.fr\/blog\/wp-json\/wp\/v2\/comments?post=348004"}],"version-history":[{"count":0,"href":"https:\/\/dicodusport.fr\/blog\/wp-json\/wp\/v2\/posts\/348004\/revisions"}],"wp:featuredmedia":[{"embeddable":true,"href":"https:\/\/dicodusport.fr\/blog\/wp-json\/wp\/v2\/media\/348034"}],"wp:attachment":[{"href":"https:\/\/dicodusport.fr\/blog\/wp-json\/wp\/v2\/media?parent=348004"}],"wp:term":[{"taxonomy":"category","embeddable":true,"href":"https:\/\/dicodusport.fr\/blog\/wp-json\/wp\/v2\/categories?post=348004"},{"taxonomy":"post_tag","embeddable":true,"href":"https:\/\/dicodusport.fr\/blog\/wp-json\/wp\/v2\/tags?post=348004"}],"curies":[{"name":"wp","href":"https:\/\/api.w.org\/{rel}","templated":true}]}}