{"id":348105,"date":"2023-01-24T14:26:57","date_gmt":"2023-01-24T13:26:57","guid":{"rendered":"https:\/\/dicodusport.fr\/blog\/?p=348105&#038;preview=true&#038;preview_id=348105"},"modified":"2023-01-24T16:16:59","modified_gmt":"2023-01-24T15:16:59","slug":"geant-kronplatz-la-victoire-et-le-record-pour-mikaela-shiffrin","status":"publish","type":"post","link":"https:\/\/dicodusport.fr\/blog\/geant-kronplatz-la-victoire-et-le-record-pour-mikaela-shiffrin\/","title":{"rendered":"G\u00e9ant Kronplatz : La victoire et le record pour Mikaela Shiffrin !"},"content":{"rendered":"<p style=\"text-align: justify;\"><b><i><a href=\"https:\/\/dicodusport.fr\/blog\/actualites\/sports-dhiver\/ski\/coupe-du-monde-ski-alpin-2022-2023\/\">COUPE DU MONDE DE SKI ALPIN 2022-2023<\/a> &#8211; Le record de Lindsey Vonn a fini par tomber. Apr\u00e8s quelques semaines d&rsquo;attente, Mikaela Shiffrin est enfin all\u00e9e chercher son 83\u00e8me succ\u00e8s en carri\u00e8re \u00e0 Kronplatz, devan\u00e7ant Lara Gut-Behrami et Federica Brignone.\u00a0<\/i><\/b><\/p>\n<p style=\"text-align: justify;\">Moins \u00e9clatante depuis quelques courses, <strong>Mikaela Shiffrin<\/strong> avait toujours le record de <strong>Lindsey Vonn<\/strong> dans le viseur, <a href=\"https:\/\/dicodusport.fr\/blog\/geant-kranjska-gora-mikaela-shiffrin-signe-son-82eme-succes-en-coupe-du-monde\/\">apr\u00e8s l&rsquo;avoir \u00e9gal\u00e9 le 8 janvier dernier<\/a>. Ainsi, elle a d\u00e9montr\u00e9 son ambition en prenant les commandes de la premi\u00e8re manche du g\u00e9ant. Seules deux skieuses, <strong>Lara Gut-Behrami<\/strong>\u00a0et <strong>Federica Brignone<\/strong>, ont tenu le rythme de l&rsquo;Am\u00e9ricaine, la quatri\u00e8me, Val\u00e9rie Grenier, \u00e9tant repouss\u00e9e \u00e0 76 centi\u00e8mes.<\/p>\n<blockquote class=\"twitter-tweet\">\n<p dir=\"ltr\" lang=\"fr\">[Jour de G\u00e9ant] Premier classement provisoire<br \/>\nMikaela Shiffrin a \u00e9t\u00e9 la plus rapide devant Lara Gut-Behrami (+ 0.13) et Federica Brignone (+0.27)<\/p>\n<p>\u2014 Top Ski News (@Top_Ski_News) <a href=\"https:\/\/twitter.com\/Top_Ski_News\/status\/1617819246637256704?ref_src=twsrc%5Etfw\">January 24, 2023<\/a><\/p><\/blockquote>\n<p style=\"text-align: justify;\"><script async src=\"https:\/\/platform.twitter.com\/widgets.js\" charset=\"utf-8\"><\/script><\/p>\n<p style=\"text-align: justify;\">C\u00f4t\u00e9 fran\u00e7ais, la premi\u00e8re manche a \u00e9t\u00e9 compliqu\u00e9e. <strong>Tessa Worley<\/strong> \u00e9tait bien huiti\u00e8me, mais \u00e0 <strong>1.31<\/strong> de la t\u00eate. Quant \u00e0 <strong>Coralie Frasse Sombet,<\/strong> elle est pass\u00e9e \u00e0 c\u00f4t\u00e9 malgr\u00e9 un dossard avantageux, rejet\u00e9e \u00e0 plus de 2 secondes. <strong>Clara Direz<\/strong>, elle, a \u00e9chou\u00e9 \u00e0 36 centi\u00e8mes de la qualification.<\/p>\n<h2 style=\"text-align: justify;\">Intouchable Shiffrin<\/h2>\n<p style=\"text-align: justify;\">Ce n&rsquo;\u00e9tait d\u00e9finitivement pas le jour de<strong> Coralie Frasse Sombet<\/strong>. Sa deuxi\u00e8me manche sera tout aussi anonyme que la premi\u00e8re, et lui vaudra une 24\u00e8me place finale assez d\u00e9cevante compte tenu de ce qu&rsquo;elle a pu montrer cette saison. Par contre,<strong> Tessa Worley<\/strong> a montr\u00e9 un bien meilleur visage. Agressive, la skieuse du Grand-Bornand a livr\u00e9 un mur solide, et pris la t\u00eate des op\u00e9rations devant la championne olympique <strong>Sara Hector<\/strong>, elle aussi d\u00e9cevante en premi\u00e8re manche.<\/p>\n<p style=\"text-align: justify;\">Ne restait plus qu&rsquo;\u00e0 attendre le passage des sept derni\u00e8res. Si la Tricolore va gagner quelques places et terminer 5\u00e8me au final, elle ne montera pas sur le podium, du fait d&rsquo;un retard trop important sur la premi\u00e8re manche. Le podium ne bougera pas, et pourtant, <strong>Lara Gut-Behrami<\/strong> va livrer un second trac\u00e9 \u00e9norme, mais rien \u00e0 faire contre la Reine<strong> Mikaela Shiffrin<\/strong>, qui va, en r\u00e9ponse, tout simplement remporter les deux manches et la course ! La voil\u00e0 seule au monde, puisque cette 83\u00e8me victoire lui permet donc de devancer son illustre a\u00een\u00e9e. Reste le record toutes cat\u00e9gories d&rsquo;<strong>Ingemar Stenmark<\/strong> (86 victoires) dans le viseur.<\/p>\n<blockquote class=\"twitter-tweet\">\n<p dir=\"ltr\" lang=\"fr\">Une championne tout terrain : le record de victoires en Coupe du monde de Mikaela Shiffrin en d\u00e9tail <a href=\"https:\/\/twitter.com\/hashtag\/ChaletClub?src=hash&amp;ref_src=twsrc%5Etfw\">#ChaletClub<\/a> <a href=\"https:\/\/t.co\/BaBT248vFs\">pic.twitter.com\/BaBT248vFs<\/a><\/p>\n<p>\u2014 Eurosport France (@Eurosport_FR) <a href=\"https:\/\/twitter.com\/Eurosport_FR\/status\/1617881920628482048?ref_src=twsrc%5Etfw\">January 24, 2023<\/a><\/p><\/blockquote>\n<p><script async src=\"https:\/\/platform.twitter.com\/widgets.js\" charset=\"utf-8\"><\/script><\/p>\n<h2 style=\"text-align: justify;\">\u00c0 lire aussi<\/h2>\n<ul>\n<li style=\"text-align: justify;\"><a href=\"https:\/\/dicodusport.fr\/blog\/classement-geant-femmes-kronplatz-2023\/\"><strong>Le classement du g\u00e9ant de Kronplatz<\/strong><\/a><\/li>\n<li style=\"text-align: justify;\"><a href=\"https:\/\/dicodusport.fr\/blog\/classement-general-femmes-coupe-du-monde-ski-alpin-2022-2023\/\"><strong>Le classement g\u00e9n\u00e9ral de la Coupe du monde de ski alpin<\/strong><\/a><\/li>\n<li style=\"text-align: justify;\"><a href=\"https:\/\/dicodusport.fr\/blog\/calendrier-et-resultats-coupe-du-monde-ski-alpin-femmes-2022-2023\/\"><strong>Calendrier et r\u00e9sultats de la Coupe du monde de ski alpin<\/strong><\/a><\/li>\n<\/ul>\n","protected":false},"excerpt":{"rendered":"<p>COUPE DU MONDE DE SKI ALPIN 2022-2023 &#8211; Le record de Lindsey Vonn a fini par tomber. Apr\u00e8s quelques semaines d&rsquo;attente, Mikaela Shiffrin est enfin all\u00e9e chercher son 83\u00e8me succ\u00e8s en carri\u00e8re \u00e0 Kronplatz, devan\u00e7ant Lara Gut-Behrami et Federica Brignone.\u00a0<\/p>\n","protected":false},"author":59,"featured_media":348206,"comment_status":"open","ping_status":"closed","sticky":false,"template":"","format":"standard","meta":{"_acf_changed":false,"_daextam_enable_autolinks":"","footnotes":""},"categories":[47084],"tags":[13894,3542,2233,24],"class_list":["post-348105","post","type-post","status-publish","format-standard","has-post-thumbnail","hentry","category-coupe-du-monde-ski-alpin","tag-geant-de-kronplatz","tag-mikaela-shiffrin","tag-ski-alpin","tag-sport"],"acf":[],"yoast_head":"<!-- This site is optimized with the Yoast SEO Premium plugin v26.7 (Yoast SEO v26.7) - https:\/\/yoast.com\/wordpress\/plugins\/seo\/ -->\n<title>G\u00e9ant Kronplatz : La victoire et le record pour Mikaela Shiffrin !<\/title>\n<meta name=\"description\" content=\"COUPE DU MONDE DE SKI ALPIN 2022-2023 - Mikaela Shiffrin est enfin all\u00e9e chercher son 83\u00e8me succ\u00e8s en carri\u00e8re \u00e0 Kronplatz,\" \/>\n<meta name=\"robots\" content=\"index, follow, max-snippet:-1, max-image-preview:large, max-video-preview:-1\" \/>\n<link rel=\"canonical\" href=\"https:\/\/dicodusport.fr\/blog\/geant-kronplatz-la-victoire-et-le-record-pour-mikaela-shiffrin\/\" \/>\n<meta property=\"og:locale\" content=\"fr_FR\" \/>\n<meta property=\"og:type\" content=\"article\" \/>\n<meta property=\"og:title\" content=\"G\u00e9ant Kronplatz : La victoire et le record pour Mikaela Shiffrin !\" \/>\n<meta property=\"og:description\" content=\"COUPE DU MONDE DE SKI ALPIN 2022-2023 - Mikaela Shiffrin est enfin all\u00e9e chercher son 83\u00e8me succ\u00e8s en carri\u00e8re \u00e0 Kronplatz,\" \/>\n<meta property=\"og:url\" content=\"https:\/\/dicodusport.fr\/blog\/geant-kronplatz-la-victoire-et-le-record-pour-mikaela-shiffrin\/\" \/>\n<meta property=\"og:site_name\" content=\"Dicodusport\" \/>\n<meta property=\"article:publisher\" content=\"https:\/\/www.facebook.com\/dicodusport\" \/>\n<meta property=\"article:author\" content=\"https:\/\/www.facebook.com\/sebastien.gente\/\" \/>\n<meta property=\"article:published_time\" content=\"2023-01-24T13:26:57+00:00\" \/>\n<meta property=\"article:modified_time\" content=\"2023-01-24T15:16:59+00:00\" \/>\n<meta property=\"og:image\" content=\"https:\/\/dicodusport.fr\/blog\/wp-content\/uploads\/2023\/01\/Geant-Kronplatz-La-victoire-et-le-record-pour-Mikaela-Shiffrin-1-1.png\" \/>\n\t<meta property=\"og:image:width\" content=\"800\" \/>\n\t<meta property=\"og:image:height\" content=\"445\" \/>\n\t<meta property=\"og:image:type\" content=\"image\/png\" \/>\n<meta name=\"author\" content=\"S\u00e9bastien Gente\" \/>\n<meta name=\"twitter:card\" content=\"summary_large_image\" \/>\n<meta name=\"twitter:title\" content=\"G\u00e9ant Kronplatz : La victoire et le record pour Mikaela Shiffrin !\" \/>\n<meta name=\"twitter:creator\" content=\"@https:\/\/twitter.com\/globulo24\" \/>\n<meta name=\"twitter:site\" content=\"@dicodusport\" \/>\n<script type=\"application\/ld+json\" class=\"yoast-schema-graph\">{\"@context\":\"https:\/\/schema.org\",\"@graph\":[{\"@type\":\"NewsArticle\",\"@id\":\"https:\/\/dicodusport.fr\/blog\/geant-kronplatz-la-victoire-et-le-record-pour-mikaela-shiffrin\/#article\",\"isPartOf\":{\"@id\":\"https:\/\/dicodusport.fr\/blog\/geant-kronplatz-la-victoire-et-le-record-pour-mikaela-shiffrin\/\"},\"author\":{\"name\":\"S\u00e9bastien Gente\",\"@id\":\"https:\/\/dicodusport.fr\/blog\/#\/schema\/person\/627966a6cde45dbd8c5e36ac85d783da\"},\"headline\":\"G\u00e9ant Kronplatz : La victoire et le record pour Mikaela Shiffrin !\",\"datePublished\":\"2023-01-24T13:26:57+00:00\",\"dateModified\":\"2023-01-24T15:16:59+00:00\",\"mainEntityOfPage\":{\"@id\":\"https:\/\/dicodusport.fr\/blog\/geant-kronplatz-la-victoire-et-le-record-pour-mikaela-shiffrin\/\"},\"wordCount\":469,\"commentCount\":0,\"publisher\":{\"@id\":\"https:\/\/dicodusport.fr\/blog\/#organization\"},\"image\":{\"@id\":\"https:\/\/dicodusport.fr\/blog\/geant-kronplatz-la-victoire-et-le-record-pour-mikaela-shiffrin\/#primaryimage\"},\"thumbnailUrl\":\"https:\/\/dicodusport.fr\/blog\/wp-content\/uploads\/2023\/01\/Geant-Kronplatz-La-victoire-et-le-record-pour-Mikaela-Shiffrin-1-1.png\",\"keywords\":[\"G\u00e9ant de Kronplatz\",\"Mikaela Shiffrin\",\"Ski alpin\",\"sport\"],\"articleSection\":[\"Coupe du monde de ski alpin\"],\"inLanguage\":\"fr-FR\",\"potentialAction\":[{\"@type\":\"CommentAction\",\"name\":\"Comment\",\"target\":[\"https:\/\/dicodusport.fr\/blog\/geant-kronplatz-la-victoire-et-le-record-pour-mikaela-shiffrin\/#respond\"]}],\"copyrightYear\":\"2023\",\"copyrightHolder\":{\"@id\":\"https:\/\/dicodusport.fr\/blog\/#organization\"}},{\"@type\":\"WebPage\",\"@id\":\"https:\/\/dicodusport.fr\/blog\/geant-kronplatz-la-victoire-et-le-record-pour-mikaela-shiffrin\/\",\"url\":\"https:\/\/dicodusport.fr\/blog\/geant-kronplatz-la-victoire-et-le-record-pour-mikaela-shiffrin\/\",\"name\":\"G\u00e9ant Kronplatz : La victoire et le record pour Mikaela Shiffrin !\",\"isPartOf\":{\"@id\":\"https:\/\/dicodusport.fr\/blog\/#website\"},\"primaryImageOfPage\":{\"@id\":\"https:\/\/dicodusport.fr\/blog\/geant-kronplatz-la-victoire-et-le-record-pour-mikaela-shiffrin\/#primaryimage\"},\"image\":{\"@id\":\"https:\/\/dicodusport.fr\/blog\/geant-kronplatz-la-victoire-et-le-record-pour-mikaela-shiffrin\/#primaryimage\"},\"thumbnailUrl\":\"https:\/\/dicodusport.fr\/blog\/wp-content\/uploads\/2023\/01\/Geant-Kronplatz-La-victoire-et-le-record-pour-Mikaela-Shiffrin-1-1.png\",\"datePublished\":\"2023-01-24T13:26:57+00:00\",\"dateModified\":\"2023-01-24T15:16:59+00:00\",\"description\":\"COUPE DU MONDE DE SKI ALPIN 2022-2023 - Mikaela Shiffrin est enfin all\u00e9e chercher son 83\u00e8me succ\u00e8s en carri\u00e8re \u00e0 Kronplatz,\",\"breadcrumb\":{\"@id\":\"https:\/\/dicodusport.fr\/blog\/geant-kronplatz-la-victoire-et-le-record-pour-mikaela-shiffrin\/#breadcrumb\"},\"inLanguage\":\"fr-FR\",\"potentialAction\":[{\"@type\":\"ReadAction\",\"target\":[\"https:\/\/dicodusport.fr\/blog\/geant-kronplatz-la-victoire-et-le-record-pour-mikaela-shiffrin\/\"]}]},{\"@type\":\"ImageObject\",\"inLanguage\":\"fr-FR\",\"@id\":\"https:\/\/dicodusport.fr\/blog\/geant-kronplatz-la-victoire-et-le-record-pour-mikaela-shiffrin\/#primaryimage\",\"url\":\"https:\/\/dicodusport.fr\/blog\/wp-content\/uploads\/2023\/01\/Geant-Kronplatz-La-victoire-et-le-record-pour-Mikaela-Shiffrin-1-1.png\",\"contentUrl\":\"https:\/\/dicodusport.fr\/blog\/wp-content\/uploads\/2023\/01\/Geant-Kronplatz-La-victoire-et-le-record-pour-Mikaela-Shiffrin-1-1.png\",\"width\":800,\"height\":445,\"caption\":\"G\u00e9ant Kronplatz La victoire et le record pour Mikaela Shiffrin !\"},{\"@type\":\"BreadcrumbList\",\"@id\":\"https:\/\/dicodusport.fr\/blog\/geant-kronplatz-la-victoire-et-le-record-pour-mikaela-shiffrin\/#breadcrumb\",\"itemListElement\":[{\"@type\":\"ListItem\",\"position\":1,\"name\":\"Accueil\",\"item\":\"https:\/\/dicodusport.fr\/blog\/\"},{\"@type\":\"ListItem\",\"position\":2,\"name\":\"G\u00e9ant Kronplatz : La victoire et le record pour Mikaela Shiffrin !\"}]},{\"@type\":\"WebSite\",\"@id\":\"https:\/\/dicodusport.fr\/blog\/#website\",\"url\":\"https:\/\/dicodusport.fr\/blog\/\",\"name\":\"Dicodusport\",\"description\":\"L&#039;encyclop\u00e9die de l&#039;actualit\u00e9 sportive\",\"publisher\":{\"@id\":\"https:\/\/dicodusport.fr\/blog\/#organization\"},\"potentialAction\":[{\"@type\":\"SearchAction\",\"target\":{\"@type\":\"EntryPoint\",\"urlTemplate\":\"https:\/\/dicodusport.fr\/blog\/?s={search_term_string}\"},\"query-input\":{\"@type\":\"PropertyValueSpecification\",\"valueRequired\":true,\"valueName\":\"search_term_string\"}}],\"inLanguage\":\"fr-FR\"},{\"@type\":\"NewsMediaOrganization\",\"@id\":\"https:\/\/dicodusport.fr\/blog\/#organization\",\"name\":\"Dicodusport\",\"url\":\"https:\/\/dicodusport.fr\/blog\/\",\"logo\":{\"@type\":\"ImageObject\",\"inLanguage\":\"fr-FR\",\"@id\":\"https:\/\/dicodusport.fr\/blog\/#\/schema\/logo\/image\/\",\"url\":\"https:\/\/dicodusport.fr\/blog\/wp-content\/uploads\/2020\/06\/cropped-LOGO-DICODUSPORT-2020-SANS-FOND-SANS-TEXTE.png\",\"contentUrl\":\"https:\/\/dicodusport.fr\/blog\/wp-content\/uploads\/2020\/06\/cropped-LOGO-DICODUSPORT-2020-SANS-FOND-SANS-TEXTE.png\",\"width\":512,\"height\":512,\"caption\":\"Dicodusport\"},\"image\":{\"@id\":\"https:\/\/dicodusport.fr\/blog\/#\/schema\/logo\/image\/\"},\"sameAs\":[\"https:\/\/www.facebook.com\/dicodusport\",\"https:\/\/x.com\/dicodusport\",\"https:\/\/www.instagram.com\/dicodusport\/\",\"https:\/\/www.youtube.com\/channel\/UC7V2KZ5sd3htJivAbA4ZG3w\"],\"description\":\"Dicodusport est l'encyclop\u00e9die de l'actualit\u00e9 sportive.\",\"email\":\"bonjour@dicodusport.fr\",\"legalName\":\"DICODUSPORT\",\"foundingDate\":\"2018-01-14\",\"vatID\":\"FR71834470973\",\"taxID\":\"83447097300043\",\"numberOfEmployees\":{\"@type\":\"QuantitativeValue\",\"minValue\":\"1\",\"maxValue\":\"10\"}},{\"@type\":\"Person\",\"@id\":\"https:\/\/dicodusport.fr\/blog\/#\/schema\/person\/627966a6cde45dbd8c5e36ac85d783da\",\"name\":\"S\u00e9bastien Gente\",\"image\":{\"@type\":\"ImageObject\",\"inLanguage\":\"fr-FR\",\"@id\":\"https:\/\/dicodusport.fr\/blog\/#\/schema\/person\/image\/\",\"url\":\"https:\/\/dicodusport.fr\/blog\/wp-content\/uploads\/2021\/09\/1510990_10205810251400683_4124423575079401707_n-150x150.jpg\",\"contentUrl\":\"https:\/\/dicodusport.fr\/blog\/wp-content\/uploads\/2021\/09\/1510990_10205810251400683_4124423575079401707_n-150x150.jpg\",\"caption\":\"S\u00e9bastien Gente\"},\"description\":\"John Stockton, Gianni Bugno, Zinedine Zidane, Steffi Graf, Frode Andresen, St\u00e9phane Stoecklin, Davis Kamoga, Primoz Peterka, Werner Schlager et Aur\u00e9lien Rougerie. Point commun entre ces sportifs? Ils m'ont fait r\u00eaver et ont berc\u00e9 mon adolescence. Je suis un fondu de sports et j'essaie de retranscrire ma passion \u00e0 travers mes articles. Originaire du P\u00e9rigord, ma passion pour les Girondins, les Jaunards et les Jazzmen transpire dans mes \u00e9crits. \u00c0 Dicodusport depuis 2021, je d\u00e9niche les sports m\u00e9connus dans lesquels la France brille, et il y en a !\",\"sameAs\":[\"https:\/\/www.facebook.com\/sebastien.gente\/\",\"https:\/\/www.instagram.com\/sebgente\/\",\"https:\/\/www.linkedin.com\/in\/sbastien-gente-a29583169\/\",\"https:\/\/x.com\/https:\/\/twitter.com\/globulo24\",\"SebastienGente\"],\"worksFor\":\"S\u00e9bastien GENTE\",\"url\":\"https:\/\/dicodusport.fr\/blog\/author\/sebastiengente\/\"}]}<\/script>\n<!-- \/ Yoast SEO Premium plugin. -->","yoast_head_json":{"title":"G\u00e9ant Kronplatz : La victoire et le record pour Mikaela Shiffrin !","description":"COUPE DU MONDE DE SKI ALPIN 2022-2023 - Mikaela Shiffrin est enfin all\u00e9e chercher son 83\u00e8me succ\u00e8s en carri\u00e8re \u00e0 Kronplatz,","robots":{"index":"index","follow":"follow","max-snippet":"max-snippet:-1","max-image-preview":"max-image-preview:large","max-video-preview":"max-video-preview:-1"},"canonical":"https:\/\/dicodusport.fr\/blog\/geant-kronplatz-la-victoire-et-le-record-pour-mikaela-shiffrin\/","og_locale":"fr_FR","og_type":"article","og_title":"G\u00e9ant Kronplatz : La victoire et le record pour Mikaela Shiffrin !","og_description":"COUPE DU MONDE DE SKI ALPIN 2022-2023 - Mikaela Shiffrin est enfin all\u00e9e chercher son 83\u00e8me succ\u00e8s en carri\u00e8re \u00e0 Kronplatz,","og_url":"https:\/\/dicodusport.fr\/blog\/geant-kronplatz-la-victoire-et-le-record-pour-mikaela-shiffrin\/","og_site_name":"Dicodusport","article_publisher":"https:\/\/www.facebook.com\/dicodusport","article_author":"https:\/\/www.facebook.com\/sebastien.gente\/","article_published_time":"2023-01-24T13:26:57+00:00","article_modified_time":"2023-01-24T15:16:59+00:00","og_image":[{"width":800,"height":445,"url":"https:\/\/dicodusport.fr\/blog\/wp-content\/uploads\/2023\/01\/Geant-Kronplatz-La-victoire-et-le-record-pour-Mikaela-Shiffrin-1-1.png","type":"image\/png"}],"author":"S\u00e9bastien Gente","twitter_card":"summary_large_image","twitter_title":"G\u00e9ant Kronplatz : La victoire et le record pour Mikaela Shiffrin !","twitter_creator":"@https:\/\/twitter.com\/globulo24","twitter_site":"@dicodusport","schema":{"@context":"https:\/\/schema.org","@graph":[{"@type":"NewsArticle","@id":"https:\/\/dicodusport.fr\/blog\/geant-kronplatz-la-victoire-et-le-record-pour-mikaela-shiffrin\/#article","isPartOf":{"@id":"https:\/\/dicodusport.fr\/blog\/geant-kronplatz-la-victoire-et-le-record-pour-mikaela-shiffrin\/"},"author":{"name":"S\u00e9bastien Gente","@id":"https:\/\/dicodusport.fr\/blog\/#\/schema\/person\/627966a6cde45dbd8c5e36ac85d783da"},"headline":"G\u00e9ant Kronplatz : La victoire et le record pour Mikaela Shiffrin !","datePublished":"2023-01-24T13:26:57+00:00","dateModified":"2023-01-24T15:16:59+00:00","mainEntityOfPage":{"@id":"https:\/\/dicodusport.fr\/blog\/geant-kronplatz-la-victoire-et-le-record-pour-mikaela-shiffrin\/"},"wordCount":469,"commentCount":0,"publisher":{"@id":"https:\/\/dicodusport.fr\/blog\/#organization"},"image":{"@id":"https:\/\/dicodusport.fr\/blog\/geant-kronplatz-la-victoire-et-le-record-pour-mikaela-shiffrin\/#primaryimage"},"thumbnailUrl":"https:\/\/dicodusport.fr\/blog\/wp-content\/uploads\/2023\/01\/Geant-Kronplatz-La-victoire-et-le-record-pour-Mikaela-Shiffrin-1-1.png","keywords":["G\u00e9ant de Kronplatz","Mikaela Shiffrin","Ski alpin","sport"],"articleSection":["Coupe du monde de ski alpin"],"inLanguage":"fr-FR","potentialAction":[{"@type":"CommentAction","name":"Comment","target":["https:\/\/dicodusport.fr\/blog\/geant-kronplatz-la-victoire-et-le-record-pour-mikaela-shiffrin\/#respond"]}],"copyrightYear":"2023","copyrightHolder":{"@id":"https:\/\/dicodusport.fr\/blog\/#organization"}},{"@type":"WebPage","@id":"https:\/\/dicodusport.fr\/blog\/geant-kronplatz-la-victoire-et-le-record-pour-mikaela-shiffrin\/","url":"https:\/\/dicodusport.fr\/blog\/geant-kronplatz-la-victoire-et-le-record-pour-mikaela-shiffrin\/","name":"G\u00e9ant Kronplatz : La victoire et le record pour Mikaela Shiffrin !","isPartOf":{"@id":"https:\/\/dicodusport.fr\/blog\/#website"},"primaryImageOfPage":{"@id":"https:\/\/dicodusport.fr\/blog\/geant-kronplatz-la-victoire-et-le-record-pour-mikaela-shiffrin\/#primaryimage"},"image":{"@id":"https:\/\/dicodusport.fr\/blog\/geant-kronplatz-la-victoire-et-le-record-pour-mikaela-shiffrin\/#primaryimage"},"thumbnailUrl":"https:\/\/dicodusport.fr\/blog\/wp-content\/uploads\/2023\/01\/Geant-Kronplatz-La-victoire-et-le-record-pour-Mikaela-Shiffrin-1-1.png","datePublished":"2023-01-24T13:26:57+00:00","dateModified":"2023-01-24T15:16:59+00:00","description":"COUPE DU MONDE DE SKI ALPIN 2022-2023 - Mikaela Shiffrin est enfin all\u00e9e chercher son 83\u00e8me succ\u00e8s en carri\u00e8re \u00e0 Kronplatz,","breadcrumb":{"@id":"https:\/\/dicodusport.fr\/blog\/geant-kronplatz-la-victoire-et-le-record-pour-mikaela-shiffrin\/#breadcrumb"},"inLanguage":"fr-FR","potentialAction":[{"@type":"ReadAction","target":["https:\/\/dicodusport.fr\/blog\/geant-kronplatz-la-victoire-et-le-record-pour-mikaela-shiffrin\/"]}]},{"@type":"ImageObject","inLanguage":"fr-FR","@id":"https:\/\/dicodusport.fr\/blog\/geant-kronplatz-la-victoire-et-le-record-pour-mikaela-shiffrin\/#primaryimage","url":"https:\/\/dicodusport.fr\/blog\/wp-content\/uploads\/2023\/01\/Geant-Kronplatz-La-victoire-et-le-record-pour-Mikaela-Shiffrin-1-1.png","contentUrl":"https:\/\/dicodusport.fr\/blog\/wp-content\/uploads\/2023\/01\/Geant-Kronplatz-La-victoire-et-le-record-pour-Mikaela-Shiffrin-1-1.png","width":800,"height":445,"caption":"G\u00e9ant Kronplatz La victoire et le record pour Mikaela Shiffrin !"},{"@type":"BreadcrumbList","@id":"https:\/\/dicodusport.fr\/blog\/geant-kronplatz-la-victoire-et-le-record-pour-mikaela-shiffrin\/#breadcrumb","itemListElement":[{"@type":"ListItem","position":1,"name":"Accueil","item":"https:\/\/dicodusport.fr\/blog\/"},{"@type":"ListItem","position":2,"name":"G\u00e9ant Kronplatz : La victoire et le record pour Mikaela Shiffrin !"}]},{"@type":"WebSite","@id":"https:\/\/dicodusport.fr\/blog\/#website","url":"https:\/\/dicodusport.fr\/blog\/","name":"Dicodusport","description":"L&#039;encyclop\u00e9die de l&#039;actualit\u00e9 sportive","publisher":{"@id":"https:\/\/dicodusport.fr\/blog\/#organization"},"potentialAction":[{"@type":"SearchAction","target":{"@type":"EntryPoint","urlTemplate":"https:\/\/dicodusport.fr\/blog\/?s={search_term_string}"},"query-input":{"@type":"PropertyValueSpecification","valueRequired":true,"valueName":"search_term_string"}}],"inLanguage":"fr-FR"},{"@type":"NewsMediaOrganization","@id":"https:\/\/dicodusport.fr\/blog\/#organization","name":"Dicodusport","url":"https:\/\/dicodusport.fr\/blog\/","logo":{"@type":"ImageObject","inLanguage":"fr-FR","@id":"https:\/\/dicodusport.fr\/blog\/#\/schema\/logo\/image\/","url":"https:\/\/dicodusport.fr\/blog\/wp-content\/uploads\/2020\/06\/cropped-LOGO-DICODUSPORT-2020-SANS-FOND-SANS-TEXTE.png","contentUrl":"https:\/\/dicodusport.fr\/blog\/wp-content\/uploads\/2020\/06\/cropped-LOGO-DICODUSPORT-2020-SANS-FOND-SANS-TEXTE.png","width":512,"height":512,"caption":"Dicodusport"},"image":{"@id":"https:\/\/dicodusport.fr\/blog\/#\/schema\/logo\/image\/"},"sameAs":["https:\/\/www.facebook.com\/dicodusport","https:\/\/x.com\/dicodusport","https:\/\/www.instagram.com\/dicodusport\/","https:\/\/www.youtube.com\/channel\/UC7V2KZ5sd3htJivAbA4ZG3w"],"description":"Dicodusport est l'encyclop\u00e9die de l'actualit\u00e9 sportive.","email":"bonjour@dicodusport.fr","legalName":"DICODUSPORT","foundingDate":"2018-01-14","vatID":"FR71834470973","taxID":"83447097300043","numberOfEmployees":{"@type":"QuantitativeValue","minValue":"1","maxValue":"10"}},{"@type":"Person","@id":"https:\/\/dicodusport.fr\/blog\/#\/schema\/person\/627966a6cde45dbd8c5e36ac85d783da","name":"S\u00e9bastien Gente","image":{"@type":"ImageObject","inLanguage":"fr-FR","@id":"https:\/\/dicodusport.fr\/blog\/#\/schema\/person\/image\/","url":"https:\/\/dicodusport.fr\/blog\/wp-content\/uploads\/2021\/09\/1510990_10205810251400683_4124423575079401707_n-150x150.jpg","contentUrl":"https:\/\/dicodusport.fr\/blog\/wp-content\/uploads\/2021\/09\/1510990_10205810251400683_4124423575079401707_n-150x150.jpg","caption":"S\u00e9bastien Gente"},"description":"John Stockton, Gianni Bugno, Zinedine Zidane, Steffi Graf, Frode Andresen, St\u00e9phane Stoecklin, Davis Kamoga, Primoz Peterka, Werner Schlager et Aur\u00e9lien Rougerie. Point commun entre ces sportifs? Ils m'ont fait r\u00eaver et ont berc\u00e9 mon adolescence. Je suis un fondu de sports et j'essaie de retranscrire ma passion \u00e0 travers mes articles. Originaire du P\u00e9rigord, ma passion pour les Girondins, les Jaunards et les Jazzmen transpire dans mes \u00e9crits. \u00c0 Dicodusport depuis 2021, je d\u00e9niche les sports m\u00e9connus dans lesquels la France brille, et il y en a !","sameAs":["https:\/\/www.facebook.com\/sebastien.gente\/","https:\/\/www.instagram.com\/sebgente\/","https:\/\/www.linkedin.com\/in\/sbastien-gente-a29583169\/","https:\/\/x.com\/https:\/\/twitter.com\/globulo24","SebastienGente"],"worksFor":"S\u00e9bastien GENTE","url":"https:\/\/dicodusport.fr\/blog\/author\/sebastiengente\/"}]}},"_links":{"self":[{"href":"https:\/\/dicodusport.fr\/blog\/wp-json\/wp\/v2\/posts\/348105","targetHints":{"allow":["GET"]}}],"collection":[{"href":"https:\/\/dicodusport.fr\/blog\/wp-json\/wp\/v2\/posts"}],"about":[{"href":"https:\/\/dicodusport.fr\/blog\/wp-json\/wp\/v2\/types\/post"}],"author":[{"embeddable":true,"href":"https:\/\/dicodusport.fr\/blog\/wp-json\/wp\/v2\/users\/59"}],"replies":[{"embeddable":true,"href":"https:\/\/dicodusport.fr\/blog\/wp-json\/wp\/v2\/comments?post=348105"}],"version-history":[{"count":0,"href":"https:\/\/dicodusport.fr\/blog\/wp-json\/wp\/v2\/posts\/348105\/revisions"}],"wp:featuredmedia":[{"embeddable":true,"href":"https:\/\/dicodusport.fr\/blog\/wp-json\/wp\/v2\/media\/348206"}],"wp:attachment":[{"href":"https:\/\/dicodusport.fr\/blog\/wp-json\/wp\/v2\/media?parent=348105"}],"wp:term":[{"taxonomy":"category","embeddable":true,"href":"https:\/\/dicodusport.fr\/blog\/wp-json\/wp\/v2\/categories?post=348105"},{"taxonomy":"post_tag","embeddable":true,"href":"https:\/\/dicodusport.fr\/blog\/wp-json\/wp\/v2\/tags?post=348105"}],"curies":[{"name":"wp","href":"https:\/\/api.w.org\/{rel}","templated":true}]}}