{"id":348113,"date":"2023-01-24T14:05:07","date_gmt":"2023-01-24T13:05:07","guid":{"rendered":"https:\/\/dicodusport.fr\/blog\/?p=348113&#038;preview=true&#038;preview_id=348113"},"modified":"2023-01-24T16:07:57","modified_gmt":"2023-01-24T15:07:57","slug":"equipe-de-france-hockey-sur-glace-un-rassemblement-crucial-en-hongrie-avant-les-mondiaux","status":"publish","type":"post","link":"https:\/\/dicodusport.fr\/blog\/equipe-de-france-hockey-sur-glace-un-rassemblement-crucial-en-hongrie-avant-les-mondiaux\/","title":{"rendered":"\u00c9quipe de France Hockey sur glace\u00a0: Un rassemblement crucial en Hongrie avant les Mondiaux"},"content":{"rendered":"<p align=\"justify\"><i><b><a href=\"https:\/\/dicodusport.fr\/blog\/?s=hockey+sur+glace\">HOCKEY SUR GLACE<\/a> \u2013 \u00c0 moins de deux mois et demi des Championnats du Monde \u00c9lite, l\u2019\u00c9quipe de France dispute un tournoi \u00e0 Budapest au mois de f\u00e9vrier. Pour l\u2019occasion, de nouvelles joueuses sont int\u00e9gr\u00e9es \u00e0 un groupe toujours extr\u00eamement jeune, en l\u2019absence de quelques cadres incontournables.<\/b><\/i><\/p>\n<p style=\"text-align: justify;\" align=\"justify\">Comme leurs homologues masculins, les f\u00e9minines de l\u2019<b>\u00c9quipe de France<\/b> sont en pleine pr\u00e9paration pour le <b>Mondial \u00c9lite<\/b>. Du 6 au 18 avril prochain, les filles de <b>Gr\u00e9gory Tarl\u00e9<\/b> seront au Canada avec pour unique but de se maintenir. Une t\u00e2che qui ne sera pas \u00e9vidente au lendemain de la retraite de nombreuses cadres, et avec un statut de promu d\u00e9croch\u00e9 en mai dernier \u00e0 Angers.<\/p>\n<h2 style=\"text-align: justify;\" align=\"justify\">Moins de 22 ans de moyenne d\u2019\u00e2ge<\/h2>\n<p align=\"justify\">Ainsi, le s\u00e9lectionneur tricolore profite du<b> Tournoi des <\/b><b>5<\/b><b> Nations<\/b> organis\u00e9 \u00e0 <b>Budapest<\/b> pour int\u00e9grer de nouvelles joueuses au groupe potentiellement s\u00e9lectionnable. <b>La moyenne d\u2019\u00e2ge des 22 joueuses s\u00e9lectionn\u00e9es ne d\u00e9passe m\u00eame pas les 22 ans (21,86 !)<\/b>. Seules <b>Lore Baudrit<\/b> (31) et <b>Betty Jouanny <\/b>(31) ont d\u00e9pass\u00e9 la trentaine pour un total de huit joueuses n\u00e9es avant 2000.<\/p>\n<p align=\"justify\">Parmi elles, plusieurs ont sans doute gagn\u00e9 leurs galons d\u2019internationales seniors gr\u00e2ce \u00e0 leurs prestations lors des <a href=\"https:\/\/dicodusport.fr\/blog\/?s=mondiaux+D1A+U18\">Mondiaux D1A U18 disput\u00e9s il y a une dizaine de jours en Su\u00e8de<\/a>. En effet, si <b>Perrine Lavorel<\/b> (Annecy) et <b>Elina Zilliox <\/b>(Strasbourg) ont d\u00e9j\u00e0 eu droit \u00e0 une convocation chacune, <b>Chlo\u00e9 Gentien<\/b> (La Roche-sur-Yon) et <b>Sehena Galbrun<\/b> (Grenoble) auront droit \u00e0 leur premi\u00e8re. La g\u00e9n\u00e9ration 2005 est donc pr\u00e9sente en force, accompagn\u00e9e d\u2019autres jeunes joueuses destin\u00e9es \u00e0 prendre la rel\u00e8ve \u00e0 moyen terme.<\/p>\n<p align=\"justify\">C\u2019est le cas notamment d\u2019<b>Emma Nonnenmacher<\/b> ou de <b>Shana Casanova<\/b>, toutes deux pr\u00e9sentes \u00e0 l\u2019int\u00e9gralit\u00e9 des rassemblements de la saison, et qui compl\u00e8tent une g\u00e9n\u00e9ration 2004 tr\u00e8s int\u00e9ressante aux c\u00f4t\u00e9s de Jade Barbirati et Manon Le Scodan, toutes deux laiss\u00e9es \u00e0 disposition de leur club au Canada pour le voyage en Hongrie.<\/p>\n<h2 style=\"text-align: justify;\" align=\"justify\">Des places \u00e0 gagner pour le Canada<\/h2>\n<p align=\"justify\">Devant le filet, la rotation se poursuit entre les quatre gardiennes en concurrence. Cette fois-ci, c\u2019est Charlotte Cagigos qui est laiss\u00e9e \u00e0 la maison. <b>Margaux Mameri<\/b> est elle une nouvelle fois pr\u00e9sente avec <b>Justine Crousy Th\u00e9ode<\/b> tandis que <b>Caroline Lambert<\/b> retrouve naturellement sa place, forte de son exp\u00e9rience dans le championnat suisse. En d\u00e9fense, <strong>Marie-Pierre P\u00e9lissou<\/strong> et <strong>Sophie Leclerc<\/strong> repr\u00e9sentent des gages d\u2019exp\u00e9rience pour entourer la rel\u00e8ve (L\u00e9a Berger, Lucie Quarto\u2026) dans un secteur durement frapp\u00e9 par les retraites.<\/p>\n<p align=\"justify\">En ce qui concerne l\u2019offensive, <strong>Chlo\u00e9 Aurard<\/strong> est la grande absente une nouvelle fois en raison de son importance capitale en NCAA \u00e0 Northeastern. Sinon, pas de grosses surprises \u00e0 signaler. Certaines joueuses \u00e9voluant en Am\u00e9rique du Nord resteront outre-Atlantique (Jade Barbirati, Julia Mesplede, Manon Le Scodan), ce qui permettra \u00e0 d\u2019autres de b\u00e9n\u00e9ficier de minutes plus int\u00e9ressantes pour s\u2019exprimer \u00e0 l\u2019image de<b> Lisa Cedelle<\/b> ou <b>Margot Desvignes<\/b>. Les places pour le <b>Mondial \u00c9lite <\/b>vont donc \u00eatre ch\u00e8res alors que les postulantes pour compl\u00e9ter la liste autour des cadres ind\u00e9boulonnables se font nombreuses\u00a0!<\/p>\n<blockquote class=\"twitter-tweet\">\n<p dir=\"ltr\" lang=\"fr\">\ud83d\udce9 \ud835\udc0b\ud835\udc1a \ud835\udc25\ud835\udc22\ud835\udc2c\ud835\udc2d\ud835\udc1e des joueuses s\u00e9lectionn\u00e9es par Gr\u00e9gory Tarl\u00e9 pour le Tournoi 5 Nations de Budapest du 6 au 12 f\u00e9vrier \ud83d\udd1c<\/p>\n<p>Au programme \ud83d\uddd3\ufe0f\u2935\ufe0f<\/p>\n<p>\ud83d\udc49 Jeudi 9 : SVK \ud83c\uddf8\ud83c\uddf0\ud83c\udd9a\ud83c\uddeb\ud83c\uddf7 FRA<br \/>\n\ud83d\udc49 Vendredi 10 : NOR \ud83c\uddf3\ud83c\uddf4\ud83c\udd9a\ud83c\uddeb\ud83c\uddf7 FRA<br \/>\n\ud83d\udc49 Samedi 11 : HUN \ud83c\udded\ud83c\uddfa\ud83c\udd9a\ud83c\uddeb\ud83c\uddf7 FRA<\/p>\n<p><a href=\"https:\/\/twitter.com\/hashtag\/TeamFranceHockey?src=hash&amp;ref_src=twsrc%5Etfw\">#TeamFranceHockey<\/a> <a href=\"https:\/\/t.co\/hUULYU3out\">pic.twitter.com\/hUULYU3out<\/a><\/p>\n<p>\u2014 \u00c9quipes de France Hockey (@Hockey_FRA) <a href=\"https:\/\/twitter.com\/Hockey_FRA\/status\/1617480116128616450?ref_src=twsrc%5Etfw\">January 23, 2023<\/a><\/p><\/blockquote>\n<p><script async src=\"https:\/\/platform.twitter.com\/widgets.js\" charset=\"utf-8\"><\/script><\/p>\n<h3 style=\"text-align: justify;\" align=\"justify\">Le programme des Bleues\u00a0:<\/h3>\n<p style=\"text-align: justify;\" align=\"justify\"><i>Jeudi 9 f\u00e9vrier :<\/i> Slovaquie \u2013 FRANCE (16h30)<\/p>\n<p style=\"text-align: justify;\" align=\"justify\"><i>Vendredi 10 f\u00e9vrier :<\/i> FRANCE \u2013 Norv\u00e8ge (20h00)<\/p>\n<p style=\"text-align: justify;\" align=\"justify\"><i>Samedi 11 f\u00e9vrier : <\/i>Hongrie \u2013 FRANCE (16h30)<\/p>\n<h3 align=\"justify\">La s\u00e9lection compl\u00e8te\u00a0:<\/h3>\n<p style=\"text-align: justify;\" align=\"justify\"><i><b>Gardiennes\u00a0:<\/b><\/i> Justine CROUSY TH\u00c9ODE (Reims), Caroline LAMBERT (HC Thurgau, SUI), Margaux MAMERI (Evry\/Ivry).<\/p>\n<p style=\"text-align: justify;\" align=\"justify\"><i><b>D\u00e9fenseures\u00a0:<\/b><\/i> L\u00e9a BERGER (Cegep Saint-Laurent, CAN), Perrine LAVOREL (Annecy), Sophie LECLERC (Valence), Louanne MERMIER (Cegep Montr\u00e9al, CAN), Marie-Pierre PELISSOU (Thoune, SUI), Lucie QUARTO (Cergy-Pontoise), Elina ZILLIOX (Strasbourg).<\/p>\n<p style=\"text-align: justify;\" align=\"justify\"><i><b>Attaquantes\u00a0:<\/b><\/i> Lore BAUDRIT (Link\u00f6ping, SUE), Shana CASANOVA (Mulhouse), Lisa CEDELLE (Cegep Saint-Laurent, CAN), Margot DESVIGNES (Falun, SUE), Estelle DUVIN (Thoune, SUI), Betty JOUANNY (Fribourg, SUI), Flavie GAYDON (Universit\u00e9 Moncton, CAN), Sehana GALBRUN (Grenoble), Chlo\u00e9 GENTIEN (La Roche-sur-Yon), Emma NONNENMACHER (Cegep DAWSON, CAN), Clara ROZIER (IFK Helsinki, FIN), Ana\u00e9 SIMON (Caen).<\/p>\n","protected":false},"excerpt":{"rendered":"<p>HOCKEY SUR GLACE \u2013 \u00c0 moins de deux mois et demi des Championnats du Monde \u00c9lite, l\u2019\u00c9quipe de France dispute un tournoi \u00e0 Budapest au mois de f\u00e9vrier. Pour l\u2019occasion, de nouvelles joueuses sont int\u00e9gr\u00e9es \u00e0 un groupe toujours extr\u00eamement jeune, en l\u2019absence de quelques cadres incontournables<\/p>\n","protected":false},"author":55,"featured_media":348176,"comment_status":"open","ping_status":"closed","sticky":false,"template":"","format":"standard","meta":{"_acf_changed":false,"_daextam_enable_autolinks":"","footnotes":""},"categories":[10575],"tags":[5161,7840,199,20379],"class_list":["post-348113","post","type-post","status-publish","format-standard","has-post-thumbnail","hentry","category-hockey-sur-glace","tag-bleues","tag-budapest","tag-equipe-de-france","tag-gregory-tarle"],"acf":[],"yoast_head":"<!-- This site is optimized with the Yoast SEO Premium plugin v26.7 (Yoast SEO v26.7) - https:\/\/yoast.com\/wordpress\/plugins\/seo\/ -->\n<title>\u00c9quipe de France Hockey sur glace\u00a0: Un rassemblement crucial en Hongrie avant les Mondiaux<\/title>\n<meta name=\"description\" content=\"Retour sur la liste de l&#039;\u00c9quipe de France f\u00e9minine d\u00e9voil\u00e9e pour le Tournoi des 5 Nations de Budapest en f\u00e9vrier prochain.\" \/>\n<meta name=\"robots\" content=\"index, follow, max-snippet:-1, max-image-preview:large, max-video-preview:-1\" \/>\n<link rel=\"canonical\" href=\"https:\/\/dicodusport.fr\/blog\/equipe-de-france-hockey-sur-glace-un-rassemblement-crucial-en-hongrie-avant-les-mondiaux\/\" \/>\n<meta property=\"og:locale\" content=\"fr_FR\" \/>\n<meta property=\"og:type\" content=\"article\" \/>\n<meta property=\"og:title\" content=\"\u00c9quipe de France Hockey sur glace\u00a0: Un rassemblement crucial en Hongrie avant les Mondiaux\" \/>\n<meta property=\"og:description\" content=\"Retour sur la liste de l&#039;\u00c9quipe de France f\u00e9minine d\u00e9voil\u00e9e pour le Tournoi des 5 Nations de Budapest en f\u00e9vrier prochain.\" \/>\n<meta property=\"og:url\" content=\"https:\/\/dicodusport.fr\/blog\/equipe-de-france-hockey-sur-glace-un-rassemblement-crucial-en-hongrie-avant-les-mondiaux\/\" \/>\n<meta property=\"og:site_name\" content=\"Dicodusport\" \/>\n<meta property=\"article:publisher\" content=\"https:\/\/www.facebook.com\/dicodusport\" \/>\n<meta property=\"article:published_time\" content=\"2023-01-24T13:05:07+00:00\" \/>\n<meta property=\"article:modified_time\" content=\"2023-01-24T15:07:57+00:00\" \/>\n<meta property=\"og:image\" content=\"https:\/\/dicodusport.fr\/blog\/wp-content\/uploads\/2023\/01\/Equipe-de-France-Hockey-sur-glace-Un-rassemblement-crucial-en-Hongrie-avant-les-Mondiaux.png\" \/>\n\t<meta property=\"og:image:width\" content=\"800\" \/>\n\t<meta property=\"og:image:height\" content=\"445\" \/>\n\t<meta property=\"og:image:type\" content=\"image\/png\" \/>\n<meta name=\"author\" content=\"Maxime Cazenave\" \/>\n<meta name=\"twitter:card\" content=\"summary_large_image\" \/>\n<meta name=\"twitter:title\" content=\"\u00c9quipe de France Hockey sur glace\u00a0: Un rassemblement crucial en Hongrie avant les Mondiaux\" \/>\n<meta name=\"twitter:creator\" content=\"@https:\/\/twitter.com\/Maxime_Caze\" \/>\n<meta name=\"twitter:site\" content=\"@dicodusport\" \/>\n<script type=\"application\/ld+json\" class=\"yoast-schema-graph\">{\"@context\":\"https:\/\/schema.org\",\"@graph\":[{\"@type\":\"NewsArticle\",\"@id\":\"https:\/\/dicodusport.fr\/blog\/equipe-de-france-hockey-sur-glace-un-rassemblement-crucial-en-hongrie-avant-les-mondiaux\/#article\",\"isPartOf\":{\"@id\":\"https:\/\/dicodusport.fr\/blog\/equipe-de-france-hockey-sur-glace-un-rassemblement-crucial-en-hongrie-avant-les-mondiaux\/\"},\"author\":{\"name\":\"Maxime Cazenave\",\"@id\":\"https:\/\/dicodusport.fr\/blog\/#\/schema\/person\/37def232098a7a5cbab3974a3690abb0\"},\"headline\":\"\u00c9quipe de France Hockey sur glace\u00a0: Un rassemblement crucial en Hongrie avant les Mondiaux\",\"datePublished\":\"2023-01-24T13:05:07+00:00\",\"dateModified\":\"2023-01-24T15:07:57+00:00\",\"mainEntityOfPage\":{\"@id\":\"https:\/\/dicodusport.fr\/blog\/equipe-de-france-hockey-sur-glace-un-rassemblement-crucial-en-hongrie-avant-les-mondiaux\/\"},\"wordCount\":714,\"commentCount\":0,\"publisher\":{\"@id\":\"https:\/\/dicodusport.fr\/blog\/#organization\"},\"image\":{\"@id\":\"https:\/\/dicodusport.fr\/blog\/equipe-de-france-hockey-sur-glace-un-rassemblement-crucial-en-hongrie-avant-les-mondiaux\/#primaryimage\"},\"thumbnailUrl\":\"https:\/\/dicodusport.fr\/blog\/wp-content\/uploads\/2023\/01\/Equipe-de-France-Hockey-sur-glace-Un-rassemblement-crucial-en-Hongrie-avant-les-Mondiaux.png\",\"keywords\":[\"Bleues\",\"Budapest\",\"\u00c9quipe de France\",\"Gr\u00e9gory Tarl\u00e9\"],\"articleSection\":[\"Hockey sur glace\"],\"inLanguage\":\"fr-FR\",\"potentialAction\":[{\"@type\":\"CommentAction\",\"name\":\"Comment\",\"target\":[\"https:\/\/dicodusport.fr\/blog\/equipe-de-france-hockey-sur-glace-un-rassemblement-crucial-en-hongrie-avant-les-mondiaux\/#respond\"]}],\"copyrightYear\":\"2023\",\"copyrightHolder\":{\"@id\":\"https:\/\/dicodusport.fr\/blog\/#organization\"}},{\"@type\":\"WebPage\",\"@id\":\"https:\/\/dicodusport.fr\/blog\/equipe-de-france-hockey-sur-glace-un-rassemblement-crucial-en-hongrie-avant-les-mondiaux\/\",\"url\":\"https:\/\/dicodusport.fr\/blog\/equipe-de-france-hockey-sur-glace-un-rassemblement-crucial-en-hongrie-avant-les-mondiaux\/\",\"name\":\"\u00c9quipe de France Hockey sur glace\u00a0: Un rassemblement crucial en Hongrie avant les Mondiaux\",\"isPartOf\":{\"@id\":\"https:\/\/dicodusport.fr\/blog\/#website\"},\"primaryImageOfPage\":{\"@id\":\"https:\/\/dicodusport.fr\/blog\/equipe-de-france-hockey-sur-glace-un-rassemblement-crucial-en-hongrie-avant-les-mondiaux\/#primaryimage\"},\"image\":{\"@id\":\"https:\/\/dicodusport.fr\/blog\/equipe-de-france-hockey-sur-glace-un-rassemblement-crucial-en-hongrie-avant-les-mondiaux\/#primaryimage\"},\"thumbnailUrl\":\"https:\/\/dicodusport.fr\/blog\/wp-content\/uploads\/2023\/01\/Equipe-de-France-Hockey-sur-glace-Un-rassemblement-crucial-en-Hongrie-avant-les-Mondiaux.png\",\"datePublished\":\"2023-01-24T13:05:07+00:00\",\"dateModified\":\"2023-01-24T15:07:57+00:00\",\"description\":\"Retour sur la liste de l'\u00c9quipe de France f\u00e9minine d\u00e9voil\u00e9e pour le Tournoi des 5 Nations de Budapest en f\u00e9vrier prochain.\",\"breadcrumb\":{\"@id\":\"https:\/\/dicodusport.fr\/blog\/equipe-de-france-hockey-sur-glace-un-rassemblement-crucial-en-hongrie-avant-les-mondiaux\/#breadcrumb\"},\"inLanguage\":\"fr-FR\",\"potentialAction\":[{\"@type\":\"ReadAction\",\"target\":[\"https:\/\/dicodusport.fr\/blog\/equipe-de-france-hockey-sur-glace-un-rassemblement-crucial-en-hongrie-avant-les-mondiaux\/\"]}]},{\"@type\":\"ImageObject\",\"inLanguage\":\"fr-FR\",\"@id\":\"https:\/\/dicodusport.fr\/blog\/equipe-de-france-hockey-sur-glace-un-rassemblement-crucial-en-hongrie-avant-les-mondiaux\/#primaryimage\",\"url\":\"https:\/\/dicodusport.fr\/blog\/wp-content\/uploads\/2023\/01\/Equipe-de-France-Hockey-sur-glace-Un-rassemblement-crucial-en-Hongrie-avant-les-Mondiaux.png\",\"contentUrl\":\"https:\/\/dicodusport.fr\/blog\/wp-content\/uploads\/2023\/01\/Equipe-de-France-Hockey-sur-glace-Un-rassemblement-crucial-en-Hongrie-avant-les-Mondiaux.png\",\"width\":800,\"height\":445,\"caption\":\"\u00c9quipe de France Hockey sur glace\u00a0 Un rassemblement crucial en Hongrie avant les Mondiaux\"},{\"@type\":\"BreadcrumbList\",\"@id\":\"https:\/\/dicodusport.fr\/blog\/equipe-de-france-hockey-sur-glace-un-rassemblement-crucial-en-hongrie-avant-les-mondiaux\/#breadcrumb\",\"itemListElement\":[{\"@type\":\"ListItem\",\"position\":1,\"name\":\"Accueil\",\"item\":\"https:\/\/dicodusport.fr\/blog\/\"},{\"@type\":\"ListItem\",\"position\":2,\"name\":\"\u00c9quipe de France Hockey sur glace\u00a0: Un rassemblement crucial en Hongrie avant les Mondiaux\"}]},{\"@type\":\"WebSite\",\"@id\":\"https:\/\/dicodusport.fr\/blog\/#website\",\"url\":\"https:\/\/dicodusport.fr\/blog\/\",\"name\":\"Dicodusport\",\"description\":\"L&#039;encyclop\u00e9die de l&#039;actualit\u00e9 sportive\",\"publisher\":{\"@id\":\"https:\/\/dicodusport.fr\/blog\/#organization\"},\"potentialAction\":[{\"@type\":\"SearchAction\",\"target\":{\"@type\":\"EntryPoint\",\"urlTemplate\":\"https:\/\/dicodusport.fr\/blog\/?s={search_term_string}\"},\"query-input\":{\"@type\":\"PropertyValueSpecification\",\"valueRequired\":true,\"valueName\":\"search_term_string\"}}],\"inLanguage\":\"fr-FR\"},{\"@type\":\"NewsMediaOrganization\",\"@id\":\"https:\/\/dicodusport.fr\/blog\/#organization\",\"name\":\"Dicodusport\",\"url\":\"https:\/\/dicodusport.fr\/blog\/\",\"logo\":{\"@type\":\"ImageObject\",\"inLanguage\":\"fr-FR\",\"@id\":\"https:\/\/dicodusport.fr\/blog\/#\/schema\/logo\/image\/\",\"url\":\"https:\/\/dicodusport.fr\/blog\/wp-content\/uploads\/2020\/06\/cropped-LOGO-DICODUSPORT-2020-SANS-FOND-SANS-TEXTE.png\",\"contentUrl\":\"https:\/\/dicodusport.fr\/blog\/wp-content\/uploads\/2020\/06\/cropped-LOGO-DICODUSPORT-2020-SANS-FOND-SANS-TEXTE.png\",\"width\":512,\"height\":512,\"caption\":\"Dicodusport\"},\"image\":{\"@id\":\"https:\/\/dicodusport.fr\/blog\/#\/schema\/logo\/image\/\"},\"sameAs\":[\"https:\/\/www.facebook.com\/dicodusport\",\"https:\/\/x.com\/dicodusport\",\"https:\/\/www.instagram.com\/dicodusport\/\",\"https:\/\/www.youtube.com\/channel\/UC7V2KZ5sd3htJivAbA4ZG3w\"],\"description\":\"Dicodusport est l'encyclop\u00e9die de l'actualit\u00e9 sportive.\",\"email\":\"bonjour@dicodusport.fr\",\"legalName\":\"DICODUSPORT\",\"foundingDate\":\"2018-01-14\",\"vatID\":\"FR71834470973\",\"taxID\":\"83447097300043\",\"numberOfEmployees\":{\"@type\":\"QuantitativeValue\",\"minValue\":\"1\",\"maxValue\":\"10\"}},{\"@type\":\"Person\",\"@id\":\"https:\/\/dicodusport.fr\/blog\/#\/schema\/person\/37def232098a7a5cbab3974a3690abb0\",\"name\":\"Maxime Cazenave\",\"image\":{\"@type\":\"ImageObject\",\"inLanguage\":\"fr-FR\",\"@id\":\"https:\/\/dicodusport.fr\/blog\/#\/schema\/person\/image\/\",\"url\":\"https:\/\/dicodusport.fr\/blog\/wp-content\/uploads\/2021\/05\/Maxime-Cazenave-150x150.jpg\",\"contentUrl\":\"https:\/\/dicodusport.fr\/blog\/wp-content\/uploads\/2021\/05\/Maxime-Cazenave-150x150.jpg\",\"caption\":\"Maxime Cazenave\"},\"description\":\"Journaliste\/R\u00e9dacteur depuis 2012 - Berc\u00e9 par l\u2019amour des Girondins de Bordeaux, les \u00e9checs de Christophe Moreau sur le Tour de France sous l'\u00e8re Lance Armstrong et le fade-away l\u00e9tal de Dirk Nowitzki, ma passion d\u00e9vorante pour le sport a toujours \u00e9t\u00e9 un pan incontournable de ma vie. Transmettre ma passion \u00e0 l\u2019\u00e9crit a \u00e9t\u00e9 une transition naturelle. Suiveur assidu de basket et de hockey sur glace, je garde toujours un peu de place pour suivre le cyclisme, le football et le maximum de performances fran\u00e7aises.\",\"sameAs\":[\"https:\/\/x.com\/https:\/\/twitter.com\/Maxime_Caze\"],\"url\":\"https:\/\/dicodusport.fr\/blog\/author\/maximec\/\"}]}<\/script>\n<!-- \/ Yoast SEO Premium plugin. -->","yoast_head_json":{"title":"\u00c9quipe de France Hockey sur glace\u00a0: Un rassemblement crucial en Hongrie avant les Mondiaux","description":"Retour sur la liste de l'\u00c9quipe de France f\u00e9minine d\u00e9voil\u00e9e pour le Tournoi des 5 Nations de Budapest en f\u00e9vrier prochain.","robots":{"index":"index","follow":"follow","max-snippet":"max-snippet:-1","max-image-preview":"max-image-preview:large","max-video-preview":"max-video-preview:-1"},"canonical":"https:\/\/dicodusport.fr\/blog\/equipe-de-france-hockey-sur-glace-un-rassemblement-crucial-en-hongrie-avant-les-mondiaux\/","og_locale":"fr_FR","og_type":"article","og_title":"\u00c9quipe de France Hockey sur glace\u00a0: Un rassemblement crucial en Hongrie avant les Mondiaux","og_description":"Retour sur la liste de l'\u00c9quipe de France f\u00e9minine d\u00e9voil\u00e9e pour le Tournoi des 5 Nations de Budapest en f\u00e9vrier prochain.","og_url":"https:\/\/dicodusport.fr\/blog\/equipe-de-france-hockey-sur-glace-un-rassemblement-crucial-en-hongrie-avant-les-mondiaux\/","og_site_name":"Dicodusport","article_publisher":"https:\/\/www.facebook.com\/dicodusport","article_published_time":"2023-01-24T13:05:07+00:00","article_modified_time":"2023-01-24T15:07:57+00:00","og_image":[{"width":800,"height":445,"url":"https:\/\/dicodusport.fr\/blog\/wp-content\/uploads\/2023\/01\/Equipe-de-France-Hockey-sur-glace-Un-rassemblement-crucial-en-Hongrie-avant-les-Mondiaux.png","type":"image\/png"}],"author":"Maxime Cazenave","twitter_card":"summary_large_image","twitter_title":"\u00c9quipe de France Hockey sur glace\u00a0: Un rassemblement crucial en Hongrie avant les Mondiaux","twitter_creator":"@https:\/\/twitter.com\/Maxime_Caze","twitter_site":"@dicodusport","schema":{"@context":"https:\/\/schema.org","@graph":[{"@type":"NewsArticle","@id":"https:\/\/dicodusport.fr\/blog\/equipe-de-france-hockey-sur-glace-un-rassemblement-crucial-en-hongrie-avant-les-mondiaux\/#article","isPartOf":{"@id":"https:\/\/dicodusport.fr\/blog\/equipe-de-france-hockey-sur-glace-un-rassemblement-crucial-en-hongrie-avant-les-mondiaux\/"},"author":{"name":"Maxime Cazenave","@id":"https:\/\/dicodusport.fr\/blog\/#\/schema\/person\/37def232098a7a5cbab3974a3690abb0"},"headline":"\u00c9quipe de France Hockey sur glace\u00a0: Un rassemblement crucial en Hongrie avant les Mondiaux","datePublished":"2023-01-24T13:05:07+00:00","dateModified":"2023-01-24T15:07:57+00:00","mainEntityOfPage":{"@id":"https:\/\/dicodusport.fr\/blog\/equipe-de-france-hockey-sur-glace-un-rassemblement-crucial-en-hongrie-avant-les-mondiaux\/"},"wordCount":714,"commentCount":0,"publisher":{"@id":"https:\/\/dicodusport.fr\/blog\/#organization"},"image":{"@id":"https:\/\/dicodusport.fr\/blog\/equipe-de-france-hockey-sur-glace-un-rassemblement-crucial-en-hongrie-avant-les-mondiaux\/#primaryimage"},"thumbnailUrl":"https:\/\/dicodusport.fr\/blog\/wp-content\/uploads\/2023\/01\/Equipe-de-France-Hockey-sur-glace-Un-rassemblement-crucial-en-Hongrie-avant-les-Mondiaux.png","keywords":["Bleues","Budapest","\u00c9quipe de France","Gr\u00e9gory Tarl\u00e9"],"articleSection":["Hockey sur glace"],"inLanguage":"fr-FR","potentialAction":[{"@type":"CommentAction","name":"Comment","target":["https:\/\/dicodusport.fr\/blog\/equipe-de-france-hockey-sur-glace-un-rassemblement-crucial-en-hongrie-avant-les-mondiaux\/#respond"]}],"copyrightYear":"2023","copyrightHolder":{"@id":"https:\/\/dicodusport.fr\/blog\/#organization"}},{"@type":"WebPage","@id":"https:\/\/dicodusport.fr\/blog\/equipe-de-france-hockey-sur-glace-un-rassemblement-crucial-en-hongrie-avant-les-mondiaux\/","url":"https:\/\/dicodusport.fr\/blog\/equipe-de-france-hockey-sur-glace-un-rassemblement-crucial-en-hongrie-avant-les-mondiaux\/","name":"\u00c9quipe de France Hockey sur glace\u00a0: Un rassemblement crucial en Hongrie avant les Mondiaux","isPartOf":{"@id":"https:\/\/dicodusport.fr\/blog\/#website"},"primaryImageOfPage":{"@id":"https:\/\/dicodusport.fr\/blog\/equipe-de-france-hockey-sur-glace-un-rassemblement-crucial-en-hongrie-avant-les-mondiaux\/#primaryimage"},"image":{"@id":"https:\/\/dicodusport.fr\/blog\/equipe-de-france-hockey-sur-glace-un-rassemblement-crucial-en-hongrie-avant-les-mondiaux\/#primaryimage"},"thumbnailUrl":"https:\/\/dicodusport.fr\/blog\/wp-content\/uploads\/2023\/01\/Equipe-de-France-Hockey-sur-glace-Un-rassemblement-crucial-en-Hongrie-avant-les-Mondiaux.png","datePublished":"2023-01-24T13:05:07+00:00","dateModified":"2023-01-24T15:07:57+00:00","description":"Retour sur la liste de l'\u00c9quipe de France f\u00e9minine d\u00e9voil\u00e9e pour le Tournoi des 5 Nations de Budapest en f\u00e9vrier prochain.","breadcrumb":{"@id":"https:\/\/dicodusport.fr\/blog\/equipe-de-france-hockey-sur-glace-un-rassemblement-crucial-en-hongrie-avant-les-mondiaux\/#breadcrumb"},"inLanguage":"fr-FR","potentialAction":[{"@type":"ReadAction","target":["https:\/\/dicodusport.fr\/blog\/equipe-de-france-hockey-sur-glace-un-rassemblement-crucial-en-hongrie-avant-les-mondiaux\/"]}]},{"@type":"ImageObject","inLanguage":"fr-FR","@id":"https:\/\/dicodusport.fr\/blog\/equipe-de-france-hockey-sur-glace-un-rassemblement-crucial-en-hongrie-avant-les-mondiaux\/#primaryimage","url":"https:\/\/dicodusport.fr\/blog\/wp-content\/uploads\/2023\/01\/Equipe-de-France-Hockey-sur-glace-Un-rassemblement-crucial-en-Hongrie-avant-les-Mondiaux.png","contentUrl":"https:\/\/dicodusport.fr\/blog\/wp-content\/uploads\/2023\/01\/Equipe-de-France-Hockey-sur-glace-Un-rassemblement-crucial-en-Hongrie-avant-les-Mondiaux.png","width":800,"height":445,"caption":"\u00c9quipe de France Hockey sur glace\u00a0 Un rassemblement crucial en Hongrie avant les Mondiaux"},{"@type":"BreadcrumbList","@id":"https:\/\/dicodusport.fr\/blog\/equipe-de-france-hockey-sur-glace-un-rassemblement-crucial-en-hongrie-avant-les-mondiaux\/#breadcrumb","itemListElement":[{"@type":"ListItem","position":1,"name":"Accueil","item":"https:\/\/dicodusport.fr\/blog\/"},{"@type":"ListItem","position":2,"name":"\u00c9quipe de France Hockey sur glace\u00a0: Un rassemblement crucial en Hongrie avant les Mondiaux"}]},{"@type":"WebSite","@id":"https:\/\/dicodusport.fr\/blog\/#website","url":"https:\/\/dicodusport.fr\/blog\/","name":"Dicodusport","description":"L&#039;encyclop\u00e9die de l&#039;actualit\u00e9 sportive","publisher":{"@id":"https:\/\/dicodusport.fr\/blog\/#organization"},"potentialAction":[{"@type":"SearchAction","target":{"@type":"EntryPoint","urlTemplate":"https:\/\/dicodusport.fr\/blog\/?s={search_term_string}"},"query-input":{"@type":"PropertyValueSpecification","valueRequired":true,"valueName":"search_term_string"}}],"inLanguage":"fr-FR"},{"@type":"NewsMediaOrganization","@id":"https:\/\/dicodusport.fr\/blog\/#organization","name":"Dicodusport","url":"https:\/\/dicodusport.fr\/blog\/","logo":{"@type":"ImageObject","inLanguage":"fr-FR","@id":"https:\/\/dicodusport.fr\/blog\/#\/schema\/logo\/image\/","url":"https:\/\/dicodusport.fr\/blog\/wp-content\/uploads\/2020\/06\/cropped-LOGO-DICODUSPORT-2020-SANS-FOND-SANS-TEXTE.png","contentUrl":"https:\/\/dicodusport.fr\/blog\/wp-content\/uploads\/2020\/06\/cropped-LOGO-DICODUSPORT-2020-SANS-FOND-SANS-TEXTE.png","width":512,"height":512,"caption":"Dicodusport"},"image":{"@id":"https:\/\/dicodusport.fr\/blog\/#\/schema\/logo\/image\/"},"sameAs":["https:\/\/www.facebook.com\/dicodusport","https:\/\/x.com\/dicodusport","https:\/\/www.instagram.com\/dicodusport\/","https:\/\/www.youtube.com\/channel\/UC7V2KZ5sd3htJivAbA4ZG3w"],"description":"Dicodusport est l'encyclop\u00e9die de l'actualit\u00e9 sportive.","email":"bonjour@dicodusport.fr","legalName":"DICODUSPORT","foundingDate":"2018-01-14","vatID":"FR71834470973","taxID":"83447097300043","numberOfEmployees":{"@type":"QuantitativeValue","minValue":"1","maxValue":"10"}},{"@type":"Person","@id":"https:\/\/dicodusport.fr\/blog\/#\/schema\/person\/37def232098a7a5cbab3974a3690abb0","name":"Maxime Cazenave","image":{"@type":"ImageObject","inLanguage":"fr-FR","@id":"https:\/\/dicodusport.fr\/blog\/#\/schema\/person\/image\/","url":"https:\/\/dicodusport.fr\/blog\/wp-content\/uploads\/2021\/05\/Maxime-Cazenave-150x150.jpg","contentUrl":"https:\/\/dicodusport.fr\/blog\/wp-content\/uploads\/2021\/05\/Maxime-Cazenave-150x150.jpg","caption":"Maxime Cazenave"},"description":"Journaliste\/R\u00e9dacteur depuis 2012 - Berc\u00e9 par l\u2019amour des Girondins de Bordeaux, les \u00e9checs de Christophe Moreau sur le Tour de France sous l'\u00e8re Lance Armstrong et le fade-away l\u00e9tal de Dirk Nowitzki, ma passion d\u00e9vorante pour le sport a toujours \u00e9t\u00e9 un pan incontournable de ma vie. Transmettre ma passion \u00e0 l\u2019\u00e9crit a \u00e9t\u00e9 une transition naturelle. Suiveur assidu de basket et de hockey sur glace, je garde toujours un peu de place pour suivre le cyclisme, le football et le maximum de performances fran\u00e7aises.","sameAs":["https:\/\/x.com\/https:\/\/twitter.com\/Maxime_Caze"],"url":"https:\/\/dicodusport.fr\/blog\/author\/maximec\/"}]}},"_links":{"self":[{"href":"https:\/\/dicodusport.fr\/blog\/wp-json\/wp\/v2\/posts\/348113","targetHints":{"allow":["GET"]}}],"collection":[{"href":"https:\/\/dicodusport.fr\/blog\/wp-json\/wp\/v2\/posts"}],"about":[{"href":"https:\/\/dicodusport.fr\/blog\/wp-json\/wp\/v2\/types\/post"}],"author":[{"embeddable":true,"href":"https:\/\/dicodusport.fr\/blog\/wp-json\/wp\/v2\/users\/55"}],"replies":[{"embeddable":true,"href":"https:\/\/dicodusport.fr\/blog\/wp-json\/wp\/v2\/comments?post=348113"}],"version-history":[{"count":0,"href":"https:\/\/dicodusport.fr\/blog\/wp-json\/wp\/v2\/posts\/348113\/revisions"}],"wp:featuredmedia":[{"embeddable":true,"href":"https:\/\/dicodusport.fr\/blog\/wp-json\/wp\/v2\/media\/348176"}],"wp:attachment":[{"href":"https:\/\/dicodusport.fr\/blog\/wp-json\/wp\/v2\/media?parent=348113"}],"wp:term":[{"taxonomy":"category","embeddable":true,"href":"https:\/\/dicodusport.fr\/blog\/wp-json\/wp\/v2\/categories?post=348113"},{"taxonomy":"post_tag","embeddable":true,"href":"https:\/\/dicodusport.fr\/blog\/wp-json\/wp\/v2\/tags?post=348113"}],"curies":[{"name":"wp","href":"https:\/\/api.w.org\/{rel}","templated":true}]}}