{"id":348152,"date":"2023-01-24T12:46:08","date_gmt":"2023-01-24T11:46:08","guid":{"rendered":"https:\/\/dicodusport.fr\/blog\/?p=348152&#038;preview=true&#038;preview_id=348152"},"modified":"2023-01-24T13:23:48","modified_gmt":"2023-01-24T12:23:48","slug":"patricke-lefevere-en-remet-une-couche-sur-julian-alaphilippe","status":"publish","type":"post","link":"https:\/\/dicodusport.fr\/blog\/patricke-lefevere-en-remet-une-couche-sur-julian-alaphilippe\/","title":{"rendered":"Patrick Lefevere en remet une couche sur Julian Alaphilippe"},"content":{"rendered":"<p style=\"text-align: justify;\" align=\"justify\"><em><strong>CYCLISME SUR ROUTE 2023 &#8211; Dans une interview pour Sporza, Patrick Lefevere, manager de la formation <a href=\"https:\/\/dicodusport.fr\/blog\/world-tour-soudal-quick-step-vers-une-evenepoel-dependance\/\">Soudal &#8211; Quick-Step<\/a>, a remis un petit coup de pression \u00e0 Julian Alaphilippe avant le d\u00e9but de la saison.<\/strong><\/em><\/p>\n<p style=\"text-align: justify;\" align=\"justify\">Dans les colonnes de <em>L&rsquo;\u00c9quipe<\/em>, le double champion du monde avait d\u00e9clar\u00e9 avoir \u00e9t\u00e9 surpris <a href=\"https:\/\/dicodusport.fr\/blog\/patrick-lefevere-julian-alaphilippe-a-un-salaire-de-champion-mais-il-doit-confirmer-quil-en-est-toujours-un\/\">des propos de son manager dans la presse<\/a>. <strong>Julian<\/strong> <strong>Alaphilippe<\/strong> avait m\u00eame expliqu\u00e9 que jamais, en priv\u00e9, <strong>Patrick<\/strong> <strong>Lefevere<\/strong> n&rsquo;avait eu ce discours muscl\u00e9, consistant \u00e0 mettre la pression sur le coureur. Mais pour nos confr\u00e8res de <em>Sporza,<\/em> le manager belge en a remis une couche, expliquant m\u00eame que la discussion avait eu lieu devant des t\u00e9moins.<\/p>\n<blockquote>\n<p style=\"text-align: justify;\" align=\"justify\">Alaphilippe dit que nous n&rsquo;avons pas eu cette conversation mais nous l&rsquo;avons eue. Sa femme et son agent \u00e9taient l\u00e0. Je lui ai dit que je n&rsquo;\u00e9tais pas du tout satisfait. Je comprends ses maladies et ses chutes, mais il ne peut pas continuer \u00e0 se cacher derri\u00e8re \u00e7a. C&rsquo;\u00e9tait la froide v\u00e9rit\u00e9. Je n&rsquo;attaque pas les coureurs bless\u00e9s mais s&rsquo;il y a un prix \u00e9lev\u00e9 qui s&rsquo;y rattache, je suis autoris\u00e9 \u00e0 r\u00e9agir. L&rsquo;ann\u00e9e derni\u00e8re, il a gagn\u00e9 2 fois, les ann\u00e9es pr\u00e9c\u00e9dentes 3 et 4 fois. Je ne l&rsquo;ai pas pris dans l&rsquo;\u00e9quipe pour \u00e7a.<\/p>\n<\/blockquote>\n<p style=\"text-align: justify;\" align=\"justify\">Le Tricolore se sait attendu en 2023 et <a href=\"https:\/\/dicodusport.fr\/blog\/julian-alaphilippe-son-programme-pour-la-saison-2023\/\">va d\u00e9buter sa saison dans quelques jours<\/a> en <strong>Espagne,<\/strong> avant ses premiers gros objectifs sur les courses italiennes. <strong>Julian<\/strong> <strong>Alaphilippe<\/strong> a ensuite coch\u00e9 les <strong>Flandriennes<\/strong> pour essayer de performer sur sa premi\u00e8re partie de saison.<\/p>\n<blockquote class=\"twitter-tweet\">\n<p dir=\"ltr\" lang=\"fr\">\u00ab\u00a0C&rsquo;\u00e9tait la froide v\u00e9rit\u00e9. Je n&rsquo;attaque pas les coureurs bless\u00e9s mais s&rsquo;il y a un prix \u00e9lev\u00e9 qui s&rsquo;y rattache, je suis autoris\u00e9 \u00e0 r\u00e9agir. L&rsquo;ann\u00e9e derni\u00e8re, il a gagn\u00e9 2 fois, les ann\u00e9es pr\u00e9c\u00e9dentes 3 et 4 fois. Je ne l&rsquo;ai pas pris dans l&rsquo;\u00e9quipe pour \u00e7a.\u00a0\u00bb<a href=\"https:\/\/t.co\/RuEZw8vyiZ\">https:\/\/t.co\/RuEZw8vyiZ<\/a><\/p>\n<p>\u2014 Le Gruppetto (@LeGruppetto) <a href=\"https:\/\/twitter.com\/LeGruppetto\/status\/1617816515902050305?ref_src=twsrc%5Etfw\">January 24, 2023<\/a><\/p><\/blockquote>\n<p style=\"text-align: justify;\"><script async src=\"https:\/\/platform.twitter.com\/widgets.js\" charset=\"utf-8\"><\/script><\/p>\n","protected":false},"excerpt":{"rendered":"<p>CYCLISME SUR ROUTE 2023 &#8211; Dans une interview pour Sporza, Patrick Lefevere, manager de la formation Soudal &#8211; Quick-Step, a remis un petit coup de pression \u00e0 Julian Alaphilippe avant le d\u00e9but de la saison.<\/p>\n","protected":false},"author":1,"featured_media":341849,"comment_status":"open","ping_status":"closed","sticky":false,"template":"","format":"standard","meta":{"_acf_changed":false,"_daextam_enable_autolinks":"","footnotes":""},"categories":[46994],"tags":[574,1719,11100],"class_list":["post-348152","post","type-post","status-publish","format-standard","has-post-thumbnail","hentry","category-cyclisme-sur-route","tag-cyclisme","tag-julian-alaphilippe","tag-patrick-lefevere"],"acf":[],"yoast_head":"<!-- This site is optimized with the Yoast SEO Premium plugin v26.7 (Yoast SEO v26.7) - https:\/\/yoast.com\/wordpress\/plugins\/seo\/ -->\n<title>Patrick Lefevere en remet une couche sur Julian Alaphilippe<\/title>\n<meta name=\"description\" content=\"Dans une interview pour Sporza, Patrick Lefevere a remis un petit coup de pression \u00e0 Julian Alaphilippe avant le d\u00e9but de la saison.\" \/>\n<meta name=\"robots\" content=\"index, follow, max-snippet:-1, max-image-preview:large, max-video-preview:-1\" \/>\n<link rel=\"canonical\" href=\"https:\/\/dicodusport.fr\/blog\/patricke-lefevere-en-remet-une-couche-sur-julian-alaphilippe\/\" \/>\n<meta property=\"og:locale\" content=\"fr_FR\" \/>\n<meta property=\"og:type\" content=\"article\" \/>\n<meta property=\"og:title\" content=\"Patrick Lefevere en remet une couche sur Julian Alaphilippe\" \/>\n<meta property=\"og:description\" content=\"Dans une interview pour Sporza, Patrick Lefevere a remis un petit coup de pression \u00e0 Julian Alaphilippe avant le d\u00e9but de la saison.\" \/>\n<meta property=\"og:url\" content=\"https:\/\/dicodusport.fr\/blog\/patricke-lefevere-en-remet-une-couche-sur-julian-alaphilippe\/\" \/>\n<meta property=\"og:site_name\" content=\"Dicodusport\" \/>\n<meta property=\"article:publisher\" content=\"https:\/\/www.facebook.com\/dicodusport\" \/>\n<meta property=\"article:author\" content=\"https:\/\/www.facebook.com\/dicodusport\" \/>\n<meta property=\"article:published_time\" content=\"2023-01-24T11:46:08+00:00\" \/>\n<meta property=\"article:modified_time\" content=\"2023-01-24T12:23:48+00:00\" \/>\n<meta property=\"og:image\" content=\"https:\/\/dicodusport.fr\/blog\/wp-content\/uploads\/2023\/01\/Julian-Alaphilippe-Son-programme-pour-la-saison-2023.png\" \/>\n\t<meta property=\"og:image:width\" content=\"800\" \/>\n\t<meta property=\"og:image:height\" content=\"445\" \/>\n\t<meta property=\"og:image:type\" content=\"image\/png\" \/>\n<meta name=\"author\" content=\"Nicolas Jacquemard\" \/>\n<meta name=\"twitter:card\" content=\"summary_large_image\" \/>\n<meta name=\"twitter:title\" content=\"Patrick Lefevere en remet une couche sur Julian Alaphilippe\" \/>\n<meta name=\"twitter:creator\" content=\"@https:\/\/twitter.com\/Nico_Jacquemard\" \/>\n<meta name=\"twitter:site\" content=\"@dicodusport\" \/>\n<script type=\"application\/ld+json\" class=\"yoast-schema-graph\">{\"@context\":\"https:\/\/schema.org\",\"@graph\":[{\"@type\":\"NewsArticle\",\"@id\":\"https:\/\/dicodusport.fr\/blog\/patricke-lefevere-en-remet-une-couche-sur-julian-alaphilippe\/#article\",\"isPartOf\":{\"@id\":\"https:\/\/dicodusport.fr\/blog\/patricke-lefevere-en-remet-une-couche-sur-julian-alaphilippe\/\"},\"author\":{\"name\":\"Nicolas Jacquemard\",\"@id\":\"https:\/\/dicodusport.fr\/blog\/#\/schema\/person\/55dcb50ad410894e431ed812bbb70191\"},\"headline\":\"Patrick Lefevere en remet une couche sur Julian Alaphilippe\",\"datePublished\":\"2023-01-24T11:46:08+00:00\",\"dateModified\":\"2023-01-24T12:23:48+00:00\",\"mainEntityOfPage\":{\"@id\":\"https:\/\/dicodusport.fr\/blog\/patricke-lefevere-en-remet-une-couche-sur-julian-alaphilippe\/\"},\"wordCount\":344,\"commentCount\":0,\"publisher\":{\"@id\":\"https:\/\/dicodusport.fr\/blog\/#organization\"},\"image\":{\"@id\":\"https:\/\/dicodusport.fr\/blog\/patricke-lefevere-en-remet-une-couche-sur-julian-alaphilippe\/#primaryimage\"},\"thumbnailUrl\":\"https:\/\/dicodusport.fr\/blog\/wp-content\/uploads\/2023\/01\/Julian-Alaphilippe-Son-programme-pour-la-saison-2023.png\",\"keywords\":[\"Cyclisme\",\"Julian Alaphilippe\",\"Patrick Lefevere\"],\"articleSection\":[\"Cyclisme sur route\"],\"inLanguage\":\"fr-FR\",\"potentialAction\":[{\"@type\":\"CommentAction\",\"name\":\"Comment\",\"target\":[\"https:\/\/dicodusport.fr\/blog\/patricke-lefevere-en-remet-une-couche-sur-julian-alaphilippe\/#respond\"]}],\"copyrightYear\":\"2023\",\"copyrightHolder\":{\"@id\":\"https:\/\/dicodusport.fr\/blog\/#organization\"}},{\"@type\":\"WebPage\",\"@id\":\"https:\/\/dicodusport.fr\/blog\/patricke-lefevere-en-remet-une-couche-sur-julian-alaphilippe\/\",\"url\":\"https:\/\/dicodusport.fr\/blog\/patricke-lefevere-en-remet-une-couche-sur-julian-alaphilippe\/\",\"name\":\"Patrick Lefevere en remet une couche sur Julian Alaphilippe\",\"isPartOf\":{\"@id\":\"https:\/\/dicodusport.fr\/blog\/#website\"},\"primaryImageOfPage\":{\"@id\":\"https:\/\/dicodusport.fr\/blog\/patricke-lefevere-en-remet-une-couche-sur-julian-alaphilippe\/#primaryimage\"},\"image\":{\"@id\":\"https:\/\/dicodusport.fr\/blog\/patricke-lefevere-en-remet-une-couche-sur-julian-alaphilippe\/#primaryimage\"},\"thumbnailUrl\":\"https:\/\/dicodusport.fr\/blog\/wp-content\/uploads\/2023\/01\/Julian-Alaphilippe-Son-programme-pour-la-saison-2023.png\",\"datePublished\":\"2023-01-24T11:46:08+00:00\",\"dateModified\":\"2023-01-24T12:23:48+00:00\",\"description\":\"Dans une interview pour Sporza, Patrick Lefevere a remis un petit coup de pression \u00e0 Julian Alaphilippe avant le d\u00e9but de la saison.\",\"breadcrumb\":{\"@id\":\"https:\/\/dicodusport.fr\/blog\/patricke-lefevere-en-remet-une-couche-sur-julian-alaphilippe\/#breadcrumb\"},\"inLanguage\":\"fr-FR\",\"potentialAction\":[{\"@type\":\"ReadAction\",\"target\":[\"https:\/\/dicodusport.fr\/blog\/patricke-lefevere-en-remet-une-couche-sur-julian-alaphilippe\/\"]}]},{\"@type\":\"ImageObject\",\"inLanguage\":\"fr-FR\",\"@id\":\"https:\/\/dicodusport.fr\/blog\/patricke-lefevere-en-remet-une-couche-sur-julian-alaphilippe\/#primaryimage\",\"url\":\"https:\/\/dicodusport.fr\/blog\/wp-content\/uploads\/2023\/01\/Julian-Alaphilippe-Son-programme-pour-la-saison-2023.png\",\"contentUrl\":\"https:\/\/dicodusport.fr\/blog\/wp-content\/uploads\/2023\/01\/Julian-Alaphilippe-Son-programme-pour-la-saison-2023.png\",\"width\":800,\"height\":445},{\"@type\":\"BreadcrumbList\",\"@id\":\"https:\/\/dicodusport.fr\/blog\/patricke-lefevere-en-remet-une-couche-sur-julian-alaphilippe\/#breadcrumb\",\"itemListElement\":[{\"@type\":\"ListItem\",\"position\":1,\"name\":\"Accueil\",\"item\":\"https:\/\/dicodusport.fr\/blog\/\"},{\"@type\":\"ListItem\",\"position\":2,\"name\":\"Patrick Lefevere en remet une couche sur Julian Alaphilippe\"}]},{\"@type\":\"WebSite\",\"@id\":\"https:\/\/dicodusport.fr\/blog\/#website\",\"url\":\"https:\/\/dicodusport.fr\/blog\/\",\"name\":\"Dicodusport\",\"description\":\"L&#039;encyclop\u00e9die de l&#039;actualit\u00e9 sportive\",\"publisher\":{\"@id\":\"https:\/\/dicodusport.fr\/blog\/#organization\"},\"potentialAction\":[{\"@type\":\"SearchAction\",\"target\":{\"@type\":\"EntryPoint\",\"urlTemplate\":\"https:\/\/dicodusport.fr\/blog\/?s={search_term_string}\"},\"query-input\":{\"@type\":\"PropertyValueSpecification\",\"valueRequired\":true,\"valueName\":\"search_term_string\"}}],\"inLanguage\":\"fr-FR\"},{\"@type\":\"NewsMediaOrganization\",\"@id\":\"https:\/\/dicodusport.fr\/blog\/#organization\",\"name\":\"Dicodusport\",\"url\":\"https:\/\/dicodusport.fr\/blog\/\",\"logo\":{\"@type\":\"ImageObject\",\"inLanguage\":\"fr-FR\",\"@id\":\"https:\/\/dicodusport.fr\/blog\/#\/schema\/logo\/image\/\",\"url\":\"https:\/\/dicodusport.fr\/blog\/wp-content\/uploads\/2020\/06\/cropped-LOGO-DICODUSPORT-2020-SANS-FOND-SANS-TEXTE.png\",\"contentUrl\":\"https:\/\/dicodusport.fr\/blog\/wp-content\/uploads\/2020\/06\/cropped-LOGO-DICODUSPORT-2020-SANS-FOND-SANS-TEXTE.png\",\"width\":512,\"height\":512,\"caption\":\"Dicodusport\"},\"image\":{\"@id\":\"https:\/\/dicodusport.fr\/blog\/#\/schema\/logo\/image\/\"},\"sameAs\":[\"https:\/\/www.facebook.com\/dicodusport\",\"https:\/\/x.com\/dicodusport\",\"https:\/\/www.instagram.com\/dicodusport\/\",\"https:\/\/www.youtube.com\/channel\/UC7V2KZ5sd3htJivAbA4ZG3w\"],\"description\":\"Dicodusport est l'encyclop\u00e9die de l'actualit\u00e9 sportive.\",\"email\":\"bonjour@dicodusport.fr\",\"legalName\":\"DICODUSPORT\",\"foundingDate\":\"2018-01-14\",\"vatID\":\"FR71834470973\",\"taxID\":\"83447097300043\",\"numberOfEmployees\":{\"@type\":\"QuantitativeValue\",\"minValue\":\"1\",\"maxValue\":\"10\"}},{\"@type\":\"Person\",\"@id\":\"https:\/\/dicodusport.fr\/blog\/#\/schema\/person\/55dcb50ad410894e431ed812bbb70191\",\"name\":\"Nicolas Jacquemard\",\"image\":{\"@type\":\"ImageObject\",\"inLanguage\":\"fr-FR\",\"@id\":\"https:\/\/dicodusport.fr\/blog\/#\/schema\/person\/image\/\",\"url\":\"https:\/\/dicodusport.fr\/blog\/wp-content\/uploads\/2021\/05\/Nicolas-Jacquemard-150x150.jpeg\",\"contentUrl\":\"https:\/\/dicodusport.fr\/blog\/wp-content\/uploads\/2021\/05\/Nicolas-Jacquemard-150x150.jpeg\",\"caption\":\"Nicolas Jacquemard\"},\"description\":\"Passionn\u00e9 de sport et entrepreneur depuis mes 18 ans, la cr\u00e9ation de Dicodusport m'a sembl\u00e9 \u00e9vidente pour participer \u00e0 la m\u00e9diatisation d'un plus grand nombre de sports. Le chemin est long mais avec une \u00e9quipe des plus motiv\u00e9es et les Jeux Olympiques de Paris 2024 en point de mire, nous y arriverons ! Journaliste dans le monde du sport depuis plus de 5 ans, je traite aussi bien de football, de rugby, de biathlon que de cyclisme.\",\"sameAs\":[\"https:\/\/www.facebook.com\/dicodusport\",\"https:\/\/x.com\/https:\/\/twitter.com\/Nico_Jacquemard\"],\"url\":\"https:\/\/dicodusport.fr\/blog\/author\/dicodusport\/\"}]}<\/script>\n<!-- \/ Yoast SEO Premium plugin. -->","yoast_head_json":{"title":"Patrick Lefevere en remet une couche sur Julian Alaphilippe","description":"Dans une interview pour Sporza, Patrick Lefevere a remis un petit coup de pression \u00e0 Julian Alaphilippe avant le d\u00e9but de la saison.","robots":{"index":"index","follow":"follow","max-snippet":"max-snippet:-1","max-image-preview":"max-image-preview:large","max-video-preview":"max-video-preview:-1"},"canonical":"https:\/\/dicodusport.fr\/blog\/patricke-lefevere-en-remet-une-couche-sur-julian-alaphilippe\/","og_locale":"fr_FR","og_type":"article","og_title":"Patrick Lefevere en remet une couche sur Julian Alaphilippe","og_description":"Dans une interview pour Sporza, Patrick Lefevere a remis un petit coup de pression \u00e0 Julian Alaphilippe avant le d\u00e9but de la saison.","og_url":"https:\/\/dicodusport.fr\/blog\/patricke-lefevere-en-remet-une-couche-sur-julian-alaphilippe\/","og_site_name":"Dicodusport","article_publisher":"https:\/\/www.facebook.com\/dicodusport","article_author":"https:\/\/www.facebook.com\/dicodusport","article_published_time":"2023-01-24T11:46:08+00:00","article_modified_time":"2023-01-24T12:23:48+00:00","og_image":[{"width":800,"height":445,"url":"https:\/\/dicodusport.fr\/blog\/wp-content\/uploads\/2023\/01\/Julian-Alaphilippe-Son-programme-pour-la-saison-2023.png","type":"image\/png"}],"author":"Nicolas Jacquemard","twitter_card":"summary_large_image","twitter_title":"Patrick Lefevere en remet une couche sur Julian Alaphilippe","twitter_creator":"@https:\/\/twitter.com\/Nico_Jacquemard","twitter_site":"@dicodusport","schema":{"@context":"https:\/\/schema.org","@graph":[{"@type":"NewsArticle","@id":"https:\/\/dicodusport.fr\/blog\/patricke-lefevere-en-remet-une-couche-sur-julian-alaphilippe\/#article","isPartOf":{"@id":"https:\/\/dicodusport.fr\/blog\/patricke-lefevere-en-remet-une-couche-sur-julian-alaphilippe\/"},"author":{"name":"Nicolas Jacquemard","@id":"https:\/\/dicodusport.fr\/blog\/#\/schema\/person\/55dcb50ad410894e431ed812bbb70191"},"headline":"Patrick Lefevere en remet une couche sur Julian Alaphilippe","datePublished":"2023-01-24T11:46:08+00:00","dateModified":"2023-01-24T12:23:48+00:00","mainEntityOfPage":{"@id":"https:\/\/dicodusport.fr\/blog\/patricke-lefevere-en-remet-une-couche-sur-julian-alaphilippe\/"},"wordCount":344,"commentCount":0,"publisher":{"@id":"https:\/\/dicodusport.fr\/blog\/#organization"},"image":{"@id":"https:\/\/dicodusport.fr\/blog\/patricke-lefevere-en-remet-une-couche-sur-julian-alaphilippe\/#primaryimage"},"thumbnailUrl":"https:\/\/dicodusport.fr\/blog\/wp-content\/uploads\/2023\/01\/Julian-Alaphilippe-Son-programme-pour-la-saison-2023.png","keywords":["Cyclisme","Julian Alaphilippe","Patrick Lefevere"],"articleSection":["Cyclisme sur route"],"inLanguage":"fr-FR","potentialAction":[{"@type":"CommentAction","name":"Comment","target":["https:\/\/dicodusport.fr\/blog\/patricke-lefevere-en-remet-une-couche-sur-julian-alaphilippe\/#respond"]}],"copyrightYear":"2023","copyrightHolder":{"@id":"https:\/\/dicodusport.fr\/blog\/#organization"}},{"@type":"WebPage","@id":"https:\/\/dicodusport.fr\/blog\/patricke-lefevere-en-remet-une-couche-sur-julian-alaphilippe\/","url":"https:\/\/dicodusport.fr\/blog\/patricke-lefevere-en-remet-une-couche-sur-julian-alaphilippe\/","name":"Patrick Lefevere en remet une couche sur Julian Alaphilippe","isPartOf":{"@id":"https:\/\/dicodusport.fr\/blog\/#website"},"primaryImageOfPage":{"@id":"https:\/\/dicodusport.fr\/blog\/patricke-lefevere-en-remet-une-couche-sur-julian-alaphilippe\/#primaryimage"},"image":{"@id":"https:\/\/dicodusport.fr\/blog\/patricke-lefevere-en-remet-une-couche-sur-julian-alaphilippe\/#primaryimage"},"thumbnailUrl":"https:\/\/dicodusport.fr\/blog\/wp-content\/uploads\/2023\/01\/Julian-Alaphilippe-Son-programme-pour-la-saison-2023.png","datePublished":"2023-01-24T11:46:08+00:00","dateModified":"2023-01-24T12:23:48+00:00","description":"Dans une interview pour Sporza, Patrick Lefevere a remis un petit coup de pression \u00e0 Julian Alaphilippe avant le d\u00e9but de la saison.","breadcrumb":{"@id":"https:\/\/dicodusport.fr\/blog\/patricke-lefevere-en-remet-une-couche-sur-julian-alaphilippe\/#breadcrumb"},"inLanguage":"fr-FR","potentialAction":[{"@type":"ReadAction","target":["https:\/\/dicodusport.fr\/blog\/patricke-lefevere-en-remet-une-couche-sur-julian-alaphilippe\/"]}]},{"@type":"ImageObject","inLanguage":"fr-FR","@id":"https:\/\/dicodusport.fr\/blog\/patricke-lefevere-en-remet-une-couche-sur-julian-alaphilippe\/#primaryimage","url":"https:\/\/dicodusport.fr\/blog\/wp-content\/uploads\/2023\/01\/Julian-Alaphilippe-Son-programme-pour-la-saison-2023.png","contentUrl":"https:\/\/dicodusport.fr\/blog\/wp-content\/uploads\/2023\/01\/Julian-Alaphilippe-Son-programme-pour-la-saison-2023.png","width":800,"height":445},{"@type":"BreadcrumbList","@id":"https:\/\/dicodusport.fr\/blog\/patricke-lefevere-en-remet-une-couche-sur-julian-alaphilippe\/#breadcrumb","itemListElement":[{"@type":"ListItem","position":1,"name":"Accueil","item":"https:\/\/dicodusport.fr\/blog\/"},{"@type":"ListItem","position":2,"name":"Patrick Lefevere en remet une couche sur Julian Alaphilippe"}]},{"@type":"WebSite","@id":"https:\/\/dicodusport.fr\/blog\/#website","url":"https:\/\/dicodusport.fr\/blog\/","name":"Dicodusport","description":"L&#039;encyclop\u00e9die de l&#039;actualit\u00e9 sportive","publisher":{"@id":"https:\/\/dicodusport.fr\/blog\/#organization"},"potentialAction":[{"@type":"SearchAction","target":{"@type":"EntryPoint","urlTemplate":"https:\/\/dicodusport.fr\/blog\/?s={search_term_string}"},"query-input":{"@type":"PropertyValueSpecification","valueRequired":true,"valueName":"search_term_string"}}],"inLanguage":"fr-FR"},{"@type":"NewsMediaOrganization","@id":"https:\/\/dicodusport.fr\/blog\/#organization","name":"Dicodusport","url":"https:\/\/dicodusport.fr\/blog\/","logo":{"@type":"ImageObject","inLanguage":"fr-FR","@id":"https:\/\/dicodusport.fr\/blog\/#\/schema\/logo\/image\/","url":"https:\/\/dicodusport.fr\/blog\/wp-content\/uploads\/2020\/06\/cropped-LOGO-DICODUSPORT-2020-SANS-FOND-SANS-TEXTE.png","contentUrl":"https:\/\/dicodusport.fr\/blog\/wp-content\/uploads\/2020\/06\/cropped-LOGO-DICODUSPORT-2020-SANS-FOND-SANS-TEXTE.png","width":512,"height":512,"caption":"Dicodusport"},"image":{"@id":"https:\/\/dicodusport.fr\/blog\/#\/schema\/logo\/image\/"},"sameAs":["https:\/\/www.facebook.com\/dicodusport","https:\/\/x.com\/dicodusport","https:\/\/www.instagram.com\/dicodusport\/","https:\/\/www.youtube.com\/channel\/UC7V2KZ5sd3htJivAbA4ZG3w"],"description":"Dicodusport est l'encyclop\u00e9die de l'actualit\u00e9 sportive.","email":"bonjour@dicodusport.fr","legalName":"DICODUSPORT","foundingDate":"2018-01-14","vatID":"FR71834470973","taxID":"83447097300043","numberOfEmployees":{"@type":"QuantitativeValue","minValue":"1","maxValue":"10"}},{"@type":"Person","@id":"https:\/\/dicodusport.fr\/blog\/#\/schema\/person\/55dcb50ad410894e431ed812bbb70191","name":"Nicolas Jacquemard","image":{"@type":"ImageObject","inLanguage":"fr-FR","@id":"https:\/\/dicodusport.fr\/blog\/#\/schema\/person\/image\/","url":"https:\/\/dicodusport.fr\/blog\/wp-content\/uploads\/2021\/05\/Nicolas-Jacquemard-150x150.jpeg","contentUrl":"https:\/\/dicodusport.fr\/blog\/wp-content\/uploads\/2021\/05\/Nicolas-Jacquemard-150x150.jpeg","caption":"Nicolas Jacquemard"},"description":"Passionn\u00e9 de sport et entrepreneur depuis mes 18 ans, la cr\u00e9ation de Dicodusport m'a sembl\u00e9 \u00e9vidente pour participer \u00e0 la m\u00e9diatisation d'un plus grand nombre de sports. Le chemin est long mais avec une \u00e9quipe des plus motiv\u00e9es et les Jeux Olympiques de Paris 2024 en point de mire, nous y arriverons ! Journaliste dans le monde du sport depuis plus de 5 ans, je traite aussi bien de football, de rugby, de biathlon que de cyclisme.","sameAs":["https:\/\/www.facebook.com\/dicodusport","https:\/\/x.com\/https:\/\/twitter.com\/Nico_Jacquemard"],"url":"https:\/\/dicodusport.fr\/blog\/author\/dicodusport\/"}]}},"_links":{"self":[{"href":"https:\/\/dicodusport.fr\/blog\/wp-json\/wp\/v2\/posts\/348152","targetHints":{"allow":["GET"]}}],"collection":[{"href":"https:\/\/dicodusport.fr\/blog\/wp-json\/wp\/v2\/posts"}],"about":[{"href":"https:\/\/dicodusport.fr\/blog\/wp-json\/wp\/v2\/types\/post"}],"author":[{"embeddable":true,"href":"https:\/\/dicodusport.fr\/blog\/wp-json\/wp\/v2\/users\/1"}],"replies":[{"embeddable":true,"href":"https:\/\/dicodusport.fr\/blog\/wp-json\/wp\/v2\/comments?post=348152"}],"version-history":[{"count":0,"href":"https:\/\/dicodusport.fr\/blog\/wp-json\/wp\/v2\/posts\/348152\/revisions"}],"wp:featuredmedia":[{"embeddable":true,"href":"https:\/\/dicodusport.fr\/blog\/wp-json\/wp\/v2\/media\/341849"}],"wp:attachment":[{"href":"https:\/\/dicodusport.fr\/blog\/wp-json\/wp\/v2\/media?parent=348152"}],"wp:term":[{"taxonomy":"category","embeddable":true,"href":"https:\/\/dicodusport.fr\/blog\/wp-json\/wp\/v2\/categories?post=348152"},{"taxonomy":"post_tag","embeddable":true,"href":"https:\/\/dicodusport.fr\/blog\/wp-json\/wp\/v2\/tags?post=348152"}],"curies":[{"name":"wp","href":"https:\/\/api.w.org\/{rel}","templated":true}]}}