{"id":348210,"date":"2023-01-24T18:09:14","date_gmt":"2023-01-24T17:09:14","guid":{"rendered":"https:\/\/dicodusport.fr\/blog\/?p=348210&#038;preview=true&#038;preview_id=348210"},"modified":"2023-01-24T18:29:42","modified_gmt":"2023-01-24T17:29:42","slug":"evan-fournier-jaimerais-rester-aux-knicks-mais-jai-aussi-envie-de-jouer","status":"publish","type":"post","link":"https:\/\/dicodusport.fr\/blog\/evan-fournier-jaimerais-rester-aux-knicks-mais-jai-aussi-envie-de-jouer\/","title":{"rendered":"Evan Fournier : \u00ab J&rsquo;aimerais rester aux Knicks, mais j&rsquo;ai aussi envie de jouer \u00bb"},"content":{"rendered":"<p style=\"text-align: justify;\" align=\"justify\"><em><strong>NBA 2022\/23 &#8211; Evan Fournier vit une saison difficile. \u00c0 30 ans et pour sa 11\u00e8me saison en NBA, l&rsquo;arri\u00e8re fran\u00e7ais se retrouve \u00e0 la merci de son coach pour obtenir du temps de jeu. Apr\u00e8s quasiment deux mois sans jouer, il se pose la question de son avenir dans la franchise new-yorkaise.<br \/>\n<\/strong><\/em><\/p>\n<p style=\"text-align: justify;\" align=\"justify\"><strong>110 minutes<\/strong>. C&rsquo;est le temps de jeu total d&rsquo;<strong>Evan Fournier<\/strong> depuis la mi-novembre. Lors de ses pr\u00e9c\u00e9dentes saisons en NBA, il atteignait ce total en \u00e0 peine une semaine. Le Fran\u00e7ais est<strong> compl\u00e8tement sorti de la rotation <\/strong>des New York Knicks, concoct\u00e9e par le coach<strong> Tom Thibodeau<\/strong>. Si bien qu&rsquo;il n&rsquo;a l&rsquo;occasion de jouer qu&rsquo;en cas de blessure d&rsquo;un de ses co\u00e9quipiers. Ce alors qu&rsquo;il y a quelques mois, il \u00e9tait consid\u00e9r\u00e9 comme un des meilleurs shooteurs de la NBA. Il avait m\u00eame marqu\u00e9 l&rsquo;histoire de sa franchise en d\u00e9passant le <strong>record de 3 points marqu\u00e9s sur une saison<\/strong> (241 contre 217 pr\u00e9c\u00e9demment), qui datait de 1995. Tout portait \u00e0 croire qu&rsquo;il \u00e9tait une pi\u00e8ce importante du projet des Knicks.<\/p>\n<blockquote class=\"twitter-tweet\">\n<p dir=\"ltr\" lang=\"en\">KNICKS HISTORY.<a href=\"https:\/\/twitter.com\/EvanFourmizz?ref_src=twsrc%5Etfw\">@EvanFourmizz<\/a> officially holds the franchise record for threes made in a season. <a href=\"https:\/\/t.co\/XARQGwGT3m\">pic.twitter.com\/XARQGwGT3m<\/a><\/p>\n<p>\u2014 NEW YORK KNICKS (@nyknicks) <a href=\"https:\/\/twitter.com\/nyknicks\/status\/1506792085852200961?ref_src=twsrc%5Etfw\">March 24, 2022<\/a><\/p><\/blockquote>\n<p style=\"text-align: justify;\"><script async src=\"https:\/\/platform.twitter.com\/widgets.js\" charset=\"utf-8\"><\/script><\/p>\n<p style=\"text-align: justify;\" align=\"justify\">Mais aujourd&rsquo;hui, le voil\u00e0 donc rel\u00e9gu\u00e9 sur le banc. Des jeunes au profil plus d\u00e9fensif (<strong>Quentin Grimes<\/strong>, <strong>Immanuel Quickley<\/strong>) lui ont \u00e9t\u00e9 pr\u00e9f\u00e9r\u00e9s par Tom Thibodeau. Et cette recette fonctionne. Les Knicks ont repris des couleurs, et sont aujourd&rsquo;hui 7\u00e8mes de la Conf\u00e9rence Est. Ils \u00e9taient 10\u00e8mes quand Fournier a \u00e9t\u00e9 mis de c\u00f4t\u00e9. Cette situation est d&rsquo;autant plus <strong>cr\u00e8ve-c\u0153ur pour le Fran\u00e7ais<\/strong> qu&rsquo;il joue dans la franchise de ses r\u00eaves. Le sc\u00e9nario est loin d&rsquo;\u00eatre <a href=\"https:\/\/dicodusport.fr\/blog\/evan-fournier-signer-aux-knicks-c-etait-un-choix-facile\/\">celui qu&rsquo;il avait esp\u00e9r\u00e9 \u00e0 sa signature<\/a>. Hier, il s&rsquo;est livr\u00e9 <a href=\"https:\/\/nypost.com\/2023\/01\/23\/knicks-evan-fournier-wants-to-stay-as-nba-trade-deadline-looms\/?utm_medium=SocialFlow&amp;utm_source=NYPSportsTwitter&amp;sr_share=twitter&amp;utm_campaign=SocialFlow\">au m\u00e9dia am\u00e9ricain <em>New York Post<\/em><\/a>.<\/p>\n<blockquote>\n<p align=\"justify\">Je suis dans la forme de ma vie, dans mon <em>prime<\/em>. Donc forc\u00e9ment tu as envie de jouer, surtout quand t&rsquo;es un comp\u00e9titeur. Et ce n&rsquo;est pas comme si j&rsquo;avais perdu mon niveau. L&rsquo;ann\u00e9e derni\u00e8re j&rsquo;\u00e9tais dans un r\u00f4le nouveau pour moi, mais j&rsquo;ai quand m\u00eame r\u00e9ussi \u00e0 battre un record de franchise vieux de 30 ans. Donc je vais trouver un moyen de m&rsquo;adapter \u00e0 cette situation. C&rsquo;est comme \u00e7a.<\/p>\n<\/blockquote>\n<h2 style=\"text-align: justify;\" align=\"justify\">La Trade Deadline en ligne de mire<\/h2>\n<p style=\"text-align: justify;\">Fournier pourrait trouver une porte de sortie dans les prochaines semaines. La <em>trade deadline<\/em>, date limite des \u00e9quipes pour transf\u00e9rer leurs joueurs avant l&rsquo;\u00e9t\u00e9, arrive le <strong>9 f\u00e9vrier<\/strong>. Et <strong>le Fran\u00e7ais est dans les rumeurs de transfert depuis plusieurs semaines<\/strong>. Son profil devrait attirer des franchises. Il peut rendre des services en tant que 6\u00e8me homme &#8211; ou m\u00eame arri\u00e8re titulaire &#8211; dans beaucoup d&rsquo;\u00e9quipes. Mais son salaire cons\u00e9quent (18 millions annuels jusqu&rsquo;en 2025) peut rebuter.<\/p>\n<p style=\"text-align: justify;\">Lui a en tout cas <a href=\"https:\/\/twitter.com\/Tom_Cprt\/status\/1609166099232456705\">continu\u00e9 \u00e0 travailler de son c\u00f4t\u00e9, pour garder la forme et rester pr\u00eat<\/a>. Preuve de <strong>son grand professionnalisme<\/strong>, lou\u00e9 par ses coachs et co\u00e9quipiers. Quand il lui est demand\u00e9 ce qu&rsquo;il voudrait voir se passer, il r\u00e9pond honn\u00eatement :<\/p>\n<blockquote><p>Le meilleur sc\u00e9nario serait que je reste. J&rsquo;ai envie de jouer ici. J&rsquo;ai eu plusieurs choix pendant la free agency, mais j&rsquo;avais envie d&rsquo;\u00eatre un Knick. J&rsquo;adore New York, et j&rsquo;avais envie de jouer pour Tom Thibodeau. Donc j&rsquo;aimerais rester, mais j&rsquo;ai aussi envie de jouer.<\/p><\/blockquote>\n<p align=\"justify\">Dans le camp du joueur comme de la franchise, <strong>la porte \u00e0 un transfert est donc ouverte<\/strong>. L&rsquo;objectif \u00e9tant de ne pas rester sur le banc alors qu&rsquo;il est dans la forme sa vie. Son ex-co\u00e9quipier <strong>Kemba Walker<\/strong>, qui a connu <a href=\"https:\/\/twitter.com\/Tom_Cprt\/status\/1595075257047580672\">une situation similaire la saison derni\u00e8re<\/a>, avait finalement \u00e9t\u00e9 transf\u00e9r\u00e9 en juin, apr\u00e8s une saison enti\u00e8re d&rsquo;attente. <strong>La d\u00e9cision du coaching staff de mettre Fournier c\u00f4t\u00e9 semble irr\u00e9versible<\/strong>. Plus t\u00f4t un transfert arrivera, mieux ce sera pour lui, sportivement parlant.<\/p>\n","protected":false},"excerpt":{"rendered":"<p>NBA 2022\/23 &#8211; Evan Fournier vit une saison difficile. \u00c0 30 ans et pour sa 11\u00e8me saison en NBA, l&rsquo;arri\u00e8re fran\u00e7ais se retrouve \u00e0 la merci de son coach pour obtenir du temps de jeu. Apr\u00e8s quasiment deux mois sans jouer, il se pose la question de son avenir dans la franchise new-yorkaise.<\/p>\n","protected":false},"author":13,"featured_media":348251,"comment_status":"open","ping_status":"closed","sticky":false,"template":"","format":"standard","meta":{"_acf_changed":false,"_daextam_enable_autolinks":"","footnotes":""},"categories":[10533],"tags":[6546,12826,1824],"class_list":["post-348210","post","type-post","status-publish","format-standard","has-post-thumbnail","hentry","category-nba","tag-evan-fournier","tag-francais-nba","tag-new-york-knicks"],"acf":[],"yoast_head":"<!-- This site is optimized with the Yoast SEO Premium plugin v26.7 (Yoast SEO v26.7) - https:\/\/yoast.com\/wordpress\/plugins\/seo\/ -->\n<title>Evan Fournier : \u00ab J&#039;aimerais rester aux Knicks, mais j&#039;ai aussi envie de jouer \u00bb<\/title>\n<meta name=\"description\" content=\"Apr\u00e8s quasiment 2 mois sans jouer, Evan Fournier se pose la question de son avenir aux New York Knicks. Il pourrait \u00eatre bient\u00f4t transf\u00e9r\u00e9.\" \/>\n<meta name=\"robots\" content=\"index, follow, max-snippet:-1, max-image-preview:large, max-video-preview:-1\" \/>\n<link rel=\"canonical\" href=\"https:\/\/dicodusport.fr\/blog\/evan-fournier-jaimerais-rester-aux-knicks-mais-jai-aussi-envie-de-jouer\/\" \/>\n<meta property=\"og:locale\" content=\"fr_FR\" \/>\n<meta property=\"og:type\" content=\"article\" \/>\n<meta property=\"og:title\" content=\"Evan Fournier : \u00ab J&#039;aimerais rester aux Knicks, mais j&#039;ai aussi envie de jouer \u00bb\" \/>\n<meta property=\"og:description\" content=\"Apr\u00e8s quasiment 2 mois sans jouer, Evan Fournier se pose la question de son avenir aux New York Knicks. Il pourrait \u00eatre bient\u00f4t transf\u00e9r\u00e9.\" \/>\n<meta property=\"og:url\" content=\"https:\/\/dicodusport.fr\/blog\/evan-fournier-jaimerais-rester-aux-knicks-mais-jai-aussi-envie-de-jouer\/\" \/>\n<meta property=\"og:site_name\" content=\"Dicodusport\" \/>\n<meta property=\"article:publisher\" content=\"https:\/\/www.facebook.com\/dicodusport\" \/>\n<meta property=\"article:published_time\" content=\"2023-01-24T17:09:14+00:00\" \/>\n<meta property=\"article:modified_time\" content=\"2023-01-24T17:29:42+00:00\" \/>\n<meta property=\"og:image\" content=\"https:\/\/dicodusport.fr\/blog\/wp-content\/uploads\/2023\/01\/evan-fournier-jaimerais-rester-aux-knicks-mais-jai-aussi-envie-de-jouer.png\" \/>\n\t<meta property=\"og:image:width\" content=\"800\" \/>\n\t<meta property=\"og:image:height\" content=\"445\" \/>\n\t<meta property=\"og:image:type\" content=\"image\/png\" \/>\n<meta name=\"author\" content=\"Tom Compayrot\" \/>\n<meta name=\"twitter:card\" content=\"summary_large_image\" \/>\n<meta name=\"twitter:title\" content=\"Evan Fournier : \u00ab J&#039;aimerais rester aux Knicks, mais j&#039;ai aussi envie de jouer \u00bb\" \/>\n<meta name=\"twitter:creator\" content=\"@https:\/\/twitter.com\/Tom_Cprt\" \/>\n<meta name=\"twitter:site\" content=\"@dicodusport\" \/>\n<script type=\"application\/ld+json\" class=\"yoast-schema-graph\">{\"@context\":\"https:\/\/schema.org\",\"@graph\":[{\"@type\":\"NewsArticle\",\"@id\":\"https:\/\/dicodusport.fr\/blog\/evan-fournier-jaimerais-rester-aux-knicks-mais-jai-aussi-envie-de-jouer\/#article\",\"isPartOf\":{\"@id\":\"https:\/\/dicodusport.fr\/blog\/evan-fournier-jaimerais-rester-aux-knicks-mais-jai-aussi-envie-de-jouer\/\"},\"author\":{\"name\":\"Tom Compayrot\",\"@id\":\"https:\/\/dicodusport.fr\/blog\/#\/schema\/person\/bf1e4f404e108bd2be5b447b16bde9a7\"},\"headline\":\"Evan Fournier : \u00ab J&rsquo;aimerais rester aux Knicks, mais j&rsquo;ai aussi envie de jouer \u00bb\",\"datePublished\":\"2023-01-24T17:09:14+00:00\",\"dateModified\":\"2023-01-24T17:29:42+00:00\",\"mainEntityOfPage\":{\"@id\":\"https:\/\/dicodusport.fr\/blog\/evan-fournier-jaimerais-rester-aux-knicks-mais-jai-aussi-envie-de-jouer\/\"},\"wordCount\":708,\"commentCount\":0,\"publisher\":{\"@id\":\"https:\/\/dicodusport.fr\/blog\/#organization\"},\"image\":{\"@id\":\"https:\/\/dicodusport.fr\/blog\/evan-fournier-jaimerais-rester-aux-knicks-mais-jai-aussi-envie-de-jouer\/#primaryimage\"},\"thumbnailUrl\":\"https:\/\/dicodusport.fr\/blog\/wp-content\/uploads\/2023\/01\/evan-fournier-jaimerais-rester-aux-knicks-mais-jai-aussi-envie-de-jouer.png\",\"keywords\":[\"Evan Fournier\",\"Fran\u00e7ais NBA\",\"New York Knicks\"],\"articleSection\":[\"NBA\"],\"inLanguage\":\"fr-FR\",\"potentialAction\":[{\"@type\":\"CommentAction\",\"name\":\"Comment\",\"target\":[\"https:\/\/dicodusport.fr\/blog\/evan-fournier-jaimerais-rester-aux-knicks-mais-jai-aussi-envie-de-jouer\/#respond\"]}],\"copyrightYear\":\"2023\",\"copyrightHolder\":{\"@id\":\"https:\/\/dicodusport.fr\/blog\/#organization\"}},{\"@type\":\"WebPage\",\"@id\":\"https:\/\/dicodusport.fr\/blog\/evan-fournier-jaimerais-rester-aux-knicks-mais-jai-aussi-envie-de-jouer\/\",\"url\":\"https:\/\/dicodusport.fr\/blog\/evan-fournier-jaimerais-rester-aux-knicks-mais-jai-aussi-envie-de-jouer\/\",\"name\":\"Evan Fournier : \u00ab J'aimerais rester aux Knicks, mais j'ai aussi envie de jouer \u00bb\",\"isPartOf\":{\"@id\":\"https:\/\/dicodusport.fr\/blog\/#website\"},\"primaryImageOfPage\":{\"@id\":\"https:\/\/dicodusport.fr\/blog\/evan-fournier-jaimerais-rester-aux-knicks-mais-jai-aussi-envie-de-jouer\/#primaryimage\"},\"image\":{\"@id\":\"https:\/\/dicodusport.fr\/blog\/evan-fournier-jaimerais-rester-aux-knicks-mais-jai-aussi-envie-de-jouer\/#primaryimage\"},\"thumbnailUrl\":\"https:\/\/dicodusport.fr\/blog\/wp-content\/uploads\/2023\/01\/evan-fournier-jaimerais-rester-aux-knicks-mais-jai-aussi-envie-de-jouer.png\",\"datePublished\":\"2023-01-24T17:09:14+00:00\",\"dateModified\":\"2023-01-24T17:29:42+00:00\",\"description\":\"Apr\u00e8s quasiment 2 mois sans jouer, Evan Fournier se pose la question de son avenir aux New York Knicks. Il pourrait \u00eatre bient\u00f4t transf\u00e9r\u00e9.\",\"breadcrumb\":{\"@id\":\"https:\/\/dicodusport.fr\/blog\/evan-fournier-jaimerais-rester-aux-knicks-mais-jai-aussi-envie-de-jouer\/#breadcrumb\"},\"inLanguage\":\"fr-FR\",\"potentialAction\":[{\"@type\":\"ReadAction\",\"target\":[\"https:\/\/dicodusport.fr\/blog\/evan-fournier-jaimerais-rester-aux-knicks-mais-jai-aussi-envie-de-jouer\/\"]}]},{\"@type\":\"ImageObject\",\"inLanguage\":\"fr-FR\",\"@id\":\"https:\/\/dicodusport.fr\/blog\/evan-fournier-jaimerais-rester-aux-knicks-mais-jai-aussi-envie-de-jouer\/#primaryimage\",\"url\":\"https:\/\/dicodusport.fr\/blog\/wp-content\/uploads\/2023\/01\/evan-fournier-jaimerais-rester-aux-knicks-mais-jai-aussi-envie-de-jouer.png\",\"contentUrl\":\"https:\/\/dicodusport.fr\/blog\/wp-content\/uploads\/2023\/01\/evan-fournier-jaimerais-rester-aux-knicks-mais-jai-aussi-envie-de-jouer.png\",\"width\":800,\"height\":445},{\"@type\":\"BreadcrumbList\",\"@id\":\"https:\/\/dicodusport.fr\/blog\/evan-fournier-jaimerais-rester-aux-knicks-mais-jai-aussi-envie-de-jouer\/#breadcrumb\",\"itemListElement\":[{\"@type\":\"ListItem\",\"position\":1,\"name\":\"Accueil\",\"item\":\"https:\/\/dicodusport.fr\/blog\/\"},{\"@type\":\"ListItem\",\"position\":2,\"name\":\"Evan Fournier : \u00ab J&rsquo;aimerais rester aux Knicks, mais j&rsquo;ai aussi envie de jouer \u00bb\"}]},{\"@type\":\"WebSite\",\"@id\":\"https:\/\/dicodusport.fr\/blog\/#website\",\"url\":\"https:\/\/dicodusport.fr\/blog\/\",\"name\":\"Dicodusport\",\"description\":\"L&#039;encyclop\u00e9die de l&#039;actualit\u00e9 sportive\",\"publisher\":{\"@id\":\"https:\/\/dicodusport.fr\/blog\/#organization\"},\"potentialAction\":[{\"@type\":\"SearchAction\",\"target\":{\"@type\":\"EntryPoint\",\"urlTemplate\":\"https:\/\/dicodusport.fr\/blog\/?s={search_term_string}\"},\"query-input\":{\"@type\":\"PropertyValueSpecification\",\"valueRequired\":true,\"valueName\":\"search_term_string\"}}],\"inLanguage\":\"fr-FR\"},{\"@type\":\"NewsMediaOrganization\",\"@id\":\"https:\/\/dicodusport.fr\/blog\/#organization\",\"name\":\"Dicodusport\",\"url\":\"https:\/\/dicodusport.fr\/blog\/\",\"logo\":{\"@type\":\"ImageObject\",\"inLanguage\":\"fr-FR\",\"@id\":\"https:\/\/dicodusport.fr\/blog\/#\/schema\/logo\/image\/\",\"url\":\"https:\/\/dicodusport.fr\/blog\/wp-content\/uploads\/2020\/06\/cropped-LOGO-DICODUSPORT-2020-SANS-FOND-SANS-TEXTE.png\",\"contentUrl\":\"https:\/\/dicodusport.fr\/blog\/wp-content\/uploads\/2020\/06\/cropped-LOGO-DICODUSPORT-2020-SANS-FOND-SANS-TEXTE.png\",\"width\":512,\"height\":512,\"caption\":\"Dicodusport\"},\"image\":{\"@id\":\"https:\/\/dicodusport.fr\/blog\/#\/schema\/logo\/image\/\"},\"sameAs\":[\"https:\/\/www.facebook.com\/dicodusport\",\"https:\/\/x.com\/dicodusport\",\"https:\/\/www.instagram.com\/dicodusport\/\",\"https:\/\/www.youtube.com\/channel\/UC7V2KZ5sd3htJivAbA4ZG3w\"],\"description\":\"Dicodusport est l'encyclop\u00e9die de l'actualit\u00e9 sportive.\",\"email\":\"bonjour@dicodusport.fr\",\"legalName\":\"DICODUSPORT\",\"foundingDate\":\"2018-01-14\",\"vatID\":\"FR71834470973\",\"taxID\":\"83447097300043\",\"numberOfEmployees\":{\"@type\":\"QuantitativeValue\",\"minValue\":\"1\",\"maxValue\":\"10\"}},{\"@type\":\"Person\",\"@id\":\"https:\/\/dicodusport.fr\/blog\/#\/schema\/person\/bf1e4f404e108bd2be5b447b16bde9a7\",\"name\":\"Tom Compayrot\",\"image\":{\"@type\":\"ImageObject\",\"inLanguage\":\"fr-FR\",\"@id\":\"https:\/\/dicodusport.fr\/blog\/#\/schema\/person\/image\/\",\"url\":\"https:\/\/dicodusport.fr\/blog\/wp-content\/uploads\/2021\/05\/Tom-Compayrot-150x150.jpg\",\"contentUrl\":\"https:\/\/dicodusport.fr\/blog\/wp-content\/uploads\/2021\/05\/Tom-Compayrot-150x150.jpg\",\"caption\":\"Tom Compayrot\"},\"description\":\"Journaliste\/r\u00e9dacteur depuis mars 2017 - Amoureux de la petite balle jaune et du gros ballon orange qui tra\u00eene sa carcasse sur Dicodusport depuis 2017. Rafael Nadal et LeBron James sont les meilleurs joueurs de l'histoire.\",\"sameAs\":[\"https:\/\/x.com\/https:\/\/twitter.com\/Tom_Cprt\"],\"url\":\"https:\/\/dicodusport.fr\/blog\/author\/tom\/\"}]}<\/script>\n<!-- \/ Yoast SEO Premium plugin. -->","yoast_head_json":{"title":"Evan Fournier : \u00ab J'aimerais rester aux Knicks, mais j'ai aussi envie de jouer \u00bb","description":"Apr\u00e8s quasiment 2 mois sans jouer, Evan Fournier se pose la question de son avenir aux New York Knicks. Il pourrait \u00eatre bient\u00f4t transf\u00e9r\u00e9.","robots":{"index":"index","follow":"follow","max-snippet":"max-snippet:-1","max-image-preview":"max-image-preview:large","max-video-preview":"max-video-preview:-1"},"canonical":"https:\/\/dicodusport.fr\/blog\/evan-fournier-jaimerais-rester-aux-knicks-mais-jai-aussi-envie-de-jouer\/","og_locale":"fr_FR","og_type":"article","og_title":"Evan Fournier : \u00ab J'aimerais rester aux Knicks, mais j'ai aussi envie de jouer \u00bb","og_description":"Apr\u00e8s quasiment 2 mois sans jouer, Evan Fournier se pose la question de son avenir aux New York Knicks. Il pourrait \u00eatre bient\u00f4t transf\u00e9r\u00e9.","og_url":"https:\/\/dicodusport.fr\/blog\/evan-fournier-jaimerais-rester-aux-knicks-mais-jai-aussi-envie-de-jouer\/","og_site_name":"Dicodusport","article_publisher":"https:\/\/www.facebook.com\/dicodusport","article_published_time":"2023-01-24T17:09:14+00:00","article_modified_time":"2023-01-24T17:29:42+00:00","og_image":[{"width":800,"height":445,"url":"https:\/\/dicodusport.fr\/blog\/wp-content\/uploads\/2023\/01\/evan-fournier-jaimerais-rester-aux-knicks-mais-jai-aussi-envie-de-jouer.png","type":"image\/png"}],"author":"Tom Compayrot","twitter_card":"summary_large_image","twitter_title":"Evan Fournier : \u00ab J'aimerais rester aux Knicks, mais j'ai aussi envie de jouer \u00bb","twitter_creator":"@https:\/\/twitter.com\/Tom_Cprt","twitter_site":"@dicodusport","schema":{"@context":"https:\/\/schema.org","@graph":[{"@type":"NewsArticle","@id":"https:\/\/dicodusport.fr\/blog\/evan-fournier-jaimerais-rester-aux-knicks-mais-jai-aussi-envie-de-jouer\/#article","isPartOf":{"@id":"https:\/\/dicodusport.fr\/blog\/evan-fournier-jaimerais-rester-aux-knicks-mais-jai-aussi-envie-de-jouer\/"},"author":{"name":"Tom Compayrot","@id":"https:\/\/dicodusport.fr\/blog\/#\/schema\/person\/bf1e4f404e108bd2be5b447b16bde9a7"},"headline":"Evan Fournier : \u00ab J&rsquo;aimerais rester aux Knicks, mais j&rsquo;ai aussi envie de jouer \u00bb","datePublished":"2023-01-24T17:09:14+00:00","dateModified":"2023-01-24T17:29:42+00:00","mainEntityOfPage":{"@id":"https:\/\/dicodusport.fr\/blog\/evan-fournier-jaimerais-rester-aux-knicks-mais-jai-aussi-envie-de-jouer\/"},"wordCount":708,"commentCount":0,"publisher":{"@id":"https:\/\/dicodusport.fr\/blog\/#organization"},"image":{"@id":"https:\/\/dicodusport.fr\/blog\/evan-fournier-jaimerais-rester-aux-knicks-mais-jai-aussi-envie-de-jouer\/#primaryimage"},"thumbnailUrl":"https:\/\/dicodusport.fr\/blog\/wp-content\/uploads\/2023\/01\/evan-fournier-jaimerais-rester-aux-knicks-mais-jai-aussi-envie-de-jouer.png","keywords":["Evan Fournier","Fran\u00e7ais NBA","New York Knicks"],"articleSection":["NBA"],"inLanguage":"fr-FR","potentialAction":[{"@type":"CommentAction","name":"Comment","target":["https:\/\/dicodusport.fr\/blog\/evan-fournier-jaimerais-rester-aux-knicks-mais-jai-aussi-envie-de-jouer\/#respond"]}],"copyrightYear":"2023","copyrightHolder":{"@id":"https:\/\/dicodusport.fr\/blog\/#organization"}},{"@type":"WebPage","@id":"https:\/\/dicodusport.fr\/blog\/evan-fournier-jaimerais-rester-aux-knicks-mais-jai-aussi-envie-de-jouer\/","url":"https:\/\/dicodusport.fr\/blog\/evan-fournier-jaimerais-rester-aux-knicks-mais-jai-aussi-envie-de-jouer\/","name":"Evan Fournier : \u00ab J'aimerais rester aux Knicks, mais j'ai aussi envie de jouer \u00bb","isPartOf":{"@id":"https:\/\/dicodusport.fr\/blog\/#website"},"primaryImageOfPage":{"@id":"https:\/\/dicodusport.fr\/blog\/evan-fournier-jaimerais-rester-aux-knicks-mais-jai-aussi-envie-de-jouer\/#primaryimage"},"image":{"@id":"https:\/\/dicodusport.fr\/blog\/evan-fournier-jaimerais-rester-aux-knicks-mais-jai-aussi-envie-de-jouer\/#primaryimage"},"thumbnailUrl":"https:\/\/dicodusport.fr\/blog\/wp-content\/uploads\/2023\/01\/evan-fournier-jaimerais-rester-aux-knicks-mais-jai-aussi-envie-de-jouer.png","datePublished":"2023-01-24T17:09:14+00:00","dateModified":"2023-01-24T17:29:42+00:00","description":"Apr\u00e8s quasiment 2 mois sans jouer, Evan Fournier se pose la question de son avenir aux New York Knicks. Il pourrait \u00eatre bient\u00f4t transf\u00e9r\u00e9.","breadcrumb":{"@id":"https:\/\/dicodusport.fr\/blog\/evan-fournier-jaimerais-rester-aux-knicks-mais-jai-aussi-envie-de-jouer\/#breadcrumb"},"inLanguage":"fr-FR","potentialAction":[{"@type":"ReadAction","target":["https:\/\/dicodusport.fr\/blog\/evan-fournier-jaimerais-rester-aux-knicks-mais-jai-aussi-envie-de-jouer\/"]}]},{"@type":"ImageObject","inLanguage":"fr-FR","@id":"https:\/\/dicodusport.fr\/blog\/evan-fournier-jaimerais-rester-aux-knicks-mais-jai-aussi-envie-de-jouer\/#primaryimage","url":"https:\/\/dicodusport.fr\/blog\/wp-content\/uploads\/2023\/01\/evan-fournier-jaimerais-rester-aux-knicks-mais-jai-aussi-envie-de-jouer.png","contentUrl":"https:\/\/dicodusport.fr\/blog\/wp-content\/uploads\/2023\/01\/evan-fournier-jaimerais-rester-aux-knicks-mais-jai-aussi-envie-de-jouer.png","width":800,"height":445},{"@type":"BreadcrumbList","@id":"https:\/\/dicodusport.fr\/blog\/evan-fournier-jaimerais-rester-aux-knicks-mais-jai-aussi-envie-de-jouer\/#breadcrumb","itemListElement":[{"@type":"ListItem","position":1,"name":"Accueil","item":"https:\/\/dicodusport.fr\/blog\/"},{"@type":"ListItem","position":2,"name":"Evan Fournier : \u00ab J&rsquo;aimerais rester aux Knicks, mais j&rsquo;ai aussi envie de jouer \u00bb"}]},{"@type":"WebSite","@id":"https:\/\/dicodusport.fr\/blog\/#website","url":"https:\/\/dicodusport.fr\/blog\/","name":"Dicodusport","description":"L&#039;encyclop\u00e9die de l&#039;actualit\u00e9 sportive","publisher":{"@id":"https:\/\/dicodusport.fr\/blog\/#organization"},"potentialAction":[{"@type":"SearchAction","target":{"@type":"EntryPoint","urlTemplate":"https:\/\/dicodusport.fr\/blog\/?s={search_term_string}"},"query-input":{"@type":"PropertyValueSpecification","valueRequired":true,"valueName":"search_term_string"}}],"inLanguage":"fr-FR"},{"@type":"NewsMediaOrganization","@id":"https:\/\/dicodusport.fr\/blog\/#organization","name":"Dicodusport","url":"https:\/\/dicodusport.fr\/blog\/","logo":{"@type":"ImageObject","inLanguage":"fr-FR","@id":"https:\/\/dicodusport.fr\/blog\/#\/schema\/logo\/image\/","url":"https:\/\/dicodusport.fr\/blog\/wp-content\/uploads\/2020\/06\/cropped-LOGO-DICODUSPORT-2020-SANS-FOND-SANS-TEXTE.png","contentUrl":"https:\/\/dicodusport.fr\/blog\/wp-content\/uploads\/2020\/06\/cropped-LOGO-DICODUSPORT-2020-SANS-FOND-SANS-TEXTE.png","width":512,"height":512,"caption":"Dicodusport"},"image":{"@id":"https:\/\/dicodusport.fr\/blog\/#\/schema\/logo\/image\/"},"sameAs":["https:\/\/www.facebook.com\/dicodusport","https:\/\/x.com\/dicodusport","https:\/\/www.instagram.com\/dicodusport\/","https:\/\/www.youtube.com\/channel\/UC7V2KZ5sd3htJivAbA4ZG3w"],"description":"Dicodusport est l'encyclop\u00e9die de l'actualit\u00e9 sportive.","email":"bonjour@dicodusport.fr","legalName":"DICODUSPORT","foundingDate":"2018-01-14","vatID":"FR71834470973","taxID":"83447097300043","numberOfEmployees":{"@type":"QuantitativeValue","minValue":"1","maxValue":"10"}},{"@type":"Person","@id":"https:\/\/dicodusport.fr\/blog\/#\/schema\/person\/bf1e4f404e108bd2be5b447b16bde9a7","name":"Tom Compayrot","image":{"@type":"ImageObject","inLanguage":"fr-FR","@id":"https:\/\/dicodusport.fr\/blog\/#\/schema\/person\/image\/","url":"https:\/\/dicodusport.fr\/blog\/wp-content\/uploads\/2021\/05\/Tom-Compayrot-150x150.jpg","contentUrl":"https:\/\/dicodusport.fr\/blog\/wp-content\/uploads\/2021\/05\/Tom-Compayrot-150x150.jpg","caption":"Tom Compayrot"},"description":"Journaliste\/r\u00e9dacteur depuis mars 2017 - Amoureux de la petite balle jaune et du gros ballon orange qui tra\u00eene sa carcasse sur Dicodusport depuis 2017. Rafael Nadal et LeBron James sont les meilleurs joueurs de l'histoire.","sameAs":["https:\/\/x.com\/https:\/\/twitter.com\/Tom_Cprt"],"url":"https:\/\/dicodusport.fr\/blog\/author\/tom\/"}]}},"_links":{"self":[{"href":"https:\/\/dicodusport.fr\/blog\/wp-json\/wp\/v2\/posts\/348210","targetHints":{"allow":["GET"]}}],"collection":[{"href":"https:\/\/dicodusport.fr\/blog\/wp-json\/wp\/v2\/posts"}],"about":[{"href":"https:\/\/dicodusport.fr\/blog\/wp-json\/wp\/v2\/types\/post"}],"author":[{"embeddable":true,"href":"https:\/\/dicodusport.fr\/blog\/wp-json\/wp\/v2\/users\/13"}],"replies":[{"embeddable":true,"href":"https:\/\/dicodusport.fr\/blog\/wp-json\/wp\/v2\/comments?post=348210"}],"version-history":[{"count":0,"href":"https:\/\/dicodusport.fr\/blog\/wp-json\/wp\/v2\/posts\/348210\/revisions"}],"wp:featuredmedia":[{"embeddable":true,"href":"https:\/\/dicodusport.fr\/blog\/wp-json\/wp\/v2\/media\/348251"}],"wp:attachment":[{"href":"https:\/\/dicodusport.fr\/blog\/wp-json\/wp\/v2\/media?parent=348210"}],"wp:term":[{"taxonomy":"category","embeddable":true,"href":"https:\/\/dicodusport.fr\/blog\/wp-json\/wp\/v2\/categories?post=348210"},{"taxonomy":"post_tag","embeddable":true,"href":"https:\/\/dicodusport.fr\/blog\/wp-json\/wp\/v2\/tags?post=348210"}],"curies":[{"name":"wp","href":"https:\/\/api.w.org\/{rel}","templated":true}]}}