{"id":348241,"date":"2023-01-25T08:03:24","date_gmt":"2023-01-25T07:03:24","guid":{"rendered":"https:\/\/dicodusport.fr\/blog\/?p=348241&#038;preview=true&#038;preview_id=348241"},"modified":"2023-01-25T14:20:00","modified_gmt":"2023-01-25T13:20:00","slug":"tour-de-san-juan-2023-quinn-simmons-gagne-la-troisieme-etape","status":"publish","type":"post","link":"https:\/\/dicodusport.fr\/blog\/tour-de-san-juan-2023-quinn-simmons-gagne-la-troisieme-etape\/","title":{"rendered":"Tour de San Juan 2023 : Quinn Simmons gagne la troisi\u00e8me \u00e9tape"},"content":{"rendered":"<p style=\"text-align: justify;\"><em><a style=\"font-weight: bold;\" href=\"https:\/\/dicodusport.fr\/blog\/actualites\/cyclisme\/cyclisme-sur-route-2023\/\">CYCLISME SUR ROUTE 2023<\/a><b> \u2013 Quinn Simmons (Trek Segafredo) s&rsquo;est adjug\u00e9 la troisi\u00e8me \u00e9tape du <\/b><a style=\"font-weight: bold;\" href=\"https:\/\/dicodusport.fr\/blog\/tour-de-san-juan-2023-le-parcours-en-detail\/\">Tour de San Juan<\/a><b> en Argentine, mardi. Il a devanc\u00e9 Maximiliano Richeze (Argentine) et Sam Bennett (Bora Hansgrohe).\u00a0<\/b><\/em><\/p>\n<p style=\"text-align: justify;\">La troisi\u00e8me \u00e9tape se d\u00e9roulait autour de l&rsquo;Autodrome de Villicum avec 171 kilom\u00e8tres au programme. Pour rejoindre l&rsquo;Autodrome, il y aura une portion montante de 4 kilom\u00e8tres, sinon le reste du parcours \u00e9tait plat. \u00c0 noter, hier, l&rsquo;abandon sur chute de <strong>Jhonatan Narvaez<\/strong> (INEOS Grenadiers). L&rsquo;Equatorien a \u00e9t\u00e9 transport\u00e9 \u00e0 l&rsquo;h\u00f4pital pour des examens plus approfondis. Ces examens n&rsquo;ont pas r\u00e9v\u00e9l\u00e9 de fractures ni de blessures majeures.<\/p>\n<p style=\"text-align: justify;\">D&rsquo;abord, huit coureurs ont form\u00e9 l&rsquo;\u00e9chapp\u00e9e du jour : <strong>Lukas Nicol\u00e1s Dundic<\/strong> (Argentine), <strong>Mauricio Dominguez, Daniel Omar Juarez<\/strong> (Agrupaci\u00f3n Virgen de Fatima), <strong>Emiliano Contreras<\/strong> (Chimbas Te Quiero), <strong>Jos\u00e9 Luis Rodriguez, Manuel Lira<\/strong> (Chili), <strong>Pedro Gordillo<\/strong> et <strong>Marcelo Nahuel Mendez<\/strong> (Municipalidad de Rawson). Leur avance est mont\u00e9e jusqu&rsquo;\u00e0 5 minutes.<\/p>\n<h2 style=\"text-align: justify;\">Les \u00e9quipes sud-am\u00e9ricaines animent la course<\/h2>\n<p style=\"text-align: justify;\">Puis, les \u00e9quipes Bora Hansgrohe, Movistar et Soudal Quick-Step ont d\u00e9cid\u00e9 d&#8217;embrayer pour r\u00e9duire l&rsquo;\u00e9cart des fuyards. Apr\u00e8s le sprint interm\u00e9diaire remport\u00e9 par <strong>Emiliano Contreras<\/strong> (Chimbas Te Quiero), l&rsquo;\u00e9chapp\u00e9e a perdu un membre, <strong>Manuel Lira<\/strong> (Chili), alors que l&rsquo;\u00e9cart est sous les 3 minutes.<\/p>\n<p style=\"text-align: justify;\">Ensuite, <strong>Daniel Omar Juarez<\/strong> (Agrupaci\u00f3n Virgen de Fatima) a franchi en premi\u00e8re position les deux sprints interm\u00e9diaires du jour. Apr\u00e8s le second sprint, ils n&rsquo;\u00e9taient plus que trois devant : <strong>Lukas Nicol\u00e1s Dundic<\/strong> (Argentine), <strong>Jos\u00e9 Luis Rodriguez<\/strong> (Chili) et <strong>Marcelo Nahuel Mendez<\/strong> (Municipalidad de Rawson).<\/p>\n<p style=\"text-align: justify;\">Par la suite, le peloton a repris les fuyards \u00e0 35 kilom\u00e8tres avant de rester group\u00e9, avec une grosse chute \u00e0 l&rsquo;arri\u00e8re avant d&rsquo;entrer dans l&rsquo;Autodrome de Villicum. Mais, <strong>Simone Bevilacqua<\/strong> (Eolo Kometa) a tent\u00e9 en vain de contrecarrer les plans des sprinteurs.<\/p>\n<h2 style=\"text-align: justify;\">Quinn Simmons pi\u00e8ge les sprinteurs<\/h2>\n<p style=\"text-align: justify;\">Finalement, <strong>Quinn Simmons<\/strong> (Trek Segafredo) est sorti \u00e0 700 m\u00e8tres de la ligne et a r\u00e9sist\u00e9 au retour de <strong>Maximiliano Richeze<\/strong> (Argentine) pour s&rsquo;imposer. <strong>Sam Bennett<\/strong> (Bora Hansgrohe) a compl\u00e9t\u00e9 le podium de l&rsquo;\u00e9tape et a confort\u00e9 sa position en t\u00eate du g\u00e9n\u00e9ral. D\u00e9cid\u00e9ment, ce final n&rsquo;a encore pas r\u00e9ussi aux sprinteurs. En effet, lors des deux arriv\u00e9es pr\u00e9c\u00e9dentes, l&rsquo;\u00e9chapp\u00e9e et un puncheur (Zdenek Stybar) avaient r\u00e9ussi \u00e0 s&rsquo;adjuger la victoire sur ce circuit automobile.<\/p>\n<blockquote class=\"twitter-tweet\">\n<p dir=\"ltr\" lang=\"es\">\ud83d\udccd Etapa 3 \ud83c\udde6\ud83c\uddf7<\/p>\n<p>Termin\u00f3 la etapa de hoy, la victoria para Quinn Simmons\ud83c\uddfa\ud83c\uddf2 corredor del <a href=\"https:\/\/twitter.com\/TrekSegafredo?ref_src=twsrc%5Etfw\">@TrekSegafredo<\/a> con este tiempo \ud83d\udd59 3hs 49&prime; 29&Prime;.<\/p>\n<p>\ud83e\udd47 Quinn Simmons<br \/>\n\ud83e\udd48 Maximiliano Richeze<br \/>\n\ud83e\udd49 Sam Bennett<a href=\"https:\/\/twitter.com\/hashtag\/DondeTodoEmpieza?src=hash&amp;ref_src=twsrc%5Etfw\">#DondeTodoEmpieza<\/a> <a href=\"https:\/\/twitter.com\/hashtag\/VueltaSJ2023?src=hash&amp;ref_src=twsrc%5Etfw\">#VueltaSJ2023<\/a> <a href=\"https:\/\/t.co\/6thLrgOZn5\">pic.twitter.com\/6thLrgOZn5<\/a><\/p>\n<p>\u2014 Vuelta a San Juan OK (@vueltasanjuanok) <a href=\"https:\/\/twitter.com\/vueltasanjuanok\/status\/1618015400691929088?ref_src=twsrc%5Etfw\">January 24, 2023<\/a><\/p><\/blockquote>\n<p><script async src=\"https:\/\/platform.twitter.com\/widgets.js\" charset=\"utf-8\"><\/script><\/p>\n<h2 style=\"text-align: justify;\">\u00c0 lire aussi<\/h2>\n<ul>\n<li style=\"text-align: justify;\"><a href=\"https:\/\/dicodusport.fr\/blog\/tour-de-san-juan-2023-classement-3eme-etape\/\"><b>Le classement de la troisi\u00e8me \u00e9tape Tour de San Juan 2023<\/b><\/a><\/li>\n<li style=\"text-align: justify;\"><a href=\"https:\/\/dicodusport.fr\/blog\/tour-de-san-juan-2023-classement-general\/\"><strong>Le classement g\u00e9n\u00e9ral du Tour de San Juan 2023<\/strong><\/a><\/li>\n<\/ul>\n","protected":false},"excerpt":{"rendered":"<p>CYCLISME SUR ROUTE 2023 \u2013 Quinn Simmons (Trek Segafredo) s&rsquo;est adjug\u00e9 la troisi\u00e8me \u00e9tape du Tour de San Juan en Argentine, mardi. Il a devanc\u00e9\u00a0Maximiliano Richeze (Argentine) et Sam Bennett (Bora Hansgrohe).\u00a0<\/p>\n","protected":false},"author":48,"featured_media":348350,"comment_status":"open","ping_status":"closed","sticky":false,"template":"","format":"standard","meta":{"_acf_changed":false,"_daextam_enable_autolinks":"","footnotes":""},"categories":[46994],"tags":[574,9664],"class_list":["post-348241","post","type-post","status-publish","format-standard","has-post-thumbnail","hentry","category-cyclisme-sur-route","tag-cyclisme","tag-tour-de-san-juan"],"acf":[],"yoast_head":"<!-- This site is optimized with the Yoast SEO Premium plugin v26.7 (Yoast SEO v26.7) - https:\/\/yoast.com\/wordpress\/plugins\/seo\/ -->\n<title>Tour de San Juan 2023 : Quinn Simmons gagne la troisi\u00e8me \u00e9tape<\/title>\n<meta name=\"description\" content=\"CYCLISME SUR ROUTE 2023 \u2013 Quinn Simmons s&#039;est impos\u00e9, en r\u00e9alisant le coup du kilom\u00e8tre, sur la troisi\u00e8me \u00e9tape du Tour de San Juan, mardi.\" \/>\n<meta name=\"robots\" content=\"index, follow, max-snippet:-1, max-image-preview:large, max-video-preview:-1\" \/>\n<link rel=\"canonical\" href=\"https:\/\/dicodusport.fr\/blog\/tour-de-san-juan-2023-quinn-simmons-gagne-la-troisieme-etape\/\" \/>\n<meta property=\"og:locale\" content=\"fr_FR\" \/>\n<meta property=\"og:type\" content=\"article\" \/>\n<meta property=\"og:title\" content=\"Tour de San Juan 2023 : Quinn Simmons gagne la troisi\u00e8me \u00e9tape\" \/>\n<meta property=\"og:description\" content=\"CYCLISME SUR ROUTE 2023 \u2013 Quinn Simmons s&#039;est impos\u00e9, en r\u00e9alisant le coup du kilom\u00e8tre, sur la troisi\u00e8me \u00e9tape du Tour de San Juan, mardi.\" \/>\n<meta property=\"og:url\" content=\"https:\/\/dicodusport.fr\/blog\/tour-de-san-juan-2023-quinn-simmons-gagne-la-troisieme-etape\/\" \/>\n<meta property=\"og:site_name\" content=\"Dicodusport\" \/>\n<meta property=\"article:publisher\" content=\"https:\/\/www.facebook.com\/dicodusport\" \/>\n<meta property=\"article:author\" content=\"https:\/\/www.facebook.com\/groups\/LesRoisDuPeloton\" \/>\n<meta property=\"article:published_time\" content=\"2023-01-25T07:03:24+00:00\" \/>\n<meta property=\"article:modified_time\" content=\"2023-01-25T13:20:00+00:00\" \/>\n<meta property=\"og:image\" content=\"https:\/\/dicodusport.fr\/blog\/wp-content\/uploads\/2023\/01\/Tour-de-San-Juan-2023-Quinn-Simmons-gagne-la-troisieme-etape.png\" \/>\n\t<meta property=\"og:image:width\" content=\"800\" \/>\n\t<meta property=\"og:image:height\" content=\"445\" \/>\n\t<meta property=\"og:image:type\" content=\"image\/png\" \/>\n<meta name=\"author\" content=\"Emilien Descampiaux\" \/>\n<meta name=\"twitter:card\" content=\"summary_large_image\" \/>\n<meta name=\"twitter:title\" content=\"Tour de San Juan 2023 : Quinn Simmons gagne la troisi\u00e8me \u00e9tape\" \/>\n<meta name=\"twitter:creator\" content=\"@https:\/\/twitter.com\/LRoisDuPeloton\" \/>\n<meta name=\"twitter:site\" content=\"@dicodusport\" \/>\n<script type=\"application\/ld+json\" class=\"yoast-schema-graph\">{\"@context\":\"https:\/\/schema.org\",\"@graph\":[{\"@type\":\"NewsArticle\",\"@id\":\"https:\/\/dicodusport.fr\/blog\/tour-de-san-juan-2023-quinn-simmons-gagne-la-troisieme-etape\/#article\",\"isPartOf\":{\"@id\":\"https:\/\/dicodusport.fr\/blog\/tour-de-san-juan-2023-quinn-simmons-gagne-la-troisieme-etape\/\"},\"author\":{\"name\":\"Emilien Descampiaux\",\"@id\":\"https:\/\/dicodusport.fr\/blog\/#\/schema\/person\/6db4bae06b171592211be385b32876a7\"},\"headline\":\"Tour de San Juan 2023 : Quinn Simmons gagne la troisi\u00e8me \u00e9tape\",\"datePublished\":\"2023-01-25T07:03:24+00:00\",\"dateModified\":\"2023-01-25T13:20:00+00:00\",\"mainEntityOfPage\":{\"@id\":\"https:\/\/dicodusport.fr\/blog\/tour-de-san-juan-2023-quinn-simmons-gagne-la-troisieme-etape\/\"},\"wordCount\":484,\"commentCount\":0,\"publisher\":{\"@id\":\"https:\/\/dicodusport.fr\/blog\/#organization\"},\"image\":{\"@id\":\"https:\/\/dicodusport.fr\/blog\/tour-de-san-juan-2023-quinn-simmons-gagne-la-troisieme-etape\/#primaryimage\"},\"thumbnailUrl\":\"https:\/\/dicodusport.fr\/blog\/wp-content\/uploads\/2023\/01\/Tour-de-San-Juan-2023-Quinn-Simmons-gagne-la-troisieme-etape.png\",\"keywords\":[\"Cyclisme\",\"Tour de San Juan\"],\"articleSection\":[\"Cyclisme sur route\"],\"inLanguage\":\"fr-FR\",\"potentialAction\":[{\"@type\":\"CommentAction\",\"name\":\"Comment\",\"target\":[\"https:\/\/dicodusport.fr\/blog\/tour-de-san-juan-2023-quinn-simmons-gagne-la-troisieme-etape\/#respond\"]}],\"copyrightYear\":\"2023\",\"copyrightHolder\":{\"@id\":\"https:\/\/dicodusport.fr\/blog\/#organization\"}},{\"@type\":\"WebPage\",\"@id\":\"https:\/\/dicodusport.fr\/blog\/tour-de-san-juan-2023-quinn-simmons-gagne-la-troisieme-etape\/\",\"url\":\"https:\/\/dicodusport.fr\/blog\/tour-de-san-juan-2023-quinn-simmons-gagne-la-troisieme-etape\/\",\"name\":\"Tour de San Juan 2023 : Quinn Simmons gagne la troisi\u00e8me \u00e9tape\",\"isPartOf\":{\"@id\":\"https:\/\/dicodusport.fr\/blog\/#website\"},\"primaryImageOfPage\":{\"@id\":\"https:\/\/dicodusport.fr\/blog\/tour-de-san-juan-2023-quinn-simmons-gagne-la-troisieme-etape\/#primaryimage\"},\"image\":{\"@id\":\"https:\/\/dicodusport.fr\/blog\/tour-de-san-juan-2023-quinn-simmons-gagne-la-troisieme-etape\/#primaryimage\"},\"thumbnailUrl\":\"https:\/\/dicodusport.fr\/blog\/wp-content\/uploads\/2023\/01\/Tour-de-San-Juan-2023-Quinn-Simmons-gagne-la-troisieme-etape.png\",\"datePublished\":\"2023-01-25T07:03:24+00:00\",\"dateModified\":\"2023-01-25T13:20:00+00:00\",\"description\":\"CYCLISME SUR ROUTE 2023 \u2013 Quinn Simmons s'est impos\u00e9, en r\u00e9alisant le coup du kilom\u00e8tre, sur la troisi\u00e8me \u00e9tape du Tour de San Juan, mardi.\",\"breadcrumb\":{\"@id\":\"https:\/\/dicodusport.fr\/blog\/tour-de-san-juan-2023-quinn-simmons-gagne-la-troisieme-etape\/#breadcrumb\"},\"inLanguage\":\"fr-FR\",\"potentialAction\":[{\"@type\":\"ReadAction\",\"target\":[\"https:\/\/dicodusport.fr\/blog\/tour-de-san-juan-2023-quinn-simmons-gagne-la-troisieme-etape\/\"]}]},{\"@type\":\"ImageObject\",\"inLanguage\":\"fr-FR\",\"@id\":\"https:\/\/dicodusport.fr\/blog\/tour-de-san-juan-2023-quinn-simmons-gagne-la-troisieme-etape\/#primaryimage\",\"url\":\"https:\/\/dicodusport.fr\/blog\/wp-content\/uploads\/2023\/01\/Tour-de-San-Juan-2023-Quinn-Simmons-gagne-la-troisieme-etape.png\",\"contentUrl\":\"https:\/\/dicodusport.fr\/blog\/wp-content\/uploads\/2023\/01\/Tour-de-San-Juan-2023-Quinn-Simmons-gagne-la-troisieme-etape.png\",\"width\":800,\"height\":445,\"caption\":\"Tour de San Juan 2023 - Quinn Simmons gagne la troisi\u00e8me \u00e9tape - Photo Vuelta a San Juan\"},{\"@type\":\"BreadcrumbList\",\"@id\":\"https:\/\/dicodusport.fr\/blog\/tour-de-san-juan-2023-quinn-simmons-gagne-la-troisieme-etape\/#breadcrumb\",\"itemListElement\":[{\"@type\":\"ListItem\",\"position\":1,\"name\":\"Accueil\",\"item\":\"https:\/\/dicodusport.fr\/blog\/\"},{\"@type\":\"ListItem\",\"position\":2,\"name\":\"Tour de San Juan 2023 : Quinn Simmons gagne la troisi\u00e8me \u00e9tape\"}]},{\"@type\":\"WebSite\",\"@id\":\"https:\/\/dicodusport.fr\/blog\/#website\",\"url\":\"https:\/\/dicodusport.fr\/blog\/\",\"name\":\"Dicodusport\",\"description\":\"L&#039;encyclop\u00e9die de l&#039;actualit\u00e9 sportive\",\"publisher\":{\"@id\":\"https:\/\/dicodusport.fr\/blog\/#organization\"},\"potentialAction\":[{\"@type\":\"SearchAction\",\"target\":{\"@type\":\"EntryPoint\",\"urlTemplate\":\"https:\/\/dicodusport.fr\/blog\/?s={search_term_string}\"},\"query-input\":{\"@type\":\"PropertyValueSpecification\",\"valueRequired\":true,\"valueName\":\"search_term_string\"}}],\"inLanguage\":\"fr-FR\"},{\"@type\":\"NewsMediaOrganization\",\"@id\":\"https:\/\/dicodusport.fr\/blog\/#organization\",\"name\":\"Dicodusport\",\"url\":\"https:\/\/dicodusport.fr\/blog\/\",\"logo\":{\"@type\":\"ImageObject\",\"inLanguage\":\"fr-FR\",\"@id\":\"https:\/\/dicodusport.fr\/blog\/#\/schema\/logo\/image\/\",\"url\":\"https:\/\/dicodusport.fr\/blog\/wp-content\/uploads\/2020\/06\/cropped-LOGO-DICODUSPORT-2020-SANS-FOND-SANS-TEXTE.png\",\"contentUrl\":\"https:\/\/dicodusport.fr\/blog\/wp-content\/uploads\/2020\/06\/cropped-LOGO-DICODUSPORT-2020-SANS-FOND-SANS-TEXTE.png\",\"width\":512,\"height\":512,\"caption\":\"Dicodusport\"},\"image\":{\"@id\":\"https:\/\/dicodusport.fr\/blog\/#\/schema\/logo\/image\/\"},\"sameAs\":[\"https:\/\/www.facebook.com\/dicodusport\",\"https:\/\/x.com\/dicodusport\",\"https:\/\/www.instagram.com\/dicodusport\/\",\"https:\/\/www.youtube.com\/channel\/UC7V2KZ5sd3htJivAbA4ZG3w\"],\"description\":\"Dicodusport est l'encyclop\u00e9die de l'actualit\u00e9 sportive.\",\"email\":\"bonjour@dicodusport.fr\",\"legalName\":\"DICODUSPORT\",\"foundingDate\":\"2018-01-14\",\"vatID\":\"FR71834470973\",\"taxID\":\"83447097300043\",\"numberOfEmployees\":{\"@type\":\"QuantitativeValue\",\"minValue\":\"1\",\"maxValue\":\"10\"}},{\"@type\":\"Person\",\"@id\":\"https:\/\/dicodusport.fr\/blog\/#\/schema\/person\/6db4bae06b171592211be385b32876a7\",\"name\":\"Emilien Descampiaux\",\"image\":{\"@type\":\"ImageObject\",\"inLanguage\":\"fr-FR\",\"@id\":\"https:\/\/dicodusport.fr\/blog\/#\/schema\/person\/image\/\",\"url\":\"https:\/\/dicodusport.fr\/blog\/wp-content\/uploads\/2021\/05\/Emilien-Descampiaux-150x150.jpg\",\"contentUrl\":\"https:\/\/dicodusport.fr\/blog\/wp-content\/uploads\/2021\/05\/Emilien-Descampiaux-150x150.jpg\",\"caption\":\"Emilien Descampiaux\"},\"description\":\"Journaliste\/r\u00e9dacteur depuis 2014 - Fan de la classe de Frank Vandenbroucke, je vis cyclisme (et de ses paysages) depuis plus de 20 ans. Je suis tr\u00e8s impliqu\u00e9 sur mes diff\u00e9rents r\u00e9seaux sociaux pour partager ma passion sur le monde et l'Histoire de la bicyclette avec ma voix sur les images en noir et blanc du succ\u00e8s de Rik Van Steenbergen lors du Ronde sur le V\u00e9lodrome de Gand.\",\"sameAs\":[\"https:\/\/www.facebook.com\/groups\/LesRoisDuPeloton\",\"https:\/\/x.com\/https:\/\/twitter.com\/LRoisDuPeloton\"],\"url\":\"https:\/\/dicodusport.fr\/blog\/author\/emiliend\/\"}]}<\/script>\n<!-- \/ Yoast SEO Premium plugin. -->","yoast_head_json":{"title":"Tour de San Juan 2023 : Quinn Simmons gagne la troisi\u00e8me \u00e9tape","description":"CYCLISME SUR ROUTE 2023 \u2013 Quinn Simmons s'est impos\u00e9, en r\u00e9alisant le coup du kilom\u00e8tre, sur la troisi\u00e8me \u00e9tape du Tour de San Juan, mardi.","robots":{"index":"index","follow":"follow","max-snippet":"max-snippet:-1","max-image-preview":"max-image-preview:large","max-video-preview":"max-video-preview:-1"},"canonical":"https:\/\/dicodusport.fr\/blog\/tour-de-san-juan-2023-quinn-simmons-gagne-la-troisieme-etape\/","og_locale":"fr_FR","og_type":"article","og_title":"Tour de San Juan 2023 : Quinn Simmons gagne la troisi\u00e8me \u00e9tape","og_description":"CYCLISME SUR ROUTE 2023 \u2013 Quinn Simmons s'est impos\u00e9, en r\u00e9alisant le coup du kilom\u00e8tre, sur la troisi\u00e8me \u00e9tape du Tour de San Juan, mardi.","og_url":"https:\/\/dicodusport.fr\/blog\/tour-de-san-juan-2023-quinn-simmons-gagne-la-troisieme-etape\/","og_site_name":"Dicodusport","article_publisher":"https:\/\/www.facebook.com\/dicodusport","article_author":"https:\/\/www.facebook.com\/groups\/LesRoisDuPeloton","article_published_time":"2023-01-25T07:03:24+00:00","article_modified_time":"2023-01-25T13:20:00+00:00","og_image":[{"width":800,"height":445,"url":"https:\/\/dicodusport.fr\/blog\/wp-content\/uploads\/2023\/01\/Tour-de-San-Juan-2023-Quinn-Simmons-gagne-la-troisieme-etape.png","type":"image\/png"}],"author":"Emilien Descampiaux","twitter_card":"summary_large_image","twitter_title":"Tour de San Juan 2023 : Quinn Simmons gagne la troisi\u00e8me \u00e9tape","twitter_creator":"@https:\/\/twitter.com\/LRoisDuPeloton","twitter_site":"@dicodusport","schema":{"@context":"https:\/\/schema.org","@graph":[{"@type":"NewsArticle","@id":"https:\/\/dicodusport.fr\/blog\/tour-de-san-juan-2023-quinn-simmons-gagne-la-troisieme-etape\/#article","isPartOf":{"@id":"https:\/\/dicodusport.fr\/blog\/tour-de-san-juan-2023-quinn-simmons-gagne-la-troisieme-etape\/"},"author":{"name":"Emilien Descampiaux","@id":"https:\/\/dicodusport.fr\/blog\/#\/schema\/person\/6db4bae06b171592211be385b32876a7"},"headline":"Tour de San Juan 2023 : Quinn Simmons gagne la troisi\u00e8me \u00e9tape","datePublished":"2023-01-25T07:03:24+00:00","dateModified":"2023-01-25T13:20:00+00:00","mainEntityOfPage":{"@id":"https:\/\/dicodusport.fr\/blog\/tour-de-san-juan-2023-quinn-simmons-gagne-la-troisieme-etape\/"},"wordCount":484,"commentCount":0,"publisher":{"@id":"https:\/\/dicodusport.fr\/blog\/#organization"},"image":{"@id":"https:\/\/dicodusport.fr\/blog\/tour-de-san-juan-2023-quinn-simmons-gagne-la-troisieme-etape\/#primaryimage"},"thumbnailUrl":"https:\/\/dicodusport.fr\/blog\/wp-content\/uploads\/2023\/01\/Tour-de-San-Juan-2023-Quinn-Simmons-gagne-la-troisieme-etape.png","keywords":["Cyclisme","Tour de San Juan"],"articleSection":["Cyclisme sur route"],"inLanguage":"fr-FR","potentialAction":[{"@type":"CommentAction","name":"Comment","target":["https:\/\/dicodusport.fr\/blog\/tour-de-san-juan-2023-quinn-simmons-gagne-la-troisieme-etape\/#respond"]}],"copyrightYear":"2023","copyrightHolder":{"@id":"https:\/\/dicodusport.fr\/blog\/#organization"}},{"@type":"WebPage","@id":"https:\/\/dicodusport.fr\/blog\/tour-de-san-juan-2023-quinn-simmons-gagne-la-troisieme-etape\/","url":"https:\/\/dicodusport.fr\/blog\/tour-de-san-juan-2023-quinn-simmons-gagne-la-troisieme-etape\/","name":"Tour de San Juan 2023 : Quinn Simmons gagne la troisi\u00e8me \u00e9tape","isPartOf":{"@id":"https:\/\/dicodusport.fr\/blog\/#website"},"primaryImageOfPage":{"@id":"https:\/\/dicodusport.fr\/blog\/tour-de-san-juan-2023-quinn-simmons-gagne-la-troisieme-etape\/#primaryimage"},"image":{"@id":"https:\/\/dicodusport.fr\/blog\/tour-de-san-juan-2023-quinn-simmons-gagne-la-troisieme-etape\/#primaryimage"},"thumbnailUrl":"https:\/\/dicodusport.fr\/blog\/wp-content\/uploads\/2023\/01\/Tour-de-San-Juan-2023-Quinn-Simmons-gagne-la-troisieme-etape.png","datePublished":"2023-01-25T07:03:24+00:00","dateModified":"2023-01-25T13:20:00+00:00","description":"CYCLISME SUR ROUTE 2023 \u2013 Quinn Simmons s'est impos\u00e9, en r\u00e9alisant le coup du kilom\u00e8tre, sur la troisi\u00e8me \u00e9tape du Tour de San Juan, mardi.","breadcrumb":{"@id":"https:\/\/dicodusport.fr\/blog\/tour-de-san-juan-2023-quinn-simmons-gagne-la-troisieme-etape\/#breadcrumb"},"inLanguage":"fr-FR","potentialAction":[{"@type":"ReadAction","target":["https:\/\/dicodusport.fr\/blog\/tour-de-san-juan-2023-quinn-simmons-gagne-la-troisieme-etape\/"]}]},{"@type":"ImageObject","inLanguage":"fr-FR","@id":"https:\/\/dicodusport.fr\/blog\/tour-de-san-juan-2023-quinn-simmons-gagne-la-troisieme-etape\/#primaryimage","url":"https:\/\/dicodusport.fr\/blog\/wp-content\/uploads\/2023\/01\/Tour-de-San-Juan-2023-Quinn-Simmons-gagne-la-troisieme-etape.png","contentUrl":"https:\/\/dicodusport.fr\/blog\/wp-content\/uploads\/2023\/01\/Tour-de-San-Juan-2023-Quinn-Simmons-gagne-la-troisieme-etape.png","width":800,"height":445,"caption":"Tour de San Juan 2023 - Quinn Simmons gagne la troisi\u00e8me \u00e9tape - Photo Vuelta a San Juan"},{"@type":"BreadcrumbList","@id":"https:\/\/dicodusport.fr\/blog\/tour-de-san-juan-2023-quinn-simmons-gagne-la-troisieme-etape\/#breadcrumb","itemListElement":[{"@type":"ListItem","position":1,"name":"Accueil","item":"https:\/\/dicodusport.fr\/blog\/"},{"@type":"ListItem","position":2,"name":"Tour de San Juan 2023 : Quinn Simmons gagne la troisi\u00e8me \u00e9tape"}]},{"@type":"WebSite","@id":"https:\/\/dicodusport.fr\/blog\/#website","url":"https:\/\/dicodusport.fr\/blog\/","name":"Dicodusport","description":"L&#039;encyclop\u00e9die de l&#039;actualit\u00e9 sportive","publisher":{"@id":"https:\/\/dicodusport.fr\/blog\/#organization"},"potentialAction":[{"@type":"SearchAction","target":{"@type":"EntryPoint","urlTemplate":"https:\/\/dicodusport.fr\/blog\/?s={search_term_string}"},"query-input":{"@type":"PropertyValueSpecification","valueRequired":true,"valueName":"search_term_string"}}],"inLanguage":"fr-FR"},{"@type":"NewsMediaOrganization","@id":"https:\/\/dicodusport.fr\/blog\/#organization","name":"Dicodusport","url":"https:\/\/dicodusport.fr\/blog\/","logo":{"@type":"ImageObject","inLanguage":"fr-FR","@id":"https:\/\/dicodusport.fr\/blog\/#\/schema\/logo\/image\/","url":"https:\/\/dicodusport.fr\/blog\/wp-content\/uploads\/2020\/06\/cropped-LOGO-DICODUSPORT-2020-SANS-FOND-SANS-TEXTE.png","contentUrl":"https:\/\/dicodusport.fr\/blog\/wp-content\/uploads\/2020\/06\/cropped-LOGO-DICODUSPORT-2020-SANS-FOND-SANS-TEXTE.png","width":512,"height":512,"caption":"Dicodusport"},"image":{"@id":"https:\/\/dicodusport.fr\/blog\/#\/schema\/logo\/image\/"},"sameAs":["https:\/\/www.facebook.com\/dicodusport","https:\/\/x.com\/dicodusport","https:\/\/www.instagram.com\/dicodusport\/","https:\/\/www.youtube.com\/channel\/UC7V2KZ5sd3htJivAbA4ZG3w"],"description":"Dicodusport est l'encyclop\u00e9die de l'actualit\u00e9 sportive.","email":"bonjour@dicodusport.fr","legalName":"DICODUSPORT","foundingDate":"2018-01-14","vatID":"FR71834470973","taxID":"83447097300043","numberOfEmployees":{"@type":"QuantitativeValue","minValue":"1","maxValue":"10"}},{"@type":"Person","@id":"https:\/\/dicodusport.fr\/blog\/#\/schema\/person\/6db4bae06b171592211be385b32876a7","name":"Emilien Descampiaux","image":{"@type":"ImageObject","inLanguage":"fr-FR","@id":"https:\/\/dicodusport.fr\/blog\/#\/schema\/person\/image\/","url":"https:\/\/dicodusport.fr\/blog\/wp-content\/uploads\/2021\/05\/Emilien-Descampiaux-150x150.jpg","contentUrl":"https:\/\/dicodusport.fr\/blog\/wp-content\/uploads\/2021\/05\/Emilien-Descampiaux-150x150.jpg","caption":"Emilien Descampiaux"},"description":"Journaliste\/r\u00e9dacteur depuis 2014 - Fan de la classe de Frank Vandenbroucke, je vis cyclisme (et de ses paysages) depuis plus de 20 ans. Je suis tr\u00e8s impliqu\u00e9 sur mes diff\u00e9rents r\u00e9seaux sociaux pour partager ma passion sur le monde et l'Histoire de la bicyclette avec ma voix sur les images en noir et blanc du succ\u00e8s de Rik Van Steenbergen lors du Ronde sur le V\u00e9lodrome de Gand.","sameAs":["https:\/\/www.facebook.com\/groups\/LesRoisDuPeloton","https:\/\/x.com\/https:\/\/twitter.com\/LRoisDuPeloton"],"url":"https:\/\/dicodusport.fr\/blog\/author\/emiliend\/"}]}},"_links":{"self":[{"href":"https:\/\/dicodusport.fr\/blog\/wp-json\/wp\/v2\/posts\/348241","targetHints":{"allow":["GET"]}}],"collection":[{"href":"https:\/\/dicodusport.fr\/blog\/wp-json\/wp\/v2\/posts"}],"about":[{"href":"https:\/\/dicodusport.fr\/blog\/wp-json\/wp\/v2\/types\/post"}],"author":[{"embeddable":true,"href":"https:\/\/dicodusport.fr\/blog\/wp-json\/wp\/v2\/users\/48"}],"replies":[{"embeddable":true,"href":"https:\/\/dicodusport.fr\/blog\/wp-json\/wp\/v2\/comments?post=348241"}],"version-history":[{"count":0,"href":"https:\/\/dicodusport.fr\/blog\/wp-json\/wp\/v2\/posts\/348241\/revisions"}],"wp:featuredmedia":[{"embeddable":true,"href":"https:\/\/dicodusport.fr\/blog\/wp-json\/wp\/v2\/media\/348350"}],"wp:attachment":[{"href":"https:\/\/dicodusport.fr\/blog\/wp-json\/wp\/v2\/media?parent=348241"}],"wp:term":[{"taxonomy":"category","embeddable":true,"href":"https:\/\/dicodusport.fr\/blog\/wp-json\/wp\/v2\/categories?post=348241"},{"taxonomy":"post_tag","embeddable":true,"href":"https:\/\/dicodusport.fr\/blog\/wp-json\/wp\/v2\/tags?post=348241"}],"curies":[{"name":"wp","href":"https:\/\/api.w.org\/{rel}","templated":true}]}}