{"id":348729,"date":"2023-01-26T09:45:56","date_gmt":"2023-01-26T08:45:56","guid":{"rendered":"https:\/\/dicodusport.fr\/blog\/?p=348729&#038;preview=true&#038;preview_id=348729"},"modified":"2023-01-26T10:03:07","modified_gmt":"2023-01-26T09:03:07","slug":"groupama-fdj-le-torchon-brule-entre-david-gaudu-et-arnaud-demare","status":"publish","type":"post","link":"https:\/\/dicodusport.fr\/blog\/groupama-fdj-le-torchon-brule-entre-david-gaudu-et-arnaud-demare\/","title":{"rendered":"Groupama-FDJ : Le torchon br\u00fble entre David Gaudu et Arnaud D\u00e9mare"},"content":{"rendered":"<p align=\"justify\"><em><strong><a href=\"https:\/\/dicodusport.fr\/blog\/actualites\/cyclisme\/cyclisme-sur-route-2023\/\">CYCLISME SUR ROUTE 2023<\/a> &#8211; Dans une conversation publique Discord avec ses fans, le Breton David Gaudu n&rsquo;a pas m\u00e9nag\u00e9 son co\u00e9quipier picard de la Groupama-FDJ, Arnaud D\u00e9mare.\u00a0<\/strong><\/em><\/p>\n<p align=\"justify\"><a href=\"https:\/\/www.directvelo.com\/coureur\/10380\/david-gaudu\"><strong>David<\/strong> <strong>Gaudu<\/strong><\/a>, quatri\u00e8me du Tour de France 2022, s&rsquo;est confi\u00e9 sur son Discord, \u00e0 propos de son co\u00e9quipier <strong>Arnaud<\/strong> <strong>D\u00e9mare<\/strong>, <strong>qu&rsquo;il n&rsquo;aimerait pas voir au d\u00e9part du <a href=\"https:\/\/dicodusport.fr\/blog\/actualites\/cyclisme\/cyclisme-sur-route-2023\/tour-de-france-2023\/\">Tour de France 2023<\/a><\/strong>, le 1er juillet prochain, au Pays Basque. <em>\u00ab S&rsquo;il veut que je lui dise en face, je peux tr\u00e8s bien. Je n&rsquo;ai pas peur de lui. Il sait que je n&rsquo;en veux pas au Tour de France \u00bb<\/em>, lance notamment le Finist\u00e9rien.<\/p>\n<p align=\"justify\">Dans les divers messages laiss\u00e9s par le grimpeur fran\u00e7ais, on comprend m\u00eame que le torchon br\u00fble entre les deux coureurs, qui ne partiront pas en vacances ensemble. Devant l&rsquo;ampleur que prenaient ses d\u00e9clarations, <strong>David<\/strong> <strong>Gaudu<\/strong> a post\u00e9 un message pour s&rsquo;excuser.<\/p>\n<blockquote>\n<p style=\"text-align: justify;\" align=\"justify\">Les probl\u00e8mes que peuvent rencontrer une \u00e9quipe auraient d\u00fb rester en interne, je m&rsquo;excuse aupr\u00e8s de l&rsquo;\u00e9quipe et de Arnaud.<\/p>\n<\/blockquote>\n<p align=\"justify\">Pour rappel, <strong>Arnaud<\/strong> <strong>D\u00e9mare<\/strong> est pr\u00e9vu sur le <strong>Tour<\/strong> <strong>de<\/strong> <strong>France<\/strong> 2023, et comme il est aussi en fin de contrat, peu de chances que <strong>Marc<\/strong> <strong>Madiot<\/strong> prenne le risque de le retirer de la s\u00e9lection. <strong>Arnaud<\/strong> <strong>D\u00e9mare<\/strong> et <strong>David<\/strong> <strong>Gaudu<\/strong> seront donc probablement tous les deux au d\u00e9part de la Grande Boucle l&rsquo;\u00e9t\u00e9 prochain. Avec avant cela, une mise au point entre les deux hommes, en priv\u00e9 cette fois ?<\/p>\n<blockquote class=\"twitter-tweet\">\n<p dir=\"ltr\" lang=\"fr\">Mes propos n&rsquo;auraient jamais dus \u00eatre tenus dans un cadre public. J&rsquo;ai p\u00e9sent\u00e9 mes excuses \u00e0 l&rsquo;\u00e9quipe et a Arnaud<\/p>\n<p>\u2014 David Gaudu (@DavidGaudu) <a href=\"https:\/\/twitter.com\/DavidGaudu\/status\/1618527462975242241?ref_src=twsrc%5Etfw\">January 26, 2023<\/a><\/p><\/blockquote>\n<p><script async src=\"https:\/\/platform.twitter.com\/widgets.js\" charset=\"utf-8\"><\/script><\/p>\n","protected":false},"excerpt":{"rendered":"<p>CYCLISME SUR ROUTE 2023 &#8211; Dans une conversation publique Discord avec ses fans, le Breton David Gaudu n&rsquo;a pas m\u00e9nag\u00e9 son co\u00e9quipier picard de la Groupama-FDJ, Arnaud D\u00e9mare.\u00a0<\/p>\n","protected":false},"author":1,"featured_media":348731,"comment_status":"open","ping_status":"closed","sticky":false,"template":"","format":"standard","meta":{"_acf_changed":false,"_daextam_enable_autolinks":"","footnotes":""},"categories":[46994],"tags":[3113,3116,3279],"class_list":["post-348729","post","type-post","status-publish","format-standard","has-post-thumbnail","hentry","category-cyclisme-sur-route","tag-david-gaudu","tag-gaudu","tag-groupama-fdj"],"acf":[],"yoast_head":"<!-- This site is optimized with the Yoast SEO Premium plugin v26.7 (Yoast SEO v26.7) - https:\/\/yoast.com\/wordpress\/plugins\/seo\/ -->\n<title>Groupama-FDJ : Le torchon br\u00fble entre David Gaudu et Arnaud D\u00e9mare<\/title>\n<meta name=\"description\" content=\"CYCLISME SUR ROUTE 2023 - Dans une conversation publique avec ses fans, David Gaudu n&#039;a pas m\u00e9nag\u00e9 son co\u00e9quipier, Arnaud D\u00e9mare.\u00a0\" \/>\n<meta name=\"robots\" content=\"index, follow, max-snippet:-1, max-image-preview:large, max-video-preview:-1\" \/>\n<link rel=\"canonical\" href=\"https:\/\/dicodusport.fr\/blog\/groupama-fdj-le-torchon-brule-entre-david-gaudu-et-arnaud-demare\/\" \/>\n<meta property=\"og:locale\" content=\"fr_FR\" \/>\n<meta property=\"og:type\" content=\"article\" \/>\n<meta property=\"og:title\" content=\"Groupama-FDJ : Le torchon br\u00fble entre David Gaudu et Arnaud D\u00e9mare\" \/>\n<meta property=\"og:description\" content=\"CYCLISME SUR ROUTE 2023 - Dans une conversation publique avec ses fans, David Gaudu n&#039;a pas m\u00e9nag\u00e9 son co\u00e9quipier, Arnaud D\u00e9mare.\u00a0\" \/>\n<meta property=\"og:url\" content=\"https:\/\/dicodusport.fr\/blog\/groupama-fdj-le-torchon-brule-entre-david-gaudu-et-arnaud-demare\/\" \/>\n<meta property=\"og:site_name\" content=\"Dicodusport\" \/>\n<meta property=\"article:publisher\" content=\"https:\/\/www.facebook.com\/dicodusport\" \/>\n<meta property=\"article:author\" content=\"https:\/\/www.facebook.com\/dicodusport\" \/>\n<meta property=\"article:published_time\" content=\"2023-01-26T08:45:56+00:00\" \/>\n<meta property=\"article:modified_time\" content=\"2023-01-26T09:03:07+00:00\" \/>\n<meta property=\"og:image\" content=\"https:\/\/dicodusport.fr\/blog\/wp-content\/uploads\/2023\/01\/Groupama-FDJ-Le-torchon-brule-entre-David-Gaudu-et-Arnaud-Demare.png\" \/>\n\t<meta property=\"og:image:width\" content=\"800\" \/>\n\t<meta property=\"og:image:height\" content=\"445\" \/>\n\t<meta property=\"og:image:type\" content=\"image\/png\" \/>\n<meta name=\"author\" content=\"Nicolas Jacquemard\" \/>\n<meta name=\"twitter:card\" content=\"summary_large_image\" \/>\n<meta name=\"twitter:title\" content=\"Groupama-FDJ : Le torchon br\u00fble entre David Gaudu et Arnaud D\u00e9mare\" \/>\n<meta name=\"twitter:creator\" content=\"@https:\/\/twitter.com\/Nico_Jacquemard\" \/>\n<meta name=\"twitter:site\" content=\"@dicodusport\" \/>\n<script type=\"application\/ld+json\" class=\"yoast-schema-graph\">{\"@context\":\"https:\/\/schema.org\",\"@graph\":[{\"@type\":\"NewsArticle\",\"@id\":\"https:\/\/dicodusport.fr\/blog\/groupama-fdj-le-torchon-brule-entre-david-gaudu-et-arnaud-demare\/#article\",\"isPartOf\":{\"@id\":\"https:\/\/dicodusport.fr\/blog\/groupama-fdj-le-torchon-brule-entre-david-gaudu-et-arnaud-demare\/\"},\"author\":{\"name\":\"Nicolas Jacquemard\",\"@id\":\"https:\/\/dicodusport.fr\/blog\/#\/schema\/person\/55dcb50ad410894e431ed812bbb70191\"},\"headline\":\"Groupama-FDJ : Le torchon br\u00fble entre David Gaudu et Arnaud D\u00e9mare\",\"datePublished\":\"2023-01-26T08:45:56+00:00\",\"dateModified\":\"2023-01-26T09:03:07+00:00\",\"mainEntityOfPage\":{\"@id\":\"https:\/\/dicodusport.fr\/blog\/groupama-fdj-le-torchon-brule-entre-david-gaudu-et-arnaud-demare\/\"},\"wordCount\":297,\"commentCount\":1,\"publisher\":{\"@id\":\"https:\/\/dicodusport.fr\/blog\/#organization\"},\"image\":{\"@id\":\"https:\/\/dicodusport.fr\/blog\/groupama-fdj-le-torchon-brule-entre-david-gaudu-et-arnaud-demare\/#primaryimage\"},\"thumbnailUrl\":\"https:\/\/dicodusport.fr\/blog\/wp-content\/uploads\/2023\/01\/Groupama-FDJ-Le-torchon-brule-entre-David-Gaudu-et-Arnaud-Demare.png\",\"keywords\":[\"David Gaudu\",\"Gaudu\",\"Groupama FDJ\"],\"articleSection\":[\"Cyclisme sur route\"],\"inLanguage\":\"fr-FR\",\"potentialAction\":[{\"@type\":\"CommentAction\",\"name\":\"Comment\",\"target\":[\"https:\/\/dicodusport.fr\/blog\/groupama-fdj-le-torchon-brule-entre-david-gaudu-et-arnaud-demare\/#respond\"]}],\"copyrightYear\":\"2023\",\"copyrightHolder\":{\"@id\":\"https:\/\/dicodusport.fr\/blog\/#organization\"}},{\"@type\":\"WebPage\",\"@id\":\"https:\/\/dicodusport.fr\/blog\/groupama-fdj-le-torchon-brule-entre-david-gaudu-et-arnaud-demare\/\",\"url\":\"https:\/\/dicodusport.fr\/blog\/groupama-fdj-le-torchon-brule-entre-david-gaudu-et-arnaud-demare\/\",\"name\":\"Groupama-FDJ : Le torchon br\u00fble entre David Gaudu et Arnaud D\u00e9mare\",\"isPartOf\":{\"@id\":\"https:\/\/dicodusport.fr\/blog\/#website\"},\"primaryImageOfPage\":{\"@id\":\"https:\/\/dicodusport.fr\/blog\/groupama-fdj-le-torchon-brule-entre-david-gaudu-et-arnaud-demare\/#primaryimage\"},\"image\":{\"@id\":\"https:\/\/dicodusport.fr\/blog\/groupama-fdj-le-torchon-brule-entre-david-gaudu-et-arnaud-demare\/#primaryimage\"},\"thumbnailUrl\":\"https:\/\/dicodusport.fr\/blog\/wp-content\/uploads\/2023\/01\/Groupama-FDJ-Le-torchon-brule-entre-David-Gaudu-et-Arnaud-Demare.png\",\"datePublished\":\"2023-01-26T08:45:56+00:00\",\"dateModified\":\"2023-01-26T09:03:07+00:00\",\"description\":\"CYCLISME SUR ROUTE 2023 - Dans une conversation publique avec ses fans, David Gaudu n'a pas m\u00e9nag\u00e9 son co\u00e9quipier, Arnaud D\u00e9mare.\u00a0\",\"breadcrumb\":{\"@id\":\"https:\/\/dicodusport.fr\/blog\/groupama-fdj-le-torchon-brule-entre-david-gaudu-et-arnaud-demare\/#breadcrumb\"},\"inLanguage\":\"fr-FR\",\"potentialAction\":[{\"@type\":\"ReadAction\",\"target\":[\"https:\/\/dicodusport.fr\/blog\/groupama-fdj-le-torchon-brule-entre-david-gaudu-et-arnaud-demare\/\"]}]},{\"@type\":\"ImageObject\",\"inLanguage\":\"fr-FR\",\"@id\":\"https:\/\/dicodusport.fr\/blog\/groupama-fdj-le-torchon-brule-entre-david-gaudu-et-arnaud-demare\/#primaryimage\",\"url\":\"https:\/\/dicodusport.fr\/blog\/wp-content\/uploads\/2023\/01\/Groupama-FDJ-Le-torchon-brule-entre-David-Gaudu-et-Arnaud-Demare.png\",\"contentUrl\":\"https:\/\/dicodusport.fr\/blog\/wp-content\/uploads\/2023\/01\/Groupama-FDJ-Le-torchon-brule-entre-David-Gaudu-et-Arnaud-Demare.png\",\"width\":800,\"height\":445},{\"@type\":\"BreadcrumbList\",\"@id\":\"https:\/\/dicodusport.fr\/blog\/groupama-fdj-le-torchon-brule-entre-david-gaudu-et-arnaud-demare\/#breadcrumb\",\"itemListElement\":[{\"@type\":\"ListItem\",\"position\":1,\"name\":\"Accueil\",\"item\":\"https:\/\/dicodusport.fr\/blog\/\"},{\"@type\":\"ListItem\",\"position\":2,\"name\":\"Groupama-FDJ : Le torchon br\u00fble entre David Gaudu et Arnaud D\u00e9mare\"}]},{\"@type\":\"WebSite\",\"@id\":\"https:\/\/dicodusport.fr\/blog\/#website\",\"url\":\"https:\/\/dicodusport.fr\/blog\/\",\"name\":\"Dicodusport\",\"description\":\"L&#039;encyclop\u00e9die de l&#039;actualit\u00e9 sportive\",\"publisher\":{\"@id\":\"https:\/\/dicodusport.fr\/blog\/#organization\"},\"potentialAction\":[{\"@type\":\"SearchAction\",\"target\":{\"@type\":\"EntryPoint\",\"urlTemplate\":\"https:\/\/dicodusport.fr\/blog\/?s={search_term_string}\"},\"query-input\":{\"@type\":\"PropertyValueSpecification\",\"valueRequired\":true,\"valueName\":\"search_term_string\"}}],\"inLanguage\":\"fr-FR\"},{\"@type\":\"NewsMediaOrganization\",\"@id\":\"https:\/\/dicodusport.fr\/blog\/#organization\",\"name\":\"Dicodusport\",\"url\":\"https:\/\/dicodusport.fr\/blog\/\",\"logo\":{\"@type\":\"ImageObject\",\"inLanguage\":\"fr-FR\",\"@id\":\"https:\/\/dicodusport.fr\/blog\/#\/schema\/logo\/image\/\",\"url\":\"https:\/\/dicodusport.fr\/blog\/wp-content\/uploads\/2020\/06\/cropped-LOGO-DICODUSPORT-2020-SANS-FOND-SANS-TEXTE.png\",\"contentUrl\":\"https:\/\/dicodusport.fr\/blog\/wp-content\/uploads\/2020\/06\/cropped-LOGO-DICODUSPORT-2020-SANS-FOND-SANS-TEXTE.png\",\"width\":512,\"height\":512,\"caption\":\"Dicodusport\"},\"image\":{\"@id\":\"https:\/\/dicodusport.fr\/blog\/#\/schema\/logo\/image\/\"},\"sameAs\":[\"https:\/\/www.facebook.com\/dicodusport\",\"https:\/\/x.com\/dicodusport\",\"https:\/\/www.instagram.com\/dicodusport\/\",\"https:\/\/www.youtube.com\/channel\/UC7V2KZ5sd3htJivAbA4ZG3w\"],\"description\":\"Dicodusport est l'encyclop\u00e9die de l'actualit\u00e9 sportive.\",\"email\":\"bonjour@dicodusport.fr\",\"legalName\":\"DICODUSPORT\",\"foundingDate\":\"2018-01-14\",\"vatID\":\"FR71834470973\",\"taxID\":\"83447097300043\",\"numberOfEmployees\":{\"@type\":\"QuantitativeValue\",\"minValue\":\"1\",\"maxValue\":\"10\"}},{\"@type\":\"Person\",\"@id\":\"https:\/\/dicodusport.fr\/blog\/#\/schema\/person\/55dcb50ad410894e431ed812bbb70191\",\"name\":\"Nicolas Jacquemard\",\"image\":{\"@type\":\"ImageObject\",\"inLanguage\":\"fr-FR\",\"@id\":\"https:\/\/dicodusport.fr\/blog\/#\/schema\/person\/image\/\",\"url\":\"https:\/\/dicodusport.fr\/blog\/wp-content\/uploads\/2021\/05\/Nicolas-Jacquemard-150x150.jpeg\",\"contentUrl\":\"https:\/\/dicodusport.fr\/blog\/wp-content\/uploads\/2021\/05\/Nicolas-Jacquemard-150x150.jpeg\",\"caption\":\"Nicolas Jacquemard\"},\"description\":\"Passionn\u00e9 de sport et entrepreneur depuis mes 18 ans, la cr\u00e9ation de Dicodusport m'a sembl\u00e9 \u00e9vidente pour participer \u00e0 la m\u00e9diatisation d'un plus grand nombre de sports. Le chemin est long mais avec une \u00e9quipe des plus motiv\u00e9es et les Jeux Olympiques de Paris 2024 en point de mire, nous y arriverons ! Journaliste dans le monde du sport depuis plus de 5 ans, je traite aussi bien de football, de rugby, de biathlon que de cyclisme.\",\"sameAs\":[\"https:\/\/www.facebook.com\/dicodusport\",\"https:\/\/x.com\/https:\/\/twitter.com\/Nico_Jacquemard\"],\"url\":\"https:\/\/dicodusport.fr\/blog\/author\/dicodusport\/\"}]}<\/script>\n<!-- \/ Yoast SEO Premium plugin. -->","yoast_head_json":{"title":"Groupama-FDJ : Le torchon br\u00fble entre David Gaudu et Arnaud D\u00e9mare","description":"CYCLISME SUR ROUTE 2023 - Dans une conversation publique avec ses fans, David Gaudu n'a pas m\u00e9nag\u00e9 son co\u00e9quipier, Arnaud D\u00e9mare.\u00a0","robots":{"index":"index","follow":"follow","max-snippet":"max-snippet:-1","max-image-preview":"max-image-preview:large","max-video-preview":"max-video-preview:-1"},"canonical":"https:\/\/dicodusport.fr\/blog\/groupama-fdj-le-torchon-brule-entre-david-gaudu-et-arnaud-demare\/","og_locale":"fr_FR","og_type":"article","og_title":"Groupama-FDJ : Le torchon br\u00fble entre David Gaudu et Arnaud D\u00e9mare","og_description":"CYCLISME SUR ROUTE 2023 - Dans une conversation publique avec ses fans, David Gaudu n'a pas m\u00e9nag\u00e9 son co\u00e9quipier, Arnaud D\u00e9mare.\u00a0","og_url":"https:\/\/dicodusport.fr\/blog\/groupama-fdj-le-torchon-brule-entre-david-gaudu-et-arnaud-demare\/","og_site_name":"Dicodusport","article_publisher":"https:\/\/www.facebook.com\/dicodusport","article_author":"https:\/\/www.facebook.com\/dicodusport","article_published_time":"2023-01-26T08:45:56+00:00","article_modified_time":"2023-01-26T09:03:07+00:00","og_image":[{"width":800,"height":445,"url":"https:\/\/dicodusport.fr\/blog\/wp-content\/uploads\/2023\/01\/Groupama-FDJ-Le-torchon-brule-entre-David-Gaudu-et-Arnaud-Demare.png","type":"image\/png"}],"author":"Nicolas Jacquemard","twitter_card":"summary_large_image","twitter_title":"Groupama-FDJ : Le torchon br\u00fble entre David Gaudu et Arnaud D\u00e9mare","twitter_creator":"@https:\/\/twitter.com\/Nico_Jacquemard","twitter_site":"@dicodusport","schema":{"@context":"https:\/\/schema.org","@graph":[{"@type":"NewsArticle","@id":"https:\/\/dicodusport.fr\/blog\/groupama-fdj-le-torchon-brule-entre-david-gaudu-et-arnaud-demare\/#article","isPartOf":{"@id":"https:\/\/dicodusport.fr\/blog\/groupama-fdj-le-torchon-brule-entre-david-gaudu-et-arnaud-demare\/"},"author":{"name":"Nicolas Jacquemard","@id":"https:\/\/dicodusport.fr\/blog\/#\/schema\/person\/55dcb50ad410894e431ed812bbb70191"},"headline":"Groupama-FDJ : Le torchon br\u00fble entre David Gaudu et Arnaud D\u00e9mare","datePublished":"2023-01-26T08:45:56+00:00","dateModified":"2023-01-26T09:03:07+00:00","mainEntityOfPage":{"@id":"https:\/\/dicodusport.fr\/blog\/groupama-fdj-le-torchon-brule-entre-david-gaudu-et-arnaud-demare\/"},"wordCount":297,"commentCount":1,"publisher":{"@id":"https:\/\/dicodusport.fr\/blog\/#organization"},"image":{"@id":"https:\/\/dicodusport.fr\/blog\/groupama-fdj-le-torchon-brule-entre-david-gaudu-et-arnaud-demare\/#primaryimage"},"thumbnailUrl":"https:\/\/dicodusport.fr\/blog\/wp-content\/uploads\/2023\/01\/Groupama-FDJ-Le-torchon-brule-entre-David-Gaudu-et-Arnaud-Demare.png","keywords":["David Gaudu","Gaudu","Groupama FDJ"],"articleSection":["Cyclisme sur route"],"inLanguage":"fr-FR","potentialAction":[{"@type":"CommentAction","name":"Comment","target":["https:\/\/dicodusport.fr\/blog\/groupama-fdj-le-torchon-brule-entre-david-gaudu-et-arnaud-demare\/#respond"]}],"copyrightYear":"2023","copyrightHolder":{"@id":"https:\/\/dicodusport.fr\/blog\/#organization"}},{"@type":"WebPage","@id":"https:\/\/dicodusport.fr\/blog\/groupama-fdj-le-torchon-brule-entre-david-gaudu-et-arnaud-demare\/","url":"https:\/\/dicodusport.fr\/blog\/groupama-fdj-le-torchon-brule-entre-david-gaudu-et-arnaud-demare\/","name":"Groupama-FDJ : Le torchon br\u00fble entre David Gaudu et Arnaud D\u00e9mare","isPartOf":{"@id":"https:\/\/dicodusport.fr\/blog\/#website"},"primaryImageOfPage":{"@id":"https:\/\/dicodusport.fr\/blog\/groupama-fdj-le-torchon-brule-entre-david-gaudu-et-arnaud-demare\/#primaryimage"},"image":{"@id":"https:\/\/dicodusport.fr\/blog\/groupama-fdj-le-torchon-brule-entre-david-gaudu-et-arnaud-demare\/#primaryimage"},"thumbnailUrl":"https:\/\/dicodusport.fr\/blog\/wp-content\/uploads\/2023\/01\/Groupama-FDJ-Le-torchon-brule-entre-David-Gaudu-et-Arnaud-Demare.png","datePublished":"2023-01-26T08:45:56+00:00","dateModified":"2023-01-26T09:03:07+00:00","description":"CYCLISME SUR ROUTE 2023 - Dans une conversation publique avec ses fans, David Gaudu n'a pas m\u00e9nag\u00e9 son co\u00e9quipier, Arnaud D\u00e9mare.\u00a0","breadcrumb":{"@id":"https:\/\/dicodusport.fr\/blog\/groupama-fdj-le-torchon-brule-entre-david-gaudu-et-arnaud-demare\/#breadcrumb"},"inLanguage":"fr-FR","potentialAction":[{"@type":"ReadAction","target":["https:\/\/dicodusport.fr\/blog\/groupama-fdj-le-torchon-brule-entre-david-gaudu-et-arnaud-demare\/"]}]},{"@type":"ImageObject","inLanguage":"fr-FR","@id":"https:\/\/dicodusport.fr\/blog\/groupama-fdj-le-torchon-brule-entre-david-gaudu-et-arnaud-demare\/#primaryimage","url":"https:\/\/dicodusport.fr\/blog\/wp-content\/uploads\/2023\/01\/Groupama-FDJ-Le-torchon-brule-entre-David-Gaudu-et-Arnaud-Demare.png","contentUrl":"https:\/\/dicodusport.fr\/blog\/wp-content\/uploads\/2023\/01\/Groupama-FDJ-Le-torchon-brule-entre-David-Gaudu-et-Arnaud-Demare.png","width":800,"height":445},{"@type":"BreadcrumbList","@id":"https:\/\/dicodusport.fr\/blog\/groupama-fdj-le-torchon-brule-entre-david-gaudu-et-arnaud-demare\/#breadcrumb","itemListElement":[{"@type":"ListItem","position":1,"name":"Accueil","item":"https:\/\/dicodusport.fr\/blog\/"},{"@type":"ListItem","position":2,"name":"Groupama-FDJ : Le torchon br\u00fble entre David Gaudu et Arnaud D\u00e9mare"}]},{"@type":"WebSite","@id":"https:\/\/dicodusport.fr\/blog\/#website","url":"https:\/\/dicodusport.fr\/blog\/","name":"Dicodusport","description":"L&#039;encyclop\u00e9die de l&#039;actualit\u00e9 sportive","publisher":{"@id":"https:\/\/dicodusport.fr\/blog\/#organization"},"potentialAction":[{"@type":"SearchAction","target":{"@type":"EntryPoint","urlTemplate":"https:\/\/dicodusport.fr\/blog\/?s={search_term_string}"},"query-input":{"@type":"PropertyValueSpecification","valueRequired":true,"valueName":"search_term_string"}}],"inLanguage":"fr-FR"},{"@type":"NewsMediaOrganization","@id":"https:\/\/dicodusport.fr\/blog\/#organization","name":"Dicodusport","url":"https:\/\/dicodusport.fr\/blog\/","logo":{"@type":"ImageObject","inLanguage":"fr-FR","@id":"https:\/\/dicodusport.fr\/blog\/#\/schema\/logo\/image\/","url":"https:\/\/dicodusport.fr\/blog\/wp-content\/uploads\/2020\/06\/cropped-LOGO-DICODUSPORT-2020-SANS-FOND-SANS-TEXTE.png","contentUrl":"https:\/\/dicodusport.fr\/blog\/wp-content\/uploads\/2020\/06\/cropped-LOGO-DICODUSPORT-2020-SANS-FOND-SANS-TEXTE.png","width":512,"height":512,"caption":"Dicodusport"},"image":{"@id":"https:\/\/dicodusport.fr\/blog\/#\/schema\/logo\/image\/"},"sameAs":["https:\/\/www.facebook.com\/dicodusport","https:\/\/x.com\/dicodusport","https:\/\/www.instagram.com\/dicodusport\/","https:\/\/www.youtube.com\/channel\/UC7V2KZ5sd3htJivAbA4ZG3w"],"description":"Dicodusport est l'encyclop\u00e9die de l'actualit\u00e9 sportive.","email":"bonjour@dicodusport.fr","legalName":"DICODUSPORT","foundingDate":"2018-01-14","vatID":"FR71834470973","taxID":"83447097300043","numberOfEmployees":{"@type":"QuantitativeValue","minValue":"1","maxValue":"10"}},{"@type":"Person","@id":"https:\/\/dicodusport.fr\/blog\/#\/schema\/person\/55dcb50ad410894e431ed812bbb70191","name":"Nicolas Jacquemard","image":{"@type":"ImageObject","inLanguage":"fr-FR","@id":"https:\/\/dicodusport.fr\/blog\/#\/schema\/person\/image\/","url":"https:\/\/dicodusport.fr\/blog\/wp-content\/uploads\/2021\/05\/Nicolas-Jacquemard-150x150.jpeg","contentUrl":"https:\/\/dicodusport.fr\/blog\/wp-content\/uploads\/2021\/05\/Nicolas-Jacquemard-150x150.jpeg","caption":"Nicolas Jacquemard"},"description":"Passionn\u00e9 de sport et entrepreneur depuis mes 18 ans, la cr\u00e9ation de Dicodusport m'a sembl\u00e9 \u00e9vidente pour participer \u00e0 la m\u00e9diatisation d'un plus grand nombre de sports. Le chemin est long mais avec une \u00e9quipe des plus motiv\u00e9es et les Jeux Olympiques de Paris 2024 en point de mire, nous y arriverons ! Journaliste dans le monde du sport depuis plus de 5 ans, je traite aussi bien de football, de rugby, de biathlon que de cyclisme.","sameAs":["https:\/\/www.facebook.com\/dicodusport","https:\/\/x.com\/https:\/\/twitter.com\/Nico_Jacquemard"],"url":"https:\/\/dicodusport.fr\/blog\/author\/dicodusport\/"}]}},"_links":{"self":[{"href":"https:\/\/dicodusport.fr\/blog\/wp-json\/wp\/v2\/posts\/348729","targetHints":{"allow":["GET"]}}],"collection":[{"href":"https:\/\/dicodusport.fr\/blog\/wp-json\/wp\/v2\/posts"}],"about":[{"href":"https:\/\/dicodusport.fr\/blog\/wp-json\/wp\/v2\/types\/post"}],"author":[{"embeddable":true,"href":"https:\/\/dicodusport.fr\/blog\/wp-json\/wp\/v2\/users\/1"}],"replies":[{"embeddable":true,"href":"https:\/\/dicodusport.fr\/blog\/wp-json\/wp\/v2\/comments?post=348729"}],"version-history":[{"count":0,"href":"https:\/\/dicodusport.fr\/blog\/wp-json\/wp\/v2\/posts\/348729\/revisions"}],"wp:featuredmedia":[{"embeddable":true,"href":"https:\/\/dicodusport.fr\/blog\/wp-json\/wp\/v2\/media\/348731"}],"wp:attachment":[{"href":"https:\/\/dicodusport.fr\/blog\/wp-json\/wp\/v2\/media?parent=348729"}],"wp:term":[{"taxonomy":"category","embeddable":true,"href":"https:\/\/dicodusport.fr\/blog\/wp-json\/wp\/v2\/categories?post=348729"},{"taxonomy":"post_tag","embeddable":true,"href":"https:\/\/dicodusport.fr\/blog\/wp-json\/wp\/v2\/tags?post=348729"}],"curies":[{"name":"wp","href":"https:\/\/api.w.org\/{rel}","templated":true}]}}