{"id":348905,"date":"2023-01-26T17:40:16","date_gmt":"2023-01-26T16:40:16","guid":{"rendered":"https:\/\/dicodusport.fr\/blog\/?p=348905&#038;preview=true&#038;preview_id=348905"},"modified":"2023-01-26T17:46:12","modified_gmt":"2023-01-26T16:46:12","slug":"transferts-lasm-clermont-entre-dans-la-danse-pour-semi-radradra","status":"publish","type":"post","link":"https:\/\/dicodusport.fr\/blog\/transferts-lasm-clermont-entre-dans-la-danse-pour-semi-radradra\/","title":{"rendered":"Transferts : L&rsquo;ASM Clermont entre dans la danse pour Semi Radradra"},"content":{"rendered":"<p align=\"justify\"><em><b>TOP 14 2022-2023 &#8211; Selon le Midi Olympique, l&rsquo;ASM Clermont s&rsquo;est aussi positionn\u00e9e pour recruter le centre fidjien Semi Radradra (Bristol Bears) l&rsquo;\u00e9t\u00e9 prochain.\u00a0<\/b><\/em><\/p>\n<p align=\"justify\">Le feuilleton <strong>Semi<\/strong> <strong>Radradra<\/strong> bat son plein et n&rsquo;est pas encore termin\u00e9. <a href=\"https:\/\/dicodusport.fr\/blog\/transferts-semi-radradra-tout-proche-dun-retour-en-top-14\/\" target=\"_blank\" rel=\"noopener\"><strong>Lyon<\/strong> semble tenir la corde<\/a> pour faire venir le <strong>Fidjen<\/strong> qui a d&rsquo;ailleurs visit\u00e9 les installations le week-end dernier. Le staff m\u00e9dical lyonnais en a profit\u00e9 pour faire des tests sur le genou de <strong>Semi<\/strong> <strong>Radradra<\/strong>, qui posait question depuis sa grave blessure. Rassur\u00e9s par les tests physiques, les dirigeants lyonnais lui ont transmis une offre. Mais ce n&rsquo;est pas la seule \u00e9quipe de <strong>Top 14<\/strong> sur le coup. Car contrairement \u00e0 ce qu&rsquo;a laiss\u00e9 entendre Laurent Marti, l&rsquo;<strong>Union Bordeaux-B\u00e8gles<\/strong> garde un mince espoir de le signer.<\/p>\n<h2 style=\"text-align: justify;\" align=\"justify\">Clermont aussi sur les rangs<\/h2>\n<p align=\"justify\">Plus r\u00e9cemment, c&rsquo;est l&rsquo;<strong>ASM Clermont<\/strong> qui s&rsquo;est pench\u00e9e sur le cas Radradra, et qui pourrait passer \u00e0 l&rsquo;action. Les <strong>Jaunards<\/strong> veulent recruter du lourd pour compenser les d\u00e9parts de nombreux cadres, et notamment celui de <strong>Damian<\/strong> <strong>Penaud<\/strong> dans la ligne de trois-quarts. <strong>Christophe<\/strong> <strong>Urios<\/strong> conna\u00eet le joueur pour l&rsquo;avoir eu sous ses ordres lors de son passage \u00e0 l&rsquo;<strong>UBB<\/strong>. Dans une moindre mesure, le <strong>RC Toulon<\/strong> suivrait aussi le dossier d&rsquo;un \u0153il, mais aurait du retard sur ses concurrents.<\/p>\n<blockquote class=\"twitter-tweet\">\n<p dir=\"ltr\" lang=\"fr\">\ud83d\udfe1 O&rsquo;Gara, le retour du boss en Une du <a href=\"https:\/\/twitter.com\/midi_olympique?ref_src=twsrc%5Etfw\">@midi_olympique<\/a> !<\/p>\n<p>Pour le lire d\u00e8s maintenant &gt; <a href=\"https:\/\/t.co\/IIMaj86Dwk\">https:\/\/t.co\/IIMaj86Dwk<\/a> <a href=\"https:\/\/t.co\/wzsrTiZ6Ch\">pic.twitter.com\/wzsrTiZ6Ch<\/a><\/p>\n<p>\u2014 RUGBYRAMA (@RugbyramaFR) <a href=\"https:\/\/twitter.com\/RugbyramaFR\/status\/1618649504219295744?ref_src=twsrc%5Etfw\">January 26, 2023<\/a><\/p><\/blockquote>\n<p><script async src=\"https:\/\/platform.twitter.com\/widgets.js\" charset=\"utf-8\"><\/script><\/p>\n","protected":false},"excerpt":{"rendered":"<p>TOP 14 2022-2023 &#8211; Selon le Midi Olympique, l&rsquo;ASM Clermont s&rsquo;est aussi positionn\u00e9e pour recruter le centre fidjien Semi Radradra (Bristol Bears) l&rsquo;\u00e9t\u00e9 prochain.\u00a0<\/p>\n","protected":false},"author":1,"featured_media":348906,"comment_status":"open","ping_status":"closed","sticky":false,"template":"","format":"standard","meta":{"_acf_changed":false,"_daextam_enable_autolinks":"","footnotes":""},"categories":[9129,47050],"tags":[1208,9551,6750],"class_list":["post-348905","post","type-post","status-publish","format-standard","has-post-thumbnail","hentry","category-rugby-a-xv","category-top-14","tag-asm-clermont","tag-radradra","tag-semi-radradra"],"acf":[],"yoast_head":"<!-- This site is optimized with the Yoast SEO Premium plugin v26.7 (Yoast SEO v26.7) - https:\/\/yoast.com\/wordpress\/plugins\/seo\/ -->\n<title>Transferts : L&#039;ASM Clermont entre dans la danse pour Semi Radradra<\/title>\n<meta name=\"description\" content=\"TOP 14 2022-2023 - Selon le Midi Olympique, l&#039;ASM Clermont s&#039;est aussi positionn\u00e9e pour recruter Semi Radradra l&#039;\u00e9t\u00e9 prochain.\u00a0\" \/>\n<meta name=\"robots\" content=\"index, follow, max-snippet:-1, max-image-preview:large, max-video-preview:-1\" \/>\n<link rel=\"canonical\" href=\"https:\/\/dicodusport.fr\/blog\/transferts-lasm-clermont-entre-dans-la-danse-pour-semi-radradra\/\" \/>\n<meta property=\"og:locale\" content=\"fr_FR\" \/>\n<meta property=\"og:type\" content=\"article\" \/>\n<meta property=\"og:title\" content=\"Transferts : L&#039;ASM Clermont entre dans la danse pour Semi Radradra\" \/>\n<meta property=\"og:description\" content=\"TOP 14 2022-2023 - Selon le Midi Olympique, l&#039;ASM Clermont s&#039;est aussi positionn\u00e9e pour recruter Semi Radradra l&#039;\u00e9t\u00e9 prochain.\u00a0\" \/>\n<meta property=\"og:url\" content=\"https:\/\/dicodusport.fr\/blog\/transferts-lasm-clermont-entre-dans-la-danse-pour-semi-radradra\/\" \/>\n<meta property=\"og:site_name\" content=\"Dicodusport\" \/>\n<meta property=\"article:publisher\" content=\"https:\/\/www.facebook.com\/dicodusport\" \/>\n<meta property=\"article:author\" content=\"https:\/\/www.facebook.com\/dicodusport\" \/>\n<meta property=\"article:published_time\" content=\"2023-01-26T16:40:16+00:00\" \/>\n<meta property=\"article:modified_time\" content=\"2023-01-26T16:46:12+00:00\" \/>\n<meta property=\"og:image\" content=\"https:\/\/dicodusport.fr\/blog\/wp-content\/uploads\/2023\/01\/Transferts-LASM-Clermont-entre-dans-la-danse-pour-Semi-Radradra.png\" \/>\n\t<meta property=\"og:image:width\" content=\"800\" \/>\n\t<meta property=\"og:image:height\" content=\"445\" \/>\n\t<meta property=\"og:image:type\" content=\"image\/png\" \/>\n<meta name=\"author\" content=\"Nicolas Jacquemard\" \/>\n<meta name=\"twitter:card\" content=\"summary_large_image\" \/>\n<meta name=\"twitter:title\" content=\"Transferts : L&#039;ASM Clermont entre dans la danse pour Semi Radradra\" \/>\n<meta name=\"twitter:creator\" content=\"@https:\/\/twitter.com\/Nico_Jacquemard\" \/>\n<meta name=\"twitter:site\" content=\"@dicodusport\" \/>\n<script type=\"application\/ld+json\" class=\"yoast-schema-graph\">{\"@context\":\"https:\/\/schema.org\",\"@graph\":[{\"@type\":\"NewsArticle\",\"@id\":\"https:\/\/dicodusport.fr\/blog\/transferts-lasm-clermont-entre-dans-la-danse-pour-semi-radradra\/#article\",\"isPartOf\":{\"@id\":\"https:\/\/dicodusport.fr\/blog\/transferts-lasm-clermont-entre-dans-la-danse-pour-semi-radradra\/\"},\"author\":{\"name\":\"Nicolas Jacquemard\",\"@id\":\"https:\/\/dicodusport.fr\/blog\/#\/schema\/person\/55dcb50ad410894e431ed812bbb70191\"},\"headline\":\"Transferts : L&rsquo;ASM Clermont entre dans la danse pour Semi Radradra\",\"datePublished\":\"2023-01-26T16:40:16+00:00\",\"dateModified\":\"2023-01-26T16:46:12+00:00\",\"mainEntityOfPage\":{\"@id\":\"https:\/\/dicodusport.fr\/blog\/transferts-lasm-clermont-entre-dans-la-danse-pour-semi-radradra\/\"},\"wordCount\":267,\"commentCount\":0,\"publisher\":{\"@id\":\"https:\/\/dicodusport.fr\/blog\/#organization\"},\"image\":{\"@id\":\"https:\/\/dicodusport.fr\/blog\/transferts-lasm-clermont-entre-dans-la-danse-pour-semi-radradra\/#primaryimage\"},\"thumbnailUrl\":\"https:\/\/dicodusport.fr\/blog\/wp-content\/uploads\/2023\/01\/Transferts-LASM-Clermont-entre-dans-la-danse-pour-Semi-Radradra.png\",\"keywords\":[\"ASM Clermont\",\"Radradra\",\"Semi Radradra\"],\"articleSection\":[\"Rugby \u00e0 XV\",\"Top 14\"],\"inLanguage\":\"fr-FR\",\"potentialAction\":[{\"@type\":\"CommentAction\",\"name\":\"Comment\",\"target\":[\"https:\/\/dicodusport.fr\/blog\/transferts-lasm-clermont-entre-dans-la-danse-pour-semi-radradra\/#respond\"]}],\"copyrightYear\":\"2023\",\"copyrightHolder\":{\"@id\":\"https:\/\/dicodusport.fr\/blog\/#organization\"}},{\"@type\":\"WebPage\",\"@id\":\"https:\/\/dicodusport.fr\/blog\/transferts-lasm-clermont-entre-dans-la-danse-pour-semi-radradra\/\",\"url\":\"https:\/\/dicodusport.fr\/blog\/transferts-lasm-clermont-entre-dans-la-danse-pour-semi-radradra\/\",\"name\":\"Transferts : L'ASM Clermont entre dans la danse pour Semi Radradra\",\"isPartOf\":{\"@id\":\"https:\/\/dicodusport.fr\/blog\/#website\"},\"primaryImageOfPage\":{\"@id\":\"https:\/\/dicodusport.fr\/blog\/transferts-lasm-clermont-entre-dans-la-danse-pour-semi-radradra\/#primaryimage\"},\"image\":{\"@id\":\"https:\/\/dicodusport.fr\/blog\/transferts-lasm-clermont-entre-dans-la-danse-pour-semi-radradra\/#primaryimage\"},\"thumbnailUrl\":\"https:\/\/dicodusport.fr\/blog\/wp-content\/uploads\/2023\/01\/Transferts-LASM-Clermont-entre-dans-la-danse-pour-Semi-Radradra.png\",\"datePublished\":\"2023-01-26T16:40:16+00:00\",\"dateModified\":\"2023-01-26T16:46:12+00:00\",\"description\":\"TOP 14 2022-2023 - Selon le Midi Olympique, l'ASM Clermont s'est aussi positionn\u00e9e pour recruter Semi Radradra l'\u00e9t\u00e9 prochain.\u00a0\",\"breadcrumb\":{\"@id\":\"https:\/\/dicodusport.fr\/blog\/transferts-lasm-clermont-entre-dans-la-danse-pour-semi-radradra\/#breadcrumb\"},\"inLanguage\":\"fr-FR\",\"potentialAction\":[{\"@type\":\"ReadAction\",\"target\":[\"https:\/\/dicodusport.fr\/blog\/transferts-lasm-clermont-entre-dans-la-danse-pour-semi-radradra\/\"]}]},{\"@type\":\"ImageObject\",\"inLanguage\":\"fr-FR\",\"@id\":\"https:\/\/dicodusport.fr\/blog\/transferts-lasm-clermont-entre-dans-la-danse-pour-semi-radradra\/#primaryimage\",\"url\":\"https:\/\/dicodusport.fr\/blog\/wp-content\/uploads\/2023\/01\/Transferts-LASM-Clermont-entre-dans-la-danse-pour-Semi-Radradra.png\",\"contentUrl\":\"https:\/\/dicodusport.fr\/blog\/wp-content\/uploads\/2023\/01\/Transferts-LASM-Clermont-entre-dans-la-danse-pour-Semi-Radradra.png\",\"width\":800,\"height\":445},{\"@type\":\"BreadcrumbList\",\"@id\":\"https:\/\/dicodusport.fr\/blog\/transferts-lasm-clermont-entre-dans-la-danse-pour-semi-radradra\/#breadcrumb\",\"itemListElement\":[{\"@type\":\"ListItem\",\"position\":1,\"name\":\"Accueil\",\"item\":\"https:\/\/dicodusport.fr\/blog\/\"},{\"@type\":\"ListItem\",\"position\":2,\"name\":\"Transferts : L&rsquo;ASM Clermont entre dans la danse pour Semi Radradra\"}]},{\"@type\":\"WebSite\",\"@id\":\"https:\/\/dicodusport.fr\/blog\/#website\",\"url\":\"https:\/\/dicodusport.fr\/blog\/\",\"name\":\"Dicodusport\",\"description\":\"L&#039;encyclop\u00e9die de l&#039;actualit\u00e9 sportive\",\"publisher\":{\"@id\":\"https:\/\/dicodusport.fr\/blog\/#organization\"},\"potentialAction\":[{\"@type\":\"SearchAction\",\"target\":{\"@type\":\"EntryPoint\",\"urlTemplate\":\"https:\/\/dicodusport.fr\/blog\/?s={search_term_string}\"},\"query-input\":{\"@type\":\"PropertyValueSpecification\",\"valueRequired\":true,\"valueName\":\"search_term_string\"}}],\"inLanguage\":\"fr-FR\"},{\"@type\":\"NewsMediaOrganization\",\"@id\":\"https:\/\/dicodusport.fr\/blog\/#organization\",\"name\":\"Dicodusport\",\"url\":\"https:\/\/dicodusport.fr\/blog\/\",\"logo\":{\"@type\":\"ImageObject\",\"inLanguage\":\"fr-FR\",\"@id\":\"https:\/\/dicodusport.fr\/blog\/#\/schema\/logo\/image\/\",\"url\":\"https:\/\/dicodusport.fr\/blog\/wp-content\/uploads\/2020\/06\/cropped-LOGO-DICODUSPORT-2020-SANS-FOND-SANS-TEXTE.png\",\"contentUrl\":\"https:\/\/dicodusport.fr\/blog\/wp-content\/uploads\/2020\/06\/cropped-LOGO-DICODUSPORT-2020-SANS-FOND-SANS-TEXTE.png\",\"width\":512,\"height\":512,\"caption\":\"Dicodusport\"},\"image\":{\"@id\":\"https:\/\/dicodusport.fr\/blog\/#\/schema\/logo\/image\/\"},\"sameAs\":[\"https:\/\/www.facebook.com\/dicodusport\",\"https:\/\/x.com\/dicodusport\",\"https:\/\/www.instagram.com\/dicodusport\/\",\"https:\/\/www.youtube.com\/channel\/UC7V2KZ5sd3htJivAbA4ZG3w\"],\"description\":\"Dicodusport est l'encyclop\u00e9die de l'actualit\u00e9 sportive.\",\"email\":\"bonjour@dicodusport.fr\",\"legalName\":\"DICODUSPORT\",\"foundingDate\":\"2018-01-14\",\"vatID\":\"FR71834470973\",\"taxID\":\"83447097300043\",\"numberOfEmployees\":{\"@type\":\"QuantitativeValue\",\"minValue\":\"1\",\"maxValue\":\"10\"}},{\"@type\":\"Person\",\"@id\":\"https:\/\/dicodusport.fr\/blog\/#\/schema\/person\/55dcb50ad410894e431ed812bbb70191\",\"name\":\"Nicolas Jacquemard\",\"image\":{\"@type\":\"ImageObject\",\"inLanguage\":\"fr-FR\",\"@id\":\"https:\/\/dicodusport.fr\/blog\/#\/schema\/person\/image\/\",\"url\":\"https:\/\/dicodusport.fr\/blog\/wp-content\/uploads\/2021\/05\/Nicolas-Jacquemard-150x150.jpeg\",\"contentUrl\":\"https:\/\/dicodusport.fr\/blog\/wp-content\/uploads\/2021\/05\/Nicolas-Jacquemard-150x150.jpeg\",\"caption\":\"Nicolas Jacquemard\"},\"description\":\"Passionn\u00e9 de sport et entrepreneur depuis mes 18 ans, la cr\u00e9ation de Dicodusport m'a sembl\u00e9 \u00e9vidente pour participer \u00e0 la m\u00e9diatisation d'un plus grand nombre de sports. Le chemin est long mais avec une \u00e9quipe des plus motiv\u00e9es et les Jeux Olympiques de Paris 2024 en point de mire, nous y arriverons ! Journaliste dans le monde du sport depuis plus de 5 ans, je traite aussi bien de football, de rugby, de biathlon que de cyclisme.\",\"sameAs\":[\"https:\/\/www.facebook.com\/dicodusport\",\"https:\/\/x.com\/https:\/\/twitter.com\/Nico_Jacquemard\"],\"url\":\"https:\/\/dicodusport.fr\/blog\/author\/dicodusport\/\"}]}<\/script>\n<!-- \/ Yoast SEO Premium plugin. -->","yoast_head_json":{"title":"Transferts : L'ASM Clermont entre dans la danse pour Semi Radradra","description":"TOP 14 2022-2023 - Selon le Midi Olympique, l'ASM Clermont s'est aussi positionn\u00e9e pour recruter Semi Radradra l'\u00e9t\u00e9 prochain.\u00a0","robots":{"index":"index","follow":"follow","max-snippet":"max-snippet:-1","max-image-preview":"max-image-preview:large","max-video-preview":"max-video-preview:-1"},"canonical":"https:\/\/dicodusport.fr\/blog\/transferts-lasm-clermont-entre-dans-la-danse-pour-semi-radradra\/","og_locale":"fr_FR","og_type":"article","og_title":"Transferts : L'ASM Clermont entre dans la danse pour Semi Radradra","og_description":"TOP 14 2022-2023 - Selon le Midi Olympique, l'ASM Clermont s'est aussi positionn\u00e9e pour recruter Semi Radradra l'\u00e9t\u00e9 prochain.\u00a0","og_url":"https:\/\/dicodusport.fr\/blog\/transferts-lasm-clermont-entre-dans-la-danse-pour-semi-radradra\/","og_site_name":"Dicodusport","article_publisher":"https:\/\/www.facebook.com\/dicodusport","article_author":"https:\/\/www.facebook.com\/dicodusport","article_published_time":"2023-01-26T16:40:16+00:00","article_modified_time":"2023-01-26T16:46:12+00:00","og_image":[{"width":800,"height":445,"url":"https:\/\/dicodusport.fr\/blog\/wp-content\/uploads\/2023\/01\/Transferts-LASM-Clermont-entre-dans-la-danse-pour-Semi-Radradra.png","type":"image\/png"}],"author":"Nicolas Jacquemard","twitter_card":"summary_large_image","twitter_title":"Transferts : L'ASM Clermont entre dans la danse pour Semi Radradra","twitter_creator":"@https:\/\/twitter.com\/Nico_Jacquemard","twitter_site":"@dicodusport","schema":{"@context":"https:\/\/schema.org","@graph":[{"@type":"NewsArticle","@id":"https:\/\/dicodusport.fr\/blog\/transferts-lasm-clermont-entre-dans-la-danse-pour-semi-radradra\/#article","isPartOf":{"@id":"https:\/\/dicodusport.fr\/blog\/transferts-lasm-clermont-entre-dans-la-danse-pour-semi-radradra\/"},"author":{"name":"Nicolas Jacquemard","@id":"https:\/\/dicodusport.fr\/blog\/#\/schema\/person\/55dcb50ad410894e431ed812bbb70191"},"headline":"Transferts : L&rsquo;ASM Clermont entre dans la danse pour Semi Radradra","datePublished":"2023-01-26T16:40:16+00:00","dateModified":"2023-01-26T16:46:12+00:00","mainEntityOfPage":{"@id":"https:\/\/dicodusport.fr\/blog\/transferts-lasm-clermont-entre-dans-la-danse-pour-semi-radradra\/"},"wordCount":267,"commentCount":0,"publisher":{"@id":"https:\/\/dicodusport.fr\/blog\/#organization"},"image":{"@id":"https:\/\/dicodusport.fr\/blog\/transferts-lasm-clermont-entre-dans-la-danse-pour-semi-radradra\/#primaryimage"},"thumbnailUrl":"https:\/\/dicodusport.fr\/blog\/wp-content\/uploads\/2023\/01\/Transferts-LASM-Clermont-entre-dans-la-danse-pour-Semi-Radradra.png","keywords":["ASM Clermont","Radradra","Semi Radradra"],"articleSection":["Rugby \u00e0 XV","Top 14"],"inLanguage":"fr-FR","potentialAction":[{"@type":"CommentAction","name":"Comment","target":["https:\/\/dicodusport.fr\/blog\/transferts-lasm-clermont-entre-dans-la-danse-pour-semi-radradra\/#respond"]}],"copyrightYear":"2023","copyrightHolder":{"@id":"https:\/\/dicodusport.fr\/blog\/#organization"}},{"@type":"WebPage","@id":"https:\/\/dicodusport.fr\/blog\/transferts-lasm-clermont-entre-dans-la-danse-pour-semi-radradra\/","url":"https:\/\/dicodusport.fr\/blog\/transferts-lasm-clermont-entre-dans-la-danse-pour-semi-radradra\/","name":"Transferts : L'ASM Clermont entre dans la danse pour Semi Radradra","isPartOf":{"@id":"https:\/\/dicodusport.fr\/blog\/#website"},"primaryImageOfPage":{"@id":"https:\/\/dicodusport.fr\/blog\/transferts-lasm-clermont-entre-dans-la-danse-pour-semi-radradra\/#primaryimage"},"image":{"@id":"https:\/\/dicodusport.fr\/blog\/transferts-lasm-clermont-entre-dans-la-danse-pour-semi-radradra\/#primaryimage"},"thumbnailUrl":"https:\/\/dicodusport.fr\/blog\/wp-content\/uploads\/2023\/01\/Transferts-LASM-Clermont-entre-dans-la-danse-pour-Semi-Radradra.png","datePublished":"2023-01-26T16:40:16+00:00","dateModified":"2023-01-26T16:46:12+00:00","description":"TOP 14 2022-2023 - Selon le Midi Olympique, l'ASM Clermont s'est aussi positionn\u00e9e pour recruter Semi Radradra l'\u00e9t\u00e9 prochain.\u00a0","breadcrumb":{"@id":"https:\/\/dicodusport.fr\/blog\/transferts-lasm-clermont-entre-dans-la-danse-pour-semi-radradra\/#breadcrumb"},"inLanguage":"fr-FR","potentialAction":[{"@type":"ReadAction","target":["https:\/\/dicodusport.fr\/blog\/transferts-lasm-clermont-entre-dans-la-danse-pour-semi-radradra\/"]}]},{"@type":"ImageObject","inLanguage":"fr-FR","@id":"https:\/\/dicodusport.fr\/blog\/transferts-lasm-clermont-entre-dans-la-danse-pour-semi-radradra\/#primaryimage","url":"https:\/\/dicodusport.fr\/blog\/wp-content\/uploads\/2023\/01\/Transferts-LASM-Clermont-entre-dans-la-danse-pour-Semi-Radradra.png","contentUrl":"https:\/\/dicodusport.fr\/blog\/wp-content\/uploads\/2023\/01\/Transferts-LASM-Clermont-entre-dans-la-danse-pour-Semi-Radradra.png","width":800,"height":445},{"@type":"BreadcrumbList","@id":"https:\/\/dicodusport.fr\/blog\/transferts-lasm-clermont-entre-dans-la-danse-pour-semi-radradra\/#breadcrumb","itemListElement":[{"@type":"ListItem","position":1,"name":"Accueil","item":"https:\/\/dicodusport.fr\/blog\/"},{"@type":"ListItem","position":2,"name":"Transferts : L&rsquo;ASM Clermont entre dans la danse pour Semi Radradra"}]},{"@type":"WebSite","@id":"https:\/\/dicodusport.fr\/blog\/#website","url":"https:\/\/dicodusport.fr\/blog\/","name":"Dicodusport","description":"L&#039;encyclop\u00e9die de l&#039;actualit\u00e9 sportive","publisher":{"@id":"https:\/\/dicodusport.fr\/blog\/#organization"},"potentialAction":[{"@type":"SearchAction","target":{"@type":"EntryPoint","urlTemplate":"https:\/\/dicodusport.fr\/blog\/?s={search_term_string}"},"query-input":{"@type":"PropertyValueSpecification","valueRequired":true,"valueName":"search_term_string"}}],"inLanguage":"fr-FR"},{"@type":"NewsMediaOrganization","@id":"https:\/\/dicodusport.fr\/blog\/#organization","name":"Dicodusport","url":"https:\/\/dicodusport.fr\/blog\/","logo":{"@type":"ImageObject","inLanguage":"fr-FR","@id":"https:\/\/dicodusport.fr\/blog\/#\/schema\/logo\/image\/","url":"https:\/\/dicodusport.fr\/blog\/wp-content\/uploads\/2020\/06\/cropped-LOGO-DICODUSPORT-2020-SANS-FOND-SANS-TEXTE.png","contentUrl":"https:\/\/dicodusport.fr\/blog\/wp-content\/uploads\/2020\/06\/cropped-LOGO-DICODUSPORT-2020-SANS-FOND-SANS-TEXTE.png","width":512,"height":512,"caption":"Dicodusport"},"image":{"@id":"https:\/\/dicodusport.fr\/blog\/#\/schema\/logo\/image\/"},"sameAs":["https:\/\/www.facebook.com\/dicodusport","https:\/\/x.com\/dicodusport","https:\/\/www.instagram.com\/dicodusport\/","https:\/\/www.youtube.com\/channel\/UC7V2KZ5sd3htJivAbA4ZG3w"],"description":"Dicodusport est l'encyclop\u00e9die de l'actualit\u00e9 sportive.","email":"bonjour@dicodusport.fr","legalName":"DICODUSPORT","foundingDate":"2018-01-14","vatID":"FR71834470973","taxID":"83447097300043","numberOfEmployees":{"@type":"QuantitativeValue","minValue":"1","maxValue":"10"}},{"@type":"Person","@id":"https:\/\/dicodusport.fr\/blog\/#\/schema\/person\/55dcb50ad410894e431ed812bbb70191","name":"Nicolas Jacquemard","image":{"@type":"ImageObject","inLanguage":"fr-FR","@id":"https:\/\/dicodusport.fr\/blog\/#\/schema\/person\/image\/","url":"https:\/\/dicodusport.fr\/blog\/wp-content\/uploads\/2021\/05\/Nicolas-Jacquemard-150x150.jpeg","contentUrl":"https:\/\/dicodusport.fr\/blog\/wp-content\/uploads\/2021\/05\/Nicolas-Jacquemard-150x150.jpeg","caption":"Nicolas Jacquemard"},"description":"Passionn\u00e9 de sport et entrepreneur depuis mes 18 ans, la cr\u00e9ation de Dicodusport m'a sembl\u00e9 \u00e9vidente pour participer \u00e0 la m\u00e9diatisation d'un plus grand nombre de sports. Le chemin est long mais avec une \u00e9quipe des plus motiv\u00e9es et les Jeux Olympiques de Paris 2024 en point de mire, nous y arriverons ! Journaliste dans le monde du sport depuis plus de 5 ans, je traite aussi bien de football, de rugby, de biathlon que de cyclisme.","sameAs":["https:\/\/www.facebook.com\/dicodusport","https:\/\/x.com\/https:\/\/twitter.com\/Nico_Jacquemard"],"url":"https:\/\/dicodusport.fr\/blog\/author\/dicodusport\/"}]}},"_links":{"self":[{"href":"https:\/\/dicodusport.fr\/blog\/wp-json\/wp\/v2\/posts\/348905","targetHints":{"allow":["GET"]}}],"collection":[{"href":"https:\/\/dicodusport.fr\/blog\/wp-json\/wp\/v2\/posts"}],"about":[{"href":"https:\/\/dicodusport.fr\/blog\/wp-json\/wp\/v2\/types\/post"}],"author":[{"embeddable":true,"href":"https:\/\/dicodusport.fr\/blog\/wp-json\/wp\/v2\/users\/1"}],"replies":[{"embeddable":true,"href":"https:\/\/dicodusport.fr\/blog\/wp-json\/wp\/v2\/comments?post=348905"}],"version-history":[{"count":0,"href":"https:\/\/dicodusport.fr\/blog\/wp-json\/wp\/v2\/posts\/348905\/revisions"}],"wp:featuredmedia":[{"embeddable":true,"href":"https:\/\/dicodusport.fr\/blog\/wp-json\/wp\/v2\/media\/348906"}],"wp:attachment":[{"href":"https:\/\/dicodusport.fr\/blog\/wp-json\/wp\/v2\/media?parent=348905"}],"wp:term":[{"taxonomy":"category","embeddable":true,"href":"https:\/\/dicodusport.fr\/blog\/wp-json\/wp\/v2\/categories?post=348905"},{"taxonomy":"post_tag","embeddable":true,"href":"https:\/\/dicodusport.fr\/blog\/wp-json\/wp\/v2\/tags?post=348905"}],"curies":[{"name":"wp","href":"https:\/\/api.w.org\/{rel}","templated":true}]}}