{"id":349041,"date":"2023-01-27T10:38:47","date_gmt":"2023-01-27T09:38:47","guid":{"rendered":"https:\/\/dicodusport.fr\/blog\/?p=349041&#038;preview=true&#038;preview_id=349041"},"modified":"2023-01-27T10:38:47","modified_gmt":"2023-01-27T09:38:47","slug":"lequipe-diffusera-les-championnats-du-monde-de-para-athletisme-2023","status":"publish","type":"post","link":"https:\/\/dicodusport.fr\/blog\/lequipe-diffusera-les-championnats-du-monde-de-para-athletisme-2023\/","title":{"rendered":"L&rsquo;\u00c9quipe diffusera les Championnats du monde de para athl\u00e9tisme 2023"},"content":{"rendered":"<p style=\"text-align: justify;\"><em><strong>PARA ATHL\u00c9TISME &#8211; Organis\u00e9s \u00e0 Paris du 8 au 17 juillet prochains, les championnats du monde de para athl\u00e9tisme seront diffus\u00e9s en int\u00e9gralit\u00e9 par le groupe L\u2019\u00c9quipe. L\u2019annonce a \u00e9t\u00e9 faite ce vendredi matin.<\/strong><\/em><\/p>\n<p style=\"text-align: justify;\">En juillet prochain, les <strong>Championnats du monde de para athl\u00e9tisme<\/strong> pourront \u00eatre suivis au stade Charl\u00e9ty (XIIIe arrondissement de Paris), mais aussi sur les antennes du groupe <em>L\u2019\u00c9quipe<\/em>. Les \u00e9preuves seront diffus\u00e9es en int\u00e9gralit\u00e9 et en exclusivit\u00e9 sur les cha\u00eenes <em>L&rsquo;\u00c9quipe live 1<\/em> et <em>L&rsquo;\u00c9quipe live 2<\/em> de la plateforme L&rsquo;\u00c9quipe. <strong>La cha\u00eene L&rsquo;\u00c9quipe<\/strong> diffusera, quant \u00e0 elle, les meilleurs moments de ces Mondiaux.<\/p>\n<p style=\"text-align: justify;\">Dans un communiqu\u00e9, <strong>Laurent Prud&rsquo;homme<\/strong>, le directeur g\u00e9n\u00e9ral du groupe, a expliqu\u00e9\u00a0: <em>\u00ab Ces Championnats du monde font partie des Grands \u00e9v\u00e9nements sportifs internationaux (GESI) de ces prochains mois au m\u00eame titre que la Coupe du monde de rugby, les Jeux Olympiques et les Jeux Paralympiques de Paris.<\/em> <em>L&rsquo;\u00c9quipe engagera tous ses supports &#8211; site, application, journal, magazine, t\u00e9l\u00e9vision, r\u00e9seaux sociaux &#8211; afin de couvrir cette comp\u00e9tition de parasport, la plus importante apr\u00e8s les Jeux paralympiques. Plus globalement, c&rsquo;est le r\u00f4le de L&rsquo;\u00c9quipe, leader de l&rsquo;information sportive, de promouvoir et exposer le parasport et de pr\u00e9senter au plus grand nombre les futures stars des Jeux de Paris 2024. \u00bb<\/em><\/p>\n<blockquote class=\"twitter-tweet\">\n<p dir=\"ltr\" lang=\"fr\">L&rsquo;\u00c9quipe diffusera les Championnats du monde de para athl\u00e9tisme Paris 2023 <a href=\"https:\/\/t.co\/84UyhfVlk0\">https:\/\/t.co\/84UyhfVlk0<\/a> <a href=\"https:\/\/t.co\/gcCZPNA4oQ\">pic.twitter.com\/gcCZPNA4oQ<\/a><\/p>\n<p>\u2014 L&rsquo;\u00c9QUIPE (@lequipe) <a href=\"https:\/\/twitter.com\/lequipe\/status\/1618897165413130240?ref_src=twsrc%5Etfw\">January 27, 2023<\/a><\/p><\/blockquote>\n<p><script async src=\"https:\/\/platform.twitter.com\/widgets.js\" charset=\"utf-8\"><\/script><\/p>\n<p style=\"text-align: justify;\">Sur le site et l&rsquo;application, <em>L&rsquo;\u00c9quipe<\/em> proposera une rubrique sp\u00e9cifique afin de suivre en direct les r\u00e9sultats des courses et des concours, mais aussi des d\u00e9cryptages, des portraits et des analyses.<\/p>\n<p>Une nouvelle avanc\u00e9e dans la m\u00e9diatisation du handisport \u00e0 un an et demi des Jeux paralympiques de Paris (28 ao\u00fbt-8 septembre 2024).<\/p>\n","protected":false},"excerpt":{"rendered":"<p>PARA ATHL\u00c9TISME &#8211; Organis\u00e9s \u00e0 Paris du 8 au 17 juillet prochains, les championnats du monde de para athl\u00e9tisme seront diffus\u00e9s en int\u00e9gralit\u00e9 par le groupe L\u2019\u00c9quipe. L\u2019annonce a \u00e9t\u00e9 faite ce vendredi matin.<\/p>\n","protected":false},"author":80,"featured_media":163018,"comment_status":"open","ping_status":"closed","sticky":false,"template":"","format":"standard","meta":{"_acf_changed":false,"_daextam_enable_autolinks":"","footnotes":""},"categories":[2308,5753],"tags":[1265,29208],"class_list":["post-349041","post","type-post","status-publish","format-standard","has-post-thumbnail","hentry","category-athletisme","category-handisport","tag-handisport","tag-para-athletisme"],"acf":[],"yoast_head":"<!-- This site is optimized with the Yoast SEO Premium plugin v26.7 (Yoast SEO v26.7) - https:\/\/yoast.com\/wordpress\/plugins\/seo\/ -->\n<title>L&#039;\u00c9quipe diffusera les Championnats du monde de para athl\u00e9tisme 2023<\/title>\n<meta name=\"description\" content=\"Organis\u00e9s \u00e0 Paris du 8 au 17 juillet prochains, les championnats du monde de para athl\u00e9tisme seront diffus\u00e9s par le groupe L\u2019\u00c9quipe\" \/>\n<meta name=\"robots\" content=\"index, follow, max-snippet:-1, max-image-preview:large, max-video-preview:-1\" \/>\n<link rel=\"canonical\" href=\"https:\/\/dicodusport.fr\/blog\/lequipe-diffusera-les-championnats-du-monde-de-para-athletisme-2023\/\" \/>\n<meta property=\"og:locale\" content=\"fr_FR\" \/>\n<meta property=\"og:type\" content=\"article\" \/>\n<meta property=\"og:title\" content=\"L&#039;\u00c9quipe diffusera les Championnats du monde de para athl\u00e9tisme 2023\" \/>\n<meta property=\"og:description\" content=\"Organis\u00e9s \u00e0 Paris du 8 au 17 juillet prochains, les championnats du monde de para athl\u00e9tisme seront diffus\u00e9s par le groupe L\u2019\u00c9quipe\" \/>\n<meta property=\"og:url\" content=\"https:\/\/dicodusport.fr\/blog\/lequipe-diffusera-les-championnats-du-monde-de-para-athletisme-2023\/\" \/>\n<meta property=\"og:site_name\" content=\"Dicodusport\" \/>\n<meta property=\"article:publisher\" content=\"https:\/\/www.facebook.com\/dicodusport\" \/>\n<meta property=\"article:author\" content=\"https:\/\/www.facebook.com\/profile.php?id=100009753662352\" \/>\n<meta property=\"article:published_time\" content=\"2023-01-27T09:38:47+00:00\" \/>\n<meta property=\"og:image\" content=\"https:\/\/dicodusport.fr\/blog\/wp-content\/uploads\/2021\/08\/JP-de-Tokyo-\u2013-Athletisme-Charles-Antoine-Kouakou-champion-paralympique-sur-400m.png\" \/>\n\t<meta property=\"og:image:width\" content=\"800\" \/>\n\t<meta property=\"og:image:height\" content=\"445\" \/>\n\t<meta property=\"og:image:type\" content=\"image\/png\" \/>\n<meta name=\"author\" content=\"Killian Tanguy\" \/>\n<meta name=\"twitter:card\" content=\"summary_large_image\" \/>\n<meta name=\"twitter:title\" content=\"L&#039;\u00c9quipe diffusera les Championnats du monde de para athl\u00e9tisme 2023\" \/>\n<meta name=\"twitter:creator\" content=\"@https:\/\/twitter.com\/sport_ktanguy\" \/>\n<meta name=\"twitter:site\" content=\"@dicodusport\" \/>\n<script type=\"application\/ld+json\" class=\"yoast-schema-graph\">{\"@context\":\"https:\/\/schema.org\",\"@graph\":[{\"@type\":\"NewsArticle\",\"@id\":\"https:\/\/dicodusport.fr\/blog\/lequipe-diffusera-les-championnats-du-monde-de-para-athletisme-2023\/#article\",\"isPartOf\":{\"@id\":\"https:\/\/dicodusport.fr\/blog\/lequipe-diffusera-les-championnats-du-monde-de-para-athletisme-2023\/\"},\"author\":{\"name\":\"Killian Tanguy\",\"@id\":\"https:\/\/dicodusport.fr\/blog\/#\/schema\/person\/ff2feeb71ea78ad31eeb3390ffe96b46\"},\"headline\":\"L&rsquo;\u00c9quipe diffusera les Championnats du monde de para athl\u00e9tisme 2023\",\"datePublished\":\"2023-01-27T09:38:47+00:00\",\"mainEntityOfPage\":{\"@id\":\"https:\/\/dicodusport.fr\/blog\/lequipe-diffusera-les-championnats-du-monde-de-para-athletisme-2023\/\"},\"wordCount\":326,\"commentCount\":0,\"publisher\":{\"@id\":\"https:\/\/dicodusport.fr\/blog\/#organization\"},\"image\":{\"@id\":\"https:\/\/dicodusport.fr\/blog\/lequipe-diffusera-les-championnats-du-monde-de-para-athletisme-2023\/#primaryimage\"},\"thumbnailUrl\":\"https:\/\/dicodusport.fr\/blog\/wp-content\/uploads\/2021\/08\/JP-de-Tokyo-\u2013-Athletisme-Charles-Antoine-Kouakou-champion-paralympique-sur-400m.png\",\"keywords\":[\"handisport\",\"para athl\u00e9tisme\"],\"articleSection\":[\"Athl\u00e9tisme\",\"Handisport\"],\"inLanguage\":\"fr-FR\",\"potentialAction\":[{\"@type\":\"CommentAction\",\"name\":\"Comment\",\"target\":[\"https:\/\/dicodusport.fr\/blog\/lequipe-diffusera-les-championnats-du-monde-de-para-athletisme-2023\/#respond\"]}],\"copyrightYear\":\"2023\",\"copyrightHolder\":{\"@id\":\"https:\/\/dicodusport.fr\/blog\/#organization\"}},{\"@type\":\"WebPage\",\"@id\":\"https:\/\/dicodusport.fr\/blog\/lequipe-diffusera-les-championnats-du-monde-de-para-athletisme-2023\/\",\"url\":\"https:\/\/dicodusport.fr\/blog\/lequipe-diffusera-les-championnats-du-monde-de-para-athletisme-2023\/\",\"name\":\"L'\u00c9quipe diffusera les Championnats du monde de para athl\u00e9tisme 2023\",\"isPartOf\":{\"@id\":\"https:\/\/dicodusport.fr\/blog\/#website\"},\"primaryImageOfPage\":{\"@id\":\"https:\/\/dicodusport.fr\/blog\/lequipe-diffusera-les-championnats-du-monde-de-para-athletisme-2023\/#primaryimage\"},\"image\":{\"@id\":\"https:\/\/dicodusport.fr\/blog\/lequipe-diffusera-les-championnats-du-monde-de-para-athletisme-2023\/#primaryimage\"},\"thumbnailUrl\":\"https:\/\/dicodusport.fr\/blog\/wp-content\/uploads\/2021\/08\/JP-de-Tokyo-\u2013-Athletisme-Charles-Antoine-Kouakou-champion-paralympique-sur-400m.png\",\"datePublished\":\"2023-01-27T09:38:47+00:00\",\"description\":\"Organis\u00e9s \u00e0 Paris du 8 au 17 juillet prochains, les championnats du monde de para athl\u00e9tisme seront diffus\u00e9s par le groupe L\u2019\u00c9quipe\",\"breadcrumb\":{\"@id\":\"https:\/\/dicodusport.fr\/blog\/lequipe-diffusera-les-championnats-du-monde-de-para-athletisme-2023\/#breadcrumb\"},\"inLanguage\":\"fr-FR\",\"potentialAction\":[{\"@type\":\"ReadAction\",\"target\":[\"https:\/\/dicodusport.fr\/blog\/lequipe-diffusera-les-championnats-du-monde-de-para-athletisme-2023\/\"]}]},{\"@type\":\"ImageObject\",\"inLanguage\":\"fr-FR\",\"@id\":\"https:\/\/dicodusport.fr\/blog\/lequipe-diffusera-les-championnats-du-monde-de-para-athletisme-2023\/#primaryimage\",\"url\":\"https:\/\/dicodusport.fr\/blog\/wp-content\/uploads\/2021\/08\/JP-de-Tokyo-\u2013-Athletisme-Charles-Antoine-Kouakou-champion-paralympique-sur-400m.png\",\"contentUrl\":\"https:\/\/dicodusport.fr\/blog\/wp-content\/uploads\/2021\/08\/JP-de-Tokyo-\u2013-Athletisme-Charles-Antoine-Kouakou-champion-paralympique-sur-400m.png\",\"width\":800,\"height\":445,\"caption\":\"Jeux Paralympiques de Tokyo \u2013 Athl\u00e9tisme Charles-Antoine Kouakou champion paralympique sur 400m\"},{\"@type\":\"BreadcrumbList\",\"@id\":\"https:\/\/dicodusport.fr\/blog\/lequipe-diffusera-les-championnats-du-monde-de-para-athletisme-2023\/#breadcrumb\",\"itemListElement\":[{\"@type\":\"ListItem\",\"position\":1,\"name\":\"Accueil\",\"item\":\"https:\/\/dicodusport.fr\/blog\/\"},{\"@type\":\"ListItem\",\"position\":2,\"name\":\"L&rsquo;\u00c9quipe diffusera les Championnats du monde de para athl\u00e9tisme 2023\"}]},{\"@type\":\"WebSite\",\"@id\":\"https:\/\/dicodusport.fr\/blog\/#website\",\"url\":\"https:\/\/dicodusport.fr\/blog\/\",\"name\":\"Dicodusport\",\"description\":\"L&#039;encyclop\u00e9die de l&#039;actualit\u00e9 sportive\",\"publisher\":{\"@id\":\"https:\/\/dicodusport.fr\/blog\/#organization\"},\"potentialAction\":[{\"@type\":\"SearchAction\",\"target\":{\"@type\":\"EntryPoint\",\"urlTemplate\":\"https:\/\/dicodusport.fr\/blog\/?s={search_term_string}\"},\"query-input\":{\"@type\":\"PropertyValueSpecification\",\"valueRequired\":true,\"valueName\":\"search_term_string\"}}],\"inLanguage\":\"fr-FR\"},{\"@type\":\"NewsMediaOrganization\",\"@id\":\"https:\/\/dicodusport.fr\/blog\/#organization\",\"name\":\"Dicodusport\",\"url\":\"https:\/\/dicodusport.fr\/blog\/\",\"logo\":{\"@type\":\"ImageObject\",\"inLanguage\":\"fr-FR\",\"@id\":\"https:\/\/dicodusport.fr\/blog\/#\/schema\/logo\/image\/\",\"url\":\"https:\/\/dicodusport.fr\/blog\/wp-content\/uploads\/2020\/06\/cropped-LOGO-DICODUSPORT-2020-SANS-FOND-SANS-TEXTE.png\",\"contentUrl\":\"https:\/\/dicodusport.fr\/blog\/wp-content\/uploads\/2020\/06\/cropped-LOGO-DICODUSPORT-2020-SANS-FOND-SANS-TEXTE.png\",\"width\":512,\"height\":512,\"caption\":\"Dicodusport\"},\"image\":{\"@id\":\"https:\/\/dicodusport.fr\/blog\/#\/schema\/logo\/image\/\"},\"sameAs\":[\"https:\/\/www.facebook.com\/dicodusport\",\"https:\/\/x.com\/dicodusport\",\"https:\/\/www.instagram.com\/dicodusport\/\",\"https:\/\/www.youtube.com\/channel\/UC7V2KZ5sd3htJivAbA4ZG3w\"],\"description\":\"Dicodusport est l'encyclop\u00e9die de l'actualit\u00e9 sportive.\",\"email\":\"bonjour@dicodusport.fr\",\"legalName\":\"DICODUSPORT\",\"foundingDate\":\"2018-01-14\",\"vatID\":\"FR71834470973\",\"taxID\":\"83447097300043\",\"numberOfEmployees\":{\"@type\":\"QuantitativeValue\",\"minValue\":\"1\",\"maxValue\":\"10\"}},{\"@type\":\"Person\",\"@id\":\"https:\/\/dicodusport.fr\/blog\/#\/schema\/person\/ff2feeb71ea78ad31eeb3390ffe96b46\",\"name\":\"Killian Tanguy\",\"image\":{\"@type\":\"ImageObject\",\"inLanguage\":\"fr-FR\",\"@id\":\"https:\/\/dicodusport.fr\/blog\/#\/schema\/person\/image\/\",\"url\":\"https:\/\/dicodusport.fr\/blog\/wp-content\/uploads\/2022\/12\/Killian-Tanguy-150x150.png\",\"contentUrl\":\"https:\/\/dicodusport.fr\/blog\/wp-content\/uploads\/2022\/12\/Killian-Tanguy-150x150.png\",\"caption\":\"Killian Tanguy\"},\"description\":\"Journaliste qui parle de tout et surtout de sport. Rugby, handball, sports d'hiver, football, cyclisme... Et ce que j'aime par-dessus tout : couvrir une discipline que je ne connais pas. Rien de mieux pour s'enrichir et apprendre.\",\"sameAs\":[\"https:\/\/killiantanguy.wixsite.com\/monsite\",\"https:\/\/www.facebook.com\/profile.php?id=100009753662352\",\"https:\/\/www.instagram.com\/sport.killiantanguy\/\",\"https:\/\/www.linkedin.com\/in\/killiantanguy\/\",\"https:\/\/x.com\/https:\/\/twitter.com\/sport_ktanguy\",\"https:\/\/www.youtube.com\/channel\/UCRfZkHKJL0wK7wvnJjCry-Q\"],\"url\":\"https:\/\/dicodusport.fr\/blog\/author\/killian-tanguy\/\"}]}<\/script>\n<!-- \/ Yoast SEO Premium plugin. -->","yoast_head_json":{"title":"L'\u00c9quipe diffusera les Championnats du monde de para athl\u00e9tisme 2023","description":"Organis\u00e9s \u00e0 Paris du 8 au 17 juillet prochains, les championnats du monde de para athl\u00e9tisme seront diffus\u00e9s par le groupe L\u2019\u00c9quipe","robots":{"index":"index","follow":"follow","max-snippet":"max-snippet:-1","max-image-preview":"max-image-preview:large","max-video-preview":"max-video-preview:-1"},"canonical":"https:\/\/dicodusport.fr\/blog\/lequipe-diffusera-les-championnats-du-monde-de-para-athletisme-2023\/","og_locale":"fr_FR","og_type":"article","og_title":"L'\u00c9quipe diffusera les Championnats du monde de para athl\u00e9tisme 2023","og_description":"Organis\u00e9s \u00e0 Paris du 8 au 17 juillet prochains, les championnats du monde de para athl\u00e9tisme seront diffus\u00e9s par le groupe L\u2019\u00c9quipe","og_url":"https:\/\/dicodusport.fr\/blog\/lequipe-diffusera-les-championnats-du-monde-de-para-athletisme-2023\/","og_site_name":"Dicodusport","article_publisher":"https:\/\/www.facebook.com\/dicodusport","article_author":"https:\/\/www.facebook.com\/profile.php?id=100009753662352","article_published_time":"2023-01-27T09:38:47+00:00","og_image":[{"width":800,"height":445,"url":"https:\/\/dicodusport.fr\/blog\/wp-content\/uploads\/2021\/08\/JP-de-Tokyo-\u2013-Athletisme-Charles-Antoine-Kouakou-champion-paralympique-sur-400m.png","type":"image\/png"}],"author":"Killian Tanguy","twitter_card":"summary_large_image","twitter_title":"L'\u00c9quipe diffusera les Championnats du monde de para athl\u00e9tisme 2023","twitter_creator":"@https:\/\/twitter.com\/sport_ktanguy","twitter_site":"@dicodusport","schema":{"@context":"https:\/\/schema.org","@graph":[{"@type":"NewsArticle","@id":"https:\/\/dicodusport.fr\/blog\/lequipe-diffusera-les-championnats-du-monde-de-para-athletisme-2023\/#article","isPartOf":{"@id":"https:\/\/dicodusport.fr\/blog\/lequipe-diffusera-les-championnats-du-monde-de-para-athletisme-2023\/"},"author":{"name":"Killian Tanguy","@id":"https:\/\/dicodusport.fr\/blog\/#\/schema\/person\/ff2feeb71ea78ad31eeb3390ffe96b46"},"headline":"L&rsquo;\u00c9quipe diffusera les Championnats du monde de para athl\u00e9tisme 2023","datePublished":"2023-01-27T09:38:47+00:00","mainEntityOfPage":{"@id":"https:\/\/dicodusport.fr\/blog\/lequipe-diffusera-les-championnats-du-monde-de-para-athletisme-2023\/"},"wordCount":326,"commentCount":0,"publisher":{"@id":"https:\/\/dicodusport.fr\/blog\/#organization"},"image":{"@id":"https:\/\/dicodusport.fr\/blog\/lequipe-diffusera-les-championnats-du-monde-de-para-athletisme-2023\/#primaryimage"},"thumbnailUrl":"https:\/\/dicodusport.fr\/blog\/wp-content\/uploads\/2021\/08\/JP-de-Tokyo-\u2013-Athletisme-Charles-Antoine-Kouakou-champion-paralympique-sur-400m.png","keywords":["handisport","para athl\u00e9tisme"],"articleSection":["Athl\u00e9tisme","Handisport"],"inLanguage":"fr-FR","potentialAction":[{"@type":"CommentAction","name":"Comment","target":["https:\/\/dicodusport.fr\/blog\/lequipe-diffusera-les-championnats-du-monde-de-para-athletisme-2023\/#respond"]}],"copyrightYear":"2023","copyrightHolder":{"@id":"https:\/\/dicodusport.fr\/blog\/#organization"}},{"@type":"WebPage","@id":"https:\/\/dicodusport.fr\/blog\/lequipe-diffusera-les-championnats-du-monde-de-para-athletisme-2023\/","url":"https:\/\/dicodusport.fr\/blog\/lequipe-diffusera-les-championnats-du-monde-de-para-athletisme-2023\/","name":"L'\u00c9quipe diffusera les Championnats du monde de para athl\u00e9tisme 2023","isPartOf":{"@id":"https:\/\/dicodusport.fr\/blog\/#website"},"primaryImageOfPage":{"@id":"https:\/\/dicodusport.fr\/blog\/lequipe-diffusera-les-championnats-du-monde-de-para-athletisme-2023\/#primaryimage"},"image":{"@id":"https:\/\/dicodusport.fr\/blog\/lequipe-diffusera-les-championnats-du-monde-de-para-athletisme-2023\/#primaryimage"},"thumbnailUrl":"https:\/\/dicodusport.fr\/blog\/wp-content\/uploads\/2021\/08\/JP-de-Tokyo-\u2013-Athletisme-Charles-Antoine-Kouakou-champion-paralympique-sur-400m.png","datePublished":"2023-01-27T09:38:47+00:00","description":"Organis\u00e9s \u00e0 Paris du 8 au 17 juillet prochains, les championnats du monde de para athl\u00e9tisme seront diffus\u00e9s par le groupe L\u2019\u00c9quipe","breadcrumb":{"@id":"https:\/\/dicodusport.fr\/blog\/lequipe-diffusera-les-championnats-du-monde-de-para-athletisme-2023\/#breadcrumb"},"inLanguage":"fr-FR","potentialAction":[{"@type":"ReadAction","target":["https:\/\/dicodusport.fr\/blog\/lequipe-diffusera-les-championnats-du-monde-de-para-athletisme-2023\/"]}]},{"@type":"ImageObject","inLanguage":"fr-FR","@id":"https:\/\/dicodusport.fr\/blog\/lequipe-diffusera-les-championnats-du-monde-de-para-athletisme-2023\/#primaryimage","url":"https:\/\/dicodusport.fr\/blog\/wp-content\/uploads\/2021\/08\/JP-de-Tokyo-\u2013-Athletisme-Charles-Antoine-Kouakou-champion-paralympique-sur-400m.png","contentUrl":"https:\/\/dicodusport.fr\/blog\/wp-content\/uploads\/2021\/08\/JP-de-Tokyo-\u2013-Athletisme-Charles-Antoine-Kouakou-champion-paralympique-sur-400m.png","width":800,"height":445,"caption":"Jeux Paralympiques de Tokyo \u2013 Athl\u00e9tisme Charles-Antoine Kouakou champion paralympique sur 400m"},{"@type":"BreadcrumbList","@id":"https:\/\/dicodusport.fr\/blog\/lequipe-diffusera-les-championnats-du-monde-de-para-athletisme-2023\/#breadcrumb","itemListElement":[{"@type":"ListItem","position":1,"name":"Accueil","item":"https:\/\/dicodusport.fr\/blog\/"},{"@type":"ListItem","position":2,"name":"L&rsquo;\u00c9quipe diffusera les Championnats du monde de para athl\u00e9tisme 2023"}]},{"@type":"WebSite","@id":"https:\/\/dicodusport.fr\/blog\/#website","url":"https:\/\/dicodusport.fr\/blog\/","name":"Dicodusport","description":"L&#039;encyclop\u00e9die de l&#039;actualit\u00e9 sportive","publisher":{"@id":"https:\/\/dicodusport.fr\/blog\/#organization"},"potentialAction":[{"@type":"SearchAction","target":{"@type":"EntryPoint","urlTemplate":"https:\/\/dicodusport.fr\/blog\/?s={search_term_string}"},"query-input":{"@type":"PropertyValueSpecification","valueRequired":true,"valueName":"search_term_string"}}],"inLanguage":"fr-FR"},{"@type":"NewsMediaOrganization","@id":"https:\/\/dicodusport.fr\/blog\/#organization","name":"Dicodusport","url":"https:\/\/dicodusport.fr\/blog\/","logo":{"@type":"ImageObject","inLanguage":"fr-FR","@id":"https:\/\/dicodusport.fr\/blog\/#\/schema\/logo\/image\/","url":"https:\/\/dicodusport.fr\/blog\/wp-content\/uploads\/2020\/06\/cropped-LOGO-DICODUSPORT-2020-SANS-FOND-SANS-TEXTE.png","contentUrl":"https:\/\/dicodusport.fr\/blog\/wp-content\/uploads\/2020\/06\/cropped-LOGO-DICODUSPORT-2020-SANS-FOND-SANS-TEXTE.png","width":512,"height":512,"caption":"Dicodusport"},"image":{"@id":"https:\/\/dicodusport.fr\/blog\/#\/schema\/logo\/image\/"},"sameAs":["https:\/\/www.facebook.com\/dicodusport","https:\/\/x.com\/dicodusport","https:\/\/www.instagram.com\/dicodusport\/","https:\/\/www.youtube.com\/channel\/UC7V2KZ5sd3htJivAbA4ZG3w"],"description":"Dicodusport est l'encyclop\u00e9die de l'actualit\u00e9 sportive.","email":"bonjour@dicodusport.fr","legalName":"DICODUSPORT","foundingDate":"2018-01-14","vatID":"FR71834470973","taxID":"83447097300043","numberOfEmployees":{"@type":"QuantitativeValue","minValue":"1","maxValue":"10"}},{"@type":"Person","@id":"https:\/\/dicodusport.fr\/blog\/#\/schema\/person\/ff2feeb71ea78ad31eeb3390ffe96b46","name":"Killian Tanguy","image":{"@type":"ImageObject","inLanguage":"fr-FR","@id":"https:\/\/dicodusport.fr\/blog\/#\/schema\/person\/image\/","url":"https:\/\/dicodusport.fr\/blog\/wp-content\/uploads\/2022\/12\/Killian-Tanguy-150x150.png","contentUrl":"https:\/\/dicodusport.fr\/blog\/wp-content\/uploads\/2022\/12\/Killian-Tanguy-150x150.png","caption":"Killian Tanguy"},"description":"Journaliste qui parle de tout et surtout de sport. Rugby, handball, sports d'hiver, football, cyclisme... Et ce que j'aime par-dessus tout : couvrir une discipline que je ne connais pas. Rien de mieux pour s'enrichir et apprendre.","sameAs":["https:\/\/killiantanguy.wixsite.com\/monsite","https:\/\/www.facebook.com\/profile.php?id=100009753662352","https:\/\/www.instagram.com\/sport.killiantanguy\/","https:\/\/www.linkedin.com\/in\/killiantanguy\/","https:\/\/x.com\/https:\/\/twitter.com\/sport_ktanguy","https:\/\/www.youtube.com\/channel\/UCRfZkHKJL0wK7wvnJjCry-Q"],"url":"https:\/\/dicodusport.fr\/blog\/author\/killian-tanguy\/"}]}},"_links":{"self":[{"href":"https:\/\/dicodusport.fr\/blog\/wp-json\/wp\/v2\/posts\/349041","targetHints":{"allow":["GET"]}}],"collection":[{"href":"https:\/\/dicodusport.fr\/blog\/wp-json\/wp\/v2\/posts"}],"about":[{"href":"https:\/\/dicodusport.fr\/blog\/wp-json\/wp\/v2\/types\/post"}],"author":[{"embeddable":true,"href":"https:\/\/dicodusport.fr\/blog\/wp-json\/wp\/v2\/users\/80"}],"replies":[{"embeddable":true,"href":"https:\/\/dicodusport.fr\/blog\/wp-json\/wp\/v2\/comments?post=349041"}],"version-history":[{"count":0,"href":"https:\/\/dicodusport.fr\/blog\/wp-json\/wp\/v2\/posts\/349041\/revisions"}],"wp:featuredmedia":[{"embeddable":true,"href":"https:\/\/dicodusport.fr\/blog\/wp-json\/wp\/v2\/media\/163018"}],"wp:attachment":[{"href":"https:\/\/dicodusport.fr\/blog\/wp-json\/wp\/v2\/media?parent=349041"}],"wp:term":[{"taxonomy":"category","embeddable":true,"href":"https:\/\/dicodusport.fr\/blog\/wp-json\/wp\/v2\/categories?post=349041"},{"taxonomy":"post_tag","embeddable":true,"href":"https:\/\/dicodusport.fr\/blog\/wp-json\/wp\/v2\/tags?post=349041"}],"curies":[{"name":"wp","href":"https:\/\/api.w.org\/{rel}","templated":true}]}}