{"id":349160,"date":"2023-01-27T15:05:49","date_gmt":"2023-01-27T14:05:49","guid":{"rendered":"https:\/\/dicodusport.fr\/blog\/?p=349160&#038;preview=true&#038;preview_id=349160"},"modified":"2023-01-27T17:21:02","modified_gmt":"2023-01-27T16:21:02","slug":"biathlon-championnats-deurope-2023-erland-bjoentegaard-conserve-son-titre-sur-sprint","status":"publish","type":"post","link":"https:\/\/dicodusport.fr\/blog\/biathlon-championnats-deurope-2023-erland-bjoentegaard-conserve-son-titre-sur-sprint\/","title":{"rendered":"Biathlon Championnats d&rsquo;Europe 2023 : Erlend Bjoentegaard conserve son titre sur le sprint"},"content":{"rendered":"<p style=\"text-align: justify;\"><b><i><a href=\"https:\/\/dicodusport.fr\/blog\/biathlon-championnats-deurope-2023-programme-et-resultats\/\">BIATHLON CHAMPIONNATS D&rsquo;EUROPE 2023<\/a> &#8211; D\u00e9j\u00e0 titr\u00e9 l&rsquo;an dernier \u00e0 Arber (Allemagne), le Norv\u00e9gien Erlend Bjoentegaard a conserv\u00e9 ce vendredi son titre europ\u00e9en du sprint, \u00e0 Lenzerheide (Suisse). Son compatriote Vebjoern\u00a0<em>Soerum et l&rsquo;Allemand Philipp Nawrath compl\u00e8tent le podium. Premier Fran\u00e7ais, Ambroise Meunier est 6\u00e8me.<\/em><\/i><\/b><\/p>\n<p style=\"text-align: justify;\">Magnifique <strong>Erlend Bjoentegaard<\/strong> ! Le Norv\u00e9gien de 32 ans, d\u00e9j\u00e0 sacr\u00e9 sur le format \u00e0 deux tirs en 2022 \u00e0 Arber (Allemagne), a r\u00e9cidiv\u00e9 ce vendredi sur le site de <strong>Leinzerheide (Suisse)<\/strong>. Auteur d&rsquo;un sans-faute face aux cibles, Bjoentegaard s&rsquo;est en plus plut\u00f4t bien sorti sur les skis, avec le troisi\u00e8me temps \u00e0 28 secondes de son jeune compatriote <strong>Vebjoern Soerum<\/strong>, 23 ans. Ce dernier, malgr\u00e9 deux erreurs sur le pas de tir, s&rsquo;est malgr\u00e9 tout empar\u00e9 de la deuxi\u00e8me place \u00e0 l&rsquo;arriv\u00e9e, \u00e0 seulement 11.5 secondes de la gagne. Impressionnant !<\/p>\n<p style=\"text-align: justify;\">Le podium est compl\u00e9t\u00e9 par l&rsquo;Allemand <strong>Philipp Nawrath<\/strong>. Habitu\u00e9 des courses de Coupe du monde, le biathl\u00e8te de 29 ans vient sans doute de d\u00e9crocher son billet pour les Mondiaux \u00e0 domicile, \u00e0 Oberhof (Allemagne), qui se d\u00e9rouleront du 8 au 19 f\u00e9vrier. Le Bavarois, lui aussi coupable de deux fautes derri\u00e8re la carabine, a fil\u00e9 sur les spatules, avec le deuxi\u00e8me temps sur la piste. Enfin, un Fran\u00e7ais a, un peu, redonn\u00e9 le sourire au camp tricolore, toujours sevr\u00e9 de m\u00e9dailles. <strong>Ambroise Meunier<\/strong>, impeccable face aux cibles (10\/10), se classe 6\u00e8me (+51.1 secondes), et participera \u00e0 sa premi\u00e8re c\u00e9r\u00e9monie des fleurs \u00e0 haut-niveau.<\/p>\n<blockquote class=\"twitter-tweet\">\n<p dir=\"ltr\" lang=\"fr\">Bjoentegaard passe la ligne avec le meilleur temps, il est bien plac\u00e9 pour conserver son titre de Champion d&rsquo;Europe du sprint !<\/p>\n<p>Le direct &gt; <a href=\"https:\/\/t.co\/ZmmsaJIf0Y\">https:\/\/t.co\/ZmmsaJIf0Y<\/a><a href=\"https:\/\/twitter.com\/hashtag\/lequipeBIATHLON?src=hash&amp;ref_src=twsrc%5Etfw\">#lequipeBIATHLON<\/a> <a href=\"https:\/\/t.co\/wP3v3lv6vQ\">pic.twitter.com\/wP3v3lv6vQ<\/a><\/p>\n<p>\u2014 la chaine L&rsquo;\u00c9quipe (@lachainelequipe) <a href=\"https:\/\/twitter.com\/lachainelequipe\/status\/1618970429535789058?ref_src=twsrc%5Etfw\">January 27, 2023<\/a><\/p><\/blockquote>\n<p><script async src=\"https:\/\/platform.twitter.com\/widgets.js\" charset=\"utf-8\"><\/script><\/p>\n<h2 style=\"text-align: justify;\">Le classement des Fran\u00e7ais<\/h2>\n<p style=\"text-align: justify;\"><strong>6. Ambroise Meunier<\/strong> (10\/10) \u00e0 51.1 secondes<br \/>\n<strong>38. \u00c9milien Claude<\/strong> (8\/10) \u00e0 2:02.8<br \/>\n<strong>39. R\u00e9mi Broutier<\/strong> (7\/10) \u00e0 2:03.7<br \/>\n<strong>63. Paul Fontaine<\/strong> (6\/10) \u00e0 2:47.7<br \/>\n<strong>91. Mathieu Perrillat-Bottonet<\/strong> (6\/10) \u00e0 4:05.8<\/p>\n<h2 style=\"text-align: justify;\">\u00c0 lire aussi<\/h2>\n<ul>\n<li style=\"text-align: justify;\"><a href=\"https:\/\/dicodusport.fr\/blog\/biathlon-championnats-deurope-2023-classement-sprint-hommes\/\"><strong>Le classement complet du sprint hommes<\/strong><\/a><\/li>\n<li style=\"text-align: justify;\"><a href=\"https:\/\/www.biathlonworld.com\/results\/BT2223SCEUCH__SWIN\" target=\"_blank\" rel=\"noopener\"><strong>Tableau des m\u00e9dailles des championnats d&rsquo;Europe de biathlon<\/strong><\/a><\/li>\n<\/ul>\n","protected":false},"excerpt":{"rendered":"<p>BIATHLON CHAMPIONNATS D&rsquo;EUROPE 2023 &#8211; D\u00e9j\u00e0 titr\u00e9 l&rsquo;an dernier \u00e0 Arber (Allemagne), le Norv\u00e9gien Erlend Bjoentegaard a conserv\u00e9 ce vendredi son titre europ\u00e9en du sprint, \u00e0 Lenzerheide (Suisse). Son compatriote Vebjoern\u00a0Soerum et l&rsquo;Allemand Philipp Nawrath compl\u00e8tent le podium. Premier Fran\u00e7ais, Ambroise Meunier est 6\u00e8me.<\/p>\n","protected":false},"author":4,"featured_media":349177,"comment_status":"open","ping_status":"closed","sticky":false,"template":"","format":"standard","meta":{"_acf_changed":false,"_daextam_enable_autolinks":"","footnotes":""},"categories":[2426],"tags":[2427,21429],"class_list":["post-349160","post","type-post","status-publish","format-standard","has-post-thumbnail","hentry","category-biathlon","tag-biathlon","tag-championnats-deurope-de-biathlon"],"acf":[],"yoast_head":"<!-- This site is optimized with the Yoast SEO Premium plugin v26.7 (Yoast SEO v26.7) - https:\/\/yoast.com\/wordpress\/plugins\/seo\/ -->\n<title>Biathlon Championnats d&#039;Europe 2023 : Erlend Bjoentegaard conserve son titre sur le sprint<\/title>\n<meta name=\"description\" content=\"BIATHLON CHAMPIONNATS D&#039;EUROPE 2023 - Le Norv\u00e9gien Erlend Bjoentegaard a conserv\u00e9 ce vendredi son titre europ\u00e9en du sprint, \u00e0 Lenzerheide.\" \/>\n<meta name=\"robots\" content=\"index, follow, max-snippet:-1, max-image-preview:large, max-video-preview:-1\" \/>\n<link rel=\"canonical\" href=\"https:\/\/dicodusport.fr\/blog\/biathlon-championnats-deurope-2023-erland-bjoentegaard-conserve-son-titre-sur-sprint\/\" \/>\n<meta property=\"og:locale\" content=\"fr_FR\" \/>\n<meta property=\"og:type\" content=\"article\" \/>\n<meta property=\"og:title\" content=\"Biathlon Championnats d&#039;Europe 2023 : Erlend Bjoentegaard conserve son titre sur le sprint\" \/>\n<meta property=\"og:description\" content=\"BIATHLON CHAMPIONNATS D&#039;EUROPE 2023 - Le Norv\u00e9gien Erlend Bjoentegaard a conserv\u00e9 ce vendredi son titre europ\u00e9en du sprint, \u00e0 Lenzerheide.\" \/>\n<meta property=\"og:url\" content=\"https:\/\/dicodusport.fr\/blog\/biathlon-championnats-deurope-2023-erland-bjoentegaard-conserve-son-titre-sur-sprint\/\" \/>\n<meta property=\"og:site_name\" content=\"Dicodusport\" \/>\n<meta property=\"article:publisher\" content=\"https:\/\/www.facebook.com\/dicodusport\" \/>\n<meta property=\"article:author\" content=\"https:\/\/www.facebook.com\/florent.ostermann\" \/>\n<meta property=\"article:published_time\" content=\"2023-01-27T14:05:49+00:00\" \/>\n<meta property=\"article:modified_time\" content=\"2023-01-27T16:21:02+00:00\" \/>\n<meta property=\"og:image\" content=\"https:\/\/dicodusport.fr\/blog\/wp-content\/uploads\/2023\/01\/Biathlon-Championnats-dEurope-2023-Erlend-Bjoentegaard-conserve-son-titre-sur-le-sprint.png\" \/>\n\t<meta property=\"og:image:width\" content=\"800\" \/>\n\t<meta property=\"og:image:height\" content=\"445\" \/>\n\t<meta property=\"og:image:type\" content=\"image\/png\" \/>\n<meta name=\"author\" content=\"Flo Ostermann\" \/>\n<meta name=\"twitter:card\" content=\"summary_large_image\" \/>\n<meta name=\"twitter:title\" content=\"Biathlon Championnats d&#039;Europe 2023 : Erlend Bjoentegaard conserve son titre sur le sprint\" \/>\n<meta name=\"twitter:creator\" content=\"@https:\/\/twitter.com\/FlOstermann\" \/>\n<meta name=\"twitter:site\" content=\"@dicodusport\" \/>\n<script type=\"application\/ld+json\" class=\"yoast-schema-graph\">{\"@context\":\"https:\/\/schema.org\",\"@graph\":[{\"@type\":\"NewsArticle\",\"@id\":\"https:\/\/dicodusport.fr\/blog\/biathlon-championnats-deurope-2023-erland-bjoentegaard-conserve-son-titre-sur-sprint\/#article\",\"isPartOf\":{\"@id\":\"https:\/\/dicodusport.fr\/blog\/biathlon-championnats-deurope-2023-erland-bjoentegaard-conserve-son-titre-sur-sprint\/\"},\"author\":{\"name\":\"Flo Ostermann\",\"@id\":\"https:\/\/dicodusport.fr\/blog\/#\/schema\/person\/cb02af4c173ce4a653b55e9baf388d4a\"},\"headline\":\"Biathlon Championnats d&rsquo;Europe 2023 : Erlend Bjoentegaard conserve son titre sur le sprint\",\"datePublished\":\"2023-01-27T14:05:49+00:00\",\"dateModified\":\"2023-01-27T16:21:02+00:00\",\"mainEntityOfPage\":{\"@id\":\"https:\/\/dicodusport.fr\/blog\/biathlon-championnats-deurope-2023-erland-bjoentegaard-conserve-son-titre-sur-sprint\/\"},\"wordCount\":340,\"commentCount\":0,\"publisher\":{\"@id\":\"https:\/\/dicodusport.fr\/blog\/#organization\"},\"image\":{\"@id\":\"https:\/\/dicodusport.fr\/blog\/biathlon-championnats-deurope-2023-erland-bjoentegaard-conserve-son-titre-sur-sprint\/#primaryimage\"},\"thumbnailUrl\":\"https:\/\/dicodusport.fr\/blog\/wp-content\/uploads\/2023\/01\/Biathlon-Championnats-dEurope-2023-Erlend-Bjoentegaard-conserve-son-titre-sur-le-sprint.png\",\"keywords\":[\"Biathlon\",\"Championnats d'Europe de biathlon\"],\"articleSection\":[\"Biathlon\"],\"inLanguage\":\"fr-FR\",\"potentialAction\":[{\"@type\":\"CommentAction\",\"name\":\"Comment\",\"target\":[\"https:\/\/dicodusport.fr\/blog\/biathlon-championnats-deurope-2023-erland-bjoentegaard-conserve-son-titre-sur-sprint\/#respond\"]}],\"copyrightYear\":\"2023\",\"copyrightHolder\":{\"@id\":\"https:\/\/dicodusport.fr\/blog\/#organization\"}},{\"@type\":\"WebPage\",\"@id\":\"https:\/\/dicodusport.fr\/blog\/biathlon-championnats-deurope-2023-erland-bjoentegaard-conserve-son-titre-sur-sprint\/\",\"url\":\"https:\/\/dicodusport.fr\/blog\/biathlon-championnats-deurope-2023-erland-bjoentegaard-conserve-son-titre-sur-sprint\/\",\"name\":\"Biathlon Championnats d'Europe 2023 : Erlend Bjoentegaard conserve son titre sur le sprint\",\"isPartOf\":{\"@id\":\"https:\/\/dicodusport.fr\/blog\/#website\"},\"primaryImageOfPage\":{\"@id\":\"https:\/\/dicodusport.fr\/blog\/biathlon-championnats-deurope-2023-erland-bjoentegaard-conserve-son-titre-sur-sprint\/#primaryimage\"},\"image\":{\"@id\":\"https:\/\/dicodusport.fr\/blog\/biathlon-championnats-deurope-2023-erland-bjoentegaard-conserve-son-titre-sur-sprint\/#primaryimage\"},\"thumbnailUrl\":\"https:\/\/dicodusport.fr\/blog\/wp-content\/uploads\/2023\/01\/Biathlon-Championnats-dEurope-2023-Erlend-Bjoentegaard-conserve-son-titre-sur-le-sprint.png\",\"datePublished\":\"2023-01-27T14:05:49+00:00\",\"dateModified\":\"2023-01-27T16:21:02+00:00\",\"description\":\"BIATHLON CHAMPIONNATS D'EUROPE 2023 - Le Norv\u00e9gien Erlend Bjoentegaard a conserv\u00e9 ce vendredi son titre europ\u00e9en du sprint, \u00e0 Lenzerheide.\",\"breadcrumb\":{\"@id\":\"https:\/\/dicodusport.fr\/blog\/biathlon-championnats-deurope-2023-erland-bjoentegaard-conserve-son-titre-sur-sprint\/#breadcrumb\"},\"inLanguage\":\"fr-FR\",\"potentialAction\":[{\"@type\":\"ReadAction\",\"target\":[\"https:\/\/dicodusport.fr\/blog\/biathlon-championnats-deurope-2023-erland-bjoentegaard-conserve-son-titre-sur-sprint\/\"]}]},{\"@type\":\"ImageObject\",\"inLanguage\":\"fr-FR\",\"@id\":\"https:\/\/dicodusport.fr\/blog\/biathlon-championnats-deurope-2023-erland-bjoentegaard-conserve-son-titre-sur-sprint\/#primaryimage\",\"url\":\"https:\/\/dicodusport.fr\/blog\/wp-content\/uploads\/2023\/01\/Biathlon-Championnats-dEurope-2023-Erlend-Bjoentegaard-conserve-son-titre-sur-le-sprint.png\",\"contentUrl\":\"https:\/\/dicodusport.fr\/blog\/wp-content\/uploads\/2023\/01\/Biathlon-Championnats-dEurope-2023-Erlend-Bjoentegaard-conserve-son-titre-sur-le-sprint.png\",\"width\":800,\"height\":445,\"caption\":\"Biathlon Championnats d'Europe 2023 Erlend Bjoentegaard conserve son titre sur le sprint\"},{\"@type\":\"BreadcrumbList\",\"@id\":\"https:\/\/dicodusport.fr\/blog\/biathlon-championnats-deurope-2023-erland-bjoentegaard-conserve-son-titre-sur-sprint\/#breadcrumb\",\"itemListElement\":[{\"@type\":\"ListItem\",\"position\":1,\"name\":\"Accueil\",\"item\":\"https:\/\/dicodusport.fr\/blog\/\"},{\"@type\":\"ListItem\",\"position\":2,\"name\":\"Biathlon Championnats d&rsquo;Europe 2023 : Erlend Bjoentegaard conserve son titre sur le sprint\"}]},{\"@type\":\"WebSite\",\"@id\":\"https:\/\/dicodusport.fr\/blog\/#website\",\"url\":\"https:\/\/dicodusport.fr\/blog\/\",\"name\":\"Dicodusport\",\"description\":\"L&#039;encyclop\u00e9die de l&#039;actualit\u00e9 sportive\",\"publisher\":{\"@id\":\"https:\/\/dicodusport.fr\/blog\/#organization\"},\"potentialAction\":[{\"@type\":\"SearchAction\",\"target\":{\"@type\":\"EntryPoint\",\"urlTemplate\":\"https:\/\/dicodusport.fr\/blog\/?s={search_term_string}\"},\"query-input\":{\"@type\":\"PropertyValueSpecification\",\"valueRequired\":true,\"valueName\":\"search_term_string\"}}],\"inLanguage\":\"fr-FR\"},{\"@type\":\"NewsMediaOrganization\",\"@id\":\"https:\/\/dicodusport.fr\/blog\/#organization\",\"name\":\"Dicodusport\",\"url\":\"https:\/\/dicodusport.fr\/blog\/\",\"logo\":{\"@type\":\"ImageObject\",\"inLanguage\":\"fr-FR\",\"@id\":\"https:\/\/dicodusport.fr\/blog\/#\/schema\/logo\/image\/\",\"url\":\"https:\/\/dicodusport.fr\/blog\/wp-content\/uploads\/2020\/06\/cropped-LOGO-DICODUSPORT-2020-SANS-FOND-SANS-TEXTE.png\",\"contentUrl\":\"https:\/\/dicodusport.fr\/blog\/wp-content\/uploads\/2020\/06\/cropped-LOGO-DICODUSPORT-2020-SANS-FOND-SANS-TEXTE.png\",\"width\":512,\"height\":512,\"caption\":\"Dicodusport\"},\"image\":{\"@id\":\"https:\/\/dicodusport.fr\/blog\/#\/schema\/logo\/image\/\"},\"sameAs\":[\"https:\/\/www.facebook.com\/dicodusport\",\"https:\/\/x.com\/dicodusport\",\"https:\/\/www.instagram.com\/dicodusport\/\",\"https:\/\/www.youtube.com\/channel\/UC7V2KZ5sd3htJivAbA4ZG3w\"],\"description\":\"Dicodusport est l'encyclop\u00e9die de l'actualit\u00e9 sportive.\",\"email\":\"bonjour@dicodusport.fr\",\"legalName\":\"DICODUSPORT\",\"foundingDate\":\"2018-01-14\",\"vatID\":\"FR71834470973\",\"taxID\":\"83447097300043\",\"numberOfEmployees\":{\"@type\":\"QuantitativeValue\",\"minValue\":\"1\",\"maxValue\":\"10\"}},{\"@type\":\"Person\",\"@id\":\"https:\/\/dicodusport.fr\/blog\/#\/schema\/person\/cb02af4c173ce4a653b55e9baf388d4a\",\"name\":\"Flo Ostermann\",\"image\":{\"@type\":\"ImageObject\",\"inLanguage\":\"fr-FR\",\"@id\":\"https:\/\/dicodusport.fr\/blog\/#\/schema\/person\/image\/\",\"url\":\"https:\/\/dicodusport.fr\/blog\/wp-content\/uploads\/2021\/05\/Flo-Ostermann-150x150.jpg\",\"contentUrl\":\"https:\/\/dicodusport.fr\/blog\/wp-content\/uploads\/2021\/05\/Flo-Ostermann-150x150.jpg\",\"caption\":\"Flo Ostermann\"},\"description\":\"Journaliste\/R\u00e9dacteur depuis septembre 2015 - Mes premiers souvenirs dans le sport ? Les envol\u00e9es du Stade Toulousain et les duels Villeneuve-Schumacher et H\u00e4kkinen-Schumacher \u00e0 la fin des ann\u00e9es 90, la Coupe du monde de football en 1998, l\u2019exploit du XV de France face aux All Blacks en 1999, mais aussi Richard C\u0153ur de Lion qui vole sur les montagnes du Tour de France. Bien parti pour devenir professeur d\u2019EPS, les \u00e9v\u00e9nements de la vie (et la flemme d\u2019animer des s\u00e9ances de 3x500 m\u00e8tres toute ma vie) m\u2019ont conduit \u00e0 revoir mes plans. Me voil\u00e0 depuis fin 2017 sur Dicodusport, m\u00e9dia gr\u00e2ce (et pour) lequel je partage ma passion : le sport dans tous ses \u00e9tats. Le tout accompagn\u00e9 par les fous furieux et folles furieuses cit\u00e9s sur cette page !\",\"sameAs\":[\"https:\/\/www.facebook.com\/florent.ostermann\",\"https:\/\/x.com\/https:\/\/twitter.com\/FlOstermann\",\"admin\"],\"url\":\"https:\/\/dicodusport.fr\/blog\/author\/flo\/\"}]}<\/script>\n<!-- \/ Yoast SEO Premium plugin. -->","yoast_head_json":{"title":"Biathlon Championnats d'Europe 2023 : Erlend Bjoentegaard conserve son titre sur le sprint","description":"BIATHLON CHAMPIONNATS D'EUROPE 2023 - Le Norv\u00e9gien Erlend Bjoentegaard a conserv\u00e9 ce vendredi son titre europ\u00e9en du sprint, \u00e0 Lenzerheide.","robots":{"index":"index","follow":"follow","max-snippet":"max-snippet:-1","max-image-preview":"max-image-preview:large","max-video-preview":"max-video-preview:-1"},"canonical":"https:\/\/dicodusport.fr\/blog\/biathlon-championnats-deurope-2023-erland-bjoentegaard-conserve-son-titre-sur-sprint\/","og_locale":"fr_FR","og_type":"article","og_title":"Biathlon Championnats d'Europe 2023 : Erlend Bjoentegaard conserve son titre sur le sprint","og_description":"BIATHLON CHAMPIONNATS D'EUROPE 2023 - Le Norv\u00e9gien Erlend Bjoentegaard a conserv\u00e9 ce vendredi son titre europ\u00e9en du sprint, \u00e0 Lenzerheide.","og_url":"https:\/\/dicodusport.fr\/blog\/biathlon-championnats-deurope-2023-erland-bjoentegaard-conserve-son-titre-sur-sprint\/","og_site_name":"Dicodusport","article_publisher":"https:\/\/www.facebook.com\/dicodusport","article_author":"https:\/\/www.facebook.com\/florent.ostermann","article_published_time":"2023-01-27T14:05:49+00:00","article_modified_time":"2023-01-27T16:21:02+00:00","og_image":[{"width":800,"height":445,"url":"https:\/\/dicodusport.fr\/blog\/wp-content\/uploads\/2023\/01\/Biathlon-Championnats-dEurope-2023-Erlend-Bjoentegaard-conserve-son-titre-sur-le-sprint.png","type":"image\/png"}],"author":"Flo Ostermann","twitter_card":"summary_large_image","twitter_title":"Biathlon Championnats d'Europe 2023 : Erlend Bjoentegaard conserve son titre sur le sprint","twitter_creator":"@https:\/\/twitter.com\/FlOstermann","twitter_site":"@dicodusport","schema":{"@context":"https:\/\/schema.org","@graph":[{"@type":"NewsArticle","@id":"https:\/\/dicodusport.fr\/blog\/biathlon-championnats-deurope-2023-erland-bjoentegaard-conserve-son-titre-sur-sprint\/#article","isPartOf":{"@id":"https:\/\/dicodusport.fr\/blog\/biathlon-championnats-deurope-2023-erland-bjoentegaard-conserve-son-titre-sur-sprint\/"},"author":{"name":"Flo Ostermann","@id":"https:\/\/dicodusport.fr\/blog\/#\/schema\/person\/cb02af4c173ce4a653b55e9baf388d4a"},"headline":"Biathlon Championnats d&rsquo;Europe 2023 : Erlend Bjoentegaard conserve son titre sur le sprint","datePublished":"2023-01-27T14:05:49+00:00","dateModified":"2023-01-27T16:21:02+00:00","mainEntityOfPage":{"@id":"https:\/\/dicodusport.fr\/blog\/biathlon-championnats-deurope-2023-erland-bjoentegaard-conserve-son-titre-sur-sprint\/"},"wordCount":340,"commentCount":0,"publisher":{"@id":"https:\/\/dicodusport.fr\/blog\/#organization"},"image":{"@id":"https:\/\/dicodusport.fr\/blog\/biathlon-championnats-deurope-2023-erland-bjoentegaard-conserve-son-titre-sur-sprint\/#primaryimage"},"thumbnailUrl":"https:\/\/dicodusport.fr\/blog\/wp-content\/uploads\/2023\/01\/Biathlon-Championnats-dEurope-2023-Erlend-Bjoentegaard-conserve-son-titre-sur-le-sprint.png","keywords":["Biathlon","Championnats d'Europe de biathlon"],"articleSection":["Biathlon"],"inLanguage":"fr-FR","potentialAction":[{"@type":"CommentAction","name":"Comment","target":["https:\/\/dicodusport.fr\/blog\/biathlon-championnats-deurope-2023-erland-bjoentegaard-conserve-son-titre-sur-sprint\/#respond"]}],"copyrightYear":"2023","copyrightHolder":{"@id":"https:\/\/dicodusport.fr\/blog\/#organization"}},{"@type":"WebPage","@id":"https:\/\/dicodusport.fr\/blog\/biathlon-championnats-deurope-2023-erland-bjoentegaard-conserve-son-titre-sur-sprint\/","url":"https:\/\/dicodusport.fr\/blog\/biathlon-championnats-deurope-2023-erland-bjoentegaard-conserve-son-titre-sur-sprint\/","name":"Biathlon Championnats d'Europe 2023 : Erlend Bjoentegaard conserve son titre sur le sprint","isPartOf":{"@id":"https:\/\/dicodusport.fr\/blog\/#website"},"primaryImageOfPage":{"@id":"https:\/\/dicodusport.fr\/blog\/biathlon-championnats-deurope-2023-erland-bjoentegaard-conserve-son-titre-sur-sprint\/#primaryimage"},"image":{"@id":"https:\/\/dicodusport.fr\/blog\/biathlon-championnats-deurope-2023-erland-bjoentegaard-conserve-son-titre-sur-sprint\/#primaryimage"},"thumbnailUrl":"https:\/\/dicodusport.fr\/blog\/wp-content\/uploads\/2023\/01\/Biathlon-Championnats-dEurope-2023-Erlend-Bjoentegaard-conserve-son-titre-sur-le-sprint.png","datePublished":"2023-01-27T14:05:49+00:00","dateModified":"2023-01-27T16:21:02+00:00","description":"BIATHLON CHAMPIONNATS D'EUROPE 2023 - Le Norv\u00e9gien Erlend Bjoentegaard a conserv\u00e9 ce vendredi son titre europ\u00e9en du sprint, \u00e0 Lenzerheide.","breadcrumb":{"@id":"https:\/\/dicodusport.fr\/blog\/biathlon-championnats-deurope-2023-erland-bjoentegaard-conserve-son-titre-sur-sprint\/#breadcrumb"},"inLanguage":"fr-FR","potentialAction":[{"@type":"ReadAction","target":["https:\/\/dicodusport.fr\/blog\/biathlon-championnats-deurope-2023-erland-bjoentegaard-conserve-son-titre-sur-sprint\/"]}]},{"@type":"ImageObject","inLanguage":"fr-FR","@id":"https:\/\/dicodusport.fr\/blog\/biathlon-championnats-deurope-2023-erland-bjoentegaard-conserve-son-titre-sur-sprint\/#primaryimage","url":"https:\/\/dicodusport.fr\/blog\/wp-content\/uploads\/2023\/01\/Biathlon-Championnats-dEurope-2023-Erlend-Bjoentegaard-conserve-son-titre-sur-le-sprint.png","contentUrl":"https:\/\/dicodusport.fr\/blog\/wp-content\/uploads\/2023\/01\/Biathlon-Championnats-dEurope-2023-Erlend-Bjoentegaard-conserve-son-titre-sur-le-sprint.png","width":800,"height":445,"caption":"Biathlon Championnats d'Europe 2023 Erlend Bjoentegaard conserve son titre sur le sprint"},{"@type":"BreadcrumbList","@id":"https:\/\/dicodusport.fr\/blog\/biathlon-championnats-deurope-2023-erland-bjoentegaard-conserve-son-titre-sur-sprint\/#breadcrumb","itemListElement":[{"@type":"ListItem","position":1,"name":"Accueil","item":"https:\/\/dicodusport.fr\/blog\/"},{"@type":"ListItem","position":2,"name":"Biathlon Championnats d&rsquo;Europe 2023 : Erlend Bjoentegaard conserve son titre sur le sprint"}]},{"@type":"WebSite","@id":"https:\/\/dicodusport.fr\/blog\/#website","url":"https:\/\/dicodusport.fr\/blog\/","name":"Dicodusport","description":"L&#039;encyclop\u00e9die de l&#039;actualit\u00e9 sportive","publisher":{"@id":"https:\/\/dicodusport.fr\/blog\/#organization"},"potentialAction":[{"@type":"SearchAction","target":{"@type":"EntryPoint","urlTemplate":"https:\/\/dicodusport.fr\/blog\/?s={search_term_string}"},"query-input":{"@type":"PropertyValueSpecification","valueRequired":true,"valueName":"search_term_string"}}],"inLanguage":"fr-FR"},{"@type":"NewsMediaOrganization","@id":"https:\/\/dicodusport.fr\/blog\/#organization","name":"Dicodusport","url":"https:\/\/dicodusport.fr\/blog\/","logo":{"@type":"ImageObject","inLanguage":"fr-FR","@id":"https:\/\/dicodusport.fr\/blog\/#\/schema\/logo\/image\/","url":"https:\/\/dicodusport.fr\/blog\/wp-content\/uploads\/2020\/06\/cropped-LOGO-DICODUSPORT-2020-SANS-FOND-SANS-TEXTE.png","contentUrl":"https:\/\/dicodusport.fr\/blog\/wp-content\/uploads\/2020\/06\/cropped-LOGO-DICODUSPORT-2020-SANS-FOND-SANS-TEXTE.png","width":512,"height":512,"caption":"Dicodusport"},"image":{"@id":"https:\/\/dicodusport.fr\/blog\/#\/schema\/logo\/image\/"},"sameAs":["https:\/\/www.facebook.com\/dicodusport","https:\/\/x.com\/dicodusport","https:\/\/www.instagram.com\/dicodusport\/","https:\/\/www.youtube.com\/channel\/UC7V2KZ5sd3htJivAbA4ZG3w"],"description":"Dicodusport est l'encyclop\u00e9die de l'actualit\u00e9 sportive.","email":"bonjour@dicodusport.fr","legalName":"DICODUSPORT","foundingDate":"2018-01-14","vatID":"FR71834470973","taxID":"83447097300043","numberOfEmployees":{"@type":"QuantitativeValue","minValue":"1","maxValue":"10"}},{"@type":"Person","@id":"https:\/\/dicodusport.fr\/blog\/#\/schema\/person\/cb02af4c173ce4a653b55e9baf388d4a","name":"Flo Ostermann","image":{"@type":"ImageObject","inLanguage":"fr-FR","@id":"https:\/\/dicodusport.fr\/blog\/#\/schema\/person\/image\/","url":"https:\/\/dicodusport.fr\/blog\/wp-content\/uploads\/2021\/05\/Flo-Ostermann-150x150.jpg","contentUrl":"https:\/\/dicodusport.fr\/blog\/wp-content\/uploads\/2021\/05\/Flo-Ostermann-150x150.jpg","caption":"Flo Ostermann"},"description":"Journaliste\/R\u00e9dacteur depuis septembre 2015 - Mes premiers souvenirs dans le sport ? Les envol\u00e9es du Stade Toulousain et les duels Villeneuve-Schumacher et H\u00e4kkinen-Schumacher \u00e0 la fin des ann\u00e9es 90, la Coupe du monde de football en 1998, l\u2019exploit du XV de France face aux All Blacks en 1999, mais aussi Richard C\u0153ur de Lion qui vole sur les montagnes du Tour de France. Bien parti pour devenir professeur d\u2019EPS, les \u00e9v\u00e9nements de la vie (et la flemme d\u2019animer des s\u00e9ances de 3x500 m\u00e8tres toute ma vie) m\u2019ont conduit \u00e0 revoir mes plans. Me voil\u00e0 depuis fin 2017 sur Dicodusport, m\u00e9dia gr\u00e2ce (et pour) lequel je partage ma passion : le sport dans tous ses \u00e9tats. Le tout accompagn\u00e9 par les fous furieux et folles furieuses cit\u00e9s sur cette page !","sameAs":["https:\/\/www.facebook.com\/florent.ostermann","https:\/\/x.com\/https:\/\/twitter.com\/FlOstermann","admin"],"url":"https:\/\/dicodusport.fr\/blog\/author\/flo\/"}]}},"_links":{"self":[{"href":"https:\/\/dicodusport.fr\/blog\/wp-json\/wp\/v2\/posts\/349160","targetHints":{"allow":["GET"]}}],"collection":[{"href":"https:\/\/dicodusport.fr\/blog\/wp-json\/wp\/v2\/posts"}],"about":[{"href":"https:\/\/dicodusport.fr\/blog\/wp-json\/wp\/v2\/types\/post"}],"author":[{"embeddable":true,"href":"https:\/\/dicodusport.fr\/blog\/wp-json\/wp\/v2\/users\/4"}],"replies":[{"embeddable":true,"href":"https:\/\/dicodusport.fr\/blog\/wp-json\/wp\/v2\/comments?post=349160"}],"version-history":[{"count":0,"href":"https:\/\/dicodusport.fr\/blog\/wp-json\/wp\/v2\/posts\/349160\/revisions"}],"wp:featuredmedia":[{"embeddable":true,"href":"https:\/\/dicodusport.fr\/blog\/wp-json\/wp\/v2\/media\/349177"}],"wp:attachment":[{"href":"https:\/\/dicodusport.fr\/blog\/wp-json\/wp\/v2\/media?parent=349160"}],"wp:term":[{"taxonomy":"category","embeddable":true,"href":"https:\/\/dicodusport.fr\/blog\/wp-json\/wp\/v2\/categories?post=349160"},{"taxonomy":"post_tag","embeddable":true,"href":"https:\/\/dicodusport.fr\/blog\/wp-json\/wp\/v2\/tags?post=349160"}],"curies":[{"name":"wp","href":"https:\/\/api.w.org\/{rel}","templated":true}]}}