{"id":349266,"date":"2023-01-27T18:37:41","date_gmt":"2023-01-27T17:37:41","guid":{"rendered":"https:\/\/dicodusport.fr\/blog\/?p=349266&#038;preview=true&#038;preview_id=349266"},"modified":"2023-01-27T18:47:36","modified_gmt":"2023-01-27T17:47:36","slug":"championnats-du-monde-cyclo-cross-2023-la-selection-francaise","status":"publish","type":"post","link":"https:\/\/dicodusport.fr\/blog\/championnats-du-monde-cyclo-cross-2023-la-selection-francaise\/","title":{"rendered":"Championnats du monde Cyclo-cross 2023 &#8211; La s\u00e9lection fran\u00e7aise"},"content":{"rendered":"<p align=\"justify\"><em><strong>MONDIAUX CYCLO-CROSS 2023 &#8211; Ce vendredi, la F\u00e9d\u00e9ration Fran\u00e7aise de Cyclisme a d\u00e9voil\u00e9 la s\u00e9lection pour les championnats du monde de cyclo-cross, qui se d\u00e9roulent du 2 au 5 f\u00e9vrier \u00e0 Hoogerheide (Pays-Bas).<\/strong><\/em><\/p>\n<p align=\"justify\">Pas de surprise dans la s\u00e9lection fran\u00e7aise pour les <strong>Mondiaux d&rsquo;Hoogerheide<\/strong>. L&rsquo;encadrement de l&rsquo;\u00e9quipe de France de cyclo-cross a d\u00e9voil\u00e9 25 noms pour ces championnats du monde. Chez les dames, <strong>les s\u0153urs Clauzel<\/strong>, <strong>H\u00e9l\u00e8ne et Perrine<\/strong>, seront en lice sur la course \u00e9lites. <strong>Line Burquier<\/strong> et <strong>Amandine Fouquenet<\/strong>, au pied du podium l&rsquo;an dernier, seront \u00e0 nouveau engag\u00e9es sur la course U23.<\/p>\n<p style=\"text-align: justify;\" align=\"justify\">Chez les messieurs, <strong>Joshua Dubau<\/strong>, <strong>Fabien Doubey<\/strong>, <strong>David Menut<\/strong> et <a href=\"https:\/\/dicodusport.fr\/blog\/cyclo-cross-cinquieme-titre-de-champion-de-france-pour-clement-venturini\/\">le champion de France <strong>Cl\u00e9ment Venturini<\/strong><\/a> seront align\u00e9s sur la course \u00e9lites masculine. En juniors, <a href=\"https:\/\/dicodusport.fr\/blog\/cyclo-cross-europe-2022-le-francais-leo-bisiaux-en-or-chez-les-juniors\/\">le champion d&rsquo;Europe <strong>L\u00e9o Bisiaux<\/strong><\/a> sera l&rsquo;un des grands favoris au titre.<\/p>\n<h2 style=\"text-align: justify;\" align=\"justify\">La s\u00e9lection fran\u00e7aise<\/h2>\n<h3 style=\"text-align: justify;\" align=\"justify\">\u00c9lites<\/h3>\n<ul style=\"text-align: justify;\">\n<li>Joshua DUBAU<\/li>\n<li>Fabien DOUBEY<\/li>\n<li>David MENUT<\/li>\n<li>Cl\u00e9ment VENTURINI<\/li>\n<li>H\u00e9l\u00e8ne CLAUZEL<\/li>\n<li>Perrine CLAUZEL<\/li>\n<\/ul>\n<h3 style=\"text-align: justify;\">U23<\/h3>\n<ul style=\"text-align: justify;\">\n<li>Nathan BOMMENEL<\/li>\n<li>Martin GROSLAMBERT<\/li>\n<li>R\u00e9mi LELANDAIS<\/li>\n<li>Corentin LEQUET<\/li>\n<li>Th\u00e9o THOMAS<\/li>\n<li>Line BURQUIER<\/li>\n<li>Lauriane DURAFFOURG<\/li>\n<li>Amandine FOUQUENET<\/li>\n<li>Olivia ONESTI<\/li>\n<\/ul>\n<h3 style=\"text-align: justify;\">U19<\/h3>\n<ul style=\"text-align: justify;\">\n<li>L\u00e9o BISIAUX<\/li>\n<li>Alexis DAVID<\/li>\n<li>Fantin GLOUX<\/li>\n<li>Paul SEIXAS<\/li>\n<li>Jules SIMON<\/li>\n<li>Aubin SPARFEL<\/li>\n<\/ul>\n<ul>\n<li style=\"text-align: justify;\">C\u00e9lia GERY<\/li>\n<li style=\"text-align: justify;\">Lise KLAES<\/li>\n<li style=\"text-align: justify;\">Ana\u00efs MOULIN<\/li>\n<li style=\"text-align: justify;\">Amandine MULLER<\/li>\n<\/ul>\n<blockquote class=\"twitter-tweet\">\n<p dir=\"ltr\" lang=\"fr\">\ud83c\uddeb\ud83c\uddf7 D\u00e9couvrez la s\u00e9lection France pour les Championnats du monde \u00e0 HOOGERHEIDE (Pays-Bas) \ud83d\udc4a<\/p>\n<p>Plus d&rsquo;infos \u27a1\ufe0f <a href=\"https:\/\/t.co\/UIPFr2XLY1\">https:\/\/t.co\/UIPFr2XLY1<\/a><a href=\"https:\/\/twitter.com\/hashtag\/cx?src=hash&amp;ref_src=twsrc%5Etfw\">#cx<\/a> <a href=\"https:\/\/twitter.com\/hashtag\/cyclocross?src=hash&amp;ref_src=twsrc%5Etfw\">#cyclocross<\/a> <a href=\"https:\/\/twitter.com\/hashtag\/cpf?src=hash&amp;ref_src=twsrc%5Etfw\">#cpf<\/a> <a href=\"https:\/\/twitter.com\/hashtag\/course?src=hash&amp;ref_src=twsrc%5Etfw\">#course<\/a> <a href=\"https:\/\/twitter.com\/hashtag\/monde?src=hash&amp;ref_src=twsrc%5Etfw\">#monde<\/a> <a href=\"https:\/\/twitter.com\/hashtag\/ffc?src=hash&amp;ref_src=twsrc%5Etfw\">#ffc<\/a> <a href=\"https:\/\/twitter.com\/hashtag\/peloton?src=hash&amp;ref_src=twsrc%5Etfw\">#peloton<\/a> <a href=\"https:\/\/t.co\/1FCwqPDXZM\">pic.twitter.com\/1FCwqPDXZM<\/a><\/p>\n<p>\u2014 FFC (@FFCyclisme) <a href=\"https:\/\/twitter.com\/FFCyclisme\/status\/1619002927447695361?ref_src=twsrc%5Etfw\">January 27, 2023<\/a><\/p><\/blockquote>\n<p><script async src=\"https:\/\/platform.twitter.com\/widgets.js\" charset=\"utf-8\"><\/script><\/p>\n","protected":false},"excerpt":{"rendered":"<p>MONDIAUX CYCLO-CROSS 2023 &#8211; Ce vendredi, la F\u00e9d\u00e9ration Fran\u00e7aise de Cyclisme a d\u00e9voil\u00e9 la s\u00e9lection pour les championnats du monde de cyclo-cross, qui se d\u00e9roulent du 2 au 5 f\u00e9vrier \u00e0 Hoogerheide (Pays-Bas).<\/p>\n","protected":false},"author":4,"featured_media":349274,"comment_status":"open","ping_status":"closed","sticky":false,"template":"","format":"standard","meta":{"_acf_changed":false,"_daextam_enable_autolinks":"","footnotes":""},"categories":[9611],"tags":[6666],"class_list":["post-349266","post","type-post","status-publish","format-standard","has-post-thumbnail","hentry","category-cyclo-cross","tag-cyclo-cross"],"acf":[],"yoast_head":"<!-- This site is optimized with the Yoast SEO Premium plugin v26.7 (Yoast SEO v26.7) - https:\/\/yoast.com\/wordpress\/plugins\/seo\/ -->\n<title>Championnats du monde Cyclo-cross 2023 - La s\u00e9lection fran\u00e7aise<\/title>\n<meta name=\"description\" content=\"MONDIAUX CYCLO-CROSS 2023 - La F\u00e9d\u00e9ration Fran\u00e7aise de Cyclisme a d\u00e9voil\u00e9 la s\u00e9lection pour les championnats du monde de cyclo-cross.\" \/>\n<meta name=\"robots\" content=\"index, follow, max-snippet:-1, max-image-preview:large, max-video-preview:-1\" \/>\n<link rel=\"canonical\" href=\"https:\/\/dicodusport.fr\/blog\/championnats-du-monde-cyclo-cross-2023-la-selection-francaise\/\" \/>\n<meta property=\"og:locale\" content=\"fr_FR\" \/>\n<meta property=\"og:type\" content=\"article\" \/>\n<meta property=\"og:title\" content=\"Championnats du monde Cyclo-cross 2023 - La s\u00e9lection fran\u00e7aise\" \/>\n<meta property=\"og:description\" content=\"MONDIAUX CYCLO-CROSS 2023 - La F\u00e9d\u00e9ration Fran\u00e7aise de Cyclisme a d\u00e9voil\u00e9 la s\u00e9lection pour les championnats du monde de cyclo-cross.\" \/>\n<meta property=\"og:url\" content=\"https:\/\/dicodusport.fr\/blog\/championnats-du-monde-cyclo-cross-2023-la-selection-francaise\/\" \/>\n<meta property=\"og:site_name\" content=\"Dicodusport\" \/>\n<meta property=\"article:publisher\" content=\"https:\/\/www.facebook.com\/dicodusport\" \/>\n<meta property=\"article:author\" content=\"https:\/\/www.facebook.com\/florent.ostermann\" \/>\n<meta property=\"article:published_time\" content=\"2023-01-27T17:37:41+00:00\" \/>\n<meta property=\"article:modified_time\" content=\"2023-01-27T17:47:36+00:00\" \/>\n<meta property=\"og:image\" content=\"https:\/\/dicodusport.fr\/blog\/wp-content\/uploads\/2023\/01\/Championnats-du-monde-Cyclo-cross-2023-La-selection-francaise.png\" \/>\n\t<meta property=\"og:image:width\" content=\"800\" \/>\n\t<meta property=\"og:image:height\" content=\"445\" \/>\n\t<meta property=\"og:image:type\" content=\"image\/png\" \/>\n<meta name=\"author\" content=\"Flo Ostermann\" \/>\n<meta name=\"twitter:card\" content=\"summary_large_image\" \/>\n<meta name=\"twitter:title\" content=\"Championnats du monde Cyclo-cross 2023 - La s\u00e9lection fran\u00e7aise\" \/>\n<meta name=\"twitter:creator\" content=\"@https:\/\/twitter.com\/FlOstermann\" \/>\n<meta name=\"twitter:site\" content=\"@dicodusport\" \/>\n<script type=\"application\/ld+json\" class=\"yoast-schema-graph\">{\"@context\":\"https:\/\/schema.org\",\"@graph\":[{\"@type\":\"NewsArticle\",\"@id\":\"https:\/\/dicodusport.fr\/blog\/championnats-du-monde-cyclo-cross-2023-la-selection-francaise\/#article\",\"isPartOf\":{\"@id\":\"https:\/\/dicodusport.fr\/blog\/championnats-du-monde-cyclo-cross-2023-la-selection-francaise\/\"},\"author\":{\"name\":\"Flo Ostermann\",\"@id\":\"https:\/\/dicodusport.fr\/blog\/#\/schema\/person\/cb02af4c173ce4a653b55e9baf388d4a\"},\"headline\":\"Championnats du monde Cyclo-cross 2023 &#8211; La s\u00e9lection fran\u00e7aise\",\"datePublished\":\"2023-01-27T17:37:41+00:00\",\"dateModified\":\"2023-01-27T17:47:36+00:00\",\"mainEntityOfPage\":{\"@id\":\"https:\/\/dicodusport.fr\/blog\/championnats-du-monde-cyclo-cross-2023-la-selection-francaise\/\"},\"wordCount\":260,\"commentCount\":0,\"publisher\":{\"@id\":\"https:\/\/dicodusport.fr\/blog\/#organization\"},\"image\":{\"@id\":\"https:\/\/dicodusport.fr\/blog\/championnats-du-monde-cyclo-cross-2023-la-selection-francaise\/#primaryimage\"},\"thumbnailUrl\":\"https:\/\/dicodusport.fr\/blog\/wp-content\/uploads\/2023\/01\/Championnats-du-monde-Cyclo-cross-2023-La-selection-francaise.png\",\"keywords\":[\"Cyclo-cross\"],\"articleSection\":[\"Cyclo-cross\"],\"inLanguage\":\"fr-FR\",\"potentialAction\":[{\"@type\":\"CommentAction\",\"name\":\"Comment\",\"target\":[\"https:\/\/dicodusport.fr\/blog\/championnats-du-monde-cyclo-cross-2023-la-selection-francaise\/#respond\"]}],\"copyrightYear\":\"2023\",\"copyrightHolder\":{\"@id\":\"https:\/\/dicodusport.fr\/blog\/#organization\"}},{\"@type\":\"WebPage\",\"@id\":\"https:\/\/dicodusport.fr\/blog\/championnats-du-monde-cyclo-cross-2023-la-selection-francaise\/\",\"url\":\"https:\/\/dicodusport.fr\/blog\/championnats-du-monde-cyclo-cross-2023-la-selection-francaise\/\",\"name\":\"Championnats du monde Cyclo-cross 2023 - La s\u00e9lection fran\u00e7aise\",\"isPartOf\":{\"@id\":\"https:\/\/dicodusport.fr\/blog\/#website\"},\"primaryImageOfPage\":{\"@id\":\"https:\/\/dicodusport.fr\/blog\/championnats-du-monde-cyclo-cross-2023-la-selection-francaise\/#primaryimage\"},\"image\":{\"@id\":\"https:\/\/dicodusport.fr\/blog\/championnats-du-monde-cyclo-cross-2023-la-selection-francaise\/#primaryimage\"},\"thumbnailUrl\":\"https:\/\/dicodusport.fr\/blog\/wp-content\/uploads\/2023\/01\/Championnats-du-monde-Cyclo-cross-2023-La-selection-francaise.png\",\"datePublished\":\"2023-01-27T17:37:41+00:00\",\"dateModified\":\"2023-01-27T17:47:36+00:00\",\"description\":\"MONDIAUX CYCLO-CROSS 2023 - La F\u00e9d\u00e9ration Fran\u00e7aise de Cyclisme a d\u00e9voil\u00e9 la s\u00e9lection pour les championnats du monde de cyclo-cross.\",\"breadcrumb\":{\"@id\":\"https:\/\/dicodusport.fr\/blog\/championnats-du-monde-cyclo-cross-2023-la-selection-francaise\/#breadcrumb\"},\"inLanguage\":\"fr-FR\",\"potentialAction\":[{\"@type\":\"ReadAction\",\"target\":[\"https:\/\/dicodusport.fr\/blog\/championnats-du-monde-cyclo-cross-2023-la-selection-francaise\/\"]}]},{\"@type\":\"ImageObject\",\"inLanguage\":\"fr-FR\",\"@id\":\"https:\/\/dicodusport.fr\/blog\/championnats-du-monde-cyclo-cross-2023-la-selection-francaise\/#primaryimage\",\"url\":\"https:\/\/dicodusport.fr\/blog\/wp-content\/uploads\/2023\/01\/Championnats-du-monde-Cyclo-cross-2023-La-selection-francaise.png\",\"contentUrl\":\"https:\/\/dicodusport.fr\/blog\/wp-content\/uploads\/2023\/01\/Championnats-du-monde-Cyclo-cross-2023-La-selection-francaise.png\",\"width\":800,\"height\":445,\"caption\":\"Championnats du monde Cyclo-cross 2023 - La s\u00e9lection fran\u00e7aise\"},{\"@type\":\"BreadcrumbList\",\"@id\":\"https:\/\/dicodusport.fr\/blog\/championnats-du-monde-cyclo-cross-2023-la-selection-francaise\/#breadcrumb\",\"itemListElement\":[{\"@type\":\"ListItem\",\"position\":1,\"name\":\"Accueil\",\"item\":\"https:\/\/dicodusport.fr\/blog\/\"},{\"@type\":\"ListItem\",\"position\":2,\"name\":\"Championnats du monde Cyclo-cross 2023 &#8211; La s\u00e9lection fran\u00e7aise\"}]},{\"@type\":\"WebSite\",\"@id\":\"https:\/\/dicodusport.fr\/blog\/#website\",\"url\":\"https:\/\/dicodusport.fr\/blog\/\",\"name\":\"Dicodusport\",\"description\":\"L&#039;encyclop\u00e9die de l&#039;actualit\u00e9 sportive\",\"publisher\":{\"@id\":\"https:\/\/dicodusport.fr\/blog\/#organization\"},\"potentialAction\":[{\"@type\":\"SearchAction\",\"target\":{\"@type\":\"EntryPoint\",\"urlTemplate\":\"https:\/\/dicodusport.fr\/blog\/?s={search_term_string}\"},\"query-input\":{\"@type\":\"PropertyValueSpecification\",\"valueRequired\":true,\"valueName\":\"search_term_string\"}}],\"inLanguage\":\"fr-FR\"},{\"@type\":\"NewsMediaOrganization\",\"@id\":\"https:\/\/dicodusport.fr\/blog\/#organization\",\"name\":\"Dicodusport\",\"url\":\"https:\/\/dicodusport.fr\/blog\/\",\"logo\":{\"@type\":\"ImageObject\",\"inLanguage\":\"fr-FR\",\"@id\":\"https:\/\/dicodusport.fr\/blog\/#\/schema\/logo\/image\/\",\"url\":\"https:\/\/dicodusport.fr\/blog\/wp-content\/uploads\/2020\/06\/cropped-LOGO-DICODUSPORT-2020-SANS-FOND-SANS-TEXTE.png\",\"contentUrl\":\"https:\/\/dicodusport.fr\/blog\/wp-content\/uploads\/2020\/06\/cropped-LOGO-DICODUSPORT-2020-SANS-FOND-SANS-TEXTE.png\",\"width\":512,\"height\":512,\"caption\":\"Dicodusport\"},\"image\":{\"@id\":\"https:\/\/dicodusport.fr\/blog\/#\/schema\/logo\/image\/\"},\"sameAs\":[\"https:\/\/www.facebook.com\/dicodusport\",\"https:\/\/x.com\/dicodusport\",\"https:\/\/www.instagram.com\/dicodusport\/\",\"https:\/\/www.youtube.com\/channel\/UC7V2KZ5sd3htJivAbA4ZG3w\"],\"description\":\"Dicodusport est l'encyclop\u00e9die de l'actualit\u00e9 sportive.\",\"email\":\"bonjour@dicodusport.fr\",\"legalName\":\"DICODUSPORT\",\"foundingDate\":\"2018-01-14\",\"vatID\":\"FR71834470973\",\"taxID\":\"83447097300043\",\"numberOfEmployees\":{\"@type\":\"QuantitativeValue\",\"minValue\":\"1\",\"maxValue\":\"10\"}},{\"@type\":\"Person\",\"@id\":\"https:\/\/dicodusport.fr\/blog\/#\/schema\/person\/cb02af4c173ce4a653b55e9baf388d4a\",\"name\":\"Flo Ostermann\",\"image\":{\"@type\":\"ImageObject\",\"inLanguage\":\"fr-FR\",\"@id\":\"https:\/\/dicodusport.fr\/blog\/#\/schema\/person\/image\/\",\"url\":\"https:\/\/dicodusport.fr\/blog\/wp-content\/uploads\/2021\/05\/Flo-Ostermann-150x150.jpg\",\"contentUrl\":\"https:\/\/dicodusport.fr\/blog\/wp-content\/uploads\/2021\/05\/Flo-Ostermann-150x150.jpg\",\"caption\":\"Flo Ostermann\"},\"description\":\"Journaliste\/R\u00e9dacteur depuis septembre 2015 - Mes premiers souvenirs dans le sport ? Les envol\u00e9es du Stade Toulousain et les duels Villeneuve-Schumacher et H\u00e4kkinen-Schumacher \u00e0 la fin des ann\u00e9es 90, la Coupe du monde de football en 1998, l\u2019exploit du XV de France face aux All Blacks en 1999, mais aussi Richard C\u0153ur de Lion qui vole sur les montagnes du Tour de France. Bien parti pour devenir professeur d\u2019EPS, les \u00e9v\u00e9nements de la vie (et la flemme d\u2019animer des s\u00e9ances de 3x500 m\u00e8tres toute ma vie) m\u2019ont conduit \u00e0 revoir mes plans. Me voil\u00e0 depuis fin 2017 sur Dicodusport, m\u00e9dia gr\u00e2ce (et pour) lequel je partage ma passion : le sport dans tous ses \u00e9tats. Le tout accompagn\u00e9 par les fous furieux et folles furieuses cit\u00e9s sur cette page !\",\"sameAs\":[\"https:\/\/www.facebook.com\/florent.ostermann\",\"https:\/\/x.com\/https:\/\/twitter.com\/FlOstermann\",\"admin\"],\"url\":\"https:\/\/dicodusport.fr\/blog\/author\/flo\/\"}]}<\/script>\n<!-- \/ Yoast SEO Premium plugin. -->","yoast_head_json":{"title":"Championnats du monde Cyclo-cross 2023 - La s\u00e9lection fran\u00e7aise","description":"MONDIAUX CYCLO-CROSS 2023 - La F\u00e9d\u00e9ration Fran\u00e7aise de Cyclisme a d\u00e9voil\u00e9 la s\u00e9lection pour les championnats du monde de cyclo-cross.","robots":{"index":"index","follow":"follow","max-snippet":"max-snippet:-1","max-image-preview":"max-image-preview:large","max-video-preview":"max-video-preview:-1"},"canonical":"https:\/\/dicodusport.fr\/blog\/championnats-du-monde-cyclo-cross-2023-la-selection-francaise\/","og_locale":"fr_FR","og_type":"article","og_title":"Championnats du monde Cyclo-cross 2023 - La s\u00e9lection fran\u00e7aise","og_description":"MONDIAUX CYCLO-CROSS 2023 - La F\u00e9d\u00e9ration Fran\u00e7aise de Cyclisme a d\u00e9voil\u00e9 la s\u00e9lection pour les championnats du monde de cyclo-cross.","og_url":"https:\/\/dicodusport.fr\/blog\/championnats-du-monde-cyclo-cross-2023-la-selection-francaise\/","og_site_name":"Dicodusport","article_publisher":"https:\/\/www.facebook.com\/dicodusport","article_author":"https:\/\/www.facebook.com\/florent.ostermann","article_published_time":"2023-01-27T17:37:41+00:00","article_modified_time":"2023-01-27T17:47:36+00:00","og_image":[{"width":800,"height":445,"url":"https:\/\/dicodusport.fr\/blog\/wp-content\/uploads\/2023\/01\/Championnats-du-monde-Cyclo-cross-2023-La-selection-francaise.png","type":"image\/png"}],"author":"Flo Ostermann","twitter_card":"summary_large_image","twitter_title":"Championnats du monde Cyclo-cross 2023 - La s\u00e9lection fran\u00e7aise","twitter_creator":"@https:\/\/twitter.com\/FlOstermann","twitter_site":"@dicodusport","schema":{"@context":"https:\/\/schema.org","@graph":[{"@type":"NewsArticle","@id":"https:\/\/dicodusport.fr\/blog\/championnats-du-monde-cyclo-cross-2023-la-selection-francaise\/#article","isPartOf":{"@id":"https:\/\/dicodusport.fr\/blog\/championnats-du-monde-cyclo-cross-2023-la-selection-francaise\/"},"author":{"name":"Flo Ostermann","@id":"https:\/\/dicodusport.fr\/blog\/#\/schema\/person\/cb02af4c173ce4a653b55e9baf388d4a"},"headline":"Championnats du monde Cyclo-cross 2023 &#8211; La s\u00e9lection fran\u00e7aise","datePublished":"2023-01-27T17:37:41+00:00","dateModified":"2023-01-27T17:47:36+00:00","mainEntityOfPage":{"@id":"https:\/\/dicodusport.fr\/blog\/championnats-du-monde-cyclo-cross-2023-la-selection-francaise\/"},"wordCount":260,"commentCount":0,"publisher":{"@id":"https:\/\/dicodusport.fr\/blog\/#organization"},"image":{"@id":"https:\/\/dicodusport.fr\/blog\/championnats-du-monde-cyclo-cross-2023-la-selection-francaise\/#primaryimage"},"thumbnailUrl":"https:\/\/dicodusport.fr\/blog\/wp-content\/uploads\/2023\/01\/Championnats-du-monde-Cyclo-cross-2023-La-selection-francaise.png","keywords":["Cyclo-cross"],"articleSection":["Cyclo-cross"],"inLanguage":"fr-FR","potentialAction":[{"@type":"CommentAction","name":"Comment","target":["https:\/\/dicodusport.fr\/blog\/championnats-du-monde-cyclo-cross-2023-la-selection-francaise\/#respond"]}],"copyrightYear":"2023","copyrightHolder":{"@id":"https:\/\/dicodusport.fr\/blog\/#organization"}},{"@type":"WebPage","@id":"https:\/\/dicodusport.fr\/blog\/championnats-du-monde-cyclo-cross-2023-la-selection-francaise\/","url":"https:\/\/dicodusport.fr\/blog\/championnats-du-monde-cyclo-cross-2023-la-selection-francaise\/","name":"Championnats du monde Cyclo-cross 2023 - La s\u00e9lection fran\u00e7aise","isPartOf":{"@id":"https:\/\/dicodusport.fr\/blog\/#website"},"primaryImageOfPage":{"@id":"https:\/\/dicodusport.fr\/blog\/championnats-du-monde-cyclo-cross-2023-la-selection-francaise\/#primaryimage"},"image":{"@id":"https:\/\/dicodusport.fr\/blog\/championnats-du-monde-cyclo-cross-2023-la-selection-francaise\/#primaryimage"},"thumbnailUrl":"https:\/\/dicodusport.fr\/blog\/wp-content\/uploads\/2023\/01\/Championnats-du-monde-Cyclo-cross-2023-La-selection-francaise.png","datePublished":"2023-01-27T17:37:41+00:00","dateModified":"2023-01-27T17:47:36+00:00","description":"MONDIAUX CYCLO-CROSS 2023 - La F\u00e9d\u00e9ration Fran\u00e7aise de Cyclisme a d\u00e9voil\u00e9 la s\u00e9lection pour les championnats du monde de cyclo-cross.","breadcrumb":{"@id":"https:\/\/dicodusport.fr\/blog\/championnats-du-monde-cyclo-cross-2023-la-selection-francaise\/#breadcrumb"},"inLanguage":"fr-FR","potentialAction":[{"@type":"ReadAction","target":["https:\/\/dicodusport.fr\/blog\/championnats-du-monde-cyclo-cross-2023-la-selection-francaise\/"]}]},{"@type":"ImageObject","inLanguage":"fr-FR","@id":"https:\/\/dicodusport.fr\/blog\/championnats-du-monde-cyclo-cross-2023-la-selection-francaise\/#primaryimage","url":"https:\/\/dicodusport.fr\/blog\/wp-content\/uploads\/2023\/01\/Championnats-du-monde-Cyclo-cross-2023-La-selection-francaise.png","contentUrl":"https:\/\/dicodusport.fr\/blog\/wp-content\/uploads\/2023\/01\/Championnats-du-monde-Cyclo-cross-2023-La-selection-francaise.png","width":800,"height":445,"caption":"Championnats du monde Cyclo-cross 2023 - La s\u00e9lection fran\u00e7aise"},{"@type":"BreadcrumbList","@id":"https:\/\/dicodusport.fr\/blog\/championnats-du-monde-cyclo-cross-2023-la-selection-francaise\/#breadcrumb","itemListElement":[{"@type":"ListItem","position":1,"name":"Accueil","item":"https:\/\/dicodusport.fr\/blog\/"},{"@type":"ListItem","position":2,"name":"Championnats du monde Cyclo-cross 2023 &#8211; La s\u00e9lection fran\u00e7aise"}]},{"@type":"WebSite","@id":"https:\/\/dicodusport.fr\/blog\/#website","url":"https:\/\/dicodusport.fr\/blog\/","name":"Dicodusport","description":"L&#039;encyclop\u00e9die de l&#039;actualit\u00e9 sportive","publisher":{"@id":"https:\/\/dicodusport.fr\/blog\/#organization"},"potentialAction":[{"@type":"SearchAction","target":{"@type":"EntryPoint","urlTemplate":"https:\/\/dicodusport.fr\/blog\/?s={search_term_string}"},"query-input":{"@type":"PropertyValueSpecification","valueRequired":true,"valueName":"search_term_string"}}],"inLanguage":"fr-FR"},{"@type":"NewsMediaOrganization","@id":"https:\/\/dicodusport.fr\/blog\/#organization","name":"Dicodusport","url":"https:\/\/dicodusport.fr\/blog\/","logo":{"@type":"ImageObject","inLanguage":"fr-FR","@id":"https:\/\/dicodusport.fr\/blog\/#\/schema\/logo\/image\/","url":"https:\/\/dicodusport.fr\/blog\/wp-content\/uploads\/2020\/06\/cropped-LOGO-DICODUSPORT-2020-SANS-FOND-SANS-TEXTE.png","contentUrl":"https:\/\/dicodusport.fr\/blog\/wp-content\/uploads\/2020\/06\/cropped-LOGO-DICODUSPORT-2020-SANS-FOND-SANS-TEXTE.png","width":512,"height":512,"caption":"Dicodusport"},"image":{"@id":"https:\/\/dicodusport.fr\/blog\/#\/schema\/logo\/image\/"},"sameAs":["https:\/\/www.facebook.com\/dicodusport","https:\/\/x.com\/dicodusport","https:\/\/www.instagram.com\/dicodusport\/","https:\/\/www.youtube.com\/channel\/UC7V2KZ5sd3htJivAbA4ZG3w"],"description":"Dicodusport est l'encyclop\u00e9die de l'actualit\u00e9 sportive.","email":"bonjour@dicodusport.fr","legalName":"DICODUSPORT","foundingDate":"2018-01-14","vatID":"FR71834470973","taxID":"83447097300043","numberOfEmployees":{"@type":"QuantitativeValue","minValue":"1","maxValue":"10"}},{"@type":"Person","@id":"https:\/\/dicodusport.fr\/blog\/#\/schema\/person\/cb02af4c173ce4a653b55e9baf388d4a","name":"Flo Ostermann","image":{"@type":"ImageObject","inLanguage":"fr-FR","@id":"https:\/\/dicodusport.fr\/blog\/#\/schema\/person\/image\/","url":"https:\/\/dicodusport.fr\/blog\/wp-content\/uploads\/2021\/05\/Flo-Ostermann-150x150.jpg","contentUrl":"https:\/\/dicodusport.fr\/blog\/wp-content\/uploads\/2021\/05\/Flo-Ostermann-150x150.jpg","caption":"Flo Ostermann"},"description":"Journaliste\/R\u00e9dacteur depuis septembre 2015 - Mes premiers souvenirs dans le sport ? Les envol\u00e9es du Stade Toulousain et les duels Villeneuve-Schumacher et H\u00e4kkinen-Schumacher \u00e0 la fin des ann\u00e9es 90, la Coupe du monde de football en 1998, l\u2019exploit du XV de France face aux All Blacks en 1999, mais aussi Richard C\u0153ur de Lion qui vole sur les montagnes du Tour de France. Bien parti pour devenir professeur d\u2019EPS, les \u00e9v\u00e9nements de la vie (et la flemme d\u2019animer des s\u00e9ances de 3x500 m\u00e8tres toute ma vie) m\u2019ont conduit \u00e0 revoir mes plans. Me voil\u00e0 depuis fin 2017 sur Dicodusport, m\u00e9dia gr\u00e2ce (et pour) lequel je partage ma passion : le sport dans tous ses \u00e9tats. Le tout accompagn\u00e9 par les fous furieux et folles furieuses cit\u00e9s sur cette page !","sameAs":["https:\/\/www.facebook.com\/florent.ostermann","https:\/\/x.com\/https:\/\/twitter.com\/FlOstermann","admin"],"url":"https:\/\/dicodusport.fr\/blog\/author\/flo\/"}]}},"_links":{"self":[{"href":"https:\/\/dicodusport.fr\/blog\/wp-json\/wp\/v2\/posts\/349266","targetHints":{"allow":["GET"]}}],"collection":[{"href":"https:\/\/dicodusport.fr\/blog\/wp-json\/wp\/v2\/posts"}],"about":[{"href":"https:\/\/dicodusport.fr\/blog\/wp-json\/wp\/v2\/types\/post"}],"author":[{"embeddable":true,"href":"https:\/\/dicodusport.fr\/blog\/wp-json\/wp\/v2\/users\/4"}],"replies":[{"embeddable":true,"href":"https:\/\/dicodusport.fr\/blog\/wp-json\/wp\/v2\/comments?post=349266"}],"version-history":[{"count":0,"href":"https:\/\/dicodusport.fr\/blog\/wp-json\/wp\/v2\/posts\/349266\/revisions"}],"wp:featuredmedia":[{"embeddable":true,"href":"https:\/\/dicodusport.fr\/blog\/wp-json\/wp\/v2\/media\/349274"}],"wp:attachment":[{"href":"https:\/\/dicodusport.fr\/blog\/wp-json\/wp\/v2\/media?parent=349266"}],"wp:term":[{"taxonomy":"category","embeddable":true,"href":"https:\/\/dicodusport.fr\/blog\/wp-json\/wp\/v2\/categories?post=349266"},{"taxonomy":"post_tag","embeddable":true,"href":"https:\/\/dicodusport.fr\/blog\/wp-json\/wp\/v2\/tags?post=349266"}],"curies":[{"name":"wp","href":"https:\/\/api.w.org\/{rel}","templated":true}]}}