{"id":349391,"date":"2023-01-27T23:54:18","date_gmt":"2023-01-27T22:54:18","guid":{"rendered":"https:\/\/dicodusport.fr\/blog\/?p=349391&#038;preview=true&#038;preview_id=349391"},"modified":"2023-01-28T07:50:03","modified_gmt":"2023-01-28T06:50:03","slug":"tour-de-san-juan-2023-miguel-angel-lopez-fait-coup-double-sur-letape-reine","status":"publish","type":"post","link":"https:\/\/dicodusport.fr\/blog\/tour-de-san-juan-2023-miguel-angel-lopez-fait-coup-double-sur-letape-reine\/","title":{"rendered":"Tour de San Juan 2023 : Miguel Angel Lopez fait coup double sur l&rsquo;\u00e9tape reine"},"content":{"rendered":"<p style=\"text-align: justify;\"><em><a style=\"font-weight: bold;\" href=\"https:\/\/dicodusport.fr\/blog\/actualites\/cyclisme\/cyclisme-sur-route-2023\/\">CYCLISME SUR ROUTE 2023<\/a><b> \u2013 Miguel Angel Lopez (Medellin EPM) s&rsquo;est impos\u00e9 sur la cinqui\u00e8me \u00e9tape du <\/b><a style=\"font-weight: bold;\" href=\"https:\/\/dicodusport.fr\/blog\/tour-de-san-juan-2023-le-parcours-en-detail\/\">Tour de San Juan<\/a><b> en Argentine, vendredi. Il a devanc\u00e9 Filippo Ganna (INEOS Grenadiers) et Sergio Higuita (Bora Hansgrohe).<\/b><\/em><\/p>\n<p style=\"text-align: justify;\">Pour la cinqui\u00e8me \u00e9tape, les coureurs disputaient l&rsquo;\u00e9tape reine de cette \u00e9dition avec une arriv\u00e9e au sommet de l&rsquo;Alto Colorado \u00e0 2623 m\u00e8tres d&rsquo;altitude.<\/p>\n<p style=\"text-align: justify;\">D&rsquo;abord, sept coureurs ont form\u00e9 l&rsquo;\u00e9chapp\u00e9e du jour : <strong>Gerardo Mat\u00edas Tivani<\/strong> (Agrupaci\u00f3n Virgen de Fatima), <strong>Laureano Rosas, Alejandro Quilci<\/strong> (Gremios por el Deporte \u2013 Cutral Co), <strong>Leandro Carlos Messineo, Emiliano Contreras<\/strong> (Chimbas Te Quiero), <strong>Christofer Rob\u00edn Jurado<\/strong> (Panam\u00e1 es Cultura y Valores) et <strong>Manuele Tarozzi<\/strong> (Green Project-Bardiani CSF-Faizan\u00e8). Les \u00e9quipes Teams INEOS Grenadiers et Movistar ont laiss\u00e9 plus de 6 minutes aux attaques.<\/p>\n<h2 style=\"text-align: justify;\">Le panache de Manuele Tarozzi<\/h2>\n<p style=\"text-align: justify;\">Les points pour le maillot de la montagne ont anim\u00e9 l&rsquo;\u00e9chapp\u00e9e avec au sommet du Alto de Villicum o\u00f9 <strong>Christofer Rob\u00edn Jurado<\/strong> (Panam\u00e1 es Cultura y Valores) est pass\u00e9 en t\u00eate. Face \u00e0 la sup\u00e9riorit\u00e9 du coureur, <strong>Manuele Tarozzi<\/strong> (Green Project-Bardiani CSF-Faizan\u00e8) a d\u00e9cid\u00e9 de s&rsquo;isoler \u00e0 l&rsquo;avant de la course pour franchir en t\u00eate pour franchir en premier les deux cols suivants, le Ba\u00f1os de Talacasto et l&rsquo;Alto de la Crucecita, afin de conforter son maillot de meilleur grimpeur.<\/p>\n<p style=\"text-align: justify;\">Ensuite, le coureur italien a attaqu\u00e9 la mont\u00e9e finale longue de 19 kilom\u00e8tres \u00e0 4% de moyenne avec moins de 4 minutes d&rsquo;avance sur un peloton emmen\u00e9 par les \u00e9quipes des favoris au classement g\u00e9n\u00e9ral. Le coureur transalpin a \u00e9t\u00e9 repris par <strong>Leandro Carlos Messineo<\/strong> (Chimbas Te Quiero). Mais, les deux hommes de t\u00eate ont \u00e9t\u00e9 aval\u00e9s par les favoris.<\/p>\n<h2 style=\"text-align: justify;\">Le num\u00e9ro de Miguel Angel Lopez<\/h2>\n<p style=\"text-align: justify;\">Par la suite, <strong>Remco Evenepoel<\/strong> (Soudal Quick-Step) a lanc\u00e9 le premier les hostilit\u00e9s \u00e0 9 kilom\u00e8tres du sommet mais l&rsquo;\u00e9quipe INEOS Grenadiers a rapidement r\u00e9agi pour revenir sur le champion du monde. Puis, <strong>Miguel Angel Lopez<\/strong> (Medellin) a port\u00e9 une violente acc\u00e9l\u00e9ration \u00e0 6 kilom\u00e8tres du terme. Dans un premier temps, <strong>Sergio Higuita<\/strong> (Bora Hansgrohe) a suivi son compatriote avant d&rsquo;exploser un kilom\u00e8tre plus loin. <strong>Filippo Ganna<\/strong> (INEOS Grenadiers) est parti seul en contre \u00e0 3 kilom\u00e8tres de l&rsquo;arriv\u00e9e, derri\u00e8re Miguel Angel Lopez (Medellin).<\/p>\n<p style=\"text-align: justify;\">Finalement, <strong>Miguel Angel Lopez<\/strong> (Medellin) s&rsquo;est impos\u00e9 en solitaire avec 30 secondes d&rsquo;avance sur <strong>Filippo Ganna<\/strong> (INEOS Grenadiers). <strong>Sergio Higuita<\/strong> (Bora Hansgrohe) a termin\u00e9 \u00e0 38 secondes devant <strong>Egan Bernal<\/strong> (INEOS Grenadiers) et <strong>Einer Rubio<\/strong> (Movistar). <strong>Remco Evenepoel<\/strong> (Soudal Quick-Step) a craqu\u00e9 apr\u00e8s son attaque pour finir \u00e0 une minute et 9 secondes \u00e0 la septi\u00e8me place de l&rsquo;\u00e9tape.<\/p>\n<p style=\"text-align: justify;\">Au classement g\u00e9n\u00e9ral, <strong>Miguel Angel Lopez<\/strong> (Medellin EPM) a pris les commandes devant <strong>Filippo Ganna<\/strong> (INEOS Grenadiers).<\/p>\n<blockquote class=\"twitter-tweet\">\n<p dir=\"ltr\" lang=\"es\">\ud83d\udccd Etapa 5 \ud83c\udde6\ud83c\uddf7<\/p>\n<p>\ud83d\udd25 Miguel Angel L\u00f3pez del <a href=\"https:\/\/twitter.com\/team_medellin?ref_src=twsrc%5Etfw\">@team_medellin<\/a> se queda con la victoria de la etapa reina con un \ud83d\udd59 de 4hs 7&prime; 10&Prime;.<\/p>\n<p>\ud83e\udd47 Miguel Angel L\u00f3pez<br \/>\n\ud83e\udd48 Filippo Ganna<br \/>\n\ud83e\udd49 Sergio Higuita<a href=\"https:\/\/twitter.com\/hashtag\/DondeTodoEmpieza?src=hash&amp;ref_src=twsrc%5Etfw\">#DondeTodoEmpieza<\/a> <a href=\"https:\/\/twitter.com\/hashtag\/VueltaSJ2023?src=hash&amp;ref_src=twsrc%5Etfw\">#VueltaSJ2023<\/a> <a href=\"https:\/\/t.co\/GPclRbxWmk\">pic.twitter.com\/GPclRbxWmk<\/a><\/p>\n<p>\u2014 Vuelta a San Juan OK (@vueltasanjuanok) <a href=\"https:\/\/twitter.com\/vueltasanjuanok\/status\/1619099792482910208?ref_src=twsrc%5Etfw\">January 27, 2023<\/a><\/p><\/blockquote>\n<p><script async src=\"https:\/\/platform.twitter.com\/widgets.js\" charset=\"utf-8\"><\/script><\/p>\n<h2 style=\"text-align: justify;\">\u00c0 lire aussi<\/h2>\n<ul>\n<li style=\"text-align: justify;\"><a href=\"https:\/\/dicodusport.fr\/blog\/tour-de-san-juan-2023-classement-5eme-etape\/\"><b>Le classement de la cinqui\u00e8me \u00e9tape Tour de San Juan 2023<\/b><\/a><\/li>\n<li style=\"text-align: justify;\"><a href=\"https:\/\/dicodusport.fr\/blog\/tour-de-san-juan-2023-classement-general\/\"><strong>Le classement g\u00e9n\u00e9ral du Tour de San Juan 2023<\/strong><\/a><\/li>\n<\/ul>\n","protected":false},"excerpt":{"rendered":"<p>CYCLISME SUR ROUTE 2023 \u2013 Miguel Angel Lopez (Medellin EPM) s&rsquo;est impos\u00e9 sur la cinqui\u00e8me \u00e9tape du Tour de San Juan en Argentine, vendredi. Il a devanc\u00e9 Filippo Ganna (INEOS Grenadiers) et Sergio Higuita (Bora Hansgrohe).<\/p>\n","protected":false},"author":48,"featured_media":349403,"comment_status":"open","ping_status":"closed","sticky":false,"template":"","format":"standard","meta":{"_acf_changed":false,"_daextam_enable_autolinks":"","footnotes":""},"categories":[46994],"tags":[574,11931,9664],"class_list":["post-349391","post","type-post","status-publish","format-standard","has-post-thumbnail","hentry","category-cyclisme-sur-route","tag-cyclisme","tag-miguel-angel-lopez","tag-tour-de-san-juan"],"acf":[],"yoast_head":"<!-- This site is optimized with the Yoast SEO Premium plugin v26.7 (Yoast SEO v26.7) - https:\/\/yoast.com\/wordpress\/plugins\/seo\/ -->\n<title>Tour de San Juan 2023 : Miguel Angel Lopez fait coup double sur l&#039;\u00e9tape reine<\/title>\n<meta name=\"description\" content=\"CYCLISME SUR ROUTE 2023 \u2013 Miguel Angel Lopez a remport\u00e9 sur la cinqui\u00e8me \u00e9tape du Tour de San Juan, vendredi.\" \/>\n<meta name=\"robots\" content=\"index, follow, max-snippet:-1, max-image-preview:large, max-video-preview:-1\" \/>\n<link rel=\"canonical\" href=\"https:\/\/dicodusport.fr\/blog\/tour-de-san-juan-2023-miguel-angel-lopez-fait-coup-double-sur-letape-reine\/\" \/>\n<meta property=\"og:locale\" content=\"fr_FR\" \/>\n<meta property=\"og:type\" content=\"article\" \/>\n<meta property=\"og:title\" content=\"Tour de San Juan 2023 : Miguel Angel Lopez fait coup double sur l&#039;\u00e9tape reine\" \/>\n<meta property=\"og:description\" content=\"CYCLISME SUR ROUTE 2023 \u2013 Miguel Angel Lopez a remport\u00e9 sur la cinqui\u00e8me \u00e9tape du Tour de San Juan, vendredi.\" \/>\n<meta property=\"og:url\" content=\"https:\/\/dicodusport.fr\/blog\/tour-de-san-juan-2023-miguel-angel-lopez-fait-coup-double-sur-letape-reine\/\" \/>\n<meta property=\"og:site_name\" content=\"Dicodusport\" \/>\n<meta property=\"article:publisher\" content=\"https:\/\/www.facebook.com\/dicodusport\" \/>\n<meta property=\"article:author\" content=\"https:\/\/www.facebook.com\/groups\/LesRoisDuPeloton\" \/>\n<meta property=\"article:published_time\" content=\"2023-01-27T22:54:18+00:00\" \/>\n<meta property=\"article:modified_time\" content=\"2023-01-28T06:50:03+00:00\" \/>\n<meta property=\"og:image\" content=\"https:\/\/dicodusport.fr\/blog\/wp-content\/uploads\/2023\/01\/Tour-de-San-Juan-2023-Miguel-Angel-Lopez-fait-coup-double-sur-letape-reine-1.png\" \/>\n\t<meta property=\"og:image:width\" content=\"800\" \/>\n\t<meta property=\"og:image:height\" content=\"445\" \/>\n\t<meta property=\"og:image:type\" content=\"image\/png\" \/>\n<meta name=\"author\" content=\"Emilien Descampiaux\" \/>\n<meta name=\"twitter:card\" content=\"summary_large_image\" \/>\n<meta name=\"twitter:title\" content=\"Tour de San Juan 2023 : Miguel Angel Lopez fait coup double sur l&#039;\u00e9tape reine\" \/>\n<meta name=\"twitter:creator\" content=\"@https:\/\/twitter.com\/LRoisDuPeloton\" \/>\n<meta name=\"twitter:site\" content=\"@dicodusport\" \/>\n<script type=\"application\/ld+json\" class=\"yoast-schema-graph\">{\"@context\":\"https:\/\/schema.org\",\"@graph\":[{\"@type\":\"NewsArticle\",\"@id\":\"https:\/\/dicodusport.fr\/blog\/tour-de-san-juan-2023-miguel-angel-lopez-fait-coup-double-sur-letape-reine\/#article\",\"isPartOf\":{\"@id\":\"https:\/\/dicodusport.fr\/blog\/tour-de-san-juan-2023-miguel-angel-lopez-fait-coup-double-sur-letape-reine\/\"},\"author\":{\"name\":\"Emilien Descampiaux\",\"@id\":\"https:\/\/dicodusport.fr\/blog\/#\/schema\/person\/6db4bae06b171592211be385b32876a7\"},\"headline\":\"Tour de San Juan 2023 : Miguel Angel Lopez fait coup double sur l&rsquo;\u00e9tape reine\",\"datePublished\":\"2023-01-27T22:54:18+00:00\",\"dateModified\":\"2023-01-28T06:50:03+00:00\",\"mainEntityOfPage\":{\"@id\":\"https:\/\/dicodusport.fr\/blog\/tour-de-san-juan-2023-miguel-angel-lopez-fait-coup-double-sur-letape-reine\/\"},\"wordCount\":542,\"commentCount\":0,\"publisher\":{\"@id\":\"https:\/\/dicodusport.fr\/blog\/#organization\"},\"image\":{\"@id\":\"https:\/\/dicodusport.fr\/blog\/tour-de-san-juan-2023-miguel-angel-lopez-fait-coup-double-sur-letape-reine\/#primaryimage\"},\"thumbnailUrl\":\"https:\/\/dicodusport.fr\/blog\/wp-content\/uploads\/2023\/01\/Tour-de-San-Juan-2023-Miguel-Angel-Lopez-fait-coup-double-sur-letape-reine-1.png\",\"keywords\":[\"Cyclisme\",\"Miguel Angel Lopez\",\"Tour de San Juan\"],\"articleSection\":[\"Cyclisme sur route\"],\"inLanguage\":\"fr-FR\",\"potentialAction\":[{\"@type\":\"CommentAction\",\"name\":\"Comment\",\"target\":[\"https:\/\/dicodusport.fr\/blog\/tour-de-san-juan-2023-miguel-angel-lopez-fait-coup-double-sur-letape-reine\/#respond\"]}],\"copyrightYear\":\"2023\",\"copyrightHolder\":{\"@id\":\"https:\/\/dicodusport.fr\/blog\/#organization\"}},{\"@type\":\"WebPage\",\"@id\":\"https:\/\/dicodusport.fr\/blog\/tour-de-san-juan-2023-miguel-angel-lopez-fait-coup-double-sur-letape-reine\/\",\"url\":\"https:\/\/dicodusport.fr\/blog\/tour-de-san-juan-2023-miguel-angel-lopez-fait-coup-double-sur-letape-reine\/\",\"name\":\"Tour de San Juan 2023 : Miguel Angel Lopez fait coup double sur l'\u00e9tape reine\",\"isPartOf\":{\"@id\":\"https:\/\/dicodusport.fr\/blog\/#website\"},\"primaryImageOfPage\":{\"@id\":\"https:\/\/dicodusport.fr\/blog\/tour-de-san-juan-2023-miguel-angel-lopez-fait-coup-double-sur-letape-reine\/#primaryimage\"},\"image\":{\"@id\":\"https:\/\/dicodusport.fr\/blog\/tour-de-san-juan-2023-miguel-angel-lopez-fait-coup-double-sur-letape-reine\/#primaryimage\"},\"thumbnailUrl\":\"https:\/\/dicodusport.fr\/blog\/wp-content\/uploads\/2023\/01\/Tour-de-San-Juan-2023-Miguel-Angel-Lopez-fait-coup-double-sur-letape-reine-1.png\",\"datePublished\":\"2023-01-27T22:54:18+00:00\",\"dateModified\":\"2023-01-28T06:50:03+00:00\",\"description\":\"CYCLISME SUR ROUTE 2023 \u2013 Miguel Angel Lopez a remport\u00e9 sur la cinqui\u00e8me \u00e9tape du Tour de San Juan, vendredi.\",\"breadcrumb\":{\"@id\":\"https:\/\/dicodusport.fr\/blog\/tour-de-san-juan-2023-miguel-angel-lopez-fait-coup-double-sur-letape-reine\/#breadcrumb\"},\"inLanguage\":\"fr-FR\",\"potentialAction\":[{\"@type\":\"ReadAction\",\"target\":[\"https:\/\/dicodusport.fr\/blog\/tour-de-san-juan-2023-miguel-angel-lopez-fait-coup-double-sur-letape-reine\/\"]}]},{\"@type\":\"ImageObject\",\"inLanguage\":\"fr-FR\",\"@id\":\"https:\/\/dicodusport.fr\/blog\/tour-de-san-juan-2023-miguel-angel-lopez-fait-coup-double-sur-letape-reine\/#primaryimage\",\"url\":\"https:\/\/dicodusport.fr\/blog\/wp-content\/uploads\/2023\/01\/Tour-de-San-Juan-2023-Miguel-Angel-Lopez-fait-coup-double-sur-letape-reine-1.png\",\"contentUrl\":\"https:\/\/dicodusport.fr\/blog\/wp-content\/uploads\/2023\/01\/Tour-de-San-Juan-2023-Miguel-Angel-Lopez-fait-coup-double-sur-letape-reine-1.png\",\"width\":800,\"height\":445,\"caption\":\"Tour de San Juan 2023 Miguel Angel Lopez fait coup double sur l'\u00e9tape reine\"},{\"@type\":\"BreadcrumbList\",\"@id\":\"https:\/\/dicodusport.fr\/blog\/tour-de-san-juan-2023-miguel-angel-lopez-fait-coup-double-sur-letape-reine\/#breadcrumb\",\"itemListElement\":[{\"@type\":\"ListItem\",\"position\":1,\"name\":\"Accueil\",\"item\":\"https:\/\/dicodusport.fr\/blog\/\"},{\"@type\":\"ListItem\",\"position\":2,\"name\":\"Tour de San Juan 2023 : Miguel Angel Lopez fait coup double sur l&rsquo;\u00e9tape reine\"}]},{\"@type\":\"WebSite\",\"@id\":\"https:\/\/dicodusport.fr\/blog\/#website\",\"url\":\"https:\/\/dicodusport.fr\/blog\/\",\"name\":\"Dicodusport\",\"description\":\"L&#039;encyclop\u00e9die de l&#039;actualit\u00e9 sportive\",\"publisher\":{\"@id\":\"https:\/\/dicodusport.fr\/blog\/#organization\"},\"potentialAction\":[{\"@type\":\"SearchAction\",\"target\":{\"@type\":\"EntryPoint\",\"urlTemplate\":\"https:\/\/dicodusport.fr\/blog\/?s={search_term_string}\"},\"query-input\":{\"@type\":\"PropertyValueSpecification\",\"valueRequired\":true,\"valueName\":\"search_term_string\"}}],\"inLanguage\":\"fr-FR\"},{\"@type\":\"NewsMediaOrganization\",\"@id\":\"https:\/\/dicodusport.fr\/blog\/#organization\",\"name\":\"Dicodusport\",\"url\":\"https:\/\/dicodusport.fr\/blog\/\",\"logo\":{\"@type\":\"ImageObject\",\"inLanguage\":\"fr-FR\",\"@id\":\"https:\/\/dicodusport.fr\/blog\/#\/schema\/logo\/image\/\",\"url\":\"https:\/\/dicodusport.fr\/blog\/wp-content\/uploads\/2020\/06\/cropped-LOGO-DICODUSPORT-2020-SANS-FOND-SANS-TEXTE.png\",\"contentUrl\":\"https:\/\/dicodusport.fr\/blog\/wp-content\/uploads\/2020\/06\/cropped-LOGO-DICODUSPORT-2020-SANS-FOND-SANS-TEXTE.png\",\"width\":512,\"height\":512,\"caption\":\"Dicodusport\"},\"image\":{\"@id\":\"https:\/\/dicodusport.fr\/blog\/#\/schema\/logo\/image\/\"},\"sameAs\":[\"https:\/\/www.facebook.com\/dicodusport\",\"https:\/\/x.com\/dicodusport\",\"https:\/\/www.instagram.com\/dicodusport\/\",\"https:\/\/www.youtube.com\/channel\/UC7V2KZ5sd3htJivAbA4ZG3w\"],\"description\":\"Dicodusport est l'encyclop\u00e9die de l'actualit\u00e9 sportive.\",\"email\":\"bonjour@dicodusport.fr\",\"legalName\":\"DICODUSPORT\",\"foundingDate\":\"2018-01-14\",\"vatID\":\"FR71834470973\",\"taxID\":\"83447097300043\",\"numberOfEmployees\":{\"@type\":\"QuantitativeValue\",\"minValue\":\"1\",\"maxValue\":\"10\"}},{\"@type\":\"Person\",\"@id\":\"https:\/\/dicodusport.fr\/blog\/#\/schema\/person\/6db4bae06b171592211be385b32876a7\",\"name\":\"Emilien Descampiaux\",\"image\":{\"@type\":\"ImageObject\",\"inLanguage\":\"fr-FR\",\"@id\":\"https:\/\/dicodusport.fr\/blog\/#\/schema\/person\/image\/\",\"url\":\"https:\/\/dicodusport.fr\/blog\/wp-content\/uploads\/2021\/05\/Emilien-Descampiaux-150x150.jpg\",\"contentUrl\":\"https:\/\/dicodusport.fr\/blog\/wp-content\/uploads\/2021\/05\/Emilien-Descampiaux-150x150.jpg\",\"caption\":\"Emilien Descampiaux\"},\"description\":\"Journaliste\/r\u00e9dacteur depuis 2014 - Fan de la classe de Frank Vandenbroucke, je vis cyclisme (et de ses paysages) depuis plus de 20 ans. Je suis tr\u00e8s impliqu\u00e9 sur mes diff\u00e9rents r\u00e9seaux sociaux pour partager ma passion sur le monde et l'Histoire de la bicyclette avec ma voix sur les images en noir et blanc du succ\u00e8s de Rik Van Steenbergen lors du Ronde sur le V\u00e9lodrome de Gand.\",\"sameAs\":[\"https:\/\/www.facebook.com\/groups\/LesRoisDuPeloton\",\"https:\/\/x.com\/https:\/\/twitter.com\/LRoisDuPeloton\"],\"url\":\"https:\/\/dicodusport.fr\/blog\/author\/emiliend\/\"}]}<\/script>\n<!-- \/ Yoast SEO Premium plugin. -->","yoast_head_json":{"title":"Tour de San Juan 2023 : Miguel Angel Lopez fait coup double sur l'\u00e9tape reine","description":"CYCLISME SUR ROUTE 2023 \u2013 Miguel Angel Lopez a remport\u00e9 sur la cinqui\u00e8me \u00e9tape du Tour de San Juan, vendredi.","robots":{"index":"index","follow":"follow","max-snippet":"max-snippet:-1","max-image-preview":"max-image-preview:large","max-video-preview":"max-video-preview:-1"},"canonical":"https:\/\/dicodusport.fr\/blog\/tour-de-san-juan-2023-miguel-angel-lopez-fait-coup-double-sur-letape-reine\/","og_locale":"fr_FR","og_type":"article","og_title":"Tour de San Juan 2023 : Miguel Angel Lopez fait coup double sur l'\u00e9tape reine","og_description":"CYCLISME SUR ROUTE 2023 \u2013 Miguel Angel Lopez a remport\u00e9 sur la cinqui\u00e8me \u00e9tape du Tour de San Juan, vendredi.","og_url":"https:\/\/dicodusport.fr\/blog\/tour-de-san-juan-2023-miguel-angel-lopez-fait-coup-double-sur-letape-reine\/","og_site_name":"Dicodusport","article_publisher":"https:\/\/www.facebook.com\/dicodusport","article_author":"https:\/\/www.facebook.com\/groups\/LesRoisDuPeloton","article_published_time":"2023-01-27T22:54:18+00:00","article_modified_time":"2023-01-28T06:50:03+00:00","og_image":[{"width":800,"height":445,"url":"https:\/\/dicodusport.fr\/blog\/wp-content\/uploads\/2023\/01\/Tour-de-San-Juan-2023-Miguel-Angel-Lopez-fait-coup-double-sur-letape-reine-1.png","type":"image\/png"}],"author":"Emilien Descampiaux","twitter_card":"summary_large_image","twitter_title":"Tour de San Juan 2023 : Miguel Angel Lopez fait coup double sur l'\u00e9tape reine","twitter_creator":"@https:\/\/twitter.com\/LRoisDuPeloton","twitter_site":"@dicodusport","schema":{"@context":"https:\/\/schema.org","@graph":[{"@type":"NewsArticle","@id":"https:\/\/dicodusport.fr\/blog\/tour-de-san-juan-2023-miguel-angel-lopez-fait-coup-double-sur-letape-reine\/#article","isPartOf":{"@id":"https:\/\/dicodusport.fr\/blog\/tour-de-san-juan-2023-miguel-angel-lopez-fait-coup-double-sur-letape-reine\/"},"author":{"name":"Emilien Descampiaux","@id":"https:\/\/dicodusport.fr\/blog\/#\/schema\/person\/6db4bae06b171592211be385b32876a7"},"headline":"Tour de San Juan 2023 : Miguel Angel Lopez fait coup double sur l&rsquo;\u00e9tape reine","datePublished":"2023-01-27T22:54:18+00:00","dateModified":"2023-01-28T06:50:03+00:00","mainEntityOfPage":{"@id":"https:\/\/dicodusport.fr\/blog\/tour-de-san-juan-2023-miguel-angel-lopez-fait-coup-double-sur-letape-reine\/"},"wordCount":542,"commentCount":0,"publisher":{"@id":"https:\/\/dicodusport.fr\/blog\/#organization"},"image":{"@id":"https:\/\/dicodusport.fr\/blog\/tour-de-san-juan-2023-miguel-angel-lopez-fait-coup-double-sur-letape-reine\/#primaryimage"},"thumbnailUrl":"https:\/\/dicodusport.fr\/blog\/wp-content\/uploads\/2023\/01\/Tour-de-San-Juan-2023-Miguel-Angel-Lopez-fait-coup-double-sur-letape-reine-1.png","keywords":["Cyclisme","Miguel Angel Lopez","Tour de San Juan"],"articleSection":["Cyclisme sur route"],"inLanguage":"fr-FR","potentialAction":[{"@type":"CommentAction","name":"Comment","target":["https:\/\/dicodusport.fr\/blog\/tour-de-san-juan-2023-miguel-angel-lopez-fait-coup-double-sur-letape-reine\/#respond"]}],"copyrightYear":"2023","copyrightHolder":{"@id":"https:\/\/dicodusport.fr\/blog\/#organization"}},{"@type":"WebPage","@id":"https:\/\/dicodusport.fr\/blog\/tour-de-san-juan-2023-miguel-angel-lopez-fait-coup-double-sur-letape-reine\/","url":"https:\/\/dicodusport.fr\/blog\/tour-de-san-juan-2023-miguel-angel-lopez-fait-coup-double-sur-letape-reine\/","name":"Tour de San Juan 2023 : Miguel Angel Lopez fait coup double sur l'\u00e9tape reine","isPartOf":{"@id":"https:\/\/dicodusport.fr\/blog\/#website"},"primaryImageOfPage":{"@id":"https:\/\/dicodusport.fr\/blog\/tour-de-san-juan-2023-miguel-angel-lopez-fait-coup-double-sur-letape-reine\/#primaryimage"},"image":{"@id":"https:\/\/dicodusport.fr\/blog\/tour-de-san-juan-2023-miguel-angel-lopez-fait-coup-double-sur-letape-reine\/#primaryimage"},"thumbnailUrl":"https:\/\/dicodusport.fr\/blog\/wp-content\/uploads\/2023\/01\/Tour-de-San-Juan-2023-Miguel-Angel-Lopez-fait-coup-double-sur-letape-reine-1.png","datePublished":"2023-01-27T22:54:18+00:00","dateModified":"2023-01-28T06:50:03+00:00","description":"CYCLISME SUR ROUTE 2023 \u2013 Miguel Angel Lopez a remport\u00e9 sur la cinqui\u00e8me \u00e9tape du Tour de San Juan, vendredi.","breadcrumb":{"@id":"https:\/\/dicodusport.fr\/blog\/tour-de-san-juan-2023-miguel-angel-lopez-fait-coup-double-sur-letape-reine\/#breadcrumb"},"inLanguage":"fr-FR","potentialAction":[{"@type":"ReadAction","target":["https:\/\/dicodusport.fr\/blog\/tour-de-san-juan-2023-miguel-angel-lopez-fait-coup-double-sur-letape-reine\/"]}]},{"@type":"ImageObject","inLanguage":"fr-FR","@id":"https:\/\/dicodusport.fr\/blog\/tour-de-san-juan-2023-miguel-angel-lopez-fait-coup-double-sur-letape-reine\/#primaryimage","url":"https:\/\/dicodusport.fr\/blog\/wp-content\/uploads\/2023\/01\/Tour-de-San-Juan-2023-Miguel-Angel-Lopez-fait-coup-double-sur-letape-reine-1.png","contentUrl":"https:\/\/dicodusport.fr\/blog\/wp-content\/uploads\/2023\/01\/Tour-de-San-Juan-2023-Miguel-Angel-Lopez-fait-coup-double-sur-letape-reine-1.png","width":800,"height":445,"caption":"Tour de San Juan 2023 Miguel Angel Lopez fait coup double sur l'\u00e9tape reine"},{"@type":"BreadcrumbList","@id":"https:\/\/dicodusport.fr\/blog\/tour-de-san-juan-2023-miguel-angel-lopez-fait-coup-double-sur-letape-reine\/#breadcrumb","itemListElement":[{"@type":"ListItem","position":1,"name":"Accueil","item":"https:\/\/dicodusport.fr\/blog\/"},{"@type":"ListItem","position":2,"name":"Tour de San Juan 2023 : Miguel Angel Lopez fait coup double sur l&rsquo;\u00e9tape reine"}]},{"@type":"WebSite","@id":"https:\/\/dicodusport.fr\/blog\/#website","url":"https:\/\/dicodusport.fr\/blog\/","name":"Dicodusport","description":"L&#039;encyclop\u00e9die de l&#039;actualit\u00e9 sportive","publisher":{"@id":"https:\/\/dicodusport.fr\/blog\/#organization"},"potentialAction":[{"@type":"SearchAction","target":{"@type":"EntryPoint","urlTemplate":"https:\/\/dicodusport.fr\/blog\/?s={search_term_string}"},"query-input":{"@type":"PropertyValueSpecification","valueRequired":true,"valueName":"search_term_string"}}],"inLanguage":"fr-FR"},{"@type":"NewsMediaOrganization","@id":"https:\/\/dicodusport.fr\/blog\/#organization","name":"Dicodusport","url":"https:\/\/dicodusport.fr\/blog\/","logo":{"@type":"ImageObject","inLanguage":"fr-FR","@id":"https:\/\/dicodusport.fr\/blog\/#\/schema\/logo\/image\/","url":"https:\/\/dicodusport.fr\/blog\/wp-content\/uploads\/2020\/06\/cropped-LOGO-DICODUSPORT-2020-SANS-FOND-SANS-TEXTE.png","contentUrl":"https:\/\/dicodusport.fr\/blog\/wp-content\/uploads\/2020\/06\/cropped-LOGO-DICODUSPORT-2020-SANS-FOND-SANS-TEXTE.png","width":512,"height":512,"caption":"Dicodusport"},"image":{"@id":"https:\/\/dicodusport.fr\/blog\/#\/schema\/logo\/image\/"},"sameAs":["https:\/\/www.facebook.com\/dicodusport","https:\/\/x.com\/dicodusport","https:\/\/www.instagram.com\/dicodusport\/","https:\/\/www.youtube.com\/channel\/UC7V2KZ5sd3htJivAbA4ZG3w"],"description":"Dicodusport est l'encyclop\u00e9die de l'actualit\u00e9 sportive.","email":"bonjour@dicodusport.fr","legalName":"DICODUSPORT","foundingDate":"2018-01-14","vatID":"FR71834470973","taxID":"83447097300043","numberOfEmployees":{"@type":"QuantitativeValue","minValue":"1","maxValue":"10"}},{"@type":"Person","@id":"https:\/\/dicodusport.fr\/blog\/#\/schema\/person\/6db4bae06b171592211be385b32876a7","name":"Emilien Descampiaux","image":{"@type":"ImageObject","inLanguage":"fr-FR","@id":"https:\/\/dicodusport.fr\/blog\/#\/schema\/person\/image\/","url":"https:\/\/dicodusport.fr\/blog\/wp-content\/uploads\/2021\/05\/Emilien-Descampiaux-150x150.jpg","contentUrl":"https:\/\/dicodusport.fr\/blog\/wp-content\/uploads\/2021\/05\/Emilien-Descampiaux-150x150.jpg","caption":"Emilien Descampiaux"},"description":"Journaliste\/r\u00e9dacteur depuis 2014 - Fan de la classe de Frank Vandenbroucke, je vis cyclisme (et de ses paysages) depuis plus de 20 ans. Je suis tr\u00e8s impliqu\u00e9 sur mes diff\u00e9rents r\u00e9seaux sociaux pour partager ma passion sur le monde et l'Histoire de la bicyclette avec ma voix sur les images en noir et blanc du succ\u00e8s de Rik Van Steenbergen lors du Ronde sur le V\u00e9lodrome de Gand.","sameAs":["https:\/\/www.facebook.com\/groups\/LesRoisDuPeloton","https:\/\/x.com\/https:\/\/twitter.com\/LRoisDuPeloton"],"url":"https:\/\/dicodusport.fr\/blog\/author\/emiliend\/"}]}},"_links":{"self":[{"href":"https:\/\/dicodusport.fr\/blog\/wp-json\/wp\/v2\/posts\/349391","targetHints":{"allow":["GET"]}}],"collection":[{"href":"https:\/\/dicodusport.fr\/blog\/wp-json\/wp\/v2\/posts"}],"about":[{"href":"https:\/\/dicodusport.fr\/blog\/wp-json\/wp\/v2\/types\/post"}],"author":[{"embeddable":true,"href":"https:\/\/dicodusport.fr\/blog\/wp-json\/wp\/v2\/users\/48"}],"replies":[{"embeddable":true,"href":"https:\/\/dicodusport.fr\/blog\/wp-json\/wp\/v2\/comments?post=349391"}],"version-history":[{"count":0,"href":"https:\/\/dicodusport.fr\/blog\/wp-json\/wp\/v2\/posts\/349391\/revisions"}],"wp:featuredmedia":[{"embeddable":true,"href":"https:\/\/dicodusport.fr\/blog\/wp-json\/wp\/v2\/media\/349403"}],"wp:attachment":[{"href":"https:\/\/dicodusport.fr\/blog\/wp-json\/wp\/v2\/media?parent=349391"}],"wp:term":[{"taxonomy":"category","embeddable":true,"href":"https:\/\/dicodusport.fr\/blog\/wp-json\/wp\/v2\/categories?post=349391"},{"taxonomy":"post_tag","embeddable":true,"href":"https:\/\/dicodusport.fr\/blog\/wp-json\/wp\/v2\/tags?post=349391"}],"curies":[{"name":"wp","href":"https:\/\/api.w.org\/{rel}","templated":true}]}}