{"id":349738,"date":"2023-01-28T21:55:21","date_gmt":"2023-01-28T20:55:21","guid":{"rendered":"https:\/\/dicodusport.fr\/blog\/?p=349738&#038;preview=true&#038;preview_id=349738"},"modified":"2023-01-28T21:55:21","modified_gmt":"2023-01-28T20:55:21","slug":"patinage-artistique-championnats-deurope-anastasiia-gubanova-et-guignard-fabbri-en-or","status":"publish","type":"post","link":"https:\/\/dicodusport.fr\/blog\/patinage-artistique-championnats-deurope-anastasiia-gubanova-et-guignard-fabbri-en-or\/","title":{"rendered":"Patinage artistique Championnats d&rsquo;Europe : Anastasiia Gubanova et Guignard \/ Fabbri en or"},"content":{"rendered":"<p style=\"text-align: justify;\"><em><strong>PATINAGE ARTISTIQUE \u2013 Dernier jour de comp\u00e9tition \u00e0 Espoo, et nous connaissons maintenant tous les champions. Anastasiia Gubanova et Charl\u00e8ne Guignard \/ Marco Fabbri ont triomph\u00e9 sur la glace finlandaise.<\/strong><\/em><\/p>\n<h2 style=\"text-align: justify;\">Programme libre femmes\u00a0: Gubanova surpasse Hendrickx<\/h2>\n<p style=\"text-align: justify;\">Fait plut\u00f4t rare, les positions entre le programme court et le programme libre n\u2019ont pas chang\u00e9. C\u2019est donc la G\u00e9orgienne <strong>Anastasiia Gubanova<\/strong> qui s\u2019impose, apr\u00e8s un libre quasiment sans faute. Si la Belge <strong>Loena Hendrickx<\/strong> \u00e9tait annonc\u00e9e comme grande favorite, elle n\u2019a pas r\u00e9ussi \u00e0 remonter \u00e0 cause de deux chutes. C\u2019est forc\u00e9ment une d\u00e9ception pour elle, apr\u00e8s son d\u00e9but de saison tr\u00e8s solide.<\/p>\n<p style=\"text-align: justify;\">La toute jeune Suisse <strong>Kimmy Repond<\/strong>, 16 ans seulement, r\u00e9alise l\u2019exploit de ces championnats en conservant sa place sur le podium. Pour sa premi\u00e8re grande comp\u00e9tition senior, elle n\u2019a pas c\u00e9d\u00e9 au stress et a \u00e9t\u00e9 parfaite sur son programme libre. Un avenir radieux lui semble promis. Carton plein pour l\u2019\u00e9quipe suisse, qui repart d\u2019Espoo avec deux m\u00e9dailles de bronze, celle de Repond et celle de Lukas Britschgi <a href=\"https:\/\/dicodusport.fr\/blog\/patinage-artistique-championnats-deurope-le-francais-adam-siao-him-fa-en-or\/\">hier<\/a>.<\/p>\n<blockquote class=\"twitter-tweet\">\n<p dir=\"ltr\" lang=\"en\">\ud83c\udfc6 Final results for the Women\u2018s event at <a href=\"https:\/\/twitter.com\/hashtag\/EuroFigure?src=hash&amp;ref_src=twsrc%5Etfw\">#EuroFigure<\/a> in Espoo, \ud83c\uddeb\ud83c\uddee<\/p>\n<p>\ud83e\udd47 Anastasiia GUBANOVA<br \/>\n\ud83e\udd48 Loena HENDRICKX<br \/>\n\ud83e\udd49 Kimmy REPOND <a href=\"https:\/\/twitter.com\/hashtag\/FigureSkating?src=hash&amp;ref_src=twsrc%5Etfw\">#FigureSkating<\/a> <a href=\"https:\/\/t.co\/NZrykXOqEc\">pic.twitter.com\/NZrykXOqEc<\/a><\/p>\n<p>\u2014 ISU Figure Skating (@ISU_Figure) <a href=\"https:\/\/twitter.com\/ISU_Figure\/status\/1619360243074625537?ref_src=twsrc%5Etfw\">January 28, 2023<\/a><\/p><\/blockquote>\n<p><script async src=\"https:\/\/platform.twitter.com\/widgets.js\" charset=\"utf-8\"><\/script><\/p>\n<h2 style=\"text-align: justify;\">Danse libre\u00a0: la cons\u00e9cration pour Guignard \/ Fabbri<\/h2>\n<p style=\"text-align: justify;\">Ici aussi, le classement a peu \u00e9volu\u00e9 entre la danse rythmique et la danse libre. Les Italiens <strong>Charl\u00e8ne Guignard<\/strong> et <strong>Marco Fabbri<\/strong> remportent l\u2019or au terme d\u2019une comp\u00e9tition maitris\u00e9e de bout en bout. Pourtant, l\u2019\u00e9cart avec les Anglais <strong>Lilah Fear<\/strong> et <strong>Lewis Gibson<\/strong> \u00e9tait faible, et ces derniers ont r\u00e9alis\u00e9 un libre solide. Mais dans une discipline o\u00f9 tout se joue sur quelques d\u00e9tails, les Italiens ont pris l\u2019avantage et inscrivent enfin un titre majeur dans leur palmar\u00e8s.<\/p>\n<p style=\"text-align: justify;\">Derri\u00e8re Fear \/ Gibson, ce sont les Finlandais <strong>Juulia Turkkila<\/strong> et <strong>Matthias Versluis<\/strong> qui compl\u00e8tent le podium. \u00c0 domicile, ils ont pu b\u00e9n\u00e9ficier d\u2019une patinoire acquise \u00e0 leur cause et qui leur a r\u00e9serv\u00e9 une standing ovation. C\u00f4t\u00e9 fran\u00e7ais, c\u2019est un top 5 pour <strong>Evgeniia Lopareva<\/strong> et <strong>Geoffrey Brissaud<\/strong>, tandis que <strong>Lo\u00efcia Demougeot<\/strong> et <strong>Th\u00e9o le Mercier<\/strong> terminent 7<sup>e<\/sup>. Ces deux belles performances permettent \u00e0 la France d\u2019obtenir un troisi\u00e8me quota pour les prochains championnats d\u2019Europe.<\/p>\n","protected":false},"excerpt":{"rendered":"<p>PATINAGE ARTISTIQUE \u2013 Dernier jour de comp\u00e9tition \u00e0 Espoo, et nous connaissons maintenant tous les champions. Anastasiia Gubanova et Charl\u00e8ne Guignard \/ Marco Fabbri ont triomph\u00e9 sur la glace finlandaise.<\/p>\n","protected":false},"author":78,"featured_media":349744,"comment_status":"open","ping_status":"closed","sticky":false,"template":"","format":"standard","meta":{"_acf_changed":false,"_daextam_enable_autolinks":"","footnotes":""},"categories":[9141],"tags":[],"class_list":["post-349738","post","type-post","status-publish","format-standard","has-post-thumbnail","hentry","category-patinage-artistique"],"acf":[],"yoast_head":"<!-- This site is optimized with the Yoast SEO Premium plugin v26.7 (Yoast SEO v26.7) - https:\/\/yoast.com\/wordpress\/plugins\/seo\/ -->\n<title>Patinage artistique Championnats d&#039;Europe : Anastasiia Gubanova et Guignard \/ Fabbri en or<\/title>\n<meta name=\"description\" content=\"Nous connaissons maintenant tous nos champions. Anastasiia Gubanova et Charl\u00e8ne Guignard \/ Marco Fabbri ont triomph\u00e9 !\" \/>\n<meta name=\"robots\" content=\"index, follow, max-snippet:-1, max-image-preview:large, max-video-preview:-1\" \/>\n<link rel=\"canonical\" href=\"https:\/\/dicodusport.fr\/blog\/patinage-artistique-championnats-deurope-anastasiia-gubanova-et-guignard-fabbri-en-or\/\" \/>\n<meta property=\"og:locale\" content=\"fr_FR\" \/>\n<meta property=\"og:type\" content=\"article\" \/>\n<meta property=\"og:title\" content=\"Patinage artistique Championnats d&#039;Europe : Anastasiia Gubanova et Guignard \/ Fabbri en or\" \/>\n<meta property=\"og:description\" content=\"Nous connaissons maintenant tous nos champions. Anastasiia Gubanova et Charl\u00e8ne Guignard \/ Marco Fabbri ont triomph\u00e9 !\" \/>\n<meta property=\"og:url\" content=\"https:\/\/dicodusport.fr\/blog\/patinage-artistique-championnats-deurope-anastasiia-gubanova-et-guignard-fabbri-en-or\/\" \/>\n<meta property=\"og:site_name\" content=\"Dicodusport\" \/>\n<meta property=\"article:publisher\" content=\"https:\/\/www.facebook.com\/dicodusport\" \/>\n<meta property=\"article:published_time\" content=\"2023-01-28T20:55:21+00:00\" \/>\n<meta property=\"og:image\" content=\"https:\/\/dicodusport.fr\/blog\/wp-content\/uploads\/2023\/01\/Patinage-artistique-Championnats-dEurope-Anastasiia-Gubanova-et-Guignard-Fabbri-en-or.png\" \/>\n\t<meta property=\"og:image:width\" content=\"800\" \/>\n\t<meta property=\"og:image:height\" content=\"445\" \/>\n\t<meta property=\"og:image:type\" content=\"image\/png\" \/>\n<meta name=\"author\" content=\"Z\u00e9lie Germain\" \/>\n<meta name=\"twitter:card\" content=\"summary_large_image\" \/>\n<meta name=\"twitter:title\" content=\"Patinage artistique Championnats d&#039;Europe : Anastasiia Gubanova et Guignard \/ Fabbri en or\" \/>\n<meta name=\"twitter:creator\" content=\"@https:\/\/twitter.com\/zelie_germain\" \/>\n<meta name=\"twitter:site\" content=\"@dicodusport\" \/>\n<script type=\"application\/ld+json\" class=\"yoast-schema-graph\">{\"@context\":\"https:\/\/schema.org\",\"@graph\":[{\"@type\":\"NewsArticle\",\"@id\":\"https:\/\/dicodusport.fr\/blog\/patinage-artistique-championnats-deurope-anastasiia-gubanova-et-guignard-fabbri-en-or\/#article\",\"isPartOf\":{\"@id\":\"https:\/\/dicodusport.fr\/blog\/patinage-artistique-championnats-deurope-anastasiia-gubanova-et-guignard-fabbri-en-or\/\"},\"author\":{\"name\":\"Z\u00e9lie Germain\",\"@id\":\"https:\/\/dicodusport.fr\/blog\/#\/schema\/person\/ade27d46dcba39a8da7a6a9ac491570d\"},\"headline\":\"Patinage artistique Championnats d&rsquo;Europe : Anastasiia Gubanova et Guignard \/ Fabbri en or\",\"datePublished\":\"2023-01-28T20:55:21+00:00\",\"mainEntityOfPage\":{\"@id\":\"https:\/\/dicodusport.fr\/blog\/patinage-artistique-championnats-deurope-anastasiia-gubanova-et-guignard-fabbri-en-or\/\"},\"wordCount\":410,\"commentCount\":0,\"publisher\":{\"@id\":\"https:\/\/dicodusport.fr\/blog\/#organization\"},\"image\":{\"@id\":\"https:\/\/dicodusport.fr\/blog\/patinage-artistique-championnats-deurope-anastasiia-gubanova-et-guignard-fabbri-en-or\/#primaryimage\"},\"thumbnailUrl\":\"https:\/\/dicodusport.fr\/blog\/wp-content\/uploads\/2023\/01\/Patinage-artistique-Championnats-dEurope-Anastasiia-Gubanova-et-Guignard-Fabbri-en-or.png\",\"articleSection\":[\"Patinage artistique\"],\"inLanguage\":\"fr-FR\",\"potentialAction\":[{\"@type\":\"CommentAction\",\"name\":\"Comment\",\"target\":[\"https:\/\/dicodusport.fr\/blog\/patinage-artistique-championnats-deurope-anastasiia-gubanova-et-guignard-fabbri-en-or\/#respond\"]}],\"copyrightYear\":\"2023\",\"copyrightHolder\":{\"@id\":\"https:\/\/dicodusport.fr\/blog\/#organization\"}},{\"@type\":\"WebPage\",\"@id\":\"https:\/\/dicodusport.fr\/blog\/patinage-artistique-championnats-deurope-anastasiia-gubanova-et-guignard-fabbri-en-or\/\",\"url\":\"https:\/\/dicodusport.fr\/blog\/patinage-artistique-championnats-deurope-anastasiia-gubanova-et-guignard-fabbri-en-or\/\",\"name\":\"Patinage artistique Championnats d'Europe : Anastasiia Gubanova et Guignard \/ Fabbri en or\",\"isPartOf\":{\"@id\":\"https:\/\/dicodusport.fr\/blog\/#website\"},\"primaryImageOfPage\":{\"@id\":\"https:\/\/dicodusport.fr\/blog\/patinage-artistique-championnats-deurope-anastasiia-gubanova-et-guignard-fabbri-en-or\/#primaryimage\"},\"image\":{\"@id\":\"https:\/\/dicodusport.fr\/blog\/patinage-artistique-championnats-deurope-anastasiia-gubanova-et-guignard-fabbri-en-or\/#primaryimage\"},\"thumbnailUrl\":\"https:\/\/dicodusport.fr\/blog\/wp-content\/uploads\/2023\/01\/Patinage-artistique-Championnats-dEurope-Anastasiia-Gubanova-et-Guignard-Fabbri-en-or.png\",\"datePublished\":\"2023-01-28T20:55:21+00:00\",\"description\":\"Nous connaissons maintenant tous nos champions. Anastasiia Gubanova et Charl\u00e8ne Guignard \/ Marco Fabbri ont triomph\u00e9 !\",\"breadcrumb\":{\"@id\":\"https:\/\/dicodusport.fr\/blog\/patinage-artistique-championnats-deurope-anastasiia-gubanova-et-guignard-fabbri-en-or\/#breadcrumb\"},\"inLanguage\":\"fr-FR\",\"potentialAction\":[{\"@type\":\"ReadAction\",\"target\":[\"https:\/\/dicodusport.fr\/blog\/patinage-artistique-championnats-deurope-anastasiia-gubanova-et-guignard-fabbri-en-or\/\"]}]},{\"@type\":\"ImageObject\",\"inLanguage\":\"fr-FR\",\"@id\":\"https:\/\/dicodusport.fr\/blog\/patinage-artistique-championnats-deurope-anastasiia-gubanova-et-guignard-fabbri-en-or\/#primaryimage\",\"url\":\"https:\/\/dicodusport.fr\/blog\/wp-content\/uploads\/2023\/01\/Patinage-artistique-Championnats-dEurope-Anastasiia-Gubanova-et-Guignard-Fabbri-en-or.png\",\"contentUrl\":\"https:\/\/dicodusport.fr\/blog\/wp-content\/uploads\/2023\/01\/Patinage-artistique-Championnats-dEurope-Anastasiia-Gubanova-et-Guignard-Fabbri-en-or.png\",\"width\":800,\"height\":445},{\"@type\":\"BreadcrumbList\",\"@id\":\"https:\/\/dicodusport.fr\/blog\/patinage-artistique-championnats-deurope-anastasiia-gubanova-et-guignard-fabbri-en-or\/#breadcrumb\",\"itemListElement\":[{\"@type\":\"ListItem\",\"position\":1,\"name\":\"Accueil\",\"item\":\"https:\/\/dicodusport.fr\/blog\/\"},{\"@type\":\"ListItem\",\"position\":2,\"name\":\"Patinage artistique Championnats d&rsquo;Europe : Anastasiia Gubanova et Guignard \/ Fabbri en or\"}]},{\"@type\":\"WebSite\",\"@id\":\"https:\/\/dicodusport.fr\/blog\/#website\",\"url\":\"https:\/\/dicodusport.fr\/blog\/\",\"name\":\"Dicodusport\",\"description\":\"L&#039;encyclop\u00e9die de l&#039;actualit\u00e9 sportive\",\"publisher\":{\"@id\":\"https:\/\/dicodusport.fr\/blog\/#organization\"},\"potentialAction\":[{\"@type\":\"SearchAction\",\"target\":{\"@type\":\"EntryPoint\",\"urlTemplate\":\"https:\/\/dicodusport.fr\/blog\/?s={search_term_string}\"},\"query-input\":{\"@type\":\"PropertyValueSpecification\",\"valueRequired\":true,\"valueName\":\"search_term_string\"}}],\"inLanguage\":\"fr-FR\"},{\"@type\":\"NewsMediaOrganization\",\"@id\":\"https:\/\/dicodusport.fr\/blog\/#organization\",\"name\":\"Dicodusport\",\"url\":\"https:\/\/dicodusport.fr\/blog\/\",\"logo\":{\"@type\":\"ImageObject\",\"inLanguage\":\"fr-FR\",\"@id\":\"https:\/\/dicodusport.fr\/blog\/#\/schema\/logo\/image\/\",\"url\":\"https:\/\/dicodusport.fr\/blog\/wp-content\/uploads\/2020\/06\/cropped-LOGO-DICODUSPORT-2020-SANS-FOND-SANS-TEXTE.png\",\"contentUrl\":\"https:\/\/dicodusport.fr\/blog\/wp-content\/uploads\/2020\/06\/cropped-LOGO-DICODUSPORT-2020-SANS-FOND-SANS-TEXTE.png\",\"width\":512,\"height\":512,\"caption\":\"Dicodusport\"},\"image\":{\"@id\":\"https:\/\/dicodusport.fr\/blog\/#\/schema\/logo\/image\/\"},\"sameAs\":[\"https:\/\/www.facebook.com\/dicodusport\",\"https:\/\/x.com\/dicodusport\",\"https:\/\/www.instagram.com\/dicodusport\/\",\"https:\/\/www.youtube.com\/channel\/UC7V2KZ5sd3htJivAbA4ZG3w\"],\"description\":\"Dicodusport est l'encyclop\u00e9die de l'actualit\u00e9 sportive.\",\"email\":\"bonjour@dicodusport.fr\",\"legalName\":\"DICODUSPORT\",\"foundingDate\":\"2018-01-14\",\"vatID\":\"FR71834470973\",\"taxID\":\"83447097300043\",\"numberOfEmployees\":{\"@type\":\"QuantitativeValue\",\"minValue\":\"1\",\"maxValue\":\"10\"}},{\"@type\":\"Person\",\"@id\":\"https:\/\/dicodusport.fr\/blog\/#\/schema\/person\/ade27d46dcba39a8da7a6a9ac491570d\",\"name\":\"Z\u00e9lie Germain\",\"image\":{\"@type\":\"ImageObject\",\"inLanguage\":\"fr-FR\",\"@id\":\"https:\/\/dicodusport.fr\/blog\/#\/schema\/person\/image\/\",\"url\":\"https:\/\/dicodusport.fr\/blog\/wp-content\/uploads\/2020\/06\/cropped-LOGO-DICODUSPORT-2020-SANS-FOND-SANS-TEXTE-150x150.png\",\"contentUrl\":\"https:\/\/dicodusport.fr\/blog\/wp-content\/uploads\/2020\/06\/cropped-LOGO-DICODUSPORT-2020-SANS-FOND-SANS-TEXTE-150x150.png\",\"caption\":\"Z\u00e9lie Germain\"},\"description\":\"Ma vie est rythm\u00e9e par le sport, et parfois j'\u00e9cris dessus. Indisponible deux semaines tous les deux ans.\",\"sameAs\":[\"https:\/\/x.com\/https:\/\/twitter.com\/zelie_germain\"],\"url\":\"https:\/\/dicodusport.fr\/blog\/author\/germain-zelie\/\"}]}<\/script>\n<!-- \/ Yoast SEO Premium plugin. -->","yoast_head_json":{"title":"Patinage artistique Championnats d'Europe : Anastasiia Gubanova et Guignard \/ Fabbri en or","description":"Nous connaissons maintenant tous nos champions. Anastasiia Gubanova et Charl\u00e8ne Guignard \/ Marco Fabbri ont triomph\u00e9 !","robots":{"index":"index","follow":"follow","max-snippet":"max-snippet:-1","max-image-preview":"max-image-preview:large","max-video-preview":"max-video-preview:-1"},"canonical":"https:\/\/dicodusport.fr\/blog\/patinage-artistique-championnats-deurope-anastasiia-gubanova-et-guignard-fabbri-en-or\/","og_locale":"fr_FR","og_type":"article","og_title":"Patinage artistique Championnats d'Europe : Anastasiia Gubanova et Guignard \/ Fabbri en or","og_description":"Nous connaissons maintenant tous nos champions. Anastasiia Gubanova et Charl\u00e8ne Guignard \/ Marco Fabbri ont triomph\u00e9 !","og_url":"https:\/\/dicodusport.fr\/blog\/patinage-artistique-championnats-deurope-anastasiia-gubanova-et-guignard-fabbri-en-or\/","og_site_name":"Dicodusport","article_publisher":"https:\/\/www.facebook.com\/dicodusport","article_published_time":"2023-01-28T20:55:21+00:00","og_image":[{"width":800,"height":445,"url":"https:\/\/dicodusport.fr\/blog\/wp-content\/uploads\/2023\/01\/Patinage-artistique-Championnats-dEurope-Anastasiia-Gubanova-et-Guignard-Fabbri-en-or.png","type":"image\/png"}],"author":"Z\u00e9lie Germain","twitter_card":"summary_large_image","twitter_title":"Patinage artistique Championnats d'Europe : Anastasiia Gubanova et Guignard \/ Fabbri en or","twitter_creator":"@https:\/\/twitter.com\/zelie_germain","twitter_site":"@dicodusport","schema":{"@context":"https:\/\/schema.org","@graph":[{"@type":"NewsArticle","@id":"https:\/\/dicodusport.fr\/blog\/patinage-artistique-championnats-deurope-anastasiia-gubanova-et-guignard-fabbri-en-or\/#article","isPartOf":{"@id":"https:\/\/dicodusport.fr\/blog\/patinage-artistique-championnats-deurope-anastasiia-gubanova-et-guignard-fabbri-en-or\/"},"author":{"name":"Z\u00e9lie Germain","@id":"https:\/\/dicodusport.fr\/blog\/#\/schema\/person\/ade27d46dcba39a8da7a6a9ac491570d"},"headline":"Patinage artistique Championnats d&rsquo;Europe : Anastasiia Gubanova et Guignard \/ Fabbri en or","datePublished":"2023-01-28T20:55:21+00:00","mainEntityOfPage":{"@id":"https:\/\/dicodusport.fr\/blog\/patinage-artistique-championnats-deurope-anastasiia-gubanova-et-guignard-fabbri-en-or\/"},"wordCount":410,"commentCount":0,"publisher":{"@id":"https:\/\/dicodusport.fr\/blog\/#organization"},"image":{"@id":"https:\/\/dicodusport.fr\/blog\/patinage-artistique-championnats-deurope-anastasiia-gubanova-et-guignard-fabbri-en-or\/#primaryimage"},"thumbnailUrl":"https:\/\/dicodusport.fr\/blog\/wp-content\/uploads\/2023\/01\/Patinage-artistique-Championnats-dEurope-Anastasiia-Gubanova-et-Guignard-Fabbri-en-or.png","articleSection":["Patinage artistique"],"inLanguage":"fr-FR","potentialAction":[{"@type":"CommentAction","name":"Comment","target":["https:\/\/dicodusport.fr\/blog\/patinage-artistique-championnats-deurope-anastasiia-gubanova-et-guignard-fabbri-en-or\/#respond"]}],"copyrightYear":"2023","copyrightHolder":{"@id":"https:\/\/dicodusport.fr\/blog\/#organization"}},{"@type":"WebPage","@id":"https:\/\/dicodusport.fr\/blog\/patinage-artistique-championnats-deurope-anastasiia-gubanova-et-guignard-fabbri-en-or\/","url":"https:\/\/dicodusport.fr\/blog\/patinage-artistique-championnats-deurope-anastasiia-gubanova-et-guignard-fabbri-en-or\/","name":"Patinage artistique Championnats d'Europe : Anastasiia Gubanova et Guignard \/ Fabbri en or","isPartOf":{"@id":"https:\/\/dicodusport.fr\/blog\/#website"},"primaryImageOfPage":{"@id":"https:\/\/dicodusport.fr\/blog\/patinage-artistique-championnats-deurope-anastasiia-gubanova-et-guignard-fabbri-en-or\/#primaryimage"},"image":{"@id":"https:\/\/dicodusport.fr\/blog\/patinage-artistique-championnats-deurope-anastasiia-gubanova-et-guignard-fabbri-en-or\/#primaryimage"},"thumbnailUrl":"https:\/\/dicodusport.fr\/blog\/wp-content\/uploads\/2023\/01\/Patinage-artistique-Championnats-dEurope-Anastasiia-Gubanova-et-Guignard-Fabbri-en-or.png","datePublished":"2023-01-28T20:55:21+00:00","description":"Nous connaissons maintenant tous nos champions. Anastasiia Gubanova et Charl\u00e8ne Guignard \/ Marco Fabbri ont triomph\u00e9 !","breadcrumb":{"@id":"https:\/\/dicodusport.fr\/blog\/patinage-artistique-championnats-deurope-anastasiia-gubanova-et-guignard-fabbri-en-or\/#breadcrumb"},"inLanguage":"fr-FR","potentialAction":[{"@type":"ReadAction","target":["https:\/\/dicodusport.fr\/blog\/patinage-artistique-championnats-deurope-anastasiia-gubanova-et-guignard-fabbri-en-or\/"]}]},{"@type":"ImageObject","inLanguage":"fr-FR","@id":"https:\/\/dicodusport.fr\/blog\/patinage-artistique-championnats-deurope-anastasiia-gubanova-et-guignard-fabbri-en-or\/#primaryimage","url":"https:\/\/dicodusport.fr\/blog\/wp-content\/uploads\/2023\/01\/Patinage-artistique-Championnats-dEurope-Anastasiia-Gubanova-et-Guignard-Fabbri-en-or.png","contentUrl":"https:\/\/dicodusport.fr\/blog\/wp-content\/uploads\/2023\/01\/Patinage-artistique-Championnats-dEurope-Anastasiia-Gubanova-et-Guignard-Fabbri-en-or.png","width":800,"height":445},{"@type":"BreadcrumbList","@id":"https:\/\/dicodusport.fr\/blog\/patinage-artistique-championnats-deurope-anastasiia-gubanova-et-guignard-fabbri-en-or\/#breadcrumb","itemListElement":[{"@type":"ListItem","position":1,"name":"Accueil","item":"https:\/\/dicodusport.fr\/blog\/"},{"@type":"ListItem","position":2,"name":"Patinage artistique Championnats d&rsquo;Europe : Anastasiia Gubanova et Guignard \/ Fabbri en or"}]},{"@type":"WebSite","@id":"https:\/\/dicodusport.fr\/blog\/#website","url":"https:\/\/dicodusport.fr\/blog\/","name":"Dicodusport","description":"L&#039;encyclop\u00e9die de l&#039;actualit\u00e9 sportive","publisher":{"@id":"https:\/\/dicodusport.fr\/blog\/#organization"},"potentialAction":[{"@type":"SearchAction","target":{"@type":"EntryPoint","urlTemplate":"https:\/\/dicodusport.fr\/blog\/?s={search_term_string}"},"query-input":{"@type":"PropertyValueSpecification","valueRequired":true,"valueName":"search_term_string"}}],"inLanguage":"fr-FR"},{"@type":"NewsMediaOrganization","@id":"https:\/\/dicodusport.fr\/blog\/#organization","name":"Dicodusport","url":"https:\/\/dicodusport.fr\/blog\/","logo":{"@type":"ImageObject","inLanguage":"fr-FR","@id":"https:\/\/dicodusport.fr\/blog\/#\/schema\/logo\/image\/","url":"https:\/\/dicodusport.fr\/blog\/wp-content\/uploads\/2020\/06\/cropped-LOGO-DICODUSPORT-2020-SANS-FOND-SANS-TEXTE.png","contentUrl":"https:\/\/dicodusport.fr\/blog\/wp-content\/uploads\/2020\/06\/cropped-LOGO-DICODUSPORT-2020-SANS-FOND-SANS-TEXTE.png","width":512,"height":512,"caption":"Dicodusport"},"image":{"@id":"https:\/\/dicodusport.fr\/blog\/#\/schema\/logo\/image\/"},"sameAs":["https:\/\/www.facebook.com\/dicodusport","https:\/\/x.com\/dicodusport","https:\/\/www.instagram.com\/dicodusport\/","https:\/\/www.youtube.com\/channel\/UC7V2KZ5sd3htJivAbA4ZG3w"],"description":"Dicodusport est l'encyclop\u00e9die de l'actualit\u00e9 sportive.","email":"bonjour@dicodusport.fr","legalName":"DICODUSPORT","foundingDate":"2018-01-14","vatID":"FR71834470973","taxID":"83447097300043","numberOfEmployees":{"@type":"QuantitativeValue","minValue":"1","maxValue":"10"}},{"@type":"Person","@id":"https:\/\/dicodusport.fr\/blog\/#\/schema\/person\/ade27d46dcba39a8da7a6a9ac491570d","name":"Z\u00e9lie Germain","image":{"@type":"ImageObject","inLanguage":"fr-FR","@id":"https:\/\/dicodusport.fr\/blog\/#\/schema\/person\/image\/","url":"https:\/\/dicodusport.fr\/blog\/wp-content\/uploads\/2020\/06\/cropped-LOGO-DICODUSPORT-2020-SANS-FOND-SANS-TEXTE-150x150.png","contentUrl":"https:\/\/dicodusport.fr\/blog\/wp-content\/uploads\/2020\/06\/cropped-LOGO-DICODUSPORT-2020-SANS-FOND-SANS-TEXTE-150x150.png","caption":"Z\u00e9lie Germain"},"description":"Ma vie est rythm\u00e9e par le sport, et parfois j'\u00e9cris dessus. Indisponible deux semaines tous les deux ans.","sameAs":["https:\/\/x.com\/https:\/\/twitter.com\/zelie_germain"],"url":"https:\/\/dicodusport.fr\/blog\/author\/germain-zelie\/"}]}},"_links":{"self":[{"href":"https:\/\/dicodusport.fr\/blog\/wp-json\/wp\/v2\/posts\/349738","targetHints":{"allow":["GET"]}}],"collection":[{"href":"https:\/\/dicodusport.fr\/blog\/wp-json\/wp\/v2\/posts"}],"about":[{"href":"https:\/\/dicodusport.fr\/blog\/wp-json\/wp\/v2\/types\/post"}],"author":[{"embeddable":true,"href":"https:\/\/dicodusport.fr\/blog\/wp-json\/wp\/v2\/users\/78"}],"replies":[{"embeddable":true,"href":"https:\/\/dicodusport.fr\/blog\/wp-json\/wp\/v2\/comments?post=349738"}],"version-history":[{"count":0,"href":"https:\/\/dicodusport.fr\/blog\/wp-json\/wp\/v2\/posts\/349738\/revisions"}],"wp:featuredmedia":[{"embeddable":true,"href":"https:\/\/dicodusport.fr\/blog\/wp-json\/wp\/v2\/media\/349744"}],"wp:attachment":[{"href":"https:\/\/dicodusport.fr\/blog\/wp-json\/wp\/v2\/media?parent=349738"}],"wp:term":[{"taxonomy":"category","embeddable":true,"href":"https:\/\/dicodusport.fr\/blog\/wp-json\/wp\/v2\/categories?post=349738"},{"taxonomy":"post_tag","embeddable":true,"href":"https:\/\/dicodusport.fr\/blog\/wp-json\/wp\/v2\/tags?post=349738"}],"curies":[{"name":"wp","href":"https:\/\/api.w.org\/{rel}","templated":true}]}}