{"id":349844,"date":"2023-01-29T10:19:39","date_gmt":"2023-01-29T09:19:39","guid":{"rendered":"https:\/\/dicodusport.fr\/blog\/?p=349844&#038;preview=true&#038;preview_id=349844"},"modified":"2023-01-29T10:31:49","modified_gmt":"2023-01-29T09:31:49","slug":"mercato-lyon-malo-gusto-signe-a-chelsea","status":"publish","type":"post","link":"https:\/\/dicodusport.fr\/blog\/mercato-lyon-malo-gusto-signe-a-chelsea\/","title":{"rendered":"Mercato Lyon : Malo Gusto signe \u00e0 Chelsea"},"content":{"rendered":"<p style=\"text-align: justify;\" align=\"justify\"><em><strong>LIGUE 1 2022-2023 &#8211; L&rsquo;Olympique Lyonnais a annonc\u00e9 la signature de Malo Gusto \u00e0 Chelsea, mais le lat\u00e9ral droit terminera la saison en France.\u00a0<\/strong><\/em><\/p>\n<p style=\"text-align: justify;\" align=\"justify\">L&rsquo;<strong>Olympique Lyonnais<\/strong> aura fini par c\u00e9der ! <strong>Chelsea<\/strong> a obtenu la signature de <strong>Malo<\/strong> <strong>Gusto<\/strong> contre 35 millions d&rsquo;euros, dont 5 millions d&rsquo;euros de bonus. Le lat\u00e9ral droit fran\u00e7ais va terminer la saison avec Lyon avant de s&rsquo;envoler pour Londres cet \u00e9t\u00e9. <strong>Jean-Michel Aulas<\/strong> a donc tenu parole quand il disait que <strong>Malo<\/strong> <strong>Gusto<\/strong> terminerait la saison avec Lyon, mais ce sont bien les derniers mois qu&rsquo;il passera au club. Il s&rsquo;est engag\u00e9 pour sept ans avec le club de <strong>Premier<\/strong> <strong>League<\/strong> et d\u00e9couvrira ce nouveau championnat en ao\u00fbt prochain.<\/p>\n<p style=\"text-align: justify;\" align=\"justify\">Sur son site internet, l&rsquo;<strong>OL <\/strong>s&rsquo;est expliqu\u00e9 sur le sujet.<\/p>\n<blockquote>\n<p style=\"text-align: justify;\" align=\"justify\">L\u2019Olympique Lyonnais regrette de ne pas avoir pu conserver l\u2019un de ses grands espoirs form\u00e9s \u00e0 l\u2019Acad\u00e9my mais reste cependant heureux de pouvoir compter sur lui lors de cette deuxi\u00e8me partie de saison.<\/p>\n<\/blockquote>\n<blockquote class=\"twitter-tweet\">\n<p dir=\"ltr\" lang=\"fr\">30M\u20ac + 5M\u20ac de bonus pour Gusto \u2013 \u201cL\u2019<a href=\"https:\/\/twitter.com\/OL?ref_src=twsrc%5Etfw\">@OL<\/a> regrette de ne pas avoir pu conserver l\u2019un de ses grands espoirs form\u00e9s \u00e0 l\u2019Acad\u00e9my mais reste cependant heureux de pouvoir compter sur lui lors de cette deuxi\u00e8me partie de saison\u201d. <a href=\"https:\/\/twitter.com\/hashtag\/TeamOL?src=hash&amp;ref_src=twsrc%5Etfw\">#TeamOL<\/a> <a href=\"https:\/\/t.co\/WlkAjlh8MK\">pic.twitter.com\/WlkAjlh8MK<\/a><\/p>\n<p>\u2014 Caf\u00e9 du Commerce OL (@CafeCommerceOL) <a href=\"https:\/\/twitter.com\/CafeCommerceOL\/status\/1619625408353415168?ref_src=twsrc%5Etfw\">January 29, 2023<\/a><\/p><\/blockquote>\n<p style=\"text-align: justify;\"><script async src=\"https:\/\/platform.twitter.com\/widgets.js\" charset=\"utf-8\"><\/script><\/p>\n","protected":false},"excerpt":{"rendered":"<p>LIGUE 1 2022-2023 &#8211; L&rsquo;Olympique Lyonnais a annonc\u00e9 la signature de Malo Gusto \u00e0 Chelsea, mais le lat\u00e9ral droit terminera la saison en France.\u00a0<\/p>\n","protected":false},"author":1,"featured_media":349845,"comment_status":"open","ping_status":"closed","sticky":false,"template":"","format":"standard","meta":{"_acf_changed":false,"_daextam_enable_autolinks":"","footnotes":""},"categories":[2301,47045],"tags":[75,449,1145],"class_list":["post-349844","post","type-post","status-publish","format-standard","has-post-thumbnail","hentry","category-football","category-ligue-1","tag-football","tag-lyon","tag-ol"],"acf":[],"yoast_head":"<!-- This site is optimized with the Yoast SEO Premium plugin v26.7 (Yoast SEO v26.7) - https:\/\/yoast.com\/wordpress\/plugins\/seo\/ -->\n<title>Mercato Lyon : Malo Gusto signe \u00e0 Chelsea<\/title>\n<meta name=\"description\" content=\"LIGUE 1 2022-2023 - L&#039;Olympique Lyonnais a annonc\u00e9 la signature de Malo Gusto \u00e0 Chelsea mais le lat\u00e9ral droit terminera la saison en France.\u00a0\" \/>\n<meta name=\"robots\" content=\"index, follow, max-snippet:-1, max-image-preview:large, max-video-preview:-1\" \/>\n<link rel=\"canonical\" href=\"https:\/\/dicodusport.fr\/blog\/mercato-lyon-malo-gusto-signe-a-chelsea\/\" \/>\n<meta property=\"og:locale\" content=\"fr_FR\" \/>\n<meta property=\"og:type\" content=\"article\" \/>\n<meta property=\"og:title\" content=\"Mercato Lyon : Malo Gusto signe \u00e0 Chelsea\" \/>\n<meta property=\"og:description\" content=\"LIGUE 1 2022-2023 - L&#039;Olympique Lyonnais a annonc\u00e9 la signature de Malo Gusto \u00e0 Chelsea mais le lat\u00e9ral droit terminera la saison en France.\u00a0\" \/>\n<meta property=\"og:url\" content=\"https:\/\/dicodusport.fr\/blog\/mercato-lyon-malo-gusto-signe-a-chelsea\/\" \/>\n<meta property=\"og:site_name\" content=\"Dicodusport\" \/>\n<meta property=\"article:publisher\" content=\"https:\/\/www.facebook.com\/dicodusport\" \/>\n<meta property=\"article:author\" content=\"https:\/\/www.facebook.com\/dicodusport\" \/>\n<meta property=\"article:published_time\" content=\"2023-01-29T09:19:39+00:00\" \/>\n<meta property=\"article:modified_time\" content=\"2023-01-29T09:31:49+00:00\" \/>\n<meta property=\"og:image\" content=\"https:\/\/dicodusport.fr\/blog\/wp-content\/uploads\/2023\/01\/Mercato-Lyon-Malo-gusto-signe-a-Chelsea.png\" \/>\n\t<meta property=\"og:image:width\" content=\"800\" \/>\n\t<meta property=\"og:image:height\" content=\"445\" \/>\n\t<meta property=\"og:image:type\" content=\"image\/png\" \/>\n<meta name=\"author\" content=\"Nicolas Jacquemard\" \/>\n<meta name=\"twitter:card\" content=\"summary_large_image\" \/>\n<meta name=\"twitter:title\" content=\"Mercato Lyon : Malo Gusto signe \u00e0 Chelsea\" \/>\n<meta name=\"twitter:creator\" content=\"@https:\/\/twitter.com\/Nico_Jacquemard\" \/>\n<meta name=\"twitter:site\" content=\"@dicodusport\" \/>\n<script type=\"application\/ld+json\" class=\"yoast-schema-graph\">{\"@context\":\"https:\/\/schema.org\",\"@graph\":[{\"@type\":\"NewsArticle\",\"@id\":\"https:\/\/dicodusport.fr\/blog\/mercato-lyon-malo-gusto-signe-a-chelsea\/#article\",\"isPartOf\":{\"@id\":\"https:\/\/dicodusport.fr\/blog\/mercato-lyon-malo-gusto-signe-a-chelsea\/\"},\"author\":{\"name\":\"Nicolas Jacquemard\",\"@id\":\"https:\/\/dicodusport.fr\/blog\/#\/schema\/person\/55dcb50ad410894e431ed812bbb70191\"},\"headline\":\"Mercato Lyon : Malo Gusto signe \u00e0 Chelsea\",\"datePublished\":\"2023-01-29T09:19:39+00:00\",\"dateModified\":\"2023-01-29T09:31:49+00:00\",\"mainEntityOfPage\":{\"@id\":\"https:\/\/dicodusport.fr\/blog\/mercato-lyon-malo-gusto-signe-a-chelsea\/\"},\"wordCount\":233,\"commentCount\":0,\"publisher\":{\"@id\":\"https:\/\/dicodusport.fr\/blog\/#organization\"},\"image\":{\"@id\":\"https:\/\/dicodusport.fr\/blog\/mercato-lyon-malo-gusto-signe-a-chelsea\/#primaryimage\"},\"thumbnailUrl\":\"https:\/\/dicodusport.fr\/blog\/wp-content\/uploads\/2023\/01\/Mercato-Lyon-Malo-gusto-signe-a-Chelsea.png\",\"keywords\":[\"Football\",\"Lyon\",\"OL\"],\"articleSection\":[\"Football\",\"Ligue 1\"],\"inLanguage\":\"fr-FR\",\"potentialAction\":[{\"@type\":\"CommentAction\",\"name\":\"Comment\",\"target\":[\"https:\/\/dicodusport.fr\/blog\/mercato-lyon-malo-gusto-signe-a-chelsea\/#respond\"]}],\"copyrightYear\":\"2023\",\"copyrightHolder\":{\"@id\":\"https:\/\/dicodusport.fr\/blog\/#organization\"}},{\"@type\":\"WebPage\",\"@id\":\"https:\/\/dicodusport.fr\/blog\/mercato-lyon-malo-gusto-signe-a-chelsea\/\",\"url\":\"https:\/\/dicodusport.fr\/blog\/mercato-lyon-malo-gusto-signe-a-chelsea\/\",\"name\":\"Mercato Lyon : Malo Gusto signe \u00e0 Chelsea\",\"isPartOf\":{\"@id\":\"https:\/\/dicodusport.fr\/blog\/#website\"},\"primaryImageOfPage\":{\"@id\":\"https:\/\/dicodusport.fr\/blog\/mercato-lyon-malo-gusto-signe-a-chelsea\/#primaryimage\"},\"image\":{\"@id\":\"https:\/\/dicodusport.fr\/blog\/mercato-lyon-malo-gusto-signe-a-chelsea\/#primaryimage\"},\"thumbnailUrl\":\"https:\/\/dicodusport.fr\/blog\/wp-content\/uploads\/2023\/01\/Mercato-Lyon-Malo-gusto-signe-a-Chelsea.png\",\"datePublished\":\"2023-01-29T09:19:39+00:00\",\"dateModified\":\"2023-01-29T09:31:49+00:00\",\"description\":\"LIGUE 1 2022-2023 - L'Olympique Lyonnais a annonc\u00e9 la signature de Malo Gusto \u00e0 Chelsea mais le lat\u00e9ral droit terminera la saison en France.\u00a0\",\"breadcrumb\":{\"@id\":\"https:\/\/dicodusport.fr\/blog\/mercato-lyon-malo-gusto-signe-a-chelsea\/#breadcrumb\"},\"inLanguage\":\"fr-FR\",\"potentialAction\":[{\"@type\":\"ReadAction\",\"target\":[\"https:\/\/dicodusport.fr\/blog\/mercato-lyon-malo-gusto-signe-a-chelsea\/\"]}]},{\"@type\":\"ImageObject\",\"inLanguage\":\"fr-FR\",\"@id\":\"https:\/\/dicodusport.fr\/blog\/mercato-lyon-malo-gusto-signe-a-chelsea\/#primaryimage\",\"url\":\"https:\/\/dicodusport.fr\/blog\/wp-content\/uploads\/2023\/01\/Mercato-Lyon-Malo-gusto-signe-a-Chelsea.png\",\"contentUrl\":\"https:\/\/dicodusport.fr\/blog\/wp-content\/uploads\/2023\/01\/Mercato-Lyon-Malo-gusto-signe-a-Chelsea.png\",\"width\":800,\"height\":445},{\"@type\":\"BreadcrumbList\",\"@id\":\"https:\/\/dicodusport.fr\/blog\/mercato-lyon-malo-gusto-signe-a-chelsea\/#breadcrumb\",\"itemListElement\":[{\"@type\":\"ListItem\",\"position\":1,\"name\":\"Accueil\",\"item\":\"https:\/\/dicodusport.fr\/blog\/\"},{\"@type\":\"ListItem\",\"position\":2,\"name\":\"Mercato Lyon : Malo Gusto signe \u00e0 Chelsea\"}]},{\"@type\":\"WebSite\",\"@id\":\"https:\/\/dicodusport.fr\/blog\/#website\",\"url\":\"https:\/\/dicodusport.fr\/blog\/\",\"name\":\"Dicodusport\",\"description\":\"L&#039;encyclop\u00e9die de l&#039;actualit\u00e9 sportive\",\"publisher\":{\"@id\":\"https:\/\/dicodusport.fr\/blog\/#organization\"},\"potentialAction\":[{\"@type\":\"SearchAction\",\"target\":{\"@type\":\"EntryPoint\",\"urlTemplate\":\"https:\/\/dicodusport.fr\/blog\/?s={search_term_string}\"},\"query-input\":{\"@type\":\"PropertyValueSpecification\",\"valueRequired\":true,\"valueName\":\"search_term_string\"}}],\"inLanguage\":\"fr-FR\"},{\"@type\":\"NewsMediaOrganization\",\"@id\":\"https:\/\/dicodusport.fr\/blog\/#organization\",\"name\":\"Dicodusport\",\"url\":\"https:\/\/dicodusport.fr\/blog\/\",\"logo\":{\"@type\":\"ImageObject\",\"inLanguage\":\"fr-FR\",\"@id\":\"https:\/\/dicodusport.fr\/blog\/#\/schema\/logo\/image\/\",\"url\":\"https:\/\/dicodusport.fr\/blog\/wp-content\/uploads\/2020\/06\/cropped-LOGO-DICODUSPORT-2020-SANS-FOND-SANS-TEXTE.png\",\"contentUrl\":\"https:\/\/dicodusport.fr\/blog\/wp-content\/uploads\/2020\/06\/cropped-LOGO-DICODUSPORT-2020-SANS-FOND-SANS-TEXTE.png\",\"width\":512,\"height\":512,\"caption\":\"Dicodusport\"},\"image\":{\"@id\":\"https:\/\/dicodusport.fr\/blog\/#\/schema\/logo\/image\/\"},\"sameAs\":[\"https:\/\/www.facebook.com\/dicodusport\",\"https:\/\/x.com\/dicodusport\",\"https:\/\/www.instagram.com\/dicodusport\/\",\"https:\/\/www.youtube.com\/channel\/UC7V2KZ5sd3htJivAbA4ZG3w\"],\"description\":\"Dicodusport est l'encyclop\u00e9die de l'actualit\u00e9 sportive.\",\"email\":\"bonjour@dicodusport.fr\",\"legalName\":\"DICODUSPORT\",\"foundingDate\":\"2018-01-14\",\"vatID\":\"FR71834470973\",\"taxID\":\"83447097300043\",\"numberOfEmployees\":{\"@type\":\"QuantitativeValue\",\"minValue\":\"1\",\"maxValue\":\"10\"}},{\"@type\":\"Person\",\"@id\":\"https:\/\/dicodusport.fr\/blog\/#\/schema\/person\/55dcb50ad410894e431ed812bbb70191\",\"name\":\"Nicolas Jacquemard\",\"image\":{\"@type\":\"ImageObject\",\"inLanguage\":\"fr-FR\",\"@id\":\"https:\/\/dicodusport.fr\/blog\/#\/schema\/person\/image\/\",\"url\":\"https:\/\/dicodusport.fr\/blog\/wp-content\/uploads\/2021\/05\/Nicolas-Jacquemard-150x150.jpeg\",\"contentUrl\":\"https:\/\/dicodusport.fr\/blog\/wp-content\/uploads\/2021\/05\/Nicolas-Jacquemard-150x150.jpeg\",\"caption\":\"Nicolas Jacquemard\"},\"description\":\"Passionn\u00e9 de sport et entrepreneur depuis mes 18 ans, la cr\u00e9ation de Dicodusport m'a sembl\u00e9 \u00e9vidente pour participer \u00e0 la m\u00e9diatisation d'un plus grand nombre de sports. Le chemin est long mais avec une \u00e9quipe des plus motiv\u00e9es et les Jeux Olympiques de Paris 2024 en point de mire, nous y arriverons ! Journaliste dans le monde du sport depuis plus de 5 ans, je traite aussi bien de football, de rugby, de biathlon que de cyclisme.\",\"sameAs\":[\"https:\/\/www.facebook.com\/dicodusport\",\"https:\/\/x.com\/https:\/\/twitter.com\/Nico_Jacquemard\"],\"url\":\"https:\/\/dicodusport.fr\/blog\/author\/dicodusport\/\"}]}<\/script>\n<!-- \/ Yoast SEO Premium plugin. -->","yoast_head_json":{"title":"Mercato Lyon : Malo Gusto signe \u00e0 Chelsea","description":"LIGUE 1 2022-2023 - L'Olympique Lyonnais a annonc\u00e9 la signature de Malo Gusto \u00e0 Chelsea mais le lat\u00e9ral droit terminera la saison en France.\u00a0","robots":{"index":"index","follow":"follow","max-snippet":"max-snippet:-1","max-image-preview":"max-image-preview:large","max-video-preview":"max-video-preview:-1"},"canonical":"https:\/\/dicodusport.fr\/blog\/mercato-lyon-malo-gusto-signe-a-chelsea\/","og_locale":"fr_FR","og_type":"article","og_title":"Mercato Lyon : Malo Gusto signe \u00e0 Chelsea","og_description":"LIGUE 1 2022-2023 - L'Olympique Lyonnais a annonc\u00e9 la signature de Malo Gusto \u00e0 Chelsea mais le lat\u00e9ral droit terminera la saison en France.\u00a0","og_url":"https:\/\/dicodusport.fr\/blog\/mercato-lyon-malo-gusto-signe-a-chelsea\/","og_site_name":"Dicodusport","article_publisher":"https:\/\/www.facebook.com\/dicodusport","article_author":"https:\/\/www.facebook.com\/dicodusport","article_published_time":"2023-01-29T09:19:39+00:00","article_modified_time":"2023-01-29T09:31:49+00:00","og_image":[{"width":800,"height":445,"url":"https:\/\/dicodusport.fr\/blog\/wp-content\/uploads\/2023\/01\/Mercato-Lyon-Malo-gusto-signe-a-Chelsea.png","type":"image\/png"}],"author":"Nicolas Jacquemard","twitter_card":"summary_large_image","twitter_title":"Mercato Lyon : Malo Gusto signe \u00e0 Chelsea","twitter_creator":"@https:\/\/twitter.com\/Nico_Jacquemard","twitter_site":"@dicodusport","schema":{"@context":"https:\/\/schema.org","@graph":[{"@type":"NewsArticle","@id":"https:\/\/dicodusport.fr\/blog\/mercato-lyon-malo-gusto-signe-a-chelsea\/#article","isPartOf":{"@id":"https:\/\/dicodusport.fr\/blog\/mercato-lyon-malo-gusto-signe-a-chelsea\/"},"author":{"name":"Nicolas Jacquemard","@id":"https:\/\/dicodusport.fr\/blog\/#\/schema\/person\/55dcb50ad410894e431ed812bbb70191"},"headline":"Mercato Lyon : Malo Gusto signe \u00e0 Chelsea","datePublished":"2023-01-29T09:19:39+00:00","dateModified":"2023-01-29T09:31:49+00:00","mainEntityOfPage":{"@id":"https:\/\/dicodusport.fr\/blog\/mercato-lyon-malo-gusto-signe-a-chelsea\/"},"wordCount":233,"commentCount":0,"publisher":{"@id":"https:\/\/dicodusport.fr\/blog\/#organization"},"image":{"@id":"https:\/\/dicodusport.fr\/blog\/mercato-lyon-malo-gusto-signe-a-chelsea\/#primaryimage"},"thumbnailUrl":"https:\/\/dicodusport.fr\/blog\/wp-content\/uploads\/2023\/01\/Mercato-Lyon-Malo-gusto-signe-a-Chelsea.png","keywords":["Football","Lyon","OL"],"articleSection":["Football","Ligue 1"],"inLanguage":"fr-FR","potentialAction":[{"@type":"CommentAction","name":"Comment","target":["https:\/\/dicodusport.fr\/blog\/mercato-lyon-malo-gusto-signe-a-chelsea\/#respond"]}],"copyrightYear":"2023","copyrightHolder":{"@id":"https:\/\/dicodusport.fr\/blog\/#organization"}},{"@type":"WebPage","@id":"https:\/\/dicodusport.fr\/blog\/mercato-lyon-malo-gusto-signe-a-chelsea\/","url":"https:\/\/dicodusport.fr\/blog\/mercato-lyon-malo-gusto-signe-a-chelsea\/","name":"Mercato Lyon : Malo Gusto signe \u00e0 Chelsea","isPartOf":{"@id":"https:\/\/dicodusport.fr\/blog\/#website"},"primaryImageOfPage":{"@id":"https:\/\/dicodusport.fr\/blog\/mercato-lyon-malo-gusto-signe-a-chelsea\/#primaryimage"},"image":{"@id":"https:\/\/dicodusport.fr\/blog\/mercato-lyon-malo-gusto-signe-a-chelsea\/#primaryimage"},"thumbnailUrl":"https:\/\/dicodusport.fr\/blog\/wp-content\/uploads\/2023\/01\/Mercato-Lyon-Malo-gusto-signe-a-Chelsea.png","datePublished":"2023-01-29T09:19:39+00:00","dateModified":"2023-01-29T09:31:49+00:00","description":"LIGUE 1 2022-2023 - L'Olympique Lyonnais a annonc\u00e9 la signature de Malo Gusto \u00e0 Chelsea mais le lat\u00e9ral droit terminera la saison en France.\u00a0","breadcrumb":{"@id":"https:\/\/dicodusport.fr\/blog\/mercato-lyon-malo-gusto-signe-a-chelsea\/#breadcrumb"},"inLanguage":"fr-FR","potentialAction":[{"@type":"ReadAction","target":["https:\/\/dicodusport.fr\/blog\/mercato-lyon-malo-gusto-signe-a-chelsea\/"]}]},{"@type":"ImageObject","inLanguage":"fr-FR","@id":"https:\/\/dicodusport.fr\/blog\/mercato-lyon-malo-gusto-signe-a-chelsea\/#primaryimage","url":"https:\/\/dicodusport.fr\/blog\/wp-content\/uploads\/2023\/01\/Mercato-Lyon-Malo-gusto-signe-a-Chelsea.png","contentUrl":"https:\/\/dicodusport.fr\/blog\/wp-content\/uploads\/2023\/01\/Mercato-Lyon-Malo-gusto-signe-a-Chelsea.png","width":800,"height":445},{"@type":"BreadcrumbList","@id":"https:\/\/dicodusport.fr\/blog\/mercato-lyon-malo-gusto-signe-a-chelsea\/#breadcrumb","itemListElement":[{"@type":"ListItem","position":1,"name":"Accueil","item":"https:\/\/dicodusport.fr\/blog\/"},{"@type":"ListItem","position":2,"name":"Mercato Lyon : Malo Gusto signe \u00e0 Chelsea"}]},{"@type":"WebSite","@id":"https:\/\/dicodusport.fr\/blog\/#website","url":"https:\/\/dicodusport.fr\/blog\/","name":"Dicodusport","description":"L&#039;encyclop\u00e9die de l&#039;actualit\u00e9 sportive","publisher":{"@id":"https:\/\/dicodusport.fr\/blog\/#organization"},"potentialAction":[{"@type":"SearchAction","target":{"@type":"EntryPoint","urlTemplate":"https:\/\/dicodusport.fr\/blog\/?s={search_term_string}"},"query-input":{"@type":"PropertyValueSpecification","valueRequired":true,"valueName":"search_term_string"}}],"inLanguage":"fr-FR"},{"@type":"NewsMediaOrganization","@id":"https:\/\/dicodusport.fr\/blog\/#organization","name":"Dicodusport","url":"https:\/\/dicodusport.fr\/blog\/","logo":{"@type":"ImageObject","inLanguage":"fr-FR","@id":"https:\/\/dicodusport.fr\/blog\/#\/schema\/logo\/image\/","url":"https:\/\/dicodusport.fr\/blog\/wp-content\/uploads\/2020\/06\/cropped-LOGO-DICODUSPORT-2020-SANS-FOND-SANS-TEXTE.png","contentUrl":"https:\/\/dicodusport.fr\/blog\/wp-content\/uploads\/2020\/06\/cropped-LOGO-DICODUSPORT-2020-SANS-FOND-SANS-TEXTE.png","width":512,"height":512,"caption":"Dicodusport"},"image":{"@id":"https:\/\/dicodusport.fr\/blog\/#\/schema\/logo\/image\/"},"sameAs":["https:\/\/www.facebook.com\/dicodusport","https:\/\/x.com\/dicodusport","https:\/\/www.instagram.com\/dicodusport\/","https:\/\/www.youtube.com\/channel\/UC7V2KZ5sd3htJivAbA4ZG3w"],"description":"Dicodusport est l'encyclop\u00e9die de l'actualit\u00e9 sportive.","email":"bonjour@dicodusport.fr","legalName":"DICODUSPORT","foundingDate":"2018-01-14","vatID":"FR71834470973","taxID":"83447097300043","numberOfEmployees":{"@type":"QuantitativeValue","minValue":"1","maxValue":"10"}},{"@type":"Person","@id":"https:\/\/dicodusport.fr\/blog\/#\/schema\/person\/55dcb50ad410894e431ed812bbb70191","name":"Nicolas Jacquemard","image":{"@type":"ImageObject","inLanguage":"fr-FR","@id":"https:\/\/dicodusport.fr\/blog\/#\/schema\/person\/image\/","url":"https:\/\/dicodusport.fr\/blog\/wp-content\/uploads\/2021\/05\/Nicolas-Jacquemard-150x150.jpeg","contentUrl":"https:\/\/dicodusport.fr\/blog\/wp-content\/uploads\/2021\/05\/Nicolas-Jacquemard-150x150.jpeg","caption":"Nicolas Jacquemard"},"description":"Passionn\u00e9 de sport et entrepreneur depuis mes 18 ans, la cr\u00e9ation de Dicodusport m'a sembl\u00e9 \u00e9vidente pour participer \u00e0 la m\u00e9diatisation d'un plus grand nombre de sports. Le chemin est long mais avec une \u00e9quipe des plus motiv\u00e9es et les Jeux Olympiques de Paris 2024 en point de mire, nous y arriverons ! Journaliste dans le monde du sport depuis plus de 5 ans, je traite aussi bien de football, de rugby, de biathlon que de cyclisme.","sameAs":["https:\/\/www.facebook.com\/dicodusport","https:\/\/x.com\/https:\/\/twitter.com\/Nico_Jacquemard"],"url":"https:\/\/dicodusport.fr\/blog\/author\/dicodusport\/"}]}},"_links":{"self":[{"href":"https:\/\/dicodusport.fr\/blog\/wp-json\/wp\/v2\/posts\/349844","targetHints":{"allow":["GET"]}}],"collection":[{"href":"https:\/\/dicodusport.fr\/blog\/wp-json\/wp\/v2\/posts"}],"about":[{"href":"https:\/\/dicodusport.fr\/blog\/wp-json\/wp\/v2\/types\/post"}],"author":[{"embeddable":true,"href":"https:\/\/dicodusport.fr\/blog\/wp-json\/wp\/v2\/users\/1"}],"replies":[{"embeddable":true,"href":"https:\/\/dicodusport.fr\/blog\/wp-json\/wp\/v2\/comments?post=349844"}],"version-history":[{"count":0,"href":"https:\/\/dicodusport.fr\/blog\/wp-json\/wp\/v2\/posts\/349844\/revisions"}],"wp:featuredmedia":[{"embeddable":true,"href":"https:\/\/dicodusport.fr\/blog\/wp-json\/wp\/v2\/media\/349845"}],"wp:attachment":[{"href":"https:\/\/dicodusport.fr\/blog\/wp-json\/wp\/v2\/media?parent=349844"}],"wp:term":[{"taxonomy":"category","embeddable":true,"href":"https:\/\/dicodusport.fr\/blog\/wp-json\/wp\/v2\/categories?post=349844"},{"taxonomy":"post_tag","embeddable":true,"href":"https:\/\/dicodusport.fr\/blog\/wp-json\/wp\/v2\/tags?post=349844"}],"curies":[{"name":"wp","href":"https:\/\/api.w.org\/{rel}","templated":true}]}}