{"id":350199,"date":"2023-01-30T07:51:22","date_gmt":"2023-01-30T06:51:22","guid":{"rendered":"https:\/\/dicodusport.fr\/blog\/?p=350199&#038;preview=true&#038;preview_id=350199"},"modified":"2023-01-30T07:51:22","modified_gmt":"2023-01-30T06:51:22","slug":"tour-de-san-juan-2023-sam-welsford-gagne-la-7eme-etape-miguel-angel-lopez-remporte-le-general","status":"publish","type":"post","link":"https:\/\/dicodusport.fr\/blog\/tour-de-san-juan-2023-sam-welsford-gagne-la-7eme-etape-miguel-angel-lopez-remporte-le-general\/","title":{"rendered":"Tour de San Juan 2023 : Sam Welsford gagne la 7\u00e8me \u00e9tape, Miguel Angel Lopez remporte le g\u00e9n\u00e9ral"},"content":{"rendered":"<p style=\"text-align: justify;\"><em><a style=\"font-weight: bold;\" href=\"https:\/\/dicodusport.fr\/blog\/actualites\/cyclisme\/cyclisme-sur-route-2023\/\">CYCLISME SUR ROUTE 2023<\/a><b> \u2013 D\u00e9j\u00e0 vainqueur hier, Sam Welsford (Team DSM) a remport\u00e9 au sprint la septi\u00e8me et derni\u00e8re \u00e9tape du <\/b><a style=\"font-weight: bold;\" href=\"https:\/\/dicodusport.fr\/blog\/tour-de-san-juan-2023-le-parcours-en-detail\/\">Tour de San Juan<\/a><b> en Argentine, dimanche, dans San Juan. Il a devanc\u00e9 Fabio Jakobsen (Soudal Quick-Step) et Giacomo Nizzolo (Israel Premier Tech).\u00a0<\/b><\/em><\/p>\n<p style=\"text-align: justify;\">La derni\u00e8re \u00e9tape de ce Tour de San Juan 2023 \u00e9tait constitu\u00e9e de sept tours d&rsquo;un circuit tout plat sur la grande rocade de la ville de San Juan. Les coureurs ont donc emprunt\u00e9 une route tr\u00e8s large avec un nombreux public sur un id\u00e9al pour les sprinteurs.<\/p>\n<h2>Une derni\u00e8re \u00e9tape anim\u00e9e<\/h2>\n<p style=\"text-align: justify;\">Apr\u00e8s un premier tour en hommage \u00e0 Maximiliano Richeze, quatre coureurs ont constitu\u00e9 l&rsquo;\u00e9chapp\u00e9e du jour : <strong>Mathias Vacek<\/strong> (Trek &#8211; Segafredo), <strong>Jens Reynders<\/strong> (Israel &#8211; Premier Tech), <strong>Carlos Salgueiro<\/strong> (APHotels and Resorts &#8211; Tavira) et <strong>Laureano Rosas<\/strong> (Gremios por el Deporte \u2013 Cutral Co). Leur avance n&rsquo;a jamais d\u00e9pass\u00e9 la minute sur un peloton emmen\u00e9 dans un premier temps par l&rsquo;\u00e9quipe Medellin EPM de Miguel Angel Lopez.<\/p>\n<p style=\"text-align: justify;\">Ensuite, <strong>Jens Reynders<\/strong> (Israel Premier Tech) s&rsquo;est relev\u00e9 apr\u00e8s avoir remport\u00e9 le premier sprint interm\u00e9diaire et a \u00e9t\u00e9 repris par le peloton \u00e0 75 kilom\u00e8tres de l&rsquo;arriv\u00e9e. <strong>Laureano Rosas<\/strong> (Gremios por el Deporte \u2013 Cutral Co) a remport\u00e9 le second sprint interm\u00e9diaire et a \u00e9t\u00e9 distanc\u00e9 \u00e0 27 kilom\u00e8tres du terme.<\/p>\n<p style=\"text-align: justify;\">Puis, les \u00e9quipes Bora Hansgrohe et Soudal Quick-Step ont pris la poursuite en main pour reprendre les deux fuyards \u00e0 15 kilom\u00e8tres. Mais, <strong>Remco Evenepoel<\/strong> (Soudal Quick-Step) et <strong>Quinn Simmons<\/strong> (Trek Segafredo) sont partis en costauds juste apr\u00e8s. Cette offensive a oblig\u00e9 les formations INEOS Grenadiers, Movistar et TotalEnergies \u00e0 rouler pour reprendre les deux hommes de t\u00eate \u00e0 3 kilom\u00e8tres du terme.<\/p>\n<h2>La passe de deux pour Sam Welsford<\/h2>\n<p style=\"text-align: justify;\">Finalement, apr\u00e8s le coup du kilom\u00e8tre de Michael Morkov, <strong>Sam Welsford<\/strong> (Team DSM) s&rsquo;est montr\u00e9 le plus v\u00e9loce devant <strong>Fabio Jakobsen<\/strong> (Soudal Quick-Step) et <strong>Giacomo Nizzolo<\/strong> (Israel Premier Tech). L&rsquo;Italien a lanc\u00e9 trop t\u00f4t son sprint tandis que le champion d&rsquo;Europe a d\u00fb passer le long des barri\u00e8res apr\u00e8s un mauvais placement dans le dernier kilom\u00e8tre.<\/p>\n<p style=\"text-align: justify;\">Au classement g\u00e9n\u00e9ral, <strong>Miguel Angel Lopez<\/strong> (Medellin EPM) s&rsquo;est impos\u00e9 devant <strong>Filippo Ganna<\/strong> (INEOS Grenadiers).<\/p>\n<blockquote class=\"twitter-tweet\">\n<p dir=\"ltr\" lang=\"fr\">D\u00e9j\u00e0 vainqueur hier, Sam Welsford (DSM) gagne au sprint la 7e et derni\u00e8re \u00e9tape de <a href=\"https:\/\/twitter.com\/hashtag\/VueltaSJ2023?src=hash&amp;ref_src=twsrc%5Etfw\">#VueltaSJ2023<\/a> devant Fabio Jakobsen et Giacomo Nizzolo. Miguel Angel Lopez remporte le g\u00e9n\u00e9ral du <a href=\"https:\/\/twitter.com\/hashtag\/VueltaSJ23?src=hash&amp;ref_src=twsrc%5Etfw\">#VueltaSJ23<\/a> devant Filippo Ganna. <a href=\"https:\/\/twitter.com\/hashtag\/vueltasanjuan?src=hash&amp;ref_src=twsrc%5Etfw\">#vueltasanjuan<\/a> <a href=\"https:\/\/twitter.com\/hashtag\/VueltaSJ?src=hash&amp;ref_src=twsrc%5Etfw\">#VueltaSJ<\/a> <a href=\"https:\/\/t.co\/DoYqLy5IgK\">pic.twitter.com\/DoYqLy5IgK<\/a><\/p>\n<p>\u2014 Les Rois du Peloton (@LRoisDuPeloton) <a href=\"https:\/\/twitter.com\/LRoisDuPeloton\/status\/1619841416376766464?ref_src=twsrc%5Etfw\">January 29, 2023<\/a><\/p><\/blockquote>\n<p><script async src=\"https:\/\/platform.twitter.com\/widgets.js\" charset=\"utf-8\"><\/script><\/p>\n<h2 style=\"text-align: justify;\">\u00c0 lire aussi<\/h2>\n<ul>\n<li style=\"text-align: justify;\"><a title=\"Tour de San Juan 2023 \u2013 Classement g\u00e9n\u00e9ral\" href=\"https:\/\/dicodusport.fr\/blog\/tour-de-san-juan-2023-classement-general\/\" target=\"_blank\" rel=\"noopener\"><b>Le classement de la 7\u00e8me \u00e9tape Tour de San Juan 2023<\/b><\/a><\/li>\n<li style=\"text-align: justify;\"><a href=\"https:\/\/dicodusport.fr\/blog\/tour-de-san-juan-2023-classement-general\/\"><strong>Le classement g\u00e9n\u00e9ral du Tour de San Juan 2023<\/strong><\/a><\/li>\n<\/ul>\n","protected":false},"excerpt":{"rendered":"<p>CYCLISME SUR ROUTE 2023 \u2013 Sam Welsford (Team DSM) s&rsquo;est impos\u00e9 au sprint sur la septi\u00e8me \u00e9tape du Tour de San Juan en Argentine.<\/p>\n","protected":false},"author":48,"featured_media":350255,"comment_status":"open","ping_status":"closed","sticky":false,"template":"","format":"standard","meta":{"_acf_changed":false,"_daextam_enable_autolinks":"","footnotes":""},"categories":[46994],"tags":[574,11931,9664],"class_list":["post-350199","post","type-post","status-publish","format-standard","has-post-thumbnail","hentry","category-cyclisme-sur-route","tag-cyclisme","tag-miguel-angel-lopez","tag-tour-de-san-juan"],"acf":[],"yoast_head":"<!-- This site is optimized with the Yoast SEO Premium plugin v26.7 (Yoast SEO v26.7) - https:\/\/yoast.com\/wordpress\/plugins\/seo\/ -->\n<title>Tour de San Juan 2023 : Sam Welsford gagne la 7\u00e8me \u00e9tape, Miguel Angel Lopez remporte le g\u00e9n\u00e9ral<\/title>\n<meta name=\"description\" content=\"CYCLISME SUR ROUTE 2023 \u2013 Sam Welsford (Team DSM) s&#039;est impos\u00e9 au sprint sur la septi\u00e8me \u00e9tape du Tour de San Juan en Argentine.\" \/>\n<meta name=\"robots\" content=\"index, follow, max-snippet:-1, max-image-preview:large, max-video-preview:-1\" \/>\n<link rel=\"canonical\" href=\"https:\/\/dicodusport.fr\/blog\/tour-de-san-juan-2023-sam-welsford-gagne-la-7eme-etape-miguel-angel-lopez-remporte-le-general\/\" \/>\n<meta property=\"og:locale\" content=\"fr_FR\" \/>\n<meta property=\"og:type\" content=\"article\" \/>\n<meta property=\"og:title\" content=\"Tour de San Juan 2023 : Sam Welsford gagne la 7\u00e8me \u00e9tape, Miguel Angel Lopez remporte le g\u00e9n\u00e9ral\" \/>\n<meta property=\"og:description\" content=\"CYCLISME SUR ROUTE 2023 \u2013 Sam Welsford (Team DSM) s&#039;est impos\u00e9 au sprint sur la septi\u00e8me \u00e9tape du Tour de San Juan en Argentine.\" \/>\n<meta property=\"og:url\" content=\"https:\/\/dicodusport.fr\/blog\/tour-de-san-juan-2023-sam-welsford-gagne-la-7eme-etape-miguel-angel-lopez-remporte-le-general\/\" \/>\n<meta property=\"og:site_name\" content=\"Dicodusport\" \/>\n<meta property=\"article:publisher\" content=\"https:\/\/www.facebook.com\/dicodusport\" \/>\n<meta property=\"article:author\" content=\"https:\/\/www.facebook.com\/groups\/LesRoisDuPeloton\" \/>\n<meta property=\"article:published_time\" content=\"2023-01-30T06:51:22+00:00\" \/>\n<meta property=\"og:image\" content=\"https:\/\/dicodusport.fr\/blog\/wp-content\/uploads\/2023\/01\/Tour-de-San-Juan-2023-Sam-Welsford-gagne-la-7eme-etape.jpg\" \/>\n\t<meta property=\"og:image:width\" content=\"800\" \/>\n\t<meta property=\"og:image:height\" content=\"446\" \/>\n\t<meta property=\"og:image:type\" content=\"image\/jpeg\" \/>\n<meta name=\"author\" content=\"Emilien Descampiaux\" \/>\n<meta name=\"twitter:card\" content=\"summary_large_image\" \/>\n<meta name=\"twitter:title\" content=\"Tour de San Juan 2023 : Sam Welsford gagne la 7\u00e8me \u00e9tape, Miguel Angel Lopez remporte le g\u00e9n\u00e9ral\" \/>\n<meta name=\"twitter:creator\" content=\"@https:\/\/twitter.com\/LRoisDuPeloton\" \/>\n<meta name=\"twitter:site\" content=\"@dicodusport\" \/>\n<script type=\"application\/ld+json\" class=\"yoast-schema-graph\">{\"@context\":\"https:\/\/schema.org\",\"@graph\":[{\"@type\":\"NewsArticle\",\"@id\":\"https:\/\/dicodusport.fr\/blog\/tour-de-san-juan-2023-sam-welsford-gagne-la-7eme-etape-miguel-angel-lopez-remporte-le-general\/#article\",\"isPartOf\":{\"@id\":\"https:\/\/dicodusport.fr\/blog\/tour-de-san-juan-2023-sam-welsford-gagne-la-7eme-etape-miguel-angel-lopez-remporte-le-general\/\"},\"author\":{\"name\":\"Emilien Descampiaux\",\"@id\":\"https:\/\/dicodusport.fr\/blog\/#\/schema\/person\/6db4bae06b171592211be385b32876a7\"},\"headline\":\"Tour de San Juan 2023 : Sam Welsford gagne la 7\u00e8me \u00e9tape, Miguel Angel Lopez remporte le g\u00e9n\u00e9ral\",\"datePublished\":\"2023-01-30T06:51:22+00:00\",\"mainEntityOfPage\":{\"@id\":\"https:\/\/dicodusport.fr\/blog\/tour-de-san-juan-2023-sam-welsford-gagne-la-7eme-etape-miguel-angel-lopez-remporte-le-general\/\"},\"wordCount\":472,\"commentCount\":0,\"publisher\":{\"@id\":\"https:\/\/dicodusport.fr\/blog\/#organization\"},\"image\":{\"@id\":\"https:\/\/dicodusport.fr\/blog\/tour-de-san-juan-2023-sam-welsford-gagne-la-7eme-etape-miguel-angel-lopez-remporte-le-general\/#primaryimage\"},\"thumbnailUrl\":\"https:\/\/dicodusport.fr\/blog\/wp-content\/uploads\/2023\/01\/Tour-de-San-Juan-2023-Sam-Welsford-gagne-la-7eme-etape.jpg\",\"keywords\":[\"Cyclisme\",\"Miguel Angel Lopez\",\"Tour de San Juan\"],\"articleSection\":[\"Cyclisme sur route\"],\"inLanguage\":\"fr-FR\",\"potentialAction\":[{\"@type\":\"CommentAction\",\"name\":\"Comment\",\"target\":[\"https:\/\/dicodusport.fr\/blog\/tour-de-san-juan-2023-sam-welsford-gagne-la-7eme-etape-miguel-angel-lopez-remporte-le-general\/#respond\"]}],\"copyrightYear\":\"2023\",\"copyrightHolder\":{\"@id\":\"https:\/\/dicodusport.fr\/blog\/#organization\"}},{\"@type\":\"WebPage\",\"@id\":\"https:\/\/dicodusport.fr\/blog\/tour-de-san-juan-2023-sam-welsford-gagne-la-7eme-etape-miguel-angel-lopez-remporte-le-general\/\",\"url\":\"https:\/\/dicodusport.fr\/blog\/tour-de-san-juan-2023-sam-welsford-gagne-la-7eme-etape-miguel-angel-lopez-remporte-le-general\/\",\"name\":\"Tour de San Juan 2023 : Sam Welsford gagne la 7\u00e8me \u00e9tape, Miguel Angel Lopez remporte le g\u00e9n\u00e9ral\",\"isPartOf\":{\"@id\":\"https:\/\/dicodusport.fr\/blog\/#website\"},\"primaryImageOfPage\":{\"@id\":\"https:\/\/dicodusport.fr\/blog\/tour-de-san-juan-2023-sam-welsford-gagne-la-7eme-etape-miguel-angel-lopez-remporte-le-general\/#primaryimage\"},\"image\":{\"@id\":\"https:\/\/dicodusport.fr\/blog\/tour-de-san-juan-2023-sam-welsford-gagne-la-7eme-etape-miguel-angel-lopez-remporte-le-general\/#primaryimage\"},\"thumbnailUrl\":\"https:\/\/dicodusport.fr\/blog\/wp-content\/uploads\/2023\/01\/Tour-de-San-Juan-2023-Sam-Welsford-gagne-la-7eme-etape.jpg\",\"datePublished\":\"2023-01-30T06:51:22+00:00\",\"description\":\"CYCLISME SUR ROUTE 2023 \u2013 Sam Welsford (Team DSM) s'est impos\u00e9 au sprint sur la septi\u00e8me \u00e9tape du Tour de San Juan en Argentine.\",\"breadcrumb\":{\"@id\":\"https:\/\/dicodusport.fr\/blog\/tour-de-san-juan-2023-sam-welsford-gagne-la-7eme-etape-miguel-angel-lopez-remporte-le-general\/#breadcrumb\"},\"inLanguage\":\"fr-FR\",\"potentialAction\":[{\"@type\":\"ReadAction\",\"target\":[\"https:\/\/dicodusport.fr\/blog\/tour-de-san-juan-2023-sam-welsford-gagne-la-7eme-etape-miguel-angel-lopez-remporte-le-general\/\"]}]},{\"@type\":\"ImageObject\",\"inLanguage\":\"fr-FR\",\"@id\":\"https:\/\/dicodusport.fr\/blog\/tour-de-san-juan-2023-sam-welsford-gagne-la-7eme-etape-miguel-angel-lopez-remporte-le-general\/#primaryimage\",\"url\":\"https:\/\/dicodusport.fr\/blog\/wp-content\/uploads\/2023\/01\/Tour-de-San-Juan-2023-Sam-Welsford-gagne-la-7eme-etape.jpg\",\"contentUrl\":\"https:\/\/dicodusport.fr\/blog\/wp-content\/uploads\/2023\/01\/Tour-de-San-Juan-2023-Sam-Welsford-gagne-la-7eme-etape.jpg\",\"width\":800,\"height\":446,\"caption\":\"Tour de San Juan 2023 Sam Welsford gagne la 7\u00e8me \u00e9tape\"},{\"@type\":\"BreadcrumbList\",\"@id\":\"https:\/\/dicodusport.fr\/blog\/tour-de-san-juan-2023-sam-welsford-gagne-la-7eme-etape-miguel-angel-lopez-remporte-le-general\/#breadcrumb\",\"itemListElement\":[{\"@type\":\"ListItem\",\"position\":1,\"name\":\"Accueil\",\"item\":\"https:\/\/dicodusport.fr\/blog\/\"},{\"@type\":\"ListItem\",\"position\":2,\"name\":\"Tour de San Juan 2023 : Sam Welsford gagne la 7\u00e8me \u00e9tape, Miguel Angel Lopez remporte le g\u00e9n\u00e9ral\"}]},{\"@type\":\"WebSite\",\"@id\":\"https:\/\/dicodusport.fr\/blog\/#website\",\"url\":\"https:\/\/dicodusport.fr\/blog\/\",\"name\":\"Dicodusport\",\"description\":\"L&#039;encyclop\u00e9die de l&#039;actualit\u00e9 sportive\",\"publisher\":{\"@id\":\"https:\/\/dicodusport.fr\/blog\/#organization\"},\"potentialAction\":[{\"@type\":\"SearchAction\",\"target\":{\"@type\":\"EntryPoint\",\"urlTemplate\":\"https:\/\/dicodusport.fr\/blog\/?s={search_term_string}\"},\"query-input\":{\"@type\":\"PropertyValueSpecification\",\"valueRequired\":true,\"valueName\":\"search_term_string\"}}],\"inLanguage\":\"fr-FR\"},{\"@type\":\"NewsMediaOrganization\",\"@id\":\"https:\/\/dicodusport.fr\/blog\/#organization\",\"name\":\"Dicodusport\",\"url\":\"https:\/\/dicodusport.fr\/blog\/\",\"logo\":{\"@type\":\"ImageObject\",\"inLanguage\":\"fr-FR\",\"@id\":\"https:\/\/dicodusport.fr\/blog\/#\/schema\/logo\/image\/\",\"url\":\"https:\/\/dicodusport.fr\/blog\/wp-content\/uploads\/2020\/06\/cropped-LOGO-DICODUSPORT-2020-SANS-FOND-SANS-TEXTE.png\",\"contentUrl\":\"https:\/\/dicodusport.fr\/blog\/wp-content\/uploads\/2020\/06\/cropped-LOGO-DICODUSPORT-2020-SANS-FOND-SANS-TEXTE.png\",\"width\":512,\"height\":512,\"caption\":\"Dicodusport\"},\"image\":{\"@id\":\"https:\/\/dicodusport.fr\/blog\/#\/schema\/logo\/image\/\"},\"sameAs\":[\"https:\/\/www.facebook.com\/dicodusport\",\"https:\/\/x.com\/dicodusport\",\"https:\/\/www.instagram.com\/dicodusport\/\",\"https:\/\/www.youtube.com\/channel\/UC7V2KZ5sd3htJivAbA4ZG3w\"],\"description\":\"Dicodusport est l'encyclop\u00e9die de l'actualit\u00e9 sportive.\",\"email\":\"bonjour@dicodusport.fr\",\"legalName\":\"DICODUSPORT\",\"foundingDate\":\"2018-01-14\",\"vatID\":\"FR71834470973\",\"taxID\":\"83447097300043\",\"numberOfEmployees\":{\"@type\":\"QuantitativeValue\",\"minValue\":\"1\",\"maxValue\":\"10\"}},{\"@type\":\"Person\",\"@id\":\"https:\/\/dicodusport.fr\/blog\/#\/schema\/person\/6db4bae06b171592211be385b32876a7\",\"name\":\"Emilien Descampiaux\",\"image\":{\"@type\":\"ImageObject\",\"inLanguage\":\"fr-FR\",\"@id\":\"https:\/\/dicodusport.fr\/blog\/#\/schema\/person\/image\/\",\"url\":\"https:\/\/dicodusport.fr\/blog\/wp-content\/uploads\/2021\/05\/Emilien-Descampiaux-150x150.jpg\",\"contentUrl\":\"https:\/\/dicodusport.fr\/blog\/wp-content\/uploads\/2021\/05\/Emilien-Descampiaux-150x150.jpg\",\"caption\":\"Emilien Descampiaux\"},\"description\":\"Journaliste\/r\u00e9dacteur depuis 2014 - Fan de la classe de Frank Vandenbroucke, je vis cyclisme (et de ses paysages) depuis plus de 20 ans. Je suis tr\u00e8s impliqu\u00e9 sur mes diff\u00e9rents r\u00e9seaux sociaux pour partager ma passion sur le monde et l'Histoire de la bicyclette avec ma voix sur les images en noir et blanc du succ\u00e8s de Rik Van Steenbergen lors du Ronde sur le V\u00e9lodrome de Gand.\",\"sameAs\":[\"https:\/\/www.facebook.com\/groups\/LesRoisDuPeloton\",\"https:\/\/x.com\/https:\/\/twitter.com\/LRoisDuPeloton\"],\"url\":\"https:\/\/dicodusport.fr\/blog\/author\/emiliend\/\"}]}<\/script>\n<!-- \/ Yoast SEO Premium plugin. -->","yoast_head_json":{"title":"Tour de San Juan 2023 : Sam Welsford gagne la 7\u00e8me \u00e9tape, Miguel Angel Lopez remporte le g\u00e9n\u00e9ral","description":"CYCLISME SUR ROUTE 2023 \u2013 Sam Welsford (Team DSM) s'est impos\u00e9 au sprint sur la septi\u00e8me \u00e9tape du Tour de San Juan en Argentine.","robots":{"index":"index","follow":"follow","max-snippet":"max-snippet:-1","max-image-preview":"max-image-preview:large","max-video-preview":"max-video-preview:-1"},"canonical":"https:\/\/dicodusport.fr\/blog\/tour-de-san-juan-2023-sam-welsford-gagne-la-7eme-etape-miguel-angel-lopez-remporte-le-general\/","og_locale":"fr_FR","og_type":"article","og_title":"Tour de San Juan 2023 : Sam Welsford gagne la 7\u00e8me \u00e9tape, Miguel Angel Lopez remporte le g\u00e9n\u00e9ral","og_description":"CYCLISME SUR ROUTE 2023 \u2013 Sam Welsford (Team DSM) s'est impos\u00e9 au sprint sur la septi\u00e8me \u00e9tape du Tour de San Juan en Argentine.","og_url":"https:\/\/dicodusport.fr\/blog\/tour-de-san-juan-2023-sam-welsford-gagne-la-7eme-etape-miguel-angel-lopez-remporte-le-general\/","og_site_name":"Dicodusport","article_publisher":"https:\/\/www.facebook.com\/dicodusport","article_author":"https:\/\/www.facebook.com\/groups\/LesRoisDuPeloton","article_published_time":"2023-01-30T06:51:22+00:00","og_image":[{"width":800,"height":446,"url":"https:\/\/dicodusport.fr\/blog\/wp-content\/uploads\/2023\/01\/Tour-de-San-Juan-2023-Sam-Welsford-gagne-la-7eme-etape.jpg","type":"image\/jpeg"}],"author":"Emilien Descampiaux","twitter_card":"summary_large_image","twitter_title":"Tour de San Juan 2023 : Sam Welsford gagne la 7\u00e8me \u00e9tape, Miguel Angel Lopez remporte le g\u00e9n\u00e9ral","twitter_creator":"@https:\/\/twitter.com\/LRoisDuPeloton","twitter_site":"@dicodusport","schema":{"@context":"https:\/\/schema.org","@graph":[{"@type":"NewsArticle","@id":"https:\/\/dicodusport.fr\/blog\/tour-de-san-juan-2023-sam-welsford-gagne-la-7eme-etape-miguel-angel-lopez-remporte-le-general\/#article","isPartOf":{"@id":"https:\/\/dicodusport.fr\/blog\/tour-de-san-juan-2023-sam-welsford-gagne-la-7eme-etape-miguel-angel-lopez-remporte-le-general\/"},"author":{"name":"Emilien Descampiaux","@id":"https:\/\/dicodusport.fr\/blog\/#\/schema\/person\/6db4bae06b171592211be385b32876a7"},"headline":"Tour de San Juan 2023 : Sam Welsford gagne la 7\u00e8me \u00e9tape, Miguel Angel Lopez remporte le g\u00e9n\u00e9ral","datePublished":"2023-01-30T06:51:22+00:00","mainEntityOfPage":{"@id":"https:\/\/dicodusport.fr\/blog\/tour-de-san-juan-2023-sam-welsford-gagne-la-7eme-etape-miguel-angel-lopez-remporte-le-general\/"},"wordCount":472,"commentCount":0,"publisher":{"@id":"https:\/\/dicodusport.fr\/blog\/#organization"},"image":{"@id":"https:\/\/dicodusport.fr\/blog\/tour-de-san-juan-2023-sam-welsford-gagne-la-7eme-etape-miguel-angel-lopez-remporte-le-general\/#primaryimage"},"thumbnailUrl":"https:\/\/dicodusport.fr\/blog\/wp-content\/uploads\/2023\/01\/Tour-de-San-Juan-2023-Sam-Welsford-gagne-la-7eme-etape.jpg","keywords":["Cyclisme","Miguel Angel Lopez","Tour de San Juan"],"articleSection":["Cyclisme sur route"],"inLanguage":"fr-FR","potentialAction":[{"@type":"CommentAction","name":"Comment","target":["https:\/\/dicodusport.fr\/blog\/tour-de-san-juan-2023-sam-welsford-gagne-la-7eme-etape-miguel-angel-lopez-remporte-le-general\/#respond"]}],"copyrightYear":"2023","copyrightHolder":{"@id":"https:\/\/dicodusport.fr\/blog\/#organization"}},{"@type":"WebPage","@id":"https:\/\/dicodusport.fr\/blog\/tour-de-san-juan-2023-sam-welsford-gagne-la-7eme-etape-miguel-angel-lopez-remporte-le-general\/","url":"https:\/\/dicodusport.fr\/blog\/tour-de-san-juan-2023-sam-welsford-gagne-la-7eme-etape-miguel-angel-lopez-remporte-le-general\/","name":"Tour de San Juan 2023 : Sam Welsford gagne la 7\u00e8me \u00e9tape, Miguel Angel Lopez remporte le g\u00e9n\u00e9ral","isPartOf":{"@id":"https:\/\/dicodusport.fr\/blog\/#website"},"primaryImageOfPage":{"@id":"https:\/\/dicodusport.fr\/blog\/tour-de-san-juan-2023-sam-welsford-gagne-la-7eme-etape-miguel-angel-lopez-remporte-le-general\/#primaryimage"},"image":{"@id":"https:\/\/dicodusport.fr\/blog\/tour-de-san-juan-2023-sam-welsford-gagne-la-7eme-etape-miguel-angel-lopez-remporte-le-general\/#primaryimage"},"thumbnailUrl":"https:\/\/dicodusport.fr\/blog\/wp-content\/uploads\/2023\/01\/Tour-de-San-Juan-2023-Sam-Welsford-gagne-la-7eme-etape.jpg","datePublished":"2023-01-30T06:51:22+00:00","description":"CYCLISME SUR ROUTE 2023 \u2013 Sam Welsford (Team DSM) s'est impos\u00e9 au sprint sur la septi\u00e8me \u00e9tape du Tour de San Juan en Argentine.","breadcrumb":{"@id":"https:\/\/dicodusport.fr\/blog\/tour-de-san-juan-2023-sam-welsford-gagne-la-7eme-etape-miguel-angel-lopez-remporte-le-general\/#breadcrumb"},"inLanguage":"fr-FR","potentialAction":[{"@type":"ReadAction","target":["https:\/\/dicodusport.fr\/blog\/tour-de-san-juan-2023-sam-welsford-gagne-la-7eme-etape-miguel-angel-lopez-remporte-le-general\/"]}]},{"@type":"ImageObject","inLanguage":"fr-FR","@id":"https:\/\/dicodusport.fr\/blog\/tour-de-san-juan-2023-sam-welsford-gagne-la-7eme-etape-miguel-angel-lopez-remporte-le-general\/#primaryimage","url":"https:\/\/dicodusport.fr\/blog\/wp-content\/uploads\/2023\/01\/Tour-de-San-Juan-2023-Sam-Welsford-gagne-la-7eme-etape.jpg","contentUrl":"https:\/\/dicodusport.fr\/blog\/wp-content\/uploads\/2023\/01\/Tour-de-San-Juan-2023-Sam-Welsford-gagne-la-7eme-etape.jpg","width":800,"height":446,"caption":"Tour de San Juan 2023 Sam Welsford gagne la 7\u00e8me \u00e9tape"},{"@type":"BreadcrumbList","@id":"https:\/\/dicodusport.fr\/blog\/tour-de-san-juan-2023-sam-welsford-gagne-la-7eme-etape-miguel-angel-lopez-remporte-le-general\/#breadcrumb","itemListElement":[{"@type":"ListItem","position":1,"name":"Accueil","item":"https:\/\/dicodusport.fr\/blog\/"},{"@type":"ListItem","position":2,"name":"Tour de San Juan 2023 : Sam Welsford gagne la 7\u00e8me \u00e9tape, Miguel Angel Lopez remporte le g\u00e9n\u00e9ral"}]},{"@type":"WebSite","@id":"https:\/\/dicodusport.fr\/blog\/#website","url":"https:\/\/dicodusport.fr\/blog\/","name":"Dicodusport","description":"L&#039;encyclop\u00e9die de l&#039;actualit\u00e9 sportive","publisher":{"@id":"https:\/\/dicodusport.fr\/blog\/#organization"},"potentialAction":[{"@type":"SearchAction","target":{"@type":"EntryPoint","urlTemplate":"https:\/\/dicodusport.fr\/blog\/?s={search_term_string}"},"query-input":{"@type":"PropertyValueSpecification","valueRequired":true,"valueName":"search_term_string"}}],"inLanguage":"fr-FR"},{"@type":"NewsMediaOrganization","@id":"https:\/\/dicodusport.fr\/blog\/#organization","name":"Dicodusport","url":"https:\/\/dicodusport.fr\/blog\/","logo":{"@type":"ImageObject","inLanguage":"fr-FR","@id":"https:\/\/dicodusport.fr\/blog\/#\/schema\/logo\/image\/","url":"https:\/\/dicodusport.fr\/blog\/wp-content\/uploads\/2020\/06\/cropped-LOGO-DICODUSPORT-2020-SANS-FOND-SANS-TEXTE.png","contentUrl":"https:\/\/dicodusport.fr\/blog\/wp-content\/uploads\/2020\/06\/cropped-LOGO-DICODUSPORT-2020-SANS-FOND-SANS-TEXTE.png","width":512,"height":512,"caption":"Dicodusport"},"image":{"@id":"https:\/\/dicodusport.fr\/blog\/#\/schema\/logo\/image\/"},"sameAs":["https:\/\/www.facebook.com\/dicodusport","https:\/\/x.com\/dicodusport","https:\/\/www.instagram.com\/dicodusport\/","https:\/\/www.youtube.com\/channel\/UC7V2KZ5sd3htJivAbA4ZG3w"],"description":"Dicodusport est l'encyclop\u00e9die de l'actualit\u00e9 sportive.","email":"bonjour@dicodusport.fr","legalName":"DICODUSPORT","foundingDate":"2018-01-14","vatID":"FR71834470973","taxID":"83447097300043","numberOfEmployees":{"@type":"QuantitativeValue","minValue":"1","maxValue":"10"}},{"@type":"Person","@id":"https:\/\/dicodusport.fr\/blog\/#\/schema\/person\/6db4bae06b171592211be385b32876a7","name":"Emilien Descampiaux","image":{"@type":"ImageObject","inLanguage":"fr-FR","@id":"https:\/\/dicodusport.fr\/blog\/#\/schema\/person\/image\/","url":"https:\/\/dicodusport.fr\/blog\/wp-content\/uploads\/2021\/05\/Emilien-Descampiaux-150x150.jpg","contentUrl":"https:\/\/dicodusport.fr\/blog\/wp-content\/uploads\/2021\/05\/Emilien-Descampiaux-150x150.jpg","caption":"Emilien Descampiaux"},"description":"Journaliste\/r\u00e9dacteur depuis 2014 - Fan de la classe de Frank Vandenbroucke, je vis cyclisme (et de ses paysages) depuis plus de 20 ans. Je suis tr\u00e8s impliqu\u00e9 sur mes diff\u00e9rents r\u00e9seaux sociaux pour partager ma passion sur le monde et l'Histoire de la bicyclette avec ma voix sur les images en noir et blanc du succ\u00e8s de Rik Van Steenbergen lors du Ronde sur le V\u00e9lodrome de Gand.","sameAs":["https:\/\/www.facebook.com\/groups\/LesRoisDuPeloton","https:\/\/x.com\/https:\/\/twitter.com\/LRoisDuPeloton"],"url":"https:\/\/dicodusport.fr\/blog\/author\/emiliend\/"}]}},"_links":{"self":[{"href":"https:\/\/dicodusport.fr\/blog\/wp-json\/wp\/v2\/posts\/350199","targetHints":{"allow":["GET"]}}],"collection":[{"href":"https:\/\/dicodusport.fr\/blog\/wp-json\/wp\/v2\/posts"}],"about":[{"href":"https:\/\/dicodusport.fr\/blog\/wp-json\/wp\/v2\/types\/post"}],"author":[{"embeddable":true,"href":"https:\/\/dicodusport.fr\/blog\/wp-json\/wp\/v2\/users\/48"}],"replies":[{"embeddable":true,"href":"https:\/\/dicodusport.fr\/blog\/wp-json\/wp\/v2\/comments?post=350199"}],"version-history":[{"count":0,"href":"https:\/\/dicodusport.fr\/blog\/wp-json\/wp\/v2\/posts\/350199\/revisions"}],"wp:featuredmedia":[{"embeddable":true,"href":"https:\/\/dicodusport.fr\/blog\/wp-json\/wp\/v2\/media\/350255"}],"wp:attachment":[{"href":"https:\/\/dicodusport.fr\/blog\/wp-json\/wp\/v2\/media?parent=350199"}],"wp:term":[{"taxonomy":"category","embeddable":true,"href":"https:\/\/dicodusport.fr\/blog\/wp-json\/wp\/v2\/categories?post=350199"},{"taxonomy":"post_tag","embeddable":true,"href":"https:\/\/dicodusport.fr\/blog\/wp-json\/wp\/v2\/tags?post=350199"}],"curies":[{"name":"wp","href":"https:\/\/api.w.org\/{rel}","templated":true}]}}