{"id":350416,"date":"2023-01-30T17:15:50","date_gmt":"2023-01-30T16:15:50","guid":{"rendered":"https:\/\/dicodusport.fr\/blog\/?p=350416&#038;preview=true&#038;preview_id=350416"},"modified":"2023-01-30T18:55:32","modified_gmt":"2023-01-30T17:55:32","slug":"ce-que-gagnait-bernard-laporte-a-la-tete-de-la-federation-francaise-de-rugby","status":"publish","type":"post","link":"https:\/\/dicodusport.fr\/blog\/ce-que-gagnait-bernard-laporte-a-la-tete-de-la-federation-francaise-de-rugby\/","title":{"rendered":"Ce que gagnait Bernard Laporte \u00e0 la t\u00eate de la F\u00e9d\u00e9ration Fran\u00e7aise de Rugby"},"content":{"rendered":"<p align=\"justify\"><em><b>RUGBY \u00c0 XV &#8211; R\u00e9cemment pouss\u00e9 \u00e0 la d\u00e9mission de son poste de pr\u00e9sident de la F\u00e9d\u00e9ration Fran\u00e7aise de Rugby, Bernard Laporte exer\u00e7ait son mandat en tant que b\u00e9n\u00e9vole. \u00c0 ce titre, il ne percevait pas un centime de la FFR.<\/b><\/em><\/p>\n<p align=\"justify\"><a href=\"https:\/\/dicodusport.fr\/blog\/ce-que-gagne-noel-le-graet-a-la-tete-de-la-federation-francaise-de-football\/\">\u00c0 l&rsquo;instar de No\u00ebl Le Gra\u00ebt \u00e0 la FFF<\/a>, <strong>Bernard Laporte<\/strong> n&rsquo;\u00e9tait pas r\u00e9mun\u00e9r\u00e9 en tant que pr\u00e9sident de la <strong>F\u00e9d\u00e9ration Fran\u00e7aise de Rugby<\/strong>. En effet, l&rsquo;ancien s\u00e9lectionneur du XV de France exer\u00e7ait ses fonctions en tant que b\u00e9n\u00e9vole, et ne recevait donc aucun centime de la part de la FFR. Cependant, comme le rappellent nos confr\u00e8res de <a href=\"https:\/\/sportune.20minutes.fr\/sport-business\/rugby\/bernard-laporte-demissionnaire-que-gagne-le-president-de-la-ffr-299640\"><em>Sportune<\/em><\/a>, <strong>Bernard Laporte<\/strong> avait lev\u00e9 le voile sur ses revenus per\u00e7us dans le rugby.<\/p>\n<h2 align=\"justify\">37 000 euros de la part de World Rugby<\/h2>\n<p align=\"justify\">Lors d&rsquo;un entretien avec l&rsquo;animateur radio <em>Jordan DeLuxe<\/em> en f\u00e9vrier 2022, l&rsquo;ex-manager du <strong>RC Toulon<\/strong> admettait recevoir <strong>37 000 euros par an de la part de<\/strong> <strong>World Rugby<\/strong>, dans le cadre de ses fonctions de vice-pr\u00e9sident de l&rsquo;institution mondiale du <strong>rugby \u00e0 XV<\/strong>. Un poste dont il s&rsquo;est retir\u00e9 le 13 d\u00e9cembre dernier pr\u00e9cise fort justement <em>Sportune<\/em>, au soir-m\u00eame de sa condamnation.<\/p>\n<p align=\"justify\">Pour rappel, <a href=\"https:\/\/dicodusport.fr\/blog\/ffr-bernard-laporte-demissionne\/\"><strong>Bernard Laporte<\/strong> a d\u00e9missionn\u00e9<\/a> ce vendredi 27 janvier de son poste de pr\u00e9sident de la F\u00e9d\u00e9ration Fran\u00e7aise de Rugby. Une d\u00e9cision prise suite au d\u00e9saveu de la part des clubs amateurs, qui ont d\u00e9cid\u00e9 de ne pas valider la prise de pouvoir de <strong>Patrick Buisson<\/strong>, proche de <strong>Bernard Laporte<\/strong>, \u00e0 la t\u00eate de l&rsquo;instance du rugby fran\u00e7ais. Tout cela a fait suite \u00e0 la condamnation du pr\u00e9sident d\u00e9missionnaire pour <em>\u00ab prise ill\u00e9gale d\u2019int\u00e9r\u00eats sur la signature au nom de la\u00a0<strong>FFR<\/strong>\u00a0du contrat avec\u00a0<strong>AIA<\/strong>, mais aussi du d\u00e9lit de trafic d\u2019influence, de corruption passive \u00bb<\/em>, le 13 d\u00e9cembre dernier.<\/p>\n<h2 style=\"text-align: justify;\" align=\"justify\">\u00c0 lire aussi<\/h2>\n<div class=\"vlp-link-container vlp-layout-article\"><a href=\"https:\/\/dicodusport.fr\/blog\/xv-de-france-le-salaire-de-fabien-galthie-a-la-tete-des-bleus\/\" class=\"vlp-link\" title=\"XV de France : Le salaire de Fabien Galthi\u00e9 \u00e0 la t\u00eate des Bleus\"><\/a><div class=\"vlp-layout-zone-side\"><div class=\"vlp-block-4 vlp-link-image\"><img loading=\"lazy\" decoding=\"async\" style=\"max-width: 800px;\" width=\"800\" height=\"445\" src=\"https:\/\/dicodusport.fr\/blog\/wp-content\/uploads\/2022\/02\/XV-de-France-Le-salaire-de-Fabien-Galthie-a-la-tete-des-Bleus.png\" class=\"attachment-800x445 size-800x445\" alt=\"XV de France Le salaire de Fabien Galthi\u00e9 \u00e0 la t\u00eate des Bleus\" srcset=\"https:\/\/dicodusport.fr\/blog\/wp-content\/uploads\/2022\/02\/XV-de-France-Le-salaire-de-Fabien-Galthie-a-la-tete-des-Bleus.png 800w, https:\/\/dicodusport.fr\/blog\/wp-content\/uploads\/2022\/02\/XV-de-France-Le-salaire-de-Fabien-Galthie-a-la-tete-des-Bleus-300x167.png 300w, https:\/\/dicodusport.fr\/blog\/wp-content\/uploads\/2022\/02\/XV-de-France-Le-salaire-de-Fabien-Galthie-a-la-tete-des-Bleus-768x427.png 768w\" sizes=\"auto, (max-width: 800px) 100vw, 800px\" \/><\/div><\/div><div class=\"vlp-layout-zone-main\"><div class=\"vlp-block-0 vlp-link-title\">XV de France : Le salaire de Fabien Galthi\u00e9 \u00e0 la t\u00eate des Bleus<\/div><div class=\"vlp-block-1 vlp-link-summary\">RUGBY - Le site sp\u00e9cialis\u00e9 TotalSportal a enqu\u00eat\u00e9 sur les salaires des s\u00e9lectionneurs des nations europ\u00e9ennes du Tournoi des 6 Nations. Homme fort du XV de France, Fabien Galthi\u00e9 est le deuxi\u00e8me entra\u00eeneur le mieux pay\u00e9 sur la sc\u00e8ne continentale, derri\u00e8re le s\u00e9lectionneur de l'Angleterre, Eddie Jones.<\/div><div class=\"vlp-block-2 vlp-link-button\">Lire l'article<\/div><div class=\"vlp-block-3 vlp-link-url\">dicodusport.fr<\/div><\/div><\/div>\n","protected":false},"excerpt":{"rendered":"<p>RUGBY \u00c0 XV &#8211; R\u00e9cemment pouss\u00e9 \u00e0 la d\u00e9mission de son poste de pr\u00e9sident de la F\u00e9d\u00e9ration Fran\u00e7aise de Rugby, Bernard Laporte exer\u00e7ait son mandat en tant que b\u00e9n\u00e9vole. \u00c0 ce titre, il ne percevait pas un centime de la FFR.<\/p>\n","protected":false},"author":4,"featured_media":287757,"comment_status":"open","ping_status":"closed","sticky":false,"template":"","format":"standard","meta":{"_acf_changed":false,"_daextam_enable_autolinks":"","footnotes":""},"categories":[9129],"tags":[2293,10289,1253],"class_list":["post-350416","post","type-post","status-publish","format-standard","has-post-thumbnail","hentry","category-rugby-a-xv","tag-bernard-laporte","tag-federation-francaise-de-rugby","tag-ffr"],"acf":[],"yoast_head":"<!-- This site is optimized with the Yoast SEO Premium plugin v26.7 (Yoast SEO v26.7) - https:\/\/yoast.com\/wordpress\/plugins\/seo\/ -->\n<title>Ce que gagnait Bernard Laporte \u00e0 la t\u00eate de la F\u00e9d\u00e9ration Fran\u00e7aise de Rugby<\/title>\n<meta name=\"description\" content=\"FOOTBALL - En poste depuis juin 2011, le pr\u00e9sident de la F\u00e9d\u00e9ration Fran\u00e7aise de Football, No\u00ebl Le Gra\u00ebt, est b\u00e9n\u00e9vole au sein de la FFF.\" \/>\n<meta name=\"robots\" content=\"index, follow, max-snippet:-1, max-image-preview:large, max-video-preview:-1\" \/>\n<link rel=\"canonical\" href=\"https:\/\/dicodusport.fr\/blog\/ce-que-gagnait-bernard-laporte-a-la-tete-de-la-federation-francaise-de-rugby\/\" \/>\n<meta property=\"og:locale\" content=\"fr_FR\" \/>\n<meta property=\"og:type\" content=\"article\" \/>\n<meta property=\"og:title\" content=\"Ce que gagnait Bernard Laporte \u00e0 la t\u00eate de la F\u00e9d\u00e9ration Fran\u00e7aise de Rugby\" \/>\n<meta property=\"og:description\" content=\"FOOTBALL - En poste depuis juin 2011, le pr\u00e9sident de la F\u00e9d\u00e9ration Fran\u00e7aise de Football, No\u00ebl Le Gra\u00ebt, est b\u00e9n\u00e9vole au sein de la FFF.\" \/>\n<meta property=\"og:url\" content=\"https:\/\/dicodusport.fr\/blog\/ce-que-gagnait-bernard-laporte-a-la-tete-de-la-federation-francaise-de-rugby\/\" \/>\n<meta property=\"og:site_name\" content=\"Dicodusport\" \/>\n<meta property=\"article:publisher\" content=\"https:\/\/www.facebook.com\/dicodusport\" \/>\n<meta property=\"article:author\" content=\"https:\/\/www.facebook.com\/florent.ostermann\" \/>\n<meta property=\"article:published_time\" content=\"2023-01-30T16:15:50+00:00\" \/>\n<meta property=\"article:modified_time\" content=\"2023-01-30T17:55:32+00:00\" \/>\n<meta property=\"og:image\" content=\"https:\/\/dicodusport.fr\/blog\/wp-content\/uploads\/2022\/12\/FFR-La-Ministre-des-Sports-demande-le-depart-de-Bernard-Laporte.png\" \/>\n\t<meta property=\"og:image:width\" content=\"800\" \/>\n\t<meta property=\"og:image:height\" content=\"445\" \/>\n\t<meta property=\"og:image:type\" content=\"image\/png\" \/>\n<meta name=\"author\" content=\"Flo Ostermann\" \/>\n<meta name=\"twitter:card\" content=\"summary_large_image\" \/>\n<meta name=\"twitter:title\" content=\"Ce que gagnait Bernard Laporte \u00e0 la t\u00eate de la F\u00e9d\u00e9ration Fran\u00e7aise de Rugby\" \/>\n<meta name=\"twitter:creator\" content=\"@https:\/\/twitter.com\/FlOstermann\" \/>\n<meta name=\"twitter:site\" content=\"@dicodusport\" \/>\n<script type=\"application\/ld+json\" class=\"yoast-schema-graph\">{\"@context\":\"https:\/\/schema.org\",\"@graph\":[{\"@type\":\"NewsArticle\",\"@id\":\"https:\/\/dicodusport.fr\/blog\/ce-que-gagnait-bernard-laporte-a-la-tete-de-la-federation-francaise-de-rugby\/#article\",\"isPartOf\":{\"@id\":\"https:\/\/dicodusport.fr\/blog\/ce-que-gagnait-bernard-laporte-a-la-tete-de-la-federation-francaise-de-rugby\/\"},\"author\":{\"name\":\"Flo Ostermann\",\"@id\":\"https:\/\/dicodusport.fr\/blog\/#\/schema\/person\/cb02af4c173ce4a653b55e9baf388d4a\"},\"headline\":\"Ce que gagnait Bernard Laporte \u00e0 la t\u00eate de la F\u00e9d\u00e9ration Fran\u00e7aise de Rugby\",\"datePublished\":\"2023-01-30T16:15:50+00:00\",\"dateModified\":\"2023-01-30T17:55:32+00:00\",\"mainEntityOfPage\":{\"@id\":\"https:\/\/dicodusport.fr\/blog\/ce-que-gagnait-bernard-laporte-a-la-tete-de-la-federation-francaise-de-rugby\/\"},\"wordCount\":434,\"commentCount\":3,\"publisher\":{\"@id\":\"https:\/\/dicodusport.fr\/blog\/#organization\"},\"image\":{\"@id\":\"https:\/\/dicodusport.fr\/blog\/ce-que-gagnait-bernard-laporte-a-la-tete-de-la-federation-francaise-de-rugby\/#primaryimage\"},\"thumbnailUrl\":\"https:\/\/dicodusport.fr\/blog\/wp-content\/uploads\/2022\/12\/FFR-La-Ministre-des-Sports-demande-le-depart-de-Bernard-Laporte.png\",\"keywords\":[\"Bernard Laporte\",\"F\u00e9d\u00e9ration Fran\u00e7aise de Rugby\",\"FFR\"],\"articleSection\":[\"Rugby \u00e0 XV\"],\"inLanguage\":\"fr-FR\",\"potentialAction\":[{\"@type\":\"CommentAction\",\"name\":\"Comment\",\"target\":[\"https:\/\/dicodusport.fr\/blog\/ce-que-gagnait-bernard-laporte-a-la-tete-de-la-federation-francaise-de-rugby\/#respond\"]}],\"copyrightYear\":\"2023\",\"copyrightHolder\":{\"@id\":\"https:\/\/dicodusport.fr\/blog\/#organization\"}},{\"@type\":\"WebPage\",\"@id\":\"https:\/\/dicodusport.fr\/blog\/ce-que-gagnait-bernard-laporte-a-la-tete-de-la-federation-francaise-de-rugby\/\",\"url\":\"https:\/\/dicodusport.fr\/blog\/ce-que-gagnait-bernard-laporte-a-la-tete-de-la-federation-francaise-de-rugby\/\",\"name\":\"Ce que gagnait Bernard Laporte \u00e0 la t\u00eate de la F\u00e9d\u00e9ration Fran\u00e7aise de Rugby\",\"isPartOf\":{\"@id\":\"https:\/\/dicodusport.fr\/blog\/#website\"},\"primaryImageOfPage\":{\"@id\":\"https:\/\/dicodusport.fr\/blog\/ce-que-gagnait-bernard-laporte-a-la-tete-de-la-federation-francaise-de-rugby\/#primaryimage\"},\"image\":{\"@id\":\"https:\/\/dicodusport.fr\/blog\/ce-que-gagnait-bernard-laporte-a-la-tete-de-la-federation-francaise-de-rugby\/#primaryimage\"},\"thumbnailUrl\":\"https:\/\/dicodusport.fr\/blog\/wp-content\/uploads\/2022\/12\/FFR-La-Ministre-des-Sports-demande-le-depart-de-Bernard-Laporte.png\",\"datePublished\":\"2023-01-30T16:15:50+00:00\",\"dateModified\":\"2023-01-30T17:55:32+00:00\",\"description\":\"FOOTBALL - En poste depuis juin 2011, le pr\u00e9sident de la F\u00e9d\u00e9ration Fran\u00e7aise de Football, No\u00ebl Le Gra\u00ebt, est b\u00e9n\u00e9vole au sein de la FFF.\",\"breadcrumb\":{\"@id\":\"https:\/\/dicodusport.fr\/blog\/ce-que-gagnait-bernard-laporte-a-la-tete-de-la-federation-francaise-de-rugby\/#breadcrumb\"},\"inLanguage\":\"fr-FR\",\"potentialAction\":[{\"@type\":\"ReadAction\",\"target\":[\"https:\/\/dicodusport.fr\/blog\/ce-que-gagnait-bernard-laporte-a-la-tete-de-la-federation-francaise-de-rugby\/\"]}]},{\"@type\":\"ImageObject\",\"inLanguage\":\"fr-FR\",\"@id\":\"https:\/\/dicodusport.fr\/blog\/ce-que-gagnait-bernard-laporte-a-la-tete-de-la-federation-francaise-de-rugby\/#primaryimage\",\"url\":\"https:\/\/dicodusport.fr\/blog\/wp-content\/uploads\/2022\/12\/FFR-La-Ministre-des-Sports-demande-le-depart-de-Bernard-Laporte.png\",\"contentUrl\":\"https:\/\/dicodusport.fr\/blog\/wp-content\/uploads\/2022\/12\/FFR-La-Ministre-des-Sports-demande-le-depart-de-Bernard-Laporte.png\",\"width\":800,\"height\":445,\"caption\":\"FFR La Ministre des Sports demande le d\u00e9part de Bernard Laporte\"},{\"@type\":\"BreadcrumbList\",\"@id\":\"https:\/\/dicodusport.fr\/blog\/ce-que-gagnait-bernard-laporte-a-la-tete-de-la-federation-francaise-de-rugby\/#breadcrumb\",\"itemListElement\":[{\"@type\":\"ListItem\",\"position\":1,\"name\":\"Accueil\",\"item\":\"https:\/\/dicodusport.fr\/blog\/\"},{\"@type\":\"ListItem\",\"position\":2,\"name\":\"Ce que gagnait Bernard Laporte \u00e0 la t\u00eate de la F\u00e9d\u00e9ration Fran\u00e7aise de Rugby\"}]},{\"@type\":\"WebSite\",\"@id\":\"https:\/\/dicodusport.fr\/blog\/#website\",\"url\":\"https:\/\/dicodusport.fr\/blog\/\",\"name\":\"Dicodusport\",\"description\":\"L&#039;encyclop\u00e9die de l&#039;actualit\u00e9 sportive\",\"publisher\":{\"@id\":\"https:\/\/dicodusport.fr\/blog\/#organization\"},\"potentialAction\":[{\"@type\":\"SearchAction\",\"target\":{\"@type\":\"EntryPoint\",\"urlTemplate\":\"https:\/\/dicodusport.fr\/blog\/?s={search_term_string}\"},\"query-input\":{\"@type\":\"PropertyValueSpecification\",\"valueRequired\":true,\"valueName\":\"search_term_string\"}}],\"inLanguage\":\"fr-FR\"},{\"@type\":\"NewsMediaOrganization\",\"@id\":\"https:\/\/dicodusport.fr\/blog\/#organization\",\"name\":\"Dicodusport\",\"url\":\"https:\/\/dicodusport.fr\/blog\/\",\"logo\":{\"@type\":\"ImageObject\",\"inLanguage\":\"fr-FR\",\"@id\":\"https:\/\/dicodusport.fr\/blog\/#\/schema\/logo\/image\/\",\"url\":\"https:\/\/dicodusport.fr\/blog\/wp-content\/uploads\/2020\/06\/cropped-LOGO-DICODUSPORT-2020-SANS-FOND-SANS-TEXTE.png\",\"contentUrl\":\"https:\/\/dicodusport.fr\/blog\/wp-content\/uploads\/2020\/06\/cropped-LOGO-DICODUSPORT-2020-SANS-FOND-SANS-TEXTE.png\",\"width\":512,\"height\":512,\"caption\":\"Dicodusport\"},\"image\":{\"@id\":\"https:\/\/dicodusport.fr\/blog\/#\/schema\/logo\/image\/\"},\"sameAs\":[\"https:\/\/www.facebook.com\/dicodusport\",\"https:\/\/x.com\/dicodusport\",\"https:\/\/www.instagram.com\/dicodusport\/\",\"https:\/\/www.youtube.com\/channel\/UC7V2KZ5sd3htJivAbA4ZG3w\"],\"description\":\"Dicodusport est l'encyclop\u00e9die de l'actualit\u00e9 sportive.\",\"email\":\"bonjour@dicodusport.fr\",\"legalName\":\"DICODUSPORT\",\"foundingDate\":\"2018-01-14\",\"vatID\":\"FR71834470973\",\"taxID\":\"83447097300043\",\"numberOfEmployees\":{\"@type\":\"QuantitativeValue\",\"minValue\":\"1\",\"maxValue\":\"10\"}},{\"@type\":\"Person\",\"@id\":\"https:\/\/dicodusport.fr\/blog\/#\/schema\/person\/cb02af4c173ce4a653b55e9baf388d4a\",\"name\":\"Flo Ostermann\",\"image\":{\"@type\":\"ImageObject\",\"inLanguage\":\"fr-FR\",\"@id\":\"https:\/\/dicodusport.fr\/blog\/#\/schema\/person\/image\/\",\"url\":\"https:\/\/dicodusport.fr\/blog\/wp-content\/uploads\/2021\/05\/Flo-Ostermann-150x150.jpg\",\"contentUrl\":\"https:\/\/dicodusport.fr\/blog\/wp-content\/uploads\/2021\/05\/Flo-Ostermann-150x150.jpg\",\"caption\":\"Flo Ostermann\"},\"description\":\"Journaliste\/R\u00e9dacteur depuis septembre 2015 - Mes premiers souvenirs dans le sport ? Les envol\u00e9es du Stade Toulousain et les duels Villeneuve-Schumacher et H\u00e4kkinen-Schumacher \u00e0 la fin des ann\u00e9es 90, la Coupe du monde de football en 1998, l\u2019exploit du XV de France face aux All Blacks en 1999, mais aussi Richard C\u0153ur de Lion qui vole sur les montagnes du Tour de France. Bien parti pour devenir professeur d\u2019EPS, les \u00e9v\u00e9nements de la vie (et la flemme d\u2019animer des s\u00e9ances de 3x500 m\u00e8tres toute ma vie) m\u2019ont conduit \u00e0 revoir mes plans. Me voil\u00e0 depuis fin 2017 sur Dicodusport, m\u00e9dia gr\u00e2ce (et pour) lequel je partage ma passion : le sport dans tous ses \u00e9tats. Le tout accompagn\u00e9 par les fous furieux et folles furieuses cit\u00e9s sur cette page !\",\"sameAs\":[\"https:\/\/www.facebook.com\/florent.ostermann\",\"https:\/\/x.com\/https:\/\/twitter.com\/FlOstermann\",\"admin\"],\"url\":\"https:\/\/dicodusport.fr\/blog\/author\/flo\/\"}]}<\/script>\n<!-- \/ Yoast SEO Premium plugin. -->","yoast_head_json":{"title":"Ce que gagnait Bernard Laporte \u00e0 la t\u00eate de la F\u00e9d\u00e9ration Fran\u00e7aise de Rugby","description":"FOOTBALL - En poste depuis juin 2011, le pr\u00e9sident de la F\u00e9d\u00e9ration Fran\u00e7aise de Football, No\u00ebl Le Gra\u00ebt, est b\u00e9n\u00e9vole au sein de la FFF.","robots":{"index":"index","follow":"follow","max-snippet":"max-snippet:-1","max-image-preview":"max-image-preview:large","max-video-preview":"max-video-preview:-1"},"canonical":"https:\/\/dicodusport.fr\/blog\/ce-que-gagnait-bernard-laporte-a-la-tete-de-la-federation-francaise-de-rugby\/","og_locale":"fr_FR","og_type":"article","og_title":"Ce que gagnait Bernard Laporte \u00e0 la t\u00eate de la F\u00e9d\u00e9ration Fran\u00e7aise de Rugby","og_description":"FOOTBALL - En poste depuis juin 2011, le pr\u00e9sident de la F\u00e9d\u00e9ration Fran\u00e7aise de Football, No\u00ebl Le Gra\u00ebt, est b\u00e9n\u00e9vole au sein de la FFF.","og_url":"https:\/\/dicodusport.fr\/blog\/ce-que-gagnait-bernard-laporte-a-la-tete-de-la-federation-francaise-de-rugby\/","og_site_name":"Dicodusport","article_publisher":"https:\/\/www.facebook.com\/dicodusport","article_author":"https:\/\/www.facebook.com\/florent.ostermann","article_published_time":"2023-01-30T16:15:50+00:00","article_modified_time":"2023-01-30T17:55:32+00:00","og_image":[{"width":800,"height":445,"url":"https:\/\/dicodusport.fr\/blog\/wp-content\/uploads\/2022\/12\/FFR-La-Ministre-des-Sports-demande-le-depart-de-Bernard-Laporte.png","type":"image\/png"}],"author":"Flo Ostermann","twitter_card":"summary_large_image","twitter_title":"Ce que gagnait Bernard Laporte \u00e0 la t\u00eate de la F\u00e9d\u00e9ration Fran\u00e7aise de Rugby","twitter_creator":"@https:\/\/twitter.com\/FlOstermann","twitter_site":"@dicodusport","schema":{"@context":"https:\/\/schema.org","@graph":[{"@type":"NewsArticle","@id":"https:\/\/dicodusport.fr\/blog\/ce-que-gagnait-bernard-laporte-a-la-tete-de-la-federation-francaise-de-rugby\/#article","isPartOf":{"@id":"https:\/\/dicodusport.fr\/blog\/ce-que-gagnait-bernard-laporte-a-la-tete-de-la-federation-francaise-de-rugby\/"},"author":{"name":"Flo Ostermann","@id":"https:\/\/dicodusport.fr\/blog\/#\/schema\/person\/cb02af4c173ce4a653b55e9baf388d4a"},"headline":"Ce que gagnait Bernard Laporte \u00e0 la t\u00eate de la F\u00e9d\u00e9ration Fran\u00e7aise de Rugby","datePublished":"2023-01-30T16:15:50+00:00","dateModified":"2023-01-30T17:55:32+00:00","mainEntityOfPage":{"@id":"https:\/\/dicodusport.fr\/blog\/ce-que-gagnait-bernard-laporte-a-la-tete-de-la-federation-francaise-de-rugby\/"},"wordCount":434,"commentCount":3,"publisher":{"@id":"https:\/\/dicodusport.fr\/blog\/#organization"},"image":{"@id":"https:\/\/dicodusport.fr\/blog\/ce-que-gagnait-bernard-laporte-a-la-tete-de-la-federation-francaise-de-rugby\/#primaryimage"},"thumbnailUrl":"https:\/\/dicodusport.fr\/blog\/wp-content\/uploads\/2022\/12\/FFR-La-Ministre-des-Sports-demande-le-depart-de-Bernard-Laporte.png","keywords":["Bernard Laporte","F\u00e9d\u00e9ration Fran\u00e7aise de Rugby","FFR"],"articleSection":["Rugby \u00e0 XV"],"inLanguage":"fr-FR","potentialAction":[{"@type":"CommentAction","name":"Comment","target":["https:\/\/dicodusport.fr\/blog\/ce-que-gagnait-bernard-laporte-a-la-tete-de-la-federation-francaise-de-rugby\/#respond"]}],"copyrightYear":"2023","copyrightHolder":{"@id":"https:\/\/dicodusport.fr\/blog\/#organization"}},{"@type":"WebPage","@id":"https:\/\/dicodusport.fr\/blog\/ce-que-gagnait-bernard-laporte-a-la-tete-de-la-federation-francaise-de-rugby\/","url":"https:\/\/dicodusport.fr\/blog\/ce-que-gagnait-bernard-laporte-a-la-tete-de-la-federation-francaise-de-rugby\/","name":"Ce que gagnait Bernard Laporte \u00e0 la t\u00eate de la F\u00e9d\u00e9ration Fran\u00e7aise de Rugby","isPartOf":{"@id":"https:\/\/dicodusport.fr\/blog\/#website"},"primaryImageOfPage":{"@id":"https:\/\/dicodusport.fr\/blog\/ce-que-gagnait-bernard-laporte-a-la-tete-de-la-federation-francaise-de-rugby\/#primaryimage"},"image":{"@id":"https:\/\/dicodusport.fr\/blog\/ce-que-gagnait-bernard-laporte-a-la-tete-de-la-federation-francaise-de-rugby\/#primaryimage"},"thumbnailUrl":"https:\/\/dicodusport.fr\/blog\/wp-content\/uploads\/2022\/12\/FFR-La-Ministre-des-Sports-demande-le-depart-de-Bernard-Laporte.png","datePublished":"2023-01-30T16:15:50+00:00","dateModified":"2023-01-30T17:55:32+00:00","description":"FOOTBALL - En poste depuis juin 2011, le pr\u00e9sident de la F\u00e9d\u00e9ration Fran\u00e7aise de Football, No\u00ebl Le Gra\u00ebt, est b\u00e9n\u00e9vole au sein de la FFF.","breadcrumb":{"@id":"https:\/\/dicodusport.fr\/blog\/ce-que-gagnait-bernard-laporte-a-la-tete-de-la-federation-francaise-de-rugby\/#breadcrumb"},"inLanguage":"fr-FR","potentialAction":[{"@type":"ReadAction","target":["https:\/\/dicodusport.fr\/blog\/ce-que-gagnait-bernard-laporte-a-la-tete-de-la-federation-francaise-de-rugby\/"]}]},{"@type":"ImageObject","inLanguage":"fr-FR","@id":"https:\/\/dicodusport.fr\/blog\/ce-que-gagnait-bernard-laporte-a-la-tete-de-la-federation-francaise-de-rugby\/#primaryimage","url":"https:\/\/dicodusport.fr\/blog\/wp-content\/uploads\/2022\/12\/FFR-La-Ministre-des-Sports-demande-le-depart-de-Bernard-Laporte.png","contentUrl":"https:\/\/dicodusport.fr\/blog\/wp-content\/uploads\/2022\/12\/FFR-La-Ministre-des-Sports-demande-le-depart-de-Bernard-Laporte.png","width":800,"height":445,"caption":"FFR La Ministre des Sports demande le d\u00e9part de Bernard Laporte"},{"@type":"BreadcrumbList","@id":"https:\/\/dicodusport.fr\/blog\/ce-que-gagnait-bernard-laporte-a-la-tete-de-la-federation-francaise-de-rugby\/#breadcrumb","itemListElement":[{"@type":"ListItem","position":1,"name":"Accueil","item":"https:\/\/dicodusport.fr\/blog\/"},{"@type":"ListItem","position":2,"name":"Ce que gagnait Bernard Laporte \u00e0 la t\u00eate de la F\u00e9d\u00e9ration Fran\u00e7aise de Rugby"}]},{"@type":"WebSite","@id":"https:\/\/dicodusport.fr\/blog\/#website","url":"https:\/\/dicodusport.fr\/blog\/","name":"Dicodusport","description":"L&#039;encyclop\u00e9die de l&#039;actualit\u00e9 sportive","publisher":{"@id":"https:\/\/dicodusport.fr\/blog\/#organization"},"potentialAction":[{"@type":"SearchAction","target":{"@type":"EntryPoint","urlTemplate":"https:\/\/dicodusport.fr\/blog\/?s={search_term_string}"},"query-input":{"@type":"PropertyValueSpecification","valueRequired":true,"valueName":"search_term_string"}}],"inLanguage":"fr-FR"},{"@type":"NewsMediaOrganization","@id":"https:\/\/dicodusport.fr\/blog\/#organization","name":"Dicodusport","url":"https:\/\/dicodusport.fr\/blog\/","logo":{"@type":"ImageObject","inLanguage":"fr-FR","@id":"https:\/\/dicodusport.fr\/blog\/#\/schema\/logo\/image\/","url":"https:\/\/dicodusport.fr\/blog\/wp-content\/uploads\/2020\/06\/cropped-LOGO-DICODUSPORT-2020-SANS-FOND-SANS-TEXTE.png","contentUrl":"https:\/\/dicodusport.fr\/blog\/wp-content\/uploads\/2020\/06\/cropped-LOGO-DICODUSPORT-2020-SANS-FOND-SANS-TEXTE.png","width":512,"height":512,"caption":"Dicodusport"},"image":{"@id":"https:\/\/dicodusport.fr\/blog\/#\/schema\/logo\/image\/"},"sameAs":["https:\/\/www.facebook.com\/dicodusport","https:\/\/x.com\/dicodusport","https:\/\/www.instagram.com\/dicodusport\/","https:\/\/www.youtube.com\/channel\/UC7V2KZ5sd3htJivAbA4ZG3w"],"description":"Dicodusport est l'encyclop\u00e9die de l'actualit\u00e9 sportive.","email":"bonjour@dicodusport.fr","legalName":"DICODUSPORT","foundingDate":"2018-01-14","vatID":"FR71834470973","taxID":"83447097300043","numberOfEmployees":{"@type":"QuantitativeValue","minValue":"1","maxValue":"10"}},{"@type":"Person","@id":"https:\/\/dicodusport.fr\/blog\/#\/schema\/person\/cb02af4c173ce4a653b55e9baf388d4a","name":"Flo Ostermann","image":{"@type":"ImageObject","inLanguage":"fr-FR","@id":"https:\/\/dicodusport.fr\/blog\/#\/schema\/person\/image\/","url":"https:\/\/dicodusport.fr\/blog\/wp-content\/uploads\/2021\/05\/Flo-Ostermann-150x150.jpg","contentUrl":"https:\/\/dicodusport.fr\/blog\/wp-content\/uploads\/2021\/05\/Flo-Ostermann-150x150.jpg","caption":"Flo Ostermann"},"description":"Journaliste\/R\u00e9dacteur depuis septembre 2015 - Mes premiers souvenirs dans le sport ? Les envol\u00e9es du Stade Toulousain et les duels Villeneuve-Schumacher et H\u00e4kkinen-Schumacher \u00e0 la fin des ann\u00e9es 90, la Coupe du monde de football en 1998, l\u2019exploit du XV de France face aux All Blacks en 1999, mais aussi Richard C\u0153ur de Lion qui vole sur les montagnes du Tour de France. Bien parti pour devenir professeur d\u2019EPS, les \u00e9v\u00e9nements de la vie (et la flemme d\u2019animer des s\u00e9ances de 3x500 m\u00e8tres toute ma vie) m\u2019ont conduit \u00e0 revoir mes plans. Me voil\u00e0 depuis fin 2017 sur Dicodusport, m\u00e9dia gr\u00e2ce (et pour) lequel je partage ma passion : le sport dans tous ses \u00e9tats. Le tout accompagn\u00e9 par les fous furieux et folles furieuses cit\u00e9s sur cette page !","sameAs":["https:\/\/www.facebook.com\/florent.ostermann","https:\/\/x.com\/https:\/\/twitter.com\/FlOstermann","admin"],"url":"https:\/\/dicodusport.fr\/blog\/author\/flo\/"}]}},"_links":{"self":[{"href":"https:\/\/dicodusport.fr\/blog\/wp-json\/wp\/v2\/posts\/350416","targetHints":{"allow":["GET"]}}],"collection":[{"href":"https:\/\/dicodusport.fr\/blog\/wp-json\/wp\/v2\/posts"}],"about":[{"href":"https:\/\/dicodusport.fr\/blog\/wp-json\/wp\/v2\/types\/post"}],"author":[{"embeddable":true,"href":"https:\/\/dicodusport.fr\/blog\/wp-json\/wp\/v2\/users\/4"}],"replies":[{"embeddable":true,"href":"https:\/\/dicodusport.fr\/blog\/wp-json\/wp\/v2\/comments?post=350416"}],"version-history":[{"count":0,"href":"https:\/\/dicodusport.fr\/blog\/wp-json\/wp\/v2\/posts\/350416\/revisions"}],"wp:featuredmedia":[{"embeddable":true,"href":"https:\/\/dicodusport.fr\/blog\/wp-json\/wp\/v2\/media\/287757"}],"wp:attachment":[{"href":"https:\/\/dicodusport.fr\/blog\/wp-json\/wp\/v2\/media?parent=350416"}],"wp:term":[{"taxonomy":"category","embeddable":true,"href":"https:\/\/dicodusport.fr\/blog\/wp-json\/wp\/v2\/categories?post=350416"},{"taxonomy":"post_tag","embeddable":true,"href":"https:\/\/dicodusport.fr\/blog\/wp-json\/wp\/v2\/tags?post=350416"}],"curies":[{"name":"wp","href":"https:\/\/api.w.org\/{rel}","templated":true}]}}