{"id":350614,"date":"2023-01-31T15:45:32","date_gmt":"2023-01-31T14:45:32","guid":{"rendered":"https:\/\/dicodusport.fr\/blog\/?p=350614&#038;preview=true&#038;preview_id=350614"},"modified":"2023-01-31T16:13:53","modified_gmt":"2023-01-31T15:13:53","slug":"corentin-moutet-a-subi-une-operation-du-poignet","status":"publish","type":"post","link":"https:\/\/dicodusport.fr\/blog\/corentin-moutet-a-subi-une-operation-du-poignet\/","title":{"rendered":"Corentin Moutet a subi une op\u00e9ration du poignet"},"content":{"rendered":"<p align=\"justify\"><em><strong><a href=\"https:\/\/dicodusport.fr\/definition-sport\/tennis\/\">TENNIS<\/a> &#8211; Le tennis fran\u00e7ais devra faire sans son n\u00b05 masculin pendant quelques semaines. Corentin Moutet, qui s&rsquo;\u00e9tait fractur\u00e9 le poignet lors de second tour \u00e0 l&rsquo;Open d&rsquo;Australie, a finalement \u00e9t\u00e9 op\u00e9r\u00e9 hier. Dans un post Instagram, il explique que l&rsquo;op\u00e9ration s&rsquo;est bien pass\u00e9e, et annonce \u00eatre \u00ab motiv\u00e9 \u00bb \u00e0 \u00ab revenir plus fort que jamais. \u00bb<br \/>\n<\/strong><\/em><\/p>\n<p align=\"justify\">L&rsquo;Open d&rsquo;Australie. \u00c7a sera le premier et seul tournoi disput\u00e9 par <strong>Corentin Moutet<\/strong> en ce d\u00e9but d&rsquo;ann\u00e9e 2023. Lors de\u00a0<a href=\"https:\/\/dicodusport.fr\/blog\/open-daustralie-2023-couacaud-gauff-nadal-les-principaux-resultats-du-18-janvier\/\">son deuxi\u00e8me long match \u00e0 Melbourne<\/a>, le jeune fran\u00e7ais s&rsquo;est bless\u00e9 au poignet droit. Ce qui l&rsquo;a forc\u00e9 \u00e0 multiplier les revers slic\u00e9s \u00e0 une main, bien moins efficaces dans le jeu. Ce d\u00e9tail a pr\u00e9cipit\u00e9 sa d\u00e9faite contre l&rsquo;Argentin Cerundolo en quatre sets, alors qu&rsquo;il avait facilement remport\u00e9 le premier. Depuis, il n&rsquo;a pas pu disputer le moindre match et est rentr\u00e9 en France pour faire un diagnostic. Finalement, celui-ci a \u00e9t\u00e9 clair : <strong>fracture du tendon du poignet, avec op\u00e9ration \u00e0 la cl\u00e9<\/strong>. Celle-ci a donc eu lieu hier.<\/p>\n<p align=\"justify\">Ce contre-temps vient contrarier les plans de Moutet. En ce d\u00e9but de saison, il avait adopt\u00e9 avec son nouveau coach une strat\u00e9gie visant \u00e0 r\u00e9duire le nombre de tournois, apr\u00e8s une saison 2022 \u00e0 alterner entre les circuits Challenger et ATP. Il avait aussi pr\u00e9vu de faire la tourn\u00e9e sud-am\u00e9ricaine afin de renouer avec sa surface favorite, la terre battue. <strong>Tous ses plans ont \u00e9t\u00e9 annul\u00e9s<\/strong>. Heureusement, il avait peu de points \u00e0 d\u00e9fendre dans les prochaines semaines. Il ne devrait donc pas voir son actuel classement (66\u00e8me mondial) chuter trop radicalement.<\/p>\n<p align=\"justify\">De plus, sa blessure touche son poignet droit alors qu&rsquo;il est gaucher.<strong> La r\u00e9\u00e9ducation devrait donc plut\u00f4t se compter en semaines qu&rsquo;en mois<\/strong>. Le Parisien s&rsquo;attend tout de m\u00eame <em>\u00ab \u00e0 une longue route \u00bb <\/em>vers un retour qu&rsquo;il annonce <em>\u00ab avec encore plus de force. \u00bb<\/em><\/p>\n<blockquote class=\"instagram-media\" style=\"background: #FFF; border: 0; border-radius: 3px; box-shadow: 0 0 1px 0 rgba(0,0,0,0.5),0 1px 10px 0 rgba(0,0,0,0.15); margin: 1px; max-width: 540px; min-width: 326px; padding: 0; width: calc(100% - 2px);\" data-instgrm-captioned=\"\" data-instgrm-permalink=\"https:\/\/www.instagram.com\/p\/CoDx87jKICo\/?utm_source=ig_embed&amp;utm_campaign=loading\" data-instgrm-version=\"14\">\n<div style=\"padding: 16px;\">\n<p>&nbsp;<\/p>\n<div style=\"display: flex; flex-direction: row; align-items: center;\">\n<div style=\"background-color: #f4f4f4; border-radius: 50%; flex-grow: 0; height: 40px; margin-right: 14px; width: 40px;\"><\/div>\n<div style=\"display: flex; flex-direction: column; flex-grow: 1; justify-content: center;\">\n<div style=\"background-color: #f4f4f4; border-radius: 4px; flex-grow: 0; height: 14px; margin-bottom: 6px; width: 100px;\"><\/div>\n<div style=\"background-color: #f4f4f4; border-radius: 4px; flex-grow: 0; height: 14px; width: 60px;\"><\/div>\n<\/div>\n<\/div>\n<div style=\"padding: 19% 0;\"><\/div>\n<div style=\"display: block; height: 50px; margin: 0 auto 12px; width: 50px;\"><\/div>\n<div style=\"padding-top: 8px;\">\n<div style=\"color: #3897f0; font-family: Arial,sans-serif; font-size: 14px; font-style: normal; font-weight: 550; line-height: 18px;\">Ver esta publicaci\u00f3n en Instagram<\/div>\n<\/div>\n<div style=\"padding: 12.5% 0;\"><\/div>\n<div style=\"display: flex; flex-direction: row; margin-bottom: 14px; align-items: center;\">\n<div>\n<div style=\"background-color: #f4f4f4; border-radius: 50%; height: 12.5px; width: 12.5px; transform: translateX(0px) translateY(7px);\"><\/div>\n<div style=\"background-color: #f4f4f4; height: 12.5px; transform: rotate(-45deg) translateX(3px) translateY(1px); width: 12.5px; flex-grow: 0; margin-right: 14px; margin-left: 2px;\"><\/div>\n<div style=\"background-color: #f4f4f4; border-radius: 50%; height: 12.5px; width: 12.5px; transform: translateX(9px) translateY(-18px);\"><\/div>\n<\/div>\n<div style=\"margin-left: 8px;\">\n<div style=\"background-color: #f4f4f4; border-radius: 50%; flex-grow: 0; height: 20px; width: 20px;\"><\/div>\n<div style=\"width: 0; height: 0; border-top: 2px solid transparent; border-left: 6px solid #f4f4f4; border-bottom: 2px solid transparent; transform: translateX(16px) translateY(-4px) rotate(30deg);\"><\/div>\n<\/div>\n<div style=\"margin-left: auto;\">\n<div style=\"width: 0px; border-top: 8px solid #F4F4F4; border-right: 8px solid transparent; transform: translateY(16px);\"><\/div>\n<div style=\"background-color: #f4f4f4; flex-grow: 0; height: 12px; width: 16px; transform: translateY(-4px);\"><\/div>\n<div style=\"width: 0; height: 0; border-top: 8px solid #F4F4F4; border-left: 8px solid transparent; transform: translateY(-4px) translateX(8px);\"><\/div>\n<\/div>\n<\/div>\n<div style=\"display: flex; flex-direction: column; flex-grow: 1; justify-content: center; margin-bottom: 24px;\">\n<div style=\"background-color: #f4f4f4; border-radius: 4px; flex-grow: 0; height: 14px; margin-bottom: 6px; width: 224px;\"><\/div>\n<div style=\"background-color: #f4f4f4; border-radius: 4px; flex-grow: 0; height: 14px; width: 144px;\"><\/div>\n<\/div>\n<p>&nbsp;<\/p>\n<p style=\"color: #c9c8cd; font-family: Arial,sans-serif; font-size: 14px; line-height: 17px; margin-bottom: 0; margin-top: 8px; overflow: hidden; padding: 8px 0 7px; text-align: center; text-overflow: ellipsis; white-space: nowrap;\"><a style=\"color: #c9c8cd; font-family: Arial,sans-serif; font-size: 14px; font-style: normal; font-weight: normal; line-height: 17px; text-decoration: none;\" href=\"https:\/\/www.instagram.com\/p\/CoDx87jKICo\/?utm_source=ig_embed&amp;utm_campaign=loading\" target=\"_blank\" rel=\"noopener\">Una publicaci\u00f3n compartida de \ud835\udd91\ud835\udd8e\ud835\udd9b\ud835\udd8e\ud835\udd93\u2019 \ud835\udd8b\ud835\udd94\ud835\udd97 808 (@corentin.moutet)<\/a><\/p>\n<\/div>\n<\/blockquote>\n<p><script async src=\"\/\/www.instagram.com\/embed.js\"><\/script><\/p>\n","protected":false},"excerpt":{"rendered":"<p>TENNIS &#8211; Le tennis fran\u00e7ais devra faire sans son n\u00b05 masculin pendant quelques semaines. Corentin Moutet, qui s&rsquo;\u00e9tait fractur\u00e9 le poignet lors de second tour \u00e0 l&rsquo;Open d&rsquo;Australie, a finalement \u00e9t\u00e9 op\u00e9r\u00e9 hier. Dans un post Instagram, il explique que l&rsquo;op\u00e9ration s&rsquo;est bien pass\u00e9e, et annonce \u00eatre \u00ab motiv\u00e9 \u00bb \u00e0 \u00ab revenir plus fort que jamais. \u00bb<\/p>\n","protected":false},"author":13,"featured_media":350647,"comment_status":"open","ping_status":"closed","sticky":false,"template":"","format":"standard","meta":{"_acf_changed":false,"_daextam_enable_autolinks":"","footnotes":""},"categories":[2302],"tags":[2370,18563],"class_list":["post-350614","post","type-post","status-publish","format-standard","has-post-thumbnail","hentry","category-tennis","tag-corentin-moutet","tag-francais-tennis"],"acf":[],"yoast_head":"<!-- This site is optimized with the Yoast SEO Premium plugin v26.7 (Yoast SEO v26.7) - https:\/\/yoast.com\/wordpress\/plugins\/seo\/ -->\n<title>Corentin Moutet a subi une op\u00e9ration du poignet<\/title>\n<meta name=\"description\" content=\"Corentin Moutet, qui s&#039;\u00e9tait fractur\u00e9 le poignet \u00e0 l&#039;Open d&#039;Australie, a finalement \u00e9t\u00e9 op\u00e9r\u00e9 hier. Il devrait \u00eatre absent plusieurs semaines\" \/>\n<meta name=\"robots\" content=\"index, follow, max-snippet:-1, max-image-preview:large, max-video-preview:-1\" \/>\n<link rel=\"canonical\" href=\"https:\/\/dicodusport.fr\/blog\/corentin-moutet-a-subi-une-operation-du-poignet\/\" \/>\n<meta property=\"og:locale\" content=\"fr_FR\" \/>\n<meta property=\"og:type\" content=\"article\" \/>\n<meta property=\"og:title\" content=\"Corentin Moutet a subi une op\u00e9ration du poignet\" \/>\n<meta property=\"og:description\" content=\"Corentin Moutet, qui s&#039;\u00e9tait fractur\u00e9 le poignet \u00e0 l&#039;Open d&#039;Australie, a finalement \u00e9t\u00e9 op\u00e9r\u00e9 hier. Il devrait \u00eatre absent plusieurs semaines\" \/>\n<meta property=\"og:url\" content=\"https:\/\/dicodusport.fr\/blog\/corentin-moutet-a-subi-une-operation-du-poignet\/\" \/>\n<meta property=\"og:site_name\" content=\"Dicodusport\" \/>\n<meta property=\"article:publisher\" content=\"https:\/\/www.facebook.com\/dicodusport\" \/>\n<meta property=\"article:published_time\" content=\"2023-01-31T14:45:32+00:00\" \/>\n<meta property=\"article:modified_time\" content=\"2023-01-31T15:13:53+00:00\" \/>\n<meta property=\"og:image\" content=\"https:\/\/dicodusport.fr\/blog\/wp-content\/uploads\/2023\/01\/corentin-moutet-a-subi-une-operation-du-poignet.png\" \/>\n\t<meta property=\"og:image:width\" content=\"800\" \/>\n\t<meta property=\"og:image:height\" content=\"445\" \/>\n\t<meta property=\"og:image:type\" content=\"image\/png\" \/>\n<meta name=\"author\" content=\"Tom Compayrot\" \/>\n<meta name=\"twitter:card\" content=\"summary_large_image\" \/>\n<meta name=\"twitter:title\" content=\"Corentin Moutet a subi une op\u00e9ration du poignet\" \/>\n<meta name=\"twitter:creator\" content=\"@https:\/\/twitter.com\/Tom_Cprt\" \/>\n<meta name=\"twitter:site\" content=\"@dicodusport\" \/>\n<script type=\"application\/ld+json\" class=\"yoast-schema-graph\">{\"@context\":\"https:\/\/schema.org\",\"@graph\":[{\"@type\":\"NewsArticle\",\"@id\":\"https:\/\/dicodusport.fr\/blog\/corentin-moutet-a-subi-une-operation-du-poignet\/#article\",\"isPartOf\":{\"@id\":\"https:\/\/dicodusport.fr\/blog\/corentin-moutet-a-subi-une-operation-du-poignet\/\"},\"author\":{\"name\":\"Tom Compayrot\",\"@id\":\"https:\/\/dicodusport.fr\/blog\/#\/schema\/person\/bf1e4f404e108bd2be5b447b16bde9a7\"},\"headline\":\"Corentin Moutet a subi une op\u00e9ration du poignet\",\"datePublished\":\"2023-01-31T14:45:32+00:00\",\"dateModified\":\"2023-01-31T15:13:53+00:00\",\"mainEntityOfPage\":{\"@id\":\"https:\/\/dicodusport.fr\/blog\/corentin-moutet-a-subi-une-operation-du-poignet\/\"},\"wordCount\":353,\"commentCount\":0,\"publisher\":{\"@id\":\"https:\/\/dicodusport.fr\/blog\/#organization\"},\"image\":{\"@id\":\"https:\/\/dicodusport.fr\/blog\/corentin-moutet-a-subi-une-operation-du-poignet\/#primaryimage\"},\"thumbnailUrl\":\"https:\/\/dicodusport.fr\/blog\/wp-content\/uploads\/2023\/01\/corentin-moutet-a-subi-une-operation-du-poignet.png\",\"keywords\":[\"Corentin Moutet\",\"fran\u00e7ais tennis\"],\"articleSection\":[\"Tennis\"],\"inLanguage\":\"fr-FR\",\"potentialAction\":[{\"@type\":\"CommentAction\",\"name\":\"Comment\",\"target\":[\"https:\/\/dicodusport.fr\/blog\/corentin-moutet-a-subi-une-operation-du-poignet\/#respond\"]}],\"copyrightYear\":\"2023\",\"copyrightHolder\":{\"@id\":\"https:\/\/dicodusport.fr\/blog\/#organization\"}},{\"@type\":\"WebPage\",\"@id\":\"https:\/\/dicodusport.fr\/blog\/corentin-moutet-a-subi-une-operation-du-poignet\/\",\"url\":\"https:\/\/dicodusport.fr\/blog\/corentin-moutet-a-subi-une-operation-du-poignet\/\",\"name\":\"Corentin Moutet a subi une op\u00e9ration du poignet\",\"isPartOf\":{\"@id\":\"https:\/\/dicodusport.fr\/blog\/#website\"},\"primaryImageOfPage\":{\"@id\":\"https:\/\/dicodusport.fr\/blog\/corentin-moutet-a-subi-une-operation-du-poignet\/#primaryimage\"},\"image\":{\"@id\":\"https:\/\/dicodusport.fr\/blog\/corentin-moutet-a-subi-une-operation-du-poignet\/#primaryimage\"},\"thumbnailUrl\":\"https:\/\/dicodusport.fr\/blog\/wp-content\/uploads\/2023\/01\/corentin-moutet-a-subi-une-operation-du-poignet.png\",\"datePublished\":\"2023-01-31T14:45:32+00:00\",\"dateModified\":\"2023-01-31T15:13:53+00:00\",\"description\":\"Corentin Moutet, qui s'\u00e9tait fractur\u00e9 le poignet \u00e0 l'Open d'Australie, a finalement \u00e9t\u00e9 op\u00e9r\u00e9 hier. Il devrait \u00eatre absent plusieurs semaines\",\"breadcrumb\":{\"@id\":\"https:\/\/dicodusport.fr\/blog\/corentin-moutet-a-subi-une-operation-du-poignet\/#breadcrumb\"},\"inLanguage\":\"fr-FR\",\"potentialAction\":[{\"@type\":\"ReadAction\",\"target\":[\"https:\/\/dicodusport.fr\/blog\/corentin-moutet-a-subi-une-operation-du-poignet\/\"]}]},{\"@type\":\"ImageObject\",\"inLanguage\":\"fr-FR\",\"@id\":\"https:\/\/dicodusport.fr\/blog\/corentin-moutet-a-subi-une-operation-du-poignet\/#primaryimage\",\"url\":\"https:\/\/dicodusport.fr\/blog\/wp-content\/uploads\/2023\/01\/corentin-moutet-a-subi-une-operation-du-poignet.png\",\"contentUrl\":\"https:\/\/dicodusport.fr\/blog\/wp-content\/uploads\/2023\/01\/corentin-moutet-a-subi-une-operation-du-poignet.png\",\"width\":800,\"height\":445},{\"@type\":\"BreadcrumbList\",\"@id\":\"https:\/\/dicodusport.fr\/blog\/corentin-moutet-a-subi-une-operation-du-poignet\/#breadcrumb\",\"itemListElement\":[{\"@type\":\"ListItem\",\"position\":1,\"name\":\"Accueil\",\"item\":\"https:\/\/dicodusport.fr\/blog\/\"},{\"@type\":\"ListItem\",\"position\":2,\"name\":\"Corentin Moutet a subi une op\u00e9ration du poignet\"}]},{\"@type\":\"WebSite\",\"@id\":\"https:\/\/dicodusport.fr\/blog\/#website\",\"url\":\"https:\/\/dicodusport.fr\/blog\/\",\"name\":\"Dicodusport\",\"description\":\"L&#039;encyclop\u00e9die de l&#039;actualit\u00e9 sportive\",\"publisher\":{\"@id\":\"https:\/\/dicodusport.fr\/blog\/#organization\"},\"potentialAction\":[{\"@type\":\"SearchAction\",\"target\":{\"@type\":\"EntryPoint\",\"urlTemplate\":\"https:\/\/dicodusport.fr\/blog\/?s={search_term_string}\"},\"query-input\":{\"@type\":\"PropertyValueSpecification\",\"valueRequired\":true,\"valueName\":\"search_term_string\"}}],\"inLanguage\":\"fr-FR\"},{\"@type\":\"NewsMediaOrganization\",\"@id\":\"https:\/\/dicodusport.fr\/blog\/#organization\",\"name\":\"Dicodusport\",\"url\":\"https:\/\/dicodusport.fr\/blog\/\",\"logo\":{\"@type\":\"ImageObject\",\"inLanguage\":\"fr-FR\",\"@id\":\"https:\/\/dicodusport.fr\/blog\/#\/schema\/logo\/image\/\",\"url\":\"https:\/\/dicodusport.fr\/blog\/wp-content\/uploads\/2020\/06\/cropped-LOGO-DICODUSPORT-2020-SANS-FOND-SANS-TEXTE.png\",\"contentUrl\":\"https:\/\/dicodusport.fr\/blog\/wp-content\/uploads\/2020\/06\/cropped-LOGO-DICODUSPORT-2020-SANS-FOND-SANS-TEXTE.png\",\"width\":512,\"height\":512,\"caption\":\"Dicodusport\"},\"image\":{\"@id\":\"https:\/\/dicodusport.fr\/blog\/#\/schema\/logo\/image\/\"},\"sameAs\":[\"https:\/\/www.facebook.com\/dicodusport\",\"https:\/\/x.com\/dicodusport\",\"https:\/\/www.instagram.com\/dicodusport\/\",\"https:\/\/www.youtube.com\/channel\/UC7V2KZ5sd3htJivAbA4ZG3w\"],\"description\":\"Dicodusport est l'encyclop\u00e9die de l'actualit\u00e9 sportive.\",\"email\":\"bonjour@dicodusport.fr\",\"legalName\":\"DICODUSPORT\",\"foundingDate\":\"2018-01-14\",\"vatID\":\"FR71834470973\",\"taxID\":\"83447097300043\",\"numberOfEmployees\":{\"@type\":\"QuantitativeValue\",\"minValue\":\"1\",\"maxValue\":\"10\"}},{\"@type\":\"Person\",\"@id\":\"https:\/\/dicodusport.fr\/blog\/#\/schema\/person\/bf1e4f404e108bd2be5b447b16bde9a7\",\"name\":\"Tom Compayrot\",\"image\":{\"@type\":\"ImageObject\",\"inLanguage\":\"fr-FR\",\"@id\":\"https:\/\/dicodusport.fr\/blog\/#\/schema\/person\/image\/\",\"url\":\"https:\/\/dicodusport.fr\/blog\/wp-content\/uploads\/2021\/05\/Tom-Compayrot-150x150.jpg\",\"contentUrl\":\"https:\/\/dicodusport.fr\/blog\/wp-content\/uploads\/2021\/05\/Tom-Compayrot-150x150.jpg\",\"caption\":\"Tom Compayrot\"},\"description\":\"Journaliste\/r\u00e9dacteur depuis mars 2017 - Amoureux de la petite balle jaune et du gros ballon orange qui tra\u00eene sa carcasse sur Dicodusport depuis 2017. Rafael Nadal et LeBron James sont les meilleurs joueurs de l'histoire.\",\"sameAs\":[\"https:\/\/x.com\/https:\/\/twitter.com\/Tom_Cprt\"],\"url\":\"https:\/\/dicodusport.fr\/blog\/author\/tom\/\"}]}<\/script>\n<!-- \/ Yoast SEO Premium plugin. -->","yoast_head_json":{"title":"Corentin Moutet a subi une op\u00e9ration du poignet","description":"Corentin Moutet, qui s'\u00e9tait fractur\u00e9 le poignet \u00e0 l'Open d'Australie, a finalement \u00e9t\u00e9 op\u00e9r\u00e9 hier. Il devrait \u00eatre absent plusieurs semaines","robots":{"index":"index","follow":"follow","max-snippet":"max-snippet:-1","max-image-preview":"max-image-preview:large","max-video-preview":"max-video-preview:-1"},"canonical":"https:\/\/dicodusport.fr\/blog\/corentin-moutet-a-subi-une-operation-du-poignet\/","og_locale":"fr_FR","og_type":"article","og_title":"Corentin Moutet a subi une op\u00e9ration du poignet","og_description":"Corentin Moutet, qui s'\u00e9tait fractur\u00e9 le poignet \u00e0 l'Open d'Australie, a finalement \u00e9t\u00e9 op\u00e9r\u00e9 hier. Il devrait \u00eatre absent plusieurs semaines","og_url":"https:\/\/dicodusport.fr\/blog\/corentin-moutet-a-subi-une-operation-du-poignet\/","og_site_name":"Dicodusport","article_publisher":"https:\/\/www.facebook.com\/dicodusport","article_published_time":"2023-01-31T14:45:32+00:00","article_modified_time":"2023-01-31T15:13:53+00:00","og_image":[{"width":800,"height":445,"url":"https:\/\/dicodusport.fr\/blog\/wp-content\/uploads\/2023\/01\/corentin-moutet-a-subi-une-operation-du-poignet.png","type":"image\/png"}],"author":"Tom Compayrot","twitter_card":"summary_large_image","twitter_title":"Corentin Moutet a subi une op\u00e9ration du poignet","twitter_creator":"@https:\/\/twitter.com\/Tom_Cprt","twitter_site":"@dicodusport","schema":{"@context":"https:\/\/schema.org","@graph":[{"@type":"NewsArticle","@id":"https:\/\/dicodusport.fr\/blog\/corentin-moutet-a-subi-une-operation-du-poignet\/#article","isPartOf":{"@id":"https:\/\/dicodusport.fr\/blog\/corentin-moutet-a-subi-une-operation-du-poignet\/"},"author":{"name":"Tom Compayrot","@id":"https:\/\/dicodusport.fr\/blog\/#\/schema\/person\/bf1e4f404e108bd2be5b447b16bde9a7"},"headline":"Corentin Moutet a subi une op\u00e9ration du poignet","datePublished":"2023-01-31T14:45:32+00:00","dateModified":"2023-01-31T15:13:53+00:00","mainEntityOfPage":{"@id":"https:\/\/dicodusport.fr\/blog\/corentin-moutet-a-subi-une-operation-du-poignet\/"},"wordCount":353,"commentCount":0,"publisher":{"@id":"https:\/\/dicodusport.fr\/blog\/#organization"},"image":{"@id":"https:\/\/dicodusport.fr\/blog\/corentin-moutet-a-subi-une-operation-du-poignet\/#primaryimage"},"thumbnailUrl":"https:\/\/dicodusport.fr\/blog\/wp-content\/uploads\/2023\/01\/corentin-moutet-a-subi-une-operation-du-poignet.png","keywords":["Corentin Moutet","fran\u00e7ais tennis"],"articleSection":["Tennis"],"inLanguage":"fr-FR","potentialAction":[{"@type":"CommentAction","name":"Comment","target":["https:\/\/dicodusport.fr\/blog\/corentin-moutet-a-subi-une-operation-du-poignet\/#respond"]}],"copyrightYear":"2023","copyrightHolder":{"@id":"https:\/\/dicodusport.fr\/blog\/#organization"}},{"@type":"WebPage","@id":"https:\/\/dicodusport.fr\/blog\/corentin-moutet-a-subi-une-operation-du-poignet\/","url":"https:\/\/dicodusport.fr\/blog\/corentin-moutet-a-subi-une-operation-du-poignet\/","name":"Corentin Moutet a subi une op\u00e9ration du poignet","isPartOf":{"@id":"https:\/\/dicodusport.fr\/blog\/#website"},"primaryImageOfPage":{"@id":"https:\/\/dicodusport.fr\/blog\/corentin-moutet-a-subi-une-operation-du-poignet\/#primaryimage"},"image":{"@id":"https:\/\/dicodusport.fr\/blog\/corentin-moutet-a-subi-une-operation-du-poignet\/#primaryimage"},"thumbnailUrl":"https:\/\/dicodusport.fr\/blog\/wp-content\/uploads\/2023\/01\/corentin-moutet-a-subi-une-operation-du-poignet.png","datePublished":"2023-01-31T14:45:32+00:00","dateModified":"2023-01-31T15:13:53+00:00","description":"Corentin Moutet, qui s'\u00e9tait fractur\u00e9 le poignet \u00e0 l'Open d'Australie, a finalement \u00e9t\u00e9 op\u00e9r\u00e9 hier. Il devrait \u00eatre absent plusieurs semaines","breadcrumb":{"@id":"https:\/\/dicodusport.fr\/blog\/corentin-moutet-a-subi-une-operation-du-poignet\/#breadcrumb"},"inLanguage":"fr-FR","potentialAction":[{"@type":"ReadAction","target":["https:\/\/dicodusport.fr\/blog\/corentin-moutet-a-subi-une-operation-du-poignet\/"]}]},{"@type":"ImageObject","inLanguage":"fr-FR","@id":"https:\/\/dicodusport.fr\/blog\/corentin-moutet-a-subi-une-operation-du-poignet\/#primaryimage","url":"https:\/\/dicodusport.fr\/blog\/wp-content\/uploads\/2023\/01\/corentin-moutet-a-subi-une-operation-du-poignet.png","contentUrl":"https:\/\/dicodusport.fr\/blog\/wp-content\/uploads\/2023\/01\/corentin-moutet-a-subi-une-operation-du-poignet.png","width":800,"height":445},{"@type":"BreadcrumbList","@id":"https:\/\/dicodusport.fr\/blog\/corentin-moutet-a-subi-une-operation-du-poignet\/#breadcrumb","itemListElement":[{"@type":"ListItem","position":1,"name":"Accueil","item":"https:\/\/dicodusport.fr\/blog\/"},{"@type":"ListItem","position":2,"name":"Corentin Moutet a subi une op\u00e9ration du poignet"}]},{"@type":"WebSite","@id":"https:\/\/dicodusport.fr\/blog\/#website","url":"https:\/\/dicodusport.fr\/blog\/","name":"Dicodusport","description":"L&#039;encyclop\u00e9die de l&#039;actualit\u00e9 sportive","publisher":{"@id":"https:\/\/dicodusport.fr\/blog\/#organization"},"potentialAction":[{"@type":"SearchAction","target":{"@type":"EntryPoint","urlTemplate":"https:\/\/dicodusport.fr\/blog\/?s={search_term_string}"},"query-input":{"@type":"PropertyValueSpecification","valueRequired":true,"valueName":"search_term_string"}}],"inLanguage":"fr-FR"},{"@type":"NewsMediaOrganization","@id":"https:\/\/dicodusport.fr\/blog\/#organization","name":"Dicodusport","url":"https:\/\/dicodusport.fr\/blog\/","logo":{"@type":"ImageObject","inLanguage":"fr-FR","@id":"https:\/\/dicodusport.fr\/blog\/#\/schema\/logo\/image\/","url":"https:\/\/dicodusport.fr\/blog\/wp-content\/uploads\/2020\/06\/cropped-LOGO-DICODUSPORT-2020-SANS-FOND-SANS-TEXTE.png","contentUrl":"https:\/\/dicodusport.fr\/blog\/wp-content\/uploads\/2020\/06\/cropped-LOGO-DICODUSPORT-2020-SANS-FOND-SANS-TEXTE.png","width":512,"height":512,"caption":"Dicodusport"},"image":{"@id":"https:\/\/dicodusport.fr\/blog\/#\/schema\/logo\/image\/"},"sameAs":["https:\/\/www.facebook.com\/dicodusport","https:\/\/x.com\/dicodusport","https:\/\/www.instagram.com\/dicodusport\/","https:\/\/www.youtube.com\/channel\/UC7V2KZ5sd3htJivAbA4ZG3w"],"description":"Dicodusport est l'encyclop\u00e9die de l'actualit\u00e9 sportive.","email":"bonjour@dicodusport.fr","legalName":"DICODUSPORT","foundingDate":"2018-01-14","vatID":"FR71834470973","taxID":"83447097300043","numberOfEmployees":{"@type":"QuantitativeValue","minValue":"1","maxValue":"10"}},{"@type":"Person","@id":"https:\/\/dicodusport.fr\/blog\/#\/schema\/person\/bf1e4f404e108bd2be5b447b16bde9a7","name":"Tom Compayrot","image":{"@type":"ImageObject","inLanguage":"fr-FR","@id":"https:\/\/dicodusport.fr\/blog\/#\/schema\/person\/image\/","url":"https:\/\/dicodusport.fr\/blog\/wp-content\/uploads\/2021\/05\/Tom-Compayrot-150x150.jpg","contentUrl":"https:\/\/dicodusport.fr\/blog\/wp-content\/uploads\/2021\/05\/Tom-Compayrot-150x150.jpg","caption":"Tom Compayrot"},"description":"Journaliste\/r\u00e9dacteur depuis mars 2017 - Amoureux de la petite balle jaune et du gros ballon orange qui tra\u00eene sa carcasse sur Dicodusport depuis 2017. Rafael Nadal et LeBron James sont les meilleurs joueurs de l'histoire.","sameAs":["https:\/\/x.com\/https:\/\/twitter.com\/Tom_Cprt"],"url":"https:\/\/dicodusport.fr\/blog\/author\/tom\/"}]}},"_links":{"self":[{"href":"https:\/\/dicodusport.fr\/blog\/wp-json\/wp\/v2\/posts\/350614","targetHints":{"allow":["GET"]}}],"collection":[{"href":"https:\/\/dicodusport.fr\/blog\/wp-json\/wp\/v2\/posts"}],"about":[{"href":"https:\/\/dicodusport.fr\/blog\/wp-json\/wp\/v2\/types\/post"}],"author":[{"embeddable":true,"href":"https:\/\/dicodusport.fr\/blog\/wp-json\/wp\/v2\/users\/13"}],"replies":[{"embeddable":true,"href":"https:\/\/dicodusport.fr\/blog\/wp-json\/wp\/v2\/comments?post=350614"}],"version-history":[{"count":0,"href":"https:\/\/dicodusport.fr\/blog\/wp-json\/wp\/v2\/posts\/350614\/revisions"}],"wp:featuredmedia":[{"embeddable":true,"href":"https:\/\/dicodusport.fr\/blog\/wp-json\/wp\/v2\/media\/350647"}],"wp:attachment":[{"href":"https:\/\/dicodusport.fr\/blog\/wp-json\/wp\/v2\/media?parent=350614"}],"wp:term":[{"taxonomy":"category","embeddable":true,"href":"https:\/\/dicodusport.fr\/blog\/wp-json\/wp\/v2\/categories?post=350614"},{"taxonomy":"post_tag","embeddable":true,"href":"https:\/\/dicodusport.fr\/blog\/wp-json\/wp\/v2\/tags?post=350614"}],"curies":[{"name":"wp","href":"https:\/\/api.w.org\/{rel}","templated":true}]}}