{"id":35084,"date":"2019-03-11T11:11:00","date_gmt":"2019-03-11T10:11:00","guid":{"rendered":"http:\/\/dicodusport.fr\/blog\/?p=35084"},"modified":"2019-03-11T17:27:59","modified_gmt":"2019-03-11T16:27:59","slug":"ligue-1-conforama-28eme-journee-lille-se-donne-le-droit-de-rever-l-om-recolle","status":"publish","type":"post","link":"https:\/\/dicodusport.fr\/blog\/ligue-1-conforama-28eme-journee-lille-se-donne-le-droit-de-rever-l-om-recolle\/","title":{"rendered":"Ligue 1 Conforama &#8211; 28\u00e8me journ\u00e9e : Lille se donne le droit de r\u00eaver, l&rsquo;OM recolle"},"content":{"rendered":"<p style=\"text-align: justify;\"><strong><i>22 buts en 9 matchs de Ligue 1 Conforama pour cette 28\u00e8me journ\u00e9e avec l&rsquo;envol de Lille sur la 2\u00e8me place, Balo qui continue de conqu\u00e9rir Marseille, la lutte qui s&rsquo;annonce entre les trois derniers et Rennes toujours aussi s\u00e9duisant.<\/i><\/strong><\/p>\n<h1 style=\"text-align: justify;\">L&rsquo;OM recolle, Amiens poursuit son op\u00e9ration maintien<\/h1>\n<p style=\"text-align: justify;\">Avant de se d\u00e9placer au Parc des Princes pour la 29\u00e8me journ\u00e9e de Ligue 1 Conforama, l&rsquo;Olympique de Marseille a fait le plein \u00e0 domicile (1-0, Balotelli 61&prime;) gr\u00e2ce \u00e0 un nouveau but de sa star italienne Mario Balotelli. Les Marseillais, face au bloc bas et tr\u00e8s bien organis\u00e9 des Ni\u00e7ois, ont trouv\u00e9 la faille sur centre et une t\u00eate bien plac\u00e9e du num\u00e9ro 9 marseillais. 5 victoires et 1 nul en 6 matchs pour l&rsquo;OM qui profite du nul entre Strasbourg et Lyon (2-2, Demb\u00e9l\u00e9 3&prime;, 51&prime; et Ajorque 69&prime;,70&prime;) pour revenir \u00e0 trois points de l&rsquo;autre olympique et donc du podium. Avec sa victoire \u00e0 Saint-Etienne (0-1, P\u00e9p\u00e9 88&prime;), Lille fait aussi une tr\u00e8s bonne op\u00e9ration en vue de la Ligue des Champions avec 10 points d&rsquo;avance sur Marseille qui est 4\u00e8me. Derri\u00e8re l&rsquo;OM, Reims (5\u00e8me), Saint-Etienne (6\u00e8me) et Montpellier (7\u00e8me) ne se sont pas impos\u00e9s et laissent les hommes de Rudi Garcia faire l&rsquo;\u00e9cart.<\/p>\n<p style=\"text-align: justify;\">7 points, c&rsquo;est l&rsquo;\u00e9cart qu&rsquo;il y a aujourd&rsquo;hui entre Amiens (16\u00e8me, 28 points) et Dijon (18\u00e8me, 21 points), premier barragiste. D\u00e9but f\u00e9vrier, les Ami\u00e9nois \u00e9taient dans la zone rouge. Depuis la r\u00e9ception et la victoire face au concurrent direct caennais le 9 f\u00e9vrier, les co\u00e9quipiers de l&rsquo;impeccable R\u00e9gis Gurtner n&rsquo;en finissent plus de prendre des points et de s&rsquo;\u00e9loigner de la Domino&rsquo;s Ligue 2. Avec 3 victoires \u00e0 domicile sur les 5 derniers matchs, dont celle acquise face \u00e0 N\u00eemes samedi (2-1, Guirassy 49&prime;, Pieters 64&prime; \/ Alioui 53&prime;), les hommes de Pelissier respirent et proposent de ce fait un jeu plus attrayant. Avec les d\u00e9faites de Caen face \u00e0 Rennes (3-1, Bourigeaud 39&prime;, Hunou 58&prime;, Niang 62&rsquo;\/ Ninga 20&prime;) et celle de Guingamp \u00e0 Toulouse (1-0, Sanogo 20&prime;), les espoirs sont permis. Encore quelques efforts pour les Picards pour savourer une saison de plus en Ligue 1 Conforama.<\/p>\n<div id=\"attachment_35094\" style=\"width: 860px\" class=\"wp-caption aligncenter\"><img loading=\"lazy\" decoding=\"async\" aria-describedby=\"caption-attachment-35094\" class=\"size-full wp-image-35094\" src=\"http:\/\/dicodusport.fr\/blog\/wp-content\/uploads\/2019\/03\/Balotelli-OM-Nice.jpg\" alt=\"\" width=\"850\" height=\"575\" srcset=\"https:\/\/dicodusport.fr\/blog\/wp-content\/uploads\/2019\/03\/Balotelli-OM-Nice.jpg 850w, https:\/\/dicodusport.fr\/blog\/wp-content\/uploads\/2019\/03\/Balotelli-OM-Nice-300x203.jpg 300w, https:\/\/dicodusport.fr\/blog\/wp-content\/uploads\/2019\/03\/Balotelli-OM-Nice-768x520.jpg 768w\" sizes=\"auto, (max-width: 850px) 100vw, 850px\" \/><p id=\"caption-attachment-35094\" class=\"wp-caption-text\">Super Mario a inscrit son 5\u00e8me but en 7 matchs sous les couleurs de l&rsquo;OM face \u00e0 son ancien club, Nice &#8211; La Provence<\/p><\/div>\n<h1 style=\"text-align: justify;\">Les rois des matchs nuls ont r\u00e9cidiv\u00e9<\/h1>\n<p style=\"text-align: justify;\">Dans l&rsquo;ordre cette saison : Reims (13 matchs nuls), Montpellier (12 matchs nuls), Strasbourg (11 matchs nuls) et Angers (11 matchs nuls) ont tous pris de nouveau un point ce week-end. Hormis Strasbourg, \u00e0 l&rsquo;allure et au jeu plut\u00f4t offensif, Reims, Montpellier et Angers ont cette caract\u00e9ristique commune d&rsquo;\u00eatre port\u00e9 sur l&rsquo;aspect d\u00e9fensif avec un bloc compact qui ne s&rsquo;expose que tr\u00e8s peu. Et visiblement, en Ligue 1 Conforama, \u00e7a paye de faire des matchs nuls. Les trois premiers cit\u00e9s sont bien au chaud dans la premi\u00e8re partie de tableau (Reims 5\u00e8me 43 points, Montpellier 7\u00e8me 42 points, Strasbourg 10\u00e8me 38 points) tandis qu&rsquo;Angers est juste derri\u00e8re (12\u00e8me 35 points). Ce week-end, Reims a obtenu un nul g\u00e9n\u00e9reux \u00e0 Dijon (1-1, Sliti 13&prime; \/ Zeneli 9&prime;) face \u00e0 un Dijon r\u00e9duit \u00e0 10 au bout de 3 minutes. Strasbourg et Angers ont \u00e9t\u00e9 les ma\u00eetres de la <em>remontada<\/em> de 2-0 \u00e0 2-2 face \u00e0 respectivement Lyon et Montpellier.<\/p>\n<div id=\"attachment_35095\" style=\"width: 1270px\" class=\"wp-caption aligncenter\"><img loading=\"lazy\" decoding=\"async\" aria-describedby=\"caption-attachment-35095\" class=\"size-full wp-image-35095\" src=\"http:\/\/dicodusport.fr\/blog\/wp-content\/uploads\/2019\/03\/Montpellier-Angers.jpg\" alt=\"\" width=\"1260\" height=\"712\" srcset=\"https:\/\/dicodusport.fr\/blog\/wp-content\/uploads\/2019\/03\/Montpellier-Angers.jpg 1260w, https:\/\/dicodusport.fr\/blog\/wp-content\/uploads\/2019\/03\/Montpellier-Angers-300x170.jpg 300w, https:\/\/dicodusport.fr\/blog\/wp-content\/uploads\/2019\/03\/Montpellier-Angers-768x434.jpg 768w, https:\/\/dicodusport.fr\/blog\/wp-content\/uploads\/2019\/03\/Montpellier-Angers-1024x579.jpg 1024w\" sizes=\"auto, (max-width: 1260px) 100vw, 1260px\" \/><p id=\"caption-attachment-35095\" class=\"wp-caption-text\">Montpellier et Angers n&rsquo;ont pas su se d\u00e9partager \u00e0 la Mosson hier apr\u00e8s-midi &#8211; AFP<\/p><\/div>\n<h1 style=\"text-align: justify;\">Le joueur : Isma\u00efla Sarr grandit vite \u00e0 Rennes (victoire 3-1 du Stade Rennais face \u00e0 Caen)<\/h1>\n<p style=\"text-align: justify;\">Europa Ligue, Ligue 1, tout sourit en ce moment au jeune s\u00e9n\u00e9galais, transfuge de Metz en 2017. \u00c0 21 ans, Sarr r\u00e9gale son monde en Bretagne par sa vitesse, ses dribbles et sa justesse technique. Il est avec Ben Arfa le danger num\u00e9ro 1 dans l&rsquo;\u00e9quipe rennaise. Avec deux passes d\u00e9cisives hier, Isma\u00efla Sarr a r\u00e9veill\u00e9 Rennes lorsque Caen menait 0-1 (Casimir Ninga 20&prime;). Avec cette explosion cette saison, Rennes aura du mal \u00e0 le conserver cet \u00e9t\u00e9. Amis Rennais, profitez de son talent !<\/p>\n<p><span class=\"AV2GRnhrN4w57C1qbOo\"><\/p>\n<blockquote class=\"twitter-tweet\" data-width=\"550\" data-dnt=\"true\">\n<p lang=\"fr\" dir=\"ltr\">[<a href=\"https:\/\/twitter.com\/hashtag\/SRFCSMC?src=hash&amp;ref_src=twsrc%5Etfw\">#SRFCSMC<\/a>] <\/p>\n<p>\ud83d\udc40 Deux <a href=\"https:\/\/twitter.com\/hashtag\/RougeEtNoir?src=hash&amp;ref_src=twsrc%5Etfw\">#RougeEtNoir<\/a> sont dans l&#39;\u00c9quipe-type du quotidien <a href=\"https:\/\/twitter.com\/lequipe?ref_src=twsrc%5Etfw\">@lequipe<\/a> ce lundi <\/p>\n<p>Big \ud83c\udd99 \u00e0 <a href=\"https:\/\/twitter.com\/BourigeaudB29?ref_src=twsrc%5Etfw\">@BourigeaudB29<\/a> et Isma\u00efla <a href=\"https:\/\/twitter.com\/hashtag\/Sarr?src=hash&amp;ref_src=twsrc%5Etfw\">#Sarr<\/a> \ud83d\udc4f<\/p>\n<p>\ud83d\udc65\u2705 <a href=\"https:\/\/twitter.com\/hashtag\/SRFC?src=hash&amp;ref_src=twsrc%5Etfw\">#SRFC<\/a>, \u00e9quipe de la J28 de <a href=\"https:\/\/twitter.com\/Ligue1Conforama?ref_src=twsrc%5Etfw\">@Ligue1Conforama<\/a> \ud83d\udd1d<br \/>&#8212;<a href=\"https:\/\/twitter.com\/hashtag\/AllezRennes?src=hash&amp;ref_src=twsrc%5Etfw\">#AllezRennes<\/a> &#8211; <a href=\"https:\/\/twitter.com\/hashtag\/ToutDonner?src=hash&amp;ref_src=twsrc%5Etfw\">#ToutDonner<\/a> \ud83d\udcaa\ud83d\udd34\u26ab <a href=\"https:\/\/t.co\/HPWKXmjhlM\">pic.twitter.com\/HPWKXmjhlM<\/a><\/p>\n<p>&mdash; Stade Rennais F.C. (@staderennais) <a href=\"https:\/\/twitter.com\/staderennais\/status\/1105026956335161344?ref_src=twsrc%5Etfw\">March 11, 2019<\/a><\/p><\/blockquote>\n<p><script async src=\"https:\/\/platform.twitter.com\/widgets.js\" charset=\"utf-8\"><\/script><\/span><\/p>\n<h1 style=\"text-align: justify;\">Pour les parieurs, le coup qu&rsquo;il fallait tenter : Lille et P\u00e9p\u00e9 s&rsquo;envolent (victoire 0-1 \u00e0 Saint-Etienne)<\/h1>\n<p style=\"text-align: justify;\">Apr\u00e8s 28 journ\u00e9es, le LOSC \u00e9gale son record de points \u00e0 ce stade de la comp\u00e9tition en Ligue 1 Conforama (57 points). Deuxi\u00e8mes \u00e0 10 journ\u00e9es de la fin, avec 10 points d&rsquo;avance sur le 4\u00e8me, l&rsquo;OM, les Lillois se rapprochent encore plus de la Ligue des Champions. Avec un but de l&rsquo;intraitable Nicolas P\u00e9p\u00e9 (0-1, P\u00e9p\u00e9 88&prime;), son 17\u00e8me en championnat, Lille s&rsquo;est impos\u00e9 non sans difficult\u00e9 et sur la plus petite des marges dans le Forez, face \u00e0 des Verts peu inspir\u00e9s. Qu&rsquo;importe, les Dogues poursuivent leur tr\u00e8s grande saison et peuvent entrevoir l&rsquo;Europe.<\/p>\n<h1 style=\"text-align: justify;\">Cette semaine, Paris doit relever la t\u00eate<\/h1>\n<p style=\"text-align: justify;\">En match en retard de la 18\u00e8me journ\u00e9e de Ligue 1 Conforama, le Paris Saint-Germain se d\u00e9place mardi \u00e0 19h au stade Gaston G\u00e9rard de Dijon. Le PSG doit se servir de se match pour se remettre les id\u00e9es \u00e0 l&rsquo;endroit et pr\u00e9parer le Clasico qui sera tr\u00e8s attendu par les supporters parisiens qui grondent en ce moment suite \u00e0 la d\u00e9convenue en Ligue des Champions.<\/p>\n<h1 style=\"text-align: justify;\">Les r\u00e9sultats<\/h1>\n<div class=\"su-table su-table-alternate\"><\/div>\n<table style=\"width: 800px; border-collapse: collapse;\" border=\"1\">\n<tbody>\n<tr style=\"height: 22px;\">\n<td style=\"width: 320.8125px; height: 22px; text-align: center; border-color: #e6e6e6;\"><span style=\"color: #000000;\">Strasbourg<\/span><\/td>\n<td style=\"width: 153.40625px; height: 22px; text-align: center; border-color: #e6e6e6;\"><span style=\"color: #000000;\">2-2<\/span><\/td>\n<td style=\"width: 315.8125px; height: 22px; text-align: center; border-color: #e6e6e6;\"><span style=\"color: #000000;\">Lyon<\/span><\/td>\n<\/tr>\n<tr style=\"height: 22px;\">\n<td style=\"width: 320.8125px; height: 22px; text-align: center; border-color: #e6e6e6;\"><span style=\"color: #000000;\">Dijon<\/span><\/td>\n<td style=\"width: 153.40625px; height: 22px; text-align: center; border-color: #e6e6e6;\"><span style=\"color: #000000;\">1-1<\/span><\/td>\n<td style=\"width: 315.8125px; height: 22px; text-align: center; border-color: #e6e6e6;\"><span style=\"color: #000000;\">Reims\u00a0<\/span><\/td>\n<\/tr>\n<tr style=\"height: 22px;\">\n<td style=\"width: 320.8125px; height: 22px; text-align: center; border-color: #e6e6e6;\"><span style=\"color: #000000;\">Monaco<\/span><\/td>\n<td style=\"width: 153.40625px; height: 22px; text-align: center; border-color: #e6e6e6;\"><span style=\"color: #000000;\">1-1<\/span><\/td>\n<td style=\"width: 315.8125px; height: 22px; text-align: center; border-color: #e6e6e6;\"><span style=\"color: #000000;\">Bordeaux<\/span><\/td>\n<\/tr>\n<tr style=\"height: 22px;\">\n<td style=\"width: 320.8125px; height: 22px; text-align: center; border-color: #e6e6e6;\"><strong><span style=\"color: #000000;\">Amiens<\/span><\/strong><\/td>\n<td style=\"width: 153.40625px; height: 22px; text-align: center; border-color: #e6e6e6;\"><span style=\"color: #000000;\">2-1<\/span><\/td>\n<td style=\"width: 315.8125px; height: 22px; text-align: center; border-color: #e6e6e6;\"><span style=\"color: #000000;\">N\u00eemes<\/span><\/td>\n<\/tr>\n<tr style=\"height: 22px;\">\n<td style=\"width: 320.8125px; height: 22px; text-align: center; border-color: #e6e6e6;\"><span style=\"color: #000000;\">Montpellier<\/span><\/td>\n<td style=\"width: 153.40625px; height: 22px; text-align: center; border-color: #e6e6e6;\"><span style=\"color: #000000;\">2-2<\/span><\/td>\n<td style=\"width: 315.8125px; height: 22px; text-align: center; border-color: #e6e6e6;\"><span style=\"color: #000000;\">Angers<\/span><\/td>\n<\/tr>\n<tr style=\"height: 22px;\">\n<td style=\"width: 320.8125px; height: 22px; text-align: center; border-color: #e6e6e6;\"><span style=\"color: #000000;\">Saint-Etienne<\/span><\/td>\n<td style=\"width: 153.40625px; height: 22px; text-align: center; border-color: #e6e6e6;\"><span style=\"color: #000000;\">0-1<\/span><\/td>\n<td style=\"width: 315.8125px; height: 22px; text-align: center; border-color: #e6e6e6;\"><strong><span style=\"color: #000000;\">Lille<\/span><\/strong><\/td>\n<\/tr>\n<tr style=\"height: 22px;\">\n<td style=\"width: 320.8125px; height: 22px; text-align: center; border-color: #e6e6e6;\"><strong><span style=\"color: #000000;\">Toulouse<\/span><\/strong><\/td>\n<td style=\"width: 153.40625px; height: 22px; text-align: center; border-color: #e6e6e6;\"><span style=\"color: #000000;\">1-0<\/span><\/td>\n<td style=\"width: 315.8125px; height: 22px; text-align: center; border-color: #e6e6e6;\"><span style=\"color: #000000;\">Guingamp<\/span><\/td>\n<\/tr>\n<tr style=\"height: 22px;\">\n<td style=\"width: 320.8125px; height: 22px; text-align: center; border-color: #e6e6e6;\"><strong><span style=\"color: #000000;\">Rennes<\/span><\/strong><\/td>\n<td style=\"width: 153.40625px; height: 22px; text-align: center; border-color: #e6e6e6;\"><span style=\"color: #000000;\">3-1<\/span><\/td>\n<td style=\"width: 315.8125px; height: 22px; text-align: center; border-color: #e6e6e6;\"><span style=\"color: #000000;\">Caen<\/span><\/td>\n<\/tr>\n<tr style=\"height: 22px;\">\n<td style=\"width: 320.8125px; height: 22px; text-align: center; border-color: #e6e6e6;\"><strong><span style=\"color: #000000;\">Marseille<\/span><\/strong><\/td>\n<td style=\"width: 153.40625px; height: 22px; text-align: center; border-color: #e6e6e6;\"><span style=\"color: #000000;\">1-0<\/span><\/td>\n<td style=\"width: 315.8125px; height: 22px; text-align: center; border-color: #e6e6e6;\"><span style=\"color: #000000;\">Nice<\/span><\/td>\n<\/tr>\n<tr style=\"height: 22px;\">\n<td style=\"width: 320.8125px; height: 18px; text-align: center; border-color: #e6e6e6;\"><span style=\"color: #000000;\">Nantes<\/span><\/td>\n<td style=\"width: 153.40625px; height: 18px; text-align: center; border-color: #e6e6e6;\"><span style=\"color: #000000;\">Report\u00e9<\/span><\/td>\n<td style=\"width: 315.8125px; height: 18px; text-align: center; border-color: #e6e6e6;\"><span style=\"color: #000000;\">Paris<\/span><\/td>\n<\/tr>\n<\/tbody>\n<\/table>\n<h1>Le classement :<\/h1>\n<div id=\"attachment_35086\" style=\"width: 561px\" class=\"wp-caption aligncenter\"><img loading=\"lazy\" decoding=\"async\" aria-describedby=\"caption-attachment-35086\" class=\"size-full wp-image-35086\" src=\"http:\/\/dicodusport.fr\/blog\/wp-content\/uploads\/2019\/03\/Classement-J28.png\" alt=\"\" width=\"551\" height=\"539\" srcset=\"https:\/\/dicodusport.fr\/blog\/wp-content\/uploads\/2019\/03\/Classement-J28.png 551w, https:\/\/dicodusport.fr\/blog\/wp-content\/uploads\/2019\/03\/Classement-J28-300x293.png 300w\" sizes=\"auto, (max-width: 551px) 100vw, 551px\" \/><p id=\"caption-attachment-35086\" class=\"wp-caption-text\">Classement de la 28\u00e8me journ\u00e9e de Ligue 1 Conforama &#8211; LFP<\/p><\/div>\n<h1 style=\"text-align: justify;\">La prochaine journ\u00e9e (J29) :<\/h1>\n<p style=\"text-align: center;\"><em><strong>Vendredi 15 mars :\u00a0<\/strong><\/em><\/p>\n<p style=\"text-align: center;\">Nice &#8211; Toulouse<\/p>\n<p style=\"text-align: center;\">Lille &#8211; Monaco<\/p>\n<p style=\"text-align: center;\"><em><strong>Samedi 16 mars :<\/strong><\/em><\/p>\n<p style=\"text-align: center;\">Lyon &#8211; Montpellier<\/p>\n<p style=\"text-align: center;\">Angers &#8211; Amiens<\/p>\n<p style=\"text-align: center;\">Caen &#8211; Saint-\u00c9tienne<\/p>\n<p style=\"text-align: center;\">Guingamp &#8211; Dijon<\/p>\n<p style=\"text-align: center;\">N\u00eemes &#8211; Strasbourg<\/p>\n<p style=\"text-align: center;\"><em><strong>Dimanche 17 mars :\u00a0<\/strong><\/em><\/p>\n<p style=\"text-align: center;\">Reims &#8211; Nantes<\/p>\n<p style=\"text-align: center;\">Bordeaux &#8211; Rennes<\/p>\n<p style=\"text-align: center;\">Paris &#8211; Marseille<\/p>\n<p><em><strong>Romain Delanis<br \/>\n<\/strong><\/em><em><strong><a href=\"https:\/\/twitter.com\/RDelanis\" target=\"_blank\" rel=\"noopener noreferrer\"><img loading=\"lazy\" decoding=\"async\" class=\"alignnone wp-image-2908\" src=\"http:\/\/dicodusport.fr\/blog\/wp-content\/uploads\/2017\/07\/logo-twitter-150x150.png\" alt=\"\" width=\"39\" height=\"39\" \/><\/a><\/strong><\/em><\/p>\n","protected":false},"excerpt":{"rendered":"<p>22 buts en 9 matchs de Ligue 1 Conforama pour cette 28\u00e8me journ\u00e9e avec l&rsquo;envol de Lille sur la 2\u00e8me place et Balo qui continue de conqu\u00e9rir Marseille.<\/p>\n","protected":false},"author":14,"featured_media":35099,"comment_status":"open","ping_status":"closed","sticky":false,"template":"","format":"standard","meta":{"_acf_changed":false,"_daextam_enable_autolinks":"","footnotes":""},"categories":[2,2301],"tags":[1731,75,4883,2391,1145,1889,910,4334,1840,457],"class_list":["post-35084","post","type-post","status-publish","format-standard","has-post-thumbnail","hentry","category-actualites","category-football","tag-amiens","tag-football","tag-ligue-1-conforama","tag-losc","tag-ol","tag-om","tag-psg","tag-reims","tag-rennes","tag-saint-etienne"],"acf":[],"yoast_head":"<!-- This site is optimized with the Yoast SEO Premium plugin v26.7 (Yoast SEO v26.7) - https:\/\/yoast.com\/wordpress\/plugins\/seo\/ -->\n<title>Ligue 1 Conforama - 28\u00e8me journ\u00e9e : Lille se donne le droit de r\u00eaver, l&#039;OM recolle<\/title>\n<meta name=\"description\" content=\"22 buts en 9 matchs de Ligue 1 Conforama pour cette 28\u00e8me journ\u00e9e avec l&#039;envol de Lille sur la 2\u00e8me place et Balo qui continue de conqu\u00e9rir Marseille.\" \/>\n<meta name=\"robots\" content=\"index, follow, max-snippet:-1, max-image-preview:large, max-video-preview:-1\" \/>\n<link rel=\"canonical\" href=\"https:\/\/dicodusport.fr\/blog\/ligue-1-conforama-28eme-journee-lille-se-donne-le-droit-de-rever-l-om-recolle\/\" \/>\n<meta property=\"og:locale\" content=\"fr_FR\" \/>\n<meta property=\"og:type\" content=\"article\" \/>\n<meta property=\"og:title\" content=\"Ligue 1 Conforama - 28\u00e8me journ\u00e9e : Lille se donne le droit de r\u00eaver, l&#039;OM recolle\" \/>\n<meta property=\"og:description\" content=\"22 buts en 9 matchs de Ligue 1 Conforama pour cette 28\u00e8me journ\u00e9e avec l&#039;envol de Lille sur la 2\u00e8me place et Balo qui continue de conqu\u00e9rir Marseille.\" \/>\n<meta property=\"og:url\" content=\"https:\/\/dicodusport.fr\/blog\/ligue-1-conforama-28eme-journee-lille-se-donne-le-droit-de-rever-l-om-recolle\/\" \/>\n<meta property=\"og:site_name\" content=\"Dicodusport\" \/>\n<meta property=\"article:publisher\" content=\"https:\/\/www.facebook.com\/dicodusport\" \/>\n<meta property=\"article:published_time\" content=\"2019-03-11T10:11:00+00:00\" \/>\n<meta property=\"article:modified_time\" content=\"2019-03-11T16:27:59+00:00\" \/>\n<meta property=\"og:image\" content=\"https:\/\/dicodusport.fr\/blog\/wp-content\/uploads\/2019\/03\/R\u00e9sum\u00e9-28\u00e8me-journ\u00e9e-de-Ligue-1.png\" \/>\n\t<meta property=\"og:image:width\" content=\"800\" \/>\n\t<meta property=\"og:image:height\" content=\"445\" \/>\n\t<meta property=\"og:image:type\" content=\"image\/png\" \/>\n<meta name=\"author\" content=\"Romain Delanis\" \/>\n<meta name=\"twitter:card\" content=\"summary_large_image\" \/>\n<meta name=\"twitter:creator\" content=\"@https:\/\/twitter.com\/RDelanis\" \/>\n<meta name=\"twitter:site\" content=\"@dicodusport\" \/>\n<script type=\"application\/ld+json\" class=\"yoast-schema-graph\">{\"@context\":\"https:\/\/schema.org\",\"@graph\":[{\"@type\":\"NewsArticle\",\"@id\":\"https:\/\/dicodusport.fr\/blog\/ligue-1-conforama-28eme-journee-lille-se-donne-le-droit-de-rever-l-om-recolle\/#article\",\"isPartOf\":{\"@id\":\"https:\/\/dicodusport.fr\/blog\/ligue-1-conforama-28eme-journee-lille-se-donne-le-droit-de-rever-l-om-recolle\/\"},\"author\":{\"name\":\"Romain Delanis\",\"@id\":\"https:\/\/dicodusport.fr\/blog\/#\/schema\/person\/8c78730a59f8a1e617f7a19026ebc14a\"},\"headline\":\"Ligue 1 Conforama &#8211; 28\u00e8me journ\u00e9e : Lille se donne le droit de r\u00eaver, l&rsquo;OM recolle\",\"datePublished\":\"2019-03-11T10:11:00+00:00\",\"dateModified\":\"2019-03-11T16:27:59+00:00\",\"mainEntityOfPage\":{\"@id\":\"https:\/\/dicodusport.fr\/blog\/ligue-1-conforama-28eme-journee-lille-se-donne-le-droit-de-rever-l-om-recolle\/\"},\"wordCount\":997,\"commentCount\":0,\"publisher\":{\"@id\":\"https:\/\/dicodusport.fr\/blog\/#organization\"},\"image\":{\"@id\":\"https:\/\/dicodusport.fr\/blog\/ligue-1-conforama-28eme-journee-lille-se-donne-le-droit-de-rever-l-om-recolle\/#primaryimage\"},\"thumbnailUrl\":\"https:\/\/dicodusport.fr\/blog\/wp-content\/uploads\/2019\/03\/R\u00e9sum\u00e9-28\u00e8me-journ\u00e9e-de-Ligue-1.png\",\"keywords\":[\"Amiens\",\"Football\",\"Ligue 1 Conforama\",\"LOSC\",\"OL\",\"OM\",\"PSG\",\"Reims\",\"Rennes\",\"Saint-Etienne\"],\"articleSection\":[\"Actualit\u00e9s\",\"Football\"],\"inLanguage\":\"fr-FR\",\"potentialAction\":[{\"@type\":\"CommentAction\",\"name\":\"Comment\",\"target\":[\"https:\/\/dicodusport.fr\/blog\/ligue-1-conforama-28eme-journee-lille-se-donne-le-droit-de-rever-l-om-recolle\/#respond\"]}],\"copyrightYear\":\"2019\",\"copyrightHolder\":{\"@id\":\"https:\/\/dicodusport.fr\/blog\/#organization\"}},{\"@type\":\"WebPage\",\"@id\":\"https:\/\/dicodusport.fr\/blog\/ligue-1-conforama-28eme-journee-lille-se-donne-le-droit-de-rever-l-om-recolle\/\",\"url\":\"https:\/\/dicodusport.fr\/blog\/ligue-1-conforama-28eme-journee-lille-se-donne-le-droit-de-rever-l-om-recolle\/\",\"name\":\"Ligue 1 Conforama - 28\u00e8me journ\u00e9e : Lille se donne le droit de r\u00eaver, l'OM recolle\",\"isPartOf\":{\"@id\":\"https:\/\/dicodusport.fr\/blog\/#website\"},\"primaryImageOfPage\":{\"@id\":\"https:\/\/dicodusport.fr\/blog\/ligue-1-conforama-28eme-journee-lille-se-donne-le-droit-de-rever-l-om-recolle\/#primaryimage\"},\"image\":{\"@id\":\"https:\/\/dicodusport.fr\/blog\/ligue-1-conforama-28eme-journee-lille-se-donne-le-droit-de-rever-l-om-recolle\/#primaryimage\"},\"thumbnailUrl\":\"https:\/\/dicodusport.fr\/blog\/wp-content\/uploads\/2019\/03\/R\u00e9sum\u00e9-28\u00e8me-journ\u00e9e-de-Ligue-1.png\",\"datePublished\":\"2019-03-11T10:11:00+00:00\",\"dateModified\":\"2019-03-11T16:27:59+00:00\",\"description\":\"22 buts en 9 matchs de Ligue 1 Conforama pour cette 28\u00e8me journ\u00e9e avec l'envol de Lille sur la 2\u00e8me place et Balo qui continue de conqu\u00e9rir Marseille.\",\"breadcrumb\":{\"@id\":\"https:\/\/dicodusport.fr\/blog\/ligue-1-conforama-28eme-journee-lille-se-donne-le-droit-de-rever-l-om-recolle\/#breadcrumb\"},\"inLanguage\":\"fr-FR\",\"potentialAction\":[{\"@type\":\"ReadAction\",\"target\":[\"https:\/\/dicodusport.fr\/blog\/ligue-1-conforama-28eme-journee-lille-se-donne-le-droit-de-rever-l-om-recolle\/\"]}]},{\"@type\":\"ImageObject\",\"inLanguage\":\"fr-FR\",\"@id\":\"https:\/\/dicodusport.fr\/blog\/ligue-1-conforama-28eme-journee-lille-se-donne-le-droit-de-rever-l-om-recolle\/#primaryimage\",\"url\":\"https:\/\/dicodusport.fr\/blog\/wp-content\/uploads\/2019\/03\/R\u00e9sum\u00e9-28\u00e8me-journ\u00e9e-de-Ligue-1.png\",\"contentUrl\":\"https:\/\/dicodusport.fr\/blog\/wp-content\/uploads\/2019\/03\/R\u00e9sum\u00e9-28\u00e8me-journ\u00e9e-de-Ligue-1.png\",\"width\":800,\"height\":445},{\"@type\":\"BreadcrumbList\",\"@id\":\"https:\/\/dicodusport.fr\/blog\/ligue-1-conforama-28eme-journee-lille-se-donne-le-droit-de-rever-l-om-recolle\/#breadcrumb\",\"itemListElement\":[{\"@type\":\"ListItem\",\"position\":1,\"name\":\"Accueil\",\"item\":\"https:\/\/dicodusport.fr\/blog\/\"},{\"@type\":\"ListItem\",\"position\":2,\"name\":\"Ligue 1 Conforama &#8211; 28\u00e8me journ\u00e9e : Lille se donne le droit de r\u00eaver, l&rsquo;OM recolle\"}]},{\"@type\":\"WebSite\",\"@id\":\"https:\/\/dicodusport.fr\/blog\/#website\",\"url\":\"https:\/\/dicodusport.fr\/blog\/\",\"name\":\"Dicodusport\",\"description\":\"L&#039;encyclop\u00e9die de l&#039;actualit\u00e9 sportive\",\"publisher\":{\"@id\":\"https:\/\/dicodusport.fr\/blog\/#organization\"},\"potentialAction\":[{\"@type\":\"SearchAction\",\"target\":{\"@type\":\"EntryPoint\",\"urlTemplate\":\"https:\/\/dicodusport.fr\/blog\/?s={search_term_string}\"},\"query-input\":{\"@type\":\"PropertyValueSpecification\",\"valueRequired\":true,\"valueName\":\"search_term_string\"}}],\"inLanguage\":\"fr-FR\"},{\"@type\":\"NewsMediaOrganization\",\"@id\":\"https:\/\/dicodusport.fr\/blog\/#organization\",\"name\":\"Dicodusport\",\"url\":\"https:\/\/dicodusport.fr\/blog\/\",\"logo\":{\"@type\":\"ImageObject\",\"inLanguage\":\"fr-FR\",\"@id\":\"https:\/\/dicodusport.fr\/blog\/#\/schema\/logo\/image\/\",\"url\":\"https:\/\/dicodusport.fr\/blog\/wp-content\/uploads\/2020\/06\/cropped-LOGO-DICODUSPORT-2020-SANS-FOND-SANS-TEXTE.png\",\"contentUrl\":\"https:\/\/dicodusport.fr\/blog\/wp-content\/uploads\/2020\/06\/cropped-LOGO-DICODUSPORT-2020-SANS-FOND-SANS-TEXTE.png\",\"width\":512,\"height\":512,\"caption\":\"Dicodusport\"},\"image\":{\"@id\":\"https:\/\/dicodusport.fr\/blog\/#\/schema\/logo\/image\/\"},\"sameAs\":[\"https:\/\/www.facebook.com\/dicodusport\",\"https:\/\/x.com\/dicodusport\",\"https:\/\/www.instagram.com\/dicodusport\/\",\"https:\/\/www.youtube.com\/channel\/UC7V2KZ5sd3htJivAbA4ZG3w\"],\"description\":\"Dicodusport est l'encyclop\u00e9die de l'actualit\u00e9 sportive.\",\"email\":\"bonjour@dicodusport.fr\",\"legalName\":\"DICODUSPORT\",\"foundingDate\":\"2018-01-14\",\"vatID\":\"FR71834470973\",\"taxID\":\"83447097300043\",\"numberOfEmployees\":{\"@type\":\"QuantitativeValue\",\"minValue\":\"1\",\"maxValue\":\"10\"}},{\"@type\":\"Person\",\"@id\":\"https:\/\/dicodusport.fr\/blog\/#\/schema\/person\/8c78730a59f8a1e617f7a19026ebc14a\",\"name\":\"Romain Delanis\",\"image\":{\"@type\":\"ImageObject\",\"inLanguage\":\"fr-FR\",\"@id\":\"https:\/\/dicodusport.fr\/blog\/#\/schema\/person\/image\/\",\"url\":\"https:\/\/dicodusport.fr\/blog\/wp-content\/uploads\/2021\/05\/Romain-Delanis-150x150.jpg\",\"contentUrl\":\"https:\/\/dicodusport.fr\/blog\/wp-content\/uploads\/2021\/05\/Romain-Delanis-150x150.jpg\",\"caption\":\"Romain Delanis\"},\"description\":\"Journaliste\/R\u00e9dacteur depuis novembre 2015 - Capable de passer un samedi apr\u00e8s-midi devant la Ligue 2 puis le biathlon sans oublier la finale de l\u2019ATP Rotterdam, j\u2019aime aussi mettre mon r\u00e9veil pour me faire un Pistons\/Bulls qui rappelle de bons souvenirs. Tout cela, j\u2019ai choisi il y a maintenant quelques temps de vous le raconter avec Dicodusport, pour vous faire vivre ma passion parfois inconsid\u00e9r\u00e9e pour le sport en g\u00e9n\u00e9ral (mais surtout le foot faut se l\u2019avouer).\",\"sameAs\":[\"https:\/\/x.com\/https:\/\/twitter.com\/RDelanis\"],\"url\":\"https:\/\/dicodusport.fr\/blog\/author\/romain\/\"}]}<\/script>\n<!-- \/ Yoast SEO Premium plugin. -->","yoast_head_json":{"title":"Ligue 1 Conforama - 28\u00e8me journ\u00e9e : Lille se donne le droit de r\u00eaver, l'OM recolle","description":"22 buts en 9 matchs de Ligue 1 Conforama pour cette 28\u00e8me journ\u00e9e avec l'envol de Lille sur la 2\u00e8me place et Balo qui continue de conqu\u00e9rir Marseille.","robots":{"index":"index","follow":"follow","max-snippet":"max-snippet:-1","max-image-preview":"max-image-preview:large","max-video-preview":"max-video-preview:-1"},"canonical":"https:\/\/dicodusport.fr\/blog\/ligue-1-conforama-28eme-journee-lille-se-donne-le-droit-de-rever-l-om-recolle\/","og_locale":"fr_FR","og_type":"article","og_title":"Ligue 1 Conforama - 28\u00e8me journ\u00e9e : Lille se donne le droit de r\u00eaver, l'OM recolle","og_description":"22 buts en 9 matchs de Ligue 1 Conforama pour cette 28\u00e8me journ\u00e9e avec l'envol de Lille sur la 2\u00e8me place et Balo qui continue de conqu\u00e9rir Marseille.","og_url":"https:\/\/dicodusport.fr\/blog\/ligue-1-conforama-28eme-journee-lille-se-donne-le-droit-de-rever-l-om-recolle\/","og_site_name":"Dicodusport","article_publisher":"https:\/\/www.facebook.com\/dicodusport","article_published_time":"2019-03-11T10:11:00+00:00","article_modified_time":"2019-03-11T16:27:59+00:00","og_image":[{"width":800,"height":445,"url":"https:\/\/dicodusport.fr\/blog\/wp-content\/uploads\/2019\/03\/R\u00e9sum\u00e9-28\u00e8me-journ\u00e9e-de-Ligue-1.png","type":"image\/png"}],"author":"Romain Delanis","twitter_card":"summary_large_image","twitter_creator":"@https:\/\/twitter.com\/RDelanis","twitter_site":"@dicodusport","schema":{"@context":"https:\/\/schema.org","@graph":[{"@type":"NewsArticle","@id":"https:\/\/dicodusport.fr\/blog\/ligue-1-conforama-28eme-journee-lille-se-donne-le-droit-de-rever-l-om-recolle\/#article","isPartOf":{"@id":"https:\/\/dicodusport.fr\/blog\/ligue-1-conforama-28eme-journee-lille-se-donne-le-droit-de-rever-l-om-recolle\/"},"author":{"name":"Romain Delanis","@id":"https:\/\/dicodusport.fr\/blog\/#\/schema\/person\/8c78730a59f8a1e617f7a19026ebc14a"},"headline":"Ligue 1 Conforama &#8211; 28\u00e8me journ\u00e9e : Lille se donne le droit de r\u00eaver, l&rsquo;OM recolle","datePublished":"2019-03-11T10:11:00+00:00","dateModified":"2019-03-11T16:27:59+00:00","mainEntityOfPage":{"@id":"https:\/\/dicodusport.fr\/blog\/ligue-1-conforama-28eme-journee-lille-se-donne-le-droit-de-rever-l-om-recolle\/"},"wordCount":997,"commentCount":0,"publisher":{"@id":"https:\/\/dicodusport.fr\/blog\/#organization"},"image":{"@id":"https:\/\/dicodusport.fr\/blog\/ligue-1-conforama-28eme-journee-lille-se-donne-le-droit-de-rever-l-om-recolle\/#primaryimage"},"thumbnailUrl":"https:\/\/dicodusport.fr\/blog\/wp-content\/uploads\/2019\/03\/R\u00e9sum\u00e9-28\u00e8me-journ\u00e9e-de-Ligue-1.png","keywords":["Amiens","Football","Ligue 1 Conforama","LOSC","OL","OM","PSG","Reims","Rennes","Saint-Etienne"],"articleSection":["Actualit\u00e9s","Football"],"inLanguage":"fr-FR","potentialAction":[{"@type":"CommentAction","name":"Comment","target":["https:\/\/dicodusport.fr\/blog\/ligue-1-conforama-28eme-journee-lille-se-donne-le-droit-de-rever-l-om-recolle\/#respond"]}],"copyrightYear":"2019","copyrightHolder":{"@id":"https:\/\/dicodusport.fr\/blog\/#organization"}},{"@type":"WebPage","@id":"https:\/\/dicodusport.fr\/blog\/ligue-1-conforama-28eme-journee-lille-se-donne-le-droit-de-rever-l-om-recolle\/","url":"https:\/\/dicodusport.fr\/blog\/ligue-1-conforama-28eme-journee-lille-se-donne-le-droit-de-rever-l-om-recolle\/","name":"Ligue 1 Conforama - 28\u00e8me journ\u00e9e : Lille se donne le droit de r\u00eaver, l'OM recolle","isPartOf":{"@id":"https:\/\/dicodusport.fr\/blog\/#website"},"primaryImageOfPage":{"@id":"https:\/\/dicodusport.fr\/blog\/ligue-1-conforama-28eme-journee-lille-se-donne-le-droit-de-rever-l-om-recolle\/#primaryimage"},"image":{"@id":"https:\/\/dicodusport.fr\/blog\/ligue-1-conforama-28eme-journee-lille-se-donne-le-droit-de-rever-l-om-recolle\/#primaryimage"},"thumbnailUrl":"https:\/\/dicodusport.fr\/blog\/wp-content\/uploads\/2019\/03\/R\u00e9sum\u00e9-28\u00e8me-journ\u00e9e-de-Ligue-1.png","datePublished":"2019-03-11T10:11:00+00:00","dateModified":"2019-03-11T16:27:59+00:00","description":"22 buts en 9 matchs de Ligue 1 Conforama pour cette 28\u00e8me journ\u00e9e avec l'envol de Lille sur la 2\u00e8me place et Balo qui continue de conqu\u00e9rir Marseille.","breadcrumb":{"@id":"https:\/\/dicodusport.fr\/blog\/ligue-1-conforama-28eme-journee-lille-se-donne-le-droit-de-rever-l-om-recolle\/#breadcrumb"},"inLanguage":"fr-FR","potentialAction":[{"@type":"ReadAction","target":["https:\/\/dicodusport.fr\/blog\/ligue-1-conforama-28eme-journee-lille-se-donne-le-droit-de-rever-l-om-recolle\/"]}]},{"@type":"ImageObject","inLanguage":"fr-FR","@id":"https:\/\/dicodusport.fr\/blog\/ligue-1-conforama-28eme-journee-lille-se-donne-le-droit-de-rever-l-om-recolle\/#primaryimage","url":"https:\/\/dicodusport.fr\/blog\/wp-content\/uploads\/2019\/03\/R\u00e9sum\u00e9-28\u00e8me-journ\u00e9e-de-Ligue-1.png","contentUrl":"https:\/\/dicodusport.fr\/blog\/wp-content\/uploads\/2019\/03\/R\u00e9sum\u00e9-28\u00e8me-journ\u00e9e-de-Ligue-1.png","width":800,"height":445},{"@type":"BreadcrumbList","@id":"https:\/\/dicodusport.fr\/blog\/ligue-1-conforama-28eme-journee-lille-se-donne-le-droit-de-rever-l-om-recolle\/#breadcrumb","itemListElement":[{"@type":"ListItem","position":1,"name":"Accueil","item":"https:\/\/dicodusport.fr\/blog\/"},{"@type":"ListItem","position":2,"name":"Ligue 1 Conforama &#8211; 28\u00e8me journ\u00e9e : Lille se donne le droit de r\u00eaver, l&rsquo;OM recolle"}]},{"@type":"WebSite","@id":"https:\/\/dicodusport.fr\/blog\/#website","url":"https:\/\/dicodusport.fr\/blog\/","name":"Dicodusport","description":"L&#039;encyclop\u00e9die de l&#039;actualit\u00e9 sportive","publisher":{"@id":"https:\/\/dicodusport.fr\/blog\/#organization"},"potentialAction":[{"@type":"SearchAction","target":{"@type":"EntryPoint","urlTemplate":"https:\/\/dicodusport.fr\/blog\/?s={search_term_string}"},"query-input":{"@type":"PropertyValueSpecification","valueRequired":true,"valueName":"search_term_string"}}],"inLanguage":"fr-FR"},{"@type":"NewsMediaOrganization","@id":"https:\/\/dicodusport.fr\/blog\/#organization","name":"Dicodusport","url":"https:\/\/dicodusport.fr\/blog\/","logo":{"@type":"ImageObject","inLanguage":"fr-FR","@id":"https:\/\/dicodusport.fr\/blog\/#\/schema\/logo\/image\/","url":"https:\/\/dicodusport.fr\/blog\/wp-content\/uploads\/2020\/06\/cropped-LOGO-DICODUSPORT-2020-SANS-FOND-SANS-TEXTE.png","contentUrl":"https:\/\/dicodusport.fr\/blog\/wp-content\/uploads\/2020\/06\/cropped-LOGO-DICODUSPORT-2020-SANS-FOND-SANS-TEXTE.png","width":512,"height":512,"caption":"Dicodusport"},"image":{"@id":"https:\/\/dicodusport.fr\/blog\/#\/schema\/logo\/image\/"},"sameAs":["https:\/\/www.facebook.com\/dicodusport","https:\/\/x.com\/dicodusport","https:\/\/www.instagram.com\/dicodusport\/","https:\/\/www.youtube.com\/channel\/UC7V2KZ5sd3htJivAbA4ZG3w"],"description":"Dicodusport est l'encyclop\u00e9die de l'actualit\u00e9 sportive.","email":"bonjour@dicodusport.fr","legalName":"DICODUSPORT","foundingDate":"2018-01-14","vatID":"FR71834470973","taxID":"83447097300043","numberOfEmployees":{"@type":"QuantitativeValue","minValue":"1","maxValue":"10"}},{"@type":"Person","@id":"https:\/\/dicodusport.fr\/blog\/#\/schema\/person\/8c78730a59f8a1e617f7a19026ebc14a","name":"Romain Delanis","image":{"@type":"ImageObject","inLanguage":"fr-FR","@id":"https:\/\/dicodusport.fr\/blog\/#\/schema\/person\/image\/","url":"https:\/\/dicodusport.fr\/blog\/wp-content\/uploads\/2021\/05\/Romain-Delanis-150x150.jpg","contentUrl":"https:\/\/dicodusport.fr\/blog\/wp-content\/uploads\/2021\/05\/Romain-Delanis-150x150.jpg","caption":"Romain Delanis"},"description":"Journaliste\/R\u00e9dacteur depuis novembre 2015 - Capable de passer un samedi apr\u00e8s-midi devant la Ligue 2 puis le biathlon sans oublier la finale de l\u2019ATP Rotterdam, j\u2019aime aussi mettre mon r\u00e9veil pour me faire un Pistons\/Bulls qui rappelle de bons souvenirs. Tout cela, j\u2019ai choisi il y a maintenant quelques temps de vous le raconter avec Dicodusport, pour vous faire vivre ma passion parfois inconsid\u00e9r\u00e9e pour le sport en g\u00e9n\u00e9ral (mais surtout le foot faut se l\u2019avouer).","sameAs":["https:\/\/x.com\/https:\/\/twitter.com\/RDelanis"],"url":"https:\/\/dicodusport.fr\/blog\/author\/romain\/"}]}},"_links":{"self":[{"href":"https:\/\/dicodusport.fr\/blog\/wp-json\/wp\/v2\/posts\/35084","targetHints":{"allow":["GET"]}}],"collection":[{"href":"https:\/\/dicodusport.fr\/blog\/wp-json\/wp\/v2\/posts"}],"about":[{"href":"https:\/\/dicodusport.fr\/blog\/wp-json\/wp\/v2\/types\/post"}],"author":[{"embeddable":true,"href":"https:\/\/dicodusport.fr\/blog\/wp-json\/wp\/v2\/users\/14"}],"replies":[{"embeddable":true,"href":"https:\/\/dicodusport.fr\/blog\/wp-json\/wp\/v2\/comments?post=35084"}],"version-history":[{"count":0,"href":"https:\/\/dicodusport.fr\/blog\/wp-json\/wp\/v2\/posts\/35084\/revisions"}],"wp:featuredmedia":[{"embeddable":true,"href":"https:\/\/dicodusport.fr\/blog\/wp-json\/wp\/v2\/media\/35099"}],"wp:attachment":[{"href":"https:\/\/dicodusport.fr\/blog\/wp-json\/wp\/v2\/media?parent=35084"}],"wp:term":[{"taxonomy":"category","embeddable":true,"href":"https:\/\/dicodusport.fr\/blog\/wp-json\/wp\/v2\/categories?post=35084"},{"taxonomy":"post_tag","embeddable":true,"href":"https:\/\/dicodusport.fr\/blog\/wp-json\/wp\/v2\/tags?post=35084"}],"curies":[{"name":"wp","href":"https:\/\/api.w.org\/{rel}","templated":true}]}}