{"id":350917,"date":"2023-02-01T17:29:29","date_gmt":"2023-02-01T16:29:29","guid":{"rendered":"https:\/\/dicodusport.fr\/blog\/?p=350917&#038;preview=true&#038;preview_id=350917"},"modified":"2023-02-02T15:27:55","modified_gmt":"2023-02-02T14:27:55","slug":"arnaud-de-lie-bien-plus-quun-sprinteur","status":"publish","type":"post","link":"https:\/\/dicodusport.fr\/blog\/arnaud-de-lie-bien-plus-quun-sprinteur\/","title":{"rendered":"Arnaud De Lie, bien plus qu&rsquo;un sprinteur"},"content":{"rendered":"<p align=\"justify\"><em><strong><a href=\"https:\/\/dicodusport.fr\/blog\/actualites\/cyclisme\/cyclisme-sur-route-2023\/\">CYCLISME SUR ROUTE 2023<\/a> &#8211; Arnaud De Lie (Lotto-Dstny) a remport\u00e9 la premi\u00e8re \u00e9tape de l&rsquo;\u00c9toile de Bess\u00e8ges ce mercredi, \u00e0 Bellegarde. Son second succ\u00e8s en 3 jours de course en 2023. \u00c0 20 ans, le Belge affole tous les compteurs.<\/strong><\/em><\/p>\n<p align=\"justify\">Trois jours de course, deux victoires. On aborde \u00e0 peine le mois de f\u00e9vrier, et <strong>Arnaud De Lie<\/strong> a d\u00e9j\u00e0 gagn\u00e9 plus que la moiti\u00e9 de ce qu&rsquo;un coureur lambda gagnera dans sa carri\u00e8re. Sur <a href=\"https:\/\/dicodusport.fr\/blog\/etoile-de-besseges-2023-classement-1ere-etape\/\">la premi\u00e8re \u00e9tape de l&rsquo;\u00c9toile de Bess\u00e8ges<\/a>, il a domin\u00e9 le champion du monde 2019, <strong>Mads Pedersen<\/strong> (Trek-Segafredo), et <strong>Beno\u00eet Cosnefroy<\/strong> (A2GR Citro\u00ebn). On dit souvent que le plus dur est la confirmation pour un coureur. Apr\u00e8s une premi\u00e8re ann\u00e9e professionnelle, marqu\u00e9e par neuf victoires et quelques places d&rsquo;honneurs, le sprinteur belge \u00e9tait attendu en 2023. Forc\u00e9ment plus surveill\u00e9 qu&rsquo;en 2022, il montre qu&rsquo;il est d\u00e9j\u00e0 dans une tr\u00e8s grande condition.<\/p>\n<h2 style=\"text-align: justify;\" align=\"justify\">Arnaud De Lie sait passer les bosses<\/h2>\n<p style=\"text-align: justify;\">On le savait tr\u00e8s puissant au sprint. Mais ses deux premi\u00e8res victoires en 2023 donnent \u00e9norm\u00e9ment d&rsquo;indications sur ce qu&rsquo;il est capable de faire. Que ce soit sur la <a href=\"https:\/\/dicodusport.fr\/blog\/classement-classique-de-la-communaute-de-valence-2023\/\">Classique de la Communaut\u00e9 de Valence<\/a>, le 22 janvier dernier, mais aussi ce mercredi, <strong>Arnaud De Lie<\/strong> a su s&rsquo;exprimer sur des parcours escarp\u00e9s, qui ne sont pas, sur le papier, \u00e0 son avantage. \u00c0 Valence, il a su passer une bosse de 2,2 km \u00e0 pr\u00e8s de 7,4 % de moyenne, plac\u00e9e \u00e0 moins de 30 kilom\u00e8tres de l&rsquo;arriv\u00e9e et propice pour faire sauter les grosses cuisses. Aujourd&rsquo;hui, il a magnifiquement suivi le d\u00e9marrage de <strong>Mads Pedersen<\/strong> dans les pourcentages les plus difficiles de Bellegarde, pour contrer celui qui avait remport\u00e9 l&rsquo;\u00e9tape en 2022.<\/p>\n<p style=\"text-align: justify;\">Non, le Belge n&rsquo;est pas qu&rsquo;un simple sprinteur. Il fait partie de la trempe de ces coureurs qui montrent \u00e0 la fois une grosse pointe de vitesse et une polyvalence qui peuvent lui permettre de briller sur plusieurs terrains. Et d&rsquo;aller chercher des courses d&rsquo;un jour, comme il a su le faire l&rsquo;an pass\u00e9. De quoi penser qu&rsquo;il peut aller briller au classement g\u00e9n\u00e9ral de cette course ? Dur \u00e0 dire, car se dressera le Mont Bouquet et ses 15 minutes d&rsquo;ascension qui devraient br\u00fbler les cuisses de ce coureur qui p\u00e8se tout de m\u00eame 78 kilos, et dont le poids sera un handicap dans les 4,6 kilom\u00e8tres \u00e0 9 % de moyenne de cette mont\u00e9e.<\/p>\n<blockquote class=\"twitter-tweet\">\n<p dir=\"ltr\" lang=\"fr\">La victoire pour Arnaud De Lie !<\/p>\n<p>Le jeune Belge devance Mads Pedersen et Beno\u00eet Cosnefroy dans le final en bosse de la premi\u00e8re \u00e9tape de l\u2019\u00c9toile de Bess\u00e8ges. <a href=\"https:\/\/twitter.com\/hashtag\/lequipeVELO?src=hash&amp;ref_src=twsrc%5Etfw\">#lequipeVELO<\/a> <a href=\"https:\/\/t.co\/YeGZVUtO1f\">pic.twitter.com\/YeGZVUtO1f<\/a><\/p>\n<p>\u2014 la chaine L&rsquo;\u00c9quipe (@lachainelequipe) <a href=\"https:\/\/twitter.com\/lachainelequipe\/status\/1620807948267044864?ref_src=twsrc%5Etfw\">February 1, 2023<\/a><\/p><\/blockquote>\n<p><script async src=\"https:\/\/platform.twitter.com\/widgets.js\" charset=\"utf-8\"><\/script><\/p>\n<h2 style=\"text-align: justify;\">O\u00f9 peut-il s&rsquo;arr\u00eater ?<\/h2>\n<p style=\"text-align: justify;\">Sur le plateau de <em>La cha\u00eene l&rsquo;\u00c9quipe<\/em>, <strong>Christophe Riblon<\/strong>, consultant et ancien coureur, n&rsquo;a pas h\u00e9sit\u00e9 \u00e0 affirmer qu&rsquo;<strong>Arnaud De Lie<\/strong> aura un meilleur palmar\u00e8s qu&rsquo;un Philippe Gilbert, son d\u00e9sormais ex-co\u00e9quipier. Alors s&rsquo;il est t\u00f4t pour affirmer une telle chose pour un coureur qui aura 21 ans le 16 mars prochain, le vainqueur de cette premi\u00e8re \u00e9tape de l&rsquo;\u00c9toile de Bess\u00e8ges ne semble avoir aucune limite, si ce n&rsquo;est la haute montagne. Un profil qui rappelle un peu le Peter Sagan des d\u00e9buts, tr\u00e8s v\u00e9loce au sprint, mais capable de sortir un gros punch sur des arriv\u00e9es plus difficiles, comme \u00e0 Seraing, sur la 1\u00e8re \u00e9tape du Tour de France 2012. Le Belge semble avoir un profil plus similaire \u00e0 un Sagan qu&rsquo;\u00e0 un Gilbert, qui a remport\u00e9, entre autres, Li\u00e8ge-Bastogne-Li\u00e8ge et deux fois le Tour de Lombardie.<\/p>\n<p style=\"text-align: justify;\">On ne peut que lui souhaiter de remporter trois championnats du monde, un Paris-Roubaix et un Tour des Flandres, \u00e0 l&rsquo;instar du Slovaque. Il est clair qu&rsquo;avec la retraite de Philippe Gilbert, vainqueur de 4 Monuments, la Belgique va se chercher un chasseur de classiques, notamment sur le Tour de Flandres, voire certaines Ardennaises. Il semble certain que l&rsquo;\u00e9mergence d&rsquo;<strong>Arnaud De Lie<\/strong> en 2022 n&rsquo;\u00e9tait pas qu&rsquo;un simple feu de paille. Et on devrait le revoir tr\u00e8s rapidement \u00e0 son avantage d\u00e8s cette semaine.<\/p>\n","protected":false},"excerpt":{"rendered":"<p>CYCLISME SUR ROUTE 2023 &#8211; Arnaud De Lie (Lotto-Dstny) a remport\u00e9 la premi\u00e8re \u00e9tape de l&rsquo;\u00c9toile de Bess\u00e8ges ce mercredi, \u00e0 Bellegarde. Son second succ\u00e8s en 3 jours de course en 2023. \u00c0 20 ans, le Belge affole tous les compteurs.<\/p>\n","protected":false},"author":83,"featured_media":350946,"comment_status":"open","ping_status":"closed","sticky":false,"template":"","format":"standard","meta":{"_acf_changed":false,"_daextam_enable_autolinks":"","footnotes":""},"categories":[46994],"tags":[23571,574,3645],"class_list":["post-350917","post","type-post","status-publish","format-standard","has-post-thumbnail","hentry","category-cyclisme-sur-route","tag-arnaud-de-lie","tag-cyclisme","tag-etoile-de-besseges"],"acf":[],"yoast_head":"<!-- This site is optimized with the Yoast SEO Premium plugin v26.7 (Yoast SEO v26.7) - https:\/\/yoast.com\/wordpress\/plugins\/seo\/ -->\n<title>Arnaud De Lie, bien plus qu&#039;un sprinteur<\/title>\n<meta name=\"description\" content=\"CYCLISME - Arnaud De Lie (Lotto-Dstny) a remport\u00e9 la premi\u00e8re \u00e9tape de l&#039;\u00c9toile de Bess\u00e8ges ce mercredi. Jusqu&#039;o\u00f9 le Belge peut-il aller ?\" \/>\n<meta name=\"robots\" content=\"index, follow, max-snippet:-1, max-image-preview:large, max-video-preview:-1\" \/>\n<link rel=\"canonical\" href=\"https:\/\/dicodusport.fr\/blog\/arnaud-de-lie-bien-plus-quun-sprinteur\/\" \/>\n<meta property=\"og:locale\" content=\"fr_FR\" \/>\n<meta property=\"og:type\" content=\"article\" \/>\n<meta property=\"og:title\" content=\"Arnaud De Lie, bien plus qu&#039;un sprinteur\" \/>\n<meta property=\"og:description\" content=\"CYCLISME - Arnaud De Lie (Lotto-Dstny) a remport\u00e9 la premi\u00e8re \u00e9tape de l&#039;\u00c9toile de Bess\u00e8ges ce mercredi. Jusqu&#039;o\u00f9 le Belge peut-il aller ?\" \/>\n<meta property=\"og:url\" content=\"https:\/\/dicodusport.fr\/blog\/arnaud-de-lie-bien-plus-quun-sprinteur\/\" \/>\n<meta property=\"og:site_name\" content=\"Dicodusport\" \/>\n<meta property=\"article:publisher\" content=\"https:\/\/www.facebook.com\/dicodusport\" \/>\n<meta property=\"article:published_time\" content=\"2023-02-01T16:29:29+00:00\" \/>\n<meta property=\"article:modified_time\" content=\"2023-02-02T14:27:55+00:00\" \/>\n<meta property=\"og:image\" content=\"https:\/\/dicodusport.fr\/blog\/wp-content\/uploads\/2023\/02\/Arnaud-De-Lie-bien-plus-quun-sprinteur.png\" \/>\n\t<meta property=\"og:image:width\" content=\"800\" \/>\n\t<meta property=\"og:image:height\" content=\"445\" \/>\n\t<meta property=\"og:image:type\" content=\"image\/png\" \/>\n<meta name=\"author\" content=\"Etienne Goursaud\" \/>\n<meta name=\"twitter:card\" content=\"summary_large_image\" \/>\n<meta name=\"twitter:title\" content=\"Arnaud De Lie, bien plus qu&#039;un sprinteur\" \/>\n<meta name=\"twitter:creator\" content=\"@dicodusport\" \/>\n<meta name=\"twitter:site\" content=\"@dicodusport\" \/>\n<script type=\"application\/ld+json\" class=\"yoast-schema-graph\">{\"@context\":\"https:\/\/schema.org\",\"@graph\":[{\"@type\":\"NewsArticle\",\"@id\":\"https:\/\/dicodusport.fr\/blog\/arnaud-de-lie-bien-plus-quun-sprinteur\/#article\",\"isPartOf\":{\"@id\":\"https:\/\/dicodusport.fr\/blog\/arnaud-de-lie-bien-plus-quun-sprinteur\/\"},\"author\":{\"name\":\"Etienne Goursaud\",\"@id\":\"https:\/\/dicodusport.fr\/blog\/#\/schema\/person\/d603dd7da31fb2b46c82b9835a77ec13\"},\"headline\":\"Arnaud De Lie, bien plus qu&rsquo;un sprinteur\",\"datePublished\":\"2023-02-01T16:29:29+00:00\",\"dateModified\":\"2023-02-02T14:27:55+00:00\",\"mainEntityOfPage\":{\"@id\":\"https:\/\/dicodusport.fr\/blog\/arnaud-de-lie-bien-plus-quun-sprinteur\/\"},\"wordCount\":715,\"commentCount\":1,\"publisher\":{\"@id\":\"https:\/\/dicodusport.fr\/blog\/#organization\"},\"image\":{\"@id\":\"https:\/\/dicodusport.fr\/blog\/arnaud-de-lie-bien-plus-quun-sprinteur\/#primaryimage\"},\"thumbnailUrl\":\"https:\/\/dicodusport.fr\/blog\/wp-content\/uploads\/2023\/02\/Arnaud-De-Lie-bien-plus-quun-sprinteur.png\",\"keywords\":[\"Arnaud De Lie\",\"Cyclisme\",\"Etoile de Bess\u00e8ges\"],\"articleSection\":[\"Cyclisme sur route\"],\"inLanguage\":\"fr-FR\",\"potentialAction\":[{\"@type\":\"CommentAction\",\"name\":\"Comment\",\"target\":[\"https:\/\/dicodusport.fr\/blog\/arnaud-de-lie-bien-plus-quun-sprinteur\/#respond\"]}],\"copyrightYear\":\"2023\",\"copyrightHolder\":{\"@id\":\"https:\/\/dicodusport.fr\/blog\/#organization\"}},{\"@type\":\"WebPage\",\"@id\":\"https:\/\/dicodusport.fr\/blog\/arnaud-de-lie-bien-plus-quun-sprinteur\/\",\"url\":\"https:\/\/dicodusport.fr\/blog\/arnaud-de-lie-bien-plus-quun-sprinteur\/\",\"name\":\"Arnaud De Lie, bien plus qu'un sprinteur\",\"isPartOf\":{\"@id\":\"https:\/\/dicodusport.fr\/blog\/#website\"},\"primaryImageOfPage\":{\"@id\":\"https:\/\/dicodusport.fr\/blog\/arnaud-de-lie-bien-plus-quun-sprinteur\/#primaryimage\"},\"image\":{\"@id\":\"https:\/\/dicodusport.fr\/blog\/arnaud-de-lie-bien-plus-quun-sprinteur\/#primaryimage\"},\"thumbnailUrl\":\"https:\/\/dicodusport.fr\/blog\/wp-content\/uploads\/2023\/02\/Arnaud-De-Lie-bien-plus-quun-sprinteur.png\",\"datePublished\":\"2023-02-01T16:29:29+00:00\",\"dateModified\":\"2023-02-02T14:27:55+00:00\",\"description\":\"CYCLISME - Arnaud De Lie (Lotto-Dstny) a remport\u00e9 la premi\u00e8re \u00e9tape de l'\u00c9toile de Bess\u00e8ges ce mercredi. Jusqu'o\u00f9 le Belge peut-il aller ?\",\"breadcrumb\":{\"@id\":\"https:\/\/dicodusport.fr\/blog\/arnaud-de-lie-bien-plus-quun-sprinteur\/#breadcrumb\"},\"inLanguage\":\"fr-FR\",\"potentialAction\":[{\"@type\":\"ReadAction\",\"target\":[\"https:\/\/dicodusport.fr\/blog\/arnaud-de-lie-bien-plus-quun-sprinteur\/\"]}]},{\"@type\":\"ImageObject\",\"inLanguage\":\"fr-FR\",\"@id\":\"https:\/\/dicodusport.fr\/blog\/arnaud-de-lie-bien-plus-quun-sprinteur\/#primaryimage\",\"url\":\"https:\/\/dicodusport.fr\/blog\/wp-content\/uploads\/2023\/02\/Arnaud-De-Lie-bien-plus-quun-sprinteur.png\",\"contentUrl\":\"https:\/\/dicodusport.fr\/blog\/wp-content\/uploads\/2023\/02\/Arnaud-De-Lie-bien-plus-quun-sprinteur.png\",\"width\":800,\"height\":445,\"caption\":\"Arnaud De Lie, bien plus qu'un sprinteur\"},{\"@type\":\"BreadcrumbList\",\"@id\":\"https:\/\/dicodusport.fr\/blog\/arnaud-de-lie-bien-plus-quun-sprinteur\/#breadcrumb\",\"itemListElement\":[{\"@type\":\"ListItem\",\"position\":1,\"name\":\"Accueil\",\"item\":\"https:\/\/dicodusport.fr\/blog\/\"},{\"@type\":\"ListItem\",\"position\":2,\"name\":\"Arnaud De Lie, bien plus qu&rsquo;un sprinteur\"}]},{\"@type\":\"WebSite\",\"@id\":\"https:\/\/dicodusport.fr\/blog\/#website\",\"url\":\"https:\/\/dicodusport.fr\/blog\/\",\"name\":\"Dicodusport\",\"description\":\"L&#039;encyclop\u00e9die de l&#039;actualit\u00e9 sportive\",\"publisher\":{\"@id\":\"https:\/\/dicodusport.fr\/blog\/#organization\"},\"potentialAction\":[{\"@type\":\"SearchAction\",\"target\":{\"@type\":\"EntryPoint\",\"urlTemplate\":\"https:\/\/dicodusport.fr\/blog\/?s={search_term_string}\"},\"query-input\":{\"@type\":\"PropertyValueSpecification\",\"valueRequired\":true,\"valueName\":\"search_term_string\"}}],\"inLanguage\":\"fr-FR\"},{\"@type\":\"NewsMediaOrganization\",\"@id\":\"https:\/\/dicodusport.fr\/blog\/#organization\",\"name\":\"Dicodusport\",\"url\":\"https:\/\/dicodusport.fr\/blog\/\",\"logo\":{\"@type\":\"ImageObject\",\"inLanguage\":\"fr-FR\",\"@id\":\"https:\/\/dicodusport.fr\/blog\/#\/schema\/logo\/image\/\",\"url\":\"https:\/\/dicodusport.fr\/blog\/wp-content\/uploads\/2020\/06\/cropped-LOGO-DICODUSPORT-2020-SANS-FOND-SANS-TEXTE.png\",\"contentUrl\":\"https:\/\/dicodusport.fr\/blog\/wp-content\/uploads\/2020\/06\/cropped-LOGO-DICODUSPORT-2020-SANS-FOND-SANS-TEXTE.png\",\"width\":512,\"height\":512,\"caption\":\"Dicodusport\"},\"image\":{\"@id\":\"https:\/\/dicodusport.fr\/blog\/#\/schema\/logo\/image\/\"},\"sameAs\":[\"https:\/\/www.facebook.com\/dicodusport\",\"https:\/\/x.com\/dicodusport\",\"https:\/\/www.instagram.com\/dicodusport\/\",\"https:\/\/www.youtube.com\/channel\/UC7V2KZ5sd3htJivAbA4ZG3w\"],\"description\":\"Dicodusport est l'encyclop\u00e9die de l'actualit\u00e9 sportive.\",\"email\":\"bonjour@dicodusport.fr\",\"legalName\":\"DICODUSPORT\",\"foundingDate\":\"2018-01-14\",\"vatID\":\"FR71834470973\",\"taxID\":\"83447097300043\",\"numberOfEmployees\":{\"@type\":\"QuantitativeValue\",\"minValue\":\"1\",\"maxValue\":\"10\"}},{\"@type\":\"Person\",\"@id\":\"https:\/\/dicodusport.fr\/blog\/#\/schema\/person\/d603dd7da31fb2b46c82b9835a77ec13\",\"name\":\"Etienne Goursaud\",\"image\":{\"@type\":\"ImageObject\",\"inLanguage\":\"fr-FR\",\"@id\":\"https:\/\/dicodusport.fr\/blog\/#\/schema\/person\/image\/\",\"url\":\"https:\/\/dicodusport.fr\/blog\/wp-content\/uploads\/2023\/12\/410122264_10231602061736049_5565839791558026645_n-150x150.jpg\",\"contentUrl\":\"https:\/\/dicodusport.fr\/blog\/wp-content\/uploads\/2023\/12\/410122264_10231602061736049_5565839791558026645_n-150x150.jpg\",\"caption\":\"Etienne Goursaud\"},\"description\":\"Journaliste et amoureux de sport. Ancien footballeur reconverti athl\u00e8te quand ses muscles le laissent tranquille. \u00c9lev\u00e9 \u00e0 la sauce des exploits de Thomas Voeckler en 2004, du dernier essai de l\u00e9gende de Eunice Barber \u00e0 la longueur lors des championnats du monde d'athl\u00e9tisme de 2003 mais aussi Zidane, Omeyer et Titou Lamaison.\",\"url\":\"https:\/\/dicodusport.fr\/blog\/author\/etienne-goursaud\/\"}]}<\/script>\n<!-- \/ Yoast SEO Premium plugin. -->","yoast_head_json":{"title":"Arnaud De Lie, bien plus qu'un sprinteur","description":"CYCLISME - Arnaud De Lie (Lotto-Dstny) a remport\u00e9 la premi\u00e8re \u00e9tape de l'\u00c9toile de Bess\u00e8ges ce mercredi. Jusqu'o\u00f9 le Belge peut-il aller ?","robots":{"index":"index","follow":"follow","max-snippet":"max-snippet:-1","max-image-preview":"max-image-preview:large","max-video-preview":"max-video-preview:-1"},"canonical":"https:\/\/dicodusport.fr\/blog\/arnaud-de-lie-bien-plus-quun-sprinteur\/","og_locale":"fr_FR","og_type":"article","og_title":"Arnaud De Lie, bien plus qu'un sprinteur","og_description":"CYCLISME - Arnaud De Lie (Lotto-Dstny) a remport\u00e9 la premi\u00e8re \u00e9tape de l'\u00c9toile de Bess\u00e8ges ce mercredi. Jusqu'o\u00f9 le Belge peut-il aller ?","og_url":"https:\/\/dicodusport.fr\/blog\/arnaud-de-lie-bien-plus-quun-sprinteur\/","og_site_name":"Dicodusport","article_publisher":"https:\/\/www.facebook.com\/dicodusport","article_published_time":"2023-02-01T16:29:29+00:00","article_modified_time":"2023-02-02T14:27:55+00:00","og_image":[{"width":800,"height":445,"url":"https:\/\/dicodusport.fr\/blog\/wp-content\/uploads\/2023\/02\/Arnaud-De-Lie-bien-plus-quun-sprinteur.png","type":"image\/png"}],"author":"Etienne Goursaud","twitter_card":"summary_large_image","twitter_title":"Arnaud De Lie, bien plus qu'un sprinteur","twitter_creator":"@dicodusport","twitter_site":"@dicodusport","schema":{"@context":"https:\/\/schema.org","@graph":[{"@type":"NewsArticle","@id":"https:\/\/dicodusport.fr\/blog\/arnaud-de-lie-bien-plus-quun-sprinteur\/#article","isPartOf":{"@id":"https:\/\/dicodusport.fr\/blog\/arnaud-de-lie-bien-plus-quun-sprinteur\/"},"author":{"name":"Etienne Goursaud","@id":"https:\/\/dicodusport.fr\/blog\/#\/schema\/person\/d603dd7da31fb2b46c82b9835a77ec13"},"headline":"Arnaud De Lie, bien plus qu&rsquo;un sprinteur","datePublished":"2023-02-01T16:29:29+00:00","dateModified":"2023-02-02T14:27:55+00:00","mainEntityOfPage":{"@id":"https:\/\/dicodusport.fr\/blog\/arnaud-de-lie-bien-plus-quun-sprinteur\/"},"wordCount":715,"commentCount":1,"publisher":{"@id":"https:\/\/dicodusport.fr\/blog\/#organization"},"image":{"@id":"https:\/\/dicodusport.fr\/blog\/arnaud-de-lie-bien-plus-quun-sprinteur\/#primaryimage"},"thumbnailUrl":"https:\/\/dicodusport.fr\/blog\/wp-content\/uploads\/2023\/02\/Arnaud-De-Lie-bien-plus-quun-sprinteur.png","keywords":["Arnaud De Lie","Cyclisme","Etoile de Bess\u00e8ges"],"articleSection":["Cyclisme sur route"],"inLanguage":"fr-FR","potentialAction":[{"@type":"CommentAction","name":"Comment","target":["https:\/\/dicodusport.fr\/blog\/arnaud-de-lie-bien-plus-quun-sprinteur\/#respond"]}],"copyrightYear":"2023","copyrightHolder":{"@id":"https:\/\/dicodusport.fr\/blog\/#organization"}},{"@type":"WebPage","@id":"https:\/\/dicodusport.fr\/blog\/arnaud-de-lie-bien-plus-quun-sprinteur\/","url":"https:\/\/dicodusport.fr\/blog\/arnaud-de-lie-bien-plus-quun-sprinteur\/","name":"Arnaud De Lie, bien plus qu'un sprinteur","isPartOf":{"@id":"https:\/\/dicodusport.fr\/blog\/#website"},"primaryImageOfPage":{"@id":"https:\/\/dicodusport.fr\/blog\/arnaud-de-lie-bien-plus-quun-sprinteur\/#primaryimage"},"image":{"@id":"https:\/\/dicodusport.fr\/blog\/arnaud-de-lie-bien-plus-quun-sprinteur\/#primaryimage"},"thumbnailUrl":"https:\/\/dicodusport.fr\/blog\/wp-content\/uploads\/2023\/02\/Arnaud-De-Lie-bien-plus-quun-sprinteur.png","datePublished":"2023-02-01T16:29:29+00:00","dateModified":"2023-02-02T14:27:55+00:00","description":"CYCLISME - Arnaud De Lie (Lotto-Dstny) a remport\u00e9 la premi\u00e8re \u00e9tape de l'\u00c9toile de Bess\u00e8ges ce mercredi. Jusqu'o\u00f9 le Belge peut-il aller ?","breadcrumb":{"@id":"https:\/\/dicodusport.fr\/blog\/arnaud-de-lie-bien-plus-quun-sprinteur\/#breadcrumb"},"inLanguage":"fr-FR","potentialAction":[{"@type":"ReadAction","target":["https:\/\/dicodusport.fr\/blog\/arnaud-de-lie-bien-plus-quun-sprinteur\/"]}]},{"@type":"ImageObject","inLanguage":"fr-FR","@id":"https:\/\/dicodusport.fr\/blog\/arnaud-de-lie-bien-plus-quun-sprinteur\/#primaryimage","url":"https:\/\/dicodusport.fr\/blog\/wp-content\/uploads\/2023\/02\/Arnaud-De-Lie-bien-plus-quun-sprinteur.png","contentUrl":"https:\/\/dicodusport.fr\/blog\/wp-content\/uploads\/2023\/02\/Arnaud-De-Lie-bien-plus-quun-sprinteur.png","width":800,"height":445,"caption":"Arnaud De Lie, bien plus qu'un sprinteur"},{"@type":"BreadcrumbList","@id":"https:\/\/dicodusport.fr\/blog\/arnaud-de-lie-bien-plus-quun-sprinteur\/#breadcrumb","itemListElement":[{"@type":"ListItem","position":1,"name":"Accueil","item":"https:\/\/dicodusport.fr\/blog\/"},{"@type":"ListItem","position":2,"name":"Arnaud De Lie, bien plus qu&rsquo;un sprinteur"}]},{"@type":"WebSite","@id":"https:\/\/dicodusport.fr\/blog\/#website","url":"https:\/\/dicodusport.fr\/blog\/","name":"Dicodusport","description":"L&#039;encyclop\u00e9die de l&#039;actualit\u00e9 sportive","publisher":{"@id":"https:\/\/dicodusport.fr\/blog\/#organization"},"potentialAction":[{"@type":"SearchAction","target":{"@type":"EntryPoint","urlTemplate":"https:\/\/dicodusport.fr\/blog\/?s={search_term_string}"},"query-input":{"@type":"PropertyValueSpecification","valueRequired":true,"valueName":"search_term_string"}}],"inLanguage":"fr-FR"},{"@type":"NewsMediaOrganization","@id":"https:\/\/dicodusport.fr\/blog\/#organization","name":"Dicodusport","url":"https:\/\/dicodusport.fr\/blog\/","logo":{"@type":"ImageObject","inLanguage":"fr-FR","@id":"https:\/\/dicodusport.fr\/blog\/#\/schema\/logo\/image\/","url":"https:\/\/dicodusport.fr\/blog\/wp-content\/uploads\/2020\/06\/cropped-LOGO-DICODUSPORT-2020-SANS-FOND-SANS-TEXTE.png","contentUrl":"https:\/\/dicodusport.fr\/blog\/wp-content\/uploads\/2020\/06\/cropped-LOGO-DICODUSPORT-2020-SANS-FOND-SANS-TEXTE.png","width":512,"height":512,"caption":"Dicodusport"},"image":{"@id":"https:\/\/dicodusport.fr\/blog\/#\/schema\/logo\/image\/"},"sameAs":["https:\/\/www.facebook.com\/dicodusport","https:\/\/x.com\/dicodusport","https:\/\/www.instagram.com\/dicodusport\/","https:\/\/www.youtube.com\/channel\/UC7V2KZ5sd3htJivAbA4ZG3w"],"description":"Dicodusport est l'encyclop\u00e9die de l'actualit\u00e9 sportive.","email":"bonjour@dicodusport.fr","legalName":"DICODUSPORT","foundingDate":"2018-01-14","vatID":"FR71834470973","taxID":"83447097300043","numberOfEmployees":{"@type":"QuantitativeValue","minValue":"1","maxValue":"10"}},{"@type":"Person","@id":"https:\/\/dicodusport.fr\/blog\/#\/schema\/person\/d603dd7da31fb2b46c82b9835a77ec13","name":"Etienne Goursaud","image":{"@type":"ImageObject","inLanguage":"fr-FR","@id":"https:\/\/dicodusport.fr\/blog\/#\/schema\/person\/image\/","url":"https:\/\/dicodusport.fr\/blog\/wp-content\/uploads\/2023\/12\/410122264_10231602061736049_5565839791558026645_n-150x150.jpg","contentUrl":"https:\/\/dicodusport.fr\/blog\/wp-content\/uploads\/2023\/12\/410122264_10231602061736049_5565839791558026645_n-150x150.jpg","caption":"Etienne Goursaud"},"description":"Journaliste et amoureux de sport. Ancien footballeur reconverti athl\u00e8te quand ses muscles le laissent tranquille. \u00c9lev\u00e9 \u00e0 la sauce des exploits de Thomas Voeckler en 2004, du dernier essai de l\u00e9gende de Eunice Barber \u00e0 la longueur lors des championnats du monde d'athl\u00e9tisme de 2003 mais aussi Zidane, Omeyer et Titou Lamaison.","url":"https:\/\/dicodusport.fr\/blog\/author\/etienne-goursaud\/"}]}},"_links":{"self":[{"href":"https:\/\/dicodusport.fr\/blog\/wp-json\/wp\/v2\/posts\/350917","targetHints":{"allow":["GET"]}}],"collection":[{"href":"https:\/\/dicodusport.fr\/blog\/wp-json\/wp\/v2\/posts"}],"about":[{"href":"https:\/\/dicodusport.fr\/blog\/wp-json\/wp\/v2\/types\/post"}],"author":[{"embeddable":true,"href":"https:\/\/dicodusport.fr\/blog\/wp-json\/wp\/v2\/users\/83"}],"replies":[{"embeddable":true,"href":"https:\/\/dicodusport.fr\/blog\/wp-json\/wp\/v2\/comments?post=350917"}],"version-history":[{"count":0,"href":"https:\/\/dicodusport.fr\/blog\/wp-json\/wp\/v2\/posts\/350917\/revisions"}],"wp:featuredmedia":[{"embeddable":true,"href":"https:\/\/dicodusport.fr\/blog\/wp-json\/wp\/v2\/media\/350946"}],"wp:attachment":[{"href":"https:\/\/dicodusport.fr\/blog\/wp-json\/wp\/v2\/media?parent=350917"}],"wp:term":[{"taxonomy":"category","embeddable":true,"href":"https:\/\/dicodusport.fr\/blog\/wp-json\/wp\/v2\/categories?post=350917"},{"taxonomy":"post_tag","embeddable":true,"href":"https:\/\/dicodusport.fr\/blog\/wp-json\/wp\/v2\/tags?post=350917"}],"curies":[{"name":"wp","href":"https:\/\/api.w.org\/{rel}","templated":true}]}}