{"id":351082,"date":"2023-02-02T08:24:36","date_gmt":"2023-02-02T07:24:36","guid":{"rendered":"https:\/\/dicodusport.fr\/blog\/?p=351082&#038;preview=true&#038;preview_id=351082"},"modified":"2023-02-02T08:36:57","modified_gmt":"2023-02-02T07:36:57","slug":"vern-cotter-nest-plus-le-selectionneur-des-fidji","status":"publish","type":"post","link":"https:\/\/dicodusport.fr\/blog\/vern-cotter-nest-plus-le-selectionneur-des-fidji\/","title":{"rendered":"Vern Cotter n&rsquo;est plus le s\u00e9lectionneur des Fidji"},"content":{"rendered":"<p style=\"text-align: justify;\" align=\"justify\"><em><strong>RUGBY \u00c0 XV &#8211; \u00c0 seulement 7 mois de la Coupe du monde, Vern Cotter a d\u00e9cid\u00e9 de quitter son poste de s\u00e9lectionneur des Fidji.\u00a0<\/strong><\/em><\/p>\n<p style=\"text-align: justify;\" align=\"justify\">Arriv\u00e9 en 2020 \u00e0 la t\u00eate des <strong>Fidji<\/strong>, l&rsquo;ancien manager de <strong>Clermont<\/strong> et du <strong>MHR<\/strong>, <strong>Vern Cotter<\/strong>, ne verra pas la prochaine Coupe du monde. Il a en effet d\u00e9cid\u00e9 de quitter son poste pour des raisons personnelles et laisse les <strong>Fidji<\/strong> sans manager, \u00e0 sept mois de la plus grande des comp\u00e9titions, en France. Dans un communiqu\u00e9, <strong>Tevita<\/strong> <strong>Tuiloa<\/strong>, directeur g\u00e9n\u00e9ral int\u00e9rimaire de la F\u00e9d\u00e9ration Fidjienne, s&rsquo;est expliqu\u00e9.<\/p>\n<blockquote>\n<p style=\"text-align: justify;\" align=\"justify\">Fidji Rugby a \u00e9t\u00e9 b\u00e9ni d&rsquo;avoir Vern Cotter \u00e0 bord, mais la d\u00e9cision de d\u00e9missionner est venue directement de lui pour des raisons personnelle. Le temps joue contre nous pour trouver un entra\u00eeneur capable d&rsquo;amener les Fidjiens volants au niveau sup\u00e9rieur, mais nous sommes convaincus que nous avons les joueurs.<\/p>\n<\/blockquote>\n<p style=\"text-align: justify;\" align=\"justify\">Le <strong>Fidji<\/strong> sont dans une poule C compliqu\u00e9e pour la <a href=\"https:\/\/dicodusport.fr\/blog\/actualites\/rugby\/rugby-a-xv\/coupe-du-monde-de-rugby-2023\/\">Coupe du monde du rugby 2023<\/a> en France, avec l&rsquo;<strong>Australie<\/strong> et le <strong>Pays de Galles<\/strong>, mais aussi une nation qui progresse, la <strong>G\u00e9orgie<\/strong>, ainsi que l&rsquo;invit\u00e9 surprise, le <strong>Portugal<\/strong>.<\/p>\n<blockquote class=\"twitter-tweet\">\n<p dir=\"ltr\" lang=\"en\">Vinaka Coach.<\/p>\n<p>Fiji Rugby wishes you all the best in your future endeavors. <a href=\"https:\/\/twitter.com\/hashtag\/duavataveilomanirakavi?src=hash&amp;ref_src=twsrc%5Etfw\">#duavataveilomanirakavi<\/a> <a href=\"https:\/\/t.co\/OUpeeUpk0C\">pic.twitter.com\/OUpeeUpk0C<\/a><\/p>\n<p>\u2014 Fiji Rugby Union (@fijirugby) <a href=\"https:\/\/twitter.com\/fijirugby\/status\/1621021503780458497?ref_src=twsrc%5Etfw\">February 2, 2023<\/a><\/p><\/blockquote>\n<p style=\"text-align: justify;\"><script async src=\"https:\/\/platform.twitter.com\/widgets.js\" charset=\"utf-8\"><\/script><\/p>\n","protected":false},"excerpt":{"rendered":"<p>RUGBY \u00c0 XV &#8211; \u00c0 seulement 7 mois de la Coupe du monde, Vern Cotter a d\u00e9cid\u00e9 de quitter son poste de s\u00e9lectionneur des Fidji.\u00a0<\/p>\n","protected":false},"author":1,"featured_media":351083,"comment_status":"open","ping_status":"closed","sticky":false,"template":"","format":"standard","meta":{"_acf_changed":false,"_daextam_enable_autolinks":"","footnotes":""},"categories":[9129],"tags":[6747],"class_list":["post-351082","post","type-post","status-publish","format-standard","has-post-thumbnail","hentry","category-rugby-a-xv","tag-fidji"],"acf":[],"yoast_head":"<!-- This site is optimized with the Yoast SEO Premium plugin v26.7 (Yoast SEO v26.7) - https:\/\/yoast.com\/wordpress\/plugins\/seo\/ -->\n<title>Vern Cotter n&#039;est plus le s\u00e9lectionneur des Fidji<\/title>\n<meta name=\"description\" content=\"RUGBY \u00c0 XV - \u00c0 seulement 7 mois de la Coupe du monde, Vern Cotter a d\u00e9cid\u00e9 de quitter son poste de s\u00e9lectionneur des Fidji.\u00a0\" \/>\n<meta name=\"robots\" content=\"index, follow, max-snippet:-1, max-image-preview:large, max-video-preview:-1\" \/>\n<link rel=\"canonical\" href=\"https:\/\/dicodusport.fr\/blog\/vern-cotter-nest-plus-le-selectionneur-des-fidji\/\" \/>\n<meta property=\"og:locale\" content=\"fr_FR\" \/>\n<meta property=\"og:type\" content=\"article\" \/>\n<meta property=\"og:title\" content=\"Vern Cotter n&#039;est plus le s\u00e9lectionneur des Fidji\" \/>\n<meta property=\"og:description\" content=\"RUGBY \u00c0 XV - \u00c0 seulement 7 mois de la Coupe du monde, Vern Cotter a d\u00e9cid\u00e9 de quitter son poste de s\u00e9lectionneur des Fidji.\u00a0\" \/>\n<meta property=\"og:url\" content=\"https:\/\/dicodusport.fr\/blog\/vern-cotter-nest-plus-le-selectionneur-des-fidji\/\" \/>\n<meta property=\"og:site_name\" content=\"Dicodusport\" \/>\n<meta property=\"article:publisher\" content=\"https:\/\/www.facebook.com\/dicodusport\" \/>\n<meta property=\"article:author\" content=\"https:\/\/www.facebook.com\/dicodusport\" \/>\n<meta property=\"article:published_time\" content=\"2023-02-02T07:24:36+00:00\" \/>\n<meta property=\"article:modified_time\" content=\"2023-02-02T07:36:57+00:00\" \/>\n<meta property=\"og:image\" content=\"https:\/\/dicodusport.fr\/blog\/wp-content\/uploads\/2023\/02\/Vern-Cotter-nest-plus-le-selectionneur-des-Fidji.png\" \/>\n\t<meta property=\"og:image:width\" content=\"800\" \/>\n\t<meta property=\"og:image:height\" content=\"445\" \/>\n\t<meta property=\"og:image:type\" content=\"image\/png\" \/>\n<meta name=\"author\" content=\"Nicolas Jacquemard\" \/>\n<meta name=\"twitter:card\" content=\"summary_large_image\" \/>\n<meta name=\"twitter:title\" content=\"Vern Cotter n&#039;est plus le s\u00e9lectionneur des Fidji\" \/>\n<meta name=\"twitter:creator\" content=\"@https:\/\/twitter.com\/Nico_Jacquemard\" \/>\n<meta name=\"twitter:site\" content=\"@dicodusport\" \/>\n<script type=\"application\/ld+json\" class=\"yoast-schema-graph\">{\"@context\":\"https:\/\/schema.org\",\"@graph\":[{\"@type\":\"NewsArticle\",\"@id\":\"https:\/\/dicodusport.fr\/blog\/vern-cotter-nest-plus-le-selectionneur-des-fidji\/#article\",\"isPartOf\":{\"@id\":\"https:\/\/dicodusport.fr\/blog\/vern-cotter-nest-plus-le-selectionneur-des-fidji\/\"},\"author\":{\"name\":\"Nicolas Jacquemard\",\"@id\":\"https:\/\/dicodusport.fr\/blog\/#\/schema\/person\/55dcb50ad410894e431ed812bbb70191\"},\"headline\":\"Vern Cotter n&rsquo;est plus le s\u00e9lectionneur des Fidji\",\"datePublished\":\"2023-02-02T07:24:36+00:00\",\"dateModified\":\"2023-02-02T07:36:57+00:00\",\"mainEntityOfPage\":{\"@id\":\"https:\/\/dicodusport.fr\/blog\/vern-cotter-nest-plus-le-selectionneur-des-fidji\/\"},\"wordCount\":232,\"commentCount\":1,\"publisher\":{\"@id\":\"https:\/\/dicodusport.fr\/blog\/#organization\"},\"image\":{\"@id\":\"https:\/\/dicodusport.fr\/blog\/vern-cotter-nest-plus-le-selectionneur-des-fidji\/#primaryimage\"},\"thumbnailUrl\":\"https:\/\/dicodusport.fr\/blog\/wp-content\/uploads\/2023\/02\/Vern-Cotter-nest-plus-le-selectionneur-des-Fidji.png\",\"keywords\":[\"Fidji\"],\"articleSection\":[\"Rugby \u00e0 XV\"],\"inLanguage\":\"fr-FR\",\"potentialAction\":[{\"@type\":\"CommentAction\",\"name\":\"Comment\",\"target\":[\"https:\/\/dicodusport.fr\/blog\/vern-cotter-nest-plus-le-selectionneur-des-fidji\/#respond\"]}],\"copyrightYear\":\"2023\",\"copyrightHolder\":{\"@id\":\"https:\/\/dicodusport.fr\/blog\/#organization\"}},{\"@type\":\"WebPage\",\"@id\":\"https:\/\/dicodusport.fr\/blog\/vern-cotter-nest-plus-le-selectionneur-des-fidji\/\",\"url\":\"https:\/\/dicodusport.fr\/blog\/vern-cotter-nest-plus-le-selectionneur-des-fidji\/\",\"name\":\"Vern Cotter n'est plus le s\u00e9lectionneur des Fidji\",\"isPartOf\":{\"@id\":\"https:\/\/dicodusport.fr\/blog\/#website\"},\"primaryImageOfPage\":{\"@id\":\"https:\/\/dicodusport.fr\/blog\/vern-cotter-nest-plus-le-selectionneur-des-fidji\/#primaryimage\"},\"image\":{\"@id\":\"https:\/\/dicodusport.fr\/blog\/vern-cotter-nest-plus-le-selectionneur-des-fidji\/#primaryimage\"},\"thumbnailUrl\":\"https:\/\/dicodusport.fr\/blog\/wp-content\/uploads\/2023\/02\/Vern-Cotter-nest-plus-le-selectionneur-des-Fidji.png\",\"datePublished\":\"2023-02-02T07:24:36+00:00\",\"dateModified\":\"2023-02-02T07:36:57+00:00\",\"description\":\"RUGBY \u00c0 XV - \u00c0 seulement 7 mois de la Coupe du monde, Vern Cotter a d\u00e9cid\u00e9 de quitter son poste de s\u00e9lectionneur des Fidji.\u00a0\",\"breadcrumb\":{\"@id\":\"https:\/\/dicodusport.fr\/blog\/vern-cotter-nest-plus-le-selectionneur-des-fidji\/#breadcrumb\"},\"inLanguage\":\"fr-FR\",\"potentialAction\":[{\"@type\":\"ReadAction\",\"target\":[\"https:\/\/dicodusport.fr\/blog\/vern-cotter-nest-plus-le-selectionneur-des-fidji\/\"]}]},{\"@type\":\"ImageObject\",\"inLanguage\":\"fr-FR\",\"@id\":\"https:\/\/dicodusport.fr\/blog\/vern-cotter-nest-plus-le-selectionneur-des-fidji\/#primaryimage\",\"url\":\"https:\/\/dicodusport.fr\/blog\/wp-content\/uploads\/2023\/02\/Vern-Cotter-nest-plus-le-selectionneur-des-Fidji.png\",\"contentUrl\":\"https:\/\/dicodusport.fr\/blog\/wp-content\/uploads\/2023\/02\/Vern-Cotter-nest-plus-le-selectionneur-des-Fidji.png\",\"width\":800,\"height\":445},{\"@type\":\"BreadcrumbList\",\"@id\":\"https:\/\/dicodusport.fr\/blog\/vern-cotter-nest-plus-le-selectionneur-des-fidji\/#breadcrumb\",\"itemListElement\":[{\"@type\":\"ListItem\",\"position\":1,\"name\":\"Accueil\",\"item\":\"https:\/\/dicodusport.fr\/blog\/\"},{\"@type\":\"ListItem\",\"position\":2,\"name\":\"Vern Cotter n&rsquo;est plus le s\u00e9lectionneur des Fidji\"}]},{\"@type\":\"WebSite\",\"@id\":\"https:\/\/dicodusport.fr\/blog\/#website\",\"url\":\"https:\/\/dicodusport.fr\/blog\/\",\"name\":\"Dicodusport\",\"description\":\"L&#039;encyclop\u00e9die de l&#039;actualit\u00e9 sportive\",\"publisher\":{\"@id\":\"https:\/\/dicodusport.fr\/blog\/#organization\"},\"potentialAction\":[{\"@type\":\"SearchAction\",\"target\":{\"@type\":\"EntryPoint\",\"urlTemplate\":\"https:\/\/dicodusport.fr\/blog\/?s={search_term_string}\"},\"query-input\":{\"@type\":\"PropertyValueSpecification\",\"valueRequired\":true,\"valueName\":\"search_term_string\"}}],\"inLanguage\":\"fr-FR\"},{\"@type\":\"NewsMediaOrganization\",\"@id\":\"https:\/\/dicodusport.fr\/blog\/#organization\",\"name\":\"Dicodusport\",\"url\":\"https:\/\/dicodusport.fr\/blog\/\",\"logo\":{\"@type\":\"ImageObject\",\"inLanguage\":\"fr-FR\",\"@id\":\"https:\/\/dicodusport.fr\/blog\/#\/schema\/logo\/image\/\",\"url\":\"https:\/\/dicodusport.fr\/blog\/wp-content\/uploads\/2020\/06\/cropped-LOGO-DICODUSPORT-2020-SANS-FOND-SANS-TEXTE.png\",\"contentUrl\":\"https:\/\/dicodusport.fr\/blog\/wp-content\/uploads\/2020\/06\/cropped-LOGO-DICODUSPORT-2020-SANS-FOND-SANS-TEXTE.png\",\"width\":512,\"height\":512,\"caption\":\"Dicodusport\"},\"image\":{\"@id\":\"https:\/\/dicodusport.fr\/blog\/#\/schema\/logo\/image\/\"},\"sameAs\":[\"https:\/\/www.facebook.com\/dicodusport\",\"https:\/\/x.com\/dicodusport\",\"https:\/\/www.instagram.com\/dicodusport\/\",\"https:\/\/www.youtube.com\/channel\/UC7V2KZ5sd3htJivAbA4ZG3w\"],\"description\":\"Dicodusport est l'encyclop\u00e9die de l'actualit\u00e9 sportive.\",\"email\":\"bonjour@dicodusport.fr\",\"legalName\":\"DICODUSPORT\",\"foundingDate\":\"2018-01-14\",\"vatID\":\"FR71834470973\",\"taxID\":\"83447097300043\",\"numberOfEmployees\":{\"@type\":\"QuantitativeValue\",\"minValue\":\"1\",\"maxValue\":\"10\"}},{\"@type\":\"Person\",\"@id\":\"https:\/\/dicodusport.fr\/blog\/#\/schema\/person\/55dcb50ad410894e431ed812bbb70191\",\"name\":\"Nicolas Jacquemard\",\"image\":{\"@type\":\"ImageObject\",\"inLanguage\":\"fr-FR\",\"@id\":\"https:\/\/dicodusport.fr\/blog\/#\/schema\/person\/image\/\",\"url\":\"https:\/\/dicodusport.fr\/blog\/wp-content\/uploads\/2021\/05\/Nicolas-Jacquemard-150x150.jpeg\",\"contentUrl\":\"https:\/\/dicodusport.fr\/blog\/wp-content\/uploads\/2021\/05\/Nicolas-Jacquemard-150x150.jpeg\",\"caption\":\"Nicolas Jacquemard\"},\"description\":\"Passionn\u00e9 de sport et entrepreneur depuis mes 18 ans, la cr\u00e9ation de Dicodusport m'a sembl\u00e9 \u00e9vidente pour participer \u00e0 la m\u00e9diatisation d'un plus grand nombre de sports. Le chemin est long mais avec une \u00e9quipe des plus motiv\u00e9es et les Jeux Olympiques de Paris 2024 en point de mire, nous y arriverons ! Journaliste dans le monde du sport depuis plus de 5 ans, je traite aussi bien de football, de rugby, de biathlon que de cyclisme.\",\"sameAs\":[\"https:\/\/www.facebook.com\/dicodusport\",\"https:\/\/x.com\/https:\/\/twitter.com\/Nico_Jacquemard\"],\"url\":\"https:\/\/dicodusport.fr\/blog\/author\/dicodusport\/\"}]}<\/script>\n<!-- \/ Yoast SEO Premium plugin. -->","yoast_head_json":{"title":"Vern Cotter n'est plus le s\u00e9lectionneur des Fidji","description":"RUGBY \u00c0 XV - \u00c0 seulement 7 mois de la Coupe du monde, Vern Cotter a d\u00e9cid\u00e9 de quitter son poste de s\u00e9lectionneur des Fidji.\u00a0","robots":{"index":"index","follow":"follow","max-snippet":"max-snippet:-1","max-image-preview":"max-image-preview:large","max-video-preview":"max-video-preview:-1"},"canonical":"https:\/\/dicodusport.fr\/blog\/vern-cotter-nest-plus-le-selectionneur-des-fidji\/","og_locale":"fr_FR","og_type":"article","og_title":"Vern Cotter n'est plus le s\u00e9lectionneur des Fidji","og_description":"RUGBY \u00c0 XV - \u00c0 seulement 7 mois de la Coupe du monde, Vern Cotter a d\u00e9cid\u00e9 de quitter son poste de s\u00e9lectionneur des Fidji.\u00a0","og_url":"https:\/\/dicodusport.fr\/blog\/vern-cotter-nest-plus-le-selectionneur-des-fidji\/","og_site_name":"Dicodusport","article_publisher":"https:\/\/www.facebook.com\/dicodusport","article_author":"https:\/\/www.facebook.com\/dicodusport","article_published_time":"2023-02-02T07:24:36+00:00","article_modified_time":"2023-02-02T07:36:57+00:00","og_image":[{"width":800,"height":445,"url":"https:\/\/dicodusport.fr\/blog\/wp-content\/uploads\/2023\/02\/Vern-Cotter-nest-plus-le-selectionneur-des-Fidji.png","type":"image\/png"}],"author":"Nicolas Jacquemard","twitter_card":"summary_large_image","twitter_title":"Vern Cotter n'est plus le s\u00e9lectionneur des Fidji","twitter_creator":"@https:\/\/twitter.com\/Nico_Jacquemard","twitter_site":"@dicodusport","schema":{"@context":"https:\/\/schema.org","@graph":[{"@type":"NewsArticle","@id":"https:\/\/dicodusport.fr\/blog\/vern-cotter-nest-plus-le-selectionneur-des-fidji\/#article","isPartOf":{"@id":"https:\/\/dicodusport.fr\/blog\/vern-cotter-nest-plus-le-selectionneur-des-fidji\/"},"author":{"name":"Nicolas Jacquemard","@id":"https:\/\/dicodusport.fr\/blog\/#\/schema\/person\/55dcb50ad410894e431ed812bbb70191"},"headline":"Vern Cotter n&rsquo;est plus le s\u00e9lectionneur des Fidji","datePublished":"2023-02-02T07:24:36+00:00","dateModified":"2023-02-02T07:36:57+00:00","mainEntityOfPage":{"@id":"https:\/\/dicodusport.fr\/blog\/vern-cotter-nest-plus-le-selectionneur-des-fidji\/"},"wordCount":232,"commentCount":1,"publisher":{"@id":"https:\/\/dicodusport.fr\/blog\/#organization"},"image":{"@id":"https:\/\/dicodusport.fr\/blog\/vern-cotter-nest-plus-le-selectionneur-des-fidji\/#primaryimage"},"thumbnailUrl":"https:\/\/dicodusport.fr\/blog\/wp-content\/uploads\/2023\/02\/Vern-Cotter-nest-plus-le-selectionneur-des-Fidji.png","keywords":["Fidji"],"articleSection":["Rugby \u00e0 XV"],"inLanguage":"fr-FR","potentialAction":[{"@type":"CommentAction","name":"Comment","target":["https:\/\/dicodusport.fr\/blog\/vern-cotter-nest-plus-le-selectionneur-des-fidji\/#respond"]}],"copyrightYear":"2023","copyrightHolder":{"@id":"https:\/\/dicodusport.fr\/blog\/#organization"}},{"@type":"WebPage","@id":"https:\/\/dicodusport.fr\/blog\/vern-cotter-nest-plus-le-selectionneur-des-fidji\/","url":"https:\/\/dicodusport.fr\/blog\/vern-cotter-nest-plus-le-selectionneur-des-fidji\/","name":"Vern Cotter n'est plus le s\u00e9lectionneur des Fidji","isPartOf":{"@id":"https:\/\/dicodusport.fr\/blog\/#website"},"primaryImageOfPage":{"@id":"https:\/\/dicodusport.fr\/blog\/vern-cotter-nest-plus-le-selectionneur-des-fidji\/#primaryimage"},"image":{"@id":"https:\/\/dicodusport.fr\/blog\/vern-cotter-nest-plus-le-selectionneur-des-fidji\/#primaryimage"},"thumbnailUrl":"https:\/\/dicodusport.fr\/blog\/wp-content\/uploads\/2023\/02\/Vern-Cotter-nest-plus-le-selectionneur-des-Fidji.png","datePublished":"2023-02-02T07:24:36+00:00","dateModified":"2023-02-02T07:36:57+00:00","description":"RUGBY \u00c0 XV - \u00c0 seulement 7 mois de la Coupe du monde, Vern Cotter a d\u00e9cid\u00e9 de quitter son poste de s\u00e9lectionneur des Fidji.\u00a0","breadcrumb":{"@id":"https:\/\/dicodusport.fr\/blog\/vern-cotter-nest-plus-le-selectionneur-des-fidji\/#breadcrumb"},"inLanguage":"fr-FR","potentialAction":[{"@type":"ReadAction","target":["https:\/\/dicodusport.fr\/blog\/vern-cotter-nest-plus-le-selectionneur-des-fidji\/"]}]},{"@type":"ImageObject","inLanguage":"fr-FR","@id":"https:\/\/dicodusport.fr\/blog\/vern-cotter-nest-plus-le-selectionneur-des-fidji\/#primaryimage","url":"https:\/\/dicodusport.fr\/blog\/wp-content\/uploads\/2023\/02\/Vern-Cotter-nest-plus-le-selectionneur-des-Fidji.png","contentUrl":"https:\/\/dicodusport.fr\/blog\/wp-content\/uploads\/2023\/02\/Vern-Cotter-nest-plus-le-selectionneur-des-Fidji.png","width":800,"height":445},{"@type":"BreadcrumbList","@id":"https:\/\/dicodusport.fr\/blog\/vern-cotter-nest-plus-le-selectionneur-des-fidji\/#breadcrumb","itemListElement":[{"@type":"ListItem","position":1,"name":"Accueil","item":"https:\/\/dicodusport.fr\/blog\/"},{"@type":"ListItem","position":2,"name":"Vern Cotter n&rsquo;est plus le s\u00e9lectionneur des Fidji"}]},{"@type":"WebSite","@id":"https:\/\/dicodusport.fr\/blog\/#website","url":"https:\/\/dicodusport.fr\/blog\/","name":"Dicodusport","description":"L&#039;encyclop\u00e9die de l&#039;actualit\u00e9 sportive","publisher":{"@id":"https:\/\/dicodusport.fr\/blog\/#organization"},"potentialAction":[{"@type":"SearchAction","target":{"@type":"EntryPoint","urlTemplate":"https:\/\/dicodusport.fr\/blog\/?s={search_term_string}"},"query-input":{"@type":"PropertyValueSpecification","valueRequired":true,"valueName":"search_term_string"}}],"inLanguage":"fr-FR"},{"@type":"NewsMediaOrganization","@id":"https:\/\/dicodusport.fr\/blog\/#organization","name":"Dicodusport","url":"https:\/\/dicodusport.fr\/blog\/","logo":{"@type":"ImageObject","inLanguage":"fr-FR","@id":"https:\/\/dicodusport.fr\/blog\/#\/schema\/logo\/image\/","url":"https:\/\/dicodusport.fr\/blog\/wp-content\/uploads\/2020\/06\/cropped-LOGO-DICODUSPORT-2020-SANS-FOND-SANS-TEXTE.png","contentUrl":"https:\/\/dicodusport.fr\/blog\/wp-content\/uploads\/2020\/06\/cropped-LOGO-DICODUSPORT-2020-SANS-FOND-SANS-TEXTE.png","width":512,"height":512,"caption":"Dicodusport"},"image":{"@id":"https:\/\/dicodusport.fr\/blog\/#\/schema\/logo\/image\/"},"sameAs":["https:\/\/www.facebook.com\/dicodusport","https:\/\/x.com\/dicodusport","https:\/\/www.instagram.com\/dicodusport\/","https:\/\/www.youtube.com\/channel\/UC7V2KZ5sd3htJivAbA4ZG3w"],"description":"Dicodusport est l'encyclop\u00e9die de l'actualit\u00e9 sportive.","email":"bonjour@dicodusport.fr","legalName":"DICODUSPORT","foundingDate":"2018-01-14","vatID":"FR71834470973","taxID":"83447097300043","numberOfEmployees":{"@type":"QuantitativeValue","minValue":"1","maxValue":"10"}},{"@type":"Person","@id":"https:\/\/dicodusport.fr\/blog\/#\/schema\/person\/55dcb50ad410894e431ed812bbb70191","name":"Nicolas Jacquemard","image":{"@type":"ImageObject","inLanguage":"fr-FR","@id":"https:\/\/dicodusport.fr\/blog\/#\/schema\/person\/image\/","url":"https:\/\/dicodusport.fr\/blog\/wp-content\/uploads\/2021\/05\/Nicolas-Jacquemard-150x150.jpeg","contentUrl":"https:\/\/dicodusport.fr\/blog\/wp-content\/uploads\/2021\/05\/Nicolas-Jacquemard-150x150.jpeg","caption":"Nicolas Jacquemard"},"description":"Passionn\u00e9 de sport et entrepreneur depuis mes 18 ans, la cr\u00e9ation de Dicodusport m'a sembl\u00e9 \u00e9vidente pour participer \u00e0 la m\u00e9diatisation d'un plus grand nombre de sports. Le chemin est long mais avec une \u00e9quipe des plus motiv\u00e9es et les Jeux Olympiques de Paris 2024 en point de mire, nous y arriverons ! Journaliste dans le monde du sport depuis plus de 5 ans, je traite aussi bien de football, de rugby, de biathlon que de cyclisme.","sameAs":["https:\/\/www.facebook.com\/dicodusport","https:\/\/x.com\/https:\/\/twitter.com\/Nico_Jacquemard"],"url":"https:\/\/dicodusport.fr\/blog\/author\/dicodusport\/"}]}},"_links":{"self":[{"href":"https:\/\/dicodusport.fr\/blog\/wp-json\/wp\/v2\/posts\/351082","targetHints":{"allow":["GET"]}}],"collection":[{"href":"https:\/\/dicodusport.fr\/blog\/wp-json\/wp\/v2\/posts"}],"about":[{"href":"https:\/\/dicodusport.fr\/blog\/wp-json\/wp\/v2\/types\/post"}],"author":[{"embeddable":true,"href":"https:\/\/dicodusport.fr\/blog\/wp-json\/wp\/v2\/users\/1"}],"replies":[{"embeddable":true,"href":"https:\/\/dicodusport.fr\/blog\/wp-json\/wp\/v2\/comments?post=351082"}],"version-history":[{"count":0,"href":"https:\/\/dicodusport.fr\/blog\/wp-json\/wp\/v2\/posts\/351082\/revisions"}],"wp:featuredmedia":[{"embeddable":true,"href":"https:\/\/dicodusport.fr\/blog\/wp-json\/wp\/v2\/media\/351083"}],"wp:attachment":[{"href":"https:\/\/dicodusport.fr\/blog\/wp-json\/wp\/v2\/media?parent=351082"}],"wp:term":[{"taxonomy":"category","embeddable":true,"href":"https:\/\/dicodusport.fr\/blog\/wp-json\/wp\/v2\/categories?post=351082"},{"taxonomy":"post_tag","embeddable":true,"href":"https:\/\/dicodusport.fr\/blog\/wp-json\/wp\/v2\/tags?post=351082"}],"curies":[{"name":"wp","href":"https:\/\/api.w.org\/{rel}","templated":true}]}}