{"id":35119,"date":"2019-03-11T16:59:39","date_gmt":"2019-03-11T15:59:39","guid":{"rendered":"http:\/\/dicodusport.fr\/blog\/?p=35119"},"modified":"2019-03-11T17:15:51","modified_gmt":"2019-03-11T16:15:51","slug":"l-avenir-grenoblois-est-dans-le-pre-60-reprise-physique-avant-un-match-amical-contre-oyonnax","status":"publish","type":"post","link":"https:\/\/dicodusport.fr\/blog\/l-avenir-grenoblois-est-dans-le-pre-60-reprise-physique-avant-un-match-amical-contre-oyonnax\/","title":{"rendered":"L&rsquo;avenir grenoblois est dans le pr\u00e9 #60 : Reprise physique avant un match amical contre Oyonnax"},"content":{"rendered":"<p style=\"text-align: justify;\"><em><b>Chaque semaine, la section\u00a0<\/b><span style=\"color: #0000ff;\"><a style=\"color: #0000ff;\" href=\"http:\/\/dicodusport.fr\/blog\/fc-grenoble-rugby-espoirs\/\">espoirs du FC Grenoble rugby<\/a><\/span><b>\u00a0viendra vous parler de son actualit\u00e9, de ses entra\u00eenements ou encore de ses matchs dans sa chronique \u00ab <\/b><span style=\"color: #0000ff;\"><a style=\"color: #0000ff;\" href=\"https:\/\/dicodusport.fr\/blog\/avenir-grenoblois-pre-toutes-semaines-dicodusport-fr\/\" target=\"_blank\" rel=\"noopener noreferrer\">L&rsquo;avenir grenoblois est dans le pr\u00e9<\/a>\u00a0<strong><span style=\"color: #000000;\">\u00bb<\/span><\/strong><\/span><b>. Pour ce nouvel \u00e9pisode, c&rsquo;est Igor Serrafino, 3\u00e8me ligne aile du FCG espoirs, qui s&rsquo;est pr\u00eat\u00e9 au jeu de l&rsquo;interview et revient sur la reprise de l&rsquo;entra\u00eenement.<\/b><\/em><\/p>\n<h1 style=\"text-align: justify;\"><span style=\"color: #000000;\"><span style=\"color: #0051a3;\">&#x2714;\u00a0<\/span><\/span><span style=\"color: #000000;\">Notre\u00a0semaine d&rsquo;entra\u00eenement<\/span><\/h1>\n<p style=\"text-align: justify;\">Lundi et mardi, nous avons fait des s\u00e9ances de physique en jouant au rugby pour garder la cadence suite \u00e0 la coupure des matchs et la semaine de repos. Chez les avants, on a aussi travaill\u00e9 les touches sur ces deux jours-l\u00e0. Jeudi, on a encore fait du physique bas\u00e9 sur du jeu en d\u00e9sordre avant de terminer la s\u00e9ance par des m\u00eal\u00e9es. Vendredi, on n&rsquo;a pas eu entra\u00eenement car toute l&rsquo;\u00e9quipe partait en voyage \u00e0 Barcelone. Ce week-end qui arrive, nous avons un match amical contre les espoirs d&rsquo;Oyonnax.<\/p>\n<h1 style=\"text-align: justify;\"><span style=\"color: #0051a3;\">&#x2714; <span style=\"color: #000000;\">5<\/span><\/span><span style=\"color: #000000;\"> questions \u00e0\u00a0<b>Igor Serrafino<\/b><\/span><\/h1>\n<h2 style=\"text-align: justify;\">Igor, avec un peu de recul, que repr\u00e9sente le titre de champion de France avec les Crabos ?<\/h2>\n<p style=\"text-align: justify;\">C&rsquo;est une immense fiert\u00e9 d&rsquo;avoir d\u00e9croch\u00e9 ce titre de champion de France. \u00c7a restera marqu\u00e9 \u00e0 vie, c&rsquo;est un moment inoubliable qu&rsquo;on a v\u00e9cu au Stade de France.<\/p>\n<h2 style=\"text-align: justify;\">Qu&rsquo;est-ce qui a \u00e9t\u00e9 le plus dur dans la transition crabos \/ espoirs ?<\/h2>\n<p style=\"text-align: justify;\">Physiquement, il y a un gros changement et le jeu va plus vite. Ce qui est dur, c&rsquo;est de garder le rythme. La saison pass\u00e9e, je jouais tous les matchs, j&rsquo;ai fait beaucoup moins de feuilles de match cette ann\u00e9e.<\/p>\n<h2 style=\"text-align: justify;\">Malgr\u00e9 le peu de temps de jeu cette saison, es-tu satisfait de ce que tu as apport\u00e9 \u00e0 l&rsquo;\u00e9quipe quand tu \u00e9tais sur le terrain ?<\/h2>\n<p style=\"text-align: justify;\">Oui, je suis assez satisfait mais il me reste encore du boulot. Je dois travailler physiquement mais aussi le plaquage, notamment pour continuer ma progression.<\/p>\n<h2 style=\"text-align: justify;\">Comment g\u00e8res-tu le fait de jouer beaucoup moins que la saison pass\u00e9e ?<\/h2>\n<p style=\"text-align: justify;\">Au d\u00e9but, cela a \u00e9t\u00e9 dur mais maintenant, je m&rsquo;en sers de motivation pour continuer \u00e0 travailler, progresser et gagner du temps de jeu.<\/p>\n<h2 style=\"text-align: justify;\">Quels objectifs individuels et collectifs pour la fin de saison ?<\/h2>\n<p style=\"text-align: justify;\">J&rsquo;esp\u00e8re jouer le plus de matchs et gagner du temps de jeu. Et collectivement, j&rsquo;esp\u00e8re qu&rsquo;on ira le plus loin possible et pourquoi pas faire comme la saison pass\u00e9e.<\/p>\n<p style=\"text-align: justify;\"><strong><em>FC Grenoble Rugby Espoirs<\/em><br \/>\n<a style=\"color: #000000;\" href=\"https:\/\/www.facebook.com\/fcgEspoirs\/\" target=\"_blank\" rel=\"noopener noreferrer\"><img loading=\"lazy\" decoding=\"async\" class=\"alignnone wp-image-2909\" src=\"http:\/\/dicodusport.fr\/blog\/wp-content\/uploads\/2017\/07\/logo-facebook-150x150.png\" alt=\"\" width=\"40\" height=\"40\" \/><\/a><\/strong><\/p>\n","protected":false},"excerpt":{"rendered":"<p>Pour ce nouvel \u00e9pisode, c&rsquo;est Igor Serrafino, 3\u00e8me ligne aile du FCG espoirs, qui s&rsquo;est pr\u00eat\u00e9 au jeu de l&rsquo;interview et revient sur la reprise de l&rsquo;entra\u00eenement.<\/p>\n","protected":false},"author":1,"featured_media":35120,"comment_status":"open","ping_status":"closed","sticky":false,"template":"","format":"standard","meta":{"_acf_changed":false,"_daextam_enable_autolinks":"","footnotes":""},"categories":[2016,2303],"tags":[2073,2074,1837,1947],"class_list":["post-35119","post","type-post","status-publish","format-standard","has-post-thumbnail","hentry","category-nos-champions","category-rugby","tag-fcg","tag-fcg-espoirs","tag-grenoble","tag-grenoble-rugby"],"acf":[],"yoast_head":"<!-- This site is optimized with the Yoast SEO Premium plugin v26.7 (Yoast SEO v26.7) - https:\/\/yoast.com\/wordpress\/plugins\/seo\/ -->\n<title>L&#039;avenir grenoblois est dans le pr\u00e9 #60 : Reprise physique avant un match amical contre Oyonnax<\/title>\n<meta name=\"description\" content=\"Igor Serrafino, 3\u00e8me ligne aile du FCG espoirs, s&#039;est pr\u00eat\u00e9 au jeu de l&#039;interview et revient sur la reprise de l&#039;entra\u00eenement.\" \/>\n<meta name=\"robots\" content=\"index, follow, max-snippet:-1, max-image-preview:large, max-video-preview:-1\" \/>\n<link rel=\"canonical\" href=\"https:\/\/dicodusport.fr\/blog\/l-avenir-grenoblois-est-dans-le-pre-60-reprise-physique-avant-un-match-amical-contre-oyonnax\/\" \/>\n<meta property=\"og:locale\" content=\"fr_FR\" \/>\n<meta property=\"og:type\" content=\"article\" \/>\n<meta property=\"og:title\" content=\"L&#039;avenir grenoblois est dans le pr\u00e9 #60 : Reprise physique avant un match amical contre Oyonnax\" \/>\n<meta property=\"og:description\" content=\"Igor Serrafino, 3\u00e8me ligne aile du FCG espoirs, s&#039;est pr\u00eat\u00e9 au jeu de l&#039;interview et revient sur la reprise de l&#039;entra\u00eenement.\" \/>\n<meta property=\"og:url\" content=\"https:\/\/dicodusport.fr\/blog\/l-avenir-grenoblois-est-dans-le-pre-60-reprise-physique-avant-un-match-amical-contre-oyonnax\/\" \/>\n<meta property=\"og:site_name\" content=\"Dicodusport\" \/>\n<meta property=\"article:publisher\" content=\"https:\/\/www.facebook.com\/dicodusport\" \/>\n<meta property=\"article:author\" content=\"https:\/\/www.facebook.com\/dicodusport\" \/>\n<meta property=\"article:published_time\" content=\"2019-03-11T15:59:39+00:00\" \/>\n<meta property=\"article:modified_time\" content=\"2019-03-11T16:15:51+00:00\" \/>\n<meta property=\"og:image\" content=\"https:\/\/dicodusport.fr\/blog\/wp-content\/uploads\/2019\/03\/Igor-Serrafino-FCG.png\" \/>\n\t<meta property=\"og:image:width\" content=\"800\" \/>\n\t<meta property=\"og:image:height\" content=\"445\" \/>\n\t<meta property=\"og:image:type\" content=\"image\/png\" \/>\n<meta name=\"author\" content=\"Nicolas Jacquemard\" \/>\n<meta name=\"twitter:card\" content=\"summary_large_image\" \/>\n<meta name=\"twitter:creator\" content=\"@https:\/\/twitter.com\/Nico_Jacquemard\" \/>\n<meta name=\"twitter:site\" content=\"@dicodusport\" \/>\n<script type=\"application\/ld+json\" class=\"yoast-schema-graph\">{\"@context\":\"https:\/\/schema.org\",\"@graph\":[{\"@type\":\"NewsArticle\",\"@id\":\"https:\/\/dicodusport.fr\/blog\/l-avenir-grenoblois-est-dans-le-pre-60-reprise-physique-avant-un-match-amical-contre-oyonnax\/#article\",\"isPartOf\":{\"@id\":\"https:\/\/dicodusport.fr\/blog\/l-avenir-grenoblois-est-dans-le-pre-60-reprise-physique-avant-un-match-amical-contre-oyonnax\/\"},\"author\":{\"name\":\"Nicolas Jacquemard\",\"@id\":\"https:\/\/dicodusport.fr\/blog\/#\/schema\/person\/55dcb50ad410894e431ed812bbb70191\"},\"headline\":\"L&rsquo;avenir grenoblois est dans le pr\u00e9 #60 : Reprise physique avant un match amical contre Oyonnax\",\"datePublished\":\"2019-03-11T15:59:39+00:00\",\"dateModified\":\"2019-03-11T16:15:51+00:00\",\"mainEntityOfPage\":{\"@id\":\"https:\/\/dicodusport.fr\/blog\/l-avenir-grenoblois-est-dans-le-pre-60-reprise-physique-avant-un-match-amical-contre-oyonnax\/\"},\"wordCount\":435,\"commentCount\":0,\"publisher\":{\"@id\":\"https:\/\/dicodusport.fr\/blog\/#organization\"},\"image\":{\"@id\":\"https:\/\/dicodusport.fr\/blog\/l-avenir-grenoblois-est-dans-le-pre-60-reprise-physique-avant-un-match-amical-contre-oyonnax\/#primaryimage\"},\"thumbnailUrl\":\"https:\/\/dicodusport.fr\/blog\/wp-content\/uploads\/2019\/03\/Igor-Serrafino-FCG.png\",\"keywords\":[\"FCG\",\"FCG espoirs\",\"Grenoble\",\"grenoble rugby\"],\"articleSection\":[\"Nos champions\",\"Rugby\"],\"inLanguage\":\"fr-FR\",\"potentialAction\":[{\"@type\":\"CommentAction\",\"name\":\"Comment\",\"target\":[\"https:\/\/dicodusport.fr\/blog\/l-avenir-grenoblois-est-dans-le-pre-60-reprise-physique-avant-un-match-amical-contre-oyonnax\/#respond\"]}],\"copyrightYear\":\"2019\",\"copyrightHolder\":{\"@id\":\"https:\/\/dicodusport.fr\/blog\/#organization\"}},{\"@type\":\"WebPage\",\"@id\":\"https:\/\/dicodusport.fr\/blog\/l-avenir-grenoblois-est-dans-le-pre-60-reprise-physique-avant-un-match-amical-contre-oyonnax\/\",\"url\":\"https:\/\/dicodusport.fr\/blog\/l-avenir-grenoblois-est-dans-le-pre-60-reprise-physique-avant-un-match-amical-contre-oyonnax\/\",\"name\":\"L'avenir grenoblois est dans le pr\u00e9 #60 : Reprise physique avant un match amical contre Oyonnax\",\"isPartOf\":{\"@id\":\"https:\/\/dicodusport.fr\/blog\/#website\"},\"primaryImageOfPage\":{\"@id\":\"https:\/\/dicodusport.fr\/blog\/l-avenir-grenoblois-est-dans-le-pre-60-reprise-physique-avant-un-match-amical-contre-oyonnax\/#primaryimage\"},\"image\":{\"@id\":\"https:\/\/dicodusport.fr\/blog\/l-avenir-grenoblois-est-dans-le-pre-60-reprise-physique-avant-un-match-amical-contre-oyonnax\/#primaryimage\"},\"thumbnailUrl\":\"https:\/\/dicodusport.fr\/blog\/wp-content\/uploads\/2019\/03\/Igor-Serrafino-FCG.png\",\"datePublished\":\"2019-03-11T15:59:39+00:00\",\"dateModified\":\"2019-03-11T16:15:51+00:00\",\"description\":\"Igor Serrafino, 3\u00e8me ligne aile du FCG espoirs, s'est pr\u00eat\u00e9 au jeu de l'interview et revient sur la reprise de l'entra\u00eenement.\",\"breadcrumb\":{\"@id\":\"https:\/\/dicodusport.fr\/blog\/l-avenir-grenoblois-est-dans-le-pre-60-reprise-physique-avant-un-match-amical-contre-oyonnax\/#breadcrumb\"},\"inLanguage\":\"fr-FR\",\"potentialAction\":[{\"@type\":\"ReadAction\",\"target\":[\"https:\/\/dicodusport.fr\/blog\/l-avenir-grenoblois-est-dans-le-pre-60-reprise-physique-avant-un-match-amical-contre-oyonnax\/\"]}]},{\"@type\":\"ImageObject\",\"inLanguage\":\"fr-FR\",\"@id\":\"https:\/\/dicodusport.fr\/blog\/l-avenir-grenoblois-est-dans-le-pre-60-reprise-physique-avant-un-match-amical-contre-oyonnax\/#primaryimage\",\"url\":\"https:\/\/dicodusport.fr\/blog\/wp-content\/uploads\/2019\/03\/Igor-Serrafino-FCG.png\",\"contentUrl\":\"https:\/\/dicodusport.fr\/blog\/wp-content\/uploads\/2019\/03\/Igor-Serrafino-FCG.png\",\"width\":800,\"height\":445},{\"@type\":\"BreadcrumbList\",\"@id\":\"https:\/\/dicodusport.fr\/blog\/l-avenir-grenoblois-est-dans-le-pre-60-reprise-physique-avant-un-match-amical-contre-oyonnax\/#breadcrumb\",\"itemListElement\":[{\"@type\":\"ListItem\",\"position\":1,\"name\":\"Accueil\",\"item\":\"https:\/\/dicodusport.fr\/blog\/\"},{\"@type\":\"ListItem\",\"position\":2,\"name\":\"L&rsquo;avenir grenoblois est dans le pr\u00e9 #60 : Reprise physique avant un match amical contre Oyonnax\"}]},{\"@type\":\"WebSite\",\"@id\":\"https:\/\/dicodusport.fr\/blog\/#website\",\"url\":\"https:\/\/dicodusport.fr\/blog\/\",\"name\":\"Dicodusport\",\"description\":\"L&#039;encyclop\u00e9die de l&#039;actualit\u00e9 sportive\",\"publisher\":{\"@id\":\"https:\/\/dicodusport.fr\/blog\/#organization\"},\"potentialAction\":[{\"@type\":\"SearchAction\",\"target\":{\"@type\":\"EntryPoint\",\"urlTemplate\":\"https:\/\/dicodusport.fr\/blog\/?s={search_term_string}\"},\"query-input\":{\"@type\":\"PropertyValueSpecification\",\"valueRequired\":true,\"valueName\":\"search_term_string\"}}],\"inLanguage\":\"fr-FR\"},{\"@type\":\"NewsMediaOrganization\",\"@id\":\"https:\/\/dicodusport.fr\/blog\/#organization\",\"name\":\"Dicodusport\",\"url\":\"https:\/\/dicodusport.fr\/blog\/\",\"logo\":{\"@type\":\"ImageObject\",\"inLanguage\":\"fr-FR\",\"@id\":\"https:\/\/dicodusport.fr\/blog\/#\/schema\/logo\/image\/\",\"url\":\"https:\/\/dicodusport.fr\/blog\/wp-content\/uploads\/2020\/06\/cropped-LOGO-DICODUSPORT-2020-SANS-FOND-SANS-TEXTE.png\",\"contentUrl\":\"https:\/\/dicodusport.fr\/blog\/wp-content\/uploads\/2020\/06\/cropped-LOGO-DICODUSPORT-2020-SANS-FOND-SANS-TEXTE.png\",\"width\":512,\"height\":512,\"caption\":\"Dicodusport\"},\"image\":{\"@id\":\"https:\/\/dicodusport.fr\/blog\/#\/schema\/logo\/image\/\"},\"sameAs\":[\"https:\/\/www.facebook.com\/dicodusport\",\"https:\/\/x.com\/dicodusport\",\"https:\/\/www.instagram.com\/dicodusport\/\",\"https:\/\/www.youtube.com\/channel\/UC7V2KZ5sd3htJivAbA4ZG3w\"],\"description\":\"Dicodusport est l'encyclop\u00e9die de l'actualit\u00e9 sportive.\",\"email\":\"bonjour@dicodusport.fr\",\"legalName\":\"DICODUSPORT\",\"foundingDate\":\"2018-01-14\",\"vatID\":\"FR71834470973\",\"taxID\":\"83447097300043\",\"numberOfEmployees\":{\"@type\":\"QuantitativeValue\",\"minValue\":\"1\",\"maxValue\":\"10\"}},{\"@type\":\"Person\",\"@id\":\"https:\/\/dicodusport.fr\/blog\/#\/schema\/person\/55dcb50ad410894e431ed812bbb70191\",\"name\":\"Nicolas Jacquemard\",\"image\":{\"@type\":\"ImageObject\",\"inLanguage\":\"fr-FR\",\"@id\":\"https:\/\/dicodusport.fr\/blog\/#\/schema\/person\/image\/\",\"url\":\"https:\/\/dicodusport.fr\/blog\/wp-content\/uploads\/2021\/05\/Nicolas-Jacquemard-150x150.jpeg\",\"contentUrl\":\"https:\/\/dicodusport.fr\/blog\/wp-content\/uploads\/2021\/05\/Nicolas-Jacquemard-150x150.jpeg\",\"caption\":\"Nicolas Jacquemard\"},\"description\":\"Passionn\u00e9 de sport et entrepreneur depuis mes 18 ans, la cr\u00e9ation de Dicodusport m'a sembl\u00e9 \u00e9vidente pour participer \u00e0 la m\u00e9diatisation d'un plus grand nombre de sports. Le chemin est long mais avec une \u00e9quipe des plus motiv\u00e9es et les Jeux Olympiques de Paris 2024 en point de mire, nous y arriverons ! Journaliste dans le monde du sport depuis plus de 5 ans, je traite aussi bien de football, de rugby, de biathlon que de cyclisme.\",\"sameAs\":[\"https:\/\/www.facebook.com\/dicodusport\",\"https:\/\/x.com\/https:\/\/twitter.com\/Nico_Jacquemard\"],\"url\":\"https:\/\/dicodusport.fr\/blog\/author\/dicodusport\/\"}]}<\/script>\n<!-- \/ Yoast SEO Premium plugin. -->","yoast_head_json":{"title":"L'avenir grenoblois est dans le pr\u00e9 #60 : Reprise physique avant un match amical contre Oyonnax","description":"Igor Serrafino, 3\u00e8me ligne aile du FCG espoirs, s'est pr\u00eat\u00e9 au jeu de l'interview et revient sur la reprise de l'entra\u00eenement.","robots":{"index":"index","follow":"follow","max-snippet":"max-snippet:-1","max-image-preview":"max-image-preview:large","max-video-preview":"max-video-preview:-1"},"canonical":"https:\/\/dicodusport.fr\/blog\/l-avenir-grenoblois-est-dans-le-pre-60-reprise-physique-avant-un-match-amical-contre-oyonnax\/","og_locale":"fr_FR","og_type":"article","og_title":"L'avenir grenoblois est dans le pr\u00e9 #60 : Reprise physique avant un match amical contre Oyonnax","og_description":"Igor Serrafino, 3\u00e8me ligne aile du FCG espoirs, s'est pr\u00eat\u00e9 au jeu de l'interview et revient sur la reprise de l'entra\u00eenement.","og_url":"https:\/\/dicodusport.fr\/blog\/l-avenir-grenoblois-est-dans-le-pre-60-reprise-physique-avant-un-match-amical-contre-oyonnax\/","og_site_name":"Dicodusport","article_publisher":"https:\/\/www.facebook.com\/dicodusport","article_author":"https:\/\/www.facebook.com\/dicodusport","article_published_time":"2019-03-11T15:59:39+00:00","article_modified_time":"2019-03-11T16:15:51+00:00","og_image":[{"width":800,"height":445,"url":"https:\/\/dicodusport.fr\/blog\/wp-content\/uploads\/2019\/03\/Igor-Serrafino-FCG.png","type":"image\/png"}],"author":"Nicolas Jacquemard","twitter_card":"summary_large_image","twitter_creator":"@https:\/\/twitter.com\/Nico_Jacquemard","twitter_site":"@dicodusport","schema":{"@context":"https:\/\/schema.org","@graph":[{"@type":"NewsArticle","@id":"https:\/\/dicodusport.fr\/blog\/l-avenir-grenoblois-est-dans-le-pre-60-reprise-physique-avant-un-match-amical-contre-oyonnax\/#article","isPartOf":{"@id":"https:\/\/dicodusport.fr\/blog\/l-avenir-grenoblois-est-dans-le-pre-60-reprise-physique-avant-un-match-amical-contre-oyonnax\/"},"author":{"name":"Nicolas Jacquemard","@id":"https:\/\/dicodusport.fr\/blog\/#\/schema\/person\/55dcb50ad410894e431ed812bbb70191"},"headline":"L&rsquo;avenir grenoblois est dans le pr\u00e9 #60 : Reprise physique avant un match amical contre Oyonnax","datePublished":"2019-03-11T15:59:39+00:00","dateModified":"2019-03-11T16:15:51+00:00","mainEntityOfPage":{"@id":"https:\/\/dicodusport.fr\/blog\/l-avenir-grenoblois-est-dans-le-pre-60-reprise-physique-avant-un-match-amical-contre-oyonnax\/"},"wordCount":435,"commentCount":0,"publisher":{"@id":"https:\/\/dicodusport.fr\/blog\/#organization"},"image":{"@id":"https:\/\/dicodusport.fr\/blog\/l-avenir-grenoblois-est-dans-le-pre-60-reprise-physique-avant-un-match-amical-contre-oyonnax\/#primaryimage"},"thumbnailUrl":"https:\/\/dicodusport.fr\/blog\/wp-content\/uploads\/2019\/03\/Igor-Serrafino-FCG.png","keywords":["FCG","FCG espoirs","Grenoble","grenoble rugby"],"articleSection":["Nos champions","Rugby"],"inLanguage":"fr-FR","potentialAction":[{"@type":"CommentAction","name":"Comment","target":["https:\/\/dicodusport.fr\/blog\/l-avenir-grenoblois-est-dans-le-pre-60-reprise-physique-avant-un-match-amical-contre-oyonnax\/#respond"]}],"copyrightYear":"2019","copyrightHolder":{"@id":"https:\/\/dicodusport.fr\/blog\/#organization"}},{"@type":"WebPage","@id":"https:\/\/dicodusport.fr\/blog\/l-avenir-grenoblois-est-dans-le-pre-60-reprise-physique-avant-un-match-amical-contre-oyonnax\/","url":"https:\/\/dicodusport.fr\/blog\/l-avenir-grenoblois-est-dans-le-pre-60-reprise-physique-avant-un-match-amical-contre-oyonnax\/","name":"L'avenir grenoblois est dans le pr\u00e9 #60 : Reprise physique avant un match amical contre Oyonnax","isPartOf":{"@id":"https:\/\/dicodusport.fr\/blog\/#website"},"primaryImageOfPage":{"@id":"https:\/\/dicodusport.fr\/blog\/l-avenir-grenoblois-est-dans-le-pre-60-reprise-physique-avant-un-match-amical-contre-oyonnax\/#primaryimage"},"image":{"@id":"https:\/\/dicodusport.fr\/blog\/l-avenir-grenoblois-est-dans-le-pre-60-reprise-physique-avant-un-match-amical-contre-oyonnax\/#primaryimage"},"thumbnailUrl":"https:\/\/dicodusport.fr\/blog\/wp-content\/uploads\/2019\/03\/Igor-Serrafino-FCG.png","datePublished":"2019-03-11T15:59:39+00:00","dateModified":"2019-03-11T16:15:51+00:00","description":"Igor Serrafino, 3\u00e8me ligne aile du FCG espoirs, s'est pr\u00eat\u00e9 au jeu de l'interview et revient sur la reprise de l'entra\u00eenement.","breadcrumb":{"@id":"https:\/\/dicodusport.fr\/blog\/l-avenir-grenoblois-est-dans-le-pre-60-reprise-physique-avant-un-match-amical-contre-oyonnax\/#breadcrumb"},"inLanguage":"fr-FR","potentialAction":[{"@type":"ReadAction","target":["https:\/\/dicodusport.fr\/blog\/l-avenir-grenoblois-est-dans-le-pre-60-reprise-physique-avant-un-match-amical-contre-oyonnax\/"]}]},{"@type":"ImageObject","inLanguage":"fr-FR","@id":"https:\/\/dicodusport.fr\/blog\/l-avenir-grenoblois-est-dans-le-pre-60-reprise-physique-avant-un-match-amical-contre-oyonnax\/#primaryimage","url":"https:\/\/dicodusport.fr\/blog\/wp-content\/uploads\/2019\/03\/Igor-Serrafino-FCG.png","contentUrl":"https:\/\/dicodusport.fr\/blog\/wp-content\/uploads\/2019\/03\/Igor-Serrafino-FCG.png","width":800,"height":445},{"@type":"BreadcrumbList","@id":"https:\/\/dicodusport.fr\/blog\/l-avenir-grenoblois-est-dans-le-pre-60-reprise-physique-avant-un-match-amical-contre-oyonnax\/#breadcrumb","itemListElement":[{"@type":"ListItem","position":1,"name":"Accueil","item":"https:\/\/dicodusport.fr\/blog\/"},{"@type":"ListItem","position":2,"name":"L&rsquo;avenir grenoblois est dans le pr\u00e9 #60 : Reprise physique avant un match amical contre Oyonnax"}]},{"@type":"WebSite","@id":"https:\/\/dicodusport.fr\/blog\/#website","url":"https:\/\/dicodusport.fr\/blog\/","name":"Dicodusport","description":"L&#039;encyclop\u00e9die de l&#039;actualit\u00e9 sportive","publisher":{"@id":"https:\/\/dicodusport.fr\/blog\/#organization"},"potentialAction":[{"@type":"SearchAction","target":{"@type":"EntryPoint","urlTemplate":"https:\/\/dicodusport.fr\/blog\/?s={search_term_string}"},"query-input":{"@type":"PropertyValueSpecification","valueRequired":true,"valueName":"search_term_string"}}],"inLanguage":"fr-FR"},{"@type":"NewsMediaOrganization","@id":"https:\/\/dicodusport.fr\/blog\/#organization","name":"Dicodusport","url":"https:\/\/dicodusport.fr\/blog\/","logo":{"@type":"ImageObject","inLanguage":"fr-FR","@id":"https:\/\/dicodusport.fr\/blog\/#\/schema\/logo\/image\/","url":"https:\/\/dicodusport.fr\/blog\/wp-content\/uploads\/2020\/06\/cropped-LOGO-DICODUSPORT-2020-SANS-FOND-SANS-TEXTE.png","contentUrl":"https:\/\/dicodusport.fr\/blog\/wp-content\/uploads\/2020\/06\/cropped-LOGO-DICODUSPORT-2020-SANS-FOND-SANS-TEXTE.png","width":512,"height":512,"caption":"Dicodusport"},"image":{"@id":"https:\/\/dicodusport.fr\/blog\/#\/schema\/logo\/image\/"},"sameAs":["https:\/\/www.facebook.com\/dicodusport","https:\/\/x.com\/dicodusport","https:\/\/www.instagram.com\/dicodusport\/","https:\/\/www.youtube.com\/channel\/UC7V2KZ5sd3htJivAbA4ZG3w"],"description":"Dicodusport est l'encyclop\u00e9die de l'actualit\u00e9 sportive.","email":"bonjour@dicodusport.fr","legalName":"DICODUSPORT","foundingDate":"2018-01-14","vatID":"FR71834470973","taxID":"83447097300043","numberOfEmployees":{"@type":"QuantitativeValue","minValue":"1","maxValue":"10"}},{"@type":"Person","@id":"https:\/\/dicodusport.fr\/blog\/#\/schema\/person\/55dcb50ad410894e431ed812bbb70191","name":"Nicolas Jacquemard","image":{"@type":"ImageObject","inLanguage":"fr-FR","@id":"https:\/\/dicodusport.fr\/blog\/#\/schema\/person\/image\/","url":"https:\/\/dicodusport.fr\/blog\/wp-content\/uploads\/2021\/05\/Nicolas-Jacquemard-150x150.jpeg","contentUrl":"https:\/\/dicodusport.fr\/blog\/wp-content\/uploads\/2021\/05\/Nicolas-Jacquemard-150x150.jpeg","caption":"Nicolas Jacquemard"},"description":"Passionn\u00e9 de sport et entrepreneur depuis mes 18 ans, la cr\u00e9ation de Dicodusport m'a sembl\u00e9 \u00e9vidente pour participer \u00e0 la m\u00e9diatisation d'un plus grand nombre de sports. Le chemin est long mais avec une \u00e9quipe des plus motiv\u00e9es et les Jeux Olympiques de Paris 2024 en point de mire, nous y arriverons ! Journaliste dans le monde du sport depuis plus de 5 ans, je traite aussi bien de football, de rugby, de biathlon que de cyclisme.","sameAs":["https:\/\/www.facebook.com\/dicodusport","https:\/\/x.com\/https:\/\/twitter.com\/Nico_Jacquemard"],"url":"https:\/\/dicodusport.fr\/blog\/author\/dicodusport\/"}]}},"_links":{"self":[{"href":"https:\/\/dicodusport.fr\/blog\/wp-json\/wp\/v2\/posts\/35119","targetHints":{"allow":["GET"]}}],"collection":[{"href":"https:\/\/dicodusport.fr\/blog\/wp-json\/wp\/v2\/posts"}],"about":[{"href":"https:\/\/dicodusport.fr\/blog\/wp-json\/wp\/v2\/types\/post"}],"author":[{"embeddable":true,"href":"https:\/\/dicodusport.fr\/blog\/wp-json\/wp\/v2\/users\/1"}],"replies":[{"embeddable":true,"href":"https:\/\/dicodusport.fr\/blog\/wp-json\/wp\/v2\/comments?post=35119"}],"version-history":[{"count":0,"href":"https:\/\/dicodusport.fr\/blog\/wp-json\/wp\/v2\/posts\/35119\/revisions"}],"wp:featuredmedia":[{"embeddable":true,"href":"https:\/\/dicodusport.fr\/blog\/wp-json\/wp\/v2\/media\/35120"}],"wp:attachment":[{"href":"https:\/\/dicodusport.fr\/blog\/wp-json\/wp\/v2\/media?parent=35119"}],"wp:term":[{"taxonomy":"category","embeddable":true,"href":"https:\/\/dicodusport.fr\/blog\/wp-json\/wp\/v2\/categories?post=35119"},{"taxonomy":"post_tag","embeddable":true,"href":"https:\/\/dicodusport.fr\/blog\/wp-json\/wp\/v2\/tags?post=35119"}],"curies":[{"name":"wp","href":"https:\/\/api.w.org\/{rel}","templated":true}]}}