{"id":351314,"date":"2023-02-02T20:02:02","date_gmt":"2023-02-02T19:02:02","guid":{"rendered":"https:\/\/dicodusport.fr\/blog\/?p=351314&#038;preview=true&#038;preview_id=351314"},"modified":"2023-02-02T22:52:47","modified_gmt":"2023-02-02T21:52:47","slug":"xv-de-france-gabin-villiere-sest-fracture-le-perone-et-manquera-le-tournoi","status":"publish","type":"post","link":"https:\/\/dicodusport.fr\/blog\/xv-de-france-gabin-villiere-sest-fracture-le-perone-et-manquera-le-tournoi\/","title":{"rendered":"XV de France : Gabin Villi\u00e8re s&rsquo;est fractur\u00e9 le p\u00e9ron\u00e9, et manquera le Tournoi"},"content":{"rendered":"<p style=\"text-align: justify;\" align=\"justify\"><em><b><a href=\"https:\/\/dicodusport.fr\/blog\/actualites\/rugby\/rugby-a-xv\/xv-de-france\/\">XV DE FRANCE<\/a> &#8211; Selon nos confr\u00e8res de L&rsquo;\u00c9quipe, l&rsquo;ailier toulonnais Gabin Villi\u00e8re souffre finalement d&rsquo;une fracture du p\u00e9ron\u00e9, ce qui va le mettre sur la touche pendant toute la dur\u00e9e du prochain Tournoi des 6 Nations.<\/b><\/em><\/p>\n<p style=\"text-align: justify;\" align=\"justify\">Le sort s&rsquo;acharne sur <strong>Gabin Villi\u00e8re<\/strong>. \u00c0 peine remis des nombreuses blessures qui ont \u00e9maill\u00e9 ses derniers mois, le Toulonnais a particip\u00e9 \u00e0 la pr\u00e9paration du match face \u00e0 l&rsquo;Italie dimanche (16h00). Mais hier, <a href=\"https:\/\/dicodusport.fr\/blog\/xv-de-france-gabin-villiere-forfait-face-a-litalie\/\">il a quitt\u00e9 le rassemblement<\/a> et d\u00e9clar\u00e9 forfait \u00e0 cause d&rsquo;une blessure \u00e0 la cheville. Cependant, les examens pratiqu\u00e9s ont r\u00e9v\u00e9l\u00e9 une fracture du p\u00e9ron\u00e9 gauche.<\/p>\n<blockquote class=\"twitter-tweet\">\n<p dir=\"ltr\" lang=\"fr\">L&rsquo;ailier international Gabin Villi\u00e8re, bless\u00e9 mercredi lors de l&rsquo;entra\u00eenement des Bleus, se plaint d&rsquo;une fracture du p\u00e9ron\u00e9 gauche. Il ne disputera pas le Tournoi des Six Nations &gt; <a href=\"https:\/\/t.co\/1247fOZt6u\">https:\/\/t.co\/1247fOZt6u<\/a> <a href=\"https:\/\/t.co\/Vkw29vFPz9\">pic.twitter.com\/Vkw29vFPz9<\/a><\/p>\n<p>\u2014 L&rsquo;\u00c9QUIPE (@lequipe) <a href=\"https:\/\/twitter.com\/lequipe\/status\/1621220904092016640?ref_src=twsrc%5Etfw\">February 2, 2023<\/a><\/p><\/blockquote>\n<p style=\"text-align: justify;\"><script async src=\"https:\/\/platform.twitter.com\/widgets.js\" charset=\"utf-8\"><\/script><\/p>\n<p style=\"text-align: justify;\" align=\"justify\"><strong>Gabin Villi\u00e8re<\/strong> est donc de facto forfait pour l&rsquo;enti\u00e8ret\u00e9 du Tournoi des 6 Nations. Un coup dur de plus pour lui, qui encha\u00eene les blessures depuis neuf mois. L&rsquo;opportunit\u00e9 est belle pour <strong>Ethan Dumortier<\/strong>, qui pourrait \u00eatre titulaire \u00e0 l&rsquo;aile dimanche, de prendre la place du Toulonnais, qui devrait subir une nouvelle op\u00e9ration dans les prochains jours. La composition du XV de France sera r\u00e9v\u00e9l\u00e9e demain.<\/p>\n","protected":false},"excerpt":{"rendered":"<p>XV DE FRANCE &#8211; Selon nos confr\u00e8res de L&rsquo;\u00c9quipe, l&rsquo;ailier toulonnais Gabin Villi\u00e8re souffre finalement d&rsquo;une fracture du p\u00e9ron\u00e9, ce qui va le mettre sur la touche pendant toute la dur\u00e9e du prochain Tournoi des 6 Nations.<\/p>\n","protected":false},"author":59,"featured_media":351315,"comment_status":"open","ping_status":"closed","sticky":false,"template":"","format":"standard","meta":{"_acf_changed":false,"_daextam_enable_autolinks":"","footnotes":""},"categories":[9129,47048,19951],"tags":[3085,7679,1638],"class_list":["post-351314","post","type-post","status-publish","format-standard","has-post-thumbnail","hentry","category-rugby-a-xv","category-tournoi-des-6-nations","category-xv-de-france","tag-6-nations","tag-gabin-villiere","tag-xv-de-france"],"acf":[],"yoast_head":"<!-- This site is optimized with the Yoast SEO Premium plugin v26.7 (Yoast SEO v26.7) - https:\/\/yoast.com\/wordpress\/plugins\/seo\/ -->\n<title>XV de France : Gabin Villi\u00e8re s&#039;est fractur\u00e9 le p\u00e9ron\u00e9, et manquera le Tournoi<\/title>\n<meta name=\"description\" content=\"XV DE FRANCE - Gabin Villi\u00e8re souffre finalement d&#039;une fracture du p\u00e9ron\u00e9, ce qui va le mettre sur la touche pendant le Tournoi des 6 Nations.\" \/>\n<meta name=\"robots\" content=\"index, follow, max-snippet:-1, max-image-preview:large, max-video-preview:-1\" \/>\n<link rel=\"canonical\" href=\"https:\/\/dicodusport.fr\/blog\/xv-de-france-gabin-villiere-sest-fracture-le-perone-et-manquera-le-tournoi\/\" \/>\n<meta property=\"og:locale\" content=\"fr_FR\" \/>\n<meta property=\"og:type\" content=\"article\" \/>\n<meta property=\"og:title\" content=\"XV de France : Gabin Villi\u00e8re s&#039;est fractur\u00e9 le p\u00e9ron\u00e9, et manquera le Tournoi\" \/>\n<meta property=\"og:description\" content=\"XV DE FRANCE - Gabin Villi\u00e8re souffre finalement d&#039;une fracture du p\u00e9ron\u00e9, ce qui va le mettre sur la touche pendant le Tournoi des 6 Nations.\" \/>\n<meta property=\"og:url\" content=\"https:\/\/dicodusport.fr\/blog\/xv-de-france-gabin-villiere-sest-fracture-le-perone-et-manquera-le-tournoi\/\" \/>\n<meta property=\"og:site_name\" content=\"Dicodusport\" \/>\n<meta property=\"article:publisher\" content=\"https:\/\/www.facebook.com\/dicodusport\" \/>\n<meta property=\"article:author\" content=\"https:\/\/www.facebook.com\/sebastien.gente\/\" \/>\n<meta property=\"article:published_time\" content=\"2023-02-02T19:02:02+00:00\" \/>\n<meta property=\"article:modified_time\" content=\"2023-02-02T21:52:47+00:00\" \/>\n<meta property=\"og:image\" content=\"https:\/\/dicodusport.fr\/blog\/wp-content\/uploads\/2023\/02\/XV-de-France-Gabin-Villiere-sest-fracture-le-perone-et-manquera-le-Tournoi.png\" \/>\n\t<meta property=\"og:image:width\" content=\"800\" \/>\n\t<meta property=\"og:image:height\" content=\"445\" \/>\n\t<meta property=\"og:image:type\" content=\"image\/png\" \/>\n<meta name=\"author\" content=\"S\u00e9bastien Gente\" \/>\n<meta name=\"twitter:card\" content=\"summary_large_image\" \/>\n<meta name=\"twitter:title\" content=\"XV de France : Gabin Villi\u00e8re s&#039;est fractur\u00e9 le p\u00e9ron\u00e9, et manquera le Tournoi\" \/>\n<meta name=\"twitter:creator\" content=\"@https:\/\/twitter.com\/globulo24\" \/>\n<meta name=\"twitter:site\" content=\"@dicodusport\" \/>\n<script type=\"application\/ld+json\" class=\"yoast-schema-graph\">{\"@context\":\"https:\/\/schema.org\",\"@graph\":[{\"@type\":\"NewsArticle\",\"@id\":\"https:\/\/dicodusport.fr\/blog\/xv-de-france-gabin-villiere-sest-fracture-le-perone-et-manquera-le-tournoi\/#article\",\"isPartOf\":{\"@id\":\"https:\/\/dicodusport.fr\/blog\/xv-de-france-gabin-villiere-sest-fracture-le-perone-et-manquera-le-tournoi\/\"},\"author\":{\"name\":\"S\u00e9bastien Gente\",\"@id\":\"https:\/\/dicodusport.fr\/blog\/#\/schema\/person\/627966a6cde45dbd8c5e36ac85d783da\"},\"headline\":\"XV de France : Gabin Villi\u00e8re s&rsquo;est fractur\u00e9 le p\u00e9ron\u00e9, et manquera le Tournoi\",\"datePublished\":\"2023-02-02T19:02:02+00:00\",\"dateModified\":\"2023-02-02T21:52:47+00:00\",\"mainEntityOfPage\":{\"@id\":\"https:\/\/dicodusport.fr\/blog\/xv-de-france-gabin-villiere-sest-fracture-le-perone-et-manquera-le-tournoi\/\"},\"wordCount\":246,\"commentCount\":0,\"publisher\":{\"@id\":\"https:\/\/dicodusport.fr\/blog\/#organization\"},\"image\":{\"@id\":\"https:\/\/dicodusport.fr\/blog\/xv-de-france-gabin-villiere-sest-fracture-le-perone-et-manquera-le-tournoi\/#primaryimage\"},\"thumbnailUrl\":\"https:\/\/dicodusport.fr\/blog\/wp-content\/uploads\/2023\/02\/XV-de-France-Gabin-Villiere-sest-fracture-le-perone-et-manquera-le-Tournoi.png\",\"keywords\":[\"6 nations\",\"Gabin Villi\u00e8re\",\"XV de France\"],\"articleSection\":[\"Rugby \u00e0 XV\",\"Tournoi des 6 Nations\",\"XV de France\"],\"inLanguage\":\"fr-FR\",\"potentialAction\":[{\"@type\":\"CommentAction\",\"name\":\"Comment\",\"target\":[\"https:\/\/dicodusport.fr\/blog\/xv-de-france-gabin-villiere-sest-fracture-le-perone-et-manquera-le-tournoi\/#respond\"]}],\"copyrightYear\":\"2023\",\"copyrightHolder\":{\"@id\":\"https:\/\/dicodusport.fr\/blog\/#organization\"}},{\"@type\":\"WebPage\",\"@id\":\"https:\/\/dicodusport.fr\/blog\/xv-de-france-gabin-villiere-sest-fracture-le-perone-et-manquera-le-tournoi\/\",\"url\":\"https:\/\/dicodusport.fr\/blog\/xv-de-france-gabin-villiere-sest-fracture-le-perone-et-manquera-le-tournoi\/\",\"name\":\"XV de France : Gabin Villi\u00e8re s'est fractur\u00e9 le p\u00e9ron\u00e9, et manquera le Tournoi\",\"isPartOf\":{\"@id\":\"https:\/\/dicodusport.fr\/blog\/#website\"},\"primaryImageOfPage\":{\"@id\":\"https:\/\/dicodusport.fr\/blog\/xv-de-france-gabin-villiere-sest-fracture-le-perone-et-manquera-le-tournoi\/#primaryimage\"},\"image\":{\"@id\":\"https:\/\/dicodusport.fr\/blog\/xv-de-france-gabin-villiere-sest-fracture-le-perone-et-manquera-le-tournoi\/#primaryimage\"},\"thumbnailUrl\":\"https:\/\/dicodusport.fr\/blog\/wp-content\/uploads\/2023\/02\/XV-de-France-Gabin-Villiere-sest-fracture-le-perone-et-manquera-le-Tournoi.png\",\"datePublished\":\"2023-02-02T19:02:02+00:00\",\"dateModified\":\"2023-02-02T21:52:47+00:00\",\"description\":\"XV DE FRANCE - Gabin Villi\u00e8re souffre finalement d'une fracture du p\u00e9ron\u00e9, ce qui va le mettre sur la touche pendant le Tournoi des 6 Nations.\",\"breadcrumb\":{\"@id\":\"https:\/\/dicodusport.fr\/blog\/xv-de-france-gabin-villiere-sest-fracture-le-perone-et-manquera-le-tournoi\/#breadcrumb\"},\"inLanguage\":\"fr-FR\",\"potentialAction\":[{\"@type\":\"ReadAction\",\"target\":[\"https:\/\/dicodusport.fr\/blog\/xv-de-france-gabin-villiere-sest-fracture-le-perone-et-manquera-le-tournoi\/\"]}]},{\"@type\":\"ImageObject\",\"inLanguage\":\"fr-FR\",\"@id\":\"https:\/\/dicodusport.fr\/blog\/xv-de-france-gabin-villiere-sest-fracture-le-perone-et-manquera-le-tournoi\/#primaryimage\",\"url\":\"https:\/\/dicodusport.fr\/blog\/wp-content\/uploads\/2023\/02\/XV-de-France-Gabin-Villiere-sest-fracture-le-perone-et-manquera-le-Tournoi.png\",\"contentUrl\":\"https:\/\/dicodusport.fr\/blog\/wp-content\/uploads\/2023\/02\/XV-de-France-Gabin-Villiere-sest-fracture-le-perone-et-manquera-le-Tournoi.png\",\"width\":800,\"height\":445,\"caption\":\"XV de France Gabin Villi\u00e8re s'est fractur\u00e9 le p\u00e9ron\u00e9, et manquera le Tournoi\"},{\"@type\":\"BreadcrumbList\",\"@id\":\"https:\/\/dicodusport.fr\/blog\/xv-de-france-gabin-villiere-sest-fracture-le-perone-et-manquera-le-tournoi\/#breadcrumb\",\"itemListElement\":[{\"@type\":\"ListItem\",\"position\":1,\"name\":\"Accueil\",\"item\":\"https:\/\/dicodusport.fr\/blog\/\"},{\"@type\":\"ListItem\",\"position\":2,\"name\":\"XV de France : Gabin Villi\u00e8re s&rsquo;est fractur\u00e9 le p\u00e9ron\u00e9, et manquera le Tournoi\"}]},{\"@type\":\"WebSite\",\"@id\":\"https:\/\/dicodusport.fr\/blog\/#website\",\"url\":\"https:\/\/dicodusport.fr\/blog\/\",\"name\":\"Dicodusport\",\"description\":\"L&#039;encyclop\u00e9die de l&#039;actualit\u00e9 sportive\",\"publisher\":{\"@id\":\"https:\/\/dicodusport.fr\/blog\/#organization\"},\"potentialAction\":[{\"@type\":\"SearchAction\",\"target\":{\"@type\":\"EntryPoint\",\"urlTemplate\":\"https:\/\/dicodusport.fr\/blog\/?s={search_term_string}\"},\"query-input\":{\"@type\":\"PropertyValueSpecification\",\"valueRequired\":true,\"valueName\":\"search_term_string\"}}],\"inLanguage\":\"fr-FR\"},{\"@type\":\"NewsMediaOrganization\",\"@id\":\"https:\/\/dicodusport.fr\/blog\/#organization\",\"name\":\"Dicodusport\",\"url\":\"https:\/\/dicodusport.fr\/blog\/\",\"logo\":{\"@type\":\"ImageObject\",\"inLanguage\":\"fr-FR\",\"@id\":\"https:\/\/dicodusport.fr\/blog\/#\/schema\/logo\/image\/\",\"url\":\"https:\/\/dicodusport.fr\/blog\/wp-content\/uploads\/2020\/06\/cropped-LOGO-DICODUSPORT-2020-SANS-FOND-SANS-TEXTE.png\",\"contentUrl\":\"https:\/\/dicodusport.fr\/blog\/wp-content\/uploads\/2020\/06\/cropped-LOGO-DICODUSPORT-2020-SANS-FOND-SANS-TEXTE.png\",\"width\":512,\"height\":512,\"caption\":\"Dicodusport\"},\"image\":{\"@id\":\"https:\/\/dicodusport.fr\/blog\/#\/schema\/logo\/image\/\"},\"sameAs\":[\"https:\/\/www.facebook.com\/dicodusport\",\"https:\/\/x.com\/dicodusport\",\"https:\/\/www.instagram.com\/dicodusport\/\",\"https:\/\/www.youtube.com\/channel\/UC7V2KZ5sd3htJivAbA4ZG3w\"],\"description\":\"Dicodusport est l'encyclop\u00e9die de l'actualit\u00e9 sportive.\",\"email\":\"bonjour@dicodusport.fr\",\"legalName\":\"DICODUSPORT\",\"foundingDate\":\"2018-01-14\",\"vatID\":\"FR71834470973\",\"taxID\":\"83447097300043\",\"numberOfEmployees\":{\"@type\":\"QuantitativeValue\",\"minValue\":\"1\",\"maxValue\":\"10\"}},{\"@type\":\"Person\",\"@id\":\"https:\/\/dicodusport.fr\/blog\/#\/schema\/person\/627966a6cde45dbd8c5e36ac85d783da\",\"name\":\"S\u00e9bastien Gente\",\"image\":{\"@type\":\"ImageObject\",\"inLanguage\":\"fr-FR\",\"@id\":\"https:\/\/dicodusport.fr\/blog\/#\/schema\/person\/image\/\",\"url\":\"https:\/\/dicodusport.fr\/blog\/wp-content\/uploads\/2021\/09\/1510990_10205810251400683_4124423575079401707_n-150x150.jpg\",\"contentUrl\":\"https:\/\/dicodusport.fr\/blog\/wp-content\/uploads\/2021\/09\/1510990_10205810251400683_4124423575079401707_n-150x150.jpg\",\"caption\":\"S\u00e9bastien Gente\"},\"description\":\"John Stockton, Gianni Bugno, Zinedine Zidane, Steffi Graf, Frode Andresen, St\u00e9phane Stoecklin, Davis Kamoga, Primoz Peterka, Werner Schlager et Aur\u00e9lien Rougerie. Point commun entre ces sportifs? Ils m'ont fait r\u00eaver et ont berc\u00e9 mon adolescence. Je suis un fondu de sports et j'essaie de retranscrire ma passion \u00e0 travers mes articles. Originaire du P\u00e9rigord, ma passion pour les Girondins, les Jaunards et les Jazzmen transpire dans mes \u00e9crits. \u00c0 Dicodusport depuis 2021, je d\u00e9niche les sports m\u00e9connus dans lesquels la France brille, et il y en a !\",\"sameAs\":[\"https:\/\/www.facebook.com\/sebastien.gente\/\",\"https:\/\/www.instagram.com\/sebgente\/\",\"https:\/\/www.linkedin.com\/in\/sbastien-gente-a29583169\/\",\"https:\/\/x.com\/https:\/\/twitter.com\/globulo24\",\"SebastienGente\"],\"worksFor\":\"S\u00e9bastien GENTE\",\"url\":\"https:\/\/dicodusport.fr\/blog\/author\/sebastiengente\/\"}]}<\/script>\n<!-- \/ Yoast SEO Premium plugin. -->","yoast_head_json":{"title":"XV de France : Gabin Villi\u00e8re s'est fractur\u00e9 le p\u00e9ron\u00e9, et manquera le Tournoi","description":"XV DE FRANCE - Gabin Villi\u00e8re souffre finalement d'une fracture du p\u00e9ron\u00e9, ce qui va le mettre sur la touche pendant le Tournoi des 6 Nations.","robots":{"index":"index","follow":"follow","max-snippet":"max-snippet:-1","max-image-preview":"max-image-preview:large","max-video-preview":"max-video-preview:-1"},"canonical":"https:\/\/dicodusport.fr\/blog\/xv-de-france-gabin-villiere-sest-fracture-le-perone-et-manquera-le-tournoi\/","og_locale":"fr_FR","og_type":"article","og_title":"XV de France : Gabin Villi\u00e8re s'est fractur\u00e9 le p\u00e9ron\u00e9, et manquera le Tournoi","og_description":"XV DE FRANCE - Gabin Villi\u00e8re souffre finalement d'une fracture du p\u00e9ron\u00e9, ce qui va le mettre sur la touche pendant le Tournoi des 6 Nations.","og_url":"https:\/\/dicodusport.fr\/blog\/xv-de-france-gabin-villiere-sest-fracture-le-perone-et-manquera-le-tournoi\/","og_site_name":"Dicodusport","article_publisher":"https:\/\/www.facebook.com\/dicodusport","article_author":"https:\/\/www.facebook.com\/sebastien.gente\/","article_published_time":"2023-02-02T19:02:02+00:00","article_modified_time":"2023-02-02T21:52:47+00:00","og_image":[{"width":800,"height":445,"url":"https:\/\/dicodusport.fr\/blog\/wp-content\/uploads\/2023\/02\/XV-de-France-Gabin-Villiere-sest-fracture-le-perone-et-manquera-le-Tournoi.png","type":"image\/png"}],"author":"S\u00e9bastien Gente","twitter_card":"summary_large_image","twitter_title":"XV de France : Gabin Villi\u00e8re s'est fractur\u00e9 le p\u00e9ron\u00e9, et manquera le Tournoi","twitter_creator":"@https:\/\/twitter.com\/globulo24","twitter_site":"@dicodusport","schema":{"@context":"https:\/\/schema.org","@graph":[{"@type":"NewsArticle","@id":"https:\/\/dicodusport.fr\/blog\/xv-de-france-gabin-villiere-sest-fracture-le-perone-et-manquera-le-tournoi\/#article","isPartOf":{"@id":"https:\/\/dicodusport.fr\/blog\/xv-de-france-gabin-villiere-sest-fracture-le-perone-et-manquera-le-tournoi\/"},"author":{"name":"S\u00e9bastien Gente","@id":"https:\/\/dicodusport.fr\/blog\/#\/schema\/person\/627966a6cde45dbd8c5e36ac85d783da"},"headline":"XV de France : Gabin Villi\u00e8re s&rsquo;est fractur\u00e9 le p\u00e9ron\u00e9, et manquera le Tournoi","datePublished":"2023-02-02T19:02:02+00:00","dateModified":"2023-02-02T21:52:47+00:00","mainEntityOfPage":{"@id":"https:\/\/dicodusport.fr\/blog\/xv-de-france-gabin-villiere-sest-fracture-le-perone-et-manquera-le-tournoi\/"},"wordCount":246,"commentCount":0,"publisher":{"@id":"https:\/\/dicodusport.fr\/blog\/#organization"},"image":{"@id":"https:\/\/dicodusport.fr\/blog\/xv-de-france-gabin-villiere-sest-fracture-le-perone-et-manquera-le-tournoi\/#primaryimage"},"thumbnailUrl":"https:\/\/dicodusport.fr\/blog\/wp-content\/uploads\/2023\/02\/XV-de-France-Gabin-Villiere-sest-fracture-le-perone-et-manquera-le-Tournoi.png","keywords":["6 nations","Gabin Villi\u00e8re","XV de France"],"articleSection":["Rugby \u00e0 XV","Tournoi des 6 Nations","XV de France"],"inLanguage":"fr-FR","potentialAction":[{"@type":"CommentAction","name":"Comment","target":["https:\/\/dicodusport.fr\/blog\/xv-de-france-gabin-villiere-sest-fracture-le-perone-et-manquera-le-tournoi\/#respond"]}],"copyrightYear":"2023","copyrightHolder":{"@id":"https:\/\/dicodusport.fr\/blog\/#organization"}},{"@type":"WebPage","@id":"https:\/\/dicodusport.fr\/blog\/xv-de-france-gabin-villiere-sest-fracture-le-perone-et-manquera-le-tournoi\/","url":"https:\/\/dicodusport.fr\/blog\/xv-de-france-gabin-villiere-sest-fracture-le-perone-et-manquera-le-tournoi\/","name":"XV de France : Gabin Villi\u00e8re s'est fractur\u00e9 le p\u00e9ron\u00e9, et manquera le Tournoi","isPartOf":{"@id":"https:\/\/dicodusport.fr\/blog\/#website"},"primaryImageOfPage":{"@id":"https:\/\/dicodusport.fr\/blog\/xv-de-france-gabin-villiere-sest-fracture-le-perone-et-manquera-le-tournoi\/#primaryimage"},"image":{"@id":"https:\/\/dicodusport.fr\/blog\/xv-de-france-gabin-villiere-sest-fracture-le-perone-et-manquera-le-tournoi\/#primaryimage"},"thumbnailUrl":"https:\/\/dicodusport.fr\/blog\/wp-content\/uploads\/2023\/02\/XV-de-France-Gabin-Villiere-sest-fracture-le-perone-et-manquera-le-Tournoi.png","datePublished":"2023-02-02T19:02:02+00:00","dateModified":"2023-02-02T21:52:47+00:00","description":"XV DE FRANCE - Gabin Villi\u00e8re souffre finalement d'une fracture du p\u00e9ron\u00e9, ce qui va le mettre sur la touche pendant le Tournoi des 6 Nations.","breadcrumb":{"@id":"https:\/\/dicodusport.fr\/blog\/xv-de-france-gabin-villiere-sest-fracture-le-perone-et-manquera-le-tournoi\/#breadcrumb"},"inLanguage":"fr-FR","potentialAction":[{"@type":"ReadAction","target":["https:\/\/dicodusport.fr\/blog\/xv-de-france-gabin-villiere-sest-fracture-le-perone-et-manquera-le-tournoi\/"]}]},{"@type":"ImageObject","inLanguage":"fr-FR","@id":"https:\/\/dicodusport.fr\/blog\/xv-de-france-gabin-villiere-sest-fracture-le-perone-et-manquera-le-tournoi\/#primaryimage","url":"https:\/\/dicodusport.fr\/blog\/wp-content\/uploads\/2023\/02\/XV-de-France-Gabin-Villiere-sest-fracture-le-perone-et-manquera-le-Tournoi.png","contentUrl":"https:\/\/dicodusport.fr\/blog\/wp-content\/uploads\/2023\/02\/XV-de-France-Gabin-Villiere-sest-fracture-le-perone-et-manquera-le-Tournoi.png","width":800,"height":445,"caption":"XV de France Gabin Villi\u00e8re s'est fractur\u00e9 le p\u00e9ron\u00e9, et manquera le Tournoi"},{"@type":"BreadcrumbList","@id":"https:\/\/dicodusport.fr\/blog\/xv-de-france-gabin-villiere-sest-fracture-le-perone-et-manquera-le-tournoi\/#breadcrumb","itemListElement":[{"@type":"ListItem","position":1,"name":"Accueil","item":"https:\/\/dicodusport.fr\/blog\/"},{"@type":"ListItem","position":2,"name":"XV de France : Gabin Villi\u00e8re s&rsquo;est fractur\u00e9 le p\u00e9ron\u00e9, et manquera le Tournoi"}]},{"@type":"WebSite","@id":"https:\/\/dicodusport.fr\/blog\/#website","url":"https:\/\/dicodusport.fr\/blog\/","name":"Dicodusport","description":"L&#039;encyclop\u00e9die de l&#039;actualit\u00e9 sportive","publisher":{"@id":"https:\/\/dicodusport.fr\/blog\/#organization"},"potentialAction":[{"@type":"SearchAction","target":{"@type":"EntryPoint","urlTemplate":"https:\/\/dicodusport.fr\/blog\/?s={search_term_string}"},"query-input":{"@type":"PropertyValueSpecification","valueRequired":true,"valueName":"search_term_string"}}],"inLanguage":"fr-FR"},{"@type":"NewsMediaOrganization","@id":"https:\/\/dicodusport.fr\/blog\/#organization","name":"Dicodusport","url":"https:\/\/dicodusport.fr\/blog\/","logo":{"@type":"ImageObject","inLanguage":"fr-FR","@id":"https:\/\/dicodusport.fr\/blog\/#\/schema\/logo\/image\/","url":"https:\/\/dicodusport.fr\/blog\/wp-content\/uploads\/2020\/06\/cropped-LOGO-DICODUSPORT-2020-SANS-FOND-SANS-TEXTE.png","contentUrl":"https:\/\/dicodusport.fr\/blog\/wp-content\/uploads\/2020\/06\/cropped-LOGO-DICODUSPORT-2020-SANS-FOND-SANS-TEXTE.png","width":512,"height":512,"caption":"Dicodusport"},"image":{"@id":"https:\/\/dicodusport.fr\/blog\/#\/schema\/logo\/image\/"},"sameAs":["https:\/\/www.facebook.com\/dicodusport","https:\/\/x.com\/dicodusport","https:\/\/www.instagram.com\/dicodusport\/","https:\/\/www.youtube.com\/channel\/UC7V2KZ5sd3htJivAbA4ZG3w"],"description":"Dicodusport est l'encyclop\u00e9die de l'actualit\u00e9 sportive.","email":"bonjour@dicodusport.fr","legalName":"DICODUSPORT","foundingDate":"2018-01-14","vatID":"FR71834470973","taxID":"83447097300043","numberOfEmployees":{"@type":"QuantitativeValue","minValue":"1","maxValue":"10"}},{"@type":"Person","@id":"https:\/\/dicodusport.fr\/blog\/#\/schema\/person\/627966a6cde45dbd8c5e36ac85d783da","name":"S\u00e9bastien Gente","image":{"@type":"ImageObject","inLanguage":"fr-FR","@id":"https:\/\/dicodusport.fr\/blog\/#\/schema\/person\/image\/","url":"https:\/\/dicodusport.fr\/blog\/wp-content\/uploads\/2021\/09\/1510990_10205810251400683_4124423575079401707_n-150x150.jpg","contentUrl":"https:\/\/dicodusport.fr\/blog\/wp-content\/uploads\/2021\/09\/1510990_10205810251400683_4124423575079401707_n-150x150.jpg","caption":"S\u00e9bastien Gente"},"description":"John Stockton, Gianni Bugno, Zinedine Zidane, Steffi Graf, Frode Andresen, St\u00e9phane Stoecklin, Davis Kamoga, Primoz Peterka, Werner Schlager et Aur\u00e9lien Rougerie. Point commun entre ces sportifs? Ils m'ont fait r\u00eaver et ont berc\u00e9 mon adolescence. Je suis un fondu de sports et j'essaie de retranscrire ma passion \u00e0 travers mes articles. Originaire du P\u00e9rigord, ma passion pour les Girondins, les Jaunards et les Jazzmen transpire dans mes \u00e9crits. \u00c0 Dicodusport depuis 2021, je d\u00e9niche les sports m\u00e9connus dans lesquels la France brille, et il y en a !","sameAs":["https:\/\/www.facebook.com\/sebastien.gente\/","https:\/\/www.instagram.com\/sebgente\/","https:\/\/www.linkedin.com\/in\/sbastien-gente-a29583169\/","https:\/\/x.com\/https:\/\/twitter.com\/globulo24","SebastienGente"],"worksFor":"S\u00e9bastien GENTE","url":"https:\/\/dicodusport.fr\/blog\/author\/sebastiengente\/"}]}},"_links":{"self":[{"href":"https:\/\/dicodusport.fr\/blog\/wp-json\/wp\/v2\/posts\/351314","targetHints":{"allow":["GET"]}}],"collection":[{"href":"https:\/\/dicodusport.fr\/blog\/wp-json\/wp\/v2\/posts"}],"about":[{"href":"https:\/\/dicodusport.fr\/blog\/wp-json\/wp\/v2\/types\/post"}],"author":[{"embeddable":true,"href":"https:\/\/dicodusport.fr\/blog\/wp-json\/wp\/v2\/users\/59"}],"replies":[{"embeddable":true,"href":"https:\/\/dicodusport.fr\/blog\/wp-json\/wp\/v2\/comments?post=351314"}],"version-history":[{"count":0,"href":"https:\/\/dicodusport.fr\/blog\/wp-json\/wp\/v2\/posts\/351314\/revisions"}],"wp:featuredmedia":[{"embeddable":true,"href":"https:\/\/dicodusport.fr\/blog\/wp-json\/wp\/v2\/media\/351315"}],"wp:attachment":[{"href":"https:\/\/dicodusport.fr\/blog\/wp-json\/wp\/v2\/media?parent=351314"}],"wp:term":[{"taxonomy":"category","embeddable":true,"href":"https:\/\/dicodusport.fr\/blog\/wp-json\/wp\/v2\/categories?post=351314"},{"taxonomy":"post_tag","embeddable":true,"href":"https:\/\/dicodusport.fr\/blog\/wp-json\/wp\/v2\/tags?post=351314"}],"curies":[{"name":"wp","href":"https:\/\/api.w.org\/{rel}","templated":true}]}}