{"id":351368,"date":"2023-02-12T17:20:50","date_gmt":"2023-02-12T16:20:50","guid":{"rendered":"https:\/\/dicodusport.fr\/blog\/?p=351368&#038;preview=true&#038;preview_id=351368"},"modified":"2023-02-12T19:25:55","modified_gmt":"2023-02-12T18:25:55","slug":"athletisme-programme-et-resultats-championnats-de-france-espoirs-en-salle-2023","status":"publish","type":"post","link":"https:\/\/dicodusport.fr\/blog\/athletisme-programme-et-resultats-championnats-de-france-espoirs-en-salle-2023\/","title":{"rendered":"Athl\u00e9tisme : Programme et r\u00e9sultats Championnats de France espoirs en salle 2023"},"content":{"rendered":"<p style=\"text-align: justify;\"><em><b>Les Championnats de France espoirs d&rsquo;athl\u00e9tisme en salle ont lieu du 11 au 12 f\u00e9vrier \u00e0 Miramas. Voici le programme et les r\u00e9sultats de la comp\u00e9tition.<\/b><\/em><\/p>\n<h3>Retransmission<\/h3>\n<p style=\"text-align: justify;\">Les Championnats sont \u00e0 suivre en int\u00e9gralit\u00e9 sur <strong><a href=\"https:\/\/www.athletv.fr\/page\/60a7d02e009f40d764724509\" target=\"_blank\" rel=\"noopener\">Athl\u00e9 TV<\/a><\/strong>.<\/p>\n<p>&nbsp;<\/p>\n<p style=\"text-align: justify;\"><span style=\"font-size: 24px;\"><strong><a href=\"http:\/\/direct.athle.fr\/asp.net\/main.lives\/direct.aspx?competition=272852\" target=\"_blank\" rel=\"noopener\">Tous les r\u00e9sultats<\/a><br \/>\n<\/strong><\/span><\/p>\n<p>&nbsp;<\/p>\n<p style=\"text-align: justify;\"><div class=\"su-tabs su-tabs-style-default su-tabs-mobile-stack\" data-active=\"2\" data-scroll-offset=\"0\" data-anchor-in-url=\"no\"><div class=\"su-tabs-nav\"><span class=\"\" data-url=\"\" data-target=\"blank\" tabindex=\"0\" role=\"button\">Samedi 11 f\u00e9vrier<\/span><span class=\"\" data-url=\"\" data-target=\"blank\" tabindex=\"0\" role=\"button\">Dimanche 12 f\u00e9vrier<\/span><\/div><div class=\"su-tabs-panes\"><div class=\"su-tabs-pane su-u-clearfix su-u-trim\" data-title=\"Samedi 11 f\u00e9vrier\">\n<p><strong>12h25 :<\/strong> <a href=\"https:\/\/bases.athle.fr\/asp.net\/liste.aspx?frmbase=lives&amp;frmmode=1&amp;frmespace=0&amp;frmcompetition=272852&amp;frmepreuvem=Longueur+-+Salle+%2f+ESF&amp;frmtour=7&amp;frmserie=\"><strong>finale saut en longueur F<\/strong><\/a><br \/>\n<strong>13h05 : <\/strong><a href=\"http:\/\/direct.athle.fr\/asp.net\/main.lives\/directEpreuve.aspx?epreuve=18332\" target=\"_blank\" rel=\"noopener\">s\u00e9ries 60 m haies F<\/a><br \/>\n<strong>13h50 : <\/strong><a href=\"https:\/\/bases.athle.fr\/asp.net\/liste.aspx?frmbase=lives&amp;frmmode=1&amp;frmespace=0&amp;frmcompetition=272852&amp;frmepreuvem=800m+-+Salle+%2f+ESF&amp;frmtour=2&amp;frmserie=\">s\u00e9ries 800 m F<\/a><br \/>\n<strong>14h10 :<\/strong> <a href=\"https:\/\/bases.athle.fr\/asp.net\/liste.aspx?frmbase=lives&amp;frmmode=1&amp;frmespace=0&amp;frmcompetition=272852&amp;frmepreuvem=60m+Haies+(84)-salle+%2f+ESF&amp;frmtour=6&amp;frmserie=\">demi-finales 60 m haies F<\/a><br \/>\n<strong>14h55 : <a href=\"https:\/\/bases.athle.fr\/asp.net\/liste.aspx?frmbase=lives&amp;frmmode=1&amp;frmespace=0&amp;frmcompetition=272852&amp;frmepreuvem=60m+Haies+(84)-salle+%2f+ESF&amp;frmtour=7&amp;frmserie=\">finale 60 m haies F<\/a><\/strong><br \/>\n<strong>15h15 :<\/strong> <a href=\"https:\/\/bases.athle.fr\/asp.net\/liste.aspx?frmbase=lives&amp;frmmode=1&amp;frmespace=0&amp;frmcompetition=272852&amp;frmepreuvem=60m+-+Salle+%2f+ESM&amp;frmtour=2&amp;frmserie=\">s\u00e9ries 60 m H<\/a><br \/>\n<strong>16h : <\/strong><a href=\"https:\/\/bases.athle.fr\/asp.net\/liste.aspx?frmbase=lives&amp;frmmode=1&amp;frmespace=0&amp;frmcompetition=272852&amp;frmepreuvem=400m+-+Salle+%2f+ESM&amp;frmtour=2&amp;frmserie=\">s\u00e9ries 400 m H<\/a><br \/>\n<strong>16h25 :<\/strong> <a href=\"https:\/\/bases.athle.fr\/asp.net\/liste.aspx?frmbase=lives&amp;frmmode=1&amp;frmespace=0&amp;frmcompetition=272852&amp;frmepreuvem=60m+-+Salle+%2f+ESM&amp;frmtour=6&amp;frmserie=\">demi-finales 60 m H<\/a><br \/>\n<strong>16h30 : <a href=\"https:\/\/bases.athle.fr\/asp.net\/liste.aspx?frmbase=lives&amp;frmmode=1&amp;frmespace=0&amp;frmcompetition=272852&amp;frmepreuvem=Perche+-+Salle+%2f+ESF&amp;frmtour=7&amp;frmserie=\">finale saut \u00e0 la perche F<\/a><\/strong><br \/>\n<strong>16h40 :<\/strong> <a href=\"https:\/\/bases.athle.fr\/asp.net\/liste.aspx?frmbase=lives&amp;frmmode=1&amp;frmespace=0&amp;frmcompetition=272852&amp;frmepreuvem=Hauteur+-+Salle+%2f+ESM&amp;frmtour=7&amp;frmserie=\"><strong>finale saut en hauteur H<\/strong><\/a><br \/>\n<strong>17h10 : <a href=\"https:\/\/bases.athle.fr\/asp.net\/liste.aspx?frmbase=lives&amp;frmmode=1&amp;frmespace=0&amp;frmcompetition=272852&amp;frmepreuvem=60m+-+Salle+%2f+ESM&amp;frmtour=7&amp;frmserie=\">finale 60 m H<\/a><\/strong><br \/>\n<strong>17h30 :<\/strong> <a href=\"https:\/\/bases.athle.fr\/asp.net\/liste.aspx?frmbase=lives&amp;frmmode=1&amp;frmespace=0&amp;frmcompetition=272852&amp;frmepreuvem=200m+-+Salle+%2f+ESF&amp;frmtour=2&amp;frmserie=\">s\u00e9ries 200m F<\/a><br \/>\n<strong>18h10 :\u00a0<\/strong><a href=\"http:\/\/direct.athle.fr\/asp.net\/main.lives\/directEpreuve.aspx?epreuve=18345\">s\u00e9ries 800 m H<\/a><br \/>\n<strong>18h10 : <a href=\"https:\/\/bases.athle.fr\/asp.net\/liste.aspx?frmbase=lives&amp;frmmode=1&amp;frmespace=0&amp;frmcompetition=272852&amp;frmepreuvem=Triple+-+Salle+%2f+ESM&amp;frmtour=7&amp;frmserie=\">finale triple saut H<\/a><br \/>\n18h45 :<\/strong>\u00a0<a href=\"http:\/\/direct.athle.fr\/asp.net\/main.lives\/directEpreuve.aspx?epreuve=18311\">s\u00e9ries 400 m F<\/a><br \/>\n<strong>19h30 : <a href=\"https:\/\/bases.athle.fr\/asp.net\/liste.aspx?frmbase=lives&amp;frmmode=1&amp;frmespace=0&amp;frmcompetition=272852&amp;frmepreuvem=200m+-+Salle+%2f+ESF&amp;frmtour=7&amp;frmserie=\">finale 200 m F<\/a><\/strong><\/p>\n<p style=\"text-align: justify;\"><\/div>\n<div class=\"su-tabs-pane su-u-clearfix su-u-trim\" data-title=\"Dimanche 12 f\u00e9vrier\">\n<p><strong>10h10 : <a href=\"https:\/\/bases.athle.fr\/asp.net\/liste.aspx?frmbase=lives&amp;frmmode=1&amp;frmespace=0&amp;frmcompetition=272852&amp;frmepreuvem=Hauteur+-+Salle+%2f+ESF&amp;frmtour=7&amp;frmserie=\">finale saut en hauteur F<\/a><\/strong><br \/>\n<strong>10h50 : <\/strong><a href=\"https:\/\/bases.athle.fr\/asp.net\/liste.aspx?frmbase=lives&amp;frmmode=1&amp;frmespace=0&amp;frmcompetition=272852&amp;frmepreuvem=60m+Haies(106)-salle+%2f+ESM&amp;frmtour=2&amp;frmserie=\">s\u00e9ries 60 m haies H<\/a><br \/>\n<strong>11h25 : <a href=\"https:\/\/bases.athle.fr\/asp.net\/liste.aspx?frmbase=lives&amp;frmmode=1&amp;frmespace=0&amp;frmcompetition=272852&amp;frmepreuvem=Triple+-+Salle+%2f+ESF&amp;frmtour=7&amp;frmserie=\">finale triple saut F<\/a><br \/>\n<\/strong><strong>11h30 : <a href=\"https:\/\/bases.athle.fr\/asp.net\/liste.aspx?frmbase=lives&amp;frmmode=1&amp;frmespace=0&amp;frmcompetition=272852&amp;frmepreuvem=1+500m+-+Salle+%2f+ESF&amp;frmtour=7&amp;frmserie=\">finale 1500 m F<\/a><br \/>\n<\/strong><strong>11h40 : <\/strong><a href=\"https:\/\/bases.athle.fr\/asp.net\/liste.aspx?frmbase=lives&amp;frmmode=1&amp;frmespace=0&amp;frmcompetition=272852&amp;frmepreuvem=60m+Haies(106)-salle+%2f+ESM&amp;frmtour=6&amp;frmserie=\">demi-finales 60 m haies H<\/a><br \/>\n<strong>12h10 : <a href=\"https:\/\/bases.athle.fr\/asp.net\/liste.aspx?frmbase=lives&amp;frmmode=1&amp;frmespace=0&amp;frmcompetition=272852&amp;frmepreuvem=400m+-+Salle+%2f+ESF&amp;frmtour=7&amp;frmserie=\">finale 400 m F<\/a><br \/>\n12h35 :<\/strong>\u00a0<a href=\"https:\/\/bases.athle.fr\/asp.net\/liste.aspx?frmbase=lives&amp;frmmode=1&amp;frmespace=0&amp;frmcompetition=272852&amp;frmepreuvem=60m+Haies(106)-salle+%2f+ESM&amp;frmtour=7&amp;frmserie=\"><strong>finale 60 m haies H<\/strong><\/a><br \/>\n<strong>13h : <\/strong><a href=\"https:\/\/bases.athle.fr\/asp.net\/liste.aspx?frmbase=lives&amp;frmmode=1&amp;frmespace=0&amp;frmcompetition=272852&amp;frmepreuvem=60m+-+Salle+%2f+ESF&amp;frmtour=2&amp;frmserie=\">s\u00e9ries 60 m F<\/a><br \/>\n<strong>13h55 :<\/strong> <a href=\"https:\/\/bases.athle.fr\/asp.net\/liste.aspx?frmbase=lives&amp;frmmode=1&amp;frmespace=0&amp;frmcompetition=272852&amp;frmepreuvem=60m+-+Salle+%2f+ESF&amp;frmtour=6&amp;frmserie=\">demi-finales 60 m H<\/a><br \/>\n<strong>14h05 :<\/strong> <a href=\"https:\/\/bases.athle.fr\/asp.net\/liste.aspx?frmbase=lives&amp;frmmode=1&amp;frmespace=0&amp;frmcompetition=272852&amp;frmepreuvem=Perche+-+Salle+%2f+ESM&amp;frmtour=7&amp;frmserie=\"><strong>finale saut \u00e0 la perche H<\/strong><\/a><br \/>\n<strong>14h20 : <a href=\"https:\/\/bases.athle.fr\/asp.net\/liste.aspx?frmbase=lives&amp;frmmode=1&amp;frmespace=0&amp;frmcompetition=272852&amp;frmepreuvem=800m+-+Salle+%2f+ESM&amp;frmtour=7&amp;frmserie=\">finale 800 m H<\/a><\/strong><br \/>\n<strong>14h45 : <a href=\"https:\/\/bases.athle.fr\/asp.net\/liste.aspx?frmbase=lives&amp;frmmode=1&amp;frmespace=0&amp;frmcompetition=272852&amp;frmepreuvem=60m+-+Salle+%2f+ESF&amp;frmtour=7&amp;frmserie=\">finale 60 m F<\/a><\/strong><strong><br \/>\n15h05 : <\/strong><a href=\"https:\/\/bases.athle.fr\/asp.net\/liste.aspx?frmbase=lives&amp;frmmode=1&amp;frmespace=0&amp;frmcompetition=272852&amp;frmepreuvem=200m+-+Salle+%2f+ESM&amp;frmtour=2&amp;frmserie=\">s\u00e9ries 200 m H<\/a><br \/>\n<strong>15h20 : <a href=\"http:\/\/direct.athle.fr\/asp.net\/main.lives\/directEpreuve.aspx?epreuve=18355\">finale saut en longueur H<\/a><\/strong><br \/>\n<strong>15h45 : <a href=\"https:\/\/bases.athle.fr\/asp.net\/liste.aspx?frmbase=lives&amp;frmmode=1&amp;frmespace=0&amp;frmcompetition=272852&amp;frmepreuvem=800m+-+Salle+%2f+ESF&amp;frmtour=7&amp;frmserie=\">finale 800 m F<\/a><\/strong><br \/>\n<strong>16h05 :<\/strong> <a href=\"https:\/\/bases.athle.fr\/asp.net\/liste.aspx?frmbase=lives&amp;frmmode=1&amp;frmespace=0&amp;frmcompetition=272852&amp;frmepreuvem=400m+-+Salle+%2f+ESM&amp;frmtour=7&amp;frmserie=\"><strong>finale 400 m H<\/strong><\/a><br \/>\n<strong>16h25 :<\/strong> <a href=\"https:\/\/bases.athle.fr\/asp.net\/liste.aspx?frmbase=lives&amp;frmmode=1&amp;frmespace=0&amp;frmcompetition=272852&amp;frmepreuvem=1+500m+-+Salle+%2f+ESM&amp;frmtour=7&amp;frmserie=\"><strong>finale 1500 m H<\/strong><\/a><br \/>\n<strong>16h45 :<\/strong> <strong><a href=\"https:\/\/bases.athle.fr\/asp.net\/liste.aspx?frmbase=lives&amp;frmmode=1&amp;frmespace=0&amp;frmcompetition=272852&amp;frmepreuvem=200m+-+Salle+%2f+ESM&amp;frmtour=7&amp;frmserie=\">finale 200 m H<\/a><br \/>\n<\/strong><\/p>\n<p style=\"text-align: justify;\"><\/div><\/div><\/div>\n<h2><\/h2>\n<h2>Les podiums<\/h2>\n<h3 style=\"text-align: justify;\">Femmes<\/h3>\n<div class=\"su-table su-table-alternate\">\n<table style=\"width: 800px;border-collapse: collapse\">\n<tbody>\n<tr>\n<td style=\"text-align: center;width: 200px;vertical-align: middle\"><strong>\u00c9preuves<\/strong><\/td>\n<td style=\"background-color: #fff242;text-align: center;width: 200px;vertical-align: middle\"><strong>\ud83e\udd47 Or<\/strong><\/td>\n<td style=\"background-color: #a8a8a8;text-align: center;width: 200px;vertical-align: middle\"><strong>\ud83e\udd48 Argent<\/strong><\/td>\n<td style=\"background-color: #c97159;text-align: center;width: 200px;vertical-align: middle\"><strong>\ud83e\udd49 Bronze<\/strong><\/td>\n<\/tr>\n<tr>\n<td style=\"text-align: center;width: 200px;vertical-align: middle\"><strong>60 m<\/strong><\/td>\n<td style=\"text-align: center;width: 200px;vertical-align: middle\"><strong>Marie-Ange Rimlinger<br \/>\n7\u203340<\/strong><\/td>\n<td style=\"text-align: center;width: 200px;vertical-align: middle\">Ange Hilary Gode<br \/>\n7\u203346<\/td>\n<td style=\"text-align: center;width: 200px;vertical-align: middle\">Lauraline Lerus<br \/>\n7\u203348<\/td>\n<\/tr>\n<tr>\n<td style=\"text-align: center;width: 200px;vertical-align: middle\"><strong>200 m<\/strong><\/td>\n<td style=\"text-align: center;width: 200px;vertical-align: middle\"><strong>Marie-Ange Rimlinger<\/strong><br \/>\n<strong>23\u203376 PB MPF ES<\/strong><\/td>\n<td style=\"text-align: center;width: 200px;vertical-align: middle\">Maiwenn Lheveder<br \/>\n24\u203348<\/td>\n<td style=\"text-align: center;width: 200px;vertical-align: middle\">Cassandra Delaunay-Belleville<br \/>\n24<strong>\u2033<\/strong>67<\/td>\n<\/tr>\n<tr>\n<td style=\"text-align: center;width: 200px;vertical-align: middle\"><strong>400 m<\/strong><\/td>\n<td style=\"width: 200px;text-align: center\"><strong>Louise Maraval<br \/>\n54\u203345<\/strong><\/td>\n<td style=\"width: 200px;text-align: center\">Mathilde Descoux<br \/>\n55\u203335<\/td>\n<td style=\"width: 200px;text-align: center\">L\u00e9a Thery<br \/>\n55\u203385<\/td>\n<\/tr>\n<tr>\n<td style=\"text-align: center;width: 200px;vertical-align: middle\"><strong>800 m<\/strong><\/td>\n<td style=\"text-align: center;width: 200px;vertical-align: middle\"><strong>Julia Cherot<br \/>\n2\u203205\u203346 PB RCH MPF ES<\/strong><\/td>\n<td style=\"text-align: center;width: 200px;vertical-align: middle\">Ambre Valmorin<br \/>\n2\u203210\u203328 <strong>PB<\/strong><\/td>\n<td style=\"text-align: center;width: 200px;vertical-align: middle\">Lisa Pelletier<br \/>\n2\u203210\u203333 <strong>SB<\/strong><\/td>\n<\/tr>\n<tr>\n<td style=\"text-align: center;width: 200px;vertical-align: middle\"><strong>1500 m<\/strong><\/td>\n<td style=\"text-align: center;width: 200px;vertical-align: middle\"><strong>Alice Seguin<br \/>\n4\u203232\u203308<\/strong><\/td>\n<td style=\"text-align: center;width: 200px;vertical-align: middle\">Julia Ravet<br \/>\n4\u203232\u203336<\/td>\n<td style=\"text-align: center;width: 200px;vertical-align: middle\">Eliette Chaput<br \/>\n4\u203233\u203306 <strong>PB<\/strong><\/td>\n<\/tr>\n<tr>\n<td style=\"text-align: center;width: 200px;vertical-align: middle\"><strong>60 m haies<\/strong><\/td>\n<td style=\"text-align: center;width: 200px;vertical-align: middle\"><strong>L\u00e9a Vend\u00f4me<br \/>\n8\u203322<\/strong><\/td>\n<td style=\"text-align: center;width: 200px;vertical-align: middle\">Karen Lux<br \/>\n8\u203329 <strong>PB<\/strong><\/td>\n<td style=\"text-align: center;width: 200px;vertical-align: middle\">Aelys Gente<br \/>\n8\u203332 <strong>PB<\/strong><\/td>\n<\/tr>\n<tr>\n<td style=\"text-align: center;width: 200px;vertical-align: middle\"><strong>Saut en hauteur<\/strong><\/td>\n<td style=\"text-align: center;width: 200px;vertical-align: middle\"><strong>Laureen Maxwell<br \/>\n1m81<\/strong><\/td>\n<td style=\"text-align: center;width: 200px;vertical-align: middle\">Lola Picard<br \/>\n1m81 <strong>PB<\/strong><\/td>\n<td style=\"text-align: center;width: 200px;vertical-align: middle\">Lucille Xae<br \/>\n1m79<\/td>\n<\/tr>\n<tr>\n<td style=\"text-align: center;width: 200px;vertical-align: middle\"><strong>Saut \u00e0 la perche<\/strong><\/td>\n<td style=\"text-align: center;width: 200px;vertical-align: middle\"><strong>L\u00e9a Mauberret<br \/>\n4m10 SB<\/strong><\/td>\n<td style=\"text-align: center;width: 200px;vertical-align: middle\">Elise Russis<br \/>\n4m10<\/td>\n<td style=\"text-align: center;width: 200px;vertical-align: middle\">Capucine Boisseaud<br \/>\n4m00 <strong>PB<\/strong><\/td>\n<\/tr>\n<tr>\n<td style=\"text-align: center;width: 200px;vertical-align: middle\"><strong>Saut en longueur<\/strong><\/td>\n<td style=\"text-align: center;width: 200px;vertical-align: middle\"><strong>Maud Zeffou Poaty<br \/>\n6m24 PB<\/strong><\/td>\n<td style=\"text-align: center;width: 200px;vertical-align: middle\">Richalda Mohamed<br \/>\n5m96<\/td>\n<td style=\"text-align: center;width: 200px;vertical-align: middle\">Ayana Mombruno Philemon<br \/>\n5m91<\/td>\n<\/tr>\n<tr>\n<td style=\"text-align: center;width: 200px;vertical-align: middle\"><strong>Triple saut<\/strong><\/td>\n<td style=\"text-align: center;width: 200px;vertical-align: middle\"><strong>Daniela-Martine Wamokpego<br \/>\n13m20<\/strong><\/td>\n<td style=\"text-align: center;width: 200px;vertical-align: middle\">Cerane Beal<br \/>\n12m99 <strong>PB<\/strong><\/td>\n<td style=\"text-align: center;width: 200px;vertical-align: middle\">Aminata Ndiaye<br \/>\n12m88 <strong>SB<\/strong><\/td>\n<\/tr>\n<\/tbody>\n<\/table>\n<\/div>\n<p><span style=\"font-size: 14px;\"><em>\u00a0PB : Record personnel<br \/>\nSB : Meilleure performance personnelle de la saison<br \/>\nMPF ES : Meilleure performance fran\u00e7aise espoir de la saison<br \/>\nRCH : Record des championnats<br \/>\n<\/em><\/span><\/p>\n<p>&nbsp;<\/p>\n<h3 style=\"text-align: justify;\">Hommes<\/h3>\n<div class=\"su-table su-table-alternate\">\n<table style=\"width: 800px;border-collapse: collapse\">\n<tbody>\n<tr>\n<td style=\"text-align: center;width: 200px;vertical-align: middle\"><strong>\u00c9preuves<\/strong><\/td>\n<td style=\"background-color: #fff242;text-align: center;width: 200px;vertical-align: middle\"><strong>\ud83e\udd47 Or<\/strong><\/td>\n<td style=\"background-color: #a8a8a8;text-align: center;width: 200px;vertical-align: middle\"><strong>\ud83e\udd48 Argent<\/strong><\/td>\n<td style=\"background-color: #c97159;text-align: center;width: 200px;vertical-align: middle\"><strong>\ud83e\udd49 Bronze<\/strong><\/td>\n<\/tr>\n<tr>\n<td style=\"text-align: center;width: 200px;vertical-align: middle\"><strong>60 m<\/strong><\/td>\n<td style=\"text-align: center;width: 200px;vertical-align: middle\"><strong>William Aguessy<br \/>\n6\u203370 MPF ES<\/strong><\/td>\n<td style=\"text-align: center;width: 200px;vertical-align: middle\">Antoine Thoraval<br \/>\n6\u203374<\/td>\n<td style=\"text-align: center;width: 200px;vertical-align: middle\">Aur\u00e9lien Larue<br \/>\n6\u203377<\/td>\n<\/tr>\n<tr>\n<td style=\"text-align: center;width: 200px;vertical-align: middle\"><strong>200 m<\/strong><\/td>\n<td style=\"text-align: center;width: 200px;vertical-align: middle\"><strong>Mohammed Badru<br \/>\n21\u203337<\/strong><\/td>\n<td style=\"text-align: center;width: 200px;vertical-align: middle\">Sacha Rascar<br \/>\n21\u203366<\/td>\n<td style=\"text-align: center;width: 200px;vertical-align: middle\">Jehan Anicet<br \/>\n21\u203366<\/td>\n<\/tr>\n<tr>\n<td style=\"text-align: center;width: 200px;vertical-align: middle\"><strong>400 m<\/strong><\/td>\n<td style=\"text-align: center;width: 200px;vertical-align: middle\"><strong>Benoit Moudio Priso<\/strong><br \/>\n<strong>47\u203342<\/strong> <strong>PB MPF ES<\/strong><\/td>\n<td style=\"text-align: center;width: 200px;vertical-align: middle\">Rayane Plantier<br \/>\n48\u203335<\/td>\n<td style=\"text-align: center;width: 200px;vertical-align: middle\">Victor Fofana<br \/>\n48\u203335 <strong>PB<\/strong><\/td>\n<\/tr>\n<tr>\n<td style=\"text-align: center;width: 200px;vertical-align: middle\"><strong>800 m<\/strong><\/td>\n<td style=\"text-align: center;width: 200px;vertical-align: middle\"><strong>Louis Vercueil<br \/>\n1\u203252\u203379<\/strong><\/td>\n<td style=\"text-align: center;width: 200px;vertical-align: middle\">Edouard Lecrivain<br \/>\n1\u203253\u203320<\/td>\n<td style=\"text-align: center;width: 200px;vertical-align: middle\">Josu\u00e9 Le Cadre<br \/>\n1\u203253\u203335<\/td>\n<\/tr>\n<tr>\n<td style=\"text-align: center;width: 200px;vertical-align: middle\"><strong>1500 m<\/strong><\/td>\n<td style=\"text-align: center;width: 200px;vertical-align: middle\"><strong>Thomas Piquart<br \/>\n3\u203246\u203392<\/strong><\/td>\n<td style=\"width: 200px;text-align: center;vertical-align: middle\">Martin Desmidt<br \/>\n3\u203247\u203399<\/td>\n<td style=\"width: 200px;text-align: center;vertical-align: middle\">Th\u00e9ophile Laporte<br \/>\n3\u203251\u203321 <strong>PB<\/strong><\/td>\n<\/tr>\n<tr>\n<td style=\"text-align: center;width: 200px;vertical-align: middle\"><strong>60 m haies<\/strong><\/td>\n<td style=\"text-align: center;width: 200px;vertical-align: middle\"><strong>Kenny Fletcher<br \/>\n7\u203386<\/strong><\/td>\n<td style=\"text-align: center;width: 200px;vertical-align: middle\">Erwann Cinna<br \/>\n7\u203397<\/td>\n<td style=\"text-align: center;width: 200px;vertical-align: middle\">Widy Zahana-Oni<br \/>\n7\u203398<\/td>\n<\/tr>\n<tr>\n<td style=\"text-align: center;width: 200px;vertical-align: middle\"><strong>Saut en hauteur<\/strong><\/td>\n<td style=\"text-align: center;width: 200px;vertical-align: middle\"><strong>Balthazar Kadiyogo<br \/>\n2m12 PB<\/strong><\/td>\n<td style=\"text-align: center;width: 200px;vertical-align: middle\">Moustafa Diane<br \/>\n2m09 <strong>SB<\/strong><\/td>\n<td style=\"text-align: center;width: 200px;vertical-align: middle\">Ma\u00ebl Ciss\u00e9<br \/>\n2m09 <strong>SB<\/strong><\/td>\n<\/tr>\n<tr>\n<td style=\"text-align: center;width: 200px;vertical-align: middle\"><strong>Saut \u00e0 la perche<\/strong><\/td>\n<td style=\"text-align: center;width: 200px;vertical-align: middle\"><strong>Robin Emig<br \/>\n5m55<\/strong><\/td>\n<td style=\"text-align: center;width: 200px;vertical-align: middle\">Valentin Pottier<br \/>\n5m30<\/td>\n<td style=\"text-align: center;width: 200px;vertical-align: middle\">Sloan Petiphar<br \/>\n5m15<\/td>\n<\/tr>\n<tr>\n<td style=\"text-align: center;width: 200px;vertical-align: middle\"><strong>Saut en longueur<\/strong><\/td>\n<td style=\"text-align: center;width: 200px;vertical-align: middle\"><strong>Bastien Cadeot<br \/>\n7m37 SB<\/strong><\/td>\n<td style=\"text-align: center;width: 200px;vertical-align: middle\">Gauthier Calero<br \/>\n7m29 <strong>SB<\/strong><\/td>\n<td style=\"text-align: center;width: 200px;vertical-align: middle\">Segui-Alan Jaouen<br \/>\n7m26<\/td>\n<\/tr>\n<tr>\n<td style=\"text-align: center;width: 200px;vertical-align: middle\"><strong>Triple saut<\/strong><\/td>\n<td style=\"text-align: center;width: 200px;vertical-align: middle\"><strong>Louis-Victor Hamon<br \/>\n15m31 PB<\/strong><\/td>\n<td style=\"text-align: center;width: 200px;vertical-align: middle\">Nathan Perrod<br \/>\n15m28 <strong>SB<\/strong><\/td>\n<td style=\"text-align: center;width: 200px;vertical-align: middle\">Ga\u00ebl Tankoua<br \/>\n15m14<\/td>\n<\/tr>\n<\/tbody>\n<\/table>\n<\/div>\n<p><span style=\"font-size: 14px;\"><em>MPF ES : Meilleure performance fran\u00e7aise espoir de la saison<br \/>\nPB : Record personnel<br \/>\nSB : Meilleure performance personnelle de la saison<br \/>\n<\/em><\/span><\/p>\n","protected":false},"excerpt":{"rendered":"<p>Les Championnats de France espoirs d&rsquo;athl\u00e9tisme en salle 2023 ont lieu du 11 au 12 f\u00e9vrier. Programme et les r\u00e9sultats de la comp\u00e9tition.<\/p>\n","protected":false},"author":12,"featured_media":353520,"comment_status":"open","ping_status":"closed","sticky":false,"template":"","format":"standard","meta":{"_acf_changed":false,"_daextam_enable_autolinks":"","footnotes":""},"categories":[2308],"tags":[143,16878],"class_list":["post-351368","post","type-post","status-publish","format-standard","has-post-thumbnail","hentry","category-athletisme","tag-athletisme","tag-breve"],"acf":[],"yoast_head":"<!-- This site is optimized with the Yoast SEO Premium plugin v26.7 (Yoast SEO v26.7) - https:\/\/yoast.com\/wordpress\/plugins\/seo\/ -->\n<title>Athl\u00e9tisme : Programme et r\u00e9sultats Championnats de France espoirs en salle 2023<\/title>\n<meta name=\"description\" content=\"Les Championnats de France espoirs d&#039;athl\u00e9tisme en salle 2023 ont lieu du 11 au 12 f\u00e9vrier. Programme et les r\u00e9sultats de la comp\u00e9tition.\" \/>\n<meta name=\"robots\" content=\"index, follow, max-snippet:-1, max-image-preview:large, max-video-preview:-1\" \/>\n<link rel=\"canonical\" href=\"https:\/\/dicodusport.fr\/blog\/athletisme-programme-et-resultats-championnats-de-france-espoirs-en-salle-2023\/\" \/>\n<meta property=\"og:locale\" content=\"fr_FR\" \/>\n<meta property=\"og:type\" content=\"article\" \/>\n<meta property=\"og:title\" content=\"Athl\u00e9tisme : Programme et r\u00e9sultats Championnats de France espoirs en salle 2023\" \/>\n<meta property=\"og:description\" content=\"Les Championnats de France espoirs d&#039;athl\u00e9tisme en salle 2023 ont lieu du 11 au 12 f\u00e9vrier. Programme et les r\u00e9sultats de la comp\u00e9tition.\" \/>\n<meta property=\"og:url\" content=\"https:\/\/dicodusport.fr\/blog\/athletisme-programme-et-resultats-championnats-de-france-espoirs-en-salle-2023\/\" \/>\n<meta property=\"og:site_name\" content=\"Dicodusport\" \/>\n<meta property=\"article:publisher\" content=\"https:\/\/www.facebook.com\/dicodusport\" \/>\n<meta property=\"article:published_time\" content=\"2023-02-12T16:20:50+00:00\" \/>\n<meta property=\"article:modified_time\" content=\"2023-02-12T18:25:55+00:00\" \/>\n<meta property=\"og:image\" content=\"https:\/\/dicodusport.fr\/blog\/wp-content\/uploads\/2023\/02\/Athletisme-Programme-et-resultats-Championnats-de-France-espoirs-en-salle-2023.png\" \/>\n\t<meta property=\"og:image:width\" content=\"1200\" \/>\n\t<meta property=\"og:image:height\" content=\"670\" \/>\n\t<meta property=\"og:image:type\" content=\"image\/png\" \/>\n<meta name=\"author\" content=\"Arlette Yeye\" \/>\n<meta name=\"twitter:card\" content=\"summary_large_image\" \/>\n<meta name=\"twitter:title\" content=\"Athl\u00e9tisme : Programme et r\u00e9sultats Championnats de France espoirs en salle 2023\" \/>\n<meta name=\"twitter:creator\" content=\"@https:\/\/twitter.com\/Shiclette94\" \/>\n<meta name=\"twitter:site\" content=\"@dicodusport\" \/>\n<script type=\"application\/ld+json\" class=\"yoast-schema-graph\">{\"@context\":\"https:\/\/schema.org\",\"@graph\":[{\"@type\":\"NewsArticle\",\"@id\":\"https:\/\/dicodusport.fr\/blog\/athletisme-programme-et-resultats-championnats-de-france-espoirs-en-salle-2023\/#article\",\"isPartOf\":{\"@id\":\"https:\/\/dicodusport.fr\/blog\/athletisme-programme-et-resultats-championnats-de-france-espoirs-en-salle-2023\/\"},\"author\":{\"name\":\"Arlette Yeye\",\"@id\":\"https:\/\/dicodusport.fr\/blog\/#\/schema\/person\/cce96fa88785bd8573e3d43078ac8c79\"},\"headline\":\"Athl\u00e9tisme : Programme et r\u00e9sultats Championnats de France espoirs en salle 2023\",\"datePublished\":\"2023-02-12T16:20:50+00:00\",\"dateModified\":\"2023-02-12T18:25:55+00:00\",\"mainEntityOfPage\":{\"@id\":\"https:\/\/dicodusport.fr\/blog\/athletisme-programme-et-resultats-championnats-de-france-espoirs-en-salle-2023\/\"},\"wordCount\":553,\"commentCount\":0,\"publisher\":{\"@id\":\"https:\/\/dicodusport.fr\/blog\/#organization\"},\"image\":{\"@id\":\"https:\/\/dicodusport.fr\/blog\/athletisme-programme-et-resultats-championnats-de-france-espoirs-en-salle-2023\/#primaryimage\"},\"thumbnailUrl\":\"https:\/\/dicodusport.fr\/blog\/wp-content\/uploads\/2023\/02\/Athletisme-Programme-et-resultats-Championnats-de-France-espoirs-en-salle-2023.png\",\"keywords\":[\"Athl\u00e9tisme\",\"br\u00e8ve\"],\"articleSection\":[\"Athl\u00e9tisme\"],\"inLanguage\":\"fr-FR\",\"potentialAction\":[{\"@type\":\"CommentAction\",\"name\":\"Comment\",\"target\":[\"https:\/\/dicodusport.fr\/blog\/athletisme-programme-et-resultats-championnats-de-france-espoirs-en-salle-2023\/#respond\"]}],\"copyrightYear\":\"2023\",\"copyrightHolder\":{\"@id\":\"https:\/\/dicodusport.fr\/blog\/#organization\"}},{\"@type\":\"WebPage\",\"@id\":\"https:\/\/dicodusport.fr\/blog\/athletisme-programme-et-resultats-championnats-de-france-espoirs-en-salle-2023\/\",\"url\":\"https:\/\/dicodusport.fr\/blog\/athletisme-programme-et-resultats-championnats-de-france-espoirs-en-salle-2023\/\",\"name\":\"Athl\u00e9tisme : Programme et r\u00e9sultats Championnats de France espoirs en salle 2023\",\"isPartOf\":{\"@id\":\"https:\/\/dicodusport.fr\/blog\/#website\"},\"primaryImageOfPage\":{\"@id\":\"https:\/\/dicodusport.fr\/blog\/athletisme-programme-et-resultats-championnats-de-france-espoirs-en-salle-2023\/#primaryimage\"},\"image\":{\"@id\":\"https:\/\/dicodusport.fr\/blog\/athletisme-programme-et-resultats-championnats-de-france-espoirs-en-salle-2023\/#primaryimage\"},\"thumbnailUrl\":\"https:\/\/dicodusport.fr\/blog\/wp-content\/uploads\/2023\/02\/Athletisme-Programme-et-resultats-Championnats-de-France-espoirs-en-salle-2023.png\",\"datePublished\":\"2023-02-12T16:20:50+00:00\",\"dateModified\":\"2023-02-12T18:25:55+00:00\",\"description\":\"Les Championnats de France espoirs d'athl\u00e9tisme en salle 2023 ont lieu du 11 au 12 f\u00e9vrier. Programme et les r\u00e9sultats de la comp\u00e9tition.\",\"breadcrumb\":{\"@id\":\"https:\/\/dicodusport.fr\/blog\/athletisme-programme-et-resultats-championnats-de-france-espoirs-en-salle-2023\/#breadcrumb\"},\"inLanguage\":\"fr-FR\",\"potentialAction\":[{\"@type\":\"ReadAction\",\"target\":[\"https:\/\/dicodusport.fr\/blog\/athletisme-programme-et-resultats-championnats-de-france-espoirs-en-salle-2023\/\"]}]},{\"@type\":\"ImageObject\",\"inLanguage\":\"fr-FR\",\"@id\":\"https:\/\/dicodusport.fr\/blog\/athletisme-programme-et-resultats-championnats-de-france-espoirs-en-salle-2023\/#primaryimage\",\"url\":\"https:\/\/dicodusport.fr\/blog\/wp-content\/uploads\/2023\/02\/Athletisme-Programme-et-resultats-Championnats-de-France-espoirs-en-salle-2023.png\",\"contentUrl\":\"https:\/\/dicodusport.fr\/blog\/wp-content\/uploads\/2023\/02\/Athletisme-Programme-et-resultats-Championnats-de-France-espoirs-en-salle-2023.png\",\"width\":1200,\"height\":670,\"caption\":\"Athl\u00e9tisme Programme et r\u00e9sultats Championnats de France espoirs en salle 2023\"},{\"@type\":\"BreadcrumbList\",\"@id\":\"https:\/\/dicodusport.fr\/blog\/athletisme-programme-et-resultats-championnats-de-france-espoirs-en-salle-2023\/#breadcrumb\",\"itemListElement\":[{\"@type\":\"ListItem\",\"position\":1,\"name\":\"Accueil\",\"item\":\"https:\/\/dicodusport.fr\/blog\/\"},{\"@type\":\"ListItem\",\"position\":2,\"name\":\"Athl\u00e9tisme : Programme et r\u00e9sultats Championnats de France espoirs en salle 2023\"}]},{\"@type\":\"WebSite\",\"@id\":\"https:\/\/dicodusport.fr\/blog\/#website\",\"url\":\"https:\/\/dicodusport.fr\/blog\/\",\"name\":\"Dicodusport\",\"description\":\"L&#039;encyclop\u00e9die de l&#039;actualit\u00e9 sportive\",\"publisher\":{\"@id\":\"https:\/\/dicodusport.fr\/blog\/#organization\"},\"potentialAction\":[{\"@type\":\"SearchAction\",\"target\":{\"@type\":\"EntryPoint\",\"urlTemplate\":\"https:\/\/dicodusport.fr\/blog\/?s={search_term_string}\"},\"query-input\":{\"@type\":\"PropertyValueSpecification\",\"valueRequired\":true,\"valueName\":\"search_term_string\"}}],\"inLanguage\":\"fr-FR\"},{\"@type\":\"NewsMediaOrganization\",\"@id\":\"https:\/\/dicodusport.fr\/blog\/#organization\",\"name\":\"Dicodusport\",\"url\":\"https:\/\/dicodusport.fr\/blog\/\",\"logo\":{\"@type\":\"ImageObject\",\"inLanguage\":\"fr-FR\",\"@id\":\"https:\/\/dicodusport.fr\/blog\/#\/schema\/logo\/image\/\",\"url\":\"https:\/\/dicodusport.fr\/blog\/wp-content\/uploads\/2020\/06\/cropped-LOGO-DICODUSPORT-2020-SANS-FOND-SANS-TEXTE.png\",\"contentUrl\":\"https:\/\/dicodusport.fr\/blog\/wp-content\/uploads\/2020\/06\/cropped-LOGO-DICODUSPORT-2020-SANS-FOND-SANS-TEXTE.png\",\"width\":512,\"height\":512,\"caption\":\"Dicodusport\"},\"image\":{\"@id\":\"https:\/\/dicodusport.fr\/blog\/#\/schema\/logo\/image\/\"},\"sameAs\":[\"https:\/\/www.facebook.com\/dicodusport\",\"https:\/\/x.com\/dicodusport\",\"https:\/\/www.instagram.com\/dicodusport\/\",\"https:\/\/www.youtube.com\/channel\/UC7V2KZ5sd3htJivAbA4ZG3w\"],\"description\":\"Dicodusport est l'encyclop\u00e9die de l'actualit\u00e9 sportive.\",\"email\":\"bonjour@dicodusport.fr\",\"legalName\":\"DICODUSPORT\",\"foundingDate\":\"2018-01-14\",\"vatID\":\"FR71834470973\",\"taxID\":\"83447097300043\",\"numberOfEmployees\":{\"@type\":\"QuantitativeValue\",\"minValue\":\"1\",\"maxValue\":\"10\"}},{\"@type\":\"Person\",\"@id\":\"https:\/\/dicodusport.fr\/blog\/#\/schema\/person\/cce96fa88785bd8573e3d43078ac8c79\",\"name\":\"Arlette Yeye\",\"image\":{\"@type\":\"ImageObject\",\"inLanguage\":\"fr-FR\",\"@id\":\"https:\/\/dicodusport.fr\/blog\/#\/schema\/person\/image\/\",\"url\":\"https:\/\/secure.gravatar.com\/avatar\/dca4a6239e6d708e46c45d60e160de6c?s=96&d=wp_user_avatar&r=g\",\"contentUrl\":\"https:\/\/secure.gravatar.com\/avatar\/dca4a6239e6d708e46c45d60e160de6c?s=96&d=wp_user_avatar&r=g\",\"caption\":\"Arlette Yeye\"},\"description\":\"Journaliste\/r\u00e9dactrice depuis septembre 2015 - Supportrice de Chelsea, j'ai pour sports de pr\u00e9dilection le handball, l'athl\u00e9tisme et le tennis. Si je tweete plus vite que mon ombre, vous pouvez aussi me retrouver les week-ends sur les playgrounds de Bruxelles pour un petit foot ou basket entre potes. Parcourir la France, l'Europe et plus si affinit\u00e9s pour suivre mes sportifs pr\u00e9f\u00e9r\u00e9s ? Mon kif ! Et c'est avec plaisir que je partage les r\u00e9sultats des sports populaires mais \u00e9galement plus confidentiels pour Dicodusport.\",\"sameAs\":[\"https:\/\/x.com\/https:\/\/twitter.com\/Shiclette94\"],\"url\":\"https:\/\/dicodusport.fr\/blog\/author\/arlette\/\"}]}<\/script>\n<!-- \/ Yoast SEO Premium plugin. -->","yoast_head_json":{"title":"Athl\u00e9tisme : Programme et r\u00e9sultats Championnats de France espoirs en salle 2023","description":"Les Championnats de France espoirs d'athl\u00e9tisme en salle 2023 ont lieu du 11 au 12 f\u00e9vrier. Programme et les r\u00e9sultats de la comp\u00e9tition.","robots":{"index":"index","follow":"follow","max-snippet":"max-snippet:-1","max-image-preview":"max-image-preview:large","max-video-preview":"max-video-preview:-1"},"canonical":"https:\/\/dicodusport.fr\/blog\/athletisme-programme-et-resultats-championnats-de-france-espoirs-en-salle-2023\/","og_locale":"fr_FR","og_type":"article","og_title":"Athl\u00e9tisme : Programme et r\u00e9sultats Championnats de France espoirs en salle 2023","og_description":"Les Championnats de France espoirs d'athl\u00e9tisme en salle 2023 ont lieu du 11 au 12 f\u00e9vrier. Programme et les r\u00e9sultats de la comp\u00e9tition.","og_url":"https:\/\/dicodusport.fr\/blog\/athletisme-programme-et-resultats-championnats-de-france-espoirs-en-salle-2023\/","og_site_name":"Dicodusport","article_publisher":"https:\/\/www.facebook.com\/dicodusport","article_published_time":"2023-02-12T16:20:50+00:00","article_modified_time":"2023-02-12T18:25:55+00:00","og_image":[{"width":1200,"height":670,"url":"https:\/\/dicodusport.fr\/blog\/wp-content\/uploads\/2023\/02\/Athletisme-Programme-et-resultats-Championnats-de-France-espoirs-en-salle-2023.png","type":"image\/png"}],"author":"Arlette Yeye","twitter_card":"summary_large_image","twitter_title":"Athl\u00e9tisme : Programme et r\u00e9sultats Championnats de France espoirs en salle 2023","twitter_creator":"@https:\/\/twitter.com\/Shiclette94","twitter_site":"@dicodusport","schema":{"@context":"https:\/\/schema.org","@graph":[{"@type":"NewsArticle","@id":"https:\/\/dicodusport.fr\/blog\/athletisme-programme-et-resultats-championnats-de-france-espoirs-en-salle-2023\/#article","isPartOf":{"@id":"https:\/\/dicodusport.fr\/blog\/athletisme-programme-et-resultats-championnats-de-france-espoirs-en-salle-2023\/"},"author":{"name":"Arlette Yeye","@id":"https:\/\/dicodusport.fr\/blog\/#\/schema\/person\/cce96fa88785bd8573e3d43078ac8c79"},"headline":"Athl\u00e9tisme : Programme et r\u00e9sultats Championnats de France espoirs en salle 2023","datePublished":"2023-02-12T16:20:50+00:00","dateModified":"2023-02-12T18:25:55+00:00","mainEntityOfPage":{"@id":"https:\/\/dicodusport.fr\/blog\/athletisme-programme-et-resultats-championnats-de-france-espoirs-en-salle-2023\/"},"wordCount":553,"commentCount":0,"publisher":{"@id":"https:\/\/dicodusport.fr\/blog\/#organization"},"image":{"@id":"https:\/\/dicodusport.fr\/blog\/athletisme-programme-et-resultats-championnats-de-france-espoirs-en-salle-2023\/#primaryimage"},"thumbnailUrl":"https:\/\/dicodusport.fr\/blog\/wp-content\/uploads\/2023\/02\/Athletisme-Programme-et-resultats-Championnats-de-France-espoirs-en-salle-2023.png","keywords":["Athl\u00e9tisme","br\u00e8ve"],"articleSection":["Athl\u00e9tisme"],"inLanguage":"fr-FR","potentialAction":[{"@type":"CommentAction","name":"Comment","target":["https:\/\/dicodusport.fr\/blog\/athletisme-programme-et-resultats-championnats-de-france-espoirs-en-salle-2023\/#respond"]}],"copyrightYear":"2023","copyrightHolder":{"@id":"https:\/\/dicodusport.fr\/blog\/#organization"}},{"@type":"WebPage","@id":"https:\/\/dicodusport.fr\/blog\/athletisme-programme-et-resultats-championnats-de-france-espoirs-en-salle-2023\/","url":"https:\/\/dicodusport.fr\/blog\/athletisme-programme-et-resultats-championnats-de-france-espoirs-en-salle-2023\/","name":"Athl\u00e9tisme : Programme et r\u00e9sultats Championnats de France espoirs en salle 2023","isPartOf":{"@id":"https:\/\/dicodusport.fr\/blog\/#website"},"primaryImageOfPage":{"@id":"https:\/\/dicodusport.fr\/blog\/athletisme-programme-et-resultats-championnats-de-france-espoirs-en-salle-2023\/#primaryimage"},"image":{"@id":"https:\/\/dicodusport.fr\/blog\/athletisme-programme-et-resultats-championnats-de-france-espoirs-en-salle-2023\/#primaryimage"},"thumbnailUrl":"https:\/\/dicodusport.fr\/blog\/wp-content\/uploads\/2023\/02\/Athletisme-Programme-et-resultats-Championnats-de-France-espoirs-en-salle-2023.png","datePublished":"2023-02-12T16:20:50+00:00","dateModified":"2023-02-12T18:25:55+00:00","description":"Les Championnats de France espoirs d'athl\u00e9tisme en salle 2023 ont lieu du 11 au 12 f\u00e9vrier. Programme et les r\u00e9sultats de la comp\u00e9tition.","breadcrumb":{"@id":"https:\/\/dicodusport.fr\/blog\/athletisme-programme-et-resultats-championnats-de-france-espoirs-en-salle-2023\/#breadcrumb"},"inLanguage":"fr-FR","potentialAction":[{"@type":"ReadAction","target":["https:\/\/dicodusport.fr\/blog\/athletisme-programme-et-resultats-championnats-de-france-espoirs-en-salle-2023\/"]}]},{"@type":"ImageObject","inLanguage":"fr-FR","@id":"https:\/\/dicodusport.fr\/blog\/athletisme-programme-et-resultats-championnats-de-france-espoirs-en-salle-2023\/#primaryimage","url":"https:\/\/dicodusport.fr\/blog\/wp-content\/uploads\/2023\/02\/Athletisme-Programme-et-resultats-Championnats-de-France-espoirs-en-salle-2023.png","contentUrl":"https:\/\/dicodusport.fr\/blog\/wp-content\/uploads\/2023\/02\/Athletisme-Programme-et-resultats-Championnats-de-France-espoirs-en-salle-2023.png","width":1200,"height":670,"caption":"Athl\u00e9tisme Programme et r\u00e9sultats Championnats de France espoirs en salle 2023"},{"@type":"BreadcrumbList","@id":"https:\/\/dicodusport.fr\/blog\/athletisme-programme-et-resultats-championnats-de-france-espoirs-en-salle-2023\/#breadcrumb","itemListElement":[{"@type":"ListItem","position":1,"name":"Accueil","item":"https:\/\/dicodusport.fr\/blog\/"},{"@type":"ListItem","position":2,"name":"Athl\u00e9tisme : Programme et r\u00e9sultats Championnats de France espoirs en salle 2023"}]},{"@type":"WebSite","@id":"https:\/\/dicodusport.fr\/blog\/#website","url":"https:\/\/dicodusport.fr\/blog\/","name":"Dicodusport","description":"L&#039;encyclop\u00e9die de l&#039;actualit\u00e9 sportive","publisher":{"@id":"https:\/\/dicodusport.fr\/blog\/#organization"},"potentialAction":[{"@type":"SearchAction","target":{"@type":"EntryPoint","urlTemplate":"https:\/\/dicodusport.fr\/blog\/?s={search_term_string}"},"query-input":{"@type":"PropertyValueSpecification","valueRequired":true,"valueName":"search_term_string"}}],"inLanguage":"fr-FR"},{"@type":"NewsMediaOrganization","@id":"https:\/\/dicodusport.fr\/blog\/#organization","name":"Dicodusport","url":"https:\/\/dicodusport.fr\/blog\/","logo":{"@type":"ImageObject","inLanguage":"fr-FR","@id":"https:\/\/dicodusport.fr\/blog\/#\/schema\/logo\/image\/","url":"https:\/\/dicodusport.fr\/blog\/wp-content\/uploads\/2020\/06\/cropped-LOGO-DICODUSPORT-2020-SANS-FOND-SANS-TEXTE.png","contentUrl":"https:\/\/dicodusport.fr\/blog\/wp-content\/uploads\/2020\/06\/cropped-LOGO-DICODUSPORT-2020-SANS-FOND-SANS-TEXTE.png","width":512,"height":512,"caption":"Dicodusport"},"image":{"@id":"https:\/\/dicodusport.fr\/blog\/#\/schema\/logo\/image\/"},"sameAs":["https:\/\/www.facebook.com\/dicodusport","https:\/\/x.com\/dicodusport","https:\/\/www.instagram.com\/dicodusport\/","https:\/\/www.youtube.com\/channel\/UC7V2KZ5sd3htJivAbA4ZG3w"],"description":"Dicodusport est l'encyclop\u00e9die de l'actualit\u00e9 sportive.","email":"bonjour@dicodusport.fr","legalName":"DICODUSPORT","foundingDate":"2018-01-14","vatID":"FR71834470973","taxID":"83447097300043","numberOfEmployees":{"@type":"QuantitativeValue","minValue":"1","maxValue":"10"}},{"@type":"Person","@id":"https:\/\/dicodusport.fr\/blog\/#\/schema\/person\/cce96fa88785bd8573e3d43078ac8c79","name":"Arlette Yeye","image":{"@type":"ImageObject","inLanguage":"fr-FR","@id":"https:\/\/dicodusport.fr\/blog\/#\/schema\/person\/image\/","url":"https:\/\/secure.gravatar.com\/avatar\/dca4a6239e6d708e46c45d60e160de6c?s=96&d=wp_user_avatar&r=g","contentUrl":"https:\/\/secure.gravatar.com\/avatar\/dca4a6239e6d708e46c45d60e160de6c?s=96&d=wp_user_avatar&r=g","caption":"Arlette Yeye"},"description":"Journaliste\/r\u00e9dactrice depuis septembre 2015 - Supportrice de Chelsea, j'ai pour sports de pr\u00e9dilection le handball, l'athl\u00e9tisme et le tennis. Si je tweete plus vite que mon ombre, vous pouvez aussi me retrouver les week-ends sur les playgrounds de Bruxelles pour un petit foot ou basket entre potes. Parcourir la France, l'Europe et plus si affinit\u00e9s pour suivre mes sportifs pr\u00e9f\u00e9r\u00e9s ? Mon kif ! Et c'est avec plaisir que je partage les r\u00e9sultats des sports populaires mais \u00e9galement plus confidentiels pour Dicodusport.","sameAs":["https:\/\/x.com\/https:\/\/twitter.com\/Shiclette94"],"url":"https:\/\/dicodusport.fr\/blog\/author\/arlette\/"}]}},"_links":{"self":[{"href":"https:\/\/dicodusport.fr\/blog\/wp-json\/wp\/v2\/posts\/351368","targetHints":{"allow":["GET"]}}],"collection":[{"href":"https:\/\/dicodusport.fr\/blog\/wp-json\/wp\/v2\/posts"}],"about":[{"href":"https:\/\/dicodusport.fr\/blog\/wp-json\/wp\/v2\/types\/post"}],"author":[{"embeddable":true,"href":"https:\/\/dicodusport.fr\/blog\/wp-json\/wp\/v2\/users\/12"}],"replies":[{"embeddable":true,"href":"https:\/\/dicodusport.fr\/blog\/wp-json\/wp\/v2\/comments?post=351368"}],"version-history":[{"count":0,"href":"https:\/\/dicodusport.fr\/blog\/wp-json\/wp\/v2\/posts\/351368\/revisions"}],"wp:featuredmedia":[{"embeddable":true,"href":"https:\/\/dicodusport.fr\/blog\/wp-json\/wp\/v2\/media\/353520"}],"wp:attachment":[{"href":"https:\/\/dicodusport.fr\/blog\/wp-json\/wp\/v2\/media?parent=351368"}],"wp:term":[{"taxonomy":"category","embeddable":true,"href":"https:\/\/dicodusport.fr\/blog\/wp-json\/wp\/v2\/categories?post=351368"},{"taxonomy":"post_tag","embeddable":true,"href":"https:\/\/dicodusport.fr\/blog\/wp-json\/wp\/v2\/tags?post=351368"}],"curies":[{"name":"wp","href":"https:\/\/api.w.org\/{rel}","templated":true}]}}