{"id":351410,"date":"2023-02-03T12:10:04","date_gmt":"2023-02-03T11:10:04","guid":{"rendered":"https:\/\/dicodusport.fr\/blog\/?p=351410&#038;preview=true&#038;preview_id=351410"},"modified":"2023-02-03T13:06:48","modified_gmt":"2023-02-03T12:06:48","slug":"6-nations-composition-xv-de-france-face-italie","status":"publish","type":"post","link":"https:\/\/dicodusport.fr\/blog\/6-nations-composition-xv-de-france-face-italie\/","title":{"rendered":"6 Nations : Composition du XV de France face \u00e0 l&rsquo;Italie"},"content":{"rendered":"<p style=\"text-align: justify;\"><i><a href=\"https:\/\/dicodusport.fr\/blog\/actualites\/rugby\/rugby-a-xv\/tournoi-des-6-nations-2023\/\"><strong>TOURNOI DES 6 NATIONS 2023<\/strong><\/a> <b>&#8211; Ce vendredi, Fabien Galthi\u00e9 a d\u00e9voil\u00e9 la composition du XV de France pour affronter l&rsquo;Italie ce dimanche (16h), dans le cadre de la 1\u00e8re journ\u00e9e du 6 Nations 2023.<\/b><\/i><\/p>\n<p style=\"text-align: justify;\">Nous sommes fix\u00e9s. Ce vendredi, depuis Capbreton, <strong>Fabien Galthi\u00e9<\/strong> a d\u00e9voil\u00e9 la <strong>composition des Bleus<\/strong> pour affronter l&rsquo;Italie \u00e0 Rome, ce dimanche. Pas de surprise devant, <strong>Baille<\/strong>, <strong>Marchand<\/strong>, <strong>Atonio<\/strong>, <strong>Flament<\/strong>, <strong>Willemse<\/strong>, <strong>Jelonch<\/strong>, <strong>Ollivon<\/strong> et <strong>Alldritt<\/strong> formeront le pack tricolore. Pas de nouveaut\u00e9s non plus \u00e0 la charni\u00e8re, <strong>Antoine Dupont<\/strong> et <strong>Romain Ntamack<\/strong> \u00e9tant align\u00e9s.<\/p>\n<p style=\"text-align: justify;\">Derri\u00e8re, en revanche, grande premi\u00e8re pour le Lyonnais <strong>Ethan Dumortier<\/strong>. Meilleur marqueur du Top 14, il profite <a href=\"https:\/\/dicodusport.fr\/blog\/xv-de-france-gabin-villiere-sest-fracture-le-perone-et-manquera-le-tournoi\/\">du forfait de <strong>Gabin Villi\u00e8re<\/strong><\/a> pour honorer sa premi\u00e8re s\u00e9lection. Comme pr\u00e9vu, <strong>Thomas Ramos<\/strong> couvrira le poste d&rsquo;arri\u00e8re. Sur le banc, premi\u00e8re feuille de match \u00e9galement pour le demi de m\u00eal\u00e9e francilien, <strong>Nolann Le Garrec<\/strong>.<\/p>\n<h2 style=\"text-align: justify;\">Composition du XV de France face \u00e0 l&rsquo;Italie<\/h2>\n<p style=\"text-align: justify;\"><strong>XV de d\u00e9part :<\/strong> 15. Ramos ; 14. Penaud, 13. Fickou, 12. Moefana, 11. Dumortier ; 10. Ntamack, 9. Dupont (cap) ; 7. Ollivon, 8. Alldritt, 6. Jelonch ; 5. Willemse, 4. Flament ; 3. Atonio, 2. Marchand, 1. Baille.<\/p>\n<p style=\"text-align: justify;\"><strong>Rempla\u00e7ants<\/strong> : 16. Barlot, 17. Wardi, 18. Falatea, 19. Taofifenua, 20. Lavault, 21. Macalou, 22. Le Garrec, 23. Jalibert.<\/p>\n<blockquote class=\"twitter-tweet\">\n<p dir=\"ltr\" lang=\"fr\">\ud83c\uddee\ud83c\uddf9\ud83c\udd9a\ud83c\uddeb\ud83c\uddf7 \ud835\udc15\ud835\udc0e\ud835\udc08\ud835\udc02\ud835\udc08 \ud835\udc0d\ud835\udc0e\ud835\udc13\ud835\udc11\ud835\udc04 \ud835\udc04\u0301\ud835\udc10\ud835\udc14\ud835\udc08\ud835\udc0f\ud835\udc04 pour le premier match du tournoi des <a href=\"https:\/\/twitter.com\/hashtag\/SixNations?src=hash&amp;ref_src=twsrc%5Etfw\">#SixNations<\/a> 2023 ! \ud83d\udcaa<\/p>\n<p>Rendez-vous dimanche \u00e0 Rome ! \ud83c\udfdf\ufe0f <a href=\"https:\/\/twitter.com\/hashtag\/XVdeFrance?src=hash&amp;ref_src=twsrc%5Etfw\">#XVdeFrance<\/a> <a href=\"https:\/\/twitter.com\/hashtag\/NeFaisonsXV?src=hash&amp;ref_src=twsrc%5Etfw\">#NeFaisonsXV<\/a> <a href=\"https:\/\/twitter.com\/hashtag\/ITAFRA?src=hash&amp;ref_src=twsrc%5Etfw\">#ITAFRA<\/a> <a href=\"https:\/\/t.co\/JSBqyQIjTx\">pic.twitter.com\/JSBqyQIjTx<\/a><\/p>\n<p>\u2014 France Rugby (@FranceRugby) <a href=\"https:\/\/twitter.com\/FranceRugby\/status\/1621465929195347974?ref_src=twsrc%5Etfw\">February 3, 2023<\/a><\/p><\/blockquote>\n<p><script async src=\"https:\/\/platform.twitter.com\/widgets.js\" charset=\"utf-8\"><\/script><\/p>\n<h2 style=\"text-align: justify;\">\u00c0 lire aussi<\/h2>\n<ul>\n<li style=\"text-align: justify;\"><a href=\"https:\/\/dicodusport.fr\/blog\/6-nations-composition-italie-face-france\/\"><strong>Composition de l&rsquo;Italie face au XV de France<\/strong><\/a><\/li>\n<li style=\"text-align: justify;\"><a href=\"https:\/\/dicodusport.fr\/blog\/6-nations-2023-calendrier-resultats-et-classement\/\"><strong>Calendrier, r\u00e9sultats et classement du Tournoi des 6 Nations 2023<\/strong><\/a><\/li>\n<\/ul>\n<h2><\/h2>\n<p>&nbsp;<\/p>\n","protected":false},"excerpt":{"rendered":"<p>TOURNOI DES 6 NATIONS 2023 &#8211; Ce vendredi, Fabien Galthi\u00e9 a d\u00e9voil\u00e9 la composition du XV de France pour affronter l&rsquo;Italie ce dimanche (16h), dans le cadre de la 1\u00e8re journ\u00e9e du 6 Nations 2023.<\/p>\n","protected":false},"author":4,"featured_media":351414,"comment_status":"open","ping_status":"closed","sticky":false,"template":"","format":"standard","meta":{"_acf_changed":false,"_daextam_enable_autolinks":"","footnotes":""},"categories":[9129,47048,19951],"tags":[6015,374,1638],"class_list":["post-351410","post","type-post","status-publish","format-standard","has-post-thumbnail","hentry","category-rugby-a-xv","category-tournoi-des-6-nations","category-xv-de-france","tag-composition-xv-de-france","tag-italie","tag-xv-de-france"],"acf":[],"yoast_head":"<!-- This site is optimized with the Yoast SEO Premium plugin v26.7 (Yoast SEO v26.7) - https:\/\/yoast.com\/wordpress\/plugins\/seo\/ -->\n<title>6 Nations : Composition du XV de France face \u00e0 l&#039;Italie<\/title>\n<meta name=\"description\" content=\"TOURNOI DES 6 NATIONS 2023 - Ce vendredi, Fabien Galthi\u00e9 a d\u00e9voil\u00e9 la composition du XV de France pour affronter l&#039;Italie ce dimanche (16h).\" \/>\n<meta name=\"robots\" content=\"index, follow, max-snippet:-1, max-image-preview:large, max-video-preview:-1\" \/>\n<link rel=\"canonical\" href=\"https:\/\/dicodusport.fr\/blog\/6-nations-composition-xv-de-france-face-italie\/\" \/>\n<meta property=\"og:locale\" content=\"fr_FR\" \/>\n<meta property=\"og:type\" content=\"article\" \/>\n<meta property=\"og:title\" content=\"6 Nations : Composition du XV de France face \u00e0 l&#039;Italie\" \/>\n<meta property=\"og:description\" content=\"TOURNOI DES 6 NATIONS 2023 - Ce vendredi, Fabien Galthi\u00e9 a d\u00e9voil\u00e9 la composition du XV de France pour affronter l&#039;Italie ce dimanche (16h).\" \/>\n<meta property=\"og:url\" content=\"https:\/\/dicodusport.fr\/blog\/6-nations-composition-xv-de-france-face-italie\/\" \/>\n<meta property=\"og:site_name\" content=\"Dicodusport\" \/>\n<meta property=\"article:publisher\" content=\"https:\/\/www.facebook.com\/dicodusport\" \/>\n<meta property=\"article:author\" content=\"https:\/\/www.facebook.com\/florent.ostermann\" \/>\n<meta property=\"article:published_time\" content=\"2023-02-03T11:10:04+00:00\" \/>\n<meta property=\"article:modified_time\" content=\"2023-02-03T12:06:48+00:00\" \/>\n<meta property=\"og:image\" content=\"https:\/\/dicodusport.fr\/blog\/wp-content\/uploads\/2023\/02\/6-Nations-Composition-du-XV-de-France-face-a-lItalie.png\" \/>\n\t<meta property=\"og:image:width\" content=\"800\" \/>\n\t<meta property=\"og:image:height\" content=\"445\" \/>\n\t<meta property=\"og:image:type\" content=\"image\/png\" \/>\n<meta name=\"author\" content=\"Flo Ostermann\" \/>\n<meta name=\"twitter:card\" content=\"summary_large_image\" \/>\n<meta name=\"twitter:title\" content=\"6 Nations : Composition du XV de France face \u00e0 l&#039;Italie\" \/>\n<meta name=\"twitter:creator\" content=\"@https:\/\/twitter.com\/FlOstermann\" \/>\n<meta name=\"twitter:site\" content=\"@dicodusport\" \/>\n<script type=\"application\/ld+json\" class=\"yoast-schema-graph\">{\"@context\":\"https:\/\/schema.org\",\"@graph\":[{\"@type\":\"NewsArticle\",\"@id\":\"https:\/\/dicodusport.fr\/blog\/6-nations-composition-xv-de-france-face-italie\/#article\",\"isPartOf\":{\"@id\":\"https:\/\/dicodusport.fr\/blog\/6-nations-composition-xv-de-france-face-italie\/\"},\"author\":{\"name\":\"Flo Ostermann\",\"@id\":\"https:\/\/dicodusport.fr\/blog\/#\/schema\/person\/cb02af4c173ce4a653b55e9baf388d4a\"},\"headline\":\"6 Nations : Composition du XV de France face \u00e0 l&rsquo;Italie\",\"datePublished\":\"2023-02-03T11:10:04+00:00\",\"dateModified\":\"2023-02-03T12:06:48+00:00\",\"mainEntityOfPage\":{\"@id\":\"https:\/\/dicodusport.fr\/blog\/6-nations-composition-xv-de-france-face-italie\/\"},\"wordCount\":245,\"commentCount\":0,\"publisher\":{\"@id\":\"https:\/\/dicodusport.fr\/blog\/#organization\"},\"image\":{\"@id\":\"https:\/\/dicodusport.fr\/blog\/6-nations-composition-xv-de-france-face-italie\/#primaryimage\"},\"thumbnailUrl\":\"https:\/\/dicodusport.fr\/blog\/wp-content\/uploads\/2023\/02\/6-Nations-Composition-du-XV-de-France-face-a-lItalie.png\",\"keywords\":[\"composition XV de France\",\"Italie\",\"XV de France\"],\"articleSection\":[\"Rugby \u00e0 XV\",\"Tournoi des 6 Nations\",\"XV de France\"],\"inLanguage\":\"fr-FR\",\"potentialAction\":[{\"@type\":\"CommentAction\",\"name\":\"Comment\",\"target\":[\"https:\/\/dicodusport.fr\/blog\/6-nations-composition-xv-de-france-face-italie\/#respond\"]}],\"copyrightYear\":\"2023\",\"copyrightHolder\":{\"@id\":\"https:\/\/dicodusport.fr\/blog\/#organization\"}},{\"@type\":\"WebPage\",\"@id\":\"https:\/\/dicodusport.fr\/blog\/6-nations-composition-xv-de-france-face-italie\/\",\"url\":\"https:\/\/dicodusport.fr\/blog\/6-nations-composition-xv-de-france-face-italie\/\",\"name\":\"6 Nations : Composition du XV de France face \u00e0 l'Italie\",\"isPartOf\":{\"@id\":\"https:\/\/dicodusport.fr\/blog\/#website\"},\"primaryImageOfPage\":{\"@id\":\"https:\/\/dicodusport.fr\/blog\/6-nations-composition-xv-de-france-face-italie\/#primaryimage\"},\"image\":{\"@id\":\"https:\/\/dicodusport.fr\/blog\/6-nations-composition-xv-de-france-face-italie\/#primaryimage\"},\"thumbnailUrl\":\"https:\/\/dicodusport.fr\/blog\/wp-content\/uploads\/2023\/02\/6-Nations-Composition-du-XV-de-France-face-a-lItalie.png\",\"datePublished\":\"2023-02-03T11:10:04+00:00\",\"dateModified\":\"2023-02-03T12:06:48+00:00\",\"description\":\"TOURNOI DES 6 NATIONS 2023 - Ce vendredi, Fabien Galthi\u00e9 a d\u00e9voil\u00e9 la composition du XV de France pour affronter l'Italie ce dimanche (16h).\",\"breadcrumb\":{\"@id\":\"https:\/\/dicodusport.fr\/blog\/6-nations-composition-xv-de-france-face-italie\/#breadcrumb\"},\"inLanguage\":\"fr-FR\",\"potentialAction\":[{\"@type\":\"ReadAction\",\"target\":[\"https:\/\/dicodusport.fr\/blog\/6-nations-composition-xv-de-france-face-italie\/\"]}]},{\"@type\":\"ImageObject\",\"inLanguage\":\"fr-FR\",\"@id\":\"https:\/\/dicodusport.fr\/blog\/6-nations-composition-xv-de-france-face-italie\/#primaryimage\",\"url\":\"https:\/\/dicodusport.fr\/blog\/wp-content\/uploads\/2023\/02\/6-Nations-Composition-du-XV-de-France-face-a-lItalie.png\",\"contentUrl\":\"https:\/\/dicodusport.fr\/blog\/wp-content\/uploads\/2023\/02\/6-Nations-Composition-du-XV-de-France-face-a-lItalie.png\",\"width\":800,\"height\":445,\"caption\":\"6 Nations Composition du XV de France face \u00e0 l'Italie\"},{\"@type\":\"BreadcrumbList\",\"@id\":\"https:\/\/dicodusport.fr\/blog\/6-nations-composition-xv-de-france-face-italie\/#breadcrumb\",\"itemListElement\":[{\"@type\":\"ListItem\",\"position\":1,\"name\":\"Accueil\",\"item\":\"https:\/\/dicodusport.fr\/blog\/\"},{\"@type\":\"ListItem\",\"position\":2,\"name\":\"6 Nations : Composition du XV de France face \u00e0 l&rsquo;Italie\"}]},{\"@type\":\"WebSite\",\"@id\":\"https:\/\/dicodusport.fr\/blog\/#website\",\"url\":\"https:\/\/dicodusport.fr\/blog\/\",\"name\":\"Dicodusport\",\"description\":\"L&#039;encyclop\u00e9die de l&#039;actualit\u00e9 sportive\",\"publisher\":{\"@id\":\"https:\/\/dicodusport.fr\/blog\/#organization\"},\"potentialAction\":[{\"@type\":\"SearchAction\",\"target\":{\"@type\":\"EntryPoint\",\"urlTemplate\":\"https:\/\/dicodusport.fr\/blog\/?s={search_term_string}\"},\"query-input\":{\"@type\":\"PropertyValueSpecification\",\"valueRequired\":true,\"valueName\":\"search_term_string\"}}],\"inLanguage\":\"fr-FR\"},{\"@type\":\"NewsMediaOrganization\",\"@id\":\"https:\/\/dicodusport.fr\/blog\/#organization\",\"name\":\"Dicodusport\",\"url\":\"https:\/\/dicodusport.fr\/blog\/\",\"logo\":{\"@type\":\"ImageObject\",\"inLanguage\":\"fr-FR\",\"@id\":\"https:\/\/dicodusport.fr\/blog\/#\/schema\/logo\/image\/\",\"url\":\"https:\/\/dicodusport.fr\/blog\/wp-content\/uploads\/2020\/06\/cropped-LOGO-DICODUSPORT-2020-SANS-FOND-SANS-TEXTE.png\",\"contentUrl\":\"https:\/\/dicodusport.fr\/blog\/wp-content\/uploads\/2020\/06\/cropped-LOGO-DICODUSPORT-2020-SANS-FOND-SANS-TEXTE.png\",\"width\":512,\"height\":512,\"caption\":\"Dicodusport\"},\"image\":{\"@id\":\"https:\/\/dicodusport.fr\/blog\/#\/schema\/logo\/image\/\"},\"sameAs\":[\"https:\/\/www.facebook.com\/dicodusport\",\"https:\/\/x.com\/dicodusport\",\"https:\/\/www.instagram.com\/dicodusport\/\",\"https:\/\/www.youtube.com\/channel\/UC7V2KZ5sd3htJivAbA4ZG3w\"],\"description\":\"Dicodusport est l'encyclop\u00e9die de l'actualit\u00e9 sportive.\",\"email\":\"bonjour@dicodusport.fr\",\"legalName\":\"DICODUSPORT\",\"foundingDate\":\"2018-01-14\",\"vatID\":\"FR71834470973\",\"taxID\":\"83447097300043\",\"numberOfEmployees\":{\"@type\":\"QuantitativeValue\",\"minValue\":\"1\",\"maxValue\":\"10\"}},{\"@type\":\"Person\",\"@id\":\"https:\/\/dicodusport.fr\/blog\/#\/schema\/person\/cb02af4c173ce4a653b55e9baf388d4a\",\"name\":\"Flo Ostermann\",\"image\":{\"@type\":\"ImageObject\",\"inLanguage\":\"fr-FR\",\"@id\":\"https:\/\/dicodusport.fr\/blog\/#\/schema\/person\/image\/\",\"url\":\"https:\/\/dicodusport.fr\/blog\/wp-content\/uploads\/2021\/05\/Flo-Ostermann-150x150.jpg\",\"contentUrl\":\"https:\/\/dicodusport.fr\/blog\/wp-content\/uploads\/2021\/05\/Flo-Ostermann-150x150.jpg\",\"caption\":\"Flo Ostermann\"},\"description\":\"Journaliste\/R\u00e9dacteur depuis septembre 2015 - Mes premiers souvenirs dans le sport ? Les envol\u00e9es du Stade Toulousain et les duels Villeneuve-Schumacher et H\u00e4kkinen-Schumacher \u00e0 la fin des ann\u00e9es 90, la Coupe du monde de football en 1998, l\u2019exploit du XV de France face aux All Blacks en 1999, mais aussi Richard C\u0153ur de Lion qui vole sur les montagnes du Tour de France. Bien parti pour devenir professeur d\u2019EPS, les \u00e9v\u00e9nements de la vie (et la flemme d\u2019animer des s\u00e9ances de 3x500 m\u00e8tres toute ma vie) m\u2019ont conduit \u00e0 revoir mes plans. Me voil\u00e0 depuis fin 2017 sur Dicodusport, m\u00e9dia gr\u00e2ce (et pour) lequel je partage ma passion : le sport dans tous ses \u00e9tats. Le tout accompagn\u00e9 par les fous furieux et folles furieuses cit\u00e9s sur cette page !\",\"sameAs\":[\"https:\/\/www.facebook.com\/florent.ostermann\",\"https:\/\/x.com\/https:\/\/twitter.com\/FlOstermann\",\"admin\"],\"url\":\"https:\/\/dicodusport.fr\/blog\/author\/flo\/\"}]}<\/script>\n<!-- \/ Yoast SEO Premium plugin. -->","yoast_head_json":{"title":"6 Nations : Composition du XV de France face \u00e0 l'Italie","description":"TOURNOI DES 6 NATIONS 2023 - Ce vendredi, Fabien Galthi\u00e9 a d\u00e9voil\u00e9 la composition du XV de France pour affronter l'Italie ce dimanche (16h).","robots":{"index":"index","follow":"follow","max-snippet":"max-snippet:-1","max-image-preview":"max-image-preview:large","max-video-preview":"max-video-preview:-1"},"canonical":"https:\/\/dicodusport.fr\/blog\/6-nations-composition-xv-de-france-face-italie\/","og_locale":"fr_FR","og_type":"article","og_title":"6 Nations : Composition du XV de France face \u00e0 l'Italie","og_description":"TOURNOI DES 6 NATIONS 2023 - Ce vendredi, Fabien Galthi\u00e9 a d\u00e9voil\u00e9 la composition du XV de France pour affronter l'Italie ce dimanche (16h).","og_url":"https:\/\/dicodusport.fr\/blog\/6-nations-composition-xv-de-france-face-italie\/","og_site_name":"Dicodusport","article_publisher":"https:\/\/www.facebook.com\/dicodusport","article_author":"https:\/\/www.facebook.com\/florent.ostermann","article_published_time":"2023-02-03T11:10:04+00:00","article_modified_time":"2023-02-03T12:06:48+00:00","og_image":[{"width":800,"height":445,"url":"https:\/\/dicodusport.fr\/blog\/wp-content\/uploads\/2023\/02\/6-Nations-Composition-du-XV-de-France-face-a-lItalie.png","type":"image\/png"}],"author":"Flo Ostermann","twitter_card":"summary_large_image","twitter_title":"6 Nations : Composition du XV de France face \u00e0 l'Italie","twitter_creator":"@https:\/\/twitter.com\/FlOstermann","twitter_site":"@dicodusport","schema":{"@context":"https:\/\/schema.org","@graph":[{"@type":"NewsArticle","@id":"https:\/\/dicodusport.fr\/blog\/6-nations-composition-xv-de-france-face-italie\/#article","isPartOf":{"@id":"https:\/\/dicodusport.fr\/blog\/6-nations-composition-xv-de-france-face-italie\/"},"author":{"name":"Flo Ostermann","@id":"https:\/\/dicodusport.fr\/blog\/#\/schema\/person\/cb02af4c173ce4a653b55e9baf388d4a"},"headline":"6 Nations : Composition du XV de France face \u00e0 l&rsquo;Italie","datePublished":"2023-02-03T11:10:04+00:00","dateModified":"2023-02-03T12:06:48+00:00","mainEntityOfPage":{"@id":"https:\/\/dicodusport.fr\/blog\/6-nations-composition-xv-de-france-face-italie\/"},"wordCount":245,"commentCount":0,"publisher":{"@id":"https:\/\/dicodusport.fr\/blog\/#organization"},"image":{"@id":"https:\/\/dicodusport.fr\/blog\/6-nations-composition-xv-de-france-face-italie\/#primaryimage"},"thumbnailUrl":"https:\/\/dicodusport.fr\/blog\/wp-content\/uploads\/2023\/02\/6-Nations-Composition-du-XV-de-France-face-a-lItalie.png","keywords":["composition XV de France","Italie","XV de France"],"articleSection":["Rugby \u00e0 XV","Tournoi des 6 Nations","XV de France"],"inLanguage":"fr-FR","potentialAction":[{"@type":"CommentAction","name":"Comment","target":["https:\/\/dicodusport.fr\/blog\/6-nations-composition-xv-de-france-face-italie\/#respond"]}],"copyrightYear":"2023","copyrightHolder":{"@id":"https:\/\/dicodusport.fr\/blog\/#organization"}},{"@type":"WebPage","@id":"https:\/\/dicodusport.fr\/blog\/6-nations-composition-xv-de-france-face-italie\/","url":"https:\/\/dicodusport.fr\/blog\/6-nations-composition-xv-de-france-face-italie\/","name":"6 Nations : Composition du XV de France face \u00e0 l'Italie","isPartOf":{"@id":"https:\/\/dicodusport.fr\/blog\/#website"},"primaryImageOfPage":{"@id":"https:\/\/dicodusport.fr\/blog\/6-nations-composition-xv-de-france-face-italie\/#primaryimage"},"image":{"@id":"https:\/\/dicodusport.fr\/blog\/6-nations-composition-xv-de-france-face-italie\/#primaryimage"},"thumbnailUrl":"https:\/\/dicodusport.fr\/blog\/wp-content\/uploads\/2023\/02\/6-Nations-Composition-du-XV-de-France-face-a-lItalie.png","datePublished":"2023-02-03T11:10:04+00:00","dateModified":"2023-02-03T12:06:48+00:00","description":"TOURNOI DES 6 NATIONS 2023 - Ce vendredi, Fabien Galthi\u00e9 a d\u00e9voil\u00e9 la composition du XV de France pour affronter l'Italie ce dimanche (16h).","breadcrumb":{"@id":"https:\/\/dicodusport.fr\/blog\/6-nations-composition-xv-de-france-face-italie\/#breadcrumb"},"inLanguage":"fr-FR","potentialAction":[{"@type":"ReadAction","target":["https:\/\/dicodusport.fr\/blog\/6-nations-composition-xv-de-france-face-italie\/"]}]},{"@type":"ImageObject","inLanguage":"fr-FR","@id":"https:\/\/dicodusport.fr\/blog\/6-nations-composition-xv-de-france-face-italie\/#primaryimage","url":"https:\/\/dicodusport.fr\/blog\/wp-content\/uploads\/2023\/02\/6-Nations-Composition-du-XV-de-France-face-a-lItalie.png","contentUrl":"https:\/\/dicodusport.fr\/blog\/wp-content\/uploads\/2023\/02\/6-Nations-Composition-du-XV-de-France-face-a-lItalie.png","width":800,"height":445,"caption":"6 Nations Composition du XV de France face \u00e0 l'Italie"},{"@type":"BreadcrumbList","@id":"https:\/\/dicodusport.fr\/blog\/6-nations-composition-xv-de-france-face-italie\/#breadcrumb","itemListElement":[{"@type":"ListItem","position":1,"name":"Accueil","item":"https:\/\/dicodusport.fr\/blog\/"},{"@type":"ListItem","position":2,"name":"6 Nations : Composition du XV de France face \u00e0 l&rsquo;Italie"}]},{"@type":"WebSite","@id":"https:\/\/dicodusport.fr\/blog\/#website","url":"https:\/\/dicodusport.fr\/blog\/","name":"Dicodusport","description":"L&#039;encyclop\u00e9die de l&#039;actualit\u00e9 sportive","publisher":{"@id":"https:\/\/dicodusport.fr\/blog\/#organization"},"potentialAction":[{"@type":"SearchAction","target":{"@type":"EntryPoint","urlTemplate":"https:\/\/dicodusport.fr\/blog\/?s={search_term_string}"},"query-input":{"@type":"PropertyValueSpecification","valueRequired":true,"valueName":"search_term_string"}}],"inLanguage":"fr-FR"},{"@type":"NewsMediaOrganization","@id":"https:\/\/dicodusport.fr\/blog\/#organization","name":"Dicodusport","url":"https:\/\/dicodusport.fr\/blog\/","logo":{"@type":"ImageObject","inLanguage":"fr-FR","@id":"https:\/\/dicodusport.fr\/blog\/#\/schema\/logo\/image\/","url":"https:\/\/dicodusport.fr\/blog\/wp-content\/uploads\/2020\/06\/cropped-LOGO-DICODUSPORT-2020-SANS-FOND-SANS-TEXTE.png","contentUrl":"https:\/\/dicodusport.fr\/blog\/wp-content\/uploads\/2020\/06\/cropped-LOGO-DICODUSPORT-2020-SANS-FOND-SANS-TEXTE.png","width":512,"height":512,"caption":"Dicodusport"},"image":{"@id":"https:\/\/dicodusport.fr\/blog\/#\/schema\/logo\/image\/"},"sameAs":["https:\/\/www.facebook.com\/dicodusport","https:\/\/x.com\/dicodusport","https:\/\/www.instagram.com\/dicodusport\/","https:\/\/www.youtube.com\/channel\/UC7V2KZ5sd3htJivAbA4ZG3w"],"description":"Dicodusport est l'encyclop\u00e9die de l'actualit\u00e9 sportive.","email":"bonjour@dicodusport.fr","legalName":"DICODUSPORT","foundingDate":"2018-01-14","vatID":"FR71834470973","taxID":"83447097300043","numberOfEmployees":{"@type":"QuantitativeValue","minValue":"1","maxValue":"10"}},{"@type":"Person","@id":"https:\/\/dicodusport.fr\/blog\/#\/schema\/person\/cb02af4c173ce4a653b55e9baf388d4a","name":"Flo Ostermann","image":{"@type":"ImageObject","inLanguage":"fr-FR","@id":"https:\/\/dicodusport.fr\/blog\/#\/schema\/person\/image\/","url":"https:\/\/dicodusport.fr\/blog\/wp-content\/uploads\/2021\/05\/Flo-Ostermann-150x150.jpg","contentUrl":"https:\/\/dicodusport.fr\/blog\/wp-content\/uploads\/2021\/05\/Flo-Ostermann-150x150.jpg","caption":"Flo Ostermann"},"description":"Journaliste\/R\u00e9dacteur depuis septembre 2015 - Mes premiers souvenirs dans le sport ? Les envol\u00e9es du Stade Toulousain et les duels Villeneuve-Schumacher et H\u00e4kkinen-Schumacher \u00e0 la fin des ann\u00e9es 90, la Coupe du monde de football en 1998, l\u2019exploit du XV de France face aux All Blacks en 1999, mais aussi Richard C\u0153ur de Lion qui vole sur les montagnes du Tour de France. Bien parti pour devenir professeur d\u2019EPS, les \u00e9v\u00e9nements de la vie (et la flemme d\u2019animer des s\u00e9ances de 3x500 m\u00e8tres toute ma vie) m\u2019ont conduit \u00e0 revoir mes plans. Me voil\u00e0 depuis fin 2017 sur Dicodusport, m\u00e9dia gr\u00e2ce (et pour) lequel je partage ma passion : le sport dans tous ses \u00e9tats. Le tout accompagn\u00e9 par les fous furieux et folles furieuses cit\u00e9s sur cette page !","sameAs":["https:\/\/www.facebook.com\/florent.ostermann","https:\/\/x.com\/https:\/\/twitter.com\/FlOstermann","admin"],"url":"https:\/\/dicodusport.fr\/blog\/author\/flo\/"}]}},"_links":{"self":[{"href":"https:\/\/dicodusport.fr\/blog\/wp-json\/wp\/v2\/posts\/351410","targetHints":{"allow":["GET"]}}],"collection":[{"href":"https:\/\/dicodusport.fr\/blog\/wp-json\/wp\/v2\/posts"}],"about":[{"href":"https:\/\/dicodusport.fr\/blog\/wp-json\/wp\/v2\/types\/post"}],"author":[{"embeddable":true,"href":"https:\/\/dicodusport.fr\/blog\/wp-json\/wp\/v2\/users\/4"}],"replies":[{"embeddable":true,"href":"https:\/\/dicodusport.fr\/blog\/wp-json\/wp\/v2\/comments?post=351410"}],"version-history":[{"count":0,"href":"https:\/\/dicodusport.fr\/blog\/wp-json\/wp\/v2\/posts\/351410\/revisions"}],"wp:featuredmedia":[{"embeddable":true,"href":"https:\/\/dicodusport.fr\/blog\/wp-json\/wp\/v2\/media\/351414"}],"wp:attachment":[{"href":"https:\/\/dicodusport.fr\/blog\/wp-json\/wp\/v2\/media?parent=351410"}],"wp:term":[{"taxonomy":"category","embeddable":true,"href":"https:\/\/dicodusport.fr\/blog\/wp-json\/wp\/v2\/categories?post=351410"},{"taxonomy":"post_tag","embeddable":true,"href":"https:\/\/dicodusport.fr\/blog\/wp-json\/wp\/v2\/tags?post=351410"}],"curies":[{"name":"wp","href":"https:\/\/api.w.org\/{rel}","templated":true}]}}