{"id":35155,"date":"2019-03-13T09:00:27","date_gmt":"2019-03-13T08:00:27","guid":{"rendered":"http:\/\/dicodusport.fr\/blog\/?p=35155"},"modified":"2025-11-20T18:28:59","modified_gmt":"2025-11-20T17:28:59","slug":"verticale-de-la-tour-eiffel-un-rendez-vous-au-sommet","status":"publish","type":"post","link":"https:\/\/dicodusport.fr\/blog\/verticale-de-la-tour-eiffel-un-rendez-vous-au-sommet\/","title":{"rendered":"Verticale de la Tour Eiffel : un rendez-vous au sommet !"},"content":{"rendered":"<p style=\"text-align: justify;\"><em><strong>Ce mercredi 13 mars se tiendra la 4\u00e8me \u00e9dition de <a href=\"https:\/\/www.verticaletoureiffel.fr\/\" target=\"_blank\" rel=\"noopener\">La Verticale de la Tour Eiffel<\/a>, une course originale, insolite, mais \u00e9galement tr\u00e8s physique ! Pr\u00e9sentation de l\u2019\u00e9v\u00e9nement.<\/strong><\/em><\/p>\n<p style=\"text-align: justify;\">D\u00e8s son ouverture lors de la 10\u00e8me exposition Universelle qui se tenait \u00e0 Paris en 1889, occasion pour laquelle la Tour Eiffel avait \u00e9t\u00e9 construite, les visiteurs pouvaient emprunter des ascenseurs pour pr\u00e9tendre admirer la ville lumi\u00e8re et jouir d&rsquo;un panorama magnifique. Une prouesse pour l&rsquo;\u00e9poque. D\u00e8s lors, 130 ans plus tard, certains s&rsquo;adonnent \u00e0 une toute autre pratique afin d&rsquo;atteindre le sommet de la dame de fer.<\/p>\n<h1 style=\"text-align: justify;\">1665 marches \u00e0 gravir !<\/h1>\n<p style=\"text-align: justify;\">Cette autre pratique consiste \u00e0 avaler les 1665 marches de la Tour Eiffel&#8230; en courant ! Pour cette 4\u00e8me \u00e9dition qui est organis\u00e9e en parall\u00e8le de l&rsquo;EcoTrail de Paris qui se d\u00e9roulera ce week-end, ils seront 130 femmes et hommes d&rsquo;une vingtaine de nationalit\u00e9s diff\u00e9rentes \u00e0 s&rsquo;en donner \u00e0 c\u0153ur joie pour rejoindre le sommet du monument. Si depuis quelques ann\u00e9es les courses de ce genre se sont r\u00e9pandues \u00e0 travers le monde et en France o\u00f9 les des courses sous le label Tower Run ont vu le jour, notamment \u00e0 Lille, Lyon, Bordeaux ou \u00e0 la Tour Montparnasse de Paris, la sp\u00e9cificit\u00e9 de la verticale de la Tour Eiffel r\u00e9side dans le fait\u00a0que cette course soit totalement ouverte sur l&rsquo;ext\u00e9rieur, ce qui en fait la seule course d&rsquo;escaliers de ce type au monde.<\/p>\n<p><span class=\"9gjdsEB4OYUr3TSpLQzwfovV5WPh7K8b61iMulIcnGXyHRx\"><iframe loading=\"lazy\" title=\"Verticale de la Tour Eiffel 2018\" width=\"740\" height=\"416\" src=\"https:\/\/www.youtube.com\/embed\/qFdgkquBvmg?feature=oembed\" frameborder=\"0\" allow=\"accelerometer; autoplay; clipboard-write; encrypted-media; gyroscope; picture-in-picture; web-share\" allowfullscreen><\/iframe><\/span><\/p>\n<h1 style=\"text-align: justify;\">Entre \u00e9lites et amateurs, le tout pour la bonne cause<\/h1>\n<p style=\"text-align: justify;\">Ils seront donc 130 \u00e0 participer \u00e0 cette ascension dont le d\u00e9nivel\u00e9 positif est de 276m. Dans le d\u00e9tail, ils seront 40 coureurs \u00e9lites issus du monde du running, trail, sp\u00e9cialistes des kilom\u00e8tres verticaux, 80 coureurs amateurs qui ont d\u00fb r\u00e9pondre \u00e0 certains crit\u00e8res (courir un 10 km en moins de 50 minutes par exemple) et condition la plus difficile, \u00eatre tir\u00e9 au sort (10% de chanceux), et enfin 10 wild cards, des coureurs invit\u00e9s qui auront gagn\u00e9 leur dossard en mettant en avant toute leur motivation afin de participer \u00e0 l&rsquo;\u00e9preuve. Mais parmi tout ces coureurs(euses), on peut d\u00e9tacher deux athl\u00e8tes, v\u00e9ritables sp\u00e9cialistes, pour preuve depuis sa cr\u00e9ation, ils ont tous les deux remport\u00e9 les 4 \u00e9ditions !<\/p>\n<p style=\"text-align: justify;\">Du c\u00f4t\u00e9 f\u00e9minin, il s&rsquo;agit de l&rsquo;athl\u00e8te australienne Suzy Walsham, \u00e2g\u00e9e de 45 ans, coureuse initialement de 800m, mais qui s&rsquo;est fait une sp\u00e9cialit\u00e9 dans le domaine depuis une dizaine d&rsquo;ann\u00e9es. Son secret ? Elle a tout simplement quitt\u00e9 son \u00eele natale et les for\u00eats d&rsquo;eucalyptus pour Singapour et sa for\u00eat&#8230; de gratte-ciels ! Apr\u00e8s <em>\u00ab une carri\u00e8re modeste en athl\u00e9tisme\u00a0\u00bb<\/em> selon ses propres mots, l&rsquo;athl\u00e8te a notamment remport\u00e9 8 fois la course de l&rsquo;Empire State Building \u00e0 New-York, admettant que ces ann\u00e9es d&rsquo;entra\u00eenement en endurance lui servent. Le petit conseil de la championne qui tous les jours monte \u00e0 son bureau situ\u00e9 au 44\u00e8me \u00e9tag\u00e9 \u00e0 pied ? <em>\u00ab<\/em> <em>Chaque type d&rsquo;escaliers n\u00e9cessite une foul\u00e9e adapt\u00e9e. S&rsquo;aider d&rsquo;une rampe est pr\u00e9cieux mais demande une technique particuli\u00e8re. Et une paire de gants de cycliste pour \u00e9viter les ampoules\u00a0!\u00a0\u00bb <\/em><\/p>\n<p style=\"text-align: justify;\">Chez les hommes, c&rsquo;est le Polonais Piotr Lobodzinski, sp\u00e9cialiste des courses de montagne, qui rafle tout ou presque dans le domaine de la course d&rsquo;escaliers, o\u00f9 un circuit mondial a \u00e9t\u00e9 cr\u00e9\u00e9 en 2009 et dont il est le laur\u00e9at depuis 2013. \u00c2g\u00e9 de 33 ans, l&rsquo;athl\u00e8te s&rsquo;avance donc encore une fois en grandissime favori \u00e0 sa propre succession sur l&rsquo;\u00e9preuve parisienne.<\/p>\n<p style=\"text-align: justify;\">Et niveau chrono, cela donne quoi ? Le record c\u00f4t\u00e9 f\u00e9minin est de 9 minutes 34 secondes et date de 2017. Chez les hommes, il est de 7 minutes 48 secondes\u00a0datant quant \u00e0 lui de 2016. En soit, ils ne sont peut-\u00eatre pas si fous, c&rsquo;est sans doute le moyen le plus rapide pour eux de rejoindre le sommet, par rapport au temps d&rsquo;attente pour prendre l&rsquo;ascenseur.<\/p>\n<p style=\"text-align: justify;\">Le c\u0153ur et le corps seront au centre de cet \u00e9v\u00e9nement car il est \u00e0 noter que tous les b\u00e9n\u00e9fices li\u00e9s aux inscriptions seront revers\u00e9s \u00e0 une association.<\/p>\n<p><strong><em>Julien Corr\u00e9ia<br \/>\n<a href=\"https:\/\/www.facebook.com\/julien.correia.52\" target=\"_blank\" rel=\"noopener\"><img loading=\"lazy\" decoding=\"async\" class=\"alignnone wp-image-2909\" src=\"http:\/\/dicodusport.fr\/blog\/wp-content\/uploads\/2017\/07\/logo-facebook-150x150.png\" alt=\"\" width=\"40\" height=\"40\" \/><\/a><a href=\"https:\/\/twitter.com\/julienco_psg70\" target=\"_blank\" rel=\"noopener\"><img loading=\"lazy\" decoding=\"async\" class=\"alignnone wp-image-2908\" src=\"http:\/\/dicodusport.fr\/blog\/wp-content\/uploads\/2017\/07\/logo-twitter-150x150.png\" alt=\"\" width=\"39\" height=\"39\" \/><\/a><\/em><\/strong><\/p>\n<p>&nbsp;<\/p>\n","protected":false},"excerpt":{"rendered":"<p>Ce mercredi 13 mars se tiendra la 4\u00e8me \u00e9dition de La Verticale de la Tour Eiffel, une course originale, insolite, mais \u00e9galement tr\u00e8s physique ! Pr\u00e9sentation de l\u2019\u00e9v\u00e9nement.<\/p>\n","protected":false},"author":37,"featured_media":35186,"comment_status":"open","ping_status":"closed","sticky":false,"template":"","format":"standard","meta":{"_acf_changed":false,"_daextam_enable_autolinks":"","footnotes":""},"categories":[2308],"tags":[429,352],"class_list":["post-35155","post","type-post","status-publish","format-standard","has-post-thumbnail","hentry","category-athletisme","tag-paris","tag-running"],"acf":[],"yoast_head":"<!-- This site is optimized with the Yoast SEO Premium plugin v26.7 (Yoast SEO v26.7) - https:\/\/yoast.com\/wordpress\/plugins\/seo\/ -->\n<title>Verticale de la Tour Eiffel : un rendez-vous au sommet !<\/title>\n<meta name=\"description\" content=\"Ce mercredi 13 mars se tiendra la 4\u00e8me \u00e9dition de la Verticale de la Tour Eiffel. Pr\u00e9sentation de cette course autant insolite qu&#039;\u00e9prouvante.\" \/>\n<meta name=\"robots\" content=\"index, follow, max-snippet:-1, max-image-preview:large, max-video-preview:-1\" \/>\n<link rel=\"canonical\" href=\"https:\/\/dicodusport.fr\/blog\/verticale-de-la-tour-eiffel-un-rendez-vous-au-sommet\/\" \/>\n<meta property=\"og:locale\" content=\"fr_FR\" \/>\n<meta property=\"og:type\" content=\"article\" \/>\n<meta property=\"og:title\" content=\"Verticale de la Tour Eiffel : un rendez-vous au sommet !\" \/>\n<meta property=\"og:description\" content=\"Ce mercredi 13 mars se tiendra la 4\u00e8me \u00e9dition de la Verticale de la Tour Eiffel. Pr\u00e9sentation de cette course autant insolite qu&#039;\u00e9prouvante.\" \/>\n<meta property=\"og:url\" content=\"https:\/\/dicodusport.fr\/blog\/verticale-de-la-tour-eiffel-un-rendez-vous-au-sommet\/\" \/>\n<meta property=\"og:site_name\" content=\"Dicodusport\" \/>\n<meta property=\"article:publisher\" content=\"https:\/\/www.facebook.com\/dicodusport\" \/>\n<meta property=\"article:author\" content=\"https:\/\/www.facebook.com\/julien.correia.52\" \/>\n<meta property=\"article:published_time\" content=\"2019-03-13T08:00:27+00:00\" \/>\n<meta property=\"article:modified_time\" content=\"2025-11-20T17:28:59+00:00\" \/>\n<meta property=\"og:image\" content=\"https:\/\/dicodusport.fr\/blog\/wp-content\/uploads\/2019\/03\/La-Verticale-de-la-Tour-Eiffel-2019.png\" \/>\n\t<meta property=\"og:image:width\" content=\"800\" \/>\n\t<meta property=\"og:image:height\" content=\"445\" \/>\n\t<meta property=\"og:image:type\" content=\"image\/png\" \/>\n<meta name=\"author\" content=\"Julien Correia\" \/>\n<meta name=\"twitter:card\" content=\"summary_large_image\" \/>\n<meta name=\"twitter:creator\" content=\"@https:\/\/twitter.com\/julienco_psg70\" \/>\n<meta name=\"twitter:site\" content=\"@dicodusport\" \/>\n<script type=\"application\/ld+json\" class=\"yoast-schema-graph\">{\"@context\":\"https:\/\/schema.org\",\"@graph\":[{\"@type\":\"NewsArticle\",\"@id\":\"https:\/\/dicodusport.fr\/blog\/verticale-de-la-tour-eiffel-un-rendez-vous-au-sommet\/#article\",\"isPartOf\":{\"@id\":\"https:\/\/dicodusport.fr\/blog\/verticale-de-la-tour-eiffel-un-rendez-vous-au-sommet\/\"},\"author\":{\"name\":\"Julien Correia\",\"@id\":\"https:\/\/dicodusport.fr\/blog\/#\/schema\/person\/0f73d157e4670e108e23009fa82f2239\"},\"headline\":\"Verticale de la Tour Eiffel : un rendez-vous au sommet !\",\"datePublished\":\"2019-03-13T08:00:27+00:00\",\"dateModified\":\"2025-11-20T17:28:59+00:00\",\"mainEntityOfPage\":{\"@id\":\"https:\/\/dicodusport.fr\/blog\/verticale-de-la-tour-eiffel-un-rendez-vous-au-sommet\/\"},\"wordCount\":718,\"commentCount\":0,\"publisher\":{\"@id\":\"https:\/\/dicodusport.fr\/blog\/#organization\"},\"image\":{\"@id\":\"https:\/\/dicodusport.fr\/blog\/verticale-de-la-tour-eiffel-un-rendez-vous-au-sommet\/#primaryimage\"},\"thumbnailUrl\":\"https:\/\/dicodusport.fr\/blog\/wp-content\/uploads\/2019\/03\/La-Verticale-de-la-Tour-Eiffel-2019.png\",\"keywords\":[\"Paris\",\"Running\"],\"articleSection\":[\"Athl\u00e9tisme\"],\"inLanguage\":\"fr-FR\",\"potentialAction\":[{\"@type\":\"CommentAction\",\"name\":\"Comment\",\"target\":[\"https:\/\/dicodusport.fr\/blog\/verticale-de-la-tour-eiffel-un-rendez-vous-au-sommet\/#respond\"]}],\"copyrightYear\":\"2019\",\"copyrightHolder\":{\"@id\":\"https:\/\/dicodusport.fr\/blog\/#organization\"}},{\"@type\":\"WebPage\",\"@id\":\"https:\/\/dicodusport.fr\/blog\/verticale-de-la-tour-eiffel-un-rendez-vous-au-sommet\/\",\"url\":\"https:\/\/dicodusport.fr\/blog\/verticale-de-la-tour-eiffel-un-rendez-vous-au-sommet\/\",\"name\":\"Verticale de la Tour Eiffel : un rendez-vous au sommet !\",\"isPartOf\":{\"@id\":\"https:\/\/dicodusport.fr\/blog\/#website\"},\"primaryImageOfPage\":{\"@id\":\"https:\/\/dicodusport.fr\/blog\/verticale-de-la-tour-eiffel-un-rendez-vous-au-sommet\/#primaryimage\"},\"image\":{\"@id\":\"https:\/\/dicodusport.fr\/blog\/verticale-de-la-tour-eiffel-un-rendez-vous-au-sommet\/#primaryimage\"},\"thumbnailUrl\":\"https:\/\/dicodusport.fr\/blog\/wp-content\/uploads\/2019\/03\/La-Verticale-de-la-Tour-Eiffel-2019.png\",\"datePublished\":\"2019-03-13T08:00:27+00:00\",\"dateModified\":\"2025-11-20T17:28:59+00:00\",\"description\":\"Ce mercredi 13 mars se tiendra la 4\u00e8me \u00e9dition de la Verticale de la Tour Eiffel. Pr\u00e9sentation de cette course autant insolite qu'\u00e9prouvante.\",\"breadcrumb\":{\"@id\":\"https:\/\/dicodusport.fr\/blog\/verticale-de-la-tour-eiffel-un-rendez-vous-au-sommet\/#breadcrumb\"},\"inLanguage\":\"fr-FR\",\"potentialAction\":[{\"@type\":\"ReadAction\",\"target\":[\"https:\/\/dicodusport.fr\/blog\/verticale-de-la-tour-eiffel-un-rendez-vous-au-sommet\/\"]}]},{\"@type\":\"ImageObject\",\"inLanguage\":\"fr-FR\",\"@id\":\"https:\/\/dicodusport.fr\/blog\/verticale-de-la-tour-eiffel-un-rendez-vous-au-sommet\/#primaryimage\",\"url\":\"https:\/\/dicodusport.fr\/blog\/wp-content\/uploads\/2019\/03\/La-Verticale-de-la-Tour-Eiffel-2019.png\",\"contentUrl\":\"https:\/\/dicodusport.fr\/blog\/wp-content\/uploads\/2019\/03\/La-Verticale-de-la-Tour-Eiffel-2019.png\",\"width\":800,\"height\":445},{\"@type\":\"BreadcrumbList\",\"@id\":\"https:\/\/dicodusport.fr\/blog\/verticale-de-la-tour-eiffel-un-rendez-vous-au-sommet\/#breadcrumb\",\"itemListElement\":[{\"@type\":\"ListItem\",\"position\":1,\"name\":\"Accueil\",\"item\":\"https:\/\/dicodusport.fr\/blog\/\"},{\"@type\":\"ListItem\",\"position\":2,\"name\":\"Verticale de la Tour Eiffel : un rendez-vous au sommet !\"}]},{\"@type\":\"WebSite\",\"@id\":\"https:\/\/dicodusport.fr\/blog\/#website\",\"url\":\"https:\/\/dicodusport.fr\/blog\/\",\"name\":\"Dicodusport\",\"description\":\"L&#039;encyclop\u00e9die de l&#039;actualit\u00e9 sportive\",\"publisher\":{\"@id\":\"https:\/\/dicodusport.fr\/blog\/#organization\"},\"potentialAction\":[{\"@type\":\"SearchAction\",\"target\":{\"@type\":\"EntryPoint\",\"urlTemplate\":\"https:\/\/dicodusport.fr\/blog\/?s={search_term_string}\"},\"query-input\":{\"@type\":\"PropertyValueSpecification\",\"valueRequired\":true,\"valueName\":\"search_term_string\"}}],\"inLanguage\":\"fr-FR\"},{\"@type\":\"NewsMediaOrganization\",\"@id\":\"https:\/\/dicodusport.fr\/blog\/#organization\",\"name\":\"Dicodusport\",\"url\":\"https:\/\/dicodusport.fr\/blog\/\",\"logo\":{\"@type\":\"ImageObject\",\"inLanguage\":\"fr-FR\",\"@id\":\"https:\/\/dicodusport.fr\/blog\/#\/schema\/logo\/image\/\",\"url\":\"https:\/\/dicodusport.fr\/blog\/wp-content\/uploads\/2020\/06\/cropped-LOGO-DICODUSPORT-2020-SANS-FOND-SANS-TEXTE.png\",\"contentUrl\":\"https:\/\/dicodusport.fr\/blog\/wp-content\/uploads\/2020\/06\/cropped-LOGO-DICODUSPORT-2020-SANS-FOND-SANS-TEXTE.png\",\"width\":512,\"height\":512,\"caption\":\"Dicodusport\"},\"image\":{\"@id\":\"https:\/\/dicodusport.fr\/blog\/#\/schema\/logo\/image\/\"},\"sameAs\":[\"https:\/\/www.facebook.com\/dicodusport\",\"https:\/\/x.com\/dicodusport\",\"https:\/\/www.instagram.com\/dicodusport\/\",\"https:\/\/www.youtube.com\/channel\/UC7V2KZ5sd3htJivAbA4ZG3w\"],\"description\":\"Dicodusport est l'encyclop\u00e9die de l'actualit\u00e9 sportive.\",\"email\":\"bonjour@dicodusport.fr\",\"legalName\":\"DICODUSPORT\",\"foundingDate\":\"2018-01-14\",\"vatID\":\"FR71834470973\",\"taxID\":\"83447097300043\",\"numberOfEmployees\":{\"@type\":\"QuantitativeValue\",\"minValue\":\"1\",\"maxValue\":\"10\"}},{\"@type\":\"Person\",\"@id\":\"https:\/\/dicodusport.fr\/blog\/#\/schema\/person\/0f73d157e4670e108e23009fa82f2239\",\"name\":\"Julien Correia\",\"image\":{\"@type\":\"ImageObject\",\"inLanguage\":\"fr-FR\",\"@id\":\"https:\/\/dicodusport.fr\/blog\/#\/schema\/person\/image\/\",\"url\":\"https:\/\/dicodusport.fr\/blog\/wp-content\/uploads\/2021\/05\/Julien-Correia-150x150.jpg\",\"contentUrl\":\"https:\/\/dicodusport.fr\/blog\/wp-content\/uploads\/2021\/05\/Julien-Correia-150x150.jpg\",\"caption\":\"Julien Correia\"},\"description\":\"Journaliste\/r\u00e9dacteur depuis janvier 2019 - Tomb\u00e9 dans le monde du ballon rond \u00e9tant petit, j\u2019aurais pu devenir pro sans ces foutus ligaments crois\u00e9s. D\u00e9filant sur les champs (mais pas Elys\u00e9es) en 98, j\u2019ai \u00e9t\u00e9 berc\u00e9 par les exploits de Mister George, piqu\u00e9 par la technique du Snake, grandi avec Captain Rai et Ronnie, m\u00fbri avec Pauleta et Edi. Mais Ibracadabra, je suis d\u00e9sormais reconverti en runner\/traileur. Moins rapide que Bolt et moins endurant que Jornet, c\u2019est donc plume \u00e0 la main que je partage les exploits de ces athl\u00e8tes !\",\"sameAs\":[\"https:\/\/www.facebook.com\/julien.correia.52\",\"https:\/\/x.com\/https:\/\/twitter.com\/julienco_psg70\"],\"url\":\"https:\/\/dicodusport.fr\/blog\/author\/julien-c\/\"}]}<\/script>\n<!-- \/ Yoast SEO Premium plugin. -->","yoast_head_json":{"title":"Verticale de la Tour Eiffel : un rendez-vous au sommet !","description":"Ce mercredi 13 mars se tiendra la 4\u00e8me \u00e9dition de la Verticale de la Tour Eiffel. Pr\u00e9sentation de cette course autant insolite qu'\u00e9prouvante.","robots":{"index":"index","follow":"follow","max-snippet":"max-snippet:-1","max-image-preview":"max-image-preview:large","max-video-preview":"max-video-preview:-1"},"canonical":"https:\/\/dicodusport.fr\/blog\/verticale-de-la-tour-eiffel-un-rendez-vous-au-sommet\/","og_locale":"fr_FR","og_type":"article","og_title":"Verticale de la Tour Eiffel : un rendez-vous au sommet !","og_description":"Ce mercredi 13 mars se tiendra la 4\u00e8me \u00e9dition de la Verticale de la Tour Eiffel. Pr\u00e9sentation de cette course autant insolite qu'\u00e9prouvante.","og_url":"https:\/\/dicodusport.fr\/blog\/verticale-de-la-tour-eiffel-un-rendez-vous-au-sommet\/","og_site_name":"Dicodusport","article_publisher":"https:\/\/www.facebook.com\/dicodusport","article_author":"https:\/\/www.facebook.com\/julien.correia.52","article_published_time":"2019-03-13T08:00:27+00:00","article_modified_time":"2025-11-20T17:28:59+00:00","og_image":[{"width":800,"height":445,"url":"https:\/\/dicodusport.fr\/blog\/wp-content\/uploads\/2019\/03\/La-Verticale-de-la-Tour-Eiffel-2019.png","type":"image\/png"}],"author":"Julien Correia","twitter_card":"summary_large_image","twitter_creator":"@https:\/\/twitter.com\/julienco_psg70","twitter_site":"@dicodusport","schema":{"@context":"https:\/\/schema.org","@graph":[{"@type":"NewsArticle","@id":"https:\/\/dicodusport.fr\/blog\/verticale-de-la-tour-eiffel-un-rendez-vous-au-sommet\/#article","isPartOf":{"@id":"https:\/\/dicodusport.fr\/blog\/verticale-de-la-tour-eiffel-un-rendez-vous-au-sommet\/"},"author":{"name":"Julien Correia","@id":"https:\/\/dicodusport.fr\/blog\/#\/schema\/person\/0f73d157e4670e108e23009fa82f2239"},"headline":"Verticale de la Tour Eiffel : un rendez-vous au sommet !","datePublished":"2019-03-13T08:00:27+00:00","dateModified":"2025-11-20T17:28:59+00:00","mainEntityOfPage":{"@id":"https:\/\/dicodusport.fr\/blog\/verticale-de-la-tour-eiffel-un-rendez-vous-au-sommet\/"},"wordCount":718,"commentCount":0,"publisher":{"@id":"https:\/\/dicodusport.fr\/blog\/#organization"},"image":{"@id":"https:\/\/dicodusport.fr\/blog\/verticale-de-la-tour-eiffel-un-rendez-vous-au-sommet\/#primaryimage"},"thumbnailUrl":"https:\/\/dicodusport.fr\/blog\/wp-content\/uploads\/2019\/03\/La-Verticale-de-la-Tour-Eiffel-2019.png","keywords":["Paris","Running"],"articleSection":["Athl\u00e9tisme"],"inLanguage":"fr-FR","potentialAction":[{"@type":"CommentAction","name":"Comment","target":["https:\/\/dicodusport.fr\/blog\/verticale-de-la-tour-eiffel-un-rendez-vous-au-sommet\/#respond"]}],"copyrightYear":"2019","copyrightHolder":{"@id":"https:\/\/dicodusport.fr\/blog\/#organization"}},{"@type":"WebPage","@id":"https:\/\/dicodusport.fr\/blog\/verticale-de-la-tour-eiffel-un-rendez-vous-au-sommet\/","url":"https:\/\/dicodusport.fr\/blog\/verticale-de-la-tour-eiffel-un-rendez-vous-au-sommet\/","name":"Verticale de la Tour Eiffel : un rendez-vous au sommet !","isPartOf":{"@id":"https:\/\/dicodusport.fr\/blog\/#website"},"primaryImageOfPage":{"@id":"https:\/\/dicodusport.fr\/blog\/verticale-de-la-tour-eiffel-un-rendez-vous-au-sommet\/#primaryimage"},"image":{"@id":"https:\/\/dicodusport.fr\/blog\/verticale-de-la-tour-eiffel-un-rendez-vous-au-sommet\/#primaryimage"},"thumbnailUrl":"https:\/\/dicodusport.fr\/blog\/wp-content\/uploads\/2019\/03\/La-Verticale-de-la-Tour-Eiffel-2019.png","datePublished":"2019-03-13T08:00:27+00:00","dateModified":"2025-11-20T17:28:59+00:00","description":"Ce mercredi 13 mars se tiendra la 4\u00e8me \u00e9dition de la Verticale de la Tour Eiffel. Pr\u00e9sentation de cette course autant insolite qu'\u00e9prouvante.","breadcrumb":{"@id":"https:\/\/dicodusport.fr\/blog\/verticale-de-la-tour-eiffel-un-rendez-vous-au-sommet\/#breadcrumb"},"inLanguage":"fr-FR","potentialAction":[{"@type":"ReadAction","target":["https:\/\/dicodusport.fr\/blog\/verticale-de-la-tour-eiffel-un-rendez-vous-au-sommet\/"]}]},{"@type":"ImageObject","inLanguage":"fr-FR","@id":"https:\/\/dicodusport.fr\/blog\/verticale-de-la-tour-eiffel-un-rendez-vous-au-sommet\/#primaryimage","url":"https:\/\/dicodusport.fr\/blog\/wp-content\/uploads\/2019\/03\/La-Verticale-de-la-Tour-Eiffel-2019.png","contentUrl":"https:\/\/dicodusport.fr\/blog\/wp-content\/uploads\/2019\/03\/La-Verticale-de-la-Tour-Eiffel-2019.png","width":800,"height":445},{"@type":"BreadcrumbList","@id":"https:\/\/dicodusport.fr\/blog\/verticale-de-la-tour-eiffel-un-rendez-vous-au-sommet\/#breadcrumb","itemListElement":[{"@type":"ListItem","position":1,"name":"Accueil","item":"https:\/\/dicodusport.fr\/blog\/"},{"@type":"ListItem","position":2,"name":"Verticale de la Tour Eiffel : un rendez-vous au sommet !"}]},{"@type":"WebSite","@id":"https:\/\/dicodusport.fr\/blog\/#website","url":"https:\/\/dicodusport.fr\/blog\/","name":"Dicodusport","description":"L&#039;encyclop\u00e9die de l&#039;actualit\u00e9 sportive","publisher":{"@id":"https:\/\/dicodusport.fr\/blog\/#organization"},"potentialAction":[{"@type":"SearchAction","target":{"@type":"EntryPoint","urlTemplate":"https:\/\/dicodusport.fr\/blog\/?s={search_term_string}"},"query-input":{"@type":"PropertyValueSpecification","valueRequired":true,"valueName":"search_term_string"}}],"inLanguage":"fr-FR"},{"@type":"NewsMediaOrganization","@id":"https:\/\/dicodusport.fr\/blog\/#organization","name":"Dicodusport","url":"https:\/\/dicodusport.fr\/blog\/","logo":{"@type":"ImageObject","inLanguage":"fr-FR","@id":"https:\/\/dicodusport.fr\/blog\/#\/schema\/logo\/image\/","url":"https:\/\/dicodusport.fr\/blog\/wp-content\/uploads\/2020\/06\/cropped-LOGO-DICODUSPORT-2020-SANS-FOND-SANS-TEXTE.png","contentUrl":"https:\/\/dicodusport.fr\/blog\/wp-content\/uploads\/2020\/06\/cropped-LOGO-DICODUSPORT-2020-SANS-FOND-SANS-TEXTE.png","width":512,"height":512,"caption":"Dicodusport"},"image":{"@id":"https:\/\/dicodusport.fr\/blog\/#\/schema\/logo\/image\/"},"sameAs":["https:\/\/www.facebook.com\/dicodusport","https:\/\/x.com\/dicodusport","https:\/\/www.instagram.com\/dicodusport\/","https:\/\/www.youtube.com\/channel\/UC7V2KZ5sd3htJivAbA4ZG3w"],"description":"Dicodusport est l'encyclop\u00e9die de l'actualit\u00e9 sportive.","email":"bonjour@dicodusport.fr","legalName":"DICODUSPORT","foundingDate":"2018-01-14","vatID":"FR71834470973","taxID":"83447097300043","numberOfEmployees":{"@type":"QuantitativeValue","minValue":"1","maxValue":"10"}},{"@type":"Person","@id":"https:\/\/dicodusport.fr\/blog\/#\/schema\/person\/0f73d157e4670e108e23009fa82f2239","name":"Julien Correia","image":{"@type":"ImageObject","inLanguage":"fr-FR","@id":"https:\/\/dicodusport.fr\/blog\/#\/schema\/person\/image\/","url":"https:\/\/dicodusport.fr\/blog\/wp-content\/uploads\/2021\/05\/Julien-Correia-150x150.jpg","contentUrl":"https:\/\/dicodusport.fr\/blog\/wp-content\/uploads\/2021\/05\/Julien-Correia-150x150.jpg","caption":"Julien Correia"},"description":"Journaliste\/r\u00e9dacteur depuis janvier 2019 - Tomb\u00e9 dans le monde du ballon rond \u00e9tant petit, j\u2019aurais pu devenir pro sans ces foutus ligaments crois\u00e9s. D\u00e9filant sur les champs (mais pas Elys\u00e9es) en 98, j\u2019ai \u00e9t\u00e9 berc\u00e9 par les exploits de Mister George, piqu\u00e9 par la technique du Snake, grandi avec Captain Rai et Ronnie, m\u00fbri avec Pauleta et Edi. Mais Ibracadabra, je suis d\u00e9sormais reconverti en runner\/traileur. Moins rapide que Bolt et moins endurant que Jornet, c\u2019est donc plume \u00e0 la main que je partage les exploits de ces athl\u00e8tes !","sameAs":["https:\/\/www.facebook.com\/julien.correia.52","https:\/\/x.com\/https:\/\/twitter.com\/julienco_psg70"],"url":"https:\/\/dicodusport.fr\/blog\/author\/julien-c\/"}]}},"_links":{"self":[{"href":"https:\/\/dicodusport.fr\/blog\/wp-json\/wp\/v2\/posts\/35155","targetHints":{"allow":["GET"]}}],"collection":[{"href":"https:\/\/dicodusport.fr\/blog\/wp-json\/wp\/v2\/posts"}],"about":[{"href":"https:\/\/dicodusport.fr\/blog\/wp-json\/wp\/v2\/types\/post"}],"author":[{"embeddable":true,"href":"https:\/\/dicodusport.fr\/blog\/wp-json\/wp\/v2\/users\/37"}],"replies":[{"embeddable":true,"href":"https:\/\/dicodusport.fr\/blog\/wp-json\/wp\/v2\/comments?post=35155"}],"version-history":[{"count":1,"href":"https:\/\/dicodusport.fr\/blog\/wp-json\/wp\/v2\/posts\/35155\/revisions"}],"predecessor-version":[{"id":626888,"href":"https:\/\/dicodusport.fr\/blog\/wp-json\/wp\/v2\/posts\/35155\/revisions\/626888"}],"wp:featuredmedia":[{"embeddable":true,"href":"https:\/\/dicodusport.fr\/blog\/wp-json\/wp\/v2\/media\/35186"}],"wp:attachment":[{"href":"https:\/\/dicodusport.fr\/blog\/wp-json\/wp\/v2\/media?parent=35155"}],"wp:term":[{"taxonomy":"category","embeddable":true,"href":"https:\/\/dicodusport.fr\/blog\/wp-json\/wp\/v2\/categories?post=35155"},{"taxonomy":"post_tag","embeddable":true,"href":"https:\/\/dicodusport.fr\/blog\/wp-json\/wp\/v2\/tags?post=35155"}],"curies":[{"name":"wp","href":"https:\/\/api.w.org\/{rel}","templated":true}]}}