{"id":35156,"date":"2019-03-12T14:02:33","date_gmt":"2019-03-12T13:02:33","guid":{"rendered":"http:\/\/dicodusport.fr\/blog\/?p=35156"},"modified":"2019-03-12T14:02:33","modified_gmt":"2019-03-12T13:02:33","slug":"un-championnat-des-nations-pour-le-moment-c-est-non-pour-la-lnr","status":"publish","type":"post","link":"https:\/\/dicodusport.fr\/blog\/un-championnat-des-nations-pour-le-moment-c-est-non-pour-la-lnr\/","title":{"rendered":"Un Championnat des Nations ? Pour le moment, c&rsquo;est non pour la LNR !"},"content":{"rendered":"<p style=\"text-align: justify;\"><em><strong>La Ligue Nationale de Rugby, ainsi que la Premiership Rugby en Angleterre, ont annonc\u00e9 hier leur opposition au projet de cr\u00e9ation d&rsquo;un Championnat des Nations par World Rugby.<\/strong><\/em><\/p>\n<p style=\"text-align: justify;\">On n&rsquo;a pas fini d&rsquo;entendre parler de ce Championnat des Nations, voulu par World Rugby. <a href=\"https:\/\/www.rugbyrama.fr\/rugby\/championnat-des-nations\/2019\/ligue-mondiale-world-rugby-leve-le-voile-sur-son-futur-championnat-des-nations_sto7174344\/story.shtml\" target=\"_blank\" rel=\"noopener\">Alors que cette derni\u00e8re a d\u00e9taill\u00e9 la semaine derni\u00e8re le d\u00e9roulement d&rsquo;une comp\u00e9tition qui verrait le jour en 2022<\/a>, la Ligue Nationale de Rugby, qui g\u00e8re les championnats professionnels en France, ainsi que son homologue anglais, la Premiership Rugby, se sont ouvertement oppos\u00e9s au projet. En cause, le manque de consultation de l&rsquo;instance internationale \u00e0 ce sujet, comme l&rsquo;a \u00e9voqu\u00e9 la LNR dans un communiqu\u00e9 publi\u00e9 hier : \u00ab <em>La LNR et PRL regrettent que World Rugby n&rsquo;implique pas toutes les parties prenantes dans la recherche d&rsquo;un consensus, et elles ne peuvent donc que se r\u00e9server la possibilit\u00e9 de prendre toute mesure pour pr\u00e9server leurs droits et comp\u00e9titions. \u00bb<br \/>\n<\/em><\/p>\n<p style=\"text-align: justify;\">Et pour cause, apr\u00e8s voir pris connaissance des contours du projet, LNR et PRL accusent World Rugby de ne pas respecter l&rsquo;Accord de San Francisco sign\u00e9 en 2017, qui garantissait \u00e0 l&rsquo;\u00e9poque la maintien du calendrier international actuel jusqu&rsquo;en 2032 : <em>\u00ab Il semble que le projet de nouvelle comp\u00e9tition remette aujourd&rsquo;hui en cause cet \u00e9quilibre en augmentant le nombre de matches internationaux, notamment avec une s\u00e9quence qui se prolongerait jusqu&rsquo;en d\u00e9cembre, pouvant comprendre quatre ou cinq matches internationaux successifs, qui avait sp\u00e9cifiquement \u00e9t\u00e9 rejet\u00e9e concernant les comp\u00e9titions internationales annuelles. \u00bb<\/em><\/p>\n<p><span class=\"xROcniehYN3SrkozLTWHPZuC2XQgy5m0EvlVKw7qDIMJFa9Bjb4UdfpA\"><\/p>\n<blockquote class=\"twitter-tweet\" data-width=\"550\" data-dnt=\"true\">\n<p lang=\"fr\" dir=\"ltr\"><a href=\"https:\/\/twitter.com\/hashtag\/Communiqu%C3%A9?src=hash&amp;ref_src=twsrc%5Etfw\">#Communiqu\u00e9<\/a><br \/>Communiqu\u00e9 de Presse commun de la Ligue Nationale de Rugby et de Premiership Rugby relatif au projet de cr\u00e9ation d&#39;un Championnat des Nations&#8230; \u27a1\ufe0f\ud83d\udcc4<a href=\"https:\/\/t.co\/okfvlAKyvn\">https:\/\/t.co\/okfvlAKyvn<\/a> <a href=\"https:\/\/t.co\/nM43xhZH7y\">pic.twitter.com\/nM43xhZH7y<\/a><\/p>\n<p>&mdash; Ligue Nationale de Rugby (@LNRofficiel) <a href=\"https:\/\/twitter.com\/LNRofficiel\/status\/1105141889542561794?ref_src=twsrc%5Etfw\">March 11, 2019<\/a><\/p><\/blockquote>\n<p><script async src=\"https:\/\/platform.twitter.com\/widgets.js\" charset=\"utf-8\"><\/script><\/span><\/p>\n<h1 style=\"text-align: justify;\">Les joueurs sont d\u00e9j\u00e0 mont\u00e9s au cr\u00e9neau<\/h1>\n<p style=\"text-align: justify;\">En effet, fin f\u00e9vrier, le syndicat international des joueurs (IRP), par la voix de son pr\u00e9sident Jonathan Sexton, avait d\u00e9j\u00e0 \u00e9voqu\u00e9 le manque d&rsquo;implication des joueurs, tout en mettant en avant l&rsquo;absence de prise en compte de l&rsquo;int\u00e9grit\u00e9 des joueurs : <em>\u00ab Sugg\u00e9rer que les joueurs puissent disputer cinq test matches de tr\u00e8s haut niveau plusieurs semaines cons\u00e9cutives en novembre est d\u00e9connect\u00e9 de la r\u00e9alit\u00e9 et montre le peu de compr\u00e9hension des sollicitations physiques que cela induit. \u00bb <\/em>Des r\u00e9unions doivent se tenir cette semaine pour discuter d&rsquo;\u00e9ventuelles solutions, en compagnie cette fois des membres du syndicat international des joueurs.<\/p>\n<p><strong><em>Flo Ostermann<br \/>\n<a href=\"https:\/\/www.facebook.com\/florent.ostermann\"><img loading=\"lazy\" decoding=\"async\" class=\"alignnone wp-image-2909\" src=\"http:\/\/dicodusport.fr\/blog\/wp-content\/uploads\/2017\/07\/logo-facebook-150x150.png\" sizes=\"auto, (max-width: 40px) 100vw, 40px\" srcset=\"https:\/\/dicodusport.fr\/blog\/wp-content\/uploads\/2017\/07\/logo-facebook-150x150.png 150w, https:\/\/dicodusport.fr\/blog\/wp-content\/uploads\/2017\/07\/logo-facebook-300x300.png 300w, https:\/\/dicodusport.fr\/blog\/wp-content\/uploads\/2017\/07\/logo-facebook.png 400w\" alt=\"\" width=\"40\" height=\"40\" \/><\/a><a href=\"https:\/\/twitter.com\/SportInsideMag\"><img loading=\"lazy\" decoding=\"async\" class=\"alignnone wp-image-2908\" src=\"http:\/\/dicodusport.fr\/blog\/wp-content\/uploads\/2017\/07\/logo-twitter-150x150.png\" alt=\"\" width=\"39\" height=\"39\" \/><\/a><\/em><\/strong><\/p>\n","protected":false},"excerpt":{"rendered":"<p>La Ligue Nationale de Rugby, ainsi que la Premiership Rugby en Angleterre, ont annonc\u00e9 hier leur opposition au projet de cr\u00e9ation d&rsquo;un Championnat des Nations par World Rugby.<\/p>\n","protected":false},"author":4,"featured_media":35166,"comment_status":"open","ping_status":"closed","sticky":false,"template":"","format":"standard","meta":{"_acf_changed":false,"_daextam_enable_autolinks":"","footnotes":""},"categories":[2,2303],"tags":[3217,13,5940],"class_list":["post-35156","post","type-post","status-publish","format-standard","has-post-thumbnail","hentry","category-actualites","category-rugby","tag-lnr","tag-rugby","tag-world-rugby"],"acf":[],"yoast_head":"<!-- This site is optimized with the Yoast SEO Premium plugin v26.7 (Yoast SEO v26.7) - https:\/\/yoast.com\/wordpress\/plugins\/seo\/ -->\n<title>Un Championnat des Nations ? Pour le moment, c&#039;est non pour la LNR !<\/title>\n<meta name=\"description\" content=\"La Ligue Nationale de Rugby et la Premiership Rugby, ont annonc\u00e9 hier leur opposition au projet de cr\u00e9ation d&#039;un Championnat des Nations par World Rugby.\" \/>\n<meta name=\"robots\" content=\"index, follow, max-snippet:-1, max-image-preview:large, max-video-preview:-1\" \/>\n<link rel=\"canonical\" href=\"https:\/\/dicodusport.fr\/blog\/un-championnat-des-nations-pour-le-moment-c-est-non-pour-la-lnr\/\" \/>\n<meta property=\"og:locale\" content=\"fr_FR\" \/>\n<meta property=\"og:type\" content=\"article\" \/>\n<meta property=\"og:title\" content=\"Un Championnat des Nations ? Pour le moment, c&#039;est non pour la LNR !\" \/>\n<meta property=\"og:description\" content=\"La Ligue Nationale de Rugby et la Premiership Rugby, ont annonc\u00e9 hier leur opposition au projet de cr\u00e9ation d&#039;un Championnat des Nations par World Rugby.\" \/>\n<meta property=\"og:url\" content=\"https:\/\/dicodusport.fr\/blog\/un-championnat-des-nations-pour-le-moment-c-est-non-pour-la-lnr\/\" \/>\n<meta property=\"og:site_name\" content=\"Dicodusport\" \/>\n<meta property=\"article:publisher\" content=\"https:\/\/www.facebook.com\/dicodusport\" \/>\n<meta property=\"article:author\" content=\"https:\/\/www.facebook.com\/florent.ostermann\" \/>\n<meta property=\"article:published_time\" content=\"2019-03-12T13:02:33+00:00\" \/>\n<meta property=\"og:image\" content=\"https:\/\/dicodusport.fr\/blog\/wp-content\/uploads\/2019\/03\/LNR-Championnats-des-Nations.png\" \/>\n\t<meta property=\"og:image:width\" content=\"800\" \/>\n\t<meta property=\"og:image:height\" content=\"445\" \/>\n\t<meta property=\"og:image:type\" content=\"image\/png\" \/>\n<meta name=\"author\" content=\"Flo Ostermann\" \/>\n<meta name=\"twitter:card\" content=\"summary_large_image\" \/>\n<meta name=\"twitter:creator\" content=\"@https:\/\/twitter.com\/FlOstermann\" \/>\n<meta name=\"twitter:site\" content=\"@dicodusport\" \/>\n<script type=\"application\/ld+json\" class=\"yoast-schema-graph\">{\"@context\":\"https:\/\/schema.org\",\"@graph\":[{\"@type\":\"NewsArticle\",\"@id\":\"https:\/\/dicodusport.fr\/blog\/un-championnat-des-nations-pour-le-moment-c-est-non-pour-la-lnr\/#article\",\"isPartOf\":{\"@id\":\"https:\/\/dicodusport.fr\/blog\/un-championnat-des-nations-pour-le-moment-c-est-non-pour-la-lnr\/\"},\"author\":{\"name\":\"Flo Ostermann\",\"@id\":\"https:\/\/dicodusport.fr\/blog\/#\/schema\/person\/cb02af4c173ce4a653b55e9baf388d4a\"},\"headline\":\"Un Championnat des Nations ? Pour le moment, c&rsquo;est non pour la LNR !\",\"datePublished\":\"2019-03-12T13:02:33+00:00\",\"mainEntityOfPage\":{\"@id\":\"https:\/\/dicodusport.fr\/blog\/un-championnat-des-nations-pour-le-moment-c-est-non-pour-la-lnr\/\"},\"wordCount\":405,\"commentCount\":0,\"publisher\":{\"@id\":\"https:\/\/dicodusport.fr\/blog\/#organization\"},\"image\":{\"@id\":\"https:\/\/dicodusport.fr\/blog\/un-championnat-des-nations-pour-le-moment-c-est-non-pour-la-lnr\/#primaryimage\"},\"thumbnailUrl\":\"https:\/\/dicodusport.fr\/blog\/wp-content\/uploads\/2019\/03\/LNR-Championnats-des-Nations.png\",\"keywords\":[\"LNR\",\"Rugby\",\"World Rugby\"],\"articleSection\":[\"Actualit\u00e9s\",\"Rugby\"],\"inLanguage\":\"fr-FR\",\"potentialAction\":[{\"@type\":\"CommentAction\",\"name\":\"Comment\",\"target\":[\"https:\/\/dicodusport.fr\/blog\/un-championnat-des-nations-pour-le-moment-c-est-non-pour-la-lnr\/#respond\"]}],\"copyrightYear\":\"2019\",\"copyrightHolder\":{\"@id\":\"https:\/\/dicodusport.fr\/blog\/#organization\"}},{\"@type\":\"WebPage\",\"@id\":\"https:\/\/dicodusport.fr\/blog\/un-championnat-des-nations-pour-le-moment-c-est-non-pour-la-lnr\/\",\"url\":\"https:\/\/dicodusport.fr\/blog\/un-championnat-des-nations-pour-le-moment-c-est-non-pour-la-lnr\/\",\"name\":\"Un Championnat des Nations ? Pour le moment, c'est non pour la LNR !\",\"isPartOf\":{\"@id\":\"https:\/\/dicodusport.fr\/blog\/#website\"},\"primaryImageOfPage\":{\"@id\":\"https:\/\/dicodusport.fr\/blog\/un-championnat-des-nations-pour-le-moment-c-est-non-pour-la-lnr\/#primaryimage\"},\"image\":{\"@id\":\"https:\/\/dicodusport.fr\/blog\/un-championnat-des-nations-pour-le-moment-c-est-non-pour-la-lnr\/#primaryimage\"},\"thumbnailUrl\":\"https:\/\/dicodusport.fr\/blog\/wp-content\/uploads\/2019\/03\/LNR-Championnats-des-Nations.png\",\"datePublished\":\"2019-03-12T13:02:33+00:00\",\"description\":\"La Ligue Nationale de Rugby et la Premiership Rugby, ont annonc\u00e9 hier leur opposition au projet de cr\u00e9ation d'un Championnat des Nations par World Rugby.\",\"breadcrumb\":{\"@id\":\"https:\/\/dicodusport.fr\/blog\/un-championnat-des-nations-pour-le-moment-c-est-non-pour-la-lnr\/#breadcrumb\"},\"inLanguage\":\"fr-FR\",\"potentialAction\":[{\"@type\":\"ReadAction\",\"target\":[\"https:\/\/dicodusport.fr\/blog\/un-championnat-des-nations-pour-le-moment-c-est-non-pour-la-lnr\/\"]}]},{\"@type\":\"ImageObject\",\"inLanguage\":\"fr-FR\",\"@id\":\"https:\/\/dicodusport.fr\/blog\/un-championnat-des-nations-pour-le-moment-c-est-non-pour-la-lnr\/#primaryimage\",\"url\":\"https:\/\/dicodusport.fr\/blog\/wp-content\/uploads\/2019\/03\/LNR-Championnats-des-Nations.png\",\"contentUrl\":\"https:\/\/dicodusport.fr\/blog\/wp-content\/uploads\/2019\/03\/LNR-Championnats-des-Nations.png\",\"width\":800,\"height\":445},{\"@type\":\"BreadcrumbList\",\"@id\":\"https:\/\/dicodusport.fr\/blog\/un-championnat-des-nations-pour-le-moment-c-est-non-pour-la-lnr\/#breadcrumb\",\"itemListElement\":[{\"@type\":\"ListItem\",\"position\":1,\"name\":\"Accueil\",\"item\":\"https:\/\/dicodusport.fr\/blog\/\"},{\"@type\":\"ListItem\",\"position\":2,\"name\":\"Un Championnat des Nations ? Pour le moment, c&rsquo;est non pour la LNR !\"}]},{\"@type\":\"WebSite\",\"@id\":\"https:\/\/dicodusport.fr\/blog\/#website\",\"url\":\"https:\/\/dicodusport.fr\/blog\/\",\"name\":\"Dicodusport\",\"description\":\"L&#039;encyclop\u00e9die de l&#039;actualit\u00e9 sportive\",\"publisher\":{\"@id\":\"https:\/\/dicodusport.fr\/blog\/#organization\"},\"potentialAction\":[{\"@type\":\"SearchAction\",\"target\":{\"@type\":\"EntryPoint\",\"urlTemplate\":\"https:\/\/dicodusport.fr\/blog\/?s={search_term_string}\"},\"query-input\":{\"@type\":\"PropertyValueSpecification\",\"valueRequired\":true,\"valueName\":\"search_term_string\"}}],\"inLanguage\":\"fr-FR\"},{\"@type\":\"NewsMediaOrganization\",\"@id\":\"https:\/\/dicodusport.fr\/blog\/#organization\",\"name\":\"Dicodusport\",\"url\":\"https:\/\/dicodusport.fr\/blog\/\",\"logo\":{\"@type\":\"ImageObject\",\"inLanguage\":\"fr-FR\",\"@id\":\"https:\/\/dicodusport.fr\/blog\/#\/schema\/logo\/image\/\",\"url\":\"https:\/\/dicodusport.fr\/blog\/wp-content\/uploads\/2020\/06\/cropped-LOGO-DICODUSPORT-2020-SANS-FOND-SANS-TEXTE.png\",\"contentUrl\":\"https:\/\/dicodusport.fr\/blog\/wp-content\/uploads\/2020\/06\/cropped-LOGO-DICODUSPORT-2020-SANS-FOND-SANS-TEXTE.png\",\"width\":512,\"height\":512,\"caption\":\"Dicodusport\"},\"image\":{\"@id\":\"https:\/\/dicodusport.fr\/blog\/#\/schema\/logo\/image\/\"},\"sameAs\":[\"https:\/\/www.facebook.com\/dicodusport\",\"https:\/\/x.com\/dicodusport\",\"https:\/\/www.instagram.com\/dicodusport\/\",\"https:\/\/www.youtube.com\/channel\/UC7V2KZ5sd3htJivAbA4ZG3w\"],\"description\":\"Dicodusport est l'encyclop\u00e9die de l'actualit\u00e9 sportive.\",\"email\":\"bonjour@dicodusport.fr\",\"legalName\":\"DICODUSPORT\",\"foundingDate\":\"2018-01-14\",\"vatID\":\"FR71834470973\",\"taxID\":\"83447097300043\",\"numberOfEmployees\":{\"@type\":\"QuantitativeValue\",\"minValue\":\"1\",\"maxValue\":\"10\"}},{\"@type\":\"Person\",\"@id\":\"https:\/\/dicodusport.fr\/blog\/#\/schema\/person\/cb02af4c173ce4a653b55e9baf388d4a\",\"name\":\"Flo Ostermann\",\"image\":{\"@type\":\"ImageObject\",\"inLanguage\":\"fr-FR\",\"@id\":\"https:\/\/dicodusport.fr\/blog\/#\/schema\/person\/image\/\",\"url\":\"https:\/\/dicodusport.fr\/blog\/wp-content\/uploads\/2021\/05\/Flo-Ostermann-150x150.jpg\",\"contentUrl\":\"https:\/\/dicodusport.fr\/blog\/wp-content\/uploads\/2021\/05\/Flo-Ostermann-150x150.jpg\",\"caption\":\"Flo Ostermann\"},\"description\":\"Journaliste\/R\u00e9dacteur depuis septembre 2015 - Mes premiers souvenirs dans le sport ? Les envol\u00e9es du Stade Toulousain et les duels Villeneuve-Schumacher et H\u00e4kkinen-Schumacher \u00e0 la fin des ann\u00e9es 90, la Coupe du monde de football en 1998, l\u2019exploit du XV de France face aux All Blacks en 1999, mais aussi Richard C\u0153ur de Lion qui vole sur les montagnes du Tour de France. Bien parti pour devenir professeur d\u2019EPS, les \u00e9v\u00e9nements de la vie (et la flemme d\u2019animer des s\u00e9ances de 3x500 m\u00e8tres toute ma vie) m\u2019ont conduit \u00e0 revoir mes plans. Me voil\u00e0 depuis fin 2017 sur Dicodusport, m\u00e9dia gr\u00e2ce (et pour) lequel je partage ma passion : le sport dans tous ses \u00e9tats. Le tout accompagn\u00e9 par les fous furieux et folles furieuses cit\u00e9s sur cette page !\",\"sameAs\":[\"https:\/\/www.facebook.com\/florent.ostermann\",\"https:\/\/x.com\/https:\/\/twitter.com\/FlOstermann\",\"admin\"],\"url\":\"https:\/\/dicodusport.fr\/blog\/author\/flo\/\"}]}<\/script>\n<!-- \/ Yoast SEO Premium plugin. -->","yoast_head_json":{"title":"Un Championnat des Nations ? Pour le moment, c'est non pour la LNR !","description":"La Ligue Nationale de Rugby et la Premiership Rugby, ont annonc\u00e9 hier leur opposition au projet de cr\u00e9ation d'un Championnat des Nations par World Rugby.","robots":{"index":"index","follow":"follow","max-snippet":"max-snippet:-1","max-image-preview":"max-image-preview:large","max-video-preview":"max-video-preview:-1"},"canonical":"https:\/\/dicodusport.fr\/blog\/un-championnat-des-nations-pour-le-moment-c-est-non-pour-la-lnr\/","og_locale":"fr_FR","og_type":"article","og_title":"Un Championnat des Nations ? Pour le moment, c'est non pour la LNR !","og_description":"La Ligue Nationale de Rugby et la Premiership Rugby, ont annonc\u00e9 hier leur opposition au projet de cr\u00e9ation d'un Championnat des Nations par World Rugby.","og_url":"https:\/\/dicodusport.fr\/blog\/un-championnat-des-nations-pour-le-moment-c-est-non-pour-la-lnr\/","og_site_name":"Dicodusport","article_publisher":"https:\/\/www.facebook.com\/dicodusport","article_author":"https:\/\/www.facebook.com\/florent.ostermann","article_published_time":"2019-03-12T13:02:33+00:00","og_image":[{"width":800,"height":445,"url":"https:\/\/dicodusport.fr\/blog\/wp-content\/uploads\/2019\/03\/LNR-Championnats-des-Nations.png","type":"image\/png"}],"author":"Flo Ostermann","twitter_card":"summary_large_image","twitter_creator":"@https:\/\/twitter.com\/FlOstermann","twitter_site":"@dicodusport","schema":{"@context":"https:\/\/schema.org","@graph":[{"@type":"NewsArticle","@id":"https:\/\/dicodusport.fr\/blog\/un-championnat-des-nations-pour-le-moment-c-est-non-pour-la-lnr\/#article","isPartOf":{"@id":"https:\/\/dicodusport.fr\/blog\/un-championnat-des-nations-pour-le-moment-c-est-non-pour-la-lnr\/"},"author":{"name":"Flo Ostermann","@id":"https:\/\/dicodusport.fr\/blog\/#\/schema\/person\/cb02af4c173ce4a653b55e9baf388d4a"},"headline":"Un Championnat des Nations ? Pour le moment, c&rsquo;est non pour la LNR !","datePublished":"2019-03-12T13:02:33+00:00","mainEntityOfPage":{"@id":"https:\/\/dicodusport.fr\/blog\/un-championnat-des-nations-pour-le-moment-c-est-non-pour-la-lnr\/"},"wordCount":405,"commentCount":0,"publisher":{"@id":"https:\/\/dicodusport.fr\/blog\/#organization"},"image":{"@id":"https:\/\/dicodusport.fr\/blog\/un-championnat-des-nations-pour-le-moment-c-est-non-pour-la-lnr\/#primaryimage"},"thumbnailUrl":"https:\/\/dicodusport.fr\/blog\/wp-content\/uploads\/2019\/03\/LNR-Championnats-des-Nations.png","keywords":["LNR","Rugby","World Rugby"],"articleSection":["Actualit\u00e9s","Rugby"],"inLanguage":"fr-FR","potentialAction":[{"@type":"CommentAction","name":"Comment","target":["https:\/\/dicodusport.fr\/blog\/un-championnat-des-nations-pour-le-moment-c-est-non-pour-la-lnr\/#respond"]}],"copyrightYear":"2019","copyrightHolder":{"@id":"https:\/\/dicodusport.fr\/blog\/#organization"}},{"@type":"WebPage","@id":"https:\/\/dicodusport.fr\/blog\/un-championnat-des-nations-pour-le-moment-c-est-non-pour-la-lnr\/","url":"https:\/\/dicodusport.fr\/blog\/un-championnat-des-nations-pour-le-moment-c-est-non-pour-la-lnr\/","name":"Un Championnat des Nations ? Pour le moment, c'est non pour la LNR !","isPartOf":{"@id":"https:\/\/dicodusport.fr\/blog\/#website"},"primaryImageOfPage":{"@id":"https:\/\/dicodusport.fr\/blog\/un-championnat-des-nations-pour-le-moment-c-est-non-pour-la-lnr\/#primaryimage"},"image":{"@id":"https:\/\/dicodusport.fr\/blog\/un-championnat-des-nations-pour-le-moment-c-est-non-pour-la-lnr\/#primaryimage"},"thumbnailUrl":"https:\/\/dicodusport.fr\/blog\/wp-content\/uploads\/2019\/03\/LNR-Championnats-des-Nations.png","datePublished":"2019-03-12T13:02:33+00:00","description":"La Ligue Nationale de Rugby et la Premiership Rugby, ont annonc\u00e9 hier leur opposition au projet de cr\u00e9ation d'un Championnat des Nations par World Rugby.","breadcrumb":{"@id":"https:\/\/dicodusport.fr\/blog\/un-championnat-des-nations-pour-le-moment-c-est-non-pour-la-lnr\/#breadcrumb"},"inLanguage":"fr-FR","potentialAction":[{"@type":"ReadAction","target":["https:\/\/dicodusport.fr\/blog\/un-championnat-des-nations-pour-le-moment-c-est-non-pour-la-lnr\/"]}]},{"@type":"ImageObject","inLanguage":"fr-FR","@id":"https:\/\/dicodusport.fr\/blog\/un-championnat-des-nations-pour-le-moment-c-est-non-pour-la-lnr\/#primaryimage","url":"https:\/\/dicodusport.fr\/blog\/wp-content\/uploads\/2019\/03\/LNR-Championnats-des-Nations.png","contentUrl":"https:\/\/dicodusport.fr\/blog\/wp-content\/uploads\/2019\/03\/LNR-Championnats-des-Nations.png","width":800,"height":445},{"@type":"BreadcrumbList","@id":"https:\/\/dicodusport.fr\/blog\/un-championnat-des-nations-pour-le-moment-c-est-non-pour-la-lnr\/#breadcrumb","itemListElement":[{"@type":"ListItem","position":1,"name":"Accueil","item":"https:\/\/dicodusport.fr\/blog\/"},{"@type":"ListItem","position":2,"name":"Un Championnat des Nations ? Pour le moment, c&rsquo;est non pour la LNR !"}]},{"@type":"WebSite","@id":"https:\/\/dicodusport.fr\/blog\/#website","url":"https:\/\/dicodusport.fr\/blog\/","name":"Dicodusport","description":"L&#039;encyclop\u00e9die de l&#039;actualit\u00e9 sportive","publisher":{"@id":"https:\/\/dicodusport.fr\/blog\/#organization"},"potentialAction":[{"@type":"SearchAction","target":{"@type":"EntryPoint","urlTemplate":"https:\/\/dicodusport.fr\/blog\/?s={search_term_string}"},"query-input":{"@type":"PropertyValueSpecification","valueRequired":true,"valueName":"search_term_string"}}],"inLanguage":"fr-FR"},{"@type":"NewsMediaOrganization","@id":"https:\/\/dicodusport.fr\/blog\/#organization","name":"Dicodusport","url":"https:\/\/dicodusport.fr\/blog\/","logo":{"@type":"ImageObject","inLanguage":"fr-FR","@id":"https:\/\/dicodusport.fr\/blog\/#\/schema\/logo\/image\/","url":"https:\/\/dicodusport.fr\/blog\/wp-content\/uploads\/2020\/06\/cropped-LOGO-DICODUSPORT-2020-SANS-FOND-SANS-TEXTE.png","contentUrl":"https:\/\/dicodusport.fr\/blog\/wp-content\/uploads\/2020\/06\/cropped-LOGO-DICODUSPORT-2020-SANS-FOND-SANS-TEXTE.png","width":512,"height":512,"caption":"Dicodusport"},"image":{"@id":"https:\/\/dicodusport.fr\/blog\/#\/schema\/logo\/image\/"},"sameAs":["https:\/\/www.facebook.com\/dicodusport","https:\/\/x.com\/dicodusport","https:\/\/www.instagram.com\/dicodusport\/","https:\/\/www.youtube.com\/channel\/UC7V2KZ5sd3htJivAbA4ZG3w"],"description":"Dicodusport est l'encyclop\u00e9die de l'actualit\u00e9 sportive.","email":"bonjour@dicodusport.fr","legalName":"DICODUSPORT","foundingDate":"2018-01-14","vatID":"FR71834470973","taxID":"83447097300043","numberOfEmployees":{"@type":"QuantitativeValue","minValue":"1","maxValue":"10"}},{"@type":"Person","@id":"https:\/\/dicodusport.fr\/blog\/#\/schema\/person\/cb02af4c173ce4a653b55e9baf388d4a","name":"Flo Ostermann","image":{"@type":"ImageObject","inLanguage":"fr-FR","@id":"https:\/\/dicodusport.fr\/blog\/#\/schema\/person\/image\/","url":"https:\/\/dicodusport.fr\/blog\/wp-content\/uploads\/2021\/05\/Flo-Ostermann-150x150.jpg","contentUrl":"https:\/\/dicodusport.fr\/blog\/wp-content\/uploads\/2021\/05\/Flo-Ostermann-150x150.jpg","caption":"Flo Ostermann"},"description":"Journaliste\/R\u00e9dacteur depuis septembre 2015 - Mes premiers souvenirs dans le sport ? Les envol\u00e9es du Stade Toulousain et les duels Villeneuve-Schumacher et H\u00e4kkinen-Schumacher \u00e0 la fin des ann\u00e9es 90, la Coupe du monde de football en 1998, l\u2019exploit du XV de France face aux All Blacks en 1999, mais aussi Richard C\u0153ur de Lion qui vole sur les montagnes du Tour de France. Bien parti pour devenir professeur d\u2019EPS, les \u00e9v\u00e9nements de la vie (et la flemme d\u2019animer des s\u00e9ances de 3x500 m\u00e8tres toute ma vie) m\u2019ont conduit \u00e0 revoir mes plans. Me voil\u00e0 depuis fin 2017 sur Dicodusport, m\u00e9dia gr\u00e2ce (et pour) lequel je partage ma passion : le sport dans tous ses \u00e9tats. Le tout accompagn\u00e9 par les fous furieux et folles furieuses cit\u00e9s sur cette page !","sameAs":["https:\/\/www.facebook.com\/florent.ostermann","https:\/\/x.com\/https:\/\/twitter.com\/FlOstermann","admin"],"url":"https:\/\/dicodusport.fr\/blog\/author\/flo\/"}]}},"_links":{"self":[{"href":"https:\/\/dicodusport.fr\/blog\/wp-json\/wp\/v2\/posts\/35156","targetHints":{"allow":["GET"]}}],"collection":[{"href":"https:\/\/dicodusport.fr\/blog\/wp-json\/wp\/v2\/posts"}],"about":[{"href":"https:\/\/dicodusport.fr\/blog\/wp-json\/wp\/v2\/types\/post"}],"author":[{"embeddable":true,"href":"https:\/\/dicodusport.fr\/blog\/wp-json\/wp\/v2\/users\/4"}],"replies":[{"embeddable":true,"href":"https:\/\/dicodusport.fr\/blog\/wp-json\/wp\/v2\/comments?post=35156"}],"version-history":[{"count":0,"href":"https:\/\/dicodusport.fr\/blog\/wp-json\/wp\/v2\/posts\/35156\/revisions"}],"wp:featuredmedia":[{"embeddable":true,"href":"https:\/\/dicodusport.fr\/blog\/wp-json\/wp\/v2\/media\/35166"}],"wp:attachment":[{"href":"https:\/\/dicodusport.fr\/blog\/wp-json\/wp\/v2\/media?parent=35156"}],"wp:term":[{"taxonomy":"category","embeddable":true,"href":"https:\/\/dicodusport.fr\/blog\/wp-json\/wp\/v2\/categories?post=35156"},{"taxonomy":"post_tag","embeddable":true,"href":"https:\/\/dicodusport.fr\/blog\/wp-json\/wp\/v2\/tags?post=35156"}],"curies":[{"name":"wp","href":"https:\/\/api.w.org\/{rel}","templated":true}]}}