{"id":351847,"date":"2023-02-04T15:31:58","date_gmt":"2023-02-04T14:31:58","guid":{"rendered":"https:\/\/dicodusport.fr\/blog\/?p=351847&#038;preview=true&#038;preview_id=351847"},"modified":"2023-02-04T15:31:58","modified_gmt":"2023-02-04T14:31:58","slug":"judo-paris-grand-slam-2023-shirine-boukli-eliminee-dentree-blandine-pont-priscilla-gneto-et-cedric-revol-en-finale-le-resume-de-la-matinee-de-samedi","status":"publish","type":"post","link":"https:\/\/dicodusport.fr\/blog\/judo-paris-grand-slam-2023-shirine-boukli-eliminee-dentree-blandine-pont-priscilla-gneto-et-cedric-revol-en-finale-le-resume-de-la-matinee-de-samedi\/","title":{"rendered":"Judo Paris Grand Slam 2023 : Shirine Boukli \u00e9limin\u00e9e d&rsquo;entr\u00e9e, Blandine Pont, Priscilla Gneto et C\u00e9dric Revol en finale : le r\u00e9sum\u00e9 de la matin\u00e9e de samedi"},"content":{"rendered":"<p style=\"text-align: justify;\"><strong><em><a title=\"Judo Paris Grand Slam 2023 : le programme complet\" href=\"https:\/\/dicodusport.fr\/blog\/judo-paris-grand-slam-2023-le-programme-complet\/\" target=\"_blank\" rel=\"noopener\">GRAND SLAM DE PARIS<\/a> &#8211; Premi\u00e8re matin\u00e9e du c\u00f4t\u00e9 de l&rsquo;Accor Arena ! Parmi la multitude de Fran\u00e7ais engag\u00e9s, se sont qualifi\u00e9s pour le bloc finale avec 3 possibilit\u00e9s de titre.<br \/>\n<\/em><\/strong><\/p>\n<p style=\"text-align: justify;\">L&rsquo;<strong>intoxication alimentaire<\/strong> qui a touch\u00e9 l&rsquo;INSEP cette semaine aura caus\u00e9 le forfait de Chlo\u00e9 Devictor (-52 kg) et affaibli certains judokas \u00e0 l&rsquo;instar de Romain Valadier-Picard ou encore Pauline Cuq.<\/p>\n<h2 style=\"text-align: justify;\">Les qualifi\u00e9s pour le bloc final<\/h2>\n<p style=\"text-align: justify;\">Nous retrouverons <strong>7 Fran\u00e7ais<\/strong> cet apr\u00e8s-midi \u00e0 partir de 17h. En finale, on retrouvera <strong>Blandine Pont<\/strong> (-48 kg) face \u00e0 Milica Nikolic, <strong>Priscilla Gneto<\/strong> (-57 kg) face \u00e0 Jessica Klimkait et <strong>C\u00e9dric Revol<\/strong> (-60 kg) face \u00e0 Balabay Aghayev. Une m\u00e9daille de bronze est d\u00e9j\u00e0 assur\u00e9e puisqu&rsquo;<strong>Amandine Buchard<\/strong> affrontera <strong>Astride Gneto<\/strong> en -52 kg. <strong>Romaric Bouda<\/strong> (-60 kg), <strong>Walide Khyar<\/strong> (-66 kg), combattront \u00e9galement pour le bronze.<\/p>\n<h2>Les r\u00e9sultats f\u00e9minins<\/h2>\n<p style=\"text-align: justify;\">Grosse d\u00e9ception pour<strong> Shirine Boukli<\/strong> (-48 kg), l&rsquo;une des t\u00eates d&rsquo;affiche du tournoi. Directement qualifi\u00e9e pour le deuxi\u00e8me tour, la Fran\u00e7aise a c\u00e9d\u00e9 face \u00e0 <strong>Hyekyeong Lee<\/strong>. Bien entr\u00e9e dans son combat, la Fran\u00e7aise n&rsquo;est pas parvenue \u00e0 faire la diff\u00e9rence. Le combat a ensuite \u00e9t\u00e9 ind\u00e9cis et apr\u00e8s 4 minutes au golden score, la Fran\u00e7aise s&rsquo;est fait <a href=\"https:\/\/twitter.com\/1974ay1\/status\/1621819383755702273\" target=\"_blank\" rel=\"noopener\">\u00e9liminer<\/a>. Malade en janvier, elle ne sera pas parvenue \u00e0 tenir la distance au golden score.<\/p>\n<p style=\"text-align: justify;\">Dans la m\u00eame cat\u00e9gorie, <strong>Pauline Cuq<\/strong> disputait son <strong>premier grand slam \u00e0 18 ans<\/strong>. Pour son premier combat, elle a subi la foudre de <strong>Baasankhuu Bavuudorj<\/strong> qui a r\u00e9alis\u00e9 un ippon rapide. Enfin, <strong>M\u00e9lanie Vieu<\/strong> a battu Aksoltan Hojageldiyeva sur hansoku-make avant de s&rsquo;incliner au golden score face \u00e0 Abiba Abuzhakynova.<\/p>\n<p style=\"text-align: justify;\"><strong>Julie Weill dit Morey<\/strong> (-52 kg) a battu Nandin-Erdene Myagmarsuren sur hansoku-make avant de s&rsquo;incliner sur ippon face \u00e0 Reka Pupp, la 3e du Masters de J\u00e9rusalem.<\/p>\n<p style=\"text-align: justify;\">Pour son premier grand slam \u00e0 23 ans, <strong>Fatiha Moussa<\/strong> (-57 kg) affrontait <strong>Ozlem Yildiz<\/strong> au deuxi\u00e8me tour. Pas une mince affaire face \u00e0 la jeune Turque de 19 ans, championne du monde juniors l&rsquo;ann\u00e9e derni\u00e8re et m\u00e9daill\u00e9e de bronze aux championnats d&rsquo;Europe juniors. La Fran\u00e7aise s&rsquo;est inclin\u00e9e au golden score. \u00c9galement qualifi\u00e9e pour le deuxi\u00e8me tour, <strong>Martha Fawaz<\/strong> s&rsquo;est inclin\u00e9e sur ippon face \u00e0 Mina Libeer. Directement qualifi\u00e9e pour le deuxi\u00e8me tour, <strong>Oph\u00e9lie Vellozzi<\/strong> affrontait Marina Azinou. La jeune Fran\u00e7aise s&rsquo;est impos\u00e9e sur ippon. Ensuite, elle s&rsquo;est inclin\u00e9e sur hansoku-make face \u00e0 Daria Bilodid, la jeune m\u00e9daill\u00e9e de bronze aux Jeux de Tokyo.<\/p>\n<p style=\"text-align: justify;\"><strong>Melika Auchecorne<\/strong> (-63 kg) participait \u00e0 son <strong>premier grand slam \u00e0 18 ans<\/strong>. Apr\u00e8s avoir battu Diassonema Mucungui sur ippon, elle s&rsquo;est inclin\u00e9e face \u00e0 Anriquelis Barrios qui a inscrit un waza-ari. Dans la m\u00eame cat\u00e9gorie, <strong>Agathe Devitry<\/strong> a battu Joanne Van Lieshout avant de s&rsquo;incliner face \u00e0 l&rsquo;exp\u00e9riment\u00e9e Barbara Timo. Elle n&rsquo;est pas parvenue \u00e0 r\u00e9pondre au waza-ari de la Portugaise. Directement qualifi\u00e9e pour le deuxi\u00e8me tour, <strong>Clo\u00e9 Yvin<\/strong> affrontait Yesui Darkhanbatbayar. Apr\u00e8s un waza-ari rapide, elle s&rsquo;est impos\u00e9e en en inscrivant un second. Au 3e tour, elle aura longtemps r\u00e9sist\u00e9 face \u00e0 Nami Nabekura, vainqueur de la derni\u00e8re \u00e9dition, avant de s&rsquo;incliner sur ippon apr\u00e8s 3 minutes. Enfin, <strong>Manon Deketer<\/strong> a battu Gankhaich Bold et Amina Belkadi sur hansoku-make avant de s&rsquo;incliner face \u00e0 Gili Sharir sur ippon.<\/p>\n<h2>Les r\u00e9sultats masculins<\/h2>\n<p style=\"text-align: justify;\">Directement qualifi\u00e9 pour le deuxi\u00e8me tour, <strong>Romain Valadier-Picard<\/strong> (-60 kg) affrontait Magzhan Shamshadin. Malheureusement, le jeune Fran\u00e7ais s&rsquo;est inclin\u00e9 sur hansoku-make au golden score. Dans la m\u00eame cat\u00e9gorie, <strong>Th\u00e9o Raoul Hebrard<\/strong> participait lui \u00e0 son premier grand slam \u00e0 25 ans. Il a d&rsquo;abord battu David Starkel sur waza-ari-awasate-ippon. Ensuite, men\u00e9 d&rsquo;un waza-ari par Juan Ayala, il s&rsquo;est impos\u00e9 sur ippon. Le parcours du Fran\u00e7ais s&rsquo;est arr\u00eat\u00e9 au 3e tour face \u00e0 Temur Nozadze. Il s&rsquo;est inclin\u00e9 au golden score sur hansoku-make.<\/p>\n<p style=\"text-align: justify;\"><strong>Maxime Gobert<\/strong> (-66 kg) a d&rsquo;abord inscrit un waza-ari face \u00e0 Matej Poliak avant d&rsquo;\u00eatre rejoint par le Slovaque qui s&rsquo;est finalement impos\u00e9 au golden score. Paris ne r\u00e9ussit pas au jeune champion d&rsquo;Europe espoirs qui avait \u00e9t\u00e9 \u00e9limin\u00e9 au premier tour en 2021 et au deuxi\u00e8me en 2022. N\u00e9anmoins, \u00e0 Tokyo en d\u00e9cembre dernier, il avait obtenu une belle m\u00e9daille de bronze, sa premi\u00e8re en grand slam.<\/p>\n<p style=\"text-align: justify;\">Dans la m\u00eame cat\u00e9gorie, <strong>Orlando Cazorla<\/strong> a battu Juan Postigos sur <a href=\"https:\/\/twitter.com\/francejudo_\/status\/1621793482858717185\" target=\"_blank\" rel=\"noopener\">ippon<\/a>. Au 2e tour se pr\u00e9sentait un gros morceau en la personne de Denis Vieru, num\u00e9ro 1 de sa cat\u00e9gorie. Malmen\u00e9 au sol, le jeune Fran\u00e7ais a finalement \u00e9t\u00e9 disqualifi\u00e9 pour un appui sur la t\u00eate.<\/p>\n<p style=\"text-align: justify;\">C&rsquo;\u00e9tait \u00e9galement le premier grand slam d&rsquo;<strong>Alexandre Rubiano<\/strong> \u00e0 22 ans. Dans la cat\u00e9gorie -73 kg, il s&rsquo;est inclin\u00e9 sur hansoku-make face \u00e0 Uranbayar Odgerel. <strong>Daniyl Zubko<\/strong> (-73 kg) participait \u00e0 son premier grand slam \u00e0 20 ans. Apr\u00e8s avoir battu Ayton Siquir sur hansoku-make et Parahat Nazarov au golden score, il a conc\u00e9d\u00e9 un waza-ari en fin de combat face \u00e0 Daniyar Shamshayev et n&rsquo;est pas parvenu \u00e0 revenir.<\/p>\n<p style=\"text-align: justify;\">Dans la m\u00eame cat\u00e9gorie, <strong>Benjamin Axus<\/strong> a d&rsquo;abord battu Narciso Matos sur ippon puis affrontait Arthur Margelidon. Pris au sol au d\u00e9but du golden score, le Fran\u00e7ais a longtemps r\u00e9sist\u00e9. Apr\u00e8s plus de 7 minutes, le Fran\u00e7ais s&rsquo;est finalement inclin\u00e9 apr\u00e8s avoir re\u00e7u une troisi\u00e8me p\u00e9nalit\u00e9.<\/p>\n","protected":false},"excerpt":{"rendered":"<p>GRAND SLAM DE PARIS &#8211; Premi\u00e8re matin\u00e9e du c\u00f4t\u00e9 de l&rsquo;Accor Arena ! Parmi la multitude de Fran\u00e7ais engag\u00e9s, se sont qualifi\u00e9s pour le bloc finale avec 3 possibilit\u00e9s de titre.<\/p>\n","protected":false},"author":12,"featured_media":351942,"comment_status":"open","ping_status":"closed","sticky":false,"template":"","format":"standard","meta":{"_acf_changed":false,"_daextam_enable_autolinks":"","footnotes":""},"categories":[8651],"tags":[19470,23198,68,29180,7236,5657,12655],"class_list":["post-351847","post","type-post","status-publish","format-standard","has-post-thumbnail","hentry","category-judo","tag-blandine-pont","tag-cedric-revol","tag-judo","tag-judo-paris-grand-slam","tag-paris-grand-slam","tag-priscilla-gneto","tag-shirine-boukli"],"acf":[],"yoast_head":"<!-- This site is optimized with the Yoast SEO Premium plugin v26.7 (Yoast SEO v26.7) - https:\/\/yoast.com\/wordpress\/plugins\/seo\/ -->\n<title>Judo Paris Grand Slam 2023 : Shirine Boukli \u00e9limin\u00e9e d&#039;entr\u00e9e, Blandine Pont, Priscilla Gneto et C\u00e9dric Revol en finale : le r\u00e9sum\u00e9 de la matin\u00e9e de samedi<\/title>\n<meta name=\"description\" content=\"Premi\u00e8re matin\u00e9e du c\u00f4t\u00e9 de l&#039;Accor Arena ! Parmi la multitude de Fran\u00e7ais engag\u00e9s, se sont qualifi\u00e9s pour le bloc finale avec 3 possibilit\u00e9s de titre.\" \/>\n<meta name=\"robots\" content=\"index, follow, max-snippet:-1, max-image-preview:large, max-video-preview:-1\" \/>\n<link rel=\"canonical\" href=\"https:\/\/dicodusport.fr\/blog\/judo-paris-grand-slam-2023-shirine-boukli-eliminee-dentree-blandine-pont-priscilla-gneto-et-cedric-revol-en-finale-le-resume-de-la-matinee-de-samedi\/\" \/>\n<meta property=\"og:locale\" content=\"fr_FR\" \/>\n<meta property=\"og:type\" content=\"article\" \/>\n<meta property=\"og:title\" content=\"Judo Paris Grand Slam 2023 : Shirine Boukli \u00e9limin\u00e9e d&#039;entr\u00e9e, Blandine Pont, Priscilla Gneto et C\u00e9dric Revol en finale : le r\u00e9sum\u00e9 de la matin\u00e9e de samedi\" \/>\n<meta property=\"og:description\" content=\"Premi\u00e8re matin\u00e9e du c\u00f4t\u00e9 de l&#039;Accor Arena ! Parmi la multitude de Fran\u00e7ais engag\u00e9s, se sont qualifi\u00e9s pour le bloc finale avec 3 possibilit\u00e9s de titre.\" \/>\n<meta property=\"og:url\" content=\"https:\/\/dicodusport.fr\/blog\/judo-paris-grand-slam-2023-shirine-boukli-eliminee-dentree-blandine-pont-priscilla-gneto-et-cedric-revol-en-finale-le-resume-de-la-matinee-de-samedi\/\" \/>\n<meta property=\"og:site_name\" content=\"Dicodusport\" \/>\n<meta property=\"article:publisher\" content=\"https:\/\/www.facebook.com\/dicodusport\" \/>\n<meta property=\"article:published_time\" content=\"2023-02-04T14:31:58+00:00\" \/>\n<meta property=\"og:image\" content=\"https:\/\/dicodusport.fr\/blog\/wp-content\/uploads\/2023\/02\/Judo-Paris-Grand-Slam-2023-Shirine-Boukli-eliminee-dentree-Blandine-Pont-Priscilla-Gneto-et-Cedric-Revol-en-finale-le-resume-de-la-matinee-de-samedi.jpg\" \/>\n\t<meta property=\"og:image:width\" content=\"800\" \/>\n\t<meta property=\"og:image:height\" content=\"445\" \/>\n\t<meta property=\"og:image:type\" content=\"image\/jpeg\" \/>\n<meta name=\"author\" content=\"Arlette Yeye\" \/>\n<meta name=\"twitter:card\" content=\"summary_large_image\" \/>\n<meta name=\"twitter:title\" content=\"Judo Paris Grand Slam 2023 : Shirine Boukli \u00e9limin\u00e9e d&#039;entr\u00e9e, Blandine Pont, Priscilla Gneto et C\u00e9dric Revol en finale : le r\u00e9sum\u00e9 de la matin\u00e9e de samedi\" \/>\n<meta name=\"twitter:creator\" content=\"@https:\/\/twitter.com\/Shiclette94\" \/>\n<meta name=\"twitter:site\" content=\"@dicodusport\" \/>\n<script type=\"application\/ld+json\" class=\"yoast-schema-graph\">{\"@context\":\"https:\/\/schema.org\",\"@graph\":[{\"@type\":\"NewsArticle\",\"@id\":\"https:\/\/dicodusport.fr\/blog\/judo-paris-grand-slam-2023-shirine-boukli-eliminee-dentree-blandine-pont-priscilla-gneto-et-cedric-revol-en-finale-le-resume-de-la-matinee-de-samedi\/#article\",\"isPartOf\":{\"@id\":\"https:\/\/dicodusport.fr\/blog\/judo-paris-grand-slam-2023-shirine-boukli-eliminee-dentree-blandine-pont-priscilla-gneto-et-cedric-revol-en-finale-le-resume-de-la-matinee-de-samedi\/\"},\"author\":{\"name\":\"Arlette Yeye\",\"@id\":\"https:\/\/dicodusport.fr\/blog\/#\/schema\/person\/cce96fa88785bd8573e3d43078ac8c79\"},\"headline\":\"Judo Paris Grand Slam 2023 : Shirine Boukli \u00e9limin\u00e9e d&rsquo;entr\u00e9e, Blandine Pont, Priscilla Gneto et C\u00e9dric Revol en finale : le r\u00e9sum\u00e9 de la matin\u00e9e de samedi\",\"datePublished\":\"2023-02-04T14:31:58+00:00\",\"mainEntityOfPage\":{\"@id\":\"https:\/\/dicodusport.fr\/blog\/judo-paris-grand-slam-2023-shirine-boukli-eliminee-dentree-blandine-pont-priscilla-gneto-et-cedric-revol-en-finale-le-resume-de-la-matinee-de-samedi\/\"},\"wordCount\":960,\"commentCount\":0,\"publisher\":{\"@id\":\"https:\/\/dicodusport.fr\/blog\/#organization\"},\"image\":{\"@id\":\"https:\/\/dicodusport.fr\/blog\/judo-paris-grand-slam-2023-shirine-boukli-eliminee-dentree-blandine-pont-priscilla-gneto-et-cedric-revol-en-finale-le-resume-de-la-matinee-de-samedi\/#primaryimage\"},\"thumbnailUrl\":\"https:\/\/dicodusport.fr\/blog\/wp-content\/uploads\/2023\/02\/Judo-Paris-Grand-Slam-2023-Shirine-Boukli-eliminee-dentree-Blandine-Pont-Priscilla-Gneto-et-Cedric-Revol-en-finale-le-resume-de-la-matinee-de-samedi.jpg\",\"keywords\":[\"Blandine Pont\",\"C\u00e9dric Revol\",\"Judo\",\"judo Paris Grand Slam\",\"Paris Grand Slam\",\"Priscilla Gneto\",\"Shirine Boukli\"],\"articleSection\":[\"Judo\"],\"inLanguage\":\"fr-FR\",\"potentialAction\":[{\"@type\":\"CommentAction\",\"name\":\"Comment\",\"target\":[\"https:\/\/dicodusport.fr\/blog\/judo-paris-grand-slam-2023-shirine-boukli-eliminee-dentree-blandine-pont-priscilla-gneto-et-cedric-revol-en-finale-le-resume-de-la-matinee-de-samedi\/#respond\"]}],\"copyrightYear\":\"2023\",\"copyrightHolder\":{\"@id\":\"https:\/\/dicodusport.fr\/blog\/#organization\"}},{\"@type\":\"WebPage\",\"@id\":\"https:\/\/dicodusport.fr\/blog\/judo-paris-grand-slam-2023-shirine-boukli-eliminee-dentree-blandine-pont-priscilla-gneto-et-cedric-revol-en-finale-le-resume-de-la-matinee-de-samedi\/\",\"url\":\"https:\/\/dicodusport.fr\/blog\/judo-paris-grand-slam-2023-shirine-boukli-eliminee-dentree-blandine-pont-priscilla-gneto-et-cedric-revol-en-finale-le-resume-de-la-matinee-de-samedi\/\",\"name\":\"Judo Paris Grand Slam 2023 : Shirine Boukli \u00e9limin\u00e9e d'entr\u00e9e, Blandine Pont, Priscilla Gneto et C\u00e9dric Revol en finale : le r\u00e9sum\u00e9 de la matin\u00e9e de samedi\",\"isPartOf\":{\"@id\":\"https:\/\/dicodusport.fr\/blog\/#website\"},\"primaryImageOfPage\":{\"@id\":\"https:\/\/dicodusport.fr\/blog\/judo-paris-grand-slam-2023-shirine-boukli-eliminee-dentree-blandine-pont-priscilla-gneto-et-cedric-revol-en-finale-le-resume-de-la-matinee-de-samedi\/#primaryimage\"},\"image\":{\"@id\":\"https:\/\/dicodusport.fr\/blog\/judo-paris-grand-slam-2023-shirine-boukli-eliminee-dentree-blandine-pont-priscilla-gneto-et-cedric-revol-en-finale-le-resume-de-la-matinee-de-samedi\/#primaryimage\"},\"thumbnailUrl\":\"https:\/\/dicodusport.fr\/blog\/wp-content\/uploads\/2023\/02\/Judo-Paris-Grand-Slam-2023-Shirine-Boukli-eliminee-dentree-Blandine-Pont-Priscilla-Gneto-et-Cedric-Revol-en-finale-le-resume-de-la-matinee-de-samedi.jpg\",\"datePublished\":\"2023-02-04T14:31:58+00:00\",\"description\":\"Premi\u00e8re matin\u00e9e du c\u00f4t\u00e9 de l'Accor Arena ! Parmi la multitude de Fran\u00e7ais engag\u00e9s, se sont qualifi\u00e9s pour le bloc finale avec 3 possibilit\u00e9s de titre.\",\"breadcrumb\":{\"@id\":\"https:\/\/dicodusport.fr\/blog\/judo-paris-grand-slam-2023-shirine-boukli-eliminee-dentree-blandine-pont-priscilla-gneto-et-cedric-revol-en-finale-le-resume-de-la-matinee-de-samedi\/#breadcrumb\"},\"inLanguage\":\"fr-FR\",\"potentialAction\":[{\"@type\":\"ReadAction\",\"target\":[\"https:\/\/dicodusport.fr\/blog\/judo-paris-grand-slam-2023-shirine-boukli-eliminee-dentree-blandine-pont-priscilla-gneto-et-cedric-revol-en-finale-le-resume-de-la-matinee-de-samedi\/\"]}]},{\"@type\":\"ImageObject\",\"inLanguage\":\"fr-FR\",\"@id\":\"https:\/\/dicodusport.fr\/blog\/judo-paris-grand-slam-2023-shirine-boukli-eliminee-dentree-blandine-pont-priscilla-gneto-et-cedric-revol-en-finale-le-resume-de-la-matinee-de-samedi\/#primaryimage\",\"url\":\"https:\/\/dicodusport.fr\/blog\/wp-content\/uploads\/2023\/02\/Judo-Paris-Grand-Slam-2023-Shirine-Boukli-eliminee-dentree-Blandine-Pont-Priscilla-Gneto-et-Cedric-Revol-en-finale-le-resume-de-la-matinee-de-samedi.jpg\",\"contentUrl\":\"https:\/\/dicodusport.fr\/blog\/wp-content\/uploads\/2023\/02\/Judo-Paris-Grand-Slam-2023-Shirine-Boukli-eliminee-dentree-Blandine-Pont-Priscilla-Gneto-et-Cedric-Revol-en-finale-le-resume-de-la-matinee-de-samedi.jpg\",\"width\":800,\"height\":445},{\"@type\":\"BreadcrumbList\",\"@id\":\"https:\/\/dicodusport.fr\/blog\/judo-paris-grand-slam-2023-shirine-boukli-eliminee-dentree-blandine-pont-priscilla-gneto-et-cedric-revol-en-finale-le-resume-de-la-matinee-de-samedi\/#breadcrumb\",\"itemListElement\":[{\"@type\":\"ListItem\",\"position\":1,\"name\":\"Accueil\",\"item\":\"https:\/\/dicodusport.fr\/blog\/\"},{\"@type\":\"ListItem\",\"position\":2,\"name\":\"Judo Paris Grand Slam 2023 : Shirine Boukli \u00e9limin\u00e9e d&rsquo;entr\u00e9e, Blandine Pont, Priscilla Gneto et C\u00e9dric Revol en finale : le r\u00e9sum\u00e9 de la matin\u00e9e de samedi\"}]},{\"@type\":\"WebSite\",\"@id\":\"https:\/\/dicodusport.fr\/blog\/#website\",\"url\":\"https:\/\/dicodusport.fr\/blog\/\",\"name\":\"Dicodusport\",\"description\":\"L&#039;encyclop\u00e9die de l&#039;actualit\u00e9 sportive\",\"publisher\":{\"@id\":\"https:\/\/dicodusport.fr\/blog\/#organization\"},\"potentialAction\":[{\"@type\":\"SearchAction\",\"target\":{\"@type\":\"EntryPoint\",\"urlTemplate\":\"https:\/\/dicodusport.fr\/blog\/?s={search_term_string}\"},\"query-input\":{\"@type\":\"PropertyValueSpecification\",\"valueRequired\":true,\"valueName\":\"search_term_string\"}}],\"inLanguage\":\"fr-FR\"},{\"@type\":\"NewsMediaOrganization\",\"@id\":\"https:\/\/dicodusport.fr\/blog\/#organization\",\"name\":\"Dicodusport\",\"url\":\"https:\/\/dicodusport.fr\/blog\/\",\"logo\":{\"@type\":\"ImageObject\",\"inLanguage\":\"fr-FR\",\"@id\":\"https:\/\/dicodusport.fr\/blog\/#\/schema\/logo\/image\/\",\"url\":\"https:\/\/dicodusport.fr\/blog\/wp-content\/uploads\/2020\/06\/cropped-LOGO-DICODUSPORT-2020-SANS-FOND-SANS-TEXTE.png\",\"contentUrl\":\"https:\/\/dicodusport.fr\/blog\/wp-content\/uploads\/2020\/06\/cropped-LOGO-DICODUSPORT-2020-SANS-FOND-SANS-TEXTE.png\",\"width\":512,\"height\":512,\"caption\":\"Dicodusport\"},\"image\":{\"@id\":\"https:\/\/dicodusport.fr\/blog\/#\/schema\/logo\/image\/\"},\"sameAs\":[\"https:\/\/www.facebook.com\/dicodusport\",\"https:\/\/x.com\/dicodusport\",\"https:\/\/www.instagram.com\/dicodusport\/\",\"https:\/\/www.youtube.com\/channel\/UC7V2KZ5sd3htJivAbA4ZG3w\"],\"description\":\"Dicodusport est l'encyclop\u00e9die de l'actualit\u00e9 sportive.\",\"email\":\"bonjour@dicodusport.fr\",\"legalName\":\"DICODUSPORT\",\"foundingDate\":\"2018-01-14\",\"vatID\":\"FR71834470973\",\"taxID\":\"83447097300043\",\"numberOfEmployees\":{\"@type\":\"QuantitativeValue\",\"minValue\":\"1\",\"maxValue\":\"10\"}},{\"@type\":\"Person\",\"@id\":\"https:\/\/dicodusport.fr\/blog\/#\/schema\/person\/cce96fa88785bd8573e3d43078ac8c79\",\"name\":\"Arlette Yeye\",\"image\":{\"@type\":\"ImageObject\",\"inLanguage\":\"fr-FR\",\"@id\":\"https:\/\/dicodusport.fr\/blog\/#\/schema\/person\/image\/\",\"url\":\"https:\/\/secure.gravatar.com\/avatar\/dca4a6239e6d708e46c45d60e160de6c?s=96&d=wp_user_avatar&r=g\",\"contentUrl\":\"https:\/\/secure.gravatar.com\/avatar\/dca4a6239e6d708e46c45d60e160de6c?s=96&d=wp_user_avatar&r=g\",\"caption\":\"Arlette Yeye\"},\"description\":\"Journaliste\/r\u00e9dactrice depuis septembre 2015 - Supportrice de Chelsea, j'ai pour sports de pr\u00e9dilection le handball, l'athl\u00e9tisme et le tennis. Si je tweete plus vite que mon ombre, vous pouvez aussi me retrouver les week-ends sur les playgrounds de Bruxelles pour un petit foot ou basket entre potes. Parcourir la France, l'Europe et plus si affinit\u00e9s pour suivre mes sportifs pr\u00e9f\u00e9r\u00e9s ? Mon kif ! Et c'est avec plaisir que je partage les r\u00e9sultats des sports populaires mais \u00e9galement plus confidentiels pour Dicodusport.\",\"sameAs\":[\"https:\/\/x.com\/https:\/\/twitter.com\/Shiclette94\"],\"url\":\"https:\/\/dicodusport.fr\/blog\/author\/arlette\/\"}]}<\/script>\n<!-- \/ Yoast SEO Premium plugin. -->","yoast_head_json":{"title":"Judo Paris Grand Slam 2023 : Shirine Boukli \u00e9limin\u00e9e d'entr\u00e9e, Blandine Pont, Priscilla Gneto et C\u00e9dric Revol en finale : le r\u00e9sum\u00e9 de la matin\u00e9e de samedi","description":"Premi\u00e8re matin\u00e9e du c\u00f4t\u00e9 de l'Accor Arena ! Parmi la multitude de Fran\u00e7ais engag\u00e9s, se sont qualifi\u00e9s pour le bloc finale avec 3 possibilit\u00e9s de titre.","robots":{"index":"index","follow":"follow","max-snippet":"max-snippet:-1","max-image-preview":"max-image-preview:large","max-video-preview":"max-video-preview:-1"},"canonical":"https:\/\/dicodusport.fr\/blog\/judo-paris-grand-slam-2023-shirine-boukli-eliminee-dentree-blandine-pont-priscilla-gneto-et-cedric-revol-en-finale-le-resume-de-la-matinee-de-samedi\/","og_locale":"fr_FR","og_type":"article","og_title":"Judo Paris Grand Slam 2023 : Shirine Boukli \u00e9limin\u00e9e d'entr\u00e9e, Blandine Pont, Priscilla Gneto et C\u00e9dric Revol en finale : le r\u00e9sum\u00e9 de la matin\u00e9e de samedi","og_description":"Premi\u00e8re matin\u00e9e du c\u00f4t\u00e9 de l'Accor Arena ! Parmi la multitude de Fran\u00e7ais engag\u00e9s, se sont qualifi\u00e9s pour le bloc finale avec 3 possibilit\u00e9s de titre.","og_url":"https:\/\/dicodusport.fr\/blog\/judo-paris-grand-slam-2023-shirine-boukli-eliminee-dentree-blandine-pont-priscilla-gneto-et-cedric-revol-en-finale-le-resume-de-la-matinee-de-samedi\/","og_site_name":"Dicodusport","article_publisher":"https:\/\/www.facebook.com\/dicodusport","article_published_time":"2023-02-04T14:31:58+00:00","og_image":[{"width":800,"height":445,"url":"https:\/\/dicodusport.fr\/blog\/wp-content\/uploads\/2023\/02\/Judo-Paris-Grand-Slam-2023-Shirine-Boukli-eliminee-dentree-Blandine-Pont-Priscilla-Gneto-et-Cedric-Revol-en-finale-le-resume-de-la-matinee-de-samedi.jpg","type":"image\/jpeg"}],"author":"Arlette Yeye","twitter_card":"summary_large_image","twitter_title":"Judo Paris Grand Slam 2023 : Shirine Boukli \u00e9limin\u00e9e d'entr\u00e9e, Blandine Pont, Priscilla Gneto et C\u00e9dric Revol en finale : le r\u00e9sum\u00e9 de la matin\u00e9e de samedi","twitter_creator":"@https:\/\/twitter.com\/Shiclette94","twitter_site":"@dicodusport","schema":{"@context":"https:\/\/schema.org","@graph":[{"@type":"NewsArticle","@id":"https:\/\/dicodusport.fr\/blog\/judo-paris-grand-slam-2023-shirine-boukli-eliminee-dentree-blandine-pont-priscilla-gneto-et-cedric-revol-en-finale-le-resume-de-la-matinee-de-samedi\/#article","isPartOf":{"@id":"https:\/\/dicodusport.fr\/blog\/judo-paris-grand-slam-2023-shirine-boukli-eliminee-dentree-blandine-pont-priscilla-gneto-et-cedric-revol-en-finale-le-resume-de-la-matinee-de-samedi\/"},"author":{"name":"Arlette Yeye","@id":"https:\/\/dicodusport.fr\/blog\/#\/schema\/person\/cce96fa88785bd8573e3d43078ac8c79"},"headline":"Judo Paris Grand Slam 2023 : Shirine Boukli \u00e9limin\u00e9e d&rsquo;entr\u00e9e, Blandine Pont, Priscilla Gneto et C\u00e9dric Revol en finale : le r\u00e9sum\u00e9 de la matin\u00e9e de samedi","datePublished":"2023-02-04T14:31:58+00:00","mainEntityOfPage":{"@id":"https:\/\/dicodusport.fr\/blog\/judo-paris-grand-slam-2023-shirine-boukli-eliminee-dentree-blandine-pont-priscilla-gneto-et-cedric-revol-en-finale-le-resume-de-la-matinee-de-samedi\/"},"wordCount":960,"commentCount":0,"publisher":{"@id":"https:\/\/dicodusport.fr\/blog\/#organization"},"image":{"@id":"https:\/\/dicodusport.fr\/blog\/judo-paris-grand-slam-2023-shirine-boukli-eliminee-dentree-blandine-pont-priscilla-gneto-et-cedric-revol-en-finale-le-resume-de-la-matinee-de-samedi\/#primaryimage"},"thumbnailUrl":"https:\/\/dicodusport.fr\/blog\/wp-content\/uploads\/2023\/02\/Judo-Paris-Grand-Slam-2023-Shirine-Boukli-eliminee-dentree-Blandine-Pont-Priscilla-Gneto-et-Cedric-Revol-en-finale-le-resume-de-la-matinee-de-samedi.jpg","keywords":["Blandine Pont","C\u00e9dric Revol","Judo","judo Paris Grand Slam","Paris Grand Slam","Priscilla Gneto","Shirine Boukli"],"articleSection":["Judo"],"inLanguage":"fr-FR","potentialAction":[{"@type":"CommentAction","name":"Comment","target":["https:\/\/dicodusport.fr\/blog\/judo-paris-grand-slam-2023-shirine-boukli-eliminee-dentree-blandine-pont-priscilla-gneto-et-cedric-revol-en-finale-le-resume-de-la-matinee-de-samedi\/#respond"]}],"copyrightYear":"2023","copyrightHolder":{"@id":"https:\/\/dicodusport.fr\/blog\/#organization"}},{"@type":"WebPage","@id":"https:\/\/dicodusport.fr\/blog\/judo-paris-grand-slam-2023-shirine-boukli-eliminee-dentree-blandine-pont-priscilla-gneto-et-cedric-revol-en-finale-le-resume-de-la-matinee-de-samedi\/","url":"https:\/\/dicodusport.fr\/blog\/judo-paris-grand-slam-2023-shirine-boukli-eliminee-dentree-blandine-pont-priscilla-gneto-et-cedric-revol-en-finale-le-resume-de-la-matinee-de-samedi\/","name":"Judo Paris Grand Slam 2023 : Shirine Boukli \u00e9limin\u00e9e d'entr\u00e9e, Blandine Pont, Priscilla Gneto et C\u00e9dric Revol en finale : le r\u00e9sum\u00e9 de la matin\u00e9e de samedi","isPartOf":{"@id":"https:\/\/dicodusport.fr\/blog\/#website"},"primaryImageOfPage":{"@id":"https:\/\/dicodusport.fr\/blog\/judo-paris-grand-slam-2023-shirine-boukli-eliminee-dentree-blandine-pont-priscilla-gneto-et-cedric-revol-en-finale-le-resume-de-la-matinee-de-samedi\/#primaryimage"},"image":{"@id":"https:\/\/dicodusport.fr\/blog\/judo-paris-grand-slam-2023-shirine-boukli-eliminee-dentree-blandine-pont-priscilla-gneto-et-cedric-revol-en-finale-le-resume-de-la-matinee-de-samedi\/#primaryimage"},"thumbnailUrl":"https:\/\/dicodusport.fr\/blog\/wp-content\/uploads\/2023\/02\/Judo-Paris-Grand-Slam-2023-Shirine-Boukli-eliminee-dentree-Blandine-Pont-Priscilla-Gneto-et-Cedric-Revol-en-finale-le-resume-de-la-matinee-de-samedi.jpg","datePublished":"2023-02-04T14:31:58+00:00","description":"Premi\u00e8re matin\u00e9e du c\u00f4t\u00e9 de l'Accor Arena ! Parmi la multitude de Fran\u00e7ais engag\u00e9s, se sont qualifi\u00e9s pour le bloc finale avec 3 possibilit\u00e9s de titre.","breadcrumb":{"@id":"https:\/\/dicodusport.fr\/blog\/judo-paris-grand-slam-2023-shirine-boukli-eliminee-dentree-blandine-pont-priscilla-gneto-et-cedric-revol-en-finale-le-resume-de-la-matinee-de-samedi\/#breadcrumb"},"inLanguage":"fr-FR","potentialAction":[{"@type":"ReadAction","target":["https:\/\/dicodusport.fr\/blog\/judo-paris-grand-slam-2023-shirine-boukli-eliminee-dentree-blandine-pont-priscilla-gneto-et-cedric-revol-en-finale-le-resume-de-la-matinee-de-samedi\/"]}]},{"@type":"ImageObject","inLanguage":"fr-FR","@id":"https:\/\/dicodusport.fr\/blog\/judo-paris-grand-slam-2023-shirine-boukli-eliminee-dentree-blandine-pont-priscilla-gneto-et-cedric-revol-en-finale-le-resume-de-la-matinee-de-samedi\/#primaryimage","url":"https:\/\/dicodusport.fr\/blog\/wp-content\/uploads\/2023\/02\/Judo-Paris-Grand-Slam-2023-Shirine-Boukli-eliminee-dentree-Blandine-Pont-Priscilla-Gneto-et-Cedric-Revol-en-finale-le-resume-de-la-matinee-de-samedi.jpg","contentUrl":"https:\/\/dicodusport.fr\/blog\/wp-content\/uploads\/2023\/02\/Judo-Paris-Grand-Slam-2023-Shirine-Boukli-eliminee-dentree-Blandine-Pont-Priscilla-Gneto-et-Cedric-Revol-en-finale-le-resume-de-la-matinee-de-samedi.jpg","width":800,"height":445},{"@type":"BreadcrumbList","@id":"https:\/\/dicodusport.fr\/blog\/judo-paris-grand-slam-2023-shirine-boukli-eliminee-dentree-blandine-pont-priscilla-gneto-et-cedric-revol-en-finale-le-resume-de-la-matinee-de-samedi\/#breadcrumb","itemListElement":[{"@type":"ListItem","position":1,"name":"Accueil","item":"https:\/\/dicodusport.fr\/blog\/"},{"@type":"ListItem","position":2,"name":"Judo Paris Grand Slam 2023 : Shirine Boukli \u00e9limin\u00e9e d&rsquo;entr\u00e9e, Blandine Pont, Priscilla Gneto et C\u00e9dric Revol en finale : le r\u00e9sum\u00e9 de la matin\u00e9e de samedi"}]},{"@type":"WebSite","@id":"https:\/\/dicodusport.fr\/blog\/#website","url":"https:\/\/dicodusport.fr\/blog\/","name":"Dicodusport","description":"L&#039;encyclop\u00e9die de l&#039;actualit\u00e9 sportive","publisher":{"@id":"https:\/\/dicodusport.fr\/blog\/#organization"},"potentialAction":[{"@type":"SearchAction","target":{"@type":"EntryPoint","urlTemplate":"https:\/\/dicodusport.fr\/blog\/?s={search_term_string}"},"query-input":{"@type":"PropertyValueSpecification","valueRequired":true,"valueName":"search_term_string"}}],"inLanguage":"fr-FR"},{"@type":"NewsMediaOrganization","@id":"https:\/\/dicodusport.fr\/blog\/#organization","name":"Dicodusport","url":"https:\/\/dicodusport.fr\/blog\/","logo":{"@type":"ImageObject","inLanguage":"fr-FR","@id":"https:\/\/dicodusport.fr\/blog\/#\/schema\/logo\/image\/","url":"https:\/\/dicodusport.fr\/blog\/wp-content\/uploads\/2020\/06\/cropped-LOGO-DICODUSPORT-2020-SANS-FOND-SANS-TEXTE.png","contentUrl":"https:\/\/dicodusport.fr\/blog\/wp-content\/uploads\/2020\/06\/cropped-LOGO-DICODUSPORT-2020-SANS-FOND-SANS-TEXTE.png","width":512,"height":512,"caption":"Dicodusport"},"image":{"@id":"https:\/\/dicodusport.fr\/blog\/#\/schema\/logo\/image\/"},"sameAs":["https:\/\/www.facebook.com\/dicodusport","https:\/\/x.com\/dicodusport","https:\/\/www.instagram.com\/dicodusport\/","https:\/\/www.youtube.com\/channel\/UC7V2KZ5sd3htJivAbA4ZG3w"],"description":"Dicodusport est l'encyclop\u00e9die de l'actualit\u00e9 sportive.","email":"bonjour@dicodusport.fr","legalName":"DICODUSPORT","foundingDate":"2018-01-14","vatID":"FR71834470973","taxID":"83447097300043","numberOfEmployees":{"@type":"QuantitativeValue","minValue":"1","maxValue":"10"}},{"@type":"Person","@id":"https:\/\/dicodusport.fr\/blog\/#\/schema\/person\/cce96fa88785bd8573e3d43078ac8c79","name":"Arlette Yeye","image":{"@type":"ImageObject","inLanguage":"fr-FR","@id":"https:\/\/dicodusport.fr\/blog\/#\/schema\/person\/image\/","url":"https:\/\/secure.gravatar.com\/avatar\/dca4a6239e6d708e46c45d60e160de6c?s=96&d=wp_user_avatar&r=g","contentUrl":"https:\/\/secure.gravatar.com\/avatar\/dca4a6239e6d708e46c45d60e160de6c?s=96&d=wp_user_avatar&r=g","caption":"Arlette Yeye"},"description":"Journaliste\/r\u00e9dactrice depuis septembre 2015 - Supportrice de Chelsea, j'ai pour sports de pr\u00e9dilection le handball, l'athl\u00e9tisme et le tennis. Si je tweete plus vite que mon ombre, vous pouvez aussi me retrouver les week-ends sur les playgrounds de Bruxelles pour un petit foot ou basket entre potes. Parcourir la France, l'Europe et plus si affinit\u00e9s pour suivre mes sportifs pr\u00e9f\u00e9r\u00e9s ? Mon kif ! Et c'est avec plaisir que je partage les r\u00e9sultats des sports populaires mais \u00e9galement plus confidentiels pour Dicodusport.","sameAs":["https:\/\/x.com\/https:\/\/twitter.com\/Shiclette94"],"url":"https:\/\/dicodusport.fr\/blog\/author\/arlette\/"}]}},"_links":{"self":[{"href":"https:\/\/dicodusport.fr\/blog\/wp-json\/wp\/v2\/posts\/351847","targetHints":{"allow":["GET"]}}],"collection":[{"href":"https:\/\/dicodusport.fr\/blog\/wp-json\/wp\/v2\/posts"}],"about":[{"href":"https:\/\/dicodusport.fr\/blog\/wp-json\/wp\/v2\/types\/post"}],"author":[{"embeddable":true,"href":"https:\/\/dicodusport.fr\/blog\/wp-json\/wp\/v2\/users\/12"}],"replies":[{"embeddable":true,"href":"https:\/\/dicodusport.fr\/blog\/wp-json\/wp\/v2\/comments?post=351847"}],"version-history":[{"count":0,"href":"https:\/\/dicodusport.fr\/blog\/wp-json\/wp\/v2\/posts\/351847\/revisions"}],"wp:featuredmedia":[{"embeddable":true,"href":"https:\/\/dicodusport.fr\/blog\/wp-json\/wp\/v2\/media\/351942"}],"wp:attachment":[{"href":"https:\/\/dicodusport.fr\/blog\/wp-json\/wp\/v2\/media?parent=351847"}],"wp:term":[{"taxonomy":"category","embeddable":true,"href":"https:\/\/dicodusport.fr\/blog\/wp-json\/wp\/v2\/categories?post=351847"},{"taxonomy":"post_tag","embeddable":true,"href":"https:\/\/dicodusport.fr\/blog\/wp-json\/wp\/v2\/tags?post=351847"}],"curies":[{"name":"wp","href":"https:\/\/api.w.org\/{rel}","templated":true}]}}