{"id":352276,"date":"2023-02-05T19:00:00","date_gmt":"2023-02-05T18:00:00","guid":{"rendered":"https:\/\/dicodusport.fr\/blog\/?p=352276&#038;preview=true&#038;preview_id=352276"},"modified":"2023-02-05T19:35:49","modified_gmt":"2023-02-05T18:35:49","slug":"italie-xv-de-france-les-notes-des-bleus","status":"publish","type":"post","link":"https:\/\/dicodusport.fr\/blog\/italie-xv-de-france-les-notes-des-bleus\/","title":{"rendered":"Italie &#8211; XV de France : Les notes des Bleus"},"content":{"rendered":"<p style=\"text-align: justify;\"><strong><em><a href=\"https:\/\/dicodusport.fr\/blog\/6-nations-2023-calendrier-resultats-et-classement\/\">TOURNOI DES 6 NATIONS 2023<\/a> &#8211; Dans la douleur, <a href=\"https:\/\/dicodusport.fr\/blog\/6-nations-les-bleus-souffrent-mais-sen-sortent-en-italie\/\">le XV de France a d\u00e9croch\u00e9 un succ\u00e8s bonifi\u00e9 en Italie (24-29)<\/a>. Les hommes de Fabien Galthi\u00e9 ont empoch\u00e9 un 14\u00e8me succ\u00e8s de rang. D\u00e9couvrez les notes des Bleus.<\/em><\/strong><\/p>\n<h2 style=\"text-align: justify;\">Les avants<\/h2>\n<p style=\"text-align: justify;\"><strong>Cyril Baille &#8211; 6 :\u00a0<\/strong><\/p>\n<p style=\"text-align: justify;\">Le + : Beaucoup d&rsquo;envie de la part du pilier toulousain, tr\u00e8s sollicit\u00e9 dans le jeu (11 ballons touch\u00e9s, 37 m\u00e8tres parcourus). Solide en m\u00eal\u00e9e ferm\u00e9e. 8\/8 en prime au plaquage. De plus, il est le seul avant \u00e0 ne pas avoir \u00e9t\u00e9 p\u00e9nalis\u00e9 sur ce match, ce qui n&rsquo;est pas anodin.<\/p>\n<p style=\"text-align: justify;\">Le &#8211; : Deux en-avants.<\/p>\n<p style=\"text-align: justify;\">En bref : Le Stadiste a fait son match. Remplac\u00e9 par <strong>Reda Wardi (52&prime;)<\/strong>.<\/p>\n<p style=\"text-align: justify;\"><strong>Julien Marchand &#8211; 5 :<\/strong><\/p>\n<p style=\"text-align: justify;\">Le + : 13 plaquages r\u00e9ussis sur 14 tent\u00e9s pour le talonneur haut-garonnais. Toujours aussi dynamique dans le jeu courant (9 ballons touch\u00e9s).<\/p>\n<p style=\"text-align: justify;\">Le &#8211; : En revanche, Marchand a pein\u00e9 dans le jeu au sol, domaine dans lequel il r\u00e8gne habituellement. Il conc\u00e8de deux p\u00e9nalit\u00e9s, dont une dans ce secteur de jeu. Il perd \u00e9galement un lancer en touche en deuxi\u00e8me p\u00e9riode.<\/p>\n<p style=\"text-align: justify;\">En bref : Au final, l&rsquo;impression laiss\u00e9e est mitig\u00e9e, lui qui a souffert dans le combat. Remplac\u00e9 par <strong>Ga\u00ebtan Barlot (61&prime;)<\/strong>.<\/p>\n<p style=\"text-align: justify;\"><strong>Uini Atonio &#8211; 4 :<\/strong><\/p>\n<p style=\"text-align: justify;\">Le + : Un sans-faute au plaquage (9\/9), et c&rsquo;est \u00e0 peu pr\u00e8s tout.<\/p>\n<p style=\"text-align: justify;\">Le &#8211; : Peu d&rsquo;apport dans le jeu. Sa puissance n&rsquo;a pas permis aux Bleus d&rsquo;avancer. Vite \u00e9mouss\u00e9, il n&rsquo;a touch\u00e9 que 4 ballons dans le jeu courant. Une p\u00e9nalit\u00e9 conc\u00e9d\u00e9e \u00e9galement.<\/p>\n<p style=\"text-align: justify;\">En bref : Le pilier rochelais n&rsquo;a pas eu l&rsquo;apport escompt\u00e9 au cours des 52 minutes qu&rsquo;il a disput\u00e9es. Sa d\u00e9fense, impeccable, sauve son match moyen dans les grandes largeurs. Remplac\u00e9 par <strong>Sipili Falatea (52&prime;)<\/strong>.<\/p>\n<p style=\"text-align: justify;\"><strong>Thibaud Flament &#8211; 7 :<\/strong><\/p>\n<p style=\"text-align: justify;\">Le + : Un match de haut niveau en d\u00e9fense, avec pas moins de 17 plaquages r\u00e9ussis (sur 18 tent\u00e9s). Un ballon r\u00e9cup\u00e9r\u00e9 en touche sur lancer italien. Son essai apr\u00e8s un contre, sa deuxi\u00e8me r\u00e9alisation en bleu, lance l&rsquo;\u00e9quipe de France (5&prime;).<\/p>\n<p style=\"text-align: justify;\">Le &#8211; : Une p\u00e9nalit\u00e9 conc\u00e9d\u00e9e assez b\u00eatement, sur un hors-jeu \u00e9vitable.<\/p>\n<p style=\"text-align: justify;\">En bref : Match abouti pour le deuxi\u00e8me ligne toulousain. Quand d&rsquo;autres avants tricolores ont failli, lui a tenu la route, et ce durant 80 minutes.<\/p>\n<blockquote class=\"twitter-tweet\">\n<p dir=\"ltr\" lang=\"en\">It\u2019s all about the range as <a href=\"https:\/\/twitter.com\/Thibaud_Flament?ref_src=twsrc%5Etfw\">@Thibaud_Flament<\/a> uses those long levers to score first in Rome.<a href=\"https:\/\/twitter.com\/hashtag\/ITAvFRA?src=hash&amp;ref_src=twsrc%5Etfw\">#ITAvFRA<\/a> | <a href=\"https:\/\/twitter.com\/FranceRugby?ref_src=twsrc%5Etfw\">@FranceRugby<\/a> <a href=\"https:\/\/t.co\/7vTzNbFKkk\">pic.twitter.com\/7vTzNbFKkk<\/a><\/p>\n<p>\u2014 Guinness Six Nations (@SixNationsRugby) <a href=\"https:\/\/twitter.com\/SixNationsRugby\/status\/1622252073315192832?ref_src=twsrc%5Etfw\">February 5, 2023<\/a><\/p><\/blockquote>\n<p><script async src=\"https:\/\/platform.twitter.com\/widgets.js\" charset=\"utf-8\"><\/script><\/p>\n<p><strong>Paul Willemse &#8211; 4 :<\/strong><\/p>\n<p style=\"text-align: justify;\">Le + : Son abatage d\u00e9fensif, avec 12 plaquages r\u00e9ussis en 54 minutes.<\/p>\n<p style=\"text-align: justify;\">Le &#8211; : Pour le reste, le deuxi\u00e8me ligne montpelli\u00e9rain a failli. Pas moins de trois p\u00e9nalit\u00e9s conc\u00e9d\u00e9es lors du premier acte. Surtout, dans le jeu dynamique, il n&rsquo;a pas eu le m\u00eame impact qu&rsquo;\u00e0 l&rsquo;accoutum\u00e9e, avec 12 petits m\u00e8tres gagn\u00e9s avec la gonfle, pour quatre ballons touch\u00e9s.<\/p>\n<p style=\"text-align: justify;\">En bref : Sans \u00eatre catastrophique, <strong>Willemse<\/strong>, de retour avec le XV de France, n&rsquo;aura pas \u00e9t\u00e9 \u00e0 son avantage. Un manque de rythme \u00e9vident, qui lui a valu de nombreuses interventions dans le mauvais tempo. Remplac\u00e9 par <strong>Romain Taofifenua (54&prime;)<\/strong>.<\/p>\n<p style=\"text-align: justify;\"><strong>Anthony Jelonch &#8211; 7 :<\/strong><\/p>\n<p style=\"text-align: justify;\">Le + : Un match de titan sur le front de la d\u00e9fense, avec 20 plaquages r\u00e9ussis. Certes, il a connu un peu de d\u00e9chet dans l&rsquo;exercice (3 plaquages manqu\u00e9s), mais il aura \u00e9t\u00e9 \u00e0 la pointe du combat. Son grattage dans les 22 m\u00e8tres tricolores (70&prime;) est salvateur, et permet, \u00e0 ce moment pr\u00e9cis, aux Bleus de souffler un bon coup.<\/p>\n<p style=\"text-align: justify;\">Le &#8211; : Son apport insuffisant dans le jeu. Mais quoi de plus normal, au regard de sa d\u00e9bauche d&rsquo;\u00e9nergie en d\u00e9fense et le combat au sol ? Une p\u00e9nalit\u00e9 conc\u00e9d\u00e9e \u00e9galement.<\/p>\n<p style=\"text-align: justify;\">En bref : Un match de haut niveau pour le flankeur toulousain, dominateur dans le combat. L&rsquo;un des meilleurs joueurs fran\u00e7ais sur le terrain \u00e0 Rome ce dimanche.<\/p>\n<p style=\"text-align: justify;\"><strong>Charles Ollivon &#8211; 3 <\/strong>:<\/p>\n<p style=\"text-align: justify;\">Le + : Sa premi\u00e8re p\u00e9riode, o\u00f9 il aura \u00e9t\u00e9 omnipr\u00e9sent dans le combat, et durant laquelle il a r\u00e9cup\u00e9r\u00e9 un ballon sur lancer adverse.<\/p>\n<p style=\"text-align: justify;\">Le &#8211; : Sa deuxi\u00e8me mi-temps est proche du catastrophique. Quatre p\u00e9nalit\u00e9s conc\u00e9d\u00e9es et un carton jaune logique (52&prime;). Sans oublier son en-avant dans l&rsquo;en-but transalpin au moment de marquer (16&prime;), g\u00e2chant une \u00e9norme occasion d&rsquo;essai.<\/p>\n<p style=\"text-align: justify;\">En bref : Un match en deux temps pour le Toulonnais. Lui qui avait \u00e9t\u00e9 excellent en novembre a failli ce dimanche \u00e0 Rome. De quoi rappeler un certain Fran\u00e7ois Cros pour l&rsquo;Irlande ?<\/p>\n<p style=\"text-align: justify;\"><strong>Gr\u00e9gory Alldritt &#8211; 5 :<\/strong><\/p>\n<p style=\"text-align: justify;\">Le + : 72 m\u00e8tres parcourus avec le ballon, meilleur total fran\u00e7ais de la rencontre. Comme souvent, il a fait avancer les siens, avec trois d\u00e9fenseurs battus.<\/p>\n<p style=\"text-align: justify;\">Le &#8211; : Pris \u00e0 revers trop facilement par <strong>Capuozzo (32&prime;)<\/strong> sur l&rsquo;essai de ce dernier, le Rochelais a \u00e9t\u00e9 moins souverain qu&rsquo;habituellement dans le combat. Une p\u00e9nalit\u00e9 conc\u00e9d\u00e9e dans le jeu au sol et un ballon perdu au contact (26&prime;).<\/p>\n<p style=\"text-align: justify;\">En bref : Sentiment mitig\u00e9 quant \u00e0 la prestation du num\u00e9ro 8 des Bleus. Remplac\u00e9 par <strong>Sekou Macalou (61&prime;)<\/strong>.<\/p>\n<p style=\"text-align: center;\"><a href=\"http:\/\/dicodusport.fr\/blog\/italie-xv-de-france-les-notes-des-bleus\/2\/#charniereettroisquarts\" class=\"su-button su-button-style-flat\" style=\"color:#FFFFFF;background-color:#0057ae;border-color:#00468c;border-radius:4px\" target=\"_self\"><span style=\"color:#FFFFFF;padding:0px 26px;font-size:20px;line-height:40px;border-color:#4d8ac7;border-radius:4px;text-shadow:none\"> Les notes de la charni\u00e8re et des trois-quarts<\/span><\/a>\n<p style=\"text-align: justify;\"><!--nextpage--><a id=\"charniereettroisquarts\"><\/a><strong><em>TOURNOI DES 6 NATIONS 2023 &#8211; Dans la douleur, le XV de France a d\u00e9croch\u00e9 un succ\u00e8s bonifi\u00e9 en Italie (24-29). D\u00e9couvrez les notes des Bleus.<\/em><\/strong><\/p>\n<h2 style=\"text-align: justify;\">La charni\u00e8re<\/h2>\n<p style=\"text-align: justify;\"><strong>Antoine Dupont (Cap) &#8211; 6,5 :<\/strong><\/p>\n<p style=\"text-align: justify;\">Le + : Ses d\u00e9parts au ras ou petit c\u00f4t\u00e9 ont fait mal en premi\u00e8re p\u00e9riode aux Italiens. 52 m\u00e8tres parcourus avec la gonfle, tout de m\u00eame. Parfait derri\u00e8re les rucks, il a parfaitement r\u00e9gul\u00e9 ses avants. D\u00e9fensivement, il a \u00e9t\u00e9 important, avec 12 plaquages r\u00e9ussis. Son jeu au pied, toujours aussi efficace, a permis aux Bleus de souffler sur plusieurs s\u00e9quences.<\/p>\n<p style=\"text-align: justify;\">Le &#8211; : Un peu de d\u00e9chet, avec deux ballons perdus. Une p\u00e9nalit\u00e9 conc\u00e9d\u00e9e \u00e9galement.<\/p>\n<p style=\"text-align: justify;\">En bref : Moins spectaculaire qu&rsquo;\u00e0 une \u00e9poque, le capitaine des Bleus n&rsquo;en reste pas moins d\u00e9terminant, en \u00e9tant propre sur chacune de ses interventions.<\/p>\n<blockquote class=\"twitter-tweet\">\n<p dir=\"ltr\" lang=\"en\">\ud83c\udfc5 <a href=\"https:\/\/twitter.com\/Dupont9A?ref_src=twsrc%5Etfw\">@Dupont9A<\/a> feels the familiar weight of the Player of the Match medal around his neck. <a href=\"https:\/\/twitter.com\/hashtag\/ITAvFRA?src=hash&amp;ref_src=twsrc%5Etfw\">#ITAvFRA<\/a> | <a href=\"https:\/\/twitter.com\/hashtag\/GuinnessSixNations?src=hash&amp;ref_src=twsrc%5Etfw\">#GuinnessSixNations<\/a> <a href=\"https:\/\/t.co\/SOaukkInHM\">pic.twitter.com\/SOaukkInHM<\/a><\/p>\n<p>\u2014 Guinness Six Nations (@SixNationsRugby) <a href=\"https:\/\/twitter.com\/SixNationsRugby\/status\/1622290933067792384?ref_src=twsrc%5Etfw\">February 5, 2023<\/a><\/p><\/blockquote>\n<p><script async src=\"https:\/\/platform.twitter.com\/widgets.js\" charset=\"utf-8\"><\/script><\/p>\n<p style=\"text-align: justify;\"><strong>Romain Ntamack &#8211; 6 :<\/strong><\/p>\n<p style=\"text-align: justify;\">Le + : Ses deux passes lumineuses au pied, qui d\u00e9bouchent sur les essais de <strong>Thomas Ramos (19&prime;)<\/strong> et <strong>Ethan Dumortier (26&prime;)<\/strong>. Dans le jeu, on l&rsquo;a vu plus \u00e0 l&rsquo;initiative qu&rsquo;en novembre, avec des attaques de ligne mieux senties, se traduisant par quatre d\u00e9fenseurs battus. Il a aussi tenu son rang en d\u00e9fense, avec ses 6 plaquages r\u00e9ussis.<\/p>\n<p style=\"text-align: justify;\">Le &#8211; : Du d\u00e9chet, forc\u00e9ment, avec un ballon perdu.<\/p>\n<p style=\"text-align: justify;\">En bref : D\u00e9cevant en novembre, il a en grande partie r\u00e9pondu sur le terrain ce dimanche. Remplac\u00e9 par <strong>Matthieu Jalibert (65&prime;)<\/strong>, auteur de l&rsquo;essai qui fait respirer les Bleus (66&prime;).<\/p>\n<hr \/>\n<h2 style=\"text-align: justify;\">Les arri\u00e8res<\/h2>\n<p style=\"text-align: justify;\"><strong>Ethan Dumortier &#8211; 6,5 :<\/strong><\/p>\n<p style=\"text-align: justify;\">Le + : Un essai en finisseur (26&prime;) pour le meilleur marqueur du Top 14. Peu sollicit\u00e9 (4 ballons touch\u00e9s), il a \u00e9t\u00e9 sobre et efficace sur chacune de ses interventions, battant 4 d\u00e9fenseurs au passage. \u00c0 l&rsquo;aise \u00e9galement dans les airs.<\/p>\n<p style=\"text-align: justify;\">Le &#8211; : Rien de n\u00e9gatif pour le Lyonnais.<\/p>\n<p style=\"text-align: justify;\">En bref : Sacr\u00e9 premi\u00e8re pour <strong>Ethan Dumortier<\/strong> !<\/p>\n<div id=\"attachment_352575\" style=\"width: 750px\" class=\"wp-caption aligncenter\"><a href=\"https:\/\/dicodusport.fr\/blog\/wp-content\/uploads\/2023\/02\/Premiere-selection-et-premier-essai-pour-Ethan-Dumortier-face-a-lItalie-scaled.jpg\"><img loading=\"lazy\" decoding=\"async\" aria-describedby=\"caption-attachment-352575\" class=\"size-large wp-image-352575\" src=\"https:\/\/dicodusport.fr\/blog\/wp-content\/uploads\/2023\/02\/Premiere-selection-et-premier-essai-pour-Ethan-Dumortier-face-a-lItalie-1024x681.jpg\" alt=\"Premi\u00e8re s\u00e9lection et premier essai pour Ethan Dumortier face \u00e0 l'Italie\" width=\"740\" height=\"492\" srcset=\"https:\/\/dicodusport.fr\/blog\/wp-content\/uploads\/2023\/02\/Premiere-selection-et-premier-essai-pour-Ethan-Dumortier-face-a-lItalie-1024x681.jpg 1024w, https:\/\/dicodusport.fr\/blog\/wp-content\/uploads\/2023\/02\/Premiere-selection-et-premier-essai-pour-Ethan-Dumortier-face-a-lItalie-300x200.jpg 300w, https:\/\/dicodusport.fr\/blog\/wp-content\/uploads\/2023\/02\/Premiere-selection-et-premier-essai-pour-Ethan-Dumortier-face-a-lItalie-768x511.jpg 768w, https:\/\/dicodusport.fr\/blog\/wp-content\/uploads\/2023\/02\/Premiere-selection-et-premier-essai-pour-Ethan-Dumortier-face-a-lItalie-1536x1021.jpg 1536w, https:\/\/dicodusport.fr\/blog\/wp-content\/uploads\/2023\/02\/Premiere-selection-et-premier-essai-pour-Ethan-Dumortier-face-a-lItalie-2048x1362.jpg 2048w\" sizes=\"auto, (max-width: 740px) 100vw, 740px\" \/><\/a><p id=\"caption-attachment-352575\" class=\"wp-caption-text\">Premi\u00e8re s\u00e9lection et premier essai pour Ethan Dumortier face \u00e0 l&rsquo;Italie<\/p><\/div>\n<p style=\"text-align: justify;\"><strong>Yoram Moefana &#8211; 4 :<\/strong><\/p>\n<p style=\"text-align: justify;\">Le + : Remuant sur le peu de munitions qu&rsquo;il a eues \u00e0 exploiter.<\/p>\n<p style=\"text-align: justify;\">Le &#8211; : Trop discret, avec 5 petits ballons d&rsquo;attaque touch\u00e9s. D\u00e9fensivement, il n&rsquo;a pas \u00e9t\u00e9 rayonnant, avec trois petits plaquages r\u00e9ussis.<\/p>\n<p style=\"text-align: justify;\">En bref : Prestation clairement en demi-teinte pour le centre de l&rsquo;UBB.<\/p>\n<p style=\"text-align: justify;\"><strong>Ga\u00ebl Fickou &#8211; 7 :<\/strong><\/p>\n<p style=\"text-align: justify;\">Le + : Le papa des lignes arri\u00e8res tricolores a \u00e9t\u00e9 percutant. Six d\u00e9fenseurs battus, meilleur total tricolore ce dimanche en Italie. Ajoutez \u00e0 cela une facult\u00e9 \u00e0 remettre les siens dans l&rsquo;avanc\u00e9e (66 m\u00e8tres parcourus avec le ballon), avec en prime une prestation d\u00e9fensive majuscule (15\/15 au plaquage), et vous avez l\u00e0 sans doute l&rsquo;un des meilleurs joueurs du XV de France aujourd&rsquo;hui.<\/p>\n<p style=\"text-align: justify;\">Le &#8211; : Une p\u00e9nalit\u00e9 conc\u00e9d\u00e9e.<\/p>\n<p style=\"text-align: justify;\">En bref : En difficult\u00e9 avec le Racing 92 et auteur d&rsquo;une tourn\u00e9e d&rsquo;automne contrast\u00e9e, <strong>Fickou<\/strong> a r\u00e9pondu pr\u00e9sent ce dimanche \u00e0 Rome. Et ce pour son 40\u00e8me match dans le Tournoi des 6 Nations, faisant de lui le joueur fran\u00e7ais ayant jou\u00e9 le plus de matchs dans la comp\u00e9tition.<\/p>\n<p style=\"text-align: justify;\"><b>Damian Penaud &#8211; 5,5 :<\/b><\/p>\n<p style=\"text-align: justify;\">Le + : Quatre d\u00e9fenseurs battus, trois franchissements, 57 m\u00e8tres parcourus : brutes, les statistiques du Clermontois, futur Girondin, parlent d&rsquo;elles-m\u00eames, avec une facult\u00e9 \u00e0 faire des diff\u00e9rences, et ce constamment.<\/p>\n<p style=\"text-align: justify;\">Le &#8211; : Trois ballons perdus, et surtout des occasions nettes d&rsquo;essai g\u00e2ch\u00e9es. D&rsquo;entr\u00e9e, il commet un en-avant sur une contre-attaque men\u00e9e par <strong>Ramos (2&prime;)<\/strong>. Deux coups de pied pour lui-m\u00eame qui auraient m\u00e9rit\u00e9 mieux (42&prime; et 54&prime;).<\/p>\n<p style=\"text-align: justify;\">En bref : Remuant, \u00e9lectrique et inspir\u00e9, mais pas pr\u00e9cis dans le dernier geste.<\/p>\n<p style=\"text-align: justify;\"><strong>Thomas Ramos &#8211; 5 :<\/strong><\/p>\n<p style=\"text-align: justify;\">Le + : Un essai plein d&rsquo;opportunisme (19&prime;) et un premier acte o\u00f9 il a beaucoup tent\u00e9.<\/p>\n<p style=\"text-align: justify;\">Le &#8211; : 4\/6 face aux perches. Une fragilit\u00e9 dans son r\u00f4le de buteur qui aurait pu se payer cher, au regard du score final. Une p\u00e9nal&rsquo;touche non-trouv\u00e9e en seconde p\u00e9riode. Ballon en mains, il n&rsquo;a pas \u00e9t\u00e9 des plus inspir\u00e9s.<\/p>\n<p style=\"text-align: justify;\">En bref : Match contrast\u00e9 pour l&rsquo;arri\u00e8re toulousain. De quoi relancer le match face \u00e0 Jaminet ? R\u00e9ponse cette semaine.<\/p>\n<p style=\"text-align: center;\"><a href=\"http:\/\/dicodusport.fr\/blog\/italie-xv-de-france-les-notes-des-bleus\/\" class=\"su-button su-button-style-flat\" style=\"color:#FFFFFF;background-color:#0057ae;border-color:#00468c;border-radius:4px\" target=\"_self\"><span style=\"color:#FFFFFF;padding:0px 26px;font-size:20px;line-height:40px;border-color:#4d8ac7;border-radius:4px;text-shadow:none\"> Revenir aux avants<\/span><\/a>\n","protected":false},"excerpt":{"rendered":"<p>TOURNOI DES 6 NATIONS 2023 &#8211; Dans la douleur, le XV de France a d\u00e9croch\u00e9 un succ\u00e8s bonifi\u00e9 en Italie (24-29). D\u00e9couvrez les notes des Bleus.<\/p>\n","protected":false},"author":4,"featured_media":352547,"comment_status":"open","ping_status":"closed","sticky":false,"template":"","format":"standard","meta":{"_acf_changed":false,"_daextam_enable_autolinks":"","footnotes":""},"categories":[9129,47048,19951],"tags":[374,5905,6649,24,1638],"class_list":["post-352276","post","type-post","status-publish","format-standard","has-post-thumbnail","hentry","category-rugby-a-xv","category-tournoi-des-6-nations","category-xv-de-france","tag-italie","tag-notes-bleus","tag-notes-xv-de-france","tag-sport","tag-xv-de-france"],"acf":[],"yoast_head":"<!-- This site is optimized with the Yoast SEO Premium plugin v26.7 (Yoast SEO v26.7) - https:\/\/yoast.com\/wordpress\/plugins\/seo\/ -->\n<title>Italie - XV de France : Les notes des Bleus<\/title>\n<meta name=\"description\" content=\"TOURNOI DES 6 NATIONS 2023 - Dans la douleur, le XV de France a d\u00e9croch\u00e9 un succ\u00e8s bonifi\u00e9 en Italie (24-29). D\u00e9couvrez les notes des Bleus.\" \/>\n<meta name=\"robots\" content=\"index, follow, max-snippet:-1, max-image-preview:large, max-video-preview:-1\" \/>\n<link rel=\"canonical\" href=\"https:\/\/dicodusport.fr\/blog\/italie-xv-de-france-les-notes-des-bleus\/\" \/>\n<link rel=\"next\" href=\"https:\/\/dicodusport.fr\/blog\/italie-xv-de-france-les-notes-des-bleus\/2\/\" \/>\n<meta property=\"og:locale\" content=\"fr_FR\" \/>\n<meta property=\"og:type\" content=\"article\" \/>\n<meta property=\"og:title\" content=\"Italie - XV de France : Les notes des Bleus\" \/>\n<meta property=\"og:description\" content=\"TOURNOI DES 6 NATIONS 2023 - Dans la douleur, le XV de France a d\u00e9croch\u00e9 un succ\u00e8s bonifi\u00e9 en Italie (24-29). D\u00e9couvrez les notes des Bleus.\" \/>\n<meta property=\"og:url\" content=\"https:\/\/dicodusport.fr\/blog\/italie-xv-de-france-les-notes-des-bleus\/\" \/>\n<meta property=\"og:site_name\" content=\"Dicodusport\" \/>\n<meta property=\"article:publisher\" content=\"https:\/\/www.facebook.com\/dicodusport\" \/>\n<meta property=\"article:author\" content=\"https:\/\/www.facebook.com\/florent.ostermann\" \/>\n<meta property=\"article:published_time\" content=\"2023-02-05T18:00:00+00:00\" \/>\n<meta property=\"article:modified_time\" content=\"2023-02-05T18:35:49+00:00\" \/>\n<meta property=\"og:image\" content=\"https:\/\/dicodusport.fr\/blog\/wp-content\/uploads\/2023\/02\/Italie-XV-de-France-Les-notes-des-Bleus.png\" \/>\n\t<meta property=\"og:image:width\" content=\"800\" \/>\n\t<meta property=\"og:image:height\" content=\"445\" \/>\n\t<meta property=\"og:image:type\" content=\"image\/png\" \/>\n<meta name=\"author\" content=\"Flo Ostermann\" \/>\n<meta name=\"twitter:card\" content=\"summary_large_image\" \/>\n<meta name=\"twitter:title\" content=\"Italie - XV de France : Les notes des Bleus\" \/>\n<meta name=\"twitter:creator\" content=\"@https:\/\/twitter.com\/FlOstermann\" \/>\n<meta name=\"twitter:site\" content=\"@dicodusport\" \/>\n<script type=\"application\/ld+json\" class=\"yoast-schema-graph\">{\"@context\":\"https:\/\/schema.org\",\"@graph\":[{\"@type\":\"NewsArticle\",\"@id\":\"https:\/\/dicodusport.fr\/blog\/italie-xv-de-france-les-notes-des-bleus\/#article\",\"isPartOf\":{\"@id\":\"https:\/\/dicodusport.fr\/blog\/italie-xv-de-france-les-notes-des-bleus\/\"},\"author\":{\"name\":\"Flo Ostermann\",\"@id\":\"https:\/\/dicodusport.fr\/blog\/#\/schema\/person\/cb02af4c173ce4a653b55e9baf388d4a\"},\"headline\":\"Italie &#8211; XV de France : Les notes des Bleus\",\"datePublished\":\"2023-02-05T18:00:00+00:00\",\"dateModified\":\"2023-02-05T18:35:49+00:00\",\"mainEntityOfPage\":{\"@id\":\"https:\/\/dicodusport.fr\/blog\/italie-xv-de-france-les-notes-des-bleus\/\"},\"wordCount\":1623,\"commentCount\":5,\"publisher\":{\"@id\":\"https:\/\/dicodusport.fr\/blog\/#organization\"},\"image\":{\"@id\":\"https:\/\/dicodusport.fr\/blog\/italie-xv-de-france-les-notes-des-bleus\/#primaryimage\"},\"thumbnailUrl\":\"https:\/\/dicodusport.fr\/blog\/wp-content\/uploads\/2023\/02\/Italie-XV-de-France-Les-notes-des-Bleus.png\",\"keywords\":[\"Italie\",\"Notes Bleus\",\"Notes XV de France\",\"sport\",\"XV de France\"],\"articleSection\":[\"Rugby \u00e0 XV\",\"Tournoi des 6 Nations\",\"XV de France\"],\"inLanguage\":\"fr-FR\",\"potentialAction\":[{\"@type\":\"CommentAction\",\"name\":\"Comment\",\"target\":[\"https:\/\/dicodusport.fr\/blog\/italie-xv-de-france-les-notes-des-bleus\/#respond\"]}],\"copyrightYear\":\"2023\",\"copyrightHolder\":{\"@id\":\"https:\/\/dicodusport.fr\/blog\/#organization\"}},{\"@type\":\"WebPage\",\"@id\":\"https:\/\/dicodusport.fr\/blog\/italie-xv-de-france-les-notes-des-bleus\/\",\"url\":\"https:\/\/dicodusport.fr\/blog\/italie-xv-de-france-les-notes-des-bleus\/\",\"name\":\"Italie - XV de France : Les notes des Bleus\",\"isPartOf\":{\"@id\":\"https:\/\/dicodusport.fr\/blog\/#website\"},\"primaryImageOfPage\":{\"@id\":\"https:\/\/dicodusport.fr\/blog\/italie-xv-de-france-les-notes-des-bleus\/#primaryimage\"},\"image\":{\"@id\":\"https:\/\/dicodusport.fr\/blog\/italie-xv-de-france-les-notes-des-bleus\/#primaryimage\"},\"thumbnailUrl\":\"https:\/\/dicodusport.fr\/blog\/wp-content\/uploads\/2023\/02\/Italie-XV-de-France-Les-notes-des-Bleus.png\",\"datePublished\":\"2023-02-05T18:00:00+00:00\",\"dateModified\":\"2023-02-05T18:35:49+00:00\",\"description\":\"TOURNOI DES 6 NATIONS 2023 - Dans la douleur, le XV de France a d\u00e9croch\u00e9 un succ\u00e8s bonifi\u00e9 en Italie (24-29). D\u00e9couvrez les notes des Bleus.\",\"inLanguage\":\"fr-FR\",\"potentialAction\":[{\"@type\":\"ReadAction\",\"target\":[\"https:\/\/dicodusport.fr\/blog\/italie-xv-de-france-les-notes-des-bleus\/\"]}]},{\"@type\":\"ImageObject\",\"inLanguage\":\"fr-FR\",\"@id\":\"https:\/\/dicodusport.fr\/blog\/italie-xv-de-france-les-notes-des-bleus\/#primaryimage\",\"url\":\"https:\/\/dicodusport.fr\/blog\/wp-content\/uploads\/2023\/02\/Italie-XV-de-France-Les-notes-des-Bleus.png\",\"contentUrl\":\"https:\/\/dicodusport.fr\/blog\/wp-content\/uploads\/2023\/02\/Italie-XV-de-France-Les-notes-des-Bleus.png\",\"width\":800,\"height\":445,\"caption\":\"Anthony Jelonch et Gr\u00e9gory Alldritt - Italie-France 6 Nations 2023 - Photo Icon Sport\"},{\"@type\":\"WebSite\",\"@id\":\"https:\/\/dicodusport.fr\/blog\/#website\",\"url\":\"https:\/\/dicodusport.fr\/blog\/\",\"name\":\"Dicodusport\",\"description\":\"L&#039;encyclop\u00e9die de l&#039;actualit\u00e9 sportive\",\"publisher\":{\"@id\":\"https:\/\/dicodusport.fr\/blog\/#organization\"},\"potentialAction\":[{\"@type\":\"SearchAction\",\"target\":{\"@type\":\"EntryPoint\",\"urlTemplate\":\"https:\/\/dicodusport.fr\/blog\/?s={search_term_string}\"},\"query-input\":{\"@type\":\"PropertyValueSpecification\",\"valueRequired\":true,\"valueName\":\"search_term_string\"}}],\"inLanguage\":\"fr-FR\"},{\"@type\":\"NewsMediaOrganization\",\"@id\":\"https:\/\/dicodusport.fr\/blog\/#organization\",\"name\":\"Dicodusport\",\"url\":\"https:\/\/dicodusport.fr\/blog\/\",\"logo\":{\"@type\":\"ImageObject\",\"inLanguage\":\"fr-FR\",\"@id\":\"https:\/\/dicodusport.fr\/blog\/#\/schema\/logo\/image\/\",\"url\":\"https:\/\/dicodusport.fr\/blog\/wp-content\/uploads\/2020\/06\/cropped-LOGO-DICODUSPORT-2020-SANS-FOND-SANS-TEXTE.png\",\"contentUrl\":\"https:\/\/dicodusport.fr\/blog\/wp-content\/uploads\/2020\/06\/cropped-LOGO-DICODUSPORT-2020-SANS-FOND-SANS-TEXTE.png\",\"width\":512,\"height\":512,\"caption\":\"Dicodusport\"},\"image\":{\"@id\":\"https:\/\/dicodusport.fr\/blog\/#\/schema\/logo\/image\/\"},\"sameAs\":[\"https:\/\/www.facebook.com\/dicodusport\",\"https:\/\/x.com\/dicodusport\",\"https:\/\/www.instagram.com\/dicodusport\/\",\"https:\/\/www.youtube.com\/channel\/UC7V2KZ5sd3htJivAbA4ZG3w\"],\"description\":\"Dicodusport est l'encyclop\u00e9die de l'actualit\u00e9 sportive.\",\"email\":\"bonjour@dicodusport.fr\",\"legalName\":\"DICODUSPORT\",\"foundingDate\":\"2018-01-14\",\"vatID\":\"FR71834470973\",\"taxID\":\"83447097300043\",\"numberOfEmployees\":{\"@type\":\"QuantitativeValue\",\"minValue\":\"1\",\"maxValue\":\"10\"}},{\"@type\":\"Person\",\"@id\":\"https:\/\/dicodusport.fr\/blog\/#\/schema\/person\/cb02af4c173ce4a653b55e9baf388d4a\",\"name\":\"Flo Ostermann\",\"image\":{\"@type\":\"ImageObject\",\"inLanguage\":\"fr-FR\",\"@id\":\"https:\/\/dicodusport.fr\/blog\/#\/schema\/person\/image\/\",\"url\":\"https:\/\/dicodusport.fr\/blog\/wp-content\/uploads\/2021\/05\/Flo-Ostermann-150x150.jpg\",\"contentUrl\":\"https:\/\/dicodusport.fr\/blog\/wp-content\/uploads\/2021\/05\/Flo-Ostermann-150x150.jpg\",\"caption\":\"Flo Ostermann\"},\"description\":\"Journaliste\/R\u00e9dacteur depuis septembre 2015 - Mes premiers souvenirs dans le sport ? Les envol\u00e9es du Stade Toulousain et les duels Villeneuve-Schumacher et H\u00e4kkinen-Schumacher \u00e0 la fin des ann\u00e9es 90, la Coupe du monde de football en 1998, l\u2019exploit du XV de France face aux All Blacks en 1999, mais aussi Richard C\u0153ur de Lion qui vole sur les montagnes du Tour de France. Bien parti pour devenir professeur d\u2019EPS, les \u00e9v\u00e9nements de la vie (et la flemme d\u2019animer des s\u00e9ances de 3x500 m\u00e8tres toute ma vie) m\u2019ont conduit \u00e0 revoir mes plans. Me voil\u00e0 depuis fin 2017 sur Dicodusport, m\u00e9dia gr\u00e2ce (et pour) lequel je partage ma passion : le sport dans tous ses \u00e9tats. Le tout accompagn\u00e9 par les fous furieux et folles furieuses cit\u00e9s sur cette page !\",\"sameAs\":[\"https:\/\/www.facebook.com\/florent.ostermann\",\"https:\/\/x.com\/https:\/\/twitter.com\/FlOstermann\",\"admin\"],\"url\":\"https:\/\/dicodusport.fr\/blog\/author\/flo\/\"}]}<\/script>\n<!-- \/ Yoast SEO Premium plugin. -->","yoast_head_json":{"title":"Italie - XV de France : Les notes des Bleus","description":"TOURNOI DES 6 NATIONS 2023 - Dans la douleur, le XV de France a d\u00e9croch\u00e9 un succ\u00e8s bonifi\u00e9 en Italie (24-29). D\u00e9couvrez les notes des Bleus.","robots":{"index":"index","follow":"follow","max-snippet":"max-snippet:-1","max-image-preview":"max-image-preview:large","max-video-preview":"max-video-preview:-1"},"canonical":"https:\/\/dicodusport.fr\/blog\/italie-xv-de-france-les-notes-des-bleus\/","next":"https:\/\/dicodusport.fr\/blog\/italie-xv-de-france-les-notes-des-bleus\/2\/","og_locale":"fr_FR","og_type":"article","og_title":"Italie - XV de France : Les notes des Bleus","og_description":"TOURNOI DES 6 NATIONS 2023 - Dans la douleur, le XV de France a d\u00e9croch\u00e9 un succ\u00e8s bonifi\u00e9 en Italie (24-29). D\u00e9couvrez les notes des Bleus.","og_url":"https:\/\/dicodusport.fr\/blog\/italie-xv-de-france-les-notes-des-bleus\/","og_site_name":"Dicodusport","article_publisher":"https:\/\/www.facebook.com\/dicodusport","article_author":"https:\/\/www.facebook.com\/florent.ostermann","article_published_time":"2023-02-05T18:00:00+00:00","article_modified_time":"2023-02-05T18:35:49+00:00","og_image":[{"width":800,"height":445,"url":"https:\/\/dicodusport.fr\/blog\/wp-content\/uploads\/2023\/02\/Italie-XV-de-France-Les-notes-des-Bleus.png","type":"image\/png"}],"author":"Flo Ostermann","twitter_card":"summary_large_image","twitter_title":"Italie - XV de France : Les notes des Bleus","twitter_creator":"@https:\/\/twitter.com\/FlOstermann","twitter_site":"@dicodusport","schema":{"@context":"https:\/\/schema.org","@graph":[{"@type":"NewsArticle","@id":"https:\/\/dicodusport.fr\/blog\/italie-xv-de-france-les-notes-des-bleus\/#article","isPartOf":{"@id":"https:\/\/dicodusport.fr\/blog\/italie-xv-de-france-les-notes-des-bleus\/"},"author":{"name":"Flo Ostermann","@id":"https:\/\/dicodusport.fr\/blog\/#\/schema\/person\/cb02af4c173ce4a653b55e9baf388d4a"},"headline":"Italie &#8211; XV de France : Les notes des Bleus","datePublished":"2023-02-05T18:00:00+00:00","dateModified":"2023-02-05T18:35:49+00:00","mainEntityOfPage":{"@id":"https:\/\/dicodusport.fr\/blog\/italie-xv-de-france-les-notes-des-bleus\/"},"wordCount":1623,"commentCount":5,"publisher":{"@id":"https:\/\/dicodusport.fr\/blog\/#organization"},"image":{"@id":"https:\/\/dicodusport.fr\/blog\/italie-xv-de-france-les-notes-des-bleus\/#primaryimage"},"thumbnailUrl":"https:\/\/dicodusport.fr\/blog\/wp-content\/uploads\/2023\/02\/Italie-XV-de-France-Les-notes-des-Bleus.png","keywords":["Italie","Notes Bleus","Notes XV de France","sport","XV de France"],"articleSection":["Rugby \u00e0 XV","Tournoi des 6 Nations","XV de France"],"inLanguage":"fr-FR","potentialAction":[{"@type":"CommentAction","name":"Comment","target":["https:\/\/dicodusport.fr\/blog\/italie-xv-de-france-les-notes-des-bleus\/#respond"]}],"copyrightYear":"2023","copyrightHolder":{"@id":"https:\/\/dicodusport.fr\/blog\/#organization"}},{"@type":"WebPage","@id":"https:\/\/dicodusport.fr\/blog\/italie-xv-de-france-les-notes-des-bleus\/","url":"https:\/\/dicodusport.fr\/blog\/italie-xv-de-france-les-notes-des-bleus\/","name":"Italie - XV de France : Les notes des Bleus","isPartOf":{"@id":"https:\/\/dicodusport.fr\/blog\/#website"},"primaryImageOfPage":{"@id":"https:\/\/dicodusport.fr\/blog\/italie-xv-de-france-les-notes-des-bleus\/#primaryimage"},"image":{"@id":"https:\/\/dicodusport.fr\/blog\/italie-xv-de-france-les-notes-des-bleus\/#primaryimage"},"thumbnailUrl":"https:\/\/dicodusport.fr\/blog\/wp-content\/uploads\/2023\/02\/Italie-XV-de-France-Les-notes-des-Bleus.png","datePublished":"2023-02-05T18:00:00+00:00","dateModified":"2023-02-05T18:35:49+00:00","description":"TOURNOI DES 6 NATIONS 2023 - Dans la douleur, le XV de France a d\u00e9croch\u00e9 un succ\u00e8s bonifi\u00e9 en Italie (24-29). D\u00e9couvrez les notes des Bleus.","inLanguage":"fr-FR","potentialAction":[{"@type":"ReadAction","target":["https:\/\/dicodusport.fr\/blog\/italie-xv-de-france-les-notes-des-bleus\/"]}]},{"@type":"ImageObject","inLanguage":"fr-FR","@id":"https:\/\/dicodusport.fr\/blog\/italie-xv-de-france-les-notes-des-bleus\/#primaryimage","url":"https:\/\/dicodusport.fr\/blog\/wp-content\/uploads\/2023\/02\/Italie-XV-de-France-Les-notes-des-Bleus.png","contentUrl":"https:\/\/dicodusport.fr\/blog\/wp-content\/uploads\/2023\/02\/Italie-XV-de-France-Les-notes-des-Bleus.png","width":800,"height":445,"caption":"Anthony Jelonch et Gr\u00e9gory Alldritt - Italie-France 6 Nations 2023 - Photo Icon Sport"},{"@type":"WebSite","@id":"https:\/\/dicodusport.fr\/blog\/#website","url":"https:\/\/dicodusport.fr\/blog\/","name":"Dicodusport","description":"L&#039;encyclop\u00e9die de l&#039;actualit\u00e9 sportive","publisher":{"@id":"https:\/\/dicodusport.fr\/blog\/#organization"},"potentialAction":[{"@type":"SearchAction","target":{"@type":"EntryPoint","urlTemplate":"https:\/\/dicodusport.fr\/blog\/?s={search_term_string}"},"query-input":{"@type":"PropertyValueSpecification","valueRequired":true,"valueName":"search_term_string"}}],"inLanguage":"fr-FR"},{"@type":"NewsMediaOrganization","@id":"https:\/\/dicodusport.fr\/blog\/#organization","name":"Dicodusport","url":"https:\/\/dicodusport.fr\/blog\/","logo":{"@type":"ImageObject","inLanguage":"fr-FR","@id":"https:\/\/dicodusport.fr\/blog\/#\/schema\/logo\/image\/","url":"https:\/\/dicodusport.fr\/blog\/wp-content\/uploads\/2020\/06\/cropped-LOGO-DICODUSPORT-2020-SANS-FOND-SANS-TEXTE.png","contentUrl":"https:\/\/dicodusport.fr\/blog\/wp-content\/uploads\/2020\/06\/cropped-LOGO-DICODUSPORT-2020-SANS-FOND-SANS-TEXTE.png","width":512,"height":512,"caption":"Dicodusport"},"image":{"@id":"https:\/\/dicodusport.fr\/blog\/#\/schema\/logo\/image\/"},"sameAs":["https:\/\/www.facebook.com\/dicodusport","https:\/\/x.com\/dicodusport","https:\/\/www.instagram.com\/dicodusport\/","https:\/\/www.youtube.com\/channel\/UC7V2KZ5sd3htJivAbA4ZG3w"],"description":"Dicodusport est l'encyclop\u00e9die de l'actualit\u00e9 sportive.","email":"bonjour@dicodusport.fr","legalName":"DICODUSPORT","foundingDate":"2018-01-14","vatID":"FR71834470973","taxID":"83447097300043","numberOfEmployees":{"@type":"QuantitativeValue","minValue":"1","maxValue":"10"}},{"@type":"Person","@id":"https:\/\/dicodusport.fr\/blog\/#\/schema\/person\/cb02af4c173ce4a653b55e9baf388d4a","name":"Flo Ostermann","image":{"@type":"ImageObject","inLanguage":"fr-FR","@id":"https:\/\/dicodusport.fr\/blog\/#\/schema\/person\/image\/","url":"https:\/\/dicodusport.fr\/blog\/wp-content\/uploads\/2021\/05\/Flo-Ostermann-150x150.jpg","contentUrl":"https:\/\/dicodusport.fr\/blog\/wp-content\/uploads\/2021\/05\/Flo-Ostermann-150x150.jpg","caption":"Flo Ostermann"},"description":"Journaliste\/R\u00e9dacteur depuis septembre 2015 - Mes premiers souvenirs dans le sport ? Les envol\u00e9es du Stade Toulousain et les duels Villeneuve-Schumacher et H\u00e4kkinen-Schumacher \u00e0 la fin des ann\u00e9es 90, la Coupe du monde de football en 1998, l\u2019exploit du XV de France face aux All Blacks en 1999, mais aussi Richard C\u0153ur de Lion qui vole sur les montagnes du Tour de France. Bien parti pour devenir professeur d\u2019EPS, les \u00e9v\u00e9nements de la vie (et la flemme d\u2019animer des s\u00e9ances de 3x500 m\u00e8tres toute ma vie) m\u2019ont conduit \u00e0 revoir mes plans. Me voil\u00e0 depuis fin 2017 sur Dicodusport, m\u00e9dia gr\u00e2ce (et pour) lequel je partage ma passion : le sport dans tous ses \u00e9tats. Le tout accompagn\u00e9 par les fous furieux et folles furieuses cit\u00e9s sur cette page !","sameAs":["https:\/\/www.facebook.com\/florent.ostermann","https:\/\/x.com\/https:\/\/twitter.com\/FlOstermann","admin"],"url":"https:\/\/dicodusport.fr\/blog\/author\/flo\/"}]}},"_links":{"self":[{"href":"https:\/\/dicodusport.fr\/blog\/wp-json\/wp\/v2\/posts\/352276","targetHints":{"allow":["GET"]}}],"collection":[{"href":"https:\/\/dicodusport.fr\/blog\/wp-json\/wp\/v2\/posts"}],"about":[{"href":"https:\/\/dicodusport.fr\/blog\/wp-json\/wp\/v2\/types\/post"}],"author":[{"embeddable":true,"href":"https:\/\/dicodusport.fr\/blog\/wp-json\/wp\/v2\/users\/4"}],"replies":[{"embeddable":true,"href":"https:\/\/dicodusport.fr\/blog\/wp-json\/wp\/v2\/comments?post=352276"}],"version-history":[{"count":0,"href":"https:\/\/dicodusport.fr\/blog\/wp-json\/wp\/v2\/posts\/352276\/revisions"}],"wp:featuredmedia":[{"embeddable":true,"href":"https:\/\/dicodusport.fr\/blog\/wp-json\/wp\/v2\/media\/352547"}],"wp:attachment":[{"href":"https:\/\/dicodusport.fr\/blog\/wp-json\/wp\/v2\/media?parent=352276"}],"wp:term":[{"taxonomy":"category","embeddable":true,"href":"https:\/\/dicodusport.fr\/blog\/wp-json\/wp\/v2\/categories?post=352276"},{"taxonomy":"post_tag","embeddable":true,"href":"https:\/\/dicodusport.fr\/blog\/wp-json\/wp\/v2\/tags?post=352276"}],"curies":[{"name":"wp","href":"https:\/\/api.w.org\/{rel}","templated":true}]}}