{"id":352537,"date":"2023-02-06T15:52:23","date_gmt":"2023-02-06T14:52:23","guid":{"rendered":"https:\/\/dicodusport.fr\/blog\/?p=352537&#038;preview=true&#038;preview_id=352537"},"modified":"2023-02-06T18:26:30","modified_gmt":"2023-02-06T17:26:30","slug":"gp-la-marseillaise-puis-besseges-lhiver-est-radieux-pour-neilson-powless","status":"publish","type":"post","link":"https:\/\/dicodusport.fr\/blog\/gp-la-marseillaise-puis-besseges-lhiver-est-radieux-pour-neilson-powless\/","title":{"rendered":"GP La Marseillaise puis Bess\u00e8ges, l&rsquo;hiver est radieux pour Neilson Powless"},"content":{"rendered":"<p style=\"text-align: justify;\" align=\"justify\"><em><strong>CYCLISME SUR ROUTE 2023 &#8211; Neilson Powless (EF Education EasyPost) a remport\u00e9 l&rsquo;\u00c9toile de Bess\u00e8ges ce dimanche. Un succ\u00e8s sur une course \u00e0 \u00e9tapes, apr\u00e8s sa victoire sur le GP La Marseillaise. \u00c0 26 ans, l&rsquo;Am\u00e9ricain est en grande forme.<\/strong><\/em><\/p>\n<p style=\"text-align: justify;\" align=\"justify\">Ce n&rsquo;est pas le nom le plus ronflant du peloton, mais il s&rsquo;impose de plus en plus comme un acteur majeur des courses. <strong>Neilson Powless<\/strong> a remport\u00e9 <a href=\"https:\/\/dicodusport.fr\/blog\/etoile-de-besseges-2023-classement-general\/\">le classement g\u00e9n\u00e9ral de l&rsquo;\u00c9toile de Bess\u00e8ges<\/a>. Son deuxi\u00e8me succ\u00e8s de la saison, qui pourrait en appeler d&rsquo;autres.<\/p>\n<h2 style=\"text-align: justify;\" align=\"justify\">Une entame 2023 parfaite pour Neilson Powless<\/h2>\n<p style=\"text-align: justify;\">Un Am\u00e9ricain qui aime la France. Non, on ne parle pas de <strong>Lance Armstrong<\/strong> &#8211; bien que cette phrase soit largement discutable en 2023 &#8211; mais bien de <strong>Neilson Powless<\/strong>. Qui a remport\u00e9 ses deux succ\u00e8s en 2023 en France. Il a d&rsquo;abord fait fort sur le <a href=\"https:\/\/dicodusport.fr\/blog\/classement-grand-prix-la-marseillaise-2023\/\">Grand Prix La Marseillaise<\/a>. Il a fait encore plus fort sur l&rsquo;\u00c9toile de Bess\u00e8ges. De quoi lui faire aimer le mistral et les paysages escarp\u00e9s entre Provence et Gard. Apr\u00e8s un passage quelconque du c\u00f4t\u00e9 de l&rsquo;Espagne (38e \u00e0 Calvia, 42e au Trofeo Ses Salines), le coureur de la <strong>EF Education EasyPost<\/strong> a mont\u00e9 le curseur d&rsquo;un cran dans le sud de la France.<\/p>\n<blockquote class=\"twitter-tweet\">\n<p dir=\"ltr\" lang=\"fr\">Neilson Powless remporte l&rsquo;\u00c9toile de Bess\u00e8ges ! Pierre Latour signe une tr\u00e8s belle 3e place <a href=\"https:\/\/twitter.com\/hashtag\/lequipeVELO?src=hash&amp;ref_src=twsrc%5Etfw\">#lequipeVELO<\/a> <a href=\"https:\/\/t.co\/GXUrVpfxaJ\">pic.twitter.com\/GXUrVpfxaJ<\/a><\/p>\n<p>\u2014 la chaine L&rsquo;\u00c9quipe (@lachainelequipe) <a href=\"https:\/\/twitter.com\/lachainelequipe\/status\/1622249177102049280?ref_src=twsrc%5Etfw\">February 5, 2023<\/a><\/p><\/blockquote>\n<p><script async src=\"https:\/\/platform.twitter.com\/widgets.js\" charset=\"utf-8\"><\/script><\/p>\n<p style=\"text-align: justify;\">Coureur complet, il dispose d&rsquo;une belle science de la course. Celle qui lui a permis d&rsquo;\u00eatre dans le bon groupe, au moment d&rsquo;aborder le pied du Mont Bouquet ce samedi. Alors que d&rsquo;autres leaders comme <strong>Thibaut Pinot<\/strong> \u00e9taient pi\u00e9g\u00e9s. Pas encore le plus fort, battu par <strong>Mattias Skjelmose Jensen<\/strong> dans la mont\u00e9e finale et domin\u00e9 par un Pierre Latour dans le dernier chrono, il a su faire jouer sa r\u00e9gularit\u00e9. Pas de succ\u00e8s d&rsquo;\u00e9tape comme a pu le faire<strong> Benjamin Thomas<\/strong> l&rsquo;an pass\u00e9, mais toujours plac\u00e9. Devant, lors de la deuxi\u00e8me \u00e9tape, finalement arr\u00eat\u00e9 suite \u00e0 une tr\u00e8s grosse chute. On retiendra le sang-froid de son \u00e9quipe, quand il a \u00e9t\u00e9 pi\u00e9g\u00e9 dans une bordure, d\u00e8s la premi\u00e8re \u00e9tape. Il aurait pu tout perdre, mais a parfaitement r\u00e9tabli la situation.<\/p>\n<h2 style=\"text-align: justify;\" align=\"justify\">Premi\u00e8re grande victoire en 2021<\/h2>\n<p align=\"justify\">Professionnel depuis 2016, il se distingue d\u00e9j\u00e0 par une 9e place au classement g\u00e9n\u00e9ral du Tour de Californie, domin\u00e9 par <strong>Julian Alaphilippe<\/strong>. Mieux qu&rsquo;un <strong>Janez Brajkovic<\/strong> et presque aussi bien qu&rsquo;un <strong>George Bennett<\/strong>. Au sein de l&rsquo;\u00e9quipe <strong>Axeon Hagens<\/strong> d&rsquo;un certain <strong>Axel Merckx<\/strong>, r\u00e9v\u00e9latrice de talents comme <strong>Tao Geoghegan Hart<\/strong> ou <strong>Jasper Philipsen<\/strong>. Mais <strong>Neilson Powless<\/strong> est un coureur qui a un besoin de temps pour grandir ! Il poursuit son apprentissage et d\u00e9couvre son premier Grand Tour en 2019, en contribuant au succ\u00e8s final de <strong>Primoz Roglic<\/strong>, sous les couleurs de la <strong>Jumbo-Visma<\/strong>.<\/p>\n<p align=\"justify\">Changement de cap en 2020, o\u00f9 il file vers la structure <strong>EF<\/strong>. Il joue plac\u00e9 sur le Tour de France 2020, 4\u00e8me au Mont Aigoual, 5\u00e8me \u00e0 Loudenvielle. C&rsquo;est en 2021 que sa carri\u00e8re prend son envol. Il confirme son statut de coureur complet. Capable de briller sur les courses d&rsquo;une semaine (5e de l&rsquo;UAE Tour, 14e du Tour de Suisse). Il remporte \u00e0 l&rsquo;occasion, son premier grand succ\u00e8s sur la Classica San Sebastian. O\u00f9 il domine au sprint <strong>Matej Mohoric<\/strong>, <strong>Mikkel Honor\u00e9<\/strong> et <strong>Lorenzo Rota<\/strong>. \u00c0 cela s&rsquo;ajoute une 5e place aux championnats du monde, apr\u00e8s avoir longtemps jou\u00e9 la m\u00e9daille d&rsquo;argent derri\u00e8re l&rsquo;intouchable <strong>Julian Alaphilippe<\/strong>.<\/p>\n<h2 style=\"text-align: justify;\" align=\"justify\">Un coureur qui pourrait rapidement gagner une course \u00e0 \u00e9tapes World Tour<\/h2>\n<p style=\"text-align: justify;\" align=\"justify\">Une seule victoire en 2022 \u00e0 la Japan Cup, sa derni\u00e8re course de l&rsquo;ann\u00e9e, mais une vraie confirmation. Apr\u00e8s un d\u00e9but d&rsquo;ann\u00e9e marqu\u00e9 par des abandons sur Paris-Nice et le Tour de Catalogne, <strong>Neilson Powless<\/strong> monte en r\u00e9gime, avec une 4e place sur le Tour de Suisse. \u00c0 cela s&rsquo;ajoute une 12e place sur le Tour de France. Des progr\u00e8s et un cap franchi en 2023 o\u00f9 il semble devenir un coureur programm\u00e9 pour gagner. Il faudra \u00eatre attentif sur son comportement lors des courses \u00e0 \u00e9tapes World Tour d&rsquo;une semaine o\u00f9 il pourrait venir chatouiller de nombreux coureurs. \u00c0 26 ans, sa carri\u00e8re prend d\u00e9finitivement un autre tournant. Celle d&rsquo;un coureur capable d&rsquo;\u00eatre le patron de son \u00e9quipe.<\/p>\n<div id=\"attachment_352828\" style=\"width: 810px\" class=\"wp-caption aligncenter\"><a href=\"https:\/\/dicodusport.fr\/blog\/wp-content\/uploads\/2023\/02\/Neilson-Powless-vainqueur-de-LEtoile-de-Besseges-2023.png\"><img loading=\"lazy\" decoding=\"async\" aria-describedby=\"caption-attachment-352828\" class=\"size-full wp-image-352828\" src=\"https:\/\/dicodusport.fr\/blog\/wp-content\/uploads\/2023\/02\/Neilson-Powless-vainqueur-de-LEtoile-de-Besseges-2023.png\" alt=\"Neilson Powless vainqueur de L'\u00c9toile de Bess\u00e8ges 2023\" width=\"800\" height=\"445\" srcset=\"https:\/\/dicodusport.fr\/blog\/wp-content\/uploads\/2023\/02\/Neilson-Powless-vainqueur-de-LEtoile-de-Besseges-2023.png 800w, https:\/\/dicodusport.fr\/blog\/wp-content\/uploads\/2023\/02\/Neilson-Powless-vainqueur-de-LEtoile-de-Besseges-2023-300x167.png 300w, https:\/\/dicodusport.fr\/blog\/wp-content\/uploads\/2023\/02\/Neilson-Powless-vainqueur-de-LEtoile-de-Besseges-2023-768x427.png 768w\" sizes=\"auto, (max-width: 800px) 100vw, 800px\" \/><\/a><p id=\"caption-attachment-352828\" class=\"wp-caption-text\">Neilson Powless vainqueur de L&rsquo;\u00c9toile de Bess\u00e8ges 2023 &#8211; Photo Icon Sport<\/p><\/div>\n","protected":false},"excerpt":{"rendered":"<p>CYCLISME SUR ROUTE 2023 &#8211; Neilson Powless (EF Education EasyPost) a remport\u00e9 l&rsquo;\u00c9toile de Bess\u00e8ges ce dimanche. Un succ\u00e8s sur une course \u00e0 \u00e9tapes, apr\u00e8s sa victoire sur le GP La Marseillaise. \u00c0 26 ans, l&rsquo;Am\u00e9ricain est en grande forme<\/p>\n","protected":false},"author":83,"featured_media":352561,"comment_status":"open","ping_status":"closed","sticky":false,"template":"","format":"standard","meta":{"_acf_changed":false,"_daextam_enable_autolinks":"","footnotes":""},"categories":[46994],"tags":[25958,3645,29462],"class_list":["post-352537","post","type-post","status-publish","format-standard","has-post-thumbnail","hentry","category-cyclisme-sur-route","tag-ef-education-easypost","tag-etoile-de-besseges","tag-neilson-powless"],"acf":[],"yoast_head":"<!-- This site is optimized with the Yoast SEO Premium plugin v26.7 (Yoast SEO v26.7) - https:\/\/yoast.com\/wordpress\/plugins\/seo\/ -->\n<title>GP La Marseillaise puis Bess\u00e8ges, l&#039;hiver est radieux pour Neilson Powless<\/title>\n<meta name=\"description\" content=\"Neilson Powless a remport\u00e9 l&#039;Etoile de Bess\u00e8ges. \u00c0 26 ans, l&#039;Am\u00e9ricain de la EF Education Easy-Post est en grande forme.\" \/>\n<meta name=\"robots\" content=\"index, follow, max-snippet:-1, max-image-preview:large, max-video-preview:-1\" \/>\n<link rel=\"canonical\" href=\"https:\/\/dicodusport.fr\/blog\/gp-la-marseillaise-puis-besseges-lhiver-est-radieux-pour-neilson-powless\/\" \/>\n<meta property=\"og:locale\" content=\"fr_FR\" \/>\n<meta property=\"og:type\" content=\"article\" \/>\n<meta property=\"og:title\" content=\"GP La Marseillaise puis Bess\u00e8ges, l&#039;hiver est radieux pour Neilson Powless\" \/>\n<meta property=\"og:description\" content=\"Neilson Powless a remport\u00e9 l&#039;Etoile de Bess\u00e8ges. \u00c0 26 ans, l&#039;Am\u00e9ricain de la EF Education Easy-Post est en grande forme.\" \/>\n<meta property=\"og:url\" content=\"https:\/\/dicodusport.fr\/blog\/gp-la-marseillaise-puis-besseges-lhiver-est-radieux-pour-neilson-powless\/\" \/>\n<meta property=\"og:site_name\" content=\"Dicodusport\" \/>\n<meta property=\"article:publisher\" content=\"https:\/\/www.facebook.com\/dicodusport\" \/>\n<meta property=\"article:published_time\" content=\"2023-02-06T14:52:23+00:00\" \/>\n<meta property=\"article:modified_time\" content=\"2023-02-06T17:26:30+00:00\" \/>\n<meta property=\"og:image\" content=\"https:\/\/dicodusport.fr\/blog\/wp-content\/uploads\/2023\/02\/Neilson-Powless-a-muscle-son-jeu-en-France.png\" \/>\n\t<meta property=\"og:image:width\" content=\"800\" \/>\n\t<meta property=\"og:image:height\" content=\"445\" \/>\n\t<meta property=\"og:image:type\" content=\"image\/png\" \/>\n<meta name=\"author\" content=\"Etienne Goursaud\" \/>\n<meta name=\"twitter:card\" content=\"summary_large_image\" \/>\n<meta name=\"twitter:title\" content=\"GP La Marseillaise puis Bess\u00e8ges, l&#039;hiver est radieux pour Neilson Powless\" \/>\n<meta name=\"twitter:creator\" content=\"@dicodusport\" \/>\n<meta name=\"twitter:site\" content=\"@dicodusport\" \/>\n<script type=\"application\/ld+json\" class=\"yoast-schema-graph\">{\"@context\":\"https:\/\/schema.org\",\"@graph\":[{\"@type\":\"NewsArticle\",\"@id\":\"https:\/\/dicodusport.fr\/blog\/gp-la-marseillaise-puis-besseges-lhiver-est-radieux-pour-neilson-powless\/#article\",\"isPartOf\":{\"@id\":\"https:\/\/dicodusport.fr\/blog\/gp-la-marseillaise-puis-besseges-lhiver-est-radieux-pour-neilson-powless\/\"},\"author\":{\"name\":\"Etienne Goursaud\",\"@id\":\"https:\/\/dicodusport.fr\/blog\/#\/schema\/person\/d603dd7da31fb2b46c82b9835a77ec13\"},\"headline\":\"GP La Marseillaise puis Bess\u00e8ges, l&rsquo;hiver est radieux pour Neilson Powless\",\"datePublished\":\"2023-02-06T14:52:23+00:00\",\"dateModified\":\"2023-02-06T17:26:30+00:00\",\"mainEntityOfPage\":{\"@id\":\"https:\/\/dicodusport.fr\/blog\/gp-la-marseillaise-puis-besseges-lhiver-est-radieux-pour-neilson-powless\/\"},\"wordCount\":786,\"commentCount\":0,\"publisher\":{\"@id\":\"https:\/\/dicodusport.fr\/blog\/#organization\"},\"image\":{\"@id\":\"https:\/\/dicodusport.fr\/blog\/gp-la-marseillaise-puis-besseges-lhiver-est-radieux-pour-neilson-powless\/#primaryimage\"},\"thumbnailUrl\":\"https:\/\/dicodusport.fr\/blog\/wp-content\/uploads\/2023\/02\/Neilson-Powless-a-muscle-son-jeu-en-France.png\",\"keywords\":[\"EF Education-EasyPost\",\"Etoile de Bess\u00e8ges\",\"neilson powless\"],\"articleSection\":[\"Cyclisme sur route\"],\"inLanguage\":\"fr-FR\",\"potentialAction\":[{\"@type\":\"CommentAction\",\"name\":\"Comment\",\"target\":[\"https:\/\/dicodusport.fr\/blog\/gp-la-marseillaise-puis-besseges-lhiver-est-radieux-pour-neilson-powless\/#respond\"]}],\"copyrightYear\":\"2023\",\"copyrightHolder\":{\"@id\":\"https:\/\/dicodusport.fr\/blog\/#organization\"}},{\"@type\":\"WebPage\",\"@id\":\"https:\/\/dicodusport.fr\/blog\/gp-la-marseillaise-puis-besseges-lhiver-est-radieux-pour-neilson-powless\/\",\"url\":\"https:\/\/dicodusport.fr\/blog\/gp-la-marseillaise-puis-besseges-lhiver-est-radieux-pour-neilson-powless\/\",\"name\":\"GP La Marseillaise puis Bess\u00e8ges, l'hiver est radieux pour Neilson Powless\",\"isPartOf\":{\"@id\":\"https:\/\/dicodusport.fr\/blog\/#website\"},\"primaryImageOfPage\":{\"@id\":\"https:\/\/dicodusport.fr\/blog\/gp-la-marseillaise-puis-besseges-lhiver-est-radieux-pour-neilson-powless\/#primaryimage\"},\"image\":{\"@id\":\"https:\/\/dicodusport.fr\/blog\/gp-la-marseillaise-puis-besseges-lhiver-est-radieux-pour-neilson-powless\/#primaryimage\"},\"thumbnailUrl\":\"https:\/\/dicodusport.fr\/blog\/wp-content\/uploads\/2023\/02\/Neilson-Powless-a-muscle-son-jeu-en-France.png\",\"datePublished\":\"2023-02-06T14:52:23+00:00\",\"dateModified\":\"2023-02-06T17:26:30+00:00\",\"description\":\"Neilson Powless a remport\u00e9 l'Etoile de Bess\u00e8ges. \u00c0 26 ans, l'Am\u00e9ricain de la EF Education Easy-Post est en grande forme.\",\"breadcrumb\":{\"@id\":\"https:\/\/dicodusport.fr\/blog\/gp-la-marseillaise-puis-besseges-lhiver-est-radieux-pour-neilson-powless\/#breadcrumb\"},\"inLanguage\":\"fr-FR\",\"potentialAction\":[{\"@type\":\"ReadAction\",\"target\":[\"https:\/\/dicodusport.fr\/blog\/gp-la-marseillaise-puis-besseges-lhiver-est-radieux-pour-neilson-powless\/\"]}]},{\"@type\":\"ImageObject\",\"inLanguage\":\"fr-FR\",\"@id\":\"https:\/\/dicodusport.fr\/blog\/gp-la-marseillaise-puis-besseges-lhiver-est-radieux-pour-neilson-powless\/#primaryimage\",\"url\":\"https:\/\/dicodusport.fr\/blog\/wp-content\/uploads\/2023\/02\/Neilson-Powless-a-muscle-son-jeu-en-France.png\",\"contentUrl\":\"https:\/\/dicodusport.fr\/blog\/wp-content\/uploads\/2023\/02\/Neilson-Powless-a-muscle-son-jeu-en-France.png\",\"width\":800,\"height\":445,\"caption\":\"Photo Icon Sport\"},{\"@type\":\"BreadcrumbList\",\"@id\":\"https:\/\/dicodusport.fr\/blog\/gp-la-marseillaise-puis-besseges-lhiver-est-radieux-pour-neilson-powless\/#breadcrumb\",\"itemListElement\":[{\"@type\":\"ListItem\",\"position\":1,\"name\":\"Accueil\",\"item\":\"https:\/\/dicodusport.fr\/blog\/\"},{\"@type\":\"ListItem\",\"position\":2,\"name\":\"GP La Marseillaise puis Bess\u00e8ges, l&rsquo;hiver est radieux pour Neilson Powless\"}]},{\"@type\":\"WebSite\",\"@id\":\"https:\/\/dicodusport.fr\/blog\/#website\",\"url\":\"https:\/\/dicodusport.fr\/blog\/\",\"name\":\"Dicodusport\",\"description\":\"L&#039;encyclop\u00e9die de l&#039;actualit\u00e9 sportive\",\"publisher\":{\"@id\":\"https:\/\/dicodusport.fr\/blog\/#organization\"},\"potentialAction\":[{\"@type\":\"SearchAction\",\"target\":{\"@type\":\"EntryPoint\",\"urlTemplate\":\"https:\/\/dicodusport.fr\/blog\/?s={search_term_string}\"},\"query-input\":{\"@type\":\"PropertyValueSpecification\",\"valueRequired\":true,\"valueName\":\"search_term_string\"}}],\"inLanguage\":\"fr-FR\"},{\"@type\":\"NewsMediaOrganization\",\"@id\":\"https:\/\/dicodusport.fr\/blog\/#organization\",\"name\":\"Dicodusport\",\"url\":\"https:\/\/dicodusport.fr\/blog\/\",\"logo\":{\"@type\":\"ImageObject\",\"inLanguage\":\"fr-FR\",\"@id\":\"https:\/\/dicodusport.fr\/blog\/#\/schema\/logo\/image\/\",\"url\":\"https:\/\/dicodusport.fr\/blog\/wp-content\/uploads\/2020\/06\/cropped-LOGO-DICODUSPORT-2020-SANS-FOND-SANS-TEXTE.png\",\"contentUrl\":\"https:\/\/dicodusport.fr\/blog\/wp-content\/uploads\/2020\/06\/cropped-LOGO-DICODUSPORT-2020-SANS-FOND-SANS-TEXTE.png\",\"width\":512,\"height\":512,\"caption\":\"Dicodusport\"},\"image\":{\"@id\":\"https:\/\/dicodusport.fr\/blog\/#\/schema\/logo\/image\/\"},\"sameAs\":[\"https:\/\/www.facebook.com\/dicodusport\",\"https:\/\/x.com\/dicodusport\",\"https:\/\/www.instagram.com\/dicodusport\/\",\"https:\/\/www.youtube.com\/channel\/UC7V2KZ5sd3htJivAbA4ZG3w\"],\"description\":\"Dicodusport est l'encyclop\u00e9die de l'actualit\u00e9 sportive.\",\"email\":\"bonjour@dicodusport.fr\",\"legalName\":\"DICODUSPORT\",\"foundingDate\":\"2018-01-14\",\"vatID\":\"FR71834470973\",\"taxID\":\"83447097300043\",\"numberOfEmployees\":{\"@type\":\"QuantitativeValue\",\"minValue\":\"1\",\"maxValue\":\"10\"}},{\"@type\":\"Person\",\"@id\":\"https:\/\/dicodusport.fr\/blog\/#\/schema\/person\/d603dd7da31fb2b46c82b9835a77ec13\",\"name\":\"Etienne Goursaud\",\"image\":{\"@type\":\"ImageObject\",\"inLanguage\":\"fr-FR\",\"@id\":\"https:\/\/dicodusport.fr\/blog\/#\/schema\/person\/image\/\",\"url\":\"https:\/\/dicodusport.fr\/blog\/wp-content\/uploads\/2023\/12\/410122264_10231602061736049_5565839791558026645_n-150x150.jpg\",\"contentUrl\":\"https:\/\/dicodusport.fr\/blog\/wp-content\/uploads\/2023\/12\/410122264_10231602061736049_5565839791558026645_n-150x150.jpg\",\"caption\":\"Etienne Goursaud\"},\"description\":\"Journaliste et amoureux de sport. Ancien footballeur reconverti athl\u00e8te quand ses muscles le laissent tranquille. \u00c9lev\u00e9 \u00e0 la sauce des exploits de Thomas Voeckler en 2004, du dernier essai de l\u00e9gende de Eunice Barber \u00e0 la longueur lors des championnats du monde d'athl\u00e9tisme de 2003 mais aussi Zidane, Omeyer et Titou Lamaison.\",\"url\":\"https:\/\/dicodusport.fr\/blog\/author\/etienne-goursaud\/\"}]}<\/script>\n<!-- \/ Yoast SEO Premium plugin. -->","yoast_head_json":{"title":"GP La Marseillaise puis Bess\u00e8ges, l'hiver est radieux pour Neilson Powless","description":"Neilson Powless a remport\u00e9 l'Etoile de Bess\u00e8ges. \u00c0 26 ans, l'Am\u00e9ricain de la EF Education Easy-Post est en grande forme.","robots":{"index":"index","follow":"follow","max-snippet":"max-snippet:-1","max-image-preview":"max-image-preview:large","max-video-preview":"max-video-preview:-1"},"canonical":"https:\/\/dicodusport.fr\/blog\/gp-la-marseillaise-puis-besseges-lhiver-est-radieux-pour-neilson-powless\/","og_locale":"fr_FR","og_type":"article","og_title":"GP La Marseillaise puis Bess\u00e8ges, l'hiver est radieux pour Neilson Powless","og_description":"Neilson Powless a remport\u00e9 l'Etoile de Bess\u00e8ges. \u00c0 26 ans, l'Am\u00e9ricain de la EF Education Easy-Post est en grande forme.","og_url":"https:\/\/dicodusport.fr\/blog\/gp-la-marseillaise-puis-besseges-lhiver-est-radieux-pour-neilson-powless\/","og_site_name":"Dicodusport","article_publisher":"https:\/\/www.facebook.com\/dicodusport","article_published_time":"2023-02-06T14:52:23+00:00","article_modified_time":"2023-02-06T17:26:30+00:00","og_image":[{"width":800,"height":445,"url":"https:\/\/dicodusport.fr\/blog\/wp-content\/uploads\/2023\/02\/Neilson-Powless-a-muscle-son-jeu-en-France.png","type":"image\/png"}],"author":"Etienne Goursaud","twitter_card":"summary_large_image","twitter_title":"GP La Marseillaise puis Bess\u00e8ges, l'hiver est radieux pour Neilson Powless","twitter_creator":"@dicodusport","twitter_site":"@dicodusport","schema":{"@context":"https:\/\/schema.org","@graph":[{"@type":"NewsArticle","@id":"https:\/\/dicodusport.fr\/blog\/gp-la-marseillaise-puis-besseges-lhiver-est-radieux-pour-neilson-powless\/#article","isPartOf":{"@id":"https:\/\/dicodusport.fr\/blog\/gp-la-marseillaise-puis-besseges-lhiver-est-radieux-pour-neilson-powless\/"},"author":{"name":"Etienne Goursaud","@id":"https:\/\/dicodusport.fr\/blog\/#\/schema\/person\/d603dd7da31fb2b46c82b9835a77ec13"},"headline":"GP La Marseillaise puis Bess\u00e8ges, l&rsquo;hiver est radieux pour Neilson Powless","datePublished":"2023-02-06T14:52:23+00:00","dateModified":"2023-02-06T17:26:30+00:00","mainEntityOfPage":{"@id":"https:\/\/dicodusport.fr\/blog\/gp-la-marseillaise-puis-besseges-lhiver-est-radieux-pour-neilson-powless\/"},"wordCount":786,"commentCount":0,"publisher":{"@id":"https:\/\/dicodusport.fr\/blog\/#organization"},"image":{"@id":"https:\/\/dicodusport.fr\/blog\/gp-la-marseillaise-puis-besseges-lhiver-est-radieux-pour-neilson-powless\/#primaryimage"},"thumbnailUrl":"https:\/\/dicodusport.fr\/blog\/wp-content\/uploads\/2023\/02\/Neilson-Powless-a-muscle-son-jeu-en-France.png","keywords":["EF Education-EasyPost","Etoile de Bess\u00e8ges","neilson powless"],"articleSection":["Cyclisme sur route"],"inLanguage":"fr-FR","potentialAction":[{"@type":"CommentAction","name":"Comment","target":["https:\/\/dicodusport.fr\/blog\/gp-la-marseillaise-puis-besseges-lhiver-est-radieux-pour-neilson-powless\/#respond"]}],"copyrightYear":"2023","copyrightHolder":{"@id":"https:\/\/dicodusport.fr\/blog\/#organization"}},{"@type":"WebPage","@id":"https:\/\/dicodusport.fr\/blog\/gp-la-marseillaise-puis-besseges-lhiver-est-radieux-pour-neilson-powless\/","url":"https:\/\/dicodusport.fr\/blog\/gp-la-marseillaise-puis-besseges-lhiver-est-radieux-pour-neilson-powless\/","name":"GP La Marseillaise puis Bess\u00e8ges, l'hiver est radieux pour Neilson Powless","isPartOf":{"@id":"https:\/\/dicodusport.fr\/blog\/#website"},"primaryImageOfPage":{"@id":"https:\/\/dicodusport.fr\/blog\/gp-la-marseillaise-puis-besseges-lhiver-est-radieux-pour-neilson-powless\/#primaryimage"},"image":{"@id":"https:\/\/dicodusport.fr\/blog\/gp-la-marseillaise-puis-besseges-lhiver-est-radieux-pour-neilson-powless\/#primaryimage"},"thumbnailUrl":"https:\/\/dicodusport.fr\/blog\/wp-content\/uploads\/2023\/02\/Neilson-Powless-a-muscle-son-jeu-en-France.png","datePublished":"2023-02-06T14:52:23+00:00","dateModified":"2023-02-06T17:26:30+00:00","description":"Neilson Powless a remport\u00e9 l'Etoile de Bess\u00e8ges. \u00c0 26 ans, l'Am\u00e9ricain de la EF Education Easy-Post est en grande forme.","breadcrumb":{"@id":"https:\/\/dicodusport.fr\/blog\/gp-la-marseillaise-puis-besseges-lhiver-est-radieux-pour-neilson-powless\/#breadcrumb"},"inLanguage":"fr-FR","potentialAction":[{"@type":"ReadAction","target":["https:\/\/dicodusport.fr\/blog\/gp-la-marseillaise-puis-besseges-lhiver-est-radieux-pour-neilson-powless\/"]}]},{"@type":"ImageObject","inLanguage":"fr-FR","@id":"https:\/\/dicodusport.fr\/blog\/gp-la-marseillaise-puis-besseges-lhiver-est-radieux-pour-neilson-powless\/#primaryimage","url":"https:\/\/dicodusport.fr\/blog\/wp-content\/uploads\/2023\/02\/Neilson-Powless-a-muscle-son-jeu-en-France.png","contentUrl":"https:\/\/dicodusport.fr\/blog\/wp-content\/uploads\/2023\/02\/Neilson-Powless-a-muscle-son-jeu-en-France.png","width":800,"height":445,"caption":"Photo Icon Sport"},{"@type":"BreadcrumbList","@id":"https:\/\/dicodusport.fr\/blog\/gp-la-marseillaise-puis-besseges-lhiver-est-radieux-pour-neilson-powless\/#breadcrumb","itemListElement":[{"@type":"ListItem","position":1,"name":"Accueil","item":"https:\/\/dicodusport.fr\/blog\/"},{"@type":"ListItem","position":2,"name":"GP La Marseillaise puis Bess\u00e8ges, l&rsquo;hiver est radieux pour Neilson Powless"}]},{"@type":"WebSite","@id":"https:\/\/dicodusport.fr\/blog\/#website","url":"https:\/\/dicodusport.fr\/blog\/","name":"Dicodusport","description":"L&#039;encyclop\u00e9die de l&#039;actualit\u00e9 sportive","publisher":{"@id":"https:\/\/dicodusport.fr\/blog\/#organization"},"potentialAction":[{"@type":"SearchAction","target":{"@type":"EntryPoint","urlTemplate":"https:\/\/dicodusport.fr\/blog\/?s={search_term_string}"},"query-input":{"@type":"PropertyValueSpecification","valueRequired":true,"valueName":"search_term_string"}}],"inLanguage":"fr-FR"},{"@type":"NewsMediaOrganization","@id":"https:\/\/dicodusport.fr\/blog\/#organization","name":"Dicodusport","url":"https:\/\/dicodusport.fr\/blog\/","logo":{"@type":"ImageObject","inLanguage":"fr-FR","@id":"https:\/\/dicodusport.fr\/blog\/#\/schema\/logo\/image\/","url":"https:\/\/dicodusport.fr\/blog\/wp-content\/uploads\/2020\/06\/cropped-LOGO-DICODUSPORT-2020-SANS-FOND-SANS-TEXTE.png","contentUrl":"https:\/\/dicodusport.fr\/blog\/wp-content\/uploads\/2020\/06\/cropped-LOGO-DICODUSPORT-2020-SANS-FOND-SANS-TEXTE.png","width":512,"height":512,"caption":"Dicodusport"},"image":{"@id":"https:\/\/dicodusport.fr\/blog\/#\/schema\/logo\/image\/"},"sameAs":["https:\/\/www.facebook.com\/dicodusport","https:\/\/x.com\/dicodusport","https:\/\/www.instagram.com\/dicodusport\/","https:\/\/www.youtube.com\/channel\/UC7V2KZ5sd3htJivAbA4ZG3w"],"description":"Dicodusport est l'encyclop\u00e9die de l'actualit\u00e9 sportive.","email":"bonjour@dicodusport.fr","legalName":"DICODUSPORT","foundingDate":"2018-01-14","vatID":"FR71834470973","taxID":"83447097300043","numberOfEmployees":{"@type":"QuantitativeValue","minValue":"1","maxValue":"10"}},{"@type":"Person","@id":"https:\/\/dicodusport.fr\/blog\/#\/schema\/person\/d603dd7da31fb2b46c82b9835a77ec13","name":"Etienne Goursaud","image":{"@type":"ImageObject","inLanguage":"fr-FR","@id":"https:\/\/dicodusport.fr\/blog\/#\/schema\/person\/image\/","url":"https:\/\/dicodusport.fr\/blog\/wp-content\/uploads\/2023\/12\/410122264_10231602061736049_5565839791558026645_n-150x150.jpg","contentUrl":"https:\/\/dicodusport.fr\/blog\/wp-content\/uploads\/2023\/12\/410122264_10231602061736049_5565839791558026645_n-150x150.jpg","caption":"Etienne Goursaud"},"description":"Journaliste et amoureux de sport. Ancien footballeur reconverti athl\u00e8te quand ses muscles le laissent tranquille. \u00c9lev\u00e9 \u00e0 la sauce des exploits de Thomas Voeckler en 2004, du dernier essai de l\u00e9gende de Eunice Barber \u00e0 la longueur lors des championnats du monde d'athl\u00e9tisme de 2003 mais aussi Zidane, Omeyer et Titou Lamaison.","url":"https:\/\/dicodusport.fr\/blog\/author\/etienne-goursaud\/"}]}},"_links":{"self":[{"href":"https:\/\/dicodusport.fr\/blog\/wp-json\/wp\/v2\/posts\/352537","targetHints":{"allow":["GET"]}}],"collection":[{"href":"https:\/\/dicodusport.fr\/blog\/wp-json\/wp\/v2\/posts"}],"about":[{"href":"https:\/\/dicodusport.fr\/blog\/wp-json\/wp\/v2\/types\/post"}],"author":[{"embeddable":true,"href":"https:\/\/dicodusport.fr\/blog\/wp-json\/wp\/v2\/users\/83"}],"replies":[{"embeddable":true,"href":"https:\/\/dicodusport.fr\/blog\/wp-json\/wp\/v2\/comments?post=352537"}],"version-history":[{"count":0,"href":"https:\/\/dicodusport.fr\/blog\/wp-json\/wp\/v2\/posts\/352537\/revisions"}],"wp:featuredmedia":[{"embeddable":true,"href":"https:\/\/dicodusport.fr\/blog\/wp-json\/wp\/v2\/media\/352561"}],"wp:attachment":[{"href":"https:\/\/dicodusport.fr\/blog\/wp-json\/wp\/v2\/media?parent=352537"}],"wp:term":[{"taxonomy":"category","embeddable":true,"href":"https:\/\/dicodusport.fr\/blog\/wp-json\/wp\/v2\/categories?post=352537"},{"taxonomy":"post_tag","embeddable":true,"href":"https:\/\/dicodusport.fr\/blog\/wp-json\/wp\/v2\/tags?post=352537"}],"curies":[{"name":"wp","href":"https:\/\/api.w.org\/{rel}","templated":true}]}}