{"id":352610,"date":"2023-02-05T21:17:35","date_gmt":"2023-02-05T20:17:35","guid":{"rendered":"https:\/\/dicodusport.fr\/blog\/?p=352610&#038;preview=true&#038;preview_id=352610"},"modified":"2023-02-05T22:31:48","modified_gmt":"2023-02-05T21:31:48","slug":"nba-kyrie-irving-transfere-a-dallas","status":"publish","type":"post","link":"https:\/\/dicodusport.fr\/blog\/nba-kyrie-irving-transfere-a-dallas\/","title":{"rendered":"NBA : Kyrie Irving transf\u00e9r\u00e9 aux Dallas Mavericks"},"content":{"rendered":"<p style=\"text-align: justify;\" align=\"justify\"><em><strong>NBA 2022\/23 &#8211; Seulement quelques jours apr\u00e8s sa demande de transfert, Kyrie Irving est pri\u00e9 de faire ses valises de Brooklyn. C&rsquo;est Dallas qui h\u00e9rite du champion NBA 2016, pendant que Dorian Finney-Smith et Spencer Dinwiddie font le chemin inverse.<\/strong><\/em><\/p>\n<p style=\"text-align: justify;\" align=\"justify\">On ignorait ce que comptaient faire les Nets. <strong>Kyrie Irving,<\/strong> en fin de contrat cet \u00e9t\u00e9, a demand\u00e9 son transfert il y a quelques jours. Sean Marks pouvait soit attendre cet \u00e9t\u00e9 et le laisser partir contre rien en essayant malgr\u00e9 tout d&rsquo;\u00eatre comp\u00e9titif cette ann\u00e9e, soit essayer de l&rsquo;\u00e9changer pour avoir une contrepartie. Il a choisi la seconde option, faisant de Brooklyn la principale attraction de la <em>trade deadline<\/em> pour la deuxi\u00e8me ann\u00e9e d&rsquo;affil\u00e9e.<\/p>\n<h2 align=\"justify\">Le duo Kyrie Irving\/Luka Doncic<\/h2>\n<p style=\"text-align: justify;\">Depuis son arriv\u00e9e dans la ligue, le prodige slov\u00e8ne <strong>Luka Doncic<\/strong> n&rsquo;a jamais eu de bras droit de niveau All-Star. Et sur ce d\u00e9but de saison, on commen\u00e7ait \u00e0 se rendre compte que malgr\u00e9 sa magie, il \u00e9tait bien trop seul, notamment en termes d&rsquo;organisation offensive. Avec <strong>Kyrie Irving<\/strong>, ce probl\u00e8me est r\u00e9gl\u00e9. En termes de cr\u00e9ation de tir, <em>Uncle Drew<\/em> est un des meilleurs de toute la ligue, que ce soit pour lui, ou dans une moindre mesure, pour les autres. Offensivement, le duo sur le <em>backcourt<\/em> est tout simplement terrifiant.<\/p>\n<p style=\"text-align: justify;\">On peut cependant \u00e9mettre quelques doutes sur l&rsquo;aspect d\u00e9fensif. M\u00eame s&rsquo;il a fait des efforts r\u00e9cemment, Doncic est loin d&rsquo;\u00eatre un sp\u00e9cialiste. Quant \u00e0 Kyrie Irving, il est tr\u00e8s limit\u00e9 dans ce domaine, notamment physiquement. Et avec la perte de <strong>Dorian Finney-Smith<\/strong>, c&rsquo;est un des d\u00e9fenseurs les plus polyvalents de l&rsquo;\u00e9quipe qui s&rsquo;en va. Il va donc falloir trouver un rempla\u00e7ant sur ce poste de 3&amp;D \u00e0 l&rsquo;aile. \u00c0 priori, \u00e7a devrait \u00eatre <strong>Reggie Bullock<\/strong> qui passerait titulaire. Ce n&rsquo;est pas forc\u00e9ment une bonne nouvelle, au vu de ses performances r\u00e9centes, mais difficile de trouver mieux. Il est aussi possible que Dallas n&rsquo;ait pas fini de bouger. Ils peuvent avoir d&rsquo;autres pi\u00e8ces \u00e0 ajouter soit via des transferts, soit sur le march\u00e9 de <em>buyouts<\/em>.<\/p>\n<h2 style=\"text-align: justify;\">Mais o\u00f9 va Brooklyn ?<\/h2>\n<p style=\"text-align: justify;\">Sportivement, Brooklyn perd bien \u00e9videmment ce trade. Le timing de la demande de Kyrie Irving \u00e9tait catastrophique. Les \u00e9quipes n&rsquo;allaient pas se craquer compl\u00e8tement pour un joueur en fin de contrat et aussi instable. Cependant, tout n&rsquo;est peut-\u00eatre pas \u00e0 jeter. Le retour de <strong>Spencer Dinwiddie<\/strong> peut \u00eatre int\u00e9ressant en remplacement de Irving. <strong>Dorian Finney-Smith<\/strong> apporte quant \u00e0 lui un profil d\u00e9fensif suppl\u00e9mentaire dans une \u00e9quipe qui pouvait encore progresser \u00e0 ce niveau.<\/p>\n<p style=\"text-align: justify;\">Maintenant, impossible de savoir si le but est d&rsquo;apporter un\u00a0<em>supporting cast\u00a0<\/em>\u00e0 base de soldats de l&rsquo;ombre \u00e0 <strong>Kevin Durant,<\/strong> ou si les heures de ce dernier \u00e0 Brooklyn sont \u00e9galement compt\u00e9es. <em>Le Snake<\/em> a d\u00e9j\u00e0 demand\u00e9 son transfert cet \u00e9t\u00e9. Vu la saison des Nets, le dossier semblait avoir \u00e9t\u00e9 totalement mis de c\u00f4t\u00e9, mais vu la situation, cela pourrait bien revenir sur la table tr\u00e8s vite. <strong>La trade deadline le 9 f\u00e9vrier va donc \u00eatre cruciale pour l&rsquo;avenir de Brooklyn.\u00a0<\/strong><\/p>\n<blockquote class=\"twitter-tweet\">\n<p dir=\"ltr\" lang=\"en\">BREAKING: The Brooklyn Nets are trading Kyrie Irving to the Dallas Mavericks for Spencer Dinwiddie, Dorian Finney-Smith, a first-round and multiple second-round picks, sources tell <a href=\"https:\/\/twitter.com\/TheAthletic?ref_src=twsrc%5Etfw\">@TheAthletic<\/a> <a href=\"https:\/\/twitter.com\/Stadium?ref_src=twsrc%5Etfw\">@Stadium<\/a>.<\/p>\n<p>\u2014 Shams Charania (@ShamsCharania) <a href=\"https:\/\/twitter.com\/ShamsCharania\/status\/1622324668047794177?ref_src=twsrc%5Etfw\">February 5, 2023<\/a><\/p><\/blockquote>\n<p><script async src=\"https:\/\/platform.twitter.com\/widgets.js\" charset=\"utf-8\"><\/script><\/p>\n","protected":false},"excerpt":{"rendered":"<p>NBA 2022\/23 &#8211; Seulement quelques jours apr\u00e8s sa demande de transfert, Kyrie Irving est pri\u00e9 de faire ses valises de Brooklyn. C&rsquo;est Dallas qui h\u00e9rite du champion NBA 2016, pendant que Dorian Finney-Smith et Spencer Dinwiddie font le chemin inverse.<\/p>\n","protected":false},"author":58,"featured_media":352616,"comment_status":"open","ping_status":"closed","sticky":false,"template":"","format":"standard","meta":{"_acf_changed":false,"_daextam_enable_autolinks":"","footnotes":""},"categories":[10533],"tags":[1825,2111,4256],"class_list":["post-352610","post","type-post","status-publish","format-standard","has-post-thumbnail","hentry","category-nba","tag-brooklyn-nets","tag-dallas-mavericks","tag-kyrie-irving"],"acf":[],"yoast_head":"<!-- This site is optimized with the Yoast SEO Premium plugin v26.7 (Yoast SEO v26.7) - https:\/\/yoast.com\/wordpress\/plugins\/seo\/ -->\n<title>NBA : Kyrie Irving transf\u00e9r\u00e9 aux Dallas Mavericks<\/title>\n<meta name=\"description\" content=\"NBA 2022\/23 - Quelques jours apr\u00e8s avoir demand\u00e9 son transfert, Kyrie Irving est envoy\u00e9 \u00e0 Dallas aux c\u00f4t\u00e9s de Luka Doncic.\" \/>\n<meta name=\"robots\" content=\"index, follow, max-snippet:-1, max-image-preview:large, max-video-preview:-1\" \/>\n<link rel=\"canonical\" href=\"https:\/\/dicodusport.fr\/blog\/nba-kyrie-irving-transfere-a-dallas\/\" \/>\n<meta property=\"og:locale\" content=\"fr_FR\" \/>\n<meta property=\"og:type\" content=\"article\" \/>\n<meta property=\"og:title\" content=\"NBA : Kyrie Irving transf\u00e9r\u00e9 aux Dallas Mavericks\" \/>\n<meta property=\"og:description\" content=\"NBA 2022\/23 - Quelques jours apr\u00e8s avoir demand\u00e9 son transfert, Kyrie Irving est envoy\u00e9 \u00e0 Dallas aux c\u00f4t\u00e9s de Luka Doncic.\" \/>\n<meta property=\"og:url\" content=\"https:\/\/dicodusport.fr\/blog\/nba-kyrie-irving-transfere-a-dallas\/\" \/>\n<meta property=\"og:site_name\" content=\"Dicodusport\" \/>\n<meta property=\"article:publisher\" content=\"https:\/\/www.facebook.com\/dicodusport\" \/>\n<meta property=\"article:published_time\" content=\"2023-02-05T20:17:35+00:00\" \/>\n<meta property=\"article:modified_time\" content=\"2023-02-05T21:31:48+00:00\" \/>\n<meta property=\"og:image\" content=\"https:\/\/dicodusport.fr\/blog\/wp-content\/uploads\/2023\/02\/NBA-Kyrie-Irving-transfere-aux-Dallas-Mavericks.png\" \/>\n\t<meta property=\"og:image:width\" content=\"800\" \/>\n\t<meta property=\"og:image:height\" content=\"445\" \/>\n\t<meta property=\"og:image:type\" content=\"image\/png\" \/>\n<meta name=\"author\" content=\"Joris Schamberger\" \/>\n<meta name=\"twitter:card\" content=\"summary_large_image\" \/>\n<meta name=\"twitter:title\" content=\"NBA : Kyrie Irving transf\u00e9r\u00e9 aux Dallas Mavericks\" \/>\n<meta name=\"twitter:creator\" content=\"@https:\/\/twitter.com\/nortallis\" \/>\n<meta name=\"twitter:site\" content=\"@dicodusport\" \/>\n<script type=\"application\/ld+json\" class=\"yoast-schema-graph\">{\"@context\":\"https:\/\/schema.org\",\"@graph\":[{\"@type\":\"NewsArticle\",\"@id\":\"https:\/\/dicodusport.fr\/blog\/nba-kyrie-irving-transfere-a-dallas\/#article\",\"isPartOf\":{\"@id\":\"https:\/\/dicodusport.fr\/blog\/nba-kyrie-irving-transfere-a-dallas\/\"},\"author\":{\"name\":\"Joris Schamberger\",\"@id\":\"https:\/\/dicodusport.fr\/blog\/#\/schema\/person\/0224f8580e06682bac703a13ee76c673\"},\"headline\":\"NBA : Kyrie Irving transf\u00e9r\u00e9 aux Dallas Mavericks\",\"datePublished\":\"2023-02-05T20:17:35+00:00\",\"dateModified\":\"2023-02-05T21:31:48+00:00\",\"mainEntityOfPage\":{\"@id\":\"https:\/\/dicodusport.fr\/blog\/nba-kyrie-irving-transfere-a-dallas\/\"},\"wordCount\":578,\"commentCount\":0,\"publisher\":{\"@id\":\"https:\/\/dicodusport.fr\/blog\/#organization\"},\"image\":{\"@id\":\"https:\/\/dicodusport.fr\/blog\/nba-kyrie-irving-transfere-a-dallas\/#primaryimage\"},\"thumbnailUrl\":\"https:\/\/dicodusport.fr\/blog\/wp-content\/uploads\/2023\/02\/NBA-Kyrie-Irving-transfere-aux-Dallas-Mavericks.png\",\"keywords\":[\"Brooklyn Nets\",\"Dallas Mavericks\",\"Kyrie Irving\"],\"articleSection\":[\"NBA\"],\"inLanguage\":\"fr-FR\",\"potentialAction\":[{\"@type\":\"CommentAction\",\"name\":\"Comment\",\"target\":[\"https:\/\/dicodusport.fr\/blog\/nba-kyrie-irving-transfere-a-dallas\/#respond\"]}],\"copyrightYear\":\"2023\",\"copyrightHolder\":{\"@id\":\"https:\/\/dicodusport.fr\/blog\/#organization\"}},{\"@type\":\"WebPage\",\"@id\":\"https:\/\/dicodusport.fr\/blog\/nba-kyrie-irving-transfere-a-dallas\/\",\"url\":\"https:\/\/dicodusport.fr\/blog\/nba-kyrie-irving-transfere-a-dallas\/\",\"name\":\"NBA : Kyrie Irving transf\u00e9r\u00e9 aux Dallas Mavericks\",\"isPartOf\":{\"@id\":\"https:\/\/dicodusport.fr\/blog\/#website\"},\"primaryImageOfPage\":{\"@id\":\"https:\/\/dicodusport.fr\/blog\/nba-kyrie-irving-transfere-a-dallas\/#primaryimage\"},\"image\":{\"@id\":\"https:\/\/dicodusport.fr\/blog\/nba-kyrie-irving-transfere-a-dallas\/#primaryimage\"},\"thumbnailUrl\":\"https:\/\/dicodusport.fr\/blog\/wp-content\/uploads\/2023\/02\/NBA-Kyrie-Irving-transfere-aux-Dallas-Mavericks.png\",\"datePublished\":\"2023-02-05T20:17:35+00:00\",\"dateModified\":\"2023-02-05T21:31:48+00:00\",\"description\":\"NBA 2022\/23 - Quelques jours apr\u00e8s avoir demand\u00e9 son transfert, Kyrie Irving est envoy\u00e9 \u00e0 Dallas aux c\u00f4t\u00e9s de Luka Doncic.\",\"breadcrumb\":{\"@id\":\"https:\/\/dicodusport.fr\/blog\/nba-kyrie-irving-transfere-a-dallas\/#breadcrumb\"},\"inLanguage\":\"fr-FR\",\"potentialAction\":[{\"@type\":\"ReadAction\",\"target\":[\"https:\/\/dicodusport.fr\/blog\/nba-kyrie-irving-transfere-a-dallas\/\"]}]},{\"@type\":\"ImageObject\",\"inLanguage\":\"fr-FR\",\"@id\":\"https:\/\/dicodusport.fr\/blog\/nba-kyrie-irving-transfere-a-dallas\/#primaryimage\",\"url\":\"https:\/\/dicodusport.fr\/blog\/wp-content\/uploads\/2023\/02\/NBA-Kyrie-Irving-transfere-aux-Dallas-Mavericks.png\",\"contentUrl\":\"https:\/\/dicodusport.fr\/blog\/wp-content\/uploads\/2023\/02\/NBA-Kyrie-Irving-transfere-aux-Dallas-Mavericks.png\",\"width\":800,\"height\":445,\"caption\":\"NBA Kyrie Irving transf\u00e9r\u00e9 aux Dallas Mavericks\"},{\"@type\":\"BreadcrumbList\",\"@id\":\"https:\/\/dicodusport.fr\/blog\/nba-kyrie-irving-transfere-a-dallas\/#breadcrumb\",\"itemListElement\":[{\"@type\":\"ListItem\",\"position\":1,\"name\":\"Accueil\",\"item\":\"https:\/\/dicodusport.fr\/blog\/\"},{\"@type\":\"ListItem\",\"position\":2,\"name\":\"NBA : Kyrie Irving transf\u00e9r\u00e9 aux Dallas Mavericks\"}]},{\"@type\":\"WebSite\",\"@id\":\"https:\/\/dicodusport.fr\/blog\/#website\",\"url\":\"https:\/\/dicodusport.fr\/blog\/\",\"name\":\"Dicodusport\",\"description\":\"L&#039;encyclop\u00e9die de l&#039;actualit\u00e9 sportive\",\"publisher\":{\"@id\":\"https:\/\/dicodusport.fr\/blog\/#organization\"},\"potentialAction\":[{\"@type\":\"SearchAction\",\"target\":{\"@type\":\"EntryPoint\",\"urlTemplate\":\"https:\/\/dicodusport.fr\/blog\/?s={search_term_string}\"},\"query-input\":{\"@type\":\"PropertyValueSpecification\",\"valueRequired\":true,\"valueName\":\"search_term_string\"}}],\"inLanguage\":\"fr-FR\"},{\"@type\":\"NewsMediaOrganization\",\"@id\":\"https:\/\/dicodusport.fr\/blog\/#organization\",\"name\":\"Dicodusport\",\"url\":\"https:\/\/dicodusport.fr\/blog\/\",\"logo\":{\"@type\":\"ImageObject\",\"inLanguage\":\"fr-FR\",\"@id\":\"https:\/\/dicodusport.fr\/blog\/#\/schema\/logo\/image\/\",\"url\":\"https:\/\/dicodusport.fr\/blog\/wp-content\/uploads\/2020\/06\/cropped-LOGO-DICODUSPORT-2020-SANS-FOND-SANS-TEXTE.png\",\"contentUrl\":\"https:\/\/dicodusport.fr\/blog\/wp-content\/uploads\/2020\/06\/cropped-LOGO-DICODUSPORT-2020-SANS-FOND-SANS-TEXTE.png\",\"width\":512,\"height\":512,\"caption\":\"Dicodusport\"},\"image\":{\"@id\":\"https:\/\/dicodusport.fr\/blog\/#\/schema\/logo\/image\/\"},\"sameAs\":[\"https:\/\/www.facebook.com\/dicodusport\",\"https:\/\/x.com\/dicodusport\",\"https:\/\/www.instagram.com\/dicodusport\/\",\"https:\/\/www.youtube.com\/channel\/UC7V2KZ5sd3htJivAbA4ZG3w\"],\"description\":\"Dicodusport est l'encyclop\u00e9die de l'actualit\u00e9 sportive.\",\"email\":\"bonjour@dicodusport.fr\",\"legalName\":\"DICODUSPORT\",\"foundingDate\":\"2018-01-14\",\"vatID\":\"FR71834470973\",\"taxID\":\"83447097300043\",\"numberOfEmployees\":{\"@type\":\"QuantitativeValue\",\"minValue\":\"1\",\"maxValue\":\"10\"}},{\"@type\":\"Person\",\"@id\":\"https:\/\/dicodusport.fr\/blog\/#\/schema\/person\/0224f8580e06682bac703a13ee76c673\",\"name\":\"Joris Schamberger\",\"image\":{\"@type\":\"ImageObject\",\"inLanguage\":\"fr-FR\",\"@id\":\"https:\/\/dicodusport.fr\/blog\/#\/schema\/person\/image\/\",\"url\":\"https:\/\/dicodusport.fr\/blog\/wp-content\/uploads\/2021\/10\/Maillot-Jojo-Dicodusport-150x150.png\",\"contentUrl\":\"https:\/\/dicodusport.fr\/blog\/wp-content\/uploads\/2021\/10\/Maillot-Jojo-Dicodusport-150x150.png\",\"caption\":\"Joris Schamberger\"},\"description\":\"R\u00e9dacteur depuis juin 2021 - Sp\u00e9cialis\u00e9 dans le basket am\u00e9ricain, et amoureux des Cleveland Cavaliers. Celui qui ne s'est pas lev\u00e9 \u00e0 2h du matin pour un Cavs-Knicks ne connait pas la vraie fatigue.\",\"sameAs\":[\"https:\/\/twitter.com\/Nortallis\",\"https:\/\/x.com\/https:\/\/twitter.com\/nortallis\"],\"url\":\"https:\/\/dicodusport.fr\/blog\/author\/joriss\/\"}]}<\/script>\n<!-- \/ Yoast SEO Premium plugin. -->","yoast_head_json":{"title":"NBA : Kyrie Irving transf\u00e9r\u00e9 aux Dallas Mavericks","description":"NBA 2022\/23 - Quelques jours apr\u00e8s avoir demand\u00e9 son transfert, Kyrie Irving est envoy\u00e9 \u00e0 Dallas aux c\u00f4t\u00e9s de Luka Doncic.","robots":{"index":"index","follow":"follow","max-snippet":"max-snippet:-1","max-image-preview":"max-image-preview:large","max-video-preview":"max-video-preview:-1"},"canonical":"https:\/\/dicodusport.fr\/blog\/nba-kyrie-irving-transfere-a-dallas\/","og_locale":"fr_FR","og_type":"article","og_title":"NBA : Kyrie Irving transf\u00e9r\u00e9 aux Dallas Mavericks","og_description":"NBA 2022\/23 - Quelques jours apr\u00e8s avoir demand\u00e9 son transfert, Kyrie Irving est envoy\u00e9 \u00e0 Dallas aux c\u00f4t\u00e9s de Luka Doncic.","og_url":"https:\/\/dicodusport.fr\/blog\/nba-kyrie-irving-transfere-a-dallas\/","og_site_name":"Dicodusport","article_publisher":"https:\/\/www.facebook.com\/dicodusport","article_published_time":"2023-02-05T20:17:35+00:00","article_modified_time":"2023-02-05T21:31:48+00:00","og_image":[{"width":800,"height":445,"url":"https:\/\/dicodusport.fr\/blog\/wp-content\/uploads\/2023\/02\/NBA-Kyrie-Irving-transfere-aux-Dallas-Mavericks.png","type":"image\/png"}],"author":"Joris Schamberger","twitter_card":"summary_large_image","twitter_title":"NBA : Kyrie Irving transf\u00e9r\u00e9 aux Dallas Mavericks","twitter_creator":"@https:\/\/twitter.com\/nortallis","twitter_site":"@dicodusport","schema":{"@context":"https:\/\/schema.org","@graph":[{"@type":"NewsArticle","@id":"https:\/\/dicodusport.fr\/blog\/nba-kyrie-irving-transfere-a-dallas\/#article","isPartOf":{"@id":"https:\/\/dicodusport.fr\/blog\/nba-kyrie-irving-transfere-a-dallas\/"},"author":{"name":"Joris Schamberger","@id":"https:\/\/dicodusport.fr\/blog\/#\/schema\/person\/0224f8580e06682bac703a13ee76c673"},"headline":"NBA : Kyrie Irving transf\u00e9r\u00e9 aux Dallas Mavericks","datePublished":"2023-02-05T20:17:35+00:00","dateModified":"2023-02-05T21:31:48+00:00","mainEntityOfPage":{"@id":"https:\/\/dicodusport.fr\/blog\/nba-kyrie-irving-transfere-a-dallas\/"},"wordCount":578,"commentCount":0,"publisher":{"@id":"https:\/\/dicodusport.fr\/blog\/#organization"},"image":{"@id":"https:\/\/dicodusport.fr\/blog\/nba-kyrie-irving-transfere-a-dallas\/#primaryimage"},"thumbnailUrl":"https:\/\/dicodusport.fr\/blog\/wp-content\/uploads\/2023\/02\/NBA-Kyrie-Irving-transfere-aux-Dallas-Mavericks.png","keywords":["Brooklyn Nets","Dallas Mavericks","Kyrie Irving"],"articleSection":["NBA"],"inLanguage":"fr-FR","potentialAction":[{"@type":"CommentAction","name":"Comment","target":["https:\/\/dicodusport.fr\/blog\/nba-kyrie-irving-transfere-a-dallas\/#respond"]}],"copyrightYear":"2023","copyrightHolder":{"@id":"https:\/\/dicodusport.fr\/blog\/#organization"}},{"@type":"WebPage","@id":"https:\/\/dicodusport.fr\/blog\/nba-kyrie-irving-transfere-a-dallas\/","url":"https:\/\/dicodusport.fr\/blog\/nba-kyrie-irving-transfere-a-dallas\/","name":"NBA : Kyrie Irving transf\u00e9r\u00e9 aux Dallas Mavericks","isPartOf":{"@id":"https:\/\/dicodusport.fr\/blog\/#website"},"primaryImageOfPage":{"@id":"https:\/\/dicodusport.fr\/blog\/nba-kyrie-irving-transfere-a-dallas\/#primaryimage"},"image":{"@id":"https:\/\/dicodusport.fr\/blog\/nba-kyrie-irving-transfere-a-dallas\/#primaryimage"},"thumbnailUrl":"https:\/\/dicodusport.fr\/blog\/wp-content\/uploads\/2023\/02\/NBA-Kyrie-Irving-transfere-aux-Dallas-Mavericks.png","datePublished":"2023-02-05T20:17:35+00:00","dateModified":"2023-02-05T21:31:48+00:00","description":"NBA 2022\/23 - Quelques jours apr\u00e8s avoir demand\u00e9 son transfert, Kyrie Irving est envoy\u00e9 \u00e0 Dallas aux c\u00f4t\u00e9s de Luka Doncic.","breadcrumb":{"@id":"https:\/\/dicodusport.fr\/blog\/nba-kyrie-irving-transfere-a-dallas\/#breadcrumb"},"inLanguage":"fr-FR","potentialAction":[{"@type":"ReadAction","target":["https:\/\/dicodusport.fr\/blog\/nba-kyrie-irving-transfere-a-dallas\/"]}]},{"@type":"ImageObject","inLanguage":"fr-FR","@id":"https:\/\/dicodusport.fr\/blog\/nba-kyrie-irving-transfere-a-dallas\/#primaryimage","url":"https:\/\/dicodusport.fr\/blog\/wp-content\/uploads\/2023\/02\/NBA-Kyrie-Irving-transfere-aux-Dallas-Mavericks.png","contentUrl":"https:\/\/dicodusport.fr\/blog\/wp-content\/uploads\/2023\/02\/NBA-Kyrie-Irving-transfere-aux-Dallas-Mavericks.png","width":800,"height":445,"caption":"NBA Kyrie Irving transf\u00e9r\u00e9 aux Dallas Mavericks"},{"@type":"BreadcrumbList","@id":"https:\/\/dicodusport.fr\/blog\/nba-kyrie-irving-transfere-a-dallas\/#breadcrumb","itemListElement":[{"@type":"ListItem","position":1,"name":"Accueil","item":"https:\/\/dicodusport.fr\/blog\/"},{"@type":"ListItem","position":2,"name":"NBA : Kyrie Irving transf\u00e9r\u00e9 aux Dallas Mavericks"}]},{"@type":"WebSite","@id":"https:\/\/dicodusport.fr\/blog\/#website","url":"https:\/\/dicodusport.fr\/blog\/","name":"Dicodusport","description":"L&#039;encyclop\u00e9die de l&#039;actualit\u00e9 sportive","publisher":{"@id":"https:\/\/dicodusport.fr\/blog\/#organization"},"potentialAction":[{"@type":"SearchAction","target":{"@type":"EntryPoint","urlTemplate":"https:\/\/dicodusport.fr\/blog\/?s={search_term_string}"},"query-input":{"@type":"PropertyValueSpecification","valueRequired":true,"valueName":"search_term_string"}}],"inLanguage":"fr-FR"},{"@type":"NewsMediaOrganization","@id":"https:\/\/dicodusport.fr\/blog\/#organization","name":"Dicodusport","url":"https:\/\/dicodusport.fr\/blog\/","logo":{"@type":"ImageObject","inLanguage":"fr-FR","@id":"https:\/\/dicodusport.fr\/blog\/#\/schema\/logo\/image\/","url":"https:\/\/dicodusport.fr\/blog\/wp-content\/uploads\/2020\/06\/cropped-LOGO-DICODUSPORT-2020-SANS-FOND-SANS-TEXTE.png","contentUrl":"https:\/\/dicodusport.fr\/blog\/wp-content\/uploads\/2020\/06\/cropped-LOGO-DICODUSPORT-2020-SANS-FOND-SANS-TEXTE.png","width":512,"height":512,"caption":"Dicodusport"},"image":{"@id":"https:\/\/dicodusport.fr\/blog\/#\/schema\/logo\/image\/"},"sameAs":["https:\/\/www.facebook.com\/dicodusport","https:\/\/x.com\/dicodusport","https:\/\/www.instagram.com\/dicodusport\/","https:\/\/www.youtube.com\/channel\/UC7V2KZ5sd3htJivAbA4ZG3w"],"description":"Dicodusport est l'encyclop\u00e9die de l'actualit\u00e9 sportive.","email":"bonjour@dicodusport.fr","legalName":"DICODUSPORT","foundingDate":"2018-01-14","vatID":"FR71834470973","taxID":"83447097300043","numberOfEmployees":{"@type":"QuantitativeValue","minValue":"1","maxValue":"10"}},{"@type":"Person","@id":"https:\/\/dicodusport.fr\/blog\/#\/schema\/person\/0224f8580e06682bac703a13ee76c673","name":"Joris Schamberger","image":{"@type":"ImageObject","inLanguage":"fr-FR","@id":"https:\/\/dicodusport.fr\/blog\/#\/schema\/person\/image\/","url":"https:\/\/dicodusport.fr\/blog\/wp-content\/uploads\/2021\/10\/Maillot-Jojo-Dicodusport-150x150.png","contentUrl":"https:\/\/dicodusport.fr\/blog\/wp-content\/uploads\/2021\/10\/Maillot-Jojo-Dicodusport-150x150.png","caption":"Joris Schamberger"},"description":"R\u00e9dacteur depuis juin 2021 - Sp\u00e9cialis\u00e9 dans le basket am\u00e9ricain, et amoureux des Cleveland Cavaliers. Celui qui ne s'est pas lev\u00e9 \u00e0 2h du matin pour un Cavs-Knicks ne connait pas la vraie fatigue.","sameAs":["https:\/\/twitter.com\/Nortallis","https:\/\/x.com\/https:\/\/twitter.com\/nortallis"],"url":"https:\/\/dicodusport.fr\/blog\/author\/joriss\/"}]}},"_links":{"self":[{"href":"https:\/\/dicodusport.fr\/blog\/wp-json\/wp\/v2\/posts\/352610","targetHints":{"allow":["GET"]}}],"collection":[{"href":"https:\/\/dicodusport.fr\/blog\/wp-json\/wp\/v2\/posts"}],"about":[{"href":"https:\/\/dicodusport.fr\/blog\/wp-json\/wp\/v2\/types\/post"}],"author":[{"embeddable":true,"href":"https:\/\/dicodusport.fr\/blog\/wp-json\/wp\/v2\/users\/58"}],"replies":[{"embeddable":true,"href":"https:\/\/dicodusport.fr\/blog\/wp-json\/wp\/v2\/comments?post=352610"}],"version-history":[{"count":0,"href":"https:\/\/dicodusport.fr\/blog\/wp-json\/wp\/v2\/posts\/352610\/revisions"}],"wp:featuredmedia":[{"embeddable":true,"href":"https:\/\/dicodusport.fr\/blog\/wp-json\/wp\/v2\/media\/352616"}],"wp:attachment":[{"href":"https:\/\/dicodusport.fr\/blog\/wp-json\/wp\/v2\/media?parent=352610"}],"wp:term":[{"taxonomy":"category","embeddable":true,"href":"https:\/\/dicodusport.fr\/blog\/wp-json\/wp\/v2\/categories?post=352610"},{"taxonomy":"post_tag","embeddable":true,"href":"https:\/\/dicodusport.fr\/blog\/wp-json\/wp\/v2\/tags?post=352610"}],"curies":[{"name":"wp","href":"https:\/\/api.w.org\/{rel}","templated":true}]}}