{"id":352695,"date":"2023-02-19T16:01:59","date_gmt":"2023-02-19T15:01:59","guid":{"rendered":"https:\/\/dicodusport.fr\/blog\/?p=352695&#038;preview=true&#038;preview_id=352695"},"modified":"2023-02-19T16:01:47","modified_gmt":"2023-02-19T15:01:47","slug":"biathlon-championnats-du-monde-2023-programme-et-resultats","status":"publish","type":"post","link":"https:\/\/dicodusport.fr\/blog\/biathlon-championnats-du-monde-2023-programme-et-resultats\/","title":{"rendered":"Palmar\u00e8s et r\u00e9sultats complets Biathlon Championnats du monde 2023"},"content":{"rendered":"<p style=\"text-align: justify;\"><strong><em><a href=\"https:\/\/dicodusport.fr\/blog\/actualites\/biathlon\/championnats-du-monde-de-biathlon-2023\/\">CHAMPIONNATS DU MONDE DE BIATHLON 2023<\/a> &#8211; D\u00e9couvrez le programme complet et les r\u00e9sultats des Mondiaux de biathlon 2023 d&rsquo;Oberhof (Allemagne), qui se d\u00e9roulent du mercredi 8 au dimanche 19 f\u00e9vrier 2023.<\/em><\/strong><\/p>\n<p style=\"text-align: justify;\">Les <strong>championnats du monde de biathlon 2023<\/strong> se d\u00e9roulent \u00e0 <strong>Oberhof<\/strong>, en Allemagne, du mercredi 8 au dimanche 19 f\u00e9vrier 2023. Cette 58\u00e8me \u00e9dition des <strong>Mondiaux de biathlon<\/strong> proposent 12 \u00e9preuves : les relais mixtes (dont le simple), les relais par genre, le sprint, la poursuite, l&rsquo;individuel et la mass start.<\/p>\n<p style=\"text-align: justify;\">Il y a deux ans, \u00e0 l&rsquo;occasion des championnats du monde de Pokljuka en Slov\u00e9nie, la <strong>Norv\u00e8ge<\/strong> avait survol\u00e9 les d\u00e9bats, avec 12 m\u00e9dailles, dont sept titres ! Les Scandinaves avait notamment remport\u00e9 l&rsquo;or sur les relais par genre et le relais mixte. <strong>Tiril Eckhoff<\/strong> avait quant \u00e0 elle r\u00e9alis\u00e9 le doubl\u00e9 sprint-poursuite chez les dames. De son c\u00f4t\u00e9, l&rsquo;\u00e9quipe de France avait quitt\u00e9 la Slov\u00e9nie avec 7 breloques, dont deux titres. <strong>\u00c9milien Jacquelin<\/strong> sur la poursuite et le duo <strong>Julia Simon\/Antonin Guigonnat<\/strong> sur le relais mixte simple avaient rafl\u00e9 le gros lot.<\/p>\n<p style=\"text-align: justify;\">Cette ann\u00e9e, \u00e0 <strong>Oberhof<\/strong>, la Norv\u00e8ge fait une nouvelle fois figure de grande favorite, tout du moins chez les hommes. <strong>Johannes Boe<\/strong>, <strong>Sturla Laegreid<\/strong> ou encore <strong>Vetle Christiansen<\/strong> raflent tout ou presque en Coupe du monde. Chez les dames, c&rsquo;est plus ouvert. La leader du <a href=\"https:\/\/dicodusport.fr\/blog\/coupe-du-monde-biathlon-classement-general-femmes\/\">classement g\u00e9n\u00e9ral de la Coupe du monde<\/a> <strong>Julia Simon<\/strong>, <strong>Elvira Oeberg<\/strong> ainsi que les Italiennes <strong>Lisa Vittozzi<\/strong> et <strong>Dorothea Wierer<\/strong> seront parmi les biathl\u00e8tes \u00e0 suivre. Attention \u00e9galement \u00e0 <strong>Marte Olsbu Roeiseland<\/strong>, la Norv\u00e9gienne ayant fait de ces Mondiaux son objectif de la saison.<\/p>\n<p style=\"text-align: justify;\"><strong>Les courses sont retransmises en direct sur La cha\u00eene L&rsquo;\u00c9quipe et Eurosport.\u00a0<\/strong><\/p>\n<h2 style=\"text-align: justify;\">Championnats du monde de biathlon 2023 &#8211; Programme et r\u00e9sultats<\/h2>\n<table style=\"width: 100%; border-collapse: collapse; font-size: 0.9em;\">\n<tbody>\n<tr>\n<td style=\"background-color: #0081b4; width: 800px; text-align: center; vertical-align: middle;\" colspan=\"6\"><span style=\"color: #ffffff;\"><strong>MERCREDI 8 F\u00c9VRIER 2023<\/strong><\/span><span style=\"color: #ffffff;\"><strong><br \/>\n<\/strong><\/span><\/td>\n<\/tr>\n<tr>\n<td style=\"text-align: center; vertical-align: middle; background-color: #8db5c4; width: 10%;\"><span style=\"color: #ffffff; font-size: 0.9em;\"><strong>Horaire<\/strong><\/span><\/td>\n<td style=\"text-align: center; vertical-align: middle; background-color: #8db5c4; width: 22.5%;\" colspan=\"2\"><span style=\"color: #ffffff;\"><span style=\"font-size: 0.9em;\"><b>\u00c9preuve<\/b><\/span><\/span><\/td>\n<td style=\"text-align: center; vertical-align: middle; background-color: #8db5c4; width: 22.5%;\"><span style=\"color: #ffffff; font-size: 0.9em;\"><strong>\ud83e\udd47 Or<\/strong><\/span><\/td>\n<td style=\"text-align: center; vertical-align: middle; background-color: #8db5c4; width: 22.5%;\"><span style=\"color: #ffffff; font-size: 0.9em;\"><strong>\ud83e\udd48 Argent<\/strong><\/span><\/td>\n<td style=\"text-align: center; vertical-align: middle; background-color: #8db5c4; width: 22.5%;\"><span style=\"color: #ffffff; font-size: 0.9em;\"><strong>\ud83e\udd49 Bronze<\/strong><\/span><\/td>\n<\/tr>\n<tr>\n<td style=\"text-align: center; vertical-align: middle; width: 10%;\"><strong>14h45<\/strong><\/td>\n<td style=\"text-align: center; vertical-align: middle;\" colspan=\"2\"><strong>Relais mixte<br \/>\n<a href=\"https:\/\/dicodusport.fr\/blog\/mondiaux-biathlon-2023-les-francais-en-bronze-la-norvege-s-impose\/\"><span style=\"font-size: 10.368px;\"><i>R\u00e9sum\u00e9<\/i><\/span><\/a><span style=\"font-size: 10.368px;\"><i>\u00a0&#8211; <a href=\"https:\/\/dicodusport.fr\/blog\/mondiaux-biathlon-2023-classement-relais-mixte\/\">Classement<\/a><\/i><\/span><i><\/i><\/strong><\/td>\n<td style=\"text-align: center; vertical-align: middle; font-size: 0.9em; width: 22.5%;\"><strong><span style=\"font-size: 0.9em;\">\ud83c\uddf3\ud83c\uddf4 NORV\u00c8GE<br \/>\n<span style=\"font-size: 11.52px;\"><i>1h04:41.9 \/ 1 (9)<\/i><\/span><\/span><\/strong><\/td>\n<td style=\"text-align: center; vertical-align: middle; font-size: 0.9em; width: 22.5%;\"><span style=\"font-size: 0.9em;\">\ud83c\uddee\ud83c\uddf9 ITALIE<br \/>\n<span style=\"font-size: 11.52px;\"><i>+11.6 \/ 0 (6)<\/i><\/span><\/span><\/td>\n<td style=\"text-align: center; vertical-align: middle; font-size: 0.9em; width: 22.5%;\"><span style=\"font-size: 0.9em;\">\ud83c\uddeb\ud83c\uddf7 FRANCE<br \/>\n<span style=\"font-size: 11.52px;\"><i>+55.9 \/ 0 (9)<\/i><\/span><\/span><\/td>\n<\/tr>\n<tr>\n<td style=\"background-color: #0081b4; width: 800px; text-align: center; vertical-align: middle;\" colspan=\"6\"><span style=\"color: #ffffff;\"><strong>VENDREDI 10 F\u00c9VRIER 2023<\/strong><\/span><\/td>\n<\/tr>\n<tr>\n<td style=\"text-align: center; vertical-align: middle; background-color: #8db5c4; width: 10%;\"><span style=\"color: #ffffff; font-size: 0.9em;\"><strong>Horaire<\/strong><\/span><\/td>\n<td style=\"text-align: center; vertical-align: middle; background-color: #8db5c4; width: 22.5%;\" colspan=\"2\"><span style=\"color: #ffffff;\"><span style=\"font-size: 0.9em;\"><b>\u00c9preuve<\/b><\/span><\/span><\/td>\n<td style=\"text-align: center; vertical-align: middle; background-color: #8db5c4; width: 22.5%;\"><span style=\"color: #ffffff; font-size: 0.9em;\"><strong>\ud83e\udd47 Or<\/strong><\/span><\/td>\n<td style=\"text-align: center; vertical-align: middle; background-color: #8db5c4; width: 22.5%;\"><span style=\"color: #ffffff; font-size: 0.9em;\"><strong>\ud83e\udd48 Argent<\/strong><\/span><\/td>\n<td style=\"text-align: center; vertical-align: middle; background-color: #8db5c4; width: 22.5%;\"><span style=\"color: #ffffff; font-size: 0.9em;\"><strong>\ud83e\udd49 Bronze<\/strong><\/span><\/td>\n<\/tr>\n<tr>\n<td style=\"text-align: center; vertical-align: middle; width: 10%;\"><strong>14h30<\/strong><\/td>\n<td style=\"text-align: center; vertical-align: middle;\" colspan=\"2\"><strong>Sprint (F)<br \/>\n<a href=\"https:\/\/dicodusport.fr\/blog\/mondiaux-biathlon-2023-denise-herrmann-wick-titree-sur-le-sprint\/\"><span style=\"font-size: 10.368px;\"><i>R\u00e9sum\u00e9<\/i><\/span><\/a><span style=\"font-size: 10.368px;\"><i>\u00a0&#8211; <a href=\"https:\/\/dicodusport.fr\/blog\/mondiaux-biathlon-2023-classement-sprint-femmes\/\">Classement<\/a><\/i><\/span><br \/>\n<i><\/i><\/strong><\/td>\n<td style=\"text-align: center; vertical-align: middle; font-size: 0.9em; width: 22.5%;\"><strong><span style=\"font-size: 0.9em;\">\ud83c\udde9\ud83c\uddea DENISE HERRMANN-WICK<br \/>\n<span style=\"font-size: 11.52px;\"><i>21:19.7 \/ 0-0<\/i><\/span><\/span><\/strong><\/td>\n<td style=\"text-align: center; vertical-align: middle; font-size: 0.9em; width: 22.5%;\"><span style=\"font-size: 0.9em;\">\ud83c\uddf8\ud83c\uddea HANNA OEBERG<br \/>\n<span style=\"font-size: 11.52px;\"><i>+2.2 \/ 0-0<\/i><\/span><\/span><\/td>\n<td style=\"text-align: center; vertical-align: middle; font-size: 0.9em; width: 22.5%;\"><span style=\"font-size: 0.9em;\">\ud83c\uddf8\ud83c\uddea LINN PERSSON<br \/>\n<span style=\"font-size: 11.52px;\"><i>+26.2 \/ 0-0<\/i><\/span><\/span><\/td>\n<\/tr>\n<tr>\n<td style=\"background-color: #0081b4; width: 800px; text-align: center; vertical-align: middle;\" colspan=\"6\"><span style=\"color: #ffffff;\"><strong>SAMEDI 11 F\u00c9VRIER 2023<\/strong><\/span><\/td>\n<\/tr>\n<tr>\n<td style=\"text-align: center; vertical-align: middle; background-color: #8db5c4; width: 10%;\"><span style=\"color: #ffffff; font-size: 0.9em;\"><strong>Horaire<\/strong><\/span><\/td>\n<td style=\"text-align: center; vertical-align: middle; background-color: #8db5c4; width: 22.5%;\" colspan=\"2\"><span style=\"color: #ffffff;\"><span style=\"font-size: 0.9em;\"><b>\u00c9preuve<\/b><\/span><\/span><\/td>\n<td style=\"text-align: center; vertical-align: middle; background-color: #8db5c4; width: 22.5%;\"><span style=\"color: #ffffff; font-size: 0.9em;\"><strong>\ud83e\udd47 Or<\/strong><\/span><\/td>\n<td style=\"text-align: center; vertical-align: middle; background-color: #8db5c4; width: 22.5%;\"><span style=\"color: #ffffff; font-size: 0.9em;\"><strong>\ud83e\udd48 Argent<\/strong><\/span><\/td>\n<td style=\"text-align: center; vertical-align: middle; background-color: #8db5c4; width: 22.5%;\"><span style=\"color: #ffffff; font-size: 0.9em;\"><strong>\ud83e\udd49 Bronze<\/strong><\/span><\/td>\n<\/tr>\n<tr>\n<td style=\"text-align: center; vertical-align: middle; width: 10%;\"><strong>14h30<\/strong><\/td>\n<td style=\"text-align: center; vertical-align: middle; width: 22.5%;\" colspan=\"2\"><strong>Sprint (H)<br \/>\n<a href=\"https:\/\/dicodusport.fr\/blog\/mondiaux-biathlon-2023-quadruple-norvegien-johannes-boe-sacre\/\"><span style=\"font-size: 10.368px;\"><i>R\u00e9sum\u00e9<\/i><\/span><\/a><span style=\"font-size: 10.368px;\"><i>\u00a0&#8211; <a href=\"https:\/\/dicodusport.fr\/blog\/mondiaux-biathlon-2023-classement-sprint-hommes\/\">Classement<\/a><\/i><\/span><br \/>\n<i><\/i><\/strong><\/td>\n<td style=\"text-align: center; vertical-align: middle; font-size: 0.9em; width: 22.5%;\"><strong><span style=\"font-size: 0.9em;\">\ud83c\uddf3\ud83c\uddf4 JOHANNES BOE<br \/>\n<span style=\"font-size: 11.52px;\"><i>23:21.7 \/ 1-0<\/i><\/span><\/span><\/strong><\/td>\n<td style=\"text-align: center; vertical-align: middle; font-size: 0.9em; width: 22.5%;\"><span style=\"font-size: 0.9em;\">\ud83c\uddf3\ud83c\uddf4 TARJEI BOE<br \/>\n<span style=\"font-size: 11.52px;\"><i>+14.8 \/ 0-0<\/i><\/span><\/span><\/td>\n<td style=\"text-align: center; vertical-align: middle; font-size: 0.9em; width: 22.5%;\"><span style=\"font-size: 0.9em;\">\ud83c\uddf3\ud83c\uddf4 STURLA LAEGREID<br \/>\n<span style=\"font-size: 11.52px;\"><i>+39.9 \/ 0-1<\/i><\/span><\/span><\/td>\n<\/tr>\n<tr>\n<td style=\"background-color: #0081b4; width: 800px; text-align: center; vertical-align: middle;\" colspan=\"6\"><span style=\"color: #ffffff;\"><strong>DIMANCHE 12 F\u00c9VRIER 2023<\/strong><\/span><\/td>\n<\/tr>\n<tr>\n<td style=\"text-align: center; vertical-align: middle; background-color: #8db5c4; width: 10%;\"><span style=\"color: #ffffff; font-size: 0.9em;\"><strong>Horaire<\/strong><\/span><\/td>\n<td style=\"text-align: center; vertical-align: middle; background-color: #8db5c4; width: 22.5%;\" colspan=\"2\"><span style=\"color: #ffffff;\"><span style=\"font-size: 0.9em;\"><b>\u00c9preuve<\/b><\/span><\/span><\/td>\n<td style=\"text-align: center; vertical-align: middle; background-color: #8db5c4; width: 22.5%;\"><span style=\"color: #ffffff; font-size: 0.9em;\"><strong>\ud83e\udd47 Or<\/strong><\/span><\/td>\n<td style=\"text-align: center; vertical-align: middle; background-color: #8db5c4; width: 22.5%;\"><span style=\"color: #ffffff; font-size: 0.9em;\"><strong>\ud83e\udd48 Argent<\/strong><\/span><\/td>\n<td style=\"text-align: center; vertical-align: middle; background-color: #8db5c4; width: 22.5%;\"><span style=\"color: #ffffff; font-size: 0.9em;\"><strong>\ud83e\udd49 Bronze<\/strong><\/span><\/td>\n<\/tr>\n<tr>\n<td style=\"text-align: center; vertical-align: middle; width: 10%;\"><strong>13h25<\/strong><\/td>\n<td style=\"text-align: center; vertical-align: middle; width: 22.5%;\" colspan=\"2\"><strong>Poursuite (F)<br \/>\n<span style=\"font-size: 10.368px;\"><i><a href=\"https:\/\/dicodusport.fr\/blog\/mondiaux-biathlon-2023-julia-simon-devient-championne-du-monde-de-la-poursuite\/\">R\u00e9sum\u00e9<\/a><\/i><\/span><span style=\"font-size: 10.368px;\"><i>\u00a0&#8211; <a href=\"https:\/\/dicodusport.fr\/blog\/mondiaux-biathlon-2023-classement-poursuite-femmes\/\">Classement<\/a><\/i><\/span><br \/>\n<i><\/i><\/strong><\/td>\n<td style=\"text-align: center; vertical-align: middle; font-size: 0.9em; width: 22.5%;\"><strong><span style=\"font-size: 0.9em;\">\ud83c\uddeb\ud83c\uddf7 JULIA SIMON<br \/>\n<span style=\"font-size: 11.52px;\"><i>32.00.8 \/ 0-0-0-1<\/i><\/span><\/span><\/strong><\/td>\n<td style=\"text-align: center; vertical-align: middle; font-size: 0.9em; width: 22.5%;\"><span style=\"font-size: 0.9em;\">\ud83c\udde9\ud83c\uddea DENISE HERRMANN-WICK<br \/>\n<span style=\"font-size: 11.52px;\"><i>+27.0 \/ 1-0-1-2<\/i><\/span><\/span><\/td>\n<td style=\"text-align: center; vertical-align: middle; font-size: 0.9em; width: 22.5%;\"><span style=\"font-size: 0.9em;\">\ud83c\uddf3\ud83c\uddf4 MARTE OLSBU ROEISELAND<br \/>\n<span style=\"font-size: 11.52px;\"><i>+37.7 \/ 1-1-1-0<\/i><\/span><\/span><\/td>\n<\/tr>\n<tr>\n<td style=\"text-align: center; vertical-align: middle; width: 10%;\"><strong>15h30<\/strong><\/td>\n<td style=\"text-align: center; vertical-align: middle; width: 22.5%;\" colspan=\"2\"><strong>Poursuite (H)<br \/>\n<a href=\"https:\/\/dicodusport.fr\/blog\/mondiaux-biathlon-2023-le-double-pour-johannes-boe-qui-remporte-la-poursuite\/\"><span style=\"font-size: 10.368px;\"><i>R\u00e9sum\u00e9<\/i><\/span><\/a><span style=\"font-size: 10.368px;\"><i>\u00a0&#8211; <a href=\"https:\/\/dicodusport.fr\/blog\/mondiaux-biathlon-2023-classement-poursuite-hommes\/\">Classement<\/a><\/i><\/span><br \/>\n<i><\/i><\/strong><\/td>\n<td style=\"text-align: center; vertical-align: middle; font-size: 0.9em; width: 22.5%;\"><strong><span style=\"font-size: 0.9em;\">\ud83c\uddf3\ud83c\uddf4 JOHANNES BOE<br \/>\n<span style=\"font-size: 11.52px;\"><i>33:34.5 \/ 0-0-0-0<\/i><\/span><\/span><\/strong><\/td>\n<td style=\"text-align: center; vertical-align: middle; font-size: 0.9em; width: 22.5%;\"><span style=\"font-size: 0.9em;\">\ud83c\uddf3\ud83c\uddf4 STURLA LAEGREID<br \/>\n<span style=\"font-size: 11.52px;\"><i>+1:11.2 \/ 0-0-0-0<\/i><\/span><\/span><\/td>\n<td style=\"text-align: center; vertical-align: middle; font-size: 0.9em; width: 22.5%;\"><span style=\"font-size: 0.9em;\">\ud83c\uddf8\ud83c\uddea SEBASTIAN SAMUELSSON<br \/>\n<span style=\"font-size: 11.52px;\"><i>+1:51.1 \/ 0-0-0-2<\/i><\/span><\/span><\/td>\n<\/tr>\n<tr>\n<td style=\"background-color: #0081b4; width: 800px; text-align: center; vertical-align: middle;\" colspan=\"6\"><span style=\"color: #ffffff;\"><strong>MARDI 14 F\u00c9VRIER 2023<\/strong><\/span><\/td>\n<\/tr>\n<tr>\n<td style=\"text-align: center; vertical-align: middle; background-color: #8db5c4; width: 10%;\"><span style=\"color: #ffffff; font-size: 0.9em;\"><strong>Horaire<\/strong><\/span><\/td>\n<td style=\"text-align: center; vertical-align: middle; background-color: #8db5c4; width: 22.5%;\" colspan=\"2\"><span style=\"color: #ffffff;\"><span style=\"font-size: 0.9em;\"><b>\u00c9preuve<\/b><\/span><\/span><\/td>\n<td style=\"text-align: center; vertical-align: middle; background-color: #8db5c4; width: 22.5%;\"><span style=\"color: #ffffff; font-size: 0.9em;\"><strong>\ud83e\udd47 Or<\/strong><\/span><\/td>\n<td style=\"text-align: center; vertical-align: middle; background-color: #8db5c4; width: 22.5%;\"><span style=\"color: #ffffff; font-size: 0.9em;\"><strong>\ud83e\udd48 Argent<\/strong><\/span><\/td>\n<td style=\"text-align: center; vertical-align: middle; background-color: #8db5c4; width: 22.5%;\"><span style=\"color: #ffffff; font-size: 0.9em;\"><strong>\ud83e\udd49 Bronze<\/strong><\/span><\/td>\n<\/tr>\n<tr>\n<td style=\"text-align: center; vertical-align: middle; width: 10%;\"><strong>14h30<\/strong><\/td>\n<td style=\"text-align: center; vertical-align: middle; width: 22.5%;\" colspan=\"2\"><strong>Individuel (H)<br \/>\n<a href=\"https:\/\/dicodusport.fr\/blog\/mondiaux-biathlon-2023-le-triple-et-lor-sur-lindividuel-pour-johannes-boe\/\"><span style=\"font-size: 10.368px;\"><i>R\u00e9sum\u00e9<\/i><\/span><\/a><span style=\"font-size: 10.368px;\"><i>\u00a0&#8211; <a href=\"https:\/\/dicodusport.fr\/blog\/mondiaux-biathlon-2023-classement-individuel-hommes\/\">Classement<\/a><\/i><\/span><br \/>\n<i><\/i><\/strong><\/td>\n<td style=\"text-align: center; vertical-align: middle; font-size: 0.9em; width: 22.5%;\"><strong><span style=\"font-size: 0.9em;\">\ud83c\uddf3\ud83c\uddf4 JOHANNES BOE<br \/>\n<span style=\"font-size: 11.52px;\"><i>49:57.5 \/ 0-1-1-0<\/i><\/span><\/span><\/strong><\/td>\n<td style=\"text-align: center; vertical-align: middle; font-size: 0.9em; width: 22.5%;\"><span style=\"font-size: 0.9em;\">\ud83c\uddf3\ud83c\uddf4 STURLA LAEGREID<br \/>\n<span style=\"font-size: 11.52px;\"><i>+1:10.7 \/ 0-0-0-1<\/i><\/span><\/span><\/td>\n<td style=\"text-align: center; vertical-align: middle; font-size: 0.9em; width: 22.5%;\"><span style=\"font-size: 0.9em;\">\ud83c\uddf8\ud83c\uddea SEBASTIAN SAMUELSSON<br \/>\n<span style=\"font-size: 11.52px;\"><i>+1:11.1 \/ 0-0-1-0<\/i><\/span><\/span><\/td>\n<\/tr>\n<tr>\n<td style=\"background-color: #0081b4; width: 800px; text-align: center; vertical-align: middle;\" colspan=\"6\"><span style=\"color: #ffffff;\"><strong>MERCREDI 15 F\u00c9VRIER 2023<\/strong><\/span><\/td>\n<\/tr>\n<tr>\n<td style=\"text-align: center; vertical-align: middle; background-color: #8db5c4; width: 10%;\"><span style=\"color: #ffffff; font-size: 0.9em;\"><strong>Horaire<\/strong><\/span><\/td>\n<td style=\"text-align: center; vertical-align: middle; background-color: #8db5c4; width: 22.5%;\" colspan=\"2\"><span style=\"color: #ffffff;\"><span style=\"font-size: 0.9em;\"><b>\u00c9preuve<\/b><\/span><\/span><\/td>\n<td style=\"text-align: center; vertical-align: middle; background-color: #8db5c4; width: 22.5%;\"><span style=\"color: #ffffff; font-size: 0.9em;\"><strong>\ud83e\udd47 Or<\/strong><\/span><\/td>\n<td style=\"text-align: center; vertical-align: middle; background-color: #8db5c4; width: 22.5%;\"><span style=\"color: #ffffff; font-size: 0.9em;\"><strong>\ud83e\udd48 Argent<\/strong><\/span><\/td>\n<td style=\"text-align: center; vertical-align: middle; background-color: #8db5c4; width: 22.5%;\"><span style=\"color: #ffffff; font-size: 0.9em;\"><strong>\ud83e\udd49 Bronze<\/strong><\/span><\/td>\n<\/tr>\n<tr>\n<td style=\"text-align: center; vertical-align: middle; width: 10%;\"><strong>14h30<\/strong><\/td>\n<td style=\"text-align: center; vertical-align: middle; width: 22.5%;\" colspan=\"2\"><strong>Individuel (F)<br \/>\n<a href=\"https:\/\/dicodusport.fr\/blog\/mondiaux-biathlon-2023-hanna-oeberg-championne-du-monde-de-l-individuel\/\"><span style=\"font-size: 10.368px;\"><i>R\u00e9sum\u00e9<\/i><\/span><\/a><span style=\"font-size: 10.368px;\"><i>\u00a0&#8211; <a href=\"https:\/\/dicodusport.fr\/blog\/mondiaux-biathlon-2023-classement-individuel-femmes\/\">Classement<\/a><\/i><\/span><br \/>\n<i><\/i><\/strong><\/td>\n<td style=\"text-align: center; vertical-align: middle; font-size: 0.9em; width: 22.5%;\"><strong><span style=\"font-size: 0.9em;\">\ud83c\uddf8\ud83c\uddea HANNA OEBERG<br \/>\n<span style=\"font-size: 11.52px;\"><i>43:36.1\u00a0\/ 1-0-0-0<\/i><\/span><\/span><\/strong><\/td>\n<td style=\"text-align: center; vertical-align: middle; font-size: 0.9em; width: 22.5%;\"><span style=\"font-size: 0.9em;\">\ud83c\uddf8\ud83c\uddea LINN PERSSON<br \/>\n<span style=\"font-size: 11.52px;\"><i>+10.3 \/ 0-0-0-0<\/i><\/span><\/span><\/td>\n<td style=\"text-align: center; vertical-align: middle; font-size: 0.9em; width: 22.5%;\"><span style=\"font-size: 0.9em;\">\ud83c\uddee\ud83c\uddf9 LISA VITTOZZI<br \/>\n<span style=\"font-size: 11.52px;\"><i>+28.0 \/ 0-0-0-1<\/i><\/span><\/span><\/td>\n<\/tr>\n<tr>\n<td style=\"background-color: #0081b4; width: 800px; text-align: center; vertical-align: middle;\" colspan=\"6\"><span style=\"color: #ffffff;\"><strong>JEUDI 16 F\u00c9VRIER 2023<\/strong><\/span><\/td>\n<\/tr>\n<tr>\n<td style=\"text-align: center; vertical-align: middle; background-color: #8db5c4; width: 10%;\"><span style=\"color: #ffffff; font-size: 0.9em;\"><strong>Horaire<\/strong><\/span><\/td>\n<td style=\"text-align: center; vertical-align: middle; background-color: #8db5c4; width: 22.5%;\" colspan=\"2\"><span style=\"color: #ffffff;\"><span style=\"font-size: 0.9em;\"><b>\u00c9preuve<\/b><\/span><\/span><\/td>\n<td style=\"text-align: center; vertical-align: middle; background-color: #8db5c4; width: 22.5%;\"><span style=\"color: #ffffff; font-size: 0.9em;\"><strong>\ud83e\udd47 Or<\/strong><\/span><\/td>\n<td style=\"text-align: center; vertical-align: middle; background-color: #8db5c4; width: 22.5%;\"><span style=\"color: #ffffff; font-size: 0.9em;\"><strong>\ud83e\udd48 Argent<\/strong><\/span><\/td>\n<td style=\"text-align: center; vertical-align: middle; background-color: #8db5c4; width: 22.5%;\"><span style=\"color: #ffffff; font-size: 0.9em;\"><strong>\ud83e\udd49 Bronze<\/strong><\/span><\/td>\n<\/tr>\n<tr>\n<td style=\"text-align: center; vertical-align: middle; width: 10%;\"><strong>15h10<\/strong><\/td>\n<td style=\"text-align: center; vertical-align: middle; width: 22.5%;\" colspan=\"2\"><strong>Relais mixte simple<br \/>\n<a href=\"https:\/\/dicodusport.fr\/blog\/mondiaux-biathlon-2023-la-norvege-en-or-sur-le-relais-mixte-simple-la-france-cinquieme\/\"><span style=\"font-size: 10.368px;\"><i>R\u00e9sum\u00e9<\/i><\/span><\/a><span style=\"font-size: 10.368px;\"><i>\u00a0&#8211; <a href=\"https:\/\/dicodusport.fr\/blog\/mondiaux-biathlon-2023-classement-relais-mixte-simple\/\">Classement<\/a><\/i><\/span><br \/>\n<i><\/i><\/strong><\/td>\n<td style=\"text-align: center; vertical-align: middle; font-size: 0.9em; width: 22.5%;\"><strong><span style=\"font-size: 0.9em;\">\ud83c\uddf3\ud83c\uddf4 NORV\u00c8GE<br \/>\n<span style=\"font-size: 11.52px;\"><i>35:37.1 \/ 1 (6)<\/i><\/span><\/span><\/strong><\/td>\n<td style=\"text-align: center; vertical-align: middle; font-size: 0.9em; width: 22.5%;\"><span style=\"font-size: 0.9em;\">\ud83c\udde6\ud83c\uddf9 AUTRICHE<br \/>\n<span style=\"font-size: 11.52px;\"><i>+13.8 \/ 0 (6)<\/i><\/span><\/span><\/td>\n<td style=\"text-align: center; vertical-align: middle; font-size: 0.9em; width: 22.5%;\"><span style=\"font-size: 0.9em;\">\ud83c\uddee\ud83c\uddf9 ITALIE<br \/>\n<span style=\"font-size: 11.52px;\"><i>+51.0 \/ 2 (9)<\/i><\/span><\/span><\/td>\n<\/tr>\n<tr>\n<td style=\"background-color: #0081b4; width: 800px; text-align: center; vertical-align: middle;\" colspan=\"6\"><span style=\"color: #ffffff;\"><strong>SAMEDI 18 F\u00c9VRIER 2023<\/strong><\/span><\/td>\n<\/tr>\n<tr>\n<td style=\"text-align: center; vertical-align: middle; background-color: #8db5c4; width: 10%;\"><span style=\"color: #ffffff; font-size: 0.9em;\"><strong>Horaire<\/strong><\/span><\/td>\n<td style=\"text-align: center; vertical-align: middle; background-color: #8db5c4; width: 22.5%;\" colspan=\"2\"><span style=\"color: #ffffff;\"><span style=\"font-size: 0.9em;\"><b>\u00c9preuve<\/b><\/span><\/span><\/td>\n<td style=\"text-align: center; vertical-align: middle; background-color: #8db5c4; width: 22.5%;\"><span style=\"color: #ffffff; font-size: 0.9em;\"><strong>\ud83e\udd47 Or<\/strong><\/span><\/td>\n<td style=\"text-align: center; vertical-align: middle; background-color: #8db5c4; width: 22.5%;\"><span style=\"color: #ffffff; font-size: 0.9em;\"><strong>\ud83e\udd48 Argent<\/strong><\/span><\/td>\n<td style=\"text-align: center; vertical-align: middle; background-color: #8db5c4; width: 22.5%;\"><span style=\"color: #ffffff; font-size: 0.9em;\"><strong>\ud83e\udd49 Bronze<\/strong><\/span><\/td>\n<\/tr>\n<tr>\n<td style=\"text-align: center; vertical-align: middle; width: 10%;\"><strong>11h45<\/strong><\/td>\n<td style=\"text-align: center; vertical-align: middle; width: 22.5%;\" colspan=\"2\"><strong>Relais (H)<br \/>\n<a href=\"https:\/\/dicodusport.fr\/blog\/mondiaux-biathlon-2023-les-bleus-champions-du-monde-du-relais\/\"><span style=\"font-size: 10.368px;\"><i>R\u00e9sum\u00e9<\/i><\/span><\/a><span style=\"font-size: 10.368px;\"><i>\u00a0&#8211; <a href=\"https:\/\/dicodusport.fr\/blog\/mondiaux-biathlon-2023-classement-relais-hommes\/\">Classement<\/a><\/i><\/span><br \/>\n<i><\/i><\/strong><\/td>\n<td style=\"text-align: center; vertical-align: middle; font-size: 0.9em; width: 22.5%;\"><strong><span style=\"font-size: 0.9em;\">\ud83c\uddeb\ud83c\uddf7 FRANCE<br \/>\n<span style=\"font-size: 11.52px;\"><i>1h21:48.8 \/ 1 (9)<\/i><\/span><\/span><\/strong><\/td>\n<td style=\"text-align: center; vertical-align: middle; font-size: 0.9em; width: 22.5%;\"><span style=\"font-size: 0.9em;\">\ud83c\uddf3\ud83c\uddf4 NORV\u00c8GE<br \/>\n<span style=\"font-size: 11.52px;\"><i>+38.8 \/ 2 (14)<\/i><\/span><\/span><\/td>\n<td style=\"text-align: center; vertical-align: middle; font-size: 0.9em; width: 22.5%;\"><span style=\"font-size: 0.9em;\">\ud83c\uddf8\ud83c\uddea SU\u00c8DE<br \/>\n<span style=\"font-size: 11.52px;\"><i>+1:39.9 \/ 1 (13)<\/i><\/span><\/span><\/td>\n<\/tr>\n<tr>\n<td style=\"text-align: center; vertical-align: middle; width: 10%;\"><strong>15h00<\/strong><\/td>\n<td style=\"text-align: center; vertical-align: middle; width: 22.5%;\" colspan=\"2\"><strong>Relais (F)<br \/>\n<a href=\"https:\/\/dicodusport.fr\/blog\/mondiaux-biathlon-2023-litalie-sacree-sur-le-relais-feminin-la-france-4eme\/\"><span style=\"font-size: 10.368px;\"><i>R\u00e9sum\u00e9<\/i><\/span><\/a><span style=\"font-size: 10.368px;\"><i>\u00a0&#8211; <a href=\"https:\/\/dicodusport.fr\/blog\/mondiaux-biathlon-2023-classement-relais-femmes\/\">Classement<\/a><\/i><\/span><br \/>\n<i><\/i><\/strong><\/td>\n<td style=\"text-align: center; vertical-align: middle; font-size: 0.9em; width: 22.5%;\"><strong><span style=\"font-size: 0.9em;\">\ud83c\uddee\ud83c\uddf9 ITALIE<br \/>\n<span style=\"font-size: 11.52px;\"><i>1h14:39.7 \/ 0 (2)<\/i><\/span><br \/>\n<\/span><\/strong><\/td>\n<td style=\"text-align: center; vertical-align: middle; font-size: 0.9em; width: 22.5%;\"><span style=\"font-size: 0.9em;\">\ud83c\udde9\ud83c\uddea ALLEMAGNE<br \/>\n<span style=\"font-size: 11.52px;\"><i>+24.7 \/ 0 (6)<\/i><\/span><\/span><\/td>\n<td style=\"text-align: center; vertical-align: middle; font-size: 0.9em; width: 22.5%;\"><span style=\"font-size: 0.9em;\">\ud83c\uddf8\ud83c\uddea SU\u00c8DE<br \/>\n<span style=\"font-size: 11.52px;\"><i>+55.7 \/ 2 (11)<\/i><\/span><\/span><\/td>\n<\/tr>\n<tr>\n<td style=\"background-color: #0081b4; width: 800px; text-align: center; vertical-align: middle;\" colspan=\"6\"><span style=\"color: #ffffff;\"><strong>DIMANCHE 19 F\u00c9VRIER 2023<\/strong><\/span><\/td>\n<\/tr>\n<tr>\n<td style=\"text-align: center; vertical-align: middle; background-color: #8db5c4; width: 10%;\"><span style=\"color: #ffffff; font-size: 0.9em;\"><strong>Horaire<\/strong><\/span><\/td>\n<td style=\"text-align: center; vertical-align: middle; background-color: #8db5c4; width: 22.5%;\" colspan=\"2\"><span style=\"color: #ffffff;\"><span style=\"font-size: 0.9em;\"><b>\u00c9preuve<\/b><\/span><\/span><\/td>\n<td style=\"text-align: center; vertical-align: middle; background-color: #8db5c4; width: 22.5%;\"><span style=\"color: #ffffff; font-size: 0.9em;\"><strong>\ud83e\udd47 Or<\/strong><\/span><\/td>\n<td style=\"text-align: center; vertical-align: middle; background-color: #8db5c4; width: 22.5%;\"><span style=\"color: #ffffff; font-size: 0.9em;\"><strong>\ud83e\udd48 Argent<\/strong><\/span><\/td>\n<td style=\"text-align: center; vertical-align: middle; background-color: #8db5c4; width: 22.5%;\"><span style=\"color: #ffffff; font-size: 0.9em;\"><strong>\ud83e\udd49 Bronze<\/strong><\/span><\/td>\n<\/tr>\n<tr>\n<td style=\"text-align: center; vertical-align: middle; width: 10%;\"><strong>12h30<\/strong><\/td>\n<td style=\"text-align: center; vertical-align: middle; width: 22.5%;\" colspan=\"2\"><strong>Mass start (H)<br \/>\n<a href=\"https:\/\/dicodusport.fr\/blog\/mondiaux-biathlon-2023-sebastian-samuelsson-champion-du-monde-de-la-mass-start\/\"><span style=\"font-size: 10.368px;\"><i>R\u00e9sum\u00e9<\/i><\/span><\/a><span style=\"font-size: 10.368px;\"><i>\u00a0&#8211; <a href=\"https:\/\/dicodusport.fr\/blog\/mondiaux-biathlon-2023-classement-mass-start-hommes\/\">Classement<\/a><\/i><\/span><br \/>\n<i><\/i><\/strong><\/td>\n<td style=\"text-align: center; vertical-align: middle; font-size: 0.9em; width: 22.5%;\"><strong><span style=\"font-size: 0.9em;\">\ud83c\uddf8\ud83c\uddea SEBASTIAN SAMUELSSON<br \/>\n<span style=\"font-size: 11.52px;\"><i>36:42.8 \/ 0-0-0-0<\/i><\/span><\/span><\/strong><\/td>\n<td style=\"text-align: center; vertical-align: middle; font-size: 0.9em; width: 22.5%;\"><span style=\"font-size: 0.9em;\">\ud83c\uddf8\ud83c\uddea MARTIN PONSILUOMA<br \/>\n<span style=\"font-size: 11.52px;\"><i>+9.6 \/ 0-1-1-0<\/i><\/span><\/span><\/td>\n<td style=\"text-align: center; vertical-align: middle; font-size: 0.9em; width: 22.5%;\"><span style=\"font-size: 0.9em;\">\ud83c\uddf3\ud83c\uddf4 JOHANNES BOE<br \/>\n<span style=\"font-size: 11.52px;\"><i>+38.8 \/ 1-1-0-1<\/i><\/span><\/span><\/td>\n<\/tr>\n<tr>\n<td style=\"text-align: center; vertical-align: middle; width: 10%;\"><strong>15h15<\/strong><\/td>\n<td style=\"text-align: center; vertical-align: middle; width: 22.5%;\" colspan=\"2\"><strong>Mass start (F)<br \/>\n<a href=\"https:\/\/dicodusport.fr\/blog\/mondiaux-biathlon-2023-hanna-oeberg-remporte-la-mass-start-julia-simon-troisieme\/\"><span style=\"font-size: 10.368px;\"><i>R\u00e9sum\u00e9<\/i><\/span><\/a><span style=\"font-size: 10.368px;\"><i>\u00a0&#8211; <a href=\"https:\/\/dicodusport.fr\/blog\/mondiaux-biathlon-2023-classement-mass-start-femmes\/\">Classement<\/a><\/i><\/span><br \/>\n<i><\/i><\/strong><\/td>\n<td style=\"text-align: center; vertical-align: middle; font-size: 0.9em; width: 22.5%;\"><strong><span style=\"font-size: 0.9em;\">\ud83c\uddf8\ud83c\uddea HANNA OEBERG<br \/>\n<span style=\"font-size: 11.52px;\"><i>36:48.0 \/ 1-1-0-0<\/i><\/span><\/span><\/strong><\/td>\n<td style=\"text-align: center; vertical-align: middle; font-size: 0.9em; width: 22.5%;\"><span style=\"font-size: 0.9em;\">\ud83c\uddf3\ud83c\uddf4 INGRID TANDREVOLD<br \/>\n<span style=\"font-size: 11.52px;\"><i>+4.8 \/ 0-1-0-0<\/i><\/span><\/span><\/td>\n<td style=\"text-align: center; vertical-align: middle; font-size: 0.9em; width: 22.5%;\"><span style=\"font-size: 0.9em;\">\ud83c\uddeb\ud83c\uddf7 JULIA SIMON<br \/>\n<span style=\"font-size: 11.52px;\"><i>+20.8 \/ 1-1-0-1<\/i><\/span><\/span><\/td>\n<\/tr>\n<\/tbody>\n<\/table>\n<h2 style=\"text-align: justify;\">\u00c0 lire aussi<\/h2>\n<ul>\n<li style=\"text-align: justify;\"><strong><a href=\"https:\/\/dicodusport.fr\/blog\/tableau-des-medailles-championnats-du-monde-biathlon-2023\/\">Tableau des m\u00e9dailles des Championnats du monde de biathlon 2023<\/a>\u00a0<\/strong><\/li>\n<li style=\"text-align: justify;\"><a href=\"https:\/\/dicodusport.fr\/blog\/mondiaux-biathlon-oberhof-la-selection-francaise\/\"><strong>La s\u00e9lection fran\u00e7aise<\/strong><\/a><\/li>\n<\/ul>\n<div class=\"vlp-link-container vlp-layout-article\"><a href=\"https:\/\/dicodusport.fr\/blog\/prize-money-biathlon-un-titre-de-champion-du-monde-combien-ca-rapporte\/\" class=\"vlp-link\" title=\"Prize money Biathlon : Un titre de champion du monde, combien \u00e7a rapporte ?\"><\/a><div class=\"vlp-layout-zone-side\"><div class=\"vlp-block-4 vlp-link-image\"><img loading=\"lazy\" decoding=\"async\" style=\"max-width: 800px;\" width=\"800\" height=\"445\" src=\"https:\/\/dicodusport.fr\/blog\/wp-content\/uploads\/2023\/02\/Prize-money-Biathlon-Un-titre-de-champion-du-monde-combien-ca-rapporte-.png\" class=\"attachment-800x445 size-800x445\" alt=\"\" srcset=\"https:\/\/dicodusport.fr\/blog\/wp-content\/uploads\/2023\/02\/Prize-money-Biathlon-Un-titre-de-champion-du-monde-combien-ca-rapporte-.png 800w, https:\/\/dicodusport.fr\/blog\/wp-content\/uploads\/2023\/02\/Prize-money-Biathlon-Un-titre-de-champion-du-monde-combien-ca-rapporte--300x167.png 300w, https:\/\/dicodusport.fr\/blog\/wp-content\/uploads\/2023\/02\/Prize-money-Biathlon-Un-titre-de-champion-du-monde-combien-ca-rapporte--768x427.png 768w\" sizes=\"auto, (max-width: 800px) 100vw, 800px\" \/><\/div><\/div><div class=\"vlp-layout-zone-main\"><div class=\"vlp-block-0 vlp-link-title\">Prize money Biathlon : Un titre de champion du monde, combien \u00e7a rapporte ?<\/div><div class=\"vlp-block-1 vlp-link-summary\">CHAMPIONNATS DU MONDE DE BIATHLON 2023 - Apr\u00e8s les Jeux Olympiques, les \u00e9preuves des championnats du monde sont les courses les plus pris\u00e9es par les biathl\u00e8tes. Mais combien \u00e7a rapporte de remporter un titre ou une m\u00e9daille mondial ?\u00a0<\/div><div class=\"vlp-block-2 vlp-link-button\">Lire l'article<\/div><div class=\"vlp-block-3 vlp-link-url\">dicodusport.fr<\/div><\/div><\/div>\n","protected":false},"excerpt":{"rendered":"<p>CHAMPIONNATS DU MONDE DE BIATHLON 2023 &#8211; D\u00e9couvrez le programme complet et les r\u00e9sultats des Mondiaux de biathlon 2023 d&rsquo;Oberhof (Allemagne), qui se d\u00e9roulent du mercredi 8 au dimanche 19 f\u00e9vrier 2023.<\/p>\n","protected":false},"author":4,"featured_media":357393,"comment_status":"open","ping_status":"closed","sticky":false,"template":"","format":"standard","meta":{"_acf_changed":false,"_daextam_enable_autolinks":"","footnotes":""},"categories":[47039],"tags":[2427,13159,16878],"class_list":["post-352695","post","type-post","status-publish","format-standard","has-post-thumbnail","hentry","category-championnats-du-monde-de-biathlon","tag-biathlon","tag-biathlon-oberhof","tag-breve"],"acf":[],"yoast_head":"<!-- This site is optimized with the Yoast SEO Premium plugin v26.7 (Yoast SEO v26.7) - https:\/\/yoast.com\/wordpress\/plugins\/seo\/ -->\n<title>Palmar\u00e8s et r\u00e9sultats complets Biathlon Championnats du monde 2023<\/title>\n<meta name=\"description\" content=\"CHAMPIONNATS DU MONDE DE BIATHLON 2023 - D\u00e9couvrez le programme complet et les r\u00e9sultats des Mondiaux de biathlon 2023 d&#039;Oberhof.\" \/>\n<meta name=\"robots\" content=\"index, follow, max-snippet:-1, max-image-preview:large, max-video-preview:-1\" \/>\n<link rel=\"canonical\" href=\"https:\/\/dicodusport.fr\/blog\/biathlon-championnats-du-monde-2023-programme-et-resultats\/\" \/>\n<meta property=\"og:locale\" content=\"fr_FR\" \/>\n<meta property=\"og:type\" content=\"article\" \/>\n<meta property=\"og:title\" content=\"Palmar\u00e8s et r\u00e9sultats complets Biathlon Championnats du monde 2023\" \/>\n<meta property=\"og:description\" content=\"CHAMPIONNATS DU MONDE DE BIATHLON 2023 - D\u00e9couvrez le programme complet et les r\u00e9sultats des Mondiaux de biathlon 2023 d&#039;Oberhof.\" \/>\n<meta property=\"og:url\" content=\"https:\/\/dicodusport.fr\/blog\/biathlon-championnats-du-monde-2023-programme-et-resultats\/\" \/>\n<meta property=\"og:site_name\" content=\"Dicodusport\" \/>\n<meta property=\"article:publisher\" content=\"https:\/\/www.facebook.com\/dicodusport\" \/>\n<meta property=\"article:author\" content=\"https:\/\/www.facebook.com\/florent.ostermann\" \/>\n<meta property=\"article:published_time\" content=\"2023-02-19T15:01:59+00:00\" \/>\n<meta property=\"og:image\" content=\"https:\/\/dicodusport.fr\/blog\/wp-content\/uploads\/2023\/02\/Programme-et-resultats-Biathlon-Championnats-du-monde-2023.png\" \/>\n\t<meta property=\"og:image:width\" content=\"800\" \/>\n\t<meta property=\"og:image:height\" content=\"445\" \/>\n\t<meta property=\"og:image:type\" content=\"image\/png\" \/>\n<meta name=\"author\" content=\"Flo Ostermann\" \/>\n<meta name=\"twitter:card\" content=\"summary_large_image\" \/>\n<meta name=\"twitter:title\" content=\"Palmar\u00e8s et r\u00e9sultats complets Biathlon Championnats du monde 2023\" \/>\n<meta name=\"twitter:creator\" content=\"@https:\/\/twitter.com\/FlOstermann\" \/>\n<meta name=\"twitter:site\" content=\"@dicodusport\" \/>\n<script type=\"application\/ld+json\" class=\"yoast-schema-graph\">{\"@context\":\"https:\/\/schema.org\",\"@graph\":[{\"@type\":\"NewsArticle\",\"@id\":\"https:\/\/dicodusport.fr\/blog\/biathlon-championnats-du-monde-2023-programme-et-resultats\/#article\",\"isPartOf\":{\"@id\":\"https:\/\/dicodusport.fr\/blog\/biathlon-championnats-du-monde-2023-programme-et-resultats\/\"},\"author\":{\"name\":\"Flo Ostermann\",\"@id\":\"https:\/\/dicodusport.fr\/blog\/#\/schema\/person\/cb02af4c173ce4a653b55e9baf388d4a\"},\"headline\":\"Palmar\u00e8s et r\u00e9sultats complets Biathlon Championnats du monde 2023\",\"datePublished\":\"2023-02-19T15:01:59+00:00\",\"mainEntityOfPage\":{\"@id\":\"https:\/\/dicodusport.fr\/blog\/biathlon-championnats-du-monde-2023-programme-et-resultats\/\"},\"wordCount\":715,\"commentCount\":0,\"publisher\":{\"@id\":\"https:\/\/dicodusport.fr\/blog\/#organization\"},\"image\":{\"@id\":\"https:\/\/dicodusport.fr\/blog\/biathlon-championnats-du-monde-2023-programme-et-resultats\/#primaryimage\"},\"thumbnailUrl\":\"https:\/\/dicodusport.fr\/blog\/wp-content\/uploads\/2023\/02\/Programme-et-resultats-Biathlon-Championnats-du-monde-2023.png\",\"keywords\":[\"Biathlon\",\"Biathlon Oberhof\",\"br\u00e8ve\"],\"articleSection\":[\"Championnats du monde de biathlon\"],\"inLanguage\":\"fr-FR\",\"potentialAction\":[{\"@type\":\"CommentAction\",\"name\":\"Comment\",\"target\":[\"https:\/\/dicodusport.fr\/blog\/biathlon-championnats-du-monde-2023-programme-et-resultats\/#respond\"]}],\"copyrightYear\":\"2023\",\"copyrightHolder\":{\"@id\":\"https:\/\/dicodusport.fr\/blog\/#organization\"}},{\"@type\":\"WebPage\",\"@id\":\"https:\/\/dicodusport.fr\/blog\/biathlon-championnats-du-monde-2023-programme-et-resultats\/\",\"url\":\"https:\/\/dicodusport.fr\/blog\/biathlon-championnats-du-monde-2023-programme-et-resultats\/\",\"name\":\"Palmar\u00e8s et r\u00e9sultats complets Biathlon Championnats du monde 2023\",\"isPartOf\":{\"@id\":\"https:\/\/dicodusport.fr\/blog\/#website\"},\"primaryImageOfPage\":{\"@id\":\"https:\/\/dicodusport.fr\/blog\/biathlon-championnats-du-monde-2023-programme-et-resultats\/#primaryimage\"},\"image\":{\"@id\":\"https:\/\/dicodusport.fr\/blog\/biathlon-championnats-du-monde-2023-programme-et-resultats\/#primaryimage\"},\"thumbnailUrl\":\"https:\/\/dicodusport.fr\/blog\/wp-content\/uploads\/2023\/02\/Programme-et-resultats-Biathlon-Championnats-du-monde-2023.png\",\"datePublished\":\"2023-02-19T15:01:59+00:00\",\"description\":\"CHAMPIONNATS DU MONDE DE BIATHLON 2023 - D\u00e9couvrez le programme complet et les r\u00e9sultats des Mondiaux de biathlon 2023 d'Oberhof.\",\"breadcrumb\":{\"@id\":\"https:\/\/dicodusport.fr\/blog\/biathlon-championnats-du-monde-2023-programme-et-resultats\/#breadcrumb\"},\"inLanguage\":\"fr-FR\",\"potentialAction\":[{\"@type\":\"ReadAction\",\"target\":[\"https:\/\/dicodusport.fr\/blog\/biathlon-championnats-du-monde-2023-programme-et-resultats\/\"]}]},{\"@type\":\"ImageObject\",\"inLanguage\":\"fr-FR\",\"@id\":\"https:\/\/dicodusport.fr\/blog\/biathlon-championnats-du-monde-2023-programme-et-resultats\/#primaryimage\",\"url\":\"https:\/\/dicodusport.fr\/blog\/wp-content\/uploads\/2023\/02\/Programme-et-resultats-Biathlon-Championnats-du-monde-2023.png\",\"contentUrl\":\"https:\/\/dicodusport.fr\/blog\/wp-content\/uploads\/2023\/02\/Programme-et-resultats-Biathlon-Championnats-du-monde-2023.png\",\"width\":800,\"height\":445,\"caption\":\"Les Bleus champions du monde sur le relais masculin - Photo Icon Sport\"},{\"@type\":\"BreadcrumbList\",\"@id\":\"https:\/\/dicodusport.fr\/blog\/biathlon-championnats-du-monde-2023-programme-et-resultats\/#breadcrumb\",\"itemListElement\":[{\"@type\":\"ListItem\",\"position\":1,\"name\":\"Accueil\",\"item\":\"https:\/\/dicodusport.fr\/blog\/\"},{\"@type\":\"ListItem\",\"position\":2,\"name\":\"Palmar\u00e8s et r\u00e9sultats complets Biathlon Championnats du monde 2023\"}]},{\"@type\":\"WebSite\",\"@id\":\"https:\/\/dicodusport.fr\/blog\/#website\",\"url\":\"https:\/\/dicodusport.fr\/blog\/\",\"name\":\"Dicodusport\",\"description\":\"L&#039;encyclop\u00e9die de l&#039;actualit\u00e9 sportive\",\"publisher\":{\"@id\":\"https:\/\/dicodusport.fr\/blog\/#organization\"},\"potentialAction\":[{\"@type\":\"SearchAction\",\"target\":{\"@type\":\"EntryPoint\",\"urlTemplate\":\"https:\/\/dicodusport.fr\/blog\/?s={search_term_string}\"},\"query-input\":{\"@type\":\"PropertyValueSpecification\",\"valueRequired\":true,\"valueName\":\"search_term_string\"}}],\"inLanguage\":\"fr-FR\"},{\"@type\":\"NewsMediaOrganization\",\"@id\":\"https:\/\/dicodusport.fr\/blog\/#organization\",\"name\":\"Dicodusport\",\"url\":\"https:\/\/dicodusport.fr\/blog\/\",\"logo\":{\"@type\":\"ImageObject\",\"inLanguage\":\"fr-FR\",\"@id\":\"https:\/\/dicodusport.fr\/blog\/#\/schema\/logo\/image\/\",\"url\":\"https:\/\/dicodusport.fr\/blog\/wp-content\/uploads\/2020\/06\/cropped-LOGO-DICODUSPORT-2020-SANS-FOND-SANS-TEXTE.png\",\"contentUrl\":\"https:\/\/dicodusport.fr\/blog\/wp-content\/uploads\/2020\/06\/cropped-LOGO-DICODUSPORT-2020-SANS-FOND-SANS-TEXTE.png\",\"width\":512,\"height\":512,\"caption\":\"Dicodusport\"},\"image\":{\"@id\":\"https:\/\/dicodusport.fr\/blog\/#\/schema\/logo\/image\/\"},\"sameAs\":[\"https:\/\/www.facebook.com\/dicodusport\",\"https:\/\/x.com\/dicodusport\",\"https:\/\/www.instagram.com\/dicodusport\/\",\"https:\/\/www.youtube.com\/channel\/UC7V2KZ5sd3htJivAbA4ZG3w\"],\"description\":\"Dicodusport est l'encyclop\u00e9die de l'actualit\u00e9 sportive.\",\"email\":\"bonjour@dicodusport.fr\",\"legalName\":\"DICODUSPORT\",\"foundingDate\":\"2018-01-14\",\"vatID\":\"FR71834470973\",\"taxID\":\"83447097300043\",\"numberOfEmployees\":{\"@type\":\"QuantitativeValue\",\"minValue\":\"1\",\"maxValue\":\"10\"}},{\"@type\":\"Person\",\"@id\":\"https:\/\/dicodusport.fr\/blog\/#\/schema\/person\/cb02af4c173ce4a653b55e9baf388d4a\",\"name\":\"Flo Ostermann\",\"image\":{\"@type\":\"ImageObject\",\"inLanguage\":\"fr-FR\",\"@id\":\"https:\/\/dicodusport.fr\/blog\/#\/schema\/person\/image\/\",\"url\":\"https:\/\/dicodusport.fr\/blog\/wp-content\/uploads\/2021\/05\/Flo-Ostermann-150x150.jpg\",\"contentUrl\":\"https:\/\/dicodusport.fr\/blog\/wp-content\/uploads\/2021\/05\/Flo-Ostermann-150x150.jpg\",\"caption\":\"Flo Ostermann\"},\"description\":\"Journaliste\/R\u00e9dacteur depuis septembre 2015 - Mes premiers souvenirs dans le sport ? Les envol\u00e9es du Stade Toulousain et les duels Villeneuve-Schumacher et H\u00e4kkinen-Schumacher \u00e0 la fin des ann\u00e9es 90, la Coupe du monde de football en 1998, l\u2019exploit du XV de France face aux All Blacks en 1999, mais aussi Richard C\u0153ur de Lion qui vole sur les montagnes du Tour de France. Bien parti pour devenir professeur d\u2019EPS, les \u00e9v\u00e9nements de la vie (et la flemme d\u2019animer des s\u00e9ances de 3x500 m\u00e8tres toute ma vie) m\u2019ont conduit \u00e0 revoir mes plans. Me voil\u00e0 depuis fin 2017 sur Dicodusport, m\u00e9dia gr\u00e2ce (et pour) lequel je partage ma passion : le sport dans tous ses \u00e9tats. Le tout accompagn\u00e9 par les fous furieux et folles furieuses cit\u00e9s sur cette page !\",\"sameAs\":[\"https:\/\/www.facebook.com\/florent.ostermann\",\"https:\/\/x.com\/https:\/\/twitter.com\/FlOstermann\",\"admin\"],\"url\":\"https:\/\/dicodusport.fr\/blog\/author\/flo\/\"}]}<\/script>\n<!-- \/ Yoast SEO Premium plugin. -->","yoast_head_json":{"title":"Palmar\u00e8s et r\u00e9sultats complets Biathlon Championnats du monde 2023","description":"CHAMPIONNATS DU MONDE DE BIATHLON 2023 - D\u00e9couvrez le programme complet et les r\u00e9sultats des Mondiaux de biathlon 2023 d'Oberhof.","robots":{"index":"index","follow":"follow","max-snippet":"max-snippet:-1","max-image-preview":"max-image-preview:large","max-video-preview":"max-video-preview:-1"},"canonical":"https:\/\/dicodusport.fr\/blog\/biathlon-championnats-du-monde-2023-programme-et-resultats\/","og_locale":"fr_FR","og_type":"article","og_title":"Palmar\u00e8s et r\u00e9sultats complets Biathlon Championnats du monde 2023","og_description":"CHAMPIONNATS DU MONDE DE BIATHLON 2023 - D\u00e9couvrez le programme complet et les r\u00e9sultats des Mondiaux de biathlon 2023 d'Oberhof.","og_url":"https:\/\/dicodusport.fr\/blog\/biathlon-championnats-du-monde-2023-programme-et-resultats\/","og_site_name":"Dicodusport","article_publisher":"https:\/\/www.facebook.com\/dicodusport","article_author":"https:\/\/www.facebook.com\/florent.ostermann","article_published_time":"2023-02-19T15:01:59+00:00","og_image":[{"width":800,"height":445,"url":"https:\/\/dicodusport.fr\/blog\/wp-content\/uploads\/2023\/02\/Programme-et-resultats-Biathlon-Championnats-du-monde-2023.png","type":"image\/png"}],"author":"Flo Ostermann","twitter_card":"summary_large_image","twitter_title":"Palmar\u00e8s et r\u00e9sultats complets Biathlon Championnats du monde 2023","twitter_creator":"@https:\/\/twitter.com\/FlOstermann","twitter_site":"@dicodusport","schema":{"@context":"https:\/\/schema.org","@graph":[{"@type":"NewsArticle","@id":"https:\/\/dicodusport.fr\/blog\/biathlon-championnats-du-monde-2023-programme-et-resultats\/#article","isPartOf":{"@id":"https:\/\/dicodusport.fr\/blog\/biathlon-championnats-du-monde-2023-programme-et-resultats\/"},"author":{"name":"Flo Ostermann","@id":"https:\/\/dicodusport.fr\/blog\/#\/schema\/person\/cb02af4c173ce4a653b55e9baf388d4a"},"headline":"Palmar\u00e8s et r\u00e9sultats complets Biathlon Championnats du monde 2023","datePublished":"2023-02-19T15:01:59+00:00","mainEntityOfPage":{"@id":"https:\/\/dicodusport.fr\/blog\/biathlon-championnats-du-monde-2023-programme-et-resultats\/"},"wordCount":715,"commentCount":0,"publisher":{"@id":"https:\/\/dicodusport.fr\/blog\/#organization"},"image":{"@id":"https:\/\/dicodusport.fr\/blog\/biathlon-championnats-du-monde-2023-programme-et-resultats\/#primaryimage"},"thumbnailUrl":"https:\/\/dicodusport.fr\/blog\/wp-content\/uploads\/2023\/02\/Programme-et-resultats-Biathlon-Championnats-du-monde-2023.png","keywords":["Biathlon","Biathlon Oberhof","br\u00e8ve"],"articleSection":["Championnats du monde de biathlon"],"inLanguage":"fr-FR","potentialAction":[{"@type":"CommentAction","name":"Comment","target":["https:\/\/dicodusport.fr\/blog\/biathlon-championnats-du-monde-2023-programme-et-resultats\/#respond"]}],"copyrightYear":"2023","copyrightHolder":{"@id":"https:\/\/dicodusport.fr\/blog\/#organization"}},{"@type":"WebPage","@id":"https:\/\/dicodusport.fr\/blog\/biathlon-championnats-du-monde-2023-programme-et-resultats\/","url":"https:\/\/dicodusport.fr\/blog\/biathlon-championnats-du-monde-2023-programme-et-resultats\/","name":"Palmar\u00e8s et r\u00e9sultats complets Biathlon Championnats du monde 2023","isPartOf":{"@id":"https:\/\/dicodusport.fr\/blog\/#website"},"primaryImageOfPage":{"@id":"https:\/\/dicodusport.fr\/blog\/biathlon-championnats-du-monde-2023-programme-et-resultats\/#primaryimage"},"image":{"@id":"https:\/\/dicodusport.fr\/blog\/biathlon-championnats-du-monde-2023-programme-et-resultats\/#primaryimage"},"thumbnailUrl":"https:\/\/dicodusport.fr\/blog\/wp-content\/uploads\/2023\/02\/Programme-et-resultats-Biathlon-Championnats-du-monde-2023.png","datePublished":"2023-02-19T15:01:59+00:00","description":"CHAMPIONNATS DU MONDE DE BIATHLON 2023 - D\u00e9couvrez le programme complet et les r\u00e9sultats des Mondiaux de biathlon 2023 d'Oberhof.","breadcrumb":{"@id":"https:\/\/dicodusport.fr\/blog\/biathlon-championnats-du-monde-2023-programme-et-resultats\/#breadcrumb"},"inLanguage":"fr-FR","potentialAction":[{"@type":"ReadAction","target":["https:\/\/dicodusport.fr\/blog\/biathlon-championnats-du-monde-2023-programme-et-resultats\/"]}]},{"@type":"ImageObject","inLanguage":"fr-FR","@id":"https:\/\/dicodusport.fr\/blog\/biathlon-championnats-du-monde-2023-programme-et-resultats\/#primaryimage","url":"https:\/\/dicodusport.fr\/blog\/wp-content\/uploads\/2023\/02\/Programme-et-resultats-Biathlon-Championnats-du-monde-2023.png","contentUrl":"https:\/\/dicodusport.fr\/blog\/wp-content\/uploads\/2023\/02\/Programme-et-resultats-Biathlon-Championnats-du-monde-2023.png","width":800,"height":445,"caption":"Les Bleus champions du monde sur le relais masculin - Photo Icon Sport"},{"@type":"BreadcrumbList","@id":"https:\/\/dicodusport.fr\/blog\/biathlon-championnats-du-monde-2023-programme-et-resultats\/#breadcrumb","itemListElement":[{"@type":"ListItem","position":1,"name":"Accueil","item":"https:\/\/dicodusport.fr\/blog\/"},{"@type":"ListItem","position":2,"name":"Palmar\u00e8s et r\u00e9sultats complets Biathlon Championnats du monde 2023"}]},{"@type":"WebSite","@id":"https:\/\/dicodusport.fr\/blog\/#website","url":"https:\/\/dicodusport.fr\/blog\/","name":"Dicodusport","description":"L&#039;encyclop\u00e9die de l&#039;actualit\u00e9 sportive","publisher":{"@id":"https:\/\/dicodusport.fr\/blog\/#organization"},"potentialAction":[{"@type":"SearchAction","target":{"@type":"EntryPoint","urlTemplate":"https:\/\/dicodusport.fr\/blog\/?s={search_term_string}"},"query-input":{"@type":"PropertyValueSpecification","valueRequired":true,"valueName":"search_term_string"}}],"inLanguage":"fr-FR"},{"@type":"NewsMediaOrganization","@id":"https:\/\/dicodusport.fr\/blog\/#organization","name":"Dicodusport","url":"https:\/\/dicodusport.fr\/blog\/","logo":{"@type":"ImageObject","inLanguage":"fr-FR","@id":"https:\/\/dicodusport.fr\/blog\/#\/schema\/logo\/image\/","url":"https:\/\/dicodusport.fr\/blog\/wp-content\/uploads\/2020\/06\/cropped-LOGO-DICODUSPORT-2020-SANS-FOND-SANS-TEXTE.png","contentUrl":"https:\/\/dicodusport.fr\/blog\/wp-content\/uploads\/2020\/06\/cropped-LOGO-DICODUSPORT-2020-SANS-FOND-SANS-TEXTE.png","width":512,"height":512,"caption":"Dicodusport"},"image":{"@id":"https:\/\/dicodusport.fr\/blog\/#\/schema\/logo\/image\/"},"sameAs":["https:\/\/www.facebook.com\/dicodusport","https:\/\/x.com\/dicodusport","https:\/\/www.instagram.com\/dicodusport\/","https:\/\/www.youtube.com\/channel\/UC7V2KZ5sd3htJivAbA4ZG3w"],"description":"Dicodusport est l'encyclop\u00e9die de l'actualit\u00e9 sportive.","email":"bonjour@dicodusport.fr","legalName":"DICODUSPORT","foundingDate":"2018-01-14","vatID":"FR71834470973","taxID":"83447097300043","numberOfEmployees":{"@type":"QuantitativeValue","minValue":"1","maxValue":"10"}},{"@type":"Person","@id":"https:\/\/dicodusport.fr\/blog\/#\/schema\/person\/cb02af4c173ce4a653b55e9baf388d4a","name":"Flo Ostermann","image":{"@type":"ImageObject","inLanguage":"fr-FR","@id":"https:\/\/dicodusport.fr\/blog\/#\/schema\/person\/image\/","url":"https:\/\/dicodusport.fr\/blog\/wp-content\/uploads\/2021\/05\/Flo-Ostermann-150x150.jpg","contentUrl":"https:\/\/dicodusport.fr\/blog\/wp-content\/uploads\/2021\/05\/Flo-Ostermann-150x150.jpg","caption":"Flo Ostermann"},"description":"Journaliste\/R\u00e9dacteur depuis septembre 2015 - Mes premiers souvenirs dans le sport ? Les envol\u00e9es du Stade Toulousain et les duels Villeneuve-Schumacher et H\u00e4kkinen-Schumacher \u00e0 la fin des ann\u00e9es 90, la Coupe du monde de football en 1998, l\u2019exploit du XV de France face aux All Blacks en 1999, mais aussi Richard C\u0153ur de Lion qui vole sur les montagnes du Tour de France. Bien parti pour devenir professeur d\u2019EPS, les \u00e9v\u00e9nements de la vie (et la flemme d\u2019animer des s\u00e9ances de 3x500 m\u00e8tres toute ma vie) m\u2019ont conduit \u00e0 revoir mes plans. Me voil\u00e0 depuis fin 2017 sur Dicodusport, m\u00e9dia gr\u00e2ce (et pour) lequel je partage ma passion : le sport dans tous ses \u00e9tats. Le tout accompagn\u00e9 par les fous furieux et folles furieuses cit\u00e9s sur cette page !","sameAs":["https:\/\/www.facebook.com\/florent.ostermann","https:\/\/x.com\/https:\/\/twitter.com\/FlOstermann","admin"],"url":"https:\/\/dicodusport.fr\/blog\/author\/flo\/"}]}},"_links":{"self":[{"href":"https:\/\/dicodusport.fr\/blog\/wp-json\/wp\/v2\/posts\/352695","targetHints":{"allow":["GET"]}}],"collection":[{"href":"https:\/\/dicodusport.fr\/blog\/wp-json\/wp\/v2\/posts"}],"about":[{"href":"https:\/\/dicodusport.fr\/blog\/wp-json\/wp\/v2\/types\/post"}],"author":[{"embeddable":true,"href":"https:\/\/dicodusport.fr\/blog\/wp-json\/wp\/v2\/users\/4"}],"replies":[{"embeddable":true,"href":"https:\/\/dicodusport.fr\/blog\/wp-json\/wp\/v2\/comments?post=352695"}],"version-history":[{"count":1,"href":"https:\/\/dicodusport.fr\/blog\/wp-json\/wp\/v2\/posts\/352695\/revisions"}],"predecessor-version":[{"id":459030,"href":"https:\/\/dicodusport.fr\/blog\/wp-json\/wp\/v2\/posts\/352695\/revisions\/459030"}],"wp:featuredmedia":[{"embeddable":true,"href":"https:\/\/dicodusport.fr\/blog\/wp-json\/wp\/v2\/media\/357393"}],"wp:attachment":[{"href":"https:\/\/dicodusport.fr\/blog\/wp-json\/wp\/v2\/media?parent=352695"}],"wp:term":[{"taxonomy":"category","embeddable":true,"href":"https:\/\/dicodusport.fr\/blog\/wp-json\/wp\/v2\/categories?post=352695"},{"taxonomy":"post_tag","embeddable":true,"href":"https:\/\/dicodusport.fr\/blog\/wp-json\/wp\/v2\/tags?post=352695"}],"curies":[{"name":"wp","href":"https:\/\/api.w.org\/{rel}","templated":true}]}}