{"id":352725,"date":"2023-02-06T10:58:16","date_gmt":"2023-02-06T09:58:16","guid":{"rendered":"https:\/\/dicodusport.fr\/blog\/?p=352725&#038;preview=true&#038;preview_id=352725"},"modified":"2023-02-06T10:58:16","modified_gmt":"2023-02-06T09:58:16","slug":"mondiaux-de-ski-de-fond-la-selection-francaise","status":"publish","type":"post","link":"https:\/\/dicodusport.fr\/blog\/mondiaux-de-ski-de-fond-la-selection-francaise\/","title":{"rendered":"Mondiaux de ski de fond : La s\u00e9lection fran\u00e7aise"},"content":{"rendered":"<p style=\"text-align: justify;\" align=\"justify\"><em><strong>CHAMPIONNATS DU MONDE DE SKI DE FOND 2023 &#8211; En r\u00e9ussite cette saison, l&rsquo;\u00e9quipe de France se pr\u00e9sentera avec 14 \u00e9l\u00e9ments et beaucoup d&rsquo;ambitions aux prochains Mondiaux.<\/strong><\/em><\/p>\n<p style=\"text-align: justify;\" align=\"justify\">La saison de l&rsquo;\u00e9quipe de France de ski de fond est exceptionnelle. Entre <a href=\"https:\/\/dicodusport.fr\/blog\/mass-start-val-di-fiemme-delphine-claudel-offre-une-premiere-victoire-en-coupe-du-monde-au-ski-de-fond-feminin-francais\/\">le succ\u00e8s historique de <strong>Delphine Claudel<\/strong><\/a>, les victoires de <strong>Richard Jouve<\/strong> en individuel ou <a href=\"https:\/\/dicodusport.fr\/blog\/ski-de-fond-richard-jouve-et-renaud-jay-vainqueurs-du-sprint-libre-par-equipes-de-livigno\/\">par \u00e9quipes avec <strong>Renaud Jay<\/strong><\/a>, les Bleus ont le vent en poupe. Et cela tombe bien, car les Championnats du monde auront lieu du 23 f\u00e9vrier au 5 mars \u00e0 Planica (Slov\u00e9nie).<\/p>\n<p style=\"text-align: justify;\" align=\"justify\"><strong>Delphine Claudel<\/strong> et<strong> Richard Jouve<\/strong> seront bien entendu les leaders de la d\u00e9l\u00e9gation fran\u00e7aise forte de 14 \u00e9l\u00e9ments. Objectif podium, pour faire mieux que lors de la pr\u00e9c\u00e9dente \u00e9dition, o\u00f9 la France n&rsquo;avait rafl\u00e9 qu&rsquo;une m\u00e9daille de bronze en relais 4&#215;10 kilom\u00e8tres messieurs &#8211; tous les membres seront d&rsquo;ailleurs pr\u00e9sents ici. \u00c0 noter que la France n&rsquo;a remport\u00e9 qu&rsquo;un seul titre de champion du monde dans son histoire, en 2005 avec <strong>Vincent Vittoz<\/strong>.<\/p>\n<h2 style=\"text-align: justify;\" align=\"justify\">La s\u00e9lection fran\u00e7aise<\/h2>\n<h3 style=\"text-align: justify;\">Dames<\/h3>\n<p style=\"text-align: justify;\">Delphine Claudel &#8211; Flora Dolci &#8211; Juliette Ducordeau &#8211; M\u00e9lissa Gal &#8211; L\u00e9na Quintin<\/p>\n<h3 style=\"text-align: justify;\">Messieurs<\/h3>\n<p style=\"text-align: justify;\">Lucas Chanavat &#8211; Jules Chappaz &#8211; Renaud Jay &#8211; Richard Jouve &#8211; Hugo Lapalus &#8211; Jules Lapierre &#8211; Maurice Manificat &#8211; Cl\u00e9ment Parisse &#8211; Th\u00e9o Schely<\/p>\n<blockquote class=\"twitter-tweet\">\n<p dir=\"ltr\" lang=\"fr\">D\u00e9couvrez les s\u00e9lections tricolores pour les Championnats du Monde de Ski de Fond 2023 qui se d\u00e9rouleront \u00e0 Planica (SLO) du 23 f\u00e9vrier au 5 mars : <a href=\"https:\/\/t.co\/jreG2NZfmM\">https:\/\/t.co\/jreG2NZfmM<\/a> <a href=\"https:\/\/t.co\/1iCwL7QkiN\">pic.twitter.com\/1iCwL7QkiN<\/a><\/p>\n<p>\u2014 FFS &#8211; F\u00e9d\u00e9ration Fran\u00e7aise de Ski (@FedFranceSki) <a href=\"https:\/\/twitter.com\/FedFranceSki\/status\/1622526643058122755?ref_src=twsrc%5Etfw\">February 6, 2023<\/a><\/p><\/blockquote>\n<p style=\"text-align: justify;\"><script async src=\"https:\/\/platform.twitter.com\/widgets.js\" charset=\"utf-8\"><\/script><\/p>\n","protected":false},"excerpt":{"rendered":"<p>CHAMPIONNATS DU MONDE DE SKI DE FOND 2023 &#8211; En r\u00e9ussite cette saison, l&rsquo;\u00e9quipe de France se pr\u00e9sentera avec 14 \u00e9l\u00e9ments et beaucoup d&rsquo;ambitions aux prochains Mondiaux.<\/p>\n","protected":false},"author":59,"featured_media":352727,"comment_status":"open","ping_status":"closed","sticky":false,"template":"","format":"standard","meta":{"_acf_changed":false,"_daextam_enable_autolinks":"","footnotes":""},"categories":[2313],"tags":[13512,3895],"class_list":["post-352725","post","type-post","status-publish","format-standard","has-post-thumbnail","hentry","category-sports-dhiver","tag-delphine-claudel","tag-richard-jouve"],"acf":[],"yoast_head":"<!-- This site is optimized with the Yoast SEO Premium plugin v26.7 (Yoast SEO v26.7) - https:\/\/yoast.com\/wordpress\/plugins\/seo\/ -->\n<title>Mondiaux de ski de fond : La s\u00e9lection fran\u00e7aise<\/title>\n<meta name=\"description\" content=\"CHAMPIONNATS DU MONDE DE SKI DE FOND 2023 - En r\u00e9ussite cette saison, l&#039;\u00e9quipe de France se pr\u00e9sentera avec 14 \u00e9l\u00e9ments\" \/>\n<meta name=\"robots\" content=\"index, follow, max-snippet:-1, max-image-preview:large, max-video-preview:-1\" \/>\n<link rel=\"canonical\" href=\"https:\/\/dicodusport.fr\/blog\/mondiaux-de-ski-de-fond-la-selection-francaise\/\" \/>\n<meta property=\"og:locale\" content=\"fr_FR\" \/>\n<meta property=\"og:type\" content=\"article\" \/>\n<meta property=\"og:title\" content=\"Mondiaux de ski de fond : La s\u00e9lection fran\u00e7aise\" \/>\n<meta property=\"og:description\" content=\"CHAMPIONNATS DU MONDE DE SKI DE FOND 2023 - En r\u00e9ussite cette saison, l&#039;\u00e9quipe de France se pr\u00e9sentera avec 14 \u00e9l\u00e9ments\" \/>\n<meta property=\"og:url\" content=\"https:\/\/dicodusport.fr\/blog\/mondiaux-de-ski-de-fond-la-selection-francaise\/\" \/>\n<meta property=\"og:site_name\" content=\"Dicodusport\" \/>\n<meta property=\"article:publisher\" content=\"https:\/\/www.facebook.com\/dicodusport\" \/>\n<meta property=\"article:author\" content=\"https:\/\/www.facebook.com\/sebastien.gente\/\" \/>\n<meta property=\"article:published_time\" content=\"2023-02-06T09:58:16+00:00\" \/>\n<meta property=\"og:image\" content=\"https:\/\/dicodusport.fr\/blog\/wp-content\/uploads\/2023\/02\/Mondiaux-de-ski-de-fond-La-selection-francaise.png\" \/>\n\t<meta property=\"og:image:width\" content=\"800\" \/>\n\t<meta property=\"og:image:height\" content=\"445\" \/>\n\t<meta property=\"og:image:type\" content=\"image\/png\" \/>\n<meta name=\"author\" content=\"S\u00e9bastien Gente\" \/>\n<meta name=\"twitter:card\" content=\"summary_large_image\" \/>\n<meta name=\"twitter:title\" content=\"Mondiaux de ski de fond : La s\u00e9lection fran\u00e7aise\" \/>\n<meta name=\"twitter:creator\" content=\"@https:\/\/twitter.com\/globulo24\" \/>\n<meta name=\"twitter:site\" content=\"@dicodusport\" \/>\n<script type=\"application\/ld+json\" class=\"yoast-schema-graph\">{\"@context\":\"https:\/\/schema.org\",\"@graph\":[{\"@type\":\"NewsArticle\",\"@id\":\"https:\/\/dicodusport.fr\/blog\/mondiaux-de-ski-de-fond-la-selection-francaise\/#article\",\"isPartOf\":{\"@id\":\"https:\/\/dicodusport.fr\/blog\/mondiaux-de-ski-de-fond-la-selection-francaise\/\"},\"author\":{\"name\":\"S\u00e9bastien Gente\",\"@id\":\"https:\/\/dicodusport.fr\/blog\/#\/schema\/person\/627966a6cde45dbd8c5e36ac85d783da\"},\"headline\":\"Mondiaux de ski de fond : La s\u00e9lection fran\u00e7aise\",\"datePublished\":\"2023-02-06T09:58:16+00:00\",\"mainEntityOfPage\":{\"@id\":\"https:\/\/dicodusport.fr\/blog\/mondiaux-de-ski-de-fond-la-selection-francaise\/\"},\"wordCount\":282,\"commentCount\":0,\"publisher\":{\"@id\":\"https:\/\/dicodusport.fr\/blog\/#organization\"},\"image\":{\"@id\":\"https:\/\/dicodusport.fr\/blog\/mondiaux-de-ski-de-fond-la-selection-francaise\/#primaryimage\"},\"thumbnailUrl\":\"https:\/\/dicodusport.fr\/blog\/wp-content\/uploads\/2023\/02\/Mondiaux-de-ski-de-fond-La-selection-francaise.png\",\"keywords\":[\"Delphine Claudel\",\"Richard Jouve\"],\"articleSection\":[\"Sports d'hiver\"],\"inLanguage\":\"fr-FR\",\"potentialAction\":[{\"@type\":\"CommentAction\",\"name\":\"Comment\",\"target\":[\"https:\/\/dicodusport.fr\/blog\/mondiaux-de-ski-de-fond-la-selection-francaise\/#respond\"]}],\"copyrightYear\":\"2023\",\"copyrightHolder\":{\"@id\":\"https:\/\/dicodusport.fr\/blog\/#organization\"}},{\"@type\":\"WebPage\",\"@id\":\"https:\/\/dicodusport.fr\/blog\/mondiaux-de-ski-de-fond-la-selection-francaise\/\",\"url\":\"https:\/\/dicodusport.fr\/blog\/mondiaux-de-ski-de-fond-la-selection-francaise\/\",\"name\":\"Mondiaux de ski de fond : La s\u00e9lection fran\u00e7aise\",\"isPartOf\":{\"@id\":\"https:\/\/dicodusport.fr\/blog\/#website\"},\"primaryImageOfPage\":{\"@id\":\"https:\/\/dicodusport.fr\/blog\/mondiaux-de-ski-de-fond-la-selection-francaise\/#primaryimage\"},\"image\":{\"@id\":\"https:\/\/dicodusport.fr\/blog\/mondiaux-de-ski-de-fond-la-selection-francaise\/#primaryimage\"},\"thumbnailUrl\":\"https:\/\/dicodusport.fr\/blog\/wp-content\/uploads\/2023\/02\/Mondiaux-de-ski-de-fond-La-selection-francaise.png\",\"datePublished\":\"2023-02-06T09:58:16+00:00\",\"description\":\"CHAMPIONNATS DU MONDE DE SKI DE FOND 2023 - En r\u00e9ussite cette saison, l'\u00e9quipe de France se pr\u00e9sentera avec 14 \u00e9l\u00e9ments\",\"breadcrumb\":{\"@id\":\"https:\/\/dicodusport.fr\/blog\/mondiaux-de-ski-de-fond-la-selection-francaise\/#breadcrumb\"},\"inLanguage\":\"fr-FR\",\"potentialAction\":[{\"@type\":\"ReadAction\",\"target\":[\"https:\/\/dicodusport.fr\/blog\/mondiaux-de-ski-de-fond-la-selection-francaise\/\"]}]},{\"@type\":\"ImageObject\",\"inLanguage\":\"fr-FR\",\"@id\":\"https:\/\/dicodusport.fr\/blog\/mondiaux-de-ski-de-fond-la-selection-francaise\/#primaryimage\",\"url\":\"https:\/\/dicodusport.fr\/blog\/wp-content\/uploads\/2023\/02\/Mondiaux-de-ski-de-fond-La-selection-francaise.png\",\"contentUrl\":\"https:\/\/dicodusport.fr\/blog\/wp-content\/uploads\/2023\/02\/Mondiaux-de-ski-de-fond-La-selection-francaise.png\",\"width\":800,\"height\":445,\"caption\":\"Mondiaux de ski de fond La s\u00e9lection fran\u00e7aise\"},{\"@type\":\"BreadcrumbList\",\"@id\":\"https:\/\/dicodusport.fr\/blog\/mondiaux-de-ski-de-fond-la-selection-francaise\/#breadcrumb\",\"itemListElement\":[{\"@type\":\"ListItem\",\"position\":1,\"name\":\"Accueil\",\"item\":\"https:\/\/dicodusport.fr\/blog\/\"},{\"@type\":\"ListItem\",\"position\":2,\"name\":\"Mondiaux de ski de fond : La s\u00e9lection fran\u00e7aise\"}]},{\"@type\":\"WebSite\",\"@id\":\"https:\/\/dicodusport.fr\/blog\/#website\",\"url\":\"https:\/\/dicodusport.fr\/blog\/\",\"name\":\"Dicodusport\",\"description\":\"L&#039;encyclop\u00e9die de l&#039;actualit\u00e9 sportive\",\"publisher\":{\"@id\":\"https:\/\/dicodusport.fr\/blog\/#organization\"},\"potentialAction\":[{\"@type\":\"SearchAction\",\"target\":{\"@type\":\"EntryPoint\",\"urlTemplate\":\"https:\/\/dicodusport.fr\/blog\/?s={search_term_string}\"},\"query-input\":{\"@type\":\"PropertyValueSpecification\",\"valueRequired\":true,\"valueName\":\"search_term_string\"}}],\"inLanguage\":\"fr-FR\"},{\"@type\":\"NewsMediaOrganization\",\"@id\":\"https:\/\/dicodusport.fr\/blog\/#organization\",\"name\":\"Dicodusport\",\"url\":\"https:\/\/dicodusport.fr\/blog\/\",\"logo\":{\"@type\":\"ImageObject\",\"inLanguage\":\"fr-FR\",\"@id\":\"https:\/\/dicodusport.fr\/blog\/#\/schema\/logo\/image\/\",\"url\":\"https:\/\/dicodusport.fr\/blog\/wp-content\/uploads\/2020\/06\/cropped-LOGO-DICODUSPORT-2020-SANS-FOND-SANS-TEXTE.png\",\"contentUrl\":\"https:\/\/dicodusport.fr\/blog\/wp-content\/uploads\/2020\/06\/cropped-LOGO-DICODUSPORT-2020-SANS-FOND-SANS-TEXTE.png\",\"width\":512,\"height\":512,\"caption\":\"Dicodusport\"},\"image\":{\"@id\":\"https:\/\/dicodusport.fr\/blog\/#\/schema\/logo\/image\/\"},\"sameAs\":[\"https:\/\/www.facebook.com\/dicodusport\",\"https:\/\/x.com\/dicodusport\",\"https:\/\/www.instagram.com\/dicodusport\/\",\"https:\/\/www.youtube.com\/channel\/UC7V2KZ5sd3htJivAbA4ZG3w\"],\"description\":\"Dicodusport est l'encyclop\u00e9die de l'actualit\u00e9 sportive.\",\"email\":\"bonjour@dicodusport.fr\",\"legalName\":\"DICODUSPORT\",\"foundingDate\":\"2018-01-14\",\"vatID\":\"FR71834470973\",\"taxID\":\"83447097300043\",\"numberOfEmployees\":{\"@type\":\"QuantitativeValue\",\"minValue\":\"1\",\"maxValue\":\"10\"}},{\"@type\":\"Person\",\"@id\":\"https:\/\/dicodusport.fr\/blog\/#\/schema\/person\/627966a6cde45dbd8c5e36ac85d783da\",\"name\":\"S\u00e9bastien Gente\",\"image\":{\"@type\":\"ImageObject\",\"inLanguage\":\"fr-FR\",\"@id\":\"https:\/\/dicodusport.fr\/blog\/#\/schema\/person\/image\/\",\"url\":\"https:\/\/dicodusport.fr\/blog\/wp-content\/uploads\/2021\/09\/1510990_10205810251400683_4124423575079401707_n-150x150.jpg\",\"contentUrl\":\"https:\/\/dicodusport.fr\/blog\/wp-content\/uploads\/2021\/09\/1510990_10205810251400683_4124423575079401707_n-150x150.jpg\",\"caption\":\"S\u00e9bastien Gente\"},\"description\":\"John Stockton, Gianni Bugno, Zinedine Zidane, Steffi Graf, Frode Andresen, St\u00e9phane Stoecklin, Davis Kamoga, Primoz Peterka, Werner Schlager et Aur\u00e9lien Rougerie. Point commun entre ces sportifs? Ils m'ont fait r\u00eaver et ont berc\u00e9 mon adolescence. Je suis un fondu de sports et j'essaie de retranscrire ma passion \u00e0 travers mes articles. Originaire du P\u00e9rigord, ma passion pour les Girondins, les Jaunards et les Jazzmen transpire dans mes \u00e9crits. \u00c0 Dicodusport depuis 2021, je d\u00e9niche les sports m\u00e9connus dans lesquels la France brille, et il y en a !\",\"sameAs\":[\"https:\/\/www.facebook.com\/sebastien.gente\/\",\"https:\/\/www.instagram.com\/sebgente\/\",\"https:\/\/www.linkedin.com\/in\/sbastien-gente-a29583169\/\",\"https:\/\/x.com\/https:\/\/twitter.com\/globulo24\",\"SebastienGente\"],\"worksFor\":\"S\u00e9bastien GENTE\",\"url\":\"https:\/\/dicodusport.fr\/blog\/author\/sebastiengente\/\"}]}<\/script>\n<!-- \/ Yoast SEO Premium plugin. -->","yoast_head_json":{"title":"Mondiaux de ski de fond : La s\u00e9lection fran\u00e7aise","description":"CHAMPIONNATS DU MONDE DE SKI DE FOND 2023 - En r\u00e9ussite cette saison, l'\u00e9quipe de France se pr\u00e9sentera avec 14 \u00e9l\u00e9ments","robots":{"index":"index","follow":"follow","max-snippet":"max-snippet:-1","max-image-preview":"max-image-preview:large","max-video-preview":"max-video-preview:-1"},"canonical":"https:\/\/dicodusport.fr\/blog\/mondiaux-de-ski-de-fond-la-selection-francaise\/","og_locale":"fr_FR","og_type":"article","og_title":"Mondiaux de ski de fond : La s\u00e9lection fran\u00e7aise","og_description":"CHAMPIONNATS DU MONDE DE SKI DE FOND 2023 - En r\u00e9ussite cette saison, l'\u00e9quipe de France se pr\u00e9sentera avec 14 \u00e9l\u00e9ments","og_url":"https:\/\/dicodusport.fr\/blog\/mondiaux-de-ski-de-fond-la-selection-francaise\/","og_site_name":"Dicodusport","article_publisher":"https:\/\/www.facebook.com\/dicodusport","article_author":"https:\/\/www.facebook.com\/sebastien.gente\/","article_published_time":"2023-02-06T09:58:16+00:00","og_image":[{"width":800,"height":445,"url":"https:\/\/dicodusport.fr\/blog\/wp-content\/uploads\/2023\/02\/Mondiaux-de-ski-de-fond-La-selection-francaise.png","type":"image\/png"}],"author":"S\u00e9bastien Gente","twitter_card":"summary_large_image","twitter_title":"Mondiaux de ski de fond : La s\u00e9lection fran\u00e7aise","twitter_creator":"@https:\/\/twitter.com\/globulo24","twitter_site":"@dicodusport","schema":{"@context":"https:\/\/schema.org","@graph":[{"@type":"NewsArticle","@id":"https:\/\/dicodusport.fr\/blog\/mondiaux-de-ski-de-fond-la-selection-francaise\/#article","isPartOf":{"@id":"https:\/\/dicodusport.fr\/blog\/mondiaux-de-ski-de-fond-la-selection-francaise\/"},"author":{"name":"S\u00e9bastien Gente","@id":"https:\/\/dicodusport.fr\/blog\/#\/schema\/person\/627966a6cde45dbd8c5e36ac85d783da"},"headline":"Mondiaux de ski de fond : La s\u00e9lection fran\u00e7aise","datePublished":"2023-02-06T09:58:16+00:00","mainEntityOfPage":{"@id":"https:\/\/dicodusport.fr\/blog\/mondiaux-de-ski-de-fond-la-selection-francaise\/"},"wordCount":282,"commentCount":0,"publisher":{"@id":"https:\/\/dicodusport.fr\/blog\/#organization"},"image":{"@id":"https:\/\/dicodusport.fr\/blog\/mondiaux-de-ski-de-fond-la-selection-francaise\/#primaryimage"},"thumbnailUrl":"https:\/\/dicodusport.fr\/blog\/wp-content\/uploads\/2023\/02\/Mondiaux-de-ski-de-fond-La-selection-francaise.png","keywords":["Delphine Claudel","Richard Jouve"],"articleSection":["Sports d'hiver"],"inLanguage":"fr-FR","potentialAction":[{"@type":"CommentAction","name":"Comment","target":["https:\/\/dicodusport.fr\/blog\/mondiaux-de-ski-de-fond-la-selection-francaise\/#respond"]}],"copyrightYear":"2023","copyrightHolder":{"@id":"https:\/\/dicodusport.fr\/blog\/#organization"}},{"@type":"WebPage","@id":"https:\/\/dicodusport.fr\/blog\/mondiaux-de-ski-de-fond-la-selection-francaise\/","url":"https:\/\/dicodusport.fr\/blog\/mondiaux-de-ski-de-fond-la-selection-francaise\/","name":"Mondiaux de ski de fond : La s\u00e9lection fran\u00e7aise","isPartOf":{"@id":"https:\/\/dicodusport.fr\/blog\/#website"},"primaryImageOfPage":{"@id":"https:\/\/dicodusport.fr\/blog\/mondiaux-de-ski-de-fond-la-selection-francaise\/#primaryimage"},"image":{"@id":"https:\/\/dicodusport.fr\/blog\/mondiaux-de-ski-de-fond-la-selection-francaise\/#primaryimage"},"thumbnailUrl":"https:\/\/dicodusport.fr\/blog\/wp-content\/uploads\/2023\/02\/Mondiaux-de-ski-de-fond-La-selection-francaise.png","datePublished":"2023-02-06T09:58:16+00:00","description":"CHAMPIONNATS DU MONDE DE SKI DE FOND 2023 - En r\u00e9ussite cette saison, l'\u00e9quipe de France se pr\u00e9sentera avec 14 \u00e9l\u00e9ments","breadcrumb":{"@id":"https:\/\/dicodusport.fr\/blog\/mondiaux-de-ski-de-fond-la-selection-francaise\/#breadcrumb"},"inLanguage":"fr-FR","potentialAction":[{"@type":"ReadAction","target":["https:\/\/dicodusport.fr\/blog\/mondiaux-de-ski-de-fond-la-selection-francaise\/"]}]},{"@type":"ImageObject","inLanguage":"fr-FR","@id":"https:\/\/dicodusport.fr\/blog\/mondiaux-de-ski-de-fond-la-selection-francaise\/#primaryimage","url":"https:\/\/dicodusport.fr\/blog\/wp-content\/uploads\/2023\/02\/Mondiaux-de-ski-de-fond-La-selection-francaise.png","contentUrl":"https:\/\/dicodusport.fr\/blog\/wp-content\/uploads\/2023\/02\/Mondiaux-de-ski-de-fond-La-selection-francaise.png","width":800,"height":445,"caption":"Mondiaux de ski de fond La s\u00e9lection fran\u00e7aise"},{"@type":"BreadcrumbList","@id":"https:\/\/dicodusport.fr\/blog\/mondiaux-de-ski-de-fond-la-selection-francaise\/#breadcrumb","itemListElement":[{"@type":"ListItem","position":1,"name":"Accueil","item":"https:\/\/dicodusport.fr\/blog\/"},{"@type":"ListItem","position":2,"name":"Mondiaux de ski de fond : La s\u00e9lection fran\u00e7aise"}]},{"@type":"WebSite","@id":"https:\/\/dicodusport.fr\/blog\/#website","url":"https:\/\/dicodusport.fr\/blog\/","name":"Dicodusport","description":"L&#039;encyclop\u00e9die de l&#039;actualit\u00e9 sportive","publisher":{"@id":"https:\/\/dicodusport.fr\/blog\/#organization"},"potentialAction":[{"@type":"SearchAction","target":{"@type":"EntryPoint","urlTemplate":"https:\/\/dicodusport.fr\/blog\/?s={search_term_string}"},"query-input":{"@type":"PropertyValueSpecification","valueRequired":true,"valueName":"search_term_string"}}],"inLanguage":"fr-FR"},{"@type":"NewsMediaOrganization","@id":"https:\/\/dicodusport.fr\/blog\/#organization","name":"Dicodusport","url":"https:\/\/dicodusport.fr\/blog\/","logo":{"@type":"ImageObject","inLanguage":"fr-FR","@id":"https:\/\/dicodusport.fr\/blog\/#\/schema\/logo\/image\/","url":"https:\/\/dicodusport.fr\/blog\/wp-content\/uploads\/2020\/06\/cropped-LOGO-DICODUSPORT-2020-SANS-FOND-SANS-TEXTE.png","contentUrl":"https:\/\/dicodusport.fr\/blog\/wp-content\/uploads\/2020\/06\/cropped-LOGO-DICODUSPORT-2020-SANS-FOND-SANS-TEXTE.png","width":512,"height":512,"caption":"Dicodusport"},"image":{"@id":"https:\/\/dicodusport.fr\/blog\/#\/schema\/logo\/image\/"},"sameAs":["https:\/\/www.facebook.com\/dicodusport","https:\/\/x.com\/dicodusport","https:\/\/www.instagram.com\/dicodusport\/","https:\/\/www.youtube.com\/channel\/UC7V2KZ5sd3htJivAbA4ZG3w"],"description":"Dicodusport est l'encyclop\u00e9die de l'actualit\u00e9 sportive.","email":"bonjour@dicodusport.fr","legalName":"DICODUSPORT","foundingDate":"2018-01-14","vatID":"FR71834470973","taxID":"83447097300043","numberOfEmployees":{"@type":"QuantitativeValue","minValue":"1","maxValue":"10"}},{"@type":"Person","@id":"https:\/\/dicodusport.fr\/blog\/#\/schema\/person\/627966a6cde45dbd8c5e36ac85d783da","name":"S\u00e9bastien Gente","image":{"@type":"ImageObject","inLanguage":"fr-FR","@id":"https:\/\/dicodusport.fr\/blog\/#\/schema\/person\/image\/","url":"https:\/\/dicodusport.fr\/blog\/wp-content\/uploads\/2021\/09\/1510990_10205810251400683_4124423575079401707_n-150x150.jpg","contentUrl":"https:\/\/dicodusport.fr\/blog\/wp-content\/uploads\/2021\/09\/1510990_10205810251400683_4124423575079401707_n-150x150.jpg","caption":"S\u00e9bastien Gente"},"description":"John Stockton, Gianni Bugno, Zinedine Zidane, Steffi Graf, Frode Andresen, St\u00e9phane Stoecklin, Davis Kamoga, Primoz Peterka, Werner Schlager et Aur\u00e9lien Rougerie. Point commun entre ces sportifs? Ils m'ont fait r\u00eaver et ont berc\u00e9 mon adolescence. Je suis un fondu de sports et j'essaie de retranscrire ma passion \u00e0 travers mes articles. Originaire du P\u00e9rigord, ma passion pour les Girondins, les Jaunards et les Jazzmen transpire dans mes \u00e9crits. \u00c0 Dicodusport depuis 2021, je d\u00e9niche les sports m\u00e9connus dans lesquels la France brille, et il y en a !","sameAs":["https:\/\/www.facebook.com\/sebastien.gente\/","https:\/\/www.instagram.com\/sebgente\/","https:\/\/www.linkedin.com\/in\/sbastien-gente-a29583169\/","https:\/\/x.com\/https:\/\/twitter.com\/globulo24","SebastienGente"],"worksFor":"S\u00e9bastien GENTE","url":"https:\/\/dicodusport.fr\/blog\/author\/sebastiengente\/"}]}},"_links":{"self":[{"href":"https:\/\/dicodusport.fr\/blog\/wp-json\/wp\/v2\/posts\/352725","targetHints":{"allow":["GET"]}}],"collection":[{"href":"https:\/\/dicodusport.fr\/blog\/wp-json\/wp\/v2\/posts"}],"about":[{"href":"https:\/\/dicodusport.fr\/blog\/wp-json\/wp\/v2\/types\/post"}],"author":[{"embeddable":true,"href":"https:\/\/dicodusport.fr\/blog\/wp-json\/wp\/v2\/users\/59"}],"replies":[{"embeddable":true,"href":"https:\/\/dicodusport.fr\/blog\/wp-json\/wp\/v2\/comments?post=352725"}],"version-history":[{"count":0,"href":"https:\/\/dicodusport.fr\/blog\/wp-json\/wp\/v2\/posts\/352725\/revisions"}],"wp:featuredmedia":[{"embeddable":true,"href":"https:\/\/dicodusport.fr\/blog\/wp-json\/wp\/v2\/media\/352727"}],"wp:attachment":[{"href":"https:\/\/dicodusport.fr\/blog\/wp-json\/wp\/v2\/media?parent=352725"}],"wp:term":[{"taxonomy":"category","embeddable":true,"href":"https:\/\/dicodusport.fr\/blog\/wp-json\/wp\/v2\/categories?post=352725"},{"taxonomy":"post_tag","embeddable":true,"href":"https:\/\/dicodusport.fr\/blog\/wp-json\/wp\/v2\/tags?post=352725"}],"curies":[{"name":"wp","href":"https:\/\/api.w.org\/{rel}","templated":true}]}}