{"id":352807,"date":"2023-02-06T15:07:24","date_gmt":"2023-02-06T14:07:24","guid":{"rendered":"https:\/\/dicodusport.fr\/blog\/?p=352807&#038;preview=true&#038;preview_id=352807"},"modified":"2023-02-06T17:57:53","modified_gmt":"2023-02-06T16:57:53","slug":"mondiaux-ski-alpin-2023-federica-brignone-medaillee-dor-sur-le-combine","status":"publish","type":"post","link":"https:\/\/dicodusport.fr\/blog\/mondiaux-ski-alpin-2023-federica-brignone-medaillee-dor-sur-le-combine\/","title":{"rendered":"Mondiaux Ski alpin 2023 : Federica Brignone m\u00e9daill\u00e9e d&rsquo;or sur le combin\u00e9"},"content":{"rendered":"<p align=\"justify\"><em><strong><a href=\"https:\/\/dicodusport.fr\/blog\/championnats-du-monde-ski-alpin-2023-programme-et-resultats\/\">CHAMPIONS DU MONDE DE SKI ALPIN 2023<\/a> &#8211; Federica Brignone, imp\u00e9riale sur le Super-G, a profit\u00e9 de l&rsquo;abandon de Mikaela Shiffrin en slalom pour prendre le titre mondial du combin\u00e9, ce lundi, \u00e0 M\u00e9ribel (France). Wendy Holdener et Ricarda Haaser l&rsquo;accompagnent sur le podium.<\/strong><\/em><\/p>\n<p style=\"text-align: justify;\"><span style=\"font-weight: 400;\">Les dames inauguraient ces championnats du monde en Savoie avec le combin\u00e9. Sur une piste qu&rsquo;elles d\u00e9couvraient en majorit\u00e9, <\/span><b>Mikaela Shiffrin <\/b><span style=\"font-weight: 400;\">est la grande favorite. L&rsquo;Am\u00e9ricaine est capable de gagner dans les deux disciplines mais a tout de m\u00eame quelques f\u00e9roces concurrentes. Le duo de Suissesses <\/span><b>Michelle Gisin <\/b><span style=\"font-weight: 400;\">et <\/span><b>Wendy Holdener <\/b><span style=\"font-weight: 400;\">notamment. La premi\u00e8re est double championne olympique en titre et \u00e9tait une pr\u00e9tendante au podium. Une Italienne a remport\u00e9 les quatre derniers combin\u00e9s en Coupe du monde : <\/span><b>Federica Brignone<\/b><span style=\"font-weight: 400;\">.\u00a0<\/span><\/p>\n<h2 style=\"text-align: justify;\" align=\"justify\">Brignone intouchable en vitesse<\/h2>\n<p style=\"text-align: justify;\"><span style=\"font-weight: 400;\">C&rsquo;est justement la Transalpine qui a creus\u00e9 un \u00e9cart cons\u00e9quent sur le Super-G. 71 centi\u00e8mes d&rsquo;avance sur deux filles qui \u00e9taient en rep\u00e9rage pour l&rsquo;\u00e9preuve de mercredi (<\/span><b>Ragnhild Mowinckel <\/b><span style=\"font-weight: 400;\">et <\/span><b>Lara Gut-Behrami<\/b><span style=\"font-weight: 400;\">). <\/span><b>Brignone <\/b><span style=\"font-weight: 400;\">a parfaitement engag\u00e9, bien g\u00e9r\u00e9 les mouvements de terrain assez pi\u00e9geux et contrairement \u00e0 ses adversaires, aucune faute sur ce trac\u00e9 tournant. <\/span><b>Mikaela Shiffrin <\/b><span style=\"font-weight: 400;\">est plac\u00e9e. Pas \u00e0 100% lors de son run, la femme aux 85 victoires en Coupe du monde est rel\u00e9gu\u00e9e \u00e0 96 centi\u00e8mes de l&rsquo;Italienne. Pas insurmontable tant son niveau en slalom est sup\u00e9rieur. Parmi les autres favorites, une slalomeuse a montr\u00e9 ses talents de fonceuse. <\/span><b>Franziska Gritsch <\/b><span style=\"font-weight: 400;\">part juste apr\u00e8s <\/span><b>Shiffrin<\/b><span style=\"font-weight: 400;\">. Seulement une seconde de retard sur la premi\u00e8re place pour l&rsquo;Autrichienne qui progresse de plus en plus entre les piquets serr\u00e9s.\u00a0<\/span><\/p>\n<p style=\"text-align: justify;\"><b>Michelle Gisin <\/b><span style=\"font-weight: 400;\">et <\/span><b>Wendy Holdener <\/b><span style=\"font-weight: 400;\">se mettent l\u00e9g\u00e8rement en difficult\u00e9. 14e et 15e, les deux Helv\u00e8tes auront une piste plus endommag\u00e9e lors de leur passage en slalom. Extr\u00eamement difficile dans ces conditions d&rsquo;aller chercher une m\u00e9daille d&rsquo;or, mais une autre breloque est toujours envisageable. C\u00f4t\u00e9 tricolore, <\/span><b>Laura Gauch\u00e9 <\/b><span style=\"font-weight: 400;\">(11e)<\/span> <span style=\"font-weight: 400;\">et <\/span><b>Romane Miradoli <\/b><span style=\"font-weight: 400;\">(16e) sont plac\u00e9es pour un Top 10. Quelques petites fautes d&rsquo;engagement o\u00f9 elles ont perdu bri\u00e8vement la ligne. <\/span><b>Tessa Worley <\/b><span style=\"font-weight: 400;\">\u00e9tait en pr\u00e9paration pour le Super-G de mercredi et coupe la ligne en 11e position, dans le m\u00eame temps que la Tignarde <\/span><b>Gauch\u00e9<\/b><span style=\"font-weight: 400;\">. Une 4e Fran\u00e7aise \u00e9tait en lice. Pour sa premi\u00e8re course dans un championnat du monde, la Ni\u00e7oise <\/span><b>Karen Smadja-Cl\u00e9ment <\/b><span style=\"font-weight: 400;\">est partie \u00e0 la faute. Une faute d&rsquo;int\u00e9rieur apr\u00e8s une porte bleue casse-pattes et elle figure parmi les 5 abandons de cette manche.<\/span><\/p>\n<h2 style=\"text-align: justify;\" align=\"justify\">Brignone dor\u00e9e, Shiffrin d\u00e9\u00e7ue<\/h2>\n<p style=\"text-align: justify;\"><span style=\"font-weight: 400;\">Le coup de tonnerre arrive d\u00e8s les premiers dossards. <\/span><b>Mikaela Shiffrin<\/b><span style=\"font-weight: 400;\">, partie pour prendre la t\u00eate, vient sortir du trac\u00e9 \u00e0 trois piquets de l&rsquo;arriv\u00e9e. L&rsquo;Am\u00e9ricaine \u00e9tait \u00e0 8 centi\u00e8mes de <\/span><b>Federica Brignone <\/b><span style=\"font-weight: 400;\">au dernier interm\u00e9diaire. Avec la vitesse qu&rsquo;elle avait emmen\u00e9e, la premi\u00e8re place lui tendait le bras. Personne d&rsquo;autre n&rsquo;a pu s&rsquo;approcher du temps de l&rsquo;Italienne. <\/span><b>Wendy Holdener <\/b><span style=\"font-weight: 400;\">r\u00e9alise le meilleur temps de la manche pour 4 centi\u00e8mes et se classe deuxi\u00e8me. Une autre sp\u00e9cialiste de la vitesse prend la m\u00e9daille de bronze. <\/span><b>Ricarda Haaser <\/b><span style=\"font-weight: 400;\">a r\u00e9ussi \u00e0 devancer ses deux compatriotes <\/span><b>Ramona Siebenhofer <\/b><span style=\"font-weight: 400;\">et <\/span><b>Franziska Gritsch<\/b><span style=\"font-weight: 400;\">, conservant deux dixi\u00e8mes d&rsquo;avance.<\/span><\/p>\n<blockquote class=\"twitter-tweet\">\n<p dir=\"ltr\" lang=\"fr\">\ud83d\ude2c Mikaela Shiffrin enfourche ! En lice pour son premier titre mondial \u00e0 M\u00e9ribel, l&rsquo;Am\u00e9ricaine est partie \u00e0 la faute \u00e0 trois piquets de l&rsquo;arriv\u00e9e du slalom du combin\u00e9&#8230;<\/p>\n<p>Suivez les Championnats du monde de ski alpin sur Eurosport <a href=\"https:\/\/twitter.com\/hashtag\/ChaletClub?src=hash&amp;ref_src=twsrc%5Etfw\">#ChaletClub<\/a> <a href=\"https:\/\/t.co\/1GbkJxt5kT\">pic.twitter.com\/1GbkJxt5kT<\/a><\/p>\n<p>\u2014 Eurosport France (@Eurosport_FR) <a href=\"https:\/\/twitter.com\/Eurosport_FR\/status\/1622596602014597121?ref_src=twsrc%5Etfw\">February 6, 2023<\/a><\/p><\/blockquote>\n<p><script async src=\"https:\/\/platform.twitter.com\/widgets.js\" charset=\"utf-8\"><\/script><\/p>\n<p style=\"text-align: justify;\"><b>Federica Brignone <\/b><span style=\"font-weight: 400;\">a eu la chance de skier sur une belle piste et a \u00e9t\u00e9 excellente avec les skis de slalom aux pieds. Une entame digne d&rsquo;une r\u00e9elle sp\u00e9cialiste avant de faire une faute avant le dernier interm\u00e9diaire. Sans trop de cons\u00e9quences. L&rsquo;Italie n&rsquo;avait jamais gagn\u00e9 le titre mondial en combin\u00e9 chez les dames, c&rsquo;est chose faite. Seules deux Fran\u00e7aises \u00e9taient au d\u00e9part de cette seconde manche. <\/span><b>Laura Gauch\u00e9 <\/b><span style=\"font-weight: 400;\">n&rsquo;est pas vraiment une adepte des piquets serr\u00e9s. Son r\u00e9sultat est honn\u00eate, 7e \u00e0 3.71, c&rsquo;est le m\u00eame qu&rsquo;il y a deux ans aux derniers Mondiaux. <\/span><b>Romane Miradoli<\/b><span style=\"font-weight: 400;\">, un peu plus technicienne dans l&rsquo;\u00e2me, \u00e9tait partie correctement mais sort au m\u00eame endroit que <\/span><b>Mikaela Shiffrin<\/b><span style=\"font-weight: 400;\">.\u00a0<\/span><\/p>\n<h2 style=\"text-align: justify;\">\u00c0 lire aussi<\/h2>\n<ul>\n<li style=\"text-align: justify;\"><a href=\"https:\/\/dicodusport.fr\/blog\/mondiaux-ski-alpin-2023-classement-combine-alpin-femmes\/\"><strong>Classement du combin\u00e9 alpin femmes des Mondiaux de ski alpin<\/strong><\/a><\/li>\n<li style=\"text-align: justify;\"><a href=\"https:\/\/dicodusport.fr\/blog\/tableau-des-medailles-championnats-du-monde-ski-alpin-2023\/\"><strong>Le tableau des m\u00e9dailles<\/strong><\/a><\/li>\n<\/ul>\n<p style=\"text-align: justify;\" align=\"justify\">\n","protected":false},"excerpt":{"rendered":"<p>CHAMPIONS DU MONDE DE SKI ALPIN 2023 &#8211; Federica Brignone, imp\u00e9riale sur le Super-G, a profit\u00e9 de l&rsquo;abandon de Mikaela Shiffrin en slalom pour prendre le titre mondial du combin\u00e9, ce lundi, \u00e0 M\u00e9ribel (France). Wendy Holdener et Ricarda Haaser l&rsquo;accompagnent sur le podium.<\/p>\n","protected":false},"author":61,"featured_media":352862,"comment_status":"open","ping_status":"closed","sticky":false,"template":"","format":"standard","meta":{"_acf_changed":false,"_daextam_enable_autolinks":"","footnotes":""},"categories":[47083],"tags":[29492,24],"class_list":["post-352807","post","type-post","status-publish","format-standard","has-post-thumbnail","hentry","category-championnats-du-monde-ski-alpin","tag-federica-brignone","tag-sport"],"acf":[],"yoast_head":"<!-- This site is optimized with the Yoast SEO Premium plugin v26.7 (Yoast SEO v26.7) - https:\/\/yoast.com\/wordpress\/plugins\/seo\/ -->\n<title>Mondiaux Ski alpin 2023 : Federica Brignone m\u00e9daill\u00e9e d&#039;or sur le combin\u00e9<\/title>\n<meta name=\"description\" content=\"CHAMPIONS DU MONDE DE SKI ALPIN 2023 - Federica Brignone a d\u00e9croch\u00e9 le titre mondial du combin\u00e9, ce lundi, \u00e0 M\u00e9ribel (France).\" \/>\n<meta name=\"robots\" content=\"index, follow, max-snippet:-1, max-image-preview:large, max-video-preview:-1\" \/>\n<link rel=\"canonical\" href=\"https:\/\/dicodusport.fr\/blog\/mondiaux-ski-alpin-2023-federica-brignone-medaillee-dor-sur-le-combine\/\" \/>\n<meta property=\"og:locale\" content=\"fr_FR\" \/>\n<meta property=\"og:type\" content=\"article\" \/>\n<meta property=\"og:title\" content=\"Mondiaux Ski alpin 2023 : Federica Brignone m\u00e9daill\u00e9e d&#039;or sur le combin\u00e9\" \/>\n<meta property=\"og:description\" content=\"CHAMPIONS DU MONDE DE SKI ALPIN 2023 - Federica Brignone a d\u00e9croch\u00e9 le titre mondial du combin\u00e9, ce lundi, \u00e0 M\u00e9ribel (France).\" \/>\n<meta property=\"og:url\" content=\"https:\/\/dicodusport.fr\/blog\/mondiaux-ski-alpin-2023-federica-brignone-medaillee-dor-sur-le-combine\/\" \/>\n<meta property=\"og:site_name\" content=\"Dicodusport\" \/>\n<meta property=\"article:publisher\" content=\"https:\/\/www.facebook.com\/dicodusport\" \/>\n<meta property=\"article:published_time\" content=\"2023-02-06T14:07:24+00:00\" \/>\n<meta property=\"article:modified_time\" content=\"2023-02-06T16:57:53+00:00\" \/>\n<meta property=\"og:image\" content=\"https:\/\/dicodusport.fr\/blog\/wp-content\/uploads\/2023\/02\/Mondiaux-Ski-alpin-2023-Federica-Brignone-medaillee-dor-sur-le-combine-1.png\" \/>\n\t<meta property=\"og:image:width\" content=\"800\" \/>\n\t<meta property=\"og:image:height\" content=\"445\" \/>\n\t<meta property=\"og:image:type\" content=\"image\/png\" \/>\n<meta name=\"author\" content=\"Pierre Gorce\" \/>\n<meta name=\"twitter:card\" content=\"summary_large_image\" \/>\n<meta name=\"twitter:title\" content=\"Mondiaux Ski alpin 2023 : Federica Brignone m\u00e9daill\u00e9e d&#039;or sur le combin\u00e9\" \/>\n<meta name=\"twitter:creator\" content=\"@https:\/\/twitter.com\/pierregorce12\" \/>\n<meta name=\"twitter:site\" content=\"@dicodusport\" \/>\n<script type=\"application\/ld+json\" class=\"yoast-schema-graph\">{\"@context\":\"https:\/\/schema.org\",\"@graph\":[{\"@type\":\"NewsArticle\",\"@id\":\"https:\/\/dicodusport.fr\/blog\/mondiaux-ski-alpin-2023-federica-brignone-medaillee-dor-sur-le-combine\/#article\",\"isPartOf\":{\"@id\":\"https:\/\/dicodusport.fr\/blog\/mondiaux-ski-alpin-2023-federica-brignone-medaillee-dor-sur-le-combine\/\"},\"author\":{\"name\":\"Pierre Gorce\",\"@id\":\"https:\/\/dicodusport.fr\/blog\/#\/schema\/person\/0eaf70b33d703a1a66b1155ac1bda018\"},\"headline\":\"Mondiaux Ski alpin 2023 : Federica Brignone m\u00e9daill\u00e9e d&rsquo;or sur le combin\u00e9\",\"datePublished\":\"2023-02-06T14:07:24+00:00\",\"dateModified\":\"2023-02-06T16:57:53+00:00\",\"mainEntityOfPage\":{\"@id\":\"https:\/\/dicodusport.fr\/blog\/mondiaux-ski-alpin-2023-federica-brignone-medaillee-dor-sur-le-combine\/\"},\"wordCount\":773,\"commentCount\":0,\"publisher\":{\"@id\":\"https:\/\/dicodusport.fr\/blog\/#organization\"},\"image\":{\"@id\":\"https:\/\/dicodusport.fr\/blog\/mondiaux-ski-alpin-2023-federica-brignone-medaillee-dor-sur-le-combine\/#primaryimage\"},\"thumbnailUrl\":\"https:\/\/dicodusport.fr\/blog\/wp-content\/uploads\/2023\/02\/Mondiaux-Ski-alpin-2023-Federica-Brignone-medaillee-dor-sur-le-combine-1.png\",\"keywords\":[\"Federica Brignone\",\"sport\"],\"articleSection\":[\"Championnats du monde de ski alpin\"],\"inLanguage\":\"fr-FR\",\"potentialAction\":[{\"@type\":\"CommentAction\",\"name\":\"Comment\",\"target\":[\"https:\/\/dicodusport.fr\/blog\/mondiaux-ski-alpin-2023-federica-brignone-medaillee-dor-sur-le-combine\/#respond\"]}],\"copyrightYear\":\"2023\",\"copyrightHolder\":{\"@id\":\"https:\/\/dicodusport.fr\/blog\/#organization\"}},{\"@type\":\"WebPage\",\"@id\":\"https:\/\/dicodusport.fr\/blog\/mondiaux-ski-alpin-2023-federica-brignone-medaillee-dor-sur-le-combine\/\",\"url\":\"https:\/\/dicodusport.fr\/blog\/mondiaux-ski-alpin-2023-federica-brignone-medaillee-dor-sur-le-combine\/\",\"name\":\"Mondiaux Ski alpin 2023 : Federica Brignone m\u00e9daill\u00e9e d'or sur le combin\u00e9\",\"isPartOf\":{\"@id\":\"https:\/\/dicodusport.fr\/blog\/#website\"},\"primaryImageOfPage\":{\"@id\":\"https:\/\/dicodusport.fr\/blog\/mondiaux-ski-alpin-2023-federica-brignone-medaillee-dor-sur-le-combine\/#primaryimage\"},\"image\":{\"@id\":\"https:\/\/dicodusport.fr\/blog\/mondiaux-ski-alpin-2023-federica-brignone-medaillee-dor-sur-le-combine\/#primaryimage\"},\"thumbnailUrl\":\"https:\/\/dicodusport.fr\/blog\/wp-content\/uploads\/2023\/02\/Mondiaux-Ski-alpin-2023-Federica-Brignone-medaillee-dor-sur-le-combine-1.png\",\"datePublished\":\"2023-02-06T14:07:24+00:00\",\"dateModified\":\"2023-02-06T16:57:53+00:00\",\"description\":\"CHAMPIONS DU MONDE DE SKI ALPIN 2023 - Federica Brignone a d\u00e9croch\u00e9 le titre mondial du combin\u00e9, ce lundi, \u00e0 M\u00e9ribel (France).\",\"breadcrumb\":{\"@id\":\"https:\/\/dicodusport.fr\/blog\/mondiaux-ski-alpin-2023-federica-brignone-medaillee-dor-sur-le-combine\/#breadcrumb\"},\"inLanguage\":\"fr-FR\",\"potentialAction\":[{\"@type\":\"ReadAction\",\"target\":[\"https:\/\/dicodusport.fr\/blog\/mondiaux-ski-alpin-2023-federica-brignone-medaillee-dor-sur-le-combine\/\"]}]},{\"@type\":\"ImageObject\",\"inLanguage\":\"fr-FR\",\"@id\":\"https:\/\/dicodusport.fr\/blog\/mondiaux-ski-alpin-2023-federica-brignone-medaillee-dor-sur-le-combine\/#primaryimage\",\"url\":\"https:\/\/dicodusport.fr\/blog\/wp-content\/uploads\/2023\/02\/Mondiaux-Ski-alpin-2023-Federica-Brignone-medaillee-dor-sur-le-combine-1.png\",\"contentUrl\":\"https:\/\/dicodusport.fr\/blog\/wp-content\/uploads\/2023\/02\/Mondiaux-Ski-alpin-2023-Federica-Brignone-medaillee-dor-sur-le-combine-1.png\",\"width\":800,\"height\":445,\"caption\":\"Mondiaux Ski alpin 2023 Federica Brignone m\u00e9daill\u00e9e d'or sur le combin\u00e9 (1)\"},{\"@type\":\"BreadcrumbList\",\"@id\":\"https:\/\/dicodusport.fr\/blog\/mondiaux-ski-alpin-2023-federica-brignone-medaillee-dor-sur-le-combine\/#breadcrumb\",\"itemListElement\":[{\"@type\":\"ListItem\",\"position\":1,\"name\":\"Accueil\",\"item\":\"https:\/\/dicodusport.fr\/blog\/\"},{\"@type\":\"ListItem\",\"position\":2,\"name\":\"Mondiaux Ski alpin 2023 : Federica Brignone m\u00e9daill\u00e9e d&rsquo;or sur le combin\u00e9\"}]},{\"@type\":\"WebSite\",\"@id\":\"https:\/\/dicodusport.fr\/blog\/#website\",\"url\":\"https:\/\/dicodusport.fr\/blog\/\",\"name\":\"Dicodusport\",\"description\":\"L&#039;encyclop\u00e9die de l&#039;actualit\u00e9 sportive\",\"publisher\":{\"@id\":\"https:\/\/dicodusport.fr\/blog\/#organization\"},\"potentialAction\":[{\"@type\":\"SearchAction\",\"target\":{\"@type\":\"EntryPoint\",\"urlTemplate\":\"https:\/\/dicodusport.fr\/blog\/?s={search_term_string}\"},\"query-input\":{\"@type\":\"PropertyValueSpecification\",\"valueRequired\":true,\"valueName\":\"search_term_string\"}}],\"inLanguage\":\"fr-FR\"},{\"@type\":\"NewsMediaOrganization\",\"@id\":\"https:\/\/dicodusport.fr\/blog\/#organization\",\"name\":\"Dicodusport\",\"url\":\"https:\/\/dicodusport.fr\/blog\/\",\"logo\":{\"@type\":\"ImageObject\",\"inLanguage\":\"fr-FR\",\"@id\":\"https:\/\/dicodusport.fr\/blog\/#\/schema\/logo\/image\/\",\"url\":\"https:\/\/dicodusport.fr\/blog\/wp-content\/uploads\/2020\/06\/cropped-LOGO-DICODUSPORT-2020-SANS-FOND-SANS-TEXTE.png\",\"contentUrl\":\"https:\/\/dicodusport.fr\/blog\/wp-content\/uploads\/2020\/06\/cropped-LOGO-DICODUSPORT-2020-SANS-FOND-SANS-TEXTE.png\",\"width\":512,\"height\":512,\"caption\":\"Dicodusport\"},\"image\":{\"@id\":\"https:\/\/dicodusport.fr\/blog\/#\/schema\/logo\/image\/\"},\"sameAs\":[\"https:\/\/www.facebook.com\/dicodusport\",\"https:\/\/x.com\/dicodusport\",\"https:\/\/www.instagram.com\/dicodusport\/\",\"https:\/\/www.youtube.com\/channel\/UC7V2KZ5sd3htJivAbA4ZG3w\"],\"description\":\"Dicodusport est l'encyclop\u00e9die de l'actualit\u00e9 sportive.\",\"email\":\"bonjour@dicodusport.fr\",\"legalName\":\"DICODUSPORT\",\"foundingDate\":\"2018-01-14\",\"vatID\":\"FR71834470973\",\"taxID\":\"83447097300043\",\"numberOfEmployees\":{\"@type\":\"QuantitativeValue\",\"minValue\":\"1\",\"maxValue\":\"10\"}},{\"@type\":\"Person\",\"@id\":\"https:\/\/dicodusport.fr\/blog\/#\/schema\/person\/0eaf70b33d703a1a66b1155ac1bda018\",\"name\":\"Pierre Gorce\",\"image\":{\"@type\":\"ImageObject\",\"inLanguage\":\"fr-FR\",\"@id\":\"https:\/\/dicodusport.fr\/blog\/#\/schema\/person\/image\/\",\"url\":\"https:\/\/dicodusport.fr\/blog\/wp-content\/uploads\/2022\/03\/IMG_20211214_233053_722-150x150.jpg\",\"contentUrl\":\"https:\/\/dicodusport.fr\/blog\/wp-content\/uploads\/2022\/03\/IMG_20211214_233053_722-150x150.jpg\",\"caption\":\"Pierre Gorce\"},\"description\":\"Couteau suisse venant tout droit de Haute-Savoie. Habitu\u00e9 \u00e0 regarder du sport depuis petit, j'en ai maintenant fait mon m\u00e9tier. Des sports d'hiver au surf, en passant par le tennis, la F1, le handball et l'athl\u00e9tisme, j'essaie d'avoir mes yeux sur l'enti\u00e8ret\u00e9 de l'actualit\u00e9. Jeune homme berc\u00e9 par les exploits de Jean-Baptiste Grange, Sebastian Vettel et des Experts. Membre de la g\u00e9n\u00e9ration 1999 comme Luka Doncic, Sydney McLaughlin, Lando Norris et Loana Lecomte, mais avec beaucoup moins de talent qu'eux.\",\"sameAs\":[\"https:\/\/x.com\/https:\/\/twitter.com\/pierregorce12\"],\"birthDate\":\"1999-08-29\",\"url\":\"https:\/\/dicodusport.fr\/blog\/author\/pierreg\/\"}]}<\/script>\n<!-- \/ Yoast SEO Premium plugin. -->","yoast_head_json":{"title":"Mondiaux Ski alpin 2023 : Federica Brignone m\u00e9daill\u00e9e d'or sur le combin\u00e9","description":"CHAMPIONS DU MONDE DE SKI ALPIN 2023 - Federica Brignone a d\u00e9croch\u00e9 le titre mondial du combin\u00e9, ce lundi, \u00e0 M\u00e9ribel (France).","robots":{"index":"index","follow":"follow","max-snippet":"max-snippet:-1","max-image-preview":"max-image-preview:large","max-video-preview":"max-video-preview:-1"},"canonical":"https:\/\/dicodusport.fr\/blog\/mondiaux-ski-alpin-2023-federica-brignone-medaillee-dor-sur-le-combine\/","og_locale":"fr_FR","og_type":"article","og_title":"Mondiaux Ski alpin 2023 : Federica Brignone m\u00e9daill\u00e9e d'or sur le combin\u00e9","og_description":"CHAMPIONS DU MONDE DE SKI ALPIN 2023 - Federica Brignone a d\u00e9croch\u00e9 le titre mondial du combin\u00e9, ce lundi, \u00e0 M\u00e9ribel (France).","og_url":"https:\/\/dicodusport.fr\/blog\/mondiaux-ski-alpin-2023-federica-brignone-medaillee-dor-sur-le-combine\/","og_site_name":"Dicodusport","article_publisher":"https:\/\/www.facebook.com\/dicodusport","article_published_time":"2023-02-06T14:07:24+00:00","article_modified_time":"2023-02-06T16:57:53+00:00","og_image":[{"width":800,"height":445,"url":"https:\/\/dicodusport.fr\/blog\/wp-content\/uploads\/2023\/02\/Mondiaux-Ski-alpin-2023-Federica-Brignone-medaillee-dor-sur-le-combine-1.png","type":"image\/png"}],"author":"Pierre Gorce","twitter_card":"summary_large_image","twitter_title":"Mondiaux Ski alpin 2023 : Federica Brignone m\u00e9daill\u00e9e d'or sur le combin\u00e9","twitter_creator":"@https:\/\/twitter.com\/pierregorce12","twitter_site":"@dicodusport","schema":{"@context":"https:\/\/schema.org","@graph":[{"@type":"NewsArticle","@id":"https:\/\/dicodusport.fr\/blog\/mondiaux-ski-alpin-2023-federica-brignone-medaillee-dor-sur-le-combine\/#article","isPartOf":{"@id":"https:\/\/dicodusport.fr\/blog\/mondiaux-ski-alpin-2023-federica-brignone-medaillee-dor-sur-le-combine\/"},"author":{"name":"Pierre Gorce","@id":"https:\/\/dicodusport.fr\/blog\/#\/schema\/person\/0eaf70b33d703a1a66b1155ac1bda018"},"headline":"Mondiaux Ski alpin 2023 : Federica Brignone m\u00e9daill\u00e9e d&rsquo;or sur le combin\u00e9","datePublished":"2023-02-06T14:07:24+00:00","dateModified":"2023-02-06T16:57:53+00:00","mainEntityOfPage":{"@id":"https:\/\/dicodusport.fr\/blog\/mondiaux-ski-alpin-2023-federica-brignone-medaillee-dor-sur-le-combine\/"},"wordCount":773,"commentCount":0,"publisher":{"@id":"https:\/\/dicodusport.fr\/blog\/#organization"},"image":{"@id":"https:\/\/dicodusport.fr\/blog\/mondiaux-ski-alpin-2023-federica-brignone-medaillee-dor-sur-le-combine\/#primaryimage"},"thumbnailUrl":"https:\/\/dicodusport.fr\/blog\/wp-content\/uploads\/2023\/02\/Mondiaux-Ski-alpin-2023-Federica-Brignone-medaillee-dor-sur-le-combine-1.png","keywords":["Federica Brignone","sport"],"articleSection":["Championnats du monde de ski alpin"],"inLanguage":"fr-FR","potentialAction":[{"@type":"CommentAction","name":"Comment","target":["https:\/\/dicodusport.fr\/blog\/mondiaux-ski-alpin-2023-federica-brignone-medaillee-dor-sur-le-combine\/#respond"]}],"copyrightYear":"2023","copyrightHolder":{"@id":"https:\/\/dicodusport.fr\/blog\/#organization"}},{"@type":"WebPage","@id":"https:\/\/dicodusport.fr\/blog\/mondiaux-ski-alpin-2023-federica-brignone-medaillee-dor-sur-le-combine\/","url":"https:\/\/dicodusport.fr\/blog\/mondiaux-ski-alpin-2023-federica-brignone-medaillee-dor-sur-le-combine\/","name":"Mondiaux Ski alpin 2023 : Federica Brignone m\u00e9daill\u00e9e d'or sur le combin\u00e9","isPartOf":{"@id":"https:\/\/dicodusport.fr\/blog\/#website"},"primaryImageOfPage":{"@id":"https:\/\/dicodusport.fr\/blog\/mondiaux-ski-alpin-2023-federica-brignone-medaillee-dor-sur-le-combine\/#primaryimage"},"image":{"@id":"https:\/\/dicodusport.fr\/blog\/mondiaux-ski-alpin-2023-federica-brignone-medaillee-dor-sur-le-combine\/#primaryimage"},"thumbnailUrl":"https:\/\/dicodusport.fr\/blog\/wp-content\/uploads\/2023\/02\/Mondiaux-Ski-alpin-2023-Federica-Brignone-medaillee-dor-sur-le-combine-1.png","datePublished":"2023-02-06T14:07:24+00:00","dateModified":"2023-02-06T16:57:53+00:00","description":"CHAMPIONS DU MONDE DE SKI ALPIN 2023 - Federica Brignone a d\u00e9croch\u00e9 le titre mondial du combin\u00e9, ce lundi, \u00e0 M\u00e9ribel (France).","breadcrumb":{"@id":"https:\/\/dicodusport.fr\/blog\/mondiaux-ski-alpin-2023-federica-brignone-medaillee-dor-sur-le-combine\/#breadcrumb"},"inLanguage":"fr-FR","potentialAction":[{"@type":"ReadAction","target":["https:\/\/dicodusport.fr\/blog\/mondiaux-ski-alpin-2023-federica-brignone-medaillee-dor-sur-le-combine\/"]}]},{"@type":"ImageObject","inLanguage":"fr-FR","@id":"https:\/\/dicodusport.fr\/blog\/mondiaux-ski-alpin-2023-federica-brignone-medaillee-dor-sur-le-combine\/#primaryimage","url":"https:\/\/dicodusport.fr\/blog\/wp-content\/uploads\/2023\/02\/Mondiaux-Ski-alpin-2023-Federica-Brignone-medaillee-dor-sur-le-combine-1.png","contentUrl":"https:\/\/dicodusport.fr\/blog\/wp-content\/uploads\/2023\/02\/Mondiaux-Ski-alpin-2023-Federica-Brignone-medaillee-dor-sur-le-combine-1.png","width":800,"height":445,"caption":"Mondiaux Ski alpin 2023 Federica Brignone m\u00e9daill\u00e9e d'or sur le combin\u00e9 (1)"},{"@type":"BreadcrumbList","@id":"https:\/\/dicodusport.fr\/blog\/mondiaux-ski-alpin-2023-federica-brignone-medaillee-dor-sur-le-combine\/#breadcrumb","itemListElement":[{"@type":"ListItem","position":1,"name":"Accueil","item":"https:\/\/dicodusport.fr\/blog\/"},{"@type":"ListItem","position":2,"name":"Mondiaux Ski alpin 2023 : Federica Brignone m\u00e9daill\u00e9e d&rsquo;or sur le combin\u00e9"}]},{"@type":"WebSite","@id":"https:\/\/dicodusport.fr\/blog\/#website","url":"https:\/\/dicodusport.fr\/blog\/","name":"Dicodusport","description":"L&#039;encyclop\u00e9die de l&#039;actualit\u00e9 sportive","publisher":{"@id":"https:\/\/dicodusport.fr\/blog\/#organization"},"potentialAction":[{"@type":"SearchAction","target":{"@type":"EntryPoint","urlTemplate":"https:\/\/dicodusport.fr\/blog\/?s={search_term_string}"},"query-input":{"@type":"PropertyValueSpecification","valueRequired":true,"valueName":"search_term_string"}}],"inLanguage":"fr-FR"},{"@type":"NewsMediaOrganization","@id":"https:\/\/dicodusport.fr\/blog\/#organization","name":"Dicodusport","url":"https:\/\/dicodusport.fr\/blog\/","logo":{"@type":"ImageObject","inLanguage":"fr-FR","@id":"https:\/\/dicodusport.fr\/blog\/#\/schema\/logo\/image\/","url":"https:\/\/dicodusport.fr\/blog\/wp-content\/uploads\/2020\/06\/cropped-LOGO-DICODUSPORT-2020-SANS-FOND-SANS-TEXTE.png","contentUrl":"https:\/\/dicodusport.fr\/blog\/wp-content\/uploads\/2020\/06\/cropped-LOGO-DICODUSPORT-2020-SANS-FOND-SANS-TEXTE.png","width":512,"height":512,"caption":"Dicodusport"},"image":{"@id":"https:\/\/dicodusport.fr\/blog\/#\/schema\/logo\/image\/"},"sameAs":["https:\/\/www.facebook.com\/dicodusport","https:\/\/x.com\/dicodusport","https:\/\/www.instagram.com\/dicodusport\/","https:\/\/www.youtube.com\/channel\/UC7V2KZ5sd3htJivAbA4ZG3w"],"description":"Dicodusport est l'encyclop\u00e9die de l'actualit\u00e9 sportive.","email":"bonjour@dicodusport.fr","legalName":"DICODUSPORT","foundingDate":"2018-01-14","vatID":"FR71834470973","taxID":"83447097300043","numberOfEmployees":{"@type":"QuantitativeValue","minValue":"1","maxValue":"10"}},{"@type":"Person","@id":"https:\/\/dicodusport.fr\/blog\/#\/schema\/person\/0eaf70b33d703a1a66b1155ac1bda018","name":"Pierre Gorce","image":{"@type":"ImageObject","inLanguage":"fr-FR","@id":"https:\/\/dicodusport.fr\/blog\/#\/schema\/person\/image\/","url":"https:\/\/dicodusport.fr\/blog\/wp-content\/uploads\/2022\/03\/IMG_20211214_233053_722-150x150.jpg","contentUrl":"https:\/\/dicodusport.fr\/blog\/wp-content\/uploads\/2022\/03\/IMG_20211214_233053_722-150x150.jpg","caption":"Pierre Gorce"},"description":"Couteau suisse venant tout droit de Haute-Savoie. Habitu\u00e9 \u00e0 regarder du sport depuis petit, j'en ai maintenant fait mon m\u00e9tier. Des sports d'hiver au surf, en passant par le tennis, la F1, le handball et l'athl\u00e9tisme, j'essaie d'avoir mes yeux sur l'enti\u00e8ret\u00e9 de l'actualit\u00e9. Jeune homme berc\u00e9 par les exploits de Jean-Baptiste Grange, Sebastian Vettel et des Experts. Membre de la g\u00e9n\u00e9ration 1999 comme Luka Doncic, Sydney McLaughlin, Lando Norris et Loana Lecomte, mais avec beaucoup moins de talent qu'eux.","sameAs":["https:\/\/x.com\/https:\/\/twitter.com\/pierregorce12"],"birthDate":"1999-08-29","url":"https:\/\/dicodusport.fr\/blog\/author\/pierreg\/"}]}},"_links":{"self":[{"href":"https:\/\/dicodusport.fr\/blog\/wp-json\/wp\/v2\/posts\/352807","targetHints":{"allow":["GET"]}}],"collection":[{"href":"https:\/\/dicodusport.fr\/blog\/wp-json\/wp\/v2\/posts"}],"about":[{"href":"https:\/\/dicodusport.fr\/blog\/wp-json\/wp\/v2\/types\/post"}],"author":[{"embeddable":true,"href":"https:\/\/dicodusport.fr\/blog\/wp-json\/wp\/v2\/users\/61"}],"replies":[{"embeddable":true,"href":"https:\/\/dicodusport.fr\/blog\/wp-json\/wp\/v2\/comments?post=352807"}],"version-history":[{"count":0,"href":"https:\/\/dicodusport.fr\/blog\/wp-json\/wp\/v2\/posts\/352807\/revisions"}],"wp:featuredmedia":[{"embeddable":true,"href":"https:\/\/dicodusport.fr\/blog\/wp-json\/wp\/v2\/media\/352862"}],"wp:attachment":[{"href":"https:\/\/dicodusport.fr\/blog\/wp-json\/wp\/v2\/media?parent=352807"}],"wp:term":[{"taxonomy":"category","embeddable":true,"href":"https:\/\/dicodusport.fr\/blog\/wp-json\/wp\/v2\/categories?post=352807"},{"taxonomy":"post_tag","embeddable":true,"href":"https:\/\/dicodusport.fr\/blog\/wp-json\/wp\/v2\/tags?post=352807"}],"curies":[{"name":"wp","href":"https:\/\/api.w.org\/{rel}","templated":true}]}}