{"id":352918,"date":"2023-02-07T14:57:22","date_gmt":"2023-02-07T13:57:22","guid":{"rendered":"https:\/\/dicodusport.fr\/blog\/?p=352918&#038;preview=true&#038;preview_id=352918"},"modified":"2023-02-07T18:31:57","modified_gmt":"2023-02-07T17:31:57","slug":"mondiaux-ski-alpin-2023-alexis-pinturault-champion-du-monde-sur-le-combine","status":"publish","type":"post","link":"https:\/\/dicodusport.fr\/blog\/mondiaux-ski-alpin-2023-alexis-pinturault-champion-du-monde-sur-le-combine\/","title":{"rendered":"Mondiaux ski alpin 2023 : Alexis Pinturault champion du monde sur le combin\u00e9 !"},"content":{"rendered":"<p align=\"justify\"><em><strong><a href=\"https:\/\/dicodusport.fr\/blog\/actualites\/sports-dhiver\/ski\/championnats-du-monde-ski-alpin-2023\/\">CHAMPIONNATS DU MONDE DE SKI ALPIN 2023<\/a> &#8211; L&rsquo;or \u00e0 domicile. Comme il y a 4 ans en Su\u00e8de, Alexis Pinturault est sacr\u00e9 champion du monde du combin\u00e9. Le skieur de Courchevel devance d&rsquo;un rien les Autrichiens Marco Schwarz et Raphael Haaser.<\/strong><\/em><\/p>\n<p align=\"justify\">C&rsquo;est sa discipline de pr\u00e9dilection cette saison. Sur l&rsquo;\u00c9clipse, piste flambant neuve install\u00e9e proche du Lac du Praz, le local <strong>Alexis Pinturault<\/strong> a pris la t\u00eate du Super-G du combin\u00e9 des Mondiaux. Une manche avec des lignes tendues, \u00e0 la limite, mais sans jamais faire de fautes de trajectoire. On ne pouvait pas faire mieux aujourd&rsquo;hui. Ce sont deux Autrichiens qui suivent de pr\u00e8s. <strong>Marco Schwarz<\/strong>, de plus en plus \u00e0 son aise en vitesse, \u00e9choue \u00e0 6 petits centi\u00e8mes du Fran\u00e7ais. <strong>Raphael Haaser<\/strong>, fr\u00e8re de Ricarda, m\u00e9daill\u00e9e de bronze hier, r\u00e9alise une belle course en restant \u00e0 14 centi\u00e8mes. Les deux premiers sont donc les deux derniers champions du monde de la discipline.<\/p>\n<p style=\"text-align: justify;\">D&rsquo;autres favoris sont en embuscade. <strong>Atle Lie McGrath<\/strong> a couru son second Super-G en carri\u00e8re ce matin et se retrouve \u00e0 1.25 de Pinturault. Comme<strong> Wendy Holdener<\/strong> hier, <strong>Lo\u00efc Meillard<\/strong> est l\u00e9g\u00e8rement en retrait mais toujours dans le coup. 1.34 du leader provisoire pour celui qui est mont\u00e9 sur le podium dans trois disciplines cette saison. Il y avait deux autres tricolores au d\u00e9part. <strong>Nils All\u00e8gre<\/strong> a pris ses marques avant jeudi en restant \u00e0 moins de deux secondes de son compatriote. <strong>Blaise Giezendanner<\/strong> se situe \u00e0 2.38. Les deux hommes n&rsquo;ont pas pris le d\u00e9part du slalom. <strong>Cyprien Sarrazin<\/strong> s&rsquo;est bloqu\u00e9 le dos. Non-partant, il est incertain pour la suite des championnats du monde.<\/p>\n<div id=\"attachment_352936\" style=\"width: 810px\" class=\"wp-caption aligncenter\"><a href=\"https:\/\/dicodusport.fr\/blog\/wp-content\/uploads\/2023\/02\/Mondiaux-ski-alpin-2023-Alexis-Pinturault-champion-du-monde-sur-le-combine-.png\"><img loading=\"lazy\" decoding=\"async\" aria-describedby=\"caption-attachment-352936\" class=\"size-full wp-image-352936\" src=\"https:\/\/dicodusport.fr\/blog\/wp-content\/uploads\/2023\/02\/Mondiaux-ski-alpin-2023-Alexis-Pinturault-champion-du-monde-sur-le-combine-.png\" alt=\"Mondiaux ski alpin 2023 Alexis Pinturault champion du monde sur le combin\u00e9 !\" width=\"800\" height=\"445\" srcset=\"https:\/\/dicodusport.fr\/blog\/wp-content\/uploads\/2023\/02\/Mondiaux-ski-alpin-2023-Alexis-Pinturault-champion-du-monde-sur-le-combine-.png 800w, https:\/\/dicodusport.fr\/blog\/wp-content\/uploads\/2023\/02\/Mondiaux-ski-alpin-2023-Alexis-Pinturault-champion-du-monde-sur-le-combine--300x167.png 300w, https:\/\/dicodusport.fr\/blog\/wp-content\/uploads\/2023\/02\/Mondiaux-ski-alpin-2023-Alexis-Pinturault-champion-du-monde-sur-le-combine--768x427.png 768w\" sizes=\"auto, (max-width: 800px) 100vw, 800px\" \/><\/a><p id=\"caption-attachment-352936\" class=\"wp-caption-text\">Mondiaux ski alpin 2023 &#8211; Alexis Pinturault meilleur temps du Super-G sur le combin\u00e9 &#8211; Photo Icon Sport<\/p><\/div>\n<h2 style=\"text-align: justify;\">Un dixi\u00e8me suffit \u00e0 la joie de Pinturault<\/h2>\n<p style=\"text-align: justify;\">Le c\u0153ur d&rsquo;<strong>Alexis Pinturault<\/strong> a eu des palpitations juste apr\u00e8s son passage entre les piquets. Le natif de Mo\u00fbtiers s&rsquo;est assis sur le si\u00e8ge de leader et ne l&rsquo;a jamais quitt\u00e9. <strong>Marco Schwarz<\/strong> avait trois dixi\u00e8mes d&rsquo;avance au dernier interm\u00e9diaire mais a fait une grosse erreur sur une banane, en toute fin de trac\u00e9. Un dixi\u00e8me derri\u00e8re le Fran\u00e7ais. La France remercie le coach allemand d&rsquo;avoir plac\u00e9 cette banane \u00e0 4 portes de l&rsquo;arriv\u00e9e. <strong>Pinturault<\/strong> vient chercher son second titre mondial apr\u00e8s le combin\u00e9 \u00e0 \u00c5re en 2019. Une breloque, chez lui, alors que sa saison est moins bonne que les pr\u00e9c\u00e9dentes. Ses Mondiaux sont d\u00e9j\u00e0 r\u00e9ussis.<\/p>\n<blockquote class=\"twitter-tweet\">\n<p dir=\"ltr\" lang=\"fr\">\u26f7 <a href=\"https:\/\/twitter.com\/hashtag\/CourchevelM%C3%A9ribel2023?src=hash&amp;ref_src=twsrc%5Etfw\">#CourchevelM\u00e9ribel2023<\/a> | Apr\u00e8s un d\u00e9part assur\u00e9, Alexis Pinturault \ud83c\uddeb\ud83c\uddf7 se rel\u00e2che dans cette fin de slalom du combin\u00e9 et signe un bon temps pour toujours croire au titre de champion du monde !<\/p>\n<p>\ud83d\udd34 Suivez le direct \u25ba <a href=\"https:\/\/t.co\/dUF0wUNJiY\">https:\/\/t.co\/dUF0wUNJiY<\/a> <a href=\"https:\/\/t.co\/euQoVfeHnO\">pic.twitter.com\/euQoVfeHnO<\/a><\/p>\n<p>\u2014 francetvsport (@francetvsport) <a href=\"https:\/\/twitter.com\/francetvsport\/status\/1622952313290887169?ref_src=twsrc%5Etfw\">February 7, 2023<\/a><\/p><\/blockquote>\n<p><script async src=\"https:\/\/platform.twitter.com\/widgets.js\" charset=\"utf-8\"><\/script><\/p>\n<p style=\"text-align: justify;\">La belle histoire du jour, c&rsquo;est que <strong>Raphael Haaser<\/strong> a imit\u00e9 sa grande s\u0153ur. Auteur d&rsquo;une belle manche de slalom, l&rsquo;Autrichien prend \u00e9galement la m\u00e9daille de bronze comme Ricarda. 44 centi\u00e8mes derri\u00e8re <strong>Pinturault<\/strong>. Finalement, <strong>Meillard<\/strong> et <strong>McGrath<\/strong> n&rsquo;ont pas pes\u00e9 sur la seconde manche. Respectivement 6e et 5e, les deux hommes n&rsquo;ont pas repris beaucoup de temps au vainqueur du gros globe en 2021. C&rsquo;est le g\u00e9antiste <strong>River Radamus<\/strong> qui termine au pied du podium.<\/p>\n<blockquote class=\"twitter-tweet\">\n<p dir=\"ltr\" lang=\"fr\">\u26f7 <a href=\"https:\/\/twitter.com\/hashtag\/CourchevelM%C3%A9ribel2023?src=hash&amp;ref_src=twsrc%5Etfw\">#CourchevelM\u00e9ribel2023<\/a> | ALEXIS PINTURAULT FONCE VERS LE TITRE ! Dernier skieur \u00e0 pouvoir inqui\u00e9ter le Fran\u00e7ais, Lo\u00efc Meillard \ud83c\udde8\ud83c\udded \u00e9choue \u00e0 1\u00a0\u00bb20 : c&rsquo;est quasiment fait pour Alexis qui devrait d\u00e9crocher son 2\u00e8me sacre mondial !<\/p>\n<p>\ud83d\udd34 Suivez le direct \u25ba <a href=\"https:\/\/t.co\/dUF0wUNJiY\">https:\/\/t.co\/dUF0wUNJiY<\/a> <a href=\"https:\/\/t.co\/LOO9nkgsRf\">pic.twitter.com\/LOO9nkgsRf<\/a><\/p>\n<p>\u2014 francetvsport (@francetvsport) <a href=\"https:\/\/twitter.com\/francetvsport\/status\/1622955805384536066?ref_src=twsrc%5Etfw\">February 7, 2023<\/a><\/p><\/blockquote>\n<p><script async src=\"https:\/\/platform.twitter.com\/widgets.js\" charset=\"utf-8\"><\/script><\/p>\n<h2 style=\"text-align: justify;\"><strong>\u00c0 lire aussi<\/strong><\/h2>\n<ul>\n<li style=\"text-align: justify;\"><a href=\"https:\/\/dicodusport.fr\/blog\/mondiaux-ski-alpin-2023-classement-combine-alpin-hommes\/\"><strong>Classement du combin\u00e9 alpin hommes<\/strong><\/a><\/li>\n<li style=\"text-align: justify;\"><a href=\"https:\/\/dicodusport.fr\/blog\/tableau-des-medailles-championnats-du-monde-ski-alpin-2023\/\"><strong>Le tableau des m\u00e9dailles des Mondiaux de ski alpin<\/strong><\/a><\/li>\n<\/ul>\n","protected":false},"excerpt":{"rendered":"<p>CHAMPIONNATS DU MONDE DE SKI ALPIN 2023 &#8211; L&rsquo;or \u00e0 domicile. Comme il y a 4 ans en Su\u00e8de, Alexis Pinturault est sacr\u00e9 champion du monde du combin\u00e9. Le skieur de Courchevel devance d&rsquo;un rien les Autrichiens Marco Schwarz et Raphael Haaser.<\/p>\n","protected":false},"author":61,"featured_media":353002,"comment_status":"open","ping_status":"closed","sticky":false,"template":"","format":"standard","meta":{"_acf_changed":false,"_daextam_enable_autolinks":"","footnotes":""},"categories":[47083],"tags":[2806,24],"class_list":["post-352918","post","type-post","status-publish","format-standard","has-post-thumbnail","hentry","category-championnats-du-monde-ski-alpin","tag-alexis-pinturault","tag-sport"],"acf":[],"yoast_head":"<!-- This site is optimized with the Yoast SEO Premium plugin v26.7 (Yoast SEO v26.7) - https:\/\/yoast.com\/wordpress\/plugins\/seo\/ -->\n<title>Mondiaux ski alpin 2023 : Alexis Pinturault champion du monde sur le combin\u00e9 !<\/title>\n<meta name=\"description\" content=\"CHAMPIONNATS DU MONDE DE SKI ALPIN 2023 - Comme il y a 4 ans en Su\u00e8de, Alexis Pinturault est sacr\u00e9 champion du monde du combin\u00e9.\" \/>\n<meta name=\"robots\" content=\"index, follow, max-snippet:-1, max-image-preview:large, max-video-preview:-1\" \/>\n<link rel=\"canonical\" href=\"https:\/\/dicodusport.fr\/blog\/mondiaux-ski-alpin-2023-alexis-pinturault-champion-du-monde-sur-le-combine\/\" \/>\n<meta property=\"og:locale\" content=\"fr_FR\" \/>\n<meta property=\"og:type\" content=\"article\" \/>\n<meta property=\"og:title\" content=\"Mondiaux ski alpin 2023 : Alexis Pinturault champion du monde sur le combin\u00e9 !\" \/>\n<meta property=\"og:description\" content=\"CHAMPIONNATS DU MONDE DE SKI ALPIN 2023 - Comme il y a 4 ans en Su\u00e8de, Alexis Pinturault est sacr\u00e9 champion du monde du combin\u00e9.\" \/>\n<meta property=\"og:url\" content=\"https:\/\/dicodusport.fr\/blog\/mondiaux-ski-alpin-2023-alexis-pinturault-champion-du-monde-sur-le-combine\/\" \/>\n<meta property=\"og:site_name\" content=\"Dicodusport\" \/>\n<meta property=\"article:publisher\" content=\"https:\/\/www.facebook.com\/dicodusport\" \/>\n<meta property=\"article:published_time\" content=\"2023-02-07T13:57:22+00:00\" \/>\n<meta property=\"article:modified_time\" content=\"2023-02-07T17:31:57+00:00\" \/>\n<meta property=\"og:image\" content=\"https:\/\/dicodusport.fr\/blog\/wp-content\/uploads\/2023\/02\/Mondiaux-ski-alpin-2023-Alexis-Pinturault-champion-du-monde-sur-le-combine-2.png\" \/>\n\t<meta property=\"og:image:width\" content=\"800\" \/>\n\t<meta property=\"og:image:height\" content=\"445\" \/>\n\t<meta property=\"og:image:type\" content=\"image\/png\" \/>\n<meta name=\"author\" content=\"Pierre Gorce\" \/>\n<meta name=\"twitter:card\" content=\"summary_large_image\" \/>\n<meta name=\"twitter:title\" content=\"Mondiaux ski alpin 2023 : Alexis Pinturault champion du monde sur le combin\u00e9 !\" \/>\n<meta name=\"twitter:creator\" content=\"@https:\/\/twitter.com\/pierregorce12\" \/>\n<meta name=\"twitter:site\" content=\"@dicodusport\" \/>\n<script type=\"application\/ld+json\" class=\"yoast-schema-graph\">{\"@context\":\"https:\/\/schema.org\",\"@graph\":[{\"@type\":\"NewsArticle\",\"@id\":\"https:\/\/dicodusport.fr\/blog\/mondiaux-ski-alpin-2023-alexis-pinturault-champion-du-monde-sur-le-combine\/#article\",\"isPartOf\":{\"@id\":\"https:\/\/dicodusport.fr\/blog\/mondiaux-ski-alpin-2023-alexis-pinturault-champion-du-monde-sur-le-combine\/\"},\"author\":{\"name\":\"Pierre Gorce\",\"@id\":\"https:\/\/dicodusport.fr\/blog\/#\/schema\/person\/0eaf70b33d703a1a66b1155ac1bda018\"},\"headline\":\"Mondiaux ski alpin 2023 : Alexis Pinturault champion du monde sur le combin\u00e9 !\",\"datePublished\":\"2023-02-07T13:57:22+00:00\",\"dateModified\":\"2023-02-07T17:31:57+00:00\",\"mainEntityOfPage\":{\"@id\":\"https:\/\/dicodusport.fr\/blog\/mondiaux-ski-alpin-2023-alexis-pinturault-champion-du-monde-sur-le-combine\/\"},\"wordCount\":650,\"commentCount\":0,\"publisher\":{\"@id\":\"https:\/\/dicodusport.fr\/blog\/#organization\"},\"image\":{\"@id\":\"https:\/\/dicodusport.fr\/blog\/mondiaux-ski-alpin-2023-alexis-pinturault-champion-du-monde-sur-le-combine\/#primaryimage\"},\"thumbnailUrl\":\"https:\/\/dicodusport.fr\/blog\/wp-content\/uploads\/2023\/02\/Mondiaux-ski-alpin-2023-Alexis-Pinturault-champion-du-monde-sur-le-combine-2.png\",\"keywords\":[\"Alexis Pinturault\",\"sport\"],\"articleSection\":[\"Championnats du monde de ski alpin\"],\"inLanguage\":\"fr-FR\",\"potentialAction\":[{\"@type\":\"CommentAction\",\"name\":\"Comment\",\"target\":[\"https:\/\/dicodusport.fr\/blog\/mondiaux-ski-alpin-2023-alexis-pinturault-champion-du-monde-sur-le-combine\/#respond\"]}],\"copyrightYear\":\"2023\",\"copyrightHolder\":{\"@id\":\"https:\/\/dicodusport.fr\/blog\/#organization\"}},{\"@type\":\"WebPage\",\"@id\":\"https:\/\/dicodusport.fr\/blog\/mondiaux-ski-alpin-2023-alexis-pinturault-champion-du-monde-sur-le-combine\/\",\"url\":\"https:\/\/dicodusport.fr\/blog\/mondiaux-ski-alpin-2023-alexis-pinturault-champion-du-monde-sur-le-combine\/\",\"name\":\"Mondiaux ski alpin 2023 : Alexis Pinturault champion du monde sur le combin\u00e9 !\",\"isPartOf\":{\"@id\":\"https:\/\/dicodusport.fr\/blog\/#website\"},\"primaryImageOfPage\":{\"@id\":\"https:\/\/dicodusport.fr\/blog\/mondiaux-ski-alpin-2023-alexis-pinturault-champion-du-monde-sur-le-combine\/#primaryimage\"},\"image\":{\"@id\":\"https:\/\/dicodusport.fr\/blog\/mondiaux-ski-alpin-2023-alexis-pinturault-champion-du-monde-sur-le-combine\/#primaryimage\"},\"thumbnailUrl\":\"https:\/\/dicodusport.fr\/blog\/wp-content\/uploads\/2023\/02\/Mondiaux-ski-alpin-2023-Alexis-Pinturault-champion-du-monde-sur-le-combine-2.png\",\"datePublished\":\"2023-02-07T13:57:22+00:00\",\"dateModified\":\"2023-02-07T17:31:57+00:00\",\"description\":\"CHAMPIONNATS DU MONDE DE SKI ALPIN 2023 - Comme il y a 4 ans en Su\u00e8de, Alexis Pinturault est sacr\u00e9 champion du monde du combin\u00e9.\",\"breadcrumb\":{\"@id\":\"https:\/\/dicodusport.fr\/blog\/mondiaux-ski-alpin-2023-alexis-pinturault-champion-du-monde-sur-le-combine\/#breadcrumb\"},\"inLanguage\":\"fr-FR\",\"potentialAction\":[{\"@type\":\"ReadAction\",\"target\":[\"https:\/\/dicodusport.fr\/blog\/mondiaux-ski-alpin-2023-alexis-pinturault-champion-du-monde-sur-le-combine\/\"]}]},{\"@type\":\"ImageObject\",\"inLanguage\":\"fr-FR\",\"@id\":\"https:\/\/dicodusport.fr\/blog\/mondiaux-ski-alpin-2023-alexis-pinturault-champion-du-monde-sur-le-combine\/#primaryimage\",\"url\":\"https:\/\/dicodusport.fr\/blog\/wp-content\/uploads\/2023\/02\/Mondiaux-ski-alpin-2023-Alexis-Pinturault-champion-du-monde-sur-le-combine-2.png\",\"contentUrl\":\"https:\/\/dicodusport.fr\/blog\/wp-content\/uploads\/2023\/02\/Mondiaux-ski-alpin-2023-Alexis-Pinturault-champion-du-monde-sur-le-combine-2.png\",\"width\":800,\"height\":445,\"caption\":\"Mondiaux ski alpin 2023 Alexis Pinturault champion du monde sur le combin\u00e9 ! (2)\"},{\"@type\":\"BreadcrumbList\",\"@id\":\"https:\/\/dicodusport.fr\/blog\/mondiaux-ski-alpin-2023-alexis-pinturault-champion-du-monde-sur-le-combine\/#breadcrumb\",\"itemListElement\":[{\"@type\":\"ListItem\",\"position\":1,\"name\":\"Accueil\",\"item\":\"https:\/\/dicodusport.fr\/blog\/\"},{\"@type\":\"ListItem\",\"position\":2,\"name\":\"Mondiaux ski alpin 2023 : Alexis Pinturault champion du monde sur le combin\u00e9 !\"}]},{\"@type\":\"WebSite\",\"@id\":\"https:\/\/dicodusport.fr\/blog\/#website\",\"url\":\"https:\/\/dicodusport.fr\/blog\/\",\"name\":\"Dicodusport\",\"description\":\"L&#039;encyclop\u00e9die de l&#039;actualit\u00e9 sportive\",\"publisher\":{\"@id\":\"https:\/\/dicodusport.fr\/blog\/#organization\"},\"potentialAction\":[{\"@type\":\"SearchAction\",\"target\":{\"@type\":\"EntryPoint\",\"urlTemplate\":\"https:\/\/dicodusport.fr\/blog\/?s={search_term_string}\"},\"query-input\":{\"@type\":\"PropertyValueSpecification\",\"valueRequired\":true,\"valueName\":\"search_term_string\"}}],\"inLanguage\":\"fr-FR\"},{\"@type\":\"NewsMediaOrganization\",\"@id\":\"https:\/\/dicodusport.fr\/blog\/#organization\",\"name\":\"Dicodusport\",\"url\":\"https:\/\/dicodusport.fr\/blog\/\",\"logo\":{\"@type\":\"ImageObject\",\"inLanguage\":\"fr-FR\",\"@id\":\"https:\/\/dicodusport.fr\/blog\/#\/schema\/logo\/image\/\",\"url\":\"https:\/\/dicodusport.fr\/blog\/wp-content\/uploads\/2020\/06\/cropped-LOGO-DICODUSPORT-2020-SANS-FOND-SANS-TEXTE.png\",\"contentUrl\":\"https:\/\/dicodusport.fr\/blog\/wp-content\/uploads\/2020\/06\/cropped-LOGO-DICODUSPORT-2020-SANS-FOND-SANS-TEXTE.png\",\"width\":512,\"height\":512,\"caption\":\"Dicodusport\"},\"image\":{\"@id\":\"https:\/\/dicodusport.fr\/blog\/#\/schema\/logo\/image\/\"},\"sameAs\":[\"https:\/\/www.facebook.com\/dicodusport\",\"https:\/\/x.com\/dicodusport\",\"https:\/\/www.instagram.com\/dicodusport\/\",\"https:\/\/www.youtube.com\/channel\/UC7V2KZ5sd3htJivAbA4ZG3w\"],\"description\":\"Dicodusport est l'encyclop\u00e9die de l'actualit\u00e9 sportive.\",\"email\":\"bonjour@dicodusport.fr\",\"legalName\":\"DICODUSPORT\",\"foundingDate\":\"2018-01-14\",\"vatID\":\"FR71834470973\",\"taxID\":\"83447097300043\",\"numberOfEmployees\":{\"@type\":\"QuantitativeValue\",\"minValue\":\"1\",\"maxValue\":\"10\"}},{\"@type\":\"Person\",\"@id\":\"https:\/\/dicodusport.fr\/blog\/#\/schema\/person\/0eaf70b33d703a1a66b1155ac1bda018\",\"name\":\"Pierre Gorce\",\"image\":{\"@type\":\"ImageObject\",\"inLanguage\":\"fr-FR\",\"@id\":\"https:\/\/dicodusport.fr\/blog\/#\/schema\/person\/image\/\",\"url\":\"https:\/\/dicodusport.fr\/blog\/wp-content\/uploads\/2022\/03\/IMG_20211214_233053_722-150x150.jpg\",\"contentUrl\":\"https:\/\/dicodusport.fr\/blog\/wp-content\/uploads\/2022\/03\/IMG_20211214_233053_722-150x150.jpg\",\"caption\":\"Pierre Gorce\"},\"description\":\"Couteau suisse venant tout droit de Haute-Savoie. Habitu\u00e9 \u00e0 regarder du sport depuis petit, j'en ai maintenant fait mon m\u00e9tier. Des sports d'hiver au surf, en passant par le tennis, la F1, le handball et l'athl\u00e9tisme, j'essaie d'avoir mes yeux sur l'enti\u00e8ret\u00e9 de l'actualit\u00e9. Jeune homme berc\u00e9 par les exploits de Jean-Baptiste Grange, Sebastian Vettel et des Experts. Membre de la g\u00e9n\u00e9ration 1999 comme Luka Doncic, Sydney McLaughlin, Lando Norris et Loana Lecomte, mais avec beaucoup moins de talent qu'eux.\",\"sameAs\":[\"https:\/\/x.com\/https:\/\/twitter.com\/pierregorce12\"],\"birthDate\":\"1999-08-29\",\"url\":\"https:\/\/dicodusport.fr\/blog\/author\/pierreg\/\"}]}<\/script>\n<!-- \/ Yoast SEO Premium plugin. -->","yoast_head_json":{"title":"Mondiaux ski alpin 2023 : Alexis Pinturault champion du monde sur le combin\u00e9 !","description":"CHAMPIONNATS DU MONDE DE SKI ALPIN 2023 - Comme il y a 4 ans en Su\u00e8de, Alexis Pinturault est sacr\u00e9 champion du monde du combin\u00e9.","robots":{"index":"index","follow":"follow","max-snippet":"max-snippet:-1","max-image-preview":"max-image-preview:large","max-video-preview":"max-video-preview:-1"},"canonical":"https:\/\/dicodusport.fr\/blog\/mondiaux-ski-alpin-2023-alexis-pinturault-champion-du-monde-sur-le-combine\/","og_locale":"fr_FR","og_type":"article","og_title":"Mondiaux ski alpin 2023 : Alexis Pinturault champion du monde sur le combin\u00e9 !","og_description":"CHAMPIONNATS DU MONDE DE SKI ALPIN 2023 - Comme il y a 4 ans en Su\u00e8de, Alexis Pinturault est sacr\u00e9 champion du monde du combin\u00e9.","og_url":"https:\/\/dicodusport.fr\/blog\/mondiaux-ski-alpin-2023-alexis-pinturault-champion-du-monde-sur-le-combine\/","og_site_name":"Dicodusport","article_publisher":"https:\/\/www.facebook.com\/dicodusport","article_published_time":"2023-02-07T13:57:22+00:00","article_modified_time":"2023-02-07T17:31:57+00:00","og_image":[{"width":800,"height":445,"url":"https:\/\/dicodusport.fr\/blog\/wp-content\/uploads\/2023\/02\/Mondiaux-ski-alpin-2023-Alexis-Pinturault-champion-du-monde-sur-le-combine-2.png","type":"image\/png"}],"author":"Pierre Gorce","twitter_card":"summary_large_image","twitter_title":"Mondiaux ski alpin 2023 : Alexis Pinturault champion du monde sur le combin\u00e9 !","twitter_creator":"@https:\/\/twitter.com\/pierregorce12","twitter_site":"@dicodusport","schema":{"@context":"https:\/\/schema.org","@graph":[{"@type":"NewsArticle","@id":"https:\/\/dicodusport.fr\/blog\/mondiaux-ski-alpin-2023-alexis-pinturault-champion-du-monde-sur-le-combine\/#article","isPartOf":{"@id":"https:\/\/dicodusport.fr\/blog\/mondiaux-ski-alpin-2023-alexis-pinturault-champion-du-monde-sur-le-combine\/"},"author":{"name":"Pierre Gorce","@id":"https:\/\/dicodusport.fr\/blog\/#\/schema\/person\/0eaf70b33d703a1a66b1155ac1bda018"},"headline":"Mondiaux ski alpin 2023 : Alexis Pinturault champion du monde sur le combin\u00e9 !","datePublished":"2023-02-07T13:57:22+00:00","dateModified":"2023-02-07T17:31:57+00:00","mainEntityOfPage":{"@id":"https:\/\/dicodusport.fr\/blog\/mondiaux-ski-alpin-2023-alexis-pinturault-champion-du-monde-sur-le-combine\/"},"wordCount":650,"commentCount":0,"publisher":{"@id":"https:\/\/dicodusport.fr\/blog\/#organization"},"image":{"@id":"https:\/\/dicodusport.fr\/blog\/mondiaux-ski-alpin-2023-alexis-pinturault-champion-du-monde-sur-le-combine\/#primaryimage"},"thumbnailUrl":"https:\/\/dicodusport.fr\/blog\/wp-content\/uploads\/2023\/02\/Mondiaux-ski-alpin-2023-Alexis-Pinturault-champion-du-monde-sur-le-combine-2.png","keywords":["Alexis Pinturault","sport"],"articleSection":["Championnats du monde de ski alpin"],"inLanguage":"fr-FR","potentialAction":[{"@type":"CommentAction","name":"Comment","target":["https:\/\/dicodusport.fr\/blog\/mondiaux-ski-alpin-2023-alexis-pinturault-champion-du-monde-sur-le-combine\/#respond"]}],"copyrightYear":"2023","copyrightHolder":{"@id":"https:\/\/dicodusport.fr\/blog\/#organization"}},{"@type":"WebPage","@id":"https:\/\/dicodusport.fr\/blog\/mondiaux-ski-alpin-2023-alexis-pinturault-champion-du-monde-sur-le-combine\/","url":"https:\/\/dicodusport.fr\/blog\/mondiaux-ski-alpin-2023-alexis-pinturault-champion-du-monde-sur-le-combine\/","name":"Mondiaux ski alpin 2023 : Alexis Pinturault champion du monde sur le combin\u00e9 !","isPartOf":{"@id":"https:\/\/dicodusport.fr\/blog\/#website"},"primaryImageOfPage":{"@id":"https:\/\/dicodusport.fr\/blog\/mondiaux-ski-alpin-2023-alexis-pinturault-champion-du-monde-sur-le-combine\/#primaryimage"},"image":{"@id":"https:\/\/dicodusport.fr\/blog\/mondiaux-ski-alpin-2023-alexis-pinturault-champion-du-monde-sur-le-combine\/#primaryimage"},"thumbnailUrl":"https:\/\/dicodusport.fr\/blog\/wp-content\/uploads\/2023\/02\/Mondiaux-ski-alpin-2023-Alexis-Pinturault-champion-du-monde-sur-le-combine-2.png","datePublished":"2023-02-07T13:57:22+00:00","dateModified":"2023-02-07T17:31:57+00:00","description":"CHAMPIONNATS DU MONDE DE SKI ALPIN 2023 - Comme il y a 4 ans en Su\u00e8de, Alexis Pinturault est sacr\u00e9 champion du monde du combin\u00e9.","breadcrumb":{"@id":"https:\/\/dicodusport.fr\/blog\/mondiaux-ski-alpin-2023-alexis-pinturault-champion-du-monde-sur-le-combine\/#breadcrumb"},"inLanguage":"fr-FR","potentialAction":[{"@type":"ReadAction","target":["https:\/\/dicodusport.fr\/blog\/mondiaux-ski-alpin-2023-alexis-pinturault-champion-du-monde-sur-le-combine\/"]}]},{"@type":"ImageObject","inLanguage":"fr-FR","@id":"https:\/\/dicodusport.fr\/blog\/mondiaux-ski-alpin-2023-alexis-pinturault-champion-du-monde-sur-le-combine\/#primaryimage","url":"https:\/\/dicodusport.fr\/blog\/wp-content\/uploads\/2023\/02\/Mondiaux-ski-alpin-2023-Alexis-Pinturault-champion-du-monde-sur-le-combine-2.png","contentUrl":"https:\/\/dicodusport.fr\/blog\/wp-content\/uploads\/2023\/02\/Mondiaux-ski-alpin-2023-Alexis-Pinturault-champion-du-monde-sur-le-combine-2.png","width":800,"height":445,"caption":"Mondiaux ski alpin 2023 Alexis Pinturault champion du monde sur le combin\u00e9 ! (2)"},{"@type":"BreadcrumbList","@id":"https:\/\/dicodusport.fr\/blog\/mondiaux-ski-alpin-2023-alexis-pinturault-champion-du-monde-sur-le-combine\/#breadcrumb","itemListElement":[{"@type":"ListItem","position":1,"name":"Accueil","item":"https:\/\/dicodusport.fr\/blog\/"},{"@type":"ListItem","position":2,"name":"Mondiaux ski alpin 2023 : Alexis Pinturault champion du monde sur le combin\u00e9 !"}]},{"@type":"WebSite","@id":"https:\/\/dicodusport.fr\/blog\/#website","url":"https:\/\/dicodusport.fr\/blog\/","name":"Dicodusport","description":"L&#039;encyclop\u00e9die de l&#039;actualit\u00e9 sportive","publisher":{"@id":"https:\/\/dicodusport.fr\/blog\/#organization"},"potentialAction":[{"@type":"SearchAction","target":{"@type":"EntryPoint","urlTemplate":"https:\/\/dicodusport.fr\/blog\/?s={search_term_string}"},"query-input":{"@type":"PropertyValueSpecification","valueRequired":true,"valueName":"search_term_string"}}],"inLanguage":"fr-FR"},{"@type":"NewsMediaOrganization","@id":"https:\/\/dicodusport.fr\/blog\/#organization","name":"Dicodusport","url":"https:\/\/dicodusport.fr\/blog\/","logo":{"@type":"ImageObject","inLanguage":"fr-FR","@id":"https:\/\/dicodusport.fr\/blog\/#\/schema\/logo\/image\/","url":"https:\/\/dicodusport.fr\/blog\/wp-content\/uploads\/2020\/06\/cropped-LOGO-DICODUSPORT-2020-SANS-FOND-SANS-TEXTE.png","contentUrl":"https:\/\/dicodusport.fr\/blog\/wp-content\/uploads\/2020\/06\/cropped-LOGO-DICODUSPORT-2020-SANS-FOND-SANS-TEXTE.png","width":512,"height":512,"caption":"Dicodusport"},"image":{"@id":"https:\/\/dicodusport.fr\/blog\/#\/schema\/logo\/image\/"},"sameAs":["https:\/\/www.facebook.com\/dicodusport","https:\/\/x.com\/dicodusport","https:\/\/www.instagram.com\/dicodusport\/","https:\/\/www.youtube.com\/channel\/UC7V2KZ5sd3htJivAbA4ZG3w"],"description":"Dicodusport est l'encyclop\u00e9die de l'actualit\u00e9 sportive.","email":"bonjour@dicodusport.fr","legalName":"DICODUSPORT","foundingDate":"2018-01-14","vatID":"FR71834470973","taxID":"83447097300043","numberOfEmployees":{"@type":"QuantitativeValue","minValue":"1","maxValue":"10"}},{"@type":"Person","@id":"https:\/\/dicodusport.fr\/blog\/#\/schema\/person\/0eaf70b33d703a1a66b1155ac1bda018","name":"Pierre Gorce","image":{"@type":"ImageObject","inLanguage":"fr-FR","@id":"https:\/\/dicodusport.fr\/blog\/#\/schema\/person\/image\/","url":"https:\/\/dicodusport.fr\/blog\/wp-content\/uploads\/2022\/03\/IMG_20211214_233053_722-150x150.jpg","contentUrl":"https:\/\/dicodusport.fr\/blog\/wp-content\/uploads\/2022\/03\/IMG_20211214_233053_722-150x150.jpg","caption":"Pierre Gorce"},"description":"Couteau suisse venant tout droit de Haute-Savoie. Habitu\u00e9 \u00e0 regarder du sport depuis petit, j'en ai maintenant fait mon m\u00e9tier. Des sports d'hiver au surf, en passant par le tennis, la F1, le handball et l'athl\u00e9tisme, j'essaie d'avoir mes yeux sur l'enti\u00e8ret\u00e9 de l'actualit\u00e9. Jeune homme berc\u00e9 par les exploits de Jean-Baptiste Grange, Sebastian Vettel et des Experts. Membre de la g\u00e9n\u00e9ration 1999 comme Luka Doncic, Sydney McLaughlin, Lando Norris et Loana Lecomte, mais avec beaucoup moins de talent qu'eux.","sameAs":["https:\/\/x.com\/https:\/\/twitter.com\/pierregorce12"],"birthDate":"1999-08-29","url":"https:\/\/dicodusport.fr\/blog\/author\/pierreg\/"}]}},"_links":{"self":[{"href":"https:\/\/dicodusport.fr\/blog\/wp-json\/wp\/v2\/posts\/352918","targetHints":{"allow":["GET"]}}],"collection":[{"href":"https:\/\/dicodusport.fr\/blog\/wp-json\/wp\/v2\/posts"}],"about":[{"href":"https:\/\/dicodusport.fr\/blog\/wp-json\/wp\/v2\/types\/post"}],"author":[{"embeddable":true,"href":"https:\/\/dicodusport.fr\/blog\/wp-json\/wp\/v2\/users\/61"}],"replies":[{"embeddable":true,"href":"https:\/\/dicodusport.fr\/blog\/wp-json\/wp\/v2\/comments?post=352918"}],"version-history":[{"count":0,"href":"https:\/\/dicodusport.fr\/blog\/wp-json\/wp\/v2\/posts\/352918\/revisions"}],"wp:featuredmedia":[{"embeddable":true,"href":"https:\/\/dicodusport.fr\/blog\/wp-json\/wp\/v2\/media\/353002"}],"wp:attachment":[{"href":"https:\/\/dicodusport.fr\/blog\/wp-json\/wp\/v2\/media?parent=352918"}],"wp:term":[{"taxonomy":"category","embeddable":true,"href":"https:\/\/dicodusport.fr\/blog\/wp-json\/wp\/v2\/categories?post=352918"},{"taxonomy":"post_tag","embeddable":true,"href":"https:\/\/dicodusport.fr\/blog\/wp-json\/wp\/v2\/tags?post=352918"}],"curies":[{"name":"wp","href":"https:\/\/api.w.org\/{rel}","templated":true}]}}