{"id":35320,"date":"2019-03-14T22:56:44","date_gmt":"2019-03-14T21:56:44","guid":{"rendered":"http:\/\/dicodusport.fr\/blog\/?p=35320"},"modified":"2019-03-15T13:16:49","modified_gmt":"2019-03-15T12:16:49","slug":"arsenal-rennes-les-notes-des-bretons","status":"publish","type":"post","link":"https:\/\/dicodusport.fr\/blog\/arsenal-rennes-les-notes-des-bretons\/","title":{"rendered":"Arsenal &#8211; Rennes : les notes des Bretons"},"content":{"rendered":"<p style=\"text-align: justify;\"><em><strong>Tr\u00e8s vite men\u00e9 au score, Rennes est \u00e9limin\u00e9 de la Ligue Europa apr\u00e8s sa d\u00e9faite face\u00a0\u00e0 Arsenal (3-0). Apr\u00e8s leur victoire \u00e0 l&rsquo;aller (3-1), les Rennais pourront nourrir de gros regrets. Les notes des Bretons.<\/strong><\/em><\/p>\n<p style=\"text-align: justify;\"><strong><em>Tomas Koubek &#8211; 3 : <\/em><\/strong>Le gardien tch\u00e8que a \u00e9t\u00e9 auteur d&rsquo;une sortie hasardeuse avant l&rsquo;ouverture du score des Gunners (4&prime;), puis d&rsquo;une autre juste apr\u00e8s la pause. Trois buts encaiss\u00e9s et sur le dernier, il se montre h\u00e9sitant sur sa ligne. Soir\u00e9e compliqu\u00e9e pour le portier rennais.<\/p>\n<p style=\"text-align: justify;\"><strong><em>Hamadi Traor\u00e9 &#8211; 3,5 :\u00a0<\/em><\/strong>Effac\u00e9 trop facilement au d\u00e9part de l&rsquo;action du deuxi\u00e8me but londonien (15&prime;), l&rsquo;arri\u00e8re droit breton s&rsquo;est montr\u00e9 f\u00e9brile dans son couloir. S&rsquo;il a tent\u00e9 d&rsquo;amener un peu de mordant au retour des vestiaires, il a ensuite coul\u00e9, totalement d\u00e9pass\u00e9 dans son dos par Mkhitaryan sur le troisi\u00e8me but des Gunners.<\/p>\n<p style=\"text-align: justify;\"><strong><em>Damien Da Silva &#8211; 3,5 : <\/em><\/strong>Le d\u00e9fenseur central breton l\u00e2che le marquage sur Aubameyang sur l&rsquo;ouverture du score de ce dernier (5&prime;). Souvent pris de vitesse par le duo Lacazette-Aubemeyang. Un r\u00e9veil trop timide en d\u00e9but de deuxi\u00e8me p\u00e9riode avant d&rsquo;\u00eatre de nouveau d\u00e9pass\u00e9 sur le deuxi\u00e8me but d&rsquo;Aubameyang.<\/p>\n<p style=\"text-align: justify;\"><strong><em>Mexer &#8211; 3 :\u00a0<\/em><\/strong>M\u00eame constat que pour Da Silva. Le d\u00e9fenseur br\u00e9silien, de par sa passivit\u00e9, a permis aux attaquants londoniens de se trouver assez facilement. Un match \u00e0 vite oublier.<\/p>\n<p style=\"text-align: justify;\"><strong><em>Ramy Bensebaini &#8211; 2,5 : <\/em><\/strong>Un calvaire pour l&rsquo;arri\u00e8re gauche rennais. Beaucoup trop passif face \u00e0 Maitland-Niles sur l&rsquo;ouverture du score des locaux (5&prime;), il n&rsquo;est pas exempt de tout reproche non plus sur le but de ce dernier (15&prime;), en \u00e9tant absent au marquage. Pas mieux apr\u00e8s la pause, toujours mis en difficult\u00e9 dans son couloir.<\/p>\n<p style=\"text-align: center;\"><a href=\"http:\/\/dicodusport.fr\/blog\/arsenal-rennes-les-notes-des-bretons\/2\/#attaquants\" class=\"su-button su-button-style-flat\" style=\"color:#FFFFFF;background-color:#005f9b;border-color:#004c7c;border-radius:4px\" target=\"_self\"><span style=\"color:#FFFFFF;padding:0px 26px;font-size:20px;line-height:40px;border-color:#4d8fb9;border-radius:4px;text-shadow:none\"> Les notes des milieux et attaquants<\/span><\/a>\n<p><!--nextpage--><\/p>\n<p style=\"text-align: justify;\"><strong><em><a id=\"attaquants\"><\/a>Benjamin Andr\u00e9 &#8211; 4,5 :\u00a0<\/em><\/strong>L&rsquo;un des Rennais les plus combatifs sur la pelouse de l&rsquo;Emirates ce soir. Mais cela n&rsquo;a pas suffi pour peser dans l&rsquo;entre-jeu. Souvent pris \u00e0 revers par\u00a0\u00d6zil et Ramsey. De l&rsquo;envie, et c&rsquo;est \u00e0 peu pr\u00e8s tout. Remplac\u00e9 par <strong>James L\u00e9a-Siliki<\/strong> (78&prime;).<\/p>\n<p style=\"text-align: justify;\"><strong><em>Cl\u00e9ment Grenier &#8211; 3 : <\/em><\/strong>L&rsquo;ancien Lyonnais a perdu beaucoup de duels et de ballons. Trop vite d\u00e9pass\u00e9 par la vitesse londonienne, il n&rsquo;a pas \u00e9t\u00e9 au niveau ce soir, alors qu&rsquo;il faisait figure de joueur exp\u00e9riment\u00e9 dans ce genre de rencontre. Remplac\u00e9 par <strong>Adrien Hunou<\/strong> (70&prime;).<strong><em><br \/>\n<\/em><\/strong><\/p>\n<p style=\"text-align: justify;\"><strong><em>Isma\u00efla Sarr &#8211; 4 :\u00a0<\/em><\/strong>Plut\u00f4t combatif en d\u00e9but de rencontre, il a ensuite manqu\u00e9 d&rsquo;agressivit\u00e9 sur son c\u00f4t\u00e9 droit. Maladroit sur ses prises de balle, notamment en contre (40&prime;, 59&prime;) et dans la surface londonienne (61&prime;). L&rsquo;un des grands bonhommes du match aller n&rsquo;a pas confirm\u00e9, comme l&rsquo;ensemble de ses co\u00e9quipiers.<\/p>\n<p style=\"text-align: justify;\"><strong><em>Hatem Ben Arfa &#8211; 5 :\u00a0<\/em><\/strong>Transparent durant la premi\u00e8re demi-heure du match, le meneur de jeu des Rouge &amp; Noir a ensuite touch\u00e9 un peu plus le ballon. Souvent trop impr\u00e9cis dans un premier temps, avant de mettre le feu durant les 10 derni\u00e8res minutes dans la d\u00e9fense londonienne, en vain. On ne peut pas dire qu&rsquo;il n&rsquo;a pas mis de la bonne volont\u00e9.<\/p>\n<p style=\"text-align: justify;\"><strong><em>Benjamin Bourigeaud &#8211; 3,5 :\u00a0<\/em><\/strong>D\u00e9cevant sur son c\u00f4t\u00e9 gauche, Benjamin Bourigeaud n&rsquo;a pas pes\u00e9 sur la rencontre. Son premier centre int\u00e9ressant intervient \u00e0 la 66\u00e8me minute de jeu, c&rsquo;est dire. Il est sans doute encore trop tendre pour une rencontre de ce genre.<\/p>\n<p style=\"text-align: justify;\"><strong><em>M&rsquo;Baye Niang &#8211; 4 : <\/em><\/strong>L&rsquo;international s\u00e9n\u00e9galais a beaucoup couru et demand\u00e9 le ballon. Malheureux sur sa frappe sur le poteau (47&prime;). On pourra lui reprocher sa nonchalance sur certaines actions, dommageable \u00e0 ce niveau.<strong><em><br \/>\n<\/em><\/strong><\/p>\n<p style=\"text-align: center;\"><a href=\"http:\/\/dicodusport.fr\/blog\/arsenal-rennes-les-notes-des-bretons\/\" class=\"su-button su-button-style-flat\" style=\"color:#FFFFFF;background-color:#005f9b;border-color:#004c7c;border-radius:4px\" target=\"_self\"><span style=\"color:#FFFFFF;padding:0px 26px;font-size:20px;line-height:40px;border-color:#4d8fb9;border-radius:4px;text-shadow:none\"> Revenir au d\u00e9but<\/span><\/a>\n<p><strong><em>Flo Ostermann<br \/>\n<a href=\"https:\/\/www.facebook.com\/florent.ostermann\"><img loading=\"lazy\" decoding=\"async\" class=\"alignnone wp-image-2909\" src=\"http:\/\/dicodusport.fr\/blog\/wp-content\/uploads\/2017\/07\/logo-facebook-150x150.png\" sizes=\"auto, (max-width: 40px) 100vw, 40px\" srcset=\"https:\/\/dicodusport.fr\/blog\/wp-content\/uploads\/2017\/07\/logo-facebook-150x150.png 150w, https:\/\/dicodusport.fr\/blog\/wp-content\/uploads\/2017\/07\/logo-facebook-300x300.png 300w, https:\/\/dicodusport.fr\/blog\/wp-content\/uploads\/2017\/07\/logo-facebook.png 400w\" alt=\"\" width=\"40\" height=\"40\" \/><\/a><a href=\"https:\/\/twitter.com\/SportInsideMag\"><img loading=\"lazy\" decoding=\"async\" class=\"alignnone wp-image-2908\" src=\"http:\/\/dicodusport.fr\/blog\/wp-content\/uploads\/2017\/07\/logo-twitter-150x150.png\" alt=\"\" width=\"39\" height=\"39\" \/><\/a><\/em><\/strong><\/p>\n","protected":false},"excerpt":{"rendered":"<p>Tr\u00e8s vite men\u00e9 au score, Rennes est \u00e9limin\u00e9 de la Ligue Europa apr\u00e8s sa d\u00e9faite face \u00e0 Arsenal (3-0). Les notes des Bretons.<\/p>\n","protected":false},"author":4,"featured_media":35322,"comment_status":"open","ping_status":"closed","sticky":false,"template":"","format":"standard","meta":{"_acf_changed":false,"_daextam_enable_autolinks":"","footnotes":""},"categories":[2,2301],"tags":[3434,75,4437,1840],"class_list":["post-35320","post","type-post","status-publish","format-standard","has-post-thumbnail","hentry","category-actualites","category-football","tag-arsenal","tag-football","tag-ligue-europa","tag-rennes"],"acf":[],"yoast_head":"<!-- This site is optimized with the Yoast SEO Premium plugin v26.7 (Yoast SEO v26.7) - https:\/\/yoast.com\/wordpress\/plugins\/seo\/ -->\n<title>Arsenal - Rennes : les notes des Bretons<\/title>\n<meta name=\"description\" content=\"Football - Tr\u00e8s vite men\u00e9 au score, Rennes est \u00e9limin\u00e9 de la Ligue Europa apr\u00e8s sa d\u00e9faite face \u00e0 Arsenal (3-0). Les notes des Bretons.\" \/>\n<meta name=\"robots\" content=\"index, follow, max-snippet:-1, max-image-preview:large, max-video-preview:-1\" \/>\n<link rel=\"canonical\" href=\"https:\/\/dicodusport.fr\/blog\/arsenal-rennes-les-notes-des-bretons\/\" \/>\n<link rel=\"next\" href=\"https:\/\/dicodusport.fr\/blog\/arsenal-rennes-les-notes-des-bretons\/2\/\" \/>\n<meta property=\"og:locale\" content=\"fr_FR\" \/>\n<meta property=\"og:type\" content=\"article\" \/>\n<meta property=\"og:title\" content=\"Arsenal - Rennes : les notes des Bretons\" \/>\n<meta property=\"og:description\" content=\"Football - Tr\u00e8s vite men\u00e9 au score, Rennes est \u00e9limin\u00e9 de la Ligue Europa apr\u00e8s sa d\u00e9faite face \u00e0 Arsenal (3-0). Les notes des Bretons.\" \/>\n<meta property=\"og:url\" content=\"https:\/\/dicodusport.fr\/blog\/arsenal-rennes-les-notes-des-bretons\/\" \/>\n<meta property=\"og:site_name\" content=\"Dicodusport\" \/>\n<meta property=\"article:publisher\" content=\"https:\/\/www.facebook.com\/dicodusport\" \/>\n<meta property=\"article:author\" content=\"https:\/\/www.facebook.com\/florent.ostermann\" \/>\n<meta property=\"article:published_time\" content=\"2019-03-14T21:56:44+00:00\" \/>\n<meta property=\"article:modified_time\" content=\"2019-03-15T12:16:49+00:00\" \/>\n<meta property=\"og:image\" content=\"https:\/\/dicodusport.fr\/blog\/wp-content\/uploads\/2019\/03\/Notes-Arsenal-Rennes-Ligue-Europa.png\" \/>\n\t<meta property=\"og:image:width\" content=\"800\" \/>\n\t<meta property=\"og:image:height\" content=\"445\" \/>\n\t<meta property=\"og:image:type\" content=\"image\/png\" \/>\n<meta name=\"author\" content=\"Flo Ostermann\" \/>\n<meta name=\"twitter:card\" content=\"summary_large_image\" \/>\n<meta name=\"twitter:creator\" content=\"@https:\/\/twitter.com\/FlOstermann\" \/>\n<meta name=\"twitter:site\" content=\"@dicodusport\" \/>\n<script type=\"application\/ld+json\" class=\"yoast-schema-graph\">{\"@context\":\"https:\/\/schema.org\",\"@graph\":[{\"@type\":\"NewsArticle\",\"@id\":\"https:\/\/dicodusport.fr\/blog\/arsenal-rennes-les-notes-des-bretons\/#article\",\"isPartOf\":{\"@id\":\"https:\/\/dicodusport.fr\/blog\/arsenal-rennes-les-notes-des-bretons\/\"},\"author\":{\"name\":\"Flo Ostermann\",\"@id\":\"https:\/\/dicodusport.fr\/blog\/#\/schema\/person\/cb02af4c173ce4a653b55e9baf388d4a\"},\"headline\":\"Arsenal &#8211; Rennes : les notes des Bretons\",\"datePublished\":\"2019-03-14T21:56:44+00:00\",\"dateModified\":\"2019-03-15T12:16:49+00:00\",\"mainEntityOfPage\":{\"@id\":\"https:\/\/dicodusport.fr\/blog\/arsenal-rennes-les-notes-des-bretons\/\"},\"wordCount\":663,\"commentCount\":0,\"publisher\":{\"@id\":\"https:\/\/dicodusport.fr\/blog\/#organization\"},\"image\":{\"@id\":\"https:\/\/dicodusport.fr\/blog\/arsenal-rennes-les-notes-des-bretons\/#primaryimage\"},\"thumbnailUrl\":\"https:\/\/dicodusport.fr\/blog\/wp-content\/uploads\/2019\/03\/Notes-Arsenal-Rennes-Ligue-Europa.png\",\"keywords\":[\"Arsenal\",\"Football\",\"Ligue Europa\",\"Rennes\"],\"articleSection\":[\"Actualit\u00e9s\",\"Football\"],\"inLanguage\":\"fr-FR\",\"potentialAction\":[{\"@type\":\"CommentAction\",\"name\":\"Comment\",\"target\":[\"https:\/\/dicodusport.fr\/blog\/arsenal-rennes-les-notes-des-bretons\/#respond\"]}],\"copyrightYear\":\"2019\",\"copyrightHolder\":{\"@id\":\"https:\/\/dicodusport.fr\/blog\/#organization\"}},{\"@type\":\"WebPage\",\"@id\":\"https:\/\/dicodusport.fr\/blog\/arsenal-rennes-les-notes-des-bretons\/\",\"url\":\"https:\/\/dicodusport.fr\/blog\/arsenal-rennes-les-notes-des-bretons\/\",\"name\":\"Arsenal - Rennes : les notes des Bretons\",\"isPartOf\":{\"@id\":\"https:\/\/dicodusport.fr\/blog\/#website\"},\"primaryImageOfPage\":{\"@id\":\"https:\/\/dicodusport.fr\/blog\/arsenal-rennes-les-notes-des-bretons\/#primaryimage\"},\"image\":{\"@id\":\"https:\/\/dicodusport.fr\/blog\/arsenal-rennes-les-notes-des-bretons\/#primaryimage\"},\"thumbnailUrl\":\"https:\/\/dicodusport.fr\/blog\/wp-content\/uploads\/2019\/03\/Notes-Arsenal-Rennes-Ligue-Europa.png\",\"datePublished\":\"2019-03-14T21:56:44+00:00\",\"dateModified\":\"2019-03-15T12:16:49+00:00\",\"description\":\"Football - Tr\u00e8s vite men\u00e9 au score, Rennes est \u00e9limin\u00e9 de la Ligue Europa apr\u00e8s sa d\u00e9faite face \u00e0 Arsenal (3-0). Les notes des Bretons.\",\"inLanguage\":\"fr-FR\",\"potentialAction\":[{\"@type\":\"ReadAction\",\"target\":[\"https:\/\/dicodusport.fr\/blog\/arsenal-rennes-les-notes-des-bretons\/\"]}]},{\"@type\":\"ImageObject\",\"inLanguage\":\"fr-FR\",\"@id\":\"https:\/\/dicodusport.fr\/blog\/arsenal-rennes-les-notes-des-bretons\/#primaryimage\",\"url\":\"https:\/\/dicodusport.fr\/blog\/wp-content\/uploads\/2019\/03\/Notes-Arsenal-Rennes-Ligue-Europa.png\",\"contentUrl\":\"https:\/\/dicodusport.fr\/blog\/wp-content\/uploads\/2019\/03\/Notes-Arsenal-Rennes-Ligue-Europa.png\",\"width\":800,\"height\":445},{\"@type\":\"WebSite\",\"@id\":\"https:\/\/dicodusport.fr\/blog\/#website\",\"url\":\"https:\/\/dicodusport.fr\/blog\/\",\"name\":\"Dicodusport\",\"description\":\"L&#039;encyclop\u00e9die de l&#039;actualit\u00e9 sportive\",\"publisher\":{\"@id\":\"https:\/\/dicodusport.fr\/blog\/#organization\"},\"potentialAction\":[{\"@type\":\"SearchAction\",\"target\":{\"@type\":\"EntryPoint\",\"urlTemplate\":\"https:\/\/dicodusport.fr\/blog\/?s={search_term_string}\"},\"query-input\":{\"@type\":\"PropertyValueSpecification\",\"valueRequired\":true,\"valueName\":\"search_term_string\"}}],\"inLanguage\":\"fr-FR\"},{\"@type\":\"NewsMediaOrganization\",\"@id\":\"https:\/\/dicodusport.fr\/blog\/#organization\",\"name\":\"Dicodusport\",\"url\":\"https:\/\/dicodusport.fr\/blog\/\",\"logo\":{\"@type\":\"ImageObject\",\"inLanguage\":\"fr-FR\",\"@id\":\"https:\/\/dicodusport.fr\/blog\/#\/schema\/logo\/image\/\",\"url\":\"https:\/\/dicodusport.fr\/blog\/wp-content\/uploads\/2020\/06\/cropped-LOGO-DICODUSPORT-2020-SANS-FOND-SANS-TEXTE.png\",\"contentUrl\":\"https:\/\/dicodusport.fr\/blog\/wp-content\/uploads\/2020\/06\/cropped-LOGO-DICODUSPORT-2020-SANS-FOND-SANS-TEXTE.png\",\"width\":512,\"height\":512,\"caption\":\"Dicodusport\"},\"image\":{\"@id\":\"https:\/\/dicodusport.fr\/blog\/#\/schema\/logo\/image\/\"},\"sameAs\":[\"https:\/\/www.facebook.com\/dicodusport\",\"https:\/\/x.com\/dicodusport\",\"https:\/\/www.instagram.com\/dicodusport\/\",\"https:\/\/www.youtube.com\/channel\/UC7V2KZ5sd3htJivAbA4ZG3w\"],\"description\":\"Dicodusport est l'encyclop\u00e9die de l'actualit\u00e9 sportive.\",\"email\":\"bonjour@dicodusport.fr\",\"legalName\":\"DICODUSPORT\",\"foundingDate\":\"2018-01-14\",\"vatID\":\"FR71834470973\",\"taxID\":\"83447097300043\",\"numberOfEmployees\":{\"@type\":\"QuantitativeValue\",\"minValue\":\"1\",\"maxValue\":\"10\"}},{\"@type\":\"Person\",\"@id\":\"https:\/\/dicodusport.fr\/blog\/#\/schema\/person\/cb02af4c173ce4a653b55e9baf388d4a\",\"name\":\"Flo Ostermann\",\"image\":{\"@type\":\"ImageObject\",\"inLanguage\":\"fr-FR\",\"@id\":\"https:\/\/dicodusport.fr\/blog\/#\/schema\/person\/image\/\",\"url\":\"https:\/\/dicodusport.fr\/blog\/wp-content\/uploads\/2021\/05\/Flo-Ostermann-150x150.jpg\",\"contentUrl\":\"https:\/\/dicodusport.fr\/blog\/wp-content\/uploads\/2021\/05\/Flo-Ostermann-150x150.jpg\",\"caption\":\"Flo Ostermann\"},\"description\":\"Journaliste\/R\u00e9dacteur depuis septembre 2015 - Mes premiers souvenirs dans le sport ? Les envol\u00e9es du Stade Toulousain et les duels Villeneuve-Schumacher et H\u00e4kkinen-Schumacher \u00e0 la fin des ann\u00e9es 90, la Coupe du monde de football en 1998, l\u2019exploit du XV de France face aux All Blacks en 1999, mais aussi Richard C\u0153ur de Lion qui vole sur les montagnes du Tour de France. Bien parti pour devenir professeur d\u2019EPS, les \u00e9v\u00e9nements de la vie (et la flemme d\u2019animer des s\u00e9ances de 3x500 m\u00e8tres toute ma vie) m\u2019ont conduit \u00e0 revoir mes plans. Me voil\u00e0 depuis fin 2017 sur Dicodusport, m\u00e9dia gr\u00e2ce (et pour) lequel je partage ma passion : le sport dans tous ses \u00e9tats. Le tout accompagn\u00e9 par les fous furieux et folles furieuses cit\u00e9s sur cette page !\",\"sameAs\":[\"https:\/\/www.facebook.com\/florent.ostermann\",\"https:\/\/x.com\/https:\/\/twitter.com\/FlOstermann\",\"admin\"],\"url\":\"https:\/\/dicodusport.fr\/blog\/author\/flo\/\"}]}<\/script>\n<!-- \/ Yoast SEO Premium plugin. -->","yoast_head_json":{"title":"Arsenal - Rennes : les notes des Bretons","description":"Football - Tr\u00e8s vite men\u00e9 au score, Rennes est \u00e9limin\u00e9 de la Ligue Europa apr\u00e8s sa d\u00e9faite face \u00e0 Arsenal (3-0). Les notes des Bretons.","robots":{"index":"index","follow":"follow","max-snippet":"max-snippet:-1","max-image-preview":"max-image-preview:large","max-video-preview":"max-video-preview:-1"},"canonical":"https:\/\/dicodusport.fr\/blog\/arsenal-rennes-les-notes-des-bretons\/","next":"https:\/\/dicodusport.fr\/blog\/arsenal-rennes-les-notes-des-bretons\/2\/","og_locale":"fr_FR","og_type":"article","og_title":"Arsenal - Rennes : les notes des Bretons","og_description":"Football - Tr\u00e8s vite men\u00e9 au score, Rennes est \u00e9limin\u00e9 de la Ligue Europa apr\u00e8s sa d\u00e9faite face \u00e0 Arsenal (3-0). Les notes des Bretons.","og_url":"https:\/\/dicodusport.fr\/blog\/arsenal-rennes-les-notes-des-bretons\/","og_site_name":"Dicodusport","article_publisher":"https:\/\/www.facebook.com\/dicodusport","article_author":"https:\/\/www.facebook.com\/florent.ostermann","article_published_time":"2019-03-14T21:56:44+00:00","article_modified_time":"2019-03-15T12:16:49+00:00","og_image":[{"width":800,"height":445,"url":"https:\/\/dicodusport.fr\/blog\/wp-content\/uploads\/2019\/03\/Notes-Arsenal-Rennes-Ligue-Europa.png","type":"image\/png"}],"author":"Flo Ostermann","twitter_card":"summary_large_image","twitter_creator":"@https:\/\/twitter.com\/FlOstermann","twitter_site":"@dicodusport","schema":{"@context":"https:\/\/schema.org","@graph":[{"@type":"NewsArticle","@id":"https:\/\/dicodusport.fr\/blog\/arsenal-rennes-les-notes-des-bretons\/#article","isPartOf":{"@id":"https:\/\/dicodusport.fr\/blog\/arsenal-rennes-les-notes-des-bretons\/"},"author":{"name":"Flo Ostermann","@id":"https:\/\/dicodusport.fr\/blog\/#\/schema\/person\/cb02af4c173ce4a653b55e9baf388d4a"},"headline":"Arsenal &#8211; Rennes : les notes des Bretons","datePublished":"2019-03-14T21:56:44+00:00","dateModified":"2019-03-15T12:16:49+00:00","mainEntityOfPage":{"@id":"https:\/\/dicodusport.fr\/blog\/arsenal-rennes-les-notes-des-bretons\/"},"wordCount":663,"commentCount":0,"publisher":{"@id":"https:\/\/dicodusport.fr\/blog\/#organization"},"image":{"@id":"https:\/\/dicodusport.fr\/blog\/arsenal-rennes-les-notes-des-bretons\/#primaryimage"},"thumbnailUrl":"https:\/\/dicodusport.fr\/blog\/wp-content\/uploads\/2019\/03\/Notes-Arsenal-Rennes-Ligue-Europa.png","keywords":["Arsenal","Football","Ligue Europa","Rennes"],"articleSection":["Actualit\u00e9s","Football"],"inLanguage":"fr-FR","potentialAction":[{"@type":"CommentAction","name":"Comment","target":["https:\/\/dicodusport.fr\/blog\/arsenal-rennes-les-notes-des-bretons\/#respond"]}],"copyrightYear":"2019","copyrightHolder":{"@id":"https:\/\/dicodusport.fr\/blog\/#organization"}},{"@type":"WebPage","@id":"https:\/\/dicodusport.fr\/blog\/arsenal-rennes-les-notes-des-bretons\/","url":"https:\/\/dicodusport.fr\/blog\/arsenal-rennes-les-notes-des-bretons\/","name":"Arsenal - Rennes : les notes des Bretons","isPartOf":{"@id":"https:\/\/dicodusport.fr\/blog\/#website"},"primaryImageOfPage":{"@id":"https:\/\/dicodusport.fr\/blog\/arsenal-rennes-les-notes-des-bretons\/#primaryimage"},"image":{"@id":"https:\/\/dicodusport.fr\/blog\/arsenal-rennes-les-notes-des-bretons\/#primaryimage"},"thumbnailUrl":"https:\/\/dicodusport.fr\/blog\/wp-content\/uploads\/2019\/03\/Notes-Arsenal-Rennes-Ligue-Europa.png","datePublished":"2019-03-14T21:56:44+00:00","dateModified":"2019-03-15T12:16:49+00:00","description":"Football - Tr\u00e8s vite men\u00e9 au score, Rennes est \u00e9limin\u00e9 de la Ligue Europa apr\u00e8s sa d\u00e9faite face \u00e0 Arsenal (3-0). Les notes des Bretons.","inLanguage":"fr-FR","potentialAction":[{"@type":"ReadAction","target":["https:\/\/dicodusport.fr\/blog\/arsenal-rennes-les-notes-des-bretons\/"]}]},{"@type":"ImageObject","inLanguage":"fr-FR","@id":"https:\/\/dicodusport.fr\/blog\/arsenal-rennes-les-notes-des-bretons\/#primaryimage","url":"https:\/\/dicodusport.fr\/blog\/wp-content\/uploads\/2019\/03\/Notes-Arsenal-Rennes-Ligue-Europa.png","contentUrl":"https:\/\/dicodusport.fr\/blog\/wp-content\/uploads\/2019\/03\/Notes-Arsenal-Rennes-Ligue-Europa.png","width":800,"height":445},{"@type":"WebSite","@id":"https:\/\/dicodusport.fr\/blog\/#website","url":"https:\/\/dicodusport.fr\/blog\/","name":"Dicodusport","description":"L&#039;encyclop\u00e9die de l&#039;actualit\u00e9 sportive","publisher":{"@id":"https:\/\/dicodusport.fr\/blog\/#organization"},"potentialAction":[{"@type":"SearchAction","target":{"@type":"EntryPoint","urlTemplate":"https:\/\/dicodusport.fr\/blog\/?s={search_term_string}"},"query-input":{"@type":"PropertyValueSpecification","valueRequired":true,"valueName":"search_term_string"}}],"inLanguage":"fr-FR"},{"@type":"NewsMediaOrganization","@id":"https:\/\/dicodusport.fr\/blog\/#organization","name":"Dicodusport","url":"https:\/\/dicodusport.fr\/blog\/","logo":{"@type":"ImageObject","inLanguage":"fr-FR","@id":"https:\/\/dicodusport.fr\/blog\/#\/schema\/logo\/image\/","url":"https:\/\/dicodusport.fr\/blog\/wp-content\/uploads\/2020\/06\/cropped-LOGO-DICODUSPORT-2020-SANS-FOND-SANS-TEXTE.png","contentUrl":"https:\/\/dicodusport.fr\/blog\/wp-content\/uploads\/2020\/06\/cropped-LOGO-DICODUSPORT-2020-SANS-FOND-SANS-TEXTE.png","width":512,"height":512,"caption":"Dicodusport"},"image":{"@id":"https:\/\/dicodusport.fr\/blog\/#\/schema\/logo\/image\/"},"sameAs":["https:\/\/www.facebook.com\/dicodusport","https:\/\/x.com\/dicodusport","https:\/\/www.instagram.com\/dicodusport\/","https:\/\/www.youtube.com\/channel\/UC7V2KZ5sd3htJivAbA4ZG3w"],"description":"Dicodusport est l'encyclop\u00e9die de l'actualit\u00e9 sportive.","email":"bonjour@dicodusport.fr","legalName":"DICODUSPORT","foundingDate":"2018-01-14","vatID":"FR71834470973","taxID":"83447097300043","numberOfEmployees":{"@type":"QuantitativeValue","minValue":"1","maxValue":"10"}},{"@type":"Person","@id":"https:\/\/dicodusport.fr\/blog\/#\/schema\/person\/cb02af4c173ce4a653b55e9baf388d4a","name":"Flo Ostermann","image":{"@type":"ImageObject","inLanguage":"fr-FR","@id":"https:\/\/dicodusport.fr\/blog\/#\/schema\/person\/image\/","url":"https:\/\/dicodusport.fr\/blog\/wp-content\/uploads\/2021\/05\/Flo-Ostermann-150x150.jpg","contentUrl":"https:\/\/dicodusport.fr\/blog\/wp-content\/uploads\/2021\/05\/Flo-Ostermann-150x150.jpg","caption":"Flo Ostermann"},"description":"Journaliste\/R\u00e9dacteur depuis septembre 2015 - Mes premiers souvenirs dans le sport ? Les envol\u00e9es du Stade Toulousain et les duels Villeneuve-Schumacher et H\u00e4kkinen-Schumacher \u00e0 la fin des ann\u00e9es 90, la Coupe du monde de football en 1998, l\u2019exploit du XV de France face aux All Blacks en 1999, mais aussi Richard C\u0153ur de Lion qui vole sur les montagnes du Tour de France. Bien parti pour devenir professeur d\u2019EPS, les \u00e9v\u00e9nements de la vie (et la flemme d\u2019animer des s\u00e9ances de 3x500 m\u00e8tres toute ma vie) m\u2019ont conduit \u00e0 revoir mes plans. Me voil\u00e0 depuis fin 2017 sur Dicodusport, m\u00e9dia gr\u00e2ce (et pour) lequel je partage ma passion : le sport dans tous ses \u00e9tats. Le tout accompagn\u00e9 par les fous furieux et folles furieuses cit\u00e9s sur cette page !","sameAs":["https:\/\/www.facebook.com\/florent.ostermann","https:\/\/x.com\/https:\/\/twitter.com\/FlOstermann","admin"],"url":"https:\/\/dicodusport.fr\/blog\/author\/flo\/"}]}},"_links":{"self":[{"href":"https:\/\/dicodusport.fr\/blog\/wp-json\/wp\/v2\/posts\/35320","targetHints":{"allow":["GET"]}}],"collection":[{"href":"https:\/\/dicodusport.fr\/blog\/wp-json\/wp\/v2\/posts"}],"about":[{"href":"https:\/\/dicodusport.fr\/blog\/wp-json\/wp\/v2\/types\/post"}],"author":[{"embeddable":true,"href":"https:\/\/dicodusport.fr\/blog\/wp-json\/wp\/v2\/users\/4"}],"replies":[{"embeddable":true,"href":"https:\/\/dicodusport.fr\/blog\/wp-json\/wp\/v2\/comments?post=35320"}],"version-history":[{"count":0,"href":"https:\/\/dicodusport.fr\/blog\/wp-json\/wp\/v2\/posts\/35320\/revisions"}],"wp:featuredmedia":[{"embeddable":true,"href":"https:\/\/dicodusport.fr\/blog\/wp-json\/wp\/v2\/media\/35322"}],"wp:attachment":[{"href":"https:\/\/dicodusport.fr\/blog\/wp-json\/wp\/v2\/media?parent=35320"}],"wp:term":[{"taxonomy":"category","embeddable":true,"href":"https:\/\/dicodusport.fr\/blog\/wp-json\/wp\/v2\/categories?post=35320"},{"taxonomy":"post_tag","embeddable":true,"href":"https:\/\/dicodusport.fr\/blog\/wp-json\/wp\/v2\/tags?post=35320"}],"curies":[{"name":"wp","href":"https:\/\/api.w.org\/{rel}","templated":true}]}}