{"id":353474,"date":"2023-02-09T12:01:47","date_gmt":"2023-02-09T11:01:47","guid":{"rendered":"https:\/\/dicodusport.fr\/blog\/?p=353474&#038;preview=true&#038;preview_id=353474"},"modified":"2023-02-10T13:14:48","modified_gmt":"2023-02-10T12:14:48","slug":"xv-de-france-composition-des-bleus-face-a-lirlande","status":"publish","type":"post","link":"https:\/\/dicodusport.fr\/blog\/xv-de-france-composition-des-bleus-face-a-lirlande\/","title":{"rendered":"XV de France : Composition des Bleus face \u00e0 l&rsquo;Irlande"},"content":{"rendered":"<p style=\"text-align: justify;\"><i><a href=\"https:\/\/dicodusport.fr\/blog\/actualites\/rugby\/rugby-a-xv\/tournoi-des-6-nations-2023\/\"><strong>TOURNOI DES 6 NATIONS 2023<\/strong><\/a> <b>&#8211; Ce mercredi, le s\u00e9lectionneur des Bleus, Fabien Galthi\u00e9, a d\u00e9voil\u00e9 la composition du XV de France pour affronter l&rsquo;Irlande \u00e0 Dublin ce samedi (15h15), dans le cadre de la 2e journ\u00e9e du 6 Nations 2023.<\/b><\/i><\/p>\n<p style=\"text-align: justify;\">Pas de surprise. Comme annonc\u00e9 mercredi dans la composition probable du <strong>XV de France<\/strong>, <strong>Fabien Galthi\u00e9<\/strong> et son staff ont reconduit le m\u00eame XV de d\u00e9part, <a href=\"https:\/\/dicodusport.fr\/blog\/italie-xv-de-france-les-notes-des-bleus\/\">victorieux dans la douleur en Italie (24-29)<\/a>. Critiqu\u00e9 \u00e0 l&rsquo;issue de la rencontre face aux Transalpins, <strong>Charles Ollivon<\/strong> reste titulaire. En revanche, deux changements sont \u00e0 noter sur le banc : <strong>Fran\u00e7ois Cros<\/strong> remplace <strong>Thomas Lavault<\/strong>, <strong>Baptiste Couilloud<\/strong> suppl\u00e9e <strong>Nolann Le Garrec<\/strong>.<\/p>\n<h2 style=\"text-align: justify;\">Composition du XV de France face \u00e0 l&rsquo;Irlande<\/h2>\n<p style=\"text-align: justify;\"><strong>XV de d\u00e9part :<\/strong> 15. Ramos ; 14. Penaud, 13. Fickou, 12. Moefana, 11. Dumortier ; 10. Ntamack, 9. Dupont (cap) ; 7. Ollivon, 8. Alldritt, 6. Jelonch ; 5. Willemse, 4. Flament ; 3. Atonio, 2. Marchand, 1. Baille.<\/p>\n<p style=\"text-align: justify;\"><strong>Rempla\u00e7ants<\/strong> : 16. Barlot, 17. Wardi, 18. Falatea, 19. Taofifenua, 20. Cros, 21. Macalou, 22. Couilloud, 23. Jalibert.<\/p>\n<blockquote class=\"twitter-tweet\">\n<p dir=\"ltr\" lang=\"fr\">\u2618\ufe0f\ud83c\udd9a\ud83c\uddeb\ud83c\uddf7 Notre deuxi\u00e8me match du <a href=\"https:\/\/twitter.com\/hashtag\/SixNations?src=hash&amp;ref_src=twsrc%5Etfw\">#SixNations<\/a> 2023 nous am\u00e8ne \u00e0 Dublin pour y d\u00e9fier \ud835\udc8d\ud835\udc82 \ud835\udc8e\ud835\udc86\ud835\udc8a\ud835\udc8d\ud835\udc8d\ud835\udc86\ud835\udc96\ud835\udc93\ud835\udc86 \ud835\udc86\u0301\ud835\udc92\ud835\udc96\ud835\udc8a\ud835\udc91\ud835\udc86 \ud835\udc85\ud835\udc96 \ud835\udc8e\ud835\udc90\ud835\udc8f\ud835\udc85\ud835\udc86 !<\/p>\n<p>\ud83d\udcaa Rendez-vous samedi ! <a href=\"https:\/\/twitter.com\/hashtag\/NeFaisonsXV?src=hash&amp;ref_src=twsrc%5Etfw\">#NeFaisonsXV<\/a> <a href=\"https:\/\/twitter.com\/hashtag\/XVdeFrance?src=hash&amp;ref_src=twsrc%5Etfw\">#XVdeFrance<\/a> <a href=\"https:\/\/twitter.com\/hashtag\/IRLFRA?src=hash&amp;ref_src=twsrc%5Etfw\">#IRLFRA<\/a> <a href=\"https:\/\/t.co\/eAfWyYyg3I\">pic.twitter.com\/eAfWyYyg3I<\/a><\/p>\n<p>\u2014 France Rugby (@FranceRugby) <a href=\"https:\/\/twitter.com\/FranceRugby\/status\/1623638497406877697?ref_src=twsrc%5Etfw\">February 9, 2023<\/a><\/p><\/blockquote>\n<p><script async src=\"https:\/\/platform.twitter.com\/widgets.js\" charset=\"utf-8\"><\/script><\/p>\n<h2 style=\"text-align: justify;\">\u00c0 lire aussi<\/h2>\n<ul>\n<li style=\"text-align: justify;\"><strong><a href=\"https:\/\/dicodusport.fr\/blog\/6-nations-la-composition-de-lirlande-face-a-la-france\/\">Composition de l&rsquo;Irlande face au XV de France<\/a>\u00a0<\/strong><\/li>\n<li style=\"text-align: justify;\"><a href=\"https:\/\/dicodusport.fr\/blog\/irlande-xv-de-france-a-quelle-heure-et-sur-quelle-chaine\/\"><strong>Irlande &#8211; France : \u00c0 quelle heure et sur quelle cha\u00eene ?<\/strong><\/a><\/li>\n<li style=\"text-align: justify;\"><a href=\"https:\/\/dicodusport.fr\/blog\/6-nations-2023-calendrier-resultats-et-classement\/\"><strong>Calendrier, r\u00e9sultats et classement du Tournoi des 6 Nations 2023<\/strong><\/a><\/li>\n<\/ul>\n<div class=\"vlp-link-container vlp-layout-article\"><a href=\"https:\/\/dicodusport.fr\/blog\/prize-money-6-nations-2023-remporter-le-tournoi-ca-rapporte-combien\/\" class=\"vlp-link\" title=\"Prize money 6 Nations 2023 : Remporter le Tournoi, \u00e7a rapporte combien ?\"><\/a><div class=\"vlp-layout-zone-side\"><div class=\"vlp-block-4 vlp-link-image\"><img loading=\"lazy\" decoding=\"async\" style=\"max-width: 800px;\" width=\"800\" height=\"445\" src=\"https:\/\/dicodusport.fr\/blog\/wp-content\/uploads\/2023\/02\/Prize-money-6-Nations-2023-Remporter-le-Tournoi-ca-rapporte-combien-.png\" class=\"attachment-800x445 size-800x445\" alt=\"Prize money 6 Nations 2023 Remporter le Tournoi, \u00e7a rapporte combien\" srcset=\"https:\/\/dicodusport.fr\/blog\/wp-content\/uploads\/2023\/02\/Prize-money-6-Nations-2023-Remporter-le-Tournoi-ca-rapporte-combien-.png 800w, https:\/\/dicodusport.fr\/blog\/wp-content\/uploads\/2023\/02\/Prize-money-6-Nations-2023-Remporter-le-Tournoi-ca-rapporte-combien--300x167.png 300w, https:\/\/dicodusport.fr\/blog\/wp-content\/uploads\/2023\/02\/Prize-money-6-Nations-2023-Remporter-le-Tournoi-ca-rapporte-combien--768x427.png 768w\" sizes=\"auto, (max-width: 800px) 100vw, 800px\" \/><\/div><\/div><div class=\"vlp-layout-zone-main\"><div class=\"vlp-block-0 vlp-link-title\">Prize money 6 Nations 2023 : Remporter le Tournoi, \u00e7a rapporte combien ?<\/div><div class=\"vlp-block-1 vlp-link-summary\">TOURNOI DES 6 NATIONS 2023 - Ces derniers jours, plusieurs sites sp\u00e9cialis\u00e9s, dont Sports Payouts, ont d\u00e9voil\u00e9 le montant du prize money du Tournoi des 6 Nations 2023. Combien rapporte le gain de la comp\u00e9tition europ\u00e9enne ?<\/div><div class=\"vlp-block-2 vlp-link-button\">Lire l'article<\/div><div class=\"vlp-block-3 vlp-link-url\">dicodusport.fr<\/div><\/div><\/div>\n<h2><\/h2>\n<p>&nbsp;<\/p>\n","protected":false},"excerpt":{"rendered":"<p>TOURNOI DES 6 NATIONS 2023 &#8211; Ce mercredi, le s\u00e9lectionneur des Bleus, Fabien Galthi\u00e9, a d\u00e9voil\u00e9 la composition du XV de France pour affronter l&rsquo;Irlande \u00e0 Dublin ce samedi (15h15), dans le cadre de la 2e journ\u00e9e du 6 Nations 2023.<\/p>\n","protected":false},"author":4,"featured_media":353502,"comment_status":"open","ping_status":"closed","sticky":false,"template":"","format":"standard","meta":{"_acf_changed":false,"_daextam_enable_autolinks":"","footnotes":""},"categories":[9129,47048,19951],"tags":[6015,375,24,1638],"class_list":["post-353474","post","type-post","status-publish","format-standard","has-post-thumbnail","hentry","category-rugby-a-xv","category-tournoi-des-6-nations","category-xv-de-france","tag-composition-xv-de-france","tag-irlande","tag-sport","tag-xv-de-france"],"acf":[],"yoast_head":"<!-- This site is optimized with the Yoast SEO Premium plugin v26.7 (Yoast SEO v26.7) - https:\/\/yoast.com\/wordpress\/plugins\/seo\/ -->\n<title>XV de France : Composition des Bleus face \u00e0 l&#039;Irlande<\/title>\n<meta name=\"description\" content=\"TOURNOI DES 6 NATIONS 2023 - Ce mercredi, Fabien Galthi\u00e9, a d\u00e9voil\u00e9 la composition du XV de France pour affronter l&#039;Irlande.\" \/>\n<meta name=\"robots\" content=\"index, follow, max-snippet:-1, max-image-preview:large, max-video-preview:-1\" \/>\n<link rel=\"canonical\" href=\"https:\/\/dicodusport.fr\/blog\/xv-de-france-composition-des-bleus-face-a-lirlande\/\" \/>\n<meta property=\"og:locale\" content=\"fr_FR\" \/>\n<meta property=\"og:type\" content=\"article\" \/>\n<meta property=\"og:title\" content=\"XV de France : Composition des Bleus face \u00e0 l&#039;Irlande\" \/>\n<meta property=\"og:description\" content=\"TOURNOI DES 6 NATIONS 2023 - Ce mercredi, Fabien Galthi\u00e9, a d\u00e9voil\u00e9 la composition du XV de France pour affronter l&#039;Irlande.\" \/>\n<meta property=\"og:url\" content=\"https:\/\/dicodusport.fr\/blog\/xv-de-france-composition-des-bleus-face-a-lirlande\/\" \/>\n<meta property=\"og:site_name\" content=\"Dicodusport\" \/>\n<meta property=\"article:publisher\" content=\"https:\/\/www.facebook.com\/dicodusport\" \/>\n<meta property=\"article:author\" content=\"https:\/\/www.facebook.com\/florent.ostermann\" \/>\n<meta property=\"article:published_time\" content=\"2023-02-09T11:01:47+00:00\" \/>\n<meta property=\"article:modified_time\" content=\"2023-02-10T12:14:48+00:00\" \/>\n<meta property=\"og:image\" content=\"https:\/\/dicodusport.fr\/blog\/wp-content\/uploads\/2023\/02\/XV-de-France-Composition-des-Bleus-face-a-lIrlande.png\" \/>\n\t<meta property=\"og:image:width\" content=\"800\" \/>\n\t<meta property=\"og:image:height\" content=\"445\" \/>\n\t<meta property=\"og:image:type\" content=\"image\/png\" \/>\n<meta name=\"author\" content=\"Flo Ostermann\" \/>\n<meta name=\"twitter:card\" content=\"summary_large_image\" \/>\n<meta name=\"twitter:title\" content=\"XV de France : Composition des Bleus face \u00e0 l&#039;Irlande\" \/>\n<meta name=\"twitter:creator\" content=\"@https:\/\/twitter.com\/FlOstermann\" \/>\n<meta name=\"twitter:site\" content=\"@dicodusport\" \/>\n<script type=\"application\/ld+json\" class=\"yoast-schema-graph\">{\"@context\":\"https:\/\/schema.org\",\"@graph\":[{\"@type\":\"NewsArticle\",\"@id\":\"https:\/\/dicodusport.fr\/blog\/xv-de-france-composition-des-bleus-face-a-lirlande\/#article\",\"isPartOf\":{\"@id\":\"https:\/\/dicodusport.fr\/blog\/xv-de-france-composition-des-bleus-face-a-lirlande\/\"},\"author\":{\"name\":\"Flo Ostermann\",\"@id\":\"https:\/\/dicodusport.fr\/blog\/#\/schema\/person\/cb02af4c173ce4a653b55e9baf388d4a\"},\"headline\":\"XV de France : Composition des Bleus face \u00e0 l&rsquo;Irlande\",\"datePublished\":\"2023-02-09T11:01:47+00:00\",\"dateModified\":\"2023-02-10T12:14:48+00:00\",\"mainEntityOfPage\":{\"@id\":\"https:\/\/dicodusport.fr\/blog\/xv-de-france-composition-des-bleus-face-a-lirlande\/\"},\"wordCount\":321,\"commentCount\":0,\"publisher\":{\"@id\":\"https:\/\/dicodusport.fr\/blog\/#organization\"},\"image\":{\"@id\":\"https:\/\/dicodusport.fr\/blog\/xv-de-france-composition-des-bleus-face-a-lirlande\/#primaryimage\"},\"thumbnailUrl\":\"https:\/\/dicodusport.fr\/blog\/wp-content\/uploads\/2023\/02\/XV-de-France-Composition-des-Bleus-face-a-lIrlande.png\",\"keywords\":[\"composition XV de France\",\"Irlande\",\"sport\",\"XV de France\"],\"articleSection\":[\"Rugby \u00e0 XV\",\"Tournoi des 6 Nations\",\"XV de France\"],\"inLanguage\":\"fr-FR\",\"potentialAction\":[{\"@type\":\"CommentAction\",\"name\":\"Comment\",\"target\":[\"https:\/\/dicodusport.fr\/blog\/xv-de-france-composition-des-bleus-face-a-lirlande\/#respond\"]}],\"copyrightYear\":\"2023\",\"copyrightHolder\":{\"@id\":\"https:\/\/dicodusport.fr\/blog\/#organization\"}},{\"@type\":\"WebPage\",\"@id\":\"https:\/\/dicodusport.fr\/blog\/xv-de-france-composition-des-bleus-face-a-lirlande\/\",\"url\":\"https:\/\/dicodusport.fr\/blog\/xv-de-france-composition-des-bleus-face-a-lirlande\/\",\"name\":\"XV de France : Composition des Bleus face \u00e0 l'Irlande\",\"isPartOf\":{\"@id\":\"https:\/\/dicodusport.fr\/blog\/#website\"},\"primaryImageOfPage\":{\"@id\":\"https:\/\/dicodusport.fr\/blog\/xv-de-france-composition-des-bleus-face-a-lirlande\/#primaryimage\"},\"image\":{\"@id\":\"https:\/\/dicodusport.fr\/blog\/xv-de-france-composition-des-bleus-face-a-lirlande\/#primaryimage\"},\"thumbnailUrl\":\"https:\/\/dicodusport.fr\/blog\/wp-content\/uploads\/2023\/02\/XV-de-France-Composition-des-Bleus-face-a-lIrlande.png\",\"datePublished\":\"2023-02-09T11:01:47+00:00\",\"dateModified\":\"2023-02-10T12:14:48+00:00\",\"description\":\"TOURNOI DES 6 NATIONS 2023 - Ce mercredi, Fabien Galthi\u00e9, a d\u00e9voil\u00e9 la composition du XV de France pour affronter l'Irlande.\",\"breadcrumb\":{\"@id\":\"https:\/\/dicodusport.fr\/blog\/xv-de-france-composition-des-bleus-face-a-lirlande\/#breadcrumb\"},\"inLanguage\":\"fr-FR\",\"potentialAction\":[{\"@type\":\"ReadAction\",\"target\":[\"https:\/\/dicodusport.fr\/blog\/xv-de-france-composition-des-bleus-face-a-lirlande\/\"]}]},{\"@type\":\"ImageObject\",\"inLanguage\":\"fr-FR\",\"@id\":\"https:\/\/dicodusport.fr\/blog\/xv-de-france-composition-des-bleus-face-a-lirlande\/#primaryimage\",\"url\":\"https:\/\/dicodusport.fr\/blog\/wp-content\/uploads\/2023\/02\/XV-de-France-Composition-des-Bleus-face-a-lIrlande.png\",\"contentUrl\":\"https:\/\/dicodusport.fr\/blog\/wp-content\/uploads\/2023\/02\/XV-de-France-Composition-des-Bleus-face-a-lIrlande.png\",\"width\":800,\"height\":445,\"caption\":\"XV de France Composition des Bleus face \u00e0 l'Irlande\"},{\"@type\":\"BreadcrumbList\",\"@id\":\"https:\/\/dicodusport.fr\/blog\/xv-de-france-composition-des-bleus-face-a-lirlande\/#breadcrumb\",\"itemListElement\":[{\"@type\":\"ListItem\",\"position\":1,\"name\":\"Accueil\",\"item\":\"https:\/\/dicodusport.fr\/blog\/\"},{\"@type\":\"ListItem\",\"position\":2,\"name\":\"XV de France : Composition des Bleus face \u00e0 l&rsquo;Irlande\"}]},{\"@type\":\"WebSite\",\"@id\":\"https:\/\/dicodusport.fr\/blog\/#website\",\"url\":\"https:\/\/dicodusport.fr\/blog\/\",\"name\":\"Dicodusport\",\"description\":\"L&#039;encyclop\u00e9die de l&#039;actualit\u00e9 sportive\",\"publisher\":{\"@id\":\"https:\/\/dicodusport.fr\/blog\/#organization\"},\"potentialAction\":[{\"@type\":\"SearchAction\",\"target\":{\"@type\":\"EntryPoint\",\"urlTemplate\":\"https:\/\/dicodusport.fr\/blog\/?s={search_term_string}\"},\"query-input\":{\"@type\":\"PropertyValueSpecification\",\"valueRequired\":true,\"valueName\":\"search_term_string\"}}],\"inLanguage\":\"fr-FR\"},{\"@type\":\"NewsMediaOrganization\",\"@id\":\"https:\/\/dicodusport.fr\/blog\/#organization\",\"name\":\"Dicodusport\",\"url\":\"https:\/\/dicodusport.fr\/blog\/\",\"logo\":{\"@type\":\"ImageObject\",\"inLanguage\":\"fr-FR\",\"@id\":\"https:\/\/dicodusport.fr\/blog\/#\/schema\/logo\/image\/\",\"url\":\"https:\/\/dicodusport.fr\/blog\/wp-content\/uploads\/2020\/06\/cropped-LOGO-DICODUSPORT-2020-SANS-FOND-SANS-TEXTE.png\",\"contentUrl\":\"https:\/\/dicodusport.fr\/blog\/wp-content\/uploads\/2020\/06\/cropped-LOGO-DICODUSPORT-2020-SANS-FOND-SANS-TEXTE.png\",\"width\":512,\"height\":512,\"caption\":\"Dicodusport\"},\"image\":{\"@id\":\"https:\/\/dicodusport.fr\/blog\/#\/schema\/logo\/image\/\"},\"sameAs\":[\"https:\/\/www.facebook.com\/dicodusport\",\"https:\/\/x.com\/dicodusport\",\"https:\/\/www.instagram.com\/dicodusport\/\",\"https:\/\/www.youtube.com\/channel\/UC7V2KZ5sd3htJivAbA4ZG3w\"],\"description\":\"Dicodusport est l'encyclop\u00e9die de l'actualit\u00e9 sportive.\",\"email\":\"bonjour@dicodusport.fr\",\"legalName\":\"DICODUSPORT\",\"foundingDate\":\"2018-01-14\",\"vatID\":\"FR71834470973\",\"taxID\":\"83447097300043\",\"numberOfEmployees\":{\"@type\":\"QuantitativeValue\",\"minValue\":\"1\",\"maxValue\":\"10\"}},{\"@type\":\"Person\",\"@id\":\"https:\/\/dicodusport.fr\/blog\/#\/schema\/person\/cb02af4c173ce4a653b55e9baf388d4a\",\"name\":\"Flo Ostermann\",\"image\":{\"@type\":\"ImageObject\",\"inLanguage\":\"fr-FR\",\"@id\":\"https:\/\/dicodusport.fr\/blog\/#\/schema\/person\/image\/\",\"url\":\"https:\/\/dicodusport.fr\/blog\/wp-content\/uploads\/2021\/05\/Flo-Ostermann-150x150.jpg\",\"contentUrl\":\"https:\/\/dicodusport.fr\/blog\/wp-content\/uploads\/2021\/05\/Flo-Ostermann-150x150.jpg\",\"caption\":\"Flo Ostermann\"},\"description\":\"Journaliste\/R\u00e9dacteur depuis septembre 2015 - Mes premiers souvenirs dans le sport ? Les envol\u00e9es du Stade Toulousain et les duels Villeneuve-Schumacher et H\u00e4kkinen-Schumacher \u00e0 la fin des ann\u00e9es 90, la Coupe du monde de football en 1998, l\u2019exploit du XV de France face aux All Blacks en 1999, mais aussi Richard C\u0153ur de Lion qui vole sur les montagnes du Tour de France. Bien parti pour devenir professeur d\u2019EPS, les \u00e9v\u00e9nements de la vie (et la flemme d\u2019animer des s\u00e9ances de 3x500 m\u00e8tres toute ma vie) m\u2019ont conduit \u00e0 revoir mes plans. Me voil\u00e0 depuis fin 2017 sur Dicodusport, m\u00e9dia gr\u00e2ce (et pour) lequel je partage ma passion : le sport dans tous ses \u00e9tats. Le tout accompagn\u00e9 par les fous furieux et folles furieuses cit\u00e9s sur cette page !\",\"sameAs\":[\"https:\/\/www.facebook.com\/florent.ostermann\",\"https:\/\/x.com\/https:\/\/twitter.com\/FlOstermann\",\"admin\"],\"url\":\"https:\/\/dicodusport.fr\/blog\/author\/flo\/\"}]}<\/script>\n<!-- \/ Yoast SEO Premium plugin. -->","yoast_head_json":{"title":"XV de France : Composition des Bleus face \u00e0 l'Irlande","description":"TOURNOI DES 6 NATIONS 2023 - Ce mercredi, Fabien Galthi\u00e9, a d\u00e9voil\u00e9 la composition du XV de France pour affronter l'Irlande.","robots":{"index":"index","follow":"follow","max-snippet":"max-snippet:-1","max-image-preview":"max-image-preview:large","max-video-preview":"max-video-preview:-1"},"canonical":"https:\/\/dicodusport.fr\/blog\/xv-de-france-composition-des-bleus-face-a-lirlande\/","og_locale":"fr_FR","og_type":"article","og_title":"XV de France : Composition des Bleus face \u00e0 l'Irlande","og_description":"TOURNOI DES 6 NATIONS 2023 - Ce mercredi, Fabien Galthi\u00e9, a d\u00e9voil\u00e9 la composition du XV de France pour affronter l'Irlande.","og_url":"https:\/\/dicodusport.fr\/blog\/xv-de-france-composition-des-bleus-face-a-lirlande\/","og_site_name":"Dicodusport","article_publisher":"https:\/\/www.facebook.com\/dicodusport","article_author":"https:\/\/www.facebook.com\/florent.ostermann","article_published_time":"2023-02-09T11:01:47+00:00","article_modified_time":"2023-02-10T12:14:48+00:00","og_image":[{"width":800,"height":445,"url":"https:\/\/dicodusport.fr\/blog\/wp-content\/uploads\/2023\/02\/XV-de-France-Composition-des-Bleus-face-a-lIrlande.png","type":"image\/png"}],"author":"Flo Ostermann","twitter_card":"summary_large_image","twitter_title":"XV de France : Composition des Bleus face \u00e0 l'Irlande","twitter_creator":"@https:\/\/twitter.com\/FlOstermann","twitter_site":"@dicodusport","schema":{"@context":"https:\/\/schema.org","@graph":[{"@type":"NewsArticle","@id":"https:\/\/dicodusport.fr\/blog\/xv-de-france-composition-des-bleus-face-a-lirlande\/#article","isPartOf":{"@id":"https:\/\/dicodusport.fr\/blog\/xv-de-france-composition-des-bleus-face-a-lirlande\/"},"author":{"name":"Flo Ostermann","@id":"https:\/\/dicodusport.fr\/blog\/#\/schema\/person\/cb02af4c173ce4a653b55e9baf388d4a"},"headline":"XV de France : Composition des Bleus face \u00e0 l&rsquo;Irlande","datePublished":"2023-02-09T11:01:47+00:00","dateModified":"2023-02-10T12:14:48+00:00","mainEntityOfPage":{"@id":"https:\/\/dicodusport.fr\/blog\/xv-de-france-composition-des-bleus-face-a-lirlande\/"},"wordCount":321,"commentCount":0,"publisher":{"@id":"https:\/\/dicodusport.fr\/blog\/#organization"},"image":{"@id":"https:\/\/dicodusport.fr\/blog\/xv-de-france-composition-des-bleus-face-a-lirlande\/#primaryimage"},"thumbnailUrl":"https:\/\/dicodusport.fr\/blog\/wp-content\/uploads\/2023\/02\/XV-de-France-Composition-des-Bleus-face-a-lIrlande.png","keywords":["composition XV de France","Irlande","sport","XV de France"],"articleSection":["Rugby \u00e0 XV","Tournoi des 6 Nations","XV de France"],"inLanguage":"fr-FR","potentialAction":[{"@type":"CommentAction","name":"Comment","target":["https:\/\/dicodusport.fr\/blog\/xv-de-france-composition-des-bleus-face-a-lirlande\/#respond"]}],"copyrightYear":"2023","copyrightHolder":{"@id":"https:\/\/dicodusport.fr\/blog\/#organization"}},{"@type":"WebPage","@id":"https:\/\/dicodusport.fr\/blog\/xv-de-france-composition-des-bleus-face-a-lirlande\/","url":"https:\/\/dicodusport.fr\/blog\/xv-de-france-composition-des-bleus-face-a-lirlande\/","name":"XV de France : Composition des Bleus face \u00e0 l'Irlande","isPartOf":{"@id":"https:\/\/dicodusport.fr\/blog\/#website"},"primaryImageOfPage":{"@id":"https:\/\/dicodusport.fr\/blog\/xv-de-france-composition-des-bleus-face-a-lirlande\/#primaryimage"},"image":{"@id":"https:\/\/dicodusport.fr\/blog\/xv-de-france-composition-des-bleus-face-a-lirlande\/#primaryimage"},"thumbnailUrl":"https:\/\/dicodusport.fr\/blog\/wp-content\/uploads\/2023\/02\/XV-de-France-Composition-des-Bleus-face-a-lIrlande.png","datePublished":"2023-02-09T11:01:47+00:00","dateModified":"2023-02-10T12:14:48+00:00","description":"TOURNOI DES 6 NATIONS 2023 - Ce mercredi, Fabien Galthi\u00e9, a d\u00e9voil\u00e9 la composition du XV de France pour affronter l'Irlande.","breadcrumb":{"@id":"https:\/\/dicodusport.fr\/blog\/xv-de-france-composition-des-bleus-face-a-lirlande\/#breadcrumb"},"inLanguage":"fr-FR","potentialAction":[{"@type":"ReadAction","target":["https:\/\/dicodusport.fr\/blog\/xv-de-france-composition-des-bleus-face-a-lirlande\/"]}]},{"@type":"ImageObject","inLanguage":"fr-FR","@id":"https:\/\/dicodusport.fr\/blog\/xv-de-france-composition-des-bleus-face-a-lirlande\/#primaryimage","url":"https:\/\/dicodusport.fr\/blog\/wp-content\/uploads\/2023\/02\/XV-de-France-Composition-des-Bleus-face-a-lIrlande.png","contentUrl":"https:\/\/dicodusport.fr\/blog\/wp-content\/uploads\/2023\/02\/XV-de-France-Composition-des-Bleus-face-a-lIrlande.png","width":800,"height":445,"caption":"XV de France Composition des Bleus face \u00e0 l'Irlande"},{"@type":"BreadcrumbList","@id":"https:\/\/dicodusport.fr\/blog\/xv-de-france-composition-des-bleus-face-a-lirlande\/#breadcrumb","itemListElement":[{"@type":"ListItem","position":1,"name":"Accueil","item":"https:\/\/dicodusport.fr\/blog\/"},{"@type":"ListItem","position":2,"name":"XV de France : Composition des Bleus face \u00e0 l&rsquo;Irlande"}]},{"@type":"WebSite","@id":"https:\/\/dicodusport.fr\/blog\/#website","url":"https:\/\/dicodusport.fr\/blog\/","name":"Dicodusport","description":"L&#039;encyclop\u00e9die de l&#039;actualit\u00e9 sportive","publisher":{"@id":"https:\/\/dicodusport.fr\/blog\/#organization"},"potentialAction":[{"@type":"SearchAction","target":{"@type":"EntryPoint","urlTemplate":"https:\/\/dicodusport.fr\/blog\/?s={search_term_string}"},"query-input":{"@type":"PropertyValueSpecification","valueRequired":true,"valueName":"search_term_string"}}],"inLanguage":"fr-FR"},{"@type":"NewsMediaOrganization","@id":"https:\/\/dicodusport.fr\/blog\/#organization","name":"Dicodusport","url":"https:\/\/dicodusport.fr\/blog\/","logo":{"@type":"ImageObject","inLanguage":"fr-FR","@id":"https:\/\/dicodusport.fr\/blog\/#\/schema\/logo\/image\/","url":"https:\/\/dicodusport.fr\/blog\/wp-content\/uploads\/2020\/06\/cropped-LOGO-DICODUSPORT-2020-SANS-FOND-SANS-TEXTE.png","contentUrl":"https:\/\/dicodusport.fr\/blog\/wp-content\/uploads\/2020\/06\/cropped-LOGO-DICODUSPORT-2020-SANS-FOND-SANS-TEXTE.png","width":512,"height":512,"caption":"Dicodusport"},"image":{"@id":"https:\/\/dicodusport.fr\/blog\/#\/schema\/logo\/image\/"},"sameAs":["https:\/\/www.facebook.com\/dicodusport","https:\/\/x.com\/dicodusport","https:\/\/www.instagram.com\/dicodusport\/","https:\/\/www.youtube.com\/channel\/UC7V2KZ5sd3htJivAbA4ZG3w"],"description":"Dicodusport est l'encyclop\u00e9die de l'actualit\u00e9 sportive.","email":"bonjour@dicodusport.fr","legalName":"DICODUSPORT","foundingDate":"2018-01-14","vatID":"FR71834470973","taxID":"83447097300043","numberOfEmployees":{"@type":"QuantitativeValue","minValue":"1","maxValue":"10"}},{"@type":"Person","@id":"https:\/\/dicodusport.fr\/blog\/#\/schema\/person\/cb02af4c173ce4a653b55e9baf388d4a","name":"Flo Ostermann","image":{"@type":"ImageObject","inLanguage":"fr-FR","@id":"https:\/\/dicodusport.fr\/blog\/#\/schema\/person\/image\/","url":"https:\/\/dicodusport.fr\/blog\/wp-content\/uploads\/2021\/05\/Flo-Ostermann-150x150.jpg","contentUrl":"https:\/\/dicodusport.fr\/blog\/wp-content\/uploads\/2021\/05\/Flo-Ostermann-150x150.jpg","caption":"Flo Ostermann"},"description":"Journaliste\/R\u00e9dacteur depuis septembre 2015 - Mes premiers souvenirs dans le sport ? Les envol\u00e9es du Stade Toulousain et les duels Villeneuve-Schumacher et H\u00e4kkinen-Schumacher \u00e0 la fin des ann\u00e9es 90, la Coupe du monde de football en 1998, l\u2019exploit du XV de France face aux All Blacks en 1999, mais aussi Richard C\u0153ur de Lion qui vole sur les montagnes du Tour de France. Bien parti pour devenir professeur d\u2019EPS, les \u00e9v\u00e9nements de la vie (et la flemme d\u2019animer des s\u00e9ances de 3x500 m\u00e8tres toute ma vie) m\u2019ont conduit \u00e0 revoir mes plans. Me voil\u00e0 depuis fin 2017 sur Dicodusport, m\u00e9dia gr\u00e2ce (et pour) lequel je partage ma passion : le sport dans tous ses \u00e9tats. Le tout accompagn\u00e9 par les fous furieux et folles furieuses cit\u00e9s sur cette page !","sameAs":["https:\/\/www.facebook.com\/florent.ostermann","https:\/\/x.com\/https:\/\/twitter.com\/FlOstermann","admin"],"url":"https:\/\/dicodusport.fr\/blog\/author\/flo\/"}]}},"_links":{"self":[{"href":"https:\/\/dicodusport.fr\/blog\/wp-json\/wp\/v2\/posts\/353474","targetHints":{"allow":["GET"]}}],"collection":[{"href":"https:\/\/dicodusport.fr\/blog\/wp-json\/wp\/v2\/posts"}],"about":[{"href":"https:\/\/dicodusport.fr\/blog\/wp-json\/wp\/v2\/types\/post"}],"author":[{"embeddable":true,"href":"https:\/\/dicodusport.fr\/blog\/wp-json\/wp\/v2\/users\/4"}],"replies":[{"embeddable":true,"href":"https:\/\/dicodusport.fr\/blog\/wp-json\/wp\/v2\/comments?post=353474"}],"version-history":[{"count":0,"href":"https:\/\/dicodusport.fr\/blog\/wp-json\/wp\/v2\/posts\/353474\/revisions"}],"wp:featuredmedia":[{"embeddable":true,"href":"https:\/\/dicodusport.fr\/blog\/wp-json\/wp\/v2\/media\/353502"}],"wp:attachment":[{"href":"https:\/\/dicodusport.fr\/blog\/wp-json\/wp\/v2\/media?parent=353474"}],"wp:term":[{"taxonomy":"category","embeddable":true,"href":"https:\/\/dicodusport.fr\/blog\/wp-json\/wp\/v2\/categories?post=353474"},{"taxonomy":"post_tag","embeddable":true,"href":"https:\/\/dicodusport.fr\/blog\/wp-json\/wp\/v2\/tags?post=353474"}],"curies":[{"name":"wp","href":"https:\/\/api.w.org\/{rel}","templated":true}]}}