{"id":353713,"date":"2023-02-09T18:53:32","date_gmt":"2023-02-09T17:53:32","guid":{"rendered":"https:\/\/dicodusport.fr\/blog\/?p=353713&#038;preview=true&#038;preview_id=353713"},"modified":"2023-02-09T19:03:26","modified_gmt":"2023-02-09T18:03:26","slug":"psg-lionel-messi-incertain-face-au-bayern-munich","status":"publish","type":"post","link":"https:\/\/dicodusport.fr\/blog\/psg-lionel-messi-incertain-face-au-bayern-munich\/","title":{"rendered":"PSG : Lionel Messi incertain face au Bayern Munich"},"content":{"rendered":"<p align=\"justify\"><em><strong>FOOTBALL &#8211; Selon nos confr\u00e8res de L&rsquo;\u00c9quipe, Lionel Messi est incertain pour le match aller du PSG face au Bayern Munich en Ligue des Champions.\u00a0<\/strong><\/em><\/p>\n<p align=\"justify\">Alors que <strong>Kylian<\/strong> <strong>Mbapp\u00e9<\/strong> est d\u00e9j\u00e0 forfait pour le huiti\u00e8me de finale aller au Parc des Princes, <strong>Lionel<\/strong> <strong>Messi<\/strong> est lui incertain \u00e0 cause d&rsquo;une blessure aux ischios-jambiers. L&rsquo;Argentin est d\u00e9j\u00e0 forfait pour le <a href=\"https:\/\/dicodusport.fr\/blog\/monaco-paris-a-quelle-heure-et-sur-quelle-chaine\/\" target=\"_blank\" rel=\"noopener\">match face \u00e0 l&rsquo;AS Monaco<\/a> samedi et pourrait aussi d\u00e9clarer forfait pour le choc de <strong>Ligue des Champions<\/strong>. Alors que <strong>Neymar<\/strong> affiche une forme d\u00e9cevante depuis plusieurs semaines, ce serait un vrai coup dur pour le <strong>PSG<\/strong>. Le champion du monde 2022 n&rsquo;est pas encore forfait mais dans tous les cas, dur de penser qu&rsquo;il sera \u00e0 100% pour jouer le <strong>Bayern<\/strong> <strong>Munich<\/strong> s&rsquo;il est align\u00e9.<\/p>\n<blockquote class=\"twitter-tweet\">\n<p dir=\"ltr\" lang=\"fr\">Lionel Messi s&rsquo;est bless\u00e9 durant la rencontre face \u00e0 l&rsquo;OM (1-2), mercredi en Coupe de France. L&rsquo;Argentin est forfait pour le d\u00e9placement \u00e0 Monaco et incertain pour la r\u00e9ception du Bayern Munich en Ligue des champions <a href=\"https:\/\/t.co\/bKaeNNW09w\">https:\/\/t.co\/bKaeNNW09w<\/a> <a href=\"https:\/\/t.co\/9RFshYwpS6\">pic.twitter.com\/9RFshYwpS6<\/a><\/p>\n<p>\u2014 L&rsquo;\u00c9QUIPE (@lequipe) <a href=\"https:\/\/twitter.com\/lequipe\/status\/1623741096575610882?ref_src=twsrc%5Etfw\">February 9, 2023<\/a><\/p><\/blockquote>\n<p><script async src=\"https:\/\/platform.twitter.com\/widgets.js\" charset=\"utf-8\"><\/script><\/p>\n","protected":false},"excerpt":{"rendered":"<p>FOOTBALL &#8211; Selon nos confr\u00e8res de L&rsquo;\u00c9quipe, Lionel Messi est incertain pour le match aller face au Bayern Munich en Ligue des Champions.\u00a0<\/p>\n","protected":false},"author":1,"featured_media":283069,"comment_status":"open","ping_status":"closed","sticky":false,"template":"","format":"standard","meta":{"_acf_changed":false,"_daextam_enable_autolinks":"","footnotes":""},"categories":[2301],"tags":[75,4811,3070,910],"class_list":["post-353713","post","type-post","status-publish","format-standard","has-post-thumbnail","hentry","category-football","tag-football","tag-lionel-messi","tag-messi","tag-psg"],"acf":[],"yoast_head":"<!-- This site is optimized with the Yoast SEO Premium plugin v26.7 (Yoast SEO v26.7) - https:\/\/yoast.com\/wordpress\/plugins\/seo\/ -->\n<title>PSG : Lionel Messi incertain face au Bayern Munich<\/title>\n<meta name=\"description\" content=\"LIGUE DES CHAMPIONS - Selon nos confr\u00e8res de L&#039;\u00c9quipe, Lionel Messi est incertain pour le match aller du PSG face au Bayern Munich.\" \/>\n<meta name=\"robots\" content=\"index, follow, max-snippet:-1, max-image-preview:large, max-video-preview:-1\" \/>\n<link rel=\"canonical\" href=\"https:\/\/dicodusport.fr\/blog\/psg-lionel-messi-incertain-face-au-bayern-munich\/\" \/>\n<meta property=\"og:locale\" content=\"fr_FR\" \/>\n<meta property=\"og:type\" content=\"article\" \/>\n<meta property=\"og:title\" content=\"PSG : Lionel Messi incertain face au Bayern Munich\" \/>\n<meta property=\"og:description\" content=\"LIGUE DES CHAMPIONS - Selon nos confr\u00e8res de L&#039;\u00c9quipe, Lionel Messi est incertain pour le match aller du PSG face au Bayern Munich.\" \/>\n<meta property=\"og:url\" content=\"https:\/\/dicodusport.fr\/blog\/psg-lionel-messi-incertain-face-au-bayern-munich\/\" \/>\n<meta property=\"og:site_name\" content=\"Dicodusport\" \/>\n<meta property=\"article:publisher\" content=\"https:\/\/www.facebook.com\/dicodusport\" \/>\n<meta property=\"article:author\" content=\"https:\/\/www.facebook.com\/dicodusport\" \/>\n<meta property=\"article:published_time\" content=\"2023-02-09T17:53:32+00:00\" \/>\n<meta property=\"article:modified_time\" content=\"2023-02-09T18:03:26+00:00\" \/>\n<meta property=\"og:image\" content=\"https:\/\/dicodusport.fr\/blog\/wp-content\/uploads\/2022\/11\/Mercato-Lionel-Messi-devrait-quitter-le-PSG-pour-les-E\u0301tats-Unis.png\" \/>\n\t<meta property=\"og:image:width\" content=\"800\" \/>\n\t<meta property=\"og:image:height\" content=\"445\" \/>\n\t<meta property=\"og:image:type\" content=\"image\/png\" \/>\n<meta name=\"author\" content=\"Nicolas Jacquemard\" \/>\n<meta name=\"twitter:card\" content=\"summary_large_image\" \/>\n<meta name=\"twitter:title\" content=\"PSG : Lionel Messi incertain face au Bayern Munich\" \/>\n<meta name=\"twitter:creator\" content=\"@https:\/\/twitter.com\/Nico_Jacquemard\" \/>\n<meta name=\"twitter:site\" content=\"@dicodusport\" \/>\n<script type=\"application\/ld+json\" class=\"yoast-schema-graph\">{\"@context\":\"https:\/\/schema.org\",\"@graph\":[{\"@type\":\"NewsArticle\",\"@id\":\"https:\/\/dicodusport.fr\/blog\/psg-lionel-messi-incertain-face-au-bayern-munich\/#article\",\"isPartOf\":{\"@id\":\"https:\/\/dicodusport.fr\/blog\/psg-lionel-messi-incertain-face-au-bayern-munich\/\"},\"author\":{\"name\":\"Nicolas Jacquemard\",\"@id\":\"https:\/\/dicodusport.fr\/blog\/#\/schema\/person\/55dcb50ad410894e431ed812bbb70191\"},\"headline\":\"PSG : Lionel Messi incertain face au Bayern Munich\",\"datePublished\":\"2023-02-09T17:53:32+00:00\",\"dateModified\":\"2023-02-09T18:03:26+00:00\",\"mainEntityOfPage\":{\"@id\":\"https:\/\/dicodusport.fr\/blog\/psg-lionel-messi-incertain-face-au-bayern-munich\/\"},\"wordCount\":193,\"commentCount\":0,\"publisher\":{\"@id\":\"https:\/\/dicodusport.fr\/blog\/#organization\"},\"image\":{\"@id\":\"https:\/\/dicodusport.fr\/blog\/psg-lionel-messi-incertain-face-au-bayern-munich\/#primaryimage\"},\"thumbnailUrl\":\"https:\/\/dicodusport.fr\/blog\/wp-content\/uploads\/2022\/11\/Mercato-Lionel-Messi-devrait-quitter-le-PSG-pour-les-E\u0301tats-Unis.png\",\"keywords\":[\"Football\",\"Lionel Messi\",\"messi\",\"PSG\"],\"articleSection\":[\"Football\"],\"inLanguage\":\"fr-FR\",\"potentialAction\":[{\"@type\":\"CommentAction\",\"name\":\"Comment\",\"target\":[\"https:\/\/dicodusport.fr\/blog\/psg-lionel-messi-incertain-face-au-bayern-munich\/#respond\"]}],\"copyrightYear\":\"2023\",\"copyrightHolder\":{\"@id\":\"https:\/\/dicodusport.fr\/blog\/#organization\"}},{\"@type\":\"WebPage\",\"@id\":\"https:\/\/dicodusport.fr\/blog\/psg-lionel-messi-incertain-face-au-bayern-munich\/\",\"url\":\"https:\/\/dicodusport.fr\/blog\/psg-lionel-messi-incertain-face-au-bayern-munich\/\",\"name\":\"PSG : Lionel Messi incertain face au Bayern Munich\",\"isPartOf\":{\"@id\":\"https:\/\/dicodusport.fr\/blog\/#website\"},\"primaryImageOfPage\":{\"@id\":\"https:\/\/dicodusport.fr\/blog\/psg-lionel-messi-incertain-face-au-bayern-munich\/#primaryimage\"},\"image\":{\"@id\":\"https:\/\/dicodusport.fr\/blog\/psg-lionel-messi-incertain-face-au-bayern-munich\/#primaryimage\"},\"thumbnailUrl\":\"https:\/\/dicodusport.fr\/blog\/wp-content\/uploads\/2022\/11\/Mercato-Lionel-Messi-devrait-quitter-le-PSG-pour-les-E\u0301tats-Unis.png\",\"datePublished\":\"2023-02-09T17:53:32+00:00\",\"dateModified\":\"2023-02-09T18:03:26+00:00\",\"description\":\"LIGUE DES CHAMPIONS - Selon nos confr\u00e8res de L'\u00c9quipe, Lionel Messi est incertain pour le match aller du PSG face au Bayern Munich.\",\"breadcrumb\":{\"@id\":\"https:\/\/dicodusport.fr\/blog\/psg-lionel-messi-incertain-face-au-bayern-munich\/#breadcrumb\"},\"inLanguage\":\"fr-FR\",\"potentialAction\":[{\"@type\":\"ReadAction\",\"target\":[\"https:\/\/dicodusport.fr\/blog\/psg-lionel-messi-incertain-face-au-bayern-munich\/\"]}]},{\"@type\":\"ImageObject\",\"inLanguage\":\"fr-FR\",\"@id\":\"https:\/\/dicodusport.fr\/blog\/psg-lionel-messi-incertain-face-au-bayern-munich\/#primaryimage\",\"url\":\"https:\/\/dicodusport.fr\/blog\/wp-content\/uploads\/2022\/11\/Mercato-Lionel-Messi-devrait-quitter-le-PSG-pour-les-E\u0301tats-Unis.png\",\"contentUrl\":\"https:\/\/dicodusport.fr\/blog\/wp-content\/uploads\/2022\/11\/Mercato-Lionel-Messi-devrait-quitter-le-PSG-pour-les-E\u0301tats-Unis.png\",\"width\":800,\"height\":445},{\"@type\":\"BreadcrumbList\",\"@id\":\"https:\/\/dicodusport.fr\/blog\/psg-lionel-messi-incertain-face-au-bayern-munich\/#breadcrumb\",\"itemListElement\":[{\"@type\":\"ListItem\",\"position\":1,\"name\":\"Accueil\",\"item\":\"https:\/\/dicodusport.fr\/blog\/\"},{\"@type\":\"ListItem\",\"position\":2,\"name\":\"PSG : Lionel Messi incertain face au Bayern Munich\"}]},{\"@type\":\"WebSite\",\"@id\":\"https:\/\/dicodusport.fr\/blog\/#website\",\"url\":\"https:\/\/dicodusport.fr\/blog\/\",\"name\":\"Dicodusport\",\"description\":\"L&#039;encyclop\u00e9die de l&#039;actualit\u00e9 sportive\",\"publisher\":{\"@id\":\"https:\/\/dicodusport.fr\/blog\/#organization\"},\"potentialAction\":[{\"@type\":\"SearchAction\",\"target\":{\"@type\":\"EntryPoint\",\"urlTemplate\":\"https:\/\/dicodusport.fr\/blog\/?s={search_term_string}\"},\"query-input\":{\"@type\":\"PropertyValueSpecification\",\"valueRequired\":true,\"valueName\":\"search_term_string\"}}],\"inLanguage\":\"fr-FR\"},{\"@type\":\"NewsMediaOrganization\",\"@id\":\"https:\/\/dicodusport.fr\/blog\/#organization\",\"name\":\"Dicodusport\",\"url\":\"https:\/\/dicodusport.fr\/blog\/\",\"logo\":{\"@type\":\"ImageObject\",\"inLanguage\":\"fr-FR\",\"@id\":\"https:\/\/dicodusport.fr\/blog\/#\/schema\/logo\/image\/\",\"url\":\"https:\/\/dicodusport.fr\/blog\/wp-content\/uploads\/2020\/06\/cropped-LOGO-DICODUSPORT-2020-SANS-FOND-SANS-TEXTE.png\",\"contentUrl\":\"https:\/\/dicodusport.fr\/blog\/wp-content\/uploads\/2020\/06\/cropped-LOGO-DICODUSPORT-2020-SANS-FOND-SANS-TEXTE.png\",\"width\":512,\"height\":512,\"caption\":\"Dicodusport\"},\"image\":{\"@id\":\"https:\/\/dicodusport.fr\/blog\/#\/schema\/logo\/image\/\"},\"sameAs\":[\"https:\/\/www.facebook.com\/dicodusport\",\"https:\/\/x.com\/dicodusport\",\"https:\/\/www.instagram.com\/dicodusport\/\",\"https:\/\/www.youtube.com\/channel\/UC7V2KZ5sd3htJivAbA4ZG3w\"],\"description\":\"Dicodusport est l'encyclop\u00e9die de l'actualit\u00e9 sportive.\",\"email\":\"bonjour@dicodusport.fr\",\"legalName\":\"DICODUSPORT\",\"foundingDate\":\"2018-01-14\",\"vatID\":\"FR71834470973\",\"taxID\":\"83447097300043\",\"numberOfEmployees\":{\"@type\":\"QuantitativeValue\",\"minValue\":\"1\",\"maxValue\":\"10\"}},{\"@type\":\"Person\",\"@id\":\"https:\/\/dicodusport.fr\/blog\/#\/schema\/person\/55dcb50ad410894e431ed812bbb70191\",\"name\":\"Nicolas Jacquemard\",\"image\":{\"@type\":\"ImageObject\",\"inLanguage\":\"fr-FR\",\"@id\":\"https:\/\/dicodusport.fr\/blog\/#\/schema\/person\/image\/\",\"url\":\"https:\/\/dicodusport.fr\/blog\/wp-content\/uploads\/2021\/05\/Nicolas-Jacquemard-150x150.jpeg\",\"contentUrl\":\"https:\/\/dicodusport.fr\/blog\/wp-content\/uploads\/2021\/05\/Nicolas-Jacquemard-150x150.jpeg\",\"caption\":\"Nicolas Jacquemard\"},\"description\":\"Passionn\u00e9 de sport et entrepreneur depuis mes 18 ans, la cr\u00e9ation de Dicodusport m'a sembl\u00e9 \u00e9vidente pour participer \u00e0 la m\u00e9diatisation d'un plus grand nombre de sports. Le chemin est long mais avec une \u00e9quipe des plus motiv\u00e9es et les Jeux Olympiques de Paris 2024 en point de mire, nous y arriverons ! Journaliste dans le monde du sport depuis plus de 5 ans, je traite aussi bien de football, de rugby, de biathlon que de cyclisme.\",\"sameAs\":[\"https:\/\/www.facebook.com\/dicodusport\",\"https:\/\/x.com\/https:\/\/twitter.com\/Nico_Jacquemard\"],\"url\":\"https:\/\/dicodusport.fr\/blog\/author\/dicodusport\/\"}]}<\/script>\n<!-- \/ Yoast SEO Premium plugin. -->","yoast_head_json":{"title":"PSG : Lionel Messi incertain face au Bayern Munich","description":"LIGUE DES CHAMPIONS - Selon nos confr\u00e8res de L'\u00c9quipe, Lionel Messi est incertain pour le match aller du PSG face au Bayern Munich.","robots":{"index":"index","follow":"follow","max-snippet":"max-snippet:-1","max-image-preview":"max-image-preview:large","max-video-preview":"max-video-preview:-1"},"canonical":"https:\/\/dicodusport.fr\/blog\/psg-lionel-messi-incertain-face-au-bayern-munich\/","og_locale":"fr_FR","og_type":"article","og_title":"PSG : Lionel Messi incertain face au Bayern Munich","og_description":"LIGUE DES CHAMPIONS - Selon nos confr\u00e8res de L'\u00c9quipe, Lionel Messi est incertain pour le match aller du PSG face au Bayern Munich.","og_url":"https:\/\/dicodusport.fr\/blog\/psg-lionel-messi-incertain-face-au-bayern-munich\/","og_site_name":"Dicodusport","article_publisher":"https:\/\/www.facebook.com\/dicodusport","article_author":"https:\/\/www.facebook.com\/dicodusport","article_published_time":"2023-02-09T17:53:32+00:00","article_modified_time":"2023-02-09T18:03:26+00:00","og_image":[{"width":800,"height":445,"url":"https:\/\/dicodusport.fr\/blog\/wp-content\/uploads\/2022\/11\/Mercato-Lionel-Messi-devrait-quitter-le-PSG-pour-les-E\u0301tats-Unis.png","type":"image\/png"}],"author":"Nicolas Jacquemard","twitter_card":"summary_large_image","twitter_title":"PSG : Lionel Messi incertain face au Bayern Munich","twitter_creator":"@https:\/\/twitter.com\/Nico_Jacquemard","twitter_site":"@dicodusport","schema":{"@context":"https:\/\/schema.org","@graph":[{"@type":"NewsArticle","@id":"https:\/\/dicodusport.fr\/blog\/psg-lionel-messi-incertain-face-au-bayern-munich\/#article","isPartOf":{"@id":"https:\/\/dicodusport.fr\/blog\/psg-lionel-messi-incertain-face-au-bayern-munich\/"},"author":{"name":"Nicolas Jacquemard","@id":"https:\/\/dicodusport.fr\/blog\/#\/schema\/person\/55dcb50ad410894e431ed812bbb70191"},"headline":"PSG : Lionel Messi incertain face au Bayern Munich","datePublished":"2023-02-09T17:53:32+00:00","dateModified":"2023-02-09T18:03:26+00:00","mainEntityOfPage":{"@id":"https:\/\/dicodusport.fr\/blog\/psg-lionel-messi-incertain-face-au-bayern-munich\/"},"wordCount":193,"commentCount":0,"publisher":{"@id":"https:\/\/dicodusport.fr\/blog\/#organization"},"image":{"@id":"https:\/\/dicodusport.fr\/blog\/psg-lionel-messi-incertain-face-au-bayern-munich\/#primaryimage"},"thumbnailUrl":"https:\/\/dicodusport.fr\/blog\/wp-content\/uploads\/2022\/11\/Mercato-Lionel-Messi-devrait-quitter-le-PSG-pour-les-E\u0301tats-Unis.png","keywords":["Football","Lionel Messi","messi","PSG"],"articleSection":["Football"],"inLanguage":"fr-FR","potentialAction":[{"@type":"CommentAction","name":"Comment","target":["https:\/\/dicodusport.fr\/blog\/psg-lionel-messi-incertain-face-au-bayern-munich\/#respond"]}],"copyrightYear":"2023","copyrightHolder":{"@id":"https:\/\/dicodusport.fr\/blog\/#organization"}},{"@type":"WebPage","@id":"https:\/\/dicodusport.fr\/blog\/psg-lionel-messi-incertain-face-au-bayern-munich\/","url":"https:\/\/dicodusport.fr\/blog\/psg-lionel-messi-incertain-face-au-bayern-munich\/","name":"PSG : Lionel Messi incertain face au Bayern Munich","isPartOf":{"@id":"https:\/\/dicodusport.fr\/blog\/#website"},"primaryImageOfPage":{"@id":"https:\/\/dicodusport.fr\/blog\/psg-lionel-messi-incertain-face-au-bayern-munich\/#primaryimage"},"image":{"@id":"https:\/\/dicodusport.fr\/blog\/psg-lionel-messi-incertain-face-au-bayern-munich\/#primaryimage"},"thumbnailUrl":"https:\/\/dicodusport.fr\/blog\/wp-content\/uploads\/2022\/11\/Mercato-Lionel-Messi-devrait-quitter-le-PSG-pour-les-E\u0301tats-Unis.png","datePublished":"2023-02-09T17:53:32+00:00","dateModified":"2023-02-09T18:03:26+00:00","description":"LIGUE DES CHAMPIONS - Selon nos confr\u00e8res de L'\u00c9quipe, Lionel Messi est incertain pour le match aller du PSG face au Bayern Munich.","breadcrumb":{"@id":"https:\/\/dicodusport.fr\/blog\/psg-lionel-messi-incertain-face-au-bayern-munich\/#breadcrumb"},"inLanguage":"fr-FR","potentialAction":[{"@type":"ReadAction","target":["https:\/\/dicodusport.fr\/blog\/psg-lionel-messi-incertain-face-au-bayern-munich\/"]}]},{"@type":"ImageObject","inLanguage":"fr-FR","@id":"https:\/\/dicodusport.fr\/blog\/psg-lionel-messi-incertain-face-au-bayern-munich\/#primaryimage","url":"https:\/\/dicodusport.fr\/blog\/wp-content\/uploads\/2022\/11\/Mercato-Lionel-Messi-devrait-quitter-le-PSG-pour-les-E\u0301tats-Unis.png","contentUrl":"https:\/\/dicodusport.fr\/blog\/wp-content\/uploads\/2022\/11\/Mercato-Lionel-Messi-devrait-quitter-le-PSG-pour-les-E\u0301tats-Unis.png","width":800,"height":445},{"@type":"BreadcrumbList","@id":"https:\/\/dicodusport.fr\/blog\/psg-lionel-messi-incertain-face-au-bayern-munich\/#breadcrumb","itemListElement":[{"@type":"ListItem","position":1,"name":"Accueil","item":"https:\/\/dicodusport.fr\/blog\/"},{"@type":"ListItem","position":2,"name":"PSG : Lionel Messi incertain face au Bayern Munich"}]},{"@type":"WebSite","@id":"https:\/\/dicodusport.fr\/blog\/#website","url":"https:\/\/dicodusport.fr\/blog\/","name":"Dicodusport","description":"L&#039;encyclop\u00e9die de l&#039;actualit\u00e9 sportive","publisher":{"@id":"https:\/\/dicodusport.fr\/blog\/#organization"},"potentialAction":[{"@type":"SearchAction","target":{"@type":"EntryPoint","urlTemplate":"https:\/\/dicodusport.fr\/blog\/?s={search_term_string}"},"query-input":{"@type":"PropertyValueSpecification","valueRequired":true,"valueName":"search_term_string"}}],"inLanguage":"fr-FR"},{"@type":"NewsMediaOrganization","@id":"https:\/\/dicodusport.fr\/blog\/#organization","name":"Dicodusport","url":"https:\/\/dicodusport.fr\/blog\/","logo":{"@type":"ImageObject","inLanguage":"fr-FR","@id":"https:\/\/dicodusport.fr\/blog\/#\/schema\/logo\/image\/","url":"https:\/\/dicodusport.fr\/blog\/wp-content\/uploads\/2020\/06\/cropped-LOGO-DICODUSPORT-2020-SANS-FOND-SANS-TEXTE.png","contentUrl":"https:\/\/dicodusport.fr\/blog\/wp-content\/uploads\/2020\/06\/cropped-LOGO-DICODUSPORT-2020-SANS-FOND-SANS-TEXTE.png","width":512,"height":512,"caption":"Dicodusport"},"image":{"@id":"https:\/\/dicodusport.fr\/blog\/#\/schema\/logo\/image\/"},"sameAs":["https:\/\/www.facebook.com\/dicodusport","https:\/\/x.com\/dicodusport","https:\/\/www.instagram.com\/dicodusport\/","https:\/\/www.youtube.com\/channel\/UC7V2KZ5sd3htJivAbA4ZG3w"],"description":"Dicodusport est l'encyclop\u00e9die de l'actualit\u00e9 sportive.","email":"bonjour@dicodusport.fr","legalName":"DICODUSPORT","foundingDate":"2018-01-14","vatID":"FR71834470973","taxID":"83447097300043","numberOfEmployees":{"@type":"QuantitativeValue","minValue":"1","maxValue":"10"}},{"@type":"Person","@id":"https:\/\/dicodusport.fr\/blog\/#\/schema\/person\/55dcb50ad410894e431ed812bbb70191","name":"Nicolas Jacquemard","image":{"@type":"ImageObject","inLanguage":"fr-FR","@id":"https:\/\/dicodusport.fr\/blog\/#\/schema\/person\/image\/","url":"https:\/\/dicodusport.fr\/blog\/wp-content\/uploads\/2021\/05\/Nicolas-Jacquemard-150x150.jpeg","contentUrl":"https:\/\/dicodusport.fr\/blog\/wp-content\/uploads\/2021\/05\/Nicolas-Jacquemard-150x150.jpeg","caption":"Nicolas Jacquemard"},"description":"Passionn\u00e9 de sport et entrepreneur depuis mes 18 ans, la cr\u00e9ation de Dicodusport m'a sembl\u00e9 \u00e9vidente pour participer \u00e0 la m\u00e9diatisation d'un plus grand nombre de sports. Le chemin est long mais avec une \u00e9quipe des plus motiv\u00e9es et les Jeux Olympiques de Paris 2024 en point de mire, nous y arriverons ! Journaliste dans le monde du sport depuis plus de 5 ans, je traite aussi bien de football, de rugby, de biathlon que de cyclisme.","sameAs":["https:\/\/www.facebook.com\/dicodusport","https:\/\/x.com\/https:\/\/twitter.com\/Nico_Jacquemard"],"url":"https:\/\/dicodusport.fr\/blog\/author\/dicodusport\/"}]}},"_links":{"self":[{"href":"https:\/\/dicodusport.fr\/blog\/wp-json\/wp\/v2\/posts\/353713","targetHints":{"allow":["GET"]}}],"collection":[{"href":"https:\/\/dicodusport.fr\/blog\/wp-json\/wp\/v2\/posts"}],"about":[{"href":"https:\/\/dicodusport.fr\/blog\/wp-json\/wp\/v2\/types\/post"}],"author":[{"embeddable":true,"href":"https:\/\/dicodusport.fr\/blog\/wp-json\/wp\/v2\/users\/1"}],"replies":[{"embeddable":true,"href":"https:\/\/dicodusport.fr\/blog\/wp-json\/wp\/v2\/comments?post=353713"}],"version-history":[{"count":0,"href":"https:\/\/dicodusport.fr\/blog\/wp-json\/wp\/v2\/posts\/353713\/revisions"}],"wp:featuredmedia":[{"embeddable":true,"href":"https:\/\/dicodusport.fr\/blog\/wp-json\/wp\/v2\/media\/283069"}],"wp:attachment":[{"href":"https:\/\/dicodusport.fr\/blog\/wp-json\/wp\/v2\/media?parent=353713"}],"wp:term":[{"taxonomy":"category","embeddable":true,"href":"https:\/\/dicodusport.fr\/blog\/wp-json\/wp\/v2\/categories?post=353713"},{"taxonomy":"post_tag","embeddable":true,"href":"https:\/\/dicodusport.fr\/blog\/wp-json\/wp\/v2\/tags?post=353713"}],"curies":[{"name":"wp","href":"https:\/\/api.w.org\/{rel}","templated":true}]}}