{"id":353740,"date":"2023-02-09T20:07:42","date_gmt":"2023-02-09T19:07:42","guid":{"rendered":"https:\/\/dicodusport.fr\/blog\/?p=353740"},"modified":"2023-02-10T18:32:20","modified_gmt":"2023-02-10T17:32:20","slug":"piste-championnats-deurope-2023-valentine-fortin-vice-championne-deurope-de-lelimination","status":"publish","type":"post","link":"https:\/\/dicodusport.fr\/blog\/piste-championnats-deurope-2023-valentine-fortin-vice-championne-deurope-de-lelimination\/","title":{"rendered":"Piste Championnats d&rsquo;Europe 2023 : Valentine Fortin vice-championne d&rsquo;Europe de l&rsquo;\u00e9limination"},"content":{"rendered":"<p style=\"text-align: justify;\"><strong><em><a href=\"https:\/\/dicodusport.fr\/blog\/programme-et-resultats-championnats-deurope-de-cyclisme-sur-piste-2023\/\">CHAMPIONNATS D&rsquo;EUROPE DE CYCLISME SUR PISTE 2023<\/a> &#8211; Les m\u00e9dailles commencent \u00e0 affluer dans le camp fran\u00e7ais. Quelques minutes apr\u00e8s <a href=\"https:\/\/dicodusport.fr\/blog\/piste-championnats-deurope-2023-donavan-grondin-en-bronze-sur-la-course-aux-points\/\">le bronze de Donavan Grondin<\/a>, Valentine Fortin s&rsquo;est elle par\u00e9e d&rsquo;argent lors de l&rsquo;\u00e9limination, seulement battue par la championne du monde en titre.<\/em><\/strong><\/p>\n<h2 style=\"text-align: justify;\">L&rsquo;argent apr\u00e8s l&rsquo;or pour Fortin<\/h2>\n<p style=\"text-align: justify;\">Championne d&rsquo;Europe surprise en 2021, <strong>Valentine Fortin<\/strong> n&rsquo;\u00e9tait pas loin de r\u00e9it\u00e9rer pareil exploit. Dans une course \u00e0 la startlist tr\u00e8s relev\u00e9e, il fallait \u00e9viter les pi\u00e8ges de l&rsquo;\u00e9limination, o\u00f9 ce n&rsquo;est pas n\u00e9cessairement la plus forte qui gagne. Au pied du podium l&rsquo;an dernier, <strong>Fortin<\/strong> est bien d\u00e9cid\u00e9e \u00e0 reprendre son titre acquis \u00e0 domicile. Parfaite dans son d\u00e9but de course, elle voit une de ses plus s\u00e9rieuses concurrentes se faire pi\u00e9ger tr\u00e8s t\u00f4t, l&rsquo;Italienne <strong>Rachele Barbieri<\/strong>. Plus les tours passent, plus on se prend \u00e0 r\u00eaver de la plus belle des m\u00e9dailles. Alors qu&rsquo;elles ne sont plus que quatre, la Britannique <strong>Elinor Barker<\/strong> passe \u00e0 la trappe, garantissant par la m\u00eame occasion une m\u00e9daille \u00e0 la Fran\u00e7aise.<\/p>\n<p style=\"text-align: justify;\">M\u00e9daill\u00e9e de bronze, la N\u00e9erlandaise <strong>Maike van der Duin<\/strong> doit laisser sans doute ce qui se fait de mieux dans le monde dans cette \u00e9preuve. Championne du monde et d&rsquo;Europe en titre, la Belge <strong>Lotte Kopecky<\/strong> aura pour adversaire Valentine Fortin, championne d&rsquo;Europe il y a deux ans sur cette m\u00eame piste. Favorite, c&rsquo;est la Belge qui l&#8217;emporte d&rsquo;une demi-roue. Une performance qui ne fait que confirmer les espoirs plac\u00e9s sur la Fran\u00e7aise en vue des JO de Paris.<\/p>\n<blockquote class=\"twitter-tweet\">\n<p dir=\"ltr\" lang=\"fr\">Troisi\u00e8me m\u00e9daille pour la France lors des championnats d&rsquo;Europe sur piste : Valentine Fortin (23 ans) prend l&rsquo;argent sur l&rsquo;\u00e9limination, battue dans le dernier sprint par la championne du monde belge Lotte Kopecky. <a href=\"https:\/\/twitter.com\/hashtag\/EuroTrack23?src=hash&amp;ref_src=twsrc%5Etfw\">#EuroTrack23<\/a> <a href=\"https:\/\/t.co\/kjClQre3TF\">pic.twitter.com\/kjClQre3TF<\/a><\/p>\n<p>\u2014 Le Gruppetto (@LeGruppetto) <a href=\"https:\/\/twitter.com\/LeGruppetto\/status\/1623752720212451329?ref_src=twsrc%5Etfw\">February 9, 2023<\/a><\/p><\/blockquote>\n<p><script async src=\"https:\/\/platform.twitter.com\/widgets.js\" charset=\"utf-8\"><\/script><\/p>\n<ul>\n<li style=\"text-align: justify;\"><strong>\u00c0 lire aussi &#8211; <a href=\"https:\/\/dicodusport.fr\/blog\/tableau-des-medailles-championnats-deurope-cyclisme-sur-piste-2023\/\">Le tableau des m\u00e9dailles des Championnats d&rsquo;Europe de cyclisme sur piste<\/a><\/strong><\/li>\n<\/ul>\n","protected":false},"excerpt":{"rendered":"<p>CHAMPIONNATS D&rsquo;EUROPE DE CYCLISME SUR PISTE 2023 &#8211; Les m\u00e9dailles commencent \u00e0 affluer dans le camp fran\u00e7ais. Quelques minutes apr\u00e8s le bronze de Donavan Grondin, Valentine Fortin s&rsquo;est elle par\u00e9e d&rsquo;argent lors de l&rsquo;\u00e9limination, seulement battue par la championne du monde en titre.<\/p>\n","protected":false},"author":43,"featured_media":353892,"comment_status":"open","ping_status":"closed","sticky":false,"template":"","format":"standard","meta":{"_acf_changed":false,"_daextam_enable_autolinks":"","footnotes":""},"categories":[14089],"tags":[5649,1664,24,19735],"class_list":["post-353740","post","type-post","status-publish","format-standard","has-post-thumbnail","hentry","category-cyclisme-sur-piste","tag-championnats-deurope-de-cyclisme-sur-piste","tag-cyclisme-sur-piste","tag-sport","tag-valentine-fortin"],"acf":[],"yoast_head":"<!-- This site is optimized with the Yoast SEO Premium plugin v26.7 (Yoast SEO v26.7) - https:\/\/yoast.com\/wordpress\/plugins\/seo\/ -->\n<title>Piste Championnats d&#039;Europe 2023 : Valentine Fortin vice-championne d&#039;Europe de l&#039;\u00e9limination<\/title>\n<meta name=\"description\" content=\"Championne d&#039;Europe en 2021, Valentine Fortin est cette fois m\u00e9daill\u00e9e d&#039;argent de l&#039;\u00e9limination, battue par la belge Kopecky.\" \/>\n<meta name=\"robots\" content=\"index, follow, max-snippet:-1, max-image-preview:large, max-video-preview:-1\" \/>\n<link rel=\"canonical\" href=\"https:\/\/dicodusport.fr\/blog\/piste-championnats-deurope-2023-valentine-fortin-vice-championne-deurope-de-lelimination\/\" \/>\n<meta property=\"og:locale\" content=\"fr_FR\" \/>\n<meta property=\"og:type\" content=\"article\" \/>\n<meta property=\"og:title\" content=\"Piste Championnats d&#039;Europe 2023 : Valentine Fortin vice-championne d&#039;Europe de l&#039;\u00e9limination\" \/>\n<meta property=\"og:description\" content=\"Championne d&#039;Europe en 2021, Valentine Fortin est cette fois m\u00e9daill\u00e9e d&#039;argent de l&#039;\u00e9limination, battue par la belge Kopecky.\" \/>\n<meta property=\"og:url\" content=\"https:\/\/dicodusport.fr\/blog\/piste-championnats-deurope-2023-valentine-fortin-vice-championne-deurope-de-lelimination\/\" \/>\n<meta property=\"og:site_name\" content=\"Dicodusport\" \/>\n<meta property=\"article:publisher\" content=\"https:\/\/www.facebook.com\/dicodusport\" \/>\n<meta property=\"article:author\" content=\"https:\/\/www.facebook.com\/Max.Bld2\/\" \/>\n<meta property=\"article:published_time\" content=\"2023-02-09T19:07:42+00:00\" \/>\n<meta property=\"article:modified_time\" content=\"2023-02-10T17:32:20+00:00\" \/>\n<meta property=\"og:image\" content=\"https:\/\/dicodusport.fr\/blog\/wp-content\/uploads\/2023\/02\/Piste-Championnats-dEurope-2023-Valentine-Fortin-vice-championne-dEurope-de-lelimination-1.png\" \/>\n\t<meta property=\"og:image:width\" content=\"800\" \/>\n\t<meta property=\"og:image:height\" content=\"445\" \/>\n\t<meta property=\"og:image:type\" content=\"image\/png\" \/>\n<meta name=\"author\" content=\"Maxime Boulard\" \/>\n<meta name=\"twitter:card\" content=\"summary_large_image\" \/>\n<meta name=\"twitter:title\" content=\"Piste Championnats d&#039;Europe 2023 : Valentine Fortin vice-championne d&#039;Europe de l&#039;\u00e9limination\" \/>\n<meta name=\"twitter:creator\" content=\"@https:\/\/twitter.com\/MaximeB_2\" \/>\n<meta name=\"twitter:site\" content=\"@dicodusport\" \/>\n<script type=\"application\/ld+json\" class=\"yoast-schema-graph\">{\"@context\":\"https:\/\/schema.org\",\"@graph\":[{\"@type\":\"NewsArticle\",\"@id\":\"https:\/\/dicodusport.fr\/blog\/piste-championnats-deurope-2023-valentine-fortin-vice-championne-deurope-de-lelimination\/#article\",\"isPartOf\":{\"@id\":\"https:\/\/dicodusport.fr\/blog\/piste-championnats-deurope-2023-valentine-fortin-vice-championne-deurope-de-lelimination\/\"},\"author\":{\"name\":\"Maxime Boulard\",\"@id\":\"https:\/\/dicodusport.fr\/blog\/#\/schema\/person\/5aab10ee856e86ac63e9819a9da34784\"},\"headline\":\"Piste Championnats d&rsquo;Europe 2023 : Valentine Fortin vice-championne d&rsquo;Europe de l&rsquo;\u00e9limination\",\"datePublished\":\"2023-02-09T19:07:42+00:00\",\"dateModified\":\"2023-02-10T17:32:20+00:00\",\"mainEntityOfPage\":{\"@id\":\"https:\/\/dicodusport.fr\/blog\/piste-championnats-deurope-2023-valentine-fortin-vice-championne-deurope-de-lelimination\/\"},\"wordCount\":358,\"commentCount\":0,\"publisher\":{\"@id\":\"https:\/\/dicodusport.fr\/blog\/#organization\"},\"image\":{\"@id\":\"https:\/\/dicodusport.fr\/blog\/piste-championnats-deurope-2023-valentine-fortin-vice-championne-deurope-de-lelimination\/#primaryimage\"},\"thumbnailUrl\":\"https:\/\/dicodusport.fr\/blog\/wp-content\/uploads\/2023\/02\/Piste-Championnats-dEurope-2023-Valentine-Fortin-vice-championne-dEurope-de-lelimination-1.png\",\"keywords\":[\"Championnats d'Europe de cyclisme sur piste\",\"cyclisme sur piste\",\"sport\",\"Valentine Fortin\"],\"articleSection\":[\"Cyclisme sur piste\"],\"inLanguage\":\"fr-FR\",\"potentialAction\":[{\"@type\":\"CommentAction\",\"name\":\"Comment\",\"target\":[\"https:\/\/dicodusport.fr\/blog\/piste-championnats-deurope-2023-valentine-fortin-vice-championne-deurope-de-lelimination\/#respond\"]}],\"copyrightYear\":\"2023\",\"copyrightHolder\":{\"@id\":\"https:\/\/dicodusport.fr\/blog\/#organization\"}},{\"@type\":\"WebPage\",\"@id\":\"https:\/\/dicodusport.fr\/blog\/piste-championnats-deurope-2023-valentine-fortin-vice-championne-deurope-de-lelimination\/\",\"url\":\"https:\/\/dicodusport.fr\/blog\/piste-championnats-deurope-2023-valentine-fortin-vice-championne-deurope-de-lelimination\/\",\"name\":\"Piste Championnats d'Europe 2023 : Valentine Fortin vice-championne d'Europe de l'\u00e9limination\",\"isPartOf\":{\"@id\":\"https:\/\/dicodusport.fr\/blog\/#website\"},\"primaryImageOfPage\":{\"@id\":\"https:\/\/dicodusport.fr\/blog\/piste-championnats-deurope-2023-valentine-fortin-vice-championne-deurope-de-lelimination\/#primaryimage\"},\"image\":{\"@id\":\"https:\/\/dicodusport.fr\/blog\/piste-championnats-deurope-2023-valentine-fortin-vice-championne-deurope-de-lelimination\/#primaryimage\"},\"thumbnailUrl\":\"https:\/\/dicodusport.fr\/blog\/wp-content\/uploads\/2023\/02\/Piste-Championnats-dEurope-2023-Valentine-Fortin-vice-championne-dEurope-de-lelimination-1.png\",\"datePublished\":\"2023-02-09T19:07:42+00:00\",\"dateModified\":\"2023-02-10T17:32:20+00:00\",\"description\":\"Championne d'Europe en 2021, Valentine Fortin est cette fois m\u00e9daill\u00e9e d'argent de l'\u00e9limination, battue par la belge Kopecky.\",\"breadcrumb\":{\"@id\":\"https:\/\/dicodusport.fr\/blog\/piste-championnats-deurope-2023-valentine-fortin-vice-championne-deurope-de-lelimination\/#breadcrumb\"},\"inLanguage\":\"fr-FR\",\"potentialAction\":[{\"@type\":\"ReadAction\",\"target\":[\"https:\/\/dicodusport.fr\/blog\/piste-championnats-deurope-2023-valentine-fortin-vice-championne-deurope-de-lelimination\/\"]}]},{\"@type\":\"ImageObject\",\"inLanguage\":\"fr-FR\",\"@id\":\"https:\/\/dicodusport.fr\/blog\/piste-championnats-deurope-2023-valentine-fortin-vice-championne-deurope-de-lelimination\/#primaryimage\",\"url\":\"https:\/\/dicodusport.fr\/blog\/wp-content\/uploads\/2023\/02\/Piste-Championnats-dEurope-2023-Valentine-Fortin-vice-championne-dEurope-de-lelimination-1.png\",\"contentUrl\":\"https:\/\/dicodusport.fr\/blog\/wp-content\/uploads\/2023\/02\/Piste-Championnats-dEurope-2023-Valentine-Fortin-vice-championne-dEurope-de-lelimination-1.png\",\"width\":800,\"height\":445,\"caption\":\"Piste Championnats d\u2019Europe 2023 Valentine Fortin vice-championne d\u2019Europe de l\u2019\u00e9limination\"},{\"@type\":\"BreadcrumbList\",\"@id\":\"https:\/\/dicodusport.fr\/blog\/piste-championnats-deurope-2023-valentine-fortin-vice-championne-deurope-de-lelimination\/#breadcrumb\",\"itemListElement\":[{\"@type\":\"ListItem\",\"position\":1,\"name\":\"Accueil\",\"item\":\"https:\/\/dicodusport.fr\/blog\/\"},{\"@type\":\"ListItem\",\"position\":2,\"name\":\"Piste Championnats d&rsquo;Europe 2023 : Valentine Fortin vice-championne d&rsquo;Europe de l&rsquo;\u00e9limination\"}]},{\"@type\":\"WebSite\",\"@id\":\"https:\/\/dicodusport.fr\/blog\/#website\",\"url\":\"https:\/\/dicodusport.fr\/blog\/\",\"name\":\"Dicodusport\",\"description\":\"L&#039;encyclop\u00e9die de l&#039;actualit\u00e9 sportive\",\"publisher\":{\"@id\":\"https:\/\/dicodusport.fr\/blog\/#organization\"},\"potentialAction\":[{\"@type\":\"SearchAction\",\"target\":{\"@type\":\"EntryPoint\",\"urlTemplate\":\"https:\/\/dicodusport.fr\/blog\/?s={search_term_string}\"},\"query-input\":{\"@type\":\"PropertyValueSpecification\",\"valueRequired\":true,\"valueName\":\"search_term_string\"}}],\"inLanguage\":\"fr-FR\"},{\"@type\":\"NewsMediaOrganization\",\"@id\":\"https:\/\/dicodusport.fr\/blog\/#organization\",\"name\":\"Dicodusport\",\"url\":\"https:\/\/dicodusport.fr\/blog\/\",\"logo\":{\"@type\":\"ImageObject\",\"inLanguage\":\"fr-FR\",\"@id\":\"https:\/\/dicodusport.fr\/blog\/#\/schema\/logo\/image\/\",\"url\":\"https:\/\/dicodusport.fr\/blog\/wp-content\/uploads\/2020\/06\/cropped-LOGO-DICODUSPORT-2020-SANS-FOND-SANS-TEXTE.png\",\"contentUrl\":\"https:\/\/dicodusport.fr\/blog\/wp-content\/uploads\/2020\/06\/cropped-LOGO-DICODUSPORT-2020-SANS-FOND-SANS-TEXTE.png\",\"width\":512,\"height\":512,\"caption\":\"Dicodusport\"},\"image\":{\"@id\":\"https:\/\/dicodusport.fr\/blog\/#\/schema\/logo\/image\/\"},\"sameAs\":[\"https:\/\/www.facebook.com\/dicodusport\",\"https:\/\/x.com\/dicodusport\",\"https:\/\/www.instagram.com\/dicodusport\/\",\"https:\/\/www.youtube.com\/channel\/UC7V2KZ5sd3htJivAbA4ZG3w\"],\"description\":\"Dicodusport est l'encyclop\u00e9die de l'actualit\u00e9 sportive.\",\"email\":\"bonjour@dicodusport.fr\",\"legalName\":\"DICODUSPORT\",\"foundingDate\":\"2018-01-14\",\"vatID\":\"FR71834470973\",\"taxID\":\"83447097300043\",\"numberOfEmployees\":{\"@type\":\"QuantitativeValue\",\"minValue\":\"1\",\"maxValue\":\"10\"}},{\"@type\":\"Person\",\"@id\":\"https:\/\/dicodusport.fr\/blog\/#\/schema\/person\/5aab10ee856e86ac63e9819a9da34784\",\"name\":\"Maxime Boulard\",\"image\":{\"@type\":\"ImageObject\",\"inLanguage\":\"fr-FR\",\"@id\":\"https:\/\/dicodusport.fr\/blog\/#\/schema\/person\/image\/\",\"url\":\"https:\/\/dicodusport.fr\/blog\/wp-content\/uploads\/2021\/05\/Maxime-Boulard-150x150.jpg\",\"contentUrl\":\"https:\/\/dicodusport.fr\/blog\/wp-content\/uploads\/2021\/05\/Maxime-Boulard-150x150.jpg\",\"caption\":\"Maxime Boulard\"},\"description\":\"Journaliste\/r\u00e9dacteur depuis octobre 2020 - Si mon plus vieux souvenir de sport aurait pu m'en d\u00e9go\u00fbter, la finale de la Coupe du monde 2006 a \u00e9t\u00e9 tout le contraire. V\u00e9ritable d\u00e9clencheur d'une passion qui aujourd'hui ne fait que grandir avec le temps, mon leitmotiv est la France qui brille ! Je relate les exploits pass\u00e9s et pr\u00e9sents du sport bleu-blanc-rouge sans m\u00e9nagement depuis octobre 2020. Sport valide ou handisport, aucune diff\u00e9rence, il n'y a que du sport et plusieurs fa\u00e7ons de le pratiquer.\",\"sameAs\":[\"https:\/\/www.facebook.com\/Max.Bld2\/\",\"https:\/\/x.com\/https:\/\/twitter.com\/MaximeB_2\"],\"url\":\"https:\/\/dicodusport.fr\/blog\/author\/maxime-b\/\"}]}<\/script>\n<!-- \/ Yoast SEO Premium plugin. -->","yoast_head_json":{"title":"Piste Championnats d'Europe 2023 : Valentine Fortin vice-championne d'Europe de l'\u00e9limination","description":"Championne d'Europe en 2021, Valentine Fortin est cette fois m\u00e9daill\u00e9e d'argent de l'\u00e9limination, battue par la belge Kopecky.","robots":{"index":"index","follow":"follow","max-snippet":"max-snippet:-1","max-image-preview":"max-image-preview:large","max-video-preview":"max-video-preview:-1"},"canonical":"https:\/\/dicodusport.fr\/blog\/piste-championnats-deurope-2023-valentine-fortin-vice-championne-deurope-de-lelimination\/","og_locale":"fr_FR","og_type":"article","og_title":"Piste Championnats d'Europe 2023 : Valentine Fortin vice-championne d'Europe de l'\u00e9limination","og_description":"Championne d'Europe en 2021, Valentine Fortin est cette fois m\u00e9daill\u00e9e d'argent de l'\u00e9limination, battue par la belge Kopecky.","og_url":"https:\/\/dicodusport.fr\/blog\/piste-championnats-deurope-2023-valentine-fortin-vice-championne-deurope-de-lelimination\/","og_site_name":"Dicodusport","article_publisher":"https:\/\/www.facebook.com\/dicodusport","article_author":"https:\/\/www.facebook.com\/Max.Bld2\/","article_published_time":"2023-02-09T19:07:42+00:00","article_modified_time":"2023-02-10T17:32:20+00:00","og_image":[{"width":800,"height":445,"url":"https:\/\/dicodusport.fr\/blog\/wp-content\/uploads\/2023\/02\/Piste-Championnats-dEurope-2023-Valentine-Fortin-vice-championne-dEurope-de-lelimination-1.png","type":"image\/png"}],"author":"Maxime Boulard","twitter_card":"summary_large_image","twitter_title":"Piste Championnats d'Europe 2023 : Valentine Fortin vice-championne d'Europe de l'\u00e9limination","twitter_creator":"@https:\/\/twitter.com\/MaximeB_2","twitter_site":"@dicodusport","schema":{"@context":"https:\/\/schema.org","@graph":[{"@type":"NewsArticle","@id":"https:\/\/dicodusport.fr\/blog\/piste-championnats-deurope-2023-valentine-fortin-vice-championne-deurope-de-lelimination\/#article","isPartOf":{"@id":"https:\/\/dicodusport.fr\/blog\/piste-championnats-deurope-2023-valentine-fortin-vice-championne-deurope-de-lelimination\/"},"author":{"name":"Maxime Boulard","@id":"https:\/\/dicodusport.fr\/blog\/#\/schema\/person\/5aab10ee856e86ac63e9819a9da34784"},"headline":"Piste Championnats d&rsquo;Europe 2023 : Valentine Fortin vice-championne d&rsquo;Europe de l&rsquo;\u00e9limination","datePublished":"2023-02-09T19:07:42+00:00","dateModified":"2023-02-10T17:32:20+00:00","mainEntityOfPage":{"@id":"https:\/\/dicodusport.fr\/blog\/piste-championnats-deurope-2023-valentine-fortin-vice-championne-deurope-de-lelimination\/"},"wordCount":358,"commentCount":0,"publisher":{"@id":"https:\/\/dicodusport.fr\/blog\/#organization"},"image":{"@id":"https:\/\/dicodusport.fr\/blog\/piste-championnats-deurope-2023-valentine-fortin-vice-championne-deurope-de-lelimination\/#primaryimage"},"thumbnailUrl":"https:\/\/dicodusport.fr\/blog\/wp-content\/uploads\/2023\/02\/Piste-Championnats-dEurope-2023-Valentine-Fortin-vice-championne-dEurope-de-lelimination-1.png","keywords":["Championnats d'Europe de cyclisme sur piste","cyclisme sur piste","sport","Valentine Fortin"],"articleSection":["Cyclisme sur piste"],"inLanguage":"fr-FR","potentialAction":[{"@type":"CommentAction","name":"Comment","target":["https:\/\/dicodusport.fr\/blog\/piste-championnats-deurope-2023-valentine-fortin-vice-championne-deurope-de-lelimination\/#respond"]}],"copyrightYear":"2023","copyrightHolder":{"@id":"https:\/\/dicodusport.fr\/blog\/#organization"}},{"@type":"WebPage","@id":"https:\/\/dicodusport.fr\/blog\/piste-championnats-deurope-2023-valentine-fortin-vice-championne-deurope-de-lelimination\/","url":"https:\/\/dicodusport.fr\/blog\/piste-championnats-deurope-2023-valentine-fortin-vice-championne-deurope-de-lelimination\/","name":"Piste Championnats d'Europe 2023 : Valentine Fortin vice-championne d'Europe de l'\u00e9limination","isPartOf":{"@id":"https:\/\/dicodusport.fr\/blog\/#website"},"primaryImageOfPage":{"@id":"https:\/\/dicodusport.fr\/blog\/piste-championnats-deurope-2023-valentine-fortin-vice-championne-deurope-de-lelimination\/#primaryimage"},"image":{"@id":"https:\/\/dicodusport.fr\/blog\/piste-championnats-deurope-2023-valentine-fortin-vice-championne-deurope-de-lelimination\/#primaryimage"},"thumbnailUrl":"https:\/\/dicodusport.fr\/blog\/wp-content\/uploads\/2023\/02\/Piste-Championnats-dEurope-2023-Valentine-Fortin-vice-championne-dEurope-de-lelimination-1.png","datePublished":"2023-02-09T19:07:42+00:00","dateModified":"2023-02-10T17:32:20+00:00","description":"Championne d'Europe en 2021, Valentine Fortin est cette fois m\u00e9daill\u00e9e d'argent de l'\u00e9limination, battue par la belge Kopecky.","breadcrumb":{"@id":"https:\/\/dicodusport.fr\/blog\/piste-championnats-deurope-2023-valentine-fortin-vice-championne-deurope-de-lelimination\/#breadcrumb"},"inLanguage":"fr-FR","potentialAction":[{"@type":"ReadAction","target":["https:\/\/dicodusport.fr\/blog\/piste-championnats-deurope-2023-valentine-fortin-vice-championne-deurope-de-lelimination\/"]}]},{"@type":"ImageObject","inLanguage":"fr-FR","@id":"https:\/\/dicodusport.fr\/blog\/piste-championnats-deurope-2023-valentine-fortin-vice-championne-deurope-de-lelimination\/#primaryimage","url":"https:\/\/dicodusport.fr\/blog\/wp-content\/uploads\/2023\/02\/Piste-Championnats-dEurope-2023-Valentine-Fortin-vice-championne-dEurope-de-lelimination-1.png","contentUrl":"https:\/\/dicodusport.fr\/blog\/wp-content\/uploads\/2023\/02\/Piste-Championnats-dEurope-2023-Valentine-Fortin-vice-championne-dEurope-de-lelimination-1.png","width":800,"height":445,"caption":"Piste Championnats d\u2019Europe 2023 Valentine Fortin vice-championne d\u2019Europe de l\u2019\u00e9limination"},{"@type":"BreadcrumbList","@id":"https:\/\/dicodusport.fr\/blog\/piste-championnats-deurope-2023-valentine-fortin-vice-championne-deurope-de-lelimination\/#breadcrumb","itemListElement":[{"@type":"ListItem","position":1,"name":"Accueil","item":"https:\/\/dicodusport.fr\/blog\/"},{"@type":"ListItem","position":2,"name":"Piste Championnats d&rsquo;Europe 2023 : Valentine Fortin vice-championne d&rsquo;Europe de l&rsquo;\u00e9limination"}]},{"@type":"WebSite","@id":"https:\/\/dicodusport.fr\/blog\/#website","url":"https:\/\/dicodusport.fr\/blog\/","name":"Dicodusport","description":"L&#039;encyclop\u00e9die de l&#039;actualit\u00e9 sportive","publisher":{"@id":"https:\/\/dicodusport.fr\/blog\/#organization"},"potentialAction":[{"@type":"SearchAction","target":{"@type":"EntryPoint","urlTemplate":"https:\/\/dicodusport.fr\/blog\/?s={search_term_string}"},"query-input":{"@type":"PropertyValueSpecification","valueRequired":true,"valueName":"search_term_string"}}],"inLanguage":"fr-FR"},{"@type":"NewsMediaOrganization","@id":"https:\/\/dicodusport.fr\/blog\/#organization","name":"Dicodusport","url":"https:\/\/dicodusport.fr\/blog\/","logo":{"@type":"ImageObject","inLanguage":"fr-FR","@id":"https:\/\/dicodusport.fr\/blog\/#\/schema\/logo\/image\/","url":"https:\/\/dicodusport.fr\/blog\/wp-content\/uploads\/2020\/06\/cropped-LOGO-DICODUSPORT-2020-SANS-FOND-SANS-TEXTE.png","contentUrl":"https:\/\/dicodusport.fr\/blog\/wp-content\/uploads\/2020\/06\/cropped-LOGO-DICODUSPORT-2020-SANS-FOND-SANS-TEXTE.png","width":512,"height":512,"caption":"Dicodusport"},"image":{"@id":"https:\/\/dicodusport.fr\/blog\/#\/schema\/logo\/image\/"},"sameAs":["https:\/\/www.facebook.com\/dicodusport","https:\/\/x.com\/dicodusport","https:\/\/www.instagram.com\/dicodusport\/","https:\/\/www.youtube.com\/channel\/UC7V2KZ5sd3htJivAbA4ZG3w"],"description":"Dicodusport est l'encyclop\u00e9die de l'actualit\u00e9 sportive.","email":"bonjour@dicodusport.fr","legalName":"DICODUSPORT","foundingDate":"2018-01-14","vatID":"FR71834470973","taxID":"83447097300043","numberOfEmployees":{"@type":"QuantitativeValue","minValue":"1","maxValue":"10"}},{"@type":"Person","@id":"https:\/\/dicodusport.fr\/blog\/#\/schema\/person\/5aab10ee856e86ac63e9819a9da34784","name":"Maxime Boulard","image":{"@type":"ImageObject","inLanguage":"fr-FR","@id":"https:\/\/dicodusport.fr\/blog\/#\/schema\/person\/image\/","url":"https:\/\/dicodusport.fr\/blog\/wp-content\/uploads\/2021\/05\/Maxime-Boulard-150x150.jpg","contentUrl":"https:\/\/dicodusport.fr\/blog\/wp-content\/uploads\/2021\/05\/Maxime-Boulard-150x150.jpg","caption":"Maxime Boulard"},"description":"Journaliste\/r\u00e9dacteur depuis octobre 2020 - Si mon plus vieux souvenir de sport aurait pu m'en d\u00e9go\u00fbter, la finale de la Coupe du monde 2006 a \u00e9t\u00e9 tout le contraire. V\u00e9ritable d\u00e9clencheur d'une passion qui aujourd'hui ne fait que grandir avec le temps, mon leitmotiv est la France qui brille ! Je relate les exploits pass\u00e9s et pr\u00e9sents du sport bleu-blanc-rouge sans m\u00e9nagement depuis octobre 2020. Sport valide ou handisport, aucune diff\u00e9rence, il n'y a que du sport et plusieurs fa\u00e7ons de le pratiquer.","sameAs":["https:\/\/www.facebook.com\/Max.Bld2\/","https:\/\/x.com\/https:\/\/twitter.com\/MaximeB_2"],"url":"https:\/\/dicodusport.fr\/blog\/author\/maxime-b\/"}]}},"_links":{"self":[{"href":"https:\/\/dicodusport.fr\/blog\/wp-json\/wp\/v2\/posts\/353740","targetHints":{"allow":["GET"]}}],"collection":[{"href":"https:\/\/dicodusport.fr\/blog\/wp-json\/wp\/v2\/posts"}],"about":[{"href":"https:\/\/dicodusport.fr\/blog\/wp-json\/wp\/v2\/types\/post"}],"author":[{"embeddable":true,"href":"https:\/\/dicodusport.fr\/blog\/wp-json\/wp\/v2\/users\/43"}],"replies":[{"embeddable":true,"href":"https:\/\/dicodusport.fr\/blog\/wp-json\/wp\/v2\/comments?post=353740"}],"version-history":[{"count":0,"href":"https:\/\/dicodusport.fr\/blog\/wp-json\/wp\/v2\/posts\/353740\/revisions"}],"wp:featuredmedia":[{"embeddable":true,"href":"https:\/\/dicodusport.fr\/blog\/wp-json\/wp\/v2\/media\/353892"}],"wp:attachment":[{"href":"https:\/\/dicodusport.fr\/blog\/wp-json\/wp\/v2\/media?parent=353740"}],"wp:term":[{"taxonomy":"category","embeddable":true,"href":"https:\/\/dicodusport.fr\/blog\/wp-json\/wp\/v2\/categories?post=353740"},{"taxonomy":"post_tag","embeddable":true,"href":"https:\/\/dicodusport.fr\/blog\/wp-json\/wp\/v2\/tags?post=353740"}],"curies":[{"name":"wp","href":"https:\/\/api.w.org\/{rel}","templated":true}]}}