{"id":353951,"date":"2023-02-11T10:00:15","date_gmt":"2023-02-11T09:00:15","guid":{"rendered":"https:\/\/dicodusport.fr\/blog\/?p=353951&#038;preview=true&#038;preview_id=353951"},"modified":"2023-02-10T23:21:13","modified_gmt":"2023-02-10T22:21:13","slug":"clasica-de-almeria-2023-parcours-profil-et-favoris","status":"publish","type":"post","link":"https:\/\/dicodusport.fr\/blog\/clasica-de-almeria-2023-parcours-profil-et-favoris\/","title":{"rendered":"Clasica de Almeria 2023 &#8211; Parcours, profil et favoris"},"content":{"rendered":"<p style=\"text-align: justify;\"><em><a style=\"font-weight: bold;\" href=\"https:\/\/dicodusport.fr\/blog\/actualites\/cyclisme\/cyclisme-sur-route-2023\/\">CYCLISME SUR ROUTE 2023<\/a> <strong>&#8211; Au lendemain du Tour de Murcie, la 36\u00e8me \u00e9dition de la Clasica de Almeria se d\u00e9roulera le dimanche 12 f\u00e9vrier en Andalousie. Les coureurs engag\u00e9s devront parcourir 190,3 kilom\u00e8tres entre Puebla de Vicar et Roquetas de Mar pour logiquement une explication entre les sprinteurs.\u00a0<\/strong><\/em><\/p>\n<h2 style=\"text-align: justify;\">Le parcours de la Clasica de Almeria 2023<\/h2>\n<p style=\"text-align: justify;\">D&rsquo;abord, les coureurs partiront donc de <strong>Puebla de Vicar<\/strong> pour 35 premiers kilom\u00e8tres tout plats afin d&rsquo;atteindre le pied de la premi\u00e8re mont\u00e9e du jour : l\u2019<strong>Alto de Celin<\/strong> (7km \u00e0 4,6%), dans la Sierra de Gador.<\/p>\n<h3 style=\"text-align: justify;\">Des difficult\u00e9s en d\u00e9but d&rsquo;itin\u00e9raire<\/h3>\n<p style=\"text-align: justify;\">Puis, apr\u00e8s environ 20 kilom\u00e8tres en descente et 10 kilom\u00e8tres en vall\u00e9e, l\u2019<strong>Alto de La Alqueria<\/strong> (1,5km \u00e0 6,7%) se pr\u00e9sentera aux coureurs avant de grimper, 10 kilom\u00e8tres plus loin, l\u2019<strong>Alto de Fuente Marbella<\/strong> (1,5km \u00e0 7,1%).<\/p>\n<p style=\"text-align: justify;\">Ensuite, les concurrents auront une longue section de descente et de plaine avant la <strong>Cuesta de Almerimar<\/strong> (1,2 \u00e0 5,3%) qui sera la derni\u00e8re difficult\u00e9 du jour. Au sommet, ils fonceront sur plus de 20 kilom\u00e8tres en direction de <strong>Roquetas de Mar<\/strong>, le long de la mer m\u00e9diterran\u00e9e.<\/p>\n<p style=\"text-align: justify;\">Enfin, ce sera une boucle finale de 30 kilom\u00e8tres en pratiquant des routes larges et rectilignes. N\u00e9anmoins, de nombreuses chutes pourraient avoir lieu dans cette partie et \u00e9liminer des pr\u00e9tendants \u00e0 la victoire.<\/p>\n<div id=\"attachment_354170\" style=\"width: 750px\" class=\"wp-caption aligncenter\"><a href=\"https:\/\/dicodusport.fr\/blog\/wp-content\/uploads\/2023\/02\/Profil-de-la-Clasica-de-Almeria-2023.jpg\"><img loading=\"lazy\" decoding=\"async\" aria-describedby=\"caption-attachment-354170\" class=\"size-large wp-image-354170\" src=\"https:\/\/dicodusport.fr\/blog\/wp-content\/uploads\/2023\/02\/Profil-de-la-Clasica-de-Almeria-2023-1024x524.jpg\" alt=\"Profil de la Clasica de Almeria 2023\" width=\"740\" height=\"379\" srcset=\"https:\/\/dicodusport.fr\/blog\/wp-content\/uploads\/2023\/02\/Profil-de-la-Clasica-de-Almeria-2023-1024x524.jpg 1024w, https:\/\/dicodusport.fr\/blog\/wp-content\/uploads\/2023\/02\/Profil-de-la-Clasica-de-Almeria-2023-300x153.jpg 300w, https:\/\/dicodusport.fr\/blog\/wp-content\/uploads\/2023\/02\/Profil-de-la-Clasica-de-Almeria-2023-768x393.jpg 768w, https:\/\/dicodusport.fr\/blog\/wp-content\/uploads\/2023\/02\/Profil-de-la-Clasica-de-Almeria-2023-1536x786.jpg 1536w, https:\/\/dicodusport.fr\/blog\/wp-content\/uploads\/2023\/02\/Profil-de-la-Clasica-de-Almeria-2023-2048x1047.jpg 2048w\" sizes=\"auto, (max-width: 740px) 100vw, 740px\" \/><\/a><p id=\"caption-attachment-354170\" class=\"wp-caption-text\">Profil de la Clasica de Almeria 2023 &#8211; Photo @ClasicadeAlmeria<\/p><\/div>\n<h2 style=\"text-align: justify;\"><strong>Nos favoris pour la Clasica de Almeria 2023<\/strong><\/h2>\n<p style=\"text-align: justify;\"><strong>Alexander Kristoff<\/strong> (Uno-X), 1er en 2022, 2e en 2020<\/p>\n<p style=\"text-align: justify;\"><strong>Fernando Gaviria<\/strong> (Movistar)<\/p>\n<p style=\"text-align: justify;\"><strong>Biniam Girmay<\/strong> (Intermarch\u00e9 Circus Wanty)<\/p>\n<p style=\"text-align: justify;\"><strong>Juan Sebastian Molano<\/strong> (UAE Team Emirates)<\/p>\n<p style=\"text-align: justify;\"><strong>Giacomo Nizzolo<\/strong> (Israel Premier Tech) : 1er en 2021, 3e en 2022<\/p>\n<p style=\"text-align: justify;\"><strong>Bryan Coquard<\/strong> (Cofidis)<\/p>\n<p style=\"text-align: justify;\"><strong>Cees Bol<\/strong> (Astana Qazaqstan)<\/p>\n<p style=\"text-align: justify;\"><strong>Jordi Meeus<\/strong> (Bora Hansgrohe)<\/p>\n<h2 style=\"text-align: justify;\">Palmar\u00e8s de la Clasica de Almeria<\/h2>\n<p style=\"text-align: justify;\">2022 : KRISTOFF Alexander<\/p>\n<p style=\"text-align: justify;\">2021 : NIZZOLO Giacomo<\/p>\n<p style=\"text-align: justify;\">2020 : ACKERMANN Pascal<\/p>\n<p style=\"text-align: justify;\">2019 : ACKERMANN Pascal<\/p>\n<p style=\"text-align: justify;\">2018 : EWAN Caleb<\/p>\n<p style=\"text-align: justify;\">2017 : CORT Magnus<\/p>\n<p style=\"text-align: justify;\">2016 : HOWARD Leigh<\/p>\n<p style=\"text-align: justify;\">2015 : CAVENDISH Mark<\/p>\n<p style=\"text-align: justify;\">2014 : BENNETT Sam<\/p>\n<p style=\"text-align: justify;\">2013 : RENSHAW Mark<\/p>\n<h2 style=\"text-align: justify;\">\u00c0 lire aussi<\/h2>\n<ul>\n<li style=\"text-align: justify;\"><strong>Clasica de Almeria 2023 : La liste des engag\u00e9s (\u00e0 venir)<\/strong><\/li>\n<\/ul>\n","protected":false},"excerpt":{"rendered":"<p>CYCLISME SUR ROUTE 2023 &#8211; Au lendemain du Tour de Murcie, la 36e \u00e9dition de la Clasica de Almeria se d\u00e9roulera le dimanche 12 f\u00e9vrier en Andalousie. Les coureurs engag\u00e9s devront parcourir 190,3 kilom\u00e8tres entre Puebla de Vicar et Roquetas de mar pour logiquement une explication entre les sprinteurs.\u00a0<\/p>\n","protected":false},"author":48,"featured_media":354173,"comment_status":"open","ping_status":"closed","sticky":false,"template":"","format":"standard","meta":{"_acf_changed":false,"_daextam_enable_autolinks":"","footnotes":""},"categories":[46994],"tags":[16878,14379,574,11197],"class_list":["post-353951","post","type-post","status-publish","format-standard","has-post-thumbnail","hentry","category-cyclisme-sur-route","tag-breve","tag-clasica-de-almeria","tag-cyclisme","tag-cyclisme-sur-route"],"acf":[],"yoast_head":"<!-- This site is optimized with the Yoast SEO Premium plugin v26.7 (Yoast SEO v26.7) - https:\/\/yoast.com\/wordpress\/plugins\/seo\/ -->\n<title>Clasica de Almeria 2023 - Parcours, profil et favoris<\/title>\n<meta name=\"description\" content=\"La 36e \u00e9dition de la Clasica de Almeria se d\u00e9roulera le dimanche 12 f\u00e9vrier en Andalousie. Voici le parcours et les favoris.\" \/>\n<meta name=\"robots\" content=\"index, follow, max-snippet:-1, max-image-preview:large, max-video-preview:-1\" \/>\n<link rel=\"canonical\" href=\"https:\/\/dicodusport.fr\/blog\/clasica-de-almeria-2023-parcours-profil-et-favoris\/\" \/>\n<meta property=\"og:locale\" content=\"fr_FR\" \/>\n<meta property=\"og:type\" content=\"article\" \/>\n<meta property=\"og:title\" content=\"Clasica de Almeria 2023 - Parcours, profil et favoris\" \/>\n<meta property=\"og:description\" content=\"La 36e \u00e9dition de la Clasica de Almeria se d\u00e9roulera le dimanche 12 f\u00e9vrier en Andalousie. Voici le parcours et les favoris.\" \/>\n<meta property=\"og:url\" content=\"https:\/\/dicodusport.fr\/blog\/clasica-de-almeria-2023-parcours-profil-et-favoris\/\" \/>\n<meta property=\"og:site_name\" content=\"Dicodusport\" \/>\n<meta property=\"article:publisher\" content=\"https:\/\/www.facebook.com\/dicodusport\" \/>\n<meta property=\"article:author\" content=\"https:\/\/www.facebook.com\/groups\/LesRoisDuPeloton\" \/>\n<meta property=\"article:published_time\" content=\"2023-02-11T09:00:15+00:00\" \/>\n<meta property=\"og:image\" content=\"https:\/\/dicodusport.fr\/blog\/wp-content\/uploads\/2023\/02\/Clasica-de-Almeria-2023-Parcours-profil-et-favoris.png\" \/>\n\t<meta property=\"og:image:width\" content=\"800\" \/>\n\t<meta property=\"og:image:height\" content=\"445\" \/>\n\t<meta property=\"og:image:type\" content=\"image\/png\" \/>\n<meta name=\"author\" content=\"Emilien Descampiaux\" \/>\n<meta name=\"twitter:card\" content=\"summary_large_image\" \/>\n<meta name=\"twitter:title\" content=\"Clasica de Almeria 2023 - Parcours, profil et favoris\" \/>\n<meta name=\"twitter:creator\" content=\"@https:\/\/twitter.com\/LRoisDuPeloton\" \/>\n<meta name=\"twitter:site\" content=\"@dicodusport\" \/>\n<script type=\"application\/ld+json\" class=\"yoast-schema-graph\">{\"@context\":\"https:\/\/schema.org\",\"@graph\":[{\"@type\":\"NewsArticle\",\"@id\":\"https:\/\/dicodusport.fr\/blog\/clasica-de-almeria-2023-parcours-profil-et-favoris\/#article\",\"isPartOf\":{\"@id\":\"https:\/\/dicodusport.fr\/blog\/clasica-de-almeria-2023-parcours-profil-et-favoris\/\"},\"author\":{\"name\":\"Emilien Descampiaux\",\"@id\":\"https:\/\/dicodusport.fr\/blog\/#\/schema\/person\/6db4bae06b171592211be385b32876a7\"},\"headline\":\"Clasica de Almeria 2023 &#8211; Parcours, profil et favoris\",\"datePublished\":\"2023-02-11T09:00:15+00:00\",\"mainEntityOfPage\":{\"@id\":\"https:\/\/dicodusport.fr\/blog\/clasica-de-almeria-2023-parcours-profil-et-favoris\/\"},\"wordCount\":335,\"commentCount\":0,\"publisher\":{\"@id\":\"https:\/\/dicodusport.fr\/blog\/#organization\"},\"image\":{\"@id\":\"https:\/\/dicodusport.fr\/blog\/clasica-de-almeria-2023-parcours-profil-et-favoris\/#primaryimage\"},\"thumbnailUrl\":\"https:\/\/dicodusport.fr\/blog\/wp-content\/uploads\/2023\/02\/Clasica-de-Almeria-2023-Parcours-profil-et-favoris.png\",\"keywords\":[\"br\u00e8ve\",\"Clasica de Almeria\",\"Cyclisme\",\"Cyclisme sur route\"],\"articleSection\":[\"Cyclisme sur route\"],\"inLanguage\":\"fr-FR\",\"potentialAction\":[{\"@type\":\"CommentAction\",\"name\":\"Comment\",\"target\":[\"https:\/\/dicodusport.fr\/blog\/clasica-de-almeria-2023-parcours-profil-et-favoris\/#respond\"]}],\"copyrightYear\":\"2023\",\"copyrightHolder\":{\"@id\":\"https:\/\/dicodusport.fr\/blog\/#organization\"}},{\"@type\":\"WebPage\",\"@id\":\"https:\/\/dicodusport.fr\/blog\/clasica-de-almeria-2023-parcours-profil-et-favoris\/\",\"url\":\"https:\/\/dicodusport.fr\/blog\/clasica-de-almeria-2023-parcours-profil-et-favoris\/\",\"name\":\"Clasica de Almeria 2023 - Parcours, profil et favoris\",\"isPartOf\":{\"@id\":\"https:\/\/dicodusport.fr\/blog\/#website\"},\"primaryImageOfPage\":{\"@id\":\"https:\/\/dicodusport.fr\/blog\/clasica-de-almeria-2023-parcours-profil-et-favoris\/#primaryimage\"},\"image\":{\"@id\":\"https:\/\/dicodusport.fr\/blog\/clasica-de-almeria-2023-parcours-profil-et-favoris\/#primaryimage\"},\"thumbnailUrl\":\"https:\/\/dicodusport.fr\/blog\/wp-content\/uploads\/2023\/02\/Clasica-de-Almeria-2023-Parcours-profil-et-favoris.png\",\"datePublished\":\"2023-02-11T09:00:15+00:00\",\"description\":\"La 36e \u00e9dition de la Clasica de Almeria se d\u00e9roulera le dimanche 12 f\u00e9vrier en Andalousie. Voici le parcours et les favoris.\",\"breadcrumb\":{\"@id\":\"https:\/\/dicodusport.fr\/blog\/clasica-de-almeria-2023-parcours-profil-et-favoris\/#breadcrumb\"},\"inLanguage\":\"fr-FR\",\"potentialAction\":[{\"@type\":\"ReadAction\",\"target\":[\"https:\/\/dicodusport.fr\/blog\/clasica-de-almeria-2023-parcours-profil-et-favoris\/\"]}]},{\"@type\":\"ImageObject\",\"inLanguage\":\"fr-FR\",\"@id\":\"https:\/\/dicodusport.fr\/blog\/clasica-de-almeria-2023-parcours-profil-et-favoris\/#primaryimage\",\"url\":\"https:\/\/dicodusport.fr\/blog\/wp-content\/uploads\/2023\/02\/Clasica-de-Almeria-2023-Parcours-profil-et-favoris.png\",\"contentUrl\":\"https:\/\/dicodusport.fr\/blog\/wp-content\/uploads\/2023\/02\/Clasica-de-Almeria-2023-Parcours-profil-et-favoris.png\",\"width\":800,\"height\":445,\"caption\":\"Clasica de Almeria 2023 - Parcours, profil et favoris\"},{\"@type\":\"BreadcrumbList\",\"@id\":\"https:\/\/dicodusport.fr\/blog\/clasica-de-almeria-2023-parcours-profil-et-favoris\/#breadcrumb\",\"itemListElement\":[{\"@type\":\"ListItem\",\"position\":1,\"name\":\"Accueil\",\"item\":\"https:\/\/dicodusport.fr\/blog\/\"},{\"@type\":\"ListItem\",\"position\":2,\"name\":\"Clasica de Almeria 2023 &#8211; Parcours, profil et favoris\"}]},{\"@type\":\"WebSite\",\"@id\":\"https:\/\/dicodusport.fr\/blog\/#website\",\"url\":\"https:\/\/dicodusport.fr\/blog\/\",\"name\":\"Dicodusport\",\"description\":\"L&#039;encyclop\u00e9die de l&#039;actualit\u00e9 sportive\",\"publisher\":{\"@id\":\"https:\/\/dicodusport.fr\/blog\/#organization\"},\"potentialAction\":[{\"@type\":\"SearchAction\",\"target\":{\"@type\":\"EntryPoint\",\"urlTemplate\":\"https:\/\/dicodusport.fr\/blog\/?s={search_term_string}\"},\"query-input\":{\"@type\":\"PropertyValueSpecification\",\"valueRequired\":true,\"valueName\":\"search_term_string\"}}],\"inLanguage\":\"fr-FR\"},{\"@type\":\"NewsMediaOrganization\",\"@id\":\"https:\/\/dicodusport.fr\/blog\/#organization\",\"name\":\"Dicodusport\",\"url\":\"https:\/\/dicodusport.fr\/blog\/\",\"logo\":{\"@type\":\"ImageObject\",\"inLanguage\":\"fr-FR\",\"@id\":\"https:\/\/dicodusport.fr\/blog\/#\/schema\/logo\/image\/\",\"url\":\"https:\/\/dicodusport.fr\/blog\/wp-content\/uploads\/2020\/06\/cropped-LOGO-DICODUSPORT-2020-SANS-FOND-SANS-TEXTE.png\",\"contentUrl\":\"https:\/\/dicodusport.fr\/blog\/wp-content\/uploads\/2020\/06\/cropped-LOGO-DICODUSPORT-2020-SANS-FOND-SANS-TEXTE.png\",\"width\":512,\"height\":512,\"caption\":\"Dicodusport\"},\"image\":{\"@id\":\"https:\/\/dicodusport.fr\/blog\/#\/schema\/logo\/image\/\"},\"sameAs\":[\"https:\/\/www.facebook.com\/dicodusport\",\"https:\/\/x.com\/dicodusport\",\"https:\/\/www.instagram.com\/dicodusport\/\",\"https:\/\/www.youtube.com\/channel\/UC7V2KZ5sd3htJivAbA4ZG3w\"],\"description\":\"Dicodusport est l'encyclop\u00e9die de l'actualit\u00e9 sportive.\",\"email\":\"bonjour@dicodusport.fr\",\"legalName\":\"DICODUSPORT\",\"foundingDate\":\"2018-01-14\",\"vatID\":\"FR71834470973\",\"taxID\":\"83447097300043\",\"numberOfEmployees\":{\"@type\":\"QuantitativeValue\",\"minValue\":\"1\",\"maxValue\":\"10\"}},{\"@type\":\"Person\",\"@id\":\"https:\/\/dicodusport.fr\/blog\/#\/schema\/person\/6db4bae06b171592211be385b32876a7\",\"name\":\"Emilien Descampiaux\",\"image\":{\"@type\":\"ImageObject\",\"inLanguage\":\"fr-FR\",\"@id\":\"https:\/\/dicodusport.fr\/blog\/#\/schema\/person\/image\/\",\"url\":\"https:\/\/dicodusport.fr\/blog\/wp-content\/uploads\/2021\/05\/Emilien-Descampiaux-150x150.jpg\",\"contentUrl\":\"https:\/\/dicodusport.fr\/blog\/wp-content\/uploads\/2021\/05\/Emilien-Descampiaux-150x150.jpg\",\"caption\":\"Emilien Descampiaux\"},\"description\":\"Journaliste\/r\u00e9dacteur depuis 2014 - Fan de la classe de Frank Vandenbroucke, je vis cyclisme (et de ses paysages) depuis plus de 20 ans. Je suis tr\u00e8s impliqu\u00e9 sur mes diff\u00e9rents r\u00e9seaux sociaux pour partager ma passion sur le monde et l'Histoire de la bicyclette avec ma voix sur les images en noir et blanc du succ\u00e8s de Rik Van Steenbergen lors du Ronde sur le V\u00e9lodrome de Gand.\",\"sameAs\":[\"https:\/\/www.facebook.com\/groups\/LesRoisDuPeloton\",\"https:\/\/x.com\/https:\/\/twitter.com\/LRoisDuPeloton\"],\"url\":\"https:\/\/dicodusport.fr\/blog\/author\/emiliend\/\"}]}<\/script>\n<!-- \/ Yoast SEO Premium plugin. -->","yoast_head_json":{"title":"Clasica de Almeria 2023 - Parcours, profil et favoris","description":"La 36e \u00e9dition de la Clasica de Almeria se d\u00e9roulera le dimanche 12 f\u00e9vrier en Andalousie. Voici le parcours et les favoris.","robots":{"index":"index","follow":"follow","max-snippet":"max-snippet:-1","max-image-preview":"max-image-preview:large","max-video-preview":"max-video-preview:-1"},"canonical":"https:\/\/dicodusport.fr\/blog\/clasica-de-almeria-2023-parcours-profil-et-favoris\/","og_locale":"fr_FR","og_type":"article","og_title":"Clasica de Almeria 2023 - Parcours, profil et favoris","og_description":"La 36e \u00e9dition de la Clasica de Almeria se d\u00e9roulera le dimanche 12 f\u00e9vrier en Andalousie. Voici le parcours et les favoris.","og_url":"https:\/\/dicodusport.fr\/blog\/clasica-de-almeria-2023-parcours-profil-et-favoris\/","og_site_name":"Dicodusport","article_publisher":"https:\/\/www.facebook.com\/dicodusport","article_author":"https:\/\/www.facebook.com\/groups\/LesRoisDuPeloton","article_published_time":"2023-02-11T09:00:15+00:00","og_image":[{"width":800,"height":445,"url":"https:\/\/dicodusport.fr\/blog\/wp-content\/uploads\/2023\/02\/Clasica-de-Almeria-2023-Parcours-profil-et-favoris.png","type":"image\/png"}],"author":"Emilien Descampiaux","twitter_card":"summary_large_image","twitter_title":"Clasica de Almeria 2023 - Parcours, profil et favoris","twitter_creator":"@https:\/\/twitter.com\/LRoisDuPeloton","twitter_site":"@dicodusport","schema":{"@context":"https:\/\/schema.org","@graph":[{"@type":"NewsArticle","@id":"https:\/\/dicodusport.fr\/blog\/clasica-de-almeria-2023-parcours-profil-et-favoris\/#article","isPartOf":{"@id":"https:\/\/dicodusport.fr\/blog\/clasica-de-almeria-2023-parcours-profil-et-favoris\/"},"author":{"name":"Emilien Descampiaux","@id":"https:\/\/dicodusport.fr\/blog\/#\/schema\/person\/6db4bae06b171592211be385b32876a7"},"headline":"Clasica de Almeria 2023 &#8211; Parcours, profil et favoris","datePublished":"2023-02-11T09:00:15+00:00","mainEntityOfPage":{"@id":"https:\/\/dicodusport.fr\/blog\/clasica-de-almeria-2023-parcours-profil-et-favoris\/"},"wordCount":335,"commentCount":0,"publisher":{"@id":"https:\/\/dicodusport.fr\/blog\/#organization"},"image":{"@id":"https:\/\/dicodusport.fr\/blog\/clasica-de-almeria-2023-parcours-profil-et-favoris\/#primaryimage"},"thumbnailUrl":"https:\/\/dicodusport.fr\/blog\/wp-content\/uploads\/2023\/02\/Clasica-de-Almeria-2023-Parcours-profil-et-favoris.png","keywords":["br\u00e8ve","Clasica de Almeria","Cyclisme","Cyclisme sur route"],"articleSection":["Cyclisme sur route"],"inLanguage":"fr-FR","potentialAction":[{"@type":"CommentAction","name":"Comment","target":["https:\/\/dicodusport.fr\/blog\/clasica-de-almeria-2023-parcours-profil-et-favoris\/#respond"]}],"copyrightYear":"2023","copyrightHolder":{"@id":"https:\/\/dicodusport.fr\/blog\/#organization"}},{"@type":"WebPage","@id":"https:\/\/dicodusport.fr\/blog\/clasica-de-almeria-2023-parcours-profil-et-favoris\/","url":"https:\/\/dicodusport.fr\/blog\/clasica-de-almeria-2023-parcours-profil-et-favoris\/","name":"Clasica de Almeria 2023 - Parcours, profil et favoris","isPartOf":{"@id":"https:\/\/dicodusport.fr\/blog\/#website"},"primaryImageOfPage":{"@id":"https:\/\/dicodusport.fr\/blog\/clasica-de-almeria-2023-parcours-profil-et-favoris\/#primaryimage"},"image":{"@id":"https:\/\/dicodusport.fr\/blog\/clasica-de-almeria-2023-parcours-profil-et-favoris\/#primaryimage"},"thumbnailUrl":"https:\/\/dicodusport.fr\/blog\/wp-content\/uploads\/2023\/02\/Clasica-de-Almeria-2023-Parcours-profil-et-favoris.png","datePublished":"2023-02-11T09:00:15+00:00","description":"La 36e \u00e9dition de la Clasica de Almeria se d\u00e9roulera le dimanche 12 f\u00e9vrier en Andalousie. Voici le parcours et les favoris.","breadcrumb":{"@id":"https:\/\/dicodusport.fr\/blog\/clasica-de-almeria-2023-parcours-profil-et-favoris\/#breadcrumb"},"inLanguage":"fr-FR","potentialAction":[{"@type":"ReadAction","target":["https:\/\/dicodusport.fr\/blog\/clasica-de-almeria-2023-parcours-profil-et-favoris\/"]}]},{"@type":"ImageObject","inLanguage":"fr-FR","@id":"https:\/\/dicodusport.fr\/blog\/clasica-de-almeria-2023-parcours-profil-et-favoris\/#primaryimage","url":"https:\/\/dicodusport.fr\/blog\/wp-content\/uploads\/2023\/02\/Clasica-de-Almeria-2023-Parcours-profil-et-favoris.png","contentUrl":"https:\/\/dicodusport.fr\/blog\/wp-content\/uploads\/2023\/02\/Clasica-de-Almeria-2023-Parcours-profil-et-favoris.png","width":800,"height":445,"caption":"Clasica de Almeria 2023 - Parcours, profil et favoris"},{"@type":"BreadcrumbList","@id":"https:\/\/dicodusport.fr\/blog\/clasica-de-almeria-2023-parcours-profil-et-favoris\/#breadcrumb","itemListElement":[{"@type":"ListItem","position":1,"name":"Accueil","item":"https:\/\/dicodusport.fr\/blog\/"},{"@type":"ListItem","position":2,"name":"Clasica de Almeria 2023 &#8211; Parcours, profil et favoris"}]},{"@type":"WebSite","@id":"https:\/\/dicodusport.fr\/blog\/#website","url":"https:\/\/dicodusport.fr\/blog\/","name":"Dicodusport","description":"L&#039;encyclop\u00e9die de l&#039;actualit\u00e9 sportive","publisher":{"@id":"https:\/\/dicodusport.fr\/blog\/#organization"},"potentialAction":[{"@type":"SearchAction","target":{"@type":"EntryPoint","urlTemplate":"https:\/\/dicodusport.fr\/blog\/?s={search_term_string}"},"query-input":{"@type":"PropertyValueSpecification","valueRequired":true,"valueName":"search_term_string"}}],"inLanguage":"fr-FR"},{"@type":"NewsMediaOrganization","@id":"https:\/\/dicodusport.fr\/blog\/#organization","name":"Dicodusport","url":"https:\/\/dicodusport.fr\/blog\/","logo":{"@type":"ImageObject","inLanguage":"fr-FR","@id":"https:\/\/dicodusport.fr\/blog\/#\/schema\/logo\/image\/","url":"https:\/\/dicodusport.fr\/blog\/wp-content\/uploads\/2020\/06\/cropped-LOGO-DICODUSPORT-2020-SANS-FOND-SANS-TEXTE.png","contentUrl":"https:\/\/dicodusport.fr\/blog\/wp-content\/uploads\/2020\/06\/cropped-LOGO-DICODUSPORT-2020-SANS-FOND-SANS-TEXTE.png","width":512,"height":512,"caption":"Dicodusport"},"image":{"@id":"https:\/\/dicodusport.fr\/blog\/#\/schema\/logo\/image\/"},"sameAs":["https:\/\/www.facebook.com\/dicodusport","https:\/\/x.com\/dicodusport","https:\/\/www.instagram.com\/dicodusport\/","https:\/\/www.youtube.com\/channel\/UC7V2KZ5sd3htJivAbA4ZG3w"],"description":"Dicodusport est l'encyclop\u00e9die de l'actualit\u00e9 sportive.","email":"bonjour@dicodusport.fr","legalName":"DICODUSPORT","foundingDate":"2018-01-14","vatID":"FR71834470973","taxID":"83447097300043","numberOfEmployees":{"@type":"QuantitativeValue","minValue":"1","maxValue":"10"}},{"@type":"Person","@id":"https:\/\/dicodusport.fr\/blog\/#\/schema\/person\/6db4bae06b171592211be385b32876a7","name":"Emilien Descampiaux","image":{"@type":"ImageObject","inLanguage":"fr-FR","@id":"https:\/\/dicodusport.fr\/blog\/#\/schema\/person\/image\/","url":"https:\/\/dicodusport.fr\/blog\/wp-content\/uploads\/2021\/05\/Emilien-Descampiaux-150x150.jpg","contentUrl":"https:\/\/dicodusport.fr\/blog\/wp-content\/uploads\/2021\/05\/Emilien-Descampiaux-150x150.jpg","caption":"Emilien Descampiaux"},"description":"Journaliste\/r\u00e9dacteur depuis 2014 - Fan de la classe de Frank Vandenbroucke, je vis cyclisme (et de ses paysages) depuis plus de 20 ans. Je suis tr\u00e8s impliqu\u00e9 sur mes diff\u00e9rents r\u00e9seaux sociaux pour partager ma passion sur le monde et l'Histoire de la bicyclette avec ma voix sur les images en noir et blanc du succ\u00e8s de Rik Van Steenbergen lors du Ronde sur le V\u00e9lodrome de Gand.","sameAs":["https:\/\/www.facebook.com\/groups\/LesRoisDuPeloton","https:\/\/x.com\/https:\/\/twitter.com\/LRoisDuPeloton"],"url":"https:\/\/dicodusport.fr\/blog\/author\/emiliend\/"}]}},"_links":{"self":[{"href":"https:\/\/dicodusport.fr\/blog\/wp-json\/wp\/v2\/posts\/353951","targetHints":{"allow":["GET"]}}],"collection":[{"href":"https:\/\/dicodusport.fr\/blog\/wp-json\/wp\/v2\/posts"}],"about":[{"href":"https:\/\/dicodusport.fr\/blog\/wp-json\/wp\/v2\/types\/post"}],"author":[{"embeddable":true,"href":"https:\/\/dicodusport.fr\/blog\/wp-json\/wp\/v2\/users\/48"}],"replies":[{"embeddable":true,"href":"https:\/\/dicodusport.fr\/blog\/wp-json\/wp\/v2\/comments?post=353951"}],"version-history":[{"count":0,"href":"https:\/\/dicodusport.fr\/blog\/wp-json\/wp\/v2\/posts\/353951\/revisions"}],"wp:featuredmedia":[{"embeddable":true,"href":"https:\/\/dicodusport.fr\/blog\/wp-json\/wp\/v2\/media\/354173"}],"wp:attachment":[{"href":"https:\/\/dicodusport.fr\/blog\/wp-json\/wp\/v2\/media?parent=353951"}],"wp:term":[{"taxonomy":"category","embeddable":true,"href":"https:\/\/dicodusport.fr\/blog\/wp-json\/wp\/v2\/categories?post=353951"},{"taxonomy":"post_tag","embeddable":true,"href":"https:\/\/dicodusport.fr\/blog\/wp-json\/wp\/v2\/tags?post=353951"}],"curies":[{"name":"wp","href":"https:\/\/api.w.org\/{rel}","templated":true}]}}