{"id":35427,"date":"2019-03-17T10:19:01","date_gmt":"2019-03-17T09:19:01","guid":{"rendered":"http:\/\/dicodusport.fr\/blog\/?p=35427"},"modified":"2021-10-18T17:10:52","modified_gmt":"2021-10-18T15:10:52","slug":"la-penible-victoire-du-xv-de-france-en-italie-vue-par-les-reseaux-sociaux","status":"publish","type":"post","link":"https:\/\/dicodusport.fr\/blog\/la-penible-victoire-du-xv-de-france-en-italie-vue-par-les-reseaux-sociaux\/","title":{"rendered":"La (p\u00e9nible) victoire du XV de France en Italie vue par les r\u00e9seaux sociaux"},"content":{"rendered":"<p style=\"text-align: justify;\"><strong><em>Hier, le XV de France a termin\u00e9 le Tournoi des 6 Nations sur une bonne note en battant l&rsquo;Italie, \u00e0 Rome (14-25). Un succ\u00e8s tr\u00e8s brouillon, qui n&rsquo;efface en rien les doutes sur les Bleus.<br \/>\n<\/em><\/strong><\/p>\n<p style=\"text-align: justify;\"><strong>Tr\u00e8s vite, le d\u00e9but du match a fait r\u00e9agir les Twittos.<\/strong><\/p>\n<p><span class=\"G7s3fphYP\"><\/p>\n<blockquote class=\"twitter-tweet\" data-width=\"550\" data-dnt=\"true\">\n<p lang=\"fr\" dir=\"ltr\">Seulement 3-0 pour l&#39;Italie apr\u00e8s 10 mn. Pour le moment on rivalise. <a href=\"https:\/\/twitter.com\/hashtag\/ITAFRA?src=hash&amp;ref_src=twsrc%5Etfw\">#ITAFRA<\/a><\/p>\n<p>&mdash; David Arrieta (@arrietadavid1) <a href=\"https:\/\/twitter.com\/arrietadavid1\/status\/1106898797161078784?ref_src=twsrc%5Etfw\">March 16, 2019<\/a><\/p><\/blockquote>\n<p><script async src=\"https:\/\/platform.twitter.com\/widgets.js\" charset=\"utf-8\"><\/script><\/span><\/p>\n<p><span class=\"k7FWE04sCX61gmpLOGyNPhHlSaet93AqnV5d2DoYfixQMZIJ\"><\/p>\n<blockquote class=\"twitter-tweet\" data-width=\"550\" data-dnt=\"true\">\n<p lang=\"fr\" dir=\"ltr\"><a href=\"https:\/\/twitter.com\/hashtag\/ITAFRA?src=hash&amp;ref_src=twsrc%5Etfw\">#ITAFRA<\/a> c&#39;est un peu grenoble -Perpignan, nan?<\/p>\n<p>&mdash; Jean Neymar (@__Jean_Neymar__) <a href=\"https:\/\/twitter.com\/__Jean_Neymar__\/status\/1106984705050710016?ref_src=twsrc%5Etfw\">March 16, 2019<\/a><\/p><\/blockquote>\n<p><script async src=\"https:\/\/platform.twitter.com\/widgets.js\" charset=\"utf-8\"><\/script><\/span><\/p>\n<p style=\"text-align: justify;\"><strong>Mais comme un sauveur, Penaud a frapp\u00e9 une premi\u00e8re fois en r\u00e9alisant un \u00e9norme boulot pour l\u2019essai d\u2019Antoine Dupont\u2026<\/strong><\/p>\n<p><span class=\"hsbUY3pvfcnj2zMJkEwHuuyXzSsK8UVRE6ygZeaPG48r0KHeqLNOb7mGIxtFP9X2SJlo1tCc5xQZO3MvWQA9pA7Vmr0j5l\"><\/p>\n<blockquote class=\"twitter-tweet\" data-width=\"550\" data-dnt=\"true\">\n<p lang=\"fr\" dir=\"ltr\">Damian il sent tellement le rugby rolala. Facile pour lui <a href=\"https:\/\/twitter.com\/hashtag\/ITAFRA?src=hash&amp;ref_src=twsrc%5Etfw\">#ITAFRA<\/a><\/p>\n<p>&mdash; Aur\u00e9lien ASM (@AurelASM) <a href=\"https:\/\/twitter.com\/AurelASM\/status\/1106900330653073410?ref_src=twsrc%5Etfw\">March 16, 2019<\/a><\/p><\/blockquote>\n<p><script async src=\"https:\/\/platform.twitter.com\/widgets.js\" charset=\"utf-8\"><\/script><\/span><\/p>\n<p><span class=\"ErQPTvCzR3xp25uh7tGUVLomywjAZIJn1KkdBYXqN8O6WflDeFbSMsacH9\"><\/p>\n<blockquote class=\"twitter-tweet\" data-width=\"550\" data-dnt=\"true\">\n<p lang=\"fr\" dir=\"ltr\">Et on dit merci qui ? On dit merci Damian. <a href=\"https:\/\/twitter.com\/hashtag\/ITAFRA?src=hash&amp;ref_src=twsrc%5Etfw\">#ITAFRA<\/a><\/p>\n<p>&mdash; Gervais Marteau \u2b50\u2b50 (@GervaisMarteau) <a href=\"https:\/\/twitter.com\/GervaisMarteau\/status\/1107066017266704385?ref_src=twsrc%5Etfw\">March 16, 2019<\/a><\/p><\/blockquote>\n<p><script async src=\"https:\/\/platform.twitter.com\/widgets.js\" charset=\"utf-8\"><\/script><\/span><\/p>\n<p style=\"text-align: justify;\"><strong>\u2026 Et comme trop souvent, le XV de France est retomb\u00e9 dans ses travers et laissait alors les Italiens revenir sur ses talons.<\/strong><\/p>\n<p><span class=\"rn0aMYehHuomD9yNl5AGJ3EFKU2zgIdbO8XS4fRiTxp7Zvj6PCW\"><\/p>\n<blockquote class=\"twitter-tweet\" data-width=\"550\" data-dnt=\"true\">\n<p lang=\"fr\" dir=\"ltr\">Les supporters fran\u00e7ais dans le stade<a href=\"https:\/\/twitter.com\/hashtag\/ITAFRA?src=hash&amp;ref_src=twsrc%5Etfw\">#ITAFRA<\/a> <a href=\"https:\/\/t.co\/ULHN65LKBE\">pic.twitter.com\/ULHN65LKBE<\/a><\/p>\n<p>&mdash; Out of Context Kaamelott (@OutOfKaamelott) <a href=\"https:\/\/twitter.com\/OutOfKaamelott\/status\/1106899766468845568?ref_src=twsrc%5Etfw\">March 16, 2019<\/a><\/p><\/blockquote>\n<p><script async src=\"https:\/\/platform.twitter.com\/widgets.js\" charset=\"utf-8\"><\/script><\/span><\/p>\n<p style=\"text-align: justify;\"><strong>Heureusement, les Bleus ont pu compter sur un dernier rempart infranchissable : la French Chatte.<\/strong><\/p>\n<p>https:\/\/twitter.com\/ArnaudRey9\/status\/1106903949255340034<\/p>\n<p><span class=\"YWt5rUjzxqCIr2nxaZXpEhkgcALitSMMNm1FDPbjwVgh3l1WKbO5OuzBJUQiI2a0G89fu\"><\/p>\n<blockquote class=\"twitter-tweet\" data-width=\"550\" data-dnt=\"true\">\n<p lang=\"fr\" dir=\"ltr\">Le poteau gauche, meilleur d\u00e9fenseur fran\u00e7ais pour le moment.<a href=\"https:\/\/twitter.com\/hashtag\/ITAFRA?src=hash&amp;ref_src=twsrc%5Etfw\">#ITAFRA<\/a><\/p>\n<p>&mdash; Renvoi aux 22 (@Renvoiaux22) <a href=\"https:\/\/twitter.com\/Renvoiaux22\/status\/1106903034980958213?ref_src=twsrc%5Etfw\">March 16, 2019<\/a><\/p><\/blockquote>\n<p><script async src=\"https:\/\/platform.twitter.com\/widgets.js\" charset=\"utf-8\"><\/script><\/span><\/p>\n<p style=\"text-align: justify;\"><strong>En deuxi\u00e8me p\u00e9riode, les joueurs de Jacques Brunel marquaient deux nouveaux essais par l\u2019interm\u00e9diaire de Yoann Huget et Damian Penaud. Deux petites \u00e9claircies au milieu du brouillard. On pourra quand m\u00eame dire merci les jeunes.<\/strong><\/p>\n<p><span class=\"xELpzXaHiSWGe2FwNy8tnTbC73OQ95vgYucPfqlA60sdBMmrZ1K\"><\/p>\n<blockquote class=\"twitter-tweet\" data-width=\"550\" data-dnt=\"true\">\n<p lang=\"fr\" dir=\"ltr\">Seule satisfaction Penaud et Ntamack, on attends tous l\u2019av\u00e8nement de Kevin Jauzion, Noa Rougerie et Kyllian Fritz !<\/p>\n<p>&mdash; Marco Levieuze (@marcantoinelevi) <a href=\"https:\/\/twitter.com\/marcantoinelevi\/status\/1106990508516216835?ref_src=twsrc%5Etfw\">March 16, 2019<\/a><\/p><\/blockquote>\n<p><script async src=\"https:\/\/platform.twitter.com\/widgets.js\" charset=\"utf-8\"><\/script><\/span><\/p>\n<p>https:\/\/twitter.com\/MichMich75000\/status\/1106934502826430464<\/p>\n<p><span class=\"0Ig9kUvt7Zz\"><\/p>\n<blockquote class=\"twitter-tweet\" data-width=\"550\" data-dnt=\"true\">\n<p lang=\"fr\" dir=\"ltr\">PENAUUDDDD, L&#39;HOMME DU MATCH !!! <a href=\"https:\/\/twitter.com\/hashtag\/ITAFRA?src=hash&amp;ref_src=twsrc%5Etfw\">#ITAFRA<\/a> <a href=\"https:\/\/twitter.com\/hashtag\/XVDeFrance?src=hash&amp;ref_src=twsrc%5Etfw\">#XVDeFrance<\/a><\/p>\n<p>&mdash; Pierre_Vgnl (@Pierrevignal) <a href=\"https:\/\/twitter.com\/Pierrevignal\/status\/1106924243768483841?ref_src=twsrc%5Etfw\">March 16, 2019<\/a><\/p><\/blockquote>\n<p><script async src=\"https:\/\/platform.twitter.com\/widgets.js\" charset=\"utf-8\"><\/script><\/span><\/p>\n<p style=\"text-align: justify;\"><strong>Un match \u00e9galement marqu\u00e9 par l\u2019entr\u00e9e en jeu de Camille Lopez pour quatre petites secondes. Le joueur n\u2019a pas appr\u00e9ci\u00e9, et il n\u2019est pas le seul.<\/strong><\/p>\n<p><span class=\"wKWHPv8OQ40kea3nfuMVF\"><\/p>\n<blockquote class=\"twitter-tweet\" data-width=\"550\" data-dnt=\"true\">\n<p lang=\"fr\" dir=\"ltr\">Comment mon fils a jou\u00e9 4 s ?? Tu nous cherches le moustachu non ? <a href=\"https:\/\/twitter.com\/hashtag\/ITAFRA?src=hash&amp;ref_src=twsrc%5Etfw\">#ITAFRA<\/a> <a href=\"https:\/\/twitter.com\/arrietadavid1?ref_src=twsrc%5Etfw\">@arrietadavid1<\/a> <a href=\"https:\/\/twitter.com\/BoucherieOvalie?ref_src=twsrc%5Etfw\">@BoucherieOvalie<\/a> <a href=\"https:\/\/twitter.com\/OvaleMasque?ref_src=twsrc%5Etfw\">@OvaleMasque<\/a> <a href=\"https:\/\/twitter.com\/RugbyramaFR?ref_src=twsrc%5Etfw\">@RugbyramaFR<\/a> <a href=\"https:\/\/twitter.com\/LeRugbynistere?ref_src=twsrc%5Etfw\">@LeRugbynistere<\/a> <a href=\"https:\/\/t.co\/4IILTlIXMo\">pic.twitter.com\/4IILTlIXMo<\/a><\/p>\n<p>&mdash; El ToTo (@tuciste) <a href=\"https:\/\/twitter.com\/tuciste\/status\/1107026387838423040?ref_src=twsrc%5Etfw\">March 16, 2019<\/a><\/p><\/blockquote>\n<p><script async src=\"https:\/\/platform.twitter.com\/widgets.js\" charset=\"utf-8\"><\/script><\/span><\/p>\n<p style=\"text-align: justify;\"><strong>Jacques Brunel, un petit mot pour conclure ?<\/strong><\/p>\n<p><span class=\"yR6RhAea2qVw4JMt64l5M8CbENL0kBzxtjimH9novG3rKjPywuBg2mWUWlZ0uHE1pfTa7kOoDfsFvDILnPr3QOYx\"><\/p>\n<blockquote class=\"twitter-tweet\" data-width=\"550\" data-dnt=\"true\">\n<p lang=\"fr\" dir=\"ltr\">Jacques <a href=\"https:\/\/twitter.com\/hashtag\/Brunel?src=hash&amp;ref_src=twsrc%5Etfw\">#Brunel<\/a> : &quot;Ce Tournoi est une d\u00e9ception.\u201d On va dire \u00e7a comme \u00e7a , oui&#8230; <a href=\"https:\/\/twitter.com\/hashtag\/Rugby?src=hash&amp;ref_src=twsrc%5Etfw\">#Rugby<\/a> <a href=\"https:\/\/twitter.com\/hashtag\/ITAFRA?src=hash&amp;ref_src=twsrc%5Etfw\">#ITAFRA<\/a><\/p>\n<p>&mdash; Beno\u00eet Lasserre (@LasserreBenoit) <a href=\"https:\/\/twitter.com\/LasserreBenoit\/status\/1107191272622747649?ref_src=twsrc%5Etfw\">March 17, 2019<\/a><\/p><\/blockquote>\n<p><script async src=\"https:\/\/platform.twitter.com\/widgets.js\" charset=\"utf-8\"><\/script><\/span><\/p>\n<h1 style=\"text-align: justify;\"><a href=\"https:\/\/dicodusport.fr\/blog\/xv-de-france-les-notes-des-bleus-face-a-litalie\/\" target=\"_blank\" rel=\"noopener\">A voir aussi\u00a0\u21d2 Les notes des Bleus face \u00e0 l&rsquo;Italie<\/a><\/h1>\n<p><strong><em>Flo Ostermann<br \/>\n<a href=\"https:\/\/www.facebook.com\/florent.ostermann\"><img loading=\"lazy\" decoding=\"async\" class=\"alignnone wp-image-2909\" src=\"http:\/\/dicodusport.fr\/blog\/wp-content\/uploads\/2017\/07\/logo-facebook-150x150.png\" sizes=\"auto, (max-width: 40px) 100vw, 40px\" srcset=\"https:\/\/dicodusport.fr\/blog\/wp-content\/uploads\/2017\/07\/logo-facebook-150x150.png 150w, https:\/\/dicodusport.fr\/blog\/wp-content\/uploads\/2017\/07\/logo-facebook-300x300.png 300w, https:\/\/dicodusport.fr\/blog\/wp-content\/uploads\/2017\/07\/logo-facebook.png 400w\" alt=\"\" width=\"40\" height=\"40\" \/><\/a><a href=\"https:\/\/twitter.com\/SportInsideMag\"><img loading=\"lazy\" decoding=\"async\" class=\"alignnone wp-image-2908\" src=\"http:\/\/dicodusport.fr\/blog\/wp-content\/uploads\/2017\/07\/logo-twitter-150x150.png\" alt=\"\" width=\"39\" height=\"39\" \/><\/a><\/em><\/strong><\/p>\n","protected":false},"excerpt":{"rendered":"<p>Hier, le XV de France a termin\u00e9 le Tournoi des 6 Nations sur une bonne note en battant l&rsquo;Italie, \u00e0 Rome (14-25). Un succ\u00e8s tr\u00e8s brouillon, qui n&rsquo;efface en rien les doutes sur les Bleus.<\/p>\n","protected":false},"author":4,"featured_media":35439,"comment_status":"open","ping_status":"closed","sticky":false,"template":"","format":"standard","meta":{"_acf_changed":false,"_daextam_enable_autolinks":"","footnotes":""},"categories":[2,2303,19951],"tags":[3085,30,374,3548,6455,1638],"class_list":["post-35427","post","type-post","status-publish","format-standard","has-post-thumbnail","hentry","category-actualites","category-rugby","category-xv-de-france","tag-6-nations","tag-france","tag-italie","tag-reseaux-sociaux","tag-twitter","tag-xv-de-france"],"acf":[],"yoast_head":"<!-- This site is optimized with the Yoast SEO Premium plugin v26.7 (Yoast SEO v26.7) - https:\/\/yoast.com\/wordpress\/plugins\/seo\/ -->\n<title>La (p\u00e9nible) victoire du XV de France en Italie vue par les r\u00e9seaux sociaux<\/title>\n<meta name=\"description\" content=\"Le XV de France a termin\u00e9 le 6 Nations sur une bonne note en battant l&#039;Italie. Un succ\u00e8s tr\u00e8s brouillon, qui n&#039;efface en rien les doutes sur les Bleus.\" \/>\n<meta name=\"robots\" content=\"index, follow, max-snippet:-1, max-image-preview:large, max-video-preview:-1\" \/>\n<link rel=\"canonical\" href=\"https:\/\/dicodusport.fr\/blog\/la-penible-victoire-du-xv-de-france-en-italie-vue-par-les-reseaux-sociaux\/\" \/>\n<meta property=\"og:locale\" content=\"fr_FR\" \/>\n<meta property=\"og:type\" content=\"article\" \/>\n<meta property=\"og:title\" content=\"La (p\u00e9nible) victoire du XV de France en Italie vue par les r\u00e9seaux sociaux\" \/>\n<meta property=\"og:description\" content=\"Le XV de France a termin\u00e9 le 6 Nations sur une bonne note en battant l&#039;Italie. Un succ\u00e8s tr\u00e8s brouillon, qui n&#039;efface en rien les doutes sur les Bleus.\" \/>\n<meta property=\"og:url\" content=\"https:\/\/dicodusport.fr\/blog\/la-penible-victoire-du-xv-de-france-en-italie-vue-par-les-reseaux-sociaux\/\" \/>\n<meta property=\"og:site_name\" content=\"Dicodusport\" \/>\n<meta property=\"article:publisher\" content=\"https:\/\/www.facebook.com\/dicodusport\" \/>\n<meta property=\"article:author\" content=\"https:\/\/www.facebook.com\/florent.ostermann\" \/>\n<meta property=\"article:published_time\" content=\"2019-03-17T09:19:01+00:00\" \/>\n<meta property=\"article:modified_time\" content=\"2021-10-18T15:10:52+00:00\" \/>\n<meta property=\"og:image\" content=\"https:\/\/dicodusport.fr\/blog\/wp-content\/uploads\/2019\/03\/Italie-France-vue-par-les-r\u00e9seaux-sociaux-6-Nations-2019.png\" \/>\n\t<meta property=\"og:image:width\" content=\"800\" \/>\n\t<meta property=\"og:image:height\" content=\"445\" \/>\n\t<meta property=\"og:image:type\" content=\"image\/png\" \/>\n<meta name=\"author\" content=\"Flo Ostermann\" \/>\n<meta name=\"twitter:card\" content=\"summary_large_image\" \/>\n<meta name=\"twitter:creator\" content=\"@https:\/\/twitter.com\/FlOstermann\" \/>\n<meta name=\"twitter:site\" content=\"@dicodusport\" \/>\n<script type=\"application\/ld+json\" class=\"yoast-schema-graph\">{\"@context\":\"https:\/\/schema.org\",\"@graph\":[{\"@type\":\"NewsArticle\",\"@id\":\"https:\/\/dicodusport.fr\/blog\/la-penible-victoire-du-xv-de-france-en-italie-vue-par-les-reseaux-sociaux\/#article\",\"isPartOf\":{\"@id\":\"https:\/\/dicodusport.fr\/blog\/la-penible-victoire-du-xv-de-france-en-italie-vue-par-les-reseaux-sociaux\/\"},\"author\":{\"name\":\"Flo Ostermann\",\"@id\":\"https:\/\/dicodusport.fr\/blog\/#\/schema\/person\/cb02af4c173ce4a653b55e9baf388d4a\"},\"headline\":\"La (p\u00e9nible) victoire du XV de France en Italie vue par les r\u00e9seaux sociaux\",\"datePublished\":\"2019-03-17T09:19:01+00:00\",\"dateModified\":\"2021-10-18T15:10:52+00:00\",\"mainEntityOfPage\":{\"@id\":\"https:\/\/dicodusport.fr\/blog\/la-penible-victoire-du-xv-de-france-en-italie-vue-par-les-reseaux-sociaux\/\"},\"wordCount\":277,\"commentCount\":1,\"publisher\":{\"@id\":\"https:\/\/dicodusport.fr\/blog\/#organization\"},\"image\":{\"@id\":\"https:\/\/dicodusport.fr\/blog\/la-penible-victoire-du-xv-de-france-en-italie-vue-par-les-reseaux-sociaux\/#primaryimage\"},\"thumbnailUrl\":\"https:\/\/dicodusport.fr\/blog\/wp-content\/uploads\/2019\/03\/Italie-France-vue-par-les-r\u00e9seaux-sociaux-6-Nations-2019.png\",\"keywords\":[\"6 nations\",\"France\",\"Italie\",\"r\u00e9seaux sociaux\",\"Twitter\",\"XV de France\"],\"articleSection\":[\"Actualit\u00e9s\",\"Rugby\",\"XV de France\"],\"inLanguage\":\"fr-FR\",\"potentialAction\":[{\"@type\":\"CommentAction\",\"name\":\"Comment\",\"target\":[\"https:\/\/dicodusport.fr\/blog\/la-penible-victoire-du-xv-de-france-en-italie-vue-par-les-reseaux-sociaux\/#respond\"]}],\"copyrightYear\":\"2019\",\"copyrightHolder\":{\"@id\":\"https:\/\/dicodusport.fr\/blog\/#organization\"}},{\"@type\":\"WebPage\",\"@id\":\"https:\/\/dicodusport.fr\/blog\/la-penible-victoire-du-xv-de-france-en-italie-vue-par-les-reseaux-sociaux\/\",\"url\":\"https:\/\/dicodusport.fr\/blog\/la-penible-victoire-du-xv-de-france-en-italie-vue-par-les-reseaux-sociaux\/\",\"name\":\"La (p\u00e9nible) victoire du XV de France en Italie vue par les r\u00e9seaux sociaux\",\"isPartOf\":{\"@id\":\"https:\/\/dicodusport.fr\/blog\/#website\"},\"primaryImageOfPage\":{\"@id\":\"https:\/\/dicodusport.fr\/blog\/la-penible-victoire-du-xv-de-france-en-italie-vue-par-les-reseaux-sociaux\/#primaryimage\"},\"image\":{\"@id\":\"https:\/\/dicodusport.fr\/blog\/la-penible-victoire-du-xv-de-france-en-italie-vue-par-les-reseaux-sociaux\/#primaryimage\"},\"thumbnailUrl\":\"https:\/\/dicodusport.fr\/blog\/wp-content\/uploads\/2019\/03\/Italie-France-vue-par-les-r\u00e9seaux-sociaux-6-Nations-2019.png\",\"datePublished\":\"2019-03-17T09:19:01+00:00\",\"dateModified\":\"2021-10-18T15:10:52+00:00\",\"description\":\"Le XV de France a termin\u00e9 le 6 Nations sur une bonne note en battant l'Italie. Un succ\u00e8s tr\u00e8s brouillon, qui n'efface en rien les doutes sur les Bleus.\",\"breadcrumb\":{\"@id\":\"https:\/\/dicodusport.fr\/blog\/la-penible-victoire-du-xv-de-france-en-italie-vue-par-les-reseaux-sociaux\/#breadcrumb\"},\"inLanguage\":\"fr-FR\",\"potentialAction\":[{\"@type\":\"ReadAction\",\"target\":[\"https:\/\/dicodusport.fr\/blog\/la-penible-victoire-du-xv-de-france-en-italie-vue-par-les-reseaux-sociaux\/\"]}]},{\"@type\":\"ImageObject\",\"inLanguage\":\"fr-FR\",\"@id\":\"https:\/\/dicodusport.fr\/blog\/la-penible-victoire-du-xv-de-france-en-italie-vue-par-les-reseaux-sociaux\/#primaryimage\",\"url\":\"https:\/\/dicodusport.fr\/blog\/wp-content\/uploads\/2019\/03\/Italie-France-vue-par-les-r\u00e9seaux-sociaux-6-Nations-2019.png\",\"contentUrl\":\"https:\/\/dicodusport.fr\/blog\/wp-content\/uploads\/2019\/03\/Italie-France-vue-par-les-r\u00e9seaux-sociaux-6-Nations-2019.png\",\"width\":800,\"height\":445},{\"@type\":\"BreadcrumbList\",\"@id\":\"https:\/\/dicodusport.fr\/blog\/la-penible-victoire-du-xv-de-france-en-italie-vue-par-les-reseaux-sociaux\/#breadcrumb\",\"itemListElement\":[{\"@type\":\"ListItem\",\"position\":1,\"name\":\"Accueil\",\"item\":\"https:\/\/dicodusport.fr\/blog\/\"},{\"@type\":\"ListItem\",\"position\":2,\"name\":\"La (p\u00e9nible) victoire du XV de France en Italie vue par les r\u00e9seaux sociaux\"}]},{\"@type\":\"WebSite\",\"@id\":\"https:\/\/dicodusport.fr\/blog\/#website\",\"url\":\"https:\/\/dicodusport.fr\/blog\/\",\"name\":\"Dicodusport\",\"description\":\"L&#039;encyclop\u00e9die de l&#039;actualit\u00e9 sportive\",\"publisher\":{\"@id\":\"https:\/\/dicodusport.fr\/blog\/#organization\"},\"potentialAction\":[{\"@type\":\"SearchAction\",\"target\":{\"@type\":\"EntryPoint\",\"urlTemplate\":\"https:\/\/dicodusport.fr\/blog\/?s={search_term_string}\"},\"query-input\":{\"@type\":\"PropertyValueSpecification\",\"valueRequired\":true,\"valueName\":\"search_term_string\"}}],\"inLanguage\":\"fr-FR\"},{\"@type\":\"NewsMediaOrganization\",\"@id\":\"https:\/\/dicodusport.fr\/blog\/#organization\",\"name\":\"Dicodusport\",\"url\":\"https:\/\/dicodusport.fr\/blog\/\",\"logo\":{\"@type\":\"ImageObject\",\"inLanguage\":\"fr-FR\",\"@id\":\"https:\/\/dicodusport.fr\/blog\/#\/schema\/logo\/image\/\",\"url\":\"https:\/\/dicodusport.fr\/blog\/wp-content\/uploads\/2020\/06\/cropped-LOGO-DICODUSPORT-2020-SANS-FOND-SANS-TEXTE.png\",\"contentUrl\":\"https:\/\/dicodusport.fr\/blog\/wp-content\/uploads\/2020\/06\/cropped-LOGO-DICODUSPORT-2020-SANS-FOND-SANS-TEXTE.png\",\"width\":512,\"height\":512,\"caption\":\"Dicodusport\"},\"image\":{\"@id\":\"https:\/\/dicodusport.fr\/blog\/#\/schema\/logo\/image\/\"},\"sameAs\":[\"https:\/\/www.facebook.com\/dicodusport\",\"https:\/\/x.com\/dicodusport\",\"https:\/\/www.instagram.com\/dicodusport\/\",\"https:\/\/www.youtube.com\/channel\/UC7V2KZ5sd3htJivAbA4ZG3w\"],\"description\":\"Dicodusport est l'encyclop\u00e9die de l'actualit\u00e9 sportive.\",\"email\":\"bonjour@dicodusport.fr\",\"legalName\":\"DICODUSPORT\",\"foundingDate\":\"2018-01-14\",\"vatID\":\"FR71834470973\",\"taxID\":\"83447097300043\",\"numberOfEmployees\":{\"@type\":\"QuantitativeValue\",\"minValue\":\"1\",\"maxValue\":\"10\"}},{\"@type\":\"Person\",\"@id\":\"https:\/\/dicodusport.fr\/blog\/#\/schema\/person\/cb02af4c173ce4a653b55e9baf388d4a\",\"name\":\"Flo Ostermann\",\"image\":{\"@type\":\"ImageObject\",\"inLanguage\":\"fr-FR\",\"@id\":\"https:\/\/dicodusport.fr\/blog\/#\/schema\/person\/image\/\",\"url\":\"https:\/\/dicodusport.fr\/blog\/wp-content\/uploads\/2021\/05\/Flo-Ostermann-150x150.jpg\",\"contentUrl\":\"https:\/\/dicodusport.fr\/blog\/wp-content\/uploads\/2021\/05\/Flo-Ostermann-150x150.jpg\",\"caption\":\"Flo Ostermann\"},\"description\":\"Journaliste\/R\u00e9dacteur depuis septembre 2015 - Mes premiers souvenirs dans le sport ? Les envol\u00e9es du Stade Toulousain et les duels Villeneuve-Schumacher et H\u00e4kkinen-Schumacher \u00e0 la fin des ann\u00e9es 90, la Coupe du monde de football en 1998, l\u2019exploit du XV de France face aux All Blacks en 1999, mais aussi Richard C\u0153ur de Lion qui vole sur les montagnes du Tour de France. Bien parti pour devenir professeur d\u2019EPS, les \u00e9v\u00e9nements de la vie (et la flemme d\u2019animer des s\u00e9ances de 3x500 m\u00e8tres toute ma vie) m\u2019ont conduit \u00e0 revoir mes plans. Me voil\u00e0 depuis fin 2017 sur Dicodusport, m\u00e9dia gr\u00e2ce (et pour) lequel je partage ma passion : le sport dans tous ses \u00e9tats. Le tout accompagn\u00e9 par les fous furieux et folles furieuses cit\u00e9s sur cette page !\",\"sameAs\":[\"https:\/\/www.facebook.com\/florent.ostermann\",\"https:\/\/x.com\/https:\/\/twitter.com\/FlOstermann\",\"admin\"],\"url\":\"https:\/\/dicodusport.fr\/blog\/author\/flo\/\"}]}<\/script>\n<!-- \/ Yoast SEO Premium plugin. -->","yoast_head_json":{"title":"La (p\u00e9nible) victoire du XV de France en Italie vue par les r\u00e9seaux sociaux","description":"Le XV de France a termin\u00e9 le 6 Nations sur une bonne note en battant l'Italie. Un succ\u00e8s tr\u00e8s brouillon, qui n'efface en rien les doutes sur les Bleus.","robots":{"index":"index","follow":"follow","max-snippet":"max-snippet:-1","max-image-preview":"max-image-preview:large","max-video-preview":"max-video-preview:-1"},"canonical":"https:\/\/dicodusport.fr\/blog\/la-penible-victoire-du-xv-de-france-en-italie-vue-par-les-reseaux-sociaux\/","og_locale":"fr_FR","og_type":"article","og_title":"La (p\u00e9nible) victoire du XV de France en Italie vue par les r\u00e9seaux sociaux","og_description":"Le XV de France a termin\u00e9 le 6 Nations sur une bonne note en battant l'Italie. Un succ\u00e8s tr\u00e8s brouillon, qui n'efface en rien les doutes sur les Bleus.","og_url":"https:\/\/dicodusport.fr\/blog\/la-penible-victoire-du-xv-de-france-en-italie-vue-par-les-reseaux-sociaux\/","og_site_name":"Dicodusport","article_publisher":"https:\/\/www.facebook.com\/dicodusport","article_author":"https:\/\/www.facebook.com\/florent.ostermann","article_published_time":"2019-03-17T09:19:01+00:00","article_modified_time":"2021-10-18T15:10:52+00:00","og_image":[{"width":800,"height":445,"url":"https:\/\/dicodusport.fr\/blog\/wp-content\/uploads\/2019\/03\/Italie-France-vue-par-les-r\u00e9seaux-sociaux-6-Nations-2019.png","type":"image\/png"}],"author":"Flo Ostermann","twitter_card":"summary_large_image","twitter_creator":"@https:\/\/twitter.com\/FlOstermann","twitter_site":"@dicodusport","schema":{"@context":"https:\/\/schema.org","@graph":[{"@type":"NewsArticle","@id":"https:\/\/dicodusport.fr\/blog\/la-penible-victoire-du-xv-de-france-en-italie-vue-par-les-reseaux-sociaux\/#article","isPartOf":{"@id":"https:\/\/dicodusport.fr\/blog\/la-penible-victoire-du-xv-de-france-en-italie-vue-par-les-reseaux-sociaux\/"},"author":{"name":"Flo Ostermann","@id":"https:\/\/dicodusport.fr\/blog\/#\/schema\/person\/cb02af4c173ce4a653b55e9baf388d4a"},"headline":"La (p\u00e9nible) victoire du XV de France en Italie vue par les r\u00e9seaux sociaux","datePublished":"2019-03-17T09:19:01+00:00","dateModified":"2021-10-18T15:10:52+00:00","mainEntityOfPage":{"@id":"https:\/\/dicodusport.fr\/blog\/la-penible-victoire-du-xv-de-france-en-italie-vue-par-les-reseaux-sociaux\/"},"wordCount":277,"commentCount":1,"publisher":{"@id":"https:\/\/dicodusport.fr\/blog\/#organization"},"image":{"@id":"https:\/\/dicodusport.fr\/blog\/la-penible-victoire-du-xv-de-france-en-italie-vue-par-les-reseaux-sociaux\/#primaryimage"},"thumbnailUrl":"https:\/\/dicodusport.fr\/blog\/wp-content\/uploads\/2019\/03\/Italie-France-vue-par-les-r\u00e9seaux-sociaux-6-Nations-2019.png","keywords":["6 nations","France","Italie","r\u00e9seaux sociaux","Twitter","XV de France"],"articleSection":["Actualit\u00e9s","Rugby","XV de France"],"inLanguage":"fr-FR","potentialAction":[{"@type":"CommentAction","name":"Comment","target":["https:\/\/dicodusport.fr\/blog\/la-penible-victoire-du-xv-de-france-en-italie-vue-par-les-reseaux-sociaux\/#respond"]}],"copyrightYear":"2019","copyrightHolder":{"@id":"https:\/\/dicodusport.fr\/blog\/#organization"}},{"@type":"WebPage","@id":"https:\/\/dicodusport.fr\/blog\/la-penible-victoire-du-xv-de-france-en-italie-vue-par-les-reseaux-sociaux\/","url":"https:\/\/dicodusport.fr\/blog\/la-penible-victoire-du-xv-de-france-en-italie-vue-par-les-reseaux-sociaux\/","name":"La (p\u00e9nible) victoire du XV de France en Italie vue par les r\u00e9seaux sociaux","isPartOf":{"@id":"https:\/\/dicodusport.fr\/blog\/#website"},"primaryImageOfPage":{"@id":"https:\/\/dicodusport.fr\/blog\/la-penible-victoire-du-xv-de-france-en-italie-vue-par-les-reseaux-sociaux\/#primaryimage"},"image":{"@id":"https:\/\/dicodusport.fr\/blog\/la-penible-victoire-du-xv-de-france-en-italie-vue-par-les-reseaux-sociaux\/#primaryimage"},"thumbnailUrl":"https:\/\/dicodusport.fr\/blog\/wp-content\/uploads\/2019\/03\/Italie-France-vue-par-les-r\u00e9seaux-sociaux-6-Nations-2019.png","datePublished":"2019-03-17T09:19:01+00:00","dateModified":"2021-10-18T15:10:52+00:00","description":"Le XV de France a termin\u00e9 le 6 Nations sur une bonne note en battant l'Italie. Un succ\u00e8s tr\u00e8s brouillon, qui n'efface en rien les doutes sur les Bleus.","breadcrumb":{"@id":"https:\/\/dicodusport.fr\/blog\/la-penible-victoire-du-xv-de-france-en-italie-vue-par-les-reseaux-sociaux\/#breadcrumb"},"inLanguage":"fr-FR","potentialAction":[{"@type":"ReadAction","target":["https:\/\/dicodusport.fr\/blog\/la-penible-victoire-du-xv-de-france-en-italie-vue-par-les-reseaux-sociaux\/"]}]},{"@type":"ImageObject","inLanguage":"fr-FR","@id":"https:\/\/dicodusport.fr\/blog\/la-penible-victoire-du-xv-de-france-en-italie-vue-par-les-reseaux-sociaux\/#primaryimage","url":"https:\/\/dicodusport.fr\/blog\/wp-content\/uploads\/2019\/03\/Italie-France-vue-par-les-r\u00e9seaux-sociaux-6-Nations-2019.png","contentUrl":"https:\/\/dicodusport.fr\/blog\/wp-content\/uploads\/2019\/03\/Italie-France-vue-par-les-r\u00e9seaux-sociaux-6-Nations-2019.png","width":800,"height":445},{"@type":"BreadcrumbList","@id":"https:\/\/dicodusport.fr\/blog\/la-penible-victoire-du-xv-de-france-en-italie-vue-par-les-reseaux-sociaux\/#breadcrumb","itemListElement":[{"@type":"ListItem","position":1,"name":"Accueil","item":"https:\/\/dicodusport.fr\/blog\/"},{"@type":"ListItem","position":2,"name":"La (p\u00e9nible) victoire du XV de France en Italie vue par les r\u00e9seaux sociaux"}]},{"@type":"WebSite","@id":"https:\/\/dicodusport.fr\/blog\/#website","url":"https:\/\/dicodusport.fr\/blog\/","name":"Dicodusport","description":"L&#039;encyclop\u00e9die de l&#039;actualit\u00e9 sportive","publisher":{"@id":"https:\/\/dicodusport.fr\/blog\/#organization"},"potentialAction":[{"@type":"SearchAction","target":{"@type":"EntryPoint","urlTemplate":"https:\/\/dicodusport.fr\/blog\/?s={search_term_string}"},"query-input":{"@type":"PropertyValueSpecification","valueRequired":true,"valueName":"search_term_string"}}],"inLanguage":"fr-FR"},{"@type":"NewsMediaOrganization","@id":"https:\/\/dicodusport.fr\/blog\/#organization","name":"Dicodusport","url":"https:\/\/dicodusport.fr\/blog\/","logo":{"@type":"ImageObject","inLanguage":"fr-FR","@id":"https:\/\/dicodusport.fr\/blog\/#\/schema\/logo\/image\/","url":"https:\/\/dicodusport.fr\/blog\/wp-content\/uploads\/2020\/06\/cropped-LOGO-DICODUSPORT-2020-SANS-FOND-SANS-TEXTE.png","contentUrl":"https:\/\/dicodusport.fr\/blog\/wp-content\/uploads\/2020\/06\/cropped-LOGO-DICODUSPORT-2020-SANS-FOND-SANS-TEXTE.png","width":512,"height":512,"caption":"Dicodusport"},"image":{"@id":"https:\/\/dicodusport.fr\/blog\/#\/schema\/logo\/image\/"},"sameAs":["https:\/\/www.facebook.com\/dicodusport","https:\/\/x.com\/dicodusport","https:\/\/www.instagram.com\/dicodusport\/","https:\/\/www.youtube.com\/channel\/UC7V2KZ5sd3htJivAbA4ZG3w"],"description":"Dicodusport est l'encyclop\u00e9die de l'actualit\u00e9 sportive.","email":"bonjour@dicodusport.fr","legalName":"DICODUSPORT","foundingDate":"2018-01-14","vatID":"FR71834470973","taxID":"83447097300043","numberOfEmployees":{"@type":"QuantitativeValue","minValue":"1","maxValue":"10"}},{"@type":"Person","@id":"https:\/\/dicodusport.fr\/blog\/#\/schema\/person\/cb02af4c173ce4a653b55e9baf388d4a","name":"Flo Ostermann","image":{"@type":"ImageObject","inLanguage":"fr-FR","@id":"https:\/\/dicodusport.fr\/blog\/#\/schema\/person\/image\/","url":"https:\/\/dicodusport.fr\/blog\/wp-content\/uploads\/2021\/05\/Flo-Ostermann-150x150.jpg","contentUrl":"https:\/\/dicodusport.fr\/blog\/wp-content\/uploads\/2021\/05\/Flo-Ostermann-150x150.jpg","caption":"Flo Ostermann"},"description":"Journaliste\/R\u00e9dacteur depuis septembre 2015 - Mes premiers souvenirs dans le sport ? Les envol\u00e9es du Stade Toulousain et les duels Villeneuve-Schumacher et H\u00e4kkinen-Schumacher \u00e0 la fin des ann\u00e9es 90, la Coupe du monde de football en 1998, l\u2019exploit du XV de France face aux All Blacks en 1999, mais aussi Richard C\u0153ur de Lion qui vole sur les montagnes du Tour de France. Bien parti pour devenir professeur d\u2019EPS, les \u00e9v\u00e9nements de la vie (et la flemme d\u2019animer des s\u00e9ances de 3x500 m\u00e8tres toute ma vie) m\u2019ont conduit \u00e0 revoir mes plans. Me voil\u00e0 depuis fin 2017 sur Dicodusport, m\u00e9dia gr\u00e2ce (et pour) lequel je partage ma passion : le sport dans tous ses \u00e9tats. Le tout accompagn\u00e9 par les fous furieux et folles furieuses cit\u00e9s sur cette page !","sameAs":["https:\/\/www.facebook.com\/florent.ostermann","https:\/\/x.com\/https:\/\/twitter.com\/FlOstermann","admin"],"url":"https:\/\/dicodusport.fr\/blog\/author\/flo\/"}]}},"_links":{"self":[{"href":"https:\/\/dicodusport.fr\/blog\/wp-json\/wp\/v2\/posts\/35427","targetHints":{"allow":["GET"]}}],"collection":[{"href":"https:\/\/dicodusport.fr\/blog\/wp-json\/wp\/v2\/posts"}],"about":[{"href":"https:\/\/dicodusport.fr\/blog\/wp-json\/wp\/v2\/types\/post"}],"author":[{"embeddable":true,"href":"https:\/\/dicodusport.fr\/blog\/wp-json\/wp\/v2\/users\/4"}],"replies":[{"embeddable":true,"href":"https:\/\/dicodusport.fr\/blog\/wp-json\/wp\/v2\/comments?post=35427"}],"version-history":[{"count":0,"href":"https:\/\/dicodusport.fr\/blog\/wp-json\/wp\/v2\/posts\/35427\/revisions"}],"wp:featuredmedia":[{"embeddable":true,"href":"https:\/\/dicodusport.fr\/blog\/wp-json\/wp\/v2\/media\/35439"}],"wp:attachment":[{"href":"https:\/\/dicodusport.fr\/blog\/wp-json\/wp\/v2\/media?parent=35427"}],"wp:term":[{"taxonomy":"category","embeddable":true,"href":"https:\/\/dicodusport.fr\/blog\/wp-json\/wp\/v2\/categories?post=35427"},{"taxonomy":"post_tag","embeddable":true,"href":"https:\/\/dicodusport.fr\/blog\/wp-json\/wp\/v2\/tags?post=35427"}],"curies":[{"name":"wp","href":"https:\/\/api.w.org\/{rel}","templated":true}]}}