{"id":354428,"date":"2023-02-11T18:49:43","date_gmt":"2023-02-11T17:49:43","guid":{"rendered":"https:\/\/dicodusport.fr\/blog\/?p=354428&#038;preview=true&#038;preview_id=354428"},"modified":"2023-02-11T21:16:16","modified_gmt":"2023-02-11T20:16:16","slug":"irlande-xv-de-france-notes-des-bleus","status":"publish","type":"post","link":"https:\/\/dicodusport.fr\/blog\/irlande-xv-de-france-notes-des-bleus\/","title":{"rendered":"Irlande &#8211; XV de France : Les notes des Bleus"},"content":{"rendered":"<p style=\"text-align: justify;\"><em><a style=\"font-weight: bold;\" href=\"https:\/\/dicodusport.fr\/blog\/6-nations-2023-calendrier-resultats-et-classement\/\">TOURNOI DES 6 NATIONS 2023<\/a><b> &#8211; Au terme d&rsquo;un match d&rsquo;une rare intensit\u00e9, <a href=\"https:\/\/dicodusport.fr\/blog\/6-nations-les-bleus-tombent-en-irlande\/\">le XV de France est tomb\u00e9 en Irlande (32-19)<\/a>, mettant fin \u00e0 la s\u00e9rie d&rsquo;invincibilit\u00e9 de 14 matchs des Fran\u00e7ais. D\u00e9couvrez les notes des Bleus.<\/b><\/em><\/p>\n<h2 style=\"text-align: justify;\">Les avants<\/h2>\n<p style=\"text-align: justify;\"><strong>Cyril Baille &#8211; 7 :\u00a0<\/strong><\/p>\n<p style=\"text-align: justify;\">Le + : Nouvelle performance de haut-niveau en d\u00e9fense, avec un 15\/15 au plaquage. Surtout, il sauve la patrie \u00e0 deux reprises, en se sacrifiant dans son en-but (8&prime; et 25&prime;). De l&rsquo;activit\u00e9, encore et toujours, pour Baille.<\/p>\n<p style=\"text-align: justify;\">Le &#8211; : Plus discret dans le jeu courant que face \u00e0 l&rsquo;Italie (6 ballons d&rsquo;attaque touch\u00e9s).<\/p>\n<p style=\"text-align: justify;\">En bref : Un match plus qu&rsquo;abouti \u00e0 titre personnel pour le pilier gauche toulousain. Remplac\u00e9 par <strong>Reda Wardi (56&prime;)<\/strong>.<\/p>\n<p style=\"text-align: justify;\"><strong>Julien Marchand &#8211; 6 :<\/strong><\/p>\n<p style=\"text-align: justify;\">Le + : Omnipr\u00e9sent dans le combat, avec 23 plaquages r\u00e9ussis sur 25 tent\u00e9s. Propre sur ses lancers en touche, il a \u00e9galement mis du c\u0153ur \u00e0 l&rsquo;ouvrage ballon en mains, sans parvenir \u00e0 faire de diff\u00e9rences toutefois.<\/p>\n<p style=\"text-align: justify;\">Le &#8211; : Comme face \u00e0 l&rsquo;Italie, le talonneur toulousain n&rsquo;est pas parvenu \u00e0 faire la loi dans les rucks, ne r\u00e9cup\u00e9rant aucune munition. Certes, dans ce domaine, les Irlandais ne donnent pas leur part au chien. Mais tout de m\u00eame. Une p\u00e9nalit\u00e9 conc\u00e9d\u00e9e \u00e9galement.<\/p>\n<p style=\"text-align: justify;\">En bref : Match sur la lanc\u00e9e de la rencontre face aux Transalpins. Valeureux et solide, mais avec un coup de moins bien dans son domaine de pr\u00e9dilection. N\u00e9anmoins, son volume de jeu durant 75 minutes fut impressionnant. Remplac\u00e9 par <strong>Ga\u00ebtan Barlot (75&prime;)<\/strong>.<\/p>\n<p style=\"text-align: justify;\"><strong>Uini Atonio &#8211; 4 :<\/strong><\/p>\n<p style=\"text-align: justify;\">Le + : 9\/9 au plaquage, symbolisant une prestation d\u00e9fensive de bonne facture.<\/p>\n<p style=\"text-align: justify;\">Le &#8211; : Son plaquage sur le talonneur irlandais <strong>Herring (25&prime;)<\/strong>, qui lui vaut logiquement un carton jaune. Pendant ses 10 minutes sur le banc, les Bleus ont encaiss\u00e9 5 points. C&rsquo;est beaucoup et peu \u00e0 la fois. Autrement, malgr\u00e9 des charges importantes, il n&rsquo;aura pas r\u00e9ussi \u00e0 faire avancer les siens (6 petits m\u00e8tres gagn\u00e9s avec le ballon).<\/p>\n<p style=\"text-align: justify;\">En bref : Le pilier rochelais aura tenu quasiment une heure. Avec un rendement d\u00e9fensif int\u00e9ressant, \u00e0 d\u00e9faut de faire gagner des m\u00e8tres aux Bleus. Remplac\u00e9 par <strong>Sipili Falatea (56&prime;)<\/strong>.<\/p>\n<p style=\"text-align: justify;\"><strong>Thibaud Flament &#8211; 8 :<\/strong><\/p>\n<p style=\"text-align: justify;\">Le + : 28 plaquages r\u00e9ussis sur 28 tent\u00e9s ! Oui, vous avez bien lu, le deuxi\u00e8me ligne toulousain a \u00e9t\u00e9 monumental en d\u00e9fense ce samedi en Irlande. Dans le jeu, il a \u00e9galement \u00e9t\u00e9 \u00e0 son avantage, avec 61 m\u00e8tres parcourus avec la gonfle. On retiendra sa prise d&rsquo;intervalle (50&prime;), suivi d&rsquo;une passe dans le dos pour <strong>Dupont<\/strong>. Quatre ballons pris en touche \u00e9galement.<\/p>\n<p style=\"text-align: justify;\">Le &#8211; : RAS<\/p>\n<p style=\"text-align: justify;\">En bref : MON-STRU-EUX !<\/p>\n<blockquote class=\"twitter-tweet\">\n<p dir=\"ltr\" lang=\"en\">Ce offload de Thibaud Flament \ud83e\udd2f<br \/>\n<a href=\"https:\/\/twitter.com\/hashtag\/SixNations?src=hash&amp;ref_src=twsrc%5Etfw\">#SixNations<\/a> | <a href=\"https:\/\/twitter.com\/hashtag\/IREvFRA?src=hash&amp;ref_src=twsrc%5Etfw\">#IREvFRA<\/a> <a href=\"https:\/\/t.co\/CiN7ykSV0P\">pic.twitter.com\/CiN7ykSV0P<\/a><\/p>\n<p>\u2014 Six Nations (FR) (@SixNations_FR) <a href=\"https:\/\/twitter.com\/SixNations_FR\/status\/1624433925555625984?ref_src=twsrc%5Etfw\">February 11, 2023<\/a><\/p><\/blockquote>\n<p><script async src=\"https:\/\/platform.twitter.com\/widgets.js\" charset=\"utf-8\"><\/script><\/p>\n<p><strong>Paul Willemse &#8211; 5 :<\/strong><\/p>\n<p style=\"text-align: justify;\">Le + : Comme tous ses comp\u00e8res du pack d&rsquo;avants, il s&rsquo;y est fil\u00e9 en d\u00e9fense, avec un joli 12\/12 au plaquage.<\/p>\n<p style=\"text-align: justify;\">Le &#8211; : Pour le reste, <strong>Willemse<\/strong> a pein\u00e9 \u00e0 imposer sa puissance dans le jeu. Quatre ballons d&rsquo;attaque, 16 petits m\u00e8tres gagn\u00e9s, lui qui a l&rsquo;habitude de faire des diff\u00e9rences. C&rsquo;est sans doute ce qui a manqu\u00e9 aux Bleus ce samedi, entre autres.<\/p>\n<p style=\"text-align: justify;\">En bref : Sur les rotules rapidement, il a \u00e9t\u00e9 remplac\u00e9 par <strong>Romain Taofifenua (45&prime;)<\/strong>. Le Lyonnais a fait le job dans le combat, avec en prime, un ballon r\u00e9cup\u00e9r\u00e9.<\/p>\n<p style=\"text-align: justify;\"><strong>Anthony Jelonch &#8211; 7 :<\/strong><\/p>\n<p style=\"text-align: justify;\">Le + : \u00c0 l&rsquo;instar de son co\u00e9quipier toulousain <strong>Flament<\/strong>, l&rsquo;ancien Castrais a d\u00e9coup\u00e9 \u00e0 tour de bras. 22 plaquages r\u00e9ussis \u00e0 son actif \u00e0 Dublin ce samedi. Dans le combat, <strong>Jelonch<\/strong> a donc une nouvelle fois \u00e9t\u00e9 omnipr\u00e9sent. Et dans le jeu, il a aussi fait le job, en \u00e9tant impeccable au relais sur l&rsquo;essai de <strong>Damian Penaud (18&prime;)<\/strong>.<\/p>\n<p style=\"text-align: justify;\">Le &#8211; : Un ballon perdu, juste avant la mi-temps sur sa ligne d&rsquo;essai, apr\u00e8s une incompr\u00e9hension avec <strong>Antoine Dupont<\/strong>. Et tout de m\u00eame six plaquages manqu\u00e9s. Du d\u00e9chet, forc\u00e9ment, avec une telle d\u00e9bauche d&rsquo;\u00e9nergie.<\/p>\n<p style=\"text-align: justify;\">En bref : 80 minutes de haute vol\u00e9e pour le Stadiste, s&rsquo;affirmant comme une r\u00e9f\u00e9rence europ\u00e9enne \u00e0 son poste d\u00e9sormais. Pass\u00e9 en 8 apr\u00e8s la sortie d&rsquo;<strong>Alldritt<\/strong>, son rendement n&rsquo;a pas baiss\u00e9.<\/p>\n<p style=\"text-align: justify;\"><strong>Charles Ollivon &#8211; 6 <\/strong>:<\/p>\n<p style=\"text-align: justify;\">Le + : Une performance qui ressemble davantage \u00e0 ses standards, par rapport \u00e0 la copie rendue en Italie. Disciplin\u00e9 (aucune p\u00e9nalit\u00e9 conc\u00e9d\u00e9e), il a mis le bleu de chauffe durant 70 minutes. 22 plaquages r\u00e9ussis pour le Varois, en plus d&rsquo;une activit\u00e9 int\u00e9ressante dans le jeu courant. On retiendra \u00e9galement son sauvetage sur <strong>Murray<\/strong> juste avant la pause.<\/p>\n<p style=\"text-align: justify;\">Le &#8211; : Le Toulonnais a tout de m\u00eame baiss\u00e9 de rythme apr\u00e8s la pause, en ayant moins de jus, notamment dans le jeu courant o\u00f9 il a alors manqu\u00e9 de peps.<\/p>\n<p style=\"text-align: justify;\">En bref : Il a r\u00e9ussi \u00e0 rattraper son match bien trop d\u00e9cevant en Italie. Remplac\u00e9 par <strong>Fran\u00e7ois Cros (70&prime;)<\/strong>.<\/p>\n<p style=\"text-align: justify;\"><strong>Gr\u00e9gory Alldritt &#8211; 4 <\/strong><strong>:<\/strong><strong>\u00a0<\/strong><\/p>\n<p style=\"text-align: justify;\">Le + : En d\u00e9fense, il a ferraill\u00e9 (13\/13 au plaquage). Un ballon gratt\u00e9 lors du premier acte \u00e0 son cr\u00e9dit.<\/p>\n<p style=\"text-align: justify;\">Le &#8211; : Pour le reste, <strong>Alldritt<\/strong> a d\u00e9\u00e7u. Sans \u00eatre catastrophique, il a constamment recul\u00e9 avec le ballon. Preuve en est, son faible rendement en termes de m\u00e8tres gagn\u00e9s (18), sur seulement six ballons d&rsquo;attaque touch\u00e9s. Une performance individuelle moyenne, qui a fait d\u00e9faut aux Bleus.<\/p>\n<p style=\"text-align: justify;\">En bref : Le num\u00e9ro 8 rochelais marque le pas en ce d\u00e9but de Tournoi des 6 Nations, en \u00e9tant moins percutant qu&rsquo;\u00e0 l&rsquo;accoutum\u00e9e. Remplac\u00e9 par <strong>Sekou Macalou (51&prime;)<\/strong>.<\/p>\n<p style=\"text-align: center;\"><a href=\"http:\/\/dicodusport.fr\/blog\/irlande-xv-de-france-notes-des-bleus\/2\/#charniereettroisquarts\" class=\"su-button su-button-style-flat\" style=\"color:#FFFFFF;background-color:#0057ae;border-color:#00468c;border-radius:4px\" target=\"_self\"><span style=\"color:#FFFFFF;padding:0px 26px;font-size:20px;line-height:40px;border-color:#4d8ac7;border-radius:4px;text-shadow:none\"> Les notes de la charni\u00e8re et des trois-quarts<\/span><\/a>\n<p style=\"text-align: justify;\"><!--nextpage--><a id=\"charniereettroisquarts\"><\/a><strong><em>TOURNOI DES 6 NATIONS 2023 &#8211; <b>Au terme d&rsquo;un match d&rsquo;une rare intensit\u00e9, le XV de France est tomb\u00e9 en Irlande (32-19), mettant fin \u00e0 la s\u00e9rie d&rsquo;invincibilit\u00e9 de 14 matchs des Fran\u00e7ais. D\u00e9couvrez les notes des Bleus.<\/b><\/em><\/strong><\/p>\n<h2 style=\"text-align: justify;\">La charni\u00e8re<\/h2>\n<p style=\"text-align: justify;\"><strong>Antoine Dupont (Cap) &#8211; 6 :<\/strong><\/p>\n<p style=\"text-align: justify;\">Le + : Au four et au moulin, comme toujours. D\u00e9fensivement, il a tellement \u00e9t\u00e9 pr\u00e9cieux. 12 plaquages r\u00e9ussis pour le capitaine des Bleus, et trois sauvetages importantissimes : un ballon coffr\u00e9 dans son en-but avec l&rsquo;aide de <strong>Baille (8&prime;)<\/strong>, puis en muselant avec autorit\u00e9 <strong>Hansen (37&prime;)<\/strong> et <strong>Murray (40&prime;)<\/strong>. Autrement, il a beaucoup port\u00e9 le ballon, battant au passage 6 d\u00e9fenseurs. Des diff\u00e9rences effectu\u00e9es donc, sans \u00eatre d\u00e9cisives.<\/p>\n<p style=\"text-align: justify;\">Le &#8211; : Car malheureusement, <strong>Dupont<\/strong> a fait quelques mauvais choix ce samedi, souvent pr\u00e8s de la zone de v\u00e9rit\u00e9. Comme ce coup de pied \u00e0 suivre loup\u00e9 pour <strong>Penaud (76&prime;)<\/strong>, dans les 22 m\u00e8tres irlandais, alors que le jeu \u00e0 la main \u00e9tait sans doute plus appropri\u00e9. Trois ballons perdus \u00e0 son d\u00e9bit aujourd&rsquo;hui.<\/p>\n<p style=\"text-align: justify;\">En bref : Du tr\u00e8s bon, et du moins bon pour le num\u00e9ro 9 des Bleus. Le fait qu&rsquo;il n&rsquo;ait pas \u00e9t\u00e9 d\u00e9cisif ce samedi, c&rsquo;est aussi l&rsquo;une des raisons de la d\u00e9faite du XV de France.<\/p>\n<p style=\"text-align: justify;\"><strong>Romain Ntamack &#8211; 4 :<\/strong><\/p>\n<p style=\"text-align: justify;\">Le + : Solide en d\u00e9fense face \u00e0 la troisi\u00e8me ligne irlandaise (12 plaquages r\u00e9ussis sur 13 tent\u00e9s). Sur ses rares relances, il a r\u00e9ussi \u00e0 \u00e9liminer 5 d\u00e9fenseurs adverses. Sans pour autant se montrer d\u00e9cisif.<\/p>\n<p style=\"text-align: justify;\">Le &#8211; : Des choix discutables, comme cette passe hasardeuse (36&prime;), qui a bien failli d\u00e9boucher sur un essai irlandais. Ses prises d&rsquo;initiative, trop t\u00e9l\u00e9phon\u00e9es, ont vite \u00e9t\u00e9 annihil\u00e9es par les Irlandais. Dans la conduite du jeu, il n&rsquo;a pas r\u00e9ussi \u00e0 s&rsquo;extraire de l&rsquo;\u00e9tau des hommes en vert.<\/p>\n<p style=\"text-align: justify;\">En bref : Prestation beaucoup trop neutre pour l&rsquo;ouvreur des Bleus.<\/p>\n<hr \/>\n<h2 style=\"text-align: justify;\">Les arri\u00e8res<\/h2>\n<p style=\"text-align: justify;\"><strong>Ethan Dumortier &#8211; 6 :<\/strong><\/p>\n<p style=\"text-align: justify;\">Le + : \u00c9lectrique et difficile \u00e0 faire tomber, l&rsquo;ailier lyonnais a \u00e9t\u00e9 beaucoup plus en vue par rapport au match face \u00e0 l&rsquo;Italie. 10 munitions, 91 m\u00e8tres parcourus et 9 d\u00e9fenseurs battus. Son action sur son aile, depuis ses 22 m\u00e8tres (45&prime;), symbolise les qualit\u00e9s d&rsquo;un <strong>Dumortier<\/strong> qui aura battu 4 d\u00e9fenseurs sur cette s\u00e9quence. Dommage qu&rsquo;il n&rsquo;ait pas \u00e9t\u00e9 d\u00e9cisif cette fois.<\/p>\n<p style=\"text-align: justify;\">Le &#8211; : P\u00e9nalis\u00e9 \u00e0 une reprise pour une charge en l&rsquo;air (50&prime;). Du d\u00e9chet au plaquage \u00e9galement (2 loup\u00e9s, sur 5 tent\u00e9s).<\/p>\n<p style=\"text-align: justify;\">En bref : Le XV de France a perdu <strong>Gabin Villi\u00e8re<\/strong>, mais s&rsquo;est trouv\u00e9 bien plus qu&rsquo;un suppl\u00e9ant avec <strong>Dumortier<\/strong>. D&rsquo;ailleurs, attention, le Toulonnais va avoir du boulot pour venir d\u00e9loger le Rhodanien, qui pourrait bien gagner la confiance de Galthi\u00e9 et son staff d&rsquo;ici la fin du Tournoi.<\/p>\n<blockquote class=\"twitter-tweet\">\n<p dir=\"ltr\" lang=\"fr\">\ud83d\udd25 La course folle d\u2019Ethan Dumortier<br \/>\n<a href=\"https:\/\/twitter.com\/hashtag\/SixNations?src=hash&amp;ref_src=twsrc%5Etfw\">#SixNations<\/a> | <a href=\"https:\/\/twitter.com\/hashtag\/IREvFRA?src=hash&amp;ref_src=twsrc%5Etfw\">#IREvFRA<\/a> <a href=\"https:\/\/t.co\/emw8AcSxQ5\">pic.twitter.com\/emw8AcSxQ5<\/a><\/p>\n<p>\u2014 Six Nations (FR) (@SixNations_FR) <a href=\"https:\/\/twitter.com\/SixNations_FR\/status\/1624431510349643781?ref_src=twsrc%5Etfw\">February 11, 2023<\/a><\/p><\/blockquote>\n<p><script async src=\"https:\/\/platform.twitter.com\/widgets.js\" charset=\"utf-8\"><\/script><\/p>\n<p style=\"text-align: justify;\"><strong>Yoram Moefana &#8211; 5 :<\/strong><\/p>\n<p style=\"text-align: justify;\">Le + : Une activit\u00e9 offensive plus importante (et int\u00e9ressante) que la semaine derni\u00e8re, avec tout de m\u00eame 58 m\u00e8tres parcourus sur ses 8 munitions. D\u00e9fensivement, il a \u00e9galement montr\u00e9 plus de consistance, avec 11 plaquages r\u00e9ussis.<\/p>\n<p style=\"text-align: justify;\">Le &#8211; : Il lui manque toujours cette petite \u00e9tincelle pour se montrer d\u00e9cisif, ou tout du moins, amener un vrai danger dans la d\u00e9fense adverse. Car ce samedi, l&rsquo;\u00e9quipe de France en aurait bien eu besoin.<\/p>\n<p style=\"text-align: justify;\">En bref : Plus consistant donc, et c&rsquo;est \u00e0 peu pr\u00e8s tout.<\/p>\n<p style=\"text-align: justify;\"><strong>Ga\u00ebl Fickou &#8211; 7 :<\/strong><\/p>\n<p style=\"text-align: justify;\">Le + : Sur la lanc\u00e9e de sa prestation face \u00e0 l&rsquo;Italie, le guide des lignes arri\u00e8res tricolores a r\u00e9pondu pr\u00e9sent. D\u00e9fensivement d&rsquo;abord, avec 15 plaquages r\u00e9ussis. Offensivement ensuite, avec des prises d&rsquo;initiative qui ont fait avancer les siens, avec 85 m\u00e8tres parcourus avec le ballon et 4 d\u00e9fenseurs battus.<\/p>\n<p style=\"text-align: justify;\">Le &#8211; : Deux plaquages manqu\u00e9s, et surtout, deux p\u00e9nalit\u00e9s conc\u00e9d\u00e9es \u00e0 lui tout seul, sur des hors-jeu de ligne.<\/p>\n<p style=\"text-align: justify;\">En bref : Ind\u00e9boulonnable.<\/p>\n<p style=\"text-align: justify;\"><b>Damian Penaud &#8211; 7 :<\/b><\/p>\n<p style=\"text-align: justify;\">Le + : Le Clermontois a fait le show \u00e0 Dublin. D&rsquo;abord sur l&rsquo;action menant \u00e0 son 22\u00e8me essai en bleu (18&prime;). Puis en deuxi\u00e8me p\u00e9riode (48&prime;), o\u00f9 il s&rsquo;est arrach\u00e9 dans les 22 m\u00e8tres irlandais, arr\u00eat\u00e9 pr\u00e8s de la ligne d&rsquo;essai. Il termine avec 134 m\u00e8tres parcourus et 11 d\u00e9fenseurs battus (!). Bref, fid\u00e8le \u00e0 lui-m\u00eame, le futur Bordelo-B\u00e9glais.<\/p>\n<p style=\"text-align: justify;\">Le &#8211; : Des mont\u00e9es d\u00e9fensives compliqu\u00e9es en bout de ligne, qui ont permis aux Irlandais, et notamment \u00e0 son vis-\u00e0-vis <strong>James Lowe<\/strong>, de se cr\u00e9er des situations dangereuses.<\/p>\n<p style=\"text-align: justify;\">En bref : Du Damian Penaud dans le texte.<\/p>\n<blockquote class=\"twitter-tweet\">\n<p dir=\"ltr\" lang=\"fr\">\ud83c\uddeb\ud83c\uddf7 QUEL ESSAI MONUMENTAL ! Damian Penaud vient conclure une action fran\u00e7aise de folie \ud83e\udd2f<br \/>\n<a href=\"https:\/\/twitter.com\/hashtag\/SixNations?src=hash&amp;ref_src=twsrc%5Etfw\">#SixNations<\/a> | <a href=\"https:\/\/twitter.com\/hashtag\/IREvFRA?src=hash&amp;ref_src=twsrc%5Etfw\">#IREvFRA<\/a> <a href=\"https:\/\/t.co\/nbVAX6Itz4\">pic.twitter.com\/nbVAX6Itz4<\/a><\/p>\n<p>\u2014 Six Nations (FR) (@SixNations_FR) <a href=\"https:\/\/twitter.com\/SixNations_FR\/status\/1624417935849582592?ref_src=twsrc%5Etfw\">February 11, 2023<\/a><\/p><\/blockquote>\n<p><script async src=\"https:\/\/platform.twitter.com\/widgets.js\" charset=\"utf-8\"><\/script><\/p>\n<p style=\"text-align: justify;\"><strong>Thomas Ramos &#8211; 4 :<\/strong><\/p>\n<p style=\"text-align: justify;\">Le + : Un 4\/5 face aux perches, plus un drop bien senti \u00e0 25-16 (61&prime;).<\/p>\n<p style=\"text-align: justify;\">Le &#8211; : En grande difficult\u00e9 en premi\u00e8re p\u00e9riode donc. Il est d&rsquo;abord surpris sur un coup de pied en profondeur des Irlandais (7&prime;), avant le premier essai de ces derniers. Sous pression \u00e9galement sur un coup de pied de d\u00e9gagement dans ses 22 m\u00e8tres (13&prime;). Il est, malgr\u00e9 lui, \u00e0 l&rsquo;origine des deux premiers essais du XV du Tr\u00e8fle.<\/p>\n<p style=\"text-align: justify;\">En bref : Remplac\u00e9 par <strong>Matthieu Jalibert (62&prime;)<\/strong>.<\/p>\n<div class=\"vlp-link-container vlp-layout-article\"><a href=\"https:\/\/dicodusport.fr\/blog\/prize-money-6-nations-2023-remporter-le-tournoi-ca-rapporte-combien\/\" class=\"vlp-link\" title=\"Prize money 6 Nations 2023 : Remporter le Tournoi, \u00e7a rapporte combien ?\"><\/a><div class=\"vlp-layout-zone-side\"><div class=\"vlp-block-4 vlp-link-image\"><img loading=\"lazy\" decoding=\"async\" style=\"max-width: 800px;\" width=\"800\" height=\"445\" src=\"https:\/\/dicodusport.fr\/blog\/wp-content\/uploads\/2023\/02\/Prize-money-6-Nations-2023-Remporter-le-Tournoi-ca-rapporte-combien-.png\" class=\"attachment-800x445 size-800x445\" alt=\"Prize money 6 Nations 2023 Remporter le Tournoi, \u00e7a rapporte combien\" srcset=\"https:\/\/dicodusport.fr\/blog\/wp-content\/uploads\/2023\/02\/Prize-money-6-Nations-2023-Remporter-le-Tournoi-ca-rapporte-combien-.png 800w, https:\/\/dicodusport.fr\/blog\/wp-content\/uploads\/2023\/02\/Prize-money-6-Nations-2023-Remporter-le-Tournoi-ca-rapporte-combien--300x167.png 300w, https:\/\/dicodusport.fr\/blog\/wp-content\/uploads\/2023\/02\/Prize-money-6-Nations-2023-Remporter-le-Tournoi-ca-rapporte-combien--768x427.png 768w\" sizes=\"auto, (max-width: 800px) 100vw, 800px\" \/><\/div><\/div><div class=\"vlp-layout-zone-main\"><div class=\"vlp-block-0 vlp-link-title\">Prize money 6 Nations 2023 : Remporter le Tournoi, \u00e7a rapporte combien ?<\/div><div class=\"vlp-block-1 vlp-link-summary\">TOURNOI DES 6 NATIONS 2023 - Ces derniers jours, plusieurs sites sp\u00e9cialis\u00e9s, dont Sports Payouts, ont d\u00e9voil\u00e9 le montant du prize money du Tournoi des 6 Nations 2023. Combien rapporte le gain de la comp\u00e9tition europ\u00e9enne ?<\/div><div class=\"vlp-block-2 vlp-link-button\">Lire l'article<\/div><div class=\"vlp-block-3 vlp-link-url\">dicodusport.fr<\/div><\/div><\/div>\n<p style=\"text-align: center;\"><a href=\"http:\/\/dicodusport.fr\/blog\/irlande-xv-de-france-notes-des-bleus\/\" class=\"su-button su-button-style-flat\" style=\"color:#FFFFFF;background-color:#0057ae;border-color:#00468c;border-radius:4px\" target=\"_self\"><span style=\"color:#FFFFFF;padding:0px 26px;font-size:20px;line-height:40px;border-color:#4d8ac7;border-radius:4px;text-shadow:none\"> Revenir aux avants<\/span><\/a>\n","protected":false},"excerpt":{"rendered":"<p>TOURNOI DES 6 NATIONS 2023 &#8211; Au terme d&rsquo;un match d&rsquo;une rare intensit\u00e9, le XV de France est tomb\u00e9 en Irlande (32-19), mettant fin \u00e0 la s\u00e9rie d&rsquo;invincibilit\u00e9 de 14 matchs des Fran\u00e7ais. D\u00e9couvrez les notes des Bleus.<\/p>\n","protected":false},"author":4,"featured_media":354582,"comment_status":"open","ping_status":"closed","sticky":false,"template":"","format":"standard","meta":{"_acf_changed":false,"_daextam_enable_autolinks":"","footnotes":""},"categories":[9129,47048,19951],"tags":[375,5905,6649,24,1638],"class_list":["post-354428","post","type-post","status-publish","format-standard","has-post-thumbnail","hentry","category-rugby-a-xv","category-tournoi-des-6-nations","category-xv-de-france","tag-irlande","tag-notes-bleus","tag-notes-xv-de-france","tag-sport","tag-xv-de-france"],"acf":[],"yoast_head":"<!-- This site is optimized with the Yoast SEO Premium plugin v26.7 (Yoast SEO v26.7) - https:\/\/yoast.com\/wordpress\/plugins\/seo\/ -->\n<title>Irlande - XV de France : Les notes des Bleus<\/title>\n<meta name=\"description\" content=\"TOURNOI DES 6 NATIONS 2023 - Au terme d&#039;un match d&#039;une rare intensit\u00e9, le XV de France est tomb\u00e9 en Irlande (32-19). Les notes des Bleus.\" \/>\n<meta name=\"robots\" content=\"index, follow, max-snippet:-1, max-image-preview:large, max-video-preview:-1\" \/>\n<link rel=\"canonical\" href=\"https:\/\/dicodusport.fr\/blog\/irlande-xv-de-france-notes-des-bleus\/\" \/>\n<link rel=\"next\" href=\"https:\/\/dicodusport.fr\/blog\/irlande-xv-de-france-notes-des-bleus\/2\/\" \/>\n<meta property=\"og:locale\" content=\"fr_FR\" \/>\n<meta property=\"og:type\" content=\"article\" \/>\n<meta property=\"og:title\" content=\"Irlande - XV de France : Les notes des Bleus\" \/>\n<meta property=\"og:description\" content=\"TOURNOI DES 6 NATIONS 2023 - Au terme d&#039;un match d&#039;une rare intensit\u00e9, le XV de France est tomb\u00e9 en Irlande (32-19). Les notes des Bleus.\" \/>\n<meta property=\"og:url\" content=\"https:\/\/dicodusport.fr\/blog\/irlande-xv-de-france-notes-des-bleus\/\" \/>\n<meta property=\"og:site_name\" content=\"Dicodusport\" \/>\n<meta property=\"article:publisher\" content=\"https:\/\/www.facebook.com\/dicodusport\" \/>\n<meta property=\"article:author\" content=\"https:\/\/www.facebook.com\/florent.ostermann\" \/>\n<meta property=\"article:published_time\" content=\"2023-02-11T17:49:43+00:00\" \/>\n<meta property=\"article:modified_time\" content=\"2023-02-11T20:16:16+00:00\" \/>\n<meta property=\"og:image\" content=\"https:\/\/dicodusport.fr\/blog\/wp-content\/uploads\/2023\/02\/Irlande-XV-de-France-Les-notes-des-Bleus.png\" \/>\n\t<meta property=\"og:image:width\" content=\"800\" \/>\n\t<meta property=\"og:image:height\" content=\"445\" \/>\n\t<meta property=\"og:image:type\" content=\"image\/png\" \/>\n<meta name=\"author\" content=\"Flo Ostermann\" \/>\n<meta name=\"twitter:card\" content=\"summary_large_image\" \/>\n<meta name=\"twitter:title\" content=\"Irlande - XV de France : Les notes des Bleus\" \/>\n<meta name=\"twitter:creator\" content=\"@https:\/\/twitter.com\/FlOstermann\" \/>\n<meta name=\"twitter:site\" content=\"@dicodusport\" \/>\n<script type=\"application\/ld+json\" class=\"yoast-schema-graph\">{\"@context\":\"https:\/\/schema.org\",\"@graph\":[{\"@type\":\"NewsArticle\",\"@id\":\"https:\/\/dicodusport.fr\/blog\/irlande-xv-de-france-notes-des-bleus\/#article\",\"isPartOf\":{\"@id\":\"https:\/\/dicodusport.fr\/blog\/irlande-xv-de-france-notes-des-bleus\/\"},\"author\":{\"name\":\"Flo Ostermann\",\"@id\":\"https:\/\/dicodusport.fr\/blog\/#\/schema\/person\/cb02af4c173ce4a653b55e9baf388d4a\"},\"headline\":\"Irlande &#8211; XV de France : Les notes des Bleus\",\"datePublished\":\"2023-02-11T17:49:43+00:00\",\"dateModified\":\"2023-02-11T20:16:16+00:00\",\"mainEntityOfPage\":{\"@id\":\"https:\/\/dicodusport.fr\/blog\/irlande-xv-de-france-notes-des-bleus\/\"},\"wordCount\":1945,\"commentCount\":3,\"publisher\":{\"@id\":\"https:\/\/dicodusport.fr\/blog\/#organization\"},\"image\":{\"@id\":\"https:\/\/dicodusport.fr\/blog\/irlande-xv-de-france-notes-des-bleus\/#primaryimage\"},\"thumbnailUrl\":\"https:\/\/dicodusport.fr\/blog\/wp-content\/uploads\/2023\/02\/Irlande-XV-de-France-Les-notes-des-Bleus.png\",\"keywords\":[\"Irlande\",\"Notes Bleus\",\"Notes XV de France\",\"sport\",\"XV de France\"],\"articleSection\":[\"Rugby \u00e0 XV\",\"Tournoi des 6 Nations\",\"XV de France\"],\"inLanguage\":\"fr-FR\",\"potentialAction\":[{\"@type\":\"CommentAction\",\"name\":\"Comment\",\"target\":[\"https:\/\/dicodusport.fr\/blog\/irlande-xv-de-france-notes-des-bleus\/#respond\"]}],\"copyrightYear\":\"2023\",\"copyrightHolder\":{\"@id\":\"https:\/\/dicodusport.fr\/blog\/#organization\"}},{\"@type\":\"WebPage\",\"@id\":\"https:\/\/dicodusport.fr\/blog\/irlande-xv-de-france-notes-des-bleus\/\",\"url\":\"https:\/\/dicodusport.fr\/blog\/irlande-xv-de-france-notes-des-bleus\/\",\"name\":\"Irlande - XV de France : Les notes des Bleus\",\"isPartOf\":{\"@id\":\"https:\/\/dicodusport.fr\/blog\/#website\"},\"primaryImageOfPage\":{\"@id\":\"https:\/\/dicodusport.fr\/blog\/irlande-xv-de-france-notes-des-bleus\/#primaryimage\"},\"image\":{\"@id\":\"https:\/\/dicodusport.fr\/blog\/irlande-xv-de-france-notes-des-bleus\/#primaryimage\"},\"thumbnailUrl\":\"https:\/\/dicodusport.fr\/blog\/wp-content\/uploads\/2023\/02\/Irlande-XV-de-France-Les-notes-des-Bleus.png\",\"datePublished\":\"2023-02-11T17:49:43+00:00\",\"dateModified\":\"2023-02-11T20:16:16+00:00\",\"description\":\"TOURNOI DES 6 NATIONS 2023 - Au terme d'un match d'une rare intensit\u00e9, le XV de France est tomb\u00e9 en Irlande (32-19). Les notes des Bleus.\",\"inLanguage\":\"fr-FR\",\"potentialAction\":[{\"@type\":\"ReadAction\",\"target\":[\"https:\/\/dicodusport.fr\/blog\/irlande-xv-de-france-notes-des-bleus\/\"]}]},{\"@type\":\"ImageObject\",\"inLanguage\":\"fr-FR\",\"@id\":\"https:\/\/dicodusport.fr\/blog\/irlande-xv-de-france-notes-des-bleus\/#primaryimage\",\"url\":\"https:\/\/dicodusport.fr\/blog\/wp-content\/uploads\/2023\/02\/Irlande-XV-de-France-Les-notes-des-Bleus.png\",\"contentUrl\":\"https:\/\/dicodusport.fr\/blog\/wp-content\/uploads\/2023\/02\/Irlande-XV-de-France-Les-notes-des-Bleus.png\",\"width\":800,\"height\":445,\"caption\":\"Irlande - XV de France Les notes des Bleus\"},{\"@type\":\"WebSite\",\"@id\":\"https:\/\/dicodusport.fr\/blog\/#website\",\"url\":\"https:\/\/dicodusport.fr\/blog\/\",\"name\":\"Dicodusport\",\"description\":\"L&#039;encyclop\u00e9die de l&#039;actualit\u00e9 sportive\",\"publisher\":{\"@id\":\"https:\/\/dicodusport.fr\/blog\/#organization\"},\"potentialAction\":[{\"@type\":\"SearchAction\",\"target\":{\"@type\":\"EntryPoint\",\"urlTemplate\":\"https:\/\/dicodusport.fr\/blog\/?s={search_term_string}\"},\"query-input\":{\"@type\":\"PropertyValueSpecification\",\"valueRequired\":true,\"valueName\":\"search_term_string\"}}],\"inLanguage\":\"fr-FR\"},{\"@type\":\"NewsMediaOrganization\",\"@id\":\"https:\/\/dicodusport.fr\/blog\/#organization\",\"name\":\"Dicodusport\",\"url\":\"https:\/\/dicodusport.fr\/blog\/\",\"logo\":{\"@type\":\"ImageObject\",\"inLanguage\":\"fr-FR\",\"@id\":\"https:\/\/dicodusport.fr\/blog\/#\/schema\/logo\/image\/\",\"url\":\"https:\/\/dicodusport.fr\/blog\/wp-content\/uploads\/2020\/06\/cropped-LOGO-DICODUSPORT-2020-SANS-FOND-SANS-TEXTE.png\",\"contentUrl\":\"https:\/\/dicodusport.fr\/blog\/wp-content\/uploads\/2020\/06\/cropped-LOGO-DICODUSPORT-2020-SANS-FOND-SANS-TEXTE.png\",\"width\":512,\"height\":512,\"caption\":\"Dicodusport\"},\"image\":{\"@id\":\"https:\/\/dicodusport.fr\/blog\/#\/schema\/logo\/image\/\"},\"sameAs\":[\"https:\/\/www.facebook.com\/dicodusport\",\"https:\/\/x.com\/dicodusport\",\"https:\/\/www.instagram.com\/dicodusport\/\",\"https:\/\/www.youtube.com\/channel\/UC7V2KZ5sd3htJivAbA4ZG3w\"],\"description\":\"Dicodusport est l'encyclop\u00e9die de l'actualit\u00e9 sportive.\",\"email\":\"bonjour@dicodusport.fr\",\"legalName\":\"DICODUSPORT\",\"foundingDate\":\"2018-01-14\",\"vatID\":\"FR71834470973\",\"taxID\":\"83447097300043\",\"numberOfEmployees\":{\"@type\":\"QuantitativeValue\",\"minValue\":\"1\",\"maxValue\":\"10\"}},{\"@type\":\"Person\",\"@id\":\"https:\/\/dicodusport.fr\/blog\/#\/schema\/person\/cb02af4c173ce4a653b55e9baf388d4a\",\"name\":\"Flo Ostermann\",\"image\":{\"@type\":\"ImageObject\",\"inLanguage\":\"fr-FR\",\"@id\":\"https:\/\/dicodusport.fr\/blog\/#\/schema\/person\/image\/\",\"url\":\"https:\/\/dicodusport.fr\/blog\/wp-content\/uploads\/2021\/05\/Flo-Ostermann-150x150.jpg\",\"contentUrl\":\"https:\/\/dicodusport.fr\/blog\/wp-content\/uploads\/2021\/05\/Flo-Ostermann-150x150.jpg\",\"caption\":\"Flo Ostermann\"},\"description\":\"Journaliste\/R\u00e9dacteur depuis septembre 2015 - Mes premiers souvenirs dans le sport ? Les envol\u00e9es du Stade Toulousain et les duels Villeneuve-Schumacher et H\u00e4kkinen-Schumacher \u00e0 la fin des ann\u00e9es 90, la Coupe du monde de football en 1998, l\u2019exploit du XV de France face aux All Blacks en 1999, mais aussi Richard C\u0153ur de Lion qui vole sur les montagnes du Tour de France. Bien parti pour devenir professeur d\u2019EPS, les \u00e9v\u00e9nements de la vie (et la flemme d\u2019animer des s\u00e9ances de 3x500 m\u00e8tres toute ma vie) m\u2019ont conduit \u00e0 revoir mes plans. Me voil\u00e0 depuis fin 2017 sur Dicodusport, m\u00e9dia gr\u00e2ce (et pour) lequel je partage ma passion : le sport dans tous ses \u00e9tats. Le tout accompagn\u00e9 par les fous furieux et folles furieuses cit\u00e9s sur cette page !\",\"sameAs\":[\"https:\/\/www.facebook.com\/florent.ostermann\",\"https:\/\/x.com\/https:\/\/twitter.com\/FlOstermann\",\"admin\"],\"url\":\"https:\/\/dicodusport.fr\/blog\/author\/flo\/\"}]}<\/script>\n<!-- \/ Yoast SEO Premium plugin. -->","yoast_head_json":{"title":"Irlande - XV de France : Les notes des Bleus","description":"TOURNOI DES 6 NATIONS 2023 - Au terme d'un match d'une rare intensit\u00e9, le XV de France est tomb\u00e9 en Irlande (32-19). Les notes des Bleus.","robots":{"index":"index","follow":"follow","max-snippet":"max-snippet:-1","max-image-preview":"max-image-preview:large","max-video-preview":"max-video-preview:-1"},"canonical":"https:\/\/dicodusport.fr\/blog\/irlande-xv-de-france-notes-des-bleus\/","next":"https:\/\/dicodusport.fr\/blog\/irlande-xv-de-france-notes-des-bleus\/2\/","og_locale":"fr_FR","og_type":"article","og_title":"Irlande - XV de France : Les notes des Bleus","og_description":"TOURNOI DES 6 NATIONS 2023 - Au terme d'un match d'une rare intensit\u00e9, le XV de France est tomb\u00e9 en Irlande (32-19). Les notes des Bleus.","og_url":"https:\/\/dicodusport.fr\/blog\/irlande-xv-de-france-notes-des-bleus\/","og_site_name":"Dicodusport","article_publisher":"https:\/\/www.facebook.com\/dicodusport","article_author":"https:\/\/www.facebook.com\/florent.ostermann","article_published_time":"2023-02-11T17:49:43+00:00","article_modified_time":"2023-02-11T20:16:16+00:00","og_image":[{"width":800,"height":445,"url":"https:\/\/dicodusport.fr\/blog\/wp-content\/uploads\/2023\/02\/Irlande-XV-de-France-Les-notes-des-Bleus.png","type":"image\/png"}],"author":"Flo Ostermann","twitter_card":"summary_large_image","twitter_title":"Irlande - XV de France : Les notes des Bleus","twitter_creator":"@https:\/\/twitter.com\/FlOstermann","twitter_site":"@dicodusport","schema":{"@context":"https:\/\/schema.org","@graph":[{"@type":"NewsArticle","@id":"https:\/\/dicodusport.fr\/blog\/irlande-xv-de-france-notes-des-bleus\/#article","isPartOf":{"@id":"https:\/\/dicodusport.fr\/blog\/irlande-xv-de-france-notes-des-bleus\/"},"author":{"name":"Flo Ostermann","@id":"https:\/\/dicodusport.fr\/blog\/#\/schema\/person\/cb02af4c173ce4a653b55e9baf388d4a"},"headline":"Irlande &#8211; XV de France : Les notes des Bleus","datePublished":"2023-02-11T17:49:43+00:00","dateModified":"2023-02-11T20:16:16+00:00","mainEntityOfPage":{"@id":"https:\/\/dicodusport.fr\/blog\/irlande-xv-de-france-notes-des-bleus\/"},"wordCount":1945,"commentCount":3,"publisher":{"@id":"https:\/\/dicodusport.fr\/blog\/#organization"},"image":{"@id":"https:\/\/dicodusport.fr\/blog\/irlande-xv-de-france-notes-des-bleus\/#primaryimage"},"thumbnailUrl":"https:\/\/dicodusport.fr\/blog\/wp-content\/uploads\/2023\/02\/Irlande-XV-de-France-Les-notes-des-Bleus.png","keywords":["Irlande","Notes Bleus","Notes XV de France","sport","XV de France"],"articleSection":["Rugby \u00e0 XV","Tournoi des 6 Nations","XV de France"],"inLanguage":"fr-FR","potentialAction":[{"@type":"CommentAction","name":"Comment","target":["https:\/\/dicodusport.fr\/blog\/irlande-xv-de-france-notes-des-bleus\/#respond"]}],"copyrightYear":"2023","copyrightHolder":{"@id":"https:\/\/dicodusport.fr\/blog\/#organization"}},{"@type":"WebPage","@id":"https:\/\/dicodusport.fr\/blog\/irlande-xv-de-france-notes-des-bleus\/","url":"https:\/\/dicodusport.fr\/blog\/irlande-xv-de-france-notes-des-bleus\/","name":"Irlande - XV de France : Les notes des Bleus","isPartOf":{"@id":"https:\/\/dicodusport.fr\/blog\/#website"},"primaryImageOfPage":{"@id":"https:\/\/dicodusport.fr\/blog\/irlande-xv-de-france-notes-des-bleus\/#primaryimage"},"image":{"@id":"https:\/\/dicodusport.fr\/blog\/irlande-xv-de-france-notes-des-bleus\/#primaryimage"},"thumbnailUrl":"https:\/\/dicodusport.fr\/blog\/wp-content\/uploads\/2023\/02\/Irlande-XV-de-France-Les-notes-des-Bleus.png","datePublished":"2023-02-11T17:49:43+00:00","dateModified":"2023-02-11T20:16:16+00:00","description":"TOURNOI DES 6 NATIONS 2023 - Au terme d'un match d'une rare intensit\u00e9, le XV de France est tomb\u00e9 en Irlande (32-19). Les notes des Bleus.","inLanguage":"fr-FR","potentialAction":[{"@type":"ReadAction","target":["https:\/\/dicodusport.fr\/blog\/irlande-xv-de-france-notes-des-bleus\/"]}]},{"@type":"ImageObject","inLanguage":"fr-FR","@id":"https:\/\/dicodusport.fr\/blog\/irlande-xv-de-france-notes-des-bleus\/#primaryimage","url":"https:\/\/dicodusport.fr\/blog\/wp-content\/uploads\/2023\/02\/Irlande-XV-de-France-Les-notes-des-Bleus.png","contentUrl":"https:\/\/dicodusport.fr\/blog\/wp-content\/uploads\/2023\/02\/Irlande-XV-de-France-Les-notes-des-Bleus.png","width":800,"height":445,"caption":"Irlande - XV de France Les notes des Bleus"},{"@type":"WebSite","@id":"https:\/\/dicodusport.fr\/blog\/#website","url":"https:\/\/dicodusport.fr\/blog\/","name":"Dicodusport","description":"L&#039;encyclop\u00e9die de l&#039;actualit\u00e9 sportive","publisher":{"@id":"https:\/\/dicodusport.fr\/blog\/#organization"},"potentialAction":[{"@type":"SearchAction","target":{"@type":"EntryPoint","urlTemplate":"https:\/\/dicodusport.fr\/blog\/?s={search_term_string}"},"query-input":{"@type":"PropertyValueSpecification","valueRequired":true,"valueName":"search_term_string"}}],"inLanguage":"fr-FR"},{"@type":"NewsMediaOrganization","@id":"https:\/\/dicodusport.fr\/blog\/#organization","name":"Dicodusport","url":"https:\/\/dicodusport.fr\/blog\/","logo":{"@type":"ImageObject","inLanguage":"fr-FR","@id":"https:\/\/dicodusport.fr\/blog\/#\/schema\/logo\/image\/","url":"https:\/\/dicodusport.fr\/blog\/wp-content\/uploads\/2020\/06\/cropped-LOGO-DICODUSPORT-2020-SANS-FOND-SANS-TEXTE.png","contentUrl":"https:\/\/dicodusport.fr\/blog\/wp-content\/uploads\/2020\/06\/cropped-LOGO-DICODUSPORT-2020-SANS-FOND-SANS-TEXTE.png","width":512,"height":512,"caption":"Dicodusport"},"image":{"@id":"https:\/\/dicodusport.fr\/blog\/#\/schema\/logo\/image\/"},"sameAs":["https:\/\/www.facebook.com\/dicodusport","https:\/\/x.com\/dicodusport","https:\/\/www.instagram.com\/dicodusport\/","https:\/\/www.youtube.com\/channel\/UC7V2KZ5sd3htJivAbA4ZG3w"],"description":"Dicodusport est l'encyclop\u00e9die de l'actualit\u00e9 sportive.","email":"bonjour@dicodusport.fr","legalName":"DICODUSPORT","foundingDate":"2018-01-14","vatID":"FR71834470973","taxID":"83447097300043","numberOfEmployees":{"@type":"QuantitativeValue","minValue":"1","maxValue":"10"}},{"@type":"Person","@id":"https:\/\/dicodusport.fr\/blog\/#\/schema\/person\/cb02af4c173ce4a653b55e9baf388d4a","name":"Flo Ostermann","image":{"@type":"ImageObject","inLanguage":"fr-FR","@id":"https:\/\/dicodusport.fr\/blog\/#\/schema\/person\/image\/","url":"https:\/\/dicodusport.fr\/blog\/wp-content\/uploads\/2021\/05\/Flo-Ostermann-150x150.jpg","contentUrl":"https:\/\/dicodusport.fr\/blog\/wp-content\/uploads\/2021\/05\/Flo-Ostermann-150x150.jpg","caption":"Flo Ostermann"},"description":"Journaliste\/R\u00e9dacteur depuis septembre 2015 - Mes premiers souvenirs dans le sport ? Les envol\u00e9es du Stade Toulousain et les duels Villeneuve-Schumacher et H\u00e4kkinen-Schumacher \u00e0 la fin des ann\u00e9es 90, la Coupe du monde de football en 1998, l\u2019exploit du XV de France face aux All Blacks en 1999, mais aussi Richard C\u0153ur de Lion qui vole sur les montagnes du Tour de France. Bien parti pour devenir professeur d\u2019EPS, les \u00e9v\u00e9nements de la vie (et la flemme d\u2019animer des s\u00e9ances de 3x500 m\u00e8tres toute ma vie) m\u2019ont conduit \u00e0 revoir mes plans. Me voil\u00e0 depuis fin 2017 sur Dicodusport, m\u00e9dia gr\u00e2ce (et pour) lequel je partage ma passion : le sport dans tous ses \u00e9tats. Le tout accompagn\u00e9 par les fous furieux et folles furieuses cit\u00e9s sur cette page !","sameAs":["https:\/\/www.facebook.com\/florent.ostermann","https:\/\/x.com\/https:\/\/twitter.com\/FlOstermann","admin"],"url":"https:\/\/dicodusport.fr\/blog\/author\/flo\/"}]}},"_links":{"self":[{"href":"https:\/\/dicodusport.fr\/blog\/wp-json\/wp\/v2\/posts\/354428","targetHints":{"allow":["GET"]}}],"collection":[{"href":"https:\/\/dicodusport.fr\/blog\/wp-json\/wp\/v2\/posts"}],"about":[{"href":"https:\/\/dicodusport.fr\/blog\/wp-json\/wp\/v2\/types\/post"}],"author":[{"embeddable":true,"href":"https:\/\/dicodusport.fr\/blog\/wp-json\/wp\/v2\/users\/4"}],"replies":[{"embeddable":true,"href":"https:\/\/dicodusport.fr\/blog\/wp-json\/wp\/v2\/comments?post=354428"}],"version-history":[{"count":0,"href":"https:\/\/dicodusport.fr\/blog\/wp-json\/wp\/v2\/posts\/354428\/revisions"}],"wp:featuredmedia":[{"embeddable":true,"href":"https:\/\/dicodusport.fr\/blog\/wp-json\/wp\/v2\/media\/354582"}],"wp:attachment":[{"href":"https:\/\/dicodusport.fr\/blog\/wp-json\/wp\/v2\/media?parent=354428"}],"wp:term":[{"taxonomy":"category","embeddable":true,"href":"https:\/\/dicodusport.fr\/blog\/wp-json\/wp\/v2\/categories?post=354428"},{"taxonomy":"post_tag","embeddable":true,"href":"https:\/\/dicodusport.fr\/blog\/wp-json\/wp\/v2\/tags?post=354428"}],"curies":[{"name":"wp","href":"https:\/\/api.w.org\/{rel}","templated":true}]}}