{"id":354490,"date":"2023-02-11T11:57:49","date_gmt":"2023-02-11T10:57:49","guid":{"rendered":"https:\/\/dicodusport.fr\/blog\/?p=354490&#038;preview=true&#038;preview_id=354490"},"modified":"2023-02-12T09:08:40","modified_gmt":"2023-02-12T08:08:40","slug":"mondiaux-ski-alpin-2023-jasmine-flury-championne-du-monde-de-descente","status":"publish","type":"post","link":"https:\/\/dicodusport.fr\/blog\/mondiaux-ski-alpin-2023-jasmine-flury-championne-du-monde-de-descente\/","title":{"rendered":"Mondiaux ski alpin 2023 : Jasmine Flury championne du monde de descente"},"content":{"rendered":"<p style=\"text-align: justify;\" align=\"justify\"><em><strong><a href=\"https:\/\/dicodusport.fr\/blog\/actualites\/sports-dhiver\/ski\/championnats-du-monde-ski-alpin-2023\/\">CHAMPIONNATS DU MONDE DE SKI ALPIN 2023<\/a> &#8211; La Suissesse Jasmine Flury a \u00e9t\u00e9 sacr\u00e9e championne du monde de descente, ce samedi. Elle a devanc\u00e9 l&rsquo;Autrichienne Nina Ortlieb et sa compatriote Corinne Suter. L&rsquo;Italienne Sofia Goffia, grande favorite, est pass\u00e9e \u00e0 c\u00f4t\u00e9.<\/strong><\/em><\/p>\n<h2 style=\"text-align: justify;\"><strong>Onzi\u00e8me titre mondial f\u00e9minin en descente pour la Suisse<\/strong><\/h2>\n<p style=\"text-align: justify;\"><span style=\"font-weight: 400;\">Quatri\u00e8me de la descente de Saint-Moritz, <strong>Jasmine Flury<\/strong> a \u00e9t\u00e9 excellente d\u00e8s l&rsquo;entame de la descente sur la longue section de glisse. La Suissesse a \u00e9t\u00e9 directe sur les lignes, sur une neige plus glac\u00e9e que les jours pr\u00e9c\u00e9dents. Apr\u00e8s une course sans faute, elle a sign\u00e9 le meilleur temps en 1 minute 28 secondes et 3 centi\u00e8mes. <strong>Flury<\/strong> \u00e9tait mont\u00e9e sur un seul podium en Coupe du monde \u00e0 Garmisch-Partenkirchen, en janvier 2022. Elle a apport\u00e9 le onzi\u00e8me titre en descente chez les femmes pour la Suisse apr\u00e8s Amy Ruegg (1934), Hedy Schlunegger (1948), Ida Sch\u00f6pfer (1954), Madeleine Berthod (1956), Anner\u00f6sli Zryd (1970), Marie Thereses Nadig (1972), Michela Fagnini (1985), Maria Walliser (1987 et 1989) et Corinne Suter (2021).<\/span><\/p>\n<p style=\"text-align: justify;\"><span style=\"font-weight: 400;\"><strong>Nina Ortlieb<\/strong> a pris la m\u00e9daille d&rsquo;argent \u00e0 4 petits centi\u00e8mes. L&rsquo;Autrichienne a peut-\u00eatre perdu le titre quand elle s&rsquo;est faite asseoir dans le Beage&rsquo;s wall. Ensuite, <strong>Corinne Suter<\/strong> a compl\u00e9t\u00e9 le podium \u00e0 12 centi\u00e8mes. La championne du monde et olympique en titre s&rsquo;est bien remise de sa grosse chute \u00e0 Cortina d&rsquo;Ampezzo.\u00a0<\/span><\/p>\n<p style=\"text-align: justify;\"><span style=\"font-weight: 400;\"><strong>Cornelia Huetter<\/strong> et <strong>Mirjam Puchner<\/strong> ont termin\u00e9 quatri\u00e8mes ex-aequo \u00e0 37 centi\u00e8mes. Dans le coup pour le podium, <strong>Breezy Johnson<\/strong> a malheureusement commis une faute d&rsquo;int\u00e9rieur dans le Pracoua et a chut\u00e9.\u00a0<\/span><\/p>\n<h2 style=\"text-align: justify;\"><strong>D\u00e9ceptions chez les Italiennes et les Fran\u00e7aises\u00a0<\/strong><\/h2>\n<p style=\"text-align: justify;\"><span style=\"font-weight: 400;\">Triple vainqueure du globe de la discipline, imp\u00e9riale depuis le d\u00e9but de la saison, <strong>Sofia Goggia<\/strong> n&rsquo;a jamais remport\u00e9 la moindre m\u00e9daille dans la discipline reine aux championnats du monde. L&rsquo;Italienne avait domin\u00e9 les entra\u00eenements, et elle \u00e9tait la grande favorite de cette descente sur le Roc de Fer. Trop gentille tout au long du trac\u00e9, <strong>Goggia<\/strong> a \u00e9t\u00e9 disqualifi\u00e9e en enfourchant une porte \u00e0 l&rsquo;entr\u00e9e du mur final.\u00a0<\/span><\/p>\n<blockquote class=\"twitter-tweet\">\n<p dir=\"ltr\" lang=\"fr\">Sofia Goggia disqualifi\u00e9e ! \ud83e\udd2f Terrible contre-performance de l&rsquo;Italienne qui a enfourch\u00e9 lors de la descente ! <a href=\"https:\/\/twitter.com\/hashtag\/ChaletClub?src=hash&amp;ref_src=twsrc%5Etfw\">#ChaletClub<\/a> <a href=\"https:\/\/t.co\/noSrNp1CGE\">pic.twitter.com\/noSrNp1CGE<\/a><\/p>\n<p>\u2014 Eurosport France (@Eurosport_FR) <a href=\"https:\/\/twitter.com\/Eurosport_FR\/status\/1624353048133869569?ref_src=twsrc%5Etfw\">February 11, 2023<\/a><\/p><\/blockquote>\n<p><script async src=\"https:\/\/platform.twitter.com\/widgets.js\" charset=\"utf-8\"><\/script><\/p>\n<p style=\"text-align: justify;\"><span style=\"font-weight: 400;\">Du c\u00f4t\u00e9 des Fran\u00e7aises, elles n&rsquo;ont pas \u00e9t\u00e9 dans le coup, puisque <strong>Laura Gauch\u00e9<\/strong> et <strong>Romane Miradoli<\/strong> ont c\u00e9d\u00e9 1.03 et 1.07. Elles se sont rat\u00e9es dans la section de glisse et ont \u00e9t\u00e9 trop dur sur les sauts et dans les courbes. Pour sa premi\u00e8re course aux Mondiaux, <strong>Anouck Errard<\/strong> a fini \u00e0 2.11.\u00a0<\/span><\/p>\n<h2 style=\"text-align: justify;\"><strong>\u00c0 lire aussi<\/strong><\/h2>\n<ul>\n<li style=\"text-align: justify;\"><a href=\"https:\/\/dicodusport.fr\/blog\/mondiaux-ski-alpin-2023-classement-descente-femmes\/\"><strong>Classement de la descente femmes<\/strong><\/a><\/li>\n<li style=\"text-align: justify;\"><a href=\"https:\/\/dicodusport.fr\/blog\/championnats-du-monde-ski-alpin-2023-programme-et-resultats\/\"><strong>Programme et r\u00e9sultats des championnats du monde de ski alpin<\/strong><\/a><\/li>\n<li style=\"text-align: justify;\"><a href=\"https:\/\/dicodusport.fr\/blog\/tableau-des-medailles-championnats-du-monde-ski-alpin-2023\/\"><strong>Le tableau des m\u00e9dailles des Mondiaux de ski alpin<\/strong><\/a><\/li>\n<\/ul>\n","protected":false},"excerpt":{"rendered":"<p>CHAMPIONNATS DU MONDE DE SKI ALPIN 2023 &#8211; La Suissesse Jasmine Flury a \u00e9t\u00e9 sacr\u00e9e championne du monde de descente, ce samedi. Elle a devanc\u00e9 l&rsquo;Autrichienne Nina Ortlieb et sa compatriote Corinne Suter. L&rsquo;Italienne Sofia Goffia, grande favorite, est pass\u00e9e \u00e0 c\u00f4t\u00e9.<\/p>\n","protected":false},"author":48,"featured_media":354510,"comment_status":"open","ping_status":"closed","sticky":false,"template":"","format":"standard","meta":{"_acf_changed":false,"_daextam_enable_autolinks":"","footnotes":""},"categories":[47083],"tags":[16878,24],"class_list":["post-354490","post","type-post","status-publish","format-standard","has-post-thumbnail","hentry","category-championnats-du-monde-ski-alpin","tag-breve","tag-sport"],"acf":[],"yoast_head":"<!-- This site is optimized with the Yoast SEO Premium plugin v26.7 (Yoast SEO v26.7) - https:\/\/yoast.com\/wordpress\/plugins\/seo\/ -->\n<title>Mondiaux ski alpin 2023 : Jasmine Flury championne du monde de descente<\/title>\n<meta name=\"description\" content=\"CHAMPIONNATS DU MONDE DE SKI ALPIN 2023 - La Suissesse Jasmine Flury a \u00e9t\u00e9 sacr\u00e9e championne du monde de descente, ce samedi.\" \/>\n<meta name=\"robots\" content=\"index, follow, max-snippet:-1, max-image-preview:large, max-video-preview:-1\" \/>\n<link rel=\"canonical\" href=\"https:\/\/dicodusport.fr\/blog\/mondiaux-ski-alpin-2023-jasmine-flury-championne-du-monde-de-descente\/\" \/>\n<meta property=\"og:locale\" content=\"fr_FR\" \/>\n<meta property=\"og:type\" content=\"article\" \/>\n<meta property=\"og:title\" content=\"Mondiaux ski alpin 2023 : Jasmine Flury championne du monde de descente\" \/>\n<meta property=\"og:description\" content=\"CHAMPIONNATS DU MONDE DE SKI ALPIN 2023 - La Suissesse Jasmine Flury a \u00e9t\u00e9 sacr\u00e9e championne du monde de descente, ce samedi.\" \/>\n<meta property=\"og:url\" content=\"https:\/\/dicodusport.fr\/blog\/mondiaux-ski-alpin-2023-jasmine-flury-championne-du-monde-de-descente\/\" \/>\n<meta property=\"og:site_name\" content=\"Dicodusport\" \/>\n<meta property=\"article:publisher\" content=\"https:\/\/www.facebook.com\/dicodusport\" \/>\n<meta property=\"article:author\" content=\"https:\/\/www.facebook.com\/groups\/LesRoisDuPeloton\" \/>\n<meta property=\"article:published_time\" content=\"2023-02-11T10:57:49+00:00\" \/>\n<meta property=\"article:modified_time\" content=\"2023-02-12T08:08:40+00:00\" \/>\n<meta property=\"og:image\" content=\"https:\/\/dicodusport.fr\/blog\/wp-content\/uploads\/2023\/02\/Mondiaux-de-ski-alpin-2023-Jasmine-Flury-championne-du-monde-de-descente.png\" \/>\n\t<meta property=\"og:image:width\" content=\"800\" \/>\n\t<meta property=\"og:image:height\" content=\"445\" \/>\n\t<meta property=\"og:image:type\" content=\"image\/png\" \/>\n<meta name=\"author\" content=\"Emilien Descampiaux\" \/>\n<meta name=\"twitter:card\" content=\"summary_large_image\" \/>\n<meta name=\"twitter:title\" content=\"Mondiaux ski alpin 2023 : Jasmine Flury championne du monde de descente\" \/>\n<meta name=\"twitter:creator\" content=\"@https:\/\/twitter.com\/LRoisDuPeloton\" \/>\n<meta name=\"twitter:site\" content=\"@dicodusport\" \/>\n<script type=\"application\/ld+json\" class=\"yoast-schema-graph\">{\"@context\":\"https:\/\/schema.org\",\"@graph\":[{\"@type\":\"NewsArticle\",\"@id\":\"https:\/\/dicodusport.fr\/blog\/mondiaux-ski-alpin-2023-jasmine-flury-championne-du-monde-de-descente\/#article\",\"isPartOf\":{\"@id\":\"https:\/\/dicodusport.fr\/blog\/mondiaux-ski-alpin-2023-jasmine-flury-championne-du-monde-de-descente\/\"},\"author\":{\"name\":\"Emilien Descampiaux\",\"@id\":\"https:\/\/dicodusport.fr\/blog\/#\/schema\/person\/6db4bae06b171592211be385b32876a7\"},\"headline\":\"Mondiaux ski alpin 2023 : Jasmine Flury championne du monde de descente\",\"datePublished\":\"2023-02-11T10:57:49+00:00\",\"dateModified\":\"2023-02-12T08:08:40+00:00\",\"mainEntityOfPage\":{\"@id\":\"https:\/\/dicodusport.fr\/blog\/mondiaux-ski-alpin-2023-jasmine-flury-championne-du-monde-de-descente\/\"},\"wordCount\":476,\"commentCount\":0,\"publisher\":{\"@id\":\"https:\/\/dicodusport.fr\/blog\/#organization\"},\"image\":{\"@id\":\"https:\/\/dicodusport.fr\/blog\/mondiaux-ski-alpin-2023-jasmine-flury-championne-du-monde-de-descente\/#primaryimage\"},\"thumbnailUrl\":\"https:\/\/dicodusport.fr\/blog\/wp-content\/uploads\/2023\/02\/Mondiaux-de-ski-alpin-2023-Jasmine-Flury-championne-du-monde-de-descente.png\",\"keywords\":[\"br\u00e8ve\",\"sport\"],\"articleSection\":[\"Championnats du monde de ski alpin\"],\"inLanguage\":\"fr-FR\",\"potentialAction\":[{\"@type\":\"CommentAction\",\"name\":\"Comment\",\"target\":[\"https:\/\/dicodusport.fr\/blog\/mondiaux-ski-alpin-2023-jasmine-flury-championne-du-monde-de-descente\/#respond\"]}],\"copyrightYear\":\"2023\",\"copyrightHolder\":{\"@id\":\"https:\/\/dicodusport.fr\/blog\/#organization\"}},{\"@type\":\"WebPage\",\"@id\":\"https:\/\/dicodusport.fr\/blog\/mondiaux-ski-alpin-2023-jasmine-flury-championne-du-monde-de-descente\/\",\"url\":\"https:\/\/dicodusport.fr\/blog\/mondiaux-ski-alpin-2023-jasmine-flury-championne-du-monde-de-descente\/\",\"name\":\"Mondiaux ski alpin 2023 : Jasmine Flury championne du monde de descente\",\"isPartOf\":{\"@id\":\"https:\/\/dicodusport.fr\/blog\/#website\"},\"primaryImageOfPage\":{\"@id\":\"https:\/\/dicodusport.fr\/blog\/mondiaux-ski-alpin-2023-jasmine-flury-championne-du-monde-de-descente\/#primaryimage\"},\"image\":{\"@id\":\"https:\/\/dicodusport.fr\/blog\/mondiaux-ski-alpin-2023-jasmine-flury-championne-du-monde-de-descente\/#primaryimage\"},\"thumbnailUrl\":\"https:\/\/dicodusport.fr\/blog\/wp-content\/uploads\/2023\/02\/Mondiaux-de-ski-alpin-2023-Jasmine-Flury-championne-du-monde-de-descente.png\",\"datePublished\":\"2023-02-11T10:57:49+00:00\",\"dateModified\":\"2023-02-12T08:08:40+00:00\",\"description\":\"CHAMPIONNATS DU MONDE DE SKI ALPIN 2023 - La Suissesse Jasmine Flury a \u00e9t\u00e9 sacr\u00e9e championne du monde de descente, ce samedi.\",\"breadcrumb\":{\"@id\":\"https:\/\/dicodusport.fr\/blog\/mondiaux-ski-alpin-2023-jasmine-flury-championne-du-monde-de-descente\/#breadcrumb\"},\"inLanguage\":\"fr-FR\",\"potentialAction\":[{\"@type\":\"ReadAction\",\"target\":[\"https:\/\/dicodusport.fr\/blog\/mondiaux-ski-alpin-2023-jasmine-flury-championne-du-monde-de-descente\/\"]}]},{\"@type\":\"ImageObject\",\"inLanguage\":\"fr-FR\",\"@id\":\"https:\/\/dicodusport.fr\/blog\/mondiaux-ski-alpin-2023-jasmine-flury-championne-du-monde-de-descente\/#primaryimage\",\"url\":\"https:\/\/dicodusport.fr\/blog\/wp-content\/uploads\/2023\/02\/Mondiaux-de-ski-alpin-2023-Jasmine-Flury-championne-du-monde-de-descente.png\",\"contentUrl\":\"https:\/\/dicodusport.fr\/blog\/wp-content\/uploads\/2023\/02\/Mondiaux-de-ski-alpin-2023-Jasmine-Flury-championne-du-monde-de-descente.png\",\"width\":800,\"height\":445,\"caption\":\"Mondiaux de ski alpin 2023 Jasmine Flury championne du monde de descente\"},{\"@type\":\"BreadcrumbList\",\"@id\":\"https:\/\/dicodusport.fr\/blog\/mondiaux-ski-alpin-2023-jasmine-flury-championne-du-monde-de-descente\/#breadcrumb\",\"itemListElement\":[{\"@type\":\"ListItem\",\"position\":1,\"name\":\"Accueil\",\"item\":\"https:\/\/dicodusport.fr\/blog\/\"},{\"@type\":\"ListItem\",\"position\":2,\"name\":\"Mondiaux ski alpin 2023 : Jasmine Flury championne du monde de descente\"}]},{\"@type\":\"WebSite\",\"@id\":\"https:\/\/dicodusport.fr\/blog\/#website\",\"url\":\"https:\/\/dicodusport.fr\/blog\/\",\"name\":\"Dicodusport\",\"description\":\"L&#039;encyclop\u00e9die de l&#039;actualit\u00e9 sportive\",\"publisher\":{\"@id\":\"https:\/\/dicodusport.fr\/blog\/#organization\"},\"potentialAction\":[{\"@type\":\"SearchAction\",\"target\":{\"@type\":\"EntryPoint\",\"urlTemplate\":\"https:\/\/dicodusport.fr\/blog\/?s={search_term_string}\"},\"query-input\":{\"@type\":\"PropertyValueSpecification\",\"valueRequired\":true,\"valueName\":\"search_term_string\"}}],\"inLanguage\":\"fr-FR\"},{\"@type\":\"NewsMediaOrganization\",\"@id\":\"https:\/\/dicodusport.fr\/blog\/#organization\",\"name\":\"Dicodusport\",\"url\":\"https:\/\/dicodusport.fr\/blog\/\",\"logo\":{\"@type\":\"ImageObject\",\"inLanguage\":\"fr-FR\",\"@id\":\"https:\/\/dicodusport.fr\/blog\/#\/schema\/logo\/image\/\",\"url\":\"https:\/\/dicodusport.fr\/blog\/wp-content\/uploads\/2020\/06\/cropped-LOGO-DICODUSPORT-2020-SANS-FOND-SANS-TEXTE.png\",\"contentUrl\":\"https:\/\/dicodusport.fr\/blog\/wp-content\/uploads\/2020\/06\/cropped-LOGO-DICODUSPORT-2020-SANS-FOND-SANS-TEXTE.png\",\"width\":512,\"height\":512,\"caption\":\"Dicodusport\"},\"image\":{\"@id\":\"https:\/\/dicodusport.fr\/blog\/#\/schema\/logo\/image\/\"},\"sameAs\":[\"https:\/\/www.facebook.com\/dicodusport\",\"https:\/\/x.com\/dicodusport\",\"https:\/\/www.instagram.com\/dicodusport\/\",\"https:\/\/www.youtube.com\/channel\/UC7V2KZ5sd3htJivAbA4ZG3w\"],\"description\":\"Dicodusport est l'encyclop\u00e9die de l'actualit\u00e9 sportive.\",\"email\":\"bonjour@dicodusport.fr\",\"legalName\":\"DICODUSPORT\",\"foundingDate\":\"2018-01-14\",\"vatID\":\"FR71834470973\",\"taxID\":\"83447097300043\",\"numberOfEmployees\":{\"@type\":\"QuantitativeValue\",\"minValue\":\"1\",\"maxValue\":\"10\"}},{\"@type\":\"Person\",\"@id\":\"https:\/\/dicodusport.fr\/blog\/#\/schema\/person\/6db4bae06b171592211be385b32876a7\",\"name\":\"Emilien Descampiaux\",\"image\":{\"@type\":\"ImageObject\",\"inLanguage\":\"fr-FR\",\"@id\":\"https:\/\/dicodusport.fr\/blog\/#\/schema\/person\/image\/\",\"url\":\"https:\/\/dicodusport.fr\/blog\/wp-content\/uploads\/2021\/05\/Emilien-Descampiaux-150x150.jpg\",\"contentUrl\":\"https:\/\/dicodusport.fr\/blog\/wp-content\/uploads\/2021\/05\/Emilien-Descampiaux-150x150.jpg\",\"caption\":\"Emilien Descampiaux\"},\"description\":\"Journaliste\/r\u00e9dacteur depuis 2014 - Fan de la classe de Frank Vandenbroucke, je vis cyclisme (et de ses paysages) depuis plus de 20 ans. Je suis tr\u00e8s impliqu\u00e9 sur mes diff\u00e9rents r\u00e9seaux sociaux pour partager ma passion sur le monde et l'Histoire de la bicyclette avec ma voix sur les images en noir et blanc du succ\u00e8s de Rik Van Steenbergen lors du Ronde sur le V\u00e9lodrome de Gand.\",\"sameAs\":[\"https:\/\/www.facebook.com\/groups\/LesRoisDuPeloton\",\"https:\/\/x.com\/https:\/\/twitter.com\/LRoisDuPeloton\"],\"url\":\"https:\/\/dicodusport.fr\/blog\/author\/emiliend\/\"}]}<\/script>\n<!-- \/ Yoast SEO Premium plugin. -->","yoast_head_json":{"title":"Mondiaux ski alpin 2023 : Jasmine Flury championne du monde de descente","description":"CHAMPIONNATS DU MONDE DE SKI ALPIN 2023 - La Suissesse Jasmine Flury a \u00e9t\u00e9 sacr\u00e9e championne du monde de descente, ce samedi.","robots":{"index":"index","follow":"follow","max-snippet":"max-snippet:-1","max-image-preview":"max-image-preview:large","max-video-preview":"max-video-preview:-1"},"canonical":"https:\/\/dicodusport.fr\/blog\/mondiaux-ski-alpin-2023-jasmine-flury-championne-du-monde-de-descente\/","og_locale":"fr_FR","og_type":"article","og_title":"Mondiaux ski alpin 2023 : Jasmine Flury championne du monde de descente","og_description":"CHAMPIONNATS DU MONDE DE SKI ALPIN 2023 - La Suissesse Jasmine Flury a \u00e9t\u00e9 sacr\u00e9e championne du monde de descente, ce samedi.","og_url":"https:\/\/dicodusport.fr\/blog\/mondiaux-ski-alpin-2023-jasmine-flury-championne-du-monde-de-descente\/","og_site_name":"Dicodusport","article_publisher":"https:\/\/www.facebook.com\/dicodusport","article_author":"https:\/\/www.facebook.com\/groups\/LesRoisDuPeloton","article_published_time":"2023-02-11T10:57:49+00:00","article_modified_time":"2023-02-12T08:08:40+00:00","og_image":[{"width":800,"height":445,"url":"https:\/\/dicodusport.fr\/blog\/wp-content\/uploads\/2023\/02\/Mondiaux-de-ski-alpin-2023-Jasmine-Flury-championne-du-monde-de-descente.png","type":"image\/png"}],"author":"Emilien Descampiaux","twitter_card":"summary_large_image","twitter_title":"Mondiaux ski alpin 2023 : Jasmine Flury championne du monde de descente","twitter_creator":"@https:\/\/twitter.com\/LRoisDuPeloton","twitter_site":"@dicodusport","schema":{"@context":"https:\/\/schema.org","@graph":[{"@type":"NewsArticle","@id":"https:\/\/dicodusport.fr\/blog\/mondiaux-ski-alpin-2023-jasmine-flury-championne-du-monde-de-descente\/#article","isPartOf":{"@id":"https:\/\/dicodusport.fr\/blog\/mondiaux-ski-alpin-2023-jasmine-flury-championne-du-monde-de-descente\/"},"author":{"name":"Emilien Descampiaux","@id":"https:\/\/dicodusport.fr\/blog\/#\/schema\/person\/6db4bae06b171592211be385b32876a7"},"headline":"Mondiaux ski alpin 2023 : Jasmine Flury championne du monde de descente","datePublished":"2023-02-11T10:57:49+00:00","dateModified":"2023-02-12T08:08:40+00:00","mainEntityOfPage":{"@id":"https:\/\/dicodusport.fr\/blog\/mondiaux-ski-alpin-2023-jasmine-flury-championne-du-monde-de-descente\/"},"wordCount":476,"commentCount":0,"publisher":{"@id":"https:\/\/dicodusport.fr\/blog\/#organization"},"image":{"@id":"https:\/\/dicodusport.fr\/blog\/mondiaux-ski-alpin-2023-jasmine-flury-championne-du-monde-de-descente\/#primaryimage"},"thumbnailUrl":"https:\/\/dicodusport.fr\/blog\/wp-content\/uploads\/2023\/02\/Mondiaux-de-ski-alpin-2023-Jasmine-Flury-championne-du-monde-de-descente.png","keywords":["br\u00e8ve","sport"],"articleSection":["Championnats du monde de ski alpin"],"inLanguage":"fr-FR","potentialAction":[{"@type":"CommentAction","name":"Comment","target":["https:\/\/dicodusport.fr\/blog\/mondiaux-ski-alpin-2023-jasmine-flury-championne-du-monde-de-descente\/#respond"]}],"copyrightYear":"2023","copyrightHolder":{"@id":"https:\/\/dicodusport.fr\/blog\/#organization"}},{"@type":"WebPage","@id":"https:\/\/dicodusport.fr\/blog\/mondiaux-ski-alpin-2023-jasmine-flury-championne-du-monde-de-descente\/","url":"https:\/\/dicodusport.fr\/blog\/mondiaux-ski-alpin-2023-jasmine-flury-championne-du-monde-de-descente\/","name":"Mondiaux ski alpin 2023 : Jasmine Flury championne du monde de descente","isPartOf":{"@id":"https:\/\/dicodusport.fr\/blog\/#website"},"primaryImageOfPage":{"@id":"https:\/\/dicodusport.fr\/blog\/mondiaux-ski-alpin-2023-jasmine-flury-championne-du-monde-de-descente\/#primaryimage"},"image":{"@id":"https:\/\/dicodusport.fr\/blog\/mondiaux-ski-alpin-2023-jasmine-flury-championne-du-monde-de-descente\/#primaryimage"},"thumbnailUrl":"https:\/\/dicodusport.fr\/blog\/wp-content\/uploads\/2023\/02\/Mondiaux-de-ski-alpin-2023-Jasmine-Flury-championne-du-monde-de-descente.png","datePublished":"2023-02-11T10:57:49+00:00","dateModified":"2023-02-12T08:08:40+00:00","description":"CHAMPIONNATS DU MONDE DE SKI ALPIN 2023 - La Suissesse Jasmine Flury a \u00e9t\u00e9 sacr\u00e9e championne du monde de descente, ce samedi.","breadcrumb":{"@id":"https:\/\/dicodusport.fr\/blog\/mondiaux-ski-alpin-2023-jasmine-flury-championne-du-monde-de-descente\/#breadcrumb"},"inLanguage":"fr-FR","potentialAction":[{"@type":"ReadAction","target":["https:\/\/dicodusport.fr\/blog\/mondiaux-ski-alpin-2023-jasmine-flury-championne-du-monde-de-descente\/"]}]},{"@type":"ImageObject","inLanguage":"fr-FR","@id":"https:\/\/dicodusport.fr\/blog\/mondiaux-ski-alpin-2023-jasmine-flury-championne-du-monde-de-descente\/#primaryimage","url":"https:\/\/dicodusport.fr\/blog\/wp-content\/uploads\/2023\/02\/Mondiaux-de-ski-alpin-2023-Jasmine-Flury-championne-du-monde-de-descente.png","contentUrl":"https:\/\/dicodusport.fr\/blog\/wp-content\/uploads\/2023\/02\/Mondiaux-de-ski-alpin-2023-Jasmine-Flury-championne-du-monde-de-descente.png","width":800,"height":445,"caption":"Mondiaux de ski alpin 2023 Jasmine Flury championne du monde de descente"},{"@type":"BreadcrumbList","@id":"https:\/\/dicodusport.fr\/blog\/mondiaux-ski-alpin-2023-jasmine-flury-championne-du-monde-de-descente\/#breadcrumb","itemListElement":[{"@type":"ListItem","position":1,"name":"Accueil","item":"https:\/\/dicodusport.fr\/blog\/"},{"@type":"ListItem","position":2,"name":"Mondiaux ski alpin 2023 : Jasmine Flury championne du monde de descente"}]},{"@type":"WebSite","@id":"https:\/\/dicodusport.fr\/blog\/#website","url":"https:\/\/dicodusport.fr\/blog\/","name":"Dicodusport","description":"L&#039;encyclop\u00e9die de l&#039;actualit\u00e9 sportive","publisher":{"@id":"https:\/\/dicodusport.fr\/blog\/#organization"},"potentialAction":[{"@type":"SearchAction","target":{"@type":"EntryPoint","urlTemplate":"https:\/\/dicodusport.fr\/blog\/?s={search_term_string}"},"query-input":{"@type":"PropertyValueSpecification","valueRequired":true,"valueName":"search_term_string"}}],"inLanguage":"fr-FR"},{"@type":"NewsMediaOrganization","@id":"https:\/\/dicodusport.fr\/blog\/#organization","name":"Dicodusport","url":"https:\/\/dicodusport.fr\/blog\/","logo":{"@type":"ImageObject","inLanguage":"fr-FR","@id":"https:\/\/dicodusport.fr\/blog\/#\/schema\/logo\/image\/","url":"https:\/\/dicodusport.fr\/blog\/wp-content\/uploads\/2020\/06\/cropped-LOGO-DICODUSPORT-2020-SANS-FOND-SANS-TEXTE.png","contentUrl":"https:\/\/dicodusport.fr\/blog\/wp-content\/uploads\/2020\/06\/cropped-LOGO-DICODUSPORT-2020-SANS-FOND-SANS-TEXTE.png","width":512,"height":512,"caption":"Dicodusport"},"image":{"@id":"https:\/\/dicodusport.fr\/blog\/#\/schema\/logo\/image\/"},"sameAs":["https:\/\/www.facebook.com\/dicodusport","https:\/\/x.com\/dicodusport","https:\/\/www.instagram.com\/dicodusport\/","https:\/\/www.youtube.com\/channel\/UC7V2KZ5sd3htJivAbA4ZG3w"],"description":"Dicodusport est l'encyclop\u00e9die de l'actualit\u00e9 sportive.","email":"bonjour@dicodusport.fr","legalName":"DICODUSPORT","foundingDate":"2018-01-14","vatID":"FR71834470973","taxID":"83447097300043","numberOfEmployees":{"@type":"QuantitativeValue","minValue":"1","maxValue":"10"}},{"@type":"Person","@id":"https:\/\/dicodusport.fr\/blog\/#\/schema\/person\/6db4bae06b171592211be385b32876a7","name":"Emilien Descampiaux","image":{"@type":"ImageObject","inLanguage":"fr-FR","@id":"https:\/\/dicodusport.fr\/blog\/#\/schema\/person\/image\/","url":"https:\/\/dicodusport.fr\/blog\/wp-content\/uploads\/2021\/05\/Emilien-Descampiaux-150x150.jpg","contentUrl":"https:\/\/dicodusport.fr\/blog\/wp-content\/uploads\/2021\/05\/Emilien-Descampiaux-150x150.jpg","caption":"Emilien Descampiaux"},"description":"Journaliste\/r\u00e9dacteur depuis 2014 - Fan de la classe de Frank Vandenbroucke, je vis cyclisme (et de ses paysages) depuis plus de 20 ans. Je suis tr\u00e8s impliqu\u00e9 sur mes diff\u00e9rents r\u00e9seaux sociaux pour partager ma passion sur le monde et l'Histoire de la bicyclette avec ma voix sur les images en noir et blanc du succ\u00e8s de Rik Van Steenbergen lors du Ronde sur le V\u00e9lodrome de Gand.","sameAs":["https:\/\/www.facebook.com\/groups\/LesRoisDuPeloton","https:\/\/x.com\/https:\/\/twitter.com\/LRoisDuPeloton"],"url":"https:\/\/dicodusport.fr\/blog\/author\/emiliend\/"}]}},"_links":{"self":[{"href":"https:\/\/dicodusport.fr\/blog\/wp-json\/wp\/v2\/posts\/354490","targetHints":{"allow":["GET"]}}],"collection":[{"href":"https:\/\/dicodusport.fr\/blog\/wp-json\/wp\/v2\/posts"}],"about":[{"href":"https:\/\/dicodusport.fr\/blog\/wp-json\/wp\/v2\/types\/post"}],"author":[{"embeddable":true,"href":"https:\/\/dicodusport.fr\/blog\/wp-json\/wp\/v2\/users\/48"}],"replies":[{"embeddable":true,"href":"https:\/\/dicodusport.fr\/blog\/wp-json\/wp\/v2\/comments?post=354490"}],"version-history":[{"count":0,"href":"https:\/\/dicodusport.fr\/blog\/wp-json\/wp\/v2\/posts\/354490\/revisions"}],"wp:featuredmedia":[{"embeddable":true,"href":"https:\/\/dicodusport.fr\/blog\/wp-json\/wp\/v2\/media\/354510"}],"wp:attachment":[{"href":"https:\/\/dicodusport.fr\/blog\/wp-json\/wp\/v2\/media?parent=354490"}],"wp:term":[{"taxonomy":"category","embeddable":true,"href":"https:\/\/dicodusport.fr\/blog\/wp-json\/wp\/v2\/categories?post=354490"},{"taxonomy":"post_tag","embeddable":true,"href":"https:\/\/dicodusport.fr\/blog\/wp-json\/wp\/v2\/tags?post=354490"}],"curies":[{"name":"wp","href":"https:\/\/api.w.org\/{rel}","templated":true}]}}