{"id":354664,"date":"2023-02-11T20:25:54","date_gmt":"2023-02-11T19:25:54","guid":{"rendered":"https:\/\/dicodusport.fr\/blog\/?p=354664&#038;preview=true&#038;preview_id=354664"},"modified":"2023-02-11T20:33:56","modified_gmt":"2023-02-11T19:33:56","slug":"piste-championnats-deurope-2023-rayan-helal-en-bronze-sur-la-vitesse-individuelle","status":"publish","type":"post","link":"https:\/\/dicodusport.fr\/blog\/piste-championnats-deurope-2023-rayan-helal-en-bronze-sur-la-vitesse-individuelle\/","title":{"rendered":"Piste Championnats d&rsquo;Europe 2023 : Rayan Helal en bronze sur la vitesse individuelle"},"content":{"rendered":"<p style=\"text-align: justify;\"><em><strong>CHAMPIONNATS D&rsquo;EUROPE DE CYCLISME SUR PISTE 2023 &#8211; Belle journ\u00e9e pour la France, puisque Rayan Helal vient d\u00e9crocher la troisi\u00e8me m\u00e9daille du jour en prenant la troisi\u00e8me place de la vitesse individuelle.\u00a0<\/strong><\/em><\/p>\n<p style=\"text-align: justify;\">Pour la troisi\u00e8me fois d&rsquo;affil\u00e9e, <strong>Rayan Helal<\/strong> monte sur le podium de la vitesse individuelle. Apr\u00e8s avoir \u00e9cart\u00e9 son compatriote &#8211; et tenant du titre &#8211; <strong>S\u00e9bastien Vigier<\/strong> en quarts de finale, il n&rsquo;a rien pu faire contre le ma\u00eetre de la discipline, <strong>Harry Lavreysen<\/strong>, en demi-finales. Mais il restait le bronze \u00e0 aller chercher face \u00e0 <strong>Mikhail Yakovlev,<\/strong> ancien champion d&rsquo;Europe espoirs de la discipline. <strong>Rayan Helal<\/strong> a g\u00e9r\u00e9 comme un chef, pliant l&rsquo;affaire en deux manches avec un redoutable sens tactique. Troisi\u00e8me m\u00e9daille de la journ\u00e9e pour les Bleus, qui terminent bien ces Championnats d&rsquo;Europe.<\/p>\n<blockquote class=\"twitter-tweet\">\n<p dir=\"ltr\" lang=\"fr\">Rayan Helal d\u00e9croche la m\u00e9daille de bronze en vitesse individuelle aux Championnats d&rsquo;Europe !<br \/>\nBattu en demi-finale par Harrie Lavreysen, \u00e0 nouveau titr\u00e9, le Fran\u00e7ais s&rsquo;est impos\u00e9 en petite finale face \u00e0 Mikhail Yakovlev. <a href=\"https:\/\/twitter.com\/hashtag\/EuroTrack23?src=hash&amp;ref_src=twsrc%5Etfw\">#EuroTrack23<\/a> <a href=\"https:\/\/t.co\/eddSTVSeI2\">pic.twitter.com\/eddSTVSeI2<\/a><\/p>\n<p>\u2014 Le Gruppetto (@LeGruppetto) <a href=\"https:\/\/twitter.com\/LeGruppetto\/status\/1624490221877305346?ref_src=twsrc%5Etfw\">February 11, 2023<\/a><\/p><\/blockquote>\n<p style=\"text-align: justify;\"><script async src=\"https:\/\/platform.twitter.com\/widgets.js\" charset=\"utf-8\"><\/script><\/p>\n<h2 style=\"text-align: justify;\">\u00c0 lire aussi<\/h2>\n<ul>\n<li style=\"text-align: justify;\"><a href=\"https:\/\/dicodusport.fr\/blog\/programme-et-resultats-championnats-deurope-de-cyclisme-sur-piste-2023\/\"><strong>Programme et r\u00e9sultats des Championnats d&rsquo;Europe de cyclisme sur piste<\/strong><\/a><\/li>\n<li style=\"text-align: justify;\"><a href=\"https:\/\/dicodusport.fr\/blog\/tableau-des-medailles-championnats-deurope-cyclisme-sur-piste-2023\/\"><strong>Tableau des m\u00e9dailles des Championnats d&rsquo;Europe de cyclisme sur piste<\/strong><\/a><\/li>\n<\/ul>\n","protected":false},"excerpt":{"rendered":"<p>CHAMPIONNATS D&rsquo;EUROPE DE CYCLISME SUR PISTE 2023 &#8211; Belle journ\u00e9e pour la France, puisque Rayan Helal vient d\u00e9crocher la troisi\u00e8me m\u00e9daille du jour en prenant la troisi\u00e8me place de la vitesse individuelle.\u00a0<\/p>\n","protected":false},"author":59,"featured_media":354676,"comment_status":"open","ping_status":"closed","sticky":false,"template":"","format":"standard","meta":{"_acf_changed":false,"_daextam_enable_autolinks":"","footnotes":""},"categories":[14089],"tags":[16878,1664,19998],"class_list":["post-354664","post","type-post","status-publish","format-standard","has-post-thumbnail","hentry","category-cyclisme-sur-piste","tag-breve","tag-cyclisme-sur-piste","tag-rayan-helal"],"acf":[],"yoast_head":"<!-- This site is optimized with the Yoast SEO Premium plugin v26.7 (Yoast SEO v26.7) - https:\/\/yoast.com\/wordpress\/plugins\/seo\/ -->\n<title>Piste Championnats d&#039;Europe 2023 : Rayan Helal en bronze sur la vitesse individuelle<\/title>\n<meta name=\"description\" content=\"CHAMPIONNATS D&#039;EUROPE DE CYCLISME SUR PISTE 2023 - Rayan Helal vient d\u00e9crocher la troisi\u00e8me m\u00e9daille du jour sur la vitesse individuelle.\u00a0\" \/>\n<meta name=\"robots\" content=\"index, follow, max-snippet:-1, max-image-preview:large, max-video-preview:-1\" \/>\n<link rel=\"canonical\" href=\"https:\/\/dicodusport.fr\/blog\/piste-championnats-deurope-2023-rayan-helal-en-bronze-sur-la-vitesse-individuelle\/\" \/>\n<meta property=\"og:locale\" content=\"fr_FR\" \/>\n<meta property=\"og:type\" content=\"article\" \/>\n<meta property=\"og:title\" content=\"Piste Championnats d&#039;Europe 2023 : Rayan Helal en bronze sur la vitesse individuelle\" \/>\n<meta property=\"og:description\" content=\"CHAMPIONNATS D&#039;EUROPE DE CYCLISME SUR PISTE 2023 - Rayan Helal vient d\u00e9crocher la troisi\u00e8me m\u00e9daille du jour sur la vitesse individuelle.\u00a0\" \/>\n<meta property=\"og:url\" content=\"https:\/\/dicodusport.fr\/blog\/piste-championnats-deurope-2023-rayan-helal-en-bronze-sur-la-vitesse-individuelle\/\" \/>\n<meta property=\"og:site_name\" content=\"Dicodusport\" \/>\n<meta property=\"article:publisher\" content=\"https:\/\/www.facebook.com\/dicodusport\" \/>\n<meta property=\"article:author\" content=\"https:\/\/www.facebook.com\/sebastien.gente\/\" \/>\n<meta property=\"article:published_time\" content=\"2023-02-11T19:25:54+00:00\" \/>\n<meta property=\"article:modified_time\" content=\"2023-02-11T19:33:56+00:00\" \/>\n<meta property=\"og:image\" content=\"https:\/\/dicodusport.fr\/blog\/wp-content\/uploads\/2023\/02\/Piste-Championnats-dEurope-2023-Rayan-Helal-en-bronze-sur-la-vitesse-individuelle.png\" \/>\n\t<meta property=\"og:image:width\" content=\"800\" \/>\n\t<meta property=\"og:image:height\" content=\"445\" \/>\n\t<meta property=\"og:image:type\" content=\"image\/png\" \/>\n<meta name=\"author\" content=\"S\u00e9bastien Gente\" \/>\n<meta name=\"twitter:card\" content=\"summary_large_image\" \/>\n<meta name=\"twitter:title\" content=\"Piste Championnats d&#039;Europe 2023 : Rayan Helal en bronze sur la vitesse individuelle\" \/>\n<meta name=\"twitter:creator\" content=\"@https:\/\/twitter.com\/globulo24\" \/>\n<meta name=\"twitter:site\" content=\"@dicodusport\" \/>\n<script type=\"application\/ld+json\" class=\"yoast-schema-graph\">{\"@context\":\"https:\/\/schema.org\",\"@graph\":[{\"@type\":\"NewsArticle\",\"@id\":\"https:\/\/dicodusport.fr\/blog\/piste-championnats-deurope-2023-rayan-helal-en-bronze-sur-la-vitesse-individuelle\/#article\",\"isPartOf\":{\"@id\":\"https:\/\/dicodusport.fr\/blog\/piste-championnats-deurope-2023-rayan-helal-en-bronze-sur-la-vitesse-individuelle\/\"},\"author\":{\"name\":\"S\u00e9bastien Gente\",\"@id\":\"https:\/\/dicodusport.fr\/blog\/#\/schema\/person\/627966a6cde45dbd8c5e36ac85d783da\"},\"headline\":\"Piste Championnats d&rsquo;Europe 2023 : Rayan Helal en bronze sur la vitesse individuelle\",\"datePublished\":\"2023-02-11T19:25:54+00:00\",\"dateModified\":\"2023-02-11T19:33:56+00:00\",\"mainEntityOfPage\":{\"@id\":\"https:\/\/dicodusport.fr\/blog\/piste-championnats-deurope-2023-rayan-helal-en-bronze-sur-la-vitesse-individuelle\/\"},\"wordCount\":229,\"commentCount\":0,\"publisher\":{\"@id\":\"https:\/\/dicodusport.fr\/blog\/#organization\"},\"image\":{\"@id\":\"https:\/\/dicodusport.fr\/blog\/piste-championnats-deurope-2023-rayan-helal-en-bronze-sur-la-vitesse-individuelle\/#primaryimage\"},\"thumbnailUrl\":\"https:\/\/dicodusport.fr\/blog\/wp-content\/uploads\/2023\/02\/Piste-Championnats-dEurope-2023-Rayan-Helal-en-bronze-sur-la-vitesse-individuelle.png\",\"keywords\":[\"br\u00e8ve\",\"cyclisme sur piste\",\"Rayan Helal\"],\"articleSection\":[\"Cyclisme sur piste\"],\"inLanguage\":\"fr-FR\",\"potentialAction\":[{\"@type\":\"CommentAction\",\"name\":\"Comment\",\"target\":[\"https:\/\/dicodusport.fr\/blog\/piste-championnats-deurope-2023-rayan-helal-en-bronze-sur-la-vitesse-individuelle\/#respond\"]}],\"copyrightYear\":\"2023\",\"copyrightHolder\":{\"@id\":\"https:\/\/dicodusport.fr\/blog\/#organization\"}},{\"@type\":\"WebPage\",\"@id\":\"https:\/\/dicodusport.fr\/blog\/piste-championnats-deurope-2023-rayan-helal-en-bronze-sur-la-vitesse-individuelle\/\",\"url\":\"https:\/\/dicodusport.fr\/blog\/piste-championnats-deurope-2023-rayan-helal-en-bronze-sur-la-vitesse-individuelle\/\",\"name\":\"Piste Championnats d'Europe 2023 : Rayan Helal en bronze sur la vitesse individuelle\",\"isPartOf\":{\"@id\":\"https:\/\/dicodusport.fr\/blog\/#website\"},\"primaryImageOfPage\":{\"@id\":\"https:\/\/dicodusport.fr\/blog\/piste-championnats-deurope-2023-rayan-helal-en-bronze-sur-la-vitesse-individuelle\/#primaryimage\"},\"image\":{\"@id\":\"https:\/\/dicodusport.fr\/blog\/piste-championnats-deurope-2023-rayan-helal-en-bronze-sur-la-vitesse-individuelle\/#primaryimage\"},\"thumbnailUrl\":\"https:\/\/dicodusport.fr\/blog\/wp-content\/uploads\/2023\/02\/Piste-Championnats-dEurope-2023-Rayan-Helal-en-bronze-sur-la-vitesse-individuelle.png\",\"datePublished\":\"2023-02-11T19:25:54+00:00\",\"dateModified\":\"2023-02-11T19:33:56+00:00\",\"description\":\"CHAMPIONNATS D'EUROPE DE CYCLISME SUR PISTE 2023 - Rayan Helal vient d\u00e9crocher la troisi\u00e8me m\u00e9daille du jour sur la vitesse individuelle.\u00a0\",\"breadcrumb\":{\"@id\":\"https:\/\/dicodusport.fr\/blog\/piste-championnats-deurope-2023-rayan-helal-en-bronze-sur-la-vitesse-individuelle\/#breadcrumb\"},\"inLanguage\":\"fr-FR\",\"potentialAction\":[{\"@type\":\"ReadAction\",\"target\":[\"https:\/\/dicodusport.fr\/blog\/piste-championnats-deurope-2023-rayan-helal-en-bronze-sur-la-vitesse-individuelle\/\"]}]},{\"@type\":\"ImageObject\",\"inLanguage\":\"fr-FR\",\"@id\":\"https:\/\/dicodusport.fr\/blog\/piste-championnats-deurope-2023-rayan-helal-en-bronze-sur-la-vitesse-individuelle\/#primaryimage\",\"url\":\"https:\/\/dicodusport.fr\/blog\/wp-content\/uploads\/2023\/02\/Piste-Championnats-dEurope-2023-Rayan-Helal-en-bronze-sur-la-vitesse-individuelle.png\",\"contentUrl\":\"https:\/\/dicodusport.fr\/blog\/wp-content\/uploads\/2023\/02\/Piste-Championnats-dEurope-2023-Rayan-Helal-en-bronze-sur-la-vitesse-individuelle.png\",\"width\":800,\"height\":445,\"caption\":\"Piste Championnats d'Europe 2023 Rayan Helal en bronze sur la vitesse individuelle\"},{\"@type\":\"BreadcrumbList\",\"@id\":\"https:\/\/dicodusport.fr\/blog\/piste-championnats-deurope-2023-rayan-helal-en-bronze-sur-la-vitesse-individuelle\/#breadcrumb\",\"itemListElement\":[{\"@type\":\"ListItem\",\"position\":1,\"name\":\"Accueil\",\"item\":\"https:\/\/dicodusport.fr\/blog\/\"},{\"@type\":\"ListItem\",\"position\":2,\"name\":\"Piste Championnats d&rsquo;Europe 2023 : Rayan Helal en bronze sur la vitesse individuelle\"}]},{\"@type\":\"WebSite\",\"@id\":\"https:\/\/dicodusport.fr\/blog\/#website\",\"url\":\"https:\/\/dicodusport.fr\/blog\/\",\"name\":\"Dicodusport\",\"description\":\"L&#039;encyclop\u00e9die de l&#039;actualit\u00e9 sportive\",\"publisher\":{\"@id\":\"https:\/\/dicodusport.fr\/blog\/#organization\"},\"potentialAction\":[{\"@type\":\"SearchAction\",\"target\":{\"@type\":\"EntryPoint\",\"urlTemplate\":\"https:\/\/dicodusport.fr\/blog\/?s={search_term_string}\"},\"query-input\":{\"@type\":\"PropertyValueSpecification\",\"valueRequired\":true,\"valueName\":\"search_term_string\"}}],\"inLanguage\":\"fr-FR\"},{\"@type\":\"NewsMediaOrganization\",\"@id\":\"https:\/\/dicodusport.fr\/blog\/#organization\",\"name\":\"Dicodusport\",\"url\":\"https:\/\/dicodusport.fr\/blog\/\",\"logo\":{\"@type\":\"ImageObject\",\"inLanguage\":\"fr-FR\",\"@id\":\"https:\/\/dicodusport.fr\/blog\/#\/schema\/logo\/image\/\",\"url\":\"https:\/\/dicodusport.fr\/blog\/wp-content\/uploads\/2020\/06\/cropped-LOGO-DICODUSPORT-2020-SANS-FOND-SANS-TEXTE.png\",\"contentUrl\":\"https:\/\/dicodusport.fr\/blog\/wp-content\/uploads\/2020\/06\/cropped-LOGO-DICODUSPORT-2020-SANS-FOND-SANS-TEXTE.png\",\"width\":512,\"height\":512,\"caption\":\"Dicodusport\"},\"image\":{\"@id\":\"https:\/\/dicodusport.fr\/blog\/#\/schema\/logo\/image\/\"},\"sameAs\":[\"https:\/\/www.facebook.com\/dicodusport\",\"https:\/\/x.com\/dicodusport\",\"https:\/\/www.instagram.com\/dicodusport\/\",\"https:\/\/www.youtube.com\/channel\/UC7V2KZ5sd3htJivAbA4ZG3w\"],\"description\":\"Dicodusport est l'encyclop\u00e9die de l'actualit\u00e9 sportive.\",\"email\":\"bonjour@dicodusport.fr\",\"legalName\":\"DICODUSPORT\",\"foundingDate\":\"2018-01-14\",\"vatID\":\"FR71834470973\",\"taxID\":\"83447097300043\",\"numberOfEmployees\":{\"@type\":\"QuantitativeValue\",\"minValue\":\"1\",\"maxValue\":\"10\"}},{\"@type\":\"Person\",\"@id\":\"https:\/\/dicodusport.fr\/blog\/#\/schema\/person\/627966a6cde45dbd8c5e36ac85d783da\",\"name\":\"S\u00e9bastien Gente\",\"image\":{\"@type\":\"ImageObject\",\"inLanguage\":\"fr-FR\",\"@id\":\"https:\/\/dicodusport.fr\/blog\/#\/schema\/person\/image\/\",\"url\":\"https:\/\/dicodusport.fr\/blog\/wp-content\/uploads\/2021\/09\/1510990_10205810251400683_4124423575079401707_n-150x150.jpg\",\"contentUrl\":\"https:\/\/dicodusport.fr\/blog\/wp-content\/uploads\/2021\/09\/1510990_10205810251400683_4124423575079401707_n-150x150.jpg\",\"caption\":\"S\u00e9bastien Gente\"},\"description\":\"John Stockton, Gianni Bugno, Zinedine Zidane, Steffi Graf, Frode Andresen, St\u00e9phane Stoecklin, Davis Kamoga, Primoz Peterka, Werner Schlager et Aur\u00e9lien Rougerie. Point commun entre ces sportifs? Ils m'ont fait r\u00eaver et ont berc\u00e9 mon adolescence. Je suis un fondu de sports et j'essaie de retranscrire ma passion \u00e0 travers mes articles. Originaire du P\u00e9rigord, ma passion pour les Girondins, les Jaunards et les Jazzmen transpire dans mes \u00e9crits. \u00c0 Dicodusport depuis 2021, je d\u00e9niche les sports m\u00e9connus dans lesquels la France brille, et il y en a !\",\"sameAs\":[\"https:\/\/www.facebook.com\/sebastien.gente\/\",\"https:\/\/www.instagram.com\/sebgente\/\",\"https:\/\/www.linkedin.com\/in\/sbastien-gente-a29583169\/\",\"https:\/\/x.com\/https:\/\/twitter.com\/globulo24\",\"SebastienGente\"],\"worksFor\":\"S\u00e9bastien GENTE\",\"url\":\"https:\/\/dicodusport.fr\/blog\/author\/sebastiengente\/\"}]}<\/script>\n<!-- \/ Yoast SEO Premium plugin. -->","yoast_head_json":{"title":"Piste Championnats d'Europe 2023 : Rayan Helal en bronze sur la vitesse individuelle","description":"CHAMPIONNATS D'EUROPE DE CYCLISME SUR PISTE 2023 - Rayan Helal vient d\u00e9crocher la troisi\u00e8me m\u00e9daille du jour sur la vitesse individuelle.\u00a0","robots":{"index":"index","follow":"follow","max-snippet":"max-snippet:-1","max-image-preview":"max-image-preview:large","max-video-preview":"max-video-preview:-1"},"canonical":"https:\/\/dicodusport.fr\/blog\/piste-championnats-deurope-2023-rayan-helal-en-bronze-sur-la-vitesse-individuelle\/","og_locale":"fr_FR","og_type":"article","og_title":"Piste Championnats d'Europe 2023 : Rayan Helal en bronze sur la vitesse individuelle","og_description":"CHAMPIONNATS D'EUROPE DE CYCLISME SUR PISTE 2023 - Rayan Helal vient d\u00e9crocher la troisi\u00e8me m\u00e9daille du jour sur la vitesse individuelle.\u00a0","og_url":"https:\/\/dicodusport.fr\/blog\/piste-championnats-deurope-2023-rayan-helal-en-bronze-sur-la-vitesse-individuelle\/","og_site_name":"Dicodusport","article_publisher":"https:\/\/www.facebook.com\/dicodusport","article_author":"https:\/\/www.facebook.com\/sebastien.gente\/","article_published_time":"2023-02-11T19:25:54+00:00","article_modified_time":"2023-02-11T19:33:56+00:00","og_image":[{"width":800,"height":445,"url":"https:\/\/dicodusport.fr\/blog\/wp-content\/uploads\/2023\/02\/Piste-Championnats-dEurope-2023-Rayan-Helal-en-bronze-sur-la-vitesse-individuelle.png","type":"image\/png"}],"author":"S\u00e9bastien Gente","twitter_card":"summary_large_image","twitter_title":"Piste Championnats d'Europe 2023 : Rayan Helal en bronze sur la vitesse individuelle","twitter_creator":"@https:\/\/twitter.com\/globulo24","twitter_site":"@dicodusport","schema":{"@context":"https:\/\/schema.org","@graph":[{"@type":"NewsArticle","@id":"https:\/\/dicodusport.fr\/blog\/piste-championnats-deurope-2023-rayan-helal-en-bronze-sur-la-vitesse-individuelle\/#article","isPartOf":{"@id":"https:\/\/dicodusport.fr\/blog\/piste-championnats-deurope-2023-rayan-helal-en-bronze-sur-la-vitesse-individuelle\/"},"author":{"name":"S\u00e9bastien Gente","@id":"https:\/\/dicodusport.fr\/blog\/#\/schema\/person\/627966a6cde45dbd8c5e36ac85d783da"},"headline":"Piste Championnats d&rsquo;Europe 2023 : Rayan Helal en bronze sur la vitesse individuelle","datePublished":"2023-02-11T19:25:54+00:00","dateModified":"2023-02-11T19:33:56+00:00","mainEntityOfPage":{"@id":"https:\/\/dicodusport.fr\/blog\/piste-championnats-deurope-2023-rayan-helal-en-bronze-sur-la-vitesse-individuelle\/"},"wordCount":229,"commentCount":0,"publisher":{"@id":"https:\/\/dicodusport.fr\/blog\/#organization"},"image":{"@id":"https:\/\/dicodusport.fr\/blog\/piste-championnats-deurope-2023-rayan-helal-en-bronze-sur-la-vitesse-individuelle\/#primaryimage"},"thumbnailUrl":"https:\/\/dicodusport.fr\/blog\/wp-content\/uploads\/2023\/02\/Piste-Championnats-dEurope-2023-Rayan-Helal-en-bronze-sur-la-vitesse-individuelle.png","keywords":["br\u00e8ve","cyclisme sur piste","Rayan Helal"],"articleSection":["Cyclisme sur piste"],"inLanguage":"fr-FR","potentialAction":[{"@type":"CommentAction","name":"Comment","target":["https:\/\/dicodusport.fr\/blog\/piste-championnats-deurope-2023-rayan-helal-en-bronze-sur-la-vitesse-individuelle\/#respond"]}],"copyrightYear":"2023","copyrightHolder":{"@id":"https:\/\/dicodusport.fr\/blog\/#organization"}},{"@type":"WebPage","@id":"https:\/\/dicodusport.fr\/blog\/piste-championnats-deurope-2023-rayan-helal-en-bronze-sur-la-vitesse-individuelle\/","url":"https:\/\/dicodusport.fr\/blog\/piste-championnats-deurope-2023-rayan-helal-en-bronze-sur-la-vitesse-individuelle\/","name":"Piste Championnats d'Europe 2023 : Rayan Helal en bronze sur la vitesse individuelle","isPartOf":{"@id":"https:\/\/dicodusport.fr\/blog\/#website"},"primaryImageOfPage":{"@id":"https:\/\/dicodusport.fr\/blog\/piste-championnats-deurope-2023-rayan-helal-en-bronze-sur-la-vitesse-individuelle\/#primaryimage"},"image":{"@id":"https:\/\/dicodusport.fr\/blog\/piste-championnats-deurope-2023-rayan-helal-en-bronze-sur-la-vitesse-individuelle\/#primaryimage"},"thumbnailUrl":"https:\/\/dicodusport.fr\/blog\/wp-content\/uploads\/2023\/02\/Piste-Championnats-dEurope-2023-Rayan-Helal-en-bronze-sur-la-vitesse-individuelle.png","datePublished":"2023-02-11T19:25:54+00:00","dateModified":"2023-02-11T19:33:56+00:00","description":"CHAMPIONNATS D'EUROPE DE CYCLISME SUR PISTE 2023 - Rayan Helal vient d\u00e9crocher la troisi\u00e8me m\u00e9daille du jour sur la vitesse individuelle.\u00a0","breadcrumb":{"@id":"https:\/\/dicodusport.fr\/blog\/piste-championnats-deurope-2023-rayan-helal-en-bronze-sur-la-vitesse-individuelle\/#breadcrumb"},"inLanguage":"fr-FR","potentialAction":[{"@type":"ReadAction","target":["https:\/\/dicodusport.fr\/blog\/piste-championnats-deurope-2023-rayan-helal-en-bronze-sur-la-vitesse-individuelle\/"]}]},{"@type":"ImageObject","inLanguage":"fr-FR","@id":"https:\/\/dicodusport.fr\/blog\/piste-championnats-deurope-2023-rayan-helal-en-bronze-sur-la-vitesse-individuelle\/#primaryimage","url":"https:\/\/dicodusport.fr\/blog\/wp-content\/uploads\/2023\/02\/Piste-Championnats-dEurope-2023-Rayan-Helal-en-bronze-sur-la-vitesse-individuelle.png","contentUrl":"https:\/\/dicodusport.fr\/blog\/wp-content\/uploads\/2023\/02\/Piste-Championnats-dEurope-2023-Rayan-Helal-en-bronze-sur-la-vitesse-individuelle.png","width":800,"height":445,"caption":"Piste Championnats d'Europe 2023 Rayan Helal en bronze sur la vitesse individuelle"},{"@type":"BreadcrumbList","@id":"https:\/\/dicodusport.fr\/blog\/piste-championnats-deurope-2023-rayan-helal-en-bronze-sur-la-vitesse-individuelle\/#breadcrumb","itemListElement":[{"@type":"ListItem","position":1,"name":"Accueil","item":"https:\/\/dicodusport.fr\/blog\/"},{"@type":"ListItem","position":2,"name":"Piste Championnats d&rsquo;Europe 2023 : Rayan Helal en bronze sur la vitesse individuelle"}]},{"@type":"WebSite","@id":"https:\/\/dicodusport.fr\/blog\/#website","url":"https:\/\/dicodusport.fr\/blog\/","name":"Dicodusport","description":"L&#039;encyclop\u00e9die de l&#039;actualit\u00e9 sportive","publisher":{"@id":"https:\/\/dicodusport.fr\/blog\/#organization"},"potentialAction":[{"@type":"SearchAction","target":{"@type":"EntryPoint","urlTemplate":"https:\/\/dicodusport.fr\/blog\/?s={search_term_string}"},"query-input":{"@type":"PropertyValueSpecification","valueRequired":true,"valueName":"search_term_string"}}],"inLanguage":"fr-FR"},{"@type":"NewsMediaOrganization","@id":"https:\/\/dicodusport.fr\/blog\/#organization","name":"Dicodusport","url":"https:\/\/dicodusport.fr\/blog\/","logo":{"@type":"ImageObject","inLanguage":"fr-FR","@id":"https:\/\/dicodusport.fr\/blog\/#\/schema\/logo\/image\/","url":"https:\/\/dicodusport.fr\/blog\/wp-content\/uploads\/2020\/06\/cropped-LOGO-DICODUSPORT-2020-SANS-FOND-SANS-TEXTE.png","contentUrl":"https:\/\/dicodusport.fr\/blog\/wp-content\/uploads\/2020\/06\/cropped-LOGO-DICODUSPORT-2020-SANS-FOND-SANS-TEXTE.png","width":512,"height":512,"caption":"Dicodusport"},"image":{"@id":"https:\/\/dicodusport.fr\/blog\/#\/schema\/logo\/image\/"},"sameAs":["https:\/\/www.facebook.com\/dicodusport","https:\/\/x.com\/dicodusport","https:\/\/www.instagram.com\/dicodusport\/","https:\/\/www.youtube.com\/channel\/UC7V2KZ5sd3htJivAbA4ZG3w"],"description":"Dicodusport est l'encyclop\u00e9die de l'actualit\u00e9 sportive.","email":"bonjour@dicodusport.fr","legalName":"DICODUSPORT","foundingDate":"2018-01-14","vatID":"FR71834470973","taxID":"83447097300043","numberOfEmployees":{"@type":"QuantitativeValue","minValue":"1","maxValue":"10"}},{"@type":"Person","@id":"https:\/\/dicodusport.fr\/blog\/#\/schema\/person\/627966a6cde45dbd8c5e36ac85d783da","name":"S\u00e9bastien Gente","image":{"@type":"ImageObject","inLanguage":"fr-FR","@id":"https:\/\/dicodusport.fr\/blog\/#\/schema\/person\/image\/","url":"https:\/\/dicodusport.fr\/blog\/wp-content\/uploads\/2021\/09\/1510990_10205810251400683_4124423575079401707_n-150x150.jpg","contentUrl":"https:\/\/dicodusport.fr\/blog\/wp-content\/uploads\/2021\/09\/1510990_10205810251400683_4124423575079401707_n-150x150.jpg","caption":"S\u00e9bastien Gente"},"description":"John Stockton, Gianni Bugno, Zinedine Zidane, Steffi Graf, Frode Andresen, St\u00e9phane Stoecklin, Davis Kamoga, Primoz Peterka, Werner Schlager et Aur\u00e9lien Rougerie. Point commun entre ces sportifs? Ils m'ont fait r\u00eaver et ont berc\u00e9 mon adolescence. Je suis un fondu de sports et j'essaie de retranscrire ma passion \u00e0 travers mes articles. Originaire du P\u00e9rigord, ma passion pour les Girondins, les Jaunards et les Jazzmen transpire dans mes \u00e9crits. \u00c0 Dicodusport depuis 2021, je d\u00e9niche les sports m\u00e9connus dans lesquels la France brille, et il y en a !","sameAs":["https:\/\/www.facebook.com\/sebastien.gente\/","https:\/\/www.instagram.com\/sebgente\/","https:\/\/www.linkedin.com\/in\/sbastien-gente-a29583169\/","https:\/\/x.com\/https:\/\/twitter.com\/globulo24","SebastienGente"],"worksFor":"S\u00e9bastien GENTE","url":"https:\/\/dicodusport.fr\/blog\/author\/sebastiengente\/"}]}},"_links":{"self":[{"href":"https:\/\/dicodusport.fr\/blog\/wp-json\/wp\/v2\/posts\/354664","targetHints":{"allow":["GET"]}}],"collection":[{"href":"https:\/\/dicodusport.fr\/blog\/wp-json\/wp\/v2\/posts"}],"about":[{"href":"https:\/\/dicodusport.fr\/blog\/wp-json\/wp\/v2\/types\/post"}],"author":[{"embeddable":true,"href":"https:\/\/dicodusport.fr\/blog\/wp-json\/wp\/v2\/users\/59"}],"replies":[{"embeddable":true,"href":"https:\/\/dicodusport.fr\/blog\/wp-json\/wp\/v2\/comments?post=354664"}],"version-history":[{"count":0,"href":"https:\/\/dicodusport.fr\/blog\/wp-json\/wp\/v2\/posts\/354664\/revisions"}],"wp:featuredmedia":[{"embeddable":true,"href":"https:\/\/dicodusport.fr\/blog\/wp-json\/wp\/v2\/media\/354676"}],"wp:attachment":[{"href":"https:\/\/dicodusport.fr\/blog\/wp-json\/wp\/v2\/media?parent=354664"}],"wp:term":[{"taxonomy":"category","embeddable":true,"href":"https:\/\/dicodusport.fr\/blog\/wp-json\/wp\/v2\/categories?post=354664"},{"taxonomy":"post_tag","embeddable":true,"href":"https:\/\/dicodusport.fr\/blog\/wp-json\/wp\/v2\/tags?post=354664"}],"curies":[{"name":"wp","href":"https:\/\/api.w.org\/{rel}","templated":true}]}}