{"id":354774,"date":"2023-02-12T12:11:51","date_gmt":"2023-02-12T11:11:51","guid":{"rendered":"https:\/\/dicodusport.fr\/blog\/?p=354774&#038;preview=true&#038;preview_id=354774"},"modified":"2023-02-12T14:45:35","modified_gmt":"2023-02-12T13:45:35","slug":"mondiaux-ski-alpin-2023-marco-odermatt-champion-du-monde-de-la-descente","status":"publish","type":"post","link":"https:\/\/dicodusport.fr\/blog\/mondiaux-ski-alpin-2023-marco-odermatt-champion-du-monde-de-la-descente\/","title":{"rendered":"Mondiaux ski alpin 2023 : Marco Odermatt champion du monde de la descente"},"content":{"rendered":"<p style=\"text-align: justify;\" align=\"justify\"><em><strong><a href=\"https:\/\/dicodusport.fr\/blog\/actualites\/sports-dhiver\/ski\/championnats-du-monde-ski-alpin-2023\/\">CHAMPIONNATS DU MONDE DE SKI ALPIN 2023<\/a> &#8211; Au lendemain du titre de Jasmine Flury chez les dames, la Suisse a remport\u00e9 un nouveau titre mondial \u00e0 M\u00e9ribel-Courchevel. Marco Odermatt est devenu champion du monde de descente, ce dimanche. Il a devanc\u00e9 Aleksander Aamodt Kilde et Cameron Alexander.\u00a0<\/strong><\/em><\/p>\n<p style=\"text-align: justify;\"><span style=\"font-weight: 400;\"><strong>Aleksander Aamodt Kilde<\/strong> et <strong>Vincent Kriechmayr<\/strong> \u00e9taient les deux grand favoris de cette descente sur la piste de L&rsquo;\u00c9clipse. En effet, ces deux skieurs se sont partag\u00e9s les victoires depuis le d\u00e9but de saison en Coupe du monde, avec cinq succ\u00e8s pour le Norv\u00e9gien et trois pour l&rsquo;Autrichien. De plus, Kriechmayr \u00e9tait le tenant du titre. Quatri\u00e8me en Super-G, <strong>Marco Odermatt<\/strong> \u00e9tait revanchard. <strong>Johan Clarey<\/strong> pouvait viser une m\u00e9daille avec deux belles deuxi\u00e8me place \u00e0 Kitzb\u00fchel et \u00e0 Val Gardena. La derni\u00e8re m\u00e9daille tricolore aux Mondiaux en descente date de 2013 avec la m\u00e9daille de bronze du regrett\u00e9 David Poisson.<\/span><\/p>\n<h2 style=\"text-align: justify;\">Le sacre de Marco Odermatt<\/h2>\n<p style=\"text-align: justify;\"><span style=\"font-weight: 400;\">Sur un rev\u00eatement qui a lustr\u00e9 pendant la nuit \u00e0 cause du vent, <strong>Marco Odermatt<\/strong> a su g\u00e9rer une piste plus rapide que lors des entra\u00eenements pour l&#8217;emporter en 1 minute 47 secondes et 5 centi\u00e8mes. Le Suisse a d\u00e9coup\u00e9 \u00e0 la perfection le S des Arolles, le Trou Noir et l&rsquo;Envol pour gagner sa premi\u00e8re descente chez les Grands. Il avait glan\u00e9 le titre mondial en descente chez les juniors en 2018 \u00e0 Davos. Odermatt est devenu le douzi\u00e8me suisse champion du monde de la discipline.\u00a0<\/span><\/p>\n<div id=\"attachment_354841\" style=\"width: 750px\" class=\"wp-caption aligncenter\"><a href=\"https:\/\/dicodusport.fr\/blog\/wp-content\/uploads\/2023\/02\/Marco-Odermatt-a-survole-la-descente-des-championnats-du-monde-2023-scaled.jpg\"><img loading=\"lazy\" decoding=\"async\" aria-describedby=\"caption-attachment-354841\" class=\"size-large wp-image-354841\" src=\"https:\/\/dicodusport.fr\/blog\/wp-content\/uploads\/2023\/02\/Marco-Odermatt-a-survole-la-descente-des-championnats-du-monde-2023-1024x683.jpg\" alt=\"Marco Odermatt a survol\u00e9 la descente des championnats du monde 2023\" width=\"740\" height=\"494\" srcset=\"https:\/\/dicodusport.fr\/blog\/wp-content\/uploads\/2023\/02\/Marco-Odermatt-a-survole-la-descente-des-championnats-du-monde-2023-1024x683.jpg 1024w, https:\/\/dicodusport.fr\/blog\/wp-content\/uploads\/2023\/02\/Marco-Odermatt-a-survole-la-descente-des-championnats-du-monde-2023-300x200.jpg 300w, https:\/\/dicodusport.fr\/blog\/wp-content\/uploads\/2023\/02\/Marco-Odermatt-a-survole-la-descente-des-championnats-du-monde-2023-768x512.jpg 768w, https:\/\/dicodusport.fr\/blog\/wp-content\/uploads\/2023\/02\/Marco-Odermatt-a-survole-la-descente-des-championnats-du-monde-2023-1536x1024.jpg 1536w, https:\/\/dicodusport.fr\/blog\/wp-content\/uploads\/2023\/02\/Marco-Odermatt-a-survole-la-descente-des-championnats-du-monde-2023-2048x1366.jpg 2048w\" sizes=\"auto, (max-width: 740px) 100vw, 740px\" \/><\/a><p id=\"caption-attachment-354841\" class=\"wp-caption-text\">Marco Odermatt a survol\u00e9 la descente des championnats du monde 2023 &#8211; Photo Icon Sport<\/p><\/div>\n<h2 style=\"text-align: justify;\">Aleksander Aamodt Kilde encore deuxi\u00e8me<\/h2>\n<p style=\"text-align: justify;\"><span style=\"font-weight: 400;\"><strong>Aleksander Aamodt Kilde<\/strong> a pris la deuxi\u00e8me place \u00e0 48 centi\u00e8mes malgr\u00e9 les meilleures premi\u00e8re et derni\u00e8re sections. Il a d\u00e9croch\u00e9 sa deuxi\u00e8me m\u00e9daille d&rsquo;argent de ces championnats du monde apr\u00e8s celle en Super-G.\u00a0<\/span><\/p>\n<p style=\"text-align: justify;\"><span style=\"font-weight: 400;\">Ensuite, <strong>Cameron Alexander<\/strong> a compl\u00e9t\u00e9 le podium avec quelques fautes, mais avec beaucoup d&rsquo;engagement \u00e0 89 centi\u00e8mes d&rsquo;Odermatt, devant <strong>Marco Schwarz<\/strong>, quatri\u00e8me \u00e0 93 centi\u00e8mes. Alexander \u00e9tait bless\u00e9 en d\u00e9but de saison \u00e0 cause d&rsquo;un genou cass\u00e9. Puis, le champion du monde de Super-G <strong>James Crawford<\/strong> a c\u00e9d\u00e9 1.01 pour le cinqui\u00e8me rang\u00a0<\/span><\/p>\n<h2 style=\"text-align: justify;\">Maxence Muzaton proche de l&rsquo;exploit<\/h2>\n<p style=\"text-align: justify;\"><span style=\"font-weight: 400;\">Auteur d&rsquo;une premi\u00e8re minute de folie, <strong>Maxence Muzaton<\/strong> a perdu trop de temps sur le bas pour terminer sixi\u00e8me \u00e0 1.08. Muzaton a particip\u00e9 \u00e0 cette descente gr\u00e2ce \u00e0 la blessure au dos de Cyprien Sarrazin. Par la suite, <strong>Johan Clarey<\/strong> a pein\u00e9 sur le haut du trac\u00e9 avant d&rsquo;\u00e9lever le niveau dans le Mur de la Bux. Malheureusement, le vice-champion olympique a fini \u00e0 1.89. Malade,\u00a0<strong>Adrien Th\u00e9aux<\/strong> a commis une faute au S des Arolles et a termin\u00e9 tr\u00e8s loin \u00e0 3.46.\u00a0<\/span><\/p>\n<blockquote class=\"twitter-tweet\">\n<p dir=\"ltr\" lang=\"fr\">\u26f7 <a href=\"https:\/\/twitter.com\/hashtag\/CourchevelM%C3%A9ribel2023?src=hash&amp;ref_src=twsrc%5Etfw\">#CourchevelM\u00e9ribel2023<\/a> | \u00c9norme Maxence Muzaton ! Longtemps dans le coup pour la m\u00e9daille, le Fran\u00e7ais r\u00e9alise sa meilleure descente de l&rsquo;hiver et termine 6\u00e8me, \u00e0 15 centi\u00e8mes du podium !<\/p>\n<p>\ud83d\udd34 Le direct \u25ba <a href=\"https:\/\/t.co\/zczgXeqIRK\">https:\/\/t.co\/zczgXeqIRK<\/a> <a href=\"https:\/\/t.co\/TLijVzTYb0\">pic.twitter.com\/TLijVzTYb0<\/a><\/p>\n<p>\u2014 francetvsport (@francetvsport) <a href=\"https:\/\/twitter.com\/francetvsport\/status\/1624727210337701888?ref_src=twsrc%5Etfw\">February 12, 2023<\/a><\/p><\/blockquote>\n<p><script async src=\"https:\/\/platform.twitter.com\/widgets.js\" charset=\"utf-8\"><\/script><\/p>\n<h2 style=\"text-align: justify;\">\u00c0 lire aussi<\/h2>\n<ul>\n<li style=\"text-align: justify;\"><a href=\"https:\/\/dicodusport.fr\/blog\/mondiaux-ski-alpin-2023-classement-descente-hommes\/\"><strong>Classement de la descente hommes<\/strong><\/a><\/li>\n<li style=\"text-align: justify;\"><a href=\"https:\/\/dicodusport.fr\/blog\/championnats-du-monde-ski-alpin-2023-programme-et-resultats\/\"><strong>Programme et r\u00e9sultats des championnats du monde de ski alpin<\/strong><\/a><\/li>\n<li style=\"text-align: justify;\"><a href=\"https:\/\/dicodusport.fr\/blog\/tableau-des-medailles-championnats-du-monde-ski-alpin-2023\/\"><strong>Le tableau des m\u00e9dailles des Mondiaux de ski alpin<\/strong><\/a><\/li>\n<\/ul>\n","protected":false},"excerpt":{"rendered":"<p>CHAMPIONNATS DU MONDE DE SKI ALPIN 2023 &#8211; Au lendemain du titre de Jasmine Flury chez les dames, la Suisse a remport\u00e9 un nouveau titre mondial \u00e0 M\u00e9ribel-Courchevel. Marco Odermatt est devenu champion du monde de descente, ce dimanche. Il a devanc\u00e9 Aleksander Aamodt Kilde et Cameron Alexander.\u00a0<\/p>\n","protected":false},"author":48,"featured_media":354833,"comment_status":"open","ping_status":"closed","sticky":false,"template":"","format":"standard","meta":{"_acf_changed":false,"_daextam_enable_autolinks":"","footnotes":""},"categories":[47083],"tags":[13645,16878,15042,24],"class_list":["post-354774","post","type-post","status-publish","format-standard","has-post-thumbnail","hentry","category-championnats-du-monde-ski-alpin","tag-aleksander-aamodt-kilde","tag-breve","tag-marco-odermatt","tag-sport"],"acf":[],"yoast_head":"<!-- This site is optimized with the Yoast SEO Premium plugin v26.7 (Yoast SEO v26.7) - https:\/\/yoast.com\/wordpress\/plugins\/seo\/ -->\n<title>Mondiaux ski alpin 2023 : Marco Odermatt champion du monde de la descente<\/title>\n<meta name=\"description\" content=\"CHAMPIONNATS DU MONDE DE SKI ALPIN 2023 - Marco Odermatt a \u00e9t\u00e9 sacr\u00e9 champion du monde de descente, ce dimanche.\" \/>\n<meta name=\"robots\" content=\"index, follow, max-snippet:-1, max-image-preview:large, max-video-preview:-1\" \/>\n<link rel=\"canonical\" href=\"https:\/\/dicodusport.fr\/blog\/mondiaux-ski-alpin-2023-marco-odermatt-champion-du-monde-de-la-descente\/\" \/>\n<meta property=\"og:locale\" content=\"fr_FR\" \/>\n<meta property=\"og:type\" content=\"article\" \/>\n<meta property=\"og:title\" content=\"Mondiaux ski alpin 2023 : Marco Odermatt champion du monde de la descente\" \/>\n<meta property=\"og:description\" content=\"CHAMPIONNATS DU MONDE DE SKI ALPIN 2023 - Marco Odermatt a \u00e9t\u00e9 sacr\u00e9 champion du monde de descente, ce dimanche.\" \/>\n<meta property=\"og:url\" content=\"https:\/\/dicodusport.fr\/blog\/mondiaux-ski-alpin-2023-marco-odermatt-champion-du-monde-de-la-descente\/\" \/>\n<meta property=\"og:site_name\" content=\"Dicodusport\" \/>\n<meta property=\"article:publisher\" content=\"https:\/\/www.facebook.com\/dicodusport\" \/>\n<meta property=\"article:author\" content=\"https:\/\/www.facebook.com\/groups\/LesRoisDuPeloton\" \/>\n<meta property=\"article:published_time\" content=\"2023-02-12T11:11:51+00:00\" \/>\n<meta property=\"article:modified_time\" content=\"2023-02-12T13:45:35+00:00\" \/>\n<meta property=\"og:image\" content=\"https:\/\/dicodusport.fr\/blog\/wp-content\/uploads\/2023\/02\/Mondiaux-ski-alpin-2023-Marco-Odermatt-champion-du-monde-de-la-descente.png\" \/>\n\t<meta property=\"og:image:width\" content=\"800\" \/>\n\t<meta property=\"og:image:height\" content=\"445\" \/>\n\t<meta property=\"og:image:type\" content=\"image\/png\" \/>\n<meta name=\"author\" content=\"Emilien Descampiaux\" \/>\n<meta name=\"twitter:card\" content=\"summary_large_image\" \/>\n<meta name=\"twitter:title\" content=\"Mondiaux ski alpin 2023 : Marco Odermatt champion du monde de la descente\" \/>\n<meta name=\"twitter:creator\" content=\"@https:\/\/twitter.com\/LRoisDuPeloton\" \/>\n<meta name=\"twitter:site\" content=\"@dicodusport\" \/>\n<script type=\"application\/ld+json\" class=\"yoast-schema-graph\">{\"@context\":\"https:\/\/schema.org\",\"@graph\":[{\"@type\":\"NewsArticle\",\"@id\":\"https:\/\/dicodusport.fr\/blog\/mondiaux-ski-alpin-2023-marco-odermatt-champion-du-monde-de-la-descente\/#article\",\"isPartOf\":{\"@id\":\"https:\/\/dicodusport.fr\/blog\/mondiaux-ski-alpin-2023-marco-odermatt-champion-du-monde-de-la-descente\/\"},\"author\":{\"name\":\"Emilien Descampiaux\",\"@id\":\"https:\/\/dicodusport.fr\/blog\/#\/schema\/person\/6db4bae06b171592211be385b32876a7\"},\"headline\":\"Mondiaux ski alpin 2023 : Marco Odermatt champion du monde de la descente\",\"datePublished\":\"2023-02-12T11:11:51+00:00\",\"dateModified\":\"2023-02-12T13:45:35+00:00\",\"mainEntityOfPage\":{\"@id\":\"https:\/\/dicodusport.fr\/blog\/mondiaux-ski-alpin-2023-marco-odermatt-champion-du-monde-de-la-descente\/\"},\"wordCount\":548,\"commentCount\":0,\"publisher\":{\"@id\":\"https:\/\/dicodusport.fr\/blog\/#organization\"},\"image\":{\"@id\":\"https:\/\/dicodusport.fr\/blog\/mondiaux-ski-alpin-2023-marco-odermatt-champion-du-monde-de-la-descente\/#primaryimage\"},\"thumbnailUrl\":\"https:\/\/dicodusport.fr\/blog\/wp-content\/uploads\/2023\/02\/Mondiaux-ski-alpin-2023-Marco-Odermatt-champion-du-monde-de-la-descente.png\",\"keywords\":[\"Aleksander Aamodt Kilde\",\"br\u00e8ve\",\"Marco Odermatt\",\"sport\"],\"articleSection\":[\"Championnats du monde de ski alpin\"],\"inLanguage\":\"fr-FR\",\"potentialAction\":[{\"@type\":\"CommentAction\",\"name\":\"Comment\",\"target\":[\"https:\/\/dicodusport.fr\/blog\/mondiaux-ski-alpin-2023-marco-odermatt-champion-du-monde-de-la-descente\/#respond\"]}],\"copyrightYear\":\"2023\",\"copyrightHolder\":{\"@id\":\"https:\/\/dicodusport.fr\/blog\/#organization\"}},{\"@type\":\"WebPage\",\"@id\":\"https:\/\/dicodusport.fr\/blog\/mondiaux-ski-alpin-2023-marco-odermatt-champion-du-monde-de-la-descente\/\",\"url\":\"https:\/\/dicodusport.fr\/blog\/mondiaux-ski-alpin-2023-marco-odermatt-champion-du-monde-de-la-descente\/\",\"name\":\"Mondiaux ski alpin 2023 : Marco Odermatt champion du monde de la descente\",\"isPartOf\":{\"@id\":\"https:\/\/dicodusport.fr\/blog\/#website\"},\"primaryImageOfPage\":{\"@id\":\"https:\/\/dicodusport.fr\/blog\/mondiaux-ski-alpin-2023-marco-odermatt-champion-du-monde-de-la-descente\/#primaryimage\"},\"image\":{\"@id\":\"https:\/\/dicodusport.fr\/blog\/mondiaux-ski-alpin-2023-marco-odermatt-champion-du-monde-de-la-descente\/#primaryimage\"},\"thumbnailUrl\":\"https:\/\/dicodusport.fr\/blog\/wp-content\/uploads\/2023\/02\/Mondiaux-ski-alpin-2023-Marco-Odermatt-champion-du-monde-de-la-descente.png\",\"datePublished\":\"2023-02-12T11:11:51+00:00\",\"dateModified\":\"2023-02-12T13:45:35+00:00\",\"description\":\"CHAMPIONNATS DU MONDE DE SKI ALPIN 2023 - Marco Odermatt a \u00e9t\u00e9 sacr\u00e9 champion du monde de descente, ce dimanche.\",\"breadcrumb\":{\"@id\":\"https:\/\/dicodusport.fr\/blog\/mondiaux-ski-alpin-2023-marco-odermatt-champion-du-monde-de-la-descente\/#breadcrumb\"},\"inLanguage\":\"fr-FR\",\"potentialAction\":[{\"@type\":\"ReadAction\",\"target\":[\"https:\/\/dicodusport.fr\/blog\/mondiaux-ski-alpin-2023-marco-odermatt-champion-du-monde-de-la-descente\/\"]}]},{\"@type\":\"ImageObject\",\"inLanguage\":\"fr-FR\",\"@id\":\"https:\/\/dicodusport.fr\/blog\/mondiaux-ski-alpin-2023-marco-odermatt-champion-du-monde-de-la-descente\/#primaryimage\",\"url\":\"https:\/\/dicodusport.fr\/blog\/wp-content\/uploads\/2023\/02\/Mondiaux-ski-alpin-2023-Marco-Odermatt-champion-du-monde-de-la-descente.png\",\"contentUrl\":\"https:\/\/dicodusport.fr\/blog\/wp-content\/uploads\/2023\/02\/Mondiaux-ski-alpin-2023-Marco-Odermatt-champion-du-monde-de-la-descente.png\",\"width\":800,\"height\":445,\"caption\":\"Mondiaux ski alpin 2023 Marco Odermatt champion du monde de la descente\"},{\"@type\":\"BreadcrumbList\",\"@id\":\"https:\/\/dicodusport.fr\/blog\/mondiaux-ski-alpin-2023-marco-odermatt-champion-du-monde-de-la-descente\/#breadcrumb\",\"itemListElement\":[{\"@type\":\"ListItem\",\"position\":1,\"name\":\"Accueil\",\"item\":\"https:\/\/dicodusport.fr\/blog\/\"},{\"@type\":\"ListItem\",\"position\":2,\"name\":\"Mondiaux ski alpin 2023 : Marco Odermatt champion du monde de la descente\"}]},{\"@type\":\"WebSite\",\"@id\":\"https:\/\/dicodusport.fr\/blog\/#website\",\"url\":\"https:\/\/dicodusport.fr\/blog\/\",\"name\":\"Dicodusport\",\"description\":\"L&#039;encyclop\u00e9die de l&#039;actualit\u00e9 sportive\",\"publisher\":{\"@id\":\"https:\/\/dicodusport.fr\/blog\/#organization\"},\"potentialAction\":[{\"@type\":\"SearchAction\",\"target\":{\"@type\":\"EntryPoint\",\"urlTemplate\":\"https:\/\/dicodusport.fr\/blog\/?s={search_term_string}\"},\"query-input\":{\"@type\":\"PropertyValueSpecification\",\"valueRequired\":true,\"valueName\":\"search_term_string\"}}],\"inLanguage\":\"fr-FR\"},{\"@type\":\"NewsMediaOrganization\",\"@id\":\"https:\/\/dicodusport.fr\/blog\/#organization\",\"name\":\"Dicodusport\",\"url\":\"https:\/\/dicodusport.fr\/blog\/\",\"logo\":{\"@type\":\"ImageObject\",\"inLanguage\":\"fr-FR\",\"@id\":\"https:\/\/dicodusport.fr\/blog\/#\/schema\/logo\/image\/\",\"url\":\"https:\/\/dicodusport.fr\/blog\/wp-content\/uploads\/2020\/06\/cropped-LOGO-DICODUSPORT-2020-SANS-FOND-SANS-TEXTE.png\",\"contentUrl\":\"https:\/\/dicodusport.fr\/blog\/wp-content\/uploads\/2020\/06\/cropped-LOGO-DICODUSPORT-2020-SANS-FOND-SANS-TEXTE.png\",\"width\":512,\"height\":512,\"caption\":\"Dicodusport\"},\"image\":{\"@id\":\"https:\/\/dicodusport.fr\/blog\/#\/schema\/logo\/image\/\"},\"sameAs\":[\"https:\/\/www.facebook.com\/dicodusport\",\"https:\/\/x.com\/dicodusport\",\"https:\/\/www.instagram.com\/dicodusport\/\",\"https:\/\/www.youtube.com\/channel\/UC7V2KZ5sd3htJivAbA4ZG3w\"],\"description\":\"Dicodusport est l'encyclop\u00e9die de l'actualit\u00e9 sportive.\",\"email\":\"bonjour@dicodusport.fr\",\"legalName\":\"DICODUSPORT\",\"foundingDate\":\"2018-01-14\",\"vatID\":\"FR71834470973\",\"taxID\":\"83447097300043\",\"numberOfEmployees\":{\"@type\":\"QuantitativeValue\",\"minValue\":\"1\",\"maxValue\":\"10\"}},{\"@type\":\"Person\",\"@id\":\"https:\/\/dicodusport.fr\/blog\/#\/schema\/person\/6db4bae06b171592211be385b32876a7\",\"name\":\"Emilien Descampiaux\",\"image\":{\"@type\":\"ImageObject\",\"inLanguage\":\"fr-FR\",\"@id\":\"https:\/\/dicodusport.fr\/blog\/#\/schema\/person\/image\/\",\"url\":\"https:\/\/dicodusport.fr\/blog\/wp-content\/uploads\/2021\/05\/Emilien-Descampiaux-150x150.jpg\",\"contentUrl\":\"https:\/\/dicodusport.fr\/blog\/wp-content\/uploads\/2021\/05\/Emilien-Descampiaux-150x150.jpg\",\"caption\":\"Emilien Descampiaux\"},\"description\":\"Journaliste\/r\u00e9dacteur depuis 2014 - Fan de la classe de Frank Vandenbroucke, je vis cyclisme (et de ses paysages) depuis plus de 20 ans. Je suis tr\u00e8s impliqu\u00e9 sur mes diff\u00e9rents r\u00e9seaux sociaux pour partager ma passion sur le monde et l'Histoire de la bicyclette avec ma voix sur les images en noir et blanc du succ\u00e8s de Rik Van Steenbergen lors du Ronde sur le V\u00e9lodrome de Gand.\",\"sameAs\":[\"https:\/\/www.facebook.com\/groups\/LesRoisDuPeloton\",\"https:\/\/x.com\/https:\/\/twitter.com\/LRoisDuPeloton\"],\"url\":\"https:\/\/dicodusport.fr\/blog\/author\/emiliend\/\"}]}<\/script>\n<!-- \/ Yoast SEO Premium plugin. -->","yoast_head_json":{"title":"Mondiaux ski alpin 2023 : Marco Odermatt champion du monde de la descente","description":"CHAMPIONNATS DU MONDE DE SKI ALPIN 2023 - Marco Odermatt a \u00e9t\u00e9 sacr\u00e9 champion du monde de descente, ce dimanche.","robots":{"index":"index","follow":"follow","max-snippet":"max-snippet:-1","max-image-preview":"max-image-preview:large","max-video-preview":"max-video-preview:-1"},"canonical":"https:\/\/dicodusport.fr\/blog\/mondiaux-ski-alpin-2023-marco-odermatt-champion-du-monde-de-la-descente\/","og_locale":"fr_FR","og_type":"article","og_title":"Mondiaux ski alpin 2023 : Marco Odermatt champion du monde de la descente","og_description":"CHAMPIONNATS DU MONDE DE SKI ALPIN 2023 - Marco Odermatt a \u00e9t\u00e9 sacr\u00e9 champion du monde de descente, ce dimanche.","og_url":"https:\/\/dicodusport.fr\/blog\/mondiaux-ski-alpin-2023-marco-odermatt-champion-du-monde-de-la-descente\/","og_site_name":"Dicodusport","article_publisher":"https:\/\/www.facebook.com\/dicodusport","article_author":"https:\/\/www.facebook.com\/groups\/LesRoisDuPeloton","article_published_time":"2023-02-12T11:11:51+00:00","article_modified_time":"2023-02-12T13:45:35+00:00","og_image":[{"width":800,"height":445,"url":"https:\/\/dicodusport.fr\/blog\/wp-content\/uploads\/2023\/02\/Mondiaux-ski-alpin-2023-Marco-Odermatt-champion-du-monde-de-la-descente.png","type":"image\/png"}],"author":"Emilien Descampiaux","twitter_card":"summary_large_image","twitter_title":"Mondiaux ski alpin 2023 : Marco Odermatt champion du monde de la descente","twitter_creator":"@https:\/\/twitter.com\/LRoisDuPeloton","twitter_site":"@dicodusport","schema":{"@context":"https:\/\/schema.org","@graph":[{"@type":"NewsArticle","@id":"https:\/\/dicodusport.fr\/blog\/mondiaux-ski-alpin-2023-marco-odermatt-champion-du-monde-de-la-descente\/#article","isPartOf":{"@id":"https:\/\/dicodusport.fr\/blog\/mondiaux-ski-alpin-2023-marco-odermatt-champion-du-monde-de-la-descente\/"},"author":{"name":"Emilien Descampiaux","@id":"https:\/\/dicodusport.fr\/blog\/#\/schema\/person\/6db4bae06b171592211be385b32876a7"},"headline":"Mondiaux ski alpin 2023 : Marco Odermatt champion du monde de la descente","datePublished":"2023-02-12T11:11:51+00:00","dateModified":"2023-02-12T13:45:35+00:00","mainEntityOfPage":{"@id":"https:\/\/dicodusport.fr\/blog\/mondiaux-ski-alpin-2023-marco-odermatt-champion-du-monde-de-la-descente\/"},"wordCount":548,"commentCount":0,"publisher":{"@id":"https:\/\/dicodusport.fr\/blog\/#organization"},"image":{"@id":"https:\/\/dicodusport.fr\/blog\/mondiaux-ski-alpin-2023-marco-odermatt-champion-du-monde-de-la-descente\/#primaryimage"},"thumbnailUrl":"https:\/\/dicodusport.fr\/blog\/wp-content\/uploads\/2023\/02\/Mondiaux-ski-alpin-2023-Marco-Odermatt-champion-du-monde-de-la-descente.png","keywords":["Aleksander Aamodt Kilde","br\u00e8ve","Marco Odermatt","sport"],"articleSection":["Championnats du monde de ski alpin"],"inLanguage":"fr-FR","potentialAction":[{"@type":"CommentAction","name":"Comment","target":["https:\/\/dicodusport.fr\/blog\/mondiaux-ski-alpin-2023-marco-odermatt-champion-du-monde-de-la-descente\/#respond"]}],"copyrightYear":"2023","copyrightHolder":{"@id":"https:\/\/dicodusport.fr\/blog\/#organization"}},{"@type":"WebPage","@id":"https:\/\/dicodusport.fr\/blog\/mondiaux-ski-alpin-2023-marco-odermatt-champion-du-monde-de-la-descente\/","url":"https:\/\/dicodusport.fr\/blog\/mondiaux-ski-alpin-2023-marco-odermatt-champion-du-monde-de-la-descente\/","name":"Mondiaux ski alpin 2023 : Marco Odermatt champion du monde de la descente","isPartOf":{"@id":"https:\/\/dicodusport.fr\/blog\/#website"},"primaryImageOfPage":{"@id":"https:\/\/dicodusport.fr\/blog\/mondiaux-ski-alpin-2023-marco-odermatt-champion-du-monde-de-la-descente\/#primaryimage"},"image":{"@id":"https:\/\/dicodusport.fr\/blog\/mondiaux-ski-alpin-2023-marco-odermatt-champion-du-monde-de-la-descente\/#primaryimage"},"thumbnailUrl":"https:\/\/dicodusport.fr\/blog\/wp-content\/uploads\/2023\/02\/Mondiaux-ski-alpin-2023-Marco-Odermatt-champion-du-monde-de-la-descente.png","datePublished":"2023-02-12T11:11:51+00:00","dateModified":"2023-02-12T13:45:35+00:00","description":"CHAMPIONNATS DU MONDE DE SKI ALPIN 2023 - Marco Odermatt a \u00e9t\u00e9 sacr\u00e9 champion du monde de descente, ce dimanche.","breadcrumb":{"@id":"https:\/\/dicodusport.fr\/blog\/mondiaux-ski-alpin-2023-marco-odermatt-champion-du-monde-de-la-descente\/#breadcrumb"},"inLanguage":"fr-FR","potentialAction":[{"@type":"ReadAction","target":["https:\/\/dicodusport.fr\/blog\/mondiaux-ski-alpin-2023-marco-odermatt-champion-du-monde-de-la-descente\/"]}]},{"@type":"ImageObject","inLanguage":"fr-FR","@id":"https:\/\/dicodusport.fr\/blog\/mondiaux-ski-alpin-2023-marco-odermatt-champion-du-monde-de-la-descente\/#primaryimage","url":"https:\/\/dicodusport.fr\/blog\/wp-content\/uploads\/2023\/02\/Mondiaux-ski-alpin-2023-Marco-Odermatt-champion-du-monde-de-la-descente.png","contentUrl":"https:\/\/dicodusport.fr\/blog\/wp-content\/uploads\/2023\/02\/Mondiaux-ski-alpin-2023-Marco-Odermatt-champion-du-monde-de-la-descente.png","width":800,"height":445,"caption":"Mondiaux ski alpin 2023 Marco Odermatt champion du monde de la descente"},{"@type":"BreadcrumbList","@id":"https:\/\/dicodusport.fr\/blog\/mondiaux-ski-alpin-2023-marco-odermatt-champion-du-monde-de-la-descente\/#breadcrumb","itemListElement":[{"@type":"ListItem","position":1,"name":"Accueil","item":"https:\/\/dicodusport.fr\/blog\/"},{"@type":"ListItem","position":2,"name":"Mondiaux ski alpin 2023 : Marco Odermatt champion du monde de la descente"}]},{"@type":"WebSite","@id":"https:\/\/dicodusport.fr\/blog\/#website","url":"https:\/\/dicodusport.fr\/blog\/","name":"Dicodusport","description":"L&#039;encyclop\u00e9die de l&#039;actualit\u00e9 sportive","publisher":{"@id":"https:\/\/dicodusport.fr\/blog\/#organization"},"potentialAction":[{"@type":"SearchAction","target":{"@type":"EntryPoint","urlTemplate":"https:\/\/dicodusport.fr\/blog\/?s={search_term_string}"},"query-input":{"@type":"PropertyValueSpecification","valueRequired":true,"valueName":"search_term_string"}}],"inLanguage":"fr-FR"},{"@type":"NewsMediaOrganization","@id":"https:\/\/dicodusport.fr\/blog\/#organization","name":"Dicodusport","url":"https:\/\/dicodusport.fr\/blog\/","logo":{"@type":"ImageObject","inLanguage":"fr-FR","@id":"https:\/\/dicodusport.fr\/blog\/#\/schema\/logo\/image\/","url":"https:\/\/dicodusport.fr\/blog\/wp-content\/uploads\/2020\/06\/cropped-LOGO-DICODUSPORT-2020-SANS-FOND-SANS-TEXTE.png","contentUrl":"https:\/\/dicodusport.fr\/blog\/wp-content\/uploads\/2020\/06\/cropped-LOGO-DICODUSPORT-2020-SANS-FOND-SANS-TEXTE.png","width":512,"height":512,"caption":"Dicodusport"},"image":{"@id":"https:\/\/dicodusport.fr\/blog\/#\/schema\/logo\/image\/"},"sameAs":["https:\/\/www.facebook.com\/dicodusport","https:\/\/x.com\/dicodusport","https:\/\/www.instagram.com\/dicodusport\/","https:\/\/www.youtube.com\/channel\/UC7V2KZ5sd3htJivAbA4ZG3w"],"description":"Dicodusport est l'encyclop\u00e9die de l'actualit\u00e9 sportive.","email":"bonjour@dicodusport.fr","legalName":"DICODUSPORT","foundingDate":"2018-01-14","vatID":"FR71834470973","taxID":"83447097300043","numberOfEmployees":{"@type":"QuantitativeValue","minValue":"1","maxValue":"10"}},{"@type":"Person","@id":"https:\/\/dicodusport.fr\/blog\/#\/schema\/person\/6db4bae06b171592211be385b32876a7","name":"Emilien Descampiaux","image":{"@type":"ImageObject","inLanguage":"fr-FR","@id":"https:\/\/dicodusport.fr\/blog\/#\/schema\/person\/image\/","url":"https:\/\/dicodusport.fr\/blog\/wp-content\/uploads\/2021\/05\/Emilien-Descampiaux-150x150.jpg","contentUrl":"https:\/\/dicodusport.fr\/blog\/wp-content\/uploads\/2021\/05\/Emilien-Descampiaux-150x150.jpg","caption":"Emilien Descampiaux"},"description":"Journaliste\/r\u00e9dacteur depuis 2014 - Fan de la classe de Frank Vandenbroucke, je vis cyclisme (et de ses paysages) depuis plus de 20 ans. Je suis tr\u00e8s impliqu\u00e9 sur mes diff\u00e9rents r\u00e9seaux sociaux pour partager ma passion sur le monde et l'Histoire de la bicyclette avec ma voix sur les images en noir et blanc du succ\u00e8s de Rik Van Steenbergen lors du Ronde sur le V\u00e9lodrome de Gand.","sameAs":["https:\/\/www.facebook.com\/groups\/LesRoisDuPeloton","https:\/\/x.com\/https:\/\/twitter.com\/LRoisDuPeloton"],"url":"https:\/\/dicodusport.fr\/blog\/author\/emiliend\/"}]}},"_links":{"self":[{"href":"https:\/\/dicodusport.fr\/blog\/wp-json\/wp\/v2\/posts\/354774","targetHints":{"allow":["GET"]}}],"collection":[{"href":"https:\/\/dicodusport.fr\/blog\/wp-json\/wp\/v2\/posts"}],"about":[{"href":"https:\/\/dicodusport.fr\/blog\/wp-json\/wp\/v2\/types\/post"}],"author":[{"embeddable":true,"href":"https:\/\/dicodusport.fr\/blog\/wp-json\/wp\/v2\/users\/48"}],"replies":[{"embeddable":true,"href":"https:\/\/dicodusport.fr\/blog\/wp-json\/wp\/v2\/comments?post=354774"}],"version-history":[{"count":0,"href":"https:\/\/dicodusport.fr\/blog\/wp-json\/wp\/v2\/posts\/354774\/revisions"}],"wp:featuredmedia":[{"embeddable":true,"href":"https:\/\/dicodusport.fr\/blog\/wp-json\/wp\/v2\/media\/354833"}],"wp:attachment":[{"href":"https:\/\/dicodusport.fr\/blog\/wp-json\/wp\/v2\/media?parent=354774"}],"wp:term":[{"taxonomy":"category","embeddable":true,"href":"https:\/\/dicodusport.fr\/blog\/wp-json\/wp\/v2\/categories?post=354774"},{"taxonomy":"post_tag","embeddable":true,"href":"https:\/\/dicodusport.fr\/blog\/wp-json\/wp\/v2\/tags?post=354774"}],"curies":[{"name":"wp","href":"https:\/\/api.w.org\/{rel}","templated":true}]}}