{"id":354794,"date":"2023-02-12T10:52:04","date_gmt":"2023-02-12T09:52:04","guid":{"rendered":"https:\/\/dicodusport.fr\/blog\/?p=354794&#038;preview=true&#038;preview_id=354794"},"modified":"2023-02-12T11:48:01","modified_gmt":"2023-02-12T10:48:01","slug":"jimmy-gressier-reprend-le-record-deurope-du-5-kilometres","status":"publish","type":"post","link":"https:\/\/dicodusport.fr\/blog\/jimmy-gressier-reprend-le-record-deurope-du-5-kilometres\/","title":{"rendered":"Jimmy Gressier reprend le record d&rsquo;Europe du 5 kilom\u00e8tres"},"content":{"rendered":"<p align=\"justify\"><em><strong>ATHL\u00c9TISME &#8211; Le Fran\u00e7ais Jimmy Gressier a repris le record d&rsquo;Europe du 5 kilom\u00e8tres ce dimanche \u00e0 Monaco, avec un temps de 13 minutes 12 secondes.<\/strong><\/em><\/p>\n<p align=\"justify\">Tout juste de retour d&rsquo;un stage au Kenya, <strong>Jimmy<\/strong> <strong>Gressier<\/strong> frappe fort avec le record d&rsquo;Europe du cinq kilom\u00e8tres, qui lui appartenait d\u00e9j\u00e0 il y a quelques mois. Le 30 avril 2022, <strong>Yemaneberhan<\/strong> <strong>Crippa<\/strong> avait pris ce record d&rsquo;Europe en claquant un temps de 13 minutes et 14 secondes. \u00c0 <strong>Monaco<\/strong> ce dimanche, <strong>Jimmy<\/strong> <strong>Gressier<\/strong> a am\u00e9lior\u00e9 la marque de deux secondes, avec un temps de 13 minutes et 12 secondes. Cela repr\u00e9sente une allure de 2 minutes et 28 secondes au kilom\u00e8tre. Le fondeur fran\u00e7ais a donc r\u00e9ussi sa rentr\u00e9e, avant de se tourner vers de nouveaux objectifs.<\/p>\n<blockquote class=\"twitter-tweet\">\n<p dir=\"ltr\" lang=\"fr\">1\ufe0f\u20e33\ufe0f\u20e3:1\ufe0f\u20e31\ufe0f\u20e3 \u203c\ufe0f RECORD D\u2019EUROPE du 5 kilom\u00e8tres pour notre star Jimmy Gressier (\ud83c\uddeb\ud83c\uddf7) \u00e0 l\u2019instant \u00e0 la Monaco Run ! Moyenne stratosph\u00e9rique de 2:38\/km \ud83d\udd25\ud83d\udd25 3 jours apr\u00e8s son retour de stage au Kenya \ud83d\udc4a <a href=\"https:\/\/t.co\/Mq05cjXu1k\">pic.twitter.com\/Mq05cjXu1k<\/a><\/p>\n<p>\u2014 RUN\u2019IX (@RUN_IX) <a href=\"https:\/\/twitter.com\/RUN_IX\/status\/1624700325465669635?ref_src=twsrc%5Etfw\">February 12, 2023<\/a><\/p><\/blockquote>\n<p><script async src=\"https:\/\/platform.twitter.com\/widgets.js\" charset=\"utf-8\"><\/script><\/p>\n","protected":false},"excerpt":{"rendered":"<p>ATHL\u00c9TISME &#8211; Le Fran\u00e7ais Jimmy Gressier a repris le record d&rsquo;Europe du 5 kilom\u00e8tres ce dimanche \u00e0 Monaco, avec un temps de 13 minutes 12 secondes.<\/p>\n","protected":false},"author":1,"featured_media":354800,"comment_status":"open","ping_status":"closed","sticky":false,"template":"","format":"standard","meta":{"_acf_changed":false,"_daextam_enable_autolinks":"","footnotes":""},"categories":[2308],"tags":[16878,6856],"class_list":["post-354794","post","type-post","status-publish","format-standard","has-post-thumbnail","hentry","category-athletisme","tag-breve","tag-jimmy-gressier"],"acf":[],"yoast_head":"<!-- This site is optimized with the Yoast SEO Premium plugin v26.7 (Yoast SEO v26.7) - https:\/\/yoast.com\/wordpress\/plugins\/seo\/ -->\n<title>Jimmy Gressier reprend le record d&#039;Europe du 5 kilom\u00e8tres<\/title>\n<meta name=\"description\" content=\"ATHL\u00c9TISME - Jimmy Gressier a repris le record d&#039;Europe du 5 kilom\u00e8tres ce dimanche \u00e0 Monaco avec un temps de 13 minutes 12 secondes.\" \/>\n<meta name=\"robots\" content=\"index, follow, max-snippet:-1, max-image-preview:large, max-video-preview:-1\" \/>\n<link rel=\"canonical\" href=\"https:\/\/dicodusport.fr\/blog\/jimmy-gressier-reprend-le-record-deurope-du-5-kilometres\/\" \/>\n<meta property=\"og:locale\" content=\"fr_FR\" \/>\n<meta property=\"og:type\" content=\"article\" \/>\n<meta property=\"og:title\" content=\"Jimmy Gressier reprend le record d&#039;Europe du 5 kilom\u00e8tres\" \/>\n<meta property=\"og:description\" content=\"ATHL\u00c9TISME - Jimmy Gressier a repris le record d&#039;Europe du 5 kilom\u00e8tres ce dimanche \u00e0 Monaco avec un temps de 13 minutes 12 secondes.\" \/>\n<meta property=\"og:url\" content=\"https:\/\/dicodusport.fr\/blog\/jimmy-gressier-reprend-le-record-deurope-du-5-kilometres\/\" \/>\n<meta property=\"og:site_name\" content=\"Dicodusport\" \/>\n<meta property=\"article:publisher\" content=\"https:\/\/www.facebook.com\/dicodusport\" \/>\n<meta property=\"article:author\" content=\"https:\/\/www.facebook.com\/dicodusport\" \/>\n<meta property=\"article:published_time\" content=\"2023-02-12T09:52:04+00:00\" \/>\n<meta property=\"article:modified_time\" content=\"2023-02-12T10:48:01+00:00\" \/>\n<meta property=\"og:image\" content=\"https:\/\/dicodusport.fr\/blog\/wp-content\/uploads\/2023\/02\/Jimmy-Gressier-reprend-le-record-dEurope-du-5-kilometres.png\" \/>\n\t<meta property=\"og:image:width\" content=\"800\" \/>\n\t<meta property=\"og:image:height\" content=\"445\" \/>\n\t<meta property=\"og:image:type\" content=\"image\/png\" \/>\n<meta name=\"author\" content=\"Nicolas Jacquemard\" \/>\n<meta name=\"twitter:card\" content=\"summary_large_image\" \/>\n<meta name=\"twitter:title\" content=\"Jimmy Gressier reprend le record d&#039;Europe du 5 kilom\u00e8tres\" \/>\n<meta name=\"twitter:creator\" content=\"@https:\/\/twitter.com\/Nico_Jacquemard\" \/>\n<meta name=\"twitter:site\" content=\"@dicodusport\" \/>\n<script type=\"application\/ld+json\" class=\"yoast-schema-graph\">{\"@context\":\"https:\/\/schema.org\",\"@graph\":[{\"@type\":\"NewsArticle\",\"@id\":\"https:\/\/dicodusport.fr\/blog\/jimmy-gressier-reprend-le-record-deurope-du-5-kilometres\/#article\",\"isPartOf\":{\"@id\":\"https:\/\/dicodusport.fr\/blog\/jimmy-gressier-reprend-le-record-deurope-du-5-kilometres\/\"},\"author\":{\"name\":\"Nicolas Jacquemard\",\"@id\":\"https:\/\/dicodusport.fr\/blog\/#\/schema\/person\/55dcb50ad410894e431ed812bbb70191\"},\"headline\":\"Jimmy Gressier reprend le record d&rsquo;Europe du 5 kilom\u00e8tres\",\"datePublished\":\"2023-02-12T09:52:04+00:00\",\"dateModified\":\"2023-02-12T10:48:01+00:00\",\"mainEntityOfPage\":{\"@id\":\"https:\/\/dicodusport.fr\/blog\/jimmy-gressier-reprend-le-record-deurope-du-5-kilometres\/\"},\"wordCount\":178,\"commentCount\":0,\"publisher\":{\"@id\":\"https:\/\/dicodusport.fr\/blog\/#organization\"},\"image\":{\"@id\":\"https:\/\/dicodusport.fr\/blog\/jimmy-gressier-reprend-le-record-deurope-du-5-kilometres\/#primaryimage\"},\"thumbnailUrl\":\"https:\/\/dicodusport.fr\/blog\/wp-content\/uploads\/2023\/02\/Jimmy-Gressier-reprend-le-record-dEurope-du-5-kilometres.png\",\"keywords\":[\"br\u00e8ve\",\"Jimmy Gressier\"],\"articleSection\":[\"Athl\u00e9tisme\"],\"inLanguage\":\"fr-FR\",\"potentialAction\":[{\"@type\":\"CommentAction\",\"name\":\"Comment\",\"target\":[\"https:\/\/dicodusport.fr\/blog\/jimmy-gressier-reprend-le-record-deurope-du-5-kilometres\/#respond\"]}],\"copyrightYear\":\"2023\",\"copyrightHolder\":{\"@id\":\"https:\/\/dicodusport.fr\/blog\/#organization\"}},{\"@type\":\"WebPage\",\"@id\":\"https:\/\/dicodusport.fr\/blog\/jimmy-gressier-reprend-le-record-deurope-du-5-kilometres\/\",\"url\":\"https:\/\/dicodusport.fr\/blog\/jimmy-gressier-reprend-le-record-deurope-du-5-kilometres\/\",\"name\":\"Jimmy Gressier reprend le record d'Europe du 5 kilom\u00e8tres\",\"isPartOf\":{\"@id\":\"https:\/\/dicodusport.fr\/blog\/#website\"},\"primaryImageOfPage\":{\"@id\":\"https:\/\/dicodusport.fr\/blog\/jimmy-gressier-reprend-le-record-deurope-du-5-kilometres\/#primaryimage\"},\"image\":{\"@id\":\"https:\/\/dicodusport.fr\/blog\/jimmy-gressier-reprend-le-record-deurope-du-5-kilometres\/#primaryimage\"},\"thumbnailUrl\":\"https:\/\/dicodusport.fr\/blog\/wp-content\/uploads\/2023\/02\/Jimmy-Gressier-reprend-le-record-dEurope-du-5-kilometres.png\",\"datePublished\":\"2023-02-12T09:52:04+00:00\",\"dateModified\":\"2023-02-12T10:48:01+00:00\",\"description\":\"ATHL\u00c9TISME - Jimmy Gressier a repris le record d'Europe du 5 kilom\u00e8tres ce dimanche \u00e0 Monaco avec un temps de 13 minutes 12 secondes.\",\"breadcrumb\":{\"@id\":\"https:\/\/dicodusport.fr\/blog\/jimmy-gressier-reprend-le-record-deurope-du-5-kilometres\/#breadcrumb\"},\"inLanguage\":\"fr-FR\",\"potentialAction\":[{\"@type\":\"ReadAction\",\"target\":[\"https:\/\/dicodusport.fr\/blog\/jimmy-gressier-reprend-le-record-deurope-du-5-kilometres\/\"]}]},{\"@type\":\"ImageObject\",\"inLanguage\":\"fr-FR\",\"@id\":\"https:\/\/dicodusport.fr\/blog\/jimmy-gressier-reprend-le-record-deurope-du-5-kilometres\/#primaryimage\",\"url\":\"https:\/\/dicodusport.fr\/blog\/wp-content\/uploads\/2023\/02\/Jimmy-Gressier-reprend-le-record-dEurope-du-5-kilometres.png\",\"contentUrl\":\"https:\/\/dicodusport.fr\/blog\/wp-content\/uploads\/2023\/02\/Jimmy-Gressier-reprend-le-record-dEurope-du-5-kilometres.png\",\"width\":800,\"height\":445},{\"@type\":\"BreadcrumbList\",\"@id\":\"https:\/\/dicodusport.fr\/blog\/jimmy-gressier-reprend-le-record-deurope-du-5-kilometres\/#breadcrumb\",\"itemListElement\":[{\"@type\":\"ListItem\",\"position\":1,\"name\":\"Accueil\",\"item\":\"https:\/\/dicodusport.fr\/blog\/\"},{\"@type\":\"ListItem\",\"position\":2,\"name\":\"Jimmy Gressier reprend le record d&rsquo;Europe du 5 kilom\u00e8tres\"}]},{\"@type\":\"WebSite\",\"@id\":\"https:\/\/dicodusport.fr\/blog\/#website\",\"url\":\"https:\/\/dicodusport.fr\/blog\/\",\"name\":\"Dicodusport\",\"description\":\"L&#039;encyclop\u00e9die de l&#039;actualit\u00e9 sportive\",\"publisher\":{\"@id\":\"https:\/\/dicodusport.fr\/blog\/#organization\"},\"potentialAction\":[{\"@type\":\"SearchAction\",\"target\":{\"@type\":\"EntryPoint\",\"urlTemplate\":\"https:\/\/dicodusport.fr\/blog\/?s={search_term_string}\"},\"query-input\":{\"@type\":\"PropertyValueSpecification\",\"valueRequired\":true,\"valueName\":\"search_term_string\"}}],\"inLanguage\":\"fr-FR\"},{\"@type\":\"NewsMediaOrganization\",\"@id\":\"https:\/\/dicodusport.fr\/blog\/#organization\",\"name\":\"Dicodusport\",\"url\":\"https:\/\/dicodusport.fr\/blog\/\",\"logo\":{\"@type\":\"ImageObject\",\"inLanguage\":\"fr-FR\",\"@id\":\"https:\/\/dicodusport.fr\/blog\/#\/schema\/logo\/image\/\",\"url\":\"https:\/\/dicodusport.fr\/blog\/wp-content\/uploads\/2020\/06\/cropped-LOGO-DICODUSPORT-2020-SANS-FOND-SANS-TEXTE.png\",\"contentUrl\":\"https:\/\/dicodusport.fr\/blog\/wp-content\/uploads\/2020\/06\/cropped-LOGO-DICODUSPORT-2020-SANS-FOND-SANS-TEXTE.png\",\"width\":512,\"height\":512,\"caption\":\"Dicodusport\"},\"image\":{\"@id\":\"https:\/\/dicodusport.fr\/blog\/#\/schema\/logo\/image\/\"},\"sameAs\":[\"https:\/\/www.facebook.com\/dicodusport\",\"https:\/\/x.com\/dicodusport\",\"https:\/\/www.instagram.com\/dicodusport\/\",\"https:\/\/www.youtube.com\/channel\/UC7V2KZ5sd3htJivAbA4ZG3w\"],\"description\":\"Dicodusport est l'encyclop\u00e9die de l'actualit\u00e9 sportive.\",\"email\":\"bonjour@dicodusport.fr\",\"legalName\":\"DICODUSPORT\",\"foundingDate\":\"2018-01-14\",\"vatID\":\"FR71834470973\",\"taxID\":\"83447097300043\",\"numberOfEmployees\":{\"@type\":\"QuantitativeValue\",\"minValue\":\"1\",\"maxValue\":\"10\"}},{\"@type\":\"Person\",\"@id\":\"https:\/\/dicodusport.fr\/blog\/#\/schema\/person\/55dcb50ad410894e431ed812bbb70191\",\"name\":\"Nicolas Jacquemard\",\"image\":{\"@type\":\"ImageObject\",\"inLanguage\":\"fr-FR\",\"@id\":\"https:\/\/dicodusport.fr\/blog\/#\/schema\/person\/image\/\",\"url\":\"https:\/\/dicodusport.fr\/blog\/wp-content\/uploads\/2021\/05\/Nicolas-Jacquemard-150x150.jpeg\",\"contentUrl\":\"https:\/\/dicodusport.fr\/blog\/wp-content\/uploads\/2021\/05\/Nicolas-Jacquemard-150x150.jpeg\",\"caption\":\"Nicolas Jacquemard\"},\"description\":\"Passionn\u00e9 de sport et entrepreneur depuis mes 18 ans, la cr\u00e9ation de Dicodusport m'a sembl\u00e9 \u00e9vidente pour participer \u00e0 la m\u00e9diatisation d'un plus grand nombre de sports. Le chemin est long mais avec une \u00e9quipe des plus motiv\u00e9es et les Jeux Olympiques de Paris 2024 en point de mire, nous y arriverons ! Journaliste dans le monde du sport depuis plus de 5 ans, je traite aussi bien de football, de rugby, de biathlon que de cyclisme.\",\"sameAs\":[\"https:\/\/www.facebook.com\/dicodusport\",\"https:\/\/x.com\/https:\/\/twitter.com\/Nico_Jacquemard\"],\"url\":\"https:\/\/dicodusport.fr\/blog\/author\/dicodusport\/\"}]}<\/script>\n<!-- \/ Yoast SEO Premium plugin. -->","yoast_head_json":{"title":"Jimmy Gressier reprend le record d'Europe du 5 kilom\u00e8tres","description":"ATHL\u00c9TISME - Jimmy Gressier a repris le record d'Europe du 5 kilom\u00e8tres ce dimanche \u00e0 Monaco avec un temps de 13 minutes 12 secondes.","robots":{"index":"index","follow":"follow","max-snippet":"max-snippet:-1","max-image-preview":"max-image-preview:large","max-video-preview":"max-video-preview:-1"},"canonical":"https:\/\/dicodusport.fr\/blog\/jimmy-gressier-reprend-le-record-deurope-du-5-kilometres\/","og_locale":"fr_FR","og_type":"article","og_title":"Jimmy Gressier reprend le record d'Europe du 5 kilom\u00e8tres","og_description":"ATHL\u00c9TISME - Jimmy Gressier a repris le record d'Europe du 5 kilom\u00e8tres ce dimanche \u00e0 Monaco avec un temps de 13 minutes 12 secondes.","og_url":"https:\/\/dicodusport.fr\/blog\/jimmy-gressier-reprend-le-record-deurope-du-5-kilometres\/","og_site_name":"Dicodusport","article_publisher":"https:\/\/www.facebook.com\/dicodusport","article_author":"https:\/\/www.facebook.com\/dicodusport","article_published_time":"2023-02-12T09:52:04+00:00","article_modified_time":"2023-02-12T10:48:01+00:00","og_image":[{"width":800,"height":445,"url":"https:\/\/dicodusport.fr\/blog\/wp-content\/uploads\/2023\/02\/Jimmy-Gressier-reprend-le-record-dEurope-du-5-kilometres.png","type":"image\/png"}],"author":"Nicolas Jacquemard","twitter_card":"summary_large_image","twitter_title":"Jimmy Gressier reprend le record d'Europe du 5 kilom\u00e8tres","twitter_creator":"@https:\/\/twitter.com\/Nico_Jacquemard","twitter_site":"@dicodusport","schema":{"@context":"https:\/\/schema.org","@graph":[{"@type":"NewsArticle","@id":"https:\/\/dicodusport.fr\/blog\/jimmy-gressier-reprend-le-record-deurope-du-5-kilometres\/#article","isPartOf":{"@id":"https:\/\/dicodusport.fr\/blog\/jimmy-gressier-reprend-le-record-deurope-du-5-kilometres\/"},"author":{"name":"Nicolas Jacquemard","@id":"https:\/\/dicodusport.fr\/blog\/#\/schema\/person\/55dcb50ad410894e431ed812bbb70191"},"headline":"Jimmy Gressier reprend le record d&rsquo;Europe du 5 kilom\u00e8tres","datePublished":"2023-02-12T09:52:04+00:00","dateModified":"2023-02-12T10:48:01+00:00","mainEntityOfPage":{"@id":"https:\/\/dicodusport.fr\/blog\/jimmy-gressier-reprend-le-record-deurope-du-5-kilometres\/"},"wordCount":178,"commentCount":0,"publisher":{"@id":"https:\/\/dicodusport.fr\/blog\/#organization"},"image":{"@id":"https:\/\/dicodusport.fr\/blog\/jimmy-gressier-reprend-le-record-deurope-du-5-kilometres\/#primaryimage"},"thumbnailUrl":"https:\/\/dicodusport.fr\/blog\/wp-content\/uploads\/2023\/02\/Jimmy-Gressier-reprend-le-record-dEurope-du-5-kilometres.png","keywords":["br\u00e8ve","Jimmy Gressier"],"articleSection":["Athl\u00e9tisme"],"inLanguage":"fr-FR","potentialAction":[{"@type":"CommentAction","name":"Comment","target":["https:\/\/dicodusport.fr\/blog\/jimmy-gressier-reprend-le-record-deurope-du-5-kilometres\/#respond"]}],"copyrightYear":"2023","copyrightHolder":{"@id":"https:\/\/dicodusport.fr\/blog\/#organization"}},{"@type":"WebPage","@id":"https:\/\/dicodusport.fr\/blog\/jimmy-gressier-reprend-le-record-deurope-du-5-kilometres\/","url":"https:\/\/dicodusport.fr\/blog\/jimmy-gressier-reprend-le-record-deurope-du-5-kilometres\/","name":"Jimmy Gressier reprend le record d'Europe du 5 kilom\u00e8tres","isPartOf":{"@id":"https:\/\/dicodusport.fr\/blog\/#website"},"primaryImageOfPage":{"@id":"https:\/\/dicodusport.fr\/blog\/jimmy-gressier-reprend-le-record-deurope-du-5-kilometres\/#primaryimage"},"image":{"@id":"https:\/\/dicodusport.fr\/blog\/jimmy-gressier-reprend-le-record-deurope-du-5-kilometres\/#primaryimage"},"thumbnailUrl":"https:\/\/dicodusport.fr\/blog\/wp-content\/uploads\/2023\/02\/Jimmy-Gressier-reprend-le-record-dEurope-du-5-kilometres.png","datePublished":"2023-02-12T09:52:04+00:00","dateModified":"2023-02-12T10:48:01+00:00","description":"ATHL\u00c9TISME - Jimmy Gressier a repris le record d'Europe du 5 kilom\u00e8tres ce dimanche \u00e0 Monaco avec un temps de 13 minutes 12 secondes.","breadcrumb":{"@id":"https:\/\/dicodusport.fr\/blog\/jimmy-gressier-reprend-le-record-deurope-du-5-kilometres\/#breadcrumb"},"inLanguage":"fr-FR","potentialAction":[{"@type":"ReadAction","target":["https:\/\/dicodusport.fr\/blog\/jimmy-gressier-reprend-le-record-deurope-du-5-kilometres\/"]}]},{"@type":"ImageObject","inLanguage":"fr-FR","@id":"https:\/\/dicodusport.fr\/blog\/jimmy-gressier-reprend-le-record-deurope-du-5-kilometres\/#primaryimage","url":"https:\/\/dicodusport.fr\/blog\/wp-content\/uploads\/2023\/02\/Jimmy-Gressier-reprend-le-record-dEurope-du-5-kilometres.png","contentUrl":"https:\/\/dicodusport.fr\/blog\/wp-content\/uploads\/2023\/02\/Jimmy-Gressier-reprend-le-record-dEurope-du-5-kilometres.png","width":800,"height":445},{"@type":"BreadcrumbList","@id":"https:\/\/dicodusport.fr\/blog\/jimmy-gressier-reprend-le-record-deurope-du-5-kilometres\/#breadcrumb","itemListElement":[{"@type":"ListItem","position":1,"name":"Accueil","item":"https:\/\/dicodusport.fr\/blog\/"},{"@type":"ListItem","position":2,"name":"Jimmy Gressier reprend le record d&rsquo;Europe du 5 kilom\u00e8tres"}]},{"@type":"WebSite","@id":"https:\/\/dicodusport.fr\/blog\/#website","url":"https:\/\/dicodusport.fr\/blog\/","name":"Dicodusport","description":"L&#039;encyclop\u00e9die de l&#039;actualit\u00e9 sportive","publisher":{"@id":"https:\/\/dicodusport.fr\/blog\/#organization"},"potentialAction":[{"@type":"SearchAction","target":{"@type":"EntryPoint","urlTemplate":"https:\/\/dicodusport.fr\/blog\/?s={search_term_string}"},"query-input":{"@type":"PropertyValueSpecification","valueRequired":true,"valueName":"search_term_string"}}],"inLanguage":"fr-FR"},{"@type":"NewsMediaOrganization","@id":"https:\/\/dicodusport.fr\/blog\/#organization","name":"Dicodusport","url":"https:\/\/dicodusport.fr\/blog\/","logo":{"@type":"ImageObject","inLanguage":"fr-FR","@id":"https:\/\/dicodusport.fr\/blog\/#\/schema\/logo\/image\/","url":"https:\/\/dicodusport.fr\/blog\/wp-content\/uploads\/2020\/06\/cropped-LOGO-DICODUSPORT-2020-SANS-FOND-SANS-TEXTE.png","contentUrl":"https:\/\/dicodusport.fr\/blog\/wp-content\/uploads\/2020\/06\/cropped-LOGO-DICODUSPORT-2020-SANS-FOND-SANS-TEXTE.png","width":512,"height":512,"caption":"Dicodusport"},"image":{"@id":"https:\/\/dicodusport.fr\/blog\/#\/schema\/logo\/image\/"},"sameAs":["https:\/\/www.facebook.com\/dicodusport","https:\/\/x.com\/dicodusport","https:\/\/www.instagram.com\/dicodusport\/","https:\/\/www.youtube.com\/channel\/UC7V2KZ5sd3htJivAbA4ZG3w"],"description":"Dicodusport est l'encyclop\u00e9die de l'actualit\u00e9 sportive.","email":"bonjour@dicodusport.fr","legalName":"DICODUSPORT","foundingDate":"2018-01-14","vatID":"FR71834470973","taxID":"83447097300043","numberOfEmployees":{"@type":"QuantitativeValue","minValue":"1","maxValue":"10"}},{"@type":"Person","@id":"https:\/\/dicodusport.fr\/blog\/#\/schema\/person\/55dcb50ad410894e431ed812bbb70191","name":"Nicolas Jacquemard","image":{"@type":"ImageObject","inLanguage":"fr-FR","@id":"https:\/\/dicodusport.fr\/blog\/#\/schema\/person\/image\/","url":"https:\/\/dicodusport.fr\/blog\/wp-content\/uploads\/2021\/05\/Nicolas-Jacquemard-150x150.jpeg","contentUrl":"https:\/\/dicodusport.fr\/blog\/wp-content\/uploads\/2021\/05\/Nicolas-Jacquemard-150x150.jpeg","caption":"Nicolas Jacquemard"},"description":"Passionn\u00e9 de sport et entrepreneur depuis mes 18 ans, la cr\u00e9ation de Dicodusport m'a sembl\u00e9 \u00e9vidente pour participer \u00e0 la m\u00e9diatisation d'un plus grand nombre de sports. Le chemin est long mais avec une \u00e9quipe des plus motiv\u00e9es et les Jeux Olympiques de Paris 2024 en point de mire, nous y arriverons ! Journaliste dans le monde du sport depuis plus de 5 ans, je traite aussi bien de football, de rugby, de biathlon que de cyclisme.","sameAs":["https:\/\/www.facebook.com\/dicodusport","https:\/\/x.com\/https:\/\/twitter.com\/Nico_Jacquemard"],"url":"https:\/\/dicodusport.fr\/blog\/author\/dicodusport\/"}]}},"_links":{"self":[{"href":"https:\/\/dicodusport.fr\/blog\/wp-json\/wp\/v2\/posts\/354794","targetHints":{"allow":["GET"]}}],"collection":[{"href":"https:\/\/dicodusport.fr\/blog\/wp-json\/wp\/v2\/posts"}],"about":[{"href":"https:\/\/dicodusport.fr\/blog\/wp-json\/wp\/v2\/types\/post"}],"author":[{"embeddable":true,"href":"https:\/\/dicodusport.fr\/blog\/wp-json\/wp\/v2\/users\/1"}],"replies":[{"embeddable":true,"href":"https:\/\/dicodusport.fr\/blog\/wp-json\/wp\/v2\/comments?post=354794"}],"version-history":[{"count":0,"href":"https:\/\/dicodusport.fr\/blog\/wp-json\/wp\/v2\/posts\/354794\/revisions"}],"wp:featuredmedia":[{"embeddable":true,"href":"https:\/\/dicodusport.fr\/blog\/wp-json\/wp\/v2\/media\/354800"}],"wp:attachment":[{"href":"https:\/\/dicodusport.fr\/blog\/wp-json\/wp\/v2\/media?parent=354794"}],"wp:term":[{"taxonomy":"category","embeddable":true,"href":"https:\/\/dicodusport.fr\/blog\/wp-json\/wp\/v2\/categories?post=354794"},{"taxonomy":"post_tag","embeddable":true,"href":"https:\/\/dicodusport.fr\/blog\/wp-json\/wp\/v2\/tags?post=354794"}],"curies":[{"name":"wp","href":"https:\/\/api.w.org\/{rel}","templated":true}]}}