{"id":355193,"date":"2023-02-13T10:53:56","date_gmt":"2023-02-13T09:53:56","guid":{"rendered":"https:\/\/dicodusport.fr\/blog\/?p=355193&#038;preview=true&#038;preview_id=355193"},"modified":"2023-02-13T18:54:34","modified_gmt":"2023-02-13T17:54:34","slug":"bruges-benfica-a-quelle-heure-et-sur-quelle-chaine","status":"publish","type":"post","link":"https:\/\/dicodusport.fr\/blog\/bruges-benfica-a-quelle-heure-et-sur-quelle-chaine\/","title":{"rendered":"Bruges &#8211; Benfica : \u00c0 quelle heure et sur quelle cha\u00eene"},"content":{"rendered":"<p style=\"text-align: justify;\"><em><b>LIGUE DES CHAMPIONS &#8211; Ce mercredi, le Club Bruges re\u00e7oit le Benfica Lisbonne en 8\u00e8me de finale aller de la Ligue des Champions. D\u00e9couvrez le programme TV.<\/b><\/em><\/p>\n<p style=\"text-align: justify;\">C&rsquo;est une des affiches inattendues de ces huiti\u00e8mes de finale de la <strong>Ligue<\/strong> <strong>des<\/strong> <strong>Champions<\/strong> <strong>2022-2023<\/strong>. Le <strong>Club<\/strong> <strong>Bruges<\/strong> a \u00e9limin\u00e9 l&rsquo;Atl\u00e9tico Madrid et le Bayer Leverkusen en phase de groupes pour se hisser en phases finales. Mise \u00e0 part la lourde d\u00e9faite \u00e0 la maison face au <strong>FC<\/strong> <strong>Porto<\/strong>, 4 \u00e0 0, le club belge a livr\u00e9 une phase de groupes int\u00e9ressante, avec au total 11 points pris sur les 18 possibles.<\/p>\n<p style=\"text-align: justify;\"><strong>Benfica<\/strong> a de son c\u00f4t\u00e9 termin\u00e9 en t\u00eate de son groupe, devant le <strong>Paris Saint-Germain<\/strong>, \u00e0 la diff\u00e9rence de buts particuli\u00e8re. 14 points sur les 18 possibles pour le club de la capitale portugaise qui a remport\u00e9 ses quatre autres matchs hors <strong>PSG<\/strong> et fait deux nuls face aux champions de France. En championnat, le <strong>Benfica<\/strong> est en t\u00eate avec cinq points d&rsquo;avance sur le deuxi\u00e8me.<\/p>\n<p style=\"text-align: justify;\">Il n&rsquo;y a encore jamais eu de confrontation entre ces deux \u00e9quipes. Chez les bookmakers, le <strong>Benfica<\/strong> <strong>Lisbonne<\/strong> est largement favori.<\/p>\n<h2 style=\"text-align: justify;\">Ligue des Champions : Le Programme TV du match Bruges &#8211; Benfica<\/h2>\n<h3 style=\"text-align: justify;\">Mercredi 15 f\u00e9vrier 2023<\/h3>\n<p style=\"text-align: justify;\"><b>beIN SPORTS 1<\/b><\/p>\n<p style=\"text-align: justify;\">20h15 : Avant-match<br \/>\n21h00 : Coup d&rsquo;envoi<\/p>\n<h2 style=\"text-align: justify;\">Les cotes de Bruges &#8211; Benfica<\/h2>\n<table style=\"width: 800px;\">\n<tbody>\n<tr style=\"height: 16px;\">\n<td style=\"background-color: #404040; text-align: left; border-color: #ededed; width: 500px;\" colspan=\"3\"><span style=\"font-size: 12px; color: #ffffff;\">Mercredi 15 f\u00e9vrier, 21h00<\/span><\/td>\n<\/tr>\n<tr style=\"height: 24px;\">\n<td style=\"background-color: #ffffff; border-color: #ededed; vertical-align: middle; text-align: center; width: 266px;\"><span style=\"font-size: 10px;\"><b>Bruges<br \/>\n<\/b><\/span><span style=\"font-size: 10px;\"><a href=\"https:\/\/www.winamax.fr\/paris-sportifs\/match\/prelive\/37291019?banid=33423\" class=\"su-button su-button-style-flat su-button-wide\" style=\"color:#fff;background-color:#07125C;border-color:#060f4a;border-radius:5px\" target=\"_blank\" rel=\"noopener noreferrer\"><span style=\"color:#fff;padding:0px 20px;font-size:16px;line-height:32px;border-color:#525a8d;border-radius:5px;text-shadow:none\"> 4.10<\/span><\/a><\/span><\/td>\n<td style=\"background-color: #ffffff; border-color: #ededed; vertical-align: middle; text-align: center; width: 266px;\"><span style=\"font-size: 10px;\"><span style=\"font-size: 14px;\"><strong>Match nul<\/strong><\/span><br \/>\n<a href=\"https:\/\/www.winamax.fr\/paris-sportifs\/match\/prelive\/37291019?banid=33423\" class=\"su-button su-button-style-flat su-button-wide\" style=\"color:#fff;background-color:#07125C;border-color:#060f4a;border-radius:5px\" target=\"_blank\" rel=\"noopener noreferrer\"><span style=\"color:#fff;padding:0px 20px;font-size:16px;line-height:32px;border-color:#525a8d;border-radius:5px;text-shadow:none\"> 3.70<\/span><\/a><\/span><\/td>\n<td style=\"background-color: #ffffff; border-color: #ededed; vertical-align: middle; text-align: center; width: 266px;\"><span style=\"font-size: 10px;\"><span style=\"font-size: 14px;\"><strong>Benfica<\/strong><\/span><br \/>\n<a href=\"https:\/\/www.winamax.fr\/paris-sportifs\/match\/prelive\/37291019?banid=33423\" class=\"su-button su-button-style-flat su-button-wide\" style=\"color:#fff;background-color:#07125C;border-color:#060f4a;border-radius:5px\" target=\"_blank\" rel=\"noopener noreferrer\"><span style=\"color:#fff;padding:0px 20px;font-size:16px;line-height:32px;border-color:#525a8d;border-radius:5px;text-shadow:none\"> 1.88<\/span><\/a><\/span><\/td>\n<\/tr>\n<\/tbody>\n<\/table>\n<p style=\"text-align: justify;\">Tentez votre chance en misant jusqu\u2019\u00e0 100\u20ac gr\u00e2ce \u00e0 votre <a href=\"https:\/\/www.winamax.fr\/landing\/landing_leads.php?ldg=1er-pari-rembourse&amp;banid=33423\" target=\"_blank\" rel=\"nofollow noopener\">premier pari rembours\u00e9<\/a>.<\/p>\n<hr \/>\n<p style=\"text-align: justify;\">\n","protected":false},"excerpt":{"rendered":"<p>LIGUE DES CHAMPIONS &#8211; Ce mercredi, le Club Bruges re\u00e7oit le Benfica Lisbonne en 8\u00e8me de finale aller de la Ligue des Champions. D\u00e9couvrez le programme TV.<\/p>\n","protected":false},"author":1,"featured_media":263539,"comment_status":"open","ping_status":"closed","sticky":false,"template":"","format":"standard","meta":{"_acf_changed":false,"_daextam_enable_autolinks":"","footnotes":""},"categories":[2301],"tags":[8234,16878,9977,17213,75,21872,21768,8799],"class_list":["post-355193","post","type-post","status-publish","format-standard","has-post-thumbnail","hentry","category-football","tag-benfica","tag-breve","tag-bruges","tag-chaine","tag-football","tag-heure","tag-horaire","tag-programme-tv"],"acf":[],"yoast_head":"<!-- This site is optimized with the Yoast SEO Premium plugin v26.7 (Yoast SEO v26.7) - https:\/\/yoast.com\/wordpress\/plugins\/seo\/ -->\n<title>Bruges - Benfica : \u00c0 quelle heure et sur quelle cha\u00eene<\/title>\n<meta name=\"description\" content=\"LIGUE DES CHAMPIONS - Ce mercredi, le Club Bruges re\u00e7oit le Benfica Lisbonne en 8\u00e8me de finale aller de la Ligue des Champions. D\u00e9couvrez le programme TV.\" \/>\n<meta name=\"robots\" content=\"index, follow, max-snippet:-1, max-image-preview:large, max-video-preview:-1\" \/>\n<link rel=\"canonical\" href=\"https:\/\/dicodusport.fr\/blog\/bruges-benfica-a-quelle-heure-et-sur-quelle-chaine\/\" \/>\n<meta property=\"og:locale\" content=\"fr_FR\" \/>\n<meta property=\"og:type\" content=\"article\" \/>\n<meta property=\"og:title\" content=\"Bruges - Benfica : \u00c0 quelle heure et sur quelle cha\u00eene\" \/>\n<meta property=\"og:description\" content=\"LIGUE DES CHAMPIONS - Ce mercredi, le Club Bruges re\u00e7oit le Benfica Lisbonne en 8\u00e8me de finale aller de la Ligue des Champions. D\u00e9couvrez le programme TV.\" \/>\n<meta property=\"og:url\" content=\"https:\/\/dicodusport.fr\/blog\/bruges-benfica-a-quelle-heure-et-sur-quelle-chaine\/\" \/>\n<meta property=\"og:site_name\" content=\"Dicodusport\" \/>\n<meta property=\"article:publisher\" content=\"https:\/\/www.facebook.com\/dicodusport\" \/>\n<meta property=\"article:author\" content=\"https:\/\/www.facebook.com\/dicodusport\" \/>\n<meta property=\"article:published_time\" content=\"2023-02-13T09:53:56+00:00\" \/>\n<meta property=\"article:modified_time\" content=\"2023-02-13T17:54:34+00:00\" \/>\n<meta property=\"og:image\" content=\"https:\/\/dicodusport.fr\/blog\/wp-content\/uploads\/2022\/09\/Julian-Draxler-casse-la-cage-pour-son-premier-but-avec-Benfica.png\" \/>\n\t<meta property=\"og:image:width\" content=\"800\" \/>\n\t<meta property=\"og:image:height\" content=\"445\" \/>\n\t<meta property=\"og:image:type\" content=\"image\/png\" \/>\n<meta name=\"author\" content=\"Nicolas Jacquemard\" \/>\n<meta name=\"twitter:card\" content=\"summary_large_image\" \/>\n<meta name=\"twitter:title\" content=\"Bruges - Benfica : \u00c0 quelle heure et sur quelle cha\u00eene\" \/>\n<meta name=\"twitter:creator\" content=\"@https:\/\/twitter.com\/Nico_Jacquemard\" \/>\n<meta name=\"twitter:site\" content=\"@dicodusport\" \/>\n<script type=\"application\/ld+json\" class=\"yoast-schema-graph\">{\"@context\":\"https:\/\/schema.org\",\"@graph\":[{\"@type\":\"NewsArticle\",\"@id\":\"https:\/\/dicodusport.fr\/blog\/bruges-benfica-a-quelle-heure-et-sur-quelle-chaine\/#article\",\"isPartOf\":{\"@id\":\"https:\/\/dicodusport.fr\/blog\/bruges-benfica-a-quelle-heure-et-sur-quelle-chaine\/\"},\"author\":{\"name\":\"Nicolas Jacquemard\",\"@id\":\"https:\/\/dicodusport.fr\/blog\/#\/schema\/person\/55dcb50ad410894e431ed812bbb70191\"},\"headline\":\"Bruges &#8211; Benfica : \u00c0 quelle heure et sur quelle cha\u00eene\",\"datePublished\":\"2023-02-13T09:53:56+00:00\",\"dateModified\":\"2023-02-13T17:54:34+00:00\",\"mainEntityOfPage\":{\"@id\":\"https:\/\/dicodusport.fr\/blog\/bruges-benfica-a-quelle-heure-et-sur-quelle-chaine\/\"},\"wordCount\":326,\"commentCount\":0,\"publisher\":{\"@id\":\"https:\/\/dicodusport.fr\/blog\/#organization\"},\"image\":{\"@id\":\"https:\/\/dicodusport.fr\/blog\/bruges-benfica-a-quelle-heure-et-sur-quelle-chaine\/#primaryimage\"},\"thumbnailUrl\":\"https:\/\/dicodusport.fr\/blog\/wp-content\/uploads\/2022\/09\/Julian-Draxler-casse-la-cage-pour-son-premier-but-avec-Benfica.png\",\"keywords\":[\"Benfica\",\"br\u00e8ve\",\"Bruges\",\"Cha\u00eene\",\"Football\",\"Heure\",\"Horaire\",\"Programme TV\"],\"articleSection\":[\"Football\"],\"inLanguage\":\"fr-FR\",\"potentialAction\":[{\"@type\":\"CommentAction\",\"name\":\"Comment\",\"target\":[\"https:\/\/dicodusport.fr\/blog\/bruges-benfica-a-quelle-heure-et-sur-quelle-chaine\/#respond\"]}],\"copyrightYear\":\"2023\",\"copyrightHolder\":{\"@id\":\"https:\/\/dicodusport.fr\/blog\/#organization\"}},{\"@type\":\"WebPage\",\"@id\":\"https:\/\/dicodusport.fr\/blog\/bruges-benfica-a-quelle-heure-et-sur-quelle-chaine\/\",\"url\":\"https:\/\/dicodusport.fr\/blog\/bruges-benfica-a-quelle-heure-et-sur-quelle-chaine\/\",\"name\":\"Bruges - Benfica : \u00c0 quelle heure et sur quelle cha\u00eene\",\"isPartOf\":{\"@id\":\"https:\/\/dicodusport.fr\/blog\/#website\"},\"primaryImageOfPage\":{\"@id\":\"https:\/\/dicodusport.fr\/blog\/bruges-benfica-a-quelle-heure-et-sur-quelle-chaine\/#primaryimage\"},\"image\":{\"@id\":\"https:\/\/dicodusport.fr\/blog\/bruges-benfica-a-quelle-heure-et-sur-quelle-chaine\/#primaryimage\"},\"thumbnailUrl\":\"https:\/\/dicodusport.fr\/blog\/wp-content\/uploads\/2022\/09\/Julian-Draxler-casse-la-cage-pour-son-premier-but-avec-Benfica.png\",\"datePublished\":\"2023-02-13T09:53:56+00:00\",\"dateModified\":\"2023-02-13T17:54:34+00:00\",\"description\":\"LIGUE DES CHAMPIONS - Ce mercredi, le Club Bruges re\u00e7oit le Benfica Lisbonne en 8\u00e8me de finale aller de la Ligue des Champions. D\u00e9couvrez le programme TV.\",\"breadcrumb\":{\"@id\":\"https:\/\/dicodusport.fr\/blog\/bruges-benfica-a-quelle-heure-et-sur-quelle-chaine\/#breadcrumb\"},\"inLanguage\":\"fr-FR\",\"potentialAction\":[{\"@type\":\"ReadAction\",\"target\":[\"https:\/\/dicodusport.fr\/blog\/bruges-benfica-a-quelle-heure-et-sur-quelle-chaine\/\"]}]},{\"@type\":\"ImageObject\",\"inLanguage\":\"fr-FR\",\"@id\":\"https:\/\/dicodusport.fr\/blog\/bruges-benfica-a-quelle-heure-et-sur-quelle-chaine\/#primaryimage\",\"url\":\"https:\/\/dicodusport.fr\/blog\/wp-content\/uploads\/2022\/09\/Julian-Draxler-casse-la-cage-pour-son-premier-but-avec-Benfica.png\",\"contentUrl\":\"https:\/\/dicodusport.fr\/blog\/wp-content\/uploads\/2022\/09\/Julian-Draxler-casse-la-cage-pour-son-premier-but-avec-Benfica.png\",\"width\":800,\"height\":445},{\"@type\":\"BreadcrumbList\",\"@id\":\"https:\/\/dicodusport.fr\/blog\/bruges-benfica-a-quelle-heure-et-sur-quelle-chaine\/#breadcrumb\",\"itemListElement\":[{\"@type\":\"ListItem\",\"position\":1,\"name\":\"Accueil\",\"item\":\"https:\/\/dicodusport.fr\/blog\/\"},{\"@type\":\"ListItem\",\"position\":2,\"name\":\"Bruges &#8211; Benfica : \u00c0 quelle heure et sur quelle cha\u00eene\"}]},{\"@type\":\"WebSite\",\"@id\":\"https:\/\/dicodusport.fr\/blog\/#website\",\"url\":\"https:\/\/dicodusport.fr\/blog\/\",\"name\":\"Dicodusport\",\"description\":\"L&#039;encyclop\u00e9die de l&#039;actualit\u00e9 sportive\",\"publisher\":{\"@id\":\"https:\/\/dicodusport.fr\/blog\/#organization\"},\"potentialAction\":[{\"@type\":\"SearchAction\",\"target\":{\"@type\":\"EntryPoint\",\"urlTemplate\":\"https:\/\/dicodusport.fr\/blog\/?s={search_term_string}\"},\"query-input\":{\"@type\":\"PropertyValueSpecification\",\"valueRequired\":true,\"valueName\":\"search_term_string\"}}],\"inLanguage\":\"fr-FR\"},{\"@type\":\"NewsMediaOrganization\",\"@id\":\"https:\/\/dicodusport.fr\/blog\/#organization\",\"name\":\"Dicodusport\",\"url\":\"https:\/\/dicodusport.fr\/blog\/\",\"logo\":{\"@type\":\"ImageObject\",\"inLanguage\":\"fr-FR\",\"@id\":\"https:\/\/dicodusport.fr\/blog\/#\/schema\/logo\/image\/\",\"url\":\"https:\/\/dicodusport.fr\/blog\/wp-content\/uploads\/2020\/06\/cropped-LOGO-DICODUSPORT-2020-SANS-FOND-SANS-TEXTE.png\",\"contentUrl\":\"https:\/\/dicodusport.fr\/blog\/wp-content\/uploads\/2020\/06\/cropped-LOGO-DICODUSPORT-2020-SANS-FOND-SANS-TEXTE.png\",\"width\":512,\"height\":512,\"caption\":\"Dicodusport\"},\"image\":{\"@id\":\"https:\/\/dicodusport.fr\/blog\/#\/schema\/logo\/image\/\"},\"sameAs\":[\"https:\/\/www.facebook.com\/dicodusport\",\"https:\/\/x.com\/dicodusport\",\"https:\/\/www.instagram.com\/dicodusport\/\",\"https:\/\/www.youtube.com\/channel\/UC7V2KZ5sd3htJivAbA4ZG3w\"],\"description\":\"Dicodusport est l'encyclop\u00e9die de l'actualit\u00e9 sportive.\",\"email\":\"bonjour@dicodusport.fr\",\"legalName\":\"DICODUSPORT\",\"foundingDate\":\"2018-01-14\",\"vatID\":\"FR71834470973\",\"taxID\":\"83447097300043\",\"numberOfEmployees\":{\"@type\":\"QuantitativeValue\",\"minValue\":\"1\",\"maxValue\":\"10\"}},{\"@type\":\"Person\",\"@id\":\"https:\/\/dicodusport.fr\/blog\/#\/schema\/person\/55dcb50ad410894e431ed812bbb70191\",\"name\":\"Nicolas Jacquemard\",\"image\":{\"@type\":\"ImageObject\",\"inLanguage\":\"fr-FR\",\"@id\":\"https:\/\/dicodusport.fr\/blog\/#\/schema\/person\/image\/\",\"url\":\"https:\/\/dicodusport.fr\/blog\/wp-content\/uploads\/2021\/05\/Nicolas-Jacquemard-150x150.jpeg\",\"contentUrl\":\"https:\/\/dicodusport.fr\/blog\/wp-content\/uploads\/2021\/05\/Nicolas-Jacquemard-150x150.jpeg\",\"caption\":\"Nicolas Jacquemard\"},\"description\":\"Passionn\u00e9 de sport et entrepreneur depuis mes 18 ans, la cr\u00e9ation de Dicodusport m'a sembl\u00e9 \u00e9vidente pour participer \u00e0 la m\u00e9diatisation d'un plus grand nombre de sports. Le chemin est long mais avec une \u00e9quipe des plus motiv\u00e9es et les Jeux Olympiques de Paris 2024 en point de mire, nous y arriverons ! Journaliste dans le monde du sport depuis plus de 5 ans, je traite aussi bien de football, de rugby, de biathlon que de cyclisme.\",\"sameAs\":[\"https:\/\/www.facebook.com\/dicodusport\",\"https:\/\/x.com\/https:\/\/twitter.com\/Nico_Jacquemard\"],\"url\":\"https:\/\/dicodusport.fr\/blog\/author\/dicodusport\/\"}]}<\/script>\n<!-- \/ Yoast SEO Premium plugin. -->","yoast_head_json":{"title":"Bruges - Benfica : \u00c0 quelle heure et sur quelle cha\u00eene","description":"LIGUE DES CHAMPIONS - Ce mercredi, le Club Bruges re\u00e7oit le Benfica Lisbonne en 8\u00e8me de finale aller de la Ligue des Champions. D\u00e9couvrez le programme TV.","robots":{"index":"index","follow":"follow","max-snippet":"max-snippet:-1","max-image-preview":"max-image-preview:large","max-video-preview":"max-video-preview:-1"},"canonical":"https:\/\/dicodusport.fr\/blog\/bruges-benfica-a-quelle-heure-et-sur-quelle-chaine\/","og_locale":"fr_FR","og_type":"article","og_title":"Bruges - Benfica : \u00c0 quelle heure et sur quelle cha\u00eene","og_description":"LIGUE DES CHAMPIONS - Ce mercredi, le Club Bruges re\u00e7oit le Benfica Lisbonne en 8\u00e8me de finale aller de la Ligue des Champions. D\u00e9couvrez le programme TV.","og_url":"https:\/\/dicodusport.fr\/blog\/bruges-benfica-a-quelle-heure-et-sur-quelle-chaine\/","og_site_name":"Dicodusport","article_publisher":"https:\/\/www.facebook.com\/dicodusport","article_author":"https:\/\/www.facebook.com\/dicodusport","article_published_time":"2023-02-13T09:53:56+00:00","article_modified_time":"2023-02-13T17:54:34+00:00","og_image":[{"width":800,"height":445,"url":"https:\/\/dicodusport.fr\/blog\/wp-content\/uploads\/2022\/09\/Julian-Draxler-casse-la-cage-pour-son-premier-but-avec-Benfica.png","type":"image\/png"}],"author":"Nicolas Jacquemard","twitter_card":"summary_large_image","twitter_title":"Bruges - Benfica : \u00c0 quelle heure et sur quelle cha\u00eene","twitter_creator":"@https:\/\/twitter.com\/Nico_Jacquemard","twitter_site":"@dicodusport","schema":{"@context":"https:\/\/schema.org","@graph":[{"@type":"NewsArticle","@id":"https:\/\/dicodusport.fr\/blog\/bruges-benfica-a-quelle-heure-et-sur-quelle-chaine\/#article","isPartOf":{"@id":"https:\/\/dicodusport.fr\/blog\/bruges-benfica-a-quelle-heure-et-sur-quelle-chaine\/"},"author":{"name":"Nicolas Jacquemard","@id":"https:\/\/dicodusport.fr\/blog\/#\/schema\/person\/55dcb50ad410894e431ed812bbb70191"},"headline":"Bruges &#8211; Benfica : \u00c0 quelle heure et sur quelle cha\u00eene","datePublished":"2023-02-13T09:53:56+00:00","dateModified":"2023-02-13T17:54:34+00:00","mainEntityOfPage":{"@id":"https:\/\/dicodusport.fr\/blog\/bruges-benfica-a-quelle-heure-et-sur-quelle-chaine\/"},"wordCount":326,"commentCount":0,"publisher":{"@id":"https:\/\/dicodusport.fr\/blog\/#organization"},"image":{"@id":"https:\/\/dicodusport.fr\/blog\/bruges-benfica-a-quelle-heure-et-sur-quelle-chaine\/#primaryimage"},"thumbnailUrl":"https:\/\/dicodusport.fr\/blog\/wp-content\/uploads\/2022\/09\/Julian-Draxler-casse-la-cage-pour-son-premier-but-avec-Benfica.png","keywords":["Benfica","br\u00e8ve","Bruges","Cha\u00eene","Football","Heure","Horaire","Programme TV"],"articleSection":["Football"],"inLanguage":"fr-FR","potentialAction":[{"@type":"CommentAction","name":"Comment","target":["https:\/\/dicodusport.fr\/blog\/bruges-benfica-a-quelle-heure-et-sur-quelle-chaine\/#respond"]}],"copyrightYear":"2023","copyrightHolder":{"@id":"https:\/\/dicodusport.fr\/blog\/#organization"}},{"@type":"WebPage","@id":"https:\/\/dicodusport.fr\/blog\/bruges-benfica-a-quelle-heure-et-sur-quelle-chaine\/","url":"https:\/\/dicodusport.fr\/blog\/bruges-benfica-a-quelle-heure-et-sur-quelle-chaine\/","name":"Bruges - Benfica : \u00c0 quelle heure et sur quelle cha\u00eene","isPartOf":{"@id":"https:\/\/dicodusport.fr\/blog\/#website"},"primaryImageOfPage":{"@id":"https:\/\/dicodusport.fr\/blog\/bruges-benfica-a-quelle-heure-et-sur-quelle-chaine\/#primaryimage"},"image":{"@id":"https:\/\/dicodusport.fr\/blog\/bruges-benfica-a-quelle-heure-et-sur-quelle-chaine\/#primaryimage"},"thumbnailUrl":"https:\/\/dicodusport.fr\/blog\/wp-content\/uploads\/2022\/09\/Julian-Draxler-casse-la-cage-pour-son-premier-but-avec-Benfica.png","datePublished":"2023-02-13T09:53:56+00:00","dateModified":"2023-02-13T17:54:34+00:00","description":"LIGUE DES CHAMPIONS - Ce mercredi, le Club Bruges re\u00e7oit le Benfica Lisbonne en 8\u00e8me de finale aller de la Ligue des Champions. D\u00e9couvrez le programme TV.","breadcrumb":{"@id":"https:\/\/dicodusport.fr\/blog\/bruges-benfica-a-quelle-heure-et-sur-quelle-chaine\/#breadcrumb"},"inLanguage":"fr-FR","potentialAction":[{"@type":"ReadAction","target":["https:\/\/dicodusport.fr\/blog\/bruges-benfica-a-quelle-heure-et-sur-quelle-chaine\/"]}]},{"@type":"ImageObject","inLanguage":"fr-FR","@id":"https:\/\/dicodusport.fr\/blog\/bruges-benfica-a-quelle-heure-et-sur-quelle-chaine\/#primaryimage","url":"https:\/\/dicodusport.fr\/blog\/wp-content\/uploads\/2022\/09\/Julian-Draxler-casse-la-cage-pour-son-premier-but-avec-Benfica.png","contentUrl":"https:\/\/dicodusport.fr\/blog\/wp-content\/uploads\/2022\/09\/Julian-Draxler-casse-la-cage-pour-son-premier-but-avec-Benfica.png","width":800,"height":445},{"@type":"BreadcrumbList","@id":"https:\/\/dicodusport.fr\/blog\/bruges-benfica-a-quelle-heure-et-sur-quelle-chaine\/#breadcrumb","itemListElement":[{"@type":"ListItem","position":1,"name":"Accueil","item":"https:\/\/dicodusport.fr\/blog\/"},{"@type":"ListItem","position":2,"name":"Bruges &#8211; Benfica : \u00c0 quelle heure et sur quelle cha\u00eene"}]},{"@type":"WebSite","@id":"https:\/\/dicodusport.fr\/blog\/#website","url":"https:\/\/dicodusport.fr\/blog\/","name":"Dicodusport","description":"L&#039;encyclop\u00e9die de l&#039;actualit\u00e9 sportive","publisher":{"@id":"https:\/\/dicodusport.fr\/blog\/#organization"},"potentialAction":[{"@type":"SearchAction","target":{"@type":"EntryPoint","urlTemplate":"https:\/\/dicodusport.fr\/blog\/?s={search_term_string}"},"query-input":{"@type":"PropertyValueSpecification","valueRequired":true,"valueName":"search_term_string"}}],"inLanguage":"fr-FR"},{"@type":"NewsMediaOrganization","@id":"https:\/\/dicodusport.fr\/blog\/#organization","name":"Dicodusport","url":"https:\/\/dicodusport.fr\/blog\/","logo":{"@type":"ImageObject","inLanguage":"fr-FR","@id":"https:\/\/dicodusport.fr\/blog\/#\/schema\/logo\/image\/","url":"https:\/\/dicodusport.fr\/blog\/wp-content\/uploads\/2020\/06\/cropped-LOGO-DICODUSPORT-2020-SANS-FOND-SANS-TEXTE.png","contentUrl":"https:\/\/dicodusport.fr\/blog\/wp-content\/uploads\/2020\/06\/cropped-LOGO-DICODUSPORT-2020-SANS-FOND-SANS-TEXTE.png","width":512,"height":512,"caption":"Dicodusport"},"image":{"@id":"https:\/\/dicodusport.fr\/blog\/#\/schema\/logo\/image\/"},"sameAs":["https:\/\/www.facebook.com\/dicodusport","https:\/\/x.com\/dicodusport","https:\/\/www.instagram.com\/dicodusport\/","https:\/\/www.youtube.com\/channel\/UC7V2KZ5sd3htJivAbA4ZG3w"],"description":"Dicodusport est l'encyclop\u00e9die de l'actualit\u00e9 sportive.","email":"bonjour@dicodusport.fr","legalName":"DICODUSPORT","foundingDate":"2018-01-14","vatID":"FR71834470973","taxID":"83447097300043","numberOfEmployees":{"@type":"QuantitativeValue","minValue":"1","maxValue":"10"}},{"@type":"Person","@id":"https:\/\/dicodusport.fr\/blog\/#\/schema\/person\/55dcb50ad410894e431ed812bbb70191","name":"Nicolas Jacquemard","image":{"@type":"ImageObject","inLanguage":"fr-FR","@id":"https:\/\/dicodusport.fr\/blog\/#\/schema\/person\/image\/","url":"https:\/\/dicodusport.fr\/blog\/wp-content\/uploads\/2021\/05\/Nicolas-Jacquemard-150x150.jpeg","contentUrl":"https:\/\/dicodusport.fr\/blog\/wp-content\/uploads\/2021\/05\/Nicolas-Jacquemard-150x150.jpeg","caption":"Nicolas Jacquemard"},"description":"Passionn\u00e9 de sport et entrepreneur depuis mes 18 ans, la cr\u00e9ation de Dicodusport m'a sembl\u00e9 \u00e9vidente pour participer \u00e0 la m\u00e9diatisation d'un plus grand nombre de sports. Le chemin est long mais avec une \u00e9quipe des plus motiv\u00e9es et les Jeux Olympiques de Paris 2024 en point de mire, nous y arriverons ! Journaliste dans le monde du sport depuis plus de 5 ans, je traite aussi bien de football, de rugby, de biathlon que de cyclisme.","sameAs":["https:\/\/www.facebook.com\/dicodusport","https:\/\/x.com\/https:\/\/twitter.com\/Nico_Jacquemard"],"url":"https:\/\/dicodusport.fr\/blog\/author\/dicodusport\/"}]}},"_links":{"self":[{"href":"https:\/\/dicodusport.fr\/blog\/wp-json\/wp\/v2\/posts\/355193","targetHints":{"allow":["GET"]}}],"collection":[{"href":"https:\/\/dicodusport.fr\/blog\/wp-json\/wp\/v2\/posts"}],"about":[{"href":"https:\/\/dicodusport.fr\/blog\/wp-json\/wp\/v2\/types\/post"}],"author":[{"embeddable":true,"href":"https:\/\/dicodusport.fr\/blog\/wp-json\/wp\/v2\/users\/1"}],"replies":[{"embeddable":true,"href":"https:\/\/dicodusport.fr\/blog\/wp-json\/wp\/v2\/comments?post=355193"}],"version-history":[{"count":0,"href":"https:\/\/dicodusport.fr\/blog\/wp-json\/wp\/v2\/posts\/355193\/revisions"}],"wp:featuredmedia":[{"embeddable":true,"href":"https:\/\/dicodusport.fr\/blog\/wp-json\/wp\/v2\/media\/263539"}],"wp:attachment":[{"href":"https:\/\/dicodusport.fr\/blog\/wp-json\/wp\/v2\/media?parent=355193"}],"wp:term":[{"taxonomy":"category","embeddable":true,"href":"https:\/\/dicodusport.fr\/blog\/wp-json\/wp\/v2\/categories?post=355193"},{"taxonomy":"post_tag","embeddable":true,"href":"https:\/\/dicodusport.fr\/blog\/wp-json\/wp\/v2\/tags?post=355193"}],"curies":[{"name":"wp","href":"https:\/\/api.w.org\/{rel}","templated":true}]}}