{"id":355233,"date":"2023-02-13T14:26:20","date_gmt":"2023-02-13T13:26:20","guid":{"rendered":"https:\/\/dicodusport.fr\/blog\/?p=355233&#038;preview=true&#038;preview_id=355233"},"modified":"2023-02-13T14:56:12","modified_gmt":"2023-02-13T13:56:12","slug":"psg-kylian-mbappe-finalement-present-face-au-bayern-munich","status":"publish","type":"post","link":"https:\/\/dicodusport.fr\/blog\/psg-kylian-mbappe-finalement-present-face-au-bayern-munich\/","title":{"rendered":"PSG : Kylian Mbapp\u00e9 finalement pr\u00e9sent face au Bayern Munich"},"content":{"rendered":"<p style=\"text-align: justify;\" align=\"justify\"><em><strong>FOOTBALL &#8211; Selon L&rsquo;\u00c9quipe, Kylian Mbapp\u00e9 sera finalement pr\u00e9sent dans le groupe pour affronter le Bayern Munich ce mardi soir, en 8\u00e8me de finale aller de la Ligue des Champions.\u00a0<\/strong><\/em><\/p>\n<p style=\"text-align: justify;\" align=\"justify\">Annonc\u00e9 forfait au moment de sa l\u00e9sion musculaire face \u00e0 <strong>Montpellier<\/strong>, l&rsquo;attaquant international, Kylian Mbapp\u00e9, est finalement convoqu\u00e9 par <strong>Christophe<\/strong> <strong>Galtier<\/strong> pour le match aller face au <strong>Bayern<\/strong> <strong>Munich<\/strong>. Apr\u00e8s avoir pris part au d\u00e9but de la s\u00e9ance d&rsquo;entra\u00eenement dimanche, <strong>Kylian<\/strong> <strong>Mbapp\u00e9<\/strong> a particip\u00e9 \u00e0 l&rsquo;int\u00e9gralit\u00e9 de celle de ce lundi matin avec ses co\u00e9quipiers. Peu de chances qu&rsquo;il soit titulaire face au club bavarois mardi soir, mais l&rsquo;attaquant du <strong>PSG<\/strong> pourrait au moins prendre part \u00e0 une partie du match.<\/p>\n<blockquote class=\"twitter-tweet\">\n<p dir=\"ltr\" lang=\"fr\">Kylian Mbapp\u00e9 makes PSG squad for Champions League game vs Bayern. <a href=\"https:\/\/t.co\/tTzYxL874w\">pic.twitter.com\/tTzYxL874w<\/a><\/p>\n<p>\u2014 Fabrizio Romano (@FabrizioRomano) <a href=\"https:\/\/twitter.com\/FabrizioRomano\/status\/1625123765276356612?ref_src=twsrc%5Etfw\">February 13, 2023<\/a><\/p><\/blockquote>\n<p style=\"text-align: justify;\"><script async src=\"https:\/\/platform.twitter.com\/widgets.js\" charset=\"utf-8\"><\/script><\/p>\n<ul>\n<li style=\"text-align: justify;\"><strong>\u00c0 lire aussi &#8211; <a href=\"https:\/\/dicodusport.fr\/blog\/paris-bayern-munich-a-quelle-heure-et-sur-quelle-chaine\/\">\u00c0 quelle heure et sur quelle cha\u00eene regarder Paris &#8211; Bayern Munich<\/a><\/strong><\/li>\n<\/ul>\n","protected":false},"excerpt":{"rendered":"<p>FOOTBALL &#8211; Selon L&rsquo;\u00c9quipe, Kylian Mbapp\u00e9 sera finalement pr\u00e9sent dans le groupe pour affronter le Bayern Munich ce mardi soir, en 8\u00e8me de finale aller de la Ligue des Champions.\u00a0<\/p>\n","protected":false},"author":1,"featured_media":269211,"comment_status":"open","ping_status":"closed","sticky":false,"template":"","format":"standard","meta":{"_acf_changed":false,"_daextam_enable_autolinks":"","footnotes":""},"categories":[2301],"tags":[16878,75,2236,5183,429,910],"class_list":["post-355233","post","type-post","status-publish","format-standard","has-post-thumbnail","hentry","category-football","tag-breve","tag-football","tag-kylian-mbappe","tag-mbappe","tag-paris","tag-psg"],"acf":[],"yoast_head":"<!-- This site is optimized with the Yoast SEO Premium plugin v26.7 (Yoast SEO v26.7) - https:\/\/yoast.com\/wordpress\/plugins\/seo\/ -->\n<title>PSG : Kylian Mbapp\u00e9 finalement pr\u00e9sent face au Bayern Munich<\/title>\n<meta name=\"description\" content=\"FOOTBALL - Selon L&#039;\u00c9quipe, Kylian Mbapp\u00e9 sera finalement pr\u00e9sent dans le groupe pour affronter le Bayern Munich.\u00a0\" \/>\n<meta name=\"robots\" content=\"index, follow, max-snippet:-1, max-image-preview:large, max-video-preview:-1\" \/>\n<link rel=\"canonical\" href=\"https:\/\/dicodusport.fr\/blog\/psg-kylian-mbappe-finalement-present-face-au-bayern-munich\/\" \/>\n<meta property=\"og:locale\" content=\"fr_FR\" \/>\n<meta property=\"og:type\" content=\"article\" \/>\n<meta property=\"og:title\" content=\"PSG : Kylian Mbapp\u00e9 finalement pr\u00e9sent face au Bayern Munich\" \/>\n<meta property=\"og:description\" content=\"FOOTBALL - Selon L&#039;\u00c9quipe, Kylian Mbapp\u00e9 sera finalement pr\u00e9sent dans le groupe pour affronter le Bayern Munich.\u00a0\" \/>\n<meta property=\"og:url\" content=\"https:\/\/dicodusport.fr\/blog\/psg-kylian-mbappe-finalement-present-face-au-bayern-munich\/\" \/>\n<meta property=\"og:site_name\" content=\"Dicodusport\" \/>\n<meta property=\"article:publisher\" content=\"https:\/\/www.facebook.com\/dicodusport\" \/>\n<meta property=\"article:author\" content=\"https:\/\/www.facebook.com\/dicodusport\" \/>\n<meta property=\"article:published_time\" content=\"2023-02-13T13:26:20+00:00\" \/>\n<meta property=\"article:modified_time\" content=\"2023-02-13T13:56:12+00:00\" \/>\n<meta property=\"og:image\" content=\"https:\/\/dicodusport.fr\/blog\/wp-content\/uploads\/2022\/10\/Kylian-Mbappe\u0301-veut-quitter-le-PSG-en-janvier.png\" \/>\n\t<meta property=\"og:image:width\" content=\"800\" \/>\n\t<meta property=\"og:image:height\" content=\"445\" \/>\n\t<meta property=\"og:image:type\" content=\"image\/png\" \/>\n<meta name=\"author\" content=\"Nicolas Jacquemard\" \/>\n<meta name=\"twitter:card\" content=\"summary_large_image\" \/>\n<meta name=\"twitter:title\" content=\"PSG : Kylian Mbapp\u00e9 finalement pr\u00e9sent face au Bayern Munich\" \/>\n<meta name=\"twitter:creator\" content=\"@https:\/\/twitter.com\/Nico_Jacquemard\" \/>\n<meta name=\"twitter:site\" content=\"@dicodusport\" \/>\n<script type=\"application\/ld+json\" class=\"yoast-schema-graph\">{\"@context\":\"https:\/\/schema.org\",\"@graph\":[{\"@type\":\"NewsArticle\",\"@id\":\"https:\/\/dicodusport.fr\/blog\/psg-kylian-mbappe-finalement-present-face-au-bayern-munich\/#article\",\"isPartOf\":{\"@id\":\"https:\/\/dicodusport.fr\/blog\/psg-kylian-mbappe-finalement-present-face-au-bayern-munich\/\"},\"author\":{\"name\":\"Nicolas Jacquemard\",\"@id\":\"https:\/\/dicodusport.fr\/blog\/#\/schema\/person\/55dcb50ad410894e431ed812bbb70191\"},\"headline\":\"PSG : Kylian Mbapp\u00e9 finalement pr\u00e9sent face au Bayern Munich\",\"datePublished\":\"2023-02-13T13:26:20+00:00\",\"dateModified\":\"2023-02-13T13:56:12+00:00\",\"mainEntityOfPage\":{\"@id\":\"https:\/\/dicodusport.fr\/blog\/psg-kylian-mbappe-finalement-present-face-au-bayern-munich\/\"},\"wordCount\":167,\"commentCount\":0,\"publisher\":{\"@id\":\"https:\/\/dicodusport.fr\/blog\/#organization\"},\"image\":{\"@id\":\"https:\/\/dicodusport.fr\/blog\/psg-kylian-mbappe-finalement-present-face-au-bayern-munich\/#primaryimage\"},\"thumbnailUrl\":\"https:\/\/dicodusport.fr\/blog\/wp-content\/uploads\/2022\/10\/Kylian-Mbappe\u0301-veut-quitter-le-PSG-en-janvier.png\",\"keywords\":[\"br\u00e8ve\",\"Football\",\"Kylian Mbapp\u00e9\",\"Mbappe\",\"Paris\",\"PSG\"],\"articleSection\":[\"Football\"],\"inLanguage\":\"fr-FR\",\"potentialAction\":[{\"@type\":\"CommentAction\",\"name\":\"Comment\",\"target\":[\"https:\/\/dicodusport.fr\/blog\/psg-kylian-mbappe-finalement-present-face-au-bayern-munich\/#respond\"]}],\"copyrightYear\":\"2023\",\"copyrightHolder\":{\"@id\":\"https:\/\/dicodusport.fr\/blog\/#organization\"}},{\"@type\":\"WebPage\",\"@id\":\"https:\/\/dicodusport.fr\/blog\/psg-kylian-mbappe-finalement-present-face-au-bayern-munich\/\",\"url\":\"https:\/\/dicodusport.fr\/blog\/psg-kylian-mbappe-finalement-present-face-au-bayern-munich\/\",\"name\":\"PSG : Kylian Mbapp\u00e9 finalement pr\u00e9sent face au Bayern Munich\",\"isPartOf\":{\"@id\":\"https:\/\/dicodusport.fr\/blog\/#website\"},\"primaryImageOfPage\":{\"@id\":\"https:\/\/dicodusport.fr\/blog\/psg-kylian-mbappe-finalement-present-face-au-bayern-munich\/#primaryimage\"},\"image\":{\"@id\":\"https:\/\/dicodusport.fr\/blog\/psg-kylian-mbappe-finalement-present-face-au-bayern-munich\/#primaryimage\"},\"thumbnailUrl\":\"https:\/\/dicodusport.fr\/blog\/wp-content\/uploads\/2022\/10\/Kylian-Mbappe\u0301-veut-quitter-le-PSG-en-janvier.png\",\"datePublished\":\"2023-02-13T13:26:20+00:00\",\"dateModified\":\"2023-02-13T13:56:12+00:00\",\"description\":\"FOOTBALL - Selon L'\u00c9quipe, Kylian Mbapp\u00e9 sera finalement pr\u00e9sent dans le groupe pour affronter le Bayern Munich.\u00a0\",\"breadcrumb\":{\"@id\":\"https:\/\/dicodusport.fr\/blog\/psg-kylian-mbappe-finalement-present-face-au-bayern-munich\/#breadcrumb\"},\"inLanguage\":\"fr-FR\",\"potentialAction\":[{\"@type\":\"ReadAction\",\"target\":[\"https:\/\/dicodusport.fr\/blog\/psg-kylian-mbappe-finalement-present-face-au-bayern-munich\/\"]}]},{\"@type\":\"ImageObject\",\"inLanguage\":\"fr-FR\",\"@id\":\"https:\/\/dicodusport.fr\/blog\/psg-kylian-mbappe-finalement-present-face-au-bayern-munich\/#primaryimage\",\"url\":\"https:\/\/dicodusport.fr\/blog\/wp-content\/uploads\/2022\/10\/Kylian-Mbappe\u0301-veut-quitter-le-PSG-en-janvier.png\",\"contentUrl\":\"https:\/\/dicodusport.fr\/blog\/wp-content\/uploads\/2022\/10\/Kylian-Mbappe\u0301-veut-quitter-le-PSG-en-janvier.png\",\"width\":800,\"height\":445},{\"@type\":\"BreadcrumbList\",\"@id\":\"https:\/\/dicodusport.fr\/blog\/psg-kylian-mbappe-finalement-present-face-au-bayern-munich\/#breadcrumb\",\"itemListElement\":[{\"@type\":\"ListItem\",\"position\":1,\"name\":\"Accueil\",\"item\":\"https:\/\/dicodusport.fr\/blog\/\"},{\"@type\":\"ListItem\",\"position\":2,\"name\":\"PSG : Kylian Mbapp\u00e9 finalement pr\u00e9sent face au Bayern Munich\"}]},{\"@type\":\"WebSite\",\"@id\":\"https:\/\/dicodusport.fr\/blog\/#website\",\"url\":\"https:\/\/dicodusport.fr\/blog\/\",\"name\":\"Dicodusport\",\"description\":\"L&#039;encyclop\u00e9die de l&#039;actualit\u00e9 sportive\",\"publisher\":{\"@id\":\"https:\/\/dicodusport.fr\/blog\/#organization\"},\"potentialAction\":[{\"@type\":\"SearchAction\",\"target\":{\"@type\":\"EntryPoint\",\"urlTemplate\":\"https:\/\/dicodusport.fr\/blog\/?s={search_term_string}\"},\"query-input\":{\"@type\":\"PropertyValueSpecification\",\"valueRequired\":true,\"valueName\":\"search_term_string\"}}],\"inLanguage\":\"fr-FR\"},{\"@type\":\"NewsMediaOrganization\",\"@id\":\"https:\/\/dicodusport.fr\/blog\/#organization\",\"name\":\"Dicodusport\",\"url\":\"https:\/\/dicodusport.fr\/blog\/\",\"logo\":{\"@type\":\"ImageObject\",\"inLanguage\":\"fr-FR\",\"@id\":\"https:\/\/dicodusport.fr\/blog\/#\/schema\/logo\/image\/\",\"url\":\"https:\/\/dicodusport.fr\/blog\/wp-content\/uploads\/2020\/06\/cropped-LOGO-DICODUSPORT-2020-SANS-FOND-SANS-TEXTE.png\",\"contentUrl\":\"https:\/\/dicodusport.fr\/blog\/wp-content\/uploads\/2020\/06\/cropped-LOGO-DICODUSPORT-2020-SANS-FOND-SANS-TEXTE.png\",\"width\":512,\"height\":512,\"caption\":\"Dicodusport\"},\"image\":{\"@id\":\"https:\/\/dicodusport.fr\/blog\/#\/schema\/logo\/image\/\"},\"sameAs\":[\"https:\/\/www.facebook.com\/dicodusport\",\"https:\/\/x.com\/dicodusport\",\"https:\/\/www.instagram.com\/dicodusport\/\",\"https:\/\/www.youtube.com\/channel\/UC7V2KZ5sd3htJivAbA4ZG3w\"],\"description\":\"Dicodusport est l'encyclop\u00e9die de l'actualit\u00e9 sportive.\",\"email\":\"bonjour@dicodusport.fr\",\"legalName\":\"DICODUSPORT\",\"foundingDate\":\"2018-01-14\",\"vatID\":\"FR71834470973\",\"taxID\":\"83447097300043\",\"numberOfEmployees\":{\"@type\":\"QuantitativeValue\",\"minValue\":\"1\",\"maxValue\":\"10\"}},{\"@type\":\"Person\",\"@id\":\"https:\/\/dicodusport.fr\/blog\/#\/schema\/person\/55dcb50ad410894e431ed812bbb70191\",\"name\":\"Nicolas Jacquemard\",\"image\":{\"@type\":\"ImageObject\",\"inLanguage\":\"fr-FR\",\"@id\":\"https:\/\/dicodusport.fr\/blog\/#\/schema\/person\/image\/\",\"url\":\"https:\/\/dicodusport.fr\/blog\/wp-content\/uploads\/2021\/05\/Nicolas-Jacquemard-150x150.jpeg\",\"contentUrl\":\"https:\/\/dicodusport.fr\/blog\/wp-content\/uploads\/2021\/05\/Nicolas-Jacquemard-150x150.jpeg\",\"caption\":\"Nicolas Jacquemard\"},\"description\":\"Passionn\u00e9 de sport et entrepreneur depuis mes 18 ans, la cr\u00e9ation de Dicodusport m'a sembl\u00e9 \u00e9vidente pour participer \u00e0 la m\u00e9diatisation d'un plus grand nombre de sports. Le chemin est long mais avec une \u00e9quipe des plus motiv\u00e9es et les Jeux Olympiques de Paris 2024 en point de mire, nous y arriverons ! Journaliste dans le monde du sport depuis plus de 5 ans, je traite aussi bien de football, de rugby, de biathlon que de cyclisme.\",\"sameAs\":[\"https:\/\/www.facebook.com\/dicodusport\",\"https:\/\/x.com\/https:\/\/twitter.com\/Nico_Jacquemard\"],\"url\":\"https:\/\/dicodusport.fr\/blog\/author\/dicodusport\/\"}]}<\/script>\n<!-- \/ Yoast SEO Premium plugin. -->","yoast_head_json":{"title":"PSG : Kylian Mbapp\u00e9 finalement pr\u00e9sent face au Bayern Munich","description":"FOOTBALL - Selon L'\u00c9quipe, Kylian Mbapp\u00e9 sera finalement pr\u00e9sent dans le groupe pour affronter le Bayern Munich.\u00a0","robots":{"index":"index","follow":"follow","max-snippet":"max-snippet:-1","max-image-preview":"max-image-preview:large","max-video-preview":"max-video-preview:-1"},"canonical":"https:\/\/dicodusport.fr\/blog\/psg-kylian-mbappe-finalement-present-face-au-bayern-munich\/","og_locale":"fr_FR","og_type":"article","og_title":"PSG : Kylian Mbapp\u00e9 finalement pr\u00e9sent face au Bayern Munich","og_description":"FOOTBALL - Selon L'\u00c9quipe, Kylian Mbapp\u00e9 sera finalement pr\u00e9sent dans le groupe pour affronter le Bayern Munich.\u00a0","og_url":"https:\/\/dicodusport.fr\/blog\/psg-kylian-mbappe-finalement-present-face-au-bayern-munich\/","og_site_name":"Dicodusport","article_publisher":"https:\/\/www.facebook.com\/dicodusport","article_author":"https:\/\/www.facebook.com\/dicodusport","article_published_time":"2023-02-13T13:26:20+00:00","article_modified_time":"2023-02-13T13:56:12+00:00","og_image":[{"width":800,"height":445,"url":"https:\/\/dicodusport.fr\/blog\/wp-content\/uploads\/2022\/10\/Kylian-Mbappe\u0301-veut-quitter-le-PSG-en-janvier.png","type":"image\/png"}],"author":"Nicolas Jacquemard","twitter_card":"summary_large_image","twitter_title":"PSG : Kylian Mbapp\u00e9 finalement pr\u00e9sent face au Bayern Munich","twitter_creator":"@https:\/\/twitter.com\/Nico_Jacquemard","twitter_site":"@dicodusport","schema":{"@context":"https:\/\/schema.org","@graph":[{"@type":"NewsArticle","@id":"https:\/\/dicodusport.fr\/blog\/psg-kylian-mbappe-finalement-present-face-au-bayern-munich\/#article","isPartOf":{"@id":"https:\/\/dicodusport.fr\/blog\/psg-kylian-mbappe-finalement-present-face-au-bayern-munich\/"},"author":{"name":"Nicolas Jacquemard","@id":"https:\/\/dicodusport.fr\/blog\/#\/schema\/person\/55dcb50ad410894e431ed812bbb70191"},"headline":"PSG : Kylian Mbapp\u00e9 finalement pr\u00e9sent face au Bayern Munich","datePublished":"2023-02-13T13:26:20+00:00","dateModified":"2023-02-13T13:56:12+00:00","mainEntityOfPage":{"@id":"https:\/\/dicodusport.fr\/blog\/psg-kylian-mbappe-finalement-present-face-au-bayern-munich\/"},"wordCount":167,"commentCount":0,"publisher":{"@id":"https:\/\/dicodusport.fr\/blog\/#organization"},"image":{"@id":"https:\/\/dicodusport.fr\/blog\/psg-kylian-mbappe-finalement-present-face-au-bayern-munich\/#primaryimage"},"thumbnailUrl":"https:\/\/dicodusport.fr\/blog\/wp-content\/uploads\/2022\/10\/Kylian-Mbappe\u0301-veut-quitter-le-PSG-en-janvier.png","keywords":["br\u00e8ve","Football","Kylian Mbapp\u00e9","Mbappe","Paris","PSG"],"articleSection":["Football"],"inLanguage":"fr-FR","potentialAction":[{"@type":"CommentAction","name":"Comment","target":["https:\/\/dicodusport.fr\/blog\/psg-kylian-mbappe-finalement-present-face-au-bayern-munich\/#respond"]}],"copyrightYear":"2023","copyrightHolder":{"@id":"https:\/\/dicodusport.fr\/blog\/#organization"}},{"@type":"WebPage","@id":"https:\/\/dicodusport.fr\/blog\/psg-kylian-mbappe-finalement-present-face-au-bayern-munich\/","url":"https:\/\/dicodusport.fr\/blog\/psg-kylian-mbappe-finalement-present-face-au-bayern-munich\/","name":"PSG : Kylian Mbapp\u00e9 finalement pr\u00e9sent face au Bayern Munich","isPartOf":{"@id":"https:\/\/dicodusport.fr\/blog\/#website"},"primaryImageOfPage":{"@id":"https:\/\/dicodusport.fr\/blog\/psg-kylian-mbappe-finalement-present-face-au-bayern-munich\/#primaryimage"},"image":{"@id":"https:\/\/dicodusport.fr\/blog\/psg-kylian-mbappe-finalement-present-face-au-bayern-munich\/#primaryimage"},"thumbnailUrl":"https:\/\/dicodusport.fr\/blog\/wp-content\/uploads\/2022\/10\/Kylian-Mbappe\u0301-veut-quitter-le-PSG-en-janvier.png","datePublished":"2023-02-13T13:26:20+00:00","dateModified":"2023-02-13T13:56:12+00:00","description":"FOOTBALL - Selon L'\u00c9quipe, Kylian Mbapp\u00e9 sera finalement pr\u00e9sent dans le groupe pour affronter le Bayern Munich.\u00a0","breadcrumb":{"@id":"https:\/\/dicodusport.fr\/blog\/psg-kylian-mbappe-finalement-present-face-au-bayern-munich\/#breadcrumb"},"inLanguage":"fr-FR","potentialAction":[{"@type":"ReadAction","target":["https:\/\/dicodusport.fr\/blog\/psg-kylian-mbappe-finalement-present-face-au-bayern-munich\/"]}]},{"@type":"ImageObject","inLanguage":"fr-FR","@id":"https:\/\/dicodusport.fr\/blog\/psg-kylian-mbappe-finalement-present-face-au-bayern-munich\/#primaryimage","url":"https:\/\/dicodusport.fr\/blog\/wp-content\/uploads\/2022\/10\/Kylian-Mbappe\u0301-veut-quitter-le-PSG-en-janvier.png","contentUrl":"https:\/\/dicodusport.fr\/blog\/wp-content\/uploads\/2022\/10\/Kylian-Mbappe\u0301-veut-quitter-le-PSG-en-janvier.png","width":800,"height":445},{"@type":"BreadcrumbList","@id":"https:\/\/dicodusport.fr\/blog\/psg-kylian-mbappe-finalement-present-face-au-bayern-munich\/#breadcrumb","itemListElement":[{"@type":"ListItem","position":1,"name":"Accueil","item":"https:\/\/dicodusport.fr\/blog\/"},{"@type":"ListItem","position":2,"name":"PSG : Kylian Mbapp\u00e9 finalement pr\u00e9sent face au Bayern Munich"}]},{"@type":"WebSite","@id":"https:\/\/dicodusport.fr\/blog\/#website","url":"https:\/\/dicodusport.fr\/blog\/","name":"Dicodusport","description":"L&#039;encyclop\u00e9die de l&#039;actualit\u00e9 sportive","publisher":{"@id":"https:\/\/dicodusport.fr\/blog\/#organization"},"potentialAction":[{"@type":"SearchAction","target":{"@type":"EntryPoint","urlTemplate":"https:\/\/dicodusport.fr\/blog\/?s={search_term_string}"},"query-input":{"@type":"PropertyValueSpecification","valueRequired":true,"valueName":"search_term_string"}}],"inLanguage":"fr-FR"},{"@type":"NewsMediaOrganization","@id":"https:\/\/dicodusport.fr\/blog\/#organization","name":"Dicodusport","url":"https:\/\/dicodusport.fr\/blog\/","logo":{"@type":"ImageObject","inLanguage":"fr-FR","@id":"https:\/\/dicodusport.fr\/blog\/#\/schema\/logo\/image\/","url":"https:\/\/dicodusport.fr\/blog\/wp-content\/uploads\/2020\/06\/cropped-LOGO-DICODUSPORT-2020-SANS-FOND-SANS-TEXTE.png","contentUrl":"https:\/\/dicodusport.fr\/blog\/wp-content\/uploads\/2020\/06\/cropped-LOGO-DICODUSPORT-2020-SANS-FOND-SANS-TEXTE.png","width":512,"height":512,"caption":"Dicodusport"},"image":{"@id":"https:\/\/dicodusport.fr\/blog\/#\/schema\/logo\/image\/"},"sameAs":["https:\/\/www.facebook.com\/dicodusport","https:\/\/x.com\/dicodusport","https:\/\/www.instagram.com\/dicodusport\/","https:\/\/www.youtube.com\/channel\/UC7V2KZ5sd3htJivAbA4ZG3w"],"description":"Dicodusport est l'encyclop\u00e9die de l'actualit\u00e9 sportive.","email":"bonjour@dicodusport.fr","legalName":"DICODUSPORT","foundingDate":"2018-01-14","vatID":"FR71834470973","taxID":"83447097300043","numberOfEmployees":{"@type":"QuantitativeValue","minValue":"1","maxValue":"10"}},{"@type":"Person","@id":"https:\/\/dicodusport.fr\/blog\/#\/schema\/person\/55dcb50ad410894e431ed812bbb70191","name":"Nicolas Jacquemard","image":{"@type":"ImageObject","inLanguage":"fr-FR","@id":"https:\/\/dicodusport.fr\/blog\/#\/schema\/person\/image\/","url":"https:\/\/dicodusport.fr\/blog\/wp-content\/uploads\/2021\/05\/Nicolas-Jacquemard-150x150.jpeg","contentUrl":"https:\/\/dicodusport.fr\/blog\/wp-content\/uploads\/2021\/05\/Nicolas-Jacquemard-150x150.jpeg","caption":"Nicolas Jacquemard"},"description":"Passionn\u00e9 de sport et entrepreneur depuis mes 18 ans, la cr\u00e9ation de Dicodusport m'a sembl\u00e9 \u00e9vidente pour participer \u00e0 la m\u00e9diatisation d'un plus grand nombre de sports. Le chemin est long mais avec une \u00e9quipe des plus motiv\u00e9es et les Jeux Olympiques de Paris 2024 en point de mire, nous y arriverons ! Journaliste dans le monde du sport depuis plus de 5 ans, je traite aussi bien de football, de rugby, de biathlon que de cyclisme.","sameAs":["https:\/\/www.facebook.com\/dicodusport","https:\/\/x.com\/https:\/\/twitter.com\/Nico_Jacquemard"],"url":"https:\/\/dicodusport.fr\/blog\/author\/dicodusport\/"}]}},"_links":{"self":[{"href":"https:\/\/dicodusport.fr\/blog\/wp-json\/wp\/v2\/posts\/355233","targetHints":{"allow":["GET"]}}],"collection":[{"href":"https:\/\/dicodusport.fr\/blog\/wp-json\/wp\/v2\/posts"}],"about":[{"href":"https:\/\/dicodusport.fr\/blog\/wp-json\/wp\/v2\/types\/post"}],"author":[{"embeddable":true,"href":"https:\/\/dicodusport.fr\/blog\/wp-json\/wp\/v2\/users\/1"}],"replies":[{"embeddable":true,"href":"https:\/\/dicodusport.fr\/blog\/wp-json\/wp\/v2\/comments?post=355233"}],"version-history":[{"count":0,"href":"https:\/\/dicodusport.fr\/blog\/wp-json\/wp\/v2\/posts\/355233\/revisions"}],"wp:featuredmedia":[{"embeddable":true,"href":"https:\/\/dicodusport.fr\/blog\/wp-json\/wp\/v2\/media\/269211"}],"wp:attachment":[{"href":"https:\/\/dicodusport.fr\/blog\/wp-json\/wp\/v2\/media?parent=355233"}],"wp:term":[{"taxonomy":"category","embeddable":true,"href":"https:\/\/dicodusport.fr\/blog\/wp-json\/wp\/v2\/categories?post=355233"},{"taxonomy":"post_tag","embeddable":true,"href":"https:\/\/dicodusport.fr\/blog\/wp-json\/wp\/v2\/tags?post=355233"}],"curies":[{"name":"wp","href":"https:\/\/api.w.org\/{rel}","templated":true}]}}