{"id":35538,"date":"2019-03-18T11:20:04","date_gmt":"2019-03-18T10:20:04","guid":{"rendered":"http:\/\/dicodusport.fr\/blog\/?p=35538"},"modified":"2019-03-18T11:24:08","modified_gmt":"2019-03-18T10:24:08","slug":"biathlon-pas-de-martin-fourcade-ni-danais-chevalier-pour-les-finales-a-oslo","status":"publish","type":"post","link":"https:\/\/dicodusport.fr\/blog\/biathlon-pas-de-martin-fourcade-ni-danais-chevalier-pour-les-finales-a-oslo\/","title":{"rendered":"Biathlon : Pas de Martin Fourcade ni d&rsquo;Ana\u00efs Chevalier pour les finales \u00e0 Oslo"},"content":{"rendered":"<p style=\"text-align: justify;\"><em><strong>Les listes des \u00e9quipes de France pour les finales de la Coupe du monde \u00e0 Oslo en Norv\u00e8ge \u00e0 partir du 24 mars sont tomb\u00e9es.<\/strong><\/em><\/p>\n<p style=\"text-align: justify;\">Comme on pouvait s&rsquo;y attendre apr\u00e8s leurs r\u00e9sultats sur les Mondiaux, Martin Fourcade et Ana\u00efs Chevalier ne prendront pas part \u00e0 la comp\u00e9tition. Le champion fran\u00e7ais, pr\u00e9sent sur place pour encourager ses partenaires, a donc d\u00e9cid\u00e9 de faire l&rsquo;impasse et de prendre du repos afin de pr\u00e9parer au mieux la saison prochaine.<\/p>\n<p style=\"text-align: justify;\"><strong>Femmes :<\/strong><\/p>\n<p style=\"text-align: justify;\">C\u00e9lia Aymonier<br \/>\nAna\u00efs Bescond<br \/>\nJustine Braisaz<br \/>\nChlo\u00e9 Chevalier<br \/>\nCaroline Colombo<br \/>\nJulia Simon<\/p>\n<p style=\"text-align: justify;\"><strong>Hommes :<\/strong><\/p>\n<p style=\"text-align: justify;\">Aristide B\u00e8gue<br \/>\nFabien Claude<br \/>\nSimon Desthieux<br \/>\nQuentin Fillon Maillet<br \/>\nSimon Fourcade<br \/>\nAntonin Guigonnat<br \/>\nEmilien Jacquelin<\/p>\n<p><em style=\"font-family: -apple-system, BlinkMacSystemFont, 'Segoe UI', Roboto, Oxygen-Sans, Ubuntu, Cantarell, 'Helvetica Neue', sans-serif;\"><strong>Nicolas Jacquemard<br \/>\n<\/strong><\/em><a style=\"font-family: -apple-system, BlinkMacSystemFont, 'Segoe UI', Roboto, Oxygen-Sans, Ubuntu, Cantarell, 'Helvetica Neue', sans-serif;\" href=\"https:\/\/twitter.com\/Nico_Jacquemard\" target=\"_blank\" rel=\"noopener noreferrer\"><img loading=\"lazy\" decoding=\"async\" class=\"alignnone wp-image-2908\" src=\"http:\/\/dicodusport.fr\/blog\/wp-content\/uploads\/2017\/07\/logo-twitter-150x150.png\" alt=\"\" width=\"39\" height=\"39\" \/><\/a><a style=\"font-family: -apple-system, BlinkMacSystemFont, 'Segoe UI', Roboto, Oxygen-Sans, Ubuntu, Cantarell, 'Helvetica Neue', sans-serif;\" href=\"https:\/\/www.facebook.com\/dicodusport\/\" target=\"_blank\" rel=\"noopener noreferrer\"><img loading=\"lazy\" decoding=\"async\" class=\"alignnone wp-image-2909\" src=\"http:\/\/dicodusport.fr\/blog\/wp-content\/uploads\/2017\/07\/logo-facebook-150x150.png\" alt=\"\" width=\"40\" height=\"40\" \/><\/a><\/p>\n","protected":false},"excerpt":{"rendered":"<p>Les listes des \u00e9quipes de France pour les finales de la Coupe du monde \u00e0 Oslo en Norv\u00e8ge \u00e0 partir du 24 mars sont tomb\u00e9es.<\/p>\n","protected":false},"author":1,"featured_media":34704,"comment_status":"open","ping_status":"closed","sticky":false,"template":"","format":"standard","meta":{"_acf_changed":false,"_daextam_enable_autolinks":"","footnotes":""},"categories":[2,2426,2313],"tags":[2427,3556,2198,2429,7457],"class_list":["post-35538","post","type-post","status-publish","format-standard","has-post-thumbnail","hentry","category-actualites","category-biathlon","category-sports-dhiver","tag-biathlon","tag-chevalier","tag-fourcade","tag-martin-fourcade","tag-oslo"],"acf":[],"yoast_head":"<!-- This site is optimized with the Yoast SEO Premium plugin v26.7 (Yoast SEO v26.7) - https:\/\/yoast.com\/wordpress\/plugins\/seo\/ -->\n<title>Biathlon : Pas de Martin Fourcade ni d&#039;Ana\u00efs Chevalier pour les finales \u00e0 Oslo<\/title>\n<meta name=\"description\" content=\"Les listes des \u00e9quipes de France pour les finales de la Coupe du monde \u00e0 Oslo en Norv\u00e8ge \u00e0 partir du 24 mars sont tomb\u00e9es.\" \/>\n<meta name=\"robots\" content=\"index, follow, max-snippet:-1, max-image-preview:large, max-video-preview:-1\" \/>\n<link rel=\"canonical\" href=\"https:\/\/dicodusport.fr\/blog\/biathlon-pas-de-martin-fourcade-ni-danais-chevalier-pour-les-finales-a-oslo\/\" \/>\n<meta property=\"og:locale\" content=\"fr_FR\" \/>\n<meta property=\"og:type\" content=\"article\" \/>\n<meta property=\"og:title\" content=\"Biathlon : Pas de Martin Fourcade ni d&#039;Ana\u00efs Chevalier pour les finales \u00e0 Oslo\" \/>\n<meta property=\"og:description\" content=\"Les listes des \u00e9quipes de France pour les finales de la Coupe du monde \u00e0 Oslo en Norv\u00e8ge \u00e0 partir du 24 mars sont tomb\u00e9es.\" \/>\n<meta property=\"og:url\" content=\"https:\/\/dicodusport.fr\/blog\/biathlon-pas-de-martin-fourcade-ni-danais-chevalier-pour-les-finales-a-oslo\/\" \/>\n<meta property=\"og:site_name\" content=\"Dicodusport\" \/>\n<meta property=\"article:publisher\" content=\"https:\/\/www.facebook.com\/dicodusport\" \/>\n<meta property=\"article:author\" content=\"https:\/\/www.facebook.com\/dicodusport\" \/>\n<meta property=\"article:published_time\" content=\"2019-03-18T10:20:04+00:00\" \/>\n<meta property=\"article:modified_time\" content=\"2019-03-18T10:24:08+00:00\" \/>\n<meta property=\"og:image\" content=\"https:\/\/dicodusport.fr\/blog\/wp-content\/uploads\/2019\/03\/Martin-Fourcade-Championnats-du-monde-biathlon-2019.png\" \/>\n\t<meta property=\"og:image:width\" content=\"800\" \/>\n\t<meta property=\"og:image:height\" content=\"445\" \/>\n\t<meta property=\"og:image:type\" content=\"image\/png\" \/>\n<meta name=\"author\" content=\"Nicolas Jacquemard\" \/>\n<meta name=\"twitter:card\" content=\"summary_large_image\" \/>\n<meta name=\"twitter:creator\" content=\"@https:\/\/twitter.com\/Nico_Jacquemard\" \/>\n<meta name=\"twitter:site\" content=\"@dicodusport\" \/>\n<script type=\"application\/ld+json\" class=\"yoast-schema-graph\">{\"@context\":\"https:\/\/schema.org\",\"@graph\":[{\"@type\":\"NewsArticle\",\"@id\":\"https:\/\/dicodusport.fr\/blog\/biathlon-pas-de-martin-fourcade-ni-danais-chevalier-pour-les-finales-a-oslo\/#article\",\"isPartOf\":{\"@id\":\"https:\/\/dicodusport.fr\/blog\/biathlon-pas-de-martin-fourcade-ni-danais-chevalier-pour-les-finales-a-oslo\/\"},\"author\":{\"name\":\"Nicolas Jacquemard\",\"@id\":\"https:\/\/dicodusport.fr\/blog\/#\/schema\/person\/55dcb50ad410894e431ed812bbb70191\"},\"headline\":\"Biathlon : Pas de Martin Fourcade ni d&rsquo;Ana\u00efs Chevalier pour les finales \u00e0 Oslo\",\"datePublished\":\"2019-03-18T10:20:04+00:00\",\"dateModified\":\"2019-03-18T10:24:08+00:00\",\"mainEntityOfPage\":{\"@id\":\"https:\/\/dicodusport.fr\/blog\/biathlon-pas-de-martin-fourcade-ni-danais-chevalier-pour-les-finales-a-oslo\/\"},\"wordCount\":133,\"commentCount\":0,\"publisher\":{\"@id\":\"https:\/\/dicodusport.fr\/blog\/#organization\"},\"image\":{\"@id\":\"https:\/\/dicodusport.fr\/blog\/biathlon-pas-de-martin-fourcade-ni-danais-chevalier-pour-les-finales-a-oslo\/#primaryimage\"},\"thumbnailUrl\":\"https:\/\/dicodusport.fr\/blog\/wp-content\/uploads\/2019\/03\/Martin-Fourcade-Championnats-du-monde-biathlon-2019.png\",\"keywords\":[\"Biathlon\",\"Chevalier\",\"Fourcade\",\"Martin Fourcade\",\"Oslo\"],\"articleSection\":[\"Actualit\u00e9s\",\"Biathlon\",\"Sports d'hiver\"],\"inLanguage\":\"fr-FR\",\"potentialAction\":[{\"@type\":\"CommentAction\",\"name\":\"Comment\",\"target\":[\"https:\/\/dicodusport.fr\/blog\/biathlon-pas-de-martin-fourcade-ni-danais-chevalier-pour-les-finales-a-oslo\/#respond\"]}],\"copyrightYear\":\"2019\",\"copyrightHolder\":{\"@id\":\"https:\/\/dicodusport.fr\/blog\/#organization\"}},{\"@type\":\"WebPage\",\"@id\":\"https:\/\/dicodusport.fr\/blog\/biathlon-pas-de-martin-fourcade-ni-danais-chevalier-pour-les-finales-a-oslo\/\",\"url\":\"https:\/\/dicodusport.fr\/blog\/biathlon-pas-de-martin-fourcade-ni-danais-chevalier-pour-les-finales-a-oslo\/\",\"name\":\"Biathlon : Pas de Martin Fourcade ni d'Ana\u00efs Chevalier pour les finales \u00e0 Oslo\",\"isPartOf\":{\"@id\":\"https:\/\/dicodusport.fr\/blog\/#website\"},\"primaryImageOfPage\":{\"@id\":\"https:\/\/dicodusport.fr\/blog\/biathlon-pas-de-martin-fourcade-ni-danais-chevalier-pour-les-finales-a-oslo\/#primaryimage\"},\"image\":{\"@id\":\"https:\/\/dicodusport.fr\/blog\/biathlon-pas-de-martin-fourcade-ni-danais-chevalier-pour-les-finales-a-oslo\/#primaryimage\"},\"thumbnailUrl\":\"https:\/\/dicodusport.fr\/blog\/wp-content\/uploads\/2019\/03\/Martin-Fourcade-Championnats-du-monde-biathlon-2019.png\",\"datePublished\":\"2019-03-18T10:20:04+00:00\",\"dateModified\":\"2019-03-18T10:24:08+00:00\",\"description\":\"Les listes des \u00e9quipes de France pour les finales de la Coupe du monde \u00e0 Oslo en Norv\u00e8ge \u00e0 partir du 24 mars sont tomb\u00e9es.\",\"breadcrumb\":{\"@id\":\"https:\/\/dicodusport.fr\/blog\/biathlon-pas-de-martin-fourcade-ni-danais-chevalier-pour-les-finales-a-oslo\/#breadcrumb\"},\"inLanguage\":\"fr-FR\",\"potentialAction\":[{\"@type\":\"ReadAction\",\"target\":[\"https:\/\/dicodusport.fr\/blog\/biathlon-pas-de-martin-fourcade-ni-danais-chevalier-pour-les-finales-a-oslo\/\"]}]},{\"@type\":\"ImageObject\",\"inLanguage\":\"fr-FR\",\"@id\":\"https:\/\/dicodusport.fr\/blog\/biathlon-pas-de-martin-fourcade-ni-danais-chevalier-pour-les-finales-a-oslo\/#primaryimage\",\"url\":\"https:\/\/dicodusport.fr\/blog\/wp-content\/uploads\/2019\/03\/Martin-Fourcade-Championnats-du-monde-biathlon-2019.png\",\"contentUrl\":\"https:\/\/dicodusport.fr\/blog\/wp-content\/uploads\/2019\/03\/Martin-Fourcade-Championnats-du-monde-biathlon-2019.png\",\"width\":800,\"height\":445},{\"@type\":\"BreadcrumbList\",\"@id\":\"https:\/\/dicodusport.fr\/blog\/biathlon-pas-de-martin-fourcade-ni-danais-chevalier-pour-les-finales-a-oslo\/#breadcrumb\",\"itemListElement\":[{\"@type\":\"ListItem\",\"position\":1,\"name\":\"Accueil\",\"item\":\"https:\/\/dicodusport.fr\/blog\/\"},{\"@type\":\"ListItem\",\"position\":2,\"name\":\"Biathlon : Pas de Martin Fourcade ni d&rsquo;Ana\u00efs Chevalier pour les finales \u00e0 Oslo\"}]},{\"@type\":\"WebSite\",\"@id\":\"https:\/\/dicodusport.fr\/blog\/#website\",\"url\":\"https:\/\/dicodusport.fr\/blog\/\",\"name\":\"Dicodusport\",\"description\":\"L&#039;encyclop\u00e9die de l&#039;actualit\u00e9 sportive\",\"publisher\":{\"@id\":\"https:\/\/dicodusport.fr\/blog\/#organization\"},\"potentialAction\":[{\"@type\":\"SearchAction\",\"target\":{\"@type\":\"EntryPoint\",\"urlTemplate\":\"https:\/\/dicodusport.fr\/blog\/?s={search_term_string}\"},\"query-input\":{\"@type\":\"PropertyValueSpecification\",\"valueRequired\":true,\"valueName\":\"search_term_string\"}}],\"inLanguage\":\"fr-FR\"},{\"@type\":\"NewsMediaOrganization\",\"@id\":\"https:\/\/dicodusport.fr\/blog\/#organization\",\"name\":\"Dicodusport\",\"url\":\"https:\/\/dicodusport.fr\/blog\/\",\"logo\":{\"@type\":\"ImageObject\",\"inLanguage\":\"fr-FR\",\"@id\":\"https:\/\/dicodusport.fr\/blog\/#\/schema\/logo\/image\/\",\"url\":\"https:\/\/dicodusport.fr\/blog\/wp-content\/uploads\/2020\/06\/cropped-LOGO-DICODUSPORT-2020-SANS-FOND-SANS-TEXTE.png\",\"contentUrl\":\"https:\/\/dicodusport.fr\/blog\/wp-content\/uploads\/2020\/06\/cropped-LOGO-DICODUSPORT-2020-SANS-FOND-SANS-TEXTE.png\",\"width\":512,\"height\":512,\"caption\":\"Dicodusport\"},\"image\":{\"@id\":\"https:\/\/dicodusport.fr\/blog\/#\/schema\/logo\/image\/\"},\"sameAs\":[\"https:\/\/www.facebook.com\/dicodusport\",\"https:\/\/x.com\/dicodusport\",\"https:\/\/www.instagram.com\/dicodusport\/\",\"https:\/\/www.youtube.com\/channel\/UC7V2KZ5sd3htJivAbA4ZG3w\"],\"description\":\"Dicodusport est l'encyclop\u00e9die de l'actualit\u00e9 sportive.\",\"email\":\"bonjour@dicodusport.fr\",\"legalName\":\"DICODUSPORT\",\"foundingDate\":\"2018-01-14\",\"vatID\":\"FR71834470973\",\"taxID\":\"83447097300043\",\"numberOfEmployees\":{\"@type\":\"QuantitativeValue\",\"minValue\":\"1\",\"maxValue\":\"10\"}},{\"@type\":\"Person\",\"@id\":\"https:\/\/dicodusport.fr\/blog\/#\/schema\/person\/55dcb50ad410894e431ed812bbb70191\",\"name\":\"Nicolas Jacquemard\",\"image\":{\"@type\":\"ImageObject\",\"inLanguage\":\"fr-FR\",\"@id\":\"https:\/\/dicodusport.fr\/blog\/#\/schema\/person\/image\/\",\"url\":\"https:\/\/dicodusport.fr\/blog\/wp-content\/uploads\/2021\/05\/Nicolas-Jacquemard-150x150.jpeg\",\"contentUrl\":\"https:\/\/dicodusport.fr\/blog\/wp-content\/uploads\/2021\/05\/Nicolas-Jacquemard-150x150.jpeg\",\"caption\":\"Nicolas Jacquemard\"},\"description\":\"Passionn\u00e9 de sport et entrepreneur depuis mes 18 ans, la cr\u00e9ation de Dicodusport m'a sembl\u00e9 \u00e9vidente pour participer \u00e0 la m\u00e9diatisation d'un plus grand nombre de sports. Le chemin est long mais avec une \u00e9quipe des plus motiv\u00e9es et les Jeux Olympiques de Paris 2024 en point de mire, nous y arriverons ! Journaliste dans le monde du sport depuis plus de 5 ans, je traite aussi bien de football, de rugby, de biathlon que de cyclisme.\",\"sameAs\":[\"https:\/\/www.facebook.com\/dicodusport\",\"https:\/\/x.com\/https:\/\/twitter.com\/Nico_Jacquemard\"],\"url\":\"https:\/\/dicodusport.fr\/blog\/author\/dicodusport\/\"}]}<\/script>\n<!-- \/ Yoast SEO Premium plugin. -->","yoast_head_json":{"title":"Biathlon : Pas de Martin Fourcade ni d'Ana\u00efs Chevalier pour les finales \u00e0 Oslo","description":"Les listes des \u00e9quipes de France pour les finales de la Coupe du monde \u00e0 Oslo en Norv\u00e8ge \u00e0 partir du 24 mars sont tomb\u00e9es.","robots":{"index":"index","follow":"follow","max-snippet":"max-snippet:-1","max-image-preview":"max-image-preview:large","max-video-preview":"max-video-preview:-1"},"canonical":"https:\/\/dicodusport.fr\/blog\/biathlon-pas-de-martin-fourcade-ni-danais-chevalier-pour-les-finales-a-oslo\/","og_locale":"fr_FR","og_type":"article","og_title":"Biathlon : Pas de Martin Fourcade ni d'Ana\u00efs Chevalier pour les finales \u00e0 Oslo","og_description":"Les listes des \u00e9quipes de France pour les finales de la Coupe du monde \u00e0 Oslo en Norv\u00e8ge \u00e0 partir du 24 mars sont tomb\u00e9es.","og_url":"https:\/\/dicodusport.fr\/blog\/biathlon-pas-de-martin-fourcade-ni-danais-chevalier-pour-les-finales-a-oslo\/","og_site_name":"Dicodusport","article_publisher":"https:\/\/www.facebook.com\/dicodusport","article_author":"https:\/\/www.facebook.com\/dicodusport","article_published_time":"2019-03-18T10:20:04+00:00","article_modified_time":"2019-03-18T10:24:08+00:00","og_image":[{"width":800,"height":445,"url":"https:\/\/dicodusport.fr\/blog\/wp-content\/uploads\/2019\/03\/Martin-Fourcade-Championnats-du-monde-biathlon-2019.png","type":"image\/png"}],"author":"Nicolas Jacquemard","twitter_card":"summary_large_image","twitter_creator":"@https:\/\/twitter.com\/Nico_Jacquemard","twitter_site":"@dicodusport","schema":{"@context":"https:\/\/schema.org","@graph":[{"@type":"NewsArticle","@id":"https:\/\/dicodusport.fr\/blog\/biathlon-pas-de-martin-fourcade-ni-danais-chevalier-pour-les-finales-a-oslo\/#article","isPartOf":{"@id":"https:\/\/dicodusport.fr\/blog\/biathlon-pas-de-martin-fourcade-ni-danais-chevalier-pour-les-finales-a-oslo\/"},"author":{"name":"Nicolas Jacquemard","@id":"https:\/\/dicodusport.fr\/blog\/#\/schema\/person\/55dcb50ad410894e431ed812bbb70191"},"headline":"Biathlon : Pas de Martin Fourcade ni d&rsquo;Ana\u00efs Chevalier pour les finales \u00e0 Oslo","datePublished":"2019-03-18T10:20:04+00:00","dateModified":"2019-03-18T10:24:08+00:00","mainEntityOfPage":{"@id":"https:\/\/dicodusport.fr\/blog\/biathlon-pas-de-martin-fourcade-ni-danais-chevalier-pour-les-finales-a-oslo\/"},"wordCount":133,"commentCount":0,"publisher":{"@id":"https:\/\/dicodusport.fr\/blog\/#organization"},"image":{"@id":"https:\/\/dicodusport.fr\/blog\/biathlon-pas-de-martin-fourcade-ni-danais-chevalier-pour-les-finales-a-oslo\/#primaryimage"},"thumbnailUrl":"https:\/\/dicodusport.fr\/blog\/wp-content\/uploads\/2019\/03\/Martin-Fourcade-Championnats-du-monde-biathlon-2019.png","keywords":["Biathlon","Chevalier","Fourcade","Martin Fourcade","Oslo"],"articleSection":["Actualit\u00e9s","Biathlon","Sports d'hiver"],"inLanguage":"fr-FR","potentialAction":[{"@type":"CommentAction","name":"Comment","target":["https:\/\/dicodusport.fr\/blog\/biathlon-pas-de-martin-fourcade-ni-danais-chevalier-pour-les-finales-a-oslo\/#respond"]}],"copyrightYear":"2019","copyrightHolder":{"@id":"https:\/\/dicodusport.fr\/blog\/#organization"}},{"@type":"WebPage","@id":"https:\/\/dicodusport.fr\/blog\/biathlon-pas-de-martin-fourcade-ni-danais-chevalier-pour-les-finales-a-oslo\/","url":"https:\/\/dicodusport.fr\/blog\/biathlon-pas-de-martin-fourcade-ni-danais-chevalier-pour-les-finales-a-oslo\/","name":"Biathlon : Pas de Martin Fourcade ni d'Ana\u00efs Chevalier pour les finales \u00e0 Oslo","isPartOf":{"@id":"https:\/\/dicodusport.fr\/blog\/#website"},"primaryImageOfPage":{"@id":"https:\/\/dicodusport.fr\/blog\/biathlon-pas-de-martin-fourcade-ni-danais-chevalier-pour-les-finales-a-oslo\/#primaryimage"},"image":{"@id":"https:\/\/dicodusport.fr\/blog\/biathlon-pas-de-martin-fourcade-ni-danais-chevalier-pour-les-finales-a-oslo\/#primaryimage"},"thumbnailUrl":"https:\/\/dicodusport.fr\/blog\/wp-content\/uploads\/2019\/03\/Martin-Fourcade-Championnats-du-monde-biathlon-2019.png","datePublished":"2019-03-18T10:20:04+00:00","dateModified":"2019-03-18T10:24:08+00:00","description":"Les listes des \u00e9quipes de France pour les finales de la Coupe du monde \u00e0 Oslo en Norv\u00e8ge \u00e0 partir du 24 mars sont tomb\u00e9es.","breadcrumb":{"@id":"https:\/\/dicodusport.fr\/blog\/biathlon-pas-de-martin-fourcade-ni-danais-chevalier-pour-les-finales-a-oslo\/#breadcrumb"},"inLanguage":"fr-FR","potentialAction":[{"@type":"ReadAction","target":["https:\/\/dicodusport.fr\/blog\/biathlon-pas-de-martin-fourcade-ni-danais-chevalier-pour-les-finales-a-oslo\/"]}]},{"@type":"ImageObject","inLanguage":"fr-FR","@id":"https:\/\/dicodusport.fr\/blog\/biathlon-pas-de-martin-fourcade-ni-danais-chevalier-pour-les-finales-a-oslo\/#primaryimage","url":"https:\/\/dicodusport.fr\/blog\/wp-content\/uploads\/2019\/03\/Martin-Fourcade-Championnats-du-monde-biathlon-2019.png","contentUrl":"https:\/\/dicodusport.fr\/blog\/wp-content\/uploads\/2019\/03\/Martin-Fourcade-Championnats-du-monde-biathlon-2019.png","width":800,"height":445},{"@type":"BreadcrumbList","@id":"https:\/\/dicodusport.fr\/blog\/biathlon-pas-de-martin-fourcade-ni-danais-chevalier-pour-les-finales-a-oslo\/#breadcrumb","itemListElement":[{"@type":"ListItem","position":1,"name":"Accueil","item":"https:\/\/dicodusport.fr\/blog\/"},{"@type":"ListItem","position":2,"name":"Biathlon : Pas de Martin Fourcade ni d&rsquo;Ana\u00efs Chevalier pour les finales \u00e0 Oslo"}]},{"@type":"WebSite","@id":"https:\/\/dicodusport.fr\/blog\/#website","url":"https:\/\/dicodusport.fr\/blog\/","name":"Dicodusport","description":"L&#039;encyclop\u00e9die de l&#039;actualit\u00e9 sportive","publisher":{"@id":"https:\/\/dicodusport.fr\/blog\/#organization"},"potentialAction":[{"@type":"SearchAction","target":{"@type":"EntryPoint","urlTemplate":"https:\/\/dicodusport.fr\/blog\/?s={search_term_string}"},"query-input":{"@type":"PropertyValueSpecification","valueRequired":true,"valueName":"search_term_string"}}],"inLanguage":"fr-FR"},{"@type":"NewsMediaOrganization","@id":"https:\/\/dicodusport.fr\/blog\/#organization","name":"Dicodusport","url":"https:\/\/dicodusport.fr\/blog\/","logo":{"@type":"ImageObject","inLanguage":"fr-FR","@id":"https:\/\/dicodusport.fr\/blog\/#\/schema\/logo\/image\/","url":"https:\/\/dicodusport.fr\/blog\/wp-content\/uploads\/2020\/06\/cropped-LOGO-DICODUSPORT-2020-SANS-FOND-SANS-TEXTE.png","contentUrl":"https:\/\/dicodusport.fr\/blog\/wp-content\/uploads\/2020\/06\/cropped-LOGO-DICODUSPORT-2020-SANS-FOND-SANS-TEXTE.png","width":512,"height":512,"caption":"Dicodusport"},"image":{"@id":"https:\/\/dicodusport.fr\/blog\/#\/schema\/logo\/image\/"},"sameAs":["https:\/\/www.facebook.com\/dicodusport","https:\/\/x.com\/dicodusport","https:\/\/www.instagram.com\/dicodusport\/","https:\/\/www.youtube.com\/channel\/UC7V2KZ5sd3htJivAbA4ZG3w"],"description":"Dicodusport est l'encyclop\u00e9die de l'actualit\u00e9 sportive.","email":"bonjour@dicodusport.fr","legalName":"DICODUSPORT","foundingDate":"2018-01-14","vatID":"FR71834470973","taxID":"83447097300043","numberOfEmployees":{"@type":"QuantitativeValue","minValue":"1","maxValue":"10"}},{"@type":"Person","@id":"https:\/\/dicodusport.fr\/blog\/#\/schema\/person\/55dcb50ad410894e431ed812bbb70191","name":"Nicolas Jacquemard","image":{"@type":"ImageObject","inLanguage":"fr-FR","@id":"https:\/\/dicodusport.fr\/blog\/#\/schema\/person\/image\/","url":"https:\/\/dicodusport.fr\/blog\/wp-content\/uploads\/2021\/05\/Nicolas-Jacquemard-150x150.jpeg","contentUrl":"https:\/\/dicodusport.fr\/blog\/wp-content\/uploads\/2021\/05\/Nicolas-Jacquemard-150x150.jpeg","caption":"Nicolas Jacquemard"},"description":"Passionn\u00e9 de sport et entrepreneur depuis mes 18 ans, la cr\u00e9ation de Dicodusport m'a sembl\u00e9 \u00e9vidente pour participer \u00e0 la m\u00e9diatisation d'un plus grand nombre de sports. Le chemin est long mais avec une \u00e9quipe des plus motiv\u00e9es et les Jeux Olympiques de Paris 2024 en point de mire, nous y arriverons ! Journaliste dans le monde du sport depuis plus de 5 ans, je traite aussi bien de football, de rugby, de biathlon que de cyclisme.","sameAs":["https:\/\/www.facebook.com\/dicodusport","https:\/\/x.com\/https:\/\/twitter.com\/Nico_Jacquemard"],"url":"https:\/\/dicodusport.fr\/blog\/author\/dicodusport\/"}]}},"_links":{"self":[{"href":"https:\/\/dicodusport.fr\/blog\/wp-json\/wp\/v2\/posts\/35538","targetHints":{"allow":["GET"]}}],"collection":[{"href":"https:\/\/dicodusport.fr\/blog\/wp-json\/wp\/v2\/posts"}],"about":[{"href":"https:\/\/dicodusport.fr\/blog\/wp-json\/wp\/v2\/types\/post"}],"author":[{"embeddable":true,"href":"https:\/\/dicodusport.fr\/blog\/wp-json\/wp\/v2\/users\/1"}],"replies":[{"embeddable":true,"href":"https:\/\/dicodusport.fr\/blog\/wp-json\/wp\/v2\/comments?post=35538"}],"version-history":[{"count":0,"href":"https:\/\/dicodusport.fr\/blog\/wp-json\/wp\/v2\/posts\/35538\/revisions"}],"wp:featuredmedia":[{"embeddable":true,"href":"https:\/\/dicodusport.fr\/blog\/wp-json\/wp\/v2\/media\/34704"}],"wp:attachment":[{"href":"https:\/\/dicodusport.fr\/blog\/wp-json\/wp\/v2\/media?parent=35538"}],"wp:term":[{"taxonomy":"category","embeddable":true,"href":"https:\/\/dicodusport.fr\/blog\/wp-json\/wp\/v2\/categories?post=35538"},{"taxonomy":"post_tag","embeddable":true,"href":"https:\/\/dicodusport.fr\/blog\/wp-json\/wp\/v2\/tags?post=35538"}],"curies":[{"name":"wp","href":"https:\/\/api.w.org\/{rel}","templated":true}]}}